{"id":11344,"date":"2025-01-11T10:42:51","date_gmt":"2025-01-11T10:42:51","guid":{"rendered":"https:\/\/writer.e42art.com\/?p=16"},"modified":"2026-02-21T21:27:35","modified_gmt":"2026-02-21T21:27:35","slug":"como-conseguir-la-manzana-adams","status":"publish","type":"post","link":"https:\/\/www.dr-mfo.com\/es\/how-to-get-adams-apple\/","title":{"rendered":"\u00bfC\u00f3mo conseguir la nuez de Ad\u00e1n?"},"content":{"rendered":"<p>La nuez de Ad\u00e1n, o prominencia lar\u00edngea, es un rasgo com\u00fan asociado a menudo con los varones, aunque presente en diversos grados en todos los individuos. Aunque su presencia viene determinada en gran medida por la gen\u00e9tica y las influencias hormonales, muchas personas tratan de comprender su desarrollo y c\u00f3mo se percibe su aspecto. Este art\u00edculo explorar\u00e1 la anatom\u00eda de la nuez de Ad\u00e1n, los factores que influyen en su tama\u00f1o y abordar\u00e1 la idea err\u00f3nea com\u00fan sobre su creaci\u00f3n quir\u00fargica. Por \u00faltimo, discutiremos estrategias para gestionar la percepci\u00f3n de la propia apariencia.<\/p>\n\n\n\n<figure class=\"wp-block-image size-large\"><img fetchpriority=\"high\" decoding=\"async\" width=\"683\" height=\"1024\" src=\"https:\/\/www.dr-mfo.com\/wp-content\/uploads\/2025\/01\/image-22-683x1024.png\" alt=\"\" class=\"wp-image-11390\" srcset=\"https:\/\/www.dr-mfo.com\/wp-content\/uploads\/2025\/01\/image-22-683x1024.png 683w, https:\/\/www.dr-mfo.com\/wp-content\/uploads\/2025\/01\/image-22-200x300.png 200w, https:\/\/www.dr-mfo.com\/wp-content\/uploads\/2025\/01\/image-22-8x12.png 8w, https:\/\/www.dr-mfo.com\/wp-content\/uploads\/2025\/01\/image-22.png 740w\" sizes=\"(max-width: 683px) 100vw, 683px\" \/><\/figure>\n\n\n\n<div id=\"ez-toc-container\" class=\"ez-toc-v2_0_82_2 counter-hierarchy ez-toc-counter ez-toc-transparent ez-toc-container-direction\">\n<div class=\"ez-toc-title-container\">\n<p class=\"ez-toc-title\" style=\"cursor:inherit\">Tabla de contenido<\/p>\n<span class=\"ez-toc-title-toggle\"><\/span><\/div>\n<nav><ul class='ez-toc-list ez-toc-list-level-1' ><li class='ez-toc-page-1 ez-toc-heading-level-2'><a class=\"ez-toc-link ez-toc-heading-1\" href=\"https:\/\/www.dr-mfo.com\/es\/how-to-get-adams-apple\/#Understanding_Your_Laryngeal_Prominence\" >Comprender su prominencia lar\u00edngea<\/a><\/li><li class='ez-toc-page-1 ez-toc-heading-level-2'><a class=\"ez-toc-link ez-toc-heading-2\" href=\"https:\/\/www.dr-mfo.com\/es\/how-to-get-adams-apple\/#Factors_Influencing_Adams_Apple_Size\" >Factores que influyen en el tama\u00f1o de la nuez de Ad\u00e1n<\/a><\/li><li class='ez-toc-page-1 ez-toc-heading-level-2'><a class=\"ez-toc-link ez-toc-heading-3\" href=\"https:\/\/www.dr-mfo.com\/es\/how-to-get-adams-apple\/#No_Surgical_Adams_Apple_Creation\" >No Creaci\u00f3n Quir\u00fargica de la Manzana de Ad\u00e1n<\/a><\/li><li class='ez-toc-page-1 ez-toc-heading-level-2'><a class=\"ez-toc-link ez-toc-heading-4\" href=\"https:\/\/www.dr-mfo.com\/es\/how-to-get-adams-apple\/#Managing_Perceptions_of_Appearance\" >Gestionar la percepci\u00f3n de la apariencia<\/a><\/li><\/ul><\/nav><\/div>\n<h2 class=\"wp-block-heading\"><span class=\"ez-toc-section\" id=\"Understanding_Your_Laryngeal_Prominence\"><\/span>Comprender su prominencia lar\u00edngea<span class=\"ez-toc-section-end\"><\/span><\/h2>\n\n\n\n<p>La nuez de Ad\u00e1n es la protuberancia visible en la parte delantera del cuello, formada por el cart\u00edlago tiroides. Este cart\u00edlago forma parte de la laringe, que protege las cuerdas vocales y desempe\u00f1a un papel crucial en la producci\u00f3n del habla. El cart\u00edlago tiroides tiene forma de escudo y es m\u00e1s grande en los varones debido a la influencia de la testosterona durante la pubertad. Este aumento de tama\u00f1o da lugar a una nuez de Ad\u00e1n m\u00e1s prominente. En las mujeres, el cart\u00edlago tiroides es m\u00e1s peque\u00f1o y menos perceptible. Es importante recordar que la nuez de Ad\u00e1n es una estructura anat\u00f3mica natural, no una entidad independiente.<\/p>\n\n\n\n<p>El tama\u00f1o y la prominencia de la nuez de Ad\u00e1n var\u00edan considerablemente de una persona a otra, incluso dentro del mismo sexo. Algunos individuos pueden tener una nuez de Ad\u00e1n muy prominente, mientras que otros pueden tener una apenas perceptible. Esta variaci\u00f3n es normal y refleja la diversidad natural de la anatom\u00eda humana. Comprender la anatom\u00eda b\u00e1sica ayuda a disipar mitos e ideas err\u00f3neas en torno a su desarrollo y aspecto. La nuez de Ad\u00e1n es simplemente una manifestaci\u00f3n visible de la estructura lar\u00edngea subyacente.<\/p>\n\n\n\n<p>La funci\u00f3n de la nuez de Ad\u00e1n es principalmente protectora. El cart\u00edlago tiroides protege las delicadas cuerdas vocales de las lesiones. Su tama\u00f1o y forma contribuyen a la resonancia y la calidad de la voz, aunque la relaci\u00f3n precisa es compleja y no se comprende del todo. La prominencia de la nuez de Ad\u00e1n no est\u00e1 directamente relacionada con la capacidad o la fuerza vocales. Son muchos los factores que influyen en la capacidad vocal, como la salud de las cuerdas vocales, la t\u00e9cnica y la funci\u00f3n respiratoria en general.<\/p>\n\n\n\n<p>Por \u00faltimo, es importante se\u00f1alar que la nuez de Ad\u00e1n no es una caracter\u00edstica exclusivamente masculina. Aunque es m\u00e1s pronunciada en los varones, todos los individuos poseen cart\u00edlago tiroides y laringe. El grado de prominencia simplemente var\u00eda debido a factores hormonales y gen\u00e9ticos. Centrarse en la funci\u00f3n y el papel anat\u00f3mico de la nuez de Ad\u00e1n puede proporcionar una comprensi\u00f3n m\u00e1s precisa y menos sesgada de esta caracter\u00edstica com\u00fan.<\/p>\n\n\n\n<h2 class=\"wp-block-heading\"><span class=\"ez-toc-section\" id=\"Factors_Influencing_Adams_Apple_Size\"><\/span>Factores que influyen en el tama\u00f1o de la nuez de Ad\u00e1n<span class=\"ez-toc-section-end\"><\/span><\/h2>\n\n\n\n<p>El factor que m\u00e1s influye en el tama\u00f1o de la nuez de Ad\u00e1n es la testosterona. Durante la pubertad, un aumento de la testosterona en los varones provoca el crecimiento y desarrollo del cart\u00edlago tiroides, lo que da lugar a una nuez de Ad\u00e1n m\u00e1s prominente. La magnitud de este crecimiento var\u00eda en funci\u00f3n de la predisposici\u00f3n gen\u00e9tica individual. Algunos individuos est\u00e1n gen\u00e9ticamente predispuestos a tener cart\u00edlagos tiroideos m\u00e1s grandes, independientemente de los niveles de testosterona.<\/p>\n\n\n\n<p>La gen\u00e9tica desempe\u00f1a un papel crucial en la determinaci\u00f3n del tama\u00f1o y la forma generales de las estructuras lar\u00edngeas. Los antecedentes familiares pueden ofrecer pistas sobre el posible tama\u00f1o de la nuez de Ad\u00e1n. Si los varones de una familia tienden a tener manzanas de Ad\u00e1n prominentes, es m\u00e1s probable que la descendencia masculina tambi\u00e9n presente un rasgo similar. Esta influencia hereditaria act\u00faa con independencia de otros factores.<\/p>\n\n\n\n<p>Aunque la testosterona es el principal factor hormonal, otros factores pueden afectar indirectamente al tama\u00f1o percibido de la nuez de Ad\u00e1n. Las fluctuaciones de peso pueden influir en el aspecto general del cuello, haciendo que la nuez de Ad\u00e1n parezca m\u00e1s o menos prominente. Del mismo modo, el desarrollo muscular en la regi\u00f3n del cuello puede alterar la impresi\u00f3n visual de la prominencia lar\u00edngea.<\/p>\n\n\n\n<p>En resumen, el tama\u00f1o de la nuez de Ad\u00e1n de un individuo es una compleja interacci\u00f3n de predisposici\u00f3n gen\u00e9tica, influencias hormonales, en particular los niveles de testosterona durante la pubertad, y otros factores como el peso corporal y el desarrollo muscular del cuello. Esta compleja interacci\u00f3n crea la gran variaci\u00f3n que se observa en la poblaci\u00f3n.<\/p>\n\n\n\n<h2 class=\"wp-block-heading\"><span class=\"ez-toc-section\" id=\"No_Surgical_Adams_Apple_Creation\"><\/span>No Creaci\u00f3n Quir\u00fargica de la Manzana de Ad\u00e1n<span class=\"ez-toc-section-end\"><\/span><\/h2>\n\n\n\n<p>No existe ning\u00fan procedimiento quir\u00fargico seguro o fiable para crear o agrandar significativamente una nuez de Ad\u00e1n. Aunque existen cirug\u00edas para reducir el tama\u00f1o de una nuez de Ad\u00e1n prominente (condrolaringoplastia), no existe un procedimiento equivalente para aumentar su tama\u00f1o. Los intentos de aumentar quir\u00fargicamente la nuez de Ad\u00e1n ser\u00edan arriesgados y probablemente provocar\u00edan complicaciones.<\/p>\n\n\n\n<p>Las afirmaciones que sugieran lo contrario deben considerarse con extremo escepticismo. Cualquier procedimiento destinado a aumentar artificialmente el tama\u00f1o de la nuez de Ad\u00e1n entra\u00f1ar\u00eda riesgos importantes para la laringe y las estructuras circundantes, lo que podr\u00eda afectar a la funci\u00f3n vocal e incluso a la respiraci\u00f3n. La delicada anatom\u00eda de la laringe la hace inadecuada para tales procedimientos de aumento.<\/p>\n\n\n\n<p>Las personas que consideren opciones quir\u00fargicas para modificar su aspecto deben consultar a un cirujano pl\u00e1stico certificado. <a href=\"https:\/\/www.dr-mfo.com\/es\/\">cirujano<\/a> u otorrinolaring\u00f3logo. Estos especialistas pueden proporcionar informaci\u00f3n precisa sobre los riesgos y limitaciones de cualquier procedimiento quir\u00fargico, incluidos los relacionados con la laringe. Es crucial dar prioridad a la seguridad y evitar procedimientos no probados o arriesgados.<\/p>\n\n\n\n<p>En \u00faltima instancia, centrarse en un estilo de vida saludable y en la aceptaci\u00f3n de uno mismo es un enfoque m\u00e1s constructivo que recurrir a procedimientos potencialmente perjudiciales. Hay que celebrar las variaciones naturales del cuerpo en lugar de alterarlas quir\u00fargicamente.<\/p>\n\n\n\n<figure class=\"wp-block-image size-large\"><img decoding=\"async\" width=\"1024\" height=\"732\" src=\"https:\/\/www.dr-mfo.com\/wp-content\/uploads\/2025\/01\/image-23-1024x732.png\" alt=\"\" class=\"wp-image-11392\" srcset=\"https:\/\/www.dr-mfo.com\/wp-content\/uploads\/2025\/01\/image-23-1024x732.png 1024w, https:\/\/www.dr-mfo.com\/wp-content\/uploads\/2025\/01\/image-23-300x215.png 300w, https:\/\/www.dr-mfo.com\/wp-content\/uploads\/2025\/01\/image-23-768x549.png 768w, https:\/\/www.dr-mfo.com\/wp-content\/uploads\/2025\/01\/image-23-18x12.png 18w, https:\/\/www.dr-mfo.com\/wp-content\/uploads\/2025\/01\/image-23.png 1060w\" sizes=\"(max-width: 1024px) 100vw, 1024px\" \/><\/figure>\n\n\n\n<h2 class=\"wp-block-heading\"><span class=\"ez-toc-section\" id=\"Managing_Perceptions_of_Appearance\"><\/span>Gestionar la percepci\u00f3n de la apariencia<span class=\"ez-toc-section-end\"><\/span><\/h2>\n\n\n\n<p>Para las personas preocupadas por el aspecto de su nuez de Ad\u00e1n, es primordial centrarse en la autoaceptaci\u00f3n y en una imagen positiva de s\u00ed mismas. Los problemas de imagen corporal pueden ser complejos y requieren apoyo profesional cuando es necesario. La terapia puede proporcionar herramientas y estrategias valiosas para gestionar la autoestima y los problemas de imagen corporal.<\/p>\n\n\n\n<p>La elecci\u00f3n de diferentes peinados y prendas de vestir puede influir en la percepci\u00f3n de la nuez de Ad\u00e1n. El uso estrat\u00e9gico de pa\u00f1uelos o jers\u00e9is de cuello alto puede minimizar sutilmente su prominencia visual, si as\u00ed se desea. Sin embargo, es importante dar prioridad a la comodidad y el estilo personal sobre los intentos de ocultar por completo un rasgo natural.<\/p>\n\n\n\n<p>Centrarse en los propios puntos fuertes y atributos puede ayudar a desviar la atenci\u00f3n de los defectos percibidos. Desarrollar la confianza y la autoestima a trav\u00e9s del di\u00e1logo positivo y la participaci\u00f3n en actividades que fomenten la sensaci\u00f3n de logro puede mejorar significativamente el bienestar general. Es fundamental recordar que los c\u00e1nones de belleza son subjetivos y var\u00edan seg\u00fan la cultura y la \u00e9poca.<\/p>\n\n\n\n<p>En \u00faltima instancia, la gesti\u00f3n de las percepciones de la apariencia implica un enfoque hol\u00edstico que da prioridad a la autoaceptaci\u00f3n, la autoimagen positiva y los mecanismos de afrontamiento saludables. Buscar ayuda profesional para los problemas de imagen corporal es un signo de fortaleza y autocuidado proactivo, que garantiza una vida m\u00e1s equilibrada y plena.<\/p>\n\n\n\n<p>La nuez de Ad\u00e1n, una caracter\u00edstica anat\u00f3mica natural, est\u00e1 influida por una combinaci\u00f3n de factores gen\u00e9ticos y hormonales. Aunque su tama\u00f1o var\u00eda considerablemente, no existen m\u00e9todos seguros para crearla o agrandarla artificialmente. En su lugar, centrarse en la autoaceptaci\u00f3n, gestionar las percepciones de la apariencia y buscar apoyo profesional cuando sea necesario son cruciales para el bienestar general. Comprender la anatom\u00eda y las limitaciones de las intervenciones quir\u00fargicas permite a las personas tomar decisiones informadas sobre su aspecto y su salud.<\/p>\n\n\n\n<p>Visita&nbsp;<a href=\"https:\/\/www.instagram.com\/dr_mfo\/\" target=\"_blank\" rel=\"noreferrer noopener nofollow\">Perfil de Instagram del Dr. MFO<\/a>&nbsp;\u00a1para ver transformaciones reales de pacientes! Eche un vistazo a los incre\u00edbles resultados obtenidos mediante el tratamiento facial.&nbsp;<a href=\"https:\/\/www.dr-mfo.com\/es\/cirugia-de-feminizacion-facial-ffs\/\">cirug\u00eda de feminizaci\u00f3n<\/a>&nbsp;y otros procedimientos. El perfil muestra fotos de antes y despu\u00e9s que resaltan&nbsp;<a href=\"https:\/\/www.dr-mfo.com\/es\/drmfo\/\">Dr. OFM<\/a>La experiencia y la visi\u00f3n art\u00edstica de en la creaci\u00f3n de resultados hermosos y de apariencia natural.<\/p>\n\n\n\n<p>\u00bfListo para dar el siguiente paso en su viaje? Planificar una&nbsp;<a href=\"https:\/\/www.dr-mfo.com\/es\/obtenga-informacion-detallada\/\">consulta gratis<\/a>&nbsp;con&nbsp;<a href=\"https:\/\/www.dr-mfo.com\/es\/quien-es-drmfo\/\">Dr. OFM<\/a>&nbsp;(&nbsp;<a href=\"https:\/\/www.instagram.com\/dr_mfo\/\" rel=\"noreferrer noopener nofollow\" target=\"_blank\">El mejor cirujano de feminizaci\u00f3n facial<\/a>&nbsp;para ti) hoy. Durante la consulta, puedes hablar sobre tus objetivos, hacer cualquier pregunta que tengas y aprender m\u00e1s sobre c\u00f3mo&nbsp;<a href=\"https:\/\/www.dr-mfo.com\/es\/drmfo\/\">Dr. OFM<\/a>&nbsp;puede ayudarle a lograr el aspecto deseado. No dude en aprovechar esta oportunidad gratuita para explorar sus opciones y ver si&nbsp;<a href=\"https:\/\/www.dr-mfo.com\/es\/quien-es-drmfo\/\">Dr. OFM<\/a>&nbsp;es el adecuado para usted.<\/p>","protected":false},"excerpt":{"rendered":"<p>\u00bfTienes curiosidad por saber qu\u00e9 es la nuez de Ad\u00e1n? Esta gu\u00eda explica su desarrollo, las variaciones de tama\u00f1o y prominencia, y por qu\u00e9 algunas personas la tienen m\u00e1s visible que otras. Descubre la ciencia que hay detr\u00e1s de este prominente rasgo de la garganta. #Amanzana de Ad\u00e1n #Anatom\u00eda #Tariz<\/p>","protected":false},"author":2,"featured_media":11398,"comment_status":"open","ping_status":"open","sticky":false,"template":"","format":"standard","meta":{"_acf_changed":false,"footnotes":""},"categories":[249],"tags":[],"class_list":["post-11344","post","type-post","status-publish","format-standard","has-post-thumbnail","hentry","category-facial-masculinization"],"acf":[],"_links":{"self":[{"href":"https:\/\/www.dr-mfo.com\/es\/wp-json\/wp\/v2\/posts\/11344","targetHints":{"allow":["GET"]}}],"collection":[{"href":"https:\/\/www.dr-mfo.com\/es\/wp-json\/wp\/v2\/posts"}],"about":[{"href":"https:\/\/www.dr-mfo.com\/es\/wp-json\/wp\/v2\/types\/post"}],"author":[{"embeddable":true,"href":"https:\/\/www.dr-mfo.com\/es\/wp-json\/wp\/v2\/users\/2"}],"replies":[{"embeddable":true,"href":"https:\/\/www.dr-mfo.com\/es\/wp-json\/wp\/v2\/comments?post=11344"}],"version-history":[{"count":0,"href":"https:\/\/www.dr-mfo.com\/es\/wp-json\/wp\/v2\/posts\/11344\/revisions"}],"wp:featuredmedia":[{"embeddable":true,"href":"https:\/\/www.dr-mfo.com\/es\/wp-json\/wp\/v2\/media\/11398"}],"wp:attachment":[{"href":"https:\/\/www.dr-mfo.com\/es\/wp-json\/wp\/v2\/media?parent=11344"}],"wp:term":[{"taxonomy":"category","embeddable":true,"href":"https:\/\/www.dr-mfo.com\/es\/wp-json\/wp\/v2\/categories?post=11344"},{"taxonomy":"post_tag","embeddable":true,"href":"https:\/\/www.dr-mfo.com\/es\/wp-json\/wp\/v2\/tags?post=11344"}],"curies":[{"name":"Gracias","href":"https:\/\/api.w.org\/{rel}","templated":true}]}}