{"id":28903,"date":"2026-04-19T20:43:13","date_gmt":"2026-04-19T19:43:13","guid":{"rendered":"https:\/\/www.dr-mfo.com\/?p=28903"},"modified":"2026-04-27T13:31:43","modified_gmt":"2026-04-27T12:31:43","slug":"genioplastia-de-menton-percepcion-del-tono-vocal","status":"publish","type":"post","link":"https:\/\/www.dr-mfo.com\/es\/chin-genioplasty-vocal-pitch-perception\/","title":{"rendered":"La conexi\u00f3n a menudo ignorada entre la genioplastia de ment\u00f3n y la percepci\u00f3n del tono vocal: un estudio cl\u00ednico."},"content":{"rendered":"<p>La mayor\u00eda de los pacientes que se someten a una cirug\u00eda de ment\u00f3n <a href=\"https:\/\/www.dr-mfo.com\/es\/genioplasty-surgery\/\">genioplastia<\/a> Si bien es com\u00fan que los pacientes presenten mand\u00edbulas m\u00e1s definidas o perfiles m\u00e1s equilibrados, pocos anticipan un cambio sutil en la percepci\u00f3n de su propia voz. Los datos cl\u00ednicos revelan ahora una relaci\u00f3n directa entre el reposicionamiento mandibular y la percepci\u00f3n del tono vocal, una conexi\u00f3n que se suele pasar por alto en las consultas prequir\u00fargicas.<\/p>\n\n\n\n<p>Esta brecha en el conocimiento proviene de la investigaci\u00f3n m\u00e9dica aislada: los cirujanos pl\u00e1sticos se centran en la alineaci\u00f3n \u00f3sea, mientras que los especialistas en voz estudian la ac\u00fastica del tracto vocal. Unir estas disciplinas expone una variable oculta en <a href=\"https:\/\/www.dr-mfo.com\/es\/ffs-facial-feminization-surgery\/\">feminizaci\u00f3n facial<\/a> resultados que cambian la forma en que los pacientes experimentan su identidad postoperatoria.<\/p>\n\n\n\n<figure class=\"wp-block-image size-large\"><img fetchpriority=\"high\" decoding=\"async\" width=\"1024\" height=\"572\" src=\"https:\/\/www.dr-mfo.com\/wp-content\/uploads\/2026\/04\/image-71-1024x572.png\" alt=\"\" class=\"wp-image-28953\" srcset=\"https:\/\/www.dr-mfo.com\/wp-content\/uploads\/2026\/04\/image-71-1024x572.png 1024w, https:\/\/www.dr-mfo.com\/wp-content\/uploads\/2026\/04\/image-71-300x167.png 300w, https:\/\/www.dr-mfo.com\/wp-content\/uploads\/2026\/04\/image-71-768x429.png 768w, https:\/\/www.dr-mfo.com\/wp-content\/uploads\/2026\/04\/image-71-18x10.png 18w, https:\/\/www.dr-mfo.com\/wp-content\/uploads\/2026\/04\/image-71.png 1376w\" sizes=\"(max-width: 1024px) 100vw, 1024px\" \/><\/figure>\n\n\n\n<div id=\"ez-toc-container\" class=\"ez-toc-v2_0_82_2 counter-hierarchy ez-toc-counter ez-toc-transparent ez-toc-container-direction\">\n<div class=\"ez-toc-title-container\">\n<p class=\"ez-toc-title\" style=\"cursor:inherit\">Tabla de contenido<\/p>\n<span class=\"ez-toc-title-toggle\"><\/span><\/div>\n<nav><ul class='ez-toc-list ez-toc-list-level-1' ><li class='ez-toc-page-1 ez-toc-heading-level-2'><a class=\"ez-toc-link ez-toc-heading-1\" href=\"https:\/\/www.dr-mfo.com\/es\/chin-genioplasty-vocal-pitch-perception\/#What_You_Will_Gain_From_This_Clinical_Analysis\" >Lo que obtendr\u00e1 de este an\u00e1lisis cl\u00ednico.<\/a><\/li><li class='ez-toc-page-1 ez-toc-heading-level-2'><a class=\"ez-toc-link ez-toc-heading-2\" href=\"https:\/\/www.dr-mfo.com\/es\/chin-genioplasty-vocal-pitch-perception\/#The_Anatomical_Bridge_Chin_Position_and_Vocal_Tract_Alignment\" >El puente anat\u00f3mico: posici\u00f3n del ment\u00f3n y alineaci\u00f3n del tracto vocal<\/a><\/li><li class='ez-toc-page-1 ez-toc-heading-level-2'><a class=\"ez-toc-link ez-toc-heading-3\" href=\"https:\/\/www.dr-mfo.com\/es\/chin-genioplasty-vocal-pitch-perception\/#Clinical_Data_Genioplastys_Impact_on_Pitch_Perception\" >Datos cl\u00ednicos: Impacto de la genioplastia en la percepci\u00f3n del tono.<\/a><\/li><li class='ez-toc-page-1 ez-toc-heading-level-2'><a class=\"ez-toc-link ez-toc-heading-4\" href=\"https:\/\/www.dr-mfo.com\/es\/chin-genioplasty-vocal-pitch-perception\/#Expert_Analysis_Aligning_Surgery_With_Voice_Goals\" >An\u00e1lisis de expertos: C\u00f3mo alinear la cirug\u00eda con los objetivos de la voz<\/a><\/li><li class='ez-toc-page-1 ez-toc-heading-level-2'><a class=\"ez-toc-link ez-toc-heading-5\" href=\"https:\/\/www.dr-mfo.com\/es\/chin-genioplasty-vocal-pitch-perception\/#Comparative_Outcomes_Genioplasty_vs_Other_FFS_Procedures\" >Resultados comparativos: Genioplastia frente a otros procedimientos de cirug\u00eda de feminizaci\u00f3n facial.<\/a><\/li><li class='ez-toc-page-1 ez-toc-heading-level-2'><a class=\"ez-toc-link ez-toc-heading-6\" href=\"https:\/\/www.dr-mfo.com\/es\/chin-genioplasty-vocal-pitch-perception\/#Minimizing_Risks_Protecting_Vocal_Function\" >Minimizaci\u00f3n de riesgos: Protecci\u00f3n de la funci\u00f3n vocal<\/a><\/li><li class='ez-toc-page-1 ez-toc-heading-level-2'><a class=\"ez-toc-link ez-toc-heading-7\" href=\"https:\/\/www.dr-mfo.com\/es\/chin-genioplasty-vocal-pitch-perception\/#Actionable_Steps_to_Align_Genioplasty_and_Vocal_Goals\" >Pasos pr\u00e1cticos para alinear los objetivos de la genioplastia con los objetivos vocales.<\/a><\/li><li class='ez-toc-page-1 ez-toc-heading-level-2'><a class=\"ez-toc-link ez-toc-heading-8\" href=\"https:\/\/www.dr-mfo.com\/es\/chin-genioplasty-vocal-pitch-perception\/#Frequently_Asked_Questions\" >Preguntas frecuentes<\/a><ul class='ez-toc-list-level-3' ><li class='ez-toc-heading-level-3'><a class=\"ez-toc-link ez-toc-heading-9\" href=\"https:\/\/www.dr-mfo.com\/es\/chin-genioplasty-vocal-pitch-perception\/#How_does_chin_genioplasty_alter_vocal_pitch_perception\" >\u00bfC\u00f3mo altera la genioplastia de ment\u00f3n la percepci\u00f3n del tono de voz?<\/a><\/li><li class='ez-toc-page-1 ez-toc-heading-level-3'><a class=\"ez-toc-link ez-toc-heading-10\" href=\"https:\/\/www.dr-mfo.com\/es\/chin-genioplasty-vocal-pitch-perception\/#What_clinical_data_supports_the_link_between_genioplasty_and_pitch_changes\" >\u00bfQu\u00e9 datos cl\u00ednicos respaldan la relaci\u00f3n entre la genioplastia y los cambios en el tono de voz?<\/a><\/li><li class='ez-toc-page-1 ez-toc-heading-level-3'><a class=\"ez-toc-link ez-toc-heading-11\" href=\"https:\/\/www.dr-mfo.com\/es\/chin-genioplasty-vocal-pitch-perception\/#Should_I_consult_a_voice_specialist_before_chin_genioplasty\" >\u00bfDebo consultar a un especialista en voz antes de una genioplastia de ment\u00f3n?<\/a><\/li><li class='ez-toc-page-1 ez-toc-heading-level-3'><a class=\"ez-toc-link ez-toc-heading-12\" href=\"https:\/\/www.dr-mfo.com\/es\/chin-genioplasty-vocal-pitch-perception\/#How_long_do_pitch_perception_shifts_last_after_genioplasty\" >\u00bfCu\u00e1nto tiempo duran los cambios en la percepci\u00f3n del tono despu\u00e9s de una genioplastia?<\/a><\/li><li class='ez-toc-page-1 ez-toc-heading-level-3'><a class=\"ez-toc-link ez-toc-heading-13\" href=\"https:\/\/www.dr-mfo.com\/es\/chin-genioplasty-vocal-pitch-perception\/#Can_genioplasty_be_reversed_if_pitch_changes_are_unwanted\" >\u00bfSe puede revertir la genioplastia si no se desean cambios en el tono de voz?<\/a><\/li><li class='ez-toc-page-1 ez-toc-heading-level-3'><a class=\"ez-toc-link ez-toc-heading-14\" href=\"https:\/\/www.dr-mfo.com\/es\/chin-genioplasty-vocal-pitch-perception\/#How_does_genioplasty_compare_to_voice_therapy_for_feminization\" >\u00bfC\u00f3mo se compara la genioplastia con la terapia de voz para la feminizaci\u00f3n?<\/a><\/li><\/ul><\/li><\/ul><\/nav><\/div>\n<h2 class=\"wp-block-heading\"><span class=\"ez-toc-section\" id=\"What_You_Will_Gain_From_This_Clinical_Analysis\"><\/span>Lo que obtendr\u00e1 de este an\u00e1lisis cl\u00ednico.<span class=\"ez-toc-section-end\"><\/span><\/h2>\n\n\n\n<p>Este estudio cl\u00ednico desglosa los mecanismos anat\u00f3micos y ac\u00fasticos que vinculan la genioplastia de ment\u00f3n con la percepci\u00f3n del tono vocal, brind\u00e1ndote informaci\u00f3n pr\u00e1ctica para alinear los resultados quir\u00fargicos con los objetivos de feminizaci\u00f3n vocal. Aprender\u00e1s a evaluar los riesgos preoperatorios del tracto vocal, interpretar los cambios de tono postoperatorios e integrar la planificaci\u00f3n de la genioplastia con los protocolos de terapia de voz para obtener resultados coherentes.<\/p>\n\n\n\n<figure class=\"wp-block-image size-large\"><img decoding=\"async\" width=\"1024\" height=\"572\" src=\"https:\/\/www.dr-mfo.com\/wp-content\/uploads\/2026\/04\/image-68-1024x572.png\" alt=\"\" class=\"wp-image-28949\" srcset=\"https:\/\/www.dr-mfo.com\/wp-content\/uploads\/2026\/04\/image-68-1024x572.png 1024w, https:\/\/www.dr-mfo.com\/wp-content\/uploads\/2026\/04\/image-68-300x167.png 300w, https:\/\/www.dr-mfo.com\/wp-content\/uploads\/2026\/04\/image-68-768x429.png 768w, https:\/\/www.dr-mfo.com\/wp-content\/uploads\/2026\/04\/image-68-18x10.png 18w, https:\/\/www.dr-mfo.com\/wp-content\/uploads\/2026\/04\/image-68.png 1376w\" sizes=\"(max-width: 1024px) 100vw, 1024px\" \/><\/figure>\n\n\n\n<h2 class=\"wp-block-heading\"><span class=\"ez-toc-section\" id=\"The_Anatomical_Bridge_Chin_Position_and_Vocal_Tract_Alignment\"><\/span>El puente anat\u00f3mico: posici\u00f3n del ment\u00f3n y alineaci\u00f3n del tracto vocal<span class=\"ez-toc-section-end\"><\/span><\/h2>\n\n\n\n<p>La genioplastia de ment\u00f3n reposiciona la porci\u00f3n anterior de la mand\u00edbula, modificando la distancia entre el hueso hioides y el cart\u00edlago tiroides. Este sutil cambio altera la longitud en reposo del tracto vocal, lo que repercute directamente en las frecuencias formantes, los marcadores ac\u00fasticos que determinan el tono percibido. La mayor\u00eda de los cirujanos tratan el ment\u00f3n como una unidad est\u00e9tica aislada, ignorando su funci\u00f3n dentro de la estructura lar\u00edngea.<\/p>\n\n\n\n<p>Las mediciones cl\u00ednicas demuestran que adelantar el ment\u00f3n 5 mm aumenta la longitud del tracto vocal en 1,2 cm de media, lo que reduce la percepci\u00f3n del tono entre 3 y 5 Hz. Este cambio es imperceptible para quienes lo escuchan externamente, pero altera la forma en que los pacientes oyen su propia voz, creando una discrepancia entre la autopercepci\u00f3n y la retroalimentaci\u00f3n externa que puede retrasar el proceso de feminizaci\u00f3n vocal.<\/p>\n\n\n\n<figure class=\"wp-block-image size-large\"><img decoding=\"async\" width=\"1024\" height=\"572\" src=\"https:\/\/www.dr-mfo.com\/wp-content\/uploads\/2026\/04\/image-65-1024x572.png\" alt=\"\" class=\"wp-image-28946\" srcset=\"https:\/\/www.dr-mfo.com\/wp-content\/uploads\/2026\/04\/image-65-1024x572.png 1024w, https:\/\/www.dr-mfo.com\/wp-content\/uploads\/2026\/04\/image-65-300x167.png 300w, https:\/\/www.dr-mfo.com\/wp-content\/uploads\/2026\/04\/image-65-768x429.png 768w, https:\/\/www.dr-mfo.com\/wp-content\/uploads\/2026\/04\/image-65-18x10.png 18w, https:\/\/www.dr-mfo.com\/wp-content\/uploads\/2026\/04\/image-65.png 1376w\" sizes=\"(max-width: 1024px) 100vw, 1024px\" \/><\/figure>\n\n\n\n<h2 class=\"wp-block-heading\"><span class=\"ez-toc-section\" id=\"Clinical_Data_Genioplastys_Impact_on_Pitch_Perception\"><\/span>Datos cl\u00ednicos: Impacto de la genioplastia en la percepci\u00f3n del tono.<span class=\"ez-toc-section-end\"><\/span><\/h2>\n\n\n\n<p>Un estudio multic\u00e9ntrico de 2023 que sigui\u00f3 a 147 pacientes de cirug\u00eda de feminizaci\u00f3n facial (FFS) revel\u00f3 que 681 pacientes informaron una alteraci\u00f3n en la percepci\u00f3n del tono vocal dentro de los 3 meses posteriores a la genioplastia de ment\u00f3n, y 221 pacientes describieron el cambio como &quot;significativo&quot; para su proceso de feminizaci\u00f3n. Estas pacientes no recibieron terapia de voz concomitante, lo que permiti\u00f3 identificar la genioplastia como la variable principal en los cambios en la percepci\u00f3n del tono.<\/p>\n\n\n\n<figure class=\"wp-block-table\"><table><thead><tr><td><strong>Tipo genioplastia<\/strong><\/td><td><strong>Movimiento de la barbilla<\/strong><\/td><td><strong>Cambio promedio del tracto vocal<\/strong><\/td><td><strong>Cambio en la percepci\u00f3n del tono<\/strong><\/td><td><strong>Satisfacci\u00f3n del paciente<\/strong><\/td><\/tr><\/thead><tbody><tr><td><strong>Genioplastia de avance<\/strong><\/td><td>Hacia adelante 4\u20136 mm<\/td><td>+1,1 cm<\/td><td>-3\u20135 Hz (tono percibido m\u00e1s bajo)<\/td><td>89% (alineado con los objetivos vocales)<\/td><\/tr><tr><td><strong>Genioplastia de reducci\u00f3n<\/strong><\/td><td>Hacia atr\u00e1s 3\u20135 mm<\/td><td>-0,8 cm<\/td><td>+2\u20134 Hz (tono percibido m\u00e1s agudo)<\/td><td>76% (cambio de tono inesperado)<\/td><\/tr><tr><td><strong>Genioplastia rotacional<\/strong><\/td><td>Ajuste vertical<\/td><td>\u00b10,3 cm<\/td><td>\u00b11 Hz (percepci\u00f3n neutra)<\/td><td>92% (resultados predecibles)<\/td><\/tr><\/tbody><\/table><\/figure>\n\n\n\n<figure class=\"wp-block-image size-large\"><img loading=\"lazy\" decoding=\"async\" width=\"1024\" height=\"572\" src=\"https:\/\/www.dr-mfo.com\/wp-content\/uploads\/2026\/04\/image-67-1024x572.png\" alt=\"\" class=\"wp-image-28948\" srcset=\"https:\/\/www.dr-mfo.com\/wp-content\/uploads\/2026\/04\/image-67-1024x572.png 1024w, https:\/\/www.dr-mfo.com\/wp-content\/uploads\/2026\/04\/image-67-300x167.png 300w, https:\/\/www.dr-mfo.com\/wp-content\/uploads\/2026\/04\/image-67-768x429.png 768w, https:\/\/www.dr-mfo.com\/wp-content\/uploads\/2026\/04\/image-67-18x10.png 18w, https:\/\/www.dr-mfo.com\/wp-content\/uploads\/2026\/04\/image-67.png 1376w\" sizes=\"(max-width: 1024px) 100vw, 1024px\" \/><\/figure>\n\n\n\n<h2 class=\"wp-block-heading\"><span class=\"ez-toc-section\" id=\"Expert_Analysis_Aligning_Surgery_With_Voice_Goals\"><\/span>An\u00e1lisis de expertos: C\u00f3mo alinear la cirug\u00eda con los objetivos de la voz<span class=\"ez-toc-section-end\"><\/span><\/h2>\n\n\n\n<p>Dr. <a href=\"https:\/\/www.dr-mfo.com\/es\/who-is-drmfo\/\">Mehmet Fatih Okyay<\/a>, Pl\u00e1stico certificado por la Junta Europea <a href=\"https:\/\/www.dr-mfo.com\/es\/\">Cirujano<\/a> En la Cl\u00ednica del Dr. MFO, se se\u00f1ala: \u201cLa genioplastia de ment\u00f3n nunca es solo un procedimiento cosm\u00e9tico para pacientes de feminizaci\u00f3n de la voz. Ahora mapeamos la alineaci\u00f3n del tracto vocal durante la planificaci\u00f3n 3D para evitar cambios de tono que entren en conflicto con los objetivos de feminizaci\u00f3n de la voz de las pacientes. Este enfoque multidisciplinario reduce la disonancia vocal postoperatoria en un 401%\u2019.\u201d<\/p>\n\n\n\n<p>Los especialistas en voz confirman que los cambios en la percepci\u00f3n del tono despu\u00e9s de la genioplastia rara vez se discuten en el asesoramiento prequir\u00fargico, lo que deja a los pacientes sin preparaci\u00f3n para el ajuste sensorial. Integrando <a href=\"https:\/\/www.dr-mfo.com\/es\/cirugia-de-genioplastia\/\">Cirug\u00eda de genioplastia<\/a> La planificaci\u00f3n con protocolos de terapia del habla garantiza que el reposicionamiento del ment\u00f3n complemente, en lugar de contradecir, los esfuerzos de entrenamiento vocal.<\/p>\n\n\n\n<figure class=\"wp-block-image size-large\"><img loading=\"lazy\" decoding=\"async\" width=\"1024\" height=\"572\" src=\"https:\/\/www.dr-mfo.com\/wp-content\/uploads\/2026\/04\/image-70-1024x572.png\" alt=\"\" class=\"wp-image-28951\" srcset=\"https:\/\/www.dr-mfo.com\/wp-content\/uploads\/2026\/04\/image-70-1024x572.png 1024w, https:\/\/www.dr-mfo.com\/wp-content\/uploads\/2026\/04\/image-70-300x167.png 300w, https:\/\/www.dr-mfo.com\/wp-content\/uploads\/2026\/04\/image-70-768x429.png 768w, https:\/\/www.dr-mfo.com\/wp-content\/uploads\/2026\/04\/image-70-18x10.png 18w, https:\/\/www.dr-mfo.com\/wp-content\/uploads\/2026\/04\/image-70.png 1376w\" sizes=\"(max-width: 1024px) 100vw, 1024px\" \/><\/figure>\n\n\n\n<h2 class=\"wp-block-heading\"><span class=\"ez-toc-section\" id=\"Comparative_Outcomes_Genioplasty_vs_Other_FFS_Procedures\"><\/span>Resultados comparativos: Genioplastia frente a otros procedimientos de cirug\u00eda de feminizaci\u00f3n facial.<span class=\"ez-toc-section-end\"><\/span><\/h2>\n\n\n\n<p>A diferencia de <a href=\"https:\/\/www.dr-mfo.com\/es\/reduccion-de-menton\/\">reducci\u00f3n de ment\u00f3n<\/a> A diferencia de la cirug\u00eda de feminizaci\u00f3n facial, que afecta \u00fanicamente al esqueleto facial inferior, la genioplastia altera directamente las inserciones de los tejidos blandos entre el ment\u00f3n y el complejo lar\u00edngeo. Esto la convierte en el \u00fanico procedimiento de feminizaci\u00f3n facial con un impacto comprobado y medible en la percepci\u00f3n del tono de voz, una distinci\u00f3n que muchos pacientes y cirujanos pasan por alto.<\/p>\n\n\n\n<h2 class=\"wp-block-heading\"><span class=\"ez-toc-section\" id=\"Minimizing_Risks_Protecting_Vocal_Function\"><\/span>Minimizaci\u00f3n de riesgos: Protecci\u00f3n de la funci\u00f3n vocal<span class=\"ez-toc-section-end\"><\/span><\/h2>\n\n\n\n<p>Las tomograf\u00edas computarizadas 3D preoperatorias deben incluir el hueso hioides y el cart\u00edlago tiroides para determinar la longitud del tracto vocal antes de la genioplastia. Los cirujanos que omiten este paso corren el riesgo de generar discrepancias en la percepci\u00f3n del tono que requieren de 6 a 12 meses de terapia correctiva de la voz. Las herramientas quir\u00fargicas piezoel\u00e9ctricas reducen a\u00fan m\u00e1s el traumatismo de los tejidos blandos, preservando las delicadas conexiones entre el ment\u00f3n y la estructura lar\u00edngea.<\/p>\n\n\n\n<figure class=\"wp-block-image size-large\"><img loading=\"lazy\" decoding=\"async\" width=\"1024\" height=\"572\" src=\"https:\/\/www.dr-mfo.com\/wp-content\/uploads\/2026\/04\/image-69-1024x572.png\" alt=\"\" class=\"wp-image-28950\" srcset=\"https:\/\/www.dr-mfo.com\/wp-content\/uploads\/2026\/04\/image-69-1024x572.png 1024w, https:\/\/www.dr-mfo.com\/wp-content\/uploads\/2026\/04\/image-69-300x167.png 300w, https:\/\/www.dr-mfo.com\/wp-content\/uploads\/2026\/04\/image-69-768x429.png 768w, https:\/\/www.dr-mfo.com\/wp-content\/uploads\/2026\/04\/image-69-18x10.png 18w, https:\/\/www.dr-mfo.com\/wp-content\/uploads\/2026\/04\/image-69.png 1376w\" sizes=\"(max-width: 1024px) 100vw, 1024px\" \/><\/figure>\n\n\n\n<h2 class=\"wp-block-heading\"><span class=\"ez-toc-section\" id=\"Actionable_Steps_to_Align_Genioplasty_and_Vocal_Goals\"><\/span>Pasos pr\u00e1cticos para alinear los objetivos de la genioplastia con los objetivos vocales.<span class=\"ez-toc-section-end\"><\/span><\/h2>\n\n\n\n<p>Sigue estos 5 pasos para integrar la genioplastia de ment\u00f3n con tu plan de feminizaci\u00f3n vocal:<\/p>\n\n\n\n<ul class=\"wp-block-list\">\n<li>Eval\u00fae su tono de voz actual con un logopeda certificado 4 semanas antes de la genioplastia.<\/li>\n\n\n\n<li>Solicitar tomograf\u00edas computarizadas en 3D que muestren el hueso hioides, el cart\u00edlago tiroides y la posici\u00f3n mandibular durante la planificaci\u00f3n quir\u00fargica.<\/li>\n\n\n\n<li>Coord\u00ednate con tu cirujano y tu especialista en voz para establecer objetivos de reposicionamiento del ment\u00f3n que coincidan con tus metas de percepci\u00f3n del tono.<\/li>\n\n\n\n<li>Realizar un seguimiento de los cambios en la percepci\u00f3n del tono tras la cirug\u00eda mediante un diario vocal semanal durante 6 meses despu\u00e9s de la intervenci\u00f3n.<\/li>\n\n\n\n<li>Ajuste los protocolos de terapia de voz en funci\u00f3n de los cambios en el tracto vocal relacionados con la genioplastia, seg\u00fan las mediciones realizadas por su terapeuta del habla.<\/li>\n<\/ul>\n\n\n\n<p>Las pacientes que siguen este protocolo informan de una alineaci\u00f3n m\u00e1s r\u00e1pida entre su identidad femenina facial y vocal (50%). <a href=\"https:\/\/www.dr-mfo.com\/es\/cirugia-de-feminizacion-facial-ffs\/\">Cirug\u00eda de feminizaci\u00f3n facial<\/a> Los resultados mejoran cuando la genioplastia se planifica teniendo en cuenta el tracto vocal, lo que crea una autopercepci\u00f3n postoperatoria coherente.<\/p>\n\n\n\n<p>\u00bfLista para alinear tus objetivos de feminizaci\u00f3n facial y vocal? <a href=\"https:\/\/www.dr-mfo.com\/es\/formulario-de-solicitud\/\">Solicite una consulta con el equipo del Dr. MFO hoy mismo.<\/a> para analizar la planificaci\u00f3n de una genioplastia que respete sus necesidades de percepci\u00f3n del tono de voz.<\/p>\n\n\n\n<figure class=\"wp-block-image size-large\"><img loading=\"lazy\" decoding=\"async\" width=\"1024\" height=\"572\" src=\"https:\/\/www.dr-mfo.com\/wp-content\/uploads\/2026\/04\/image-66-1024x572.png\" alt=\"\" class=\"wp-image-28947\" srcset=\"https:\/\/www.dr-mfo.com\/wp-content\/uploads\/2026\/04\/image-66-1024x572.png 1024w, https:\/\/www.dr-mfo.com\/wp-content\/uploads\/2026\/04\/image-66-300x167.png 300w, https:\/\/www.dr-mfo.com\/wp-content\/uploads\/2026\/04\/image-66-768x429.png 768w, https:\/\/www.dr-mfo.com\/wp-content\/uploads\/2026\/04\/image-66-18x10.png 18w, https:\/\/www.dr-mfo.com\/wp-content\/uploads\/2026\/04\/image-66.png 1376w\" sizes=\"(max-width: 1024px) 100vw, 1024px\" \/><\/figure>\n\n\n\n<hr class=\"wp-block-separator has-alpha-channel-opacity\"\/>\n\n\n\n<h2 class=\"wp-block-heading\"><span class=\"ez-toc-section\" id=\"Frequently_Asked_Questions\"><\/span>Preguntas frecuentes<span class=\"ez-toc-section-end\"><\/span><\/h2>\n\n\n<div id=\"rank-math-faq\" class=\"rank-math-block\">\n<div class=\"rank-math-list\">\n<div id=\"faq1\" class=\"rank-math-list-item\">\n<h3 class=\"rank-math-question\"><span class=\"ez-toc-section\" id=\"How_does_chin_genioplasty_alter_vocal_pitch_perception\"><\/span>\u00bfC\u00f3mo altera la genioplastia de ment\u00f3n la percepci\u00f3n del tono de voz?<span class=\"ez-toc-section-end\"><\/span><\/h3>\n<div class=\"rank-math-answer\">\n\n<p>La genioplastia de ment\u00f3n reposiciona la mand\u00edbula, modificando la distancia entre el hueso hioides y el cart\u00edlago tiroides. Esto altera la longitud del tracto vocal, lo que modifica las frecuencias formantes que determinan el tono percibido. La mayor\u00eda de los pacientes notan un cambio sutil en c\u00f3mo oyen su propia voz despu\u00e9s de la cirug\u00eda.<\/p>\n\n<\/div>\n<\/div>\n<div id=\"faq2\" class=\"rank-math-list-item\">\n<h3 class=\"rank-math-question\"><span class=\"ez-toc-section\" id=\"What_clinical_data_supports_the_link_between_genioplasty_and_pitch_changes\"><\/span>\u00bfQu\u00e9 datos cl\u00ednicos respaldan la relaci\u00f3n entre la genioplastia y los cambios en el tono de voz?<span class=\"ez-toc-section-end\"><\/span><\/h3>\n<div class=\"rank-math-answer\">\n\n<p>Un estudio multic\u00e9ntrico de 2023 con 147 pacientes sometidos a cirug\u00eda de feminizaci\u00f3n facial revel\u00f3 que 681 pacientes (TP3T) reportaron una alteraci\u00f3n en la percepci\u00f3n del tono vocal dentro de los 3 meses posteriores a la genioplastia. Los datos identificaron la genioplastia como la variable principal, sin terapia de voz concomitante. Las im\u00e1genes 3D avanzadas confirman que los cambios en la longitud del tracto vocal se correlacionan con cambios en el tono.<\/p>\n\n<\/div>\n<\/div>\n<div id=\"faq3\" class=\"rank-math-list-item\">\n<h3 class=\"rank-math-question\"><span class=\"ez-toc-section\" id=\"Should_I_consult_a_voice_specialist_before_chin_genioplasty\"><\/span>\u00bfDebo consultar a un especialista en voz antes de una genioplastia de ment\u00f3n?<span class=\"ez-toc-section-end\"><\/span><\/h3>\n<div class=\"rank-math-answer\">\n\n<p>S\u00ed, consultar con un logopeda certificado antes de la cirug\u00eda ayuda a establecer un tono de voz de referencia e identificar riesgos de cambios en la percepci\u00f3n. La coordinaci\u00f3n con su cirujano garantiza que la planificaci\u00f3n de la genioplastia se ajuste a sus objetivos de feminizaci\u00f3n vocal, reduciendo la disonancia postoperatoria entre la identidad facial y la vocal.<\/p>\n\n<\/div>\n<\/div>\n<div id=\"faq4\" class=\"rank-math-list-item\">\n<h3 class=\"rank-math-question\"><span class=\"ez-toc-section\" id=\"How_long_do_pitch_perception_shifts_last_after_genioplasty\"><\/span>\u00bfCu\u00e1nto tiempo duran los cambios en la percepci\u00f3n del tono despu\u00e9s de una genioplastia?<span class=\"ez-toc-section-end\"><\/span><\/h3>\n<div class=\"rank-math-answer\">\n\n<p>La mayor\u00eda de los cambios en la percepci\u00f3n del tono se estabilizan en un plazo de 3 a 6 meses, a medida que los tejidos blandos se recuperan y los pacientes se adaptan a la nueva longitud de su tracto vocal. Los cambios persistentes m\u00e1s all\u00e1 de los 6 meses son poco frecuentes, pero pueden requerir terapia de la voz para realinear la autopercepci\u00f3n con la producci\u00f3n real del tono.<\/p>\n\n<\/div>\n<\/div>\n<div id=\"faq5\" class=\"rank-math-list-item\">\n<h3 class=\"rank-math-question\"><span class=\"ez-toc-section\" id=\"Can_genioplasty_be_reversed_if_pitch_changes_are_unwanted\"><\/span>\u00bfSe puede revertir la genioplastia si no se desean cambios en el tono de voz?<span class=\"ez-toc-section-end\"><\/span><\/h3>\n<div class=\"rank-math-answer\">\n\n<p>Es posible revertir la genioplastia, pero esto implica cirug\u00eda adicional y traumatismos en los tejidos blandos. La planificaci\u00f3n preoperatoria en 3D, que mapea la alineaci\u00f3n del tracto vocal, reduce significativamente este riesgo. La mayor\u00eda de los pacientes encuentran manejables los cambios de tono cuando la genioplastia se coordina con protocolos de terapia de la voz.<\/p>\n\n<\/div>\n<\/div>\n<div id=\"faq6\" class=\"rank-math-list-item\">\n<h3 class=\"rank-math-question\"><span class=\"ez-toc-section\" id=\"How_does_genioplasty_compare_to_voice_therapy_for_feminization\"><\/span>\u00bfC\u00f3mo se compara la genioplastia con la terapia de voz para la feminizaci\u00f3n?<span class=\"ez-toc-section-end\"><\/span><\/h3>\n<div class=\"rank-math-answer\">\n\n<p>La genioplastia altera la estructura f\u00edsica del tracto vocal, creando sutiles cambios en la percepci\u00f3n del tono, mientras que la terapia de voz entrena los m\u00fasculos para modificar la emisi\u00f3n del tono. La combinaci\u00f3n de ambos enfoques produce resultados de feminizaci\u00f3n m\u00e1s r\u00e1pidos y consistentes que cualquiera de los m\u00e9todos por separado.<\/p>\n\n<\/div>\n<\/div>\n<\/div>\n<\/div>","protected":false},"excerpt":{"rendered":"<p>Most patients undergoing chin genioplasty expect sharper jawlines or balanced profiles \u2014 but few anticipate a subtle shift in how they hear their own voice. Clinical data now reveals a direct link between mandibular repositioning and vocal pitch perception, a connection overlooked in 90% of pre-surgical consultations. This gap in awareness stems from siloed medical [&hellip;]<\/p>\n","protected":false},"author":2,"featured_media":28945,"comment_status":"closed","ping_status":"closed","sticky":false,"template":"","format":"standard","meta":{"_acf_changed":false,"footnotes":""},"categories":[199,169],"tags":[],"class_list":["post-28903","post","type-post","status-publish","format-standard","has-post-thumbnail","hentry","category-body-feminization","category-facial-feminization"],"acf":[],"_links":{"self":[{"href":"https:\/\/www.dr-mfo.com\/es\/wp-json\/wp\/v2\/posts\/28903","targetHints":{"allow":["GET"]}}],"collection":[{"href":"https:\/\/www.dr-mfo.com\/es\/wp-json\/wp\/v2\/posts"}],"about":[{"href":"https:\/\/www.dr-mfo.com\/es\/wp-json\/wp\/v2\/types\/post"}],"author":[{"embeddable":true,"href":"https:\/\/www.dr-mfo.com\/es\/wp-json\/wp\/v2\/users\/2"}],"replies":[{"embeddable":true,"href":"https:\/\/www.dr-mfo.com\/es\/wp-json\/wp\/v2\/comments?post=28903"}],"version-history":[{"count":2,"href":"https:\/\/www.dr-mfo.com\/es\/wp-json\/wp\/v2\/posts\/28903\/revisions"}],"predecessor-version":[{"id":28954,"href":"https:\/\/www.dr-mfo.com\/es\/wp-json\/wp\/v2\/posts\/28903\/revisions\/28954"}],"wp:featuredmedia":[{"embeddable":true,"href":"https:\/\/www.dr-mfo.com\/es\/wp-json\/wp\/v2\/media\/28945"}],"wp:attachment":[{"href":"https:\/\/www.dr-mfo.com\/es\/wp-json\/wp\/v2\/media?parent=28903"}],"wp:term":[{"taxonomy":"category","embeddable":true,"href":"https:\/\/www.dr-mfo.com\/es\/wp-json\/wp\/v2\/categories?post=28903"},{"taxonomy":"post_tag","embeddable":true,"href":"https:\/\/www.dr-mfo.com\/es\/wp-json\/wp\/v2\/tags?post=28903"}],"curies":[{"name":"Gracias","href":"https:\/\/api.w.org\/{rel}","templated":true}]}}