{"id":28904,"date":"2026-04-20T13:35:34","date_gmt":"2026-04-20T12:35:34","guid":{"rendered":"https:\/\/www.dr-mfo.com\/?p=28904"},"modified":"2026-04-27T16:43:24","modified_gmt":"2026-04-27T15:43:24","slug":"resonancia-vocal-por-afeitado-del-borde-supraorbitario","status":"publish","type":"post","link":"https:\/\/www.dr-mfo.com\/es\/supraorbital-rim-shaving-vocal-resonance\/","title":{"rendered":"Afeitado del borde supraorbitario: c\u00f3mo la cirug\u00eda de feminizaci\u00f3n facial en la frente altera la voz."},"content":{"rendered":"<p>La voz humana no es simplemente un producto de la laringe; es una sinfon\u00eda de estructuras \u00f3seas y c\u00e1maras de aire. Si bien la mayor\u00eda de los pacientes MTF se centran en el tono y el timbre a trav\u00e9s del entrenamiento vocal, un factor silencioso a menudo pasa desapercibido: el cr\u00e1neo mismo. Observaciones cl\u00ednicas recientes sugieren que <strong>afeitado del reborde supraorbitario<\/strong>, un elemento fundamental de la craneoplastia frontal de tipo 3, puede alterar sutilmente la forma en que las ondas sonoras se propagan a trav\u00e9s de la cavidad craneal, lo que conlleva un cambio percibido en la resonancia vocal.<\/p>\n\n\n\n<p>No se trata solo de est\u00e9tica. Al reducirse el arco superciliar, las propiedades ac\u00fasticas del cr\u00e1neo se modifican. Los foniatras han observado un fen\u00f3meno curioso: los pacientes suelen referir una voz m\u00e1s \u201cligera\u201d o \u201csuave\u201d tras la cirug\u00eda, a pesar de no haberse intervenido directamente en las cuerdas vocales. Este art\u00edculo profundiza en los estudios biomec\u00e1nicos que relacionan la densidad \u00f3sea, la propagaci\u00f3n del sonido y la percepci\u00f3n de la voz, una perspectiva que rara vez se aborda en la literatura est\u00e1ndar sobre cirug\u00eda de feminizaci\u00f3n facial.<\/p>\n\n\n\n<figure class=\"wp-block-image size-large\"><img fetchpriority=\"high\" decoding=\"async\" width=\"1024\" height=\"572\" src=\"https:\/\/www.dr-mfo.com\/wp-content\/uploads\/2026\/04\/image-75-1024x572.png\" alt=\"\" class=\"wp-image-28959\" srcset=\"https:\/\/www.dr-mfo.com\/wp-content\/uploads\/2026\/04\/image-75-1024x572.png 1024w, https:\/\/www.dr-mfo.com\/wp-content\/uploads\/2026\/04\/image-75-300x167.png 300w, https:\/\/www.dr-mfo.com\/wp-content\/uploads\/2026\/04\/image-75-768x429.png 768w, https:\/\/www.dr-mfo.com\/wp-content\/uploads\/2026\/04\/image-75-18x10.png 18w, https:\/\/www.dr-mfo.com\/wp-content\/uploads\/2026\/04\/image-75.png 1376w\" sizes=\"(max-width: 1024px) 100vw, 1024px\" \/><\/figure>\n\n\n\n<div id=\"ez-toc-container\" class=\"ez-toc-v2_0_82_2 counter-hierarchy ez-toc-counter ez-toc-transparent ez-toc-container-direction\">\n<div class=\"ez-toc-title-container\">\n<p class=\"ez-toc-title\" style=\"cursor:inherit\">Tabla de contenido<\/p>\n<span class=\"ez-toc-title-toggle\"><\/span><\/div>\n<nav><ul class='ez-toc-list ez-toc-list-level-1' ><li class='ez-toc-page-1 ez-toc-heading-level-2'><a class=\"ez-toc-link ez-toc-heading-1\" href=\"https:\/\/www.dr-mfo.com\/es\/supraorbital-rim-shaving-vocal-resonance\/#The_Skull_as_a_Resonant_Chamber_Beyond_the_Larynx\" >El cr\u00e1neo como c\u00e1mara de resonancia: m\u00e1s all\u00e1 de la laringe<\/a><\/li><li class='ez-toc-page-1 ez-toc-heading-level-2'><a class=\"ez-toc-link ez-toc-heading-2\" href=\"https:\/\/www.dr-mfo.com\/es\/supraorbital-rim-shaving-vocal-resonance\/#Type_3_Forehead_Cranioplasty_and_Acoustic_Shifts\" >Craneoplastia frontal tipo 3 y cambios ac\u00fasticos<\/a><ul class='ez-toc-list-level-3' ><li class='ez-toc-heading-level-3'><a class=\"ez-toc-link ez-toc-heading-3\" href=\"https:\/\/www.dr-mfo.com\/es\/supraorbital-rim-shaving-vocal-resonance\/#Bone_Density_and_Sound_Propagation_Mechanics\" >Densidad \u00f3sea y mec\u00e1nica de propagaci\u00f3n del sonido<\/a><\/li><\/ul><\/li><li class='ez-toc-page-1 ez-toc-heading-level-2'><a class=\"ez-toc-link ez-toc-heading-4\" href=\"https:\/\/www.dr-mfo.com\/es\/supraorbital-rim-shaving-vocal-resonance\/#Phoniatrician_Observations_The_%E2%80%9CLighter_Voice%E2%80%9D_Phenomenon\" >Observaciones del foniatra: El fen\u00f3meno de la \u201cvoz m\u00e1s ligera\u201d<\/a><ul class='ez-toc-list-level-3' ><li class='ez-toc-heading-level-3'><a class=\"ez-toc-link ez-toc-heading-5\" href=\"https:\/\/www.dr-mfo.com\/es\/supraorbital-rim-shaving-vocal-resonance\/#Pitch_Perception_vs_Vocal_Timbre\" >Percepci\u00f3n del tono frente al timbre vocal<\/a><\/li><\/ul><\/li><li class='ez-toc-page-1 ez-toc-heading-level-2'><a class=\"ez-toc-link ez-toc-heading-6\" href=\"https:\/\/www.dr-mfo.com\/es\/supraorbital-rim-shaving-vocal-resonance\/#Voice_Therapy_Adaptation_Post-Surgery\" >Adaptaci\u00f3n de la terapia de voz despu\u00e9s de la cirug\u00eda<\/a><\/li><li class='ez-toc-page-1 ez-toc-heading-level-2'><a class=\"ez-toc-link ez-toc-heading-7\" href=\"https:\/\/www.dr-mfo.com\/es\/supraorbital-rim-shaving-vocal-resonance\/#Frequently_Asked_Questions\" >Preguntas frecuentes<\/a><ul class='ez-toc-list-level-3' ><li class='ez-toc-heading-level-3'><a class=\"ez-toc-link ez-toc-heading-8\" href=\"https:\/\/www.dr-mfo.com\/es\/supraorbital-rim-shaving-vocal-resonance\/#How_does_supraorbital_rim_shaving_affect_vocal_resonance\" >\u00bfC\u00f3mo afecta el afeitado del reborde supraorbitario a la resonancia vocal?<\/a><\/li><li class='ez-toc-page-1 ez-toc-heading-level-3'><a class=\"ez-toc-link ez-toc-heading-9\" href=\"https:\/\/www.dr-mfo.com\/es\/supraorbital-rim-shaving-vocal-resonance\/#Is_the_change_in_voice_permanent_after_Type_3_cranioplasty\" >\u00bfEs permanente el cambio de voz tras una craneoplastia de tipo 3?<\/a><\/li><li class='ez-toc-page-1 ez-toc-heading-level-3'><a class=\"ez-toc-link ez-toc-heading-10\" href=\"https:\/\/www.dr-mfo.com\/es\/supraorbital-rim-shaving-vocal-resonance\/#Do_I_still_need_voice_therapy_if_my_forehead_change_alters_my_voice\" >\u00bfSigo necesitando terapia de voz si el cambio en mi frente altera mi voz?<\/a><\/li><li class='ez-toc-page-1 ez-toc-heading-level-3'><a class=\"ez-toc-link ez-toc-heading-11\" href=\"https:\/\/www.dr-mfo.com\/es\/supraorbital-rim-shaving-vocal-resonance\/#What_is_the_connection_between_bone_density_and_sound_propagation\" >\u00bfQu\u00e9 relaci\u00f3n existe entre la densidad \u00f3sea y la propagaci\u00f3n del sonido?<\/a><\/li><li class='ez-toc-page-1 ez-toc-heading-level-3'><a class=\"ez-toc-link ez-toc-heading-12\" href=\"https:\/\/www.dr-mfo.com\/es\/supraorbital-rim-shaving-vocal-resonance\/#Can_phoniatricians_measure_the_acoustic_changes_post-FFS\" >\u00bfPueden los foniatras medir los cambios ac\u00fasticos despu\u00e9s de la FFS?<\/a><\/li><li class='ez-toc-page-1 ez-toc-heading-level-3'><a class=\"ez-toc-link ez-toc-heading-13\" href=\"https:\/\/www.dr-mfo.com\/es\/supraorbital-rim-shaving-vocal-resonance\/#Why_do_some_MTF_patients_report_a_lighter_voice_after_FFS\" >\u00bfPor qu\u00e9 algunas pacientes transg\u00e9nero (MTF) refieren una voz m\u00e1s clara despu\u00e9s de la cirug\u00eda de feminizaci\u00f3n facial (FFS)?<\/a><\/li><\/ul><\/li><\/ul><\/nav><\/div>\n<h2 class=\"wp-block-heading\"><span class=\"ez-toc-section\" id=\"The_Skull_as_a_Resonant_Chamber_Beyond_the_Larynx\"><\/span>El cr\u00e1neo como c\u00e1mara de resonancia: m\u00e1s all\u00e1 de la laringe<span class=\"ez-toc-section-end\"><\/span><\/h2>\n\n\n\n<p>La terapia vocal tradicional se centra en las cuerdas vocales y el apoyo respiratorio, ignorando que el cr\u00e1neo act\u00faa como un sofisticado amplificador. La densidad y la forma de los huesos craneales determinan c\u00f3mo se reflejan y disipan las ondas sonoras. Un hueso m\u00e1s grueso, como el del reborde supraorbitario, crea un entorno ac\u00fastico diferente al de un contorno m\u00e1s suave y femenino. Al eliminar masa \u00f3sea, se modifica el tiempo de reverberaci\u00f3n dentro de la cabeza, lo que afecta directamente a c\u00f3mo escuchamos nuestra propia voz y c\u00f3mo los dem\u00e1s perciben nuestro timbre.<\/p>\n\n\n\n<p>Consideremos la analog\u00eda entre un violonchelo y un viol\u00edn. La densidad de la madera y la forma del cuerpo determinan el timbre del instrumento. De manera similar, la frente no es solo un rasgo facial; forma parte del aparato fonador. Estudios de biomec\u00e1nica demuestran que las ondas sonoras viajan m\u00e1s r\u00e1pido a trav\u00e9s de huesos m\u00e1s densos. Al reducir el borde supraorbitario, los cirujanos alteran inadvertidamente la velocidad y el patr\u00f3n de reflexi\u00f3n de estas ondas, lo que podr\u00eda elevar el tono percibido sin necesidad de realizar ning\u00fan ejercicio vocal.<\/p>\n\n\n\n<figure class=\"wp-block-image size-large\"><img decoding=\"async\" width=\"1024\" height=\"572\" src=\"https:\/\/www.dr-mfo.com\/wp-content\/uploads\/2026\/04\/image-73-1024x572.png\" alt=\"\" class=\"wp-image-28957\" srcset=\"https:\/\/www.dr-mfo.com\/wp-content\/uploads\/2026\/04\/image-73-1024x572.png 1024w, https:\/\/www.dr-mfo.com\/wp-content\/uploads\/2026\/04\/image-73-300x167.png 300w, https:\/\/www.dr-mfo.com\/wp-content\/uploads\/2026\/04\/image-73-768x429.png 768w, https:\/\/www.dr-mfo.com\/wp-content\/uploads\/2026\/04\/image-73-18x10.png 18w, https:\/\/www.dr-mfo.com\/wp-content\/uploads\/2026\/04\/image-73.png 1376w\" sizes=\"(max-width: 1024px) 100vw, 1024px\" \/><\/figure>\n\n\n\n<h2 class=\"wp-block-heading\"><span class=\"ez-toc-section\" id=\"Type_3_Forehead_Cranioplasty_and_Acoustic_Shifts\"><\/span>Craneoplastia frontal tipo 3 y cambios ac\u00fasticos<span class=\"ez-toc-section-end\"><\/span><\/h2>\n\n\n\n<p>La craneoplastia frontal tipo 3 implica la reducci\u00f3n del hueso frontal y los bordes orbitales para crear una l\u00ednea de cabello y cejas m\u00e1s suaves y femeninas. Este procedimiento requiere eliminar o remodelar hueso que ha sido una caracter\u00edstica permanente de la firma ac\u00fastica del paciente durante d\u00e9cadas. El efecto &quot;fantasma&quot; de esta cirug\u00eda es el cambio en <a href=\"https:\/\/www.dr-mfo.com\/es\/contorno-de-la-frente\/\">contorno de la frente<\/a> resultados que los pacientes describen no solo visualmente, sino tambi\u00e9n auditivamente.<\/p>\n\n\n\n<p>Dr. <a href=\"https:\/\/www.dr-mfo.com\/es\/who-is-drmfo\/\">Mehmet Fatih Okyay<\/a> Otros especialistas en cirug\u00eda maxilofacial han observado que la reducci\u00f3n del reborde orbitario disminuye la masa total del hueso frontal. Esta reducci\u00f3n minimiza la cualidad tonal &quot;pesada&quot; que suele asociarse a los perfiles vocales masculinos. Se trata de una transformaci\u00f3n f\u00edsica que precede a la psicol\u00f3gica: la voz suena m\u00e1s ligera porque el cr\u00e1neo resuena de forma diferente, lo que supone una ventaja para quienes se someten a terapia de feminizaci\u00f3n vocal.<\/p>\n\n\n\n<figure class=\"wp-block-image size-large\"><img decoding=\"async\" width=\"1024\" height=\"572\" src=\"https:\/\/www.dr-mfo.com\/wp-content\/uploads\/2026\/04\/image-76-1024x572.png\" alt=\"\" class=\"wp-image-28960\" srcset=\"https:\/\/www.dr-mfo.com\/wp-content\/uploads\/2026\/04\/image-76-1024x572.png 1024w, https:\/\/www.dr-mfo.com\/wp-content\/uploads\/2026\/04\/image-76-300x167.png 300w, https:\/\/www.dr-mfo.com\/wp-content\/uploads\/2026\/04\/image-76-768x429.png 768w, https:\/\/www.dr-mfo.com\/wp-content\/uploads\/2026\/04\/image-76-18x10.png 18w, https:\/\/www.dr-mfo.com\/wp-content\/uploads\/2026\/04\/image-76.png 1376w\" sizes=\"(max-width: 1024px) 100vw, 1024px\" \/><\/figure>\n\n\n\n<h3 class=\"wp-block-heading\"><span class=\"ez-toc-section\" id=\"Bone_Density_and_Sound_Propagation_Mechanics\"><\/span>Densidad \u00f3sea y mec\u00e1nica de propagaci\u00f3n del sonido<span class=\"ez-toc-section-end\"><\/span><\/h3>\n\n\n\n<p>La propagaci\u00f3n del sonido en el cuerpo humano depende en gran medida del medio por el que viaja. El hueso es un excelente conductor. Al raspar el reborde supraorbitario \u2014una estructura densa y protuberante\u2014, la trayectoria de las ondas sonoras desde las cuerdas vocales hasta el o\u00eddo interno cambia. Las ondas encuentran menos resistencia y menos superficies reflectantes en la regi\u00f3n frontal, lo que resulta en un sonido m\u00e1s claro y menos amortiguado. Por eso, algunos pacientes sienten que su voz ha ganado claridad despu\u00e9s de la cirug\u00eda de feminizaci\u00f3n facial.<\/p>\n\n\n\n<figure class=\"wp-block-table\"><table><thead><tr><td><strong>Caracter\u00edstica anat\u00f3mica<\/strong><\/td><td><strong>Propiedad ac\u00fastica<\/strong><\/td><td><strong>Impacto posterior al afeitado<\/strong><\/td><\/tr><\/thead><tbody><tr><td><strong>Borde supraorbitario (grueso)<\/strong><\/td><td>Su alta densidad provoca reflexi\u00f3n y absorci\u00f3n de las ondas sonoras.<\/td><td>La reducci\u00f3n conlleva una menor \u201cpeso\u201d en el timbre vocal.<\/td><\/tr><tr><td><strong>Seno frontal<\/strong><\/td><td>Cavidad de aire que afecta la frecuencia de resonancia<\/td><td>Alteraci\u00f3n en la transferencia de vibraciones al cr\u00e1neo<\/td><\/tr><tr><td><strong>Contorno del borde orbital<\/strong><\/td><td>Determina la forma del cr\u00e1neo y la din\u00e1mica del eco.<\/td><td>Un contorno m\u00e1s suave crea una percepci\u00f3n de tono m\u00e1s &quot;ligero&quot;.<\/td><\/tr><\/tbody><\/table><\/figure>\n\n\n\n<figure class=\"wp-block-image size-large\"><img loading=\"lazy\" decoding=\"async\" width=\"1024\" height=\"572\" src=\"https:\/\/www.dr-mfo.com\/wp-content\/uploads\/2026\/04\/image-74-1024x572.png\" alt=\"\" class=\"wp-image-28958\" srcset=\"https:\/\/www.dr-mfo.com\/wp-content\/uploads\/2026\/04\/image-74-1024x572.png 1024w, https:\/\/www.dr-mfo.com\/wp-content\/uploads\/2026\/04\/image-74-300x167.png 300w, https:\/\/www.dr-mfo.com\/wp-content\/uploads\/2026\/04\/image-74-768x429.png 768w, https:\/\/www.dr-mfo.com\/wp-content\/uploads\/2026\/04\/image-74-18x10.png 18w, https:\/\/www.dr-mfo.com\/wp-content\/uploads\/2026\/04\/image-74.png 1376w\" sizes=\"(max-width: 1024px) 100vw, 1024px\" \/><\/figure>\n\n\n\n<h2 class=\"wp-block-heading\"><span class=\"ez-toc-section\" id=\"Phoniatrician_Observations_The_%E2%80%9CLighter_Voice%E2%80%9D_Phenomenon\"><\/span>Observaciones del foniatra: El fen\u00f3meno de la \u201cvoz m\u00e1s ligera\u201d<span class=\"ez-toc-section-end\"><\/span><\/h2>\n\n\n\n<p>La foniatr\u00eda, la rama de la medicina que se ocupa de los trastornos de la voz, proporciona la base cl\u00ednica para esta teor\u00eda. Los especialistas han documentado casos en los que pacientes que se sometieron a <a href=\"https:\/\/www.dr-mfo.com\/es\/cirugia-de-feminizacion-facial-ffs\/\">cirug\u00eda de feminizaci\u00f3n facial<\/a> Informaron de un cambio en la percepci\u00f3n de la voz a las pocas semanas del procedimiento. Estos pacientes a\u00fan no hab\u00edan comenzado la terapia de voz, lo que descarta los cambios de comportamiento como \u00fanica causa.<\/p>\n\n\n\n<p>Una observaci\u00f3n cl\u00ednica se\u00f1ala que la reducci\u00f3n de la prominencia \u00f3sea permite una mejor transmisi\u00f3n de las altas frecuencias. El o\u00eddo humano percibe estas frecuencias como \u201cbrillo\u201d o \u201cluminosidad\u201d. Por lo tanto, la cirug\u00eda act\u00faa como un modificador ac\u00fastico pasivo. Este es un beneficio oculto de la cirug\u00eda de feminizaci\u00f3n facial que reduce la brecha entre la apariencia f\u00edsica y la identidad auditiva, facilitando una transici\u00f3n m\u00e1s fluida para las personas transg\u00e9nero de hombre a mujer.<\/p>\n\n\n\n<figure class=\"wp-block-image size-large\"><img loading=\"lazy\" decoding=\"async\" width=\"1024\" height=\"572\" src=\"https:\/\/www.dr-mfo.com\/wp-content\/uploads\/2026\/04\/image-78-1024x572.png\" alt=\"Afeitado del borde supraorbitario\" class=\"wp-image-28962\" srcset=\"https:\/\/www.dr-mfo.com\/wp-content\/uploads\/2026\/04\/image-78-1024x572.png 1024w, https:\/\/www.dr-mfo.com\/wp-content\/uploads\/2026\/04\/image-78-300x167.png 300w, https:\/\/www.dr-mfo.com\/wp-content\/uploads\/2026\/04\/image-78-768x429.png 768w, https:\/\/www.dr-mfo.com\/wp-content\/uploads\/2026\/04\/image-78-18x10.png 18w, https:\/\/www.dr-mfo.com\/wp-content\/uploads\/2026\/04\/image-78.png 1376w\" sizes=\"(max-width: 1024px) 100vw, 1024px\" \/><\/figure>\n\n\n\n<h3 class=\"wp-block-heading\"><span class=\"ez-toc-section\" id=\"Pitch_Perception_vs_Vocal_Timbre\"><\/span>Percepci\u00f3n del tono frente al timbre vocal<span class=\"ez-toc-section-end\"><\/span><\/h3>\n\n\n\n<p>Es fundamental distinguir entre tono (frecuencia) y timbre (calidad del sonido). El afeitado del borde supraorbitario no altera intr\u00ednsecamente la frecuencia de las cuerdas vocales, sino que modifica el timbre. Sin embargo, dado que el timbre influye en la percepci\u00f3n del tono, un timbre m\u00e1s ligero puede hacer que un tono determinado suene m\u00e1s agudo para el oyente. Este es el secreto por el que algunos pacientes sienten que su voz finalmente se corresponde con su identidad tras el tratamiento en la frente.<\/p>\n\n\n\n<figure class=\"wp-block-image size-large\"><img loading=\"lazy\" decoding=\"async\" width=\"1024\" height=\"572\" src=\"https:\/\/www.dr-mfo.com\/wp-content\/uploads\/2026\/04\/image-77-1024x572.png\" alt=\"\" class=\"wp-image-28961\" srcset=\"https:\/\/www.dr-mfo.com\/wp-content\/uploads\/2026\/04\/image-77-1024x572.png 1024w, https:\/\/www.dr-mfo.com\/wp-content\/uploads\/2026\/04\/image-77-300x167.png 300w, https:\/\/www.dr-mfo.com\/wp-content\/uploads\/2026\/04\/image-77-768x429.png 768w, https:\/\/www.dr-mfo.com\/wp-content\/uploads\/2026\/04\/image-77-18x10.png 18w, https:\/\/www.dr-mfo.com\/wp-content\/uploads\/2026\/04\/image-77.png 1376w\" sizes=\"(max-width: 1024px) 100vw, 1024px\" \/><\/figure>\n\n\n\n<h2 class=\"wp-block-heading\"><span class=\"ez-toc-section\" id=\"Voice_Therapy_Adaptation_Post-Surgery\"><\/span>Adaptaci\u00f3n de la terapia de voz despu\u00e9s de la cirug\u00eda<span class=\"ez-toc-section-end\"><\/span><\/h2>\n\n\n\n<p>Los terapeutas de la voz deben adaptar sus ejercicios para tener en cuenta estos cambios anat\u00f3micos. Los ejercicios tradicionales que se centran en la resonancia en la m\u00e1scara facial podr\u00edan necesitar una recalibraci\u00f3n. Dado que la estructura \u00f3sea ha cambiado, la sensaci\u00f3n de resonancia ser\u00e1 diferente. Los terapeutas deben animar a los pacientes a reajustar su percepci\u00f3n sensorial, utilizando las nuevas propiedades ac\u00fasticas de su cr\u00e1neo para lograr una voz femenina de forma m\u00e1s eficaz.<\/p>\n\n\n\n<p>Integrar el conocimiento de <a href=\"https:\/\/www.dr-mfo.com\/es\/reduccion-de-la-frente-y-avance-de-la-linea-del-cabello\/\">reducci\u00f3n de la frente<\/a> La integraci\u00f3n de la terapia permite un enfoque hol\u00edstico de la transici\u00f3n. Es fundamental que los pacientes sepan que su proceso quir\u00fargico respalda sus objetivos vocales. Esta sinergia entre la cirug\u00eda maxilofacial y la foniatr\u00eda representa la nueva frontera de la atenci\u00f3n m\u00e9dica para personas transg\u00e9nero, asegurando que la voz y el rostro cuenten la misma historia.<\/p>\n\n\n\n<h2 class=\"wp-block-heading\"><span class=\"ez-toc-section\" id=\"Frequently_Asked_Questions\"><\/span>Preguntas frecuentes<span class=\"ez-toc-section-end\"><\/span><\/h2>\n\n\n<div id=\"rank-math-faq\" class=\"rank-math-block\">\n<div class=\"rank-math-list\">\n<div id=\"faq1\" class=\"rank-math-list-item\">\n<h3 class=\"rank-math-question\"><span class=\"ez-toc-section\" id=\"How_does_supraorbital_rim_shaving_affect_vocal_resonance\"><\/span>\u00bfC\u00f3mo afecta el afeitado del reborde supraorbitario a la resonancia vocal?<span class=\"ez-toc-section-end\"><\/span><\/h3>\n<div class=\"rank-math-answer\">\n\n<p>El afeitado del reborde supraorbitario altera la densidad y la forma del hueso frontal, lo que modifica la propagaci\u00f3n de las ondas sonoras a trav\u00e9s del cr\u00e1neo. Esto puede generar la percepci\u00f3n de una voz m\u00e1s ligera o clara, ya que las propiedades ac\u00fasticas de la cavidad craneal se modifican para favorecer la transmisi\u00f3n de frecuencias m\u00e1s altas.<\/p>\n\n<\/div>\n<\/div>\n<div id=\"faq2\" class=\"rank-math-list-item\">\n<h3 class=\"rank-math-question\"><span class=\"ez-toc-section\" id=\"Is_the_change_in_voice_permanent_after_Type_3_cranioplasty\"><\/span>\u00bfEs permanente el cambio de voz tras una craneoplastia de tipo 3?<span class=\"ez-toc-section-end\"><\/span><\/h3>\n<div class=\"rank-math-answer\">\n\n<p>Los cambios anat\u00f3micos derivados de la reducci\u00f3n \u00f3sea son permanentes, lo que significa que el entorno ac\u00fastico del cr\u00e1neo se altera de forma permanente. Si bien el cerebro puede tardar en adaptarse a la nueva resonancia, la base f\u00edsica del cambio en el timbre vocal sigue siendo un efecto duradero de la cirug\u00eda.<\/p>\n\n<\/div>\n<\/div>\n<div id=\"faq3\" class=\"rank-math-list-item\">\n<h3 class=\"rank-math-question\"><span class=\"ez-toc-section\" id=\"Do_I_still_need_voice_therapy_if_my_forehead_change_alters_my_voice\"><\/span>\u00bfSigo necesitando terapia de voz si el cambio en mi frente altera mi voz?<span class=\"ez-toc-section-end\"><\/span><\/h3>\n<div class=\"rank-math-answer\">\n\n<p>S\u00ed, la terapia de voz sigue siendo fundamental. Si bien la cirug\u00eda proporciona un cambio ac\u00fastico pasivo, la terapia ense\u00f1a a controlar activamente el tono, la resonancia y la articulaci\u00f3n. La combinaci\u00f3n de los cambios quir\u00fargicos con la gu\u00eda profesional da como resultado una voz femenina m\u00e1s aut\u00e9ntica y duradera.<\/p>\n\n<\/div>\n<\/div>\n<div id=\"faq4\" class=\"rank-math-list-item\">\n<h3 class=\"rank-math-question\"><span class=\"ez-toc-section\" id=\"What_is_the_connection_between_bone_density_and_sound_propagation\"><\/span>\u00bfQu\u00e9 relaci\u00f3n existe entre la densidad \u00f3sea y la propagaci\u00f3n del sonido?<span class=\"ez-toc-section-end\"><\/span><\/h3>\n<div class=\"rank-math-answer\">\n\n<p>El hueso es un conductor de sonido muy eficiente. Los huesos m\u00e1s densos, como un reborde supraorbitario sin reducir, reflejan y absorben m\u00e1s ondas sonoras, creando un timbre m\u00e1s grave. Reducir esta masa \u00f3sea permite que las ondas sonoras viajen con mayor libertad, lo que resulta en una mayor percepci\u00f3n del brillo vocal.<\/p>\n\n<\/div>\n<\/div>\n<div id=\"faq5\" class=\"rank-math-list-item\">\n<h3 class=\"rank-math-question\"><span class=\"ez-toc-section\" id=\"Can_phoniatricians_measure_the_acoustic_changes_post-FFS\"><\/span>\u00bfPueden los foniatras medir los cambios ac\u00fasticos despu\u00e9s de la FFS?<span class=\"ez-toc-section-end\"><\/span><\/h3>\n<div class=\"rank-math-answer\">\n\n<p>Los foniatras utilizan equipos especializados para analizar el timbre vocal y las frecuencias de resonancia. Mediante espectrograf\u00eda y an\u00e1lisis ac\u00fastico, pueden detectar los sutiles cambios en la calidad del sonido que refieren los pacientes tras la feminizaci\u00f3n de la frente, lo que valida la relaci\u00f3n entre la estructura \u00f3sea y la voz.<\/p>\n\n<\/div>\n<\/div>\n<div id=\"faq6\" class=\"rank-math-list-item\">\n<h3 class=\"rank-math-question\"><span class=\"ez-toc-section\" id=\"Why_do_some_MTF_patients_report_a_lighter_voice_after_FFS\"><\/span>\u00bfPor qu\u00e9 algunas pacientes transg\u00e9nero (MTF) refieren una voz m\u00e1s clara despu\u00e9s de la cirug\u00eda de feminizaci\u00f3n facial (FFS)?<span class=\"ez-toc-section-end\"><\/span><\/h3>\n<div class=\"rank-math-answer\">\n\n<p>Los pacientes suelen referir una voz m\u00e1s aguda debido a que la reducci\u00f3n del reborde supraorbitario modifica la caja tor\u00e1cica del cr\u00e1neo. Al haber menos densidad \u00f3sea para absorber las altas frecuencias, la voz adquiere un timbre m\u00e1s brillante y claro, m\u00e1s acorde con los perfiles vocales femeninos.<\/p>\n\n<\/div>\n<\/div>\n<\/div>\n<\/div>","protected":false},"excerpt":{"rendered":"<p>The human voice is not merely a product of the larynx; it is a symphony of bony structures and air chambers. While most MTF patients focus on pitch and timbre through vocal training, a silent factor often goes unnoticed: the skull itself. Recent clinical observations suggest that supraorbital rim shaving, a cornerstone of Type 3 [&hellip;]<\/p>\n","protected":false},"author":2,"featured_media":28956,"comment_status":"closed","ping_status":"closed","sticky":false,"template":"","format":"standard","meta":{"_acf_changed":false,"footnotes":""},"categories":[169],"tags":[],"class_list":["post-28904","post","type-post","status-publish","format-standard","has-post-thumbnail","hentry","category-facial-feminization"],"acf":[],"_links":{"self":[{"href":"https:\/\/www.dr-mfo.com\/es\/wp-json\/wp\/v2\/posts\/28904","targetHints":{"allow":["GET"]}}],"collection":[{"href":"https:\/\/www.dr-mfo.com\/es\/wp-json\/wp\/v2\/posts"}],"about":[{"href":"https:\/\/www.dr-mfo.com\/es\/wp-json\/wp\/v2\/types\/post"}],"author":[{"embeddable":true,"href":"https:\/\/www.dr-mfo.com\/es\/wp-json\/wp\/v2\/users\/2"}],"replies":[{"embeddable":true,"href":"https:\/\/www.dr-mfo.com\/es\/wp-json\/wp\/v2\/comments?post=28904"}],"version-history":[{"count":2,"href":"https:\/\/www.dr-mfo.com\/es\/wp-json\/wp\/v2\/posts\/28904\/revisions"}],"predecessor-version":[{"id":28963,"href":"https:\/\/www.dr-mfo.com\/es\/wp-json\/wp\/v2\/posts\/28904\/revisions\/28963"}],"wp:featuredmedia":[{"embeddable":true,"href":"https:\/\/www.dr-mfo.com\/es\/wp-json\/wp\/v2\/media\/28956"}],"wp:attachment":[{"href":"https:\/\/www.dr-mfo.com\/es\/wp-json\/wp\/v2\/media?parent=28904"}],"wp:term":[{"taxonomy":"category","embeddable":true,"href":"https:\/\/www.dr-mfo.com\/es\/wp-json\/wp\/v2\/categories?post=28904"},{"taxonomy":"post_tag","embeddable":true,"href":"https:\/\/www.dr-mfo.com\/es\/wp-json\/wp\/v2\/tags?post=28904"}],"curies":[{"name":"Gracias","href":"https:\/\/api.w.org\/{rel}","templated":true}]}}