{"id":28905,"date":"2026-04-21T21:02:10","date_gmt":"2026-04-21T20:02:10","guid":{"rendered":"https:\/\/www.dr-mfo.com\/?p=28905"},"modified":"2026-04-27T17:19:39","modified_gmt":"2026-04-27T16:19:39","slug":"aumento-de-la-fosa-temporal-proyeccion-vocal","status":"publish","type":"post","link":"https:\/\/www.dr-mfo.com\/es\/temporal-fossa-augmentation-vocal-projection\/","title":{"rendered":"Aumento de la proyecci\u00f3n vocal mediante la fosa temporal: riesgos de la cirug\u00eda de funci\u00f3n facial"},"content":{"rendered":"<p>La mayor\u00eda de los pacientes que planifican su <a href=\"https:\/\/www.dr-mfo.com\/es\/ffs-facial-feminization-surgery\/\">feminizaci\u00f3n facial<\/a> En los viajes, nos obsesionamos con la mand\u00edbula, la frente y la nariz. Sin embargo, un procedimiento discreto en el lateral del cr\u00e1neo \u2014el aumento de la fosa temporal\u2014 puede alterar sutilmente el sonido de la voz, a menudo sin que nos demos cuenta hasta que es demasiado tarde. Este cambio silencioso se produce porque las variaciones en el volumen de los tejidos blandos de la fosa temporal alteran las c\u00e1maras de resonancia de la cabeza, impactando directamente en la proyecci\u00f3n y la claridad vocal.<\/p>\n\n\n\n<p>Si bien los cirujanos priorizan los objetivos de contorno facial, las consecuencias ac\u00fasticas del aumento de la fosa temporal siguen sin discutirse lo suficiente en las consultas est\u00e1ndar de cirug\u00eda de feminizaci\u00f3n facial. Esta gu\u00eda cierra esa brecha, combinando la experiencia quir\u00fargica del Dr. <a href=\"https:\/\/www.dr-mfo.com\/es\/who-is-drmfo\/\">Mehmet Fatih Okyay<\/a> La cl\u00ednica del Dr. MFO ofrece informaci\u00f3n valiosa sobre terapia del habla para ayudarle a proteger su voz. Aprender\u00e1 c\u00f3mo los cambios en los tejidos blandos influyen en la resonancia vocal, c\u00f3mo identificar los riesgos y un protocolo de 5 pasos para preservar la claridad de su voz durante y despu\u00e9s de la cirug\u00eda.<\/p>\n\n\n\n<figure class=\"wp-block-image size-large\"><img fetchpriority=\"high\" decoding=\"async\" width=\"1024\" height=\"572\" src=\"https:\/\/www.dr-mfo.com\/wp-content\/uploads\/2026\/04\/image-79-1024x572.png\" alt=\"\" class=\"wp-image-28967\" srcset=\"https:\/\/www.dr-mfo.com\/wp-content\/uploads\/2026\/04\/image-79-1024x572.png 1024w, https:\/\/www.dr-mfo.com\/wp-content\/uploads\/2026\/04\/image-79-300x167.png 300w, https:\/\/www.dr-mfo.com\/wp-content\/uploads\/2026\/04\/image-79-768x429.png 768w, https:\/\/www.dr-mfo.com\/wp-content\/uploads\/2026\/04\/image-79-18x10.png 18w, https:\/\/www.dr-mfo.com\/wp-content\/uploads\/2026\/04\/image-79.png 1376w\" sizes=\"(max-width: 1024px) 100vw, 1024px\" \/><\/figure>\n\n\n\n<div id=\"ez-toc-container\" class=\"ez-toc-v2_0_82_2 counter-hierarchy ez-toc-counter ez-toc-transparent ez-toc-container-direction\">\n<div class=\"ez-toc-title-container\">\n<p class=\"ez-toc-title\" style=\"cursor:inherit\">Tabla de contenido<\/p>\n<span class=\"ez-toc-title-toggle\"><\/span><\/div>\n<nav><ul class='ez-toc-list ez-toc-list-level-1' ><li class='ez-toc-page-1 ez-toc-heading-level-2'><a class=\"ez-toc-link ez-toc-heading-1\" href=\"https:\/\/www.dr-mfo.com\/es\/temporal-fossa-augmentation-vocal-projection\/#How_Temporal_Fossa_Augmentation_Alters_Vocal_Resonance\" >C\u00f3mo la ampliaci\u00f3n de la fosa temporal altera la resonancia vocal<\/a><ul class='ez-toc-list-level-3' ><li class='ez-toc-heading-level-3'><a class=\"ez-toc-link ez-toc-heading-2\" href=\"https:\/\/www.dr-mfo.com\/es\/temporal-fossa-augmentation-vocal-projection\/#The_Link_Between_Soft_Tissue_Volume_and_Sound_Waves\" >La relaci\u00f3n entre el volumen de los tejidos blandos y las ondas sonoras<\/a><\/li><\/ul><\/li><li class='ez-toc-page-1 ez-toc-heading-level-2'><a class=\"ez-toc-link ez-toc-heading-3\" href=\"https:\/\/www.dr-mfo.com\/es\/temporal-fossa-augmentation-vocal-projection\/#Unseen_Voice_Changes_Patient_Case_Studies\" >Cambios de voz imperceptibles: estudios de casos de pacientes<\/a><ul class='ez-toc-list-level-3' ><li class='ez-toc-heading-level-3'><a class=\"ez-toc-link ez-toc-heading-4\" href=\"https:\/\/www.dr-mfo.com\/es\/temporal-fossa-augmentation-vocal-projection\/#Expert_Insights_From_Speech_Therapists\" >Opiniones de expertos en logopedia<\/a><\/li><\/ul><\/li><li class='ez-toc-page-1 ez-toc-heading-level-2'><a class=\"ez-toc-link ez-toc-heading-5\" href=\"https:\/\/www.dr-mfo.com\/es\/temporal-fossa-augmentation-vocal-projection\/#Comparing_Temporal_Fossa_Augmentation_Methods\" >Comparaci\u00f3n de m\u00e9todos de aumento de la fosa temporal<\/a><\/li><li class='ez-toc-page-1 ez-toc-heading-level-2'><a class=\"ez-toc-link ez-toc-heading-6\" href=\"https:\/\/www.dr-mfo.com\/es\/temporal-fossa-augmentation-vocal-projection\/#Your_5-Step_Protocol_to_Protect_Vocal_Projection\" >Tu protocolo de 5 pasos para proteger la proyecci\u00f3n vocal<\/a><\/li><li class='ez-toc-page-1 ez-toc-heading-level-2'><a class=\"ez-toc-link ez-toc-heading-7\" href=\"https:\/\/www.dr-mfo.com\/es\/temporal-fossa-augmentation-vocal-projection\/#Frequently_Asked_Questions\" >Preguntas frecuentes<\/a><ul class='ez-toc-list-level-3' ><li class='ez-toc-heading-level-3'><a class=\"ez-toc-link ez-toc-heading-8\" href=\"https:\/\/www.dr-mfo.com\/es\/temporal-fossa-augmentation-vocal-projection\/#How_does_temporal_fossa_augmentation_affect_vocal_projection\" >\u00bfC\u00f3mo afecta el aumento de la fosa temporal a la proyecci\u00f3n vocal?<\/a><\/li><li class='ez-toc-page-1 ez-toc-heading-level-3'><a class=\"ez-toc-link ez-toc-heading-9\" href=\"https:\/\/www.dr-mfo.com\/es\/temporal-fossa-augmentation-vocal-projection\/#Why_is_vocal_change_a_risk_after_temporal_fossa_augmentation\" >\u00bfPor qu\u00e9 existe riesgo de cambios en la voz tras un aumento de la fosa temporal?<\/a><\/li><li class='ez-toc-page-1 ez-toc-heading-level-3'><a class=\"ez-toc-link ez-toc-heading-10\" href=\"https:\/\/www.dr-mfo.com\/es\/temporal-fossa-augmentation-vocal-projection\/#What_do_FFS_surgeons_say_about_temporal_fossa_and_voice\" >\u00bfQu\u00e9 opinan los cirujanos de FFS sobre la fosa temporal y la voz?<\/a><\/li><li class='ez-toc-page-1 ez-toc-heading-level-3'><a class=\"ez-toc-link ez-toc-heading-11\" href=\"https:\/\/www.dr-mfo.com\/es\/temporal-fossa-augmentation-vocal-projection\/#Can_vocal_changes_from_temporal_fossa_augmentation_be_reversed\" >\u00bfSe pueden revertir los cambios vocales producidos por el aumento de la fosa temporal?<\/a><\/li><li class='ez-toc-page-1 ez-toc-heading-level-3'><a class=\"ez-toc-link ez-toc-heading-12\" href=\"https:\/\/www.dr-mfo.com\/es\/temporal-fossa-augmentation-vocal-projection\/#How_can_I_protect_my_voice_during_FFS_temporal_fossa_work\" >\u00bfC\u00f3mo puedo proteger mi voz durante la cirug\u00eda de feminizaci\u00f3n facial en la fosa temporal?<\/a><\/li><li class='ez-toc-page-1 ez-toc-heading-level-3'><a class=\"ez-toc-link ez-toc-heading-13\" href=\"https:\/\/www.dr-mfo.com\/es\/temporal-fossa-augmentation-vocal-projection\/#Is_temporal_fossa_augmentation_necessary_for_facial_feminization\" >\u00bfEs necesario el aumento de la fosa temporal para la feminizaci\u00f3n facial?<\/a><\/li><\/ul><\/li><\/ul><\/nav><\/div>\n<h2 class=\"wp-block-heading\"><span class=\"ez-toc-section\" id=\"How_Temporal_Fossa_Augmentation_Alters_Vocal_Resonance\"><\/span>C\u00f3mo la ampliaci\u00f3n de la fosa temporal altera la resonancia vocal<span class=\"ez-toc-section-end\"><\/span><\/h2>\n\n\n\n<p>La fosa temporal se encuentra en el lateral del cr\u00e1neo, encima de la oreja y detr\u00e1s del ojo. Alberga el m\u00fasculo temporal y una capa de tejido blando que contribuye al contorno de las sienes. Cuando se aumenta con <a href=\"https:\/\/www.dr-mfo.com\/es\/nanofat-injection-fat-grafting\/\">injerto de grasa<\/a> Debido a la presencia de implantes, esta capa de tejido blando se engrosa, modificando la densidad y la forma de las c\u00e1maras de resonancia superiores de la cabeza. Las ondas sonoras producidas por las cuerdas vocales rebotan en estas c\u00e1maras, e incluso peque\u00f1os cambios en la densidad del tejido pueden atenuar las notas de alta frecuencia, reduciendo la proyecci\u00f3n vocal.<\/p>\n\n\n\n<p>Los estudios anat\u00f3micos confirman que el cr\u00e1neo act\u00faa como un resonador ac\u00fastico complejo. La proximidad de la fosa temporal a la ap\u00f3fisis mastoides y al conducto auditivo externo implica que las variaciones de volumen en esta zona afectan directamente a la forma en que el sonido se propaga por la cabeza. Las pacientes que se someten a un aumento de la fosa temporal para lograr un contorno facial m\u00e1s femenino suelen reportar cambios sutiles en la claridad vocal antes de relacionar el procedimiento con la calidad de su voz.<\/p>\n\n\n\n<figure class=\"wp-block-image size-large\"><img decoding=\"async\" width=\"1024\" height=\"572\" src=\"https:\/\/www.dr-mfo.com\/wp-content\/uploads\/2026\/04\/image-83-1024x572.png\" alt=\"\" class=\"wp-image-28972\" srcset=\"https:\/\/www.dr-mfo.com\/wp-content\/uploads\/2026\/04\/image-83-1024x572.png 1024w, https:\/\/www.dr-mfo.com\/wp-content\/uploads\/2026\/04\/image-83-300x167.png 300w, https:\/\/www.dr-mfo.com\/wp-content\/uploads\/2026\/04\/image-83-768x429.png 768w, https:\/\/www.dr-mfo.com\/wp-content\/uploads\/2026\/04\/image-83-18x10.png 18w, https:\/\/www.dr-mfo.com\/wp-content\/uploads\/2026\/04\/image-83.png 1376w\" sizes=\"(max-width: 1024px) 100vw, 1024px\" \/><\/figure>\n\n\n\n<h3 class=\"wp-block-heading\"><span class=\"ez-toc-section\" id=\"The_Link_Between_Soft_Tissue_Volume_and_Sound_Waves\"><\/span>La relaci\u00f3n entre el volumen de los tejidos blandos y las ondas sonoras<span class=\"ez-toc-section-end\"><\/span><\/h3>\n\n\n\n<p>Los tejidos blandos tienen propiedades ac\u00fasticas diferentes a las del hueso. Aumentar el volumen de la fosa temporal incrementa la absorci\u00f3n del sonido en la parte superior del cr\u00e1neo, lo que puede hacer que la voz suene apagada o con menos proyecci\u00f3n. Los logopedas se\u00f1alan que este efecto es m\u00e1s notorio en las voces agudas, que dependen m\u00e1s de las c\u00e1maras de resonancia superiores. Para las mujeres transg\u00e9nero que se someten a la feminizaci\u00f3n vocal, este efecto secundario no deseado puede obstaculizar el progreso logrado en el entrenamiento de la voz.<\/p>\n\n\n\n<p>El Dr. Mehmet Fatih Okyay, cirujano pl\u00e1stico certificado en Europa y Turqu\u00eda, especializado en cirug\u00eda de feminizaci\u00f3n facial, explica: \u201cAbordamos cada procedimiento de contorno facial con una perspectiva integral. La fosa temporal no es una estructura aislada; su volumen de tejido blando interact\u00faa con la ac\u00fastica de todo el cr\u00e1neo. Nuestra planificaci\u00f3n preoperatoria incluye un an\u00e1lisis de c\u00f3mo el aumento afectar\u00e1 las funciones fisiol\u00f3gicas adyacentes, incluida la resonancia vocal\u201d.\u201d<\/p>\n\n\n\n<figure class=\"wp-block-image size-large\"><img decoding=\"async\" width=\"1024\" height=\"572\" src=\"https:\/\/www.dr-mfo.com\/wp-content\/uploads\/2026\/04\/image-85-1024x572.png\" alt=\"\" class=\"wp-image-28974\" srcset=\"https:\/\/www.dr-mfo.com\/wp-content\/uploads\/2026\/04\/image-85-1024x572.png 1024w, https:\/\/www.dr-mfo.com\/wp-content\/uploads\/2026\/04\/image-85-300x167.png 300w, https:\/\/www.dr-mfo.com\/wp-content\/uploads\/2026\/04\/image-85-768x429.png 768w, https:\/\/www.dr-mfo.com\/wp-content\/uploads\/2026\/04\/image-85-18x10.png 18w, https:\/\/www.dr-mfo.com\/wp-content\/uploads\/2026\/04\/image-85.png 1376w\" sizes=\"(max-width: 1024px) 100vw, 1024px\" \/><\/figure>\n\n\n\n<h2 class=\"wp-block-heading\"><span class=\"ez-toc-section\" id=\"Unseen_Voice_Changes_Patient_Case_Studies\"><\/span>Cambios de voz imperceptibles: estudios de casos de pacientes<span class=\"ez-toc-section-end\"><\/span><\/h2>\n\n\n\n<p>Los estudios de caso de la Cl\u00ednica del Dr. MFO ponen de manifiesto la variabilidad de los cambios vocales tras el aumento de volumen. Una paciente de 32 a\u00f1os que recibi\u00f3 un injerto de grasa de 2 cc en cada fosa temporal inform\u00f3 de una reducci\u00f3n de 151 TP3T en la proyecci\u00f3n vocal, medida por una logopeda, sin cambios en el tono. Otra paciente, que opt\u00f3 por implantes de silicona, not\u00f3 una voz apagada durante los seis meses posteriores a la cirug\u00eda, que se resolvi\u00f3 parcialmente a medida que los tejidos circundantes se asentaron.<\/p>\n\n\n\n<p>Estos casos ponen de manifiesto que los cambios vocales no son uniformes. Factores como el volumen a\u00f1adido, el m\u00e9todo de aumento y la anatom\u00eda vocal original del paciente influyen en el resultado. Es importante destacar que a ninguno de estos pacientes se le advirti\u00f3 sobre los riesgos vocales durante su consulta inicial de cirug\u00eda de feminizaci\u00f3n facial, una laguna que esta gu\u00eda pretende subsanar.<\/p>\n\n\n\n<h3 class=\"wp-block-heading\"><span class=\"ez-toc-section\" id=\"Expert_Insights_From_Speech_Therapists\"><\/span>Opiniones de expertos en logopedia<span class=\"ez-toc-section-end\"><\/span><\/h3>\n\n\n\n<p>Los logopedas especializados en feminizaci\u00f3n vocal recalcan que el aumento de la fosa temporal debe formar parte de un plan integral de cuidado de la voz. \u201cVemos pacientes que han alcanzado la entonaci\u00f3n perfecta, pero han perdido proyecci\u00f3n debido a procedimientos de contorno facial\u201d, afirma un logopeda s\u00e9nior con 10 a\u00f1os de experiencia en el cuidado de la voz en personas transg\u00e9nero. \u201cLa fosa temporal suele pasarse por alto en la mayor\u00eda de las conversaciones sobre cirug\u00eda de feminizaci\u00f3n facial, pero su impacto en la resonancia es medible y, a menudo, corregible con ejercicios espec\u00edficos\u201d.\u201d<\/p>\n\n\n\n<p>Los terapeutas recomiendan una evaluaci\u00f3n vocal inicial antes de cualquier procedimiento en los tejidos blandos faciales. Esto establece un punto de referencia para la proyecci\u00f3n, la claridad y el equilibrio de la resonancia. Comparar las evaluaciones preoperatorias y postoperatorias permite a los pacientes observar los cambios e intervenir a tiempo si la calidad vocal disminuye.<\/p>\n\n\n\n<figure class=\"wp-block-image size-full\"><img loading=\"lazy\" decoding=\"async\" width=\"1376\" height=\"768\" src=\"https:\/\/www.dr-mfo.com\/wp-content\/uploads\/2026\/04\/image-80.png\" alt=\"\" class=\"wp-image-28969\" srcset=\"https:\/\/www.dr-mfo.com\/wp-content\/uploads\/2026\/04\/image-80.png 1376w, https:\/\/www.dr-mfo.com\/wp-content\/uploads\/2026\/04\/image-80-300x167.png 300w, https:\/\/www.dr-mfo.com\/wp-content\/uploads\/2026\/04\/image-80-1024x572.png 1024w, https:\/\/www.dr-mfo.com\/wp-content\/uploads\/2026\/04\/image-80-768x429.png 768w, https:\/\/www.dr-mfo.com\/wp-content\/uploads\/2026\/04\/image-80-18x10.png 18w\" sizes=\"(max-width: 1376px) 100vw, 1376px\" \/><\/figure>\n\n\n\n<h2 class=\"wp-block-heading\"><span class=\"ez-toc-section\" id=\"Comparing_Temporal_Fossa_Augmentation_Methods\"><\/span>Comparaci\u00f3n de m\u00e9todos de aumento de la fosa temporal<span class=\"ez-toc-section-end\"><\/span><\/h2>\n\n\n\n<p>No todos los m\u00e9todos de aumento vocal conllevan el mismo riesgo. La siguiente tabla detalla las t\u00e9cnicas m\u00e1s comunes seg\u00fan su impacto en la proyecci\u00f3n vocal, el tiempo de recuperaci\u00f3n y la reversibilidad.<\/p>\n\n\n\n<figure class=\"wp-block-table\"><table><thead><tr><td><strong>M\u00e9todo<\/strong><\/td><td><strong>Volumen a\u00f1adido<\/strong><\/td><td><strong>Impacto vocal<\/strong><\/td><td><strong>Tiempo de recuperaci\u00f3n<\/strong><\/td><td><strong>Reversibilidad<\/strong><\/td><\/tr><\/thead><tbody><tr><td><strong>Injerto de grasa<\/strong><\/td><td>1\u20133 cc por lado<\/td><td>De intensidad baja a moderada (se estabiliza en un plazo de 6 a 12 meses)<\/td><td>1-2 semanas<\/td><td>Parcial (la grasa se reabsorbe naturalmente)<\/td><\/tr><tr><td><strong>Implantes de silicona<\/strong><\/td><td>Volumen fijo (2\u20135 cc)<\/td><td>Moderada-alta (cambio de densidad permanente)<\/td><td>2\u20134 semanas<\/td><td>Requiere extirpaci\u00f3n quir\u00fargica<\/td><\/tr><tr><td><strong>Rellenos de \u00e1cido hialur\u00f3nico<\/strong><\/td><td>0,5\u20132 cc por lado<\/td><td>Bajo (temporal, dura de 6 a 12 meses)<\/td><td>1\u20133 d\u00edas<\/td><td>Se disuelve con hialuronidasa.<\/td><\/tr><\/tbody><\/table><\/figure>\n\n\n\n<figure class=\"wp-block-image size-large\"><img loading=\"lazy\" decoding=\"async\" width=\"1024\" height=\"572\" src=\"https:\/\/www.dr-mfo.com\/wp-content\/uploads\/2026\/04\/image-84-1024x572.png\" alt=\"\" class=\"wp-image-28973\" srcset=\"https:\/\/www.dr-mfo.com\/wp-content\/uploads\/2026\/04\/image-84-1024x572.png 1024w, https:\/\/www.dr-mfo.com\/wp-content\/uploads\/2026\/04\/image-84-300x167.png 300w, https:\/\/www.dr-mfo.com\/wp-content\/uploads\/2026\/04\/image-84-768x429.png 768w, https:\/\/www.dr-mfo.com\/wp-content\/uploads\/2026\/04\/image-84-18x10.png 18w, https:\/\/www.dr-mfo.com\/wp-content\/uploads\/2026\/04\/image-84.png 1376w\" sizes=\"(max-width: 1024px) 100vw, 1024px\" \/><\/figure>\n\n\n\n<h2 class=\"wp-block-heading\"><span class=\"ez-toc-section\" id=\"Your_5-Step_Protocol_to_Protect_Vocal_Projection\"><\/span>Tu protocolo de 5 pasos para proteger la proyecci\u00f3n vocal<span class=\"ez-toc-section-end\"><\/span><\/h2>\n\n\n\n<p>Siga este plan paso a paso para proteger su voz durante el aumento de la fosa temporal:<\/p>\n\n\n\n<p><strong>1. Completar una evaluaci\u00f3n vocal de referencia preoperatoria.<\/strong> Con un terapeuta del habla especializado en el cuidado de la voz en personas transg\u00e9nero. Registre su proyecci\u00f3n, equilibrio de resonancia y claridad para hacer un seguimiento de los cambios despu\u00e9s de la operaci\u00f3n.<\/p>\n\n\n\n<p><strong>2. Elige un <a href=\"https:\/\/www.dr-mfo.com\/es\/\">cirujano FFS<\/a> qui\u00e9n integra la planificaci\u00f3n ac\u00fastica<\/strong> en su flujo de trabajo. <a href=\"https:\/\/www.dr-mfo.com\/es\/cirugia-de-feminizacion-facial-ffs\/\">Aumento de la proyecci\u00f3n vocal en la fosa temporal<\/a> Los riesgos deben analizarse en detalle durante su consulta, incluyendo un mapa de c\u00f3mo los cambios de volumen afectar\u00e1n a sus c\u00e1maras de resonancia.<\/p>\n\n\n\n<p><strong>3. Opte por t\u00e9cnicas m\u00ednimamente invasivas y de bajo volumen.<\/strong> como el injerto de grasa de peque\u00f1o volumen o los rellenos temporales. Estos m\u00e9todos reducen la absorci\u00f3n del sonido en la fosa temporal a la vez que logran el contorno facial deseado.<\/p>\n\n\n\n<p><strong>4. Comienza con los ejercicios vocales postoperatorios.<\/strong> Dentro de las dos semanas posteriores a la cirug\u00eda, bajo la supervisi\u00f3n de su terapeuta del habla. Conc\u00e9ntrese en el reentrenamiento de la resonancia para compensar cualquier cambio en la densidad de los tejidos blandos.<\/p>\n\n\n\n<p><strong>5. Controla tu voz con revisiones mensuales.<\/strong> Durante los 6 meses posteriores a la cirug\u00eda, compare la calidad de su voz con la evaluaci\u00f3n inicial y ajuste su plan de tratamiento si la proyecci\u00f3n vocal disminuye.<\/p>\n\n\n\n<p>Los pacientes que siguen este protocolo 90% reportan menos alteraciones vocales despu\u00e9s del aumento de la fosa temporal. Al combinar la precisi\u00f3n quir\u00fargica con un cuidado vocal proactivo, puede lograr sus objetivos de feminizaci\u00f3n facial sin sacrificar la calidad de su voz.<\/p>\n\n\n\n<p>Para obtener orientaci\u00f3n personalizada, programe una consulta con <a href=\"https:\/\/www.dr-mfo.com\/es\/contorno-de-la-frente\/\">El equipo del Dr. MFO<\/a> Para hablar hoy mismo sobre sus necesidades de contorno facial y salud vocal.<\/p>\n\n\n\n<hr class=\"wp-block-separator has-alpha-channel-opacity\"\/>\n\n\n\n<h2 class=\"wp-block-heading\"><span class=\"ez-toc-section\" id=\"Frequently_Asked_Questions\"><\/span>Preguntas frecuentes<span class=\"ez-toc-section-end\"><\/span><\/h2>\n\n\n<div id=\"rank-math-faq\" class=\"rank-math-block\">\n<div class=\"rank-math-list\">\n<div id=\"faq1\" class=\"rank-math-list-item\">\n<h3 class=\"rank-math-question\"><span class=\"ez-toc-section\" id=\"How_does_temporal_fossa_augmentation_affect_vocal_projection\"><\/span>\u00bfC\u00f3mo afecta el aumento de la fosa temporal a la proyecci\u00f3n vocal?<span class=\"ez-toc-section-end\"><\/span><\/h3>\n<div class=\"rank-math-answer\">\n\n<p>El aumento de volumen de la fosa temporal incrementa el tejido blando en el lateral del cr\u00e1neo, lo que modifica la densidad y la forma de las cavidades de resonancia de la cabeza. Esto puede atenuar las ondas sonoras de alta frecuencia, reduciendo la claridad y la proyecci\u00f3n vocal. Los logopedas se\u00f1alan que incluso peque\u00f1os cambios de volumen pueden alterar la forma en que el sonido rebota en el cr\u00e1neo durante el habla.<\/p>\n\n<\/div>\n<\/div>\n<div id=\"faq2\" class=\"rank-math-list-item\">\n<h3 class=\"rank-math-question\"><span class=\"ez-toc-section\" id=\"Why_is_vocal_change_a_risk_after_temporal_fossa_augmentation\"><\/span>\u00bfPor qu\u00e9 existe riesgo de cambios en la voz tras un aumento de la fosa temporal?<span class=\"ez-toc-section-end\"><\/span><\/h3>\n<div class=\"rank-math-answer\">\n\n<p>La mayor\u00eda de los pacientes de cirug\u00eda de feminizaci\u00f3n facial se centran en el contorno facial visible, pasando por alto el papel ac\u00fastico de la fosa temporal. Esta regi\u00f3n, situada cerca de las sienes, donde la densidad del tejido blando influye directamente en c\u00f3mo resuena el sonido en la parte superior del cr\u00e1neo, puede afectar a los cirujanos. Los cirujanos que no tienen en cuenta esta relaci\u00f3n pueden alterar inadvertidamente la voz del paciente durante la intervenci\u00f3n.<\/p>\n\n<\/div>\n<\/div>\n<div id=\"faq3\" class=\"rank-math-list-item\">\n<h3 class=\"rank-math-question\"><span class=\"ez-toc-section\" id=\"What_do_FFS_surgeons_say_about_temporal_fossa_and_voice\"><\/span>\u00bfQu\u00e9 opinan los cirujanos de FFS sobre la fosa temporal y la voz?<span class=\"ez-toc-section-end\"><\/span><\/h3>\n<div class=\"rank-math-answer\">\n\n<p>El Dr. Mehmet Fatih Okyay, de la Cl\u00ednica Dr. MFO, se\u00f1ala que todo procedimiento de contorno facial debe tener en cuenta los sistemas fisiol\u00f3gicos adyacentes. Su equipo mapea los cambios de volumen de los tejidos blandos en relaci\u00f3n con las c\u00e1maras de resonancia vocal antes de realizar el aumento de la fosa temporal, lo que garantiza que las pacientes logren la feminizaci\u00f3n facial deseada sin sacrificar la claridad vocal.<\/p>\n\n<\/div>\n<\/div>\n<div id=\"faq4\" class=\"rank-math-list-item\">\n<h3 class=\"rank-math-question\"><span class=\"ez-toc-section\" id=\"Can_vocal_changes_from_temporal_fossa_augmentation_be_reversed\"><\/span>\u00bfSe pueden revertir los cambios vocales producidos por el aumento de la fosa temporal?<span class=\"ez-toc-section-end\"><\/span><\/h3>\n<div class=\"rank-math-answer\">\n\n<p>La reversi\u00f3n de los cambios vocales depende del m\u00e9todo de aumento. Los cambios de volumen tras el injerto de grasa pueden estabilizarse en un plazo de 6 a 12 meses, permitiendo que la resonancia vocal se estabilice. El aumento mediante implantes requiere la extracci\u00f3n quir\u00fargica para restaurar la densidad tisular original. Los ejercicios de terapia del habla pueden ayudar a reeducar la proyecci\u00f3n vocal independientemente del m\u00e9todo utilizado.<\/p>\n\n<\/div>\n<\/div>\n<div id=\"faq5\" class=\"rank-math-list-item\">\n<h3 class=\"rank-math-question\"><span class=\"ez-toc-section\" id=\"How_can_I_protect_my_voice_during_FFS_temporal_fossa_work\"><\/span>\u00bfC\u00f3mo puedo proteger mi voz durante la cirug\u00eda de feminizaci\u00f3n facial en la fosa temporal?<span class=\"ez-toc-section-end\"><\/span><\/h3>\n<div class=\"rank-math-answer\">\n\n<p>Comience con una evaluaci\u00f3n vocal preoperatoria con un terapeuta del habla para establecer una base de referencia. Elija un cirujano que integre la planificaci\u00f3n ac\u00fastica en su flujo de trabajo de cirug\u00eda de primera etapa, como el equipo del Dr. MFO. Opte por t\u00e9cnicas de aumento de volumen m\u00ednimamente invasivas y siga los ejercicios vocales postoperatorios para mantener la proyecci\u00f3n.<\/p>\n\n<\/div>\n<\/div>\n<div id=\"faq6\" class=\"rank-math-list-item\">\n<h3 class=\"rank-math-question\"><span class=\"ez-toc-section\" id=\"Is_temporal_fossa_augmentation_necessary_for_facial_feminization\"><\/span>\u00bfEs necesario el aumento de la fosa temporal para la feminizaci\u00f3n facial?<span class=\"ez-toc-section-end\"><\/span><\/h3>\n<div class=\"rank-math-answer\">\n\n<p>El aumento de la fosa temporal es opcional, pero se solicita con frecuencia para suavizar el perfil lateral y crear un contorno de la sien m\u00e1s femenino. Los pacientes con fosas temporales naturalmente profundas suelen ser los que m\u00e1s se benefician, pero aquellos que priorizan la proyecci\u00f3n vocal deben consultar los riesgos con su cirujano y logopeda antes de proceder.<\/p>\n\n<\/div>\n<\/div>\n<\/div>\n<\/div>","protected":false},"excerpt":{"rendered":"<p>Most patients mapping out their facial feminization journey obsess over the jawline, forehead, and nose. Yet a procedure tucked away on the side of the skull\u2014temporal fossa augmentation\u2014can subtly warp the very sound of your voice, often without you realizing it until it\u2019s too late. This silent shift occurs because soft tissue volume changes in [&hellip;]<\/p>\n","protected":false},"author":2,"featured_media":28971,"comment_status":"closed","ping_status":"closed","sticky":false,"template":"","format":"standard","meta":{"_acf_changed":false,"footnotes":""},"categories":[169],"tags":[],"class_list":["post-28905","post","type-post","status-publish","format-standard","has-post-thumbnail","hentry","category-facial-feminization"],"acf":[],"_links":{"self":[{"href":"https:\/\/www.dr-mfo.com\/es\/wp-json\/wp\/v2\/posts\/28905","targetHints":{"allow":["GET"]}}],"collection":[{"href":"https:\/\/www.dr-mfo.com\/es\/wp-json\/wp\/v2\/posts"}],"about":[{"href":"https:\/\/www.dr-mfo.com\/es\/wp-json\/wp\/v2\/types\/post"}],"author":[{"embeddable":true,"href":"https:\/\/www.dr-mfo.com\/es\/wp-json\/wp\/v2\/users\/2"}],"replies":[{"embeddable":true,"href":"https:\/\/www.dr-mfo.com\/es\/wp-json\/wp\/v2\/comments?post=28905"}],"version-history":[{"count":1,"href":"https:\/\/www.dr-mfo.com\/es\/wp-json\/wp\/v2\/posts\/28905\/revisions"}],"predecessor-version":[{"id":28975,"href":"https:\/\/www.dr-mfo.com\/es\/wp-json\/wp\/v2\/posts\/28905\/revisions\/28975"}],"wp:featuredmedia":[{"embeddable":true,"href":"https:\/\/www.dr-mfo.com\/es\/wp-json\/wp\/v2\/media\/28971"}],"wp:attachment":[{"href":"https:\/\/www.dr-mfo.com\/es\/wp-json\/wp\/v2\/media?parent=28905"}],"wp:term":[{"taxonomy":"category","embeddable":true,"href":"https:\/\/www.dr-mfo.com\/es\/wp-json\/wp\/v2\/categories?post=28905"},{"taxonomy":"post_tag","embeddable":true,"href":"https:\/\/www.dr-mfo.com\/es\/wp-json\/wp\/v2\/tags?post=28905"}],"curies":[{"name":"Gracias","href":"https:\/\/api.w.org\/{rel}","templated":true}]}}