{"id":11344,"date":"2025-01-11T10:42:51","date_gmt":"2025-01-11T10:42:51","guid":{"rendered":"https:\/\/writer.e42art.com\/?p=16"},"modified":"2026-02-21T21:27:35","modified_gmt":"2026-02-21T21:27:35","slug":"comment-obtenir-la-pomme-dadams","status":"publish","type":"post","link":"https:\/\/www.dr-mfo.com\/fr\/how-to-get-adams-apple\/","title":{"rendered":"Comment obtenir la pomme d'Adam ?"},"content":{"rendered":"<p>La pomme d&#039;Adam, ou pro\u00e9minence laryng\u00e9e, est une caract\u00e9ristique commune souvent associ\u00e9e aux hommes, bien que pr\u00e9sente \u00e0 des degr\u00e9s divers chez tous les individus. Bien que sa pr\u00e9sence soit largement d\u00e9termin\u00e9e par la g\u00e9n\u00e9tique et les influences hormonales, de nombreuses personnes cherchent \u00e0 comprendre son d\u00e9veloppement et la fa\u00e7on dont son apparence peut \u00eatre per\u00e7ue. Cet article explorera l&#039;anatomie de la pomme d&#039;Adam, les facteurs influen\u00e7ant sa taille et abordera l&#039;id\u00e9e fausse courante sur la cr\u00e9ation chirurgicale. Enfin, nous discuterons des strat\u00e9gies permettant de g\u00e9rer les perceptions de son apparence.<\/p>\n\n\n\n<figure class=\"wp-block-image size-large\"><img fetchpriority=\"high\" decoding=\"async\" width=\"683\" height=\"1024\" src=\"https:\/\/www.dr-mfo.com\/wp-content\/uploads\/2025\/01\/image-22-683x1024.png\" alt=\"\" class=\"wp-image-11390\" srcset=\"https:\/\/www.dr-mfo.com\/wp-content\/uploads\/2025\/01\/image-22-683x1024.png 683w, https:\/\/www.dr-mfo.com\/wp-content\/uploads\/2025\/01\/image-22-200x300.png 200w, https:\/\/www.dr-mfo.com\/wp-content\/uploads\/2025\/01\/image-22-8x12.png 8w, https:\/\/www.dr-mfo.com\/wp-content\/uploads\/2025\/01\/image-22.png 740w\" sizes=\"(max-width: 683px) 100vw, 683px\" \/><\/figure>\n\n\n\n<div id=\"ez-toc-container\" class=\"ez-toc-v2_0_82_2 counter-hierarchy ez-toc-counter ez-toc-transparent ez-toc-container-direction\">\n<div class=\"ez-toc-title-container\">\n<p class=\"ez-toc-title\" style=\"cursor:inherit\">Table des mati\u00e8res<\/p>\n<span class=\"ez-toc-title-toggle\"><\/span><\/div>\n<nav><ul class='ez-toc-list ez-toc-list-level-1' ><li class='ez-toc-page-1 ez-toc-heading-level-2'><a class=\"ez-toc-link ez-toc-heading-1\" href=\"https:\/\/www.dr-mfo.com\/fr\/how-to-get-adams-apple\/#Understanding_Your_Laryngeal_Prominence\" >Comprendre la pro\u00e9minence de votre larynx<\/a><\/li><li class='ez-toc-page-1 ez-toc-heading-level-2'><a class=\"ez-toc-link ez-toc-heading-2\" href=\"https:\/\/www.dr-mfo.com\/fr\/how-to-get-adams-apple\/#Factors_Influencing_Adams_Apple_Size\" >Facteurs influen\u00e7ant la taille de la pomme d&#039;Adam<\/a><\/li><li class='ez-toc-page-1 ez-toc-heading-level-2'><a class=\"ez-toc-link ez-toc-heading-3\" href=\"https:\/\/www.dr-mfo.com\/fr\/how-to-get-adams-apple\/#No_Surgical_Adams_Apple_Creation\" >Aucune cr\u00e9ation chirurgicale de la pomme d&#039;Adam<\/a><\/li><li class='ez-toc-page-1 ez-toc-heading-level-2'><a class=\"ez-toc-link ez-toc-heading-4\" href=\"https:\/\/www.dr-mfo.com\/fr\/how-to-get-adams-apple\/#Managing_Perceptions_of_Appearance\" >G\u00e9rer les perceptions de l&#039;apparence<\/a><\/li><\/ul><\/nav><\/div>\n<h2 class=\"wp-block-heading\"><span class=\"ez-toc-section\" id=\"Understanding_Your_Laryngeal_Prominence\"><\/span>Comprendre la pro\u00e9minence de votre larynx<span class=\"ez-toc-section-end\"><\/span><\/h2>\n\n\n\n<p>La pomme d&#039;Adam est la protub\u00e9rance visible \u00e0 l&#039;avant du cou, form\u00e9e par le cartilage thyro\u00efdien. Ce cartilage fait partie du larynx, ou bo\u00eete vocale, qui prot\u00e8ge les cordes vocales et joue un r\u00f4le crucial dans la production de la parole. Le cartilage thyro\u00efdien a la forme d&#039;un bouclier et est plus grand chez les hommes en raison de l&#039;influence de la testost\u00e9rone pendant la pubert\u00e9. Cette augmentation de taille conduit \u00e0 une pomme d&#039;Adam plus pro\u00e9minente. Chez les femmes, le cartilage thyro\u00efdien est plus petit et moins visible. Il est important de se rappeler que la pomme d&#039;Adam est une structure anatomique naturelle, et non une entit\u00e9 distincte.<\/p>\n\n\n\n<p>La taille et la pro\u00e9minence de la pomme d&#039;Adam varient consid\u00e9rablement d&#039;un individu \u00e0 l&#039;autre, m\u00eame au sein d&#039;un m\u00eame sexe. Certaines personnes peuvent avoir une pomme d&#039;Adam tr\u00e8s pro\u00e9minente, tandis que d&#039;autres en ont une \u00e0 peine perceptible. Cette variation est normale et refl\u00e8te la diversit\u00e9 naturelle de l&#039;anatomie humaine. La compr\u00e9hension de l&#039;anatomie de base permet de dissiper les mythes et les id\u00e9es fausses entourant son d\u00e9veloppement et son apparence. La pomme d&#039;Adam n&#039;est qu&#039;une manifestation visible de la structure laryng\u00e9e sous-jacente.<\/p>\n\n\n\n<p>La fonction de la pomme d&#039;Adam est avant tout protectrice. Le cartilage thyro\u00efdien prot\u00e8ge les cordes vocales d\u00e9licates des blessures. Sa taille et sa forme contribuent \u00e0 la r\u00e9sonance et \u00e0 la qualit\u00e9 de la voix, bien que la relation pr\u00e9cise soit complexe et pas enti\u00e8rement comprise. La pro\u00e9minence de la pomme d&#039;Adam n&#039;est pas directement li\u00e9e \u00e0 la capacit\u00e9 ou \u00e0 la force vocale. De nombreux facteurs influencent les capacit\u00e9s vocales, notamment la sant\u00e9 des cordes vocales, la technique et la fonction respiratoire globale.<\/p>\n\n\n\n<p>Enfin, il est important de noter que la pomme d&#039;Adam n&#039;est pas uniquement une caract\u00e9ristique masculine. Bien que plus prononc\u00e9e chez les hommes, tous les individus poss\u00e8dent un cartilage thyro\u00efde et un larynx. Le degr\u00e9 de pro\u00e9minence varie simplement en raison de facteurs hormonaux et g\u00e9n\u00e9tiques. Se concentrer sur la fonction et le r\u00f4le anatomique de la pomme d&#039;Adam peut fournir une compr\u00e9hension plus pr\u00e9cise et moins biais\u00e9e de cette caract\u00e9ristique commune.<\/p>\n\n\n\n<h2 class=\"wp-block-heading\"><span class=\"ez-toc-section\" id=\"Factors_Influencing_Adams_Apple_Size\"><\/span>Facteurs influen\u00e7ant la taille de la pomme d&#039;Adam<span class=\"ez-toc-section-end\"><\/span><\/h2>\n\n\n\n<p>Le facteur le plus important qui influence la taille de la pomme d&#039;Adam est la testost\u00e9rone. Pendant la pubert\u00e9, une augmentation de la testost\u00e9rone chez les hommes entra\u00eene la croissance et le d\u00e9veloppement du cartilage thyro\u00efdien, ce qui donne une pomme d&#039;Adam plus pro\u00e9minente. L&#039;ampleur de cette croissance varie en fonction de la pr\u00e9disposition g\u00e9n\u00e9tique individuelle. Certaines personnes sont g\u00e9n\u00e9tiquement pr\u00e9dispos\u00e9es \u00e0 avoir des cartilages thyro\u00efdiens plus gros, quel que soit leur taux de testost\u00e9rone.<\/p>\n\n\n\n<p>La g\u00e9n\u00e9tique joue un r\u00f4le crucial dans la d\u00e9termination de la taille et de la forme globales des structures laryng\u00e9es. Les ant\u00e9c\u00e9dents familiaux peuvent fournir des indices sur la taille potentielle de la pomme d&#039;Adam. Si les m\u00e2les d&#039;une famille ont tendance \u00e0 avoir des pommes d&#039;Adam pro\u00e9minentes, il est plus probable que la prog\u00e9niture m\u00e2le aura \u00e9galement une caract\u00e9ristique similaire. Cette influence h\u00e9r\u00e9ditaire fonctionne ind\u00e9pendamment d&#039;autres facteurs.<\/p>\n\n\n\n<p>Bien que la testost\u00e9rone soit le principal facteur hormonal, d&#039;autres facteurs peuvent indirectement affecter la taille per\u00e7ue de la pomme d&#039;Adam. Les fluctuations de poids peuvent influencer l&#039;apparence g\u00e9n\u00e9rale du cou, faisant para\u00eetre la pomme d&#039;Adam plus ou moins pro\u00e9minente. De m\u00eame, le d\u00e9veloppement musculaire dans la r\u00e9gion du cou peut modifier l&#039;impression visuelle de la pro\u00e9minence du larynx.<\/p>\n\n\n\n<p>En r\u00e9sum\u00e9, la taille de la pomme d&#039;Adam d&#039;un individu est le r\u00e9sultat d&#039;une interaction complexe entre pr\u00e9disposition g\u00e9n\u00e9tique, influences hormonales, en particulier les niveaux de testost\u00e9rone pendant la pubert\u00e9, et d&#039;autres facteurs comme le poids corporel et le d\u00e9veloppement des muscles du cou. Cette interaction complexe est \u00e0 l&#039;origine de la grande variation observ\u00e9e au sein de la population.<\/p>\n\n\n\n<h2 class=\"wp-block-heading\"><span class=\"ez-toc-section\" id=\"No_Surgical_Adams_Apple_Creation\"><\/span>Aucune cr\u00e9ation chirurgicale de la pomme d&#039;Adam<span class=\"ez-toc-section-end\"><\/span><\/h2>\n\n\n\n<p>Il n&#039;existe pas de proc\u00e9dure chirurgicale s\u00fbre et fiable pour cr\u00e9er ou agrandir de mani\u00e8re significative une pomme d&#039;Adam. Bien qu&#039;il existe des interventions chirurgicales pour r\u00e9duire la taille d&#039;une pomme d&#039;Adam pro\u00e9minente (chondrolaryngoplastie), il n&#039;existe pas de proc\u00e9dure \u00e9quivalente pour l&#039;augmenter. Les tentatives d&#039;augmentation chirurgicale de la pomme d&#039;Adam seraient risqu\u00e9es et susceptibles d&#039;entra\u00eener des complications.<\/p>\n\n\n\n<p>Les affirmations sugg\u00e9rant le contraire doivent \u00eatre consid\u00e9r\u00e9es avec un scepticisme extr\u00eame. Toute proc\u00e9dure visant \u00e0 agrandir artificiellement la pomme d&#039;Adam comporterait des risques importants pour le larynx et les structures environnantes, pouvant avoir un impact sur la fonction vocale et m\u00eame sur la respiration. L&#039;anatomie d\u00e9licate du larynx le rend inadapt\u00e9 \u00e0 de telles proc\u00e9dures d&#039;augmentation.<\/p>\n\n\n\n<p>Les personnes envisageant des options chirurgicales pour modifier leur apparence doivent consulter un plasticien certifi\u00e9. <a href=\"https:\/\/www.dr-mfo.com\/fr\/\">chirurgien<\/a> ou un oto-rhino-laryngologiste. Ces sp\u00e9cialistes peuvent fournir des informations pr\u00e9cises sur les risques et les limites de toute intervention chirurgicale, y compris celles li\u00e9es au larynx. Il est essentiel de privil\u00e9gier la s\u00e9curit\u00e9 et d&#039;\u00e9viter les proc\u00e9dures non \u00e9prouv\u00e9es ou risqu\u00e9es.<\/p>\n\n\n\n<p>En fin de compte, privil\u00e9gier un mode de vie sain et l&#039;acceptation de soi est une approche plus constructive que de recourir \u00e0 des proc\u00e9dures potentiellement dangereuses. Les variations naturelles du corps doivent \u00eatre prises en compte plut\u00f4t que modifi\u00e9es chirurgicalement.<\/p>\n\n\n\n<figure class=\"wp-block-image size-large\"><img decoding=\"async\" width=\"1024\" height=\"732\" src=\"https:\/\/www.dr-mfo.com\/wp-content\/uploads\/2025\/01\/image-23-1024x732.png\" alt=\"\" class=\"wp-image-11392\" srcset=\"https:\/\/www.dr-mfo.com\/wp-content\/uploads\/2025\/01\/image-23-1024x732.png 1024w, https:\/\/www.dr-mfo.com\/wp-content\/uploads\/2025\/01\/image-23-300x215.png 300w, https:\/\/www.dr-mfo.com\/wp-content\/uploads\/2025\/01\/image-23-768x549.png 768w, https:\/\/www.dr-mfo.com\/wp-content\/uploads\/2025\/01\/image-23-18x12.png 18w, https:\/\/www.dr-mfo.com\/wp-content\/uploads\/2025\/01\/image-23.png 1060w\" sizes=\"(max-width: 1024px) 100vw, 1024px\" \/><\/figure>\n\n\n\n<h2 class=\"wp-block-heading\"><span class=\"ez-toc-section\" id=\"Managing_Perceptions_of_Appearance\"><\/span>G\u00e9rer les perceptions de l&#039;apparence<span class=\"ez-toc-section-end\"><\/span><\/h2>\n\n\n\n<p>Pour les personnes pr\u00e9occup\u00e9es par l&#039;apparence de leur pomme d&#039;Adam, il est primordial de se concentrer sur l&#039;acceptation de soi et sur une image positive de soi. Les probl\u00e8mes d&#039;image corporelle peuvent \u00eatre complexes et n\u00e9cessitent un soutien professionnel si n\u00e9cessaire. La th\u00e9rapie peut fournir des outils et des strat\u00e9gies pr\u00e9cieux pour g\u00e9rer les probl\u00e8mes d&#039;estime de soi et d&#039;image corporelle.<\/p>\n\n\n\n<p>L&#039;exploration de diff\u00e9rentes coiffures et de diff\u00e9rents choix vestimentaires peut influencer la perception de la pomme d&#039;Adam. L&#039;utilisation strat\u00e9gique d&#039;\u00e9charpes ou de cols roul\u00e9s peut subtilement minimiser sa pro\u00e9minence visuelle, si vous le souhaitez. Cependant, il est important de privil\u00e9gier le confort et le style personnel plut\u00f4t que de tenter de dissimuler compl\u00e8tement une caract\u00e9ristique naturelle.<\/p>\n\n\n\n<p>Se concentrer sur ses points forts et ses qualit\u00e9s peut aider \u00e0 d\u00e9tourner l&#039;attention des d\u00e9fauts per\u00e7us. D\u00e9velopper la confiance et l&#039;estime de soi gr\u00e2ce \u00e0 un dialogue int\u00e9rieur positif et \u00e0 la participation \u00e0 des activit\u00e9s qui favorisent un sentiment d&#039;accomplissement peut am\u00e9liorer consid\u00e9rablement le bien-\u00eatre g\u00e9n\u00e9ral. Il est essentiel de se rappeler que les normes de beaut\u00e9 sont subjectives et varient selon les cultures et les \u00e9poques.<\/p>\n\n\n\n<p>En fin de compte, la gestion des perceptions de l\u2019apparence implique une approche holistique qui privil\u00e9gie l\u2019acceptation de soi, une image positive de soi et des m\u00e9canismes d\u2019adaptation sains. Demander l\u2019aide d\u2019un professionnel pour les probl\u00e8mes d\u2019image corporelle est un signe de force et de soins personnels proactifs, garantissant une vie plus \u00e9quilibr\u00e9e et plus \u00e9panouissante.<\/p>\n\n\n\n<p>La pomme d&#039;Adam, une caract\u00e9ristique anatomique naturelle, est influenc\u00e9e par une combinaison de facteurs g\u00e9n\u00e9tiques et hormonaux. Bien que sa taille varie consid\u00e9rablement, il n&#039;existe aucune m\u00e9thode s\u00fbre pour la cr\u00e9er ou l&#039;agrandir artificiellement. Au lieu de cela, se concentrer sur l&#039;acceptation de soi, g\u00e9rer les perceptions de l&#039;apparence et rechercher un soutien professionnel en cas de besoin sont essentiels pour le bien-\u00eatre g\u00e9n\u00e9ral. Comprendre l&#039;anatomie et les limites des interventions chirurgicales permet aux individus de prendre des d\u00e9cisions \u00e9clair\u00e9es concernant leur apparence et leur sant\u00e9.<\/p>\n\n\n\n<p>Visite&nbsp;<a href=\"https:\/\/www.instagram.com\/dr_mfo\/\" target=\"_blank\" rel=\"noreferrer noopener nofollow\">Profil Instagram du Dr MFO<\/a>&nbsp;pour voir de vraies transformations de patients ! Obtenez un aper\u00e7u des r\u00e9sultats incroyables obtenus gr\u00e2ce au soin du visage&nbsp;<a href=\"https:\/\/www.dr-mfo.com\/fr\/ffs-chirurgie-de-feminisation-du-visage\/\">chirurgie de f\u00e9minisation<\/a>&nbsp;et d&#039;autres proc\u00e9dures. Le profil pr\u00e9sente des photos avant et apr\u00e8s qui mettent en valeur&nbsp;<a href=\"https:\/\/www.dr-mfo.com\/fr\/drmfo\/\">Dr MFO<\/a>L&#039;expertise et la vision artistique de pour cr\u00e9er de beaux r\u00e9sultats d&#039;apparence naturelle.<\/p>\n\n\n\n<p>Pr\u00eat \u00e0 franchir la prochaine \u00e9tape de votre voyage ? Planifier un&nbsp;<a href=\"https:\/\/www.dr-mfo.com\/fr\/obtenir-des-informations-detaillees\/\">consultation gratuite<\/a>&nbsp;avec&nbsp;<a href=\"https:\/\/www.dr-mfo.com\/fr\/qui-est-drmfo\/\">Dr MFO<\/a>&nbsp;(&nbsp;<a href=\"https:\/\/www.instagram.com\/dr_mfo\/\" rel=\"noreferrer noopener nofollow\" target=\"_blank\">Meilleur chirurgien sp\u00e9cialis\u00e9 dans la f\u00e9minisation du visage<\/a>&nbsp;pour vous) aujourd&#039;hui. Au cours de la consultation, vous pourrez discuter de vos objectifs, poser toutes les questions que vous pourriez avoir et en apprendre davantage sur la fa\u00e7on dont&nbsp;<a href=\"https:\/\/www.dr-mfo.com\/fr\/drmfo\/\">Dr MFO<\/a>&nbsp;peut vous aider \u00e0 obtenir le look souhait\u00e9. N&#039;h\u00e9sitez pas \u00e0 profiter de cette opportunit\u00e9 gratuite pour explorer vos options et voir si&nbsp;<a href=\"https:\/\/www.dr-mfo.com\/fr\/qui-est-drmfo\/\">Dr MFO<\/a>&nbsp;est la bonne solution pour vous.<\/p>","protected":false},"excerpt":{"rendered":"<p>Vous \u00eates curieux de conna\u00eetre votre pomme d&#039;Adam ? Ce guide explique son d\u00e9veloppement, ses variations de taille et de pro\u00e9minence, et pourquoi certaines personnes en ont une plus visible que d&#039;autres. D\u00e9couvrez la science derri\u00e8re cette caract\u00e9ristique pro\u00e9minente de la gorge ! #AdamsApple #Antomy #Thorat<\/p>","protected":false},"author":2,"featured_media":11398,"comment_status":"open","ping_status":"open","sticky":false,"template":"","format":"standard","meta":{"_acf_changed":false,"footnotes":""},"categories":[249],"tags":[],"class_list":["post-11344","post","type-post","status-publish","format-standard","has-post-thumbnail","hentry","category-facial-masculinization"],"acf":[],"_links":{"self":[{"href":"https:\/\/www.dr-mfo.com\/fr\/wp-json\/wp\/v2\/posts\/11344","targetHints":{"allow":["GET"]}}],"collection":[{"href":"https:\/\/www.dr-mfo.com\/fr\/wp-json\/wp\/v2\/posts"}],"about":[{"href":"https:\/\/www.dr-mfo.com\/fr\/wp-json\/wp\/v2\/types\/post"}],"author":[{"embeddable":true,"href":"https:\/\/www.dr-mfo.com\/fr\/wp-json\/wp\/v2\/users\/2"}],"replies":[{"embeddable":true,"href":"https:\/\/www.dr-mfo.com\/fr\/wp-json\/wp\/v2\/comments?post=11344"}],"version-history":[{"count":0,"href":"https:\/\/www.dr-mfo.com\/fr\/wp-json\/wp\/v2\/posts\/11344\/revisions"}],"wp:featuredmedia":[{"embeddable":true,"href":"https:\/\/www.dr-mfo.com\/fr\/wp-json\/wp\/v2\/media\/11398"}],"wp:attachment":[{"href":"https:\/\/www.dr-mfo.com\/fr\/wp-json\/wp\/v2\/media?parent=11344"}],"wp:term":[{"taxonomy":"category","embeddable":true,"href":"https:\/\/www.dr-mfo.com\/fr\/wp-json\/wp\/v2\/categories?post=11344"},{"taxonomy":"post_tag","embeddable":true,"href":"https:\/\/www.dr-mfo.com\/fr\/wp-json\/wp\/v2\/tags?post=11344"}],"curies":[{"name":"wp","href":"https:\/\/api.w.org\/{rel}","templated":true}]}}