{"id":12179,"date":"2025-04-15T17:07:32","date_gmt":"2025-04-15T16:07:32","guid":{"rendered":"https:\/\/www.dr-mfo.com\/?p=12179"},"modified":"2026-02-21T19:53:35","modified_gmt":"2026-02-21T19:53:35","slug":"cout-de-la-reduction-de-la-pomme-dadam-ffs-pour-la-laryngoplastie-en-turquie","status":"publish","type":"post","link":"https:\/\/www.dr-mfo.com\/fr\/ffs-adams-apple-reduction-laryngoplasty-cost-turkey\/","title":{"rendered":"Co\u00fbt d&#039;une laryngoplastie (r\u00e9duction de la pomme d&#039;Adam) en Turquie avec chirurgie de f\u00e9minisation faciale\u00a0: avis d&#039;un chirurgien"},"content":{"rendered":"<p>Pour une femme transgenre souhaitant une affirmation de genre faciale, la pro\u00e9minence de la pomme d&#039;Adam peut \u00eatre une source importante de dysphorie. La laryngoplastie, ou r\u00e9duction de la trach\u00e9e, est une intervention chirurgicale visant \u00e0 diminuer la taille de cette pro\u00e9minence laryng\u00e9e, contribuant ainsi \u00e0 un contour du cou plus f\u00e9minin. Elle est souvent envisag\u00e9e en compl\u00e9ment d&#039;une chirurgie plus large. <a href=\"https:\/\/www.dr-mfo.com\/fr\/ffs-facial-feminization-surgery\/\">f\u00e9minisation faciale<\/a> chirurgie (FFS), comprendre les nuances de cette proc\u00e9dure, notamment en ce qui concerne le co\u00fbt dans une destination comme <a href=\"https:\/\/www.dr-mfo.com\/fr\/hidden-paradise-antalya-and-touristic-feautures\/\">Turquie<\/a>, est crucial pour une prise de d\u00e9cision \u00e9clair\u00e9e. Ce discours vise \u00e0 fournir un aper\u00e7u complet d&#039;un point de vue chirurgical.<\/p>\n\n\n\n<figure class=\"wp-block-image size-full\"><img fetchpriority=\"high\" decoding=\"async\" width=\"1408\" height=\"768\" src=\"https:\/\/www.dr-mfo.com\/wp-content\/uploads\/2025\/04\/image-64.png\" alt=\"\" class=\"wp-image-12183\" srcset=\"https:\/\/www.dr-mfo.com\/wp-content\/uploads\/2025\/04\/image-64.png 1408w, https:\/\/www.dr-mfo.com\/wp-content\/uploads\/2025\/04\/image-64-300x164.png 300w, https:\/\/www.dr-mfo.com\/wp-content\/uploads\/2025\/04\/image-64-1024x559.png 1024w\" sizes=\"(max-width: 1408px) 100vw, 1408px\" \/><\/figure>\n\n\n\n<div id=\"ez-toc-container\" class=\"ez-toc-v2_0_82_2 counter-hierarchy ez-toc-counter ez-toc-transparent ez-toc-container-direction\">\n<div class=\"ez-toc-title-container\">\n<p class=\"ez-toc-title\" style=\"cursor:inherit\">Table des mati\u00e8res<\/p>\n<span class=\"ez-toc-title-toggle\"><\/span><\/div>\n<nav><ul class='ez-toc-list ez-toc-list-level-1' ><li class='ez-toc-page-1 ez-toc-heading-level-2'><a class=\"ez-toc-link ez-toc-heading-1\" href=\"https:\/\/www.dr-mfo.com\/fr\/ffs-adams-apple-reduction-laryngoplasty-cost-turkey\/#Anatomical_Considerations_and_Surgical_Technique\" >Consid\u00e9rations anatomiques et technique chirurgicale<\/a><ul class='ez-toc-list-level-3' ><li class='ez-toc-heading-level-3'><a class=\"ez-toc-link ez-toc-heading-2\" href=\"https:\/\/www.dr-mfo.com\/fr\/ffs-adams-apple-reduction-laryngoplasty-cost-turkey\/#The_Role_of_Laryngoplasty_within_Facial_Feminization_Surgery\" >Le r\u00f4le de la laryngoplastie dans la chirurgie de f\u00e9minisation du visage<\/a><\/li><li class='ez-toc-page-1 ez-toc-heading-level-3'><a class=\"ez-toc-link ez-toc-heading-3\" href=\"https:\/\/www.dr-mfo.com\/fr\/ffs-adams-apple-reduction-laryngoplasty-cost-turkey\/#Factors_Influencing_Laryngoplasty_Cost\" >Facteurs influen\u00e7ant le co\u00fbt d&#039;une laryngoplastie<\/a><ul class='ez-toc-list-level-4' ><li class='ez-toc-heading-level-4'><a class=\"ez-toc-link ez-toc-heading-4\" href=\"https:\/\/www.dr-mfo.com\/fr\/ffs-adams-apple-reduction-laryngoplasty-cost-turkey\/#Surgeons_Expertise_and_Reputation\" >Expertise et r\u00e9putation du chirurgien<\/a><\/li><li class='ez-toc-page-1 ez-toc-heading-level-4'><a class=\"ez-toc-link ez-toc-heading-5\" href=\"https:\/\/www.dr-mfo.com\/fr\/ffs-adams-apple-reduction-laryngoplasty-cost-turkey\/#Facility_Fees_and_Anesthesia_Costs\" >Frais d&#039;\u00e9tablissement et co\u00fbts d&#039;anesth\u00e9sie<\/a><\/li><li class='ez-toc-page-1 ez-toc-heading-level-4'><a class=\"ez-toc-link ez-toc-heading-6\" href=\"https:\/\/www.dr-mfo.com\/fr\/ffs-adams-apple-reduction-laryngoplasty-cost-turkey\/#Geographic_Location_The_Case_of_Turkey\" >Situation g\u00e9ographique : le cas de la Turquie<\/a><\/li><li class='ez-toc-page-1 ez-toc-heading-level-4'><a class=\"ez-toc-link ez-toc-heading-7\" href=\"https:\/\/www.dr-mfo.com\/fr\/ffs-adams-apple-reduction-laryngoplasty-cost-turkey\/#Inclusion_within_a_Broader_FFS_Package\" >Inclusion dans un ensemble plus large de programmes FFS<\/a><\/li><li class='ez-toc-page-1 ez-toc-heading-level-4'><a class=\"ez-toc-link ez-toc-heading-8\" href=\"https:\/\/www.dr-mfo.com\/fr\/ffs-adams-apple-reduction-laryngoplasty-cost-turkey\/#Pre-operative_and_Post-operative_Care\" >Soins pr\u00e9op\u00e9ratoires et postop\u00e9ratoires<\/a><\/li><\/ul><\/li><li class='ez-toc-page-1 ez-toc-heading-level-3'><a class=\"ez-toc-link ez-toc-heading-9\" href=\"https:\/\/www.dr-mfo.com\/fr\/ffs-adams-apple-reduction-laryngoplasty-cost-turkey\/#Estimating_Laryngoplasty_Adams_Apple_Reduction_Cost_in_Turkey_with_FFS\" >Estimation du co\u00fbt d&#039;une laryngoplastie (r\u00e9duction de la pomme d&#039;Adam) en Turquie avec FFS<\/a><\/li><li class='ez-toc-page-1 ez-toc-heading-level-3'><a class=\"ez-toc-link ez-toc-heading-10\" href=\"https:\/\/www.dr-mfo.com\/fr\/ffs-adams-apple-reduction-laryngoplasty-cost-turkey\/#Important_Considerations_for_Patients\" >Consid\u00e9rations importantes pour les patients<\/a><ul class='ez-toc-list-level-4' ><li class='ez-toc-heading-level-4'><a class=\"ez-toc-link ez-toc-heading-11\" href=\"https:\/\/www.dr-mfo.com\/fr\/ffs-adams-apple-reduction-laryngoplasty-cost-turkey\/#Surgeon_Qualifications_and_Experience\" >Qualifications et exp\u00e9rience du chirurgien<\/a><\/li><li class='ez-toc-page-1 ez-toc-heading-level-4'><a class=\"ez-toc-link ez-toc-heading-12\" href=\"https:\/\/www.dr-mfo.com\/fr\/ffs-adams-apple-reduction-laryngoplasty-cost-turkey\/#Medical_Facility_Accreditation\" >Accr\u00e9ditation des \u00e9tablissements m\u00e9dicaux<\/a><\/li><li class='ez-toc-page-1 ez-toc-heading-level-4'><a class=\"ez-toc-link ez-toc-heading-13\" href=\"https:\/\/www.dr-mfo.com\/fr\/ffs-adams-apple-reduction-laryngoplasty-cost-turkey\/#Communication_and_Language\" >Communication et langage<\/a><\/li><li class='ez-toc-page-1 ez-toc-heading-level-4'><a class=\"ez-toc-link ez-toc-heading-14\" href=\"https:\/\/www.dr-mfo.com\/fr\/ffs-adams-apple-reduction-laryngoplasty-cost-turkey\/#Pre-operative_Assessment_and_Planning\" >\u00c9valuation et planification pr\u00e9op\u00e9ratoires<\/a><\/li><li class='ez-toc-page-1 ez-toc-heading-level-4'><a class=\"ez-toc-link ez-toc-heading-15\" href=\"https:\/\/www.dr-mfo.com\/fr\/ffs-adams-apple-reduction-laryngoplasty-cost-turkey\/#Post-operative_Care_and_Follow-up\" >Soins et suivi postop\u00e9ratoires<\/a><\/li><li class='ez-toc-page-1 ez-toc-heading-level-4'><a class=\"ez-toc-link ez-toc-heading-16\" href=\"https:\/\/www.dr-mfo.com\/fr\/ffs-adams-apple-reduction-laryngoplasty-cost-turkey\/#Legal_and_Ethical_Considerations\" >Consid\u00e9rations juridiques et \u00e9thiques<\/a><\/li><\/ul><\/li><li class='ez-toc-page-1 ez-toc-heading-level-3'><a class=\"ez-toc-link ez-toc-heading-17\" href=\"https:\/\/www.dr-mfo.com\/fr\/ffs-adams-apple-reduction-laryngoplasty-cost-turkey\/#Conclusion\" >Conclusion<\/a><\/li><\/ul><\/li><\/ul><\/nav><\/div>\n<h2 class=\"wp-block-heading\"><span class=\"ez-toc-section\" id=\"Anatomical_Considerations_and_Surgical_Technique\"><\/span>Consid\u00e9rations anatomiques et technique chirurgicale<span class=\"ez-toc-section-end\"><\/span><\/h2>\n\n\n\n<p>La pomme d&#039;Adam est la saillie ant\u00e9rieure du cartilage thyro\u00efde, un \u00e9l\u00e9ment structurel essentiel du larynx. Sa taille est fortement influenc\u00e9e par des facteurs hormonaux, la testost\u00e9rone entra\u00eenant g\u00e9n\u00e9ralement une augmentation de sa pro\u00e9minence \u00e0 la pubert\u00e9 masculine. Lors d&#039;une laryngoplastie, le chirurgien r\u00e9duit avec pr\u00e9cision l&#039;angle ant\u00e9rieur du cartilage thyro\u00efde. Cette intervention requiert une connaissance approfondie de l&#039;anatomie sous-jacente afin d&#039;\u00e9viter toute l\u00e9sion des cordes vocales ou d&#039;autres structures vitales.<\/p>\n\n\n\n<p>L&#039;intervention consiste g\u00e9n\u00e9ralement en une petite incision horizontale dans un pli cutan\u00e9 naturel du cou afin de minimiser les cicatrices. Une dissection sous-platysmale est r\u00e9alis\u00e9e pour exposer le cartilage thyro\u00efdien. \u00c0 l&#039;aide d&#039;instruments sp\u00e9cialis\u00e9s, la partie pro\u00e9minente du cartilage est soigneusement aras\u00e9e. Les bords sont liss\u00e9s pour cr\u00e9er un contour naturel. Le muscle platysma est ensuite rapproch\u00e9 et la peau est referm\u00e9e par couches. L&#039;intervention est souvent r\u00e9alis\u00e9e sous anesth\u00e9sie g\u00e9n\u00e9rale, bien qu&#039;une anesth\u00e9sie locale avec s\u00e9dation puisse \u00eatre envisag\u00e9e dans certains cas.<\/p>\n\n\n\n<h3 class=\"wp-block-heading\"><span class=\"ez-toc-section\" id=\"The_Role_of_Laryngoplasty_within_Facial_Feminization_Surgery\"><\/span>Le r\u00f4le de la laryngoplastie dans la chirurgie de f\u00e9minisation du visage<span class=\"ez-toc-section-end\"><\/span><\/h3>\n\n\n\n<p>La chirurgie de f\u00e9minisation faciale englobe un ensemble d&#039;interventions visant \u00e0 adoucir les traits masculins du visage pour les rapprocher des canons de beaut\u00e9 f\u00e9minins. Ces interventions ciblent diff\u00e9rents aspects du visage, tels que\u2026 <a href=\"https:\/\/www.dr-mfo.com\/fr\/forehead-contouring\/\">modelage du front<\/a>, <a href=\"https:\/\/www.dr-mfo.com\/fr\/nose-job-rhinoplasty\/\">rhinoplastie<\/a>, augmentation des l\u00e8vres et r\u00e9duction du menton \u2013 la laryngoplastie cible sp\u00e9cifiquement le cou.<\/p>\n\n\n\n<p>La pomme d&#039;Adam est un trait masculin tr\u00e8s visible et persistant, qui peut nuire \u00e0 l&#039;image f\u00e9minine globale. La traiter par laryngoplastie peut consid\u00e9rablement am\u00e9liorer la perception de la f\u00e9minit\u00e9 du visage et du cou, contribuant ainsi \u00e0 une plus grande coh\u00e9rence entre l&#039;identit\u00e9 de genre interne et l&#039;apparence ext\u00e9rieure. C&#039;est pourquoi elle est fr\u00e9quemment int\u00e9gr\u00e9e \u00e0 un plan FFS complet.<\/p>\n\n\n\n<h3 class=\"wp-block-heading\"><span class=\"ez-toc-section\" id=\"Factors_Influencing_Laryngoplasty_Cost\"><\/span>Facteurs influen\u00e7ant le co\u00fbt d&#039;une laryngoplastie<span class=\"ez-toc-section-end\"><\/span><\/h3>\n\n\n\n<p>Le co\u00fbt d&#039;une laryngoplastie, qu&#039;elle soit r\u00e9alis\u00e9e isol\u00e9ment ou dans le cadre d&#039;une FFS, d\u00e9pend de plusieurs facteurs cl\u00e9s. La compr\u00e9hension de ces variables est essentielle pour les patients envisageant cette intervention, notamment lorsqu&#039;ils explorent les options disponibles dans diff\u00e9rentes r\u00e9gions g\u00e9ographiques.<\/p>\n\n\n\n<h4 class=\"wp-block-heading\"><span class=\"ez-toc-section\" id=\"Surgeons_Expertise_and_Reputation\"><\/span>Expertise et r\u00e9putation du chirurgien<span class=\"ez-toc-section-end\"><\/span><\/h4>\n\n\n\n<p>L&#039;exp\u00e9rience, les qualifications et la r\u00e9putation du chirurgien sont des facteurs d\u00e9terminants du co\u00fbt. Les chirurgiens poss\u00e9dant une vaste exp\u00e9rience en chirurgie faciale d&#039;affirmation de genre, y compris la laryngoplastie, et b\u00e9n\u00e9ficiant d&#039;un historique de r\u00e9sultats positifs, pratiquent g\u00e9n\u00e9ralement des honoraires plus \u00e9lev\u00e9s. Leur expertise minimise les risques de complications et maximise les chances d&#039;obtenir le r\u00e9sultat esth\u00e9tique souhait\u00e9.<\/p>\n\n\n\n<h4 class=\"wp-block-heading\"><span class=\"ez-toc-section\" id=\"Facility_Fees_and_Anesthesia_Costs\"><\/span>Frais d&#039;\u00e9tablissement et co\u00fbts d&#039;anesth\u00e9sie<span class=\"ez-toc-section-end\"><\/span><\/h4>\n\n\n\n<p>Le lieu de l&#039;intervention chirurgicale contribue \u00e9galement au co\u00fbt global. Les h\u00f4pitaux agr\u00e9\u00e9s et les centres chirurgicaux sp\u00e9cialis\u00e9s ont souvent des frais g\u00e9n\u00e9raux plus \u00e9lev\u00e9s que les cliniques plus petites. Le type d&#039;anesth\u00e9sie utilis\u00e9 (g\u00e9n\u00e9rale ou locale avec s\u00e9dation) et les honoraires de l&#039;anesth\u00e9siste sont des facteurs suppl\u00e9mentaires qui influencent le co\u00fbt total.<\/p>\n\n\n\n<h4 class=\"wp-block-heading\"><span class=\"ez-toc-section\" id=\"Geographic_Location_The_Case_of_Turkey\"><\/span>Situation g\u00e9ographique : le cas de la Turquie<span class=\"ez-toc-section-end\"><\/span><\/h4>\n\n\n\n<p>La Turquie est devenue une destination pris\u00e9e pour le tourisme m\u00e9dical, notamment pour les chirurgies de r\u00e9assignation sexuelle. Le co\u00fbt des interventions m\u00e9dicales, notamment la laryngoplastie et la FFS, est souvent nettement inf\u00e9rieur en Turquie \u00e0 celui de nombreux pays occidentaux, comme les \u00c9tats-Unis, le Canada et certaines r\u00e9gions d&#039;Europe. Cet \u00e9cart de co\u00fbt s&#039;explique principalement par des facteurs tels que des co\u00fbts d&#039;exploitation plus faibles, des taux de change plus bas et des prix comp\u00e9titifs sur le march\u00e9 turc de la sant\u00e9.<\/p>\n\n\n\n<p>Il est toutefois essentiel de souligner que le co\u00fbt ne doit pas \u00eatre le seul facteur d\u00e9terminant. La qualit\u00e9 des soins, les qualifications du chirurgien, l&#039;accr\u00e9ditation de l&#039;\u00e9tablissement m\u00e9dical et la disponibilit\u00e9 d&#039;un suivi postop\u00e9ratoire complet sont des crit\u00e8res primordiaux.<\/p>\n\n\n\n<h4 class=\"wp-block-heading\"><span class=\"ez-toc-section\" id=\"Inclusion_within_a_Broader_FFS_Package\"><\/span>Inclusion dans un ensemble plus large de programmes FFS<span class=\"ez-toc-section-end\"><\/span><\/h4>\n\n\n\n<p>Lorsqu&#039;une laryngoplastie est r\u00e9alis\u00e9e dans le cadre d&#039;une formule plus compl\u00e8te de r\u00e9mun\u00e9ration \u00e0 l&#039;acte, le co\u00fbt global peut \u00eatre structur\u00e9 diff\u00e9remment. Certains chirurgiens ou cliniques proposent des formules globales plus avantageuses que de r\u00e9aliser chaque intervention s\u00e9par\u00e9ment. Il est essentiel d&#039;obtenir une ventilation d\u00e9taill\u00e9e des co\u00fbts associ\u00e9s \u00e0 chaque composante de la formule de r\u00e9mun\u00e9ration \u00e0 l&#039;acte, incluant la laryngoplastie, l&#039;anesth\u00e9sie, les frais d&#039;\u00e9tablissement et les soins postop\u00e9ratoires.<\/p>\n\n\n\n<h4 class=\"wp-block-heading\"><span class=\"ez-toc-section\" id=\"Pre-operative_and_Post-operative_Care\"><\/span>Soins pr\u00e9op\u00e9ratoires et postop\u00e9ratoires<span class=\"ez-toc-section-end\"><\/span><\/h4>\n\n\n\n<p>Le co\u00fbt total doit \u00e9galement inclure les consultations pr\u00e9op\u00e9ratoires, les examens m\u00e9dicaux n\u00e9cessaires et les soins postop\u00e9ratoires, y compris les rendez-vous de suivi et les m\u00e9dicaments n\u00e9cessaires. Il est essentiel de clarifier ce qui est inclus dans le devis afin d&#039;\u00e9viter des d\u00e9penses impr\u00e9vues.<\/p>\n\n\n\n<h3 class=\"wp-block-heading\"><span class=\"ez-toc-section\" id=\"Estimating_Laryngoplasty_Adams_Apple_Reduction_Cost_in_Turkey_with_FFS\"><\/span>Estimation du co\u00fbt d&#039;une laryngoplastie (r\u00e9duction de la pomme d&#039;Adam) en Turquie avec FFS<span class=\"ez-toc-section-end\"><\/span><\/h3>\n\n\n\n<p>Fournir une estimation pr\u00e9cise du co\u00fbt d&#039;une laryngoplastie avec <a href=\"https:\/\/www.dr-mfo.com\/fr\/\">FFS en Turquie<\/a> Il est difficile d&#039;\u00e9tablir un devis sans une \u00e9valuation individuelle approfondie. Toutefois, compte tenu des tendances g\u00e9n\u00e9rales et des informations disponibles, les patients peuvent s&#039;attendre \u00e0 ce que le co\u00fbt d&#039;une laryngoplastie, en tant qu&#039;intervention isol\u00e9e, se situe entre\u2026 <strong>1 500 \u20ac \u00e0 3 000 \u20ac<\/strong>.<\/p>\n\n\n\n<p>Associ\u00e9e \u00e0 une formule compl\u00e8te de FFS, le co\u00fbt de la laryngoplastie est g\u00e9n\u00e9ralement int\u00e9gr\u00e9 au prix global. En Turquie, le co\u00fbt total d&#039;une FFS peut varier consid\u00e9rablement selon le nombre et la complexit\u00e9 des interventions, mais il se situe g\u00e9n\u00e9ralement entre <strong>5 000 \u20ac \u00e0 20 000 \u20ac ou plus<\/strong>.<\/p>\n\n\n\n<p>Il est fortement recommand\u00e9 aux personnes souhaitant subir ces interventions de demander des devis personnalis\u00e9s aupr\u00e8s de chirurgiens et de cliniques r\u00e9put\u00e9s en Turquie. Ces consultations permettront d&#039;aborder en d\u00e9tail les besoins et les objectifs sp\u00e9cifiques du patient, d&#039;\u00e9tablir un plan chirurgical complet et d&#039;obtenir une estimation pr\u00e9cise des co\u00fbts.<\/p>\n\n\n\n<h3 class=\"wp-block-heading\"><span class=\"ez-toc-section\" id=\"Important_Considerations_for_Patients\"><\/span>Consid\u00e9rations importantes pour les patients<span class=\"ez-toc-section-end\"><\/span><\/h3>\n\n\n\n<p>Au-del\u00e0 du co\u00fbt, plusieurs autres facteurs critiques devraient guider le processus de d\u00e9cision d\u2019une femme transgenre lorsqu\u2019elle envisage une laryngoplastie et une FFS en Turquie :<\/p>\n\n\n\n<h4 class=\"wp-block-heading\"><span class=\"ez-toc-section\" id=\"Surgeon_Qualifications_and_Experience\"><\/span>Qualifications et exp\u00e9rience du chirurgien<span class=\"ez-toc-section-end\"><\/span><\/h4>\n\n\n\n<p>Renseignez-vous soigneusement sur les qualifications du chirurgien, son exp\u00e9rience en chirurgie faciale transgenre et les photos avant\/apr\u00e8s de ses pr\u00e9c\u00e9dents patients. V\u00e9rifiez s&#039;il est certifi\u00e9 et s&#039;il est membre d&#039;organisations professionnelles comp\u00e9tentes.<\/p>\n\n\n\n<h4 class=\"wp-block-heading\"><span class=\"ez-toc-section\" id=\"Medical_Facility_Accreditation\"><\/span>Accr\u00e9ditation des \u00e9tablissements m\u00e9dicaux<span class=\"ez-toc-section-end\"><\/span><\/h4>\n\n\n\n<p>S&#039;assurer que l&#039;\u00e9tablissement chirurgical est accr\u00e9dit\u00e9 par des organismes nationaux ou internationaux reconnus. Cela t\u00e9moigne du respect de certaines normes de s\u00e9curit\u00e9 et de qualit\u00e9 des soins.<\/p>\n\n\n\n<h4 class=\"wp-block-heading\"><span class=\"ez-toc-section\" id=\"Communication_and_Language\"><\/span>Communication et langage<span class=\"ez-toc-section-end\"><\/span><\/h4>\n\n\n\n<p>Une communication efficace avec l&#039;\u00e9quipe chirurgicale est essentielle. Assurez-vous que les lignes de communication sont claires et que les barri\u00e8res linguistiques sont lev\u00e9es. De nombreuses cliniques r\u00e9put\u00e9es accueillant des patients internationaux disposent d&#039;un personnel anglophone.<\/p>\n\n\n\n<h4 class=\"wp-block-heading\"><span class=\"ez-toc-section\" id=\"Pre-operative_Assessment_and_Planning\"><\/span>\u00c9valuation et planification pr\u00e9op\u00e9ratoires<span class=\"ez-toc-section-end\"><\/span><\/h4>\n\n\n\n<p>Une \u00e9valuation pr\u00e9op\u00e9ratoire compl\u00e8te est essentielle pour d\u00e9terminer l\u2019aptitude du patient \u00e0 subir une intervention chirurgicale et pour \u00e9laborer un plan chirurgical personnalis\u00e9 qui correspond \u00e0 ses objectifs esth\u00e9tiques.<\/p>\n\n\n\n<h4 class=\"wp-block-heading\"><span class=\"ez-toc-section\" id=\"Post-operative_Care_and_Follow-up\"><\/span>Soins et suivi postop\u00e9ratoires<span class=\"ez-toc-section-end\"><\/span><\/h4>\n\n\n\n<p>Comprendre les d\u00e9tails du plan de soins postop\u00e9ratoires, y compris la dur\u00e9e du s\u00e9jour en Turquie, les rendez-vous de suivi et la mani\u00e8re dont les complications potentielles seront g\u00e9r\u00e9es.<\/p>\n\n\n\n<h4 class=\"wp-block-heading\"><span class=\"ez-toc-section\" id=\"Legal_and_Ethical_Considerations\"><\/span>Consid\u00e9rations juridiques et \u00e9thiques<span class=\"ez-toc-section-end\"><\/span><\/h4>\n\n\n\n<p>Soyez conscient de toutes les consid\u00e9rations juridiques ou \u00e9thiques li\u00e9es au tourisme m\u00e9dical et assurez-vous que la clinique choisie adh\u00e8re \u00e0 des pratiques m\u00e9dicales \u00e9thiques.<\/p>\n\n\n\n<figure class=\"wp-block-image size-large\"><img decoding=\"async\" width=\"1024\" height=\"559\" src=\"https:\/\/www.dr-mfo.com\/wp-content\/uploads\/2025\/04\/image-63-1024x559.png\" alt=\"\" class=\"wp-image-12193\" srcset=\"https:\/\/www.dr-mfo.com\/wp-content\/uploads\/2025\/04\/image-63-1024x559.png 1024w, https:\/\/www.dr-mfo.com\/wp-content\/uploads\/2025\/04\/image-63-300x164.png 300w, https:\/\/www.dr-mfo.com\/wp-content\/uploads\/2025\/04\/image-63-768x419.png 768w, https:\/\/www.dr-mfo.com\/wp-content\/uploads\/2025\/04\/image-63-18x10.png 18w, https:\/\/www.dr-mfo.com\/wp-content\/uploads\/2025\/04\/image-63.png 1408w\" sizes=\"(max-width: 1024px) 100vw, 1024px\" \/><\/figure>\n\n\n\n<h3 class=\"wp-block-heading\"><span class=\"ez-toc-section\" id=\"Conclusion\"><\/span>Conclusion<span class=\"ez-toc-section-end\"><\/span><\/h3>\n\n\n\n<p>La laryngoplastie est une intervention pr\u00e9cieuse pour les femmes transgenres souhaitant f\u00e9miniser le contour de leur cou et att\u00e9nuer la dysphorie li\u00e9e \u00e0 une pomme d&#039;Adam pro\u00e9minente. Dans le cadre d&#039;une chirurgie de f\u00e9minisation faciale en Turquie, le co\u00fbt peut constituer un avantage consid\u00e9rable. Toutefois, il est imp\u00e9ratif de privil\u00e9gier la qualit\u00e9 des soins, l&#039;expertise du chirurgien et la s\u00e9curit\u00e9 de l&#039;\u00e9tablissement m\u00e9dical plut\u00f4t que le seul co\u00fbt. Une recherche approfondie, une communication ouverte avec l&#039;\u00e9quipe chirurgicale et une compr\u00e9hension globale de toutes les \u00e9tapes du parcours chirurgical sont essentielles pour un r\u00e9sultat positif et r\u00e9ussi. En prenant en compte ces facteurs, les femmes transgenres peuvent prendre des d\u00e9cisions \u00e9clair\u00e9es, en ad\u00e9quation avec leurs besoins individuels et contribuant \u00e0 leur d\u00e9marche d&#039;affirmation de genre.<\/p>\n\n\n\n<p>Visite&nbsp;<a href=\"https:\/\/www.instagram.com\/dr_mfo\/\" target=\"_blank\" rel=\"noreferrer noopener nofollow\">Profil Instagram du Dr MFO<\/a>&nbsp;pour voir de vraies transformations de patients ! Obtenez un aper\u00e7u des r\u00e9sultats incroyables obtenus gr\u00e2ce au soin du visage&nbsp;<a href=\"https:\/\/www.dr-mfo.com\/fr\/ffs-chirurgie-de-feminisation-du-visage\/\">chirurgie de f\u00e9minisation<\/a>&nbsp;et d&#039;autres proc\u00e9dures. Le profil pr\u00e9sente des photos avant et apr\u00e8s qui mettent en valeur&nbsp;<a href=\"https:\/\/www.dr-mfo.com\/fr\/drmfo\/\">Dr MFO<\/a>L&#039;expertise et la vision artistique de pour cr\u00e9er de beaux r\u00e9sultats d&#039;apparence naturelle.<\/p>\n\n\n\n<p>Pr\u00eat \u00e0 franchir la prochaine \u00e9tape de votre voyage ? Planifier un&nbsp;<a href=\"https:\/\/www.dr-mfo.com\/fr\/obtenir-des-informations-detaillees\/\">consultation gratuite<\/a>&nbsp;avec&nbsp;<a href=\"https:\/\/www.dr-mfo.com\/fr\/qui-est-drmfo\/\">Dr MFO<\/a>&nbsp;(&nbsp;<a href=\"https:\/\/www.instagram.com\/dr_mfo\/\" rel=\"noreferrer noopener nofollow\" target=\"_blank\">Meilleur chirurgien sp\u00e9cialis\u00e9 dans la f\u00e9minisation du visage<\/a>&nbsp;pour vous) aujourd&#039;hui. Au cours de la consultation, vous pourrez discuter de vos objectifs, poser toutes les questions que vous pourriez avoir et en apprendre davantage sur la fa\u00e7on dont&nbsp;<a href=\"https:\/\/www.dr-mfo.com\/fr\/drmfo\/\">Dr MFO<\/a>&nbsp;peut vous aider \u00e0 obtenir le look souhait\u00e9. N&#039;h\u00e9sitez pas \u00e0 profiter de cette opportunit\u00e9 gratuite pour explorer vos options et voir si&nbsp;<a href=\"https:\/\/www.dr-mfo.com\/fr\/qui-est-drmfo\/\">Dr MFO<\/a>&nbsp;est la bonne solution pour vous.<\/p>\n\n\n\n<p><\/p>","protected":false},"excerpt":{"rendered":"<p>For the transgender woman seeking facial gender affirmation, the prominence of the Adam&#8217;s apple can be a significant source of dysphoria. Laryngoplasty, or tracheal shave, is a surgical procedure designed to reduce the size of this laryngeal prominence, contributing to a more feminine neck contour. Often considered in conjunction with broader facial feminization surgery (FFS), [&hellip;]<\/p>\n","protected":false},"author":2,"featured_media":12181,"comment_status":"closed","ping_status":"closed","sticky":false,"template":"","format":"standard","meta":{"_acf_changed":false,"footnotes":""},"categories":[169],"tags":[],"class_list":["post-12179","post","type-post","status-publish","format-standard","has-post-thumbnail","hentry","category-facial-feminization"],"acf":[],"_links":{"self":[{"href":"https:\/\/www.dr-mfo.com\/fr\/wp-json\/wp\/v2\/posts\/12179","targetHints":{"allow":["GET"]}}],"collection":[{"href":"https:\/\/www.dr-mfo.com\/fr\/wp-json\/wp\/v2\/posts"}],"about":[{"href":"https:\/\/www.dr-mfo.com\/fr\/wp-json\/wp\/v2\/types\/post"}],"author":[{"embeddable":true,"href":"https:\/\/www.dr-mfo.com\/fr\/wp-json\/wp\/v2\/users\/2"}],"replies":[{"embeddable":true,"href":"https:\/\/www.dr-mfo.com\/fr\/wp-json\/wp\/v2\/comments?post=12179"}],"version-history":[{"count":0,"href":"https:\/\/www.dr-mfo.com\/fr\/wp-json\/wp\/v2\/posts\/12179\/revisions"}],"wp:featuredmedia":[{"embeddable":true,"href":"https:\/\/www.dr-mfo.com\/fr\/wp-json\/wp\/v2\/media\/12181"}],"wp:attachment":[{"href":"https:\/\/www.dr-mfo.com\/fr\/wp-json\/wp\/v2\/media?parent=12179"}],"wp:term":[{"taxonomy":"category","embeddable":true,"href":"https:\/\/www.dr-mfo.com\/fr\/wp-json\/wp\/v2\/categories?post=12179"},{"taxonomy":"post_tag","embeddable":true,"href":"https:\/\/www.dr-mfo.com\/fr\/wp-json\/wp\/v2\/tags?post=12179"}],"curies":[{"name":"wp","href":"https:\/\/api.w.org\/{rel}","templated":true}]}}