{"id":12479,"date":"2025-05-13T14:49:29","date_gmt":"2025-05-13T13:49:29","guid":{"rendered":"https:\/\/www.dr-mfo.com\/?p=12479"},"modified":"2026-02-21T19:25:35","modified_gmt":"2026-02-21T19:25:35","slug":"questions-de-consultation-sur-labaissement-de-la-ligne-de-cheveux-au-royaume-uni","status":"publish","type":"post","link":"https:\/\/www.dr-mfo.com\/fr\/ffs-hairline-lowering-consultation-questions-uk\/","title":{"rendered":"Questions cl\u00e9s sur l&#039;abaissement de la ligne capillaire pour les chirurgiens britanniques"},"content":{"rendered":"<p>Naviguer dans le voyage de <a href=\"https:\/\/www.dr-mfo.com\/fr\/ffs-facial-feminization-surgery\/\">f\u00e9minisation faciale<\/a> La chirurgie de r\u00e9adaptation (FFS) est une d\u00e9marche importante, marqu\u00e9e par une r\u00e9flexion approfondie, des recherches et, surtout, des \u00e9changes \u00e9clair\u00e9s avec votre \u00e9quipe chirurgicale. <a href=\"https:\/\/www.dr-mfo.com\/fr\/\">chirurgien<\/a> Sp\u00e9cialis\u00e9e en FFS, je comprends l&#039;impact profond que ces interventions peuvent avoir sur la vie et l&#039;estime de soi d&#039;un individu. Mon objectif est toujours d&#039;informer mes patients et de les pr\u00e9parer \u00e0 chaque \u00e9tape. Ce guide complet est con\u00e7u pour aborder un aspect sp\u00e9cifique, mais essentiel, de la FFS\u00a0: l&#039;abaissement de la ligne frontale, et les questions essentielles que vous, en tant que patient potentiel au Royaume-Uni, devez \u00eatre pr\u00eat \u00e0 poser lors de votre premi\u00e8re consultation.<\/p>\n\n\n\n<p>Une consultation est bien plus qu&#039;une simple discussion\u00a0; c&#039;est la cl\u00e9 de vo\u00fbte d&#039;une intervention r\u00e9ussie. C&#039;est l&#039;occasion d&#039;exprimer vos objectifs, vos pr\u00e9occupations et de mieux comprendre les interventions propos\u00e9es, y compris l&#039;abaissement de la ligne frontale. Consid\u00e9rez-la comme une s\u00e9ance collaborative o\u00f9, chirurgien et patient, nous \u00e9tablissons une vision commune et un plan r\u00e9aliste pour la concr\u00e9tiser. Cette exploration d\u00e9taill\u00e9e vous permettra d&#039;acqu\u00e9rir le vocabulaire m\u00e9dical et technique n\u00e9cessaire \u00e0 un dialogue constructif, tout en fournissant des explications simples pour d\u00e9mystifier des concepts complexes.<\/p>\n\n\n\n<figure class=\"wp-block-image size-large\"><img fetchpriority=\"high\" decoding=\"async\" width=\"1024\" height=\"559\" src=\"https:\/\/www.dr-mfo.com\/wp-content\/uploads\/2025\/05\/image-45-1024x559.png\" alt=\"\" class=\"wp-image-12481\" srcset=\"https:\/\/www.dr-mfo.com\/wp-content\/uploads\/2025\/05\/image-45-1024x559.png 1024w, https:\/\/www.dr-mfo.com\/wp-content\/uploads\/2025\/05\/image-45-300x164.png 300w, https:\/\/www.dr-mfo.com\/wp-content\/uploads\/2025\/05\/image-45-768x419.png 768w, https:\/\/www.dr-mfo.com\/wp-content\/uploads\/2025\/05\/image-45-18x10.png 18w, https:\/\/www.dr-mfo.com\/wp-content\/uploads\/2025\/05\/image-45.png 1408w\" sizes=\"(max-width: 1024px) 100vw, 1024px\" \/><\/figure>\n\n\n\n<div id=\"ez-toc-container\" class=\"ez-toc-v2_0_82_2 counter-hierarchy ez-toc-counter ez-toc-transparent ez-toc-container-direction\">\n<div class=\"ez-toc-title-container\">\n<p class=\"ez-toc-title\" style=\"cursor:inherit\">Table des mati\u00e8res<\/p>\n<span class=\"ez-toc-title-toggle\"><\/span><\/div>\n<nav><ul class='ez-toc-list ez-toc-list-level-1' ><li class='ez-toc-page-1 ez-toc-heading-level-1'><a class=\"ez-toc-link ez-toc-heading-1\" href=\"https:\/\/www.dr-mfo.com\/fr\/ffs-hairline-lowering-consultation-questions-uk\/#Understanding_Hairline_Lowering_in_FFS\" >Comprendre l&#039;abaissement de la ligne des cheveux dans le FFS<\/a><ul class='ez-toc-list-level-3' ><li class='ez-toc-heading-level-3'><ul class='ez-toc-list-level-3' ><li class='ez-toc-heading-level-3'><a class=\"ez-toc-link ez-toc-heading-2\" href=\"https:\/\/www.dr-mfo.com\/fr\/ffs-hairline-lowering-consultation-questions-uk\/#Why_is_Hairline_Lowering_Considered_in_FFS\" >Pourquoi l&#039;abaissement de la ligne des cheveux est-il envisag\u00e9 dans le FFS ?<\/a><\/li><\/ul><\/li><\/ul><\/li><li class='ez-toc-page-1 ez-toc-heading-level-1'><a class=\"ez-toc-link ez-toc-heading-3\" href=\"https:\/\/www.dr-mfo.com\/fr\/ffs-hairline-lowering-consultation-questions-uk\/#The_Initial_FFS_Consultation_Setting_the_Stage\" >La consultation initiale du FFS\u00a0: pr\u00e9parer le terrain<\/a><\/li><li class='ez-toc-page-1 ez-toc-heading-level-1'><a class=\"ez-toc-link ez-toc-heading-4\" href=\"https:\/\/www.dr-mfo.com\/fr\/ffs-hairline-lowering-consultation-questions-uk\/#Crucial_Questions_to_Ask_Your_Surgeon_About_Hairline_Lowering\" >Questions cruciales \u00e0 poser \u00e0 votre chirurgien au sujet de l&#039;abaissement de la ligne capillaire<\/a><ul class='ez-toc-list-level-2' ><li class='ez-toc-heading-level-2'><a class=\"ez-toc-link ez-toc-heading-5\" href=\"https:\/\/www.dr-mfo.com\/fr\/ffs-hairline-lowering-consultation-questions-uk\/#Am_I_a_suitable_candidate_for_hairline_lowering\" >Suis-je un candidat appropri\u00e9 pour l\u2019abaissement de la ligne des cheveux ?<\/a><ul class='ez-toc-list-level-3' ><li class='ez-toc-heading-level-3'><a class=\"ez-toc-link ez-toc-heading-6\" href=\"https:\/\/www.dr-mfo.com\/fr\/ffs-hairline-lowering-consultation-questions-uk\/#Anatomical_Considerations\" >Consid\u00e9rations anatomiques :<\/a><\/li><li class='ez-toc-page-1 ez-toc-heading-level-3'><a class=\"ez-toc-link ez-toc-heading-7\" href=\"https:\/\/www.dr-mfo.com\/fr\/ffs-hairline-lowering-consultation-questions-uk\/#Physiological_Considerations\" >Consid\u00e9rations physiologiques :<\/a><\/li><\/ul><\/li><li class='ez-toc-page-1 ez-toc-heading-level-2'><a class=\"ez-toc-link ez-toc-heading-8\" href=\"https:\/\/www.dr-mfo.com\/fr\/ffs-hairline-lowering-consultation-questions-uk\/#What_specific_technique_will_you_use_for_my_hairline_lowering\" >Quelle technique sp\u00e9cifique utiliserez-vous pour abaisser ma ligne de cheveux ?<\/a><ul class='ez-toc-list-level-3' ><li class='ez-toc-heading-level-3'><a class=\"ez-toc-link ez-toc-heading-9\" href=\"https:\/\/www.dr-mfo.com\/fr\/ffs-hairline-lowering-consultation-questions-uk\/#The_Pretrichial_Incision\" >L&#039;incision pr\u00e9trichiale :<\/a><\/li><li class='ez-toc-page-1 ez-toc-heading-level-3'><a class=\"ez-toc-link ez-toc-heading-10\" href=\"https:\/\/www.dr-mfo.com\/fr\/ffs-hairline-lowering-consultation-questions-uk\/#Variations_and_Considerations\" >Variations et consid\u00e9rations :<\/a><\/li><\/ul><\/li><li class='ez-toc-page-1 ez-toc-heading-level-2'><a class=\"ez-toc-link ez-toc-heading-11\" href=\"https:\/\/www.dr-mfo.com\/fr\/ffs-hairline-lowering-consultation-questions-uk\/#Where_will_the_scar_be_located_and_how_will_it_be_managed\" >O\u00f9 sera situ\u00e9e la cicatrice et comment sera-t-elle g\u00e9r\u00e9e ?<\/a><ul class='ez-toc-list-level-3' ><li class='ez-toc-heading-level-3'><a class=\"ez-toc-link ez-toc-heading-12\" href=\"https:\/\/www.dr-mfo.com\/fr\/ffs-hairline-lowering-consultation-questions-uk\/#Scar_Location_and_Appearance\" >Emplacement et apparence de la cicatrice :<\/a><\/li><li class='ez-toc-page-1 ez-toc-heading-level-3'><a class=\"ez-toc-link ez-toc-heading-13\" href=\"https:\/\/www.dr-mfo.com\/fr\/ffs-hairline-lowering-consultation-questions-uk\/#Scar_Management\" >Gestion des cicatrices\u00a0:<\/a><\/li><\/ul><\/li><li class='ez-toc-page-1 ez-toc-heading-level-2'><a class=\"ez-toc-link ez-toc-heading-14\" href=\"https:\/\/www.dr-mfo.com\/fr\/ffs-hairline-lowering-consultation-questions-uk\/#How_much_can_my_hairline_be_lowered\" >De combien ma ligne de cheveux peut-elle \u00eatre abaiss\u00e9e ?<\/a><\/li><li class='ez-toc-page-1 ez-toc-heading-level-2'><a class=\"ez-toc-link ez-toc-heading-15\" href=\"https:\/\/www.dr-mfo.com\/fr\/ffs-hairline-lowering-consultation-questions-uk\/#Will_this_procedure_affect_future_hair_growth\" >Cette proc\u00e9dure affectera-t-elle la croissance future des cheveux ?<\/a><ul class='ez-toc-list-level-3' ><li class='ez-toc-heading-level-3'><a class=\"ez-toc-link ez-toc-heading-16\" href=\"https:\/\/www.dr-mfo.com\/fr\/ffs-hairline-lowering-consultation-questions-uk\/#Potential_Impacts_on_Hair_Growth\" >Impacts potentiels sur la croissance des cheveux :<\/a><\/li><li class='ez-toc-page-1 ez-toc-heading-level-3'><a class=\"ez-toc-link ez-toc-heading-17\" href=\"https:\/\/www.dr-mfo.com\/fr\/ffs-hairline-lowering-consultation-questions-uk\/#Mitigating_Factors\" >Facteurs att\u00e9nuants :<\/a><\/li><\/ul><\/li><li class='ez-toc-page-1 ez-toc-heading-level-2'><a class=\"ez-toc-link ez-toc-heading-18\" href=\"https:\/\/www.dr-mfo.com\/fr\/ffs-hairline-lowering-consultation-questions-uk\/#What_are_the_potential_risks_and_complications_associated_with_hairline_lowering\" >Quels sont les risques et complications potentiels associ\u00e9s \u00e0 l\u2019abaissement de la ligne des cheveux ?<\/a><ul class='ez-toc-list-level-3' ><li class='ez-toc-heading-level-3'><a class=\"ez-toc-link ez-toc-heading-19\" href=\"https:\/\/www.dr-mfo.com\/fr\/ffs-hairline-lowering-consultation-questions-uk\/#Potential_Risks_and_Complications\" >Risques et complications potentiels :<\/a><\/li><\/ul><\/li><li class='ez-toc-page-1 ez-toc-heading-level-2'><a class=\"ez-toc-link ez-toc-heading-20\" href=\"https:\/\/www.dr-mfo.com\/fr\/ffs-hairline-lowering-consultation-questions-uk\/#How_do_you_minimise_these_risks\" >Comment minimiser ces risques ?<\/a><ul class='ez-toc-list-level-3' ><li class='ez-toc-heading-level-3'><a class=\"ez-toc-link ez-toc-heading-21\" href=\"https:\/\/www.dr-mfo.com\/fr\/ffs-hairline-lowering-consultation-questions-uk\/#Risk_Mitigation_Strategies\" >Strat\u00e9gies d\u2019att\u00e9nuation des risques :<\/a><\/li><\/ul><\/li><li class='ez-toc-page-1 ez-toc-heading-level-2'><a class=\"ez-toc-link ez-toc-heading-22\" href=\"https:\/\/www.dr-mfo.com\/fr\/ffs-hairline-lowering-consultation-questions-uk\/#What_is_your_experience_with_hairline_lowering_surgery\" >Quelle est votre exp\u00e9rience avec la chirurgie d\u2019abaissement de la ligne des cheveux ?<\/a><ul class='ez-toc-list-level-3' ><li class='ez-toc-heading-level-3'><a class=\"ez-toc-link ez-toc-heading-23\" href=\"https:\/\/www.dr-mfo.com\/fr\/ffs-hairline-lowering-consultation-questions-uk\/#Assessing_Your_Surgeons_Experience\" >\u00c9valuer l&#039;exp\u00e9rience de votre chirurgien :<\/a><\/li><\/ul><\/li><li class='ez-toc-page-1 ez-toc-heading-level-2'><a class=\"ez-toc-link ez-toc-heading-24\" href=\"https:\/\/www.dr-mfo.com\/fr\/ffs-hairline-lowering-consultation-questions-uk\/#What_happens_on_the_day_of_surgery\" >Que se passe-t-il le jour de l\u2019op\u00e9ration ?<\/a><ul class='ez-toc-list-level-3' ><li class='ez-toc-heading-level-3'><a class=\"ez-toc-link ez-toc-heading-25\" href=\"https:\/\/www.dr-mfo.com\/fr\/ffs-hairline-lowering-consultation-questions-uk\/#The_Surgical_Day_Process\" >Le d\u00e9roulement de la journ\u00e9e chirurgicale :<\/a><\/li><\/ul><\/li><li class='ez-toc-page-1 ez-toc-heading-level-2'><a class=\"ez-toc-link ez-toc-heading-26\" href=\"https:\/\/www.dr-mfo.com\/fr\/ffs-hairline-lowering-consultation-questions-uk\/#What_is_the_recovery_like_after_hairline_lowering\" >\u00c0 quoi ressemble la r\u00e9cup\u00e9ration apr\u00e8s une baisse de la ligne des cheveux ?<\/a><ul class='ez-toc-list-level-3' ><li class='ez-toc-heading-level-3'><a class=\"ez-toc-link ez-toc-heading-27\" href=\"https:\/\/www.dr-mfo.com\/fr\/ffs-hairline-lowering-consultation-questions-uk\/#Immediate_Post-operative_Period_First_few_days_to_a_week\" >P\u00e9riode postop\u00e9ratoire imm\u00e9diate (premiers jours \u00e0 une semaine) :<\/a><\/li><li class='ez-toc-page-1 ez-toc-heading-level-3'><a class=\"ez-toc-link ez-toc-heading-28\" href=\"https:\/\/www.dr-mfo.com\/fr\/ffs-hairline-lowering-consultation-questions-uk\/#Early_Recovery_1_to_3_weeks\" >R\u00e9cup\u00e9ration pr\u00e9coce (1 \u00e0 3 semaines) :<\/a><\/li><li class='ez-toc-page-1 ez-toc-heading-level-3'><a class=\"ez-toc-link ez-toc-heading-29\" href=\"https:\/\/www.dr-mfo.com\/fr\/ffs-hairline-lowering-consultation-questions-uk\/#Mid-Term_Recovery_1_to_3_months\" >R\u00e9cup\u00e9ration \u00e0 moyen terme (1 \u00e0 3 mois) :<\/a><\/li><li class='ez-toc-page-1 ez-toc-heading-level-3'><a class=\"ez-toc-link ez-toc-heading-30\" href=\"https:\/\/www.dr-mfo.com\/fr\/ffs-hairline-lowering-consultation-questions-uk\/#Long-Term_Recovery_3_months_and_beyond\" >R\u00e9cup\u00e9ration \u00e0 long terme (3 mois et plus) :<\/a><\/li><\/ul><\/li><li class='ez-toc-page-1 ez-toc-heading-level-2'><a class=\"ez-toc-link ez-toc-heading-31\" href=\"https:\/\/www.dr-mfo.com\/fr\/ffs-hairline-lowering-consultation-questions-uk\/#When_can_I_return_to_work_and_normal_activities\" >Quand puis-je reprendre le travail et mes activit\u00e9s normales ?<\/a><ul class='ez-toc-list-level-3' ><li class='ez-toc-heading-level-3'><a class=\"ez-toc-link ez-toc-heading-32\" href=\"https:\/\/www.dr-mfo.com\/fr\/ffs-hairline-lowering-consultation-questions-uk\/#General_Guidelines\" >Directives g\u00e9n\u00e9rales :<\/a><\/li><\/ul><\/li><li class='ez-toc-page-1 ez-toc-heading-level-2'><a class=\"ez-toc-link ez-toc-heading-33\" href=\"https:\/\/www.dr-mfo.com\/fr\/ffs-hairline-lowering-consultation-questions-uk\/#How_do_I_care_for_the_incision_site_during_recovery\" >Comment prendre soin du site d\u2019incision pendant la convalescence ?<\/a><ul class='ez-toc-list-level-3' ><li class='ez-toc-heading-level-3'><a class=\"ez-toc-link ez-toc-heading-34\" href=\"https:\/\/www.dr-mfo.com\/fr\/ffs-hairline-lowering-consultation-questions-uk\/#Incision_Care_Instructions\" >Instructions d&#039;entretien de l&#039;incision :<\/a><\/li><\/ul><\/li><li class='ez-toc-page-1 ez-toc-heading-level-2'><a class=\"ez-toc-link ez-toc-heading-35\" href=\"https:\/\/www.dr-mfo.com\/fr\/ffs-hairline-lowering-consultation-questions-uk\/#When_will_I_see_the_final_results_of_the_hairline_lowering\" >Quand verrai-je les r\u00e9sultats d\u00e9finitifs de l&#039;abaissement de la ligne des cheveux ?<\/a><ul class='ez-toc-list-level-3' ><li class='ez-toc-heading-level-3'><a class=\"ez-toc-link ez-toc-heading-36\" href=\"https:\/\/www.dr-mfo.com\/fr\/ffs-hairline-lowering-consultation-questions-uk\/#Timeline_for_Seeing_Results\" >Calendrier pour voir les r\u00e9sultats\u00a0:<\/a><\/li><\/ul><\/li><li class='ez-toc-page-1 ez-toc-heading-level-2'><a class=\"ez-toc-link ez-toc-heading-37\" href=\"https:\/\/www.dr-mfo.com\/fr\/ffs-hairline-lowering-consultation-questions-uk\/#What_results_can_I_realistically_expect_from_hairline_lowering\" >Quels r\u00e9sultats puis-je raisonnablement attendre d\u2019un abaissement de la ligne des cheveux ?<\/a><ul class='ez-toc-list-level-3' ><li class='ez-toc-heading-level-3'><a class=\"ez-toc-link ez-toc-heading-38\" href=\"https:\/\/www.dr-mfo.com\/fr\/ffs-hairline-lowering-consultation-questions-uk\/#Realistic_Expectations\" >Attentes r\u00e9alistes\u00a0:<\/a><\/li><\/ul><\/li><li class='ez-toc-page-1 ez-toc-heading-level-2'><a class=\"ez-toc-link ez-toc-heading-39\" href=\"https:\/\/www.dr-mfo.com\/fr\/ffs-hairline-lowering-consultation-questions-uk\/#Will_I_need_any_follow-up_procedures_after_hairline_lowering\" >Aurai-je besoin de proc\u00e9dures de suivi apr\u00e8s l\u2019abaissement de la ligne des cheveux ?<\/a><ul class='ez-toc-list-level-3' ><li class='ez-toc-heading-level-3'><a class=\"ez-toc-link ez-toc-heading-40\" href=\"https:\/\/www.dr-mfo.com\/fr\/ffs-hairline-lowering-consultation-questions-uk\/#Potential_Follow-up_Procedures\" >Proc\u00e9dures de suivi potentielles :<\/a><\/li><\/ul><\/li><li class='ez-toc-page-1 ez-toc-heading-level-2'><a class=\"ez-toc-link ez-toc-heading-41\" href=\"https:\/\/www.dr-mfo.com\/fr\/ffs-hairline-lowering-consultation-questions-uk\/#Can_I_see_before_and_after_photos_of_your_previous_hairline_lowering_patients\" >Puis-je voir des photos avant et apr\u00e8s de vos pr\u00e9c\u00e9dents patients ayant subi une ablation de la ligne capillaire ?<\/a><ul class='ez-toc-list-level-3' ><li class='ez-toc-heading-level-3'><a class=\"ez-toc-link ez-toc-heading-42\" href=\"https:\/\/www.dr-mfo.com\/fr\/ffs-hairline-lowering-consultation-questions-uk\/#What_to_Look_for_in_Before_and_After_Photos\" >Que rechercher dans les photos avant et apr\u00e8s\u00a0:<\/a><\/li><\/ul><\/li><li class='ez-toc-page-1 ez-toc-heading-level-2'><a class=\"ez-toc-link ez-toc-heading-43\" href=\"https:\/\/www.dr-mfo.com\/fr\/ffs-hairline-lowering-consultation-questions-uk\/#What_is_the_total_cost_of_the_hairline_lowering_surgery\" >Quel est le co\u00fbt total de la chirurgie d\u2019abaissement de la ligne des cheveux ?<\/a><ul class='ez-toc-list-level-3' ><li class='ez-toc-heading-level-3'><a class=\"ez-toc-link ez-toc-heading-44\" href=\"https:\/\/www.dr-mfo.com\/fr\/ffs-hairline-lowering-consultation-questions-uk\/#Factors_Influencing_Cost\" >Facteurs influen\u00e7ant le co\u00fbt :<\/a><\/li><\/ul><\/li><li class='ez-toc-page-1 ez-toc-heading-level-2'><a class=\"ez-toc-link ez-toc-heading-45\" href=\"https:\/\/www.dr-mfo.com\/fr\/ffs-hairline-lowering-consultation-questions-uk\/#What_is_included_in_the_surgical_fee\" >Qu&#039;est-ce qui est inclus dans les honoraires chirurgicaux ?<\/a><ul class='ez-toc-list-level-3' ><li class='ez-toc-heading-level-3'><a class=\"ez-toc-link ez-toc-heading-46\" href=\"https:\/\/www.dr-mfo.com\/fr\/ffs-hairline-lowering-consultation-questions-uk\/#Typical_Inclusions\" >Inclusions typiques\u00a0:<\/a><\/li><li class='ez-toc-page-1 ez-toc-heading-level-3'><a class=\"ez-toc-link ez-toc-heading-47\" href=\"https:\/\/www.dr-mfo.com\/fr\/ffs-hairline-lowering-consultation-questions-uk\/#Potential_Exclusions\" >Exclusions potentielles :<\/a><\/li><\/ul><\/li><li class='ez-toc-page-1 ez-toc-heading-level-2'><a class=\"ez-toc-link ez-toc-heading-48\" href=\"https:\/\/www.dr-mfo.com\/fr\/ffs-hairline-lowering-consultation-questions-uk\/#What_is_your_policy_on_revisions_or_touch-up_procedures\" >Quelle est votre politique en mati\u00e8re de r\u00e9visions ou de retouches ?<\/a><ul class='ez-toc-list-level-3' ><li class='ez-toc-heading-level-3'><a class=\"ez-toc-link ez-toc-heading-49\" href=\"https:\/\/www.dr-mfo.com\/fr\/ffs-hairline-lowering-consultation-questions-uk\/#Revision_Policy_Considerations\" >Consid\u00e9rations relatives \u00e0 la politique de r\u00e9vision :<\/a><\/li><\/ul><\/li><li class='ez-toc-page-1 ez-toc-heading-level-2'><a class=\"ez-toc-link ez-toc-heading-50\" href=\"https:\/\/www.dr-mfo.com\/fr\/ffs-hairline-lowering-consultation-questions-uk\/#What_is_your_cancellation_or_rescheduling_policy\" >Quelle est votre politique d\u2019annulation ou de report ?<\/a><ul class='ez-toc-list-level-3' ><li class='ez-toc-heading-level-3'><a class=\"ez-toc-link ez-toc-heading-51\" href=\"https:\/\/www.dr-mfo.com\/fr\/ffs-hairline-lowering-consultation-questions-uk\/#Policy_Details\" >D\u00e9tails de la politique :<\/a><\/li><\/ul><\/li><\/ul><\/li><li class='ez-toc-page-1 ez-toc-heading-level-1'><a class=\"ez-toc-link ez-toc-heading-52\" href=\"https:\/\/www.dr-mfo.com\/fr\/ffs-hairline-lowering-consultation-questions-uk\/#Beyond_the_Consultation_Making_a_Decision_and_Preparing_for_Surgery\" >Au-del\u00e0 de la consultation : prendre une d\u00e9cision et se pr\u00e9parer \u00e0 la chirurgie<\/a><ul class='ez-toc-list-level-3' ><li class='ez-toc-heading-level-3'><ul class='ez-toc-list-level-3' ><li class='ez-toc-heading-level-3'><a class=\"ez-toc-link ez-toc-heading-53\" href=\"https:\/\/www.dr-mfo.com\/fr\/ffs-hairline-lowering-consultation-questions-uk\/#Making_Your_Decision\" >Prendre votre d\u00e9cision :<\/a><\/li><li class='ez-toc-page-1 ez-toc-heading-level-3'><a class=\"ez-toc-link ez-toc-heading-54\" href=\"https:\/\/www.dr-mfo.com\/fr\/ffs-hairline-lowering-consultation-questions-uk\/#Preparing_for_Surgery\" >Pr\u00e9paration \u00e0 la chirurgie\u00a0:<\/a><\/li><\/ul><\/li><\/ul><\/li><li class='ez-toc-page-1 ez-toc-heading-level-1'><a class=\"ez-toc-link ez-toc-heading-55\" href=\"https:\/\/www.dr-mfo.com\/fr\/ffs-hairline-lowering-consultation-questions-uk\/#Conclusion\" >Conclusion<\/a><\/li><\/ul><\/nav><\/div>\n<h1 class=\"wp-block-heading\"><span class=\"ez-toc-section\" id=\"Understanding_Hairline_Lowering_in_FFS\"><\/span>Comprendre l&#039;abaissement de la ligne des cheveux dans le FFS<span class=\"ez-toc-section-end\"><\/span><\/h1>\n\n\n\n<p>Abaissement de la ligne des cheveux, m\u00e9dicalement appel\u00e9 pr\u00e9trichial <a href=\"https:\/\/www.dr-mfo.com\/fr\/forehead-reduction-hairline-advancement\/\">r\u00e9duction du front<\/a> L&#039;avancement du cuir chevelu (ou scalp advancement) est une intervention chirurgicale visant \u00e0 r\u00e9duire la hauteur du front. Cette intervention consiste \u00e0 avancer le cuir chevelu vers l&#039;avant, abaissant ainsi la ligne frontale vers une position plus esth\u00e9tique et souvent plus f\u00e9minine.<\/p>\n\n\n\n<h3 class=\"wp-block-heading\"><span class=\"ez-toc-section\" id=\"Why_is_Hairline_Lowering_Considered_in_FFS\"><\/span>Pourquoi l&#039;abaissement de la ligne des cheveux est-il envisag\u00e9 dans le FFS ?<span class=\"ez-toc-section-end\"><\/span><\/h3>\n\n\n\n<p>Dans le cadre d&#039;une f\u00e9minisation faciale, une ligne d&#039;implantation capillaire haute ou plus traditionnellement masculine peut contribuer \u00e0 donner l&#039;impression d&#039;un front plus large, ce qui peut \u00eatre per\u00e7u comme un trait masculin. En abaissant la ligne d&#039;implantation capillaire, nous visons \u00e0 cr\u00e9er un front plus court et plus arrondi, contribuant \u00e0 l&#039;harmonie g\u00e9n\u00e9rale du visage et \u00e0 une esth\u00e9tique plus f\u00e9minine. Cette proc\u00e9dure est souvent r\u00e9alis\u00e9e en association avec d&#039;autres interventions de f\u00e9minisation faciale, telles que\u2026 <a href=\"https:\/\/www.dr-mfo.com\/fr\/forehead-contouring\/\">modelage du front<\/a> (r\u00e9duction de l&#039;arcade sourcili\u00e8re), lifting des sourcils et <a href=\"https:\/\/www.dr-mfo.com\/fr\/nose-job-rhinoplasty\/\">rhinoplastie<\/a>, pour traiter la partie sup\u00e9rieure du visage de mani\u00e8re globale.<\/p>\n\n\n\n<p>La d\u00e9cision d&#039;inclure l&#039;abaissement de la ligne frontale dans votre plan FFS d\u00e9pend de plusieurs facteurs, notamment la position actuelle de votre ligne frontale, la hauteur de votre front, la souplesse et l&#039;\u00e9lasticit\u00e9 de vos tissus et vos objectifs esth\u00e9tiques personnels. Lors de votre consultation, nous \u00e9valuerons attentivement ces facteurs afin de d\u00e9terminer si l&#039;abaissement de la ligne frontale est la solution la plus adapt\u00e9e \u00e0 votre situation.<\/p>\n\n\n\n<h1 class=\"wp-block-heading\"><span class=\"ez-toc-section\" id=\"The_Initial_FFS_Consultation_Setting_the_Stage\"><\/span>La consultation initiale du FFS\u00a0: pr\u00e9parer le terrain<span class=\"ez-toc-section-end\"><\/span><\/h1>\n\n\n\n<p>Votre premi\u00e8re consultation est une \u00e9tape cruciale. C&#039;est un moment privil\u00e9gi\u00e9 pour discuter de vos ant\u00e9c\u00e9dents m\u00e9dicaux, comprendre vos motivations et proc\u00e9der \u00e0 un examen physique complet. Pour l&#039;abaissement de la ligne frontale, j&#039;\u00e9valuerai la forme et la position de votre ligne frontale, l&#039;\u00e9lasticit\u00e9 de votre cuir chevelu et discuterai avec vous du r\u00e9sultat souhait\u00e9.<\/p>\n\n\n\n<p>Cette consultation est un \u00e9change. Si je vous fournirai une \u00e9valuation et des recommandations expertes, il est tout aussi important que vous soyez pr\u00e9par\u00e9 \u00e0 poser des questions. Vos questions t\u00e9moigneront de votre engagement et contribueront \u00e0 r\u00e9pondre \u00e0 toutes vos pr\u00e9occupations. Elles vous permettront \u00e9galement d&#039;\u00e9valuer mon exp\u00e9rience et mon approche.<\/p>\n\n\n\n<figure class=\"wp-block-image size-large\"><img decoding=\"async\" width=\"1024\" height=\"559\" src=\"https:\/\/www.dr-mfo.com\/wp-content\/uploads\/2025\/05\/image-46-1024x559.png\" alt=\"\" class=\"wp-image-12482\" srcset=\"https:\/\/www.dr-mfo.com\/wp-content\/uploads\/2025\/05\/image-46-1024x559.png 1024w, https:\/\/www.dr-mfo.com\/wp-content\/uploads\/2025\/05\/image-46-300x164.png 300w, https:\/\/www.dr-mfo.com\/wp-content\/uploads\/2025\/05\/image-46-768x419.png 768w, https:\/\/www.dr-mfo.com\/wp-content\/uploads\/2025\/05\/image-46-18x10.png 18w, https:\/\/www.dr-mfo.com\/wp-content\/uploads\/2025\/05\/image-46.png 1408w\" sizes=\"(max-width: 1024px) 100vw, 1024px\" \/><\/figure>\n\n\n\n<h1 class=\"wp-block-heading\"><span class=\"ez-toc-section\" id=\"Crucial_Questions_to_Ask_Your_Surgeon_About_Hairline_Lowering\"><\/span>Questions cruciales \u00e0 poser \u00e0 votre chirurgien au sujet de l&#039;abaissement de la ligne capillaire<span class=\"ez-toc-section-end\"><\/span><\/h1>\n\n\n\n<p>Voici quelques-unes des questions les plus importantes \u00e0 poser lors de votre premi\u00e8re consultation de f\u00e9minisation faciale concernant l&#039;abaissement de la ligne frontale. Je d\u00e9velopperai chaque question, en fournissant le contexte m\u00e9dical et en vous expliquant ce que vous pouvez attendre de ma r\u00e9ponse en tant que chirurgien.<\/p>\n\n\n\n<h2 class=\"wp-block-heading\"><span class=\"ez-toc-section\" id=\"Am_I_a_suitable_candidate_for_hairline_lowering\"><\/span>Suis-je un candidat appropri\u00e9 pour l\u2019abaissement de la ligne des cheveux ?<span class=\"ez-toc-section-end\"><\/span><\/h2>\n\n\n\n<p>C&#039;est sans doute la question la plus fondamentale. Votre admissibilit\u00e9 \u00e0 un abaissement de la ligne frontale d\u00e9pend de plusieurs facteurs anatomiques et physiologiques.<\/p>\n\n\n\n<h3 class=\"wp-block-heading\"><span class=\"ez-toc-section\" id=\"Anatomical_Considerations\"><\/span>Consid\u00e9rations anatomiques :<span class=\"ez-toc-section-end\"><\/span><\/h3>\n\n\n\n<ul class=\"wp-block-list\">\n<li><strong>Hauteur du front :<\/strong> Nous mesurerons la distance verticale entre la glabelle (la zone lisse entre vos sourcils) et la ligne de naissance de vos cheveux. Une hauteur de front sup\u00e9rieure \u00e0 5,5 \u00e0 6 centim\u00e8tres environ est souvent consid\u00e9r\u00e9e comme pouvant \u00eatre r\u00e9duite.<\/li>\n\n\n\n<li><strong>Laxit\u00e9 du cuir chevelu\u00a0:<\/strong> Il s&#039;agit d&#039;un facteur crucial. Le rel\u00e2chement du cuir chevelu correspond \u00e0 la capacit\u00e9 du cuir chevelu \u00e0 s&#039;\u00e9tirer vers l&#039;avant. Je proc\u00e9derai \u00e0 un examen physique pour d\u00e9terminer l&#039;\u00e9lasticit\u00e9 de votre cuir chevelu. Si votre cuir chevelu pr\u00e9sente un rel\u00e2chement important, nous pouvons obtenir un abaissement plus important de la ligne frontale en une seule intervention. Un rel\u00e2chement limit\u00e9 peut se traduire par une r\u00e9duction modeste, ou n\u00e9cessiter une approche en deux \u00e9tapes avec des expanseurs tissulaires.\n<ul class=\"wp-block-list\">\n<li><em>Explication simple :<\/em> Imaginez votre cuir chevelu comme un morceau de tissu. S&#039;il est tr\u00e8s extensible, on peut le tirer l\u00e9g\u00e8rement vers le bas. S&#039;il est trop serr\u00e9, on ne peut que le bouger l\u00e9g\u00e8rement.<\/li>\n<\/ul>\n<\/li>\n\n\n\n<li><strong>Densit\u00e9 et qualit\u00e9 des cheveux :<\/strong> La densit\u00e9 et la qualit\u00e9 de vos cheveux le long de la ligne d&#039;incision propos\u00e9e sont importantes. Une ligne capillaire dense et saine permet de camoufler efficacement la cicatrice.<\/li>\n\n\n\n<li><strong>Forme de la ligne des cheveux :<\/strong> Nous discuterons de la forme actuelle de votre ligne de cheveux (par exemple, en forme de M, droite, arrondie) et de la mani\u00e8re dont nous pouvons la remodeler pour lui donner un contour plus f\u00e9minin.<\/li>\n<\/ul>\n\n\n\n<h3 class=\"wp-block-heading\"><span class=\"ez-toc-section\" id=\"Physiological_Considerations\"><\/span>Consid\u00e9rations physiologiques :<span class=\"ez-toc-section-end\"><\/span><\/h3>\n\n\n\n<ul class=\"wp-block-list\">\n<li><strong>Ant\u00e9c\u00e9dents m\u00e9dicaux:<\/strong> Nous examinerons votre \u00e9tat de sant\u00e9 g\u00e9n\u00e9ral, y compris vos ant\u00e9c\u00e9dents m\u00e9dicaux, vos allergies et les m\u00e9dicaments que vous prenez. Certaines affections peuvent affecter la cicatrisation et augmenter les risques chirurgicaux.<\/li>\n\n\n\n<li><strong>Statut de fumeur :<\/strong> Le tabagisme nuit consid\u00e9rablement \u00e0 la cicatrisation des plaies et augmente le risque de complications telles qu&#039;une mauvaise cicatrisation et une n\u00e9crose cutan\u00e9e (mort des tissus). Je vous conseille vivement d&#039;arr\u00eater de fumer bien avant l&#039;intervention.<\/li>\n\n\n\n<li><strong>Histoire de la perte de cheveux :<\/strong> Des ant\u00e9c\u00e9dents de perte de cheveux progressive, en particulier d&#039;alop\u00e9cie androg\u00e9n\u00e9tique (calvitie), doivent \u00eatre examin\u00e9s attentivement. Bien qu&#039;un abaissement de la ligne frontale puisse \u00eatre pratiqu\u00e9 chez les personnes ayant des ant\u00e9c\u00e9dents de perte de cheveux, il est n\u00e9cessaire d&#039;\u00e9valuer le risque de perte future, car une r\u00e9cession importante apr\u00e8s l&#039;intervention pourrait exposer la cicatrice. Dans ce cas, l&#039;association d&#039;un abaissement de la ligne frontale et d&#039;une greffe de cheveux peut \u00eatre envisag\u00e9e.<\/li>\n<\/ul>\n\n\n\n<p>Ma r\u00e9ponse \u00e0 cette question impliquera une \u00e9valuation d\u00e9taill\u00e9e de ces facteurs et une explication claire des raisons pour lesquelles vous \u00eates ou non un candidat appropri\u00e9, ainsi que des \u00e9ventuelles limitations ou strat\u00e9gies alternatives.<\/p>\n\n\n\n<h2 class=\"wp-block-heading\"><span class=\"ez-toc-section\" id=\"What_specific_technique_will_you_use_for_my_hairline_lowering\"><\/span>Quelle technique sp\u00e9cifique utiliserez-vous pour abaisser ma ligne de cheveux ?<span class=\"ez-toc-section-end\"><\/span><\/h2>\n\n\n\n<p>La principale technique d&#039;abaissement de la ligne frontale est l&#039;incision pr\u00e9trichiale. Elle consiste \u00e0 pratiquer une incision chirurgicale pr\u00e9cis\u00e9ment \u00e0 la fronti\u00e8re entre la peau du front et le cuir chevelu.<\/p>\n\n\n\n<h3 class=\"wp-block-heading\"><span class=\"ez-toc-section\" id=\"The_Pretrichial_Incision\"><\/span>L&#039;incision pr\u00e9trichiale :<span class=\"ez-toc-section-end\"><\/span><\/h3>\n\n\n\n<ul class=\"wp-block-list\">\n<li><strong>Placement de l'incision :<\/strong> L&#039;incision est m\u00e9ticuleusement con\u00e7ue pour suivre les ondulations naturelles de votre ligne capillaire. Elle est plac\u00e9e strat\u00e9giquement afin que, lors de la cicatrisation, les follicules pileux puissent potentiellement pousser \u00e0 travers ou autour de la cicatrice, contribuant ainsi \u00e0 la camoufler.\n<ul class=\"wp-block-list\">\n<li><em>Explication simple :<\/em> Nous effectuons la coupe l\u00e0 o\u00f9 vos cheveux commencent, en suivant le bord naturel, de sorte que lorsqu&#039;ils gu\u00e9rissent, les cheveux peuvent aider \u00e0 cacher la ligne.<\/li>\n<\/ul>\n<\/li>\n\n\n\n<li><strong>Excision cutan\u00e9e du front :<\/strong> Une quantit\u00e9 pr\u00e9d\u00e9termin\u00e9e de peau non pileuse du front est ensuite soigneusement retir\u00e9e juste en dessous de la ligne d&#039;incision. La quantit\u00e9 de peau retir\u00e9e d\u00e9termine l&#039;abaissement de la ligne frontale.<\/li>\n\n\n\n<li><strong>Avancement du cuir chevelu :<\/strong> Le cuir chevelu, d\u00e9sormais mobile apr\u00e8s l\u2019incision, est doucement avanc\u00e9 vers l\u2019avant et vers le bas jusqu\u2019\u00e0 sa nouvelle position plus basse.<\/li>\n\n\n\n<li><strong>Fermeture:<\/strong> L&#039;incision est ensuite soigneusement referm\u00e9e par couches \u00e0 l&#039;aide de sutures (points de suture) et parfois d&#039;agrafes. L&#039;objectif est de fermer l&#039;incision avec un minimum de tension afin de favoriser une cicatrisation optimale et de minimiser l&#039;\u00e9largissement de la cicatrice.<\/li>\n<\/ul>\n\n\n\n<h3 class=\"wp-block-heading\"><span class=\"ez-toc-section\" id=\"Variations_and_Considerations\"><\/span>Variations et consid\u00e9rations :<span class=\"ez-toc-section-end\"><\/span><\/h3>\n\n\n\n<ul class=\"wp-block-list\">\n<li><strong>Mod\u00e8le d&#039;incision :<\/strong> Bien qu&#039;une incision pr\u00e9trichiale relativement droite soit courante, certains chirurgiens utilisent une incision l\u00e9g\u00e8rement ondul\u00e9e ou en \u00ab\u00a0zigzag\u00a0\u00bb. L&#039;int\u00e9r\u00eat d&#039;une incision en zigzag r\u00e9side dans le fait qu&#039;elle peut potentiellement produire une cicatrice moins lin\u00e9aire et donc moins visible lors de la cicatrisation. Je vous expliquerai le type d&#039;incision que je privil\u00e9gie et pourquoi, en fonction de votre ligne capillaire et des caract\u00e9ristiques de votre peau.<\/li>\n\n\n\n<li><strong>Assistance endoscopique :<\/strong> Dans certains cas, notamment si un lifting frontal est \u00e9galement r\u00e9alis\u00e9, un endoscope (une petite cam\u00e9ra) peut \u00eatre utilis\u00e9 pour faciliter la lib\u00e9ration des tissus et l&#039;avancement du cuir chevelu. Il ne s&#039;agit pas d&#039;une technique distincte de l&#039;abaissement de la ligne frontale, mais d&#039;un outil facilitant l&#039;intervention.<\/li>\n\n\n\n<li><strong>Expanseurs de tissus :<\/strong> Comme mentionn\u00e9 pr\u00e9c\u00e9demment, si le rel\u00e2chement du cuir chevelu est limit\u00e9 et qu&#039;un abaissement significatif est souhait\u00e9, une intervention en deux temps impliquant des expanseurs tissulaires peut s&#039;av\u00e9rer n\u00e9cessaire. Lors de la premi\u00e8re \u00e9tape, un dispositif semblable \u00e0 un ballonnet (expanseur tissulaire) est plac\u00e9 chirurgicalement sous le cuir chevelu. Sur plusieurs semaines ou mois, une solution saline est progressivement inject\u00e9e dans l&#039;expanseur, \u00e9tirant ainsi le tissu du cuir chevelu. Une fois le rel\u00e2chement suffisant obtenu, une seconde intervention est r\u00e9alis\u00e9e pour retirer l&#039;expanseur et proc\u00e9der \u00e0 l&#039;abaissement de la ligne frontale. Je vous expliquerai si cette option est envisageable dans votre cas.<\/li>\n<\/ul>\n\n\n\n<p>Je d\u00e9crirai les \u00e9tapes sp\u00e9cifiques de la technique que je pr\u00e9vois d&#039;utiliser pour <em>ton<\/em> chirurgie, expliquant pourquoi c&#039;est l&#039;approche la plus appropri\u00e9e en fonction de mon \u00e9valuation de votre anatomie et de vos objectifs.<\/p>\n\n\n\n<h2 class=\"wp-block-heading\"><span class=\"ez-toc-section\" id=\"Where_will_the_scar_be_located_and_how_will_it_be_managed\"><\/span>O\u00f9 sera situ\u00e9e la cicatrice et comment sera-t-elle g\u00e9r\u00e9e ?<span class=\"ez-toc-section-end\"><\/span><\/h2>\n\n\n\n<p>La cicatrice primaire d&#039;une chirurgie d&#039;abaissement de la ligne frontale est situ\u00e9e pr\u00e9cis\u00e9ment le long de la nouvelle ligne frontale. L&#039;objectif est de placer l&#039;incision et de g\u00e9rer le processus de cicatrisation de mani\u00e8re \u00e0 ce que la cicatrice r\u00e9sultante soit la plus discr\u00e8te possible, id\u00e9alement dissimul\u00e9e dans le cuir chevelu.<\/p>\n\n\n\n<h3 class=\"wp-block-heading\"><span class=\"ez-toc-section\" id=\"Scar_Location_and_Appearance\"><\/span>Emplacement et apparence de la cicatrice :<span class=\"ez-toc-section-end\"><\/span><\/h3>\n\n\n\n<ul class=\"wp-block-list\">\n<li><strong>Cicatrice pr\u00e9trichiale :<\/strong> La cicatrice suivra le contour de votre nouvelle ligne capillaire. Imm\u00e9diatement apr\u00e8s l&#039;intervention, la ligne d&#039;incision sera visible et pourra para\u00eetre rouge ou sur\u00e9lev\u00e9e.<\/li>\n\n\n\n<li><strong>Processus de maturation :<\/strong> Les cicatrices m\u00fbrissent sur plusieurs mois, parfois jusqu&#039;\u00e0 un an ou plus. Au d\u00e9but, la cicatrice peut \u00eatre plus marqu\u00e9e, mais elle s&#039;adoucit, s&#039;aplatit et perd sa couleur avec le temps.\n<ul class=\"wp-block-list\">\n<li><em>Explication simple :<\/em> Les cicatrices prennent du temps \u00e0 se r\u00e9sorber et \u00e0 devenir moins visibles, comme une nouvelle coupure qui finit par s\u2019estomper.<\/li>\n<\/ul>\n<\/li>\n\n\n\n<li><strong>Camouflage des cheveux :<\/strong> L&#039;un des principaux avantages de l&#039;incision pr\u00e9trichiale est la possibilit\u00e9 pour les follicules pileux adjacents de pousser \u00e0 travers ou autour de la cicatrice pendant sa cicatrisation. Cette croissance naturelle des cheveux contribue grandement \u00e0 camoufler la cicatrice.<\/li>\n<\/ul>\n\n\n\n<h3 class=\"wp-block-heading\"><span class=\"ez-toc-section\" id=\"Scar_Management\"><\/span>Gestion des cicatrices\u00a0:<span class=\"ez-toc-section-end\"><\/span><\/h3>\n\n\n\n<ul class=\"wp-block-list\">\n<li><strong>Technique chirurgicale\u00a0:<\/strong> Une technique chirurgicale m\u00e9ticuleuse, comprenant un placement pr\u00e9cis de l\u2019incision et une fermeture soigneuse avec une tension minimale, est primordiale pour obtenir une cicatrice fine et bien cicatris\u00e9e.<\/li>\n\n\n\n<li><strong>Soins postop\u00e9ratoires\u00a0:<\/strong> Vous recevrez des instructions sp\u00e9cifiques sur l&#039;entretien de votre incision pendant la p\u00e9riode de convalescence. Cela implique g\u00e9n\u00e9ralement un nettoyage doux et un s\u00e9chage de la zone.<\/li>\n\n\n\n<li><strong>Massage des cicatrices et traitements topiques :<\/strong> Une fois l&#039;incision cicatris\u00e9e, g\u00e9n\u00e9ralement quelques semaines apr\u00e8s l&#039;intervention, je peux recommander un massage de la cicatrice et\/ou des traitements topiques, comme des gels ou des pansements \u00e0 base de silicone. Ces traitements peuvent aider \u00e0 adoucir et \u00e0 aplatir la cicatrice.\n<ul class=\"wp-block-list\">\n<li><em>Explication simple :<\/em> Nous pouvons recommander de frotter doucement la cicatrice ou d\u2019utiliser des cr\u00e8mes ou des patchs sp\u00e9ciaux pour l\u2019aider \u00e0 gu\u00e9rir plus facilement et \u00e0 mieux s\u2019estomper.<\/li>\n<\/ul>\n<\/li>\n\n\n\n<li><strong>Protection solaire:<\/strong> Il est essentiel de prot\u00e9ger la cicatrice de l\u2019exposition au soleil pendant au moins un an, car les rayons UV peuvent assombrir la cicatrice et la rendre plus visible.<\/li>\n\n\n\n<li><strong>Traiter les probl\u00e8mes de cicatrices :<\/strong> Bien que tous les efforts soient faits pour obtenir une cicatrice optimale, il arrive que les cicatrices deviennent hypertrophiques (sur\u00e9lev\u00e9es et \u00e9paissies) ou ch\u00e9lo\u00efdes (d\u00e9passant les limites de l&#039;incision initiale). Ces cas sont moins fr\u00e9quents avec les incisions capillaires, mais peuvent survenir. Dans ce cas, plusieurs options th\u00e9rapeutiques existent, notamment des traitements au silicone, des injections de st\u00e9ro\u00efdes et, dans certains cas, une chirurgie de r\u00e9vision.<\/li>\n<\/ul>\n\n\n\n<p>Je vous montrerai o\u00f9 l&#039;incision sera plac\u00e9e sur votre front et vous expliquerai l&#039;apparence attendue de la cicatrice au fil du temps, ainsi que les soins postop\u00e9ratoires et les strat\u00e9gies de gestion pour optimiser la cicatrisation.<\/p>\n\n\n\n<h2 class=\"wp-block-heading\"><span class=\"ez-toc-section\" id=\"How_much_can_my_hairline_be_lowered\"><\/span>De combien ma ligne de cheveux peut-elle \u00eatre abaiss\u00e9e ?<span class=\"ez-toc-section-end\"><\/span><\/h2>\n\n\n\n<p>La mesure dans laquelle votre ligne de cheveux peut \u00eatre abaiss\u00e9e en une seule proc\u00e9dure est principalement d\u00e9termin\u00e9e par le rel\u00e2chement de votre cuir chevelu.<\/p>\n\n\n\n<ul class=\"wp-block-list\">\n<li><strong>Le rel\u00e2chement du cuir chevelu comme facteur limitant :<\/strong> Comme indiqu\u00e9 pr\u00e9c\u00e9demment, plus votre cuir chevelu est souple et extensible, plus la quantit\u00e9 de peau du front pouvant \u00eatre retir\u00e9e et le cuir chevelu pouvant \u00eatre avanc\u00e9 est importante. Chez les personnes pr\u00e9sentant une bonne laxit\u00e9 du cuir chevelu, il est possible d&#039;abaisser la ligne frontale de 2 \u00e0 5 centim\u00e8tres, parfois m\u00eame plus. Cependant, cela varie consid\u00e9rablement d&#039;une personne \u00e0 l&#039;autre.<\/li>\n\n\n\n<li><strong>R\u00e9sultat esth\u00e9tique souhait\u00e9 :<\/strong> Si le rel\u00e2chement du cuir chevelu constitue une limite physique, vos objectifs esth\u00e9tiques jouent \u00e9galement un r\u00f4le. Nous discuterons de la position souhait\u00e9e de votre ligne frontale et de l&#039;abaissement souhait\u00e9, en veillant \u00e0 ce qu&#039;il corresponde aux possibilit\u00e9s r\u00e9alistes de votre anatomie.<\/li>\n\n\n\n<li><strong>\u00c9valuation lors de la consultation :<\/strong> Lors de la consultation, j&#039;\u00e9valuerai physiquement votre rel\u00e2chement capillaire en le manipulant d\u00e9licatement. Cela me permettra d&#039;estimer le degr\u00e9 de r\u00e9duction pouvant \u00eatre obtenu de mani\u00e8re s\u00fbre et efficace dans votre cas.<\/li>\n\n\n\n<li><strong>Possibilit\u00e9 d&#039;une proc\u00e9dure en deux \u00e9tapes :<\/strong> Si votre rel\u00e2chement du cuir chevelu est limit\u00e9 mais que vous d\u00e9sirez un abaissement important, je discuterai de la possibilit\u00e9 d&#039;une proc\u00e9dure en deux \u00e9tapes utilisant des extenseurs de tissus pour \u00e9tirer progressivement le cuir chevelu au fil du temps avant la chirurgie finale d&#039;abaissement de la ligne des cheveux.<\/li>\n<\/ul>\n\n\n\n<p>Je vous donnerai une estimation r\u00e9aliste de la mesure dans laquelle votre ligne de cheveux peut \u00eatre abaiss\u00e9e en fonction de mon \u00e9valuation du rel\u00e2chement de votre cuir chevelu et je discuterai si une approche en une seule \u00e9tape ou en deux \u00e9tapes pourrait \u00eatre n\u00e9cessaire pour atteindre vos objectifs.<\/p>\n\n\n\n<h2 class=\"wp-block-heading\"><span class=\"ez-toc-section\" id=\"Will_this_procedure_affect_future_hair_growth\"><\/span>Cette proc\u00e9dure affectera-t-elle la croissance future des cheveux ?<span class=\"ez-toc-section-end\"><\/span><\/h2>\n\n\n\n<p>L&#039;incision pr\u00e9trichiale vise \u00e0 pr\u00e9server autant que possible les follicules pileux le long de la ligne d&#039;incision. Cependant, elle peut avoir des cons\u00e9quences sur la croissance des cheveux, dont nous devons discuter.<\/p>\n\n\n\n<h3 class=\"wp-block-heading\"><span class=\"ez-toc-section\" id=\"Potential_Impacts_on_Hair_Growth\"><\/span>Impacts potentiels sur la croissance des cheveux :<span class=\"ez-toc-section-end\"><\/span><\/h3>\n\n\n\n<ul class=\"wp-block-list\">\n<li><strong>Perte de choc temporaire :<\/strong> Il est fr\u00e9quent de constater une perte temporaire de cheveux le long de la ligne d&#039;incision dans les semaines ou les mois suivant l&#039;intervention. Ce ph\u00e9nom\u00e8ne, appel\u00e9 \u00ab\u00a0chute de choc\u00a0\u00bb, est g\u00e9n\u00e9ralement temporaire, la repousse des cheveux reprenant g\u00e9n\u00e9ralement apr\u00e8s plusieurs mois.\n<ul class=\"wp-block-list\">\n<li><em>Explication simple :<\/em> Parfois, les cheveux autour de la coupe sont un peu stress\u00e9s et tombent temporairement, mais ils repoussent g\u00e9n\u00e9ralement.<\/li>\n<\/ul>\n<\/li>\n\n\n\n<li><strong>Dommages aux follicules :<\/strong> Bien que des pr\u00e9cautions soient prises pour pr\u00e9server les follicules pileux, il existe un l\u00e9ger risque d&#039;endommager certains follicules pileux lors de l&#039;incision et de la manipulation des tissus. Cela pourrait entra\u00eener un amincissement permanent le long de la cicatrice.<\/li>\n\n\n\n<li><strong>Alop\u00e9cie cicatricielle :<\/strong> Dans de rares cas, une mauvaise cicatrisation ou une tension excessive au niveau de l&#039;incision peuvent entra\u00eener une alop\u00e9cie (perte de cheveux) directement le long de la cicatrice. Cela la rend plus visible.\n<ul class=\"wp-block-list\">\n<li><em>Explication simple :<\/em> Si la cicatrice ne gu\u00e9rit pas parfaitement ou si la peau est trop tir\u00e9e, vous risquez de perdre des cheveux juste au niveau de la cicatrice.<\/li>\n<\/ul>\n<\/li>\n<\/ul>\n\n\n\n<h3 class=\"wp-block-heading\"><span class=\"ez-toc-section\" id=\"Mitigating_Factors\"><\/span>Facteurs att\u00e9nuants :<span class=\"ez-toc-section-end\"><\/span><\/h3>\n\n\n\n<ul class=\"wp-block-list\">\n<li><strong>Technique chirurgicale\u00a0:<\/strong> Un chirurgien exp\u00e9riment\u00e9 utilise des techniques qui minimisent les traumatismes des follicules pileux pendant l&#039;intervention. L&#039;incision de la peau en biseau (\u00e0 un angle pr\u00e9cis) le long de la ligne frontale permet de pr\u00e9server davantage de follicules.<\/li>\n\n\n\n<li><strong>Minimiser la tension :<\/strong> Une fermeture soigneuse de l\u2019incision avec une tension minimale est essentielle pour une cicatrisation optimale de la cicatrice et pour r\u00e9duire le risque d\u2019alop\u00e9cie cicatricielle.<\/li>\n\n\n\n<li><strong>Faire face \u00e0 la perte de cheveux future :<\/strong> Si vous avez des ant\u00e9c\u00e9dents familiaux ou des facteurs de risque de perte de cheveux progressive, nous discuterons des strat\u00e9gies pour g\u00e9rer cela, qui peuvent inclure des traitements m\u00e9dicaux contre la perte de cheveux ou une future greffe de cheveux pour maintenir la densit\u00e9 autour de la ligne des cheveux abaiss\u00e9e.<\/li>\n<\/ul>\n\n\n\n<p>Je vous expliquerai l&#039;impact potentiel sur la croissance capillaire, la probabilit\u00e9 d&#039;une chute de cheveux temporaire et les strat\u00e9gies que j&#039;utilise pour minimiser le risque de chute permanente le long de la cicatrice. Nous discuterons \u00e9galement de vos facteurs de risque individuels de chute de cheveux future.<\/p>\n\n\n\n<h2 class=\"wp-block-heading\"><span class=\"ez-toc-section\" id=\"What_are_the_potential_risks_and_complications_associated_with_hairline_lowering\"><\/span>Quels sont les risques et complications potentiels associ\u00e9s \u00e0 l\u2019abaissement de la ligne des cheveux ?<span class=\"ez-toc-section-end\"><\/span><\/h2>\n\n\n\n<p>Comme toute intervention chirurgicale, l&#039;abaissement de la ligne frontale comporte des risques et des complications potentiels. Il est essentiel d&#039;\u00eatre pleinement inform\u00e9 de ces risques avant de prendre une d\u00e9cision. Bien que les complications graves soient rares, il est important d&#039;en \u00eatre conscient.<\/p>\n\n\n\n<h3 class=\"wp-block-heading\"><span class=\"ez-toc-section\" id=\"Potential_Risks_and_Complications\"><\/span>Risques et complications potentiels :<span class=\"ez-toc-section-end\"><\/span><\/h3>\n\n\n\n<ul class=\"wp-block-list\">\n<li><strong>Douleur et inconfort\u00a0:<\/strong> Vous ressentirez une certaine douleur et un certain inconfort au niveau du front et du cuir chevelu apr\u00e8s la chirurgie, qui peuvent \u00eatre g\u00e9r\u00e9s avec des analg\u00e9siques prescrits.<\/li>\n\n\n\n<li><strong>Gonflement (\u0153d\u00e8me) et ecchymoses (ecchymoses) :<\/strong> Un gonflement et des ecchymoses sont attendus apr\u00e8s l\u2019op\u00e9ration et disparaissent g\u00e9n\u00e9ralement en quelques semaines.\n<ul class=\"wp-block-list\">\n<li><em>Explication simple :<\/em> Votre front sera gonfl\u00e9 et pr\u00e9sentera des ecchymoses (marques noires et bleues) apr\u00e8s l&#039;op\u00e9ration.<\/li>\n<\/ul>\n<\/li>\n\n\n\n<li><strong>Engourdissement (paresth\u00e9sie\/dysesth\u00e9sie)\u00a0:<\/strong> Il est tr\u00e8s fr\u00e9quent de ressentir une alt\u00e9ration de la sensibilit\u00e9, notamment des engourdissements ou des picotements (paresth\u00e9sies), voire une sensation d\u00e9sagr\u00e9able ou douloureuse (dysesth\u00e9sie), au niveau du front et du cuir chevelu apr\u00e8s un abaissement de la ligne frontale. Cela est d\u00fb \u00e0 l&#039;\u00e9tirement ou \u00e0 la perturbation temporaire des nerfs sensoriels pendant l&#039;intervention. La sensibilit\u00e9 revient g\u00e9n\u00e9ralement progressivement sur plusieurs mois, mais cela peut prendre jusqu&#039;\u00e0 un an ou plus, et dans certains cas, un certain degr\u00e9 d&#039;engourdissement permanent ou une alt\u00e9ration de la sensibilit\u00e9 peut persister.\n<ul class=\"wp-block-list\">\n<li><em>Explication simple :<\/em> Votre front peut \u00eatre engourdi, picoter ou tout simplement bizarre, car les petits nerfs sensoriels ont \u00e9t\u00e9 \u00e9tir\u00e9s ou heurt\u00e9s pendant l&#039;op\u00e9ration. Cela s&#039;am\u00e9liore g\u00e9n\u00e9ralement avec le temps.<\/li>\n<\/ul>\n<\/li>\n\n\n\n<li><strong>Probl\u00e8mes de cicatrisation :<\/strong> Comme indiqu\u00e9 pr\u00e9c\u00e9demment, des probl\u00e8mes tels que des cicatrices larges ou hypertrophiques, ou une alop\u00e9cie cicatricielle, sont des complications potentielles.<\/li>\n\n\n\n<li><strong>Infection:<\/strong> Bien que rare, l&#039;infection au niveau de l&#039;incision constitue un risque lors de toute intervention chirurgicale. Les signes d&#039;infection comprennent une douleur accrue, une rougeur, un gonflement, une chaleur et du pus. Un traitement antibiotique peut \u00eatre n\u00e9cessaire.<\/li>\n\n\n\n<li><strong>Saignement (h\u00e9matome) :<\/strong> Une accumulation de sang sous la peau (h\u00e9matome) peut se produire, n\u00e9cessitant un drainage dans certains cas.<\/li>\n\n\n\n<li><strong>Une mauvaise cicatrisation:<\/strong> Des facteurs tels que le tabagisme, une mauvaise alimentation ou des probl\u00e8mes m\u00e9dicaux sous-jacents peuvent nuire \u00e0 la cicatrisation des plaies.<\/li>\n\n\n\n<li><strong>D\u00e9g\u00e2ts nerveux:<\/strong> Bien que rare, il existe un risque de l\u00e9sion de la branche frontale du nerf facial, qui contr\u00f4le les mouvements du front et des sourcils. Une l\u00e9sion de ce nerf peut entra\u00eener une faiblesse ou une paralysie temporaire ou, tr\u00e8s rarement, permanente, des muscles du front, entra\u00eenant une asym\u00e9trie des sourcils.\n<ul class=\"wp-block-list\">\n<li><em>Explication simple :<\/em> Il existe un faible risque que le nerf qui vous aide \u00e0 lever votre sourcil soit affect\u00e9, ce qui rendrait un c\u00f4t\u00e9 de votre front difficile \u00e0 bouger.<\/li>\n<\/ul>\n<\/li>\n\n\n\n<li><strong>Asym\u00e9trie:<\/strong> Obtenir une sym\u00e9trie parfaite lors d&#039;une chirurgie faciale peut s&#039;av\u00e9rer complexe. De l\u00e9g\u00e8res asym\u00e9tries au niveau de la ligne frontale ou du contour des cheveux sont possibles.<\/li>\n\n\n\n<li><strong>N\u00e9crose cutan\u00e9e :<\/strong> Dans de tr\u00e8s rares cas, un apport sanguin compromis au lambeau cutan\u00e9 peut entra\u00eener une n\u00e9crose cutan\u00e9e, n\u00e9cessitant un traitement suppl\u00e9mentaire.\n<ul class=\"wp-block-list\">\n<li><em>Explication simple :<\/em> Dans des situations extr\u00eamement rares, une partie de la peau peut ne pas recevoir suffisamment de sang et mourir.<\/li>\n<\/ul>\n<\/li>\n\n\n\n<li><strong>Risques li\u00e9s \u00e0 l&#039;anesth\u00e9sie :<\/strong> Des risques sont \u00e9galement associ\u00e9s \u00e0 l\u2019anesth\u00e9sie g\u00e9n\u00e9rale, bien qu\u2019ils soient rares chez les individus en bonne sant\u00e9.<\/li>\n<\/ul>\n\n\n\n<p>Je d\u00e9taillerai ces risques, en expliquant leur probabilit\u00e9 et les pr\u00e9cautions que je prends pour les minimiser. Il est important que vous ayez une compr\u00e9hension r\u00e9aliste de ces complications potentielles.<\/p>\n\n\n\n<h2 class=\"wp-block-heading\"><span class=\"ez-toc-section\" id=\"How_do_you_minimise_these_risks\"><\/span>Comment minimiser ces risques ?<span class=\"ez-toc-section-end\"><\/span><\/h2>\n\n\n\n<p>La minimisation des risques fait partie int\u00e9grante de ma pratique chirurgicale. Plusieurs strat\u00e9gies sont employ\u00e9es pour am\u00e9liorer la s\u00e9curit\u00e9 des patients et optimiser les r\u00e9sultats.<\/p>\n\n\n\n<h3 class=\"wp-block-heading\"><span class=\"ez-toc-section\" id=\"Risk_Mitigation_Strategies\"><\/span>Strat\u00e9gies d\u2019att\u00e9nuation des risques :<span class=\"ez-toc-section-end\"><\/span><\/h3>\n\n\n\n<ul class=\"wp-block-list\">\n<li><strong>\u00c9valuation pr\u00e9op\u00e9ratoire approfondie :<\/strong> Un examen complet de vos ant\u00e9c\u00e9dents m\u00e9dicaux, de vos m\u00e9dicaments et de votre mode de vie (y compris votre statut tabagique) permet d&#039;identifier les facteurs susceptibles d&#039;accro\u00eetre les risques. Je peux demander des examens compl\u00e9mentaires ou des consultations avec d&#039;autres sp\u00e9cialistes si n\u00e9cessaire.<\/li>\n\n\n\n<li><strong>S\u00e9lection rigoureuse des patients :<\/strong> S\u2019assurer que vous \u00eates un candidat appropri\u00e9 pour la proc\u00e9dure en fonction de votre anatomie, de votre sant\u00e9 et de vos attentes r\u00e9alistes est la premi\u00e8re \u00e9tape de la r\u00e9duction des risques.<\/li>\n\n\n\n<li><strong>Planification chirurgicale d\u00e9taill\u00e9e :<\/strong> Une planification m\u00e9ticuleuse de la ligne d\u2019incision, de la quantit\u00e9 de peau \u00e0 retirer et du vecteur d\u2019avancement du cuir chevelu est cruciale.<\/li>\n\n\n\n<li><strong>Technique chirurgicale pr\u00e9cise :<\/strong> L\u2019utilisation de techniques chirurgicales raffin\u00e9es, notamment une dissection minutieuse, la pr\u00e9servation des vaisseaux sanguins et des nerfs lorsque cela est possible et une fermeture m\u00e9ticuleuse, permet de minimiser les complications.<\/li>\n\n\n\n<li><strong>Maintien de la technique aseptique :<\/strong> Le strict respect des proc\u00e9dures st\u00e9riles tout au long de l\u2019intervention r\u00e9duit le risque d\u2019infection.<\/li>\n\n\n\n<li><strong>\u00c9viter les tensions excessives :<\/strong> La fermeture de l\u2019incision sans tension excessive est essentielle pour une bonne cicatrisation et pour pr\u00e9venir les complications telles que l\u2019alop\u00e9cie cicatricielle et la n\u00e9crose cutan\u00e9e.<\/li>\n\n\n\n<li><strong>Surveillance et soins postop\u00e9ratoires :<\/strong> Une surveillance \u00e9troite pendant la p\u00e9riode postop\u00e9ratoire imm\u00e9diate et la fourniture d\u2019instructions claires sur les soins des plaies, les restrictions d\u2019activit\u00e9 et la gestion des sympt\u00f4mes aident \u00e0 pr\u00e9venir les complications et garantissent une intervention rapide en cas de probl\u00e8me.<\/li>\n\n\n\n<li><strong>\u00c9quipe d&#039;anesth\u00e9sie exp\u00e9riment\u00e9e :<\/strong> L&#039;intervention est r\u00e9alis\u00e9e sous anesth\u00e9sie g\u00e9n\u00e9rale administr\u00e9e par un anesth\u00e9siste consultant exp\u00e9riment\u00e9 qui vous surveillera tout au long de l&#039;intervention.<\/li>\n<\/ul>\n\n\n\n<p>J&#039;expliquerai les mesures sp\u00e9cifiques que je prends pour minimiser chacun des risques potentiels \u00e9voqu\u00e9s, d\u00e9montrant ainsi mon engagement envers la s\u00e9curit\u00e9 des patients.<\/p>\n\n\n\n<h2 class=\"wp-block-heading\"><span class=\"ez-toc-section\" id=\"What_is_your_experience_with_hairline_lowering_surgery\"><\/span>Quelle est votre exp\u00e9rience avec la chirurgie d\u2019abaissement de la ligne des cheveux ?<span class=\"ez-toc-section-end\"><\/span><\/h2>\n\n\n\n<p>Il est essentiel de poser cette question \u00e0 tout chirurgien que vous envisagez. L&#039;exp\u00e9rience est essentielle pour les interventions chirurgicales complexes comme l&#039;abaissement de la ligne frontale dans le cadre d&#039;une FFS.<\/p>\n\n\n\n<h3 class=\"wp-block-heading\"><span class=\"ez-toc-section\" id=\"Assessing_Your_Surgeons_Experience\"><\/span>\u00c9valuer l&#039;exp\u00e9rience de votre chirurgien :<span class=\"ez-toc-section-end\"><\/span><\/h3>\n\n\n\n<ul class=\"wp-block-list\">\n<li><strong>Volume des proc\u00e9dures :<\/strong> Demandez au chirurgien combien d&#039;interventions d&#039;abaissement de la ligne frontale il pratique chaque ann\u00e9e et combien il en a pratiqu\u00e9es au total. Un chirurgien pratiquant r\u00e9guli\u00e8rement cette intervention est susceptible de ma\u00eetriser sa technique et de mieux comprendre les difficult\u00e9s potentielles et leur gestion.<\/li>\n\n\n\n<li><strong>Sp\u00e9cialisation en FFS :<\/strong> Bien que de nombreux chirurgiens plasticiens puissent pratiquer l&#039;abaissement de la ligne des cheveux, un chirurgien sp\u00e9cialis\u00e9 dans le FFS aura une compr\u00e9hension plus approfondie des objectifs esth\u00e9tiques sp\u00e9cifiques et des consid\u00e9rations anatomiques pertinentes pour les patients transgenres.<\/li>\n\n\n\n<li><strong>R\u00e9sultats et satisfaction des patients :<\/strong> Bien qu\u2019un chirurgien ne puisse pas garantir des r\u00e9sultats sp\u00e9cifiques, vous pouvez vous renseigner sur ses r\u00e9sultats typiques et sur la mani\u00e8re dont il mesure la satisfaction des patients.<\/li>\n\n\n\n<li><strong>Photos avant et apr\u00e8s :<\/strong> Il est essentiel d&#039;examiner le portfolio de photos avant\/apr\u00e8s d&#039;un chirurgien ayant d\u00e9j\u00e0 subi une ablation de la ligne frontale. Recherchez des r\u00e9sultats qui correspondent \u00e0 vos propres objectifs esth\u00e9tiques et observez la qualit\u00e9 des cicatrices et le contour de la ligne frontale. Soyez attentif aux patients dont la hauteur du front et les caract\u00e9ristiques de la ligne frontale sont similaires aux v\u00f4tres.<\/li>\n<\/ul>\n\n\n\n<p>Je serai transparent sur mon exp\u00e9rience, le nombre de proc\u00e9dures d&#039;abaissement de la ligne des cheveux que j&#039;ai effectu\u00e9es et mon approche pour obtenir des r\u00e9sultats naturels et satisfaisants dans le cadre du FFS.<\/p>\n\n\n\n<h2 class=\"wp-block-heading\"><span class=\"ez-toc-section\" id=\"What_happens_on_the_day_of_surgery\"><\/span>Que se passe-t-il le jour de l\u2019op\u00e9ration ?<span class=\"ez-toc-section-end\"><\/span><\/h2>\n\n\n\n<p>Comprendre le processus chirurgical peut contribuer \u00e0 att\u00e9nuer l&#039;anxi\u00e9t\u00e9. Je vous expliquerai \u00e0 quoi vous attendre le jour de votre op\u00e9ration d&#039;abaissement de la ligne frontale.<\/p>\n\n\n\n<h3 class=\"wp-block-heading\"><span class=\"ez-toc-section\" id=\"The_Surgical_Day_Process\"><\/span>Le d\u00e9roulement de la journ\u00e9e chirurgicale :<span class=\"ez-toc-section-end\"><\/span><\/h3>\n\n\n\n<ul class=\"wp-block-list\">\n<li><strong>Arriv\u00e9e et admissions :<\/strong> Vous arriverez \u00e0 l\u2019h\u00f4pital ou au centre chirurgical \u00e0 l\u2019heure pr\u00e9vue et effectuerez les proc\u00e9dures d\u2019admission n\u00e9cessaires.<\/li>\n\n\n\n<li><strong>Rencontre avec l&#039;\u00e9quipe chirurgicale :<\/strong> Vous rencontrerez l&#039;\u00e9quipe soignante, l&#039;anesth\u00e9siste et moi-m\u00eame. C&#039;est une nouvelle occasion de poser vos questions de derni\u00e8re minute.<\/li>\n\n\n\n<li><strong>Marquage pr\u00e9op\u00e9ratoire :<\/strong> Je r\u00e9aliserai des marquages sur votre front et votre cuir chevelu pour d\u00e9limiter la ligne d&#039;incision pr\u00e9vue et la quantit\u00e9 de peau \u00e0 retirer. Il s&#039;agit d&#039;un processus pr\u00e9cis bas\u00e9 sur notre planification pr\u00e9op\u00e9ratoire.<\/li>\n\n\n\n<li><strong>Anesth\u00e9sie:<\/strong> L&#039;op\u00e9ration d&#039;abaissement de la ligne frontale pour FFS est g\u00e9n\u00e9ralement r\u00e9alis\u00e9e sous anesth\u00e9sie g\u00e9n\u00e9rale. Vous serez ainsi endormi et indolore tout au long de l&#039;intervention. L&#039;anesth\u00e9siste vous expliquera le d\u00e9roulement de l&#039;anesth\u00e9sie et r\u00e9pondra \u00e0 vos \u00e9ventuelles pr\u00e9occupations.\n<ul class=\"wp-block-list\">\n<li><em>Explication simple :<\/em> Vous serez compl\u00e8tement endormi pendant l\u2019op\u00e9ration, vous ne ressentirez donc rien.<\/li>\n<\/ul>\n<\/li>\n\n\n\n<li><strong>La proc\u00e9dure chirurgicale :<\/strong> Une fois sous anesth\u00e9sie, l&#039;\u00e9quipe chirurgicale pr\u00e9parera le site chirurgical. Je proc\u00e9derai ensuite \u00e0 l&#039;abaissement de la ligne frontale comme pr\u00e9vu, ce qui comprend l&#039;incision, le retrait de l&#039;exc\u00e9dent de peau du front, l&#039;avanc\u00e9e du cuir chevelu et la fermeture m\u00e9ticuleuse de l&#039;incision.<\/li>\n\n\n\n<li><strong>Dur\u00e9e de l&#039;intervention :<\/strong> La dur\u00e9e de l&#039;intervention d\u00e9pendra de la nature de l&#039;abaissement de la ligne frontale, qu&#039;il soit r\u00e9alis\u00e9 seul ou en association avec d&#039;autres interventions FFS. L&#039;abaissement de la ligne frontale seul dure g\u00e9n\u00e9ralement entre 1,5 et 3 heures.<\/li>\n\n\n\n<li><strong>Salle de r\u00e9veil (unit\u00e9 de soins post-anesth\u00e9siques \u2013 USPA) :<\/strong> Une fois l\u2019op\u00e9ration termin\u00e9e, vous serez transf\u00e9r\u00e9 en salle de r\u00e9veil o\u00f9 vous serez \u00e9troitement surveill\u00e9 pendant votre r\u00e9veil apr\u00e8s l\u2019anesth\u00e9sie.<\/li>\n\n\n\n<li><strong>Transfert vers le service :<\/strong> Une fois que vous serez stable et compl\u00e8tement r\u00e9veill\u00e9, vous serez transf\u00e9r\u00e9 dans un service hospitalier pour une observation nocturne ou, dans certains cas, vous serez renvoy\u00e9 chez vous s&#039;il s&#039;agit d&#039;un cas de jour et jug\u00e9 s\u00fbr.<\/li>\n<\/ul>\n\n\n\n<p>Je vous fournirai une explication d\u00e9taill\u00e9e du d\u00e9roulement de la journ\u00e9e chirurgicale, en veillant \u00e0 ce que vous sachiez \u00e0 quoi vous attendre d\u00e8s votre arriv\u00e9e jusqu&#039;\u00e0 votre r\u00e9veil ou votre transfert au service.<\/p>\n\n\n\n<h2 class=\"wp-block-heading\"><span class=\"ez-toc-section\" id=\"What_is_the_recovery_like_after_hairline_lowering\"><\/span>\u00c0 quoi ressemble la r\u00e9cup\u00e9ration apr\u00e8s une baisse de la ligne des cheveux ?<span class=\"ez-toc-section-end\"><\/span><\/h2>\n\n\n\n<p>Comprendre le processus de gu\u00e9rison est essentiel pour planifier et d\u00e9finir des objectifs r\u00e9alistes. La gu\u00e9rison apr\u00e8s un abaissement de la ligne frontale comporte plusieurs \u00e9tapes, la p\u00e9riode initiale n\u00e9cessitant le plus de soins et de repos.<\/p>\n\n\n\n<h3 class=\"wp-block-heading\"><span class=\"ez-toc-section\" id=\"Immediate_Post-operative_Period_First_few_days_to_a_week\"><\/span>P\u00e9riode postop\u00e9ratoire imm\u00e9diate (premiers jours \u00e0 une semaine) :<span class=\"ez-toc-section-end\"><\/span><\/h3>\n\n\n\n<ul class=\"wp-block-list\">\n<li><strong>Douleur et inconfort\u00a0:<\/strong> Vous ressentirez de la douleur et de l\u2019inconfort, qui seront g\u00e9r\u00e9s \u00e0 l\u2019aide d\u2019analg\u00e9siques sur ordonnance.<\/li>\n\n\n\n<li><strong>Gonflement et ecchymose\u00a0:<\/strong> Un gonflement important et des ecchymoses au niveau du front et du contour des yeux sont \u00e0 pr\u00e9voir. L&#039;application de compresses froides, comme indiqu\u00e9, peut aider \u00e0 r\u00e9duire le gonflement.<\/li>\n\n\n\n<li><strong>Engourdissement:<\/strong> Un engourdissement du front et du cuir chevelu sera pr\u00e9sent en raison de l\u2019\u00e9tirement des nerfs.<\/li>\n\n\n\n<li><strong>Bandeau\/pansements :<\/strong> Vous aurez probablement un bandage ou des pansements en place pour aider \u00e0 r\u00e9duire l\u2019enflure et soutenir la zone chirurgicale.<\/li>\n\n\n\n<li><strong>Drains (si utilis\u00e9s) :<\/strong> Dans certains cas, de petits drains peuvent \u00eatre plac\u00e9s sous la peau pour recueillir l&#039;exc\u00e8s de liquide. Ils sont g\u00e9n\u00e9ralement retir\u00e9s au bout d&#039;un jour ou deux.<\/li>\n\n\n\n<li><strong>Restrictions d&#039;activit\u00e9\u00a0:<\/strong> Vous devrez vous reposer et \u00e9viter les activit\u00e9s intenses, les flexions et les soul\u00e8vements. Gardez la t\u00eate sur\u00e9lev\u00e9e pour r\u00e9duire l&#039;enflure.<\/li>\n\n\n\n<li><strong>Soins des plaies :<\/strong> Vous recevrez des instructions sp\u00e9cifiques sur la fa\u00e7on de prendre soin de votre incision, ce qui peut impliquer un nettoyage doux.<\/li>\n<\/ul>\n\n\n\n<h3 class=\"wp-block-heading\"><span class=\"ez-toc-section\" id=\"Early_Recovery_1_to_3_weeks\"><\/span>R\u00e9cup\u00e9ration pr\u00e9coce (1 \u00e0 3 semaines) :<span class=\"ez-toc-section-end\"><\/span><\/h3>\n\n\n\n<ul class=\"wp-block-list\">\n<li><strong>L&#039;enflure et les ecchymoses disparaissent :<\/strong> L\u2019enflure et les ecchymoses dispara\u00eetront progressivement, m\u00eame si un gonflement r\u00e9siduel peut persister pendant plusieurs semaines.<\/li>\n\n\n\n<li><strong>La sensation commence \u00e0 revenir :<\/strong> La sensation au niveau du front et du cuir chevelu peut commencer \u00e0 revenir lentement, accompagn\u00e9e de picotements ou de d\u00e9mangeaisons.<\/li>\n\n\n\n<li><strong>Activit\u00e9s de retour \u00e0 la lumi\u00e8re :<\/strong> Vous pouvez augmenter progressivement votre niveau d\u2019activit\u00e9, mais \u00e9vitez tout ce qui augmente consid\u00e9rablement votre rythme cardiaque ou votre tension art\u00e9rielle.<\/li>\n\n\n\n<li><strong>Retrait des points\/agrafes :<\/strong> Les sutures ou agrafes sont g\u00e9n\u00e9ralement retir\u00e9es environ 7 \u00e0 14 jours apr\u00e8s la chirurgie.<\/li>\n<\/ul>\n\n\n\n<h3 class=\"wp-block-heading\"><span class=\"ez-toc-section\" id=\"Mid-Term_Recovery_1_to_3_months\"><\/span>R\u00e9cup\u00e9ration \u00e0 moyen terme (1 \u00e0 3 mois) :<span class=\"ez-toc-section-end\"><\/span><\/h3>\n\n\n\n<ul class=\"wp-block-list\">\n<li><strong>Am\u00e9lioration significative de l&#039;apparence :<\/strong> La plupart des gonflements et des ecchymoses auront disparu et vous commencerez \u00e0 voir une bonne indication de la nouvelle position de votre ligne capillaire.<\/li>\n\n\n\n<li><strong>D\u00e9but de la maturation des cicatrices :<\/strong> La cicatrice sera toujours visible mais commencera \u00e0 s\u2019adoucir et \u00e0 s\u2019estomper.<\/li>\n\n\n\n<li><strong>La sensation continue de s&#039;am\u00e9liorer :<\/strong> La sensation continuera \u00e0 revenir, m\u00eame si le retour complet peut prendre plus de temps.<\/li>\n\n\n\n<li><strong>Retour \u00e0 la plupart des activit\u00e9s\u00a0:<\/strong> Vous pouvez g\u00e9n\u00e9ralement reprendre la plupart de vos activit\u00e9s normales, y compris l\u2019exercice, m\u00eame si les activit\u00e9s intenses doivent encore \u00eatre abord\u00e9es progressivement.<\/li>\n<\/ul>\n\n\n\n<h3 class=\"wp-block-heading\"><span class=\"ez-toc-section\" id=\"Long-Term_Recovery_3_months_and_beyond\"><\/span>R\u00e9cup\u00e9ration \u00e0 long terme (3 mois et plus) :<span class=\"ez-toc-section-end\"><\/span><\/h3>\n\n\n\n<ul class=\"wp-block-list\">\n<li><strong>La maturation des cicatrices continue :<\/strong> La cicatrice continuera \u00e0 s\u2019affiner et \u00e0 s\u2019estomper au fil des mois.<\/li>\n\n\n\n<li><strong>Repousse des cheveux :<\/strong> Si vous avez subi une perte de cheveux temporaire, la croissance des cheveux le long de la ligne d\u2019incision devrait \u00eatre bien avanc\u00e9e.<\/li>\n\n\n\n<li><strong>Les r\u00e9sultats d\u00e9finitifs \u00e9mergent :<\/strong> Les r\u00e9sultats esth\u00e9tiques finaux de l\u2019abaissement de votre ligne capillaire deviendront plus apparents \u00e0 mesure que le gonflement dispara\u00eetra compl\u00e8tement et que la cicatrice m\u00fbrira.<\/li>\n<\/ul>\n\n\n\n<p>Je vous fournirai un calendrier de r\u00e9cup\u00e9ration d\u00e9taill\u00e9, d\u00e9crivant \u00e0 quoi vous attendre \u00e0 chaque \u00e9tape, comment g\u00e9rer les sympt\u00f4mes et quand vous pourrez reprendre progressivement vos activit\u00e9s normales.<\/p>\n\n\n\n<h2 class=\"wp-block-heading\"><span class=\"ez-toc-section\" id=\"When_can_I_return_to_work_and_normal_activities\"><\/span>Quand puis-je reprendre le travail et mes activit\u00e9s normales ?<span class=\"ez-toc-section-end\"><\/span><\/h2>\n\n\n\n<p>Le d\u00e9lai de retour au travail et aux activit\u00e9s normales varie en fonction de l\u2019individu, de l\u2019\u00e9tendue de la chirurgie (si l\u2019abaissement de la ligne des cheveux a \u00e9t\u00e9 effectu\u00e9 seul ou avec d\u2019autres proc\u00e9dures) et de la nature de votre travail ou de vos activit\u00e9s.<\/p>\n\n\n\n<h3 class=\"wp-block-heading\"><span class=\"ez-toc-section\" id=\"General_Guidelines\"><\/span>Directives g\u00e9n\u00e9rales :<span class=\"ez-toc-section-end\"><\/span><\/h3>\n\n\n\n<ul class=\"wp-block-list\">\n<li><strong>Travail l\u00e9ger\/s\u00e9dentaire :<\/strong> Si votre travail est s\u00e9dentaire et n\u2019implique pas d\u2019effort physique, vous pourrez peut-\u00eatre retourner au travail dans un d\u00e9lai de 1 \u00e0 2 semaines apr\u00e8s l\u2019op\u00e9ration, \u00e0 condition que vous vous sentiez bien et \u00e0 l\u2019aise.<\/li>\n\n\n\n<li><strong>Travail physiquement exigeant :<\/strong> Si votre travail implique un travail physique, le levage de charges lourdes ou une activit\u00e9 intense, vous aurez besoin d\u2019une p\u00e9riode de r\u00e9cup\u00e9ration plus longue, potentiellement de 3 \u00e0 4 semaines ou plus.<\/li>\n\n\n\n<li><strong>Exercice intense :<\/strong> \u00c9vitez les exercices intenses, y compris le port de charges lourdes et les activit\u00e9s \u00e0 fort impact, pendant au moins 4 \u00e0 6 semaines apr\u00e8s l&#039;op\u00e9ration. Reprenez progressivement l&#039;exercice selon votre tol\u00e9rance.<\/li>\n\n\n\n<li><strong>Activit\u00e9s sociales:<\/strong> Vous pourrez peut-\u00eatre reprendre vos activit\u00e9s sociales dans un d\u00e9lai de 2 \u00e0 3 semaines, m\u00eame si un gonflement ou des ecchymoses r\u00e9siduelles peuvent encore \u00eatre visibles.<\/li>\n<\/ul>\n\n\n\n<p>Il est essentiel d&#039;\u00eatre \u00e0 l&#039;\u00e9coute de votre corps pendant votre convalescence et de ne pas vous pr\u00e9cipiter dans votre reprise d&#039;activit\u00e9, car cela pourrait compromettre votre gu\u00e9rison et augmenter le risque de complications. Je vous fournirai un accompagnement personnalis\u00e9 pour vous aider \u00e0 reprendre le travail en toute s\u00e9curit\u00e9 et \u00e0 entreprendre des activit\u00e9s sp\u00e9cifiques en fonction de votre situation personnelle.<\/p>\n\n\n\n<h2 class=\"wp-block-heading\"><span class=\"ez-toc-section\" id=\"How_do_I_care_for_the_incision_site_during_recovery\"><\/span>Comment prendre soin du site d\u2019incision pendant la convalescence ?<span class=\"ez-toc-section-end\"><\/span><\/h2>\n\n\n\n<p>Un entretien appropri\u00e9 du site d\u2019incision est essentiel pour pr\u00e9venir l\u2019infection, favoriser une gu\u00e9rison optimale et minimiser la visibilit\u00e9 de la cicatrice.<\/p>\n\n\n\n<h3 class=\"wp-block-heading\"><span class=\"ez-toc-section\" id=\"Incision_Care_Instructions\"><\/span>Instructions d&#039;entretien de l&#039;incision :<span class=\"ez-toc-section-end\"><\/span><\/h3>\n\n\n\n<ul class=\"wp-block-list\">\n<li><strong>Garder la zone propre et s\u00e8che :<\/strong> Vous recevrez des instructions sp\u00e9cifiques pour nettoyer d\u00e9licatement la zone d&#039;incision. Cela peut impliquer l&#039;utilisation d&#039;un savon doux ou d&#039;une solution saline. Il est important de garder l&#039;incision s\u00e8che, surtout les premiers jours suivant l&#039;intervention.<\/li>\n\n\n\n<li><strong>\u00c9viter de gratter ou de cueillir :<\/strong> R\u00e9sistez \u00e0 l\u2019envie de gratter les cro\u00fbtes qui se forment le long de la ligne d\u2019incision, car cela peut perturber la gu\u00e9rison et aggraver les cicatrices.<\/li>\n\n\n\n<li><strong>Gestion des d\u00e9mangeaisons :<\/strong> Des d\u00e9mangeaisons le long de l&#039;incision sont fr\u00e9quentes pendant la cicatrisation des nerfs. \u00c9vitez de vous gratter. Je peux recommander des cr\u00e8mes en vente libre ou sur ordonnance pour soulager les d\u00e9mangeaisons.<\/li>\n\n\n\n<li><strong>Lavage des cheveux :<\/strong> On vous conseillera sur le moment et la mani\u00e8re de vous laver les cheveux en toute s\u00e9curit\u00e9 apr\u00e8s l&#039;intervention. Cela implique g\u00e9n\u00e9ralement d&#039;utiliser un shampoing doux et de faire attention autour de l&#039;incision.<\/li>\n\n\n\n<li><strong>Rendez-vous de suivi\u00a0:<\/strong> Des rendez-vous de suivi seront pr\u00e9vus afin que je puisse surveiller votre gu\u00e9rison, retirer les sutures ou les agrafes et r\u00e9pondre \u00e0 toute pr\u00e9occupation.<\/li>\n<\/ul>\n\n\n\n<p>Je vous fournirai des instructions \u00e9crites d\u00e9taill\u00e9es sur la fa\u00e7on de prendre soin de votre incision, en vous d\u00e9montrant les techniques appropri\u00e9es de nettoyage et de changement de pansement si n\u00e9cessaire.<\/p>\n\n\n\n<h2 class=\"wp-block-heading\"><span class=\"ez-toc-section\" id=\"When_will_I_see_the_final_results_of_the_hairline_lowering\"><\/span>Quand verrai-je les r\u00e9sultats d\u00e9finitifs de l&#039;abaissement de la ligne des cheveux ?<span class=\"ez-toc-section-end\"><\/span><\/h2>\n\n\n\n<p>Il est important de comprendre que les r\u00e9sultats de l&#039;abaissement de la ligne frontale, comme la plupart des interventions chirurgicales, \u00e9voluent avec le temps. Si vous constaterez un changement imm\u00e9diat de la position de votre ligne frontale apr\u00e8s l&#039;intervention, le r\u00e9sultat esth\u00e9tique final prendra plusieurs mois \u00e0 se manifester pleinement.<\/p>\n\n\n\n<h3 class=\"wp-block-heading\"><span class=\"ez-toc-section\" id=\"Timeline_for_Seeing_Results\"><\/span>Calendrier pour voir les r\u00e9sultats\u00a0:<span class=\"ez-toc-section-end\"><\/span><\/h3>\n\n\n\n<ul class=\"wp-block-list\">\n<li><strong>Imm\u00e9diatement apr\u00e8s la chirurgie :<\/strong> Vous verrez la position abaiss\u00e9e de la ligne des cheveux imm\u00e9diatement apr\u00e8s la chirurgie, bien que le gonflement et les ecchymoses masqueront temporairement le contour final.<\/li>\n\n\n\n<li><strong>Premi\u00e8res semaines :<\/strong> Au fur et \u00e0 mesure que le gonflement et les ecchymoses initiaux diminuent au cours des premi\u00e8res semaines, la nouvelle ligne capillaire deviendra plus d\u00e9finie.<\/li>\n\n\n\n<li><strong>Plusieurs mois :<\/strong> Au cours des prochains mois, la cicatrice commencera \u00e0 m\u00fbrir et \u00e0 s&#039;estomper, et toute perte de cheveux temporaire commencera \u00e0 se r\u00e9sorber avec une nouvelle pousse de cheveux.<\/li>\n\n\n\n<li><strong>Six mois \u00e0 un an :<\/strong> Les r\u00e9sultats d\u00e9finitifs sont g\u00e9n\u00e9ralement \u00e9valu\u00e9s entre six mois et un an apr\u00e8s l&#039;intervention. \u00c0 ce stade, la cicatrice devrait avoir consid\u00e9rablement m\u00fbri et la repousse capillaire le long de l&#039;incision devrait \u00eatre bien \u00e9tablie, contribuant \u00e0 camoufler la cicatrice. Les tissus se seront stabilis\u00e9s et le contour final de la ligne capillaire sera visible.<\/li>\n<\/ul>\n\n\n\n<p>Il est crucial d&#039;\u00eatre patient pendant le processus de gu\u00e9rison et de comprendre que l&#039;apparence initiale ne garantit pas le r\u00e9sultat final. Je g\u00e9rerai vos attentes concernant le d\u00e9lai d&#039;obtention du r\u00e9sultat final et vous expliquerai les \u00e9tapes de la gu\u00e9rison.<\/p>\n\n\n\n<h2 class=\"wp-block-heading\"><span class=\"ez-toc-section\" id=\"What_results_can_I_realistically_expect_from_hairline_lowering\"><\/span>Quels r\u00e9sultats puis-je raisonnablement attendre d\u2019un abaissement de la ligne des cheveux ?<span class=\"ez-toc-section-end\"><\/span><\/h2>\n\n\n\n<p>La gestion des attentes est un \u00e9l\u00e9ment essentiel du processus de consultation. Si l&#039;abaissement de la ligne frontale peut am\u00e9liorer consid\u00e9rablement l&#039;apparence d&#039;un front haut et contribuer significativement \u00e0 une esth\u00e9tique faciale plus f\u00e9minine, il est important d&#039;avoir des attentes r\u00e9alistes quant au degr\u00e9 d&#039;abaissement r\u00e9alisable, \u00e0 l&#039;apparence de la cicatrice et au r\u00e9sultat global.<\/p>\n\n\n\n<h3 class=\"wp-block-heading\"><span class=\"ez-toc-section\" id=\"Realistic_Expectations\"><\/span>Attentes r\u00e9alistes\u00a0:<span class=\"ez-toc-section-end\"><\/span><\/h3>\n\n\n\n<ul class=\"wp-block-list\">\n<li><strong>Degr\u00e9 d&#039;abaissement :<\/strong> Comme indiqu\u00e9 pr\u00e9c\u00e9demment, l&#039;ampleur de la r\u00e9duction est limit\u00e9e par la laxit\u00e9 du cuir chevelu. Bien qu&#039;une r\u00e9duction significative soit souvent possible, il est important de comprendre la plage r\u00e9aliste de r\u00e9duction en fonction de votre anatomie.<\/li>\n\n\n\n<li><strong>Visibilit\u00e9 des cicatrices :<\/strong> Bien que l&#039;objectif soit d&#039;obtenir une cicatrice bien camoufl\u00e9e, une ligne cicatricielle sera pr\u00e9sente le long de la nouvelle ligne capillaire. Dans la plupart des cas, la cicatrice est discr\u00e8te et facilement dissimul\u00e9e par les cheveux, mais sa visibilit\u00e9 peut varier en fonction de la cicatrisation, de la densit\u00e9 capillaire et de la maturation de la cicatrice.<\/li>\n\n\n\n<li><strong>Forme de la ligne des cheveux :<\/strong> Nous pouvons remodeler la ligne des cheveux pour cr\u00e9er un contour plus f\u00e9minin, comme une forme plus arrondie ou ovale, par opposition \u00e0 une forme en M plus traditionnellement masculine.<\/li>\n\n\n\n<li><strong>Harmonie faciale globale :<\/strong> L&#039;abaissement de la ligne frontale est souvent r\u00e9alis\u00e9 dans le cadre d&#039;un plan FFS plus large. Les meilleurs r\u00e9sultats sont obtenus lorsqu&#039;il est int\u00e9gr\u00e9 harmonieusement \u00e0 d&#039;autres interventions afin d&#039;\u00e9quilibrer et de f\u00e9miniser l&#039;ensemble du visage.<\/li>\n\n\n\n<li><strong>Pas un rem\u00e8de contre la perte de cheveux :<\/strong> L&#039;abaissement de la ligne frontale n&#039;emp\u00eache pas la chute future des cheveux. Si vous \u00eates pr\u00e9dispos\u00e9 \u00e0 la calvitie, nous devrons discuter des strat\u00e9gies \u00e0 adopter pour la g\u00e9rer.<\/li>\n<\/ul>\n\n\n\n<p>Je discuterai des r\u00e9sultats qui sont r\u00e9alistement r\u00e9alisables pour <em>toi<\/em> En fonction de mon \u00e9valuation de votre anatomie, je vous pr\u00e9senterai des photos avant\/apr\u00e8s de patients pr\u00e9sentant des caract\u00e9ristiques similaires afin de vous donner une repr\u00e9sentation visuelle des r\u00e9sultats potentiels. Nous aborderons \u00e9galement l&#039;importance d&#039;int\u00e9grer l&#039;abaissement de la ligne frontale \u00e0 vos objectifs globaux de FFS.<\/p>\n\n\n\n<h2 class=\"wp-block-heading\"><span class=\"ez-toc-section\" id=\"Will_I_need_any_follow-up_procedures_after_hairline_lowering\"><\/span>Aurai-je besoin de proc\u00e9dures de suivi apr\u00e8s l\u2019abaissement de la ligne des cheveux ?<span class=\"ez-toc-section-end\"><\/span><\/h2>\n\n\n\n<p>Dans la plupart des cas, une seule intervention d&#039;abaissement de la ligne frontale permet d&#039;obtenir le r\u00e9sultat souhait\u00e9. Cependant, dans certaines situations, des interventions compl\u00e9mentaires peuvent \u00eatre envisag\u00e9es.<\/p>\n\n\n\n<h3 class=\"wp-block-heading\"><span class=\"ez-toc-section\" id=\"Potential_Follow-up_Procedures\"><\/span>Proc\u00e9dures de suivi potentielles :<span class=\"ez-toc-section-end\"><\/span><\/h3>\n\n\n\n<ul class=\"wp-block-list\">\n<li><strong>Chirurgie de r\u00e9vision\u00a0:<\/strong> Bien que rare, s&#039;il y a des probl\u00e8mes de cicatrisation des cicatrices (par exemple, un \u00e9largissement ou une hypertrophie importante) ou si des ajustements mineurs sont n\u00e9cessaires au contour de la ligne des cheveux, une proc\u00e9dure de r\u00e9vision de la cicatrice peut \u00eatre envisag\u00e9e une fois que la cicatrice est compl\u00e8tement mature.<\/li>\n\n\n\n<li><strong>Greffe de cheveux\u00a0:<\/strong> Si vous avez des cheveux naturellement fins \u00e0 la naissance des cheveux ou si vous souffrez d&#039;une alop\u00e9cie cicatricielle importante, une greffe de cheveux peut \u00eatre r\u00e9alis\u00e9e pour augmenter la densit\u00e9 capillaire et mieux camoufler la cicatrice. Une greffe de cheveux peut \u00e9galement \u00eatre r\u00e9alis\u00e9e en deuxi\u00e8me intention apr\u00e8s un abaissement de la ligne frontale.<\/li>\n\n\n\n<li><strong>Expansion tissulaire (si elle n\u2019a pas \u00e9t\u00e9 effectu\u00e9e initialement) :<\/strong> Si votre rel\u00e2chement initial du cuir chevelu \u00e9tait limit\u00e9 et que vous souhaitez un abaissement suppl\u00e9mentaire, une deuxi\u00e8me \u00e9tape impliquant une expansion tissulaire suivie d&#039;un abaissement de la ligne des cheveux peut \u00eatre r\u00e9alis\u00e9e.<\/li>\n<\/ul>\n\n\n\n<p>Je discuterai de la probabilit\u00e9 de n\u00e9cessiter des proc\u00e9dures de suivi dans votre cas sp\u00e9cifique en fonction de mon \u00e9valuation initiale et de vos objectifs.<\/p>\n\n\n\n<h2 class=\"wp-block-heading\"><span class=\"ez-toc-section\" id=\"Can_I_see_before_and_after_photos_of_your_previous_hairline_lowering_patients\"><\/span>Puis-je voir des photos avant et apr\u00e8s de vos pr\u00e9c\u00e9dents patients ayant subi une ablation de la ligne capillaire ?<span class=\"ez-toc-section-end\"><\/span><\/h2>\n\n\n\n<p>L&#039;examen des photos avant\/apr\u00e8s est un \u00e9l\u00e9ment essentiel de la consultation. Il permet d&#039;\u00e9valuer le style esth\u00e9tique du chirurgien, la qualit\u00e9 de ses r\u00e9sultats et l&#039;aspect de la cicatrice chez des patients pr\u00e9sentant des caract\u00e9ristiques similaires aux v\u00f4tres.<\/p>\n\n\n\n<h3 class=\"wp-block-heading\"><span class=\"ez-toc-section\" id=\"What_to_Look_for_in_Before_and_After_Photos\"><\/span>Que rechercher dans les photos avant et apr\u00e8s\u00a0:<span class=\"ez-toc-section-end\"><\/span><\/h3>\n\n\n\n<ul class=\"wp-block-list\">\n<li><strong>Coh\u00e9rence des r\u00e9sultats :<\/strong> Recherchez un mod\u00e8le coh\u00e9rent de bons r\u00e9sultats chez diff\u00e9rents patients.<\/li>\n\n\n\n<li><strong>Qualit\u00e9 de la cicatrice :<\/strong> Sur les photos postop\u00e9ratoires, observez attentivement l&#039;apparence de la cicatrice le long de la ligne capillaire. V\u00e9rifiez si elle est bien camoufl\u00e9e par les cheveux.<\/li>\n\n\n\n<li><strong>Contour de la ligne des cheveux :<\/strong> \u00c9valuez la forme et le caract\u00e8re naturel de la ligne capillaire abaiss\u00e9e.<\/li>\n\n\n\n<li><strong>Harmonie faciale globale :<\/strong> Si l\u2019abaissement de la ligne des cheveux a \u00e9t\u00e9 r\u00e9alis\u00e9 dans le cadre d\u2019un FFS plus large, observez comment la proc\u00e9dure s\u2019int\u00e8gre aux autres traits du visage pour cr\u00e9er une harmonie et une f\u00e9minisation globales.<\/li>\n\n\n\n<li><strong>Vari\u00e9t\u00e9 de patients :<\/strong> Id\u00e9alement, le portfolio devrait inclure des photos de patients pr\u00e9sentant une gamme de hauteurs de front, de densit\u00e9s de cheveux et d\u2019\u00e2ges.<\/li>\n<\/ul>\n\n\n\n<p>Je partagerai une s\u00e9lection de photos avant\/apr\u00e8s de mes patients ayant subi une ablation de la ligne frontale, en contextualisant chaque cas et en mettant en \u00e9vidence les r\u00e9sultats obtenus. Ces photos sont un outil pr\u00e9cieux pour d\u00e9finir des attentes r\u00e9alistes et visualiser les r\u00e9sultats potentiels.<\/p>\n\n\n\n<h2 class=\"wp-block-heading\"><span class=\"ez-toc-section\" id=\"What_is_the_total_cost_of_the_hairline_lowering_surgery\"><\/span>Quel est le co\u00fbt total de la chirurgie d\u2019abaissement de la ligne des cheveux ?<span class=\"ez-toc-section-end\"><\/span><\/h2>\n\n\n\n<p>Il est essentiel de comprendre les aspects financiers de la chirurgie. Le co\u00fbt d&#039;une chirurgie d&#039;abaissement de la ligne frontale au Royaume-Uni peut varier en fonction de plusieurs facteurs.<\/p>\n\n\n\n<h3 class=\"wp-block-heading\"><span class=\"ez-toc-section\" id=\"Factors_Influencing_Cost\"><\/span>Facteurs influen\u00e7ant le co\u00fbt :<span class=\"ez-toc-section-end\"><\/span><\/h3>\n\n\n\n<ul class=\"wp-block-list\">\n<li><strong>Honoraires du chirurgien :<\/strong> Il s&#039;agit des honoraires pour l&#039;expertise et le temps du chirurgien. Ils varient en fonction de son exp\u00e9rience, de sa r\u00e9putation et de la complexit\u00e9 du cas.<\/li>\n\n\n\n<li><strong>Frais d&#039;h\u00f4pital\/d&#039;\u00e9tablissement :<\/strong> Ces frais couvrent l\u2019utilisation de la salle d\u2019op\u00e9ration, de l\u2019\u00e9quipement et du personnel infirmier de l\u2019h\u00f4pital ou du centre chirurgical.<\/li>\n\n\n\n<li><strong>Frais d&#039;anesth\u00e9sie :<\/strong> Ces honoraires couvrent les prestations de l&#039;anesth\u00e9siste consultant.<\/li>\n\n\n\n<li><strong>Tests pr\u00e9op\u00e9ratoires :<\/strong> Vous pourriez avoir besoin de quelques analyses sanguines pr\u00e9op\u00e9ratoires ou d\u2019autres investigations, qui auront un co\u00fbt.<\/li>\n\n\n\n<li><strong>Soins postop\u00e9ratoires\u00a0:<\/strong> Les rendez-vous de suivi sont g\u00e9n\u00e9ralement inclus dans le tarif global, mais il est important de le pr\u00e9ciser. Les m\u00e9dicaments et les fournitures pour le soin des plaies entra\u00eeneront un co\u00fbt suppl\u00e9mentaire.<\/li>\n\n\n\n<li><strong>Potentiel de r\u00e9visions :<\/strong> Il est important de comprendre la politique du chirurgien concernant le co\u00fbt d\u2019une \u00e9ventuelle intervention chirurgicale de r\u00e9vision si n\u00e9cessaire.<\/li>\n<\/ul>\n\n\n\n<p>Je vous fournirai une estimation d\u00e9taill\u00e9e des co\u00fbts li\u00e9s \u00e0 votre chirurgie d&#039;abaissement de la ligne frontale, incluant tous les frais pr\u00e9vus. Je vous expliquerai \u00e9galement ce qui est inclus dans le prix propos\u00e9.<\/p>\n\n\n\n<h2 class=\"wp-block-heading\"><span class=\"ez-toc-section\" id=\"What_is_included_in_the_surgical_fee\"><\/span>Qu&#039;est-ce qui est inclus dans les honoraires chirurgicaux ?<span class=\"ez-toc-section-end\"><\/span><\/h2>\n\n\n\n<p>Clarifier ce qui est inclus dans les frais permet d\u2019\u00e9viter des co\u00fbts impr\u00e9vus par la suite.<\/p>\n\n\n\n<h3 class=\"wp-block-heading\"><span class=\"ez-toc-section\" id=\"Typical_Inclusions\"><\/span>Inclusions typiques\u00a0:<span class=\"ez-toc-section-end\"><\/span><\/h3>\n\n\n\n<ul class=\"wp-block-list\">\n<li><strong>Honoraires du chirurgien :<\/strong> Les honoraires du chirurgien pour la r\u00e9alisation de l&#039;intervention.<\/li>\n\n\n\n<li><strong>Frais d&#039;anesth\u00e9sie :<\/strong> Les honoraires pour les services de l&#039;anesth\u00e9siste pendant l&#039;intervention chirurgicale.<\/li>\n\n\n\n<li><strong>Frais d&#039;h\u00f4pital\/d&#039;\u00e9tablissement :<\/strong> Couvre l\u2019utilisation de la salle d\u2019op\u00e9ration et des installations associ\u00e9es pendant la dur\u00e9e de l\u2019intervention chirurgicale.<\/li>\n\n\n\n<li><strong>Rendez-vous postop\u00e9ratoires standards :<\/strong> La plupart des chirurgiens incluent un certain nombre de rendez-vous de suivi postop\u00e9ratoire dans leurs honoraires globaux.<\/li>\n<\/ul>\n\n\n\n<h3 class=\"wp-block-heading\"><span class=\"ez-toc-section\" id=\"Potential_Exclusions\"><\/span>Exclusions potentielles :<span class=\"ez-toc-section-end\"><\/span><\/h3>\n\n\n\n<ul class=\"wp-block-list\">\n<li><strong>Tests pr\u00e9op\u00e9ratoires :<\/strong> Frais d\u2019analyses sanguines ou autres tests n\u00e9cessaires avant la chirurgie.<\/li>\n\n\n\n<li><strong>M\u00e9dicaments\u00a0:<\/strong> Ordonnances pour des analg\u00e9siques, des antibiotiques ou d\u2019autres m\u00e9dicaments n\u00e9cessaires apr\u00e8s une intervention chirurgicale.<\/li>\n\n\n\n<li><strong>V\u00eatements ou fournitures chirurgicales :<\/strong> Pansements ou fournitures sp\u00e9ciaux pour le soin des plaies pendant la convalescence.<\/li>\n\n\n\n<li><strong>Traitement des complications :<\/strong> Co\u00fbts associ\u00e9s au traitement des complications potentielles, bien que cela puisse varier en fonction de la politique du chirurgien et de votre assurance.<\/li>\n\n\n\n<li><strong>Chirurgie de r\u00e9vision\u00a0:<\/strong> Le co\u00fbt de toute proc\u00e9dure ult\u00e9rieure n\u00e9cessaire pour r\u00e9viser les r\u00e9sultats.<\/li>\n<\/ul>\n\n\n\n<p>Je vous fournirai une ventilation claire et compl\u00e8te de tout ce qui est inclus dans les honoraires chirurgicaux, ainsi qu&#039;une liste des co\u00fbts suppl\u00e9mentaires potentiels auxquels vous devez vous attendre.<\/p>\n\n\n\n<h2 class=\"wp-block-heading\"><span class=\"ez-toc-section\" id=\"What_is_your_policy_on_revisions_or_touch-up_procedures\"><\/span>Quelle est votre politique en mati\u00e8re de r\u00e9visions ou de retouches ?<span class=\"ez-toc-section-end\"><\/span><\/h2>\n\n\n\n<p>Il est important de comprendre la politique du chirurgien en mati\u00e8re de r\u00e9visions, m\u00eame si l\u2019objectif est toujours d\u2019obtenir le r\u00e9sultat souhait\u00e9 lors de la chirurgie initiale.<\/p>\n\n\n\n<h3 class=\"wp-block-heading\"><span class=\"ez-toc-section\" id=\"Revision_Policy_Considerations\"><\/span>Consid\u00e9rations relatives \u00e0 la politique de r\u00e9vision :<span class=\"ez-toc-section-end\"><\/span><\/h3>\n\n\n\n<ul class=\"wp-block-list\">\n<li><strong>Circonstances de r\u00e9vision :<\/strong> Clarifier dans quelles circonstances une proc\u00e9dure de r\u00e9vision serait envisag\u00e9e (par exemple, asym\u00e9trie importante, cicatrisation insatisfaisante).<\/li>\n\n\n\n<li><strong>Co\u00fbt de la r\u00e9vision :<\/strong> Renseignez-vous sur les frais li\u00e9s \u00e0 la chirurgie de r\u00e9vision et sur ce que ces frais couvrent (par exemple, honoraires du chirurgien, frais d&#039;\u00e9tablissement, frais d&#039;anesth\u00e9sie). Certains chirurgiens peuvent proposer une chirurgie de r\u00e9vision \u00e0 tarif r\u00e9duit, voire sans honoraires, dans un d\u00e9lai d\u00e9termin\u00e9 si la n\u00e9cessit\u00e9 d&#039;une r\u00e9vision est li\u00e9e au r\u00e9sultat de l&#039;intervention initiale.<\/li>\n\n\n\n<li><strong>Calendrier de r\u00e9vision :<\/strong> Discutez du d\u00e9lai habituel d&#039;une intervention de r\u00e9vision apr\u00e8s l&#039;intervention initiale. La maturation des cicatrices, par exemple, prend du temps\u00a0; les r\u00e9visions pour corriger l&#039;apparence des cicatrices ne sont donc g\u00e9n\u00e9ralement pas envisag\u00e9es avant plusieurs mois.<\/li>\n<\/ul>\n\n\n\n<p>J&#039;expliquerai ma politique en mati\u00e8re de chirurgie de r\u00e9vision, en d\u00e9crivant les conditions dans lesquelles elle serait envisag\u00e9e et les co\u00fbts associ\u00e9s.<\/p>\n\n\n\n<h2 class=\"wp-block-heading\"><span class=\"ez-toc-section\" id=\"What_is_your_cancellation_or_rescheduling_policy\"><\/span>Quelle est votre politique d\u2019annulation ou de report ?<span class=\"ez-toc-section-end\"><\/span><\/h2>\n\n\n\n<p>Des circonstances impr\u00e9vues peuvent survenir, il est donc utile de conna\u00eetre la politique de la clinique concernant les annulations ou les reports.<\/p>\n\n\n\n<h3 class=\"wp-block-heading\"><span class=\"ez-toc-section\" id=\"Policy_Details\"><\/span>D\u00e9tails de la politique :<span class=\"ez-toc-section-end\"><\/span><\/h3>\n\n\n\n<ul class=\"wp-block-list\">\n<li><strong>P\u00e9riode de pr\u00e9avis:<\/strong> Comprendre le d\u00e9lai de pr\u00e9avis requis pour annuler ou reporter votre intervention chirurgicale sans encourir de p\u00e9nalit\u00e9s.<\/li>\n\n\n\n<li><strong>Frais:<\/strong> Renseignez-vous sur les frais associ\u00e9s aux annulations ou aux reports en dehors du d\u00e9lai de pr\u00e9avis sp\u00e9cifi\u00e9.<\/li>\n\n\n\n<li><strong>Politique de d\u00e9p\u00f4t :<\/strong> Clarifiez la politique concernant la nature non remboursable de tout acompte vers\u00e9 pour garantir la date de votre intervention chirurgicale.<\/li>\n<\/ul>\n\n\n\n<p>Je vous fournirai des informations claires sur la politique d&#039;annulation et de report de la clinique.<\/p>\n\n\n\n<h1 class=\"wp-block-heading\"><span class=\"ez-toc-section\" id=\"Beyond_the_Consultation_Making_a_Decision_and_Preparing_for_Surgery\"><\/span>Au-del\u00e0 de la consultation : prendre une d\u00e9cision et se pr\u00e9parer \u00e0 la chirurgie<span class=\"ez-toc-section-end\"><\/span><\/h1>\n\n\n\n<p>Apr\u00e8s votre consultation, prenez le temps d&#039;assimiler les informations fournies. Il est tout \u00e0 fait possible de planifier une deuxi\u00e8me consultation si vous avez d&#039;autres questions ou besoin de pr\u00e9cisions. Le choix d&#039;un chirurgien pour une FFS est une d\u00e9cision importante, et vous devez vous sentir \u00e0 l&#039;aise et en confiance dans votre choix.<\/p>\n\n\n\n<h3 class=\"wp-block-heading\"><span class=\"ez-toc-section\" id=\"Making_Your_Decision\"><\/span>Prendre votre d\u00e9cision :<span class=\"ez-toc-section-end\"><\/span><\/h3>\n\n\n\n<ul class=\"wp-block-list\">\n<li><strong>R\u00e9visez vos notes\u00a0:<\/strong> Passez en revue les informations que vous avez recueillies lors de la consultation.<\/li>\n\n\n\n<li><strong>Comparez les chirurgiens (si vous avez consult\u00e9 plus d&#039;un) :<\/strong> Tenez compte de l\u2019exp\u00e9rience du chirurgien, de son approche, de la clart\u00e9 de ses explications et de votre niveau de confort avec lui.<\/li>\n\n\n\n<li><strong>Revoir les photos avant et apr\u00e8s :<\/strong> Regardez \u00e0 nouveau les r\u00e9sultats pour vous assurer qu\u2019ils correspondent \u00e0 vos objectifs esth\u00e9tiques.<\/li>\n\n\n\n<li><strong>Parlez \u00e0 d\u2019anciens patients (si possible) :<\/strong> Certaines cliniques peuvent vous mettre en contact avec d\u2019anciens patients qui sont pr\u00eats \u00e0 partager leurs exp\u00e9riences.<\/li>\n\n\n\n<li><strong>Faites confiance \u00e0 votre instinct\u00a0:<\/strong> En fin de compte, choisissez le chirurgien avec lequel vous vous sentez le plus \u00e0 l\u2019aise et en confiance.<\/li>\n<\/ul>\n\n\n\n<h3 class=\"wp-block-heading\"><span class=\"ez-toc-section\" id=\"Preparing_for_Surgery\"><\/span>Pr\u00e9paration \u00e0 la chirurgie\u00a0:<span class=\"ez-toc-section-end\"><\/span><\/h3>\n\n\n\n<p>Une fois que vous aurez d\u00e9cid\u00e9 de proc\u00e9der \u00e0 l&#039;abaissement de la ligne frontale, vous recevrez des instructions d\u00e9taill\u00e9es sur la pr\u00e9paration \u00e0 l&#039;intervention. Ces instructions comprennent g\u00e9n\u00e9ralement\u00a0:<\/p>\n\n\n\n<ul class=\"wp-block-list\">\n<li><strong>Autorisations m\u00e9dicales :<\/strong> Effectuer tous les tests m\u00e9dicaux pr\u00e9op\u00e9ratoires n\u00e9cessaires ou obtenir l\u2019autorisation de votre m\u00e9decin g\u00e9n\u00e9raliste ou de vos sp\u00e9cialistes.<\/li>\n\n\n\n<li><strong>Ajustements des m\u00e9dicaments\u00a0:<\/strong> Conseils sur les m\u00e9dicaments \u00e0 arr\u00eater ou \u00e0 ajuster avant une intervention chirurgicale, en particulier les anticoagulants.<\/li>\n\n\n\n<li><strong>Sevrage tabagique:<\/strong> Si vous \u00eates fumeur, rappelez-lui l\u2019importance d\u2019arr\u00eater de fumer bien avant l\u2019intervention.<\/li>\n\n\n\n<li><strong>Organisation du soutien :<\/strong> Pr\u00e9voyez que quelqu\u2019un vienne vous chercher apr\u00e8s l\u2019op\u00e9ration et reste avec vous pendant les 24 \u00e0 48 premi\u00e8res heures.<\/li>\n\n\n\n<li><strong>Pr\u00e9parez votre maison :<\/strong> Am\u00e9nager un espace de r\u00e9cup\u00e9ration confortable \u00e0 la maison avec tout ce dont vous aurez besoin \u00e0 port\u00e9e de main.<\/li>\n\n\n\n<li><strong>Instructions de je\u00fbne :<\/strong> Suivre des instructions sp\u00e9cifiques concernant le moment o\u00f9 arr\u00eater de manger et de boire avant la chirurgie.<\/li>\n<\/ul>\n\n\n\n<p>Je vous fournirai des instructions pr\u00e9op\u00e9ratoires compl\u00e8tes pour vous assurer d&#039;\u00eatre bien pr\u00e9par\u00e9 pour votre chirurgie d&#039;abaissement de la ligne des cheveux.<\/p>\n\n\n\n<h1 class=\"wp-block-heading\"><span class=\"ez-toc-section\" id=\"Conclusion\"><\/span>Conclusion<span class=\"ez-toc-section-end\"><\/span><\/h1>\n\n\n\n<p>L&#039;abaissement de la ligne frontale est une intervention efficace qui peut consid\u00e9rablement am\u00e9liorer l&#039;apparence f\u00e9minine du haut du visage. En venant \u00e0 votre premi\u00e8re consultation FFS au Royaume-Uni avec des questions pertinentes, vous serez en mesure de prendre des d\u00e9cisions \u00e9clair\u00e9es concernant vos soins. En tant que chirurgien, je m&#039;engage \u00e0 vous fournir des informations claires, honn\u00eates et compl\u00e8tes, en m&#039;appuyant sur mon expertise m\u00e9dicale et des explications simples pour que vous compreniez parfaitement l&#039;intervention, ses r\u00e9sultats potentiels et les risques associ\u00e9s.<\/p>\n\n\n\n<p>Votre parcours est unique, et votre consultation doit en tenir compte. Posez les questions qui vous tiennent \u00e0 c\u0153ur et n&#039;h\u00e9sitez pas \u00e0 demander des \u00e9claircissements sur tout ce que vous ne comprenez pas. En travaillant ensemble, nous pourrons \u00e9laborer un plan chirurgical adapt\u00e9 \u00e0 vos objectifs et vous aider \u00e0 obtenir les traits du visage harmonieux et f\u00e9minis\u00e9s que vous d\u00e9sirez. Le chemin vers la FFS est une transformation, et une consultation \u00e9clair\u00e9e est la premi\u00e8re \u00e9tape essentielle.<\/p>\n\n\n\n<p>Visite&nbsp;<a href=\"https:\/\/www.instagram.com\/dr_mfo\/\" target=\"_blank\" rel=\"noreferrer noopener nofollow\">Profil Instagram du Dr MFO<\/a>&nbsp;pour voir de vraies transformations de patients ! Obtenez un aper\u00e7u des r\u00e9sultats incroyables obtenus gr\u00e2ce au soin du visage&nbsp;<a href=\"https:\/\/www.dr-mfo.com\/fr\/ffs-chirurgie-de-feminisation-du-visage\/\">chirurgie de f\u00e9minisation<\/a>&nbsp;et d&#039;autres proc\u00e9dures. Le profil pr\u00e9sente des photos avant et apr\u00e8s qui mettent en valeur&nbsp;<a href=\"https:\/\/www.dr-mfo.com\/fr\/drmfo\/\">Dr MFO<\/a>L&#039;expertise et la vision artistique de pour cr\u00e9er de beaux r\u00e9sultats d&#039;apparence naturelle.<\/p>\n\n\n\n<p>Pr\u00eat \u00e0 franchir la prochaine \u00e9tape de votre voyage ? Planifier un&nbsp;<a href=\"https:\/\/www.dr-mfo.com\/fr\/obtenir-des-informations-detaillees\/\">consultation gratuite<\/a>&nbsp;avec&nbsp;<a href=\"https:\/\/www.dr-mfo.com\/fr\/qui-est-drmfo\/\">Dr MFO<\/a>&nbsp;(&nbsp;<a href=\"https:\/\/www.instagram.com\/dr_mfo\/\" rel=\"noreferrer noopener nofollow\" target=\"_blank\">Meilleur chirurgien sp\u00e9cialis\u00e9 dans la f\u00e9minisation du visage<\/a>&nbsp;pour vous) aujourd&#039;hui. Au cours de la consultation, vous pourrez discuter de vos objectifs, poser toutes les questions que vous pourriez avoir et en apprendre davantage sur la fa\u00e7on dont&nbsp;<a href=\"https:\/\/www.dr-mfo.com\/fr\/drmfo\/\">Dr MFO<\/a>&nbsp;peut vous aider \u00e0 obtenir le look souhait\u00e9. N&#039;h\u00e9sitez pas \u00e0 profiter de cette opportunit\u00e9 gratuite pour explorer vos options et voir si&nbsp;<a href=\"https:\/\/www.dr-mfo.com\/fr\/qui-est-drmfo\/\">Dr MFO<\/a>&nbsp;est la bonne solution pour vous.<\/p>","protected":false},"excerpt":{"rendered":"<p>Navigating the journey of facial feminization surgery (FFS) is a significant undertaking, marked by careful consideration, research, and, crucially, informed conversations with your surgical team. As a surgeon specializing in FFS, I understand the profound impact these procedures can have on an individual&#8217;s life and sense of self. My goal is always to empower my [&hellip;]<\/p>\n","protected":false},"author":2,"featured_media":12480,"comment_status":"closed","ping_status":"closed","sticky":false,"template":"","format":"standard","meta":{"_acf_changed":false,"footnotes":""},"categories":[169],"tags":[],"class_list":["post-12479","post","type-post","status-publish","format-standard","has-post-thumbnail","hentry","category-facial-feminization"],"acf":[],"_links":{"self":[{"href":"https:\/\/www.dr-mfo.com\/fr\/wp-json\/wp\/v2\/posts\/12479","targetHints":{"allow":["GET"]}}],"collection":[{"href":"https:\/\/www.dr-mfo.com\/fr\/wp-json\/wp\/v2\/posts"}],"about":[{"href":"https:\/\/www.dr-mfo.com\/fr\/wp-json\/wp\/v2\/types\/post"}],"author":[{"embeddable":true,"href":"https:\/\/www.dr-mfo.com\/fr\/wp-json\/wp\/v2\/users\/2"}],"replies":[{"embeddable":true,"href":"https:\/\/www.dr-mfo.com\/fr\/wp-json\/wp\/v2\/comments?post=12479"}],"version-history":[{"count":0,"href":"https:\/\/www.dr-mfo.com\/fr\/wp-json\/wp\/v2\/posts\/12479\/revisions"}],"wp:featuredmedia":[{"embeddable":true,"href":"https:\/\/www.dr-mfo.com\/fr\/wp-json\/wp\/v2\/media\/12480"}],"wp:attachment":[{"href":"https:\/\/www.dr-mfo.com\/fr\/wp-json\/wp\/v2\/media?parent=12479"}],"wp:term":[{"taxonomy":"category","embeddable":true,"href":"https:\/\/www.dr-mfo.com\/fr\/wp-json\/wp\/v2\/categories?post=12479"},{"taxonomy":"post_tag","embeddable":true,"href":"https:\/\/www.dr-mfo.com\/fr\/wp-json\/wp\/v2\/tags?post=12479"}],"curies":[{"name":"wp","href":"https:\/\/api.w.org\/{rel}","templated":true}]}}