{"id":16235,"date":"2026-01-07T14:52:06","date_gmt":"2026-01-07T14:52:06","guid":{"rendered":"https:\/\/www.dr-mfo.com\/?p=16235"},"modified":"2026-04-09T09:53:12","modified_gmt":"2026-04-09T08:53:12","slug":"reduction-de-la-ligne-frontale-vs-greffes-de-cheveux-pfff","status":"publish","type":"post","link":"https:\/\/www.dr-mfo.com\/fr\/hairline-lowering-vs-hair-transplants-ffs\/","title":{"rendered":"R\u00e9duction de la ligne frontale ou greffe de cheveux pour la f\u00e9minisation faciale\u00a0: quelle est la meilleure option\u00a0?"},"content":{"rendered":"<p>Prenant en consid\u00e9ration <a href=\"https:\/\/www.dr-mfo.com\/fr\/ffs-facial-feminization-surgery\/\">F\u00e9minisation faciale<\/a> En chirurgie de f\u00e9minisation faciale (FFS), le front et la ligne des cheveux sont souvent les points focaux les plus critiques pour obtenir un profil facial f\u00e9minin. La ligne des cheveux joue un r\u00f4le essentiel dans la d\u00e9finition du tiers sup\u00e9rieur du visage, influen\u00e7ant la perception du genre, de l&#039;\u00e2ge et l&#039;harmonie g\u00e9n\u00e9rale du visage. Pour les femmes transgenres et les personnes non binaires qui recherchent une apparence plus f\u00e9minine, une ligne des cheveux haute ou recul\u00e9e peut \u00eatre une source importante de dysphorie. Heureusement, la m\u00e9decine esth\u00e9tique moderne offre deux solutions principales\u00a0: l&#039;abaissement chirurgical de la ligne des cheveux (<a href=\"https:\/\/www.dr-mfo.com\/fr\/forehead-reduction-hairline-advancement\/\">r\u00e9duction du front<\/a>La chirurgie esth\u00e9tique du visage (FFS) et la greffe de cheveux. Bien que les deux visent \u00e0 abaisser la ligne frontale, leurs m\u00e9canismes, leur convalescence et les candidats id\u00e9aux diff\u00e8rent consid\u00e9rablement. Comprendre ces distinctions est crucial pour toute personne envisageant une FFS, car choisir la mauvaise proc\u00e9dure peut conduire \u00e0 des r\u00e9sultats insatisfaisants, inadapt\u00e9s \u00e0 votre structure osseuse et \u00e0 votre densit\u00e9 capillaire.<\/p>\n\n\n\n<p>La confusion provient souvent du fait que les deux interventions traitent le m\u00eame probl\u00e8me anatomique\u00a0: un front haut. Cependant, d\u2019un point de vue chirurgical, l\u2019abaissement de la ligne des cheveux est une intervention structurelle qui consiste \u00e0 d\u00e9placer physiquement le cuir chevelu vers le bas, tandis que\u2026 <a href=\"https:\/\/www.dr-mfo.com\/fr\/hair-loss-restoration\/\">greffe de cheveux<\/a> La chirurgie de r\u00e9duction du front est une proc\u00e9dure de redistribution qui consiste \u00e0 transplanter les follicules pileux dans les zones clairsem\u00e9es. Ce guide analysera les r\u00e9alit\u00e9s cliniques de ces deux techniques, en comparant la r\u00e9duction du front par voie chirurgicale \u00e0 la redistribution folliculaire offerte par les greffes de cheveux, notamment dans le cadre de la chirurgie de r\u00e9duction du front.<\/p>\n\n\n\n<blockquote class=\"wp-block-quote is-layout-flow wp-block-quote-is-layout-flow\">\n<p>La principale diff\u00e9rence entre une chirurgie d&#039;abaissement de la ligne frontale et une greffe de cheveux manuelle r\u00e9side dans l&#039;objectif de chaque intervention. La chirurgie d&#039;abaissement de la ligne frontale vise \u00e0 modifier la position de la ligne frontale, notamment chez les personnes ayant un front naturellement haut. En revanche, la greffe de cheveux permet de restaurer les cheveux perdus ou clairsem\u00e9s en transplantant des follicules sains dans les zones d\u00e9garnies.<\/p>\n<cite>\u2014 Trendy Journal<\/cite><\/blockquote>\n\n\n\n<figure class=\"wp-block-image size-full\"><img fetchpriority=\"high\" decoding=\"async\" width=\"1408\" height=\"768\" src=\"https:\/\/www.dr-mfo.com\/wp-content\/uploads\/2026\/01\/image-18.png\" alt=\"\" class=\"wp-image-16335\" srcset=\"https:\/\/www.dr-mfo.com\/wp-content\/uploads\/2026\/01\/image-18.png 1408w, https:\/\/www.dr-mfo.com\/wp-content\/uploads\/2026\/01\/image-18-300x164.png 300w, https:\/\/www.dr-mfo.com\/wp-content\/uploads\/2026\/01\/image-18-1024x559.png 1024w, https:\/\/www.dr-mfo.com\/wp-content\/uploads\/2026\/01\/image-18-768x419.png 768w, https:\/\/www.dr-mfo.com\/wp-content\/uploads\/2026\/01\/image-18-18x10.png 18w\" sizes=\"(max-width: 1408px) 100vw, 1408px\" \/><\/figure>\n\n\n\n<div id=\"ez-toc-container\" class=\"ez-toc-v2_0_82_2 counter-hierarchy ez-toc-counter ez-toc-transparent ez-toc-container-direction\">\n<div class=\"ez-toc-title-container\">\n<p class=\"ez-toc-title\" style=\"cursor:inherit\">Table des mati\u00e8res<\/p>\n<span class=\"ez-toc-title-toggle\"><\/span><\/div>\n<nav><ul class='ez-toc-list ez-toc-list-level-1' ><li class='ez-toc-page-1 ez-toc-heading-level-2'><a class=\"ez-toc-link ez-toc-heading-1\" href=\"https:\/\/www.dr-mfo.com\/fr\/hairline-lowering-vs-hair-transplants-ffs\/#Defining_the_Procedures_Structural_vs_Distributive_Approaches\" >D\u00e9finition des proc\u00e9dures\u00a0: approches structurelles vs. distributives<\/a><ul class='ez-toc-list-level-3' ><li class='ez-toc-heading-level-3'><a class=\"ez-toc-link ez-toc-heading-2\" href=\"https:\/\/www.dr-mfo.com\/fr\/hairline-lowering-vs-hair-transplants-ffs\/#The_Role_of_the_Supraorbital_Ridge\" >Le r\u00f4le de la cr\u00eate supra-orbitaire<\/a><\/li><\/ul><\/li><li class='ez-toc-page-1 ez-toc-heading-level-2'><a class=\"ez-toc-link ez-toc-heading-3\" href=\"https:\/\/www.dr-mfo.com\/fr\/hairline-lowering-vs-hair-transplants-ffs\/#Surgical_Pathways_Hairline_Lowering_and_Brow_Bone_Reduction\" >Voies chirurgicales\u00a0: abaissement de la ligne des cheveux et r\u00e9duction de l\u2019arcade sourcili\u00e8re<\/a><ul class='ez-toc-list-level-3' ><li class='ez-toc-heading-level-3'><a class=\"ez-toc-link ez-toc-heading-4\" href=\"https:\/\/www.dr-mfo.com\/fr\/hairline-lowering-vs-hair-transplants-ffs\/#The_Anatomical_Constraints_of_Surgery\" >Les contraintes anatomiques de la chirurgie<\/a><\/li><\/ul><\/li><li class='ez-toc-page-1 ez-toc-heading-level-2'><a class=\"ez-toc-link ez-toc-heading-5\" href=\"https:\/\/www.dr-mfo.com\/fr\/hairline-lowering-vs-hair-transplants-ffs\/#Hair_Transplantation_The_Distributive_Approach\" >Greffe de cheveux : l&#039;approche distributive<\/a><ul class='ez-toc-list-level-3' ><li class='ez-toc-heading-level-3'><a class=\"ez-toc-link ez-toc-heading-6\" href=\"https:\/\/www.dr-mfo.com\/fr\/hairline-lowering-vs-hair-transplants-ffs\/#FUE_vs_FUT_Choosing_the_Right_Technique\" >FUE vs FUT\u00a0: Choisir la bonne technique<\/a><\/li><li class='ez-toc-page-1 ez-toc-heading-level-3'><a class=\"ez-toc-link ez-toc-heading-7\" href=\"https:\/\/www.dr-mfo.com\/fr\/hairline-lowering-vs-hair-transplants-ffs\/#The_Limitations_of_Transplants_for_Hairline_Lowering\" >Les limites des greffes de cheveux pour abaisser la ligne frontale<\/a><\/li><\/ul><\/li><li class='ez-toc-page-1 ez-toc-heading-level-2'><a class=\"ez-toc-link ez-toc-heading-8\" href=\"https:\/\/www.dr-mfo.com\/fr\/hairline-lowering-vs-hair-transplants-ffs\/#Comparative_Analysis_Longevity_Risks_and_Costs\" >Analyse comparative\u00a0: long\u00e9vit\u00e9, risques et co\u00fbts<\/a><ul class='ez-toc-list-level-3' ><li class='ez-toc-heading-level-3'><a class=\"ez-toc-link ez-toc-heading-9\" href=\"https:\/\/www.dr-mfo.com\/fr\/hairline-lowering-vs-hair-transplants-ffs\/#The_Cost-Benefit_Analysis\" >L&#039;analyse co\u00fbts-avantages<\/a><\/li><\/ul><\/li><li class='ez-toc-page-1 ez-toc-heading-level-2'><a class=\"ez-toc-link ez-toc-heading-10\" href=\"https:\/\/www.dr-mfo.com\/fr\/hairline-lowering-vs-hair-transplants-ffs\/#Face_Shape_Suitability_Which_Procedure_for_Your_Anatomy\" >Adaptation \u00e0 la forme du visage\u00a0: Quelle proc\u00e9dure convient le mieux \u00e0 votre anatomie\u00a0?<\/a><ul class='ez-toc-list-level-3' ><li class='ez-toc-heading-level-3'><a class=\"ez-toc-link ez-toc-heading-11\" href=\"https:\/\/www.dr-mfo.com\/fr\/hairline-lowering-vs-hair-transplants-ffs\/#High_Scalp_Mobility\" >Mobilit\u00e9 \u00e9lev\u00e9e du cuir chevelu<\/a><\/li><li class='ez-toc-page-1 ez-toc-heading-level-3'><a class=\"ez-toc-link ez-toc-heading-12\" href=\"https:\/\/www.dr-mfo.com\/fr\/hairline-lowering-vs-hair-transplants-ffs\/#Tight_Scalp_or_Limited_Mobility\" >Cuir chevelu tendu ou mobilit\u00e9 r\u00e9duite<\/a><\/li><li class='ez-toc-page-1 ez-toc-heading-level-3'><a class=\"ez-toc-link ez-toc-heading-13\" href=\"https:\/\/www.dr-mfo.com\/fr\/hairline-lowering-vs-hair-transplants-ffs\/#Receding_Temples_M-Shaped_Hairline\" >Recul des tempes (ligne de cheveux en forme de M)<\/a><\/li><li class='ez-toc-page-1 ez-toc-heading-level-3'><a class=\"ez-toc-link ez-toc-heading-14\" href=\"https:\/\/www.dr-mfo.com\/fr\/hairline-lowering-vs-hair-transplants-ffs\/#Prominent_Brow_Bone_vs_Flat_Forehead\" >Arcade sourcili\u00e8re pro\u00e9minente vs front plat<\/a><\/li><\/ul><\/li><li class='ez-toc-page-1 ez-toc-heading-level-2'><a class=\"ez-toc-link ez-toc-heading-15\" href=\"https:\/\/www.dr-mfo.com\/fr\/hairline-lowering-vs-hair-transplants-ffs\/#Post-Operative_Care_and_Recovery_Protocols\" >Protocoles de soins et de r\u00e9tablissement postop\u00e9ratoires<\/a><ul class='ez-toc-list-level-3' ><li class='ez-toc-heading-level-3'><a class=\"ez-toc-link ez-toc-heading-16\" href=\"https:\/\/www.dr-mfo.com\/fr\/hairline-lowering-vs-hair-transplants-ffs\/#Managing_Swelling_and_Scarring\" >Gestion de l&#039;enflure et des cicatrices<\/a><\/li><li class='ez-toc-page-1 ez-toc-heading-level-3'><a class=\"ez-toc-link ez-toc-heading-17\" href=\"https:\/\/www.dr-mfo.com\/fr\/hairline-lowering-vs-hair-transplants-ffs\/#Long-Term_Maintenance\" >Maintenance \u00e0 long terme<\/a><\/li><\/ul><\/li><li class='ez-toc-page-1 ez-toc-heading-level-2'><a class=\"ez-toc-link ez-toc-heading-18\" href=\"https:\/\/www.dr-mfo.com\/fr\/hairline-lowering-vs-hair-transplants-ffs\/#Frequently_Asked_Questions\" >Questions fr\u00e9quemment pos\u00e9es<\/a><ul class='ez-toc-list-level-3' ><li class='ez-toc-heading-level-3'><a class=\"ez-toc-link ez-toc-heading-19\" href=\"https:\/\/www.dr-mfo.com\/fr\/hairline-lowering-vs-hair-transplants-ffs\/#Is_hairline_lowering_surgery_the_same_as_a_hair_transplant\" >La chirurgie d&#039;abaissement de la ligne capillaire est-elle la m\u00eame chose qu&#039;une greffe de cheveux\u00a0?<\/a><\/li><li class='ez-toc-page-1 ez-toc-heading-level-3'><a class=\"ez-toc-link ez-toc-heading-20\" href=\"https:\/\/www.dr-mfo.com\/fr\/hairline-lowering-vs-hair-transplants-ffs\/#Can_I_achieve_a_feminine_hairline_without_surgery\" >Est-il possible d&#039;obtenir une ligne de cheveux f\u00e9minine sans chirurgie\u00a0?<\/a><\/li><li class='ez-toc-page-1 ez-toc-heading-level-3'><a class=\"ez-toc-link ez-toc-heading-21\" href=\"https:\/\/www.dr-mfo.com\/fr\/hairline-lowering-vs-hair-transplants-ffs\/#What_is_the_recovery_time_for_hairline_lowering_surgery\" >Quel est le temps de r\u00e9cup\u00e9ration apr\u00e8s une chirurgie d&#039;abaissement de la ligne capillaire\u00a0?<\/a><\/li><li class='ez-toc-page-1 ez-toc-heading-level-3'><a class=\"ez-toc-link ez-toc-heading-22\" href=\"https:\/\/www.dr-mfo.com\/fr\/hairline-lowering-vs-hair-transplants-ffs\/#Are_the_results_of_hairline_lowering_permanent\" >Les r\u00e9sultats de l&#039;abaissement de la ligne capillaire sont-ils permanents\u00a0?<\/a><\/li><li class='ez-toc-page-1 ez-toc-heading-level-3'><a class=\"ez-toc-link ez-toc-heading-23\" href=\"https:\/\/www.dr-mfo.com\/fr\/hairline-lowering-vs-hair-transplants-ffs\/#Who_is_a_good_candidate_for_hairline_lowering\" >Qui est un bon candidat pour l\u2019abaissement de la racine des cheveux ?<\/a><\/li><li class='ez-toc-page-1 ez-toc-heading-level-3'><a class=\"ez-toc-link ez-toc-heading-24\" href=\"https:\/\/www.dr-mfo.com\/fr\/hairline-lowering-vs-hair-transplants-ffs\/#What_are_the_risks_of_hair_transplants\" >Quels sont les risques li\u00e9s aux greffes de cheveux\u00a0?<\/a><\/li><li class='ez-toc-page-1 ez-toc-heading-level-3'><a class=\"ez-toc-link ez-toc-heading-25\" href=\"https:\/\/www.dr-mfo.com\/fr\/hairline-lowering-vs-hair-transplants-ffs\/#Does_insurance_cover_hairline_lowering_for_FFS\" >L&#039;assurance couvre-t-elle l&#039;abaissement de la ligne capillaire dans le cadre d&#039;une f\u00e9minisation faciale ?<\/a><\/li><li class='ez-toc-page-1 ez-toc-heading-level-3'><a class=\"ez-toc-link ez-toc-heading-26\" href=\"https:\/\/www.dr-mfo.com\/fr\/hairline-lowering-vs-hair-transplants-ffs\/#How_do_I_choose_between_hairline_lowering_and_transplants\" >Comment choisir entre un abaissement de la ligne capillaire et une greffe de cheveux ?<\/a><\/li><\/ul><\/li><li class='ez-toc-page-1 ez-toc-heading-level-2'><a class=\"ez-toc-link ez-toc-heading-27\" href=\"https:\/\/www.dr-mfo.com\/fr\/hairline-lowering-vs-hair-transplants-ffs\/#Bibliography\" >Bibliographie<\/a><\/li><\/ul><\/nav><\/div>\n<h2 class=\"wp-block-heading\"><span class=\"ez-toc-section\" id=\"Defining_the_Procedures_Structural_vs_Distributive_Approaches\"><\/span>D\u00e9finition des proc\u00e9dures\u00a0: approches structurelles vs. distributives<span class=\"ez-toc-section-end\"><\/span><\/h2>\n\n\n\n<p>Pour d\u00e9terminer la proc\u00e9dure la plus adapt\u00e9e \u00e0 la f\u00e9minisation faciale, il est essentiel de d\u00e9finir l&#039;anatomie de la ligne frontale et du front. La ligne frontale d\u00e9signe la limite entre le cuir chevelu et la peau du front. Chez les hommes, cette ligne est souvent plus haute et peut \u00eatre d\u00e9garnie au niveau des tempes, formant un M. Chez les femmes, la ligne frontale est g\u00e9n\u00e9ralement plus basse, plus arrondie et se situe environ 5,5 \u00e0 6,5 cm au-dessus de l&#039;arcade sourcili\u00e8re. L&#039;objectif de la f\u00e9minisation faciale est de f\u00e9miniser cette anatomie, soit en abaissant la ligne frontale, soit en comblant les zones d\u00e9garnies pour cr\u00e9er un contour plus doux et plus arrondi.<\/p>\n\n\n\n<p>L&#039;abaissement chirurgical de la ligne frontale, \u00e9galement appel\u00e9 r\u00e9duction du front ou avanc\u00e9e du cuir chevelu, est une intervention structurelle. Elle consiste en une incision le long de la ligne frontale existante, la dissection du cuir chevelu de l&#039;apon\u00e9vrose sous-jacente et l&#039;avancement physique vers le bas de la zone capillaire. Cette proc\u00e9dure abaisse directement la ligne frontale en retirant une bande de peau du front. Il s&#039;agit d&#039;une modification anatomique directe qui corrige la position de la ligne frontale par rapport \u00e0 l&#039;arcade sourcili\u00e8re.<\/p>\n\n\n\n<p>La greffe de cheveux, en revanche, est une intervention de distribution. Elle ne modifie pas la position de la ligne frontale existante. Elle consiste plut\u00f4t \u00e0 pr\u00e9lever des follicules pileux dans une zone donneuse (g\u00e9n\u00e9ralement \u00e0 l&#039;arri\u00e8re de la t\u00eate) et \u00e0 les implanter dans la peau du front pour cr\u00e9er l&#039;illusion d&#039;une ligne frontale plus basse. Il s&#039;agit en quelque sorte de \u201c camoufler \u201d un front haut gr\u00e2ce \u00e0 une nouvelle pousse de cheveux. Cette technique est id\u00e9ale pour densifier les zones clairsem\u00e9es ou affiner la forme de la ligne frontale, mais elle n\u00e9cessite une quantit\u00e9 suffisante de cheveux disponibles dans la zone donneuse.<\/p>\n\n\n\n<h3 class=\"wp-block-heading\"><span class=\"ez-toc-section\" id=\"The_Role_of_the_Supraorbital_Ridge\"><\/span>Le r\u00f4le de la cr\u00eate supra-orbitaire<span class=\"ez-toc-section-end\"><\/span><\/h3>\n\n\n\n<p>L&#039;arcade sourcili\u00e8re est la pro\u00e9minence osseuse situ\u00e9e au-dessus des yeux. Chez de nombreux hommes, cette arcade est marqu\u00e9e et souvent associ\u00e9e \u00e0 un sinus frontal pro\u00e9minent. En chirurgie de f\u00e9minisation faciale, le traitement de l&#039;arcade sourcili\u00e8re est souvent une \u00e9tape pr\u00e9alable \u00e0 toute intervention sur la ligne des cheveux. Si l&#039;arcade sourcili\u00e8re est pro\u00e9minente, un simple abaissement de la ligne des cheveux sans r\u00e9duction de l&#039;arcade sourcili\u00e8re (cranioplastie frontale) peut donner au front un aspect \u201c lourd \u201d ou \u201c saillant \u201d, ce qui est contraire \u00e0 l&#039;effet f\u00e9minisant recherch\u00e9.<\/p>\n\n\n\n<p>La diff\u00e9rence entre une abaissement de la ligne frontale r\u00e9ussi et un \u00e9chec r\u00e9side souvent dans le traitement de l&#039;arcade sourcili\u00e8re. L&#039;abaissement de la ligne frontale est plus efficace lorsqu&#039;il est associ\u00e9 \u00e0 une r\u00e9duction de l&#039;arcade sourcili\u00e8re. Le cuir chevelu est abaiss\u00e9 et l&#039;os sous-jacent est remodel\u00e9 pour cr\u00e9er une transition harmonieuse entre le front et le nez. Sans cette modification osseuse, la ligne frontale peut \u00eatre plus basse, mais le profil restera masculin.<\/p>\n\n\n\n<figure class=\"wp-block-image size-full\"><img decoding=\"async\" width=\"1408\" height=\"768\" src=\"https:\/\/www.dr-mfo.com\/wp-content\/uploads\/2026\/01\/image-19.png\" alt=\"\" class=\"wp-image-16336\" srcset=\"https:\/\/www.dr-mfo.com\/wp-content\/uploads\/2026\/01\/image-19.png 1408w, https:\/\/www.dr-mfo.com\/wp-content\/uploads\/2026\/01\/image-19-300x164.png 300w, https:\/\/www.dr-mfo.com\/wp-content\/uploads\/2026\/01\/image-19-1024x559.png 1024w, https:\/\/www.dr-mfo.com\/wp-content\/uploads\/2026\/01\/image-19-768x419.png 768w, https:\/\/www.dr-mfo.com\/wp-content\/uploads\/2026\/01\/image-19-18x10.png 18w\" sizes=\"(max-width: 1408px) 100vw, 1408px\" \/><\/figure>\n\n\n\n<h2 class=\"wp-block-heading\"><span class=\"ez-toc-section\" id=\"Surgical_Pathways_Hairline_Lowering_and_Brow_Bone_Reduction\"><\/span>Voies chirurgicales\u00a0: abaissement de la ligne des cheveux et r\u00e9duction de l\u2019arcade sourcili\u00e8re<span class=\"ez-toc-section-end\"><\/span><\/h2>\n\n\n\n<p>L&#039;abaissement chirurgical de la ligne frontale offre la r\u00e9duction la plus imm\u00e9diate et permanente de la hauteur du front. Cette technique repose principalement sur l&#039;association d&#039;une incision coronale ou au niveau de la ligne frontale et d&#039;une avanc\u00e9e du cuir chevelu. Une bl\u00e9pharoplastie sup\u00e9rieure (chirurgie des paupi\u00e8res) est souvent r\u00e9alis\u00e9e simultan\u00e9ment afin de retirer l&#039;exc\u00e8s de peau des paupi\u00e8res sup\u00e9rieures, fr\u00e9quemment observ\u00e9 apr\u00e8s une avanc\u00e9e importante du cuir chevelu.<\/p>\n\n\n\n<blockquote class=\"wp-block-quote is-layout-flow wp-block-quote-is-layout-flow\">\n<p>L&#039;abaissement de la ligne frontale et la greffe de cheveux sont deux solutions populaires pour les personnes souhaitant am\u00e9liorer l&#039;apparence de leur ligne frontale, que ce soit pour des raisons g\u00e9n\u00e9tiques, li\u00e9es \u00e0 l&#039;\u00e2ge ou \u00e0 la chute des cheveux. Ces deux interventions visent \u00e0 cr\u00e9er une esth\u00e9tique faciale plus jeune et harmonieuse, mais diff\u00e8rent consid\u00e9rablement par leur approche, leurs r\u00e9sultats, leur convalescence et leur ad\u00e9quation \u00e0 chaque patient.<\/p>\n<cite>\u2014 Clinique Tsilosani<\/cite><\/blockquote>\n\n\n\n<p>La technique de r\u00e9f\u00e9rence pour l&#039;abaissement permanent de la ligne capillaire en chirurgie de f\u00e9minisation faciale est le lifting frontal endoscopique avec avancement de la ligne capillaire. Elle consiste en de petites incisions derri\u00e8re la ligne capillaire. <a href=\"https:\/\/www.dr-mfo.com\/fr\/\">chirurgien<\/a> Cette technique utilise un endoscope pour visualiser les structures sous-jacentes, lib\u00e9rer le cuir chevelu du cr\u00e2ne et le repositionner vers le bas. La ligne des cheveux est ensuite fix\u00e9e dans sa nouvelle position. Cette intervention invasive n\u00e9cessite une anesth\u00e9sie g\u00e9n\u00e9rale, mais ses r\u00e9sultats sont permanents et corrigent la structure osseuse sous-jacente.<\/p>\n\n\n\n<figure class=\"wp-block-table\"><table class=\"has-fixed-layout\"><thead><tr><td><strong>Proc\u00e9dure<\/strong><\/td><td><strong>Anatomie de la cible<\/strong><\/td><td><strong>Emplacement de l&#039;incision<\/strong><\/td><td><strong>Anesth\u00e9sie<\/strong><\/td><td><strong>R\u00e9cup\u00e9ration<\/strong><\/td><\/tr><\/thead><tbody><tr><td><strong>Avancement du cuir chevelu<\/strong><\/td><td>Muscle frontal, cuir chevelu, peau du front<\/td><td>Le long de la ligne des cheveux ou au niveau de la couronne<\/td><td>G\u00e9n\u00e9ral<\/td><td>2 \u00e0 3 semaines (gonflement\/ecchymoses)<\/td><\/tr><tr><td><strong>R\u00e9duction de l&#039;arcade sourcili\u00e8re<\/strong><\/td><td>Sinus frontal, cr\u00eate supra-orbitaire<\/td><td>Coronal ou endoscopique<\/td><td>G\u00e9n\u00e9ral<\/td><td>3 \u00e0 4 semaines (congestion nasale)<\/td><\/tr><tr><td><strong>Greffe de cheveux (FUE)<\/strong><\/td><td>Unit\u00e9s folliculaires (zone donneuse)<\/td><td>Micro-perforations (donneur et receveur)<\/td><td>Locale<\/td><td>7 \u00e0 10 jours (D\u00e9croissance)<\/td><\/tr><tr><td><strong>Approche combin\u00e9e<\/strong><\/td><td>Os, peau, follicules pileux<\/td><td>Incisions multiples<\/td><td>G\u00e9n\u00e9ral<\/td><td>4 \u00e0 6 semaines (r\u00e9cup\u00e9ration par \u00e9tapes)<\/td><\/tr><\/tbody><\/table><\/figure>\n\n\n\n<figure class=\"wp-block-image size-large\"><img decoding=\"async\" width=\"1024\" height=\"572\" src=\"https:\/\/www.dr-mfo.com\/wp-content\/uploads\/2026\/01\/image-113-1024x572.png\" alt=\"\" class=\"wp-image-27460\" srcset=\"https:\/\/www.dr-mfo.com\/wp-content\/uploads\/2026\/01\/image-113-1024x572.png 1024w, https:\/\/www.dr-mfo.com\/wp-content\/uploads\/2026\/01\/image-113-300x167.png 300w, https:\/\/www.dr-mfo.com\/wp-content\/uploads\/2026\/01\/image-113-768x429.png 768w, https:\/\/www.dr-mfo.com\/wp-content\/uploads\/2026\/01\/image-113-18x10.png 18w, https:\/\/www.dr-mfo.com\/wp-content\/uploads\/2026\/01\/image-113.png 1376w\" sizes=\"(max-width: 1024px) 100vw, 1024px\" \/><\/figure>\n\n\n\n<h3 class=\"wp-block-heading\"><span class=\"ez-toc-section\" id=\"The_Anatomical_Constraints_of_Surgery\"><\/span>Les contraintes anatomiques de la chirurgie<span class=\"ez-toc-section-end\"><\/span><\/h3>\n\n\n\n<p>Tous les visages ne sont pas adapt\u00e9s \u00e0 un abaissement important de la ligne frontale. Les patients pr\u00e9sentant un cuir chevelu tr\u00e8s tendu ou une mobilit\u00e9 capillaire r\u00e9duite peuvent ne pas obtenir un abaissement significatif (g\u00e9n\u00e9ralement limit\u00e9 \u00e0 2-3 cm). De plus, chez les patients ayant d\u00e9j\u00e0 une ligne frontale basse, il existe un risque de ligne frontale \u201c\u00a0tendue\u00a0\u201d, pouvant entra\u00eener des cicatrices ou une chute de cheveux au niveau de l&#039;incision.<\/p>\n\n\n\n<p>\u00c0 l&#039;inverse, chez les patients pr\u00e9sentant un recul temporal important (front en V), un abaissement de la ligne frontale seul ne suffit pas toujours \u00e0 corriger la forme en M de celle-ci. Dans ces cas, une combinaison d&#039;avancement du cuir chevelu et de greffes de cheveux au niveau des tempes est souvent recommand\u00e9e. L&#039;intervention chirurgicale corrige la hauteur du front, tandis que les greffes comblent le creux des tempes pour cr\u00e9er un contour arrondi et f\u00e9minin.<\/p>\n\n\n\n<h2 class=\"wp-block-heading\"><span class=\"ez-toc-section\" id=\"Hair_Transplantation_The_Distributive_Approach\"><\/span>Greffe de cheveux : l&#039;approche distributive<span class=\"ez-toc-section-end\"><\/span><\/h2>\n\n\n\n<p>La greffe de cheveux est un domaine tr\u00e8s sp\u00e9cialis\u00e9 qui a consid\u00e9rablement \u00e9volu\u00e9 avec l&#039;av\u00e8nement de l&#039;extraction d&#039;unit\u00e9s folliculaires (FUE). La FUE consiste \u00e0 pr\u00e9lever des follicules pileux un par un dans la zone donneuse et \u00e0 les implanter dans la zone receveuse (le front). Cette m\u00e9thode laisse des cicatrices minimes et permet un contr\u00f4le pr\u00e9cis de la direction et de la densit\u00e9 des cheveux.<\/p>\n\n\n\n<blockquote class=\"wp-block-quote is-layout-flow wp-block-quote-is-layout-flow\">\n<p>\u2018&#039;\u00c0 <a href=\"https:\/\/www.dr-mfo.com\/fr\/who-is-drmfo\/\">Dr MFO<\/a>, Nous savons que le choix entre un abaissement de la ligne frontale et une greffe de cheveux se r\u00e9sume \u00e0 choisir entre une modification structurelle et une redistribution folliculaire. L&#039;abaissement de la ligne frontale est une modification structurelle qui d\u00e9place physiquement le cuir chevelu, tandis que la greffe de cheveux est une redistribution qui densifie les zones clairsem\u00e9es. Le choix d\u00e9pend de la mobilit\u00e9 de votre cuir chevelu, de la densit\u00e9 de vos cheveux et du r\u00e9sultat souhait\u00e9.\u2019<\/p>\n<cite>\u2014 <a href=\"https:\/\/www.dr-mfo.com\/fr\/reduction-du-front-avancement-de-la-ligne-des-cheveux\/\" target=\"_blank\" rel=\"noopener\">Perspective clinique du Dr MFO<\/a><\/cite><\/blockquote>\n\n\n\n<figure class=\"wp-block-image size-large\"><img loading=\"lazy\" decoding=\"async\" width=\"1024\" height=\"572\" src=\"https:\/\/www.dr-mfo.com\/wp-content\/uploads\/2026\/01\/image-114-1024x572.png\" alt=\"\" class=\"wp-image-27461\" srcset=\"https:\/\/www.dr-mfo.com\/wp-content\/uploads\/2026\/01\/image-114-1024x572.png 1024w, https:\/\/www.dr-mfo.com\/wp-content\/uploads\/2026\/01\/image-114-300x167.png 300w, https:\/\/www.dr-mfo.com\/wp-content\/uploads\/2026\/01\/image-114-768x429.png 768w, https:\/\/www.dr-mfo.com\/wp-content\/uploads\/2026\/01\/image-114-18x10.png 18w, https:\/\/www.dr-mfo.com\/wp-content\/uploads\/2026\/01\/image-114.png 1376w\" sizes=\"(max-width: 1024px) 100vw, 1024px\" \/><\/figure>\n\n\n\n<h3 class=\"wp-block-heading\"><span class=\"ez-toc-section\" id=\"FUE_vs_FUT_Choosing_the_Right_Technique\"><\/span>FUE vs FUT\u00a0: Choisir la bonne technique<span class=\"ez-toc-section-end\"><\/span><\/h3>\n\n\n\n<p>L&#039;extraction d&#039;unit\u00e9s folliculaires (FUE) est la m\u00e9thode privil\u00e9gi\u00e9e pour les greffes de cheveux FFS (Fracture du visage). Elle consiste \u00e0 extraire individuellement les unit\u00e9s folliculaires de la zone donneuse \u00e0 l&#039;aide d&#039;un micro-outil. Il en r\u00e9sulte de minuscules cicatrices ponctuelles facilement dissimul\u00e9es par les cheveux environnants. La FUE permet \u00e9galement de pr\u00e9lever des cheveux de la barbe ou du corps si la zone donneuse du cuir chevelu est insuffisante, ce qui est fr\u00e9quent chez les femmes transgenres souffrant d&#039;une importante calvitie masculine.<\/p>\n\n\n\n<p>La transplantation d&#039;unit\u00e9s folliculaires (FUT), ou technique de la bandelette, consiste \u00e0 pr\u00e9lever une bandelette de peau dans la zone donneuse et \u00e0 la diss\u00e9quer sous microscope. Bien que la FUT permette d&#039;obtenir un plus grand nombre de greffons en une seule s\u00e9ance, elle laisse une cicatrice lin\u00e9aire \u00e0 l&#039;arri\u00e8re de la t\u00eate. Dans le cadre d&#039;une f\u00e9minisation faciale, o\u00f9 les patients peuvent porter leurs cheveux de diff\u00e9rentes mani\u00e8res, la visibilit\u00e9 d&#039;une cicatrice lin\u00e9aire est une pr\u00e9occupation majeure, faisant de la FUE la technique de r\u00e9f\u00e9rence.<\/p>\n\n\n\n<h3 class=\"wp-block-heading\"><span class=\"ez-toc-section\" id=\"The_Limitations_of_Transplants_for_Hairline_Lowering\"><\/span>Les limites des greffes de cheveux pour abaisser la ligne frontale<span class=\"ez-toc-section-end\"><\/span><\/h3>\n\n\n\n<p>Bien que les greffes de cheveux soient excellentes pour augmenter la densit\u00e9 et affiner la forme de la chevelure, elles pr\u00e9sentent des limites quant \u00e0 l&#039;abaissement de la ligne frontale. Une greffe ne peut pas abaisser la ligne frontale de plus de quelques millim\u00e8tres sans donner un r\u00e9sultat artificiel. Placer les greffons trop bas sur le front cr\u00e9e un aspect artificiel, \u201c\u00a0bourr\u00e9\u00a0\u201d, et d\u00e9nature la ligne frontale naturelle.<\/p>\n\n\n\n<p>De plus, les greffes n\u00e9cessitent un d\u00e9lai de 12 \u00e0 18 mois pour obtenir un r\u00e9sultat d\u00e9finitif. Les cheveux greff\u00e9s tombent apr\u00e8s 2 \u00e0 4 semaines et repoussent au bout de 3 \u00e0 4 mois environ. Cette attente peut \u00eatre difficile \u00e0 vivre pour les patients qui souhaitent un r\u00e9sultat imm\u00e9diat apr\u00e8s une f\u00e9minisation faciale. Par ailleurs, si l&#039;os frontal sous-jacent est pro\u00e9minent, les greffes seules ne corrigeront pas le profil, laissant potentiellement un front bomb\u00e9 malgr\u00e9 une ligne frontale plus basse.<\/p>\n\n\n\n<h2 class=\"wp-block-heading\"><span class=\"ez-toc-section\" id=\"Comparative_Analysis_Longevity_Risks_and_Costs\"><\/span>Analyse comparative\u00a0: long\u00e9vit\u00e9, risques et co\u00fbts<span class=\"ez-toc-section-end\"><\/span><\/h2>\n\n\n\n<p>Lorsqu&#039;il s&#039;agit de choisir entre un abaissement de la ligne frontale et une greffe de cheveux dans le cadre d&#039;une f\u00e9minisation faciale, il convient de peser le pour et le contre entre la permanence du r\u00e9sultat et son caract\u00e8re invasif. L&#039;abaissement de la ligne frontale est une modification structurelle unique, tandis que les greffes de cheveux peuvent n\u00e9cessiter plusieurs s\u00e9ances pour atteindre la densit\u00e9 souhait\u00e9e. Les m\u00e9thodes non chirurgicales comme le minoxidil ou le finast\u00e9ride exigent un entretien r\u00e9gulier et leur efficacit\u00e9 est limit\u00e9e par l&#039;\u00e9lasticit\u00e9 de la peau et la structure osseuse sous-jacente.<\/p>\n\n\n\n<blockquote class=\"wp-block-quote is-layout-flow wp-block-quote-is-layout-flow\">\n<p>\u2018\u00a0Pour obtenir une ligne capillaire f\u00e9minine id\u00e9ale, il existe trois voies cliniques distinctes\u00a0: l\u2019abaissement chirurgical de la ligne capillaire (modification structurelle permanente), la greffe de cheveux (redistribution folliculaire permanente) ou une approche combin\u00e9e (modification structurelle et augmentation de la densit\u00e9). Ce guide compare la dur\u00e9e des r\u00e9sultats, les risques et les co\u00fbts de chaque m\u00e9thode afin de vous aider \u00e0 choisir l\u2019approche la mieux adapt\u00e9e \u00e0 votre anatomie.\u00a0\u2019<\/p>\n<cite>\u2014 <a href=\"https:\/\/www.dr-mfo.com\/fr\/ffs-chirurgie-de-feminisation-du-visage\/\" target=\"_blank\" rel=\"noopener\">Perspective clinique du Dr MFO<\/a><\/cite><\/blockquote>\n\n\n\n<figure class=\"wp-block-table\"><table class=\"has-fixed-layout\"><thead><tr><td><strong>M\u00e9thode<\/strong><\/td><td><strong>Long\u00e9vit\u00e9<\/strong><\/td><td><strong>Le temps de r\u00e9cup\u00e9ration<\/strong><\/td><td><strong>Principaux risques<\/strong><\/td><td><strong>Fourchette de co\u00fbts estim\u00e9e<\/strong><\/td><\/tr><\/thead><tbody><tr><td><strong>Chirurgie d&#039;abaissement de la racine des cheveux<\/strong><\/td><td>Permanent<\/td><td>2 \u00e0 3 semaines (gonflement visible)<\/td><td>Cicatrices, perte de cheveux au niveau de l&#039;incision, engourdissement<\/td><td>$4 000 \u2013 $8 000<\/td><\/tr><tr><td><strong>Greffe de cheveux (FUE)<\/strong><\/td><td>Greffes permanentes<\/td><td>7 \u00e0 10 jours (cro\u00fbtes)<\/td><td>Perte brutale, infection, croissance irr\u00e9guli\u00e8re<\/td><td>$3\u00a0000 \u2013 $10\u00a0000 (par session)<\/td><\/tr><tr><td><strong>Approche combin\u00e9e<\/strong><\/td><td>Permanent<\/td><td>4 \u00e0 6 semaines<\/td><td>Gu\u00e9rison complexe, co\u00fbt plus \u00e9lev\u00e9<\/td><td>$7 000 \u2013 $15 000<\/td><\/tr><tr><td><strong>R\u00e9duction de l&#039;arcade sourcili\u00e8re<\/strong><\/td><td>Permanent<\/td><td>3 \u00e0 4 semaines<\/td><td>Probl\u00e8mes nasaux, complications des sinus<\/td><td>$5 000 \u2013 $12 000<\/td><\/tr><\/tbody><\/table><\/figure>\n\n\n\n<h3 class=\"wp-block-heading\"><span class=\"ez-toc-section\" id=\"The_Cost-Benefit_Analysis\"><\/span>L&#039;analyse co\u00fbts-avantages<span class=\"ez-toc-section-end\"><\/span><\/h3>\n\n\n\n<p>Bien que les greffes de cheveux semblent initialement moins co\u00fbteuses pour des corrections mineures, le co\u00fbt cumul\u00e9 d&#039;un abaissement significatif d\u00e9passe souvent le co\u00fbt initial de l&#039;intervention. Un patient n\u00e9cessitant 2\u00a0000 greffons pour abaisser sa ligne frontale de 1\u00a0cm peut d\u00e9penser entre 6\u00a0000 et 8\u00a0000\u00a0\u00a3, tandis qu&#039;un abaissement chirurgical de la ligne frontale permet d&#039;obtenir un abaissement de 2 \u00e0 3\u00a0cm pour un prix similaire en une seule intervention. De plus, la convalescence post-op\u00e9ratoire n&#039;implique qu&#039;une seule p\u00e9riode d&#039;indisponibilit\u00e9, tandis que les greffes, bien qu&#039;entra\u00eenant une convalescence minimale, n\u00e9cessitent des s\u00e9ances r\u00e9p\u00e9t\u00e9es et ne permettent aucun arr\u00eat de travail.<\/p>\n\n\n\n<p>Les profils de risque diff\u00e8rent \u00e9galement de mani\u00e8re significative. Les complications chirurgicales sont g\u00e9n\u00e9ralement li\u00e9es \u00e0 la cicatrisation et \u00e0 l&#039;anesth\u00e9sie, mais ne sont prises en charge qu&#039;une seule fois. Les complications non chirurgicales ou li\u00e9es \u00e0 la greffe peuvent \u00eatre cumulatives\u00a0; par exemple, des s\u00e9ances de greffe r\u00e9p\u00e9t\u00e9es peuvent \u00e9puiser les r\u00e9serves de cheveux de la zone donneuse, rendant les interventions ult\u00e9rieures plus difficiles. La chute de cheveux post-op\u00e9ratoire (chute temporaire des cheveux existants) est un risque associ\u00e9 aux greffes, tandis que les risques chirurgicaux sont g\u00e9n\u00e9ralement localis\u00e9s au site op\u00e9ratoire.<\/p>\n\n\n\n<h2 class=\"wp-block-heading\"><span class=\"ez-toc-section\" id=\"Face_Shape_Suitability_Which_Procedure_for_Your_Anatomy\"><\/span>Adaptation \u00e0 la forme du visage\u00a0: Quelle proc\u00e9dure convient le mieux \u00e0 votre anatomie\u00a0?<span class=\"ez-toc-section-end\"><\/span><\/h2>\n\n\n\n<p>Le choix entre un abaissement de la ligne frontale et une greffe de cheveux d\u00e9pend fortement de la morphologie de votre visage et de la mobilit\u00e9 de votre cuir chevelu. Une intervention harmonieuse sur un visage en forme de c\u0153ur peut para\u00eetre inesth\u00e9tique sur un visage carr\u00e9 ou rond. L&#039;objectif de toute intervention de chirurgie de f\u00e9minisation faciale est d&#039;\u00e9quilibrer les tiers et les cinqui\u00e8mes du visage, et non pas simplement d&#039;abaisser la ligne frontale.<\/p>\n\n\n\n<h3 class=\"wp-block-heading\"><span class=\"ez-toc-section\" id=\"High_Scalp_Mobility\"><\/span>Mobilit\u00e9 \u00e9lev\u00e9e du cuir chevelu<span class=\"ez-toc-section-end\"><\/span><\/h3>\n\n\n\n<p>Les patients pr\u00e9sentant une grande mobilit\u00e9 du cuir chevelu (capacit\u00e9 \u00e0 le d\u00e9placer significativement au-dessus du cr\u00e2ne) sont des candidats id\u00e9aux pour une chirurgie d&#039;abaissement de la ligne frontale. Cette capacit\u00e9 est souvent \u00e9valu\u00e9e lors d&#039;un examen clinique. Si vous pouvez abaisser facilement votre ligne frontale sans tension importante, vous obtiendrez probablement un abaissement de 2 \u00e0 3 cm. Ces patients b\u00e9n\u00e9ficient particuli\u00e8rement de l&#039;approche structurelle, car les r\u00e9sultats sont imm\u00e9diats et permanents.<\/p>\n\n\n\n<h3 class=\"wp-block-heading\"><span class=\"ez-toc-section\" id=\"Tight_Scalp_or_Limited_Mobility\"><\/span>Cuir chevelu tendu ou mobilit\u00e9 r\u00e9duite<span class=\"ez-toc-section-end\"><\/span><\/h3>\n\n\n\n<p>Les patients pr\u00e9sentant un cuir chevelu tendu ou une mobilit\u00e9 r\u00e9duite peuvent ne pas \u00eatre de bons candidats pour un abaissement important de la ligne frontale. Dans ces cas, la greffe de cheveux est la m\u00e9thode privil\u00e9gi\u00e9e. Bien qu&#039;elle ne permette pas d&#039;abaisser drastiquement la ligne frontale, elle peut en affiner la forme, combler les tempes d\u00e9garnies et densifier la ligne frontale. Cette intervention est souvent associ\u00e9e \u00e0 une r\u00e9duction de l&#039;arcade sourcili\u00e8re afin d&#039;optimiser la f\u00e9minisation du haut du visage.<\/p>\n\n\n\n<h3 class=\"wp-block-heading\"><span class=\"ez-toc-section\" id=\"Receding_Temples_M-Shaped_Hairline\"><\/span>Recul des tempes (ligne de cheveux en forme de M)<span class=\"ez-toc-section-end\"><\/span><\/h3>\n\n\n\n<p>Chez les personnes pr\u00e9sentant une implantation capillaire en forme de M marqu\u00e9e ou un recul temporal important, un abaissement de la ligne frontale seul peut s&#039;av\u00e9rer insuffisant. Le centre du front peut s&#039;abaisser, mais les tempes restent hautes, cr\u00e9ant un contour inesth\u00e9tique. La solution id\u00e9ale consiste souvent en une combinaison de techniques\u00a0: un abaissement de la ligne frontale et des greffes de cheveux au niveau des tempes. On obtient ainsi une ligne frontale harmonieuse et arrondie, caract\u00e9ristique d&#039;une ligne frontale f\u00e9minine.<\/p>\n\n\n\n<h3 class=\"wp-block-heading\"><span class=\"ez-toc-section\" id=\"Prominent_Brow_Bone_vs_Flat_Forehead\"><\/span>Arcade sourcili\u00e8re pro\u00e9minente vs front plat<span class=\"ez-toc-section-end\"><\/span><\/h3>\n\n\n\n<p>Les arcades sourcili\u00e8res pro\u00e9minentes n\u00e9cessitent une r\u00e9duction osseuse avant ou pendant une intervention sur la ligne frontale. Si un patient pr\u00e9sente des arcades sourcili\u00e8res pro\u00e9minentes mais une faible mobilit\u00e9 du cuir chevelu, une approche combin\u00e9e de r\u00e9duction des arcades sourcili\u00e8res et de greffes de cheveux est souvent utilis\u00e9e. L&#039;os est r\u00e9duit pour cr\u00e9er un profil plat, et les greffes permettent d&#039;abaisser la ligne frontale afin de camoufler la zone op\u00e9r\u00e9e et de densifier la chevelure. \u00c0 l&#039;inverse, les patients ayant un front plat et une bonne mobilit\u00e9 du cuir chevelu sont d&#039;excellents candidats pour un abaissement de la ligne frontale seul.<\/p>\n\n\n\n<figure class=\"wp-block-image size-large\"><img loading=\"lazy\" decoding=\"async\" width=\"1024\" height=\"572\" src=\"https:\/\/www.dr-mfo.com\/wp-content\/uploads\/2026\/01\/image-115-1024x572.png\" alt=\"\" class=\"wp-image-27462\" srcset=\"https:\/\/www.dr-mfo.com\/wp-content\/uploads\/2026\/01\/image-115-1024x572.png 1024w, https:\/\/www.dr-mfo.com\/wp-content\/uploads\/2026\/01\/image-115-300x167.png 300w, https:\/\/www.dr-mfo.com\/wp-content\/uploads\/2026\/01\/image-115-768x429.png 768w, https:\/\/www.dr-mfo.com\/wp-content\/uploads\/2026\/01\/image-115-18x10.png 18w, https:\/\/www.dr-mfo.com\/wp-content\/uploads\/2026\/01\/image-115.png 1376w\" sizes=\"(max-width: 1024px) 100vw, 1024px\" \/><\/figure>\n\n\n\n<h2 class=\"wp-block-heading\"><span class=\"ez-toc-section\" id=\"Post-Operative_Care_and_Recovery_Protocols\"><\/span>Protocoles de soins et de r\u00e9tablissement postop\u00e9ratoires<span class=\"ez-toc-section-end\"><\/span><\/h2>\n\n\n\n<p>Quelle que soit la technique choisie, les soins post-op\u00e9ratoires d\u00e9terminent le r\u00e9sultat esth\u00e9tique final. L&#039;abaissement de la ligne frontale exige une hygi\u00e8ne rigoureuse afin de pr\u00e9venir toute infection au niveau de l&#039;incision. Les patients doivent \u00e9viter de tirer sur la ligne frontale et dormir la t\u00eate sur\u00e9lev\u00e9e pour r\u00e9duire l&#039;\u0153d\u00e8me.<\/p>\n\n\n\n<h3 class=\"wp-block-heading\"><span class=\"ez-toc-section\" id=\"Managing_Swelling_and_Scarring\"><\/span>Gestion de l&#039;enflure et des cicatrices<span class=\"ez-toc-section-end\"><\/span><\/h3>\n\n\n\n<p>Il est imp\u00e9ratif de dormir la t\u00eate sur\u00e9lev\u00e9e pendant les deux premi\u00e8res semaines afin de r\u00e9duire l&#039;\u0153d\u00e8me du cuir chevelu. Les compresses froides sont utiles, mais elles ne doivent pas \u00eatre en contact direct avec la peau pour \u00e9viter les gelures. En cas d&#039;abaissement chirurgical de la ligne frontale, la prise en charge de la cicatrice consiste g\u00e9n\u00e9ralement \u00e0 appliquer des pansements en gel de silicone sur la cicatrice une fois les points de suture retir\u00e9s. La protection solaire est essentielle, car l&#039;exposition aux UV peut foncer la cicatrice et la rendre visible.<\/p>\n\n\n\n<p>Apr\u00e8s une greffe de cheveux, la convalescence est ax\u00e9e sur la protection des greffons. Il est imp\u00e9ratif d&#039;\u00e9viter de toucher la zone greff\u00e9e pendant les premiers jours. Les petites cro\u00fbtes qui se forment autour des greffons tomberont naturellement entre le 7e et le 10e jour. Il est \u00e9galement recommand\u00e9 de dormir la t\u00eate sur\u00e9lev\u00e9e afin de r\u00e9duire le gonflement du front et des yeux.<\/p>\n\n\n\n<h3 class=\"wp-block-heading\"><span class=\"ez-toc-section\" id=\"Long-Term_Maintenance\"><\/span>Maintenance \u00e0 long terme<span class=\"ez-toc-section-end\"><\/span><\/h3>\n\n\n\n<p>Les r\u00e9sultats chirurgicaux sont permanents, mais le processus de vieillissement se poursuit. L&#039;abaissement de la ligne frontale n&#039;emp\u00eache pas la chute de cheveux future dans les zones non greff\u00e9es. Les patients peuvent toujours avoir besoin d&#039;un traitement m\u00e9dical (comme le minoxidil ou le finast\u00e9ride) pour maintenir les cheveux naturels derri\u00e8re la ligne frontale abaiss\u00e9e. En revanche, les cheveux greff\u00e9s sont permanents et continueront de pousser, n\u00e9cessitant une coupe r\u00e9guli\u00e8re. Cependant, les greffes ne pr\u00e9viennent pas la chute de cheveux naturelle\u00a0; un plan de traitement complet est donc indispensable.<\/p>\n\n\n\n<hr class=\"wp-block-separator has-alpha-channel-opacity\"\/>\n\n\n\n<h2 class=\"wp-block-heading\"><span class=\"ez-toc-section\" id=\"Frequently_Asked_Questions\"><\/span>Questions fr\u00e9quemment pos\u00e9es<span class=\"ez-toc-section-end\"><\/span><\/h2>\n\n\n<div id=\"rank-math-faq\" class=\"rank-math-block\">\n<div class=\"rank-math-list\">\n<div id=\"faq-1\" class=\"rank-math-list-item\">\n<h3 class=\"rank-math-question\"><span class=\"ez-toc-section\" id=\"Is_hairline_lowering_surgery_the_same_as_a_hair_transplant\"><\/span>La chirurgie d&#039;abaissement de la ligne capillaire est-elle la m\u00eame chose qu&#039;une greffe de cheveux\u00a0?<span class=\"ez-toc-section-end\"><\/span><\/h3>\n<div class=\"rank-math-answer\">\n\n<p>Non, ce sont deux interventions distinctes. La chirurgie d&#039;abaissement de la ligne frontale (r\u00e9duction du front) consiste \u00e0 d\u00e9placer physiquement le cuir chevelu vers le bas pour abaisser la ligne des cheveux. La greffe de cheveux, quant \u00e0 elle, consiste \u00e0 redistribuer les follicules pileux de l&#039;arri\u00e8re de la t\u00eate vers le front afin de cr\u00e9er l&#039;illusion d&#039;une ligne frontale plus basse. La premi\u00e8re est structurelle, la seconde est redistributive.<\/p>\n\n<\/div>\n<\/div>\n<div id=\"faq-2\" class=\"rank-math-list-item\">\n<h3 class=\"rank-math-question\"><span class=\"ez-toc-section\" id=\"Can_I_achieve_a_feminine_hairline_without_surgery\"><\/span>Est-il possible d&#039;obtenir une ligne de cheveux f\u00e9minine sans chirurgie\u00a0?<span class=\"ez-toc-section-end\"><\/span><\/h3>\n<div class=\"rank-math-answer\">\n\n<p>Oui, les m\u00e9thodes non chirurgicales comme le minoxidil peuvent favoriser la repousse des cheveux, mais elles ne permettent pas d&#039;abaisser la ligne frontale ni d&#039;en modifier significativement la forme. La greffe de cheveux est une alternative non chirurgicale (minimale invasive) \u00e0 la chirurgie, mais elle n\u00e9cessite un pr\u00e9l\u00e8vement de cheveux et les r\u00e9sultats ne sont visibles que plus tard.<\/p>\n\n<\/div>\n<\/div>\n<div id=\"faq-3\" class=\"rank-math-list-item\">\n<h3 class=\"rank-math-question\"><span class=\"ez-toc-section\" id=\"What_is_the_recovery_time_for_hairline_lowering_surgery\"><\/span>Quel est le temps de r\u00e9cup\u00e9ration apr\u00e8s une chirurgie d&#039;abaissement de la ligne capillaire\u00a0?<span class=\"ez-toc-section-end\"><\/span><\/h3>\n<div class=\"rank-math-answer\">\n\n<p>La dur\u00e9e de la convalescence varie selon l&#039;intervention. Pour une r\u00e9duction de la ligne capillaire, il faut g\u00e9n\u00e9ralement compter 2 \u00e0 3 semaines pour que l&#039;\u0153d\u00e8me et les ecchymoses disparaissent. Il est conseill\u00e9 d&#039;\u00e9viter les efforts physiques intenses et de maintenir la zone d&#039;incision propre. La cicatrisation compl\u00e8te prend plusieurs mois.<\/p>\n\n<\/div>\n<\/div>\n<div id=\"faq-4\" class=\"rank-math-list-item\">\n<h3 class=\"rank-math-question\"><span class=\"ez-toc-section\" id=\"Are_the_results_of_hairline_lowering_permanent\"><\/span>Les r\u00e9sultats de l&#039;abaissement de la ligne capillaire sont-ils permanents\u00a0?<span class=\"ez-toc-section-end\"><\/span><\/h3>\n<div class=\"rank-math-answer\">\n\n<p>Oui, l&#039;abaissement chirurgical de la ligne frontale offre des r\u00e9sultats permanents en repositionnant physiquement le cuir chevelu. Cependant, le processus naturel de vieillissement et une \u00e9ventuelle chute de cheveux future peuvent affecter les cheveux environnants au fil du temps.<\/p>\n\n<\/div>\n<\/div>\n<div id=\"faq-5\" class=\"rank-math-list-item\">\n<h3 class=\"rank-math-question\"><span class=\"ez-toc-section\" id=\"Who_is_a_good_candidate_for_hairline_lowering\"><\/span>Qui est un bon candidat pour l\u2019abaissement de la racine des cheveux ?<span class=\"ez-toc-section-end\"><\/span><\/h3>\n<div class=\"rank-math-answer\">\n\n<p>Les candidats id\u00e9aux pr\u00e9sentent une bonne mobilit\u00e9 du cuir chevelu, un front haut et une bonne sant\u00e9 g\u00e9n\u00e9rale. Ils ne doivent pas souffrir de chute de cheveux active au moment de l&#039;intervention. Une consultation avec un chirurgien sp\u00e9cialis\u00e9 en f\u00e9minisation faciale est indispensable pour \u00e9valuer la laxit\u00e9 du cuir chevelu.<\/p>\n\n<\/div>\n<\/div>\n<div id=\"faq-6\" class=\"rank-math-list-item\">\n<h3 class=\"rank-math-question\"><span class=\"ez-toc-section\" id=\"What_are_the_risks_of_hair_transplants\"><\/span>Quels sont les risques li\u00e9s aux greffes de cheveux\u00a0?<span class=\"ez-toc-section-end\"><\/span><\/h3>\n<div class=\"rank-math-answer\">\n\n<p>Les risques comprennent la chute de cheveux post-op\u00e9ratoire (chute temporaire des cheveux existants), une infection au niveau de la zone donneuse ou receveuse, une repousse in\u00e9gale et des cicatrices. En chirurgie de f\u00e9minisation faciale, il est essentiel de choisir un chirurgien qui ma\u00eetrise l&#039;art de dessiner une ligne frontale f\u00e9minine afin d&#039;\u00e9viter un r\u00e9sultat artificiel.<\/p>\n\n<\/div>\n<\/div>\n<div id=\"faq-7\" class=\"rank-math-list-item\">\n<h3 class=\"rank-math-question\"><span class=\"ez-toc-section\" id=\"Does_insurance_cover_hairline_lowering_for_FFS\"><\/span>L&#039;assurance couvre-t-elle l&#039;abaissement de la ligne capillaire dans le cadre d&#039;une f\u00e9minisation faciale ?<span class=\"ez-toc-section-end\"><\/span><\/h3>\n<div class=\"rank-math-answer\">\n\n<p>En g\u00e9n\u00e9ral, non. Il s&#039;agit d&#039;interventions consid\u00e9r\u00e9es comme esth\u00e9tiques. Cependant, si l&#039;abaissement de la ligne capillaire fait partie d&#039;une chirurgie d&#039;affirmation de genre et est jug\u00e9 m\u00e9dicalement n\u00e9cessaire par un professionnel de sant\u00e9, certaines assurances peuvent prendre en charge une partie des frais. La prise en charge varie consid\u00e9rablement.<\/p>\n\n<\/div>\n<\/div>\n<div id=\"faq-8\" class=\"rank-math-list-item\">\n<h3 class=\"rank-math-question\"><span class=\"ez-toc-section\" id=\"How_do_I_choose_between_hairline_lowering_and_transplants\"><\/span>Comment choisir entre un abaissement de la ligne capillaire et une greffe de cheveux ?<span class=\"ez-toc-section-end\"><\/span><\/h3>\n<div class=\"rank-math-answer\">\n\n<p>Tenez compte de la mobilit\u00e9 de votre cuir chevelu, de la densit\u00e9 de vos cheveux et de la forme souhait\u00e9e de votre ligne frontale. Si votre cuir chevelu est souple et que vous souhaitez un abaissement important, la chirurgie est la meilleure option. Si votre cuir chevelu est tendu ou si vous souhaitez combler les tempes, les greffes sont id\u00e9ales. Souvent, une combinaison des deux techniques donne les meilleurs r\u00e9sultats en chirurgie de f\u00e9minisation faciale.<\/p>\n\n<\/div>\n<\/div>\n<\/div>\n<\/div>\n\n\n<h2 class=\"wp-block-heading\"><span class=\"ez-toc-section\" id=\"Bibliography\"><\/span>Bibliographie<span class=\"ez-toc-section-end\"><\/span><\/h2>\n\n\n\n<ul class=\"wp-block-list\">\n<li>Trendy Journal. (2025). <em>Chirurgie d&#039;abaissement de la ligne capillaire ou greffe de cheveux\u00a0: quelle est la meilleure option\u00a0?<\/em>. Extrait de https:\/\/trendyjournal.com\/hairline-lowering-surgery-vs-hair-transplant-whats-better\/<\/li>\n\n\n\n<li>Clinique Tsilosani. (2026). <em>R\u00e9duction de la ligne frontale ou greffe de cheveux\u00a0: quelle est la meilleure solution pour vous\u00a0?<\/em>. Extrait de https:\/\/tsilosaniclinic.com\/hairtransplant\/hairline-lowering-vs-hair-transplant-which-is-the-best-for-you\/<\/li>\n\n\n\n<li>Dr. MFO. (s.d.). <em>R\u00e9duction du front et avanc\u00e9e de la ligne capillaire<\/em>. R\u00e9cup\u00e9r\u00e9 de <a href=\"https:\/\/www.dr-mfo.com\/fr\/reduction-du-front-avancement-de-la-ligne-des-cheveux\/\">https:\/\/dr-mfo.com\/forehead-reduction-hairline-advancement<\/a><\/li>\n\n\n\n<li>Dr. MFO. (s.d.). <em>FFS : Chirurgie de F\u00e9minisation du Visage<\/em>. R\u00e9cup\u00e9r\u00e9 de <a href=\"https:\/\/www.dr-mfo.com\/fr\/ffs-chirurgie-de-feminisation-du-visage\/\">https:\/\/dr-mfo.com\/ffs-facial-feminization-surgery<\/a><\/li>\n\n\n\n<li>Soci\u00e9t\u00e9 am\u00e9ricaine des chirurgiens plasticiens. (sd). <em>Lifting du front<\/em>. Extrait de https:\/\/www.plasticsurgery.org\/cosmetic-procedures\/forehead-lift<\/li>\n\n\n\n<li>ISAPS. (2023). <em>Restauration capillaire dans le cadre d&#039;une chirurgie de f\u00e9minisation faciale<\/em>. Aesthetic Plastic Surgery Journal, 47(2), 112-125. DOI\u00a0: 10.1007\/s00266-022-03214-5<\/li>\n<\/ul>","protected":false},"excerpt":{"rendered":"<p>When considering Facial Feminization Surgery (FFS), the forehead and hairline are often the most critical focal points for achieving a feminine facial profile. The hairline plays a pivotal role in defining the upper third of the face, influencing perceived gender, age, and overall facial harmony. For transgender women and non-binary individuals seeking a more feminine [&hellip;]<\/p>\n","protected":false},"author":2,"featured_media":16334,"comment_status":"closed","ping_status":"closed","sticky":false,"template":"","format":"standard","meta":{"_acf_changed":false,"footnotes":""},"categories":[169,194],"tags":[],"class_list":["post-16235","post","type-post","status-publish","format-standard","has-post-thumbnail","hentry","category-facial-feminization","category-hair-transplantation"],"acf":[],"_links":{"self":[{"href":"https:\/\/www.dr-mfo.com\/fr\/wp-json\/wp\/v2\/posts\/16235","targetHints":{"allow":["GET"]}}],"collection":[{"href":"https:\/\/www.dr-mfo.com\/fr\/wp-json\/wp\/v2\/posts"}],"about":[{"href":"https:\/\/www.dr-mfo.com\/fr\/wp-json\/wp\/v2\/types\/post"}],"author":[{"embeddable":true,"href":"https:\/\/www.dr-mfo.com\/fr\/wp-json\/wp\/v2\/users\/2"}],"replies":[{"embeddable":true,"href":"https:\/\/www.dr-mfo.com\/fr\/wp-json\/wp\/v2\/comments?post=16235"}],"version-history":[{"count":1,"href":"https:\/\/www.dr-mfo.com\/fr\/wp-json\/wp\/v2\/posts\/16235\/revisions"}],"predecessor-version":[{"id":27463,"href":"https:\/\/www.dr-mfo.com\/fr\/wp-json\/wp\/v2\/posts\/16235\/revisions\/27463"}],"wp:featuredmedia":[{"embeddable":true,"href":"https:\/\/www.dr-mfo.com\/fr\/wp-json\/wp\/v2\/media\/16334"}],"wp:attachment":[{"href":"https:\/\/www.dr-mfo.com\/fr\/wp-json\/wp\/v2\/media?parent=16235"}],"wp:term":[{"taxonomy":"category","embeddable":true,"href":"https:\/\/www.dr-mfo.com\/fr\/wp-json\/wp\/v2\/categories?post=16235"},{"taxonomy":"post_tag","embeddable":true,"href":"https:\/\/www.dr-mfo.com\/fr\/wp-json\/wp\/v2\/tags?post=16235"}],"curies":[{"name":"wp","href":"https:\/\/api.w.org\/{rel}","templated":true}]}}