{"id":28903,"date":"2026-04-19T20:43:13","date_gmt":"2026-04-19T19:43:13","guid":{"rendered":"https:\/\/www.dr-mfo.com\/?p=28903"},"modified":"2026-04-27T13:31:43","modified_gmt":"2026-04-27T12:31:43","slug":"genioplastie-du-menton-et-perception-de-la-hauteur-vocale","status":"publish","type":"post","link":"https:\/\/www.dr-mfo.com\/fr\/chin-genioplasty-vocal-pitch-perception\/","title":{"rendered":"Le lien n\u00e9glig\u00e9 entre la g\u00e9nioplastie du menton et la perception de la hauteur de la voix\u00a0: une \u00e9tude clinique"},"content":{"rendered":"<p>La plupart des patients subissant une chirurgie du menton <a href=\"https:\/\/www.dr-mfo.com\/fr\/genioplasty-surgery\/\">g\u00e9nioplastie<\/a> On s&#039;attend \u00e0 des m\u00e2choires plus d\u00e9finies ou \u00e0 des profils harmonieux, mais rares sont ceux qui anticipent un changement subtil dans la perception de leur propre voix. Des donn\u00e9es cliniques r\u00e9v\u00e8lent d\u00e9sormais un lien direct entre le repositionnement mandibulaire et la perception de la hauteur vocale, une connexion n\u00e9glig\u00e9e lors des consultations pr\u00e9op\u00e9ratoires.<\/p>\n\n\n\n<p>Ce manque de connaissances d\u00e9coule du cloisonnement de la recherche m\u00e9dicale\u00a0: les chirurgiens plasticiens se concentrent sur l\u2019alignement osseux, tandis que les sp\u00e9cialistes de la voix \u00e9tudient l\u2019acoustique du conduit vocal. Le rapprochement de ces disciplines r\u00e9v\u00e8le une variable cach\u00e9e dans <a href=\"https:\/\/www.dr-mfo.com\/fr\/ffs-facial-feminization-surgery\/\">f\u00e9minisation faciale<\/a> des r\u00e9sultats qui modifient la fa\u00e7on dont les patients vivent leur identit\u00e9 post-op\u00e9ratoire.<\/p>\n\n\n\n<figure class=\"wp-block-image size-large\"><img fetchpriority=\"high\" decoding=\"async\" width=\"1024\" height=\"572\" src=\"https:\/\/www.dr-mfo.com\/wp-content\/uploads\/2026\/04\/image-71-1024x572.png\" alt=\"\" class=\"wp-image-28953\" srcset=\"https:\/\/www.dr-mfo.com\/wp-content\/uploads\/2026\/04\/image-71-1024x572.png 1024w, https:\/\/www.dr-mfo.com\/wp-content\/uploads\/2026\/04\/image-71-300x167.png 300w, https:\/\/www.dr-mfo.com\/wp-content\/uploads\/2026\/04\/image-71-768x429.png 768w, https:\/\/www.dr-mfo.com\/wp-content\/uploads\/2026\/04\/image-71-18x10.png 18w, https:\/\/www.dr-mfo.com\/wp-content\/uploads\/2026\/04\/image-71.png 1376w\" sizes=\"(max-width: 1024px) 100vw, 1024px\" \/><\/figure>\n\n\n\n<div id=\"ez-toc-container\" class=\"ez-toc-v2_0_82_2 counter-hierarchy ez-toc-counter ez-toc-transparent ez-toc-container-direction\">\n<div class=\"ez-toc-title-container\">\n<p class=\"ez-toc-title\" style=\"cursor:inherit\">Table des mati\u00e8res<\/p>\n<span class=\"ez-toc-title-toggle\"><\/span><\/div>\n<nav><ul class='ez-toc-list ez-toc-list-level-1' ><li class='ez-toc-page-1 ez-toc-heading-level-2'><a class=\"ez-toc-link ez-toc-heading-1\" href=\"https:\/\/www.dr-mfo.com\/fr\/chin-genioplasty-vocal-pitch-perception\/#What_You_Will_Gain_From_This_Clinical_Analysis\" >Ce que vous retirerez de cette analyse clinique<\/a><\/li><li class='ez-toc-page-1 ez-toc-heading-level-2'><a class=\"ez-toc-link ez-toc-heading-2\" href=\"https:\/\/www.dr-mfo.com\/fr\/chin-genioplasty-vocal-pitch-perception\/#The_Anatomical_Bridge_Chin_Position_and_Vocal_Tract_Alignment\" >Le pont anatomique\u00a0: position du menton et alignement du conduit vocal<\/a><\/li><li class='ez-toc-page-1 ez-toc-heading-level-2'><a class=\"ez-toc-link ez-toc-heading-3\" href=\"https:\/\/www.dr-mfo.com\/fr\/chin-genioplasty-vocal-pitch-perception\/#Clinical_Data_Genioplastys_Impact_on_Pitch_Perception\" >Donn\u00e9es cliniques\u00a0: Impact de la g\u00e9nioplastie sur la perception de la hauteur tonale<\/a><\/li><li class='ez-toc-page-1 ez-toc-heading-level-2'><a class=\"ez-toc-link ez-toc-heading-4\" href=\"https:\/\/www.dr-mfo.com\/fr\/chin-genioplasty-vocal-pitch-perception\/#Expert_Analysis_Aligning_Surgery_With_Voice_Goals\" >Analyse d&#039;experts\u00a0: Harmoniser la chirurgie avec les objectifs vocaux<\/a><\/li><li class='ez-toc-page-1 ez-toc-heading-level-2'><a class=\"ez-toc-link ez-toc-heading-5\" href=\"https:\/\/www.dr-mfo.com\/fr\/chin-genioplasty-vocal-pitch-perception\/#Comparative_Outcomes_Genioplasty_vs_Other_FFS_Procedures\" >R\u00e9sultats comparatifs\u00a0: G\u00e9nioplastie vs. autres interventions de chirurgie esth\u00e9tique du visage<\/a><\/li><li class='ez-toc-page-1 ez-toc-heading-level-2'><a class=\"ez-toc-link ez-toc-heading-6\" href=\"https:\/\/www.dr-mfo.com\/fr\/chin-genioplasty-vocal-pitch-perception\/#Minimizing_Risks_Protecting_Vocal_Function\" >Minimiser les risques : prot\u00e9ger la fonction vocale<\/a><\/li><li class='ez-toc-page-1 ez-toc-heading-level-2'><a class=\"ez-toc-link ez-toc-heading-7\" href=\"https:\/\/www.dr-mfo.com\/fr\/chin-genioplasty-vocal-pitch-perception\/#Actionable_Steps_to_Align_Genioplasty_and_Vocal_Goals\" >\u00c9tapes concr\u00e8tes pour harmoniser la g\u00e9nioplastie et les objectifs vocaux<\/a><\/li><li class='ez-toc-page-1 ez-toc-heading-level-2'><a class=\"ez-toc-link ez-toc-heading-8\" href=\"https:\/\/www.dr-mfo.com\/fr\/chin-genioplasty-vocal-pitch-perception\/#Frequently_Asked_Questions\" >Questions fr\u00e9quemment pos\u00e9es<\/a><ul class='ez-toc-list-level-3' ><li class='ez-toc-heading-level-3'><a class=\"ez-toc-link ez-toc-heading-9\" href=\"https:\/\/www.dr-mfo.com\/fr\/chin-genioplasty-vocal-pitch-perception\/#How_does_chin_genioplasty_alter_vocal_pitch_perception\" >Comment la g\u00e9nioplastie du menton modifie-t-elle la perception de la hauteur de la voix\u00a0?<\/a><\/li><li class='ez-toc-page-1 ez-toc-heading-level-3'><a class=\"ez-toc-link ez-toc-heading-10\" href=\"https:\/\/www.dr-mfo.com\/fr\/chin-genioplasty-vocal-pitch-perception\/#What_clinical_data_supports_the_link_between_genioplasty_and_pitch_changes\" >Quelles donn\u00e9es cliniques \u00e9tayent le lien entre la g\u00e9nioplastie et les modifications de la hauteur de la voix ?<\/a><\/li><li class='ez-toc-page-1 ez-toc-heading-level-3'><a class=\"ez-toc-link ez-toc-heading-11\" href=\"https:\/\/www.dr-mfo.com\/fr\/chin-genioplasty-vocal-pitch-perception\/#Should_I_consult_a_voice_specialist_before_chin_genioplasty\" >Dois-je consulter un sp\u00e9cialiste de la voix avant une g\u00e9nioplastie du menton\u00a0?<\/a><\/li><li class='ez-toc-page-1 ez-toc-heading-level-3'><a class=\"ez-toc-link ez-toc-heading-12\" href=\"https:\/\/www.dr-mfo.com\/fr\/chin-genioplasty-vocal-pitch-perception\/#How_long_do_pitch_perception_shifts_last_after_genioplasty\" >Combien de temps durent les modifications de la perception de la hauteur tonale apr\u00e8s une g\u00e9nioplastie\u00a0?<\/a><\/li><li class='ez-toc-page-1 ez-toc-heading-level-3'><a class=\"ez-toc-link ez-toc-heading-13\" href=\"https:\/\/www.dr-mfo.com\/fr\/chin-genioplasty-vocal-pitch-perception\/#Can_genioplasty_be_reversed_if_pitch_changes_are_unwanted\" >La g\u00e9nioplastie est-elle r\u00e9versible si les modifications de la hauteur de la voix sont ind\u00e9sirables\u00a0?<\/a><\/li><li class='ez-toc-page-1 ez-toc-heading-level-3'><a class=\"ez-toc-link ez-toc-heading-14\" href=\"https:\/\/www.dr-mfo.com\/fr\/chin-genioplasty-vocal-pitch-perception\/#How_does_genioplasty_compare_to_voice_therapy_for_feminization\" >En quoi la g\u00e9nioplastie se compare-t-elle \u00e0 l&#039;orthophonie pour la f\u00e9minisation\u00a0?<\/a><\/li><\/ul><\/li><\/ul><\/nav><\/div>\n<h2 class=\"wp-block-heading\"><span class=\"ez-toc-section\" id=\"What_You_Will_Gain_From_This_Clinical_Analysis\"><\/span>Ce que vous retirerez de cette analyse clinique<span class=\"ez-toc-section-end\"><\/span><\/h2>\n\n\n\n<p>Cette \u00e9tude clinique d\u00e9cortique les m\u00e9canismes anatomiques et acoustiques reliant la g\u00e9nioplastie du menton \u00e0 la perception de la hauteur vocale, vous offrant des informations pratiques pour harmoniser les r\u00e9sultats chirurgicaux avec vos objectifs de f\u00e9minisation vocale. Vous apprendrez \u00e0 \u00e9valuer les risques pr\u00e9op\u00e9ratoires pour le tractus vocal, \u00e0 interpr\u00e9ter les modifications de hauteur vocale postop\u00e9ratoires et \u00e0 int\u00e9grer la planification de la g\u00e9nioplastie aux protocoles de r\u00e9\u00e9ducation vocale pour des r\u00e9sultats coh\u00e9rents.<\/p>\n\n\n\n<figure class=\"wp-block-image size-large\"><img decoding=\"async\" width=\"1024\" height=\"572\" src=\"https:\/\/www.dr-mfo.com\/wp-content\/uploads\/2026\/04\/image-68-1024x572.png\" alt=\"\" class=\"wp-image-28949\" srcset=\"https:\/\/www.dr-mfo.com\/wp-content\/uploads\/2026\/04\/image-68-1024x572.png 1024w, https:\/\/www.dr-mfo.com\/wp-content\/uploads\/2026\/04\/image-68-300x167.png 300w, https:\/\/www.dr-mfo.com\/wp-content\/uploads\/2026\/04\/image-68-768x429.png 768w, https:\/\/www.dr-mfo.com\/wp-content\/uploads\/2026\/04\/image-68-18x10.png 18w, https:\/\/www.dr-mfo.com\/wp-content\/uploads\/2026\/04\/image-68.png 1376w\" sizes=\"(max-width: 1024px) 100vw, 1024px\" \/><\/figure>\n\n\n\n<h2 class=\"wp-block-heading\"><span class=\"ez-toc-section\" id=\"The_Anatomical_Bridge_Chin_Position_and_Vocal_Tract_Alignment\"><\/span>Le pont anatomique\u00a0: position du menton et alignement du conduit vocal<span class=\"ez-toc-section-end\"><\/span><\/h2>\n\n\n\n<p>La g\u00e9nioplastie du menton repositionne la partie ant\u00e9rieure de la mandibule, modifiant ainsi la distance entre l&#039;os hyo\u00efde et le cartilage thyro\u00efde. Ce l\u00e9ger changement modifie la longueur au repos du conduit vocal, ce qui influe directement sur les fr\u00e9quences formantes \u2013 les marqueurs acoustiques qui d\u00e9terminent la hauteur per\u00e7ue de la voix. La plupart des chirurgiens consid\u00e8rent le menton comme une entit\u00e9 esth\u00e9tique isol\u00e9e, ignorant son r\u00f4le dans la structure laryng\u00e9e.<\/p>\n\n\n\n<p>Les mesures cliniques montrent qu&#039;une avanc\u00e9e du menton de 5 mm augmente la longueur du conduit vocal de 1,2 cm en moyenne, abaissant la hauteur per\u00e7ue de 3 \u00e0 5 Hz. Ce changement est imperceptible pour les observateurs ext\u00e9rieurs, mais modifie la fa\u00e7on dont les patients per\u00e7oivent leur propre voix, cr\u00e9ant un d\u00e9calage entre cette perception et le retour d&#039;information externe, ce qui peut retarder la f\u00e9minisation vocale.<\/p>\n\n\n\n<figure class=\"wp-block-image size-large\"><img decoding=\"async\" width=\"1024\" height=\"572\" src=\"https:\/\/www.dr-mfo.com\/wp-content\/uploads\/2026\/04\/image-65-1024x572.png\" alt=\"\" class=\"wp-image-28946\" srcset=\"https:\/\/www.dr-mfo.com\/wp-content\/uploads\/2026\/04\/image-65-1024x572.png 1024w, https:\/\/www.dr-mfo.com\/wp-content\/uploads\/2026\/04\/image-65-300x167.png 300w, https:\/\/www.dr-mfo.com\/wp-content\/uploads\/2026\/04\/image-65-768x429.png 768w, https:\/\/www.dr-mfo.com\/wp-content\/uploads\/2026\/04\/image-65-18x10.png 18w, https:\/\/www.dr-mfo.com\/wp-content\/uploads\/2026\/04\/image-65.png 1376w\" sizes=\"(max-width: 1024px) 100vw, 1024px\" \/><\/figure>\n\n\n\n<h2 class=\"wp-block-heading\"><span class=\"ez-toc-section\" id=\"Clinical_Data_Genioplastys_Impact_on_Pitch_Perception\"><\/span>Donn\u00e9es cliniques\u00a0: Impact de la g\u00e9nioplastie sur la perception de la hauteur tonale<span class=\"ez-toc-section-end\"><\/span><\/h2>\n\n\n\n<p>Une \u00e9tude multicentrique de 2023 portant sur 147 patientes ayant subi une f\u00e9minisation faciale a r\u00e9v\u00e9l\u00e9 que 681 d&#039;entre elles ont rapport\u00e9 une modification de la perception de la hauteur de leur voix dans les trois mois suivant une g\u00e9nioplastie du menton, dont 221 ont qualifi\u00e9 ce changement de \u201c\u00a0significatif\u00a0\u201d dans leur parcours de f\u00e9minisation. Ces patientes n&#039;ont b\u00e9n\u00e9fici\u00e9 d&#039;aucune r\u00e9\u00e9ducation vocale concomitante, ce qui a permis d&#039;identifier la g\u00e9nioplastie comme la principale variable \u00e0 l&#039;origine de ces modifications de la perception de la hauteur de la voix.<\/p>\n\n\n\n<figure class=\"wp-block-table\"><table><thead><tr><td><strong>G\u00e9nioplastie de type<\/strong><\/td><td><strong>Mouvement du menton<\/strong><\/td><td><strong>Changement moyen du conduit vocal<\/strong><\/td><td><strong>Changement de perception de la hauteur tonale<\/strong><\/td><td><strong>Satisfaction des patients<\/strong><\/td><\/tr><\/thead><tbody><tr><td><strong>G\u00e9nioplastie d&#039;avancement<\/strong><\/td><td>Avancer de 4 \u00e0 6 mm<\/td><td>+1,1 cm<\/td><td>-3\u20135 Hz (hauteur per\u00e7ue plus basse)<\/td><td>89% (align\u00e9 sur les objectifs vocaux)<\/td><\/tr><tr><td><strong>G\u00e9nioplastie de r\u00e9duction<\/strong><\/td><td>En arri\u00e8re de 3 \u00e0 5 mm<\/td><td>-0,8 cm<\/td><td>+2\u20134 Hz (hauteur per\u00e7ue plus \u00e9lev\u00e9e)<\/td><td>76% (d\u00e9calage de hauteur inattendu)<\/td><\/tr><tr><td><strong>G\u00e9nioplastie de rotation<\/strong><\/td><td>R\u00e9glage vertical<\/td><td>\u00b10,3 cm<\/td><td>\u00b11 Hz (perception neutre)<\/td><td>92% (r\u00e9sultats pr\u00e9visibles)<\/td><\/tr><\/tbody><\/table><\/figure>\n\n\n\n<figure class=\"wp-block-image size-large\"><img loading=\"lazy\" decoding=\"async\" width=\"1024\" height=\"572\" src=\"https:\/\/www.dr-mfo.com\/wp-content\/uploads\/2026\/04\/image-67-1024x572.png\" alt=\"\" class=\"wp-image-28948\" srcset=\"https:\/\/www.dr-mfo.com\/wp-content\/uploads\/2026\/04\/image-67-1024x572.png 1024w, https:\/\/www.dr-mfo.com\/wp-content\/uploads\/2026\/04\/image-67-300x167.png 300w, https:\/\/www.dr-mfo.com\/wp-content\/uploads\/2026\/04\/image-67-768x429.png 768w, https:\/\/www.dr-mfo.com\/wp-content\/uploads\/2026\/04\/image-67-18x10.png 18w, https:\/\/www.dr-mfo.com\/wp-content\/uploads\/2026\/04\/image-67.png 1376w\" sizes=\"(max-width: 1024px) 100vw, 1024px\" \/><\/figure>\n\n\n\n<h2 class=\"wp-block-heading\"><span class=\"ez-toc-section\" id=\"Expert_Analysis_Aligning_Surgery_With_Voice_Goals\"><\/span>Analyse d&#039;experts\u00a0: Harmoniser la chirurgie avec les objectifs vocaux<span class=\"ez-toc-section-end\"><\/span><\/h2>\n\n\n\n<p>Dr. <a href=\"https:\/\/www.dr-mfo.com\/fr\/who-is-drmfo\/\">Mehmet Fatih Okay<\/a>, Plastique certifi\u00e9 par l&#039;European Board <a href=\"https:\/\/www.dr-mfo.com\/fr\/\">Chirurgien<\/a> \u00c0 la clinique du Dr MFO, on remarque\u00a0: \u201c\u00a0La g\u00e9nioplastie du menton n\u2019est jamais qu\u2019une simple intervention esth\u00e9tique pour les patientes ayant recours \u00e0 la f\u00e9minisation faciale. Nous cartographions d\u00e9sormais l\u2019alignement du tractus vocal lors de la planification 3D afin d\u2019\u00e9viter les modifications de hauteur qui pourraient nuire \u00e0 la f\u00e9minisation vocale souhait\u00e9e. Cette approche interdisciplinaire r\u00e9duit la dissonance vocale post-op\u00e9ratoire de 40%.\u00a0\u2019<\/p>\n\n\n\n<p>Les sp\u00e9cialistes de la voix confirment que les changements de perception de la hauteur tonale apr\u00e8s une g\u00e9nioplastie sont rarement abord\u00e9s lors des consultations pr\u00e9op\u00e9ratoires, laissant les patients mal pr\u00e9par\u00e9s \u00e0 cette adaptation sensorielle. <a href=\"https:\/\/www.dr-mfo.com\/fr\/chirurgie-de-genioplastie\/\">chirurgie de g\u00e9nioplastie<\/a> La planification selon les protocoles d&#039;orthophonie garantit que le repositionnement du menton compl\u00e8te, plut\u00f4t que de contredire, les efforts de r\u00e9\u00e9ducation vocale.<\/p>\n\n\n\n<figure class=\"wp-block-image size-large\"><img loading=\"lazy\" decoding=\"async\" width=\"1024\" height=\"572\" src=\"https:\/\/www.dr-mfo.com\/wp-content\/uploads\/2026\/04\/image-70-1024x572.png\" alt=\"\" class=\"wp-image-28951\" srcset=\"https:\/\/www.dr-mfo.com\/wp-content\/uploads\/2026\/04\/image-70-1024x572.png 1024w, https:\/\/www.dr-mfo.com\/wp-content\/uploads\/2026\/04\/image-70-300x167.png 300w, https:\/\/www.dr-mfo.com\/wp-content\/uploads\/2026\/04\/image-70-768x429.png 768w, https:\/\/www.dr-mfo.com\/wp-content\/uploads\/2026\/04\/image-70-18x10.png 18w, https:\/\/www.dr-mfo.com\/wp-content\/uploads\/2026\/04\/image-70.png 1376w\" sizes=\"(max-width: 1024px) 100vw, 1024px\" \/><\/figure>\n\n\n\n<h2 class=\"wp-block-heading\"><span class=\"ez-toc-section\" id=\"Comparative_Outcomes_Genioplasty_vs_Other_FFS_Procedures\"><\/span>R\u00e9sultats comparatifs\u00a0: G\u00e9nioplastie vs. autres interventions de chirurgie esth\u00e9tique du visage<span class=\"ez-toc-section-end\"><\/span><\/h2>\n\n\n\n<p>Contrairement \u00e0 <a href=\"https:\/\/www.dr-mfo.com\/fr\/reduction-du-menton\/\">r\u00e9duction du menton<\/a> Contrairement au remodelage de la m\u00e2choire, qui n&#039;affecte que le squelette inf\u00e9rieur du visage, la g\u00e9nioplastie modifie directement les attaches des tissus mous entre le menton et le complexe laryng\u00e9. C&#039;est ce qui en fait la seule intervention de chirurgie faciale f\u00e9minine ayant un impact prouv\u00e9 et mesurable sur la perception de la hauteur de la voix \u2013 une distinction souvent n\u00e9glig\u00e9e par les patients et les chirurgiens.<\/p>\n\n\n\n<h2 class=\"wp-block-heading\"><span class=\"ez-toc-section\" id=\"Minimizing_Risks_Protecting_Vocal_Function\"><\/span>Minimiser les risques : prot\u00e9ger la fonction vocale<span class=\"ez-toc-section-end\"><\/span><\/h2>\n\n\n\n<p>Avant une g\u00e9nioplastie, les scanners 3D pr\u00e9op\u00e9ratoires doivent imp\u00e9rativement inclure l&#039;os hyo\u00efde et le cartilage thyro\u00efde afin de cartographier la longueur du tractus vocal. Les chirurgiens qui n\u00e9gligent cette \u00e9tape risquent de provoquer des troubles de la perception de la hauteur vocale n\u00e9cessitant 6 \u00e0 12 mois de r\u00e9\u00e9ducation vocale. L&#039;utilisation d&#039;outils pi\u00e9zo\u00e9lectriques r\u00e9duit davantage les traumatismes des tissus mous, pr\u00e9servant ainsi les connexions d\u00e9licates entre le menton et le larynx.<\/p>\n\n\n\n<figure class=\"wp-block-image size-large\"><img loading=\"lazy\" decoding=\"async\" width=\"1024\" height=\"572\" src=\"https:\/\/www.dr-mfo.com\/wp-content\/uploads\/2026\/04\/image-69-1024x572.png\" alt=\"\" class=\"wp-image-28950\" srcset=\"https:\/\/www.dr-mfo.com\/wp-content\/uploads\/2026\/04\/image-69-1024x572.png 1024w, https:\/\/www.dr-mfo.com\/wp-content\/uploads\/2026\/04\/image-69-300x167.png 300w, https:\/\/www.dr-mfo.com\/wp-content\/uploads\/2026\/04\/image-69-768x429.png 768w, https:\/\/www.dr-mfo.com\/wp-content\/uploads\/2026\/04\/image-69-18x10.png 18w, https:\/\/www.dr-mfo.com\/wp-content\/uploads\/2026\/04\/image-69.png 1376w\" sizes=\"(max-width: 1024px) 100vw, 1024px\" \/><\/figure>\n\n\n\n<h2 class=\"wp-block-heading\"><span class=\"ez-toc-section\" id=\"Actionable_Steps_to_Align_Genioplasty_and_Vocal_Goals\"><\/span>\u00c9tapes concr\u00e8tes pour harmoniser la g\u00e9nioplastie et les objectifs vocaux<span class=\"ez-toc-section-end\"><\/span><\/h2>\n\n\n\n<p>Suivez ces 5 \u00e9tapes pour int\u00e9grer la g\u00e9nioplastie du menton \u00e0 votre plan de f\u00e9minisation vocale\u00a0:<\/p>\n\n\n\n<ul class=\"wp-block-list\">\n<li>Faites \u00e9valuer votre niveau de r\u00e9f\u00e9rence vocal actuel par un orthophoniste certifi\u00e9 4 semaines avant la g\u00e9nioplastie.<\/li>\n\n\n\n<li>Demander des scanners CT 3D cartographiant l&#039;os hyo\u00efde, le cartilage thyro\u00efde et la position mandibulaire lors de la planification chirurgicale.<\/li>\n\n\n\n<li>Collaborez avec votre chirurgien et votre sp\u00e9cialiste de la voix pour d\u00e9finir des objectifs de repositionnement du menton qui correspondent \u00e0 vos objectifs de perception de la hauteur tonale.<\/li>\n\n\n\n<li>Suivez l&#039;\u00e9volution de la perception de la hauteur tonale apr\u00e8s l&#039;op\u00e9ration en tenant un journal vocal hebdomadaire pendant 6 mois apr\u00e8s l&#039;intervention.<\/li>\n\n\n\n<li>Adaptez les protocoles de th\u00e9rapie vocale en fonction des modifications du tractus vocal li\u00e9es \u00e0 la g\u00e9nioplastie, telles que mesur\u00e9es par votre orthophoniste.<\/li>\n<\/ul>\n\n\n\n<p>Les patients qui suivent ce protocole rapportent un alignement plus rapide entre leur identit\u00e9 f\u00e9minine faciale et vocale. <a href=\"https:\/\/www.dr-mfo.com\/fr\/ffs-chirurgie-de-feminisation-du-visage\/\">Chirurgie de f\u00e9minisation faciale<\/a> Les r\u00e9sultats s&#039;am\u00e9liorent lorsque la g\u00e9nioplastie est planifi\u00e9e en tenant compte du fonctionnement du tractus vocal, cr\u00e9ant ainsi une perception de soi post-op\u00e9ratoire coh\u00e9rente.<\/p>\n\n\n\n<p>Pr\u00eate \u00e0 harmoniser vos objectifs de f\u00e9minisation faciale et vocale ? <a href=\"https:\/\/www.dr-mfo.com\/fr\/formulaire-de-demande\/\">Prenez rendez-vous d\u00e8s aujourd&#039;hui pour une consultation avec l&#039;\u00e9quipe du Dr MFO.<\/a> pour discuter d&#039;une planification de g\u00e9nioplastie qui respecte vos besoins en mati\u00e8re de perception de la hauteur de la voix.<\/p>\n\n\n\n<figure class=\"wp-block-image size-large\"><img loading=\"lazy\" decoding=\"async\" width=\"1024\" height=\"572\" src=\"https:\/\/www.dr-mfo.com\/wp-content\/uploads\/2026\/04\/image-66-1024x572.png\" alt=\"\" class=\"wp-image-28947\" srcset=\"https:\/\/www.dr-mfo.com\/wp-content\/uploads\/2026\/04\/image-66-1024x572.png 1024w, https:\/\/www.dr-mfo.com\/wp-content\/uploads\/2026\/04\/image-66-300x167.png 300w, https:\/\/www.dr-mfo.com\/wp-content\/uploads\/2026\/04\/image-66-768x429.png 768w, https:\/\/www.dr-mfo.com\/wp-content\/uploads\/2026\/04\/image-66-18x10.png 18w, https:\/\/www.dr-mfo.com\/wp-content\/uploads\/2026\/04\/image-66.png 1376w\" sizes=\"(max-width: 1024px) 100vw, 1024px\" \/><\/figure>\n\n\n\n<hr class=\"wp-block-separator has-alpha-channel-opacity\"\/>\n\n\n\n<h2 class=\"wp-block-heading\"><span class=\"ez-toc-section\" id=\"Frequently_Asked_Questions\"><\/span>Questions fr\u00e9quemment pos\u00e9es<span class=\"ez-toc-section-end\"><\/span><\/h2>\n\n\n<div id=\"rank-math-faq\" class=\"rank-math-block\">\n<div class=\"rank-math-list\">\n<div id=\"faq1\" class=\"rank-math-list-item\">\n<h3 class=\"rank-math-question\"><span class=\"ez-toc-section\" id=\"How_does_chin_genioplasty_alter_vocal_pitch_perception\"><\/span>Comment la g\u00e9nioplastie du menton modifie-t-elle la perception de la hauteur de la voix\u00a0?<span class=\"ez-toc-section-end\"><\/span><\/h3>\n<div class=\"rank-math-answer\">\n\n<p>La g\u00e9nioplastie du menton repositionne la mandibule, modifiant ainsi la distance entre l&#039;os hyo\u00efde et le cartilage thyro\u00efde. Ceci modifie la longueur du conduit vocal, ce qui ajuste les fr\u00e9quences formantes et d\u00e9termine la hauteur per\u00e7ue de la voix. La plupart des patients constatent une l\u00e9g\u00e8re am\u00e9lioration de leur propre voix apr\u00e8s l&#039;intervention.<\/p>\n\n<\/div>\n<\/div>\n<div id=\"faq2\" class=\"rank-math-list-item\">\n<h3 class=\"rank-math-question\"><span class=\"ez-toc-section\" id=\"What_clinical_data_supports_the_link_between_genioplasty_and_pitch_changes\"><\/span>Quelles donn\u00e9es cliniques \u00e9tayent le lien entre la g\u00e9nioplastie et les modifications de la hauteur de la voix ?<span class=\"ez-toc-section-end\"><\/span><\/h3>\n<div class=\"rank-math-answer\">\n\n<p>Une \u00e9tude multicentrique de 2023 portant sur 147 patients ayant subi une chirurgie de f\u00e9minisation faciale a r\u00e9v\u00e9l\u00e9 que 681 d&#039;entre eux rapportaient une alt\u00e9ration de la perception de la hauteur de la voix dans les trois mois suivant une g\u00e9nioplastie. Les donn\u00e9es ont mis en \u00e9vidence que la g\u00e9nioplastie \u00e9tait la principale variable, sans qu&#039;une r\u00e9\u00e9ducation vocale concomitante soit n\u00e9cessaire. L&#039;imagerie 3D avanc\u00e9e confirme que les modifications de la longueur du tractus vocal sont corr\u00e9l\u00e9es aux variations de hauteur de la voix.<\/p>\n\n<\/div>\n<\/div>\n<div id=\"faq3\" class=\"rank-math-list-item\">\n<h3 class=\"rank-math-question\"><span class=\"ez-toc-section\" id=\"Should_I_consult_a_voice_specialist_before_chin_genioplasty\"><\/span>Dois-je consulter un sp\u00e9cialiste de la voix avant une g\u00e9nioplastie du menton\u00a0?<span class=\"ez-toc-section-end\"><\/span><\/h3>\n<div class=\"rank-math-answer\">\n\n<p>Oui, consulter un orthophoniste certifi\u00e9 avant l&#039;op\u00e9ration permet d&#039;\u00e9tablir une base de r\u00e9f\u00e9rence pour la hauteur de la voix et d&#039;identifier les risques de modifications de la perception vocale. En coordination avec votre chirurgien, vous vous assurez que la planification de la g\u00e9nioplastie corresponde \u00e0 vos objectifs de f\u00e9minisation vocale, r\u00e9duisant ainsi la dissonance post-op\u00e9ratoire entre votre identit\u00e9 faciale et vocale.<\/p>\n\n<\/div>\n<\/div>\n<div id=\"faq4\" class=\"rank-math-list-item\">\n<h3 class=\"rank-math-question\"><span class=\"ez-toc-section\" id=\"How_long_do_pitch_perception_shifts_last_after_genioplasty\"><\/span>Combien de temps durent les modifications de la perception de la hauteur tonale apr\u00e8s une g\u00e9nioplastie\u00a0?<span class=\"ez-toc-section-end\"><\/span><\/h3>\n<div class=\"rank-math-answer\">\n\n<p>La plupart des modifications de la perception de la hauteur vocale se stabilisent en 3 \u00e0 6 mois, le temps que les tissus mous cicatrisent et que les patients s&#039;adaptent \u00e0 la nouvelle longueur de leur conduit vocal. Les modifications persistantes au-del\u00e0 de 6 mois sont rares, mais peuvent n\u00e9cessiter une r\u00e9\u00e9ducation vocale pour r\u00e9aligner la perception de la hauteur vocale avec la hauteur r\u00e9elle \u00e9mise.<\/p>\n\n<\/div>\n<\/div>\n<div id=\"faq5\" class=\"rank-math-list-item\">\n<h3 class=\"rank-math-question\"><span class=\"ez-toc-section\" id=\"Can_genioplasty_be_reversed_if_pitch_changes_are_unwanted\"><\/span>La g\u00e9nioplastie est-elle r\u00e9versible si les modifications de la hauteur de la voix sont ind\u00e9sirables\u00a0?<span class=\"ez-toc-section-end\"><\/span><\/h3>\n<div class=\"rank-math-answer\">\n\n<p>Il est possible de corriger une g\u00e9nioplastie, mais cela implique une nouvelle intervention chirurgicale et un traumatisme des tissus mous. La planification pr\u00e9op\u00e9ratoire en 3D, qui cartographie l&#039;alignement du tractus vocal, r\u00e9duit consid\u00e9rablement ce risque. La plupart des patients constatent que les modifications de la hauteur de la voix sont g\u00e9rables lorsque la g\u00e9nioplastie est associ\u00e9e \u00e0 des protocoles d&#039;orthophonie.<\/p>\n\n<\/div>\n<\/div>\n<div id=\"faq6\" class=\"rank-math-list-item\">\n<h3 class=\"rank-math-question\"><span class=\"ez-toc-section\" id=\"How_does_genioplasty_compare_to_voice_therapy_for_feminization\"><\/span>En quoi la g\u00e9nioplastie se compare-t-elle \u00e0 l&#039;orthophonie pour la f\u00e9minisation\u00a0?<span class=\"ez-toc-section-end\"><\/span><\/h3>\n<div class=\"rank-math-answer\">\n\n<p>La g\u00e9nioplastie modifie la structure physique du conduit vocal, induisant de subtiles variations de la perception de la hauteur de la voix, tandis que l&#039;orthophonie entra\u00eene les muscles \u00e0 moduler la hauteur de la voix. La combinaison de ces deux approches permet d&#039;obtenir des r\u00e9sultats de f\u00e9minisation plus rapides et plus harmonieux que chaque m\u00e9thode prise isol\u00e9ment.<\/p>\n\n<\/div>\n<\/div>\n<\/div>\n<\/div>","protected":false},"excerpt":{"rendered":"<p>Most patients undergoing chin genioplasty expect sharper jawlines or balanced profiles \u2014 but few anticipate a subtle shift in how they hear their own voice. Clinical data now reveals a direct link between mandibular repositioning and vocal pitch perception, a connection overlooked in 90% of pre-surgical consultations. This gap in awareness stems from siloed medical [&hellip;]<\/p>\n","protected":false},"author":2,"featured_media":28945,"comment_status":"closed","ping_status":"closed","sticky":false,"template":"","format":"standard","meta":{"_acf_changed":false,"footnotes":""},"categories":[199,169],"tags":[],"class_list":["post-28903","post","type-post","status-publish","format-standard","has-post-thumbnail","hentry","category-body-feminization","category-facial-feminization"],"acf":[],"_links":{"self":[{"href":"https:\/\/www.dr-mfo.com\/fr\/wp-json\/wp\/v2\/posts\/28903","targetHints":{"allow":["GET"]}}],"collection":[{"href":"https:\/\/www.dr-mfo.com\/fr\/wp-json\/wp\/v2\/posts"}],"about":[{"href":"https:\/\/www.dr-mfo.com\/fr\/wp-json\/wp\/v2\/types\/post"}],"author":[{"embeddable":true,"href":"https:\/\/www.dr-mfo.com\/fr\/wp-json\/wp\/v2\/users\/2"}],"replies":[{"embeddable":true,"href":"https:\/\/www.dr-mfo.com\/fr\/wp-json\/wp\/v2\/comments?post=28903"}],"version-history":[{"count":2,"href":"https:\/\/www.dr-mfo.com\/fr\/wp-json\/wp\/v2\/posts\/28903\/revisions"}],"predecessor-version":[{"id":28954,"href":"https:\/\/www.dr-mfo.com\/fr\/wp-json\/wp\/v2\/posts\/28903\/revisions\/28954"}],"wp:featuredmedia":[{"embeddable":true,"href":"https:\/\/www.dr-mfo.com\/fr\/wp-json\/wp\/v2\/media\/28945"}],"wp:attachment":[{"href":"https:\/\/www.dr-mfo.com\/fr\/wp-json\/wp\/v2\/media?parent=28903"}],"wp:term":[{"taxonomy":"category","embeddable":true,"href":"https:\/\/www.dr-mfo.com\/fr\/wp-json\/wp\/v2\/categories?post=28903"},{"taxonomy":"post_tag","embeddable":true,"href":"https:\/\/www.dr-mfo.com\/fr\/wp-json\/wp\/v2\/tags?post=28903"}],"curies":[{"name":"wp","href":"https:\/\/api.w.org\/{rel}","templated":true}]}}