{"id":28904,"date":"2026-04-20T13:35:34","date_gmt":"2026-04-20T12:35:34","guid":{"rendered":"https:\/\/www.dr-mfo.com\/?p=28904"},"modified":"2026-04-27T16:43:24","modified_gmt":"2026-04-27T15:43:24","slug":"resonance-vocale-du-rasage-du-rebord-supra-orbitaire","status":"publish","type":"post","link":"https:\/\/www.dr-mfo.com\/fr\/supraorbital-rim-shaving-vocal-resonance\/","title":{"rendered":"Rasage du contour supra-orbitaire\u00a0: comment la chirurgie esth\u00e9tique du front modifie la voix"},"content":{"rendered":"<p>La voix humaine n&#039;est pas seulement un produit du larynx\u00a0; c&#039;est une symphonie de structures osseuses et de cavit\u00e9s a\u00e9riennes. Si la plupart des personnes transgenres MTF se concentrent sur la hauteur et le timbre de leur voix gr\u00e2ce \u00e0 un entra\u00eenement vocal, un facteur souvent n\u00e9glig\u00e9 demeure\u00a0: le cr\u00e2ne lui-m\u00eame. Des observations cliniques r\u00e9centes sugg\u00e8rent que\u2026 <strong>rasage du rebord supra-orbitaire<\/strong>, pierre angulaire de la cranioplastie frontale de type 3, peut subtilement modifier la fa\u00e7on dont les ondes sonores se propagent \u00e0 travers la cavit\u00e9 cr\u00e2nienne, entra\u00eenant un changement per\u00e7u de la r\u00e9sonance vocale.<\/p>\n\n\n\n<p>Il ne s&#039;agit pas uniquement d&#039;esth\u00e9tique. Lorsque l&#039;arcade sourcili\u00e8re est r\u00e9duite, les propri\u00e9t\u00e9s acoustiques du cr\u00e2ne se modifient. Les phoniatres ont observ\u00e9 un ph\u00e9nom\u00e8ne curieux\u00a0: les patients rapportent souvent une voix plus l\u00e9g\u00e8re ou plus douce apr\u00e8s l&#039;op\u00e9ration, malgr\u00e9 l&#039;absence d&#039;intervention directe sur les cordes vocales. Cet article explore en profondeur les \u00e9tudes biom\u00e9caniques reliant la densit\u00e9 osseuse, la propagation du son et la perception de la voix \u2013 une perspective rarement abord\u00e9e dans la litt\u00e9rature classique sur la chirurgie de f\u00e9minisation faciale.<\/p>\n\n\n\n<figure class=\"wp-block-image size-large\"><img fetchpriority=\"high\" decoding=\"async\" width=\"1024\" height=\"572\" src=\"https:\/\/www.dr-mfo.com\/wp-content\/uploads\/2026\/04\/image-75-1024x572.png\" alt=\"\" class=\"wp-image-28959\" srcset=\"https:\/\/www.dr-mfo.com\/wp-content\/uploads\/2026\/04\/image-75-1024x572.png 1024w, https:\/\/www.dr-mfo.com\/wp-content\/uploads\/2026\/04\/image-75-300x167.png 300w, https:\/\/www.dr-mfo.com\/wp-content\/uploads\/2026\/04\/image-75-768x429.png 768w, https:\/\/www.dr-mfo.com\/wp-content\/uploads\/2026\/04\/image-75-18x10.png 18w, https:\/\/www.dr-mfo.com\/wp-content\/uploads\/2026\/04\/image-75.png 1376w\" sizes=\"(max-width: 1024px) 100vw, 1024px\" \/><\/figure>\n\n\n\n<div id=\"ez-toc-container\" class=\"ez-toc-v2_0_82_2 counter-hierarchy ez-toc-counter ez-toc-transparent ez-toc-container-direction\">\n<div class=\"ez-toc-title-container\">\n<p class=\"ez-toc-title\" style=\"cursor:inherit\">Table des mati\u00e8res<\/p>\n<span class=\"ez-toc-title-toggle\"><\/span><\/div>\n<nav><ul class='ez-toc-list ez-toc-list-level-1' ><li class='ez-toc-page-1 ez-toc-heading-level-2'><a class=\"ez-toc-link ez-toc-heading-1\" href=\"https:\/\/www.dr-mfo.com\/fr\/supraorbital-rim-shaving-vocal-resonance\/#The_Skull_as_a_Resonant_Chamber_Beyond_the_Larynx\" >Le cr\u00e2ne comme chambre de r\u00e9sonance : au-del\u00e0 du larynx<\/a><\/li><li class='ez-toc-page-1 ez-toc-heading-level-2'><a class=\"ez-toc-link ez-toc-heading-2\" href=\"https:\/\/www.dr-mfo.com\/fr\/supraorbital-rim-shaving-vocal-resonance\/#Type_3_Forehead_Cranioplasty_and_Acoustic_Shifts\" >Cranioplastie frontale de type 3 et modifications acoustiques<\/a><ul class='ez-toc-list-level-3' ><li class='ez-toc-heading-level-3'><a class=\"ez-toc-link ez-toc-heading-3\" href=\"https:\/\/www.dr-mfo.com\/fr\/supraorbital-rim-shaving-vocal-resonance\/#Bone_Density_and_Sound_Propagation_Mechanics\" >Densit\u00e9 osseuse et m\u00e9canique de la propagation du son<\/a><\/li><\/ul><\/li><li class='ez-toc-page-1 ez-toc-heading-level-2'><a class=\"ez-toc-link ez-toc-heading-4\" href=\"https:\/\/www.dr-mfo.com\/fr\/supraorbital-rim-shaving-vocal-resonance\/#Phoniatrician_Observations_The_%E2%80%9CLighter_Voice%E2%80%9D_Phenomenon\" >Observations du phoniatre\u00a0: Le ph\u00e9nom\u00e8ne de la \u201c\u00a0voix plus l\u00e9g\u00e8re\u00a0\u201d<\/a><ul class='ez-toc-list-level-3' ><li class='ez-toc-heading-level-3'><a class=\"ez-toc-link ez-toc-heading-5\" href=\"https:\/\/www.dr-mfo.com\/fr\/supraorbital-rim-shaving-vocal-resonance\/#Pitch_Perception_vs_Vocal_Timbre\" >Perception de la hauteur tonale vs. Timbre vocal<\/a><\/li><\/ul><\/li><li class='ez-toc-page-1 ez-toc-heading-level-2'><a class=\"ez-toc-link ez-toc-heading-6\" href=\"https:\/\/www.dr-mfo.com\/fr\/supraorbital-rim-shaving-vocal-resonance\/#Voice_Therapy_Adaptation_Post-Surgery\" >Adaptation de la th\u00e9rapie vocale apr\u00e8s une intervention chirurgicale<\/a><\/li><li class='ez-toc-page-1 ez-toc-heading-level-2'><a class=\"ez-toc-link ez-toc-heading-7\" href=\"https:\/\/www.dr-mfo.com\/fr\/supraorbital-rim-shaving-vocal-resonance\/#Frequently_Asked_Questions\" >Questions fr\u00e9quemment pos\u00e9es<\/a><ul class='ez-toc-list-level-3' ><li class='ez-toc-heading-level-3'><a class=\"ez-toc-link ez-toc-heading-8\" href=\"https:\/\/www.dr-mfo.com\/fr\/supraorbital-rim-shaving-vocal-resonance\/#How_does_supraorbital_rim_shaving_affect_vocal_resonance\" >Comment le rasage du contour supra-orbitaire affecte-t-il la r\u00e9sonance vocale\u00a0?<\/a><\/li><li class='ez-toc-page-1 ez-toc-heading-level-3'><a class=\"ez-toc-link ez-toc-heading-9\" href=\"https:\/\/www.dr-mfo.com\/fr\/supraorbital-rim-shaving-vocal-resonance\/#Is_the_change_in_voice_permanent_after_Type_3_cranioplasty\" >Le changement de voix est-il permanent apr\u00e8s une cranioplastie de type 3\u00a0?<\/a><\/li><li class='ez-toc-page-1 ez-toc-heading-level-3'><a class=\"ez-toc-link ez-toc-heading-10\" href=\"https:\/\/www.dr-mfo.com\/fr\/supraorbital-rim-shaving-vocal-resonance\/#Do_I_still_need_voice_therapy_if_my_forehead_change_alters_my_voice\" >Ai-je encore besoin d&#039;une th\u00e9rapie vocale si la modification de mon front alt\u00e8re ma voix\u00a0?<\/a><\/li><li class='ez-toc-page-1 ez-toc-heading-level-3'><a class=\"ez-toc-link ez-toc-heading-11\" href=\"https:\/\/www.dr-mfo.com\/fr\/supraorbital-rim-shaving-vocal-resonance\/#What_is_the_connection_between_bone_density_and_sound_propagation\" >Quel est le lien entre la densit\u00e9 osseuse et la propagation du son\u00a0?<\/a><\/li><li class='ez-toc-page-1 ez-toc-heading-level-3'><a class=\"ez-toc-link ez-toc-heading-12\" href=\"https:\/\/www.dr-mfo.com\/fr\/supraorbital-rim-shaving-vocal-resonance\/#Can_phoniatricians_measure_the_acoustic_changes_post-FFS\" >Les phoniatres peuvent-ils mesurer les changements acoustiques apr\u00e8s une FFS\u00a0?<\/a><\/li><li class='ez-toc-page-1 ez-toc-heading-level-3'><a class=\"ez-toc-link ez-toc-heading-13\" href=\"https:\/\/www.dr-mfo.com\/fr\/supraorbital-rim-shaving-vocal-resonance\/#Why_do_some_MTF_patients_report_a_lighter_voice_after_FFS\" >Pourquoi certaines patientes MTF rapportent-elles une voix plus l\u00e9g\u00e8re apr\u00e8s une f\u00e9minisation faciale ?<\/a><\/li><\/ul><\/li><\/ul><\/nav><\/div>\n<h2 class=\"wp-block-heading\"><span class=\"ez-toc-section\" id=\"The_Skull_as_a_Resonant_Chamber_Beyond_the_Larynx\"><\/span>Le cr\u00e2ne comme chambre de r\u00e9sonance : au-del\u00e0 du larynx<span class=\"ez-toc-section-end\"><\/span><\/h2>\n\n\n\n<p>L&#039;orthophonie traditionnelle se concentre sur les cordes vocales et le soutien respiratoire, ignorant le r\u00f4le complexe du cr\u00e2ne comme amplificateur. La densit\u00e9 et la forme des os cr\u00e2niens d\u00e9terminent la r\u00e9flexion et la dissipation des ondes sonores. Un os plus \u00e9pais, comme le rebord supra-orbitaire, cr\u00e9e un environnement acoustique diff\u00e9rent d&#039;un contour lisse et f\u00e9minin. En r\u00e9duisant la masse osseuse, on modifie le temps de r\u00e9verb\u00e9ration \u00e0 l&#039;int\u00e9rieur du cr\u00e2ne, ce qui influe directement sur la perception de sa propre voix et sur celle des autres.<\/p>\n\n\n\n<p>Prenons l&#039;analogie entre un violoncelle et un violon. La densit\u00e9 du bois et la forme de la caisse de r\u00e9sonance d\u00e9terminent le timbre de l&#039;instrument. De m\u00eame, votre front n&#039;est pas qu&#039;un simple trait du visage\u00a0; il fait partie int\u00e9grante de votre appareil vocal. Des \u00e9tudes en biom\u00e9canique montrent que les ondes sonores se propagent plus rapidement dans les os denses. En r\u00e9duisant le rebord supra-orbitaire, les chirurgiens modifient involontairement la vitesse et le mode de r\u00e9flexion de ces ondes, ce qui peut potentiellement augmenter la hauteur per\u00e7ue de la voix sans aucun exercice vocal.<\/p>\n\n\n\n<figure class=\"wp-block-image size-large\"><img decoding=\"async\" width=\"1024\" height=\"572\" src=\"https:\/\/www.dr-mfo.com\/wp-content\/uploads\/2026\/04\/image-73-1024x572.png\" alt=\"\" class=\"wp-image-28957\" srcset=\"https:\/\/www.dr-mfo.com\/wp-content\/uploads\/2026\/04\/image-73-1024x572.png 1024w, https:\/\/www.dr-mfo.com\/wp-content\/uploads\/2026\/04\/image-73-300x167.png 300w, https:\/\/www.dr-mfo.com\/wp-content\/uploads\/2026\/04\/image-73-768x429.png 768w, https:\/\/www.dr-mfo.com\/wp-content\/uploads\/2026\/04\/image-73-18x10.png 18w, https:\/\/www.dr-mfo.com\/wp-content\/uploads\/2026\/04\/image-73.png 1376w\" sizes=\"(max-width: 1024px) 100vw, 1024px\" \/><\/figure>\n\n\n\n<h2 class=\"wp-block-heading\"><span class=\"ez-toc-section\" id=\"Type_3_Forehead_Cranioplasty_and_Acoustic_Shifts\"><\/span>Cranioplastie frontale de type 3 et modifications acoustiques<span class=\"ez-toc-section-end\"><\/span><\/h2>\n\n\n\n<p>La cranioplastie frontale de type 3 consiste \u00e0 r\u00e9duire l&#039;os frontal et les rebords orbitaires afin de cr\u00e9er une ligne de cheveux et des sourcils plus lisses et plus f\u00e9minins. Cette intervention n\u00e9cessite de retirer ou de remodeler de l&#039;os qui a constitu\u00e9 un \u00e9l\u00e9ment permanent de la signature acoustique du patient pendant des d\u00e9cennies. L&#039;effet \u201c fant\u00f4me \u201d de cette chirurgie est le changement de\u2026 <a href=\"https:\/\/www.dr-mfo.com\/fr\/modelage-du-front\/\">modelage du front<\/a> des r\u00e9sultats que les patients d\u00e9crivent non seulement visuellement, mais aussi auditivement.<\/p>\n\n\n\n<p>Dr. <a href=\"https:\/\/www.dr-mfo.com\/fr\/who-is-drmfo\/\">Mehmet Fatih Okay<\/a> D&#039;autres sp\u00e9cialistes en chirurgie maxillo-faciale ont observ\u00e9 que la r\u00e9duction du rebord orbitaire diminue la masse globale de l&#039;os frontal. Cette r\u00e9duction att\u00e9nue la tonalit\u00e9 \u201c\u00a0grave\u00a0\u201d souvent associ\u00e9e aux profils vocaux masculins. Il s&#039;agit d&#039;une transformation physique qui pr\u00e9c\u00e8de la transformation psychologique\u00a0: la voix para\u00eet plus l\u00e9g\u00e8re car la bo\u00eete cr\u00e2nienne r\u00e9sonne diff\u00e9remment, ce qui constitue un atout pour les personnes suivant une th\u00e9rapie de f\u00e9minisation vocale.<\/p>\n\n\n\n<figure class=\"wp-block-image size-large\"><img decoding=\"async\" width=\"1024\" height=\"572\" src=\"https:\/\/www.dr-mfo.com\/wp-content\/uploads\/2026\/04\/image-76-1024x572.png\" alt=\"\" class=\"wp-image-28960\" srcset=\"https:\/\/www.dr-mfo.com\/wp-content\/uploads\/2026\/04\/image-76-1024x572.png 1024w, https:\/\/www.dr-mfo.com\/wp-content\/uploads\/2026\/04\/image-76-300x167.png 300w, https:\/\/www.dr-mfo.com\/wp-content\/uploads\/2026\/04\/image-76-768x429.png 768w, https:\/\/www.dr-mfo.com\/wp-content\/uploads\/2026\/04\/image-76-18x10.png 18w, https:\/\/www.dr-mfo.com\/wp-content\/uploads\/2026\/04\/image-76.png 1376w\" sizes=\"(max-width: 1024px) 100vw, 1024px\" \/><\/figure>\n\n\n\n<h3 class=\"wp-block-heading\"><span class=\"ez-toc-section\" id=\"Bone_Density_and_Sound_Propagation_Mechanics\"><\/span>Densit\u00e9 osseuse et m\u00e9canique de la propagation du son<span class=\"ez-toc-section-end\"><\/span><\/h3>\n\n\n\n<p>La propagation du son dans le corps humain d\u00e9pend fortement du milieu qu&#039;il traverse. L&#039;os est un excellent conducteur. Lorsque le rebord supra-orbitaire, une structure dense et saillante, est lim\u00e9, le trajet des ondes sonores des cordes vocales \u00e0 l&#039;oreille interne est modifi\u00e9. Les ondes rencontrent moins de r\u00e9sistance et moins de surfaces r\u00e9fl\u00e9chissantes dans la r\u00e9gion frontale, ce qui donne un son plus clair et moins \u00e9touff\u00e9. C&#039;est pourquoi certains patients ont l&#039;impression que leur voix est devenue plus claire apr\u00e8s une chirurgie de la voix.<\/p>\n\n\n\n<figure class=\"wp-block-table\"><table><thead><tr><td><strong>Caract\u00e9ristique anatomique<\/strong><\/td><td><strong>Propri\u00e9t\u00e9s acoustiques<\/strong><\/td><td><strong>Impact apr\u00e8s rasage<\/strong><\/td><\/tr><\/thead><tbody><tr><td><strong>Bord supra-orbitaire (\u00e9pais)<\/strong><\/td><td>La forte densit\u00e9 provoque la r\u00e9flexion et l&#039;absorption des ondes sonores.<\/td><td>La r\u00e9duction entra\u00eene une diminution du \u201c poids \u201d du timbre vocal<\/td><\/tr><tr><td><strong>Sinus frontal<\/strong><\/td><td>Cavit\u00e9 d&#039;air influen\u00e7ant la fr\u00e9quence de r\u00e9sonance<\/td><td>Transmission alt\u00e9r\u00e9e des vibrations au cr\u00e2ne<\/td><\/tr><tr><td><strong>Contour du rebord orbitaire<\/strong><\/td><td>D\u00e9termine la forme du cr\u00e2ne et la dynamique de l&#039;\u00e9cho.<\/td><td>Un contour plus lisse cr\u00e9e une hauteur de son per\u00e7ue plus \u201c l\u00e9g\u00e8re \u201d.<\/td><\/tr><\/tbody><\/table><\/figure>\n\n\n\n<figure class=\"wp-block-image size-large\"><img loading=\"lazy\" decoding=\"async\" width=\"1024\" height=\"572\" src=\"https:\/\/www.dr-mfo.com\/wp-content\/uploads\/2026\/04\/image-74-1024x572.png\" alt=\"\" class=\"wp-image-28958\" srcset=\"https:\/\/www.dr-mfo.com\/wp-content\/uploads\/2026\/04\/image-74-1024x572.png 1024w, https:\/\/www.dr-mfo.com\/wp-content\/uploads\/2026\/04\/image-74-300x167.png 300w, https:\/\/www.dr-mfo.com\/wp-content\/uploads\/2026\/04\/image-74-768x429.png 768w, https:\/\/www.dr-mfo.com\/wp-content\/uploads\/2026\/04\/image-74-18x10.png 18w, https:\/\/www.dr-mfo.com\/wp-content\/uploads\/2026\/04\/image-74.png 1376w\" sizes=\"(max-width: 1024px) 100vw, 1024px\" \/><\/figure>\n\n\n\n<h2 class=\"wp-block-heading\"><span class=\"ez-toc-section\" id=\"Phoniatrician_Observations_The_%E2%80%9CLighter_Voice%E2%80%9D_Phenomenon\"><\/span>Observations du phoniatre\u00a0: Le ph\u00e9nom\u00e8ne de la \u201c\u00a0voix plus l\u00e9g\u00e8re\u00a0\u201d<span class=\"ez-toc-section-end\"><\/span><\/h2>\n\n\n\n<p>La phoniatrie, branche de la m\u00e9decine qui traite des troubles de la voix, fournit le fondement clinique de cette th\u00e9orie. Des sp\u00e9cialistes ont document\u00e9 des cas de patients ayant subi <a href=\"https:\/\/www.dr-mfo.com\/fr\/ffs-chirurgie-de-feminisation-du-visage\/\">chirurgie de f\u00e9minisation faciale<\/a> Les patients ont rapport\u00e9 une modification de leur perception vocale quelques semaines apr\u00e8s l&#039;intervention. Ils n&#039;avaient pas encore commenc\u00e9 d&#039;orthophonie, ce qui exclut les changements comportementaux comme seule cause.<\/p>\n\n\n\n<p>Une observation clinique souligne que la r\u00e9duction de la pro\u00e9minence osseuse permet une meilleure transmission des hautes fr\u00e9quences. L&#039;oreille humaine per\u00e7oit ces fr\u00e9quences comme de la brillance ou de la clart\u00e9. Ainsi, l&#039;intervention agit comme un modificateur acoustique passif. Il s&#039;agit d&#039;un avantage m\u00e9connu de la f\u00e9minisation faciale qui comble le foss\u00e9 entre l&#039;apparence physique et l&#039;identit\u00e9 auditive, rendant la transition plus harmonieuse pour les personnes transgenres MTF.<\/p>\n\n\n\n<figure class=\"wp-block-image size-large\"><img loading=\"lazy\" decoding=\"async\" width=\"1024\" height=\"572\" src=\"https:\/\/www.dr-mfo.com\/wp-content\/uploads\/2026\/04\/image-78-1024x572.png\" alt=\"Rasage du contour supra-orbitaire\" class=\"wp-image-28962\" srcset=\"https:\/\/www.dr-mfo.com\/wp-content\/uploads\/2026\/04\/image-78-1024x572.png 1024w, https:\/\/www.dr-mfo.com\/wp-content\/uploads\/2026\/04\/image-78-300x167.png 300w, https:\/\/www.dr-mfo.com\/wp-content\/uploads\/2026\/04\/image-78-768x429.png 768w, https:\/\/www.dr-mfo.com\/wp-content\/uploads\/2026\/04\/image-78-18x10.png 18w, https:\/\/www.dr-mfo.com\/wp-content\/uploads\/2026\/04\/image-78.png 1376w\" sizes=\"(max-width: 1024px) 100vw, 1024px\" \/><\/figure>\n\n\n\n<h3 class=\"wp-block-heading\"><span class=\"ez-toc-section\" id=\"Pitch_Perception_vs_Vocal_Timbre\"><\/span>Perception de la hauteur tonale vs. Timbre vocal<span class=\"ez-toc-section-end\"><\/span><\/h3>\n\n\n\n<p>Il est essentiel de faire la distinction entre la hauteur (fr\u00e9quence) et le timbre (qualit\u00e9 du son). Le limage du contour supra-orbitaire ne modifie pas intrins\u00e8quement la fr\u00e9quence des cordes vocales, mais plut\u00f4t leur timbre. Or, comme le timbre influence la perception de la hauteur, un timbre plus l\u00e9ger peut donner l&#039;impression qu&#039;une hauteur donn\u00e9e est plus aigu\u00eb pour l&#039;auditeur. C&#039;est ce qui explique pourquoi certains patients ont le sentiment que leur voix correspond enfin \u00e0 leur identit\u00e9 apr\u00e8s une intervention au niveau du front.<\/p>\n\n\n\n<figure class=\"wp-block-image size-large\"><img loading=\"lazy\" decoding=\"async\" width=\"1024\" height=\"572\" src=\"https:\/\/www.dr-mfo.com\/wp-content\/uploads\/2026\/04\/image-77-1024x572.png\" alt=\"\" class=\"wp-image-28961\" srcset=\"https:\/\/www.dr-mfo.com\/wp-content\/uploads\/2026\/04\/image-77-1024x572.png 1024w, https:\/\/www.dr-mfo.com\/wp-content\/uploads\/2026\/04\/image-77-300x167.png 300w, https:\/\/www.dr-mfo.com\/wp-content\/uploads\/2026\/04\/image-77-768x429.png 768w, https:\/\/www.dr-mfo.com\/wp-content\/uploads\/2026\/04\/image-77-18x10.png 18w, https:\/\/www.dr-mfo.com\/wp-content\/uploads\/2026\/04\/image-77.png 1376w\" sizes=\"(max-width: 1024px) 100vw, 1024px\" \/><\/figure>\n\n\n\n<h2 class=\"wp-block-heading\"><span class=\"ez-toc-section\" id=\"Voice_Therapy_Adaptation_Post-Surgery\"><\/span>Adaptation de la th\u00e9rapie vocale apr\u00e8s une intervention chirurgicale<span class=\"ez-toc-section-end\"><\/span><\/h2>\n\n\n\n<p>Les orthophonistes doivent adapter leurs exercices pour tenir compte de ces modifications anatomiques. Les exercices traditionnels ax\u00e9s sur le placement de la r\u00e9sonance dans le masque facial pourraient n\u00e9cessiter un r\u00e9ajustement. La structure osseuse ayant chang\u00e9, la sensation de r\u00e9sonance sera diff\u00e9rente. Les orthophonistes devraient encourager leurs patients \u00e0 r\u00e9adapter leurs perceptions sensorielles, en utilisant les nouvelles propri\u00e9t\u00e9s acoustiques de leur cr\u00e2ne pour obtenir une voix f\u00e9minine plus efficacement.<\/p>\n\n\n\n<p>Int\u00e9grer les connaissances de <a href=\"https:\/\/www.dr-mfo.com\/fr\/reduction-du-front-avancement-de-la-ligne-des-cheveux\/\">r\u00e9duction du front<\/a> L&#039;int\u00e9gration de la chirurgie \u00e0 la phoniatrie permet une approche holistique de la transition. Les patients doivent \u00eatre inform\u00e9s que leur parcours chirurgical soutient leurs objectifs vocaux. Cette synergie entre chirurgie maxillo-faciale et phoniatrie repr\u00e9sente une nouvelle fronti\u00e8re dans les soins de sant\u00e9 pour les personnes transgenres, garantissant ainsi la coh\u00e9rence entre la voix et le visage.<\/p>\n\n\n\n<h2 class=\"wp-block-heading\"><span class=\"ez-toc-section\" id=\"Frequently_Asked_Questions\"><\/span>Questions fr\u00e9quemment pos\u00e9es<span class=\"ez-toc-section-end\"><\/span><\/h2>\n\n\n<div id=\"rank-math-faq\" class=\"rank-math-block\">\n<div class=\"rank-math-list\">\n<div id=\"faq1\" class=\"rank-math-list-item\">\n<h3 class=\"rank-math-question\"><span class=\"ez-toc-section\" id=\"How_does_supraorbital_rim_shaving_affect_vocal_resonance\"><\/span>Comment le rasage du contour supra-orbitaire affecte-t-il la r\u00e9sonance vocale\u00a0?<span class=\"ez-toc-section-end\"><\/span><\/h3>\n<div class=\"rank-math-answer\">\n\n<p>Le limage du rebord supra-orbitaire modifie la densit\u00e9 et la forme de l&#039;os frontal, ce qui change la propagation des ondes sonores \u00e0 travers le cr\u00e2ne. Il peut en r\u00e9sulter la perception d&#039;une voix plus l\u00e9g\u00e8re ou plus claire, car les propri\u00e9t\u00e9s acoustiques de la cavit\u00e9 cr\u00e2nienne sont modifi\u00e9es pour favoriser la transmission des hautes fr\u00e9quences.<\/p>\n\n<\/div>\n<\/div>\n<div id=\"faq2\" class=\"rank-math-list-item\">\n<h3 class=\"rank-math-question\"><span class=\"ez-toc-section\" id=\"Is_the_change_in_voice_permanent_after_Type_3_cranioplasty\"><\/span>Le changement de voix est-il permanent apr\u00e8s une cranioplastie de type 3\u00a0?<span class=\"ez-toc-section-end\"><\/span><\/h3>\n<div class=\"rank-math-answer\">\n\n<p>Les modifications anatomiques cons\u00e9cutives \u00e0 la r\u00e9duction osseuse sont permanentes, ce qui signifie que l&#039;environnement acoustique du cr\u00e2ne est alt\u00e9r\u00e9 de fa\u00e7on permanente. Bien que le cerveau puisse mettre du temps \u00e0 s&#039;adapter \u00e0 la nouvelle r\u00e9sonance, la cause physique du changement de timbre vocal demeure un effet durable de l&#039;intervention chirurgicale.<\/p>\n\n<\/div>\n<\/div>\n<div id=\"faq3\" class=\"rank-math-list-item\">\n<h3 class=\"rank-math-question\"><span class=\"ez-toc-section\" id=\"Do_I_still_need_voice_therapy_if_my_forehead_change_alters_my_voice\"><\/span>Ai-je encore besoin d&#039;une th\u00e9rapie vocale si la modification de mon front alt\u00e8re ma voix\u00a0?<span class=\"ez-toc-section-end\"><\/span><\/h3>\n<div class=\"rank-math-answer\">\n\n<p>Oui, l&#039;orthophonie demeure essentielle. Si la chirurgie induit une modification acoustique passive, l&#039;orthophonie enseigne un contr\u00f4le actif de la hauteur, de la r\u00e9sonance et de l&#039;articulation. L&#039;association des modifications chirurgicales et d&#039;un accompagnement professionnel permet d&#039;obtenir une voix f\u00e9minine authentique et durable.<\/p>\n\n<\/div>\n<\/div>\n<div id=\"faq4\" class=\"rank-math-list-item\">\n<h3 class=\"rank-math-question\"><span class=\"ez-toc-section\" id=\"What_is_the_connection_between_bone_density_and_sound_propagation\"><\/span>Quel est le lien entre la densit\u00e9 osseuse et la propagation du son\u00a0?<span class=\"ez-toc-section-end\"><\/span><\/h3>\n<div class=\"rank-math-answer\">\n\n<p>L&#039;os est un excellent conducteur de son. Les os plus denses, comme le rebord supra-orbitaire non r\u00e9duit, r\u00e9fl\u00e9chissent et absorbent davantage d&#039;ondes sonores, ce qui produit un timbre plus lourd. La r\u00e9duction de cette masse osseuse permet aux ondes sonores de se propager plus librement, ce qui se traduit par une perception accrue de la clart\u00e9 de la voix.<\/p>\n\n<\/div>\n<\/div>\n<div id=\"faq5\" class=\"rank-math-list-item\">\n<h3 class=\"rank-math-question\"><span class=\"ez-toc-section\" id=\"Can_phoniatricians_measure_the_acoustic_changes_post-FFS\"><\/span>Les phoniatres peuvent-ils mesurer les changements acoustiques apr\u00e8s une FFS\u00a0?<span class=\"ez-toc-section-end\"><\/span><\/h3>\n<div class=\"rank-math-answer\">\n\n<p>Les phoniatres utilisent un \u00e9quipement sp\u00e9cialis\u00e9 pour analyser le timbre vocal et les fr\u00e9quences de r\u00e9sonance. Gr\u00e2ce \u00e0 la spectrographie et \u00e0 l&#039;analyse acoustique, ils peuvent d\u00e9tecter les modifications subtiles de la qualit\u00e9 vocale rapport\u00e9es par les patients apr\u00e8s une f\u00e9minisation du front, confirmant ainsi le lien entre la structure osseuse et la voix.<\/p>\n\n<\/div>\n<\/div>\n<div id=\"faq6\" class=\"rank-math-list-item\">\n<h3 class=\"rank-math-question\"><span class=\"ez-toc-section\" id=\"Why_do_some_MTF_patients_report_a_lighter_voice_after_FFS\"><\/span>Pourquoi certaines patientes MTF rapportent-elles une voix plus l\u00e9g\u00e8re apr\u00e8s une f\u00e9minisation faciale ?<span class=\"ez-toc-section-end\"><\/span><\/h3>\n<div class=\"rank-math-answer\">\n\n<p>Les patients d\u00e9crivent souvent une voix plus l\u00e9g\u00e8re car la r\u00e9duction du rebord supra-orbitaire modifie la cavit\u00e9 cr\u00e2nienne. Avec une densit\u00e9 osseuse moindre absorbant les hautes fr\u00e9quences, la voix est plus claire et plus brillante, se rapprochant ainsi des profils vocaux f\u00e9minins.<\/p>\n\n<\/div>\n<\/div>\n<\/div>\n<\/div>","protected":false},"excerpt":{"rendered":"<p>The human voice is not merely a product of the larynx; it is a symphony of bony structures and air chambers. While most MTF patients focus on pitch and timbre through vocal training, a silent factor often goes unnoticed: the skull itself. Recent clinical observations suggest that supraorbital rim shaving, a cornerstone of Type 3 [&hellip;]<\/p>\n","protected":false},"author":2,"featured_media":28956,"comment_status":"closed","ping_status":"closed","sticky":false,"template":"","format":"standard","meta":{"_acf_changed":false,"footnotes":""},"categories":[169],"tags":[],"class_list":["post-28904","post","type-post","status-publish","format-standard","has-post-thumbnail","hentry","category-facial-feminization"],"acf":[],"_links":{"self":[{"href":"https:\/\/www.dr-mfo.com\/fr\/wp-json\/wp\/v2\/posts\/28904","targetHints":{"allow":["GET"]}}],"collection":[{"href":"https:\/\/www.dr-mfo.com\/fr\/wp-json\/wp\/v2\/posts"}],"about":[{"href":"https:\/\/www.dr-mfo.com\/fr\/wp-json\/wp\/v2\/types\/post"}],"author":[{"embeddable":true,"href":"https:\/\/www.dr-mfo.com\/fr\/wp-json\/wp\/v2\/users\/2"}],"replies":[{"embeddable":true,"href":"https:\/\/www.dr-mfo.com\/fr\/wp-json\/wp\/v2\/comments?post=28904"}],"version-history":[{"count":2,"href":"https:\/\/www.dr-mfo.com\/fr\/wp-json\/wp\/v2\/posts\/28904\/revisions"}],"predecessor-version":[{"id":28963,"href":"https:\/\/www.dr-mfo.com\/fr\/wp-json\/wp\/v2\/posts\/28904\/revisions\/28963"}],"wp:featuredmedia":[{"embeddable":true,"href":"https:\/\/www.dr-mfo.com\/fr\/wp-json\/wp\/v2\/media\/28956"}],"wp:attachment":[{"href":"https:\/\/www.dr-mfo.com\/fr\/wp-json\/wp\/v2\/media?parent=28904"}],"wp:term":[{"taxonomy":"category","embeddable":true,"href":"https:\/\/www.dr-mfo.com\/fr\/wp-json\/wp\/v2\/categories?post=28904"},{"taxonomy":"post_tag","embeddable":true,"href":"https:\/\/www.dr-mfo.com\/fr\/wp-json\/wp\/v2\/tags?post=28904"}],"curies":[{"name":"wp","href":"https:\/\/api.w.org\/{rel}","templated":true}]}}