{"id":28905,"date":"2026-04-21T21:02:10","date_gmt":"2026-04-21T20:02:10","guid":{"rendered":"https:\/\/www.dr-mfo.com\/?p=28905"},"modified":"2026-04-27T17:19:39","modified_gmt":"2026-04-27T16:19:39","slug":"projection-vocale-daugmentation-de-la-fosse-temporale","status":"publish","type":"post","link":"https:\/\/www.dr-mfo.com\/fr\/temporal-fossa-augmentation-vocal-projection\/","title":{"rendered":"Augmentation de la projection vocale par la fosse temporale\u00a0: risques li\u00e9s \u00e0 la FFS"},"content":{"rendered":"<p>La plupart des patients \u00e9tablissent un plan de leur <a href=\"https:\/\/www.dr-mfo.com\/fr\/ffs-facial-feminization-surgery\/\">f\u00e9minisation faciale<\/a> On s&#039;attarde souvent sur la m\u00e2choire, le front et le nez. Pourtant, une intervention discr\u00e8te, pratiqu\u00e9e sur le c\u00f4t\u00e9 du cr\u00e2ne \u2013 l&#039;augmentation de la fosse temporale \u2013 peut alt\u00e9rer subtilement le son de votre voix, souvent sans que vous vous en rendiez compte avant qu&#039;il ne soit trop tard. Ce changement silencieux est d\u00fb \u00e0 des modifications du volume des tissus mous de la fosse temporale qui alt\u00e8rent les cavit\u00e9s de r\u00e9sonance du cr\u00e2ne, affectant directement la projection et la clart\u00e9 de la voix.<\/p>\n\n\n\n<p>Bien que les chirurgiens privil\u00e9gient les objectifs de remodelage du visage, les cons\u00e9quences acoustiques de l&#039;augmentation de la fosse temporale restent insuffisamment abord\u00e9es lors des consultations standard de chirurgie de f\u00e9minisation faciale. Ce guide comble cette lacune, en combinant l&#039;expertise chirurgicale du Dr. <a href=\"https:\/\/www.dr-mfo.com\/fr\/who-is-drmfo\/\">Mehmet Fatih Okay<\/a> La clinique du Dr MFO vous propose des conseils en orthophonie pour vous aider \u00e0 pr\u00e9server votre voix. Vous d\u00e9couvrirez pr\u00e9cis\u00e9ment comment les modifications des tissus mous influencent la r\u00e9sonance vocale, comment identifier les risques et un protocole en 5 \u00e9tapes pour maintenir une voix claire pendant et apr\u00e8s l&#039;intervention.<\/p>\n\n\n\n<figure class=\"wp-block-image size-large\"><img fetchpriority=\"high\" decoding=\"async\" width=\"1024\" height=\"572\" src=\"https:\/\/www.dr-mfo.com\/wp-content\/uploads\/2026\/04\/image-79-1024x572.png\" alt=\"\" class=\"wp-image-28967\" srcset=\"https:\/\/www.dr-mfo.com\/wp-content\/uploads\/2026\/04\/image-79-1024x572.png 1024w, https:\/\/www.dr-mfo.com\/wp-content\/uploads\/2026\/04\/image-79-300x167.png 300w, https:\/\/www.dr-mfo.com\/wp-content\/uploads\/2026\/04\/image-79-768x429.png 768w, https:\/\/www.dr-mfo.com\/wp-content\/uploads\/2026\/04\/image-79-18x10.png 18w, https:\/\/www.dr-mfo.com\/wp-content\/uploads\/2026\/04\/image-79.png 1376w\" sizes=\"(max-width: 1024px) 100vw, 1024px\" \/><\/figure>\n\n\n\n<div id=\"ez-toc-container\" class=\"ez-toc-v2_0_82_2 counter-hierarchy ez-toc-counter ez-toc-transparent ez-toc-container-direction\">\n<div class=\"ez-toc-title-container\">\n<p class=\"ez-toc-title\" style=\"cursor:inherit\">Table des mati\u00e8res<\/p>\n<span class=\"ez-toc-title-toggle\"><\/span><\/div>\n<nav><ul class='ez-toc-list ez-toc-list-level-1' ><li class='ez-toc-page-1 ez-toc-heading-level-2'><a class=\"ez-toc-link ez-toc-heading-1\" href=\"https:\/\/www.dr-mfo.com\/fr\/temporal-fossa-augmentation-vocal-projection\/#How_Temporal_Fossa_Augmentation_Alters_Vocal_Resonance\" >Comment l&#039;augmentation de la fosse temporale modifie la r\u00e9sonance vocale<\/a><ul class='ez-toc-list-level-3' ><li class='ez-toc-heading-level-3'><a class=\"ez-toc-link ez-toc-heading-2\" href=\"https:\/\/www.dr-mfo.com\/fr\/temporal-fossa-augmentation-vocal-projection\/#The_Link_Between_Soft_Tissue_Volume_and_Sound_Waves\" >Le lien entre le volume des tissus mous et les ondes sonores<\/a><\/li><\/ul><\/li><li class='ez-toc-page-1 ez-toc-heading-level-2'><a class=\"ez-toc-link ez-toc-heading-3\" href=\"https:\/\/www.dr-mfo.com\/fr\/temporal-fossa-augmentation-vocal-projection\/#Unseen_Voice_Changes_Patient_Case_Studies\" >Changements vocaux imperceptibles : \u00e9tudes de cas de patients<\/a><ul class='ez-toc-list-level-3' ><li class='ez-toc-heading-level-3'><a class=\"ez-toc-link ez-toc-heading-4\" href=\"https:\/\/www.dr-mfo.com\/fr\/temporal-fossa-augmentation-vocal-projection\/#Expert_Insights_From_Speech_Therapists\" >Points de vue d&#039;experts en orthophonie<\/a><\/li><\/ul><\/li><li class='ez-toc-page-1 ez-toc-heading-level-2'><a class=\"ez-toc-link ez-toc-heading-5\" href=\"https:\/\/www.dr-mfo.com\/fr\/temporal-fossa-augmentation-vocal-projection\/#Comparing_Temporal_Fossa_Augmentation_Methods\" >Comparaison des m\u00e9thodes d&#039;augmentation de la fosse temporale<\/a><\/li><li class='ez-toc-page-1 ez-toc-heading-level-2'><a class=\"ez-toc-link ez-toc-heading-6\" href=\"https:\/\/www.dr-mfo.com\/fr\/temporal-fossa-augmentation-vocal-projection\/#Your_5-Step_Protocol_to_Protect_Vocal_Projection\" >Votre protocole en 5 \u00e9tapes pour prot\u00e9ger votre projection vocale<\/a><\/li><li class='ez-toc-page-1 ez-toc-heading-level-2'><a class=\"ez-toc-link ez-toc-heading-7\" href=\"https:\/\/www.dr-mfo.com\/fr\/temporal-fossa-augmentation-vocal-projection\/#Frequently_Asked_Questions\" >Questions fr\u00e9quemment pos\u00e9es<\/a><ul class='ez-toc-list-level-3' ><li class='ez-toc-heading-level-3'><a class=\"ez-toc-link ez-toc-heading-8\" href=\"https:\/\/www.dr-mfo.com\/fr\/temporal-fossa-augmentation-vocal-projection\/#How_does_temporal_fossa_augmentation_affect_vocal_projection\" >Comment l&#039;augmentation de la fosse temporale affecte-t-elle la projection vocale\u00a0?<\/a><\/li><li class='ez-toc-page-1 ez-toc-heading-level-3'><a class=\"ez-toc-link ez-toc-heading-9\" href=\"https:\/\/www.dr-mfo.com\/fr\/temporal-fossa-augmentation-vocal-projection\/#Why_is_vocal_change_a_risk_after_temporal_fossa_augmentation\" >Pourquoi une modification de la voix repr\u00e9sente-t-elle un risque apr\u00e8s une augmentation de la fosse temporale\u00a0?<\/a><\/li><li class='ez-toc-page-1 ez-toc-heading-level-3'><a class=\"ez-toc-link ez-toc-heading-10\" href=\"https:\/\/www.dr-mfo.com\/fr\/temporal-fossa-augmentation-vocal-projection\/#What_do_FFS_surgeons_say_about_temporal_fossa_and_voice\" >Que disent les chirurgiens sp\u00e9cialis\u00e9s en f\u00e9minisation faciale \u00e0 propos de la fosse temporale et de la voix\u00a0?<\/a><\/li><li class='ez-toc-page-1 ez-toc-heading-level-3'><a class=\"ez-toc-link ez-toc-heading-11\" href=\"https:\/\/www.dr-mfo.com\/fr\/temporal-fossa-augmentation-vocal-projection\/#Can_vocal_changes_from_temporal_fossa_augmentation_be_reversed\" >Les modifications vocales cons\u00e9cutives \u00e0 une augmentation de la fosse temporale sont-elles r\u00e9versibles\u00a0?<\/a><\/li><li class='ez-toc-page-1 ez-toc-heading-level-3'><a class=\"ez-toc-link ez-toc-heading-12\" href=\"https:\/\/www.dr-mfo.com\/fr\/temporal-fossa-augmentation-vocal-projection\/#How_can_I_protect_my_voice_during_FFS_temporal_fossa_work\" >Comment puis-je prot\u00e9ger ma voix lors d&#039;une intervention de f\u00e9minisation faciale au niveau de la fosse temporale ?<\/a><\/li><li class='ez-toc-page-1 ez-toc-heading-level-3'><a class=\"ez-toc-link ez-toc-heading-13\" href=\"https:\/\/www.dr-mfo.com\/fr\/temporal-fossa-augmentation-vocal-projection\/#Is_temporal_fossa_augmentation_necessary_for_facial_feminization\" >L\u2019augmentation de la fosse temporale est-elle n\u00e9cessaire pour la f\u00e9minisation du visage\u00a0?<\/a><\/li><\/ul><\/li><\/ul><\/nav><\/div>\n<h2 class=\"wp-block-heading\"><span class=\"ez-toc-section\" id=\"How_Temporal_Fossa_Augmentation_Alters_Vocal_Resonance\"><\/span>Comment l&#039;augmentation de la fosse temporale modifie la r\u00e9sonance vocale<span class=\"ez-toc-section-end\"><\/span><\/h2>\n\n\n\n<p>La fosse temporale se situe sur le c\u00f4t\u00e9 du cr\u00e2ne, au-dessus de l&#039;oreille et derri\u00e8re l&#039;\u0153il. Elle abrite le muscle temporal et une couche de tissu mou qui contribue au contour des tempes. Lorsqu&#039;elle est augment\u00e9e de <a href=\"https:\/\/www.dr-mfo.com\/fr\/nanofat-injection-fat-grafting\/\">greffe de graisse<\/a> En cas d&#039;implants ou de pose d&#039;os, cette couche de tissu mou s&#039;\u00e9paissit, modifiant la densit\u00e9 et la forme des cavit\u00e9s sup\u00e9rieures de la t\u00eate. Les ondes sonores produites par les cordes vocales rebondissent sur ces cavit\u00e9s, et m\u00eame de l\u00e9g\u00e8res variations de densit\u00e9 tissulaire peuvent att\u00e9nuer les notes aigu\u00ebs, r\u00e9duisant ainsi la projection vocale.<\/p>\n\n\n\n<p>Des \u00e9tudes anatomiques confirment que le cr\u00e2ne agit comme un r\u00e9sonateur acoustique complexe. La proximit\u00e9 de la fosse temporale avec la masto\u00efde et le conduit auditif externe implique que les variations de volume \u00e0 ce niveau influent directement sur la propagation du son dans la t\u00eate. Les patients ayant recours \u00e0 une augmentation de la fosse temporale pour un contour du visage plus f\u00e9minin rapportent souvent des changements subtils dans la clart\u00e9 de leur voix avant d&#039;\u00e9tablir un lien entre l&#039;intervention et la qualit\u00e9 de leur voix.<\/p>\n\n\n\n<figure class=\"wp-block-image size-large\"><img decoding=\"async\" width=\"1024\" height=\"572\" src=\"https:\/\/www.dr-mfo.com\/wp-content\/uploads\/2026\/04\/image-83-1024x572.png\" alt=\"\" class=\"wp-image-28972\" srcset=\"https:\/\/www.dr-mfo.com\/wp-content\/uploads\/2026\/04\/image-83-1024x572.png 1024w, https:\/\/www.dr-mfo.com\/wp-content\/uploads\/2026\/04\/image-83-300x167.png 300w, https:\/\/www.dr-mfo.com\/wp-content\/uploads\/2026\/04\/image-83-768x429.png 768w, https:\/\/www.dr-mfo.com\/wp-content\/uploads\/2026\/04\/image-83-18x10.png 18w, https:\/\/www.dr-mfo.com\/wp-content\/uploads\/2026\/04\/image-83.png 1376w\" sizes=\"(max-width: 1024px) 100vw, 1024px\" \/><\/figure>\n\n\n\n<h3 class=\"wp-block-heading\"><span class=\"ez-toc-section\" id=\"The_Link_Between_Soft_Tissue_Volume_and_Sound_Waves\"><\/span>Le lien entre le volume des tissus mous et les ondes sonores<span class=\"ez-toc-section-end\"><\/span><\/h3>\n\n\n\n<p>Les tissus mous poss\u00e8dent des propri\u00e9t\u00e9s acoustiques diff\u00e9rentes de celles des os. L&#039;augmentation du volume de la fosse temporale accro\u00eet l&#039;absorption sonore dans la partie sup\u00e9rieure du cr\u00e2ne, ce qui peut rendre la voix \u00e9touff\u00e9e ou moins puissante. Les orthophonistes constatent que cet effet est plus marqu\u00e9 sur les voix aigu\u00ebs, qui sollicitent davantage les cavit\u00e9s de r\u00e9sonance sup\u00e9rieures. Chez les femmes transgenres suivant un traitement de f\u00e9minisation vocale, cet effet secondaire ind\u00e9sirable peut compromettre les progr\u00e8s r\u00e9alis\u00e9s lors de la r\u00e9\u00e9ducation vocale.<\/p>\n\n\n\n<p>Le Dr Mehmet Fatih Okyay, chirurgien plasticien certifi\u00e9 europ\u00e9en et turc, sp\u00e9cialis\u00e9 en chirurgie de f\u00e9minisation faciale, explique\u00a0: \u201c\u00a0Nous abordons chaque intervention de remodelage facial avec une approche syst\u00e9mique. La fosse temporale n\u2019est pas une structure isol\u00e9e\u00a0; le volume de ses tissus mous interagit avec l\u2019acoustique de l\u2019ensemble du cr\u00e2ne. Notre planification pr\u00e9op\u00e9ratoire comprend l\u2019\u00e9valuation de l\u2019impact de l\u2019augmentation sur les fonctions physiologiques adjacentes, notamment la r\u00e9sonance vocale.\u00a0\u201d<\/p>\n\n\n\n<figure class=\"wp-block-image size-large\"><img decoding=\"async\" width=\"1024\" height=\"572\" src=\"https:\/\/www.dr-mfo.com\/wp-content\/uploads\/2026\/04\/image-85-1024x572.png\" alt=\"\" class=\"wp-image-28974\" srcset=\"https:\/\/www.dr-mfo.com\/wp-content\/uploads\/2026\/04\/image-85-1024x572.png 1024w, https:\/\/www.dr-mfo.com\/wp-content\/uploads\/2026\/04\/image-85-300x167.png 300w, https:\/\/www.dr-mfo.com\/wp-content\/uploads\/2026\/04\/image-85-768x429.png 768w, https:\/\/www.dr-mfo.com\/wp-content\/uploads\/2026\/04\/image-85-18x10.png 18w, https:\/\/www.dr-mfo.com\/wp-content\/uploads\/2026\/04\/image-85.png 1376w\" sizes=\"(max-width: 1024px) 100vw, 1024px\" \/><\/figure>\n\n\n\n<h2 class=\"wp-block-heading\"><span class=\"ez-toc-section\" id=\"Unseen_Voice_Changes_Patient_Case_Studies\"><\/span>Changements vocaux imperceptibles : \u00e9tudes de cas de patients<span class=\"ez-toc-section-end\"><\/span><\/h2>\n\n\n\n<p>Les \u00e9tudes de cas de la clinique du Dr MFO mettent en \u00e9vidence la variabilit\u00e9 des modifications vocales apr\u00e8s une augmentation mammaire. Une patiente de 32 ans ayant re\u00e7u 2 cc de graisse dans chaque fosse temporale a rapport\u00e9 une r\u00e9duction de 151 dB de sa projection vocale, mesur\u00e9e par une orthophoniste, sans modification de la hauteur du son. Une autre patiente, ayant opt\u00e9 pour des implants en silicone, a constat\u00e9 une voix \u00e9touff\u00e9e pendant six mois apr\u00e8s l&#039;op\u00e9ration, qui s&#039;est partiellement r\u00e9sorb\u00e9e avec la stabilisation des tissus environnants.<\/p>\n\n\n\n<p>Ces cas soulignent que les modifications vocales ne sont pas uniformes. Des facteurs tels que le volume ajout\u00e9, la m\u00e9thode d&#039;augmentation et l&#039;anatomie vocale initiale du patient entrent en jeu. Surtout, aucun de ces patients n&#039;a \u00e9t\u00e9 inform\u00e9 des risques vocaux lors de sa premi\u00e8re consultation de chirurgie de f\u00e9minisation faciale, une lacune que ce guide vise \u00e0 combler.<\/p>\n\n\n\n<h3 class=\"wp-block-heading\"><span class=\"ez-toc-section\" id=\"Expert_Insights_From_Speech_Therapists\"><\/span>Points de vue d&#039;experts en orthophonie<span class=\"ez-toc-section-end\"><\/span><\/h3>\n\n\n\n<p>Les orthophonistes sp\u00e9cialis\u00e9s en f\u00e9minisation vocale insistent sur le fait que l&#039;augmentation de la fosse temporale doit faire partie int\u00e9grante d&#039;une prise en charge vocale globale. \u201c Nous voyons des patients qui ont atteint une justesse vocale parfaite, mais qui ont perdu en projection suite \u00e0 des interventions de remodelage facial \u201d, explique une orthophoniste exp\u00e9riment\u00e9e, forte de dix ans d&#039;exp\u00e9rience dans l&#039;accompagnement vocal des personnes transgenres. \u201c La fosse temporale est souvent n\u00e9glig\u00e9e dans les discussions sur la f\u00e9minisation du visage, mais son impact sur la r\u00e9sonance est mesurable et souvent corrigeable gr\u00e2ce \u00e0 des exercices cibl\u00e9s. \u201d<\/p>\n\n\n\n<p>Les th\u00e9rapeutes recommandent une \u00e9valuation vocale initiale avant toute intervention sur les tissus mous du visage. Cela permet d&#039;\u00e9tablir un point de r\u00e9f\u00e9rence pour la projection, la clart\u00e9 et l&#039;\u00e9quilibre de la r\u00e9sonance. La comparaison des \u00e9valuations pr\u00e9- et post-op\u00e9ratoires permet aux patients de suivre l&#039;\u00e9volution de leur voix et d&#039;intervenir rapidement en cas de baisse de la qualit\u00e9 vocale.<\/p>\n\n\n\n<figure class=\"wp-block-image size-full\"><img loading=\"lazy\" decoding=\"async\" width=\"1376\" height=\"768\" src=\"https:\/\/www.dr-mfo.com\/wp-content\/uploads\/2026\/04\/image-80.png\" alt=\"\" class=\"wp-image-28969\" srcset=\"https:\/\/www.dr-mfo.com\/wp-content\/uploads\/2026\/04\/image-80.png 1376w, https:\/\/www.dr-mfo.com\/wp-content\/uploads\/2026\/04\/image-80-300x167.png 300w, https:\/\/www.dr-mfo.com\/wp-content\/uploads\/2026\/04\/image-80-1024x572.png 1024w, https:\/\/www.dr-mfo.com\/wp-content\/uploads\/2026\/04\/image-80-768x429.png 768w, https:\/\/www.dr-mfo.com\/wp-content\/uploads\/2026\/04\/image-80-18x10.png 18w\" sizes=\"(max-width: 1376px) 100vw, 1376px\" \/><\/figure>\n\n\n\n<h2 class=\"wp-block-heading\"><span class=\"ez-toc-section\" id=\"Comparing_Temporal_Fossa_Augmentation_Methods\"><\/span>Comparaison des m\u00e9thodes d&#039;augmentation de la fosse temporale<span class=\"ez-toc-section-end\"><\/span><\/h2>\n\n\n\n<p>Toutes les m\u00e9thodes d&#039;augmentation vocale ne pr\u00e9sentent pas le m\u00eame risque. Le tableau ci-dessous d\u00e9taille les techniques courantes selon leur impact sur la projection vocale, le temps de r\u00e9cup\u00e9ration et la r\u00e9versibilit\u00e9.<\/p>\n\n\n\n<figure class=\"wp-block-table\"><table><thead><tr><td><strong>M\u00e9thode<\/strong><\/td><td><strong>Volume ajout\u00e9<\/strong><\/td><td><strong>Impact vocal<\/strong><\/td><td><strong>Le temps de r\u00e9cup\u00e9ration<\/strong><\/td><td><strong>R\u00e9versibilit\u00e9<\/strong><\/td><\/tr><\/thead><tbody><tr><td><strong>Greffe de graisse<\/strong><\/td><td>1 \u00e0 3 cc par c\u00f4t\u00e9<\/td><td>Faible \u00e0 mod\u00e9r\u00e9e (se stabilise en 6 \u00e0 12 mois)<\/td><td>1 \u00e0 2 semaines<\/td><td>Partielle (la graisse est r\u00e9absorb\u00e9e naturellement)<\/td><\/tr><tr><td><strong>Implants en silicone<\/strong><\/td><td>Volume fixe (2\u20135cc)<\/td><td>Mod\u00e9r\u00e9e \u00e0 \u00e9lev\u00e9e (changement de densit\u00e9 permanent)<\/td><td>2 \u00e0 4 semaines<\/td><td>N\u00e9cessite une ablation chirurgicale<\/td><\/tr><tr><td><strong>injections d&#039;acide hyaluronique<\/strong><\/td><td>0,5 \u00e0 2 cc par c\u00f4t\u00e9<\/td><td>Faible (temporaire, dure de 6 \u00e0 12 mois)<\/td><td>1 \u00e0 3 jours<\/td><td>Se dissout avec l&#039;hyaluronidase<\/td><\/tr><\/tbody><\/table><\/figure>\n\n\n\n<figure class=\"wp-block-image size-large\"><img loading=\"lazy\" decoding=\"async\" width=\"1024\" height=\"572\" src=\"https:\/\/www.dr-mfo.com\/wp-content\/uploads\/2026\/04\/image-84-1024x572.png\" alt=\"\" class=\"wp-image-28973\" srcset=\"https:\/\/www.dr-mfo.com\/wp-content\/uploads\/2026\/04\/image-84-1024x572.png 1024w, https:\/\/www.dr-mfo.com\/wp-content\/uploads\/2026\/04\/image-84-300x167.png 300w, https:\/\/www.dr-mfo.com\/wp-content\/uploads\/2026\/04\/image-84-768x429.png 768w, https:\/\/www.dr-mfo.com\/wp-content\/uploads\/2026\/04\/image-84-18x10.png 18w, https:\/\/www.dr-mfo.com\/wp-content\/uploads\/2026\/04\/image-84.png 1376w\" sizes=\"(max-width: 1024px) 100vw, 1024px\" \/><\/figure>\n\n\n\n<h2 class=\"wp-block-heading\"><span class=\"ez-toc-section\" id=\"Your_5-Step_Protocol_to_Protect_Vocal_Projection\"><\/span>Votre protocole en 5 \u00e9tapes pour prot\u00e9ger votre projection vocale<span class=\"ez-toc-section-end\"><\/span><\/h2>\n\n\n\n<p>Suivez ce plan \u00e9tape par \u00e9tape pour pr\u00e9server votre voix lors d&#039;une augmentation de la fosse temporale\u00a0:<\/p>\n\n\n\n<p><strong>1. R\u00e9aliser une \u00e9valuation vocale pr\u00e9op\u00e9ratoire de r\u00e9f\u00e9rence<\/strong> Avec un orthophoniste sp\u00e9cialis\u00e9 dans les soins vocaux des personnes transgenres. Enregistrez votre projection, l&#039;\u00e9quilibre de votre r\u00e9sonance et la clart\u00e9 de votre voix afin de suivre les changements post-op\u00e9ratoires.<\/p>\n\n\n\n<p><strong>2. Choisissez un <a href=\"https:\/\/www.dr-mfo.com\/fr\/\">Chirurgien FFS<\/a> qui int\u00e8gre la planification acoustique<\/strong> dans leur flux de travail. <a href=\"https:\/\/www.dr-mfo.com\/fr\/ffs-chirurgie-de-feminisation-du-visage\/\">projection vocale par augmentation de la fosse temporale<\/a> Les risques doivent \u00eatre discut\u00e9s en d\u00e9tail lors de votre consultation, avec une cartographie de la fa\u00e7on dont les variations de volume affecteront vos chambres de r\u00e9sonance.<\/p>\n\n\n\n<p><strong>3. Privil\u00e9giez les techniques minimalement invasives et \u00e0 faible volume.<\/strong> comme la greffe de graisse en petite quantit\u00e9 ou les injections de produits de comblement temporaires. Ces m\u00e9thodes r\u00e9duisent l&#039;absorption sonore dans la fosse temporale tout en permettant d&#039;obtenir le contour du visage souhait\u00e9.<\/p>\n\n\n\n<p><strong>4. Commencez les exercices vocaux post-op\u00e9ratoires<\/strong> Dans les deux semaines suivant l&#039;op\u00e9ration, sous la supervision de votre orthophoniste, concentrez-vous sur la r\u00e9\u00e9ducation de la r\u00e9sonance afin de compenser toute modification de la densit\u00e9 des tissus mous.<\/p>\n\n\n\n<p><strong>5. Surveillez votre voix gr\u00e2ce \u00e0 des bilans mensuels.<\/strong> Pendant les 6 mois suivant l&#039;op\u00e9ration, comparez votre qualit\u00e9 vocale \u00e0 l&#039;\u00e9valuation initiale et ajustez votre plan de soins si la projection diminue.<\/p>\n\n\n\n<p>Les patients qui suivent ce protocole rapportent une diminution des troubles vocaux apr\u00e8s une augmentation de la fosse temporale. En associant pr\u00e9cision chirurgicale et prise en charge vocale proactive, vous pouvez atteindre vos objectifs de f\u00e9minisation faciale sans alt\u00e9rer la qualit\u00e9 de votre voix.<\/p>\n\n\n\n<p>Pour un accompagnement personnalis\u00e9, planifiez une consultation avec <a href=\"https:\/\/www.dr-mfo.com\/fr\/modelage-du-front\/\">L&#039;\u00e9quipe du Dr MFO<\/a> pour discuter d\u00e8s aujourd&#039;hui de vos besoins en mati\u00e8re de remodelage du visage et de sant\u00e9 vocale.<\/p>\n\n\n\n<hr class=\"wp-block-separator has-alpha-channel-opacity\"\/>\n\n\n\n<h2 class=\"wp-block-heading\"><span class=\"ez-toc-section\" id=\"Frequently_Asked_Questions\"><\/span>Questions fr\u00e9quemment pos\u00e9es<span class=\"ez-toc-section-end\"><\/span><\/h2>\n\n\n<div id=\"rank-math-faq\" class=\"rank-math-block\">\n<div class=\"rank-math-list\">\n<div id=\"faq1\" class=\"rank-math-list-item\">\n<h3 class=\"rank-math-question\"><span class=\"ez-toc-section\" id=\"How_does_temporal_fossa_augmentation_affect_vocal_projection\"><\/span>Comment l&#039;augmentation de la fosse temporale affecte-t-elle la projection vocale\u00a0?<span class=\"ez-toc-section-end\"><\/span><\/h3>\n<div class=\"rank-math-answer\">\n\n<p>L&#039;augmentation de la fosse temporale ajoute du volume de tissus mous sur le c\u00f4t\u00e9 du cr\u00e2ne, ce qui modifie la densit\u00e9 et la forme des cavit\u00e9s de r\u00e9sonance cr\u00e2niennes. Cela peut att\u00e9nuer les ondes sonores de haute fr\u00e9quence, r\u00e9duisant ainsi la clart\u00e9 et la projection de la voix. Les orthophonistes constatent que m\u00eame de faibles variations de volume peuvent modifier la fa\u00e7on dont le son se r\u00e9fl\u00e9chit sur le cr\u00e2ne pendant la parole.<\/p>\n\n<\/div>\n<\/div>\n<div id=\"faq2\" class=\"rank-math-list-item\">\n<h3 class=\"rank-math-question\"><span class=\"ez-toc-section\" id=\"Why_is_vocal_change_a_risk_after_temporal_fossa_augmentation\"><\/span>Pourquoi une modification de la voix repr\u00e9sente-t-elle un risque apr\u00e8s une augmentation de la fosse temporale\u00a0?<span class=\"ez-toc-section-end\"><\/span><\/h3>\n<div class=\"rank-math-answer\">\n\n<p>La plupart des patients ayant recours \u00e0 la chirurgie de f\u00e9minisation faciale se concentrent sur le remodelage visible du visage, n\u00e9gligeant le r\u00f4le acoustique de la fosse temporale. Cette r\u00e9gion, situ\u00e9e pr\u00e8s des tempes, est influenc\u00e9e par la densit\u00e9 des tissus mous, qui a un impact direct sur la r\u00e9sonance du son dans la partie sup\u00e9rieure du cr\u00e2ne. Les chirurgiens qui ne tiennent pas compte de ce lien risquent d&#039;alt\u00e9rer involontairement la voix du patient lors de l&#039;augmentation.<\/p>\n\n<\/div>\n<\/div>\n<div id=\"faq3\" class=\"rank-math-list-item\">\n<h3 class=\"rank-math-question\"><span class=\"ez-toc-section\" id=\"What_do_FFS_surgeons_say_about_temporal_fossa_and_voice\"><\/span>Que disent les chirurgiens sp\u00e9cialis\u00e9s en f\u00e9minisation faciale \u00e0 propos de la fosse temporale et de la voix\u00a0?<span class=\"ez-toc-section-end\"><\/span><\/h3>\n<div class=\"rank-math-answer\">\n\n<p>Le Dr Mehmet Fatih Okyay, de la clinique Dr. MFO, souligne que toute intervention de remodelage du visage doit prendre en compte les syst\u00e8mes physiologiques adjacents. Son \u00e9quipe \u00e9value les variations de volume des tissus mous par rapport aux cavit\u00e9s vocales avant de proc\u00e9der \u00e0 une augmentation de la fosse temporale, garantissant ainsi aux patientes la f\u00e9minisation faciale souhait\u00e9e sans alt\u00e9rer la clart\u00e9 de leur voix.<\/p>\n\n<\/div>\n<\/div>\n<div id=\"faq4\" class=\"rank-math-list-item\">\n<h3 class=\"rank-math-question\"><span class=\"ez-toc-section\" id=\"Can_vocal_changes_from_temporal_fossa_augmentation_be_reversed\"><\/span>Les modifications vocales cons\u00e9cutives \u00e0 une augmentation de la fosse temporale sont-elles r\u00e9versibles\u00a0?<span class=\"ez-toc-section-end\"><\/span><\/h3>\n<div class=\"rank-math-answer\">\n\n<p>La possibilit\u00e9 de corriger les modifications vocales d\u00e9pend de la m\u00e9thode d&#039;augmentation. Les variations de volume li\u00e9es \u00e0 une greffe de graisse peuvent se stabiliser en 6 \u00e0 12 mois, permettant ainsi \u00e0 la r\u00e9sonance vocale de se stabiliser. L&#039;augmentation par implants n\u00e9cessite une ablation chirurgicale pour restaurer la densit\u00e9 tissulaire initiale. Des exercices d&#039;orthophonie peuvent contribuer \u00e0 r\u00e9\u00e9duquer la projection vocale, quelle que soit la m\u00e9thode utilis\u00e9e.<\/p>\n\n<\/div>\n<\/div>\n<div id=\"faq5\" class=\"rank-math-list-item\">\n<h3 class=\"rank-math-question\"><span class=\"ez-toc-section\" id=\"How_can_I_protect_my_voice_during_FFS_temporal_fossa_work\"><\/span>Comment puis-je prot\u00e9ger ma voix lors d&#039;une intervention de f\u00e9minisation faciale au niveau de la fosse temporale ?<span class=\"ez-toc-section-end\"><\/span><\/h3>\n<div class=\"rank-math-answer\">\n\n<p>Commencez par une \u00e9valuation vocale pr\u00e9op\u00e9ratoire avec un orthophoniste afin d&#039;\u00e9tablir un point de r\u00e9f\u00e9rence. Choisissez un chirurgien qui int\u00e8gre la planification acoustique \u00e0 son protocole de chirurgie de f\u00e9moroplastie, comme l&#039;\u00e9quipe du Dr MFO. Privil\u00e9giez les techniques d&#039;augmentation de volume minimalement invasives et suivez les exercices vocaux postop\u00e9ratoires pour maintenir votre projection vocale.<\/p>\n\n<\/div>\n<\/div>\n<div id=\"faq6\" class=\"rank-math-list-item\">\n<h3 class=\"rank-math-question\"><span class=\"ez-toc-section\" id=\"Is_temporal_fossa_augmentation_necessary_for_facial_feminization\"><\/span>L\u2019augmentation de la fosse temporale est-elle n\u00e9cessaire pour la f\u00e9minisation du visage\u00a0?<span class=\"ez-toc-section-end\"><\/span><\/h3>\n<div class=\"rank-math-answer\">\n\n<p>L&#039;augmentation de la fosse temporale est une intervention optionnelle, mais souvent demand\u00e9e pour adoucir le profil et cr\u00e9er un contour des tempes plus f\u00e9minin. Les patients ayant des fosses temporales naturellement profondes en tirent g\u00e9n\u00e9ralement le plus grand b\u00e9n\u00e9fice, mais ceux qui privil\u00e9gient la projection vocale devraient discuter des risques avec leur chirurgien et leur orthophoniste avant de proc\u00e9der \u00e0 l&#039;intervention.<\/p>\n\n<\/div>\n<\/div>\n<\/div>\n<\/div>","protected":false},"excerpt":{"rendered":"<p>Most patients mapping out their facial feminization journey obsess over the jawline, forehead, and nose. Yet a procedure tucked away on the side of the skull\u2014temporal fossa augmentation\u2014can subtly warp the very sound of your voice, often without you realizing it until it\u2019s too late. This silent shift occurs because soft tissue volume changes in [&hellip;]<\/p>\n","protected":false},"author":2,"featured_media":28971,"comment_status":"closed","ping_status":"closed","sticky":false,"template":"","format":"standard","meta":{"_acf_changed":false,"footnotes":""},"categories":[169],"tags":[],"class_list":["post-28905","post","type-post","status-publish","format-standard","has-post-thumbnail","hentry","category-facial-feminization"],"acf":[],"_links":{"self":[{"href":"https:\/\/www.dr-mfo.com\/fr\/wp-json\/wp\/v2\/posts\/28905","targetHints":{"allow":["GET"]}}],"collection":[{"href":"https:\/\/www.dr-mfo.com\/fr\/wp-json\/wp\/v2\/posts"}],"about":[{"href":"https:\/\/www.dr-mfo.com\/fr\/wp-json\/wp\/v2\/types\/post"}],"author":[{"embeddable":true,"href":"https:\/\/www.dr-mfo.com\/fr\/wp-json\/wp\/v2\/users\/2"}],"replies":[{"embeddable":true,"href":"https:\/\/www.dr-mfo.com\/fr\/wp-json\/wp\/v2\/comments?post=28905"}],"version-history":[{"count":1,"href":"https:\/\/www.dr-mfo.com\/fr\/wp-json\/wp\/v2\/posts\/28905\/revisions"}],"predecessor-version":[{"id":28975,"href":"https:\/\/www.dr-mfo.com\/fr\/wp-json\/wp\/v2\/posts\/28905\/revisions\/28975"}],"wp:featuredmedia":[{"embeddable":true,"href":"https:\/\/www.dr-mfo.com\/fr\/wp-json\/wp\/v2\/media\/28971"}],"wp:attachment":[{"href":"https:\/\/www.dr-mfo.com\/fr\/wp-json\/wp\/v2\/media?parent=28905"}],"wp:term":[{"taxonomy":"category","embeddable":true,"href":"https:\/\/www.dr-mfo.com\/fr\/wp-json\/wp\/v2\/categories?post=28905"},{"taxonomy":"post_tag","embeddable":true,"href":"https:\/\/www.dr-mfo.com\/fr\/wp-json\/wp\/v2\/tags?post=28905"}],"curies":[{"name":"wp","href":"https:\/\/api.w.org\/{rel}","templated":true}]}}