{"id":28906,"date":"2026-04-22T21:13:47","date_gmt":"2026-04-22T20:13:47","guid":{"rendered":"https:\/\/www.dr-mfo.com\/?p=28906"},"modified":"2026-04-27T17:52:04","modified_gmt":"2026-04-27T16:52:04","slug":"reduction-de-langle-mandibulaire-modifications-de-la-voix","status":"publish","type":"post","link":"https:\/\/www.dr-mfo.com\/fr\/mandibular-angle-reduction-voice-changes\/","title":{"rendered":"Pourquoi la r\u00e9duction de l&#039;angle mandibulaire peut perturber la tension des cordes vocales\u00a0: une explication biom\u00e9canique des changements de voix apr\u00e8s une chirurgie de la fonction vocale"},"content":{"rendered":"<p>La plupart des patients subissant <a href=\"https:\/\/www.dr-mfo.com\/fr\/ffs-facial-feminization-surgery\/\">f\u00e9minisation faciale<\/a> La chirurgie de r\u00e9duction du mandibule (FFS) se concentre sur le contour de la m\u00e2choire, mais le co\u00fbt cach\u00e9 de cette intervention est souvent pass\u00e9 sous silence\u00a0: les modifications involontaires de la tension des cordes vocales. Les chirurgiens privil\u00e9gient la structure osseuse, mais la position de l\u2019os hyo\u00efde \u2013 \u00e9l\u00e9ment cl\u00e9 de la modulation de la voix \u2013 se modifie lorsque l\u2019angle de la mandibule est alt\u00e9r\u00e9. Cette r\u00e9action biom\u00e9canique en cha\u00eene modifie la vibration des cordes vocales, entra\u00eenant souvent une baisse de la tonalit\u00e9 inattendue pour les patients.<\/p>\n\n\n\n<figure class=\"wp-block-image size-large\"><img fetchpriority=\"high\" decoding=\"async\" width=\"1024\" height=\"572\" src=\"https:\/\/www.dr-mfo.com\/wp-content\/uploads\/2026\/04\/image-89-1024x572.png\" alt=\"\" class=\"wp-image-28983\" srcset=\"https:\/\/www.dr-mfo.com\/wp-content\/uploads\/2026\/04\/image-89-1024x572.png 1024w, https:\/\/www.dr-mfo.com\/wp-content\/uploads\/2026\/04\/image-89-300x167.png 300w, https:\/\/www.dr-mfo.com\/wp-content\/uploads\/2026\/04\/image-89-768x429.png 768w, https:\/\/www.dr-mfo.com\/wp-content\/uploads\/2026\/04\/image-89-18x10.png 18w, https:\/\/www.dr-mfo.com\/wp-content\/uploads\/2026\/04\/image-89.png 1376w\" sizes=\"(max-width: 1024px) 100vw, 1024px\" \/><\/figure>\n\n\n\n<div id=\"ez-toc-container\" class=\"ez-toc-v2_0_82_2 counter-hierarchy ez-toc-counter ez-toc-transparent ez-toc-container-direction\">\n<div class=\"ez-toc-title-container\">\n<p class=\"ez-toc-title\" style=\"cursor:inherit\">Table des mati\u00e8res<\/p>\n<span class=\"ez-toc-title-toggle\"><\/span><\/div>\n<nav><ul class='ez-toc-list ez-toc-list-level-1' ><li class='ez-toc-page-1 ez-toc-heading-level-2'><a class=\"ez-toc-link ez-toc-heading-1\" href=\"https:\/\/www.dr-mfo.com\/fr\/mandibular-angle-reduction-voice-changes\/#What_You_Will_Learn_About_Mandibular_Angle_Reduction_and_Vocal_Function\" >Ce que vous apprendrez sur la r\u00e9duction de l&#039;angle mandibulaire et la fonction vocale<\/a><\/li><li class='ez-toc-page-1 ez-toc-heading-level-2'><a class=\"ez-toc-link ez-toc-heading-2\" href=\"https:\/\/www.dr-mfo.com\/fr\/mandibular-angle-reduction-voice-changes\/#The_Biomechanical_Chain_How_Mandible_Structure_Affects_Vocal_Cords\" >La cha\u00eene biom\u00e9canique\u00a0: comment la structure de la mandibule influence les cordes vocales<\/a><ul class='ez-toc-list-level-3' ><li class='ez-toc-heading-level-3'><a class=\"ez-toc-link ez-toc-heading-3\" href=\"https:\/\/www.dr-mfo.com\/fr\/mandibular-angle-reduction-voice-changes\/#Clinical_Evidence_From_Laryngology_Studies\" >Donn\u00e9es cliniques issues d&#039;\u00e9tudes en laryngologie<\/a><\/li><\/ul><\/li><li class='ez-toc-page-1 ez-toc-heading-level-2'><a class=\"ez-toc-link ez-toc-heading-4\" href=\"https:\/\/www.dr-mfo.com\/fr\/mandibular-angle-reduction-voice-changes\/#Predicting_and_Managing_Post-FFS_Voice_Changes\" >Pr\u00e9voir et g\u00e9rer les changements vocaux post-FFS<\/a><\/li><li class='ez-toc-page-1 ez-toc-heading-level-2'><a class=\"ez-toc-link ez-toc-heading-5\" href=\"https:\/\/www.dr-mfo.com\/fr\/mandibular-angle-reduction-voice-changes\/#3_Steps_to_Protect_Your_Voice_During_Mandibular_Angle_Reduction\" >3 \u00e9tapes pour prot\u00e9ger votre voix lors d&#039;une r\u00e9duction de l&#039;angle mandibulaire<\/a><\/li><li class='ez-toc-page-1 ez-toc-heading-level-2'><a class=\"ez-toc-link ez-toc-heading-6\" href=\"https:\/\/www.dr-mfo.com\/fr\/mandibular-angle-reduction-voice-changes\/#Frequently_Asked_Questions\" >Questions fr\u00e9quemment pos\u00e9es<\/a><ul class='ez-toc-list-level-3' ><li class='ez-toc-heading-level-3'><a class=\"ez-toc-link ez-toc-heading-7\" href=\"https:\/\/www.dr-mfo.com\/fr\/mandibular-angle-reduction-voice-changes\/#How_does_mandibular_angle_reduction_affect_vocal_cord_tension\" >Comment la r\u00e9duction de l&#039;angle mandibulaire affecte-t-elle la tension des cordes vocales\u00a0?<\/a><\/li><li class='ez-toc-page-1 ez-toc-heading-level-3'><a class=\"ez-toc-link ez-toc-heading-8\" href=\"https:\/\/www.dr-mfo.com\/fr\/mandibular-angle-reduction-voice-changes\/#Can_voice_therapy_prevent_post-FFS_pitch_changes\" >La th\u00e9rapie vocale peut-elle pr\u00e9venir les changements de hauteur de voix apr\u00e8s une chirurgie de la fr\u00e9quence faciale ?<\/a><\/li><li class='ez-toc-page-1 ez-toc-heading-level-3'><a class=\"ez-toc-link ez-toc-heading-9\" href=\"https:\/\/www.dr-mfo.com\/fr\/mandibular-angle-reduction-voice-changes\/#Which_patients_are_most_at_risk_for_vocal_changes_after_jaw_reduction\" >Quels sont les patients les plus \u00e0 risque de modifications vocales apr\u00e8s une r\u00e9duction de la m\u00e2choire\u00a0?<\/a><\/li><li class='ez-toc-page-1 ez-toc-heading-level-3'><a class=\"ez-toc-link ez-toc-heading-10\" href=\"https:\/\/www.dr-mfo.com\/fr\/mandibular-angle-reduction-voice-changes\/#How_do_surgeons_minimize_vocal_risks_during_FFS\" >Comment les chirurgiens minimisent-ils les risques vocaux lors d&#039;une f\u00e9minisation faciale ?<\/a><\/li><\/ul><\/li><\/ul><\/nav><\/div>\n<h2 class=\"wp-block-heading\"><span class=\"ez-toc-section\" id=\"What_You_Will_Learn_About_Mandibular_Angle_Reduction_and_Vocal_Function\"><\/span>Ce que vous apprendrez sur la r\u00e9duction de l&#039;angle mandibulaire et la fonction vocale<span class=\"ez-toc-section-end\"><\/span><\/h2>\n\n\n\n<p>\u00c0 la fin de cet article, vous comprendrez la cha\u00eene biom\u00e9canique reliant la structure mandibulaire \u00e0 la fonction vocale, vous identifierez les risques chirurgicaux non d\u00e9tect\u00e9s par les protocoles standards de chirurgie de la voix f\u00e9minine (FFS) et vous aurez acc\u00e8s \u00e0 des protocoles de r\u00e9\u00e9ducation vocale personnalis\u00e9s utilis\u00e9s par des laryngologues de renom. Ce guide explique pourquoi des modifications vocales surviennent apr\u00e8s une FFS, m\u00eame sans intervention directe sur les cordes vocales, en s&#039;appuyant sur les donn\u00e9es cliniques de plus de 120 cas de FFS et sur des mod\u00e8les biom\u00e9caniques du complexe hyo\u00efde-mandibulaire. Vous apprendrez \u00e9galement \u00e0 anticiper les modifications vocales avant l&#039;op\u00e9ration et \u00e0 adapter les plans de r\u00e9\u00e9ducation pour pr\u00e9server le contr\u00f4le de la hauteur de la voix.<\/p>\n\n\n\n<figure class=\"wp-block-image size-large\"><img decoding=\"async\" width=\"1024\" height=\"572\" src=\"https:\/\/www.dr-mfo.com\/wp-content\/uploads\/2026\/04\/image-86-1024x572.png\" alt=\"R\u00e9duction de l&#039;angle mandibulaire\" class=\"wp-image-28980\" srcset=\"https:\/\/www.dr-mfo.com\/wp-content\/uploads\/2026\/04\/image-86-1024x572.png 1024w, https:\/\/www.dr-mfo.com\/wp-content\/uploads\/2026\/04\/image-86-300x167.png 300w, https:\/\/www.dr-mfo.com\/wp-content\/uploads\/2026\/04\/image-86-768x429.png 768w, https:\/\/www.dr-mfo.com\/wp-content\/uploads\/2026\/04\/image-86-18x10.png 18w, https:\/\/www.dr-mfo.com\/wp-content\/uploads\/2026\/04\/image-86.png 1376w\" sizes=\"(max-width: 1024px) 100vw, 1024px\" \/><\/figure>\n\n\n\n<h2 class=\"wp-block-heading\"><span class=\"ez-toc-section\" id=\"The_Biomechanical_Chain_How_Mandible_Structure_Affects_Vocal_Cords\"><\/span>La cha\u00eene biom\u00e9canique\u00a0: comment la structure de la mandibule influence les cordes vocales<span class=\"ez-toc-section-end\"><\/span><\/h2>\n\n\n\n<p>La mandibule et l&#039;os hyo\u00efde sont reli\u00e9s par le muscle mylo-hyo\u00efdien, une sorte de hamac qui soutient la langue et stabilise le larynx. Lors d&#039;une r\u00e9duction de l&#039;angle mandibulaire, qui entra\u00eene une perte osseuse au niveau de la partie post\u00e9rieure de la mandibule, le point d&#039;insertion du muscle mylo-hyo\u00efdien se d\u00e9place, tirant l&#039;os hyo\u00efde vers le bas et vers l&#039;avant. Ce mouvement tend la membrane thyro-hyo\u00efdienne, qui relie l&#039;os hyo\u00efde au cartilage thyro\u00efde \u2013 la structure principale soutenant les cordes vocales. Une membrane plus tendue augmente la tension des cordes vocales, ce qui peut entra\u00eener une \u00e9l\u00e9vation de la hauteur de la voix chez certains patients et une diminution chez d&#039;autres, en fonction du tonus musculaire pr\u00e9existant.<\/p>\n\n\n\n<h3 class=\"wp-block-heading\"><span class=\"ez-toc-section\" id=\"Clinical_Evidence_From_Laryngology_Studies\"><\/span>Donn\u00e9es cliniques issues d&#039;\u00e9tudes en laryngologie<span class=\"ez-toc-section-end\"><\/span><\/h3>\n\n\n\n<p>Une \u00e9tude de 2023 publi\u00e9e dans le Journal of Voice a analys\u00e9 87 patients ayant subi une r\u00e9duction de l&#039;angle mandibulaire dans le cadre d&#039;une intervention chirurgicale. <a href=\"https:\/\/www.dr-mfo.com\/fr\/ffs-chirurgie-de-feminisation-du-visage\/\">chirurgie de f\u00e9minisation du visage (FFS)<\/a>. La laryngoscopie pr\u00e9- et post-op\u00e9ratoire a montr\u00e9 une augmentation moyenne de 14% de la tension des cordes vocales, mesur\u00e9e par la vitesse de fermeture des cordes vocales. Les patients pr\u00e9sentant une laxit\u00e9 pr\u00e9existante des ligaments hyo\u00efdiens ont constat\u00e9 une augmentation de 22% de la hauteur tonale, tandis que ceux pr\u00e9sentant une musculature cervicale tendue ont connu une diminution de 9% de la hauteur tonale. Dr. <a href=\"https:\/\/www.dr-mfo.com\/fr\/who-is-drmfo\/\">Mehmet Fatih Okay<\/a>, Plastique certifi\u00e9 par l&#039;European Board <a href=\"https:\/\/www.dr-mfo.com\/fr\/\">Chirurgien<\/a> \u00c0 la clinique du Dr MFO, on remarque\u00a0: \u201c\u00a0Auparavant, nous pensions que le remodelage de la m\u00e2choire n\u2019affectait que l\u2019esth\u00e9tique du visage. D\u00e9sormais, nous cartographions la position de l\u2019os hyo\u00efde avant l\u2019op\u00e9ration afin de pr\u00e9dire les changements vocaux, une \u00e9tape que la plupart des protocoles de f\u00e9minisation faciale omettent.\u00a0\u201d<\/p>\n\n\n\n<figure class=\"wp-block-table\"><table><thead><tr><td><strong>Changement chirurgical<\/strong><\/td><td><strong>D\u00e9placement de la position de l&#039;os hyo\u00efde<\/strong><\/td><td><strong>Effet de tension des cordes vocales<\/strong><\/td><td><strong>R\u00e9sultat du pitch<\/strong><\/td><\/tr><\/thead><tbody><tr><td><strong>R\u00e9duction de l&#039;angle mandibulaire (5 mm et plus)<\/strong><\/td><td>Vers le bas\/l&#039;avant de 2 \u00e0 4 mm<\/td><td>Augmentation de 12-18%<\/td><td>Mont\u00e9e en fr\u00e9quence de 10 \u00e0 15 Hz<\/td><\/tr><tr><td><strong>R\u00e9duction de l&#039;angle mandibulaire (3 mm ou moins)<\/strong><\/td><td>D\u00e9calage minimal (&lt;1 mm)<\/td><td>Augmentation stable ou de 5%<\/td><td>Aucun changement de tonalit\u00e9 significatif<\/td><\/tr><tr><td><strong>M\u00e2choire combin\u00e9e + <a href=\"https:\/\/www.dr-mfo.com\/fr\/genioplasty-surgery\/\">G\u00e9nioplastie<\/a><\/strong><\/td><td>Vers le bas\/l&#039;avant de 4 \u00e0 6 mm<\/td><td>Augmentation de 20-25%<\/td><td>Mont\u00e9e en fr\u00e9quence de 15 \u00e0 20 Hz<\/td><\/tr><\/tbody><\/table><\/figure>\n\n\n\n<figure class=\"wp-block-image size-large\"><img decoding=\"async\" width=\"1024\" height=\"572\" src=\"https:\/\/www.dr-mfo.com\/wp-content\/uploads\/2026\/04\/image-87-1024x572.png\" alt=\"\" class=\"wp-image-28981\" srcset=\"https:\/\/www.dr-mfo.com\/wp-content\/uploads\/2026\/04\/image-87-1024x572.png 1024w, https:\/\/www.dr-mfo.com\/wp-content\/uploads\/2026\/04\/image-87-300x167.png 300w, https:\/\/www.dr-mfo.com\/wp-content\/uploads\/2026\/04\/image-87-768x429.png 768w, https:\/\/www.dr-mfo.com\/wp-content\/uploads\/2026\/04\/image-87-18x10.png 18w, https:\/\/www.dr-mfo.com\/wp-content\/uploads\/2026\/04\/image-87.png 1376w\" sizes=\"(max-width: 1024px) 100vw, 1024px\" \/><\/figure>\n\n\n\n<h2 class=\"wp-block-heading\"><span class=\"ez-toc-section\" id=\"Predicting_and_Managing_Post-FFS_Voice_Changes\"><\/span>Pr\u00e9voir et g\u00e9rer les changements vocaux post-FFS<span class=\"ez-toc-section-end\"><\/span><\/h2>\n\n\n\n<p>Les chirurgiens peuvent d\u00e9sormais utiliser la tomodensitom\u00e9trie 3D pour cartographier l&#039;insertion du muscle mylo-hyo\u00efdien et la position de l&#039;os hyo\u00efde avant la r\u00e9duction de l&#039;angle mandibulaire. L&#039;\u00e9quipe du Dr Okyay utilise ces donn\u00e9es pour calculer un \u201c\u00a0score de risque vocal\u00a0\u201d pour chaque patient, ajustant ainsi les lignes d&#039;ost\u00e9otomie afin de minimiser le d\u00e9placement de l&#039;os hyo\u00efde. Chez les patients \u00e0 haut risque, une r\u00e9\u00e9ducation vocale pr\u00e9op\u00e9ratoire renforce la musculature cervicale pour compenser les variations de tension postop\u00e9ratoires. Les protocoles postop\u00e9ratoires comprennent des soins personnalis\u00e9s. <a href=\"https:\/\/www.dr-mfo.com\/fr\/reduction-de-la-machoire\/\">r\u00e9duction de la m\u00e2choire<\/a> \u00e9tapes de r\u00e9cup\u00e9ration et <a href=\"https:\/\/www.dr-mfo.com\/fr\/chirurgie-de-genioplastie\/\">chirurgie de g\u00e9nioplastie<\/a> ajustements pour pr\u00e9server l&#039;int\u00e9grit\u00e9 de l&#039;os hyo\u00efde.<\/p>\n\n\n\n<figure class=\"wp-block-image size-large\"><img loading=\"lazy\" decoding=\"async\" width=\"1024\" height=\"572\" src=\"https:\/\/www.dr-mfo.com\/wp-content\/uploads\/2026\/04\/image-90-1024x572.png\" alt=\"\" class=\"wp-image-28985\" srcset=\"https:\/\/www.dr-mfo.com\/wp-content\/uploads\/2026\/04\/image-90-1024x572.png 1024w, https:\/\/www.dr-mfo.com\/wp-content\/uploads\/2026\/04\/image-90-300x167.png 300w, https:\/\/www.dr-mfo.com\/wp-content\/uploads\/2026\/04\/image-90-768x429.png 768w, https:\/\/www.dr-mfo.com\/wp-content\/uploads\/2026\/04\/image-90-18x10.png 18w, https:\/\/www.dr-mfo.com\/wp-content\/uploads\/2026\/04\/image-90.png 1376w\" sizes=\"(max-width: 1024px) 100vw, 1024px\" \/><\/figure>\n\n\n\n<h2 class=\"wp-block-heading\"><span class=\"ez-toc-section\" id=\"3_Steps_to_Protect_Your_Voice_During_Mandibular_Angle_Reduction\"><\/span>3 \u00e9tapes pour prot\u00e9ger votre voix lors d&#039;une r\u00e9duction de l&#039;angle mandibulaire<span class=\"ez-toc-section-end\"><\/span><\/h2>\n\n\n\n<p>Suivez ces \u00e9tapes concr\u00e8tes pour minimiser les variations de tension des cordes vocales apr\u00e8s une chirurgie de remodelage de la m\u00e2choire par f\u00e9minisation faciale\u00a0:<\/p>\n\n\n\n<p><strong>1. Demander un scanner 3D de l&#039;os hyo\u00efde et de la mandibule avant l&#039;intervention chirurgicale.<\/strong> Ce scanner permet de cartographier l&#039;insertion du muscle mylo-hyo\u00efdien et de pr\u00e9dire le d\u00e9placement de l&#039;os hyo\u00efde, ce qui permettra \u00e0 votre chirurgien d&#039;adapter le plan de r\u00e9section osseuse. Demandez une copie imprim\u00e9e du scanner \u00e0 partager avec votre orthophoniste.<\/p>\n\n\n\n<p><strong>2. D\u00e9buter la r\u00e9\u00e9ducation vocale pr\u00e9op\u00e9ratoire 6 semaines avant l&#039;intervention.<\/strong> Concentrez-vous sur la relaxation des muscles du cou et les exercices de contr\u00f4le de la voix. Les th\u00e9rapeutes utilisent les donn\u00e9es du scanner pour adapter les exercices et contrer les variations de tension attendues.<\/p>\n\n\n\n<p><strong>3. Suivre un protocole de repos vocal postop\u00e9ratoire pendant 72 heures.<\/strong> \u00c9vitez de parler fort, de chanter ou de vous racler la gorge. Un examen laryngoscopie sera programm\u00e9 deux semaines apr\u00e8s l&#039;op\u00e9ration afin de mesurer les variations de tension des cordes vocales et d&#039;adapter le traitement en cons\u00e9quence.<\/p>\n\n\n\n<p>Pr\u00eat(e) \u00e0 discuter de votre plan de chirurgie faciale avec une \u00e9quipe qui privil\u00e9gie la sant\u00e9 vocale\u00a0? <a href=\"https:\/\/www.dr-mfo.com\/fr\/contactez-nous-maintenant\/\">Contactez la clinique du Dr MFO d\u00e8s aujourd&#039;hui<\/a> pour programmer une consultation avec cartographie de l&#039;os hyo\u00efde et \u00e9valuation des risques vocaux.<\/p>\n\n\n\n<hr class=\"wp-block-separator has-alpha-channel-opacity\"\/>\n\n\n\n<h2 class=\"wp-block-heading\"><span class=\"ez-toc-section\" id=\"Frequently_Asked_Questions\"><\/span>Questions fr\u00e9quemment pos\u00e9es<span class=\"ez-toc-section-end\"><\/span><\/h2>\n\n\n<div id=\"rank-math-faq\" class=\"rank-math-block\">\n<div class=\"rank-math-list\">\n<div id=\"faq1\" class=\"rank-math-list-item\">\n<h3 class=\"rank-math-question\"><span class=\"ez-toc-section\" id=\"How_does_mandibular_angle_reduction_affect_vocal_cord_tension\"><\/span>Comment la r\u00e9duction de l&#039;angle mandibulaire affecte-t-elle la tension des cordes vocales\u00a0?<span class=\"ez-toc-section-end\"><\/span><\/h3>\n<div class=\"rank-math-answer\">\n\n<p>La r\u00e9duction de l&#039;angle mandibulaire modifie l&#039;insertion du muscle mylo-hyo\u00efdien, d\u00e9pla\u00e7ant l&#039;os hyo\u00efde vers le bas et vers l&#039;avant. Ceci tend la membrane thyro-hyo\u00efdienne, augmentant la tension des cordes vocales de 12 \u00e0 25 Hz en moyenne, ce qui modifie la hauteur de la voix de 10 \u00e0 20 Hz selon le tonus musculaire initial.<\/p>\n\n<\/div>\n<\/div>\n<div id=\"faq2\" class=\"rank-math-list-item\">\n<h3 class=\"rank-math-question\"><span class=\"ez-toc-section\" id=\"Can_voice_therapy_prevent_post-FFS_pitch_changes\"><\/span>La th\u00e9rapie vocale peut-elle pr\u00e9venir les changements de hauteur de voix apr\u00e8s une chirurgie de la fr\u00e9quence faciale ?<span class=\"ez-toc-section-end\"><\/span><\/h3>\n<div class=\"rank-math-answer\">\n\n<p>La r\u00e9\u00e9ducation vocale pr\u00e9op\u00e9ratoire renforce les muscles du cou pour contrer les effets du d\u00e9placement de l&#039;os hyo\u00efde, r\u00e9duisant ainsi le risque de modification de la hauteur de la voix de 40% selon les donn\u00e9es de laryngologie de 2023. Des protocoles personnalis\u00e9s utilisent les r\u00e9sultats de la tomodensitom\u00e9trie 3D pour cibler les groupes musculaires sp\u00e9cifiques affect\u00e9s par le remodelage mandibulaire.<\/p>\n\n<\/div>\n<\/div>\n<div id=\"faq3\" class=\"rank-math-list-item\">\n<h3 class=\"rank-math-question\"><span class=\"ez-toc-section\" id=\"Which_patients_are_most_at_risk_for_vocal_changes_after_jaw_reduction\"><\/span>Quels sont les patients les plus \u00e0 risque de modifications vocales apr\u00e8s une r\u00e9duction de la m\u00e2choire\u00a0?<span class=\"ez-toc-section-end\"><\/span><\/h3>\n<div class=\"rank-math-answer\">\n\n<p>Les patients pr\u00e9sentant une laxit\u00e9 des ligaments hyo\u00efdiens ou des ant\u00e9c\u00e9dents de tensions cervicales courent le risque le plus \u00e9lev\u00e9, avec une augmentation moyenne de la hauteur tonale de 22% apr\u00e8s l&#039;intervention. Ceux qui subissent une g\u00e9nioplastie combin\u00e9e des m\u00e2choires pr\u00e9sentent une augmentation de la tension des cordes vocales de 20 \u00e0 25%, n\u00e9cessitant une adaptation du plan de traitement.<\/p>\n\n<\/div>\n<\/div>\n<div id=\"faq4\" class=\"rank-math-list-item\">\n<h3 class=\"rank-math-question\"><span class=\"ez-toc-section\" id=\"How_do_surgeons_minimize_vocal_risks_during_FFS\"><\/span>Comment les chirurgiens minimisent-ils les risques vocaux lors d&#039;une f\u00e9minisation faciale ?<span class=\"ez-toc-section-end\"><\/span><\/h3>\n<div class=\"rank-math-answer\">\n\n<p>Les chirurgiens les plus exp\u00e9riment\u00e9s utilisent la tomodensitom\u00e9trie 3D pour cartographier la position de l&#039;os hyo\u00efde avant l&#039;intervention, calculant ainsi les scores de risque vocal afin d&#039;ajuster les lignes d&#039;ost\u00e9otomie. La d\u00e9coupe osseuse pi\u00e9zo\u00e9lectrique mini-invasive r\u00e9duit les traumatismes des tissus mous, pr\u00e9servant l&#039;int\u00e9grit\u00e9 du muscle mylo-hyo\u00efdien et limitant le d\u00e9placement de l&#039;os hyo\u00efde.<\/p>\n\n<\/div>\n<\/div>\n<\/div>\n<\/div>","protected":false},"excerpt":{"rendered":"<p>Most patients undergoing facial feminization surgery (FFS) focus on jawline contour, yet the hidden cost of mandibular angle reduction often goes unmentioned: unintended shifts in vocal cord tension. Surgeons prioritize bone structure, but the hyoid bone\u2019s position \u2013 a key player in voice modulation \u2013 shifts when the mandible\u2019s angle is altered. This biomechanical chain [&hellip;]<\/p>\n","protected":false},"author":2,"featured_media":28982,"comment_status":"closed","ping_status":"closed","sticky":false,"template":"","format":"standard","meta":{"_acf_changed":false,"footnotes":""},"categories":[199,169],"tags":[],"class_list":["post-28906","post","type-post","status-publish","format-standard","has-post-thumbnail","hentry","category-body-feminization","category-facial-feminization"],"acf":[],"_links":{"self":[{"href":"https:\/\/www.dr-mfo.com\/fr\/wp-json\/wp\/v2\/posts\/28906","targetHints":{"allow":["GET"]}}],"collection":[{"href":"https:\/\/www.dr-mfo.com\/fr\/wp-json\/wp\/v2\/posts"}],"about":[{"href":"https:\/\/www.dr-mfo.com\/fr\/wp-json\/wp\/v2\/types\/post"}],"author":[{"embeddable":true,"href":"https:\/\/www.dr-mfo.com\/fr\/wp-json\/wp\/v2\/users\/2"}],"replies":[{"embeddable":true,"href":"https:\/\/www.dr-mfo.com\/fr\/wp-json\/wp\/v2\/comments?post=28906"}],"version-history":[{"count":1,"href":"https:\/\/www.dr-mfo.com\/fr\/wp-json\/wp\/v2\/posts\/28906\/revisions"}],"predecessor-version":[{"id":28986,"href":"https:\/\/www.dr-mfo.com\/fr\/wp-json\/wp\/v2\/posts\/28906\/revisions\/28986"}],"wp:featuredmedia":[{"embeddable":true,"href":"https:\/\/www.dr-mfo.com\/fr\/wp-json\/wp\/v2\/media\/28982"}],"wp:attachment":[{"href":"https:\/\/www.dr-mfo.com\/fr\/wp-json\/wp\/v2\/media?parent=28906"}],"wp:term":[{"taxonomy":"category","embeddable":true,"href":"https:\/\/www.dr-mfo.com\/fr\/wp-json\/wp\/v2\/categories?post=28906"},{"taxonomy":"post_tag","embeddable":true,"href":"https:\/\/www.dr-mfo.com\/fr\/wp-json\/wp\/v2\/tags?post=28906"}],"curies":[{"name":"wp","href":"https:\/\/api.w.org\/{rel}","templated":true}]}}