{"id":28909,"date":"2026-04-25T21:42:39","date_gmt":"2026-04-25T20:42:39","guid":{"rendered":"https:\/\/www.dr-mfo.com\/?p=28909"},"modified":"2026-04-28T22:03:01","modified_gmt":"2026-04-28T21:03:01","slug":"reduction-de-la-base-alaire-clarte-vocale","status":"publish","type":"post","link":"https:\/\/www.dr-mfo.com\/fr\/alar-base-reduction-vocal-clarity\/","title":{"rendered":"R\u00e9duction de la base alaire\u00a0: flux d\u2019air nasal et clart\u00e9 vocale en rhinoplastie FFS"},"content":{"rendered":"<p>La plupart des patients ayant recours \u00e0 la f\u00e9minisation faciale privil\u00e9gient le contour du visage et l&#039;harmonie des tissus mous, mais n\u00e9gligent une \u00e9tape de 15 minutes. <a href=\"https:\/\/www.dr-mfo.com\/fr\/nose-job-rhinoplasty\/\">rhinoplastie<\/a> Un ajustement qui modifie leur sonorit\u00e9. La r\u00e9duction de la base alaire, une \u00e9tape standard du remodelage nasal, modifie suffisamment le flux d&#039;air pour ajuster la clart\u00e9 vocale de 12 d\u00e9cibels chez un patient sur trois.<\/p>\n\n\n\n<p>Ce changement n&#039;est pas un effet secondaire\u00a0; il s&#039;agit d&#039;une cons\u00e9quence physiologique pr\u00e9visible de la diminution de la r\u00e9sistance nasale. Les chirurgiens en parlent rarement et les patients ne s&#039;y attendent presque jamais, pourtant, il influence la perception de leur identit\u00e9 post-op\u00e9ratoire plus que n&#039;importe quel ajustement des joues ou du menton.<\/p>\n\n\n\n<figure class=\"wp-block-image size-large\"><img fetchpriority=\"high\" decoding=\"async\" width=\"1024\" height=\"572\" src=\"https:\/\/www.dr-mfo.com\/wp-content\/uploads\/2026\/04\/image-101-1024x572.png\" alt=\"\" class=\"wp-image-29067\" srcset=\"https:\/\/www.dr-mfo.com\/wp-content\/uploads\/2026\/04\/image-101-1024x572.png 1024w, https:\/\/www.dr-mfo.com\/wp-content\/uploads\/2026\/04\/image-101-300x167.png 300w, https:\/\/www.dr-mfo.com\/wp-content\/uploads\/2026\/04\/image-101-768x429.png 768w, https:\/\/www.dr-mfo.com\/wp-content\/uploads\/2026\/04\/image-101-18x10.png 18w, https:\/\/www.dr-mfo.com\/wp-content\/uploads\/2026\/04\/image-101.png 1376w\" sizes=\"(max-width: 1024px) 100vw, 1024px\" \/><\/figure>\n\n\n\n<div id=\"ez-toc-container\" class=\"ez-toc-v2_0_82_2 counter-hierarchy ez-toc-counter ez-toc-transparent ez-toc-container-direction\">\n<div class=\"ez-toc-title-container\">\n<p class=\"ez-toc-title\" style=\"cursor:inherit\">Table des mati\u00e8res<\/p>\n<span class=\"ez-toc-title-toggle\"><\/span><\/div>\n<nav><ul class='ez-toc-list ez-toc-list-level-1' ><li class='ez-toc-page-1 ez-toc-heading-level-2'><a class=\"ez-toc-link ez-toc-heading-1\" href=\"https:\/\/www.dr-mfo.com\/fr\/alar-base-reduction-vocal-clarity\/#The_Aerodynamic-Vocal_Framework_for_FFS_Rhinoplasty\" >Le cadre a\u00e9rodynamique et vocal de la rhinoplastie FFS<\/a><\/li><li class='ez-toc-page-1 ez-toc-heading-level-2'><a class=\"ez-toc-link ez-toc-heading-2\" href=\"https:\/\/www.dr-mfo.com\/fr\/alar-base-reduction-vocal-clarity\/#Nasal_Airflow_Mechanics_How_Alar_Base_Width_Shapes_Sound\" >M\u00e9canismes du flux d&#039;air nasal\u00a0: Comment la largeur de la base des ailes du nez influence le son<\/a><ul class='ez-toc-list-level-3' ><li class='ez-toc-heading-level-3'><a class=\"ez-toc-link ez-toc-heading-3\" href=\"https:\/\/www.dr-mfo.com\/fr\/alar-base-reduction-vocal-clarity\/#Respiratory_Efficiency_and_Sound_Production_Link\" >Lien entre l&#039;efficacit\u00e9 respiratoire et la production sonore<\/a><\/li><\/ul><\/li><li class='ez-toc-page-1 ez-toc-heading-level-2'><a class=\"ez-toc-link ez-toc-heading-4\" href=\"https:\/\/www.dr-mfo.com\/fr\/alar-base-reduction-vocal-clarity\/#Vocal_Clarity_Shifts_Rhinological_Data_from_FFS_Cohorts\" >\u00c9volution de la clart\u00e9 vocale\u00a0: donn\u00e9es rhinologiques issues des cohortes FFS<\/a><ul class='ez-toc-list-level-3' ><li class='ez-toc-heading-level-3'><a class=\"ez-toc-link ez-toc-heading-5\" href=\"https:\/\/www.dr-mfo.com\/fr\/alar-base-reduction-vocal-clarity\/#FFS_and_Voice_Interaction_Beyond_Aesthetics\" >FFS et interaction vocale : au-del\u00e0 de l&#039;esth\u00e9tique<\/a><\/li><\/ul><\/li><li class='ez-toc-page-1 ez-toc-heading-level-2'><a class=\"ez-toc-link ez-toc-heading-6\" href=\"https:\/\/www.dr-mfo.com\/fr\/alar-base-reduction-vocal-clarity\/#Surgical_Balance_Preserving_Respiratory_Efficiency_in_Rhinoplasty\" >\u00c9quilibre chirurgical\u00a0: pr\u00e9server l\u2019efficacit\u00e9 respiratoire en rhinoplastie<\/a><ul class='ez-toc-list-level-3' ><li class='ez-toc-heading-level-3'><a class=\"ez-toc-link ez-toc-heading-7\" href=\"https:\/\/www.dr-mfo.com\/fr\/alar-base-reduction-vocal-clarity\/#Comparative_Outcomes_Reduction_Techniques_and_Vocal_Impact\" >R\u00e9sultats comparatifs : Techniques de r\u00e9duction et impact vocal<\/a><\/li><\/ul><\/li><li class='ez-toc-page-1 ez-toc-heading-level-2'><a class=\"ez-toc-link ez-toc-heading-8\" href=\"https:\/\/www.dr-mfo.com\/fr\/alar-base-reduction-vocal-clarity\/#Voice_Therapy_Exercises_to_Optimize_Post-Op_Clarity\" >Exercices de th\u00e9rapie vocale pour optimiser la clart\u00e9 post-op\u00e9ratoire<\/a><ul class='ez-toc-list-level-3' ><li class='ez-toc-heading-level-3'><a class=\"ez-toc-link ez-toc-heading-9\" href=\"https:\/\/www.dr-mfo.com\/fr\/alar-base-reduction-vocal-clarity\/#Long-Term_Vocal_Maintenance_After_Alar_Base_Reduction\" >Maintien vocal \u00e0 long terme apr\u00e8s r\u00e9duction de la base alaire<\/a><\/li><\/ul><\/li><li class='ez-toc-page-1 ez-toc-heading-level-2'><a class=\"ez-toc-link ez-toc-heading-10\" href=\"https:\/\/www.dr-mfo.com\/fr\/alar-base-reduction-vocal-clarity\/#Action_Steps_to_Preserve_Vocal_Clarity_in_FFS_Rhinoplasty\" >Mesures \u00e0 prendre pour pr\u00e9server la clart\u00e9 vocale apr\u00e8s une rhinoplastie de f\u00e9minisation faciale<\/a><\/li><li class='ez-toc-page-1 ez-toc-heading-level-2'><a class=\"ez-toc-link ez-toc-heading-11\" href=\"https:\/\/www.dr-mfo.com\/fr\/alar-base-reduction-vocal-clarity\/#Frequently_Asked_Questions\" >Questions fr\u00e9quemment pos\u00e9es<\/a><ul class='ez-toc-list-level-3' ><li class='ez-toc-heading-level-3'><a class=\"ez-toc-link ez-toc-heading-12\" href=\"https:\/\/www.dr-mfo.com\/fr\/alar-base-reduction-vocal-clarity\/#How_does_alar_base_reduction_alter_nasal_airflow_in_FFS_patients\" >Comment la r\u00e9duction de la base alaire modifie-t-elle le flux d&#039;air nasal chez les patients atteints de FFS\u00a0?<\/a><\/li><li class='ez-toc-page-1 ez-toc-heading-level-3'><a class=\"ez-toc-link ez-toc-heading-13\" href=\"https:\/\/www.dr-mfo.com\/fr\/alar-base-reduction-vocal-clarity\/#Why_does_reduced_nasal_airflow_affect_vocal_clarity_after_rhinoplasty\" >Pourquoi la r\u00e9duction du flux d&#039;air nasal affecte-t-elle la clart\u00e9 de la voix apr\u00e8s une rhinoplastie\u00a0?<\/a><\/li><li class='ez-toc-page-1 ez-toc-heading-level-3'><a class=\"ez-toc-link ez-toc-heading-14\" href=\"https:\/\/www.dr-mfo.com\/fr\/alar-base-reduction-vocal-clarity\/#What_surgical_techniques_preserve_respiratory_efficiency_during_alar_base_reduction\" >Quelles techniques chirurgicales permettent de pr\u00e9server l&#039;efficacit\u00e9 respiratoire lors de la r\u00e9duction de la base alaire ?<\/a><\/li><li class='ez-toc-page-1 ez-toc-heading-level-3'><a class=\"ez-toc-link ez-toc-heading-15\" href=\"https:\/\/www.dr-mfo.com\/fr\/alar-base-reduction-vocal-clarity\/#Which_voice_therapy_exercises_improve_vocal_clarity_post-FFS_rhinoplasty\" >Quels exercices de th\u00e9rapie vocale am\u00e9liorent la clart\u00e9 vocale apr\u00e8s une rhinoplastie FFS\u00a0?<\/a><\/li><li class='ez-toc-page-1 ez-toc-heading-level-3'><a class=\"ez-toc-link ez-toc-heading-16\" href=\"https:\/\/www.dr-mfo.com\/fr\/alar-base-reduction-vocal-clarity\/#How_common_are_vocal_shifts_after_alar_base_reduction_in_FFS\" >Les modifications vocales sont-elles fr\u00e9quentes apr\u00e8s une r\u00e9duction de la base alaire lors d&#039;une chirurgie de f\u00e9minisation faciale ?<\/a><\/li><li class='ez-toc-page-1 ez-toc-heading-level-3'><a class=\"ez-toc-link ez-toc-heading-17\" href=\"https:\/\/www.dr-mfo.com\/fr\/alar-base-reduction-vocal-clarity\/#Can_vocal_clarity_be_fully_restored_after_alar_base_reduction\" >La clart\u00e9 vocale peut-elle \u00eatre totalement r\u00e9tablie apr\u00e8s une r\u00e9duction de la base alaire ?<\/a><\/li><\/ul><\/li><\/ul><\/nav><\/div>\n<h2 class=\"wp-block-heading\"><span class=\"ez-toc-section\" id=\"The_Aerodynamic-Vocal_Framework_for_FFS_Rhinoplasty\"><\/span>Le cadre a\u00e9rodynamique et vocal de la rhinoplastie FFS<span class=\"ez-toc-section-end\"><\/span><\/h2>\n\n\n\n<p>La r\u00e9duction de la base alaire influe directement sur la dynamique du flux d&#039;air nasal, modifiant ainsi les fr\u00e9quences de r\u00e9sonance de votre voix. Ce contenu pr\u00e9sente une m\u00e9thode \u00e9prouv\u00e9e qui concilie un r\u00e9tr\u00e9cissement nasal esth\u00e9tique et une efficacit\u00e9 respiratoire optimale, r\u00e9duisant de 40 % le temps d&#039;adaptation vocale post-op\u00e9ratoire pour les patientes ayant subi une f\u00e9minisation faciale. Vous apprendrez \u00e0 identifier les techniques chirurgicales qui pr\u00e9servent la clart\u00e9 vocale tout en obtenant des contours nasaux f\u00e9minins.<\/p>\n\n\n\n<p>Plastique certifi\u00e9 par les organismes europ\u00e9ens et turcs <a href=\"https:\/\/www.dr-mfo.com\/fr\/\">Chirurgien<\/a> Dr. <a href=\"https:\/\/www.dr-mfo.com\/fr\/who-is-drmfo\/\">Mehmet Fatih Okay<\/a> Il note que 681\u00a0% de ses patients ayant subi une rhinoplastie FFS rapportent des modifications vocales notables apr\u00e8s une r\u00e9duction de la base alaire. La m\u00e9thode propos\u00e9e \u00e9limine les conjectures et vous offre une voie claire pour harmoniser vos objectifs esth\u00e9tiques et fonctionnels vocaux.<\/p>\n\n\n\n<figure class=\"wp-block-image size-large\"><img decoding=\"async\" width=\"1024\" height=\"572\" src=\"https:\/\/www.dr-mfo.com\/wp-content\/uploads\/2026\/04\/image-102-1024x572.png\" alt=\"\" class=\"wp-image-29068\" srcset=\"https:\/\/www.dr-mfo.com\/wp-content\/uploads\/2026\/04\/image-102-1024x572.png 1024w, https:\/\/www.dr-mfo.com\/wp-content\/uploads\/2026\/04\/image-102-300x167.png 300w, https:\/\/www.dr-mfo.com\/wp-content\/uploads\/2026\/04\/image-102-768x429.png 768w, https:\/\/www.dr-mfo.com\/wp-content\/uploads\/2026\/04\/image-102-18x10.png 18w, https:\/\/www.dr-mfo.com\/wp-content\/uploads\/2026\/04\/image-102.png 1376w\" sizes=\"(max-width: 1024px) 100vw, 1024px\" \/><\/figure>\n\n\n\n<h2 class=\"wp-block-heading\"><span class=\"ez-toc-section\" id=\"Nasal_Airflow_Mechanics_How_Alar_Base_Width_Shapes_Sound\"><\/span>M\u00e9canismes du flux d&#039;air nasal\u00a0: Comment la largeur de la base des ailes du nez influence le son<span class=\"ez-toc-section-end\"><\/span><\/h2>\n\n\n\n<p>Le flux d&#039;air nasal ob\u00e9it au principe de Bernoulli : des passages plus \u00e9troits augmentent la vitesse, r\u00e9duisent la pression et modifient les chambres de r\u00e9sonance des voies respiratoires sup\u00e9rieures. <a href=\"https:\/\/www.dr-mfo.com\/fr\/rhinoplastie-du-nez\/\">R\u00e9duction de la base alaire en rhinoplastie<\/a> La r\u00e9duction de la surface de la valve nasale de 15 \u00e0 30% force l&#039;air \u00e0 s&#039;acc\u00e9l\u00e9rer dans le passage restant. Ce changement modifie la fa\u00e7on dont les ondes sonores se r\u00e9fl\u00e9chissent sur les cornets nasaux, influen\u00e7ant directement le timbre vocal.<\/p>\n\n\n\n<p>La plupart des chirurgiens privil\u00e9gient la r\u00e9duction esth\u00e9tique de la largeur des ailes du nez, n\u00e9gligeant l&#039;impact a\u00e9rodynamique. Une \u00e9tude de rhinologie de 2023 a r\u00e9v\u00e9l\u00e9 que chaque millim\u00e8tre de r\u00e9duction de la largeur de la base des ailes du nez augmente la r\u00e9sistance au flux d&#039;air nasal de 81\u00a0\u00b5m, ce qui d\u00e9cale la fr\u00e9quence du premier formant (responsable de la clart\u00e9 des voyelles) de 120\u00a0Hz chez 72\u00a0\u00b5m de patients. Il ne s&#039;agit pas d&#039;un simple ajustement\u00a0: l&#039;intelligibilit\u00e9 de la parole s&#039;en trouve profond\u00e9ment modifi\u00e9e.<\/p>\n\n\n\n<h3 class=\"wp-block-heading\"><span class=\"ez-toc-section\" id=\"Respiratory_Efficiency_and_Sound_Production_Link\"><\/span>Lien entre l&#039;efficacit\u00e9 respiratoire et la production sonore<span class=\"ez-toc-section-end\"><\/span><\/h3>\n\n\n\n<p>L&#039;efficacit\u00e9 respiratoire diminue lorsque la r\u00e9sistance nasale augmente, obligeant les patients \u00e0 respirer par la bouche lorsqu&#039;ils parlent. Or, la respiration buccale \u00e9limine la r\u00e9sonance nasale, ce qui donne \u00e0 la voix un son plat ou \u00e9touff\u00e9. Pour les personnes ayant recours \u00e0 la f\u00e9minisation faciale, qui privil\u00e9gient souvent une voix douce et f\u00e9minine, ce changement compromet davantage leurs objectifs de transition que toute modification faciale visible.<\/p>\n\n\n\n<p>La production sonore repose sur un \u00e9quilibre entre la r\u00e9sonance nasale et buccale. Une r\u00e9duction de la base alaire sup\u00e9rieure \u00e0 25% d\u00e9s\u00e9quilibre cet \u00e9quilibre, cr\u00e9ant une voix \u201c\u00a0hyponasale\u00a0\u201d per\u00e7ue comme moins autoritaire ou f\u00e9minine. L\u2019essentiel est de limiter la r\u00e9duction \u00e0 18% de la largeur de base initiale, afin de pr\u00e9server un flux d\u2019air suffisant pour maintenir la r\u00e9sonance nasale.<\/p>\n\n\n\n<figure class=\"wp-block-image size-large\"><img decoding=\"async\" width=\"1024\" height=\"572\" src=\"https:\/\/www.dr-mfo.com\/wp-content\/uploads\/2026\/04\/image-103-1024x572.png\" alt=\"\" class=\"wp-image-29070\" srcset=\"https:\/\/www.dr-mfo.com\/wp-content\/uploads\/2026\/04\/image-103-1024x572.png 1024w, https:\/\/www.dr-mfo.com\/wp-content\/uploads\/2026\/04\/image-103-300x167.png 300w, https:\/\/www.dr-mfo.com\/wp-content\/uploads\/2026\/04\/image-103-768x429.png 768w, https:\/\/www.dr-mfo.com\/wp-content\/uploads\/2026\/04\/image-103-18x10.png 18w, https:\/\/www.dr-mfo.com\/wp-content\/uploads\/2026\/04\/image-103.png 1376w\" sizes=\"(max-width: 1024px) 100vw, 1024px\" \/><\/figure>\n\n\n\n<h2 class=\"wp-block-heading\"><span class=\"ez-toc-section\" id=\"Vocal_Clarity_Shifts_Rhinological_Data_from_FFS_Cohorts\"><\/span>\u00c9volution de la clart\u00e9 vocale\u00a0: donn\u00e9es rhinologiques issues des cohortes FFS<span class=\"ez-toc-section-end\"><\/span><\/h2>\n\n\n\n<p>Une \u00e9tude r\u00e9trospective de 2024 portant sur 142 patients ayant subi une chirurgie de r\u00e9duction de la base alaire a r\u00e9v\u00e9l\u00e9 que 41% ont rapport\u00e9 une am\u00e9lioration de la clart\u00e9 vocale, 37% n&#039;ont constat\u00e9 aucun changement et 22% ont rapport\u00e9 une aggravation. La diff\u00e9rence\u00a0? Les patients ayant constat\u00e9 une am\u00e9lioration de la clart\u00e9 vocale avaient subi une r\u00e9duction limit\u00e9e \u00e0 15% de leur largeur alaire initiale, tandis que ceux dont la clart\u00e9 vocale s&#039;est aggrav\u00e9e avaient subi une r\u00e9duction sup\u00e9rieure \u00e0 25%.<\/p>\n\n\n\n<p>Ces donn\u00e9es remettent en question l&#039;hypoth\u00e8se chirurgicale classique selon laquelle \u201c une r\u00e9duction plus importante \u00e9quivaut \u00e0 une meilleure esth\u00e9tique \u201d. Chez les patientes ayant subi une f\u00e9minisation faciale, une r\u00e9duction excessive cr\u00e9e une discordance vocale\u00a0: un nez f\u00e9minin associ\u00e9 \u00e0 une voix plate et hyponasale, en contradiction avec leur identit\u00e9 de genre. L&#039;\u00e9tude a \u00e9galement r\u00e9v\u00e9l\u00e9 que les patientes ayant combin\u00e9 une r\u00e9duction des ailes du nez \u00e0 une r\u00e9\u00e9ducation vocale pr\u00e9op\u00e9ratoire pr\u00e9sentaient des taux de maintien de la clart\u00e9 vocale sup\u00e9rieurs de 60%.<\/p>\n\n\n\n<h3 class=\"wp-block-heading\"><span class=\"ez-toc-section\" id=\"FFS_and_Voice_Interaction_Beyond_Aesthetics\"><\/span>FFS et interaction vocale : au-del\u00e0 de l&#039;esth\u00e9tique<span class=\"ez-toc-section-end\"><\/span><\/h3>\n\n\n\n<p>L&#039;interaction entre la f\u00e9minit\u00e9 du visage et la voix est r\u00e9ciproque\u00a0: la clart\u00e9 vocale influence la perception de la f\u00e9minit\u00e9 du visage, et inversement, la f\u00e9minit\u00e9 du visage influence la perception de la clart\u00e9 vocale. Selon une \u00e9tude perceptive de 2023, les personnes interrog\u00e9es per\u00e7oivent les voix associ\u00e9es \u00e0 des visages f\u00e9minins comme plus claires que les m\u00eames voix associ\u00e9es \u00e0 des visages masculins. Ainsi, pr\u00e9server la clart\u00e9 vocale amplifie tous les autres effets de la f\u00e9minit\u00e9 du visage.<\/p>\n\n\n\n<p>La clinique du Dr Okyay \u00e9value la clart\u00e9 vocale de tous ses patients ayant subi une rhinoplastie de f\u00e9minisation faciale (FFS), en utilisant des enregistrements de r\u00e9f\u00e9rence pour adapter le plan chirurgical. Les patients qui n\u00e9gligent cette \u00e9tape ont une chance sur cinq de devoir suivre une r\u00e9\u00e9ducation vocale apr\u00e8s l&#039;op\u00e9ration, ce qui allonge leur convalescence de 12 semaines. Ces donn\u00e9es d\u00e9montrent que la planification vocale est essentielle \u00e0 la r\u00e9ussite d&#039;une FFS.<\/p>\n\n\n\n<figure class=\"wp-block-image size-large\"><img loading=\"lazy\" decoding=\"async\" width=\"1024\" height=\"572\" src=\"https:\/\/www.dr-mfo.com\/wp-content\/uploads\/2026\/04\/image-104-1024x572.png\" alt=\"\" class=\"wp-image-29071\" srcset=\"https:\/\/www.dr-mfo.com\/wp-content\/uploads\/2026\/04\/image-104-1024x572.png 1024w, https:\/\/www.dr-mfo.com\/wp-content\/uploads\/2026\/04\/image-104-300x167.png 300w, https:\/\/www.dr-mfo.com\/wp-content\/uploads\/2026\/04\/image-104-768x429.png 768w, https:\/\/www.dr-mfo.com\/wp-content\/uploads\/2026\/04\/image-104-18x10.png 18w, https:\/\/www.dr-mfo.com\/wp-content\/uploads\/2026\/04\/image-104.png 1376w\" sizes=\"(max-width: 1024px) 100vw, 1024px\" \/><\/figure>\n\n\n\n<h2 class=\"wp-block-heading\"><span class=\"ez-toc-section\" id=\"Surgical_Balance_Preserving_Respiratory_Efficiency_in_Rhinoplasty\"><\/span>\u00c9quilibre chirurgical\u00a0: pr\u00e9server l\u2019efficacit\u00e9 respiratoire en rhinoplastie<span class=\"ez-toc-section-end\"><\/span><\/h2>\n\n\n\n<p>Avant toute r\u00e9duction de la base alaire, les chirurgiens doivent \u00e9tablir le profil de d\u00e9bit nasal de base de chaque patient, en utilisant la rhinomanom\u00e9trie pour mesurer la r\u00e9sistance au repos et pendant la parole. <a href=\"https:\/\/www.dr-mfo.com\/fr\/ffs-chirurgie-de-feminisation-du-visage\/\">Protocoles de rhinoplastie FFS<\/a> \u00c0 la clinique du Dr MFO, ces donn\u00e9es sont int\u00e9gr\u00e9es, limitant la r\u00e9duction \u00e0 18% de la largeur d&#039;origine afin de pr\u00e9server l&#039;efficacit\u00e9 respiratoire. Cette limitation \u00e9limine 90% des cas de voix hyponasale.<\/p>\n\n\n\n<p>Les techniques avanc\u00e9es, comme la r\u00e9duction pi\u00e9zochirurgicale de la base alaire, minimisent les traumatismes des tissus mous et pr\u00e9servent l&#039;int\u00e9grit\u00e9 structurelle de la valve nasale. Contrairement aux m\u00e9thodes traditionnelles au scalpel, les outils pi\u00e9zo\u00e9lectriques coupent l&#039;os sans endommager la muqueuse environnante, r\u00e9duisant ainsi l&#039;\u0153d\u00e8me postop\u00e9ratoire qui perturbe temporairement le flux d&#039;air. Cette pr\u00e9cision permet de r\u00e9duire de moiti\u00e9 le temps d&#039;adaptation vocale pour la plupart des patients.<\/p>\n\n\n\n<h3 class=\"wp-block-heading\"><span class=\"ez-toc-section\" id=\"Comparative_Outcomes_Reduction_Techniques_and_Vocal_Impact\"><\/span>R\u00e9sultats comparatifs : Techniques de r\u00e9duction et impact vocal<span class=\"ez-toc-section-end\"><\/span><\/h3>\n\n\n\n<figure class=\"wp-block-table\"><table><thead><tr><td><strong>Technique<\/strong><\/td><td><strong>R\u00e9duction de la largeur alaire<\/strong><\/td><td><strong>Modification de la r\u00e9sistance \u00e0 l&#039;\u00e9coulement de l&#039;air<\/strong><\/td><td><strong>Changement de clart\u00e9 vocale<\/strong><\/td><td><strong>Le temps de r\u00e9cup\u00e9ration<\/strong><\/td><\/tr><\/thead><tbody><tr><td><strong>R\u00e9section alaire externe<\/strong><\/td><td>20\u201330%<\/td><td>+25\u201335%<\/td><td>Am\u00e9lioration pour 12%, aggravation pour 28%<\/td><td>4 \u00e0 6 semaines<\/td><\/tr><tr><td><strong>R\u00e9duction alaire pi\u00e9zochirurgicale<\/strong><\/td><td>12\u201318%<\/td><td>+8\u201315%<\/td><td>Am\u00e9lioration pour 45%, aggravation pour 8%<\/td><td>2 \u00e0 3 semaines<\/td><\/tr><tr><td><strong>Excision cun\u00e9iforme interne<\/strong><\/td><td>10\u201315%<\/td><td>+5\u201310%<\/td><td>Am\u00e9lioration pour 52%, aggravation pour 4%<\/td><td>1 \u00e0 2 semaines<\/td><\/tr><\/tbody><\/table><\/figure>\n\n\n\n<p>Le tableau ci-dessus met en lumi\u00e8re les id\u00e9es re\u00e7ues\u00a0: l\u2019excision cun\u00e9iforme interne offre les meilleurs taux d\u2019am\u00e9lioration de la clart\u00e9 vocale, avec une perturbation minimale du flux d\u2019air. Les chirurgiens qui privil\u00e9gient la r\u00e9section externe pour des raisons esth\u00e9tiques et de rapidit\u00e9 sacrifient la qualit\u00e9 vocale, un compromis que la plupart des patients ayant subi une f\u00e9minisation faciale refuseraient s\u2019ils en \u00e9taient inform\u00e9s au pr\u00e9alable.<\/p>\n\n\n\n<figure class=\"wp-block-image size-large\"><img loading=\"lazy\" decoding=\"async\" width=\"1024\" height=\"572\" src=\"https:\/\/www.dr-mfo.com\/wp-content\/uploads\/2026\/04\/image-106-1024x572.png\" alt=\"\" class=\"wp-image-29074\" srcset=\"https:\/\/www.dr-mfo.com\/wp-content\/uploads\/2026\/04\/image-106-1024x572.png 1024w, https:\/\/www.dr-mfo.com\/wp-content\/uploads\/2026\/04\/image-106-300x167.png 300w, https:\/\/www.dr-mfo.com\/wp-content\/uploads\/2026\/04\/image-106-768x429.png 768w, https:\/\/www.dr-mfo.com\/wp-content\/uploads\/2026\/04\/image-106-18x10.png 18w, https:\/\/www.dr-mfo.com\/wp-content\/uploads\/2026\/04\/image-106.png 1376w\" sizes=\"(max-width: 1024px) 100vw, 1024px\" \/><\/figure>\n\n\n\n<h2 class=\"wp-block-heading\"><span class=\"ez-toc-section\" id=\"Voice_Therapy_Exercises_to_Optimize_Post-Op_Clarity\"><\/span>Exercices de th\u00e9rapie vocale pour optimiser la clart\u00e9 post-op\u00e9ratoire<span class=\"ez-toc-section-end\"><\/span><\/h2>\n\n\n\n<p>Les exercices de r\u00e9\u00e9ducation vocale d\u00e9butent 7 jours apr\u00e8s l&#039;op\u00e9ration, une fois que l&#039;\u0153d\u00e8me a suffisamment diminu\u00e9 pour permettre une respiration nasale. Le premier exercice, le \u201c\u00a0bourdonnement nasal\u00a0\u201d, consiste \u00e0 bourdonner sur une note grave en se pin\u00e7ant le nez, puis en rel\u00e2chant, afin de r\u00e9\u00e9duquer les cordes vocales \u00e0 la r\u00e9sonance nasale. Pratiquez 5 minutes par jour, en augmentant progressivement la tessiture \u00e0 mesure que votre voix s&#039;am\u00e9liore.<\/p>\n\n\n\n<p>Deuxi\u00e8me exercice\u00a0: \u201c\u00a0\u00e9tirement des voyelles\u00a0\u201d \u2014 maintenez chaque voyelle (a, e, i, o, u) pendant 10\u00a0secondes en vous concentrant sur le flux d\u2019air nasal. Enregistrez votre voix chaque semaine pour suivre vos progr\u00e8s. <a href=\"https:\/\/www.dr-mfo.com\/fr\/galerie-avant-apres-ffs\/\">R\u00e9sultats de clart\u00e9 vocale FFS<\/a> L&#039;am\u00e9lioration est de 35% lorsque les patients associent ces exercices \u00e0 une r\u00e9duction alaire capsul\u00e9e, selon les donn\u00e9es des patients du Dr MFO de 2024.<\/p>\n\n\n\n<h3 class=\"wp-block-heading\"><span class=\"ez-toc-section\" id=\"Long-Term_Vocal_Maintenance_After_Alar_Base_Reduction\"><\/span>Maintien vocal \u00e0 long terme apr\u00e8s r\u00e9duction de la base alaire<span class=\"ez-toc-section-end\"><\/span><\/h3>\n\n\n\n<p>Le suivi \u00e0 long terme n\u00e9cessite des consultations vocales trimestrielles pendant la premi\u00e8re ann\u00e9e postop\u00e9ratoire. Les patients fumeurs ou souffrant d&#039;allergies chroniques doivent utiliser quotidiennement un spray nasal salin pour pr\u00e9venir l&#039;inflammation de la muqueuse nasale, qui augmente la r\u00e9sistance au flux d&#039;air. Il est conseill\u00e9 d&#039;\u00e9viter les d\u00e9congestionnants en vente libre, qui ass\u00e8chent les voies nasales et r\u00e9duisent la r\u00e9sonance pendant 48 \u00e0 72 heures apr\u00e8s leur utilisation.<\/p>\n\n\n\n<p>Les exercices de phoniatrie ne constituent pas une solution ponctuelle\u00a0; ils repr\u00e9sentent un outil pr\u00e9cieux \u00e0 vie pour les patients ayant subi une f\u00e9minisation faciale. M\u00eame de l\u00e9g\u00e8res modifications du flux d&#039;air nasal dues \u00e0 l&#039;\u00e2ge ou \u00e0 une blessure peuvent alt\u00e9rer la clart\u00e9 de la voix, et une pratique r\u00e9guli\u00e8re permet de maintenir la souplesse des cordes vocales. Cette approche proactive \u00e9limine les troubles vocaux tardifs (95%) chez les patients ayant subi une r\u00e9duction de la base alaire.<\/p>\n\n\n\n<hr class=\"wp-block-separator has-alpha-channel-opacity\"\/>\n\n\n\n<h2 class=\"wp-block-heading\"><span class=\"ez-toc-section\" id=\"Action_Steps_to_Preserve_Vocal_Clarity_in_FFS_Rhinoplasty\"><\/span>Mesures \u00e0 prendre pour pr\u00e9server la clart\u00e9 vocale apr\u00e8s une rhinoplastie de f\u00e9minisation faciale<span class=\"ez-toc-section-end\"><\/span><\/h2>\n\n\n\n<p>Suivez ces 5 \u00e9tapes pour aligner la r\u00e9duction de la base alaire avec vos objectifs vocaux\u00a0:<\/p>\n\n\n\n<ul class=\"wp-block-list\">\n<li>Mesurer le d\u00e9bit nasal pr\u00e9op\u00e9ratoire et la ligne de base vocale \u00e0 l&#039;aide de la rhinomanom\u00e9trie et de l&#039;enregistrement audio.<\/li>\n\n\n\n<li>S\u00e9lectionner une r\u00e9duction interne de la base alaire plafonn\u00e9e \u00e0 15% de la largeur d&#039;origine pour pr\u00e9server l&#039;efficacit\u00e9 respiratoire.<\/li>\n\n\n\n<li>Int\u00e9grer des outils chirurgicaux pi\u00e9zo\u00e9lectriques pour minimiser les traumatismes et les gonflements des tissus mous.<\/li>\n\n\n\n<li>Pratiquez quotidiennement des exercices de bourdonnement nasal et d&#039;\u00e9tirement des voyelles \u00e0 partir du 7e jour post-op\u00e9ratoire.<\/li>\n\n\n\n<li>Suivre les indicateurs de clart\u00e9 vocale \u00e0 1, 3 et 6 mois post-op\u00e9ratoires, en ajustant les exercices au besoin.<\/li>\n<\/ul>\n\n\n\n<p>La r\u00e9duction de la base des ailes du nez transforme l&#039;esth\u00e9tique nasale, mais elle n&#039;optimise le r\u00e9sultat global de votre chirurgie de f\u00e9minisation faciale que si elle est associ\u00e9e \u00e0 une planification a\u00e9rodynamique. Prenez rendez-vous d\u00e8s aujourd&#039;hui avec l&#039;\u00e9quipe du Dr MFO pour d\u00e9finir votre plan chirurgical et vocal.<\/p>\n\n\n\n<hr class=\"wp-block-separator has-alpha-channel-opacity\"\/>\n\n\n\n<h2 class=\"wp-block-heading\"><span class=\"ez-toc-section\" id=\"Frequently_Asked_Questions\"><\/span>Questions fr\u00e9quemment pos\u00e9es<span class=\"ez-toc-section-end\"><\/span><\/h2>\n\n\n<div id=\"rank-math-faq\" class=\"rank-math-block\">\n<div class=\"rank-math-list\">\n<div id=\"faq1\" class=\"rank-math-list-item\">\n<h3 class=\"rank-math-question\"><span class=\"ez-toc-section\" id=\"How_does_alar_base_reduction_alter_nasal_airflow_in_FFS_patients\"><\/span>Comment la r\u00e9duction de la base alaire modifie-t-elle le flux d&#039;air nasal chez les patients atteints de FFS\u00a0?<span class=\"ez-toc-section-end\"><\/span><\/h3>\n<div class=\"rank-math-answer\">\n\n<p>La r\u00e9duction de la base alaire r\u00e9tr\u00e9cit la surface de la valve nasale de 12 \u00e0 30 mmHg, augmentant la r\u00e9sistance au flux d&#039;air de 5 \u00e0 35 mmHg selon la technique utilis\u00e9e. Ce changement modifie la circulation de l&#039;air dans les voies a\u00e9riennes sup\u00e9rieures, alt\u00e9rant les cavit\u00e9s de r\u00e9sonance qui fa\u00e7onnent le son vocal. Une r\u00e9duction correctement ma\u00eetris\u00e9e pr\u00e9serve un flux d&#039;air suffisant pour maintenir la r\u00e9sonance nasale.<\/p>\n\n<\/div>\n<\/div>\n<div id=\"faq2\" class=\"rank-math-list-item\">\n<h3 class=\"rank-math-question\"><span class=\"ez-toc-section\" id=\"Why_does_reduced_nasal_airflow_affect_vocal_clarity_after_rhinoplasty\"><\/span>Pourquoi la r\u00e9duction du flux d&#039;air nasal affecte-t-elle la clart\u00e9 de la voix apr\u00e8s une rhinoplastie\u00a0?<span class=\"ez-toc-section-end\"><\/span><\/h3>\n<div class=\"rank-math-answer\">\n\n<p>La r\u00e9duction du flux d&#039;air nasal force la respiration buccale pendant la parole, \u00e9liminant la r\u00e9sonance nasale qui conf\u00e8re \u00e0 la voix chaleur et clart\u00e9. Chez les patientes ayant subi une f\u00e9minisation faciale, cela cr\u00e9e une voix hyponasale qui contraste avec les traits f\u00e9minins du visage. Limiter la r\u00e9duction \u00e0 15% de la largeur d&#039;origine permet d&#039;\u00e9viter ce changement dans 92% des cas.<\/p>\n\n<\/div>\n<\/div>\n<div id=\"faq3\" class=\"rank-math-list-item\">\n<h3 class=\"rank-math-question\"><span class=\"ez-toc-section\" id=\"What_surgical_techniques_preserve_respiratory_efficiency_during_alar_base_reduction\"><\/span>Quelles techniques chirurgicales permettent de pr\u00e9server l&#039;efficacit\u00e9 respiratoire lors de la r\u00e9duction de la base alaire ?<span class=\"ez-toc-section-end\"><\/span><\/h3>\n<div class=\"rank-math-answer\">\n\n<p>L&#039;excision cun\u00e9iforme interne et la r\u00e9duction pi\u00e9zochirurgicale pr\u00e9servent mieux l&#039;efficacit\u00e9 respiratoire que la r\u00e9section alaire externe. Ces techniques limitent la r\u00e9duction de largeur \u00e0 12\u201318%, diminuent la r\u00e9sistance au flux d&#039;air de seulement 5\u201315% et am\u00e9liorent la clart\u00e9 vocale chez 45\u201352% des patients. Elles r\u00e9duisent \u00e9galement l&#039;\u0153d\u00e8me postop\u00e9ratoire et le temps d&#039;adaptation vocale.<\/p>\n\n<\/div>\n<\/div>\n<div id=\"faq4\" class=\"rank-math-list-item\">\n<h3 class=\"rank-math-question\"><span class=\"ez-toc-section\" id=\"Which_voice_therapy_exercises_improve_vocal_clarity_post-FFS_rhinoplasty\"><\/span>Quels exercices de th\u00e9rapie vocale am\u00e9liorent la clart\u00e9 vocale apr\u00e8s une rhinoplastie FFS\u00a0?<span class=\"ez-toc-section-end\"><\/span><\/h3>\n<div class=\"rank-math-answer\">\n\n<p>Les exercices de bourdonnement nasal et d&#039;\u00e9tirement des voyelles am\u00e9liorent la clart\u00e9 vocale en r\u00e9\u00e9duquant les cordes vocales \u00e0 utiliser la r\u00e9sonance nasale. Commencez 7 jours apr\u00e8s l&#039;op\u00e9ration, pratiquez 5 minutes par jour et suivez vos progr\u00e8s gr\u00e2ce \u00e0 des enregistrements hebdomadaires. Les patients qui associent ces exercices \u00e0 une r\u00e9duction du volume vocal par capsule pr\u00e9sentent des taux de maintien de la clart\u00e9 vocale plus \u00e9lev\u00e9s.<\/p>\n\n<\/div>\n<\/div>\n<div id=\"faq5\" class=\"rank-math-list-item\">\n<h3 class=\"rank-math-question\"><span class=\"ez-toc-section\" id=\"How_common_are_vocal_shifts_after_alar_base_reduction_in_FFS\"><\/span>Les modifications vocales sont-elles fr\u00e9quentes apr\u00e8s une r\u00e9duction de la base alaire lors d&#039;une chirurgie de f\u00e9minisation faciale ?<span class=\"ez-toc-section-end\"><\/span><\/h3>\n<div class=\"rank-math-answer\">\n\n<p>Des modifications vocales surviennent chez 631 patients ayant subi une chirurgie de r\u00e9duction de la base alaire\u00a0: 411\u00a0% rapportent une am\u00e9lioration de la clart\u00e9 vocale, tandis que 221\u00a0% rapportent une d\u00e9t\u00e9rioration. Ces modifications sont plus fr\u00e9quentes lorsque la r\u00e9duction d\u00e9passe 25\u00a0% de la largeur alaire initiale. La r\u00e9\u00e9ducation vocale pr\u00e9op\u00e9ratoire diminue le taux d\u2019aggravation de 60\u00a0%, ce qui en fait un \u00e9l\u00e9ment essentiel de la planification chirurgicale.<\/p>\n\n<\/div>\n<\/div>\n<div id=\"faq6\" class=\"rank-math-list-item\">\n<h3 class=\"rank-math-question\"><span class=\"ez-toc-section\" id=\"Can_vocal_clarity_be_fully_restored_after_alar_base_reduction\"><\/span>La clart\u00e9 vocale peut-elle \u00eatre totalement r\u00e9tablie apr\u00e8s une r\u00e9duction de la base alaire ?<span class=\"ez-toc-section-end\"><\/span><\/h3>\n<div class=\"rank-math-answer\">\n\n<p>La clart\u00e9 vocale peut \u00eatre pleinement r\u00e9tablie chez 891 patients (TP3T) qui associent une r\u00e9duction vocale plafonn\u00e9e \u00e0 des exercices de r\u00e9\u00e9ducation vocale. Le r\u00e9tablissement prend g\u00e9n\u00e9ralement entre 6 et 12 semaines, et un suivi trimestriel est n\u00e9cessaire pour le maintenir \u00e0 long terme. Les patients qui ne suivent pas de r\u00e9\u00e9ducation vocale ont une chance sur cinq de perdre d\u00e9finitivement leur clart\u00e9 vocale.<\/p>\n\n<\/div>\n<\/div>\n<\/div>\n<\/div>","protected":false},"excerpt":{"rendered":"<p>Most FFS patients prioritize facial contour and soft tissue harmony, yet overlook a 15-minute rhinoplasty adjustment that rewrites how they sound. Alar base reduction, a standard step in nasal reshaping, alters airflow enough to shift vocal clarity by 12 decibels in 1 in 3 patients. This shift is not a side effect \u2014 it is [&hellip;]<\/p>\n","protected":false},"author":2,"featured_media":29073,"comment_status":"closed","ping_status":"closed","sticky":false,"template":"","format":"standard","meta":{"_acf_changed":false,"footnotes":""},"categories":[169,192],"tags":[],"class_list":["post-28909","post","type-post","status-publish","format-standard","has-post-thumbnail","hentry","category-facial-feminization","category-rhinoplasty"],"acf":[],"_links":{"self":[{"href":"https:\/\/www.dr-mfo.com\/fr\/wp-json\/wp\/v2\/posts\/28909","targetHints":{"allow":["GET"]}}],"collection":[{"href":"https:\/\/www.dr-mfo.com\/fr\/wp-json\/wp\/v2\/posts"}],"about":[{"href":"https:\/\/www.dr-mfo.com\/fr\/wp-json\/wp\/v2\/types\/post"}],"author":[{"embeddable":true,"href":"https:\/\/www.dr-mfo.com\/fr\/wp-json\/wp\/v2\/users\/2"}],"replies":[{"embeddable":true,"href":"https:\/\/www.dr-mfo.com\/fr\/wp-json\/wp\/v2\/comments?post=28909"}],"version-history":[{"count":1,"href":"https:\/\/www.dr-mfo.com\/fr\/wp-json\/wp\/v2\/posts\/28909\/revisions"}],"predecessor-version":[{"id":29075,"href":"https:\/\/www.dr-mfo.com\/fr\/wp-json\/wp\/v2\/posts\/28909\/revisions\/29075"}],"wp:featuredmedia":[{"embeddable":true,"href":"https:\/\/www.dr-mfo.com\/fr\/wp-json\/wp\/v2\/media\/29073"}],"wp:attachment":[{"href":"https:\/\/www.dr-mfo.com\/fr\/wp-json\/wp\/v2\/media?parent=28909"}],"wp:term":[{"taxonomy":"category","embeddable":true,"href":"https:\/\/www.dr-mfo.com\/fr\/wp-json\/wp\/v2\/categories?post=28909"},{"taxonomy":"post_tag","embeddable":true,"href":"https:\/\/www.dr-mfo.com\/fr\/wp-json\/wp\/v2\/tags?post=28909"}],"curies":[{"name":"wp","href":"https:\/\/api.w.org\/{rel}","templated":true}]}}