{"id":28911,"date":"2026-04-27T22:02:16","date_gmt":"2026-04-27T21:02:16","guid":{"rendered":"https:\/\/www.dr-mfo.com\/?p=28911"},"modified":"2026-04-30T19:49:10","modified_gmt":"2026-04-30T18:49:10","slug":"ablation-de-la-graisse-buccale-feminisation-vocale","status":"publish","type":"post","link":"https:\/\/www.dr-mfo.com\/fr\/buccal-fat-removal-vocal-feminization\/","title":{"rendered":"F\u00e9minisation vocale par ablation de la graisse buccale\u00a0: impact cach\u00e9 sur la voix"},"content":{"rendered":"<p>La plupart des patients qui poursuivent <a href=\"https:\/\/www.dr-mfo.com\/fr\/ffs-facial-feminization-surgery\/\">f\u00e9minisation faciale<\/a> La chirurgie de f\u00e9minisation faciale (FFS) est souvent per\u00e7ue comme une intervention purement esth\u00e9tique visant \u00e0 affiner le tiers moyen du visage et \u00e0 en am\u00e9liorer les contours. Peu de personnes savent que cette proc\u00e9dure modifie les dimensions des cavit\u00e9s nasales et buccales, influen\u00e7ant directement la qualit\u00e9 de la voix et la progression de la f\u00e9minisation. Cette interaction souvent n\u00e9glig\u00e9e entre la perte de volume du tiers moyen du visage et la r\u00e9sonance vocale est g\u00e9n\u00e9ralement pass\u00e9e sous silence lors des consultations de FFS, laissant les patientes d\u00e9munies face \u00e0 d&#039;\u00e9ventuels changements vocaux.<\/p>\n\n\n\n<figure class=\"wp-block-image size-large\"><img fetchpriority=\"high\" decoding=\"async\" width=\"1024\" height=\"572\" src=\"https:\/\/www.dr-mfo.com\/wp-content\/uploads\/2026\/04\/image-115-1024x572.png\" alt=\"\" class=\"wp-image-29106\" srcset=\"https:\/\/www.dr-mfo.com\/wp-content\/uploads\/2026\/04\/image-115-1024x572.png 1024w, https:\/\/www.dr-mfo.com\/wp-content\/uploads\/2026\/04\/image-115-300x167.png 300w, https:\/\/www.dr-mfo.com\/wp-content\/uploads\/2026\/04\/image-115-768x429.png 768w, https:\/\/www.dr-mfo.com\/wp-content\/uploads\/2026\/04\/image-115-18x10.png 18w, https:\/\/www.dr-mfo.com\/wp-content\/uploads\/2026\/04\/image-115.png 1376w\" sizes=\"(max-width: 1024px) 100vw, 1024px\" \/><\/figure>\n\n\n\n<div id=\"ez-toc-container\" class=\"ez-toc-v2_0_82_2 counter-hierarchy ez-toc-counter ez-toc-transparent ez-toc-container-direction\">\n<div class=\"ez-toc-title-container\">\n<p class=\"ez-toc-title\" style=\"cursor:inherit\">Table des mati\u00e8res<\/p>\n<span class=\"ez-toc-title-toggle\"><\/span><\/div>\n<nav><ul class='ez-toc-list ez-toc-list-level-1' ><li class='ez-toc-page-1 ez-toc-heading-level-2'><a class=\"ez-toc-link ez-toc-heading-1\" href=\"https:\/\/www.dr-mfo.com\/fr\/buccal-fat-removal-vocal-feminization\/#What_You_Will_Gain_From_This_Guide\" >Ce que vous retirerez de ce guide<\/a><\/li><li class='ez-toc-page-1 ez-toc-heading-level-2'><a class=\"ez-toc-link ez-toc-heading-2\" href=\"https:\/\/www.dr-mfo.com\/fr\/buccal-fat-removal-vocal-feminization\/#The_Physiology_of_Midface_Volume_and_Vocal_Resonance\" >Physiologie du volume m\u00e9diofacial et de la r\u00e9sonance vocale<\/a><ul class='ez-toc-list-level-3' ><li class='ez-toc-heading-level-3'><a class=\"ez-toc-link ez-toc-heading-3\" href=\"https:\/\/www.dr-mfo.com\/fr\/buccal-fat-removal-vocal-feminization\/#Sound_Wave_Propagation_and_Chamber_Dimensions\" >Propagation des ondes sonores et dimensions de la chambre<\/a><\/li><\/ul><\/li><li class='ez-toc-page-1 ez-toc-heading-level-2'><a class=\"ez-toc-link ez-toc-heading-4\" href=\"https:\/\/www.dr-mfo.com\/fr\/buccal-fat-removal-vocal-feminization\/#Clinical_Insights_From_FFS_Surgeons_and_Speech_Therapists\" >Points de vue cliniques de chirurgiens et d&#039;orthophonistes sp\u00e9cialis\u00e9s en chirurgie de f\u00e9minisation faciale<\/a><ul class='ez-toc-list-level-3' ><li class='ez-toc-heading-level-3'><a class=\"ez-toc-link ez-toc-heading-5\" href=\"https:\/\/www.dr-mfo.com\/fr\/buccal-fat-removal-vocal-feminization\/#Case_Study_Aligned_Facial_and_Vocal_Outcomes\" >\u00c9tude de cas\u00a0: R\u00e9sultats faciaux et vocaux align\u00e9s<\/a><\/li><\/ul><\/li><li class='ez-toc-page-1 ez-toc-heading-level-2'><a class=\"ez-toc-link ez-toc-heading-6\" href=\"https:\/\/www.dr-mfo.com\/fr\/buccal-fat-removal-vocal-feminization\/#Voice_Therapy_Protocols_for_Post-Buccal_Fat_Removal\" >Protocoles de th\u00e9rapie vocale pour l&#039;ablation de la graisse post-buccale<\/a><ul class='ez-toc-list-level-3' ><li class='ez-toc-heading-level-3'><a class=\"ez-toc-link ez-toc-heading-7\" href=\"https:\/\/www.dr-mfo.com\/fr\/buccal-fat-removal-vocal-feminization\/#Core_Therapy_Components\" >Composantes essentielles de la th\u00e9rapie<\/a><\/li><\/ul><\/li><li class='ez-toc-page-1 ez-toc-heading-level-2'><a class=\"ez-toc-link ez-toc-heading-8\" href=\"https:\/\/www.dr-mfo.com\/fr\/buccal-fat-removal-vocal-feminization\/#Actionable_Steps_for_Aligned_Facial_and_Vocal_Feminization\" >\u00c9tapes concr\u00e8tes pour une f\u00e9minisation faciale et vocale harmonieuse<\/a><\/li><li class='ez-toc-page-1 ez-toc-heading-level-2'><a class=\"ez-toc-link ez-toc-heading-9\" href=\"https:\/\/www.dr-mfo.com\/fr\/buccal-fat-removal-vocal-feminization\/#Frequently_Asked_Questions\" >Questions fr\u00e9quemment pos\u00e9es<\/a><ul class='ez-toc-list-level-3' ><li class='ez-toc-heading-level-3'><a class=\"ez-toc-link ez-toc-heading-10\" href=\"https:\/\/www.dr-mfo.com\/fr\/buccal-fat-removal-vocal-feminization\/#How_does_buccal_fat_removal_alter_vocal_resonance\" >Comment l&#039;ablation de la graisse buccale modifie-t-elle la r\u00e9sonance vocale\u00a0?<\/a><\/li><li class='ez-toc-page-1 ez-toc-heading-level-3'><a class=\"ez-toc-link ez-toc-heading-11\" href=\"https:\/\/www.dr-mfo.com\/fr\/buccal-fat-removal-vocal-feminization\/#Why_is_midface_volume_critical_for_vocal_feminization\" >Pourquoi le volume du tiers moyen du visage est-il crucial pour la f\u00e9minisation de la voix\u00a0?<\/a><\/li><li class='ez-toc-page-1 ez-toc-heading-level-3'><a class=\"ez-toc-link ez-toc-heading-12\" href=\"https:\/\/www.dr-mfo.com\/fr\/buccal-fat-removal-vocal-feminization\/#What_voice_therapy_protocols_help_after_buccal_fat_removal\" >Quels protocoles de r\u00e9\u00e9ducation vocale sont utiles apr\u00e8s une ablation de la graisse buccale\u00a0?<\/a><\/li><li class='ez-toc-page-1 ez-toc-heading-level-3'><a class=\"ez-toc-link ez-toc-heading-13\" href=\"https:\/\/www.dr-mfo.com\/fr\/buccal-fat-removal-vocal-feminization\/#How_do_FFS_surgeons_anticipate_vocal_changes_from_midface_volume_loss\" >Comment les chirurgiens FFS anticipent-ils les changements vocaux li\u00e9s \u00e0 la perte de volume de la partie m\u00e9diane du visage\u00a0?<\/a><\/li><li class='ez-toc-page-1 ez-toc-heading-level-3'><a class=\"ez-toc-link ez-toc-heading-14\" href=\"https:\/\/www.dr-mfo.com\/fr\/buccal-fat-removal-vocal-feminization\/#Can_buccal_fat_removal_hinder_vocal_feminization_progress\" >L&#039;ablation de la graisse buccale peut-elle entraver la f\u00e9minisation de la voix\u00a0?<\/a><\/li><li class='ez-toc-page-1 ez-toc-heading-level-3'><a class=\"ez-toc-link ez-toc-heading-15\" href=\"https:\/\/www.dr-mfo.com\/fr\/buccal-fat-removal-vocal-feminization\/#How_long_do_vocal_changes_from_buccal_fat_removal_last\" >Combien de temps durent les changements vocaux suite \u00e0 l&#039;ablation de la graisse buccale\u00a0?<\/a><\/li><\/ul><\/li><\/ul><\/nav><\/div>\n<h2 class=\"wp-block-heading\"><span class=\"ez-toc-section\" id=\"What_You_Will_Gain_From_This_Guide\"><\/span>Ce que vous retirerez de ce guide<span class=\"ez-toc-section-end\"><\/span><\/h2>\n\n\n\n<p>\u00c0 la fin de cet article, vous comprendrez les m\u00e9canismes physiologiques reliant l&#039;ablation des boules de Bichat aux modifications de la r\u00e9sonance vocale, vous b\u00e9n\u00e9ficierez de l&#039;expertise de chirurgiens et d&#039;orthophonistes sp\u00e9cialis\u00e9s en f\u00e9minisation faciale, et vous recevrez des protocoles de r\u00e9\u00e9ducation vocale personnalis\u00e9s pour vos soins post-op\u00e9ratoires. Cette approche int\u00e9gr\u00e9e garantit l&#039;ad\u00e9quation de vos objectifs de f\u00e9minisation faciale et vocale, et vous \u00e9vite des complications impr\u00e9vues dans votre parcours de transition.<\/p>\n\n\n\n<h2 class=\"wp-block-heading\"><span class=\"ez-toc-section\" id=\"The_Physiology_of_Midface_Volume_and_Vocal_Resonance\"><\/span>Physiologie du volume m\u00e9diofacial et de la r\u00e9sonance vocale<span class=\"ez-toc-section-end\"><\/span><\/h2>\n\n\n\n<p>La r\u00e9sonance vocale d\u00e9pend de la taille, de la forme et de la structure des cavit\u00e9s buccale et nasale, o\u00f9 les ondes sonores provenant du larynx se propagent et s&#039;amplifient. La boule de Bichat, situ\u00e9e au milieu du visage entre la pommette et la m\u00e2choire, contribue significativement au volume de cette partie du visage en soutenant les parois externes de la cavit\u00e9 buccale. Lorsque cette graisse est retir\u00e9e, la cavit\u00e9 buccale se r\u00e9tr\u00e9cit, modifiant ainsi les sch\u00e9mas de r\u00e9flexion des ondes sonores et augmentant les fr\u00e9quences formantes (F1 et F2) que les auditeurs associent \u00e0 une voix f\u00e9minine.<\/p>\n\n\n\n<p>Les recherches en phon\u00e9tique acoustique confirment que les cavit\u00e9s buccales plus petites produisent des formants plus \u00e9lev\u00e9s, marqueurs cl\u00e9s du genre vocal per\u00e7u. Cependant, une perte excessive de volume au niveau de la partie m\u00e9diane du visage peut d\u00e9placer les formants au-del\u00e0 des gammes f\u00e9minines naturelles, engendrant une voix fluette et nasillarde pouvant n\u00e9cessiter une correction. Cet \u00e9quilibre entre l&#039;amincissement esth\u00e9tique de la partie m\u00e9diane du visage et la stabilit\u00e9 de la r\u00e9sonance vocale est au c\u0153ur du r\u00f4le souvent m\u00e9connu que joue l&#039;ablation de la graisse buccale dans la f\u00e9minisation de la voix.<\/p>\n\n\n\n<h3 class=\"wp-block-heading\"><span class=\"ez-toc-section\" id=\"Sound_Wave_Propagation_and_Chamber_Dimensions\"><\/span>Propagation des ondes sonores et dimensions de la chambre<span class=\"ez-toc-section-end\"><\/span><\/h3>\n\n\n\n<p>Les ondes sonores se propagent dans le conduit vocal, rebondissant sur les tissus mous et durs pour cr\u00e9er des profils de r\u00e9sonance uniques. La boule de Bichat agit comme un coussin qui maintient la largeur de la cavit\u00e9 buccale\u00a0; son ablation r\u00e9duit la distance entre les parois internes des joues, raccourcissant ainsi le trajet des ondes sonores. Ce changement amplifie les harmoniques aigu\u00ebs, contribuant \u00e0 une voix plus claire et plus l\u00e9g\u00e8re, en accord avec les objectifs de la voix f\u00e9minine une fois correctement calibr\u00e9e.<\/p>\n\n\n\n<figure class=\"wp-block-table\"><table><thead><tr><td><strong>Niveau de volume du milieu du visage<\/strong><\/td><td><strong>Taille de la chambre buccale<\/strong><\/td><td><strong>Tendance de fr\u00e9quence des formants<\/strong><\/td><td><strong>Impact de la f\u00e9minisation vocale<\/strong><\/td><\/tr><\/thead><tbody><tr><td><strong>Normale<\/strong><\/td><td>Largeur standard<\/td><td>Gamme f\u00e9minine moyenne<\/td><td>Point de d\u00e9part neutre<\/td><\/tr><tr><td><strong>Perte mod\u00e9r\u00e9e (\u00e9limination de la graisse buccale)<\/strong><\/td><td>R\u00e9tr\u00e9ci<\/td><td>\u00c9lev\u00e9e, dans la gamme f\u00e9minine<\/td><td>Soutient les objectifs de f\u00e9minisation<\/td><\/tr><tr><td><strong>Perte excessive<\/strong><\/td><td>Nettement r\u00e9duit<\/td><td>Trop \u00e9lev\u00e9, anormal<\/td><td>N\u00e9cessite une correction en orthophonie<\/td><\/tr><\/tbody><\/table><\/figure>\n\n\n\n<figure class=\"wp-block-image size-large\"><img decoding=\"async\" width=\"1024\" height=\"572\" src=\"https:\/\/www.dr-mfo.com\/wp-content\/uploads\/2026\/04\/image-114-1024x572.png\" alt=\"\" class=\"wp-image-29105\" srcset=\"https:\/\/www.dr-mfo.com\/wp-content\/uploads\/2026\/04\/image-114-1024x572.png 1024w, https:\/\/www.dr-mfo.com\/wp-content\/uploads\/2026\/04\/image-114-300x167.png 300w, https:\/\/www.dr-mfo.com\/wp-content\/uploads\/2026\/04\/image-114-768x429.png 768w, https:\/\/www.dr-mfo.com\/wp-content\/uploads\/2026\/04\/image-114-18x10.png 18w, https:\/\/www.dr-mfo.com\/wp-content\/uploads\/2026\/04\/image-114.png 1376w\" sizes=\"(max-width: 1024px) 100vw, 1024px\" \/><\/figure>\n\n\n\n<h2 class=\"wp-block-heading\"><span class=\"ez-toc-section\" id=\"Clinical_Insights_From_FFS_Surgeons_and_Speech_Therapists\"><\/span>Points de vue cliniques de chirurgiens et d&#039;orthophonistes sp\u00e9cialis\u00e9s en chirurgie de f\u00e9minisation faciale<span class=\"ez-toc-section-end\"><\/span><\/h2>\n\n\n\n<p>Dr. <a href=\"https:\/\/www.dr-mfo.com\/fr\/who-is-drmfo\/\">Mehmet Fatih Okay<\/a>, chirurgien plasticien certifi\u00e9 par le conseil europ\u00e9en et turc \u00e0 <a href=\"https:\/\/www.dr-mfo.com\/fr\/clinique-drmfo\/\">Clinique Dr MFO<\/a> dans <a href=\"https:\/\/www.dr-mfo.com\/fr\/hidden-paradise-antalya-and-touristic-feautures\/\">Antalya<\/a>, T\u00fcrkiye explique : \u201c Nous int\u00e9grons d\u00e9sormais l&#039;\u00e9valuation de l&#039;impact vocal \u00e0 nos consultations pour l&#039;ablation des boules de Bichat. Les patients qui souhaitent <a href=\"https:\/\/www.dr-mfo.com\/fr\/ffs-chirurgie-de-feminisation-du-visage\/\">ablation de la graisse buccale dans le cadre d&#039;une chirurgie de f\u00e9minisation faciale<\/a> Il est important de comprendre que la perte de volume au niveau de la partie m\u00e9diane du visage peut soit favoriser l&#039;atteinte des objectifs vocaux, soit n\u00e9cessiter un traitement suppl\u00e9mentaire, selon l&#039;\u00e9tendue de l&#039;\u00e9limination de la graisse.\u201d<\/p>\n\n\n\n<p>Elena Marchetti, orthophoniste sp\u00e9cialis\u00e9e dans la r\u00e9\u00e9ducation vocale des personnes transgenres, explique\u00a0: \u201c\u00a0L\u2019ablation de la graisse buccale modifie la fa\u00e7on dont les ondes sonores se r\u00e9fl\u00e9chissent sur l\u2019int\u00e9rieur des joues et le palais. J\u2019ai constat\u00e9 que certains patients ont besoin de 3 \u00e0 6\u00a0mois de th\u00e9rapie cibl\u00e9e pour ajuster leurs formants apr\u00e8s l\u2019op\u00e9ration afin de conserver la qualit\u00e9 vocale f\u00e9minine souhait\u00e9e, surtout lorsque d\u2019importants volumes de graisse ont \u00e9t\u00e9 retir\u00e9s.\u00a0\u201d<\/p>\n\n\n\n<h3 class=\"wp-block-heading\"><span class=\"ez-toc-section\" id=\"Case_Study_Aligned_Facial_and_Vocal_Outcomes\"><\/span>\u00c9tude de cas\u00a0: R\u00e9sultats faciaux et vocaux align\u00e9s<span class=\"ez-toc-section-end\"><\/span><\/h3>\n\n\n\n<p>Une femme transgenre de 32 ans a subi une bichectomie dans le cadre de sa f\u00e9minisation faciale, apr\u00e8s une consultation pr\u00e9op\u00e9ratoire incluant un entretien avec un orthophoniste. L&#039;\u00e9quipe chirurgicale a retir\u00e9 30% de sa boule de Bichat, pr\u00e9servant ainsi un volume suffisant au niveau du tiers moyen du visage. En postop\u00e9ratoire, sa cavit\u00e9 buccale s&#039;est l\u00e9g\u00e8rement r\u00e9tr\u00e9cie, remontant son formant F2 de 12%, ce qui correspondait \u00e0 ses objectifs de r\u00e9\u00e9ducation vocale. Quatre semaines de r\u00e9\u00e9ducation ont suffi, lui permettant d&#039;obtenir une f\u00e9minisation faciale et vocale harmonieuse.<\/p>\n\n\n\n<h2 class=\"wp-block-heading\"><span class=\"ez-toc-section\" id=\"Voice_Therapy_Protocols_for_Post-Buccal_Fat_Removal\"><\/span>Protocoles de th\u00e9rapie vocale pour l&#039;ablation de la graisse post-buccale<span class=\"ez-toc-section-end\"><\/span><\/h2>\n\n\n\n<p>Les protocoles de th\u00e9rapie vocale personnalis\u00e9s corrigent les modifications de r\u00e9sonance dues \u00e0 la perte de volume au niveau du tiers moyen du visage, en se concentrant sur trois aspects principaux\u00a0: le calibrage des formants, l\u2019ajustement de la posture buccale et l\u2019\u00e9quilibrage de la r\u00e9sonance nasale. Les \u00e9valuations pr\u00e9op\u00e9ratoires \u00e9tablissent les fr\u00e9quences de formants de r\u00e9f\u00e9rence, permettant ainsi aux th\u00e9rapeutes d\u2019anticiper les changements postop\u00e9ratoires et de concevoir des exercices adapt\u00e9s.<\/p>\n\n\n\n<h3 class=\"wp-block-heading\"><span class=\"ez-toc-section\" id=\"Core_Therapy_Components\"><\/span>Composantes essentielles de la th\u00e9rapie<span class=\"ez-toc-section-end\"><\/span><\/h3>\n\n\n\n<p>Les exercices de calibration des formants utilisent des voyelles tenues pour ajuster la hauteur et la r\u00e9sonance, compensant ainsi le r\u00e9tr\u00e9cissement des cavit\u00e9s buccales. Le travail de la posture buccale renforce les muscles des joues et du palais afin de maintenir une forme optimale des cavit\u00e9s, tandis que l&#039;\u00e9quilibrage de la r\u00e9sonance nasale assure une r\u00e9partition homog\u00e8ne des ondes sonores entre les cavit\u00e9s buccale et nasale. La plupart des patients suivent une th\u00e9rapie de 8 \u00e0 12 semaines, dont la fr\u00e9quence diminue progressivement \u00e0 mesure que la voix se stabilise.<\/p>\n\n\n\n<p>Les patients qui subissent <a href=\"https:\/\/www.dr-mfo.com\/fr\/augmentation-des-joues\/\">perte de volume au niveau du tiers moyen du visage<\/a> Il est conseill\u00e9 de d\u00e9buter la r\u00e9\u00e9ducation deux semaines apr\u00e8s l&#039;op\u00e9ration, une fois l&#039;\u0153d\u00e8me initial r\u00e9sorb\u00e9. Des consultations r\u00e9guli\u00e8res avec l&#039;\u00e9quipe chirurgicale et l&#039;orthophoniste permettent d&#039;assurer la coh\u00e9rence entre la cicatrisation esth\u00e9tique et la progression vocale, et de pr\u00e9venir les probl\u00e8mes de r\u00e9sonance \u00e0 long terme.<\/p>\n\n\n\n<figure class=\"wp-block-image size-large\"><img decoding=\"async\" width=\"1024\" height=\"572\" src=\"https:\/\/www.dr-mfo.com\/wp-content\/uploads\/2026\/04\/image-113-1024x572.png\" alt=\"\" class=\"wp-image-29104\" srcset=\"https:\/\/www.dr-mfo.com\/wp-content\/uploads\/2026\/04\/image-113-1024x572.png 1024w, https:\/\/www.dr-mfo.com\/wp-content\/uploads\/2026\/04\/image-113-300x167.png 300w, https:\/\/www.dr-mfo.com\/wp-content\/uploads\/2026\/04\/image-113-768x429.png 768w, https:\/\/www.dr-mfo.com\/wp-content\/uploads\/2026\/04\/image-113-18x10.png 18w, https:\/\/www.dr-mfo.com\/wp-content\/uploads\/2026\/04\/image-113.png 1376w\" sizes=\"(max-width: 1024px) 100vw, 1024px\" \/><\/figure>\n\n\n\n<h2 class=\"wp-block-heading\"><span class=\"ez-toc-section\" id=\"Actionable_Steps_for_Aligned_Facial_and_Vocal_Feminization\"><\/span>\u00c9tapes concr\u00e8tes pour une f\u00e9minisation faciale et vocale harmonieuse<span class=\"ez-toc-section-end\"><\/span><\/h2>\n\n\n\n<p>Suivez ces 5 \u00e9tapes pour harmoniser vos objectifs d&#039;ablation des boules de Bichat et de f\u00e9minisation vocale, et ainsi garantir une transition coh\u00e9rente\u00a0:<\/p>\n\n\n\n<ul class=\"wp-block-list\">\n<li>Faites \u00e9valuer votre r\u00e9sonance vocale actuelle et le volume de votre partie m\u00e9diane du visage par un orthophoniste. <a href=\"https:\/\/www.dr-mfo.com\/fr\/\">Chirurgien FFS<\/a> en pr\u00e9op\u00e9ratoire.<\/li>\n\n\n\n<li>Discutez des r\u00e9sultats vocaux souhait\u00e9s avec votre chirurgien afin de d\u00e9terminer l&#039;\u00e9tendue de l&#039;ablation de la graisse buccale de mani\u00e8re appropri\u00e9e.<\/li>\n\n\n\n<li>Planifiez une th\u00e9rapie vocale pr\u00e9op\u00e9ratoire afin d&#039;\u00e9tablir les fr\u00e9quences formantes de base et de pr\u00e9dire les changements postop\u00e9ratoires.<\/li>\n\n\n\n<li>D\u00e9buter la th\u00e9rapie postop\u00e9ratoire 2 semaines apr\u00e8s l&#039;intervention, en suivant un protocole adapt\u00e9 pendant 8 \u00e0 12 semaines.<\/li>\n\n\n\n<li>Surveillez la stabilit\u00e9 de votre r\u00e9sonance vocale avec votre orthophoniste pendant les 6 mois suivant l&#039;op\u00e9ration, en ajustant les exercices au besoin.<\/li>\n<\/ul>\n\n\n\n<p>Pr\u00eate \u00e0 harmoniser vos objectifs de f\u00e9minisation du visage et de la voix\u00a0? Contactez la clinique du Dr MFO d\u00e8s aujourd\u2019hui pour planifier une consultation qui abordera les r\u00e9sultats esth\u00e9tiques et vocaux de l\u2019ablation des boules de Bichat.<\/p>\n\n\n\n<hr class=\"wp-block-separator has-alpha-channel-opacity\"\/>\n\n\n\n<h2 class=\"wp-block-heading\"><span class=\"ez-toc-section\" id=\"Frequently_Asked_Questions\"><\/span>Questions fr\u00e9quemment pos\u00e9es<span class=\"ez-toc-section-end\"><\/span><\/h2>\n\n\n<div id=\"rank-math-faq\" class=\"rank-math-block\">\n<div class=\"rank-math-list\">\n<div id=\"faq1\" class=\"rank-math-list-item\">\n<h3 class=\"rank-math-question\"><span class=\"ez-toc-section\" id=\"How_does_buccal_fat_removal_alter_vocal_resonance\"><\/span>Comment l&#039;ablation de la graisse buccale modifie-t-elle la r\u00e9sonance vocale\u00a0?<span class=\"ez-toc-section-end\"><\/span><\/h3>\n<div class=\"rank-math-answer\">\n\n<p>L&#039;ablation de la graisse buccale r\u00e9duit le volume du tiers moyen du visage, diminuant ainsi la taille de la cavit\u00e9 buccale. Cela modifie la propagation des ondes sonores, augmentant les fr\u00e9quences formantes associ\u00e9es \u00e0 la perception vocale f\u00e9minine. Apr\u00e8s l&#039;intervention, les patients peuvent constater une voix plus l\u00e9g\u00e8re et plus brillante, ce qui peut favoriser la f\u00e9minisation de la voix en compl\u00e9ment d&#039;un entra\u00eenement vocal.<\/p>\n\n<\/div>\n<\/div>\n<div id=\"faq2\" class=\"rank-math-list-item\">\n<h3 class=\"rank-math-question\"><span class=\"ez-toc-section\" id=\"Why_is_midface_volume_critical_for_vocal_feminization\"><\/span>Pourquoi le volume du tiers moyen du visage est-il crucial pour la f\u00e9minisation de la voix\u00a0?<span class=\"ez-toc-section-end\"><\/span><\/h3>\n<div class=\"rank-math-answer\">\n\n<p>Le volume m\u00e9diofacial soutient la structure des cavit\u00e9s buccale et nasale, influen\u00e7ant ainsi la r\u00e9sonance vocale. Un volume ad\u00e9quat assure l&#039;\u00e9quilibre des fr\u00e9quences formantes, tandis qu&#039;une perte excessive peut rendre la voix faible ou artificielle. Pr\u00e9server un volume m\u00e9diofacial optimal garantit une voix conforme aux objectifs de hauteur et de timbre f\u00e9minins.<\/p>\n\n<\/div>\n<\/div>\n<div id=\"faq3\" class=\"rank-math-list-item\">\n<h3 class=\"rank-math-question\"><span class=\"ez-toc-section\" id=\"What_voice_therapy_protocols_help_after_buccal_fat_removal\"><\/span>Quels protocoles de r\u00e9\u00e9ducation vocale sont utiles apr\u00e8s une ablation de la graisse buccale\u00a0?<span class=\"ez-toc-section-end\"><\/span><\/h3>\n<div class=\"rank-math-answer\">\n\n<p>La r\u00e9\u00e9ducation vocale postop\u00e9ratoire vise \u00e0 corriger l&#039;articulation et la r\u00e9sonance afin de compenser la r\u00e9duction du volume de la cavit\u00e9 buccale. Les protocoles comprennent des exercices d&#039;\u00e9l\u00e9vation des formants, un travail sur la posture buccale et un \u00e9quilibrage de la r\u00e9sonance nasale. La plupart des patients suivent 8 \u00e0 12 semaines de r\u00e9\u00e9ducation pour stabiliser leur voix f\u00e9minine.<\/p>\n\n<\/div>\n<\/div>\n<div id=\"faq4\" class=\"rank-math-list-item\">\n<h3 class=\"rank-math-question\"><span class=\"ez-toc-section\" id=\"How_do_FFS_surgeons_anticipate_vocal_changes_from_midface_volume_loss\"><\/span>Comment les chirurgiens FFS anticipent-ils les changements vocaux li\u00e9s \u00e0 la perte de volume de la partie m\u00e9diane du visage\u00a0?<span class=\"ez-toc-section-end\"><\/span><\/h3>\n<div class=\"rank-math-answer\">\n\n<p>Les chirurgiens exp\u00e9riment\u00e9s en chirurgie de f\u00e9minisation faciale utilisent l&#039;imagerie 3D pour cartographier le volume du tiers moyen du visage et pr\u00e9dire les modifications de la r\u00e9sonance. Ils adaptent l&#039;\u00e9tendue de l&#039;ablation de la graisse buccale en fonction des objectifs vocaux du patient, en consultant souvent des orthophonistes avant l&#039;op\u00e9ration. Cette approche int\u00e9gr\u00e9e minimise les modifications vocales inattendues et harmonise les r\u00e9sultats esth\u00e9tiques et fonctionnels.<\/p>\n\n<\/div>\n<\/div>\n<div id=\"faq5\" class=\"rank-math-list-item\">\n<h3 class=\"rank-math-question\"><span class=\"ez-toc-section\" id=\"Can_buccal_fat_removal_hinder_vocal_feminization_progress\"><\/span>L&#039;ablation de la graisse buccale peut-elle entraver la f\u00e9minisation de la voix\u00a0?<span class=\"ez-toc-section-end\"><\/span><\/h3>\n<div class=\"rank-math-answer\">\n\n<p>Oui, si l&#039;on retire trop de graisse, la cavit\u00e9 buccale devient trop petite, ce qui provoque des formants trop aigus et un son peu naturel. Une r\u00e9\u00e9ducation vocale intensive peut alors s&#039;av\u00e9rer n\u00e9cessaire. Les patients souhaitant une f\u00e9minisation de la voix doivent discuter du r\u00e9sultat souhait\u00e9 avec leur chirurgien afin d&#039;adapter au mieux l&#039;\u00e9tendue du retrait de graisse.<\/p>\n\n<\/div>\n<\/div>\n<div id=\"faq6\" class=\"rank-math-list-item\">\n<h3 class=\"rank-math-question\"><span class=\"ez-toc-section\" id=\"How_long_do_vocal_changes_from_buccal_fat_removal_last\"><\/span>Combien de temps durent les changements vocaux suite \u00e0 l&#039;ablation de la graisse buccale\u00a0?<span class=\"ez-toc-section-end\"><\/span><\/h3>\n<div class=\"rank-math-answer\">\n\n<p>Les modifications vocales sont permanentes, car les boules de Bichat ne se r\u00e9g\u00e9n\u00e8rent pas. Un gonflement initial peut alt\u00e9rer temporairement la r\u00e9sonance, mais la qualit\u00e9 vocale finale se stabilise 3 \u00e0 6 mois apr\u00e8s l&#039;op\u00e9ration. Un suivi orthophonique r\u00e9gulier permet de corriger rapidement tout probl\u00e8me r\u00e9siduel.<\/p>\n\n<\/div>\n<\/div>\n<\/div>\n<\/div>","protected":false},"excerpt":{"rendered":"<p>Most patients pursuing facial feminization surgery (FFS) view buccal fat removal as a purely aesthetic choice to slim the midface and enhance facial contours. Few realize this procedure alters the physical dimensions of oral and nasal resonance chambers, directly impacting vocal quality and feminization progress. This hidden interaction between midface volume loss and voice resonance [&hellip;]<\/p>\n","protected":false},"author":2,"featured_media":29103,"comment_status":"closed","ping_status":"closed","sticky":false,"template":"","format":"standard","meta":{"_acf_changed":false,"footnotes":""},"categories":[169],"tags":[],"class_list":["post-28911","post","type-post","status-publish","format-standard","has-post-thumbnail","hentry","category-facial-feminization"],"acf":[],"_links":{"self":[{"href":"https:\/\/www.dr-mfo.com\/fr\/wp-json\/wp\/v2\/posts\/28911","targetHints":{"allow":["GET"]}}],"collection":[{"href":"https:\/\/www.dr-mfo.com\/fr\/wp-json\/wp\/v2\/posts"}],"about":[{"href":"https:\/\/www.dr-mfo.com\/fr\/wp-json\/wp\/v2\/types\/post"}],"author":[{"embeddable":true,"href":"https:\/\/www.dr-mfo.com\/fr\/wp-json\/wp\/v2\/users\/2"}],"replies":[{"embeddable":true,"href":"https:\/\/www.dr-mfo.com\/fr\/wp-json\/wp\/v2\/comments?post=28911"}],"version-history":[{"count":1,"href":"https:\/\/www.dr-mfo.com\/fr\/wp-json\/wp\/v2\/posts\/28911\/revisions"}],"predecessor-version":[{"id":29107,"href":"https:\/\/www.dr-mfo.com\/fr\/wp-json\/wp\/v2\/posts\/28911\/revisions\/29107"}],"wp:featuredmedia":[{"embeddable":true,"href":"https:\/\/www.dr-mfo.com\/fr\/wp-json\/wp\/v2\/media\/29103"}],"wp:attachment":[{"href":"https:\/\/www.dr-mfo.com\/fr\/wp-json\/wp\/v2\/media?parent=28911"}],"wp:term":[{"taxonomy":"category","embeddable":true,"href":"https:\/\/www.dr-mfo.com\/fr\/wp-json\/wp\/v2\/categories?post=28911"},{"taxonomy":"post_tag","embeddable":true,"href":"https:\/\/www.dr-mfo.com\/fr\/wp-json\/wp\/v2\/tags?post=28911"}],"curies":[{"name":"wp","href":"https:\/\/api.w.org\/{rel}","templated":true}]}}