{"id":7218,"date":"2023-08-23T22:35:51","date_gmt":"2023-08-23T21:35:51","guid":{"rendered":"https:\/\/www.dr-mfo.com\/?p=7218"},"modified":"2026-02-22T05:12:35","modified_gmt":"2026-02-22T05:12:35","slug":"abaissement-de-la-racine-des-cheveux","status":"publish","type":"post","link":"https:\/\/www.dr-mfo.com\/fr\/hairline-lowering\/","title":{"rendered":"Abaissement de la racine des cheveux\u00a0: un guide sur la chirurgie de r\u00e9duction du front"},"content":{"rendered":"<div data-elementor-type=\"wp-post\" data-elementor-id=\"7218\" class=\"elementor elementor-7218\">\n\t\t\t\t\t\t<section class=\"elementor-section elementor-top-section elementor-element elementor-element-3e63274 elementor-section-boxed elementor-section-height-default elementor-section-height-default\" data-id=\"3e63274\" data-element_type=\"section\" data-e-type=\"section\">\n\t\t\t\t\t\t<div class=\"elementor-container elementor-column-gap-default\">\n\t\t\t\t\t<div class=\"elementor-column elementor-col-100 elementor-top-column elementor-element elementor-element-2306ef93\" data-id=\"2306ef93\" data-element_type=\"column\" data-e-type=\"column\">\n\t\t\t<div class=\"elementor-widget-wrap elementor-element-populated\">\n\t\t\t\t\t\t<div class=\"elementor-element elementor-element-5ee0eff1 elementor-widget elementor-widget-text-editor\" data-id=\"5ee0eff1\" data-element_type=\"widget\" data-e-type=\"widget\" data-widget_type=\"text-editor.default\">\n\t\t\t\t\t\t\t\t\t\n<p>Vous sentez-vous g\u00ean\u00e9 d\u2019avoir un front large ou une racine des cheveux haute ? Souhaitez-vous avoir une apparence du visage plus \u00e9quilibr\u00e9e et plus harmonieuse ? Si tel est le cas, vous pourriez \u00eatre int\u00e9ress\u00e9 par l\u2019abaissement de la racine des cheveux, une proc\u00e9dure cosm\u00e9tique qui peut r\u00e9duire la hauteur de votre front et rapprocher la racine des cheveux de vos sourcils.<\/p>\n\n\n\n<p>Abaissement de la racine des cheveux, \u00e9galement connu sous le nom <a href=\"https:\/\/www.dr-mfo.com\/fr\/forehead-reduction-hairline-advancement\/\">r\u00e9duction du front<\/a> , est une technique chirurgicale qui consiste \u00e0 retirer une bande de peau de la partie sup\u00e9rieure du front et \u00e0 abaisser le cuir chevelu pour cr\u00e9er une racine des cheveux inf\u00e9rieure. Cette proc\u00e9dure peut am\u00e9liorer les proportions de votre visage et vous donner une apparence plus jeune et f\u00e9minine.<\/p>\n\n\n\n<p>Dans cet article, nous vous expliquerons tout ce que vous devez savoir sur l\u2019abaissement de la racine des cheveux, notamment\u00a0:<\/p>\n\n\n\n<ul class=\"wp-block-list\">\n<li>Quels sont les avantages et les risques de l\u2019abaissement de la racine des cheveux ?<\/li>\n\n\n\n<li>Qui est un bon candidat pour l\u2019abaissement de la racine des cheveux ?<\/li>\n\n\n\n<li>Comment se d\u00e9roule l\u2019abaissement de la racine des cheveux ?<\/li>\n\n\n\n<li>Comment se d\u00e9roule le processus de r\u00e9cup\u00e9ration apr\u00e8s une chute de la racine des cheveux ?<\/li>\n\n\n\n<li>Combien co\u00fbte l\u2019abaissement de la racine des cheveux ?<\/li>\n\n\n\n<li>Quelles sont les alternatives \u00e0 l\u2019abaissement de la racine des cheveux ?<\/li>\n<\/ul>\n\n\n\n<p>\u00c0 la fin de cet article, vous comprendrez mieux ce que l\u2019abaissement de la racine des cheveux peut faire pour vous et si c\u2019est la bonne option pour vos objectifs esth\u00e9tiques.<\/p>\n\n\n\n<figure class=\"wp-block-image size-large\"><img fetchpriority=\"high\" decoding=\"async\" width=\"1024\" height=\"768\" src=\"https:\/\/www.dr-mfo.com\/wp-content\/uploads\/2023\/02\/foreheadreduction-1024x768.jpg\" alt=\"r\u00e9duction du front\" class=\"wp-image-4943\" srcset=\"https:\/\/www.dr-mfo.com\/wp-content\/uploads\/2023\/02\/foreheadreduction-1024x768.jpg 1024w, https:\/\/www.dr-mfo.com\/wp-content\/uploads\/2023\/02\/foreheadreduction-300x225.jpg 300w, https:\/\/www.dr-mfo.com\/wp-content\/uploads\/2023\/02\/foreheadreduction-768x576.jpg 768w, https:\/\/www.dr-mfo.com\/wp-content\/uploads\/2023\/02\/foreheadreduction-1536x1152.jpg 1536w, https:\/\/www.dr-mfo.com\/wp-content\/uploads\/2023\/02\/foreheadreduction.jpg 1920w\" sizes=\"(max-width: 1024px) 100vw, 1024px\" \/><\/figure>\n\n\n\n<div id=\"ez-toc-container\" class=\"ez-toc-v2_0_82_2 counter-hierarchy ez-toc-counter ez-toc-transparent ez-toc-container-direction\">\n<div class=\"ez-toc-title-container\">\n<p class=\"ez-toc-title\" style=\"cursor:inherit\">Table des mati\u00e8res<\/p>\n<span class=\"ez-toc-title-toggle\"><\/span><\/div>\n<nav><ul class='ez-toc-list ez-toc-list-level-1' ><li class='ez-toc-page-1 ez-toc-heading-level-2'><a class=\"ez-toc-link ez-toc-heading-1\" href=\"https:\/\/www.dr-mfo.com\/fr\/hairline-lowering\/#Benefits_and_Risks_of_Hairline_Lowering\" >Avantages et risques de l\u2019abaissement de la racine des cheveux<\/a><\/li><li class='ez-toc-page-1 ez-toc-heading-level-2'><a class=\"ez-toc-link ez-toc-heading-2\" href=\"https:\/\/www.dr-mfo.com\/fr\/hairline-lowering\/#Candidacy_for_Hairline_Lowering\" >Candidature pour l\u2019abaissement de la racine des cheveux<\/a><\/li><li class='ez-toc-page-1 ez-toc-heading-level-2'><a class=\"ez-toc-link ez-toc-heading-3\" href=\"https:\/\/www.dr-mfo.com\/fr\/hairline-lowering\/#Procedure_for_Hairline_Lowering\" >Proc\u00e9dure d\u2019abaissement de la racine des cheveux<\/a><\/li><li class='ez-toc-page-1 ez-toc-heading-level-2'><a class=\"ez-toc-link ez-toc-heading-4\" href=\"https:\/\/www.dr-mfo.com\/fr\/hairline-lowering\/#Recovery_After_Hairline_Lowering\" >R\u00e9cup\u00e9ration apr\u00e8s l&#039;abaissement de la racine des cheveux<\/a><\/li><li class='ez-toc-page-1 ez-toc-heading-level-2'><a class=\"ez-toc-link ez-toc-heading-5\" href=\"https:\/\/www.dr-mfo.com\/fr\/hairline-lowering\/#Cost_of_Hairline_Lowering\" >Co\u00fbt de l\u2019abaissement de la racine des cheveux<\/a><\/li><li class='ez-toc-page-1 ez-toc-heading-level-2'><a class=\"ez-toc-link ez-toc-heading-6\" href=\"https:\/\/www.dr-mfo.com\/fr\/hairline-lowering\/#Alternatives_to_Hairline_Lowering\" >Alternatives \u00e0 l\u2019abaissement de la racine des cheveux<\/a><\/li><li class='ez-toc-page-1 ez-toc-heading-level-2'><a class=\"ez-toc-link ez-toc-heading-7\" href=\"https:\/\/www.dr-mfo.com\/fr\/hairline-lowering\/#Conclusion\" >Conclusion<\/a><\/li><li class='ez-toc-page-1 ez-toc-heading-level-2'><a class=\"ez-toc-link ez-toc-heading-8\" href=\"https:\/\/www.dr-mfo.com\/fr\/hairline-lowering\/#FAQs\" >FAQ<\/a><\/li><li class='ez-toc-page-1 ez-toc-heading-level-2'><a class=\"ez-toc-link ez-toc-heading-9\" href=\"https:\/\/www.dr-mfo.com\/fr\/hairline-lowering\/#Free_Consultation\" >Consultation gratuite<\/a><\/li><\/ul><\/nav><\/div>\n<h2 class=\"wp-block-heading\"><span class=\"ez-toc-section\" id=\"Benefits_and_Risks_of_Hairline_Lowering\"><\/span>Avantages et risques de l\u2019abaissement de la racine des cheveux<span class=\"ez-toc-section-end\"><\/span><\/h2>\n\n\n\n<p>L&#039;abaissement de la racine des cheveux peut offrir plusieurs avantages aux personnes qui ne sont pas satisfaites de leur front large ou de leur racine des cheveux haute. Certains de ces avantages sont\u00a0:<\/p>\n\n\n\n<ul class=\"wp-block-list\">\n<li>Il peut abaisser la racine de vos cheveux jusqu&#039;\u00e0 3 cm (1,2 pouces) en une seule s\u00e9ance, en fonction du laxisme de votre cuir chevelu et de la densit\u00e9 de vos cheveux.<\/li>\n\n\n\n<li>Il peut cr\u00e9er une apparence faciale plus sym\u00e9trique et proportionn\u00e9e, am\u00e9liorant ainsi votre attrait g\u00e9n\u00e9ral et votre confiance en vous.<\/li>\n\n\n\n<li>Il peut \u00e9liminer ou r\u00e9duire l&#039;apparence des pointes de veuve, des m\u00e8ches ou des tempes fuyantes, vous donnant une racine des cheveux plus uniforme et plus naturelle.<\/li>\n\n\n\n<li>Il peut fournir des r\u00e9sultats imm\u00e9diats et permanents, contrairement \u00e0 d\u2019autres m\u00e9thodes telles que la greffe de cheveux ou les m\u00e9dicaments.<\/li>\n\n\n\n<li>Il peut pr\u00e9server vos follicules pileux et vos nerfs existants, emp\u00eachant ainsi la chute des cheveux ou l&#039;engourdissement dans la zone trait\u00e9e.<\/li>\n\n\n\n<li>Il peut cacher la cicatrice dans la racine de vos cheveux, la rendant pratiquement invisible apr\u00e8s la gu\u00e9rison.<\/li>\n<\/ul>\n\n\n\n<p>Cependant, comme toute intervention chirurgicale, l\u2019abaissement de la racine des cheveux comporte \u00e9galement certains risques et complications potentielles. Certains de ces risques sont\u00a0:<\/p>\n\n\n\n<ul class=\"wp-block-list\">\n<li>Infection, saignement, gonflement, ecchymose ou douleur au site de l&#039;incision<\/li>\n\n\n\n<li>Cicatrices, formation de ch\u00e9lo\u00efdes ou mauvaise cicatrisation des plaies<\/li>\n\n\n\n<li>Perte ou amincissement des cheveux le long de la ligne d&#039;incision ou dans la zone environnante<\/li>\n\n\n\n<li>Asym\u00e9trie, irr\u00e9gularit\u00e9 ou aspect non naturel de la racine des cheveux<\/li>\n\n\n\n<li>L\u00e9sions nerveuses, engourdissements ou picotements dans le front ou le cuir chevelu<\/li>\n\n\n\n<li>C\u00e9phal\u00e9e de tension, migraine ou sensation d&#039;oppression du cuir chevelu<\/li>\n\n\n\n<li>N\u00e9cessit\u00e9 d&#039;une intervention chirurgicale de r\u00e9vision ou de proc\u00e9dures suppl\u00e9mentaires<\/li>\n<\/ul>\n\n\n\n<p>Pour minimiser ces risques, il est important de choisir un plasticien qualifi\u00e9 et exp\u00e9riment\u00e9. <a href=\"https:\/\/www.dr-mfo.com\/fr\/\">chirurgien<\/a> qui se sp\u00e9cialise dans l&#039;abaissement de la racine des cheveux. Vous devez \u00e9galement suivre attentivement les instructions pr\u00e9op\u00e9ratoires et postop\u00e9ratoires de votre chirurgien et signaler rapidement tout signe d&#039;infection ou de complication.<\/p>\n\n\n\n<figure class=\"wp-block-image size-large\"><img decoding=\"async\" width=\"683\" height=\"1024\" src=\"https:\/\/www.dr-mfo.com\/wp-content\/uploads\/2023\/08\/7608086-683x1024.jpg\" alt=\"Une femme avec ses doigts sur son front, abaissant la racine des cheveux\" class=\"wp-image-7221\" srcset=\"https:\/\/www.dr-mfo.com\/wp-content\/uploads\/2023\/08\/7608086-683x1024.jpg 683w, https:\/\/www.dr-mfo.com\/wp-content\/uploads\/2023\/08\/7608086-200x300.jpg 200w, https:\/\/www.dr-mfo.com\/wp-content\/uploads\/2023\/08\/7608086-768x1152.jpg 768w, https:\/\/www.dr-mfo.com\/wp-content\/uploads\/2023\/08\/7608086-8x12.jpg 8w, https:\/\/www.dr-mfo.com\/wp-content\/uploads\/2023\/08\/7608086.jpg 800w\" sizes=\"(max-width: 683px) 100vw, 683px\" \/><\/figure>\n\n\n\n<h2 class=\"wp-block-heading\"><span class=\"ez-toc-section\" id=\"Candidacy_for_Hairline_Lowering\"><\/span>Candidature pour l\u2019abaissement de la racine des cheveux<span class=\"ez-toc-section-end\"><\/span><\/h2>\n\n\n\n<p>L\u2019abaissement de la racine des cheveux convient aussi bien aux hommes qu\u2019aux femmes qui ont un front large ou une racine des cheveux haute qui les rend incertains quant \u00e0 leur apparence. Cependant, tout le monde n\u2019est pas un bon candidat pour cette proc\u00e9dure. Certains facteurs qui peuvent affecter votre \u00e9ligibilit\u00e9 \u00e0 l\u2019abaissement de la racine des cheveux sont\u00a0:<\/p>\n\n\n\n<ul class=\"wp-block-list\">\n<li>Laxit\u00e9 de votre cuir chevelu\u00a0: cela fait r\u00e9f\u00e9rence \u00e0 l\u2019\u00e9lasticit\u00e9 et \u00e0 la flexibilit\u00e9 de votre cuir chevelu. Plus vous avez de laxisme, plus votre cuir chevelu peut \u00eatre descendu sans cr\u00e9er trop de tensions ou de distorsions. Id\u00e9alement, vous devriez pouvoir abaisser votre cuir chevelu d&#039;au moins 2 cm (0,8 pouces) sans ressentir aucune g\u00eane.<\/li>\n\n\n\n<li>La densit\u00e9 de vos cheveux\u00a0: cela fait r\u00e9f\u00e9rence \u00e0 l\u2019\u00e9paisseur et \u00e0 la densit\u00e9 de vos cheveux. Plus vous avez de densit\u00e9, meilleurs seront vos r\u00e9sultats. Une racine des cheveux dense aidera \u00e0 dissimuler la cicatrice et \u00e0 cr\u00e9er une transition d\u2019apparence naturelle entre votre front et votre cuir chevelu. Si vous avez les cheveux clairsem\u00e9s ou des zones chauves, vous ne pourrez peut-\u00eatre pas obtenir des r\u00e9sultats optimaux en abaissant la racine des cheveux.<\/li>\n\n\n\n<li>Votre \u00e2ge\u00a0: Il s\u2019agit de votre \u00e2ge et de la probabilit\u00e9 que vous subissiez une chute de cheveux suppl\u00e9mentaire \u00e0 l\u2019avenir. L\u2019abaissement de la ligne frontale est plus adapt\u00e9 aux patients jeunes dont la pousse des cheveux est stable et qui pr\u00e9sentent peu de signes de vieillissement. Si vous \u00eates plus \u00e2g\u00e9 ou si vous avez des ant\u00e9c\u00e9dents familiaux de calvitie, vous pouvez envisager d\u2019autres options telles que la greffe de cheveux ou un traitement m\u00e9dicamenteux.<\/li>\n\n\n\n<li>Vos attentes\u00a0: cela fait r\u00e9f\u00e9rence au caract\u00e8re r\u00e9aliste et raisonnable de vos objectifs concernant le r\u00e9sultat de la proc\u00e9dure. L\u2019abaissement de la racine des cheveux peut am\u00e9liorer consid\u00e9rablement l\u2019harmonie de votre visage et votre estime de soi, mais cela ne peut pas changer enti\u00e8rement votre apparence ou votre personnalit\u00e9. Vous devez avoir une id\u00e9e claire de ce que vous souhaitez r\u00e9aliser et en discuter avec votre chirurgien avant de subir une intervention chirurgicale.<\/li>\n<\/ul>\n\n\n\n<p>Pour d\u00e9terminer si vous \u00eates un bon candidat pour l\u2019abaissement de la racine des cheveux, vous devriez consulter un chirurgien plasticien certifi\u00e9 qui poss\u00e8de une vaste exp\u00e9rience dans cette proc\u00e9dure. Votre chirurgien \u00e9valuera vos ant\u00e9c\u00e9dents m\u00e9dicaux, examinera votre cuir chevelu et votre front, mesurera la hauteur et la largeur de votre front, \u00e9valuera la laxit\u00e9 de votre cuir chevelu et la densit\u00e9 de vos cheveux et vous recommandera la meilleure marche \u00e0 suivre.<\/p>\n\n\n\n<h2 class=\"wp-block-heading\"><span class=\"ez-toc-section\" id=\"Procedure_for_Hairline_Lowering\"><\/span>Proc\u00e9dure d\u2019abaissement de la racine des cheveux<span class=\"ez-toc-section-end\"><\/span><\/h2>\n\n\n\n<p>L&#039;abaissement de la racine des cheveux est g\u00e9n\u00e9ralement r\u00e9alis\u00e9 en ambulatoire sous anesth\u00e9sie g\u00e9n\u00e9rale ou locale avec s\u00e9dation. L&#039;intervention chirurgicale dure g\u00e9n\u00e9ralement environ 1 \u00e0 2 heures, selon l&#039;\u00e9tendue de la correction et la technique utilis\u00e9e. La technique la plus courante pour abaisser la racine des cheveux est l&#039;incision pr\u00e9trichiaale, qui consiste \u00e0 pratiquer une incision incurv\u00e9e le long de la racine naturelle des cheveux et \u00e0 retirer une bande de peau de la partie sup\u00e9rieure du front. Les \u00e9tapes de cette technique sont :<\/p>\n\n\n\n<ul class=\"wp-block-list\">\n<li>Le chirurgien marque la ligne d&#039;incision et la quantit\u00e9 de peau \u00e0 retirer sur votre front, en tenant compte des proportions de votre visage, de la forme de vos cheveux et des r\u00e9sultats souhait\u00e9s.<\/li>\n\n\n\n<li>Le chirurgien administre une anesth\u00e9sie et engourdit votre front et votre cuir chevelu avec une injection d&#039;anesth\u00e9sique local.<\/li>\n\n\n\n<li>Le chirurgien pratique une incision pr\u00e9trichiaale le long de la racine des cheveux, en suivant les contours naturels de votre front. L\u2019incision a pour but de pr\u00e9server vos follicules pileux et vos nerfs et de cr\u00e9er une fine cicatrice qui sera cach\u00e9e par vos cheveux.<\/li>\n\n\n\n<li>Le chirurgien soul\u00e8ve soigneusement la peau des tissus sous-jacents et d\u00e9coupe l\u2019exc\u00e9dent de peau de la partie sup\u00e9rieure du front. Le chirurgien peut \u00e9galement retirer de la graisse ou des muscles du front pour cr\u00e9er une apparence plus lisse.<\/li>\n\n\n\n<li>Le chirurgien abaisse le cuir chevelu et l\u2019aligne avec le bord inf\u00e9rieur de l\u2019incision, comblant ainsi l\u2019espace et abaissant la racine des cheveux. Le chirurgien peut utiliser des sutures, des agrafes ou des clips pour maintenir le cuir chevelu en place.<\/li>\n\n\n\n<li>Le chirurgien ferme l&#039;incision avec des sutures r\u00e9sorbables ou non r\u00e9sorbables, cr\u00e9ant un motif en zigzag qui se fondra dans la racine des cheveux. Le chirurgien peut \u00e9galement appliquer une colle ou un ruban adh\u00e9sif chirurgical pour prot\u00e9ger la plaie et favoriser la cicatrisation.<\/li>\n\n\n\n<li>Le chirurgien recouvre l&#039;incision avec un pansement st\u00e9rile et enveloppe votre t\u00eate avec un bandage pour r\u00e9duire l&#039;enflure et le saignement.<\/li>\n<\/ul>\n\n\n\n<h2 class=\"wp-block-heading\"><span class=\"ez-toc-section\" id=\"Recovery_After_Hairline_Lowering\"><\/span>R\u00e9cup\u00e9ration apr\u00e8s l&#039;abaissement de la racine des cheveux<span class=\"ez-toc-section-end\"><\/span><\/h2>\n\n\n\n<p>Apr\u00e8s une intervention chirurgicale d&#039;abaissement de la ligne des cheveux, vous serez surveill\u00e9 dans une salle de r\u00e9veil pendant quelques heures avant de pouvoir rentrer chez vous. Vous aurez besoin de quelqu&#039;un pour vous raccompagner chez vous et rester avec vous pendant la premi\u00e8re nuit. Vous recevrez \u00e9galement des instructions sp\u00e9cifiques de votre chirurgien sur la fa\u00e7on de prendre soin de votre incision, de g\u00e9rer votre douleur, de pr\u00e9venir l&#039;infection et de reprendre vos activit\u00e9s normales. Voici quelques directives g\u00e9n\u00e9rales pour la r\u00e9cup\u00e9ration :<\/p>\n\n\n\n<ul class=\"wp-block-list\">\n<li>Gardez la t\u00eate sur\u00e9lev\u00e9e et \u00e9vitez de vous pencher ou de faire des efforts pendant les premiers jours suivant la chirurgie. Cela aidera \u00e0 r\u00e9duire l\u2019enflure, les saignements et la pression sur votre cuir chevelu.<\/li>\n\n\n\n<li>Appliquez des compresses froides ou des blocs de glace sur votre front et votre cuir chevelu pendant 10 \u00e0 15 minutes \u00e0 la fois, plusieurs fois par jour pendant les 48 premi\u00e8res heures suivant la chirurgie. Cela aidera \u00e0 soulager la douleur, l\u2019inflammation et les ecchymoses.<\/li>\n\n\n\n<li>Prenez des analg\u00e9siques prescrits par votre chirurgien ou des m\u00e9dicaments en vente libre tels que l&#039;ac\u00e9taminoph\u00e8ne ou l&#039;ibuprof\u00e8ne. \u00c9vitez l&#039;aspirine ou d&#039;autres anticoagulants qui peuvent augmenter les saignements ou interf\u00e9rer avec la gu\u00e9rison.<\/li>\n\n\n\n<li>Nettoyez doucement votre incision avec du savon doux et de l&#039;eau une \u00e0 deux fois par jour, selon les instructions de votre chirurgien. S\u00e9chez-le avec une serviette propre et appliquez une pommade antibiotique si votre chirurgien vous le recommande.<\/li>\n\n\n\n<li>\u00c9vitez de vous laver ou de vous coiffer pendant au moins 3 jours apr\u00e8s la chirurgie. Lorsque vous vous lavez les cheveux, utilisez un shampoing et un revitalisant doux et rincez abondamment \u00e0 l&#039;eau ti\u00e8de. \u00c9vitez d&#039;utiliser de l&#039;eau chaude, des s\u00e8che-cheveux, des fers \u00e0 friser ou d&#039;autres sources de chaleur qui pourraient endommager votre cuir chevelu ou vos cheveux.<\/li>\n\n\n\n<li>\u00c9vitez de porter des chapeaux, des bandeaux, des casques ou d&#039;autres accessoires bien ajust\u00e9s qui pourraient frotter contre votre incision ou exercer une pression sur votre cuir chevelu pendant au moins 2 semaines apr\u00e8s la chirurgie.<\/li>\n\n\n\n<li>\u00c9vitez d&#039;exposer votre incision \u00e0 la lumi\u00e8re directe du soleil, aux lits de bronzage ou \u00e0 d&#039;autres sources de rayonnement ultraviolet pendant au moins 6 mois apr\u00e8s la chirurgie. Utilisez un \u00e9cran solaire avec un FPS de 30 ou plus et portez un chapeau ou une \u00e9charpe lorsque vous sortez. Cela aidera \u00e0 pr\u00e9venir l\u2019hyperpigmentation ou l\u2019hypopigmentation de votre cicatrice.<\/li>\n\n\n\n<li>\u00c9vitez de fumer, de boire de l&#039;alcool ou de consommer des m\u00e9dicaments susceptibles de nuire \u00e0 votre gu\u00e9rison ou d&#039;augmenter votre risque de complications pendant au moins 4 semaines apr\u00e8s la chirurgie.<\/li>\n\n\n\n<li>Suivez une alimentation saine, riche en prot\u00e9ines, vitamines, min\u00e9raux et antioxydants qui soutiendront votre gu\u00e9rison et votre syst\u00e8me immunitaire. Buvez beaucoup d&#039;eau pour rester hydrat\u00e9 et \u00e9liminer les toxines de votre corps.<\/li>\n\n\n\n<li>Reprenez vos activit\u00e9s normales progressivement, \u00e0 mesure que vous vous sentez \u00e0 l&#039;aise et selon les conseils de votre chirurgien. Vous devriez pouvoir retourner au travail ou \u00e0 l\u2019\u00e9cole dans la semaine suivant la chirurgie, selon la nature de votre travail ou de vos \u00e9tudes. Vous devez \u00e9viter les exercices ou les sports intenses pendant au moins 4 semaines apr\u00e8s la chirurgie.<\/li>\n<\/ul>\n\n\n\n<p>Vous devrez consulter votre chirurgien pour des rendez-vous de suivi \u00e0 intervalles r\u00e9guliers apr\u00e8s la chirurgie. Votre chirurgien v\u00e9rifiera votre incision, retirera les sutures ou les agrafes si n\u00e9cessaire, surveillera votre progression de gu\u00e9rison et r\u00e9pondra \u00e0 toutes vos pr\u00e9occupations. Vous devez \u00e9galement signaler imm\u00e9diatement \u00e0 votre chirurgien tout signe d\u2019infection, de saignement, de gonflement anormal, de douleur intense, d\u2019engourdissement, de picotement ou de perte de cheveux.<\/p>\n\n\n\n<h2 class=\"wp-block-heading\"><span class=\"ez-toc-section\" id=\"Cost_of_Hairline_Lowering\"><\/span>Co\u00fbt de l\u2019abaissement de la racine des cheveux<span class=\"ez-toc-section-end\"><\/span><\/h2>\n\n\n\n<p>Plus d\u2019un facteur peut affecter les co\u00fbts moyens. Ceux-ci pourraient \u00eatre\u00a0:<\/p>\n\n\n\n<ul class=\"wp-block-list\">\n<li>L&#039;exp\u00e9rience et la r\u00e9putation du chirurgien : un chirurgien plus comp\u00e9tent et renomm\u00e9 peut facturer plus pour ses services, mais il peut \u00e9galement offrir de meilleurs r\u00e9sultats et des risques de complications moindres.<\/li>\n\n\n\n<li>La situation g\u00e9ographique : Le co\u00fbt de la vie et la demande de chirurgie esth\u00e9tique peuvent affecter le prix de l\u2019abaissement de la racine des cheveux dans diff\u00e9rentes r\u00e9gions ou pays.<\/li>\n\n\n\n<li>L&#039;\u00e9tendue de la correction\u00a0: la quantit\u00e9 de peau \u00e0 enlever et le degr\u00e9 d&#039;avancement du cuir chevelu peuvent influencer la complexit\u00e9 et la dur\u00e9e de l&#039;intervention chirurgicale, ce qui peut affecter le co\u00fbt.<\/li>\n\n\n\n<li>La technique utilis\u00e9e : L&#039;incision pr\u00e9trichiale est la technique la plus courante pour abaisser la racine des cheveux, mais il existe d&#039;autres options telles que l&#039;incision trichophytique, la technique de greffe de cheveux ou la technique d&#039;expansion tissulaire, qui peuvent avoir des co\u00fbts et des r\u00e9sultats diff\u00e9rents.<\/li>\n\n\n\n<li>Le type d&#039;anesth\u00e9sie : L&#039;anesth\u00e9sie g\u00e9n\u00e9rale ou l&#039;anesth\u00e9sie locale avec s\u00e9dation peuvent avoir diff\u00e9rents co\u00fbts et risques qui y sont associ\u00e9s.<\/li>\n\n\n\n<li>Les proc\u00e9dures suppl\u00e9mentaires\u00a0: Certains patients peuvent choisir de combiner l&#039;abaissement de la racine des cheveux avec d&#039;autres proc\u00e9dures cosm\u00e9tiques telles que le lifting des sourcils, la chirurgie des paupi\u00e8res ou <a href=\"https:\/\/www.dr-mfo.com\/fr\/facelift-surgery\/\">lifting<\/a>, ce qui peut augmenter le co\u00fbt global de l\u2019intervention chirurgicale.<\/li>\n<\/ul>\n\n\n\n<p>Selon RealSelf, un site Web qui fournit des informations et des critiques sur les proc\u00e9dures cosm\u00e9tiques, le co\u00fbt moyen de l&#039;abaissement de la racine des cheveux aux \u00c9tats-Unis est de $7 900, allant de $3 000 \u00e0 $15 000. Cependant, il ne s&#039;agit que d&#039;une estimation bas\u00e9e sur les donn\u00e9es autod\u00e9clar\u00e9es des utilisateurs et n&#039;inclut pas d&#039;autres d\u00e9penses telles que les frais de consultation, les frais d&#039;anesth\u00e9sie, les frais d&#039;\u00e9tablissement, les frais de m\u00e9dicaments ou les frais de soins postop\u00e9ratoires. Par cons\u00e9quent, le co\u00fbt r\u00e9el de l\u2019abaissement de la racine des cheveux peut varier consid\u00e9rablement en fonction de votre cas individuel et des honoraires de votre chirurgien.<\/p>\n\n\n\n<p>Pour obtenir un devis plus pr\u00e9cis pour l\u2019abaissement de la racine des cheveux, vous devriez consulter un chirurgien plasticien certifi\u00e9 sp\u00e9cialis\u00e9 dans cette proc\u00e9dure. Votre chirurgien vous fournira un plan de traitement personnalis\u00e9 et une ventilation d\u00e9taill\u00e9e des co\u00fbts impliqu\u00e9s. Vous devez \u00e9galement interroger votre chirurgien sur les options de financement et les plans de paiement qu\u2019il propose ou accepte.<\/p>\n\n\n\n<h2 class=\"wp-block-heading\"><span class=\"ez-toc-section\" id=\"Alternatives_to_Hairline_Lowering\"><\/span>Alternatives \u00e0 l\u2019abaissement de la racine des cheveux<span class=\"ez-toc-section-end\"><\/span><\/h2>\n\n\n\n<p>L\u2019abaissement de la racine des cheveux n\u2019est pas la seule option pour les personnes qui souhaitent r\u00e9duire la taille de leur front ou abaisser la racine de leurs cheveux. Certaines alternatives peuvent \u00eatre plus adapt\u00e9es \u00e0 certains patients en fonction de leurs pr\u00e9f\u00e9rences, de leurs objectifs et de leur situation. Certaines de ces alternatives sont\u00a0:<\/p>\n\n\n\n<ul class=\"wp-block-list\">\n<li>Greffe de cheveux : Il s\u2019agit d\u2019une proc\u00e9dure qui consiste \u00e0 pr\u00e9lever des follicules pileux sur une partie du cuir chevelu (g\u00e9n\u00e9ralement l\u2019arri\u00e8re ou les c\u00f4t\u00e9s) et \u00e0 les transplanter dans une autre partie (g\u00e9n\u00e9ralement l\u2019avant ou le dessus). Cela peut cr\u00e9er une racine des cheveux plus compl\u00e8te et plus basse en ajoutant plus de densit\u00e9 et de couverture \u00e0 la zone du front. La greffe de cheveux peut \u00eatre r\u00e9alis\u00e9e en utilisant diff\u00e9rentes techniques telles que l&#039;extraction d&#039;unit\u00e9s folliculaires (<a href=\"https:\/\/www.dr-mfo.com\/fr\/hair-loss-restoration\/\">FUE<\/a>) ou la transplantation d&#039;unit\u00e9s folliculaires (FUT), qui pr\u00e9sentent diff\u00e9rents avantages et inconv\u00e9nients. La greffe de cheveux peut \u00eatre combin\u00e9e \u00e0 l\u2019abaissement de la racine des cheveux pour obtenir des r\u00e9sultats optimaux.<\/li>\n\n\n\n<li>M\u00e9dicaments : Il s\u2019agit d\u2019une option non chirurgicale qui consiste \u00e0 prendre des m\u00e9dicaments oraux ou topiques qui peuvent stimuler la croissance des cheveux ou pr\u00e9venir leur chute. Quelques exemples de ces m\u00e9dicaments sont le minoxidil (Rogaine), le finast\u00e9ride (Propecia) ou le dutast\u00e9ride (Avodart). Ces m\u00e9dicaments peuvent aider \u00e0 abaisser la racine de vos cheveux en augmentant leur densit\u00e9 et en ralentissant leur r\u00e9cession. Cependant, ces m\u00e9dicaments peuvent avoir des effets secondaires tels qu\u2019une irritation du cuir chevelu, un dysfonctionnement sexuel ou un d\u00e9s\u00e9quilibre hormonal. Ils n\u00e9cessitent \u00e9galement une utilisation continue pour maintenir leurs effets.<\/li>\n\n\n\n<li>Maquillage\u00a0: Il s&#039;agit d&#039;une option temporaire et non invasive qui consiste \u00e0 utiliser des produits cosm\u00e9tiques tels qu&#039;un fard \u00e0 paupi\u00e8res, un eye-liner ou un correcteur pour cr\u00e9er l&#039;illusion d&#039;une racine des cheveux inf\u00e9rieure. Cela peut aider \u00e0 camoufler votre grand front ou la racine de vos cheveux en comblant les lacunes ou en cr\u00e9ant des ombres le long de la racine de vos cheveux. Le maquillage peut \u00eatre appliqu\u00e9 de diff\u00e9rentes mani\u00e8res en fonction du look souhait\u00e9 et de votre niveau de comp\u00e9tence. Cependant, le maquillage peut \u00eatre facilement lav\u00e9 ou tach\u00e9 par la sueur, l\u2019eau ou l\u2019huile. Il n\u00e9cessite \u00e9galement une application et un retrait fr\u00e9quents pour \u00e9viter les irritations ou les infections cutan\u00e9es.<\/li>\n<\/ul>\n\n\n\n<h2 class=\"wp-block-heading\"><span class=\"ez-toc-section\" id=\"Conclusion\"><\/span>Conclusion<span class=\"ez-toc-section-end\"><\/span><\/h2>\n\n\n\n<p>L&#039;abaissement de la racine des cheveux est une proc\u00e9dure cosm\u00e9tique qui peut r\u00e9duire la hauteur de votre front et abaisser la racine de vos cheveux en retirant une bande de peau du haut du front et en tirant vers le bas le cuir chevelu. Cela peut am\u00e9liorer les proportions et l\u2019harmonie de votre visage et renforcer votre confiance en vous et votre attractivit\u00e9. L&#039;abaissement de la racine des cheveux peut offrir plusieurs avantages tels que des r\u00e9sultats imm\u00e9diats et permanents, la pr\u00e9servation des follicules pileux et des nerfs et la dissimulation des cicatrices. Cependant, cela comporte \u00e9galement certains risques tels qu\u2019une infection, des saignements, des cicatrices, des l\u00e9sions nerveuses, des maux de t\u00eate ou la n\u00e9cessit\u00e9 d\u2019une intervention chirurgicale de r\u00e9vision.<\/p>\n\n\n\n<p>Pour d\u00e9terminer si vous \u00eates un bon candidat pour l\u2019abaissement de la racine des cheveux, vous devriez consulter un chirurgien plasticien certifi\u00e9 qui poss\u00e8de une vaste exp\u00e9rience dans cette proc\u00e9dure. Votre chirurgien \u00e9valuera le laxisme de votre cuir chevelu, la densit\u00e9 de vos cheveux, votre \u00e2ge, vos attentes et d&#039;autres facteurs pouvant affecter votre \u00e9ligibilit\u00e9 et vos r\u00e9sultats. Votre chirurgien vous expliquera \u00e9galement les d\u00e9tails de la proc\u00e9dure, le processus de r\u00e9cup\u00e9ration, les facteurs de co\u00fbt et les options alternatives qui s&#039;offrent \u00e0 vous.<\/p>\n\n\n\n<p>L\u2019abaissement de la racine des cheveux n\u2019est pas la seule option pour les personnes qui souhaitent modifier la taille ou la forme de leur front. Il existe des alternatives telles que la greffe de cheveux, les m\u00e9dicaments ou le maquillage qui peuvent \u00eatre plus adapt\u00e9es \u00e0 certains patients. Vous devez peser le pour et le contre de chaque option et choisir celle qui r\u00e9pond le mieux \u00e0 vos besoins et \u00e0 vos objectifs.<\/p>\n\n\n\n<h2 class=\"wp-block-heading\"><span class=\"ez-toc-section\" id=\"FAQs\"><\/span>FAQ<span class=\"ez-toc-section-end\"><\/span><\/h2>\n\n\n\n<p>Voici quelques questions fr\u00e9quemment pos\u00e9es sur l\u2019abaissement de la racine des cheveux\u00a0:<\/p>\n\n\n\n<ul class=\"wp-block-list\">\n<li>Q\u00a0: Combien de temps faut-il pour voir les r\u00e9sultats finaux de l\u2019abaissement de la racine des cheveux\u00a0?<\/li>\n\n\n\n<li>R\u00a0: Vous constaterez une am\u00e9lioration imm\u00e9diate de la position de la racine des cheveux et de la taille de votre front apr\u00e8s l\u2019abaissement de la racine des cheveux. Cependant, cela peut prendre plusieurs mois pour que le gonflement, les ecchymoses et les cicatrices disparaissent et que la racine des cheveux prenne sa forme d\u00e9finitive. Vous devriez vous attendre \u00e0 voir les r\u00e9sultats finaux de la chute des cheveux dans les 6 \u00e0 12 mois suivant la chirurgie.<\/li>\n\n\n\n<li>Q\u00a0: Combien de temps dure la cicatrice caus\u00e9e par l\u2019abaissement de la racine des cheveux\u00a0?<\/li>\n\n\n\n<li>R : La cicatrice caus\u00e9e par l\u2019abaissement de la racine des cheveux est g\u00e9n\u00e9ralement tr\u00e8s fine et bien cach\u00e9e \u00e0 la racine des cheveux. Cependant, la visibilit\u00e9 et la dur\u00e9e de la cicatrice peuvent varier en fonction de votre type de peau, de votre capacit\u00e9 de gu\u00e9rison, de la densit\u00e9 de vos cheveux et de votre coiffure. La cicatrice peut s\u2019estomper avec le temps avec des soins appropri\u00e9s et une protection solaire, mais elle ne dispara\u00eetra peut-\u00eatre jamais compl\u00e8tement. Certains patients peuvent b\u00e9n\u00e9ficier de techniques de r\u00e9vision de cicatrice ou de camouflage telles que la th\u00e9rapie au laser, la micropigmentation ou le microblading pour am\u00e9liorer l&#039;apparence de la cicatrice.<\/li>\n\n\n\n<li>Q\u00a0: Puis-je porter une frange apr\u00e8s avoir abaiss\u00e9 la racine des cheveux\u00a0?<\/li>\n\n\n\n<li>R : Oui, vous pouvez porter une frange apr\u00e8s avoir abaiss\u00e9 la racine des cheveux. En fait, certains patients peuvent pr\u00e9f\u00e9rer porter une frange pour couvrir leur incision ou leur cicatrice pendant le processus de gu\u00e9rison. Cependant, vous devez \u00e9viter de couper ou de coiffer votre frange ou votre frange trop courte ou trop serr\u00e9e, car cela pourrait tirer sur votre cuir chevelu ou exposer votre incision ou votre cicatrice. Vous devez \u00e9galement \u00e9viter d\u2019utiliser des produits chimiques agressifs ou des outils chauffants sur votre frange, car cela pourrait endommager votre cuir chevelu ou vos cheveux.<\/li>\n\n\n\n<li>Q\u00a0: Puis-je teindre mes cheveux apr\u00e8s une r\u00e9duction de la racine des cheveux\u00a0?<\/li>\n\n\n\n<li>R : Oui, vous pouvez teindre vos cheveux apr\u00e8s avoir abaiss\u00e9 la racine des cheveux. Cependant, vous devez attendre au moins 4 semaines apr\u00e8s la chirurgie avant de colorer vos cheveux, car cela permettra \u00e0 votre incision de cicatriser correctement et de pr\u00e9venir toute infection ou irritation. Vous devez \u00e9galement utiliser un colorant doux et naturel qui ne contient pas d&#039;ammoniaque, de peroxyde ou d&#039;autres ingr\u00e9dients agressifs susceptibles d&#039;endommager votre cuir chevelu ou vos cheveux.<\/li>\n\n\n\n<li>Q\u00a0: Puis-je subir une deuxi\u00e8me op\u00e9ration d\u2019abaissement de la racine des cheveux si je ne suis pas satisfait de la premi\u00e8re\u00a0?<\/li>\n\n\n\n<li>R : Oui, vous pouvez subir une deuxi\u00e8me op\u00e9ration d\u2019abaissement de la racine des cheveux si vous n\u2019\u00eates pas satisfait de la premi\u00e8re. Il faudra cependant attendre au moins 6 mois apr\u00e8s la premi\u00e8re intervention chirurgicale avant d\u2019en subir une seconde, car cela permettra \u00e0 votre cuir chevelu de cicatriser compl\u00e8tement et de retrouver son laxisme et son \u00e9lasticit\u00e9. Vous devez \u00e9galement discuter de vos attentes et de vos objectifs avec votre chirurgien et comprendre les limites et les risques li\u00e9s \u00e0 une deuxi\u00e8me intervention chirurgicale.<\/li>\n<\/ul>\n\t\t\t\t\t\t\t\t<\/div>\n\t\t\t\t\t<\/div>\n\t\t<\/div>\n\t\t\t\t\t<\/div>\n\t\t<\/section>\n\t\t\t\t<section class=\"elementor-section elementor-inner-section elementor-element elementor-element-43595fc5 elementor-section-boxed elementor-section-height-default elementor-section-height-default\" data-id=\"43595fc5\" data-element_type=\"section\" data-e-type=\"section\" data-settings=\"{&quot;background_background&quot;:&quot;classic&quot;}\">\n\t\t\t\t\t\t\t<div class=\"elementor-background-overlay\"><\/div>\n\t\t\t\t\t\t\t<div class=\"elementor-container elementor-column-gap-default\">\n\t\t\t\t\t<div class=\"elementor-column elementor-col-50 elementor-inner-column elementor-element elementor-element-344f338b\" data-id=\"344f338b\" data-element_type=\"column\" data-e-type=\"column\">\n\t\t\t<div class=\"elementor-widget-wrap elementor-element-populated\">\n\t\t\t\t\t\t<div class=\"elementor-element elementor-element-1410ace6 elementor-widget elementor-widget-video\" data-id=\"1410ace6\" data-element_type=\"widget\" data-e-type=\"widget\" data-settings=\"{&quot;youtube_url&quot;:&quot;https:\\\/\\\/www.youtube.com\\\/watch?v=SlTL4a1lgDQ&quot;,&quot;video_type&quot;:&quot;youtube&quot;,&quot;controls&quot;:&quot;yes&quot;}\" data-widget_type=\"video.default\">\n\t\t\t\t\t\t\t<div class=\"elementor-wrapper elementor-open-inline\">\n\t\t\t<div class=\"elementor-video\"><\/div>\t\t<\/div>\n\t\t\t\t\t\t<\/div>\n\t\t\t\t\t<\/div>\n\t\t<\/div>\n\t\t\t\t<div class=\"elementor-column elementor-col-50 elementor-inner-column elementor-element elementor-element-23c9b920\" data-id=\"23c9b920\" data-element_type=\"column\" data-e-type=\"column\">\n\t\t\t<div class=\"elementor-widget-wrap elementor-element-populated\">\n\t\t\t\t\t\t<div class=\"elementor-element elementor-element-25243945 elementor-widget elementor-widget-heading\" data-id=\"25243945\" data-element_type=\"widget\" data-e-type=\"widget\" data-widget_type=\"heading.default\">\n\t\t\t\t\t<h2 class=\"elementor-heading-title elementor-size-default\"><span class=\"ez-toc-section\" id=\"Free_Consultation\"><\/span>Consultation gratuite<span class=\"ez-toc-section-end\"><\/span><\/h2>\t\t\t\t<\/div>\n\t\t\t\t<div class=\"elementor-element elementor-element-25672eac elementor-widget elementor-widget-text-editor\" data-id=\"25672eac\" data-element_type=\"widget\" data-e-type=\"widget\" data-widget_type=\"text-editor.default\">\n\t\t\t\t\t\t\t\t\tObtenez une consultation gratuite maintenant ou visitez <a style=\"color:#61CE70;  font-weight: bold;\" href=\"https:\/\/www.instagram.com\/dr_mfo\/\" rel=\"nofollow noopener\" target=\"_blank\">Instagram du Dr MFO<\/a> pour voir plus avec succ\u00e8s les r\u00e9sultats de la chirurgie plastique\t\t\t\t\t\t\t\t<\/div>\n\t\t\t\t<div class=\"elementor-element elementor-element-7f35b4fd elementor-widget elementor-widget-button\" data-id=\"7f35b4fd\" data-element_type=\"widget\" data-e-type=\"widget\" data-widget_type=\"button.default\">\n\t\t\t\t\t\t\t\t\t\t<a class=\"elementor-button elementor-button-link elementor-size-sm\" href=\"https:\/\/www.dr-mfo.com\/fr\/obtenir-des-informations-detaillees\/\">\n\t\t\t\t\t\t<span class=\"elementor-button-content-wrapper\">\n\t\t\t\t\t\t\t\t\t<span class=\"elementor-button-text\">Commencer<\/span>\n\t\t\t\t\t<\/span>\n\t\t\t\t\t<\/a>\n\t\t\t\t\t\t\t\t<\/div>\n\t\t\t\t\t<\/div>\n\t\t<\/div>\n\t\t\t\t\t<\/div>\n\t\t<\/section>\n\t\t\t\t<\/div>","protected":false},"excerpt":{"rendered":"<p>Do you feel self-conscious about having a large forehead or a high hairline? Do you wish you could have a more balanced and harmonious facial appearance? If so, you might be interested in hairline lowering, a cosmetic procedure that can reduce the height of your forehead and bring your hairline closer to your eyebrows. Hairline [&hellip;]<\/p>\n","protected":false},"author":2,"featured_media":7220,"comment_status":"closed","ping_status":"closed","sticky":false,"template":"","format":"standard","meta":{"_acf_changed":false,"footnotes":""},"categories":[169,190],"tags":[],"class_list":["post-7218","post","type-post","status-publish","format-standard","has-post-thumbnail","hentry","category-facial-feminization","category-forehead-reduction"],"acf":[],"_links":{"self":[{"href":"https:\/\/www.dr-mfo.com\/fr\/wp-json\/wp\/v2\/posts\/7218","targetHints":{"allow":["GET"]}}],"collection":[{"href":"https:\/\/www.dr-mfo.com\/fr\/wp-json\/wp\/v2\/posts"}],"about":[{"href":"https:\/\/www.dr-mfo.com\/fr\/wp-json\/wp\/v2\/types\/post"}],"author":[{"embeddable":true,"href":"https:\/\/www.dr-mfo.com\/fr\/wp-json\/wp\/v2\/users\/2"}],"replies":[{"embeddable":true,"href":"https:\/\/www.dr-mfo.com\/fr\/wp-json\/wp\/v2\/comments?post=7218"}],"version-history":[{"count":0,"href":"https:\/\/www.dr-mfo.com\/fr\/wp-json\/wp\/v2\/posts\/7218\/revisions"}],"wp:featuredmedia":[{"embeddable":true,"href":"https:\/\/www.dr-mfo.com\/fr\/wp-json\/wp\/v2\/media\/7220"}],"wp:attachment":[{"href":"https:\/\/www.dr-mfo.com\/fr\/wp-json\/wp\/v2\/media?parent=7218"}],"wp:term":[{"taxonomy":"category","embeddable":true,"href":"https:\/\/www.dr-mfo.com\/fr\/wp-json\/wp\/v2\/categories?post=7218"},{"taxonomy":"post_tag","embeddable":true,"href":"https:\/\/www.dr-mfo.com\/fr\/wp-json\/wp\/v2\/tags?post=7218"}],"curies":[{"name":"wp","href":"https:\/\/api.w.org\/{rel}","templated":true}]}}