{"id":8633,"date":"2024-01-08T08:48:25","date_gmt":"2024-01-08T08:48:25","guid":{"rendered":"https:\/\/www.dr-mfo.com\/?p=8633"},"modified":"2026-02-22T03:30:35","modified_gmt":"2026-02-22T03:30:35","slug":"la-ligne-des-cheveux-en-forme-de-m-est-elle-normale","status":"publish","type":"post","link":"https:\/\/www.dr-mfo.com\/fr\/is-m-shaped-hairline-normal\/","title":{"rendered":"La racine des cheveux en forme de M est-elle normale\u00a0?"},"content":{"rendered":"<p>La ligne de cheveux en forme de M est-elle normale ? La ligne de cheveux est la ligne de cheveux qui pousse sur le front, g\u00e9n\u00e9ralement au-dessus des sourcils. La forme et la position de la ligne de cheveux peuvent varier d&#039;une personne \u00e0 l&#039;autre, en fonction de facteurs tels que la g\u00e9n\u00e9tique, l&#039;\u00e2ge, les hormones et la perte de cheveux. Certaines personnes ont une ligne de cheveux droite, tandis que d&#039;autres ont une ligne de cheveux courb\u00e9e, en forme de V ou en forme de M.<\/p>\n\n\n\n<p>Une racine des cheveux en forme de M, \u00e9galement connue sous le nom de pic de veuve, est un type de racine des cheveux d\u00e9garnie qui forme un point au centre du front. Elle est plus fr\u00e9quente chez les hommes que chez les femmes et peut \u00eatre le signe d\u2019une calvitie masculine, une maladie h\u00e9r\u00e9ditaire qui provoque le r\u00e9tr\u00e9cissement des follicules pileux et l\u2019arr\u00eat de la production de cheveux. Cependant, toutes les lignes de cheveux en forme de M ne sont pas caus\u00e9es par la chute des cheveux. Certaines personnes naissent avec une racine des cheveux en forme de M, et cela peut aussi \u00eatre un \u00e9l\u00e9ment normal du vieillissement.<\/p>\n\n\n\n<figure class=\"wp-block-image size-large\"><img fetchpriority=\"high\" decoding=\"async\" width=\"1024\" height=\"622\" src=\"https:\/\/www.dr-mfo.com\/wp-content\/uploads\/2024\/01\/image-26-1024x622.png\" alt=\"La racine des cheveux en forme de M est-elle normale\u00a0?\" class=\"wp-image-8645\" srcset=\"https:\/\/www.dr-mfo.com\/wp-content\/uploads\/2024\/01\/image-26-1024x622.png 1024w, https:\/\/www.dr-mfo.com\/wp-content\/uploads\/2024\/01\/image-26-300x182.png 300w, https:\/\/www.dr-mfo.com\/wp-content\/uploads\/2024\/01\/image-26-768x466.png 768w, https:\/\/www.dr-mfo.com\/wp-content\/uploads\/2024\/01\/image-26-1536x933.png 1536w, https:\/\/www.dr-mfo.com\/wp-content\/uploads\/2024\/01\/image-26-2048x1244.png 2048w, https:\/\/www.dr-mfo.com\/wp-content\/uploads\/2024\/01\/image-26-18x12.png 18w, https:\/\/www.dr-mfo.com\/wp-content\/uploads\/2024\/01\/image-26.png 1920w\" sizes=\"(max-width: 1024px) 100vw, 1024px\" \/><\/figure>\n\n\n\n<div id=\"ez-toc-container\" class=\"ez-toc-v2_0_82_2 counter-hierarchy ez-toc-counter ez-toc-transparent ez-toc-container-direction\">\n<div class=\"ez-toc-title-container\">\n<p class=\"ez-toc-title\" style=\"cursor:inherit\">Table des mati\u00e8res<\/p>\n<span class=\"ez-toc-title-toggle\"><\/span><\/div>\n<nav><ul class='ez-toc-list ez-toc-list-level-1' ><li class='ez-toc-page-1 ez-toc-heading-level-2'><a class=\"ez-toc-link ez-toc-heading-1\" href=\"https:\/\/www.dr-mfo.com\/fr\/is-m-shaped-hairline-normal\/#Is_M_Shaped_Hairline_Normal\" >La racine des cheveux en forme de M est-elle normale\u00a0?<\/a><\/li><li class='ez-toc-page-1 ez-toc-heading-level-2'><a class=\"ez-toc-link ez-toc-heading-2\" href=\"https:\/\/www.dr-mfo.com\/fr\/is-m-shaped-hairline-normal\/#What_is_Hairline_Lowering_Surgery\" >Qu\u2019est-ce que la chirurgie d\u2019abaissement de la racine des cheveux ?<\/a><\/li><li class='ez-toc-page-1 ez-toc-heading-level-2'><a class=\"ez-toc-link ez-toc-heading-3\" href=\"https:\/\/www.dr-mfo.com\/fr\/is-m-shaped-hairline-normal\/#How_is_Hairline_Lowering_Surgery_Performed\" >Comment se d\u00e9roule la chirurgie d\u2019abaissement de la racine des cheveux ?<\/a><\/li><li class='ez-toc-page-1 ez-toc-heading-level-2'><a class=\"ez-toc-link ez-toc-heading-4\" href=\"https:\/\/www.dr-mfo.com\/fr\/is-m-shaped-hairline-normal\/#What_are_the_Benefits_of_Hairline_Lowering_Surgery\" >Quels sont les avantages de la chirurgie d\u2019abaissement de la racine des cheveux ?<\/a><\/li><li class='ez-toc-page-1 ez-toc-heading-level-2'><a class=\"ez-toc-link ez-toc-heading-5\" href=\"https:\/\/www.dr-mfo.com\/fr\/is-m-shaped-hairline-normal\/#What_are_the_Risks_and_Complications_of_Hairline_Lowering_Surgery\" >Quels sont les risques et les complications de la chirurgie d\u2019abaissement de la racine des cheveux ?<\/a><\/li><li class='ez-toc-page-1 ez-toc-heading-level-2'><a class=\"ez-toc-link ez-toc-heading-6\" href=\"https:\/\/www.dr-mfo.com\/fr\/is-m-shaped-hairline-normal\/#How_to_Prepare_for_Hairline_Lowering_Surgery\" >Comment se pr\u00e9parer \u00e0 une chirurgie d\u2019abaissement de la racine des cheveux ?<\/a><\/li><li class='ez-toc-page-1 ez-toc-heading-level-2'><a class=\"ez-toc-link ez-toc-heading-7\" href=\"https:\/\/www.dr-mfo.com\/fr\/is-m-shaped-hairline-normal\/#How_to_Recover_from_Hairline_Lowering_Surgery\" >Comment se remettre d\u2019une chirurgie d\u2019abaissement de la racine des cheveux ?<\/a><\/li><li class='ez-toc-page-1 ez-toc-heading-level-2'><a class=\"ez-toc-link ez-toc-heading-8\" href=\"https:\/\/www.dr-mfo.com\/fr\/is-m-shaped-hairline-normal\/#Why_Choose_Turkey_for_Hairline_Lowering_Surgery\" >Pourquoi choisir la Turquie pour la chirurgie d\u2019abaissement de la racine des cheveux\u00a0?<\/a><\/li><li class='ez-toc-page-1 ez-toc-heading-level-2'><a class=\"ez-toc-link ez-toc-heading-9\" href=\"https:\/\/www.dr-mfo.com\/fr\/is-m-shaped-hairline-normal\/#Conclusion\" >Conclusion<\/a><\/li><\/ul><\/nav><\/div>\n<h2 class=\"wp-block-heading\"><span class=\"ez-toc-section\" id=\"Is_M_Shaped_Hairline_Normal\"><\/span>La racine des cheveux en forme de M est-elle normale\u00a0?<span class=\"ez-toc-section-end\"><\/span><\/h2>\n\n\n\n<p>Il n\u2019y a pas de r\u00e9ponse d\u00e9finitive quant \u00e0 savoir si une racine des cheveux en forme de M est normale ou non. Cela d\u00e9pend des pr\u00e9f\u00e9rences, des attentes et de l\u2019image de soi de chacun. Certaines personnes peuvent aimer la racine de leurs cheveux en forme de M et la consid\u00e9rer comme un trait distinctif de leur apparence. D\u2019autres peuvent ne pas aimer leur racine des cheveux en forme de M et se sentir incertains ou m\u00e9contents. Il n\u2019y a pas de bonne ou de mauvaise fa\u00e7on de ressentir la racine de vos cheveux, tant que cela n\u2019affecte pas votre sant\u00e9 mentale ou votre qualit\u00e9 de vie.<\/p>\n\n\n\n<p>Cependant, si votre racine des cheveux en forme de M vous inqui\u00e8te, vous pouvez consulter un dermatologue ou un trichologue, sp\u00e9cialiste des troubles des cheveux et du cuir chevelu. Ils peuvent examiner la racine de vos cheveux et d\u00e9terminer la cause et la gravit\u00e9 de votre perte de cheveux, le cas \u00e9ch\u00e9ant. Ils peuvent \u00e9galement vous conseiller sur les meilleures options de traitement pour votre maladie, comme des m\u00e9dicaments, des solutions topiques, une th\u00e9rapie au laser ou<\/p>\n\n\n\n<h2 class=\"wp-block-heading\"><span class=\"ez-toc-section\" id=\"What_is_Hairline_Lowering_Surgery\"><\/span>Qu\u2019est-ce que la chirurgie d\u2019abaissement de la racine des cheveux ?<span class=\"ez-toc-section-end\"><\/span><\/h2>\n\n\n\n<p>Si vous n&#039;\u00eates pas satisfait de la racine de vos cheveux, vous pouvez envisager une chirurgie d&#039;abaissement de la racine des cheveux, \u00e9galement connue sous le nom de <strong><a href=\"https:\/\/www.dr-mfo.com\/fr\/forehead-reduction-hairline-advancement\/\">r\u00e9duction du front<\/a><\/strong>, <strong>\u00e9volution du cuir chevelu<\/strong>, ou <strong>avancement de la racine des cheveux frontale<\/strong>. Il s\u2019agit d\u2019une proc\u00e9dure cosm\u00e9tique qui abaisse la racine des cheveux en retirant une bande de peau du front et en tirant le cuir chevelu vers l\u2019avant. Le r\u00e9sultat est un front plus court et une proportion faciale plus \u00e9quilibr\u00e9e.<\/p>\n\n\n\n<p>La chirurgie d\u2019abaissement de la racine des cheveux peut \u00eatre pratiqu\u00e9e aussi bien sur les hommes que sur les femmes, mais elle est plus adapt\u00e9e \u00e0 ceux qui ont une racine des cheveux haute ou d\u00e9garnie, des cheveux \u00e9pais et denses et une bonne \u00e9lasticit\u00e9 du cuir chevelu. Il n&#039;est pas recommand\u00e9 \u00e0 ceux qui ont des cheveux fins ou fins, une racine des cheveux basse ou irr\u00e9guli\u00e8re, ou des ant\u00e9c\u00e9dents de cicatrices ch\u00e9lo\u00efdes ou hypertrophiques.<\/p>\n\n\n\n<h2 class=\"wp-block-heading\"><span class=\"ez-toc-section\" id=\"How_is_Hairline_Lowering_Surgery_Performed\"><\/span>Comment se d\u00e9roule la chirurgie d\u2019abaissement de la racine des cheveux ?<span class=\"ez-toc-section-end\"><\/span><\/h2>\n\n\n\n<p>L&#039;op\u00e9ration d&#039;abaissement de la ligne des cheveux est g\u00e9n\u00e9ralement r\u00e9alis\u00e9e sous anesth\u00e9sie locale avec s\u00e9dation ou sous anesth\u00e9sie g\u00e9n\u00e9rale, selon la pr\u00e9f\u00e9rence du patient et la recommandation du chirurgien. L&#039;op\u00e9ration dure environ une \u00e0 deux heures et comprend les \u00e9tapes suivantes :<\/p>\n\n\n\n<ul class=\"wp-block-list\">\n<li>Le <a href=\"https:\/\/www.dr-mfo.com\/fr\/\">chirurgien<\/a> marque la nouvelle ligne de cheveux et la ligne d&#039;incision sur le front, en suivant la forme et la direction naturelles des cheveux.<\/li>\n\n\n\n<li>Le chirurgien pratique une incision horizontale le long de la ligne d\u2019incision, qui est g\u00e9n\u00e9ralement cach\u00e9e dans les cheveux ou \u00e0 la racine des cheveux. L&#039;incision peut s&#039;\u00e9tendre d&#039;une oreille \u00e0 l&#039;autre ou \u00eatre plus courte, en fonction de la quantit\u00e9 de peau \u00e0 retirer.<\/li>\n\n\n\n<li>Le chirurgien enl\u00e8ve une bande de peau du front, g\u00e9n\u00e9ralement d&#039;environ 2 \u00e0 3 cm de large, et soul\u00e8ve le cuir chevelu du tissu sous-jacent.<\/li>\n\n\n\n<li>Le chirurgien tire le cuir chevelu vers l\u2019avant et vers le bas et le suture \u00e0 la peau restante du front, cr\u00e9ant ainsi une nouvelle racine des cheveux.<\/li>\n\n\n\n<li>Le chirurgien ferme l&#039;incision avec des points de suture ou des agrafes et la recouvre d&#039;un bandage ou d&#039;un bonnet chirurgical.<\/li>\n<\/ul>\n\n\n\n<h2 class=\"wp-block-heading\"><span class=\"ez-toc-section\" id=\"What_are_the_Benefits_of_Hairline_Lowering_Surgery\"><\/span>Quels sont les avantages de la chirurgie d\u2019abaissement de la racine des cheveux ?<span class=\"ez-toc-section-end\"><\/span><\/h2>\n\n\n\n<p>La chirurgie d\u2019abaissement de la racine des cheveux peut offrir plusieurs avantages \u00e0 ceux qui ne sont pas satisfaits de la racine de leurs cheveux, tels que\u00a0:<\/p>\n\n\n\n<ul class=\"wp-block-list\">\n<li>Une apparence plus jeune et f\u00e9minine, en particulier pour les femmes qui ont une racine des cheveux haute ou masculine.<\/li>\n\n\n\n<li>Une proportion faciale plus harmonieuse et sym\u00e9trique, notamment pour ceux qui ont un front large ou pro\u00e9minent.<\/li>\n\n\n\n<li>Un r\u00e9sultat plus naturel et permanent, compar\u00e9 aux autres m\u00e9thodes de <strong>correction de la racine des cheveux<\/strong>, comme les postiches, les perruques ou le microblading.<\/li>\n\n\n\n<li>Une image de soi plus confiante et positive, ainsi qu\u2019une plus grande estime de soi et une plus grande acceptation sociale.<\/li>\n<\/ul>\n\n\n\n<h2 class=\"wp-block-heading\"><span class=\"ez-toc-section\" id=\"What_are_the_Risks_and_Complications_of_Hairline_Lowering_Surgery\"><\/span>Quels sont les risques et les complications de la chirurgie d\u2019abaissement de la racine des cheveux ?<span class=\"ez-toc-section-end\"><\/span><\/h2>\n\n\n\n<p>Comme pour toute intervention chirurgicale, la chirurgie d\u2019abaissement de la racine des cheveux comporte certains risques et complications, tels que\u00a0:<\/p>\n\n\n\n<ul class=\"wp-block-list\">\n<li><strong>Cicatrices<\/strong>:L&#039;incision peut laisser une cicatrice visible sur le front, qui peut \u00eatre visible lorsque les cheveux sont mouill\u00e9s, s\u00e9par\u00e9s ou tir\u00e9s en arri\u00e8re. La cicatrice peut s&#039;att\u00e9nuer avec le temps, mais elle peut ne pas dispara\u00eetre compl\u00e8tement. Certaines personnes peuvent d\u00e9velopper des cicatrices ch\u00e9lo\u00efdes ou hypertrophiques, qui sont des cicatrices sur\u00e9lev\u00e9es, rouges ou fonc\u00e9es qui peuvent provoquer des d\u00e9mangeaisons ou des douleurs.<\/li>\n\n\n\n<li><strong>Chute de cheveux<\/strong>: L&#039;intervention chirurgicale peut provoquer une perte de cheveux temporaire ou permanente le long de la ligne d&#039;incision ou de la nouvelle racine des cheveux, en raison du traumatisme ou de la tension du cuir chevelu. La perte de cheveux peut \u00eatre plus visible chez les personnes qui ont les cheveux fins ou fins, ou qui ont des ant\u00e9c\u00e9dents de perte de cheveux.<\/li>\n\n\n\n<li><strong>D\u00e9g\u00e2ts nerveux<\/strong>: L&#039;intervention chirurgicale peut endommager les nerfs qui irriguent le front, les sourcils ou le cuir chevelu, entra\u00eenant un engourdissement, des picotements ou une r\u00e9duction des sensations. Les l\u00e9sions nerveuses peuvent \u00eatre temporaires ou permanentes et peuvent affecter l\u2019expression ou le mouvement du visage.<\/li>\n\n\n\n<li><strong>Infection<\/strong>: L&#039;intervention chirurgicale peut provoquer une infection de la plaie ou du cuir chevelu, pouvant entra\u00eener un gonflement, une rougeur, une douleur, de la fi\u00e8vre ou du pus. L&#039;infection peut n\u00e9cessiter des antibiotiques ou une intervention chirurgicale suppl\u00e9mentaire pour \u00eatre trait\u00e9e.<\/li>\n\n\n\n<li><strong>Apparence non naturelle<\/strong>: La chirurgie peut cr\u00e9er une apparence non naturelle ou artificielle de la racine des cheveux, surtout si la nouvelle racine des cheveux est trop basse, trop droite ou trop sym\u00e9trique. L\u2019intervention chirurgicale peut \u00e9galement modifier la forme ou la position des sourcils, ce qui peut affecter l\u2019expression ou l\u2019\u00e9quilibre du visage.<\/li>\n<\/ul>\n\n\n\n<h2 class=\"wp-block-heading\"><span class=\"ez-toc-section\" id=\"How_to_Prepare_for_Hairline_Lowering_Surgery\"><\/span>Comment se pr\u00e9parer \u00e0 une chirurgie d\u2019abaissement de la racine des cheveux ?<span class=\"ez-toc-section-end\"><\/span><\/h2>\n\n\n\n<p>Si vous d\u00e9cidez de subir une op\u00e9ration d\u2019abaissement de la racine des cheveux, vous devez vous pr\u00e9parer physiquement et mentalement \u00e0 l\u2019intervention. Voici quelques conseils pour vous pr\u00e9parer \u00e0 une chirurgie d\u2019abaissement de la racine des cheveux\u00a0:<\/p>\n\n\n\n<ul class=\"wp-block-list\">\n<li>Choisissez un chirurgien qualifi\u00e9 et exp\u00e9riment\u00e9 sp\u00e9cialis\u00e9 dans la chirurgie d\u2019abaissement de la racine des cheveux. Demandez des photos avant et apr\u00e8s de leurs anciens patients et discutez de vos attentes et de vos objectifs avec eux. Assurez-vous de bien comprendre les risques et les avantages de la chirurgie, ainsi que les r\u00e9sultats et complications possibles.<\/li>\n\n\n\n<li>Arr\u00eatez de fumer au moins deux semaines avant la chirurgie, car fumer peut alt\u00e9rer le processus de gu\u00e9rison et augmenter le risque d&#039;infection et de cicatrices.<\/li>\n\n\n\n<li>\u00c9vitez de prendre de l&#039;aspirine, de l&#039;ibuprof\u00e8ne ou d&#039;autres m\u00e9dicaments ou suppl\u00e9ments anticoagulants au moins une semaine avant la chirurgie, car ils peuvent augmenter les saignements et les ecchymoses pendant et apr\u00e8s la chirurgie.<\/li>\n\n\n\n<li>Lavez vos cheveux avec un shampooing doux la veille ou le matin de l&#039;intervention chirurgicale et n&#039;appliquez aucun produit capillaire, tel qu&#039;un gel, un spray ou une teinture.<\/li>\n\n\n\n<li>Demandez \u00e0 quelqu&#039;un de vous conduire vers et depuis l&#039;op\u00e9ration et de rester avec vous pendant les 24 heures suivant l&#039;op\u00e9ration, car vous pourriez vous sentir groggy ou \u00e9tourdi \u00e0 cause de l&#039;anesth\u00e9sie ou de la s\u00e9dation.<\/li>\n\n\n\n<li>Pr\u00e9parez un sac contenant quelques \u00e9l\u00e9ments essentiels, tels que votre pi\u00e8ce d&#039;identit\u00e9, votre carte d&#039;assurance, vos m\u00e9dicaments, des v\u00eatements confortables, un oreiller et des blocs de glace.<\/li>\n<\/ul>\n\n\n\n<h2 class=\"wp-block-heading\"><span class=\"ez-toc-section\" id=\"How_to_Recover_from_Hairline_Lowering_Surgery\"><\/span>Comment se remettre d\u2019une chirurgie d\u2019abaissement de la racine des cheveux ?<span class=\"ez-toc-section-end\"><\/span><\/h2>\n\n\n\n<p>La r\u00e9cup\u00e9ration apr\u00e8s une chirurgie d&#039;abaissement de la racine des cheveux peut varier d&#039;une personne \u00e0 l&#039;autre, en fonction de l&#039;\u00e9tendue de la chirurgie, de la capacit\u00e9 de gu\u00e9rison et des soins postop\u00e9ratoires. Voici quelques directives g\u00e9n\u00e9rales sur la fa\u00e7on de se remettre d\u2019une op\u00e9ration d\u2019abaissement de la racine des cheveux\u00a0:<\/p>\n\n\n\n<ul class=\"wp-block-list\">\n<li>Suivez les instructions du chirurgien sur la fa\u00e7on de prendre soin de la plaie, comme le nettoyage, le pansement et l&#039;application d&#039;une pommade ou d&#039;une cr\u00e8me antibiotique. Gardez la plaie s\u00e8che et propre et \u00e9vitez de la toucher ou de la rayer.<\/li>\n\n\n\n<li>Prenez les analg\u00e9siques, antibiotiques ou anti-inflammatoires prescrits selon les instructions du chirurgien et \u00e9vitez de prendre tout autre m\u00e9dicament ou suppl\u00e9ment sans consulter le chirurgien.<\/li>\n\n\n\n<li>Appliquez des sacs de glace ou des compresses froides sur le front et le cuir chevelu pendant les 48 heures suivant la chirurgie, pour r\u00e9duire l&#039;enflure, les ecchymoses et l&#039;inconfort. Sur\u00e9levez votre t\u00eate avec des oreillers lorsque vous \u00eates allong\u00e9 et \u00e9vitez de vous pencher ou de vous baisser.<\/li>\n\n\n\n<li>\u00c9vitez de vous laver les cheveux pendant la premi\u00e8re semaine apr\u00e8s la chirurgie ou jusqu&#039;\u00e0 ce que le chirurgien retire les points de suture ou les agrafes. Lorsque vous vous lavez les cheveux, utilisez un shampoing doux et de l&#039;eau ti\u00e8de, et \u00e9vitez de frotter ou de tirer les cheveux. S\u00e9chez les cheveux avec une serviette douce et n&#039;utilisez pas de s\u00e8che-cheveux, de fer \u00e0 friser ou de lisseur.<\/li>\n\n\n\n<li>\u00c9vitez les activit\u00e9s intenses, comme l&#039;exercice, le sport ou le levage d&#039;objets lourds, pendant au moins deux semaines apr\u00e8s la chirurgie ou jusqu&#039;\u00e0 ce que le chirurgien vous autorise. Reprenez progressivement vos activit\u00e9s normales et \u00e9coutez votre corps.<\/li>\n\n\n\n<li>\u00c9vitez l&#039;exposition au soleil, \u00e0 la chaleur ou au froid pendant au moins six mois apr\u00e8s la chirurgie, car ils peuvent affecter la cicatrisation et la cicatrisation de la plaie. Portez un chapeau, une \u00e9charpe ou un \u00e9cran solaire lorsque vous sortez et prot\u00e9gez vos cheveux du vent ou de la poussi\u00e8re.<\/li>\n\n\n\n<li>Soyez patient et r\u00e9aliste quant aux r\u00e9sultats de la chirurgie, car ils peuvent mettre plusieurs mois \u00e0 se manifester. L\u2019enflure et les ecchymoses peuvent dispara\u00eetre en quelques semaines, mais la cicatrice peut mettre jusqu\u2019\u00e0 un an \u00e0 s\u2019estomper. Les cheveux peuvent repousser lentement et avoir une texture ou une couleur diff\u00e9rente. Le r\u00e9sultat final de l\u2019intervention chirurgicale peut d\u00e9pendre de la qualit\u00e9, de la densit\u00e9 et du mod\u00e8le de croissance des cheveux de l\u2019individu.<\/li>\n<\/ul>\n\n\n\n<h2 class=\"wp-block-heading\"><span class=\"ez-toc-section\" id=\"Why_Choose_Turkey_for_Hairline_Lowering_Surgery\"><\/span>Pourquoi choisir la Turquie pour la chirurgie d\u2019abaissement de la racine des cheveux\u00a0?<span class=\"ez-toc-section-end\"><\/span><\/h2>\n\n\n\n<p>Si vous recherchez une destination pour subir une chirurgie d\u2019abaissement de la racine des cheveux, vous pouvez envisager la Turquie comme une option. La Turquie est l&#039;un des principaux pays au monde pour <strong>Tourisme m\u00e9dical<\/strong>, en particulier pour les interventions esth\u00e9tiques telles que la chirurgie d&#039;abaissement de la racine des cheveux. Voici quelques-unes des raisons pour lesquelles vous devriez choisir la Turquie pour une chirurgie d\u2019abaissement de la racine des cheveux\u00a0:<\/p>\n\n\n\n<ul class=\"wp-block-list\">\n<li><strong>Qualit\u00e9<\/strong>: La Turquie dispose de soins m\u00e9dicaux de haut niveau, avec des installations modernes, une technologie de pointe et des chirurgiens qualifi\u00e9s. De nombreux chirurgiens turcs sont form\u00e9s et certifi\u00e9s \u00e0 l\u2019\u00e9chelle internationale et poss\u00e8dent une vaste exp\u00e9rience dans la chirurgie d\u2019abaissement des cheveux. Ils suivent \u00e9galement les derni\u00e8res techniques et tendances dans le domaine et peuvent personnaliser la chirurgie en fonction des besoins et des pr\u00e9f\u00e9rences du patient.<\/li>\n\n\n\n<li><strong>Co\u00fbt<\/strong>: La Turquie propose des prix abordables pour la chirurgie d&#039;abaissement de la ligne des cheveux, par rapport \u00e0 d&#039;autres pays d&#039;Europe ou d&#039;Am\u00e9rique du Nord. Le co\u00fbt moyen d&#039;une chirurgie d&#039;abaissement de la ligne des cheveux en Turquie est d&#039;environ 1 400 THB, tandis que la m\u00eame proc\u00e9dure peut co\u00fbter jusqu&#039;\u00e0 10 000 THB aux \u00c9tats-Unis ou 8 000 THB au Royaume-Uni. Le faible co\u00fbt de la chirurgie d&#039;abaissement de la ligne des cheveux en Turquie ne compromet pas la qualit\u00e9, car il refl\u00e8te le co\u00fbt de la vie et de la main-d&#039;\u0153uvre moins \u00e9lev\u00e9 dans le pays. De plus, le co\u00fbt de la chirurgie d&#039;abaissement de la ligne des cheveux en Turquie comprend g\u00e9n\u00e9ralement la consultation, l&#039;anesth\u00e9sie, la chirurgie, le s\u00e9jour \u00e0 l&#039;h\u00f4pital, les m\u00e9dicaments et les soins de suivi, ainsi que les frais de voyage et d&#039;h\u00e9bergement.<\/li>\n\n\n\n<li><strong>Vacances<\/strong>: La Turquie est un pays magnifique et diversifi\u00e9, avec une histoire, une culture et une nature riches. Vous pouvez profiter de vacances relaxantes et agr\u00e9ables en Turquie, avant ou apr\u00e8s votre op\u00e9ration de r\u00e9duction des cheveux. Vous pouvez visiter les superbes attractions d&#039;Istanbul, la capitale de la Turquie, telles que Sainte-Sophie, la Mosqu\u00e9e Bleue, le Grand Bazar et le Bosphore. Vous pourrez \u00e9galement explorer les autres r\u00e9gions de la Turquie, comme la c\u00f4te m\u00e9diterran\u00e9enne, o\u00f9 se trouve la ville de <strong><a href=\"https:\/\/www.dr-mfo.com\/fr\/hidden-paradise-antalya-and-touristic-feautures\/\">Antalya<\/a><\/strong>, une destination populaire pour le soleil, la mer et le sable. Antalya abrite \u00e9galement certaines des meilleures cliniques et h\u00f4pitaux pour la chirurgie d&#039;abaissement de la ligne des cheveux, o\u00f9 vous pouvez combiner votre traitement avec des vacances.<\/li>\n\n\n\n<li><strong>R\u00e9cup\u00e9ration<\/strong>: La Turquie offre un r\u00e9tablissement confortable et pratique aux patients ayant subi une chirurgie d&#039;abaissement de la ligne des cheveux, avec un climat chaud et ensoleill\u00e9, une population amicale et hospitali\u00e8re et une cuisine d\u00e9licieuse et saine. Vous pouvez r\u00e9cup\u00e9rer de votre chirurgie d&#039;abaissement de la ligne des cheveux dans un environnement priv\u00e9 et paisible, avec le soutien et les conseils du personnel m\u00e9dical et du chirurgien. Vous pouvez \u00e9galement profiter de la beaut\u00e9 naturelle et culturelle de la Turquie, qui peut vous aider \u00e0 gu\u00e9rir plus vite et mieux.<\/li>\n<\/ul>\n\n\n\n<figure class=\"wp-block-image size-large\"><img decoding=\"async\" width=\"1024\" height=\"683\" src=\"https:\/\/www.dr-mfo.com\/wp-content\/uploads\/2024\/01\/image-27-1024x683.png\" alt=\"La racine des cheveux en forme de M est-elle normale\u00a0?\" class=\"wp-image-8646\" srcset=\"https:\/\/www.dr-mfo.com\/wp-content\/uploads\/2024\/01\/image-27-1024x683.png 1024w, https:\/\/www.dr-mfo.com\/wp-content\/uploads\/2024\/01\/image-27-300x200.png 300w, https:\/\/www.dr-mfo.com\/wp-content\/uploads\/2024\/01\/image-27-768x512.png 768w, https:\/\/www.dr-mfo.com\/wp-content\/uploads\/2024\/01\/image-27-18x12.png 18w, https:\/\/www.dr-mfo.com\/wp-content\/uploads\/2024\/01\/image-27.png 1200w\" sizes=\"(max-width: 1024px) 100vw, 1024px\" \/><\/figure>\n\n\n\n<h2 class=\"wp-block-heading\"><span class=\"ez-toc-section\" id=\"Conclusion\"><\/span>Conclusion<span class=\"ez-toc-section-end\"><\/span><\/h2>\n\n\n\n<p>Une racine des cheveux en forme de M est un type de racine des cheveux qui forme un point au centre du front. Il peut s\u2019agir d\u2019une variation normale de la racine des cheveux ou d\u2019un signe de perte de cheveux. Si vous n&#039;\u00eates pas satisfait de votre racine des cheveux en forme de M, vous pouvez envisager une chirurgie d&#039;abaissement de la racine des cheveux, une proc\u00e9dure cosm\u00e9tique qui abaisse la racine des cheveux en retirant une bande de peau du front et en tirant le cuir chevelu vers l&#039;avant. La chirurgie d&#039;abaissement de la racine des cheveux peut am\u00e9liorer votre apparence, votre confiance et votre estime de soi, mais elle comporte \u00e9galement certains risques et complications, tels que des cicatrices, une perte de cheveux, des l\u00e9sions nerveuses, une infection et une apparence non naturelle. Par cons\u00e9quent, vous devriez consulter un dermatologue ou un trichologue avant de d\u00e9cider de subir une op\u00e9ration d\u2019abaissement de la racine des cheveux et choisir un chirurgien qualifi\u00e9 et exp\u00e9riment\u00e9 qui peut effectuer l\u2019op\u00e9ration de mani\u00e8re s\u00fbre et efficace. Vous voudrez peut-\u00eatre \u00e9galement choisir la Turquie comme destination pour la chirurgie d\u2019abaissement des cheveux, car la Turquie offre des avantages en mati\u00e8re de qualit\u00e9, de co\u00fbt, de vacances et de r\u00e9cup\u00e9ration pour les patients op\u00e9r\u00e9s d\u2019abaissement des cheveux. La Turquie est l&#039;un des meilleurs pays au monde pour le tourisme m\u00e9dical, en particulier pour les interventions esth\u00e9tiques telles que la chirurgie capillaire.<\/p>\n\n\n\n<p>Visiter le&nbsp;<a href=\"https:\/\/www.instagram.com\/dr_mfo\/\" target=\"_blank\" rel=\"noreferrer noopener nofollow\">Profil Instagram du Dr MFO<\/a>&nbsp;pour des exemples de chirurgies r\u00e9ussies.&nbsp;<a href=\"https:\/\/www.dr-mfo.com\/fr\/obtenir-des-informations-detaillees\/\">Contact&nbsp;<\/a>pour une consultation gratuite.<\/p>","protected":false},"excerpt":{"rendered":"<p>Is M Shaped Hairline Normal? A hairline is the line of hair that grows on the forehead, usually above the eyebrows. The shape and position of the hairline can vary from person to person, depending on factors such as genetics, age, hormones, and hair loss. Some people have a straight hairline, while others have a [&hellip;]<\/p>\n","protected":false},"author":2,"featured_media":8644,"comment_status":"closed","ping_status":"closed","sticky":false,"template":"","format":"standard","meta":{"_acf_changed":false,"footnotes":""},"categories":[194],"tags":[],"class_list":["post-8633","post","type-post","status-publish","format-standard","has-post-thumbnail","hentry","category-hair-transplantation"],"acf":[],"_links":{"self":[{"href":"https:\/\/www.dr-mfo.com\/fr\/wp-json\/wp\/v2\/posts\/8633","targetHints":{"allow":["GET"]}}],"collection":[{"href":"https:\/\/www.dr-mfo.com\/fr\/wp-json\/wp\/v2\/posts"}],"about":[{"href":"https:\/\/www.dr-mfo.com\/fr\/wp-json\/wp\/v2\/types\/post"}],"author":[{"embeddable":true,"href":"https:\/\/www.dr-mfo.com\/fr\/wp-json\/wp\/v2\/users\/2"}],"replies":[{"embeddable":true,"href":"https:\/\/www.dr-mfo.com\/fr\/wp-json\/wp\/v2\/comments?post=8633"}],"version-history":[{"count":0,"href":"https:\/\/www.dr-mfo.com\/fr\/wp-json\/wp\/v2\/posts\/8633\/revisions"}],"wp:featuredmedia":[{"embeddable":true,"href":"https:\/\/www.dr-mfo.com\/fr\/wp-json\/wp\/v2\/media\/8644"}],"wp:attachment":[{"href":"https:\/\/www.dr-mfo.com\/fr\/wp-json\/wp\/v2\/media?parent=8633"}],"wp:term":[{"taxonomy":"category","embeddable":true,"href":"https:\/\/www.dr-mfo.com\/fr\/wp-json\/wp\/v2\/categories?post=8633"},{"taxonomy":"post_tag","embeddable":true,"href":"https:\/\/www.dr-mfo.com\/fr\/wp-json\/wp\/v2\/tags?post=8633"}],"curies":[{"name":"wp","href":"https:\/\/api.w.org\/{rel}","templated":true}]}}