{"id":11344,"date":"2025-01-11T10:42:51","date_gmt":"2025-01-11T10:42:51","guid":{"rendered":"https:\/\/writer.e42art.com\/?p=16"},"modified":"2026-02-21T21:27:35","modified_gmt":"2026-02-21T21:27:35","slug":"come-ottenere-la-mela-di-adams","status":"publish","type":"post","link":"https:\/\/www.dr-mfo.com\/it\/how-to-get-adams-apple\/","title":{"rendered":"Come ottenere il pomo d'Adamo?"},"content":{"rendered":"<p>Il pomo d&#039;Adamo, o prominenza laringea, \u00e8 una caratteristica comune spesso associata ai maschi, sebbene presente in gradi diversi in tutti gli individui. Mentre la sua presenza \u00e8 ampiamente determinata dalla genetica e dalle influenze ormonali, molti individui cercano di comprenderne lo sviluppo e come potrebbe essere percepito il suo aspetto. Questo articolo esplorer\u00e0 l&#039;anatomia del pomo d&#039;Adamo, i fattori che influenzano le sue dimensioni e affronter\u00e0 il comune malinteso sulla creazione chirurgica. Infine, discuteremo le strategie per gestire la percezione del proprio aspetto.<\/p>\n\n\n\n<figure class=\"wp-block-image size-large\"><img fetchpriority=\"high\" decoding=\"async\" width=\"683\" height=\"1024\" src=\"https:\/\/www.dr-mfo.com\/wp-content\/uploads\/2025\/01\/image-22-683x1024.png\" alt=\"\" class=\"wp-image-11390\" srcset=\"https:\/\/www.dr-mfo.com\/wp-content\/uploads\/2025\/01\/image-22-683x1024.png 683w, https:\/\/www.dr-mfo.com\/wp-content\/uploads\/2025\/01\/image-22-200x300.png 200w, https:\/\/www.dr-mfo.com\/wp-content\/uploads\/2025\/01\/image-22-8x12.png 8w, https:\/\/www.dr-mfo.com\/wp-content\/uploads\/2025\/01\/image-22.png 740w\" sizes=\"(max-width: 683px) 100vw, 683px\" \/><\/figure>\n\n\n\n<div id=\"ez-toc-container\" class=\"ez-toc-v2_0_82_2 counter-hierarchy ez-toc-counter ez-toc-transparent ez-toc-container-direction\">\n<div class=\"ez-toc-title-container\">\n<p class=\"ez-toc-title\" style=\"cursor:inherit\">Sommario<\/p>\n<span class=\"ez-toc-title-toggle\"><\/span><\/div>\n<nav><ul class='ez-toc-list ez-toc-list-level-1' ><li class='ez-toc-page-1 ez-toc-heading-level-2'><a class=\"ez-toc-link ez-toc-heading-1\" href=\"https:\/\/www.dr-mfo.com\/it\/how-to-get-adams-apple\/#Understanding_Your_Laryngeal_Prominence\" >Comprendere la prominenza laringea<\/a><\/li><li class='ez-toc-page-1 ez-toc-heading-level-2'><a class=\"ez-toc-link ez-toc-heading-2\" href=\"https:\/\/www.dr-mfo.com\/it\/how-to-get-adams-apple\/#Factors_Influencing_Adams_Apple_Size\" >Fattori che influenzano la dimensione del pomo d&#039;Adamo<\/a><\/li><li class='ez-toc-page-1 ez-toc-heading-level-2'><a class=\"ez-toc-link ez-toc-heading-3\" href=\"https:\/\/www.dr-mfo.com\/it\/how-to-get-adams-apple\/#No_Surgical_Adams_Apple_Creation\" >Nessuna creazione chirurgica del pomo d&#039;Adamo<\/a><\/li><li class='ez-toc-page-1 ez-toc-heading-level-2'><a class=\"ez-toc-link ez-toc-heading-4\" href=\"https:\/\/www.dr-mfo.com\/it\/how-to-get-adams-apple\/#Managing_Perceptions_of_Appearance\" >Gestire la percezione dell&#039;aspetto<\/a><\/li><\/ul><\/nav><\/div>\n<h2 class=\"wp-block-heading\"><span class=\"ez-toc-section\" id=\"Understanding_Your_Laryngeal_Prominence\"><\/span>Comprendere la prominenza laringea<span class=\"ez-toc-section-end\"><\/span><\/h2>\n\n\n\n<p>Il pomo d&#039;Adamo \u00e8 la sporgenza visibile nella parte anteriore del collo, formata dalla cartilagine tiroidea. Questa cartilagine fa parte della laringe, o scatola vocale, che protegge le corde vocali e svolge un ruolo cruciale nella produzione del linguaggio. La cartilagine tiroidea ha la forma di uno scudo ed \u00e8 pi\u00f9 grande nei maschi a causa dell&#039;influenza del testosterone durante la pubert\u00e0. Questa maggiore dimensione porta a un pomo d&#039;Adamo pi\u00f9 prominente. Nelle femmine, la cartilagine tiroidea \u00e8 pi\u00f9 piccola e meno evidente. \u00c8 importante ricordare che il pomo d&#039;Adamo \u00e8 una struttura anatomica naturale, non un&#039;entit\u00e0 separata.<\/p>\n\n\n\n<p>Le dimensioni e la prominenza del pomo d&#039;Adamo variano notevolmente tra gli individui, anche all&#039;interno dello stesso sesso. Alcuni individui possono avere un pomo d&#039;Adamo molto prominente, mentre altri possono averne uno appena percettibile. Questa variazione \u00e8 normale e riflette la diversit\u00e0 naturale nell&#039;anatomia umana. Comprendere l&#039;anatomia di base aiuta a dissipare miti e idee sbagliate che circondano il suo sviluppo e aspetto. Il pomo d&#039;Adamo \u00e8 semplicemente una manifestazione visibile della struttura laringea sottostante.<\/p>\n\n\n\n<p>La funzione del pomo d&#039;Adamo \u00e8 principalmente protettiva. La cartilagine tiroidea protegge le delicate corde vocali da eventuali lesioni. Le sue dimensioni e la sua forma contribuiscono alla risonanza e alla qualit\u00e0 della voce, sebbene la relazione precisa sia complessa e non del tutto compresa. La prominenza del pomo d&#039;Adamo non \u00e8 direttamente correlata alla capacit\u00e0 o alla forza vocale. Molti fattori influenzano le capacit\u00e0 vocali, tra cui la salute delle corde vocali, la tecnica e la funzione respiratoria complessiva.<\/p>\n\n\n\n<p>Infine, \u00e8 importante notare che il pomo d&#039;Adamo non \u00e8 una caratteristica esclusivamente maschile. Sebbene pi\u00f9 pronunciata nei maschi, tutti gli individui possiedono una cartilagine tiroidea e una laringe. Il grado di prominenza varia semplicemente a causa di fattori ormonali e genetici. Concentrarsi sulla funzione e sul ruolo anatomico del pomo d&#039;Adamo pu\u00f2 fornire una comprensione pi\u00f9 accurata e meno distorta di questa caratteristica comune.<\/p>\n\n\n\n<h2 class=\"wp-block-heading\"><span class=\"ez-toc-section\" id=\"Factors_Influencing_Adams_Apple_Size\"><\/span>Fattori che influenzano la dimensione del pomo d&#039;Adamo<span class=\"ez-toc-section-end\"><\/span><\/h2>\n\n\n\n<p>Il fattore pi\u00f9 significativo che influenza le dimensioni del pomo d&#039;Adamo \u00e8 il testosterone. Durante la pubert\u00e0, un aumento del testosterone nei maschi porta alla crescita e allo sviluppo della cartilagine tiroidea, con conseguente pomo d&#039;Adamo pi\u00f9 prominente. L&#039;entit\u00e0 di questa crescita varia in base alla predisposizione genetica individuale. Alcuni individui sono geneticamente predisposti ad avere cartilagini tiroidee pi\u00f9 grandi, indipendentemente dai livelli di testosterone.<\/p>\n\n\n\n<p>La genetica gioca un ruolo cruciale nel determinare la dimensione e la forma complessive delle strutture laringee. La storia familiare pu\u00f2 offrire indizi sulle potenziali dimensioni del pomo d&#039;Adamo. Se i maschi in una famiglia tendono ad avere pomi d&#039;Adamo prominenti, \u00e8 pi\u00f9 probabile che anche la prole maschile abbia una caratteristica simile. Questa influenza ereditaria opera indipendentemente da altri fattori.<\/p>\n\n\n\n<p>Mentre il testosterone \u00e8 il principale motore ormonale, altri fattori possono influenzare indirettamente la dimensione percepita del pomo d&#039;Adamo. Le fluttuazioni di peso possono influenzare l&#039;aspetto generale del collo, rendendo il pomo d&#039;Adamo pi\u00f9 o meno prominente. Allo stesso modo, lo sviluppo muscolare nella regione del collo pu\u00f2 alterare l&#039;impressione visiva della prominenza laringea.<\/p>\n\n\n\n<p>In sintesi, la dimensione del pomo d&#039;Adamo di un individuo \u00e8 una complessa interazione di predisposizione genetica, influenze ormonali, in particolare livelli di testosterone durante la pubert\u00e0, e altri fattori come il peso corporeo e lo sviluppo dei muscoli del collo. Questa complessa interazione crea l&#039;ampia variazione osservata nella popolazione.<\/p>\n\n\n\n<h2 class=\"wp-block-heading\"><span class=\"ez-toc-section\" id=\"No_Surgical_Adams_Apple_Creation\"><\/span>Nessuna creazione chirurgica del pomo d&#039;Adamo<span class=\"ez-toc-section-end\"><\/span><\/h2>\n\n\n\n<p>Non esiste una procedura chirurgica sicura o affidabile per creare o ingrandire significativamente il pomo d&#039;Adamo. Sebbene esistano interventi chirurgici per ridurre le dimensioni di un pomo d&#039;Adamo prominente (condrolaringoplastica), non esiste una procedura equivalente per aumentarne le dimensioni. I tentativi di aumentare chirurgicamente il pomo d&#039;Adamo sarebbero rischiosi e potrebbero causare complicazioni.<\/p>\n\n\n\n<p>Affermazioni che suggeriscono il contrario dovrebbero essere considerate con estremo scetticismo. Qualsiasi procedura mirata ad ingrandire artificialmente il pomo d&#039;Adamo comporterebbe rischi significativi per la laringe e le strutture circostanti, con un impatto potenziale sulla funzione vocale e persino sulla respirazione. La delicata anatomia della laringe la rende inadatta a tali procedure di aumento.<\/p>\n\n\n\n<p>Le persone che stanno valutando opzioni chirurgiche per modificare il loro aspetto dovrebbero consultare un chirurgo plastico certificato. <a href=\"https:\/\/www.dr-mfo.com\/it\/\">chirurgo<\/a> o otorinolaringoiatra. Questi specialisti possono fornire informazioni accurate sui rischi e le limitazioni di qualsiasi procedura chirurgica, comprese quelle relative alla laringe. \u00c8 fondamentale dare priorit\u00e0 alla sicurezza ed evitare procedure non comprovate o rischiose.<\/p>\n\n\n\n<p>In definitiva, concentrarsi su scelte di vita sane e sull&#039;accettazione di s\u00e9 \u00e8 un approccio pi\u00f9 costruttivo rispetto al perseguire procedure potenzialmente dannose. Le variazioni naturali del corpo dovrebbero essere celebrate piuttosto che alterate chirurgicamente.<\/p>\n\n\n\n<figure class=\"wp-block-image size-large\"><img decoding=\"async\" width=\"1024\" height=\"732\" src=\"https:\/\/www.dr-mfo.com\/wp-content\/uploads\/2025\/01\/image-23-1024x732.png\" alt=\"\" class=\"wp-image-11392\" srcset=\"https:\/\/www.dr-mfo.com\/wp-content\/uploads\/2025\/01\/image-23-1024x732.png 1024w, https:\/\/www.dr-mfo.com\/wp-content\/uploads\/2025\/01\/image-23-300x215.png 300w, https:\/\/www.dr-mfo.com\/wp-content\/uploads\/2025\/01\/image-23-768x549.png 768w, https:\/\/www.dr-mfo.com\/wp-content\/uploads\/2025\/01\/image-23-18x12.png 18w, https:\/\/www.dr-mfo.com\/wp-content\/uploads\/2025\/01\/image-23.png 1060w\" sizes=\"(max-width: 1024px) 100vw, 1024px\" \/><\/figure>\n\n\n\n<h2 class=\"wp-block-heading\"><span class=\"ez-toc-section\" id=\"Managing_Perceptions_of_Appearance\"><\/span>Gestire la percezione dell&#039;aspetto<span class=\"ez-toc-section-end\"><\/span><\/h2>\n\n\n\n<p>Per le persone preoccupate per l&#039;aspetto del loro pomo d&#039;Adamo, concentrarsi sull&#039;accettazione di s\u00e9 e sull&#039;immagine positiva di s\u00e9 \u00e8 fondamentale. I problemi di immagine corporea possono essere complessi e richiedere supporto professionale quando necessario. La terapia pu\u00f2 fornire strumenti e strategie preziosi per gestire l&#039;autostima e i problemi di immagine corporea.<\/p>\n\n\n\n<p>Esplorare diverse acconciature e scelte di abbigliamento pu\u00f2 influenzare il modo in cui viene percepito il pomo d&#039;Adamo. L&#039;uso strategico di sciarpe o dolcevita pu\u00f2 minimizzare sottilmente la sua prominenza visiva, se lo si desidera. Tuttavia, \u00e8 importante dare priorit\u00e0 alla comodit\u00e0 e allo stile personale rispetto ai tentativi di nascondere completamente una caratteristica naturale.<\/p>\n\n\n\n<p>Concentrarsi sui propri punti di forza e attributi pu\u00f2 aiutare a spostare l&#039;attenzione lontano dai difetti percepiti. Sviluppare sicurezza e autostima attraverso un dialogo interiore positivo e impegnarsi in attivit\u00e0 che promuovano un senso di realizzazione pu\u00f2 migliorare significativamente il benessere generale. \u00c8 fondamentale ricordare che gli standard di bellezza sono soggettivi e variano a seconda delle culture e dei periodi storici.<\/p>\n\n\n\n<p>In definitiva, la gestione delle percezioni dell&#039;aspetto implica un approccio olistico che dia priorit\u00e0 all&#039;accettazione di s\u00e9, all&#039;immagine positiva di s\u00e9 e a meccanismi di adattamento sani. Cercare un aiuto professionale per i problemi di immagine corporea \u00e8 un segno di forza e di cura di s\u00e9 proattiva, che garantisce una vita pi\u00f9 equilibrata e appagante.<\/p>\n\n\n\n<p>Il pomo d&#039;Adamo, una caratteristica anatomica naturale, \u00e8 influenzato da una combinazione di fattori genetici e ormonali. Sebbene le sue dimensioni varino notevolmente, non esistono metodi sicuri per crearlo o ingrandirlo artificialmente. Invece, concentrarsi sull&#039;accettazione di s\u00e9, gestire la percezione dell&#039;aspetto e cercare supporto professionale quando necessario sono fondamentali per il benessere generale. Comprendere l&#039;anatomia e i limiti degli interventi chirurgici consente agli individui di prendere decisioni informate sul proprio aspetto e sulla propria salute.<\/p>\n\n\n\n<p>Visita&nbsp;<a href=\"https:\/\/www.instagram.com\/dr_mfo\/\" target=\"_blank\" rel=\"noreferrer noopener nofollow\">Profilo Instagram del Dr.MFO<\/a>&nbsp;per vedere le reali trasformazioni dei pazienti! Dai un&#039;occhiata agli incredibili risultati ottenuti con il trattamento viso&nbsp;<a href=\"https:\/\/www.dr-mfo.com\/it\/ffs-chirurgia-di-femminilizzazione-del-viso\/\">chirurgia di femminilizzazione<\/a>&nbsp;e altre procedure. Il profilo mostra le foto prima e dopo che mettono in risalto&nbsp;<a href=\"https:\/\/www.dr-mfo.com\/it\/drmfo\/\">Dott. MFO<\/a>L&#039;esperienza e la visione artistica di nel creare risultati belli e dall&#039;aspetto naturale.<\/p>\n\n\n\n<p>Pronto a fare il passo successivo nel tuo viaggio? Pianificare un&nbsp;<a href=\"https:\/\/www.dr-mfo.com\/it\/ottenere-informazioni-dettagliate\/\">consulenza gratuita<\/a>&nbsp;con&nbsp;<a href=\"https:\/\/www.dr-mfo.com\/it\/chi-e-drmfo\/\">Dott. MFO<\/a>&nbsp;(&nbsp;<a href=\"https:\/\/www.instagram.com\/dr_mfo\/\" rel=\"noreferrer noopener nofollow\" target=\"_blank\">Miglior chirurgo per la femminilizzazione del viso<\/a>&nbsp;per te) oggi. Durante la consulenza, puoi discutere i tuoi obiettivi, fare qualsiasi domanda tu possa avere e saperne di pi\u00f9 su come&nbsp;<a href=\"https:\/\/www.dr-mfo.com\/it\/drmfo\/\">Dott. MFO<\/a>&nbsp;pu\u00f2 aiutarti a ottenere il look desiderato. Non esitare a sfruttare questa opportunit\u00e0 gratuita per esplorare le tue opzioni e vedere se&nbsp;<a href=\"https:\/\/www.dr-mfo.com\/it\/chi-e-drmfo\/\">Dott. MFO<\/a>&nbsp;\u00e8 la soluzione giusta per te.<\/p>","protected":false},"excerpt":{"rendered":"<p>Curioso di sapere di pi\u00f9 sul tuo pomo d&#039;Adamo? Questa guida spiega il suo sviluppo, le variazioni di dimensioni e prominenza e perch\u00e9 alcune persone ne hanno uno pi\u00f9 evidente di altre. Scopri la scienza dietro questa caratteristica prominente della gola! #AdamsApple #Anatomy #Throat<\/p>","protected":false},"author":2,"featured_media":11398,"comment_status":"open","ping_status":"open","sticky":false,"template":"","format":"standard","meta":{"_acf_changed":false,"footnotes":""},"categories":[249],"tags":[],"class_list":["post-11344","post","type-post","status-publish","format-standard","has-post-thumbnail","hentry","category-facial-masculinization"],"acf":[],"_links":{"self":[{"href":"https:\/\/www.dr-mfo.com\/it\/wp-json\/wp\/v2\/posts\/11344","targetHints":{"allow":["GET"]}}],"collection":[{"href":"https:\/\/www.dr-mfo.com\/it\/wp-json\/wp\/v2\/posts"}],"about":[{"href":"https:\/\/www.dr-mfo.com\/it\/wp-json\/wp\/v2\/types\/post"}],"author":[{"embeddable":true,"href":"https:\/\/www.dr-mfo.com\/it\/wp-json\/wp\/v2\/users\/2"}],"replies":[{"embeddable":true,"href":"https:\/\/www.dr-mfo.com\/it\/wp-json\/wp\/v2\/comments?post=11344"}],"version-history":[{"count":0,"href":"https:\/\/www.dr-mfo.com\/it\/wp-json\/wp\/v2\/posts\/11344\/revisions"}],"wp:featuredmedia":[{"embeddable":true,"href":"https:\/\/www.dr-mfo.com\/it\/wp-json\/wp\/v2\/media\/11398"}],"wp:attachment":[{"href":"https:\/\/www.dr-mfo.com\/it\/wp-json\/wp\/v2\/media?parent=11344"}],"wp:term":[{"taxonomy":"category","embeddable":true,"href":"https:\/\/www.dr-mfo.com\/it\/wp-json\/wp\/v2\/categories?post=11344"},{"taxonomy":"post_tag","embeddable":true,"href":"https:\/\/www.dr-mfo.com\/it\/wp-json\/wp\/v2\/tags?post=11344"}],"curies":[{"name":"scrivere","href":"https:\/\/api.w.org\/{rel}","templated":true}]}}