{"id":10674,"date":"2024-08-14T21:02:07","date_gmt":"2024-08-14T20:02:07","guid":{"rendered":"https:\/\/www.dr-mfo.com\/?p=10674"},"modified":"2026-02-21T23:54:35","modified_gmt":"2026-02-21T23:54:35","slug":"adams-apple-azalmasina-dair-kapsamli-genel-bakis","status":"publish","type":"post","link":"https:\/\/www.dr-mfo.com\/tr\/comprehensive-overview-of-adams-apple-reduction\/","title":{"rendered":"Adem Elmas\u0131 Azaltma \u0130\u015fleminin Kapsaml\u0131 Bir \u00d6zeti: Uyumlu Bir Boyun Profili Elde Etmek"},"content":{"rendered":"<p>Kendinize g\u00fcvenerek konu\u015ftu\u011funuzu, sesinizin net ve yank\u0131l\u0131 oldu\u011funu, belirgin bir Adem elmas\u0131n\u0131n getirebilece\u011fi \u00f6zbilin\u00e7ten uzak oldu\u011funuzu hayal edin. Y\u00fcz estetik cerrahisi alan\u0131nda ivme kazanan bir prosed\u00fcr olan Adem elmas\u0131 k\u00fc\u00e7\u00fcltme ameliyat\u0131, daha uyumlu bir boyun profiline giden bir yol sunarak bunu ba\u015farman\u0131za yard\u0131mc\u0131 olabilir. Bu <strong>Adem Elmas\u0131 K\u00fc\u00e7\u00fcltme \u0130\u015fleminin Kapsaml\u0131 Genel Bak\u0131\u015f\u0131<\/strong> Bu prosed\u00fcr hakk\u0131nda bilin\u00e7li kararlar alabilmeniz i\u00e7in gerekli bilgiyi size kazand\u0131rmay\u0131 ama\u00e7lamaktad\u0131r.<\/p>\n\n\n\n<p>T\u0131bbi olarak laringeal \u00e7\u0131k\u0131nt\u0131 olarak bilinen Adem elmas\u0131, g\u0131rtla\u011f\u0131 (ses kutusu) \u00e7evreleyen tiroid k\u0131k\u0131rda\u011f\u0131 taraf\u0131ndan olu\u015fturulur. Ses tellerini korumaya hizmet ederken ve sesin kal\u0131nla\u015fmas\u0131nda rol oynarken, \u00e7\u0131k\u0131nt\u0131s\u0131 bireyler aras\u0131nda b\u00fcy\u00fck \u00f6l\u00e7\u00fcde de\u011fi\u015febilir. Baz\u0131lar\u0131 i\u00e7in belirgin bir Adem elmas\u0131, \u00f6zg\u00fcvenlerini ve esenlik duygular\u0131n\u0131 engelleyen bir g\u00fcvensizlik ve disfori kayna\u011f\u0131d\u0131r. Adem elmas\u0131 k\u00fc\u00e7\u00fcltme ameliyat\u0131, boyutunu de\u011fi\u015ftirmek ve daha istenen bir boyun konturuna ula\u015fmak isteyenler i\u00e7in bir \u00e7\u00f6z\u00fcm sunar. Faydalar\u0131, salt esteti\u011fin \u00f6tesine ge\u00e7erek, daha iyi bir \u00f6z sayg\u0131ya ve ki\u015finin cinsiyet kimli\u011finin daha otantik bir ifadesine giden bir yol sunar. Bu prosed\u00fcr\u00fc d\u00fc\u015f\u00fcnen bireyler aras\u0131nda genellikle cinsiyet onaylama ameliyat\u0131 ge\u00e7iren transseks\u00fcel kad\u0131nlar ve daha az belirgin bir Adem elmas\u0131 isteyen cisgender bireyler yer al\u0131r. Bu makale, prosed\u00fcr\u00fcn inceliklerini inceleyecek, faydalar\u0131n\u0131, risklerini ve alternatiflerini ke\u015ffedecektir.<\/p>\n\n\n\n<div id=\"ez-toc-container\" class=\"ez-toc-v2_0_82_2 counter-hierarchy ez-toc-counter ez-toc-transparent ez-toc-container-direction\">\n<div class=\"ez-toc-title-container\">\n<p class=\"ez-toc-title\" style=\"cursor:inherit\">\u0130\u00e7indekiler<\/p>\n<span class=\"ez-toc-title-toggle\"><\/span><\/div>\n<nav><ul class='ez-toc-list ez-toc-list-level-1' ><ul class='ez-toc-list-level-3' ><li class='ez-toc-heading-level-3'><a class=\"ez-toc-link ez-toc-heading-1\" href=\"https:\/\/www.dr-mfo.com\/tr\/comprehensive-overview-of-adams-apple-reduction\/#Understanding_Adams_Apple_Prominence_Why_Does_it_Vary\" >Adem Elmas\u0131 \u00c7\u0131k\u0131nt\u0131s\u0131n\u0131 Anlamak: Neden De\u011fi\u015fir?<\/a><\/li><li class='ez-toc-page-1 ez-toc-heading-level-3'><a class=\"ez-toc-link ez-toc-heading-2\" href=\"https:\/\/www.dr-mfo.com\/tr\/comprehensive-overview-of-adams-apple-reduction\/#The_Impact_of_a_Prominent_Adams_Apple_on_Self-Esteem\" >\u00d6nemli Bir Adem Elmas\u0131n\u0131n \u00d6z Sayg\u0131 \u00dczerindeki Etkisi<\/a><\/li><li class='ez-toc-page-1 ez-toc-heading-level-3'><a class=\"ez-toc-link ez-toc-heading-3\" href=\"https:\/\/www.dr-mfo.com\/tr\/comprehensive-overview-of-adams-apple-reduction\/#Surgical_Procedure_Options_for_Adams_Apple_Reduction\" >Cerrahi \u0130\u015flem: Adem Elmas\u0131 Azaltma Se\u00e7enekleri<\/a><\/li><li class='ez-toc-page-1 ez-toc-heading-level-3'><a class=\"ez-toc-link ez-toc-heading-4\" href=\"https:\/\/www.dr-mfo.com\/tr\/comprehensive-overview-of-adams-apple-reduction\/#Comprehensive_Overview_of_Adams_Apple_Reduction_Preparing_for_Surgery\" >Adem Elmas\u0131 K\u00fc\u00e7\u00fcltme Ameliyat\u0131na Kapsaml\u0131 Genel Bak\u0131\u015f: Ameliyata Haz\u0131rl\u0131k<\/a><\/li><li class='ez-toc-page-1 ez-toc-heading-level-3'><a class=\"ez-toc-link ez-toc-heading-5\" href=\"https:\/\/www.dr-mfo.com\/tr\/comprehensive-overview-of-adams-apple-reduction\/#The_Surgery_Itself_A_Step-by-Step_Overview\" >Ameliyat\u0131n Kendisi: Ad\u0131m Ad\u0131m Genel Bak\u0131\u015f<\/a><\/li><li class='ez-toc-page-1 ez-toc-heading-level-3'><a class=\"ez-toc-link ez-toc-heading-6\" href=\"https:\/\/www.dr-mfo.com\/tr\/comprehensive-overview-of-adams-apple-reduction\/#Post-operative_Recovery_What_to_Expect\" >Ameliyat Sonras\u0131 \u0130yile\u015fme: Neler Beklemelisiniz?<\/a><\/li><li class='ez-toc-page-1 ez-toc-heading-level-3'><a class=\"ez-toc-link ez-toc-heading-7\" href=\"https:\/\/www.dr-mfo.com\/tr\/comprehensive-overview-of-adams-apple-reduction\/#Benefits_of_Adams_Apple_Reduction_Beyond_the_Aesthetic\" >Adem Elmas\u0131 K\u00fc\u00e7\u00fcltmenin Faydalar\u0131: Esteti\u011fin \u00d6tesinde<\/a><\/li><li class='ez-toc-page-1 ez-toc-heading-level-3'><a class=\"ez-toc-link ez-toc-heading-8\" href=\"https:\/\/www.dr-mfo.com\/tr\/comprehensive-overview-of-adams-apple-reduction\/#Risks_and_Considerations_Weighing_the_Pros_and_Cons\" >Riskler ve Hususlar: Art\u0131lar\u0131 ve Eksileri Tartma<\/a><\/li><li class='ez-toc-page-1 ez-toc-heading-level-3'><a class=\"ez-toc-link ez-toc-heading-9\" href=\"https:\/\/www.dr-mfo.com\/tr\/comprehensive-overview-of-adams-apple-reduction\/#Importance_of_Choosing_a_Qualified_Surgeon\" >Nitelikli Bir Cerrah Se\u00e7menin \u00d6nemi<\/a><\/li><li class='ez-toc-page-1 ez-toc-heading-level-3'><a class=\"ez-toc-link ez-toc-heading-10\" href=\"https:\/\/www.dr-mfo.com\/tr\/comprehensive-overview-of-adams-apple-reduction\/#Alternatives_to_Surgery_Exploring_Non-Surgical_Options\" >Cerrahiye Alternatifler: Cerrahi Olmayan Se\u00e7enekleri Ara\u015ft\u0131rmak<\/a><\/li><\/ul><\/li><li class='ez-toc-page-1 ez-toc-heading-level-2'><a class=\"ez-toc-link ez-toc-heading-11\" href=\"https:\/\/www.dr-mfo.com\/tr\/comprehensive-overview-of-adams-apple-reduction\/#Would_You_Consider_an_Alternative_in_Turkey_for_Adams_Apple_Reduction\" >T\u00fcrkiye&#039;de Adem Elmas\u0131 K\u00fc\u00e7\u00fcltme \u0130\u00e7in Bir Alternatif D\u00fc\u015f\u00fcn\u00fcr M\u00fcs\u00fcn\u00fcz?<\/a><ul class='ez-toc-list-level-3' ><li class='ez-toc-heading-level-3'><a class=\"ez-toc-link ez-toc-heading-12\" href=\"https:\/\/www.dr-mfo.com\/tr\/comprehensive-overview-of-adams-apple-reduction\/#Why_Choose_Turkey_for_Adams_Apple_Reduction\" >Adem Elmas\u0131 Azalt\u0131m\u0131 \u0130\u00e7in Neden T\u00fcrkiye&#039;yi Se\u00e7melisiniz?<\/a><\/li><li class='ez-toc-page-1 ez-toc-heading-level-3'><a class=\"ez-toc-link ez-toc-heading-13\" href=\"https:\/\/www.dr-mfo.com\/tr\/comprehensive-overview-of-adams-apple-reduction\/#Adams_Apple_Reduction_in_Antalya_A_Blend_of_Health_and_Holiday\" >Antalya&#039;da Adem Elmas\u0131 K\u00fc\u00e7\u00fcltme: Sa\u011fl\u0131k ve Tatilin Birle\u015fimi<\/a><\/li><li class='ez-toc-page-1 ez-toc-heading-level-3'><a class=\"ez-toc-link ez-toc-heading-14\" href=\"https:\/\/www.dr-mfo.com\/tr\/comprehensive-overview-of-adams-apple-reduction\/#Combining_Adams_Apple_Reduction_with_a_Rejuvenating_Holiday\" >Adem Elmas\u0131 Azaltma \u0130\u015flemini Canland\u0131r\u0131c\u0131 Bir Tatille Birle\u015ftirmek<\/a><\/li><li class='ez-toc-page-1 ez-toc-heading-level-3'><a class=\"ez-toc-link ez-toc-heading-15\" href=\"https:\/\/www.dr-mfo.com\/tr\/comprehensive-overview-of-adams-apple-reduction\/#Taking_the_Next_Step\" >Sonraki Ad\u0131m\u0131 Atmak<\/a><\/li><\/ul><\/li><li class='ez-toc-page-1 ez-toc-heading-level-2'><a class=\"ez-toc-link ez-toc-heading-16\" href=\"https:\/\/www.dr-mfo.com\/tr\/comprehensive-overview-of-adams-apple-reduction\/#Why_You_Should_Work_with_Dr_MFO_for_Plastic_Surgery_in_Turkey\" >T\u00fcrkiye&#039;de Plastik Cerrahide Neden Dr. MFO ile \u00c7al\u0131\u015fmal\u0131s\u0131n\u0131z?<\/a><ul class='ez-toc-list-level-3' ><li class='ez-toc-heading-level-3'><a class=\"ez-toc-link ez-toc-heading-17\" href=\"https:\/\/www.dr-mfo.com\/tr\/comprehensive-overview-of-adams-apple-reduction\/#Dr_Okyays_Expertise_in_Facial_Transformation\" >Dr. Okyay&#039;\u0131n Y\u00fcz D\u00f6n\u00fc\u015f\u00fcm\u00fcndeki Uzmanl\u0131\u011f\u0131<\/a><\/li><li class='ez-toc-page-1 ez-toc-heading-level-3'><a class=\"ez-toc-link ez-toc-heading-18\" href=\"https:\/\/www.dr-mfo.com\/tr\/comprehensive-overview-of-adams-apple-reduction\/#Choosing_Dr_Okyay_for_Your_Transformation\" >D\u00f6n\u00fc\u015f\u00fcm\u00fcn\u00fcz \u0130\u00e7in Dr. Okyay&#039;\u0131 Se\u00e7mek<\/a><\/li><li class='ez-toc-page-1 ez-toc-heading-level-3'><a class=\"ez-toc-link ez-toc-heading-19\" href=\"https:\/\/www.dr-mfo.com\/tr\/comprehensive-overview-of-adams-apple-reduction\/#Conclusion_Embracing_Confidence_and_a_Desired_Appearance\" >Sonu\u00e7: G\u00fcveni ve \u0130stenilen G\u00f6r\u00fcn\u00fcm\u00fc Kucaklamak<\/a><\/li><\/ul><\/li><\/ul><\/nav><\/div>\n<h3 class=\"wp-block-heading\"><span class=\"ez-toc-section\" id=\"Understanding_Adams_Apple_Prominence_Why_Does_it_Vary\"><\/span>Adem Elmas\u0131 \u00c7\u0131k\u0131nt\u0131s\u0131n\u0131 Anlamak: Neden De\u011fi\u015fir?<span class=\"ez-toc-section-end\"><\/span><\/h3>\n\n\n\n<p>Adem elmas\u0131n\u0131n b\u00fcy\u00fckl\u00fc\u011f\u00fc ve belirginli\u011fi \u00e7e\u015fitli fakt\u00f6rlerden etkilenir, bunlar aras\u0131nda \u015funlar yer al\u0131r:<\/p>\n\n\n\n<ul class=\"wp-block-list\">\n<li><strong>Erkeklerde Ergenlik D\u00f6neminde Do\u011fal Geli\u015fim:<\/strong> Ergenlik d\u00f6neminde testosteron, tiroid k\u0131k\u0131rda\u011f\u0131n\u0131n b\u00fcy\u00fcmesini tetikler ve erkeklerde Adem elmas\u0131n\u0131n daha belirginle\u015fmesine neden olur.<\/li>\n\n\n\n<li><strong>Genetik Yatk\u0131nl\u0131k:<\/strong> Adem elmas\u0131n\u0131n boyutunu ve \u015feklini belirlemede genetik \u00f6nemli bir rol oynar. Baz\u0131 bireyler basit\u00e7e daha b\u00fcy\u00fck bir laringeal \u00e7\u0131k\u0131nt\u0131ya sahip olmaya yatk\u0131nd\u0131r.<\/li>\n\n\n\n<li><strong>Hormonal Dengesizlikler:<\/strong> Nadir durumlarda hormonal dengesizlikler de Adem elmas\u0131n\u0131n b\u00fcy\u00fcmesine katk\u0131da bulunabilir.<\/li>\n\n\n\n<li><strong>Cinsiyet Onay\u0131 Arayan Transgender Bireyler:<\/strong> Bir\u00e7ok trans kad\u0131n i\u00e7in belirgin bir Adem elmas\u0131, arzu ettikleri kad\u0131ns\u0131 g\u00f6r\u00fcn\u00fcmle uyu\u015fmayan bir cinsiyet disforisinin kayna\u011f\u0131 olabilir.<\/li>\n<\/ul>\n\n\n\n<h3 class=\"wp-block-heading\"><span class=\"ez-toc-section\" id=\"The_Impact_of_a_Prominent_Adams_Apple_on_Self-Esteem\"><\/span>\u00d6nemli Bir Adem Elmas\u0131n\u0131n \u00d6z Sayg\u0131 \u00dczerindeki Etkisi<span class=\"ez-toc-section-end\"><\/span><\/h3>\n\n\n\n<p>Genellikle erkeksi bir \u00f6zellik olarak alg\u0131lanan belirgin bir Adem elmas\u0131, \u00f6z sayg\u0131y\u0131 \u00f6nemli \u00f6l\u00e7\u00fcde etkileyebilir ve rahats\u0131zl\u0131k ve disfori duygular\u0131na katk\u0131da bulunabilir. Transgender kad\u0131nlar i\u00e7in, art\u0131k \u00f6zde\u015fle\u015fmedikleri bir cinsiyet kimli\u011finin s\u00fcrekli bir hat\u0131rlat\u0131c\u0131s\u0131 olabilir. Benzer \u015fekilde, baz\u0131 cisgender bireyler belirgin bir Adem elmas\u0131n\u0131n istedikleri esteti\u011fi bozdu\u011funu g\u00f6rebilir. Bu, \u015funlara yol a\u00e7abilir:<\/p>\n\n\n\n<ul class=\"wp-block-list\">\n<li><strong>Sosyal Kayg\u0131:<\/strong> Ki\u015filer sosyal ortamlarda kendilerini bilin\u00e7li hissedebilir, boyunlar\u0131na dikkat \u00e7eken etkile\u015fimlerden veya aktivitelerden ka\u00e7\u0131nabilirler.<\/li>\n\n\n\n<li><strong>Kendini \u0130fade Etmede Zorluk:<\/strong> Yanl\u0131\u015f cinsiyete sahip olma veya ger\u00e7ek benli\u011finden farkl\u0131 alg\u0131lanma hissi, kendini ifade etme ve \u00f6zg\u00fcveni engelleyebilir.<\/li>\n\n\n\n<li><strong>Beden \u0130maj\u0131 Sorunlar\u0131:<\/strong> Belirgin bir Adem elmas\u0131, genel refah\u0131 ve ruh sa\u011fl\u0131\u011f\u0131n\u0131 etkileyerek olumsuz bir v\u00fccut imaj\u0131na katk\u0131da bulunabilir.<\/li>\n<\/ul>\n\n\n\n<p>Sarah ad\u0131nda gen\u00e7 bir transseks\u00fcel kad\u0131n\u0131 d\u00fc\u015f\u00fcn\u00fcn, s\u00fcrekli olarak g\u00f6mle\u011finin yakas\u0131n\u0131 \u00e7eki\u015ftiriyor ve Adem elmas\u0131n\u0131 gizlemeye \u00e7al\u0131\u015f\u0131yor. Bu basit hareket g\u00fcnl\u00fck bir rit\u00fcele, fiziksel g\u00f6r\u00fcn\u00fcm\u00fc ile cinsiyet kimli\u011fi aras\u0131ndaki uyumsuzlu\u011fun ince ama yayg\u0131n bir hat\u0131rlat\u0131c\u0131s\u0131na d\u00f6n\u00fc\u015f\u00fcyor. Adem elmas\u0131 k\u00fc\u00e7\u00fcltme ameliyat\u0131 bir \u00e7\u00f6z\u00fcm sunarak Sarah gibi bireylerin fiziksel g\u00f6r\u00fcn\u00fcmlerini i\u00e7sel benlik hisleriyle uyumlu hale getirmelerine olanak sa\u011fl\u0131yor.<\/p>\n\n\n\n<h3 class=\"wp-block-heading\"><span class=\"ez-toc-section\" id=\"Surgical_Procedure_Options_for_Adams_Apple_Reduction\"><\/span>Cerrahi \u0130\u015flem: Adem Elmas\u0131 Azaltma Se\u00e7enekleri<span class=\"ez-toc-section-end\"><\/span><\/h3>\n\n\n\n<p>Adem elmas\u0131 k\u00fc\u00e7\u00fcltmede iki temel cerrahi teknik kullan\u0131l\u0131r:<\/p>\n\n\n\n<ul class=\"wp-block-list\">\n<li><strong>Trakea T\u0131ra\u015f\u0131 (Kondrolaringoplasti):<\/strong> Bu, Adem elmas\u0131 k\u00fc\u00e7\u00fcltme i\u00e7in en yayg\u0131n prosed\u00fcrd\u00fcr. Genellikle boynun do\u011fal k\u0131vr\u0131m\u0131nda gizlenen k\u00fc\u00e7\u00fck bir kesi yapmay\u0131 ve tiroid k\u0131k\u0131rda\u011f\u0131n\u0131n fazla k\u0131k\u0131rda\u011f\u0131n\u0131 dikkatlice \u00e7\u0131karmay\u0131 veya yeniden \u015fekillendirmeyi i\u00e7erir. Ama\u00e7, g\u0131rtlak ve ses tellerinin yap\u0131sal b\u00fct\u00fcnl\u00fc\u011f\u00fcn\u00fc korurken Adem elmas\u0131n\u0131n belirginli\u011fini azaltmakt\u0131r.<\/li>\n\n\n\n<li><strong>Tiroid K\u0131k\u0131rdak Azalt\u0131lmas\u0131:<\/strong> Daha az s\u0131kl\u0131kla ger\u00e7ekle\u015ftirilen bu prosed\u00fcr, Adem elmas\u0131n\u0131n boyutunda \u00f6nemli bir k\u00fc\u00e7\u00fcltmenin istendi\u011fi vakalar i\u00e7in ayr\u0131lm\u0131\u015ft\u0131r. T\u00fcm tiroid k\u0131k\u0131rda\u011f\u0131n\u0131n yeniden \u015fekillendirilmesini ve k\u00fc\u00e7\u00fclt\u00fclmesini i\u00e7erir, daha y\u00fcksek d\u00fczeyde cerrahi uzmanl\u0131k gerektiren daha karma\u015f\u0131k bir prosed\u00fcrd\u00fcr.<\/li>\n<\/ul>\n\n\n\n<figure class=\"wp-block-image size-large\"><img fetchpriority=\"high\" decoding=\"async\" width=\"1024\" height=\"768\" src=\"https:\/\/www.dr-mfo.com\/wp-content\/uploads\/2024\/08\/image-12-1024x768.png\" alt=\"\" class=\"wp-image-10676\" srcset=\"https:\/\/www.dr-mfo.com\/wp-content\/uploads\/2024\/08\/image-12-1024x768.png 1024w, https:\/\/www.dr-mfo.com\/wp-content\/uploads\/2024\/08\/image-12-300x225.png 300w, https:\/\/www.dr-mfo.com\/wp-content\/uploads\/2024\/08\/image-12-768x576.png 768w, https:\/\/www.dr-mfo.com\/wp-content\/uploads\/2024\/08\/image-12-1536x1152.png 1536w, https:\/\/www.dr-mfo.com\/wp-content\/uploads\/2024\/08\/image-12-16x12.png 16w, https:\/\/www.dr-mfo.com\/wp-content\/uploads\/2024\/08\/image-12.png 1920w\" sizes=\"(max-width: 1024px) 100vw, 1024px\" \/><\/figure>\n\n\n\n<h3 class=\"wp-block-heading\"><span class=\"ez-toc-section\" id=\"Comprehensive_Overview_of_Adams_Apple_Reduction_Preparing_for_Surgery\"><\/span><strong>Adem Elmas\u0131 K\u00fc\u00e7\u00fcltme \u0130\u015fleminin Kapsaml\u0131 Genel Bak\u0131\u015f\u0131<\/strong>: Ameliyata Haz\u0131rl\u0131k<span class=\"ez-toc-section-end\"><\/span><\/h3>\n\n\n\n<p>Ba\u015far\u0131l\u0131 bir sonu\u00e7 i\u00e7in kapsaml\u0131 ameliyat \u00f6ncesi haz\u0131rl\u0131k \u00e7ok \u00f6nemlidir. Bu genellikle \u015funlar\u0131 i\u00e7erir:<\/p>\n\n\n\n<ul class=\"wp-block-list\">\n<li><strong>T\u0131bbi De\u011ferlendirmeler ve Kons\u00fcltasyonlar:<\/strong> Genel sa\u011fl\u0131k durumunu ve ameliyata uygunlu\u011fu de\u011ferlendirmek i\u00e7in kapsaml\u0131 bir t\u0131bbi ge\u00e7mi\u015f incelemesi ve fiziksel muayene \u015fartt\u0131r. <a href=\"https:\/\/www.dr-mfo.com\/tr\/\">Cerrah<\/a> A\u00e7\u0131k ileti\u015fime, endi\u015felerin giderilmesine ve ger\u00e7ek\u00e7i beklentiler olu\u015fturulmas\u0131na olanak tan\u0131r.<\/li>\n\n\n\n<li><strong>Gerekli Testler ve G\u00f6r\u00fcnt\u00fcleme:<\/strong> Ameliyat \u00f6ncesi testler aras\u0131nda kan testleri, elektrokardiyogram (EKG) ve g\u0131rtla\u011f\u0131n anatomisini de\u011ferlendirmek i\u00e7in r\u00f6ntgen veya BT taramas\u0131 gibi g\u00f6r\u00fcnt\u00fcleme \u00e7al\u0131\u015fmalar\u0131 yer alabilir.<\/li>\n\n\n\n<li><strong>Ya\u015fam Tarz\u0131 Ayarlamalar\u0131:<\/strong> Sigaray\u0131 b\u0131rakmak \u00e7ok \u00f6nemlidir, \u00e7\u00fcnk\u00fc sigara i\u00e7mek iyile\u015fmeyi engelleyebilir ve komplikasyon riskini art\u0131rabilir. \u0130la\u00e7 ve takviyelerde ayarlamalar da gerekebilir.<\/li>\n<\/ul>\n\n\n\n<h3 class=\"wp-block-heading\"><span class=\"ez-toc-section\" id=\"The_Surgery_Itself_A_Step-by-Step_Overview\"><\/span>Ameliyat\u0131n Kendisi: Ad\u0131m Ad\u0131m Genel Bak\u0131\u015f<span class=\"ez-toc-section-end\"><\/span><\/h3>\n\n\n\n<p>Adem elmas\u0131 k\u00fc\u00e7\u00fcltme ameliyat\u0131 genellikle genel anestezi alt\u0131nda yap\u0131l\u0131r ve hastan\u0131n prosed\u00fcr s\u0131ras\u0131nda rahat ve fark\u0131nda olmamas\u0131 sa\u011flan\u0131r. Cerrahi i\u015flem genellikle \u015fu ad\u0131mlar\u0131 i\u00e7erir:<\/p>\n\n\n\n<ol class=\"wp-block-list\">\n<li><strong>Kesi:<\/strong> Genellikle boynun do\u011fal deri k\u0131vr\u0131m\u0131 i\u00e7erisinde gizlenen k\u00fc\u00e7\u00fck bir kesi yap\u0131l\u0131r ve tiroid k\u0131k\u0131rda\u011f\u0131na eri\u015fim sa\u011flan\u0131r.<\/li>\n\n\n\n<li><strong>K\u0131k\u0131rdak \u015eekillendirme veya \u00c7\u0131kar\u0131lmas\u0131:<\/strong> Se\u00e7ilen tekni\u011fe (trakeal t\u0131ra\u015flama veya tiroid k\u0131k\u0131rdak red\u00fcksiyonu) ba\u011fl\u0131 olarak, cerrah fazla k\u0131k\u0131rda\u011f\u0131 dikkatlice yeniden \u015fekillendirecek veya \u00e7\u0131karacak ve b\u00f6ylece istenilen belirginlik azalt\u0131m\u0131 sa\u011flanacakt\u0131r.<\/li>\n\n\n\n<li><strong>Kapan\u0131\u015f:<\/strong> Kesi, yara izini en aza indirmek ve optimum iyile\u015fmeyi sa\u011flamak i\u00e7in diki\u015flerle titizlikle kapat\u0131l\u0131r.<\/li>\n<\/ol>\n\n\n\n<h3 class=\"wp-block-heading\"><span class=\"ez-toc-section\" id=\"Post-operative_Recovery_What_to_Expect\"><\/span>Ameliyat Sonras\u0131 \u0130yile\u015fme: Neler Beklemelisiniz?<span class=\"ez-toc-section-end\"><\/span><\/h3>\n\n\n\n<p>Adem elmas\u0131 k\u00fc\u00e7\u00fcltme ameliyat\u0131ndan sonraki iyile\u015fme s\u00fcreci genellikle iyi tolere edilir. Hastalar \u015funlar\u0131 bekleyebilir:<\/p>\n\n\n\n<ul class=\"wp-block-list\">\n<li><strong>Beklenen Kurtarma Zaman \u00c7izelgesi:<\/strong> Ba\u015flang\u0131\u00e7ta \u015fi\u015flik ve morarma yayg\u0131nd\u0131r ve genellikle birka\u00e7 hafta i\u00e7inde azal\u0131r. \u00c7o\u011fu ki\u015fi bir veya iki hafta i\u00e7inde i\u015fe ve hafif aktivitelere d\u00f6nebilir ve tam iyile\u015fme birka\u00e7 ay s\u00fcrer.<\/li>\n\n\n\n<li><strong>A\u011fr\u0131 Y\u00f6netimi ve \u0130la\u00e7lar:<\/strong> Herhangi bir rahats\u0131zl\u0131\u011f\u0131n giderilmesi i\u00e7in a\u011fr\u0131 kesici ila\u00e7lar re\u00e7ete edilecektir.<\/li>\n\n\n\n<li><strong>Olas\u0131 Yan Etkiler ve Komplikasyonlar:<\/strong> Herhangi bir cerrahi prosed\u00fcrde oldu\u011fu gibi, kanama, enfeksiyon, ses de\u011fi\u015fiklikleri (ses k\u0131s\u0131kl\u0131\u011f\u0131, ge\u00e7ici veya kal\u0131c\u0131) ve yara izi gibi olas\u0131 riskler ve komplikasyonlar mevcuttur. Bunlar kons\u00fcltasyon s\u0131ras\u0131nda ayr\u0131nt\u0131l\u0131 olarak tart\u0131\u015f\u0131lacakt\u0131r.<\/li>\n\n\n\n<li><strong>Uzun D\u00f6nem Bak\u0131m ve Takip Randevular\u0131:<\/strong> \u0130yile\u015fme s\u00fcrecini takip etmek ve endi\u015feleri gidermek i\u00e7in d\u00fczenli takip randevular\u0131 \u00e7ok \u00f6nemlidir.<\/li>\n<\/ul>\n\n\n\n<h3 class=\"wp-block-heading\"><span class=\"ez-toc-section\" id=\"Benefits_of_Adams_Apple_Reduction_Beyond_the_Aesthetic\"><\/span>Adem Elmas\u0131 K\u00fc\u00e7\u00fcltmenin Faydalar\u0131: Esteti\u011fin \u00d6tesinde<span class=\"ez-toc-section-end\"><\/span><\/h3>\n\n\n\n<p>Adem elmas\u0131 k\u00fc\u00e7\u00fcltmenin faydalar\u0131 sadece estetik de\u011fil, ayn\u0131 zamanda hem fiziksel g\u00f6r\u00fcn\u00fcme hem de duygusal refaha etki eder:<\/p>\n\n\n\n<ul class=\"wp-block-list\">\n<li><strong>Estetik Faydalar\u0131:<\/strong>\n<ul class=\"wp-block-list\">\n<li><strong>Daha Dengeli ve Kad\u0131ns\u0131 Bir Boyun Konturu Elde Etmek:<\/strong> Ameliyat\u0131n temel amac\u0131, ki\u015finin istedi\u011fi g\u00f6r\u00fcn\u00fcme uygun, daha uyumlu ve kad\u0131ns\u0131 bir boyun profili olu\u015fturmakt\u0131r.<\/li>\n\n\n\n<li><strong>Geli\u015fmi\u015f \u00d6z G\u00fcven ve Beden \u0130maj\u0131:<\/strong> Disfori veya g\u00fcvensizlik kayna\u011f\u0131n\u0131n ortadan kald\u0131r\u0131lmas\u0131yla, ameliyat ki\u015finin \u00f6zg\u00fcvenini \u00f6nemli \u00f6l\u00e7\u00fcde art\u0131rabilir ve v\u00fccut imaj\u0131n\u0131 iyile\u015ftirebilir.<\/li>\n<\/ul>\n<\/li>\n\n\n\n<li><strong>\u0130\u015flevsel Faydalar:<\/strong>\n<ul class=\"wp-block-list\">\n<li><strong>Ses Perdesinde Potansiyel \u0130yile\u015ftirme (Prosed\u00fcrlere Ba\u011fl\u0131 Olarak):<\/strong> Birincil ama\u00e7 olmamakla birlikte, baz\u0131 ki\u015filerde ameliyattan sonra ses perdesinde hafif bir de\u011fi\u015fiklik g\u00f6r\u00fclebilir.<\/li>\n\n\n\n<li><strong>Sosyal Durumlarda Azalm\u0131\u015f \u00d6z Bilin\u00e7:<\/strong> Daha arzu edilen bir g\u00f6r\u00fcn\u00fcmden kazan\u0131lan yeni \u00f6zg\u00fcven, genellikle sosyal kayg\u0131n\u0131n azalmas\u0131na ve sosyal etkile\u015fimlerde daha rahat olunmas\u0131na neden olur.<\/li>\n<\/ul>\n<\/li>\n<\/ul>\n\n\n\n<h3 class=\"wp-block-heading\"><span class=\"ez-toc-section\" id=\"Risks_and_Considerations_Weighing_the_Pros_and_Cons\"><\/span>Riskler ve Hususlar: Art\u0131lar\u0131 ve Eksileri Tartma<span class=\"ez-toc-section-end\"><\/span><\/h3>\n\n\n\n<p>Adem elmas\u0131 k\u00fc\u00e7\u00fcltme ameliyat\u0131 \u00f6nemli faydalar sa\u011flasa da, olas\u0131 riskleri ve komplikasyonlar\u0131 dikkatlice de\u011ferlendirmek \u00f6nemlidir:<\/p>\n\n\n\n<ul class=\"wp-block-list\">\n<li><strong>Potansiyel Komplikasyonlar:<\/strong>\n<ul class=\"wp-block-list\">\n<li><strong>Kanama ve Enfeksiyon:<\/strong> Her ameliyatta oldu\u011fu gibi kanama ve enfeksiyon olas\u0131 risklerdir, ancak uygun cerrahi teknik ve ameliyat sonras\u0131 bak\u0131mla nadir g\u00f6r\u00fcl\u00fcrler.<\/li>\n\n\n\n<li><strong>Ses De\u011fi\u015fiklikleri (K\u0131s\u0131kl\u0131k, Ge\u00e7ici veya Kal\u0131c\u0131):<\/strong> Ameliyat\u0131n ses tellerine yak\u0131n olmas\u0131, ge\u00e7ici ses k\u0131s\u0131kl\u0131\u011f\u0131ndan kal\u0131c\u0131 ses tonu de\u011fi\u015fikliklerine kadar uzanan ses de\u011fi\u015fikli\u011fi riski ta\u015f\u0131r.<\/li>\n\n\n\n<li><strong>Yara izi:<\/strong> Kesi genellikle gizli bir \u015fekilde yap\u0131l\u0131r ancak yara izi kalma olas\u0131l\u0131\u011f\u0131 vard\u0131r.<\/li>\n\n\n\n<li><strong>Sonu\u00e7lardan Memnuniyetsizlik:<\/strong> Nadir de olsa cerrahi sonu\u00e7tan memnuniyetsizlik ya\u015fanabilir. Ger\u00e7ek\u00e7i beklentiler ve cerrahla a\u00e7\u0131k ileti\u015fim hayati \u00f6nem ta\u015f\u0131r.<\/li>\n<\/ul>\n<\/li>\n<\/ul>\n\n\n\n<h3 class=\"wp-block-heading\"><span class=\"ez-toc-section\" id=\"Importance_of_Choosing_a_Qualified_Surgeon\"><\/span>Nitelikli Bir Cerrah Se\u00e7menin \u00d6nemi<span class=\"ez-toc-section-end\"><\/span><\/h3>\n\n\n\n<p>Ba\u015far\u0131l\u0131 bir sonu\u00e7 i\u00e7in nitelikli ve deneyimli bir cerrah se\u00e7mek \u00e7ok \u00f6nemlidir. Dikkate al\u0131nmas\u0131 gereken temel fakt\u00f6rler \u015funlard\u0131r:<\/p>\n\n\n\n<ul class=\"wp-block-list\">\n<li><strong>Y\u00fcz Plastik Cerrahisi Alan\u0131nda Kurul Sertifikas\u0131 ve Deneyim:<\/strong> \u00d6zellikle Adem elmas\u0131 k\u00fc\u00e7\u00fcltme ameliyatlar\u0131nda olmak \u00fczere y\u00fcz estetik cerrahisi konusunda uzmanla\u015fm\u0131\u015f ve geni\u015f deneyime sahip bir cerrah se\u00e7in.<\/li>\n\n\n\n<li><strong>Cerrahla Kons\u00fcltasyon ve \u0130leti\u015fim:<\/strong> A\u00e7\u0131k ileti\u015fime olanak tan\u0131yan ve t\u00fcm endi\u015feleri ele alan kapsaml\u0131 bir isti\u015fare s\u00fcreci, g\u00fcven ve ger\u00e7ek\u00e7i beklentiler olu\u015fturmak i\u00e7in hayati \u00f6neme sahiptir.<\/li>\n\n\n\n<li><strong>Ger\u00e7ek\u00e7i Beklentiler:<\/strong> Ameliyat\u0131n Adem elmas\u0131n\u0131n g\u00f6r\u00fcn\u00fcm\u00fcn\u00fc \u00f6nemli \u00f6l\u00e7\u00fcde iyile\u015ftirebilece\u011fini ancak m\u00fckemmelli\u011fe ula\u015fman\u0131n her zaman m\u00fcmk\u00fcn olmad\u0131\u011f\u0131n\u0131 unutmay\u0131n.<\/li>\n<\/ul>\n\n\n\n<h3 class=\"wp-block-heading\"><span class=\"ez-toc-section\" id=\"Alternatives_to_Surgery_Exploring_Non-Surgical_Options\"><\/span>Cerrahiye Alternatifler: Cerrahi Olmayan Se\u00e7enekleri Ara\u015ft\u0131rmak<span class=\"ez-toc-section-end\"><\/span><\/h3>\n\n\n\n<p>Ameliyat konusunda \u00e7ekingen davranan ki\u015filer i\u00e7in, ameliyats\u0131z birka\u00e7 alternatif, Adem elmas\u0131n\u0131n g\u00f6r\u00fcn\u00fcm\u00fcn\u00fc en aza indirmeye yard\u0131mc\u0131 olabilir:<\/p>\n\n\n\n<ul class=\"wp-block-list\">\n<li><strong>Makyaj Teknikleri:<\/strong> Konturlama ve ayd\u0131nlatma teknikleri, Adem elmas\u0131n\u0131n daha az belirgin g\u00f6r\u00fcnmesine neden olabilir.<\/li>\n\n\n\n<li><strong>E\u015farplar ve Giyim:<\/strong> Stratejik olarak se\u00e7ilmi\u015f e\u015farplar ve k\u0131yafetler Adem elmas\u0131n\u0131n gizlenmesine yard\u0131mc\u0131 olabilir.<\/li>\n\n\n\n<li><strong>Kabul ve \u00d6z Sevgi:<\/strong> Do\u011fal \u00f6zelliklerinizi kucaklamak ve i\u00e7 g\u00fczelli\u011finize odaklanmak, \u00f6z kabul\u00fc ve beden pozitifli\u011fini destekleyen g\u00fc\u00e7l\u00fc bir alternatiftir.<\/li>\n<\/ul>\n\n\n\n<h2 class=\"wp-block-heading\"><span class=\"ez-toc-section\" id=\"Would_You_Consider_an_Alternative_in_Turkey_for_Adams_Apple_Reduction\"><\/span>T\u00fcrkiye&#039;de Adem Elmas\u0131 K\u00fc\u00e7\u00fcltme \u0130\u00e7in Bir Alternatif D\u00fc\u015f\u00fcn\u00fcr M\u00fcs\u00fcn\u00fcz?<span class=\"ez-toc-section-end\"><\/span><\/h2>\n\n\n\n<p>Adem elmas\u0131 k\u00fc\u00e7\u00fcltme ameliyat\u0131 olmay\u0131 d\u00fc\u015f\u00fcn\u00fcyor ancak maliyeti veya uzun bekleme listeleri konusunda endi\u015feli misiniz? Yurt d\u0131\u015f\u0131ndaki se\u00e7eneklerinizi ke\u015ffetmeyi d\u00fc\u015f\u00fcnd\u00fcn\u00fcz m\u00fc? E\u011fer \u00f6yleyse, \u00f6zellikle T\u00fcrkiye <a href=\"https:\/\/www.dr-mfo.com\/tr\/hidden-paradise-antalya-and-touristic-feautures\/\">antalya<\/a>, sizin i\u00e7in m\u00fckemmel bir alternatif olabilir!<\/p>\n\n\n\n<p>T\u00fcrkiye, y\u00fcksek kaliteli t\u0131bbi bak\u0131m\u0131, deneyimli cerrahlar\u0131 ve uygun fiyatlar\u0131yla tan\u0131nan, sa\u011fl\u0131k turizmi i\u00e7in h\u0131zla \u00f6nde gelen bir destinasyon haline geldi. G\u00fczel Akdeniz k\u0131y\u0131 \u015feridi, son teknoloji t\u0131bbi tesisleri ve geli\u015fen sa\u011fl\u0131k turizmi program\u0131yla Antalya, ameliyat\u0131n\u0131z\u0131 rahatlat\u0131c\u0131 ve gen\u00e7le\u015ftirici bir tatille birle\u015ftirmeniz i\u00e7in e\u015fsiz bir f\u0131rsat sunuyor.<\/p>\n\n\n\n<h3 class=\"wp-block-heading\"><span class=\"ez-toc-section\" id=\"Why_Choose_Turkey_for_Adams_Apple_Reduction\"><\/span>Adem Elmas\u0131 Azalt\u0131m\u0131 \u0130\u00e7in Neden T\u00fcrkiye&#039;yi Se\u00e7melisiniz?<span class=\"ez-toc-section-end\"><\/span><\/h3>\n\n\n\n<ul class=\"wp-block-list\">\n<li><strong>Uzman Cerrahlar:<\/strong> T\u00fcrkiye, Adem elmas\u0131 k\u00fc\u00e7\u00fcltme prosed\u00fcrlerinde uzmanla\u015fm\u0131\u015f \u00e7ok say\u0131da yetenekli ve deneyimli plastik cerraha sahiptir. Bir\u00e7o\u011fu uluslararas\u0131 alanda e\u011fitim alm\u0131\u015f ve pratik yapm\u0131\u015f olup, en y\u00fcksek k\u00fcresel bak\u0131m standartlar\u0131na uymu\u015ftur.<\/li>\n\n\n\n<li><strong>Uygun Fiyatlar:<\/strong> T\u00fcrkiye&#039;de Adem elmas\u0131 k\u00fc\u00e7\u00fcltme ameliyat\u0131n\u0131n maliyeti, ABD ve \u0130ngiltere dahil olmak \u00fczere bir\u00e7ok Bat\u0131 \u00fclkesine k\u0131yasla \u00f6nemli \u00f6l\u00e7\u00fcde daha d\u00fc\u015f\u00fckt\u00fcr. Bu maliyet etkinli\u011fi, kons\u00fcltasyonlardan ve ameliyat \u00f6ncesi testlerden ameliyat\u0131n kendisine ve ameliyat sonras\u0131 bak\u0131ma kadar prosed\u00fcr\u00fcn t\u00fcm y\u00f6nlerine kadar uzan\u0131r.<\/li>\n\n\n\n<li><strong>Son Teknoloji Tesisler:<\/strong> Antalya&#039;daki hastaneler ve klinikler, hastalara g\u00fcvenli ve konforlu bir deneyim sa\u011flamak i\u00e7in en son teknoloji ve modern olanaklarla donat\u0131lm\u0131\u015ft\u0131r.<\/li>\n\n\n\n<li><strong>Sa\u011fl\u0131k Turizmi Program\u0131:<\/strong> T\u00fcrkiye&#039;nin kapsaml\u0131 sa\u011fl\u0131k turizmi program\u0131, seyahat d\u00fczenlemeleri, konaklama ve \u00e7eviri hizmetleri de dahil olmak \u00fczere uluslararas\u0131 hastalara kusursuz bir deneyim sunuyor.<\/li>\n\n\n\n<li><strong>Antalya&#039;n\u0131n Cazibesi:<\/strong> T\u0131bbi faydalar\u0131n \u00f6tesinde, Antalya iyile\u015fmeniz i\u00e7in muhte\u015fem bir fon sunar. G\u00fczel plajlar\u0131, canl\u0131 k\u00fclt\u00fcr\u00fc ve lezzetli mutfa\u011f\u0131yla ameliyat\u0131n\u0131z\u0131 unutulmaz bir tatil deneyimiyle birle\u015ftirebilirsiniz.<\/li>\n<\/ul>\n\n\n\n<h3 class=\"wp-block-heading\"><span class=\"ez-toc-section\" id=\"Adams_Apple_Reduction_in_Antalya_A_Blend_of_Health_and_Holiday\"><\/span>Antalya&#039;da Adem Elmas\u0131 K\u00fc\u00e7\u00fcltme: Sa\u011fl\u0131k ve Tatilin Birle\u015fimi<span class=\"ez-toc-section-end\"><\/span><\/h3>\n\n\n\n<p>Kendinizi Akdeniz&#039;in turkuaz sular\u0131na bakan l\u00fcks bir otelde Adem elmas\u0131 k\u00fc\u00e7\u00fcltme ameliyat\u0131n\u0131zdan iyile\u015firken hayal edin. Antalya&#039;n\u0131n sa\u011fl\u0131k turizmi program\u0131 genellikle \u015funlar\u0131 i\u00e7eren her \u015fey dahil paketler sunar:<\/p>\n\n\n\n<ul class=\"wp-block-list\">\n<li><strong>4 veya 5 y\u0131ld\u0131zl\u0131 otellerde konaklama:<\/strong> Konaklaman\u0131z s\u00fcresince konforlu ve l\u00fcks konaklaman\u0131n tad\u0131n\u0131 \u00e7\u0131kar\u0131n.<\/li>\n\n\n\n<li><strong>Havaalan\u0131 Transferleri:<\/strong> Havaalan\u0131ndan otelinize ve havaalan\u0131ndan otelinize sorunsuz ula\u015f\u0131m\u0131n keyfini \u00e7\u0131kar\u0131n.<\/li>\n\n\n\n<li><strong>\u00c7eviri hizmetleri:<\/strong> \u00d6zel \u00e7eviri hizmetleriyle t\u0131bbi ekibinizle etkili bir \u015fekilde ileti\u015fim kurun.<\/li>\n\n\n\n<li><strong>Ameliyat \u00d6ncesi ve Sonras\u0131 Bak\u0131m:<\/strong> Yolculu\u011funuz boyunca kapsaml\u0131 bak\u0131m alarak sorunsuz ve konforlu bir deneyim ya\u015fay\u0131n.<\/li>\n\n\n\n<li><strong>Turizm Faaliyetleri:<\/strong> \u0130yile\u015fme d\u00f6neminizde Antalya&#039;n\u0131n zengin tarihini, canl\u0131 k\u00fclt\u00fcr\u00fcn\u00fc ve muhte\u015fem do\u011fal g\u00fczelliklerini ke\u015ffedin.<\/li>\n<\/ul>\n\n\n\n<h3 class=\"wp-block-heading\"><span class=\"ez-toc-section\" id=\"Combining_Adams_Apple_Reduction_with_a_Rejuvenating_Holiday\"><\/span>Adem Elmas\u0131 Azaltma \u0130\u015flemini Canland\u0131r\u0131c\u0131 Bir Tatille Birle\u015ftirmek<span class=\"ez-toc-section-end\"><\/span><\/h3>\n\n\n\n<p>Adem elmas\u0131 k\u00fc\u00e7\u00fcltme ameliyat\u0131 i\u00e7in Antalya&#039;y\u0131 se\u00e7mek, hak etti\u011finiz tatilin tad\u0131n\u0131 \u00e7\u0131kar\u0131rken arzu etti\u011finiz estetik hedeflere ula\u015fman\u0131z\u0131 sa\u011flar. G\u00fczel bir ortamda iyile\u015fin, yerel k\u00fclt\u00fcr\u00fc ke\u015ffedin ve eve tazelenmi\u015f ve kendinize g\u00fcvenerek d\u00f6n\u00fcn.<\/p>\n\n\n\n<h3 class=\"wp-block-heading\"><span class=\"ez-toc-section\" id=\"Taking_the_Next_Step\"><\/span>Sonraki Ad\u0131m\u0131 Atmak<span class=\"ez-toc-section-end\"><\/span><\/h3>\n\n\n\n<p>Adem elmas\u0131 k\u00fc\u00e7\u00fcltme ameliyat\u0131n\u0131z\u0131 Antalya&#039;da bir tatille birle\u015ftirme fikri ilginizi \u00e7ekiyorsa, sa\u011fl\u0131k turizminde uzmanla\u015fm\u0131\u015f sayg\u0131n klinikleri ve hastaneleri ara\u015ft\u0131r\u0131n. Her \u015fey dahil paketleri hakk\u0131nda bilgi almak, bireysel ihtiya\u00e7lar\u0131n\u0131z\u0131 g\u00f6r\u00fc\u015fmek ve bir kons\u00fcltasyon planlamak i\u00e7in do\u011frudan onlarla ileti\u015fime ge\u00e7in.<\/p>\n\n\n\n<p>Adem elmas\u0131 k\u00fc\u00e7\u00fcltme ameliyat\u0131n\u0131z i\u00e7in T\u00fcrkiye&#039;yi alternatif bir se\u00e7enek olarak de\u011ferlendirerek, Antalya&#039;n\u0131n g\u00fczelli\u011finin ve misafirperverli\u011finin tad\u0131n\u0131 \u00e7\u0131kar\u0131rken, uygun fiyatlarla uzman cerrahlardan y\u00fcksek kaliteli bak\u0131m alabilirsiniz. \u0130stedi\u011finiz g\u00f6r\u00fcn\u00fcme ula\u015fmak i\u00e7in ilk ad\u0131m\u0131 at\u0131n ve sa\u011fl\u0131k ile tatili birle\u015ftiren d\u00f6n\u00fc\u015ft\u00fcr\u00fcc\u00fc bir yolculuk deneyimi ya\u015fama f\u0131rsat\u0131n\u0131 yakalay\u0131n.<\/p>\n\n\n\n<h2 class=\"wp-block-heading\"><span class=\"ez-toc-section\" id=\"Why_You_Should_Work_with_Dr_MFO_for_Plastic_Surgery_in_Turkey\"><\/span>T\u00fcrkiye&#039;de Plastik Cerrahide Neden Dr. MFO ile \u00c7al\u0131\u015fmal\u0131s\u0131n\u0131z?<span class=\"ez-toc-section-end\"><\/span><\/h2>\n\n\n\n<p>Gibi d\u00f6n\u00fc\u015ft\u00fcr\u00fcc\u00fc prosed\u00fcrleri de\u011ferlendirirken <a href=\"https:\/\/www.dr-mfo.com\/tr\/ffs-facial-feminization-surgery\/\">Y\u00fcz Feminizasyonu<\/a> Cerrahi (FFS) ve <a href=\"https:\/\/www.dr-mfo.com\/tr\/fms-facial-masculinization-surgery\/\">Y\u00fcz Erkekle\u015ftirme Ameliyat\u0131<\/a> (FMS) durumunda, do\u011fru cerrah\u0131 se\u00e7mek son derece \u00f6nemlidir. Dr. <a href=\"https:\/\/www.dr-mfo.com\/tr\/who-is-drmfo\/\">Mehmet Fatih Okyay<\/a>, MD, FEBOPRAS, bu alanlarda \u00f6nc\u00fc bir uzman olarak \u00f6ne \u00e7\u0131k\u0131yor, e\u015fsiz bir uzmanl\u0131k ve ola\u011fan\u00fcst\u00fc sonu\u00e7lar elde etme taahh\u00fcd\u00fc sunuyor. Kad\u0131ndan erke\u011fe ve erkekten kad\u0131na d\u00f6n\u00fc\u015f\u00fcm ameliyatlar\u0131ndaki \u00fcst\u00fcn ba\u015far\u0131s\u0131, \u00f6zellikle y\u00fcz prosed\u00fcrlerinde <strong>Adem elmas\u0131 k\u00fc\u00e7\u00fcltme<\/strong>, onu cinsiyet onaylama ve estetik geli\u015ftirme arayan ki\u015filer i\u00e7in olduk\u00e7a aranan bir cerrah haline getiriyor.<\/p>\n\n\n\n<p>Dr. Okyay&#039;\u0131n se\u00e7kin kariyeri say\u0131s\u0131z \u00f6d\u00fcl ve ba\u015far\u0131yla i\u015faretlenmi\u015ftir. Sayg\u0131n T\u00fcrk T\u0131p Uzmanl\u0131k S\u0131nav\u0131&#039;nda d\u00f6neminde 8. s\u0131rada yer alarak \u00f6zverisinin ve akademik m\u00fckemmelli\u011finin bir kan\u0131t\u0131 olmu\u015ftur. D\u00fcnyaca \u00fcnl\u00fc \u0130stanbul \u00dcniversitesi, Cerrahpa\u015fa T\u0131p Fak\u00fcltesi&#039;nde Plastik, Rekonstr\u00fcktif ve Estetik Cerrahi ihtisas\u0131, ona en son cerrahi teknikler ve geli\u015fmeler konusunda sa\u011flam bir temel sa\u011flam\u0131\u015ft\u0131r.<\/p>\n\n\n\n<p>Uzmanl\u0131\u011f\u0131n\u0131 daha da sa\u011flamla\u015ft\u0131ran Dr. Okyay, 2018 y\u0131l\u0131nda Avrupa Plastik, Rekonstr\u00fcktif ve Estetik Cerrahlar Kurulu \u00dcyesi (FEBOPRAS) \u00f6d\u00fcl\u00fcne lay\u0131k g\u00f6r\u00fcld\u00fc. Bu \u00f6d\u00fcl, ola\u011fan\u00fcst\u00fc becerilerinin ve hasta bak\u0131m\u0131n\u0131n en y\u00fcksek standartlar\u0131na olan ba\u011fl\u0131l\u0131\u011f\u0131n\u0131n bir takdiriydi. Avrupa T\u0131p Uzmanlar\u0131 Derne\u011fi taraf\u0131ndan verilen bu prestijli \u00f6d\u00fcl, cerrahi uygulamas\u0131n\u0131n kalitesini ve e\u015fde\u011ferli\u011fini vurgulamaktad\u0131r. Ayn\u0131 y\u0131l T\u00fcrkiye Plastik, Rekonstr\u00fcktif ve Estetik Cerrahlar Kurulu \u00dcyesi \u00f6d\u00fcl\u00fcn\u00fc de alarak T\u00fcrkiye&#039;de \u00f6nde gelen bir cerrah olarak konumunu daha da sa\u011flamla\u015ft\u0131rd\u0131.<\/p>\n\n\n\n<h3 class=\"wp-block-heading\"><span class=\"ez-toc-section\" id=\"Dr_Okyays_Expertise_in_Facial_Transformation\"><\/span>Dr. Okyay&#039;\u0131n Y\u00fcz D\u00f6n\u00fc\u015f\u00fcm\u00fcndeki Uzmanl\u0131\u011f\u0131<span class=\"ez-toc-section-end\"><\/span><\/h3>\n\n\n\n<p>Plastik cerrahide 10 y\u0131l\u0131 a\u015fk\u0131n deneyimi olan Dr. Okyay, y\u00fcz anatomisi konusunda derin bir anlay\u0131\u015f ve estetik konusunda keskin bir bak\u0131\u015f a\u00e7\u0131s\u0131 geli\u015ftirmi\u015ftir. A\u015fa\u011f\u0131dakiler de dahil olmak \u00fczere \u00e7ok \u00e7e\u015fitli prosed\u00fcrlerde uzmanla\u015fm\u0131\u015ft\u0131r:<\/p>\n\n\n\n<ul class=\"wp-block-list\">\n<li><strong>Y\u00fcz Di\u015file\u015ftirme Cerrahisi (FFS):<\/strong> Bu, daha kad\u0131ns\u0131 bir y\u00fcz g\u00f6r\u00fcn\u00fcm\u00fc yaratmak i\u00e7in tasarlanm\u0131\u015f bir dizi prosed\u00fcr\u00fc kapsar; bunlara \u015funlar dahildir: <strong>Adem elmas\u0131 k\u00fc\u00e7\u00fcltme<\/strong>, Ka\u015f kald\u0131rma, <a href=\"https:\/\/www.dr-mfo.com\/tr\/nose-job-rhinoplasty\/\">burun esteti\u011fi<\/a>, Ve <a href=\"https:\/\/www.dr-mfo.com\/tr\/cheek-augmentation\/\">yanak b\u00fcy\u00fctme<\/a>.<\/li>\n\n\n\n<li><strong>Y\u00fcz Erkekle\u015ftirme Cerrahisi (FMS):<\/strong> Bu prosed\u00fcrler, genellikle \u00e7ene b\u00fcy\u00fctme, \u00e7ene ucu b\u00fcy\u00fctme ve daha fazlas\u0131n\u0131 i\u00e7eren daha erkeksi bir y\u00fcz g\u00f6r\u00fcn\u00fcm\u00fc yaratmay\u0131 ama\u00e7lamaktad\u0131r. <a href=\"https:\/\/www.dr-mfo.com\/tr\/forehead-contouring\/\">al\u0131n \u015fekillendirme<\/a>. <strong>Adem elmas\u0131 k\u00fc\u00e7\u00fcltme<\/strong> Ayr\u0131ca daha erkeksi bir boyun hatt\u0131 arayan transseks\u00fcel erkekler i\u00e7in FMS&#039;nin bir bile\u015feni de olabilir.<\/li>\n<\/ul>\n\n\n\n<p>Dr. Okyay&#039;\u0131n uzmanl\u0131k alan\u0131 <strong>Adem elmas\u0131 k\u00fc\u00e7\u00fcltme<\/strong> \u00f6zellikle dikkat \u00e7ekicidir. Kondrolaringoplasti olarak da bilinen bu prosed\u00fcr, bir\u00e7ok transseks\u00fcel kad\u0131n i\u00e7in y\u00fcz feminizasyonunun \u00f6nemli bir y\u00f6n\u00fcd\u00fcr. Dr. Okyay&#039;\u0131n titiz tekni\u011fi ve ayr\u0131nt\u0131lara g\u00f6sterdi\u011fi \u00f6zen, yara izlerini en aza indirerek ve do\u011fal g\u00f6r\u00fcn\u00fcml\u00fc bir boyun kont\u00fcr\u00fc olu\u015fturarak en iyi sonu\u00e7lar\u0131 garanti eder.<\/p>\n\n\n\n<h3 class=\"wp-block-heading\"><span class=\"ez-toc-section\" id=\"Choosing_Dr_Okyay_for_Your_Transformation\"><\/span>D\u00f6n\u00fc\u015f\u00fcm\u00fcn\u00fcz \u0130\u00e7in Dr. Okyay&#039;\u0131 Se\u00e7mek<span class=\"ez-toc-section-end\"><\/span><\/h3>\n\n\n\n<p>T\u00fcrkiye&#039;de plastik cerrahi ihtiya\u00e7lar\u0131n\u0131z i\u00e7in Dr. Okyay&#039;\u0131 se\u00e7meniz bir\u00e7ok avantaj sa\u011flayacakt\u0131r:<\/p>\n\n\n\n<ul class=\"wp-block-list\">\n<li><strong>Ola\u011fan\u00fcst\u00fc Cerrahi Beceriler:<\/strong> Kapsaml\u0131 e\u011fitimi ve deneyimi, y\u00fcksek d\u00fczeyde cerrahi hassasiyet ve sanat\u0131n garantisidir.<\/li>\n\n\n\n<li><strong>Ki\u015fiselle\u015ftirilmi\u015f Yakla\u015f\u0131m:<\/strong> Dr. Okyay, her hastan\u0131n kendine \u00f6zg\u00fc hedeflerini ve isteklerini anlamak i\u00e7in zaman ay\u0131r\u0131yor ve m\u00fcmk\u00fcn olan en iyi sonucu elde etmek i\u00e7in yakla\u015f\u0131m\u0131n\u0131 uyarl\u0131yor.<\/li>\n\n\n\n<li><strong>\u015eefkatli Bak\u0131m:<\/strong> Cinsiyet onaylama ameliyat\u0131n\u0131n duygusal ve fiziksel y\u00f6nlerini anl\u0131yor ve t\u00fcm s\u00fcre\u00e7 boyunca \u015fefkatli ve destekleyici bir bak\u0131m sa\u011fl\u0131yor.<\/li>\n\n\n\n<li><strong>Son Teknoloji Tesisler:<\/strong> Dr. Okyay, en y\u00fcksek g\u00fcvenlik ve hijyen standartlar\u0131na ba\u011fl\u0131, modern ve iyi donan\u0131ml\u0131 bir tesis olan Dr. MFO Klini\u011fi&#039;nde muayenehane a\u00e7maktad\u0131r.<\/li>\n<\/ul>\n\n\n\n<p>Dr. Okyay&#039;\u0131n hastalar\u0131na olan ba\u011fl\u0131l\u0131\u011f\u0131 ameliyathanenin \u00f6tesine uzan\u0131yor. Uluslararas\u0131 Estetik Plastik Cerrahi Derne\u011fi (ISAPS), T\u00fcrk Plastik Rekonstr\u00fcktif ve Estetik Cerrahi Derne\u011fi (TPRS) ve T\u00fcrk Estetik Plastik Cerrahi Derne\u011fi (TSAPS) dahil olmak \u00fczere bir\u00e7ok sayg\u0131n mesleki kurulu\u015fun daimi \u00fcyesidir. Alan\u0131ndaki geli\u015fmelerin \u00f6n saflar\u0131nda kalarak bilimsel toplant\u0131lara ve konferanslara aktif olarak kat\u0131lmaktad\u0131r.<\/p>\n\n\n\n<p>Dr. Okyay, t\u0131bbi uzmanl\u0131\u011f\u0131n\u0131n \u00f6tesinde, m\u00fczik ve sanata tutkusu olan \u00e7ok y\u00f6nl\u00fc bir bireydir. \u015eark\u0131 yazar\u0131, \u015fair ve yetenekli bir m\u00fczisyendir, klasik gitar, ney ve elektro gitar \u00e7almaktad\u0131r.<\/p>\n\n\n\n<p>T\u00fcrkiye&#039;de estetik ameliyat olmay\u0131 d\u00fc\u015f\u00fcn\u00fcyorsan\u0131z, \u00f6zellikle de \u015fu t\u00fcr prosed\u00fcrler: <strong>Adem elmas\u0131 k\u00fc\u00e7\u00fcltme<\/strong>, FFS veya FMS, Dr. Mehmet Fatih Okyay ola\u011fan\u00fcst\u00fc bir se\u00e7imdir. Uzmanl\u0131\u011f\u0131, \u00f6zverisi ve \u015fefkatli yakla\u015f\u0131m\u0131, istedi\u011finiz g\u00f6r\u00fcn\u00fcme ula\u015fman\u0131z ve ger\u00e7ek benli\u011finizi benimsemeniz i\u00e7in d\u00f6n\u00fc\u015ft\u00fcr\u00fcc\u00fc bir yolculuk sa\u011flar.<\/p>\n\n\n\n<p>Estetik hedeflerinize ula\u015fman\u0131zda Dr. Okyay&#039;\u0131n nas\u0131l yard\u0131mc\u0131 olabilece\u011fini \u00f6\u011frenmek ve bir kons\u00fcltasyon planlamak i\u00e7in bug\u00fcn Dr. MFO Clinic ile ileti\u015fime ge\u00e7in.<\/p>\n\n\n\n<h3 class=\"wp-block-heading\"><span class=\"ez-toc-section\" id=\"Conclusion_Embracing_Confidence_and_a_Desired_Appearance\"><\/span>Sonu\u00e7: G\u00fcveni ve \u0130stenilen G\u00f6r\u00fcn\u00fcm\u00fc Kucaklamak<span class=\"ez-toc-section-end\"><\/span><\/h3>\n\n\n\n<p>Bu <strong>Adem Elmas\u0131 K\u00fc\u00e7\u00fcltme \u0130\u015fleminin Kapsaml\u0131 Genel Bak\u0131\u015f\u0131<\/strong> giderek daha fazla ra\u011fbet g\u00f6ren bu prosed\u00fcr\u00fcn \u00e7e\u015fitli y\u00f6nlerini ara\u015ft\u0131rd\u0131. Adem elmas\u0131 \u00e7\u0131k\u0131nt\u0131s\u0131n\u0131n nedenlerini ve \u00f6z sayg\u0131 \u00fczerindeki etkisini anlamaktan cerrahi tekniklere, faydalara, risklere ve alternatiflere kadar, bu k\u0131lavuz bu d\u00f6n\u00fc\u015ft\u00fcr\u00fcc\u00fc ameliyat\u0131 d\u00fc\u015f\u00fcnen bireyler i\u00e7in kapsaml\u0131 bir kaynak sa\u011flar. Adem elmas\u0131 k\u00fc\u00e7\u00fcltme ameliyat\u0131, daha uyumlu bir boyun profili elde etmek ve ki\u015finin fiziksel g\u00f6r\u00fcn\u00fcm\u00fcn\u00fc cinsiyet kimli\u011fi veya istenen estetikle uyumlu hale getirmek i\u00e7in bir yol sunar. Ameliyat kal\u0131c\u0131 bir \u00e7\u00f6z\u00fcm sunarken, faydalar\u0131 potansiyel risklere kar\u015f\u0131 tartmak ve cerrahi olmayan alternatifleri de\u011ferlendirmek \u00e7ok \u00f6nemlidir. Nitelikli ve deneyimli bir y\u00fcz estetik cerrah\u0131na dan\u0131\u015fmak, daha fazla \u00f6zg\u00fcvene ve daha otantik bir benlik ifadesine do\u011fru bir yolculu\u011fa \u00e7\u0131karak bilin\u00e7li bir karar vermenin ilk ad\u0131m\u0131d\u0131r. Unutmay\u0131n, nihai hedef, ister cerrahi m\u00fcdahale yoluyla ister ki\u015finin do\u011fal \u00f6zelliklerini \u00f6z sevgi ve kabulle benimsemesiyle olsun, ki\u015finin kendi cildinde bir refah ve rahatl\u0131k duygusu elde etmesidir. Bu <strong>Adem Elmas\u0131 K\u00fc\u00e7\u00fcltme \u0130\u015fleminin Kapsaml\u0131 Genel Bak\u0131\u015f\u0131<\/strong> Bireysel ihtiya\u00e7lar\u0131n\u0131z ve istekleriniz do\u011frultusunda en iyi karar\u0131 alabilmeniz i\u00e7in gerekli bilgiyi sa\u011flar.<\/p>\n\n\n\n<p>Ziyaret etmek&nbsp;<a href=\"https:\/\/www.instagram.com\/dr_mfo\/\" target=\"_blank\" rel=\"noreferrer noopener nofollow\">Dr.MFO Instagram profili<\/a>&nbsp;ger\u00e7ek hasta d\u00f6n\u00fc\u015f\u00fcmlerini g\u00f6rmek i\u00e7in! Y\u00fcz bak\u0131m\u0131yla elde edilen inan\u0131lmaz sonu\u00e7lara bir g\u00f6z at\u0131n&nbsp;<a href=\"https:\/\/www.dr-mfo.com\/tr\/ffs-yuz-feminizasyon-ameliyati\/\">feminizasyon ameliyat\u0131<\/a>&nbsp;ve di\u011fer prosed\u00fcrler. Profilde \u00f6ne \u00e7\u0131kan \u00f6ncesi ve sonras\u0131 foto\u011fraflar\u0131 sergileniyor&nbsp;<a href=\"https:\/\/www.dr-mfo.com\/tr\/drmfo\/\">Dr.MFO<\/a>&#039;nin do\u011fal g\u00f6r\u00fcn\u00fcml\u00fc, g\u00fczel sonu\u00e7lar yaratma konusundaki uzmanl\u0131\u011f\u0131 ve sanatsal vizyonu.<\/p>\n\n\n\n<p>Yolculu\u011funuzda bir sonraki ad\u0131m\u0131 atmaya haz\u0131r m\u0131s\u0131n\u0131z? Planlay\u0131n&nbsp;<a href=\"https:\/\/www.dr-mfo.com\/tr\/detayli-bilgi-al\/\">\u00fccretsiz dan\u0131\u015fmanl\u0131k<\/a>&nbsp;ile&nbsp;<a href=\"https:\/\/www.dr-mfo.com\/tr\/drmfo-kimdir\/\">Dr.MFO<\/a>&nbsp;Bug\u00fcn. Kons\u00fcltasyon s\u0131ras\u0131nda hedeflerinizi tart\u0131\u015fabilir, akl\u0131n\u0131za tak\u0131lan sorular\u0131 sorabilir ve bunun nas\u0131l yap\u0131laca\u011f\u0131 hakk\u0131nda daha fazla bilgi edinebilirsiniz.&nbsp;<a href=\"https:\/\/www.dr-mfo.com\/tr\/drmfo\/\">Dr.MFO<\/a>&nbsp;\u0130stedi\u011finiz g\u00f6r\u00fcn\u00fcme ula\u015fman\u0131za yard\u0131mc\u0131 olabilir. Se\u00e7eneklerinizi ke\u015ffetmek ve olup olmad\u0131\u011f\u0131n\u0131 g\u00f6rmek i\u00e7in bu \u00fccretsiz f\u0131rsattan yararlanmaktan \u00e7ekinmeyin.&nbsp;<a href=\"https:\/\/www.dr-mfo.com\/tr\/drmfo-kimdir\/\">Dr.MFO<\/a>&nbsp;sizin i\u00e7in do\u011fru se\u00e7imdir.<\/p>","protected":false},"excerpt":{"rendered":"<p>Imagine speaking with confidence, your voice clear and resonant, free from the self-consciousness that a prominent Adam&#8217;s apple can bring. Adam&#8217;s apple reduction surgery, a procedure gaining traction in the realm of facial plastic surgery, can help achieve this, offering a path to a more harmonious neck profile. This Comprehensive Overview of Adam\u2019s Apple Reduction [&hellip;]<\/p>\n","protected":false},"author":2,"featured_media":10675,"comment_status":"closed","ping_status":"closed","sticky":false,"template":"","format":"standard","meta":{"_acf_changed":false,"footnotes":""},"categories":[169],"tags":[],"class_list":["post-10674","post","type-post","status-publish","format-standard","has-post-thumbnail","hentry","category-facial-feminization"],"acf":[],"_links":{"self":[{"href":"https:\/\/www.dr-mfo.com\/tr\/wp-json\/wp\/v2\/posts\/10674","targetHints":{"allow":["GET"]}}],"collection":[{"href":"https:\/\/www.dr-mfo.com\/tr\/wp-json\/wp\/v2\/posts"}],"about":[{"href":"https:\/\/www.dr-mfo.com\/tr\/wp-json\/wp\/v2\/types\/post"}],"author":[{"embeddable":true,"href":"https:\/\/www.dr-mfo.com\/tr\/wp-json\/wp\/v2\/users\/2"}],"replies":[{"embeddable":true,"href":"https:\/\/www.dr-mfo.com\/tr\/wp-json\/wp\/v2\/comments?post=10674"}],"version-history":[{"count":0,"href":"https:\/\/www.dr-mfo.com\/tr\/wp-json\/wp\/v2\/posts\/10674\/revisions"}],"wp:featuredmedia":[{"embeddable":true,"href":"https:\/\/www.dr-mfo.com\/tr\/wp-json\/wp\/v2\/media\/10675"}],"wp:attachment":[{"href":"https:\/\/www.dr-mfo.com\/tr\/wp-json\/wp\/v2\/media?parent=10674"}],"wp:term":[{"taxonomy":"category","embeddable":true,"href":"https:\/\/www.dr-mfo.com\/tr\/wp-json\/wp\/v2\/categories?post=10674"},{"taxonomy":"post_tag","embeddable":true,"href":"https:\/\/www.dr-mfo.com\/tr\/wp-json\/wp\/v2\/tags?post=10674"}],"curies":[{"name":"wp","href":"https:\/\/api.w.org\/{rel}","templated":true}]}}