{"id":11808,"date":"2025-03-13T14:57:43","date_gmt":"2025-03-13T14:57:43","guid":{"rendered":"https:\/\/www.dr-mfo.com\/?p=11808"},"modified":"2026-02-21T20:25:35","modified_gmt":"2026-02-21T20:25:35","slug":"asagi-dogru-kantal-egim","status":"publish","type":"post","link":"https:\/\/www.dr-mfo.com\/tr\/downward-canthal-tilt\/","title":{"rendered":"A\u015fa\u011f\u0131ya Do\u011fru Kantal E\u011fim: G\u00f6rsel Etki ve Ortak \u00d6zelliklerin Ke\u015ffedilmesi"},"content":{"rendered":"<p>Olarak <a href=\"https:\/\/www.dr-mfo.com\/tr\/\">Cerrah<\/a> Y\u00fcz esteti\u011finin incelikleriyle derinden ilgilenen biri olarak, g\u00f6zlerin genel g\u00f6r\u00fcn\u00fcm \u00fczerindeki ince ama derin etkisi beni her zaman b\u00fcy\u00fclemi\u015ftir. Genellikle ruha a\u00e7\u0131lan pencereler olarak adland\u0131r\u0131lan g\u00f6zler, zengin duygular\u0131 iletir ve g\u00fczellik ve karakter alg\u0131m\u0131za \u00f6nemli \u00f6l\u00e7\u00fcde katk\u0131da bulunur. G\u00f6z esteti\u011finin pek \u00e7ok n\u00fcans\u0131 aras\u0131nda, kantal e\u011fim - g\u00f6z\u00fcn i\u00e7 ve d\u0131\u015f k\u00f6\u015felerini birle\u015ftiren \u00e7izginin a\u00e7\u0131s\u0131 - \u00f6zellikle b\u00fcy\u00fcleyici bir rol oynar.<\/p>\n\n\n\n<p>Bu kapsaml\u0131 ara\u015ft\u0131rmada, a\u015fa\u011f\u0131 do\u011fru kantal e\u011fim kavram\u0131n\u0131 inceleyece\u011fiz. G\u00f6z\u00fcn d\u0131\u015f k\u00f6\u015fesinin i\u00e7 k\u00f6\u015fesinden daha a\u015fa\u011f\u0131da yer ald\u0131\u011f\u0131 bu \u00f6zel y\u00f6nelim, y\u00fcze benzersiz bir dizi \u00f6zellik kazand\u0131rabilir. G\u00f6rsel etkisini inceleyecek, bununla ili\u015fkili ortak \u00f6zellikleri tart\u0131\u015facak ve varl\u0131\u011f\u0131na katk\u0131da bulunan fakt\u00f6rlere de\u011finece\u011fiz. A\u015fa\u011f\u0131 do\u011fru kantal e\u011fimi anlamak sadece kozmetik iyile\u015ftirmeler d\u00fc\u015f\u00fcnenler i\u00e7in de\u011fil, ayn\u0131 zamanda y\u00fcz uyumu sanat\u0131 ve bilimiyle ilgilenen herkes i\u00e7in \u00e7ok \u00f6nemlidir.<\/p>\n\n\n\n<figure class=\"wp-block-image size-large\"><img fetchpriority=\"high\" decoding=\"async\" width=\"1024\" height=\"559\" src=\"https:\/\/www.dr-mfo.com\/wp-content\/uploads\/2025\/03\/image-49-1024x559.png\" alt=\"\" class=\"wp-image-11811\" srcset=\"https:\/\/www.dr-mfo.com\/wp-content\/uploads\/2025\/03\/image-49-1024x559.png 1024w, https:\/\/www.dr-mfo.com\/wp-content\/uploads\/2025\/03\/image-49-300x164.png 300w, https:\/\/www.dr-mfo.com\/wp-content\/uploads\/2025\/03\/image-49-768x419.png 768w, https:\/\/www.dr-mfo.com\/wp-content\/uploads\/2025\/03\/image-49-18x10.png 18w, https:\/\/www.dr-mfo.com\/wp-content\/uploads\/2025\/03\/image-49.png 1408w\" sizes=\"(max-width: 1024px) 100vw, 1024px\" \/><\/figure>\n\n\n\n<div id=\"ez-toc-container\" class=\"ez-toc-v2_0_82_2 counter-hierarchy ez-toc-counter ez-toc-transparent ez-toc-container-direction\">\n<div class=\"ez-toc-title-container\">\n<p class=\"ez-toc-title\" style=\"cursor:inherit\">\u0130\u00e7indekiler<\/p>\n<span class=\"ez-toc-title-toggle\"><\/span><\/div>\n<nav><ul class='ez-toc-list ez-toc-list-level-1' ><li class='ez-toc-page-1 ez-toc-heading-level-2'><a class=\"ez-toc-link ez-toc-heading-1\" href=\"https:\/\/www.dr-mfo.com\/tr\/downward-canthal-tilt\/#Defining_Canthal_Tilt_A_Fundamental_Aspect_of_Eye_Shape\" >Kantal E\u011fimin Tan\u0131mlanmas\u0131: G\u00f6z \u015eeklinin Temel Bir Y\u00f6n\u00fc<\/a><\/li><li class='ez-toc-page-1 ez-toc-heading-level-2'><a class=\"ez-toc-link ez-toc-heading-2\" href=\"https:\/\/www.dr-mfo.com\/tr\/downward-canthal-tilt\/#The_Visual_Impact_of_Downward_Canthal_Tilt_More_Than_Meets_the_Eye\" >A\u015fa\u011f\u0131ya Do\u011fru Kantal E\u011fimin G\u00f6rsel Etkisi: G\u00f6r\u00fcnd\u00fc\u011f\u00fcnden Daha Fazlas\u0131<\/a><\/li><li class='ez-toc-page-1 ez-toc-heading-level-2'><a class=\"ez-toc-link ez-toc-heading-3\" href=\"https:\/\/www.dr-mfo.com\/tr\/downward-canthal-tilt\/#Common_Traits_Associated_with_Downward_Canthal_Tilt_Exploring_the_Underlying_Factors\" >A\u015fa\u011f\u0131 Kantal E\u011fim ile \u0130li\u015fkili Ortak \u00d6zellikler: Altta Yatan Fakt\u00f6rlerin Ara\u015ft\u0131r\u0131lmas\u0131<\/a><ul class='ez-toc-list-level-3' ><li class='ez-toc-heading-level-3'><a class=\"ez-toc-link ez-toc-heading-4\" href=\"https:\/\/www.dr-mfo.com\/tr\/downward-canthal-tilt\/#1_Genetics_and_Inherited_Traits\" >1. Genetik ve Kal\u0131tsal \u00d6zellikler<\/a><\/li><li class='ez-toc-page-1 ez-toc-heading-level-3'><a class=\"ez-toc-link ez-toc-heading-5\" href=\"https:\/\/www.dr-mfo.com\/tr\/downward-canthal-tilt\/#2_Age-Related_Changes\" >2. Ya\u015fa Ba\u011fl\u0131 De\u011fi\u015fiklikler<\/a><\/li><li class='ez-toc-page-1 ez-toc-heading-level-3'><a class=\"ez-toc-link ez-toc-heading-6\" href=\"https:\/\/www.dr-mfo.com\/tr\/downward-canthal-tilt\/#3_Facial_Muscle_Activity_and_Expression\" >3. Y\u00fcz Kas Aktivitesi ve \u0130fade<\/a><\/li><li class='ez-toc-page-1 ez-toc-heading-level-3'><a class=\"ez-toc-link ez-toc-heading-7\" href=\"https:\/\/www.dr-mfo.com\/tr\/downward-canthal-tilt\/#4_Skeletal_Structure_of_the_Face\" >4. Y\u00fcz\u00fcn \u0130skelet Yap\u0131s\u0131<\/a><\/li><li class='ez-toc-page-1 ez-toc-heading-level-3'><a class=\"ez-toc-link ez-toc-heading-8\" href=\"https:\/\/www.dr-mfo.com\/tr\/downward-canthal-tilt\/#5_Certain_Medical_Conditions_and_Syndromes\" >5. Belirli T\u0131bbi Durumlar ve Sendromlar<\/a><\/li><li class='ez-toc-page-1 ez-toc-heading-level-3'><a class=\"ez-toc-link ez-toc-heading-9\" href=\"https:\/\/www.dr-mfo.com\/tr\/downward-canthal-tilt\/#6_Ethnic_and_Ancestral_Variations\" >6. Etnik ve Atalardan Gelen Varyasyonlar<\/a><\/li><\/ul><\/li><li class='ez-toc-page-1 ez-toc-heading-level-2'><a class=\"ez-toc-link ez-toc-heading-10\" href=\"https:\/\/www.dr-mfo.com\/tr\/downward-canthal-tilt\/#Distinguishing_Downward_Canthal_Tilt_from_Other_Eye_Conditions\" >A\u015fa\u011f\u0131ya Do\u011fru Kantal E\u011fimi Di\u011fer G\u00f6z Durumlar\u0131ndan Ay\u0131rt Etme<\/a><\/li><li class='ez-toc-page-1 ez-toc-heading-level-2'><a class=\"ez-toc-link ez-toc-heading-11\" href=\"https:\/\/www.dr-mfo.com\/tr\/downward-canthal-tilt\/#Cultural_and_Aesthetic_Perceptions_of_Downward_Canthal_Tilt\" >A\u015fa\u011f\u0131ya Do\u011fru Kantal E\u011fimin K\u00fclt\u00fcrel ve Estetik Alg\u0131s\u0131<\/a><\/li><li class='ez-toc-page-1 ez-toc-heading-level-2'><a class=\"ez-toc-link ez-toc-heading-12\" href=\"https:\/\/www.dr-mfo.com\/tr\/downward-canthal-tilt\/#Cosmetic_Considerations_and_Addressing_Downward_Canthal_Tilt\" >Kozmetik Hususlar ve A\u015fa\u011f\u0131 Kantal E\u011fimin Ele Al\u0131nmas\u0131<\/a><ul class='ez-toc-list-level-3' ><li class='ez-toc-heading-level-3'><a class=\"ez-toc-link ez-toc-heading-13\" href=\"https:\/\/www.dr-mfo.com\/tr\/downward-canthal-tilt\/#Non-Surgical_Options\" >Cerrahi Olmayan Se\u00e7enekler<\/a><\/li><li class='ez-toc-page-1 ez-toc-heading-level-3'><a class=\"ez-toc-link ez-toc-heading-14\" href=\"https:\/\/www.dr-mfo.com\/tr\/downward-canthal-tilt\/#Surgical_Options\" >Cerrahi Se\u00e7enekler<\/a><\/li><\/ul><\/li><li class='ez-toc-page-1 ez-toc-heading-level-2'><a class=\"ez-toc-link ez-toc-heading-15\" href=\"https:\/\/www.dr-mfo.com\/tr\/downward-canthal-tilt\/#The_Importance_of_Individuality_and_Facial_Harmony\" >Bireyselli\u011fin ve Y\u00fcz Uyumunun \u00d6nemi<\/a><\/li><li class='ez-toc-page-1 ez-toc-heading-level-2'><a class=\"ez-toc-link ez-toc-heading-16\" href=\"https:\/\/www.dr-mfo.com\/tr\/downward-canthal-tilt\/#Conclusion_Embracing_the_Nuances_of_Ocular_Aesthetics\" >Sonu\u00e7: Ok\u00fcler Esteti\u011fin N\u00fcanslar\u0131n\u0131 Kucaklamak<\/a><\/li><\/ul><\/nav><\/div>\n<h2 class=\"wp-block-heading\"><span class=\"ez-toc-section\" id=\"Defining_Canthal_Tilt_A_Fundamental_Aspect_of_Eye_Shape\"><\/span>Kantal E\u011fimin Tan\u0131mlanmas\u0131: G\u00f6z \u015eeklinin Temel Bir Y\u00f6n\u00fc<span class=\"ez-toc-section-end\"><\/span><\/h2>\n\n\n\n<p>\u00d6zellikle a\u015fa\u011f\u0131 do\u011fru e\u011fime odaklanmadan \u00f6nce, kantal e\u011fimin neleri kapsad\u0131\u011f\u0131n\u0131 net bir \u015fekilde anlamak \u00f6nemlidir. Medial kantustan (\u00fcst ve alt g\u00f6z kapaklar\u0131n\u0131n burun yak\u0131n\u0131nda birle\u015fti\u011fi i\u00e7 k\u00f6\u015fe) lateral kantusa (\u00fcst ve alt g\u00f6z kapaklar\u0131n\u0131n \u015faka\u011fa do\u011fru birle\u015fti\u011fi d\u0131\u015f k\u00f6\u015fe) \u00e7izilen d\u00fcz bir \u00e7izgi hayal edin. Bu \u00e7izginin yatay bir d\u00fczleme g\u00f6re a\u00e7\u0131s\u0131 kantal e\u011fimi belirler.<\/p>\n\n\n\n<p>Genel olarak \u00fc\u00e7 kantal e\u011fim kategorisi vard\u0131r:<\/p>\n\n\n\n<ul class=\"wp-block-list\">\n<li><strong>Kalk\u0131k Kantal E\u011fimi:<\/strong> Bu konfig\u00fcrasyonda, lateral kantus medial kantustan daha y\u00fcksekte konumland\u0131r\u0131l\u0131r ve g\u00f6zlerde yukar\u0131 do\u011fru bir e\u011fim yarat\u0131r. Bu genellikle gen\u00e7, enerjik ve bazen badem \u015feklinde bir g\u00f6r\u00fcn\u00fcmle ili\u015fkilendirilir.<\/li>\n\n\n\n<li><strong>N\u00f6tr Canthal E\u011fimi:<\/strong> Burada, medial ve lateral kantuslar kabaca ayn\u0131 yatay seviyededir. Bu, dengeli ve uyumlu bir g\u00f6z \u015fekli olarak kabul edilir.<\/li>\n\n\n\n<li><strong>A\u015fa\u011f\u0131 Kantal E\u011fim:<\/strong> Tart\u0131\u015fmam\u0131z\u0131n odak noktas\u0131 budur. Bu durumda, lateral kantus medial kantustan daha a\u015fa\u011f\u0131da yer al\u0131r ve g\u00f6z\u00fcn a\u015fa\u011f\u0131 do\u011fru e\u011fimine neden olur.<\/li>\n<\/ul>\n\n\n\n<figure class=\"wp-block-image size-large\"><img decoding=\"async\" width=\"1024\" height=\"559\" src=\"https:\/\/www.dr-mfo.com\/wp-content\/uploads\/2025\/03\/image-47-1024x559.png\" alt=\"\" class=\"wp-image-11809\" srcset=\"https:\/\/www.dr-mfo.com\/wp-content\/uploads\/2025\/03\/image-47-1024x559.png 1024w, https:\/\/www.dr-mfo.com\/wp-content\/uploads\/2025\/03\/image-47-300x164.png 300w, https:\/\/www.dr-mfo.com\/wp-content\/uploads\/2025\/03\/image-47-768x419.png 768w, https:\/\/www.dr-mfo.com\/wp-content\/uploads\/2025\/03\/image-47-18x10.png 18w, https:\/\/www.dr-mfo.com\/wp-content\/uploads\/2025\/03\/image-47.png 1408w\" sizes=\"(max-width: 1024px) 100vw, 1024px\" \/><\/figure>\n\n\n\n<h2 class=\"wp-block-heading\"><span class=\"ez-toc-section\" id=\"The_Visual_Impact_of_Downward_Canthal_Tilt_More_Than_Meets_the_Eye\"><\/span>A\u015fa\u011f\u0131ya Do\u011fru Kantal E\u011fimin G\u00f6rsel Etkisi: G\u00f6r\u00fcnd\u00fc\u011f\u00fcnden Daha Fazlas\u0131<span class=\"ez-toc-section-end\"><\/span><\/h2>\n\n\n\n<p>A\u015fa\u011f\u0131 do\u011fru kantal e\u011fim, alg\u0131lanan duygular\u0131 ve y\u00fcz\u00fcn genel esteti\u011fini \u00f6nemli \u00f6l\u00e7\u00fcde etkileyebilir. G\u00fczellik \u00f6zneldir ve k\u00fclt\u00fcrler aras\u0131nda farkl\u0131l\u0131k g\u00f6sterse de, bu g\u00f6z \u015fekliyle ili\u015fkili belirli g\u00f6rsel ipu\u00e7lar\u0131 s\u0131kl\u0131kla g\u00f6zlemlenir:<\/p>\n\n\n\n<ul class=\"wp-block-list\">\n<li><strong>Ciddiyet veya Melankoli Hissi:<\/strong> A\u015fa\u011f\u0131ya do\u011fru e\u011fim bazen dalg\u0131nl\u0131k, ciddiyet ve hatta bir miktar \u00fcz\u00fcnt\u00fc hissi verdi\u011fi \u015feklinde yorumlanabilir. Bu k\u0131smen, a\u015fa\u011f\u0131 do\u011fru \u00e7izgilerin \u00fcz\u00fcnt\u00fc veya yorgunluk ifadeleriyle do\u011fal olarak ili\u015fkilendirilmesinden kaynaklanmaktad\u0131r.<\/li>\n\n\n\n<li><strong>Daha Yumu\u015fak veya Daha Nazik Bir G\u00f6r\u00fcn\u00fcm:<\/strong> Tersine, a\u015fa\u011f\u0131 do\u011fru kavis de daha yumu\u015fak, daha nazik ve bazen daha cana yak\u0131n bir g\u00f6r\u00fcn\u00fcme katk\u0131da bulunabilir. Yukar\u0131 do\u011fru bir kald\u0131rman\u0131n olmamas\u0131 daha az iddial\u0131 veya yo\u011fun olarak alg\u0131lanabilir.<\/li>\n\n\n\n<li><strong>Yorgunluk veya Bitkinlik G\u00f6r\u00fcn\u00fcm\u00fc:<\/strong> Baz\u0131 durumlarda, \u00f6zellikle g\u00f6z alt\u0131 torbalar\u0131 veya koyu halkalar gibi di\u011fer fakt\u00f6rlerle birle\u015fti\u011finde, a\u015fa\u011f\u0131 do\u011fru belirgin bir kantal e\u011fim yorgunluk veya bitkinlik alg\u0131s\u0131na katk\u0131da bulunabilir. Bunun nedeni, a\u015fa\u011f\u0131 do\u011fru e\u011fimin ya\u015fla ve cilt elastikiyetinin kayb\u0131yla ortaya \u00e7\u0131kan do\u011fal sarkmay\u0131 taklit edebilmesidir.<\/li>\n\n\n\n<li><strong>Benzersiz ve Ay\u0131rt Edici Bir \u00d6zellik:<\/strong> T\u00fcm k\u00fclt\u00fcrlerde her zaman geleneksel bir g\u00fczellik ideali olarak g\u00f6r\u00fclmese de, a\u015fa\u011f\u0131 do\u011fru kantal e\u011fim, bireyin g\u00f6r\u00fcn\u00fcm\u00fcne karakter ve benzersizlik katan ay\u0131rt edici ve ak\u0131lda kal\u0131c\u0131 bir \u00f6zellik olabilir.<\/li>\n\n\n\n<li><strong>Genel Y\u00fcz Uyumu \u00dczerindeki Etkisi:<\/strong> Kantal e\u011fim, genel y\u00fcz uyumunu olu\u015fturmak i\u00e7in ka\u015flar, elmac\u0131k kemikleri ve \u00e7ene hatt\u0131 gibi di\u011fer y\u00fcz \u00f6zellikleriyle etkile\u015fime girer. A\u015fa\u011f\u0131 do\u011fru bir e\u011fim, genel estetik dengeyi etkileyerek bu \u00f6zellikleri tamamlayabilir veya bunlarla kontrast olu\u015fturabilir.<\/li>\n<\/ul>\n\n\n\n<p>A\u015fa\u011f\u0131 do\u011fru kantal e\u011fimin g\u00f6rsel etkisinin yaln\u0131zca a\u00e7\u0131n\u0131n kendisi taraf\u0131ndan belirlenmedi\u011fini hat\u0131rlamak \u00e7ok \u00f6nemlidir. G\u00f6zlerin boyutu ve \u015fekli, g\u00f6z kapaklar\u0131n\u0131n belirginli\u011fi, epikantal k\u0131vr\u0131mlar\u0131n (g\u00f6z\u00fcn i\u00e7 k\u00f6\u015fesini kaplayan deri k\u0131vr\u0131mlar\u0131) varl\u0131\u011f\u0131 ve genel y\u00fcz yap\u0131s\u0131 gibi di\u011fer fakt\u00f6rlerin t\u00fcm\u00fc nihai alg\u0131da \u00f6nemli bir rol oynar.<\/p>\n\n\n\n<figure class=\"wp-block-image size-large\"><img decoding=\"async\" width=\"1024\" height=\"559\" src=\"https:\/\/www.dr-mfo.com\/wp-content\/uploads\/2025\/03\/image-48-1024x559.png\" alt=\"\" class=\"wp-image-11810\" srcset=\"https:\/\/www.dr-mfo.com\/wp-content\/uploads\/2025\/03\/image-48-1024x559.png 1024w, https:\/\/www.dr-mfo.com\/wp-content\/uploads\/2025\/03\/image-48-300x164.png 300w, https:\/\/www.dr-mfo.com\/wp-content\/uploads\/2025\/03\/image-48-768x419.png 768w, https:\/\/www.dr-mfo.com\/wp-content\/uploads\/2025\/03\/image-48-18x10.png 18w, https:\/\/www.dr-mfo.com\/wp-content\/uploads\/2025\/03\/image-48.png 1408w\" sizes=\"(max-width: 1024px) 100vw, 1024px\" \/><\/figure>\n\n\n\n<h2 class=\"wp-block-heading\"><span class=\"ez-toc-section\" id=\"Common_Traits_Associated_with_Downward_Canthal_Tilt_Exploring_the_Underlying_Factors\"><\/span>A\u015fa\u011f\u0131 Kantal E\u011fim ile \u0130li\u015fkili Ortak \u00d6zellikler: Altta Yatan Fakt\u00f6rlerin Ara\u015ft\u0131r\u0131lmas\u0131<span class=\"ez-toc-section-end\"><\/span><\/h2>\n\n\n\n<p>A\u015fa\u011f\u0131 do\u011fru kantal tilt nadir g\u00f6r\u00fclen bir durum de\u011fildir ve \u00e7e\u015fitli pop\u00fclasyonlarda ve ya\u015f gruplar\u0131nda g\u00f6zlemlenebilir. Varl\u0131\u011f\u0131na \u00e7e\u015fitli fakt\u00f6rler katk\u0131da bulunabilir:<\/p>\n\n\n\n<h3 class=\"wp-block-heading\"><span class=\"ez-toc-section\" id=\"1_Genetics_and_Inherited_Traits\"><\/span>1. Genetik ve Kal\u0131tsal \u00d6zellikler<span class=\"ez-toc-section-end\"><\/span><\/h3>\n\n\n\n<p>Di\u011fer bir\u00e7ok y\u00fcz \u00f6zelli\u011fi gibi, g\u00f6zlerimizin \u015fekli ve e\u011fimi de b\u00fcy\u00fck \u00f6l\u00e7\u00fcde genetik yap\u0131m\u0131z taraf\u0131ndan belirlenir. Bireyler, ebeveynlerinden veya atalar\u0131ndan a\u015fa\u011f\u0131 do\u011fru bir kantal e\u011fimi miras alabilir. Bu, insan anatomisindeki do\u011fal bir varyasyondur ve ailesel bir \u00f6zellik olabilir.<\/p>\n\n\n\n<h3 class=\"wp-block-heading\"><span class=\"ez-toc-section\" id=\"2_Age-Related_Changes\"><\/span>2. Ya\u015fa Ba\u011fl\u0131 De\u011fi\u015fiklikler<span class=\"ez-toc-section-end\"><\/span><\/h3>\n\n\n\n<p>Ya\u015fland\u0131k\u00e7a, g\u00f6z \u00e7evresindeki cilt ve altta yatan dokular do\u011fal olarak elastikiyetini ve kolajenini kaybeder. Bu durum, g\u00f6zlerin d\u0131\u015f k\u00f6\u015felerinin kademeli olarak a\u015fa\u011f\u0131 inmesine yol a\u00e7arak zamanla daha belirgin bir a\u015fa\u011f\u0131 do\u011fru kantal e\u011fime neden olabilir. G\u00f6z kapaklar\u0131n\u0131 destekleyen kantal tendonlar\u0131n zay\u0131flamas\u0131 da bu olguya katk\u0131da bulunabilir.<\/p>\n\n\n\n<h3 class=\"wp-block-heading\"><span class=\"ez-toc-section\" id=\"3_Facial_Muscle_Activity_and_Expression\"><\/span>3. Y\u00fcz Kas Aktivitesi ve \u0130fade<span class=\"ez-toc-section-end\"><\/span><\/h3>\n\n\n\n<p>G\u00f6zleri \u00e7evreleyen kaslar, \u00f6zellikle de orbicularis oculi kas\u0131, y\u00fcz ifadelerimizde rol oynar. Zaman i\u00e7inde tekrarlanan kas kas\u0131lmalar\u0131 g\u00f6z kapaklar\u0131n\u0131n ve kantinin \u015feklini ve konumunu etkileyebilir. A\u015fa\u011f\u0131 do\u011fru e\u011fimin do\u011frudan bir nedeni olmasa da, baz\u0131 al\u0131\u015f\u0131lm\u0131\u015f ifadeler bu durumun ortaya \u00e7\u0131kmas\u0131na ince bir \u015fekilde katk\u0131da bulunabilir.<\/p>\n\n\n\n<h3 class=\"wp-block-heading\"><span class=\"ez-toc-section\" id=\"4_Skeletal_Structure_of_the_Face\"><\/span>4. Y\u00fcz\u00fcn \u0130skelet Yap\u0131s\u0131<span class=\"ez-toc-section-end\"><\/span><\/h3>\n\n\n\n<p>Y\u00fcz\u00fcn altta yatan kemik yap\u0131s\u0131, \u00f6zellikle de g\u00f6z \u00e7ukurlar\u0131n\u0131n (orbita) \u015fekli de kantal e\u011fimi etkileyebilir. Kemiklerin \u015fekli do\u011fal olarak g\u00f6zleri hafif bir a\u015fa\u011f\u0131 e\u011fimle konumland\u0131rabilir.<\/p>\n\n\n\n<h3 class=\"wp-block-heading\"><span class=\"ez-toc-section\" id=\"5_Certain_Medical_Conditions_and_Syndromes\"><\/span>5. Belirli T\u0131bbi Durumlar ve Sendromlar<span class=\"ez-toc-section-end\"><\/span><\/h3>\n\n\n\n<p>Baz\u0131 durumlarda, a\u015fa\u011f\u0131 do\u011fru kantal e\u011fim belirli t\u0131bbi durumlar veya genetik sendromlarla ili\u015fkili olabilir. \u00d6rne\u011fin, baz\u0131 n\u00f6rolojik bozukluklar veya konjenital sendromlar, g\u00f6zlerin \u015fekli ve e\u011fimi de dahil olmak \u00fczere ay\u0131rt edici y\u00fcz \u00f6zellikleriyle kendini g\u00f6sterebilir. Bununla birlikte, sa\u011fl\u0131kl\u0131 bir bireyde do\u011fal olarak olu\u015fan a\u015fa\u011f\u0131 do\u011fru kantal e\u011fimin t\u0131bbi bir soruna i\u015faret etmedi\u011fini unutmamak \u00f6nemlidir.<\/p>\n\n\n\n<h3 class=\"wp-block-heading\"><span class=\"ez-toc-section\" id=\"6_Ethnic_and_Ancestral_Variations\"><\/span>6. Etnik ve Atalardan Gelen Varyasyonlar<span class=\"ez-toc-section-end\"><\/span><\/h3>\n\n\n\n<p>G\u00f6z \u015fekli ve kantal e\u011fim, farkl\u0131 etnik ve atasal gruplar aras\u0131nda de\u011fi\u015fiklik g\u00f6sterebilir. Belirli pop\u00fclasyonlar, farkl\u0131 y\u00fcz \u00f6zelliklerinin bir par\u00e7as\u0131 olarak do\u011fal olarak olu\u015fan a\u015fa\u011f\u0131 do\u011fru kantal e\u011fime sahip bireylerin daha y\u00fcksek prevalans\u0131na sahip olabilir.<\/p>\n\n\n\n<h2 class=\"wp-block-heading\"><span class=\"ez-toc-section\" id=\"Distinguishing_Downward_Canthal_Tilt_from_Other_Eye_Conditions\"><\/span>A\u015fa\u011f\u0131ya Do\u011fru Kantal E\u011fimi Di\u011fer G\u00f6z Durumlar\u0131ndan Ay\u0131rt Etme<span class=\"ez-toc-section-end\"><\/span><\/h2>\n\n\n\n<p>A\u015fa\u011f\u0131 do\u011fru do\u011fal bir kantal e\u011fimi, benzer bir g\u00f6r\u00fcn\u00fcme neden olabilecek di\u011fer durumlardan ay\u0131rt etmek \u00f6nemlidir:<\/p>\n\n\n\n<ul class=\"wp-block-list\">\n<li><strong>Pitozis:<\/strong> Bu, \u00fcst g\u00f6z kapa\u011f\u0131n\u0131n sarkmas\u0131 anlam\u0131na gelir. G\u00f6z\u00fcn daha k\u00fc\u00e7\u00fck g\u00f6r\u00fcnmesine ve potansiyel olarak a\u015fa\u011f\u0131ya do\u011fru e\u011fik alg\u0131lanmas\u0131na katk\u0131da bulunabilse de, as\u0131l sorun kantinin a\u00e7\u0131s\u0131 de\u011fil, \u00fcst g\u00f6z kapa\u011f\u0131n\u0131n pozisyonudur.<\/li>\n\n\n\n<li><strong>G\u00f6z Kapa\u011f\u0131 Retraksiyonu:<\/strong> Bu, g\u00f6z kapa\u011f\u0131n\u0131n geri \u00e7ekilerek g\u00f6z\u00fcn beyaz\u0131n\u0131 daha fazla ortaya \u00e7\u0131kard\u0131\u011f\u0131 pitozisin tam tersidir. Bu durum kantal e\u011fimi do\u011frudan etkilemez.<\/li>\n\n\n\n<li><strong>Lagophthalmos:<\/strong> Bu, g\u00f6z kapaklar\u0131n\u0131n tamamen kapat\u0131lamamas\u0131d\u0131r. G\u00f6zlerin genel g\u00f6r\u00fcn\u00fcm\u00fcn\u00fc etkileyebilse de, kantal e\u011fimin kendisinde bir de\u011fi\u015fiklikten ziyade i\u015flevsel bir sorundur.<\/li>\n\n\n\n<li><strong>Y\u00fcz felci:<\/strong> Bell's palsy gibi durumlar y\u00fcz kaslar\u0131nda zay\u0131fl\u0131\u011fa veya felce neden olabilir, bu da g\u00f6z kapaklar\u0131n\u0131n ve kantinin pozisyonunda asimetriye yol a\u00e7abilir. Bu gibi durumlarda, a\u015fa\u011f\u0131 do\u011fru e\u011fim etkilenen tarafta daha belirgin olabilir.<\/li>\n<\/ul>\n\n\n\n<p>Altta yatan herhangi bir g\u00f6z rahats\u0131zl\u0131\u011f\u0131n\u0131 do\u011fru bir \u015fekilde te\u015fhis etmek i\u00e7in kalifiye bir t\u0131p uzman\u0131 taraf\u0131ndan kapsaml\u0131 bir muayene gereklidir.<\/p>\n\n\n\n<h2 class=\"wp-block-heading\"><span class=\"ez-toc-section\" id=\"Cultural_and_Aesthetic_Perceptions_of_Downward_Canthal_Tilt\"><\/span>A\u015fa\u011f\u0131ya Do\u011fru Kantal E\u011fimin K\u00fclt\u00fcrel ve Estetik Alg\u0131s\u0131<span class=\"ez-toc-section-end\"><\/span><\/h2>\n\n\n\n<p>G\u00fczellik alg\u0131s\u0131 ve farkl\u0131 y\u00fcz \u00f6zelliklerine atfedilen \u00f6nem, k\u00fclt\u00fcrler aras\u0131nda ve tarih boyunca \u00f6nemli \u00f6l\u00e7\u00fcde de\u011fi\u015febilir. Kalk\u0131k kantal e\u011fim bir\u00e7ok Bat\u0131 k\u00fclt\u00fcr\u00fcnde genellikle gen\u00e7lik ve \u00e7ekicilikle ili\u015fkilendirilirken, a\u015fa\u011f\u0131 do\u011fru kantal e\u011fim de benzersiz nitelikleri nedeniyle takdir edilmi\u015ftir.<\/p>\n\n\n\n<p>Baz\u0131 k\u00fclt\u00fcrlerde, g\u00f6zlerin hafif\u00e7e a\u015fa\u011f\u0131ya do\u011fru e\u011fik olmas\u0131 olgunluk, bilgelik veya nazik bir tav\u0131r olarak g\u00f6r\u00fclebilir. Bu \u00f6zelli\u011fin yorumlanmas\u0131 genellikle daha geni\u015f k\u00fclt\u00fcrel g\u00fczellik standartlar\u0131ndan ve y\u00fcz\u00fcn genel ba\u011flam\u0131ndan etkilenir.<\/p>\n\n\n\n<h2 class=\"wp-block-heading\"><span class=\"ez-toc-section\" id=\"Cosmetic_Considerations_and_Addressing_Downward_Canthal_Tilt\"><\/span>Kozmetik Hususlar ve A\u015fa\u011f\u0131 Kantal E\u011fimin Ele Al\u0131nmas\u0131<span class=\"ez-toc-section-end\"><\/span><\/h2>\n\n\n\n<p>A\u015fa\u011f\u0131 do\u011fru belirgin bir kantal e\u011fim konusunda bilin\u00e7li olan veya g\u00f6zlerin d\u0131\u015f k\u00f6\u015felerinde ya\u015fa ba\u011fl\u0131 ini\u015f ya\u015fayan bireyler i\u00e7in \u00e7e\u015fitli kozmetik se\u00e7enekler mevcuttur. Bu t\u00fcr hususlara ger\u00e7ek\u00e7i beklentilerle yakla\u015fmak ve potansiyel sonu\u00e7lar\u0131 ve ilgili riskleri tam olarak anlamak \u00e7ok \u00f6nemlidir.<\/p>\n\n\n\n<h3 class=\"wp-block-heading\"><span class=\"ez-toc-section\" id=\"Non-Surgical_Options\"><\/span>Cerrahi Olmayan Se\u00e7enekler<span class=\"ez-toc-section-end\"><\/span><\/h3>\n\n\n\n<ul class=\"wp-block-list\">\n<li><strong>Botulinum Toksini (Botox):<\/strong> Baz\u0131 durumlarda, stratejik olarak yerle\u015ftirilmi\u015f botulinum toksini enjeksiyonlar\u0131, g\u00f6zleri a\u015fa\u011f\u0131 do\u011fru \u00e7eken kaslar\u0131 gev\u015feterek g\u00f6zlerin d\u0131\u015f k\u00f6\u015felerini hafif\u00e7e kald\u0131rmaya yard\u0131mc\u0131 olabilir. Bu, genellikle birka\u00e7 ay s\u00fcren ge\u00e7ici bir \u00e7\u00f6z\u00fcmd\u00fcr.<\/li>\n\n\n\n<li><strong>Dermal Dolgu Maddeleri:<\/strong> Enjekte edilebilir dermal dolgu maddeleri, \u00fcst g\u00f6z kapaklar\u0131na veya g\u00f6zlerin d\u0131\u015f k\u00f6\u015felerinin etraf\u0131ndaki alana hacim kazand\u0131rmak i\u00e7in kullan\u0131labilir, bu da dolayl\u0131 olarak daha kalk\u0131k bir g\u00f6r\u00fcn\u00fcm yaratabilir.<\/li>\n\n\n\n<li><strong>\u0130plik Ask\u0131lama:<\/strong> Bu minimal invaziv prosed\u00fcrler, g\u00f6z \u00e7evresi de dahil olmak \u00fczere sarkm\u0131\u015f dokular\u0131 kald\u0131rmak ve s\u0131k\u0131la\u015ft\u0131rmak i\u00e7in deri alt\u0131na \u00e7\u00f6z\u00fclebilir ipliklerin yerle\u015ftirilmesini i\u00e7erir. Bu, d\u0131\u015f kanthi i\u00e7in ince bir kald\u0131rma sa\u011flayabilir.<\/li>\n\n\n\n<li><strong>Makyaj Teknikleri:<\/strong> Yetenekli makyaj uygulamas\u0131, g\u00f6zlerin alg\u0131lanan \u015feklini ve e\u011fimini etkili bir \u015fekilde de\u011fi\u015ftirebilir. D\u0131\u015f k\u00f6\u015fede yukar\u0131 do\u011fru bir fiske olu\u015fturmak i\u00e7in eyeliner ve g\u00f6z far\u0131 kullanmak gibi teknikler g\u00f6zleri g\u00f6rsel olarak kald\u0131rabilir.<\/li>\n<\/ul>\n\n\n\n<h3 class=\"wp-block-heading\"><span class=\"ez-toc-section\" id=\"Surgical_Options\"><\/span>Cerrahi Se\u00e7enekler<span class=\"ez-toc-section-end\"><\/span><\/h3>\n\n\n\n<ul class=\"wp-block-list\">\n<li><strong>Kantoplasti:<\/strong> Bu cerrahi prosed\u00fcr \u00f6zellikle lateral kantal tendonu hedef al\u0131r. G\u00f6z\u00fcn d\u0131\u015f k\u00f6\u015fesini y\u00fckseltmek i\u00e7in tendonun yeniden konumland\u0131r\u0131lmas\u0131n\u0131 ve s\u0131k\u0131la\u015ft\u0131r\u0131lmas\u0131n\u0131 i\u00e7erir, yukar\u0131 d\u00f6n\u00fck veya daha n\u00f6tr bir kantal e\u011fim olu\u015fturur.<\/li>\n\n\n\n<li><strong>Kantopeksi:<\/strong> Bu prosed\u00fcr kantoplastiye benzer ancak tipik olarak kanthal tendonun daha az kapsaml\u0131 manip\u00fclasyonunu i\u00e7erir. Alt g\u00f6z kapa\u011f\u0131n\u0131 stabilize etmeyi ve desteklemeyi ama\u00e7lar ve d\u0131\u015f kantusa hafif bir kald\u0131rma sa\u011flayabilir.<\/li>\n\n\n\n<li><strong>Blefaroplasti (G\u00f6z Kapa\u011f\u0131 Ameliyat\u0131):<\/strong> Blefaroplasti, \u00f6ncelikle \u00fcst ve alt g\u00f6z kapaklar\u0131ndaki fazla deri ve ya\u011f\u0131n al\u0131nmas\u0131na odaklan\u0131rken, bazen \u00e7evredeki b\u00f6lgelerdeki sarkma ve sark\u0131kl\u0131\u011f\u0131 ele alarak dolayl\u0131 olarak kanthal e\u011fimin g\u00f6r\u00fcn\u00fcm\u00fcn\u00fc iyile\u015ftirebilir.<\/li>\n<\/ul>\n\n\n\n<p>Kozmetik prosed\u00fcrleri d\u00fc\u015f\u00fcnen herkesin y\u00fcz esteti\u011fi konusunda uzmanla\u015fm\u0131\u015f, kurul sertifikal\u0131 ve deneyimli bir cerraha dan\u0131\u015fmas\u0131 \u00e7ok \u00f6nemlidir. Ki\u015finin hedef ve beklentilerinin tart\u0131\u015f\u0131lmas\u0131n\u0131 da i\u00e7eren kapsaml\u0131 bir de\u011ferlendirme, en uygun tedavi plan\u0131n\u0131 belirlemek i\u00e7in \u00e7ok \u00f6nemlidir.<\/p>\n\n\n\n<h2 class=\"wp-block-heading\"><span class=\"ez-toc-section\" id=\"The_Importance_of_Individuality_and_Facial_Harmony\"><\/span>Bireyselli\u011fin ve Y\u00fcz Uyumunun \u00d6nemi<span class=\"ez-toc-section-end\"><\/span><\/h2>\n\n\n\n<p>A\u015fa\u011f\u0131 do\u011fru kantal e\u011fimle ilgili \u00f6zellikleri ve potansiyel kozmetik m\u00fcdahaleleri anlamak de\u011ferli olsa da, bireysel g\u00fczelli\u011fin ve y\u00fcz uyumunun \u00f6nemini vurgulamak \u00e7ok \u00f6nemlidir. Y\u00fcz \u00f6zelliklerimizin benzersiz kombinasyonu bizi farkl\u0131 ve ilgin\u00e7 k\u0131lan \u015feydir.<\/p>\n\n\n\n<p>A\u015fa\u011f\u0131 do\u011fru kantal e\u011fim, g\u00f6z \u015feklindeki di\u011fer do\u011fal varyasyonlar gibi, g\u00fczel ve etkileyici bir \u00f6zellik olabilir. Tek tip bir ideal i\u00e7in \u00e7abalamak yerine, genel y\u00fcz dengesini korurken bireysel \u00f6zelliklerimizi takdir etmek ve geli\u015ftirmek birincil hedef olmal\u0131d\u0131r.<\/p>\n\n\n\n<h2 class=\"wp-block-heading\"><span class=\"ez-toc-section\" id=\"Conclusion_Embracing_the_Nuances_of_Ocular_Aesthetics\"><\/span>Sonu\u00e7: Ok\u00fcler Esteti\u011fin N\u00fcanslar\u0131n\u0131 Kucaklamak<span class=\"ez-toc-section-end\"><\/span><\/h2>\n\n\n\n<p>Kantal e\u011fim, \u00f6zellikle de a\u015fa\u011f\u0131 do\u011fru y\u00f6nelim, g\u00f6zlerin genel g\u00f6rsel etkisine \u00f6nemli \u00f6l\u00e7\u00fcde katk\u0131da bulunan y\u00fcz esteti\u011finin b\u00fcy\u00fcleyici bir y\u00f6n\u00fcd\u00fcr. \u00d6zelliklerini, onu etkileyen fakt\u00f6rleri ve onunla ili\u015fkili ortak \u00f6zellikleri anlamak, insan g\u00fczelli\u011finin n\u00fcanslar\u0131n\u0131n daha derin bir \u015fekilde takdir edilmesini sa\u011flar.<\/p>\n\n\n\n<p>Bir cerrah olarak, bireyleri anatomileri ve iyile\u015ftirme i\u00e7in mevcut se\u00e7enekler hakk\u0131nda bilgilendirerek g\u00fc\u00e7lendirmeye inan\u0131yorum. \u0130ster do\u011fal bir a\u015fa\u011f\u0131 do\u011fru kantal e\u011fime sahip olun, ister ya\u015fa ba\u011fl\u0131 de\u011fi\u015fiklikler fark etmi\u015f olun, bu \u00f6zelli\u011fi anlamak estetik hedefleriniz hakk\u0131nda bilin\u00e7li kararlar vermenize yard\u0131mc\u0131 olabilir.<\/p>\n\n\n\n<p>Nihayetinde, y\u00fcz esteti\u011finin en \u00f6nemli y\u00f6n\u00fc, kendi cildinizde kendinize g\u00fcvenmek ve rahat hissetmektir. G\u00f6zlerimizin benzersiz \u015fekli ve e\u011fimi de dahil olmak \u00fczere bireysel \u00f6zelliklerimizi kucaklamak, olumlu bir \u00f6z imaj geli\u015ftirmenin ve d\u00fcnyada var olan \u00e7e\u015fitli g\u00fczelli\u011fi takdir etmenin anahtar\u0131d\u0131r.<\/p>\n\n\n\n<p>A\u015fa\u011f\u0131 do\u011fru kantal tilt ile ilgili bu ara\u015ft\u0131rmada bana kat\u0131ld\u0131\u011f\u0131n\u0131z i\u00e7in te\u015fekk\u00fcr ederim.<\/p>\n\n\n\n<p>Ziyaret etmek&nbsp;<a href=\"https:\/\/www.instagram.com\/dr_mfo\/\" target=\"_blank\" rel=\"noreferrer noopener nofollow\">Dr.MFO Instagram profili<\/a>&nbsp;ger\u00e7ek hasta d\u00f6n\u00fc\u015f\u00fcmlerini g\u00f6rmek i\u00e7in! Y\u00fcz bak\u0131m\u0131yla elde edilen inan\u0131lmaz sonu\u00e7lara bir g\u00f6z at\u0131n&nbsp;<a href=\"https:\/\/www.dr-mfo.com\/tr\/ffs-yuz-feminizasyon-ameliyati\/\">feminizasyon ameliyat\u0131<\/a>&nbsp;ve di\u011fer prosed\u00fcrler. Profilde \u00f6ne \u00e7\u0131kan \u00f6ncesi ve sonras\u0131 foto\u011fraflar\u0131 sergileniyor&nbsp;<a href=\"https:\/\/www.dr-mfo.com\/tr\/drmfo\/\">Dr.MFO<\/a>&#039;nin do\u011fal g\u00f6r\u00fcn\u00fcml\u00fc, g\u00fczel sonu\u00e7lar yaratma konusundaki uzmanl\u0131\u011f\u0131 ve sanatsal vizyonu.<\/p>\n\n\n\n<p>Yolculu\u011funuzda bir sonraki ad\u0131m\u0131 atmaya haz\u0131r m\u0131s\u0131n\u0131z? Planlay\u0131n&nbsp;<a href=\"https:\/\/www.dr-mfo.com\/tr\/detayli-bilgi-al\/\">\u00fccretsiz dan\u0131\u015fmanl\u0131k<\/a>&nbsp;ile&nbsp;<a href=\"https:\/\/www.dr-mfo.com\/tr\/drmfo-kimdir\/\">Dr.MFO<\/a>&nbsp;(&nbsp;<a href=\"https:\/\/www.instagram.com\/dr_mfo\/\" rel=\"noreferrer noopener nofollow\" target=\"_blank\">En \u0130yi Y\u00fcz Feminizasyon Cerrah\u0131<\/a>&nbsp;Sizin i\u00e7in) bug\u00fcn. Dan\u0131\u015fmanl\u0131k s\u0131ras\u0131nda hedeflerinizi tart\u0131\u015fabilir, akl\u0131n\u0131za tak\u0131lan sorular\u0131 sorabilir ve nas\u0131l yapaca\u011f\u0131n\u0131z hakk\u0131nda daha fazla bilgi edinebilirsiniz.&nbsp;<a href=\"https:\/\/www.dr-mfo.com\/tr\/drmfo\/\">Dr.MFO<\/a>&nbsp;\u0130stedi\u011finiz g\u00f6r\u00fcn\u00fcme ula\u015fman\u0131za yard\u0131mc\u0131 olabilir. Se\u00e7eneklerinizi ke\u015ffetmek ve olup olmad\u0131\u011f\u0131n\u0131 g\u00f6rmek i\u00e7in bu \u00fccretsiz f\u0131rsattan yararlanmaktan \u00e7ekinmeyin.&nbsp;<a href=\"https:\/\/www.dr-mfo.com\/tr\/drmfo-kimdir\/\">Dr.MFO<\/a>&nbsp;sizin i\u00e7in do\u011fru se\u00e7imdir.<\/p>","protected":false},"excerpt":{"rendered":"<p>As a surgeon deeply involved in the intricacies of facial aesthetics, I&#8217;ve always been captivated by the subtle yet profound impact of the eyes on overall appearance. The eyes, often referred to as the windows to the soul, communicate a wealth of emotions and contribute significantly to our perception of beauty and character. Among the [&hellip;]<\/p>\n","protected":false},"author":2,"featured_media":11812,"comment_status":"closed","ping_status":"closed","sticky":false,"template":"","format":"standard","meta":{"_acf_changed":false,"footnotes":""},"categories":[169],"tags":[],"class_list":["post-11808","post","type-post","status-publish","format-standard","has-post-thumbnail","hentry","category-facial-feminization"],"acf":[],"_links":{"self":[{"href":"https:\/\/www.dr-mfo.com\/tr\/wp-json\/wp\/v2\/posts\/11808","targetHints":{"allow":["GET"]}}],"collection":[{"href":"https:\/\/www.dr-mfo.com\/tr\/wp-json\/wp\/v2\/posts"}],"about":[{"href":"https:\/\/www.dr-mfo.com\/tr\/wp-json\/wp\/v2\/types\/post"}],"author":[{"embeddable":true,"href":"https:\/\/www.dr-mfo.com\/tr\/wp-json\/wp\/v2\/users\/2"}],"replies":[{"embeddable":true,"href":"https:\/\/www.dr-mfo.com\/tr\/wp-json\/wp\/v2\/comments?post=11808"}],"version-history":[{"count":0,"href":"https:\/\/www.dr-mfo.com\/tr\/wp-json\/wp\/v2\/posts\/11808\/revisions"}],"wp:featuredmedia":[{"embeddable":true,"href":"https:\/\/www.dr-mfo.com\/tr\/wp-json\/wp\/v2\/media\/11812"}],"wp:attachment":[{"href":"https:\/\/www.dr-mfo.com\/tr\/wp-json\/wp\/v2\/media?parent=11808"}],"wp:term":[{"taxonomy":"category","embeddable":true,"href":"https:\/\/www.dr-mfo.com\/tr\/wp-json\/wp\/v2\/categories?post=11808"},{"taxonomy":"post_tag","embeddable":true,"href":"https:\/\/www.dr-mfo.com\/tr\/wp-json\/wp\/v2\/tags?post=11808"}],"curies":[{"name":"wp","href":"https:\/\/api.w.org\/{rel}","templated":true}]}}