{"id":12479,"date":"2025-05-13T14:49:29","date_gmt":"2025-05-13T13:49:29","guid":{"rendered":"https:\/\/www.dr-mfo.com\/?p=12479"},"modified":"2026-02-21T19:25:35","modified_gmt":"2026-02-21T19:25:35","slug":"ffs-sac-cizgisi-dusurme-danisma-sorulari-uk","status":"publish","type":"post","link":"https:\/\/www.dr-mfo.com\/tr\/ffs-hairline-lowering-consultation-questions-uk\/","title":{"rendered":"\u0130ngiltere Cerrah Dan\u0131\u015fman\u0131 i\u00e7in FFS Sa\u00e7 \u00c7izgisini Al\u00e7altma ile \u0130lgili \u00d6nemli Sorular"},"content":{"rendered":"<p>Yolculu\u011fun seyri <a href=\"https:\/\/www.dr-mfo.com\/tr\/ffs-facial-feminization-surgery\/\">y\u00fcz feminizasyonu<\/a> cerrahi (FFS), dikkatli de\u011ferlendirme, ara\u015ft\u0131rma ve en \u00f6nemlisi cerrahi ekibinizle bilgilendirilmi\u015f g\u00f6r\u00fc\u015fmelerle i\u015faretlenen \u00f6nemli bir giri\u015fimdir. <a href=\"https:\/\/www.dr-mfo.com\/tr\/\">Cerrah<\/a> FFS konusunda uzmanla\u015ft\u0131\u011f\u0131m i\u00e7in, bu prosed\u00fcrlerin bir bireyin hayat\u0131 ve benlik duygusu \u00fczerinde ne kadar derin bir etkisi olabilece\u011fini anl\u0131yorum. Amac\u0131m her zaman hastalar\u0131ma bilgi sa\u011flamak, her a\u015famada kendilerini g\u00fcvende ve haz\u0131r hissetmelerini sa\u011flamakt\u0131r. Bu kapsaml\u0131 rehber, FFS&#039;nin belirli ancak hayati bir bile\u015fenini ele almak i\u00e7in tasarlanm\u0131\u015ft\u0131r: sa\u00e7 \u00e7izgisinin d\u00fc\u015f\u00fcr\u00fclmesi ve Birle\u015fik Krall\u0131k&#039;ta olas\u0131 bir hasta olarak ilk kons\u00fcltasyonunuz s\u0131ras\u0131nda sormaya haz\u0131r olman\u0131z gereken temel sorular.<\/p>\n\n\n\n<p>Bir kons\u00fcltasyon, k\u0131sa bir sohbetten \u00e7ok daha fazlas\u0131d\u0131r; ba\u015far\u0131l\u0131 bir cerrahi sonucun temel ta\u015f\u0131d\u0131r. Hedeflerinizi ifade etme, endi\u015felerinizi dile getirme ve sa\u00e7 \u00e7izgisinin d\u00fc\u015f\u00fcr\u00fclmesi de dahil olmak \u00fczere \u00f6nerilen prosed\u00fcrler hakk\u0131nda derin bir anlay\u0131\u015f kazanma f\u0131rsat\u0131n\u0131zd\u0131r. Bunu, cerrah ve hasta olarak ortak bir vizyon ve bunu ba\u015farmak i\u00e7in ger\u00e7ek\u00e7i bir plan olu\u015fturdu\u011fumuz i\u015fbirlik\u00e7i bir seans olarak d\u00fc\u015f\u00fcn\u00fcn. Bu ayr\u0131nt\u0131l\u0131 ke\u015fif, anlaml\u0131 bir diyalo\u011fa girmek i\u00e7in gerekli t\u0131bbi ve teknik kelime da\u011farc\u0131\u011f\u0131n\u0131 size sa\u011flarken, ayn\u0131 zamanda karma\u015f\u0131k kavramlar\u0131n gizemini ortadan kald\u0131racak basit a\u00e7\u0131klamalar da sa\u011flayacakt\u0131r.<\/p>\n\n\n\n<figure class=\"wp-block-image size-large\"><img fetchpriority=\"high\" decoding=\"async\" width=\"1024\" height=\"559\" src=\"https:\/\/www.dr-mfo.com\/wp-content\/uploads\/2025\/05\/image-45-1024x559.png\" alt=\"\" class=\"wp-image-12481\" srcset=\"https:\/\/www.dr-mfo.com\/wp-content\/uploads\/2025\/05\/image-45-1024x559.png 1024w, https:\/\/www.dr-mfo.com\/wp-content\/uploads\/2025\/05\/image-45-300x164.png 300w, https:\/\/www.dr-mfo.com\/wp-content\/uploads\/2025\/05\/image-45-768x419.png 768w, https:\/\/www.dr-mfo.com\/wp-content\/uploads\/2025\/05\/image-45-18x10.png 18w, https:\/\/www.dr-mfo.com\/wp-content\/uploads\/2025\/05\/image-45.png 1408w\" sizes=\"(max-width: 1024px) 100vw, 1024px\" \/><\/figure>\n\n\n\n<div id=\"ez-toc-container\" class=\"ez-toc-v2_0_82_2 counter-hierarchy ez-toc-counter ez-toc-transparent ez-toc-container-direction\">\n<div class=\"ez-toc-title-container\">\n<p class=\"ez-toc-title\" style=\"cursor:inherit\">\u0130\u00e7indekiler<\/p>\n<span class=\"ez-toc-title-toggle\"><\/span><\/div>\n<nav><ul class='ez-toc-list ez-toc-list-level-1' ><li class='ez-toc-page-1 ez-toc-heading-level-1'><a class=\"ez-toc-link ez-toc-heading-1\" href=\"https:\/\/www.dr-mfo.com\/tr\/ffs-hairline-lowering-consultation-questions-uk\/#Understanding_Hairline_Lowering_in_FFS\" >FFS&#039;de Sa\u00e7 \u00c7izgisinin D\u00fc\u015fmesini Anlamak<\/a><ul class='ez-toc-list-level-3' ><li class='ez-toc-heading-level-3'><ul class='ez-toc-list-level-3' ><li class='ez-toc-heading-level-3'><a class=\"ez-toc-link ez-toc-heading-2\" href=\"https:\/\/www.dr-mfo.com\/tr\/ffs-hairline-lowering-consultation-questions-uk\/#Why_is_Hairline_Lowering_Considered_in_FFS\" >FFS&#039;de Sa\u00e7 \u00c7izgisinin Al\u00e7alt\u0131lmas\u0131 Neden D\u00fc\u015f\u00fcn\u00fcl\u00fcr?<\/a><\/li><\/ul><\/li><\/ul><\/li><li class='ez-toc-page-1 ez-toc-heading-level-1'><a class=\"ez-toc-link ez-toc-heading-3\" href=\"https:\/\/www.dr-mfo.com\/tr\/ffs-hairline-lowering-consultation-questions-uk\/#The_Initial_FFS_Consultation_Setting_the_Stage\" >\u0130lk FFS Dan\u0131\u015fmanl\u0131\u011f\u0131: Sahneyi Haz\u0131rlamak<\/a><\/li><li class='ez-toc-page-1 ez-toc-heading-level-1'><a class=\"ez-toc-link ez-toc-heading-4\" href=\"https:\/\/www.dr-mfo.com\/tr\/ffs-hairline-lowering-consultation-questions-uk\/#Crucial_Questions_to_Ask_Your_Surgeon_About_Hairline_Lowering\" >Cerrah\u0131n\u0131za Sa\u00e7 \u00c7izgisini Al\u00e7altma Hakk\u0131nda Sorman\u0131z Gereken \u00d6nemli Sorular<\/a><ul class='ez-toc-list-level-2' ><li class='ez-toc-heading-level-2'><a class=\"ez-toc-link ez-toc-heading-5\" href=\"https:\/\/www.dr-mfo.com\/tr\/ffs-hairline-lowering-consultation-questions-uk\/#Am_I_a_suitable_candidate_for_hairline_lowering\" >Sa\u00e7 \u00e7izgisinin d\u00fc\u015f\u00fcr\u00fclmesi i\u00e7in uygun bir aday m\u0131y\u0131m?<\/a><ul class='ez-toc-list-level-3' ><li class='ez-toc-heading-level-3'><a class=\"ez-toc-link ez-toc-heading-6\" href=\"https:\/\/www.dr-mfo.com\/tr\/ffs-hairline-lowering-consultation-questions-uk\/#Anatomical_Considerations\" >Anatomik Hususlar:<\/a><\/li><li class='ez-toc-page-1 ez-toc-heading-level-3'><a class=\"ez-toc-link ez-toc-heading-7\" href=\"https:\/\/www.dr-mfo.com\/tr\/ffs-hairline-lowering-consultation-questions-uk\/#Physiological_Considerations\" >Fizyolojik Hususlar:<\/a><\/li><\/ul><\/li><li class='ez-toc-page-1 ez-toc-heading-level-2'><a class=\"ez-toc-link ez-toc-heading-8\" href=\"https:\/\/www.dr-mfo.com\/tr\/ffs-hairline-lowering-consultation-questions-uk\/#What_specific_technique_will_you_use_for_my_hairline_lowering\" >Sa\u00e7 \u00e7izgimi a\u015fa\u011f\u0131 indirmek i\u00e7in hangi \u00f6zel tekni\u011fi kullanacaks\u0131n\u0131z?<\/a><ul class='ez-toc-list-level-3' ><li class='ez-toc-heading-level-3'><a class=\"ez-toc-link ez-toc-heading-9\" href=\"https:\/\/www.dr-mfo.com\/tr\/ffs-hairline-lowering-consultation-questions-uk\/#The_Pretrichial_Incision\" >Pretrikial Kesi:<\/a><\/li><li class='ez-toc-page-1 ez-toc-heading-level-3'><a class=\"ez-toc-link ez-toc-heading-10\" href=\"https:\/\/www.dr-mfo.com\/tr\/ffs-hairline-lowering-consultation-questions-uk\/#Variations_and_Considerations\" >Varyasyonlar ve Dikkat Edilmesi Gerekenler:<\/a><\/li><\/ul><\/li><li class='ez-toc-page-1 ez-toc-heading-level-2'><a class=\"ez-toc-link ez-toc-heading-11\" href=\"https:\/\/www.dr-mfo.com\/tr\/ffs-hairline-lowering-consultation-questions-uk\/#Where_will_the_scar_be_located_and_how_will_it_be_managed\" >Yara izi nerede olacak ve nas\u0131l y\u00f6netilecek?<\/a><ul class='ez-toc-list-level-3' ><li class='ez-toc-heading-level-3'><a class=\"ez-toc-link ez-toc-heading-12\" href=\"https:\/\/www.dr-mfo.com\/tr\/ffs-hairline-lowering-consultation-questions-uk\/#Scar_Location_and_Appearance\" >Yara \u0130zi Yeri ve G\u00f6r\u00fcn\u00fcm\u00fc:<\/a><\/li><li class='ez-toc-page-1 ez-toc-heading-level-3'><a class=\"ez-toc-link ez-toc-heading-13\" href=\"https:\/\/www.dr-mfo.com\/tr\/ffs-hairline-lowering-consultation-questions-uk\/#Scar_Management\" >Skar Y\u00f6netimi:<\/a><\/li><\/ul><\/li><li class='ez-toc-page-1 ez-toc-heading-level-2'><a class=\"ez-toc-link ez-toc-heading-14\" href=\"https:\/\/www.dr-mfo.com\/tr\/ffs-hairline-lowering-consultation-questions-uk\/#How_much_can_my_hairline_be_lowered\" >Sa\u00e7 \u00e7izgim ne kadar a\u015fa\u011f\u0131ya indirilebilir?<\/a><\/li><li class='ez-toc-page-1 ez-toc-heading-level-2'><a class=\"ez-toc-link ez-toc-heading-15\" href=\"https:\/\/www.dr-mfo.com\/tr\/ffs-hairline-lowering-consultation-questions-uk\/#Will_this_procedure_affect_future_hair_growth\" >Bu i\u015flem ilerideki sa\u00e7 uzamas\u0131n\u0131 etkiler mi?<\/a><ul class='ez-toc-list-level-3' ><li class='ez-toc-heading-level-3'><a class=\"ez-toc-link ez-toc-heading-16\" href=\"https:\/\/www.dr-mfo.com\/tr\/ffs-hairline-lowering-consultation-questions-uk\/#Potential_Impacts_on_Hair_Growth\" >Sa\u00e7 Uzamas\u0131 \u00dczerindeki Potansiyel Etkiler:<\/a><\/li><li class='ez-toc-page-1 ez-toc-heading-level-3'><a class=\"ez-toc-link ez-toc-heading-17\" href=\"https:\/\/www.dr-mfo.com\/tr\/ffs-hairline-lowering-consultation-questions-uk\/#Mitigating_Factors\" >Hafifletici Fakt\u00f6rler:<\/a><\/li><\/ul><\/li><li class='ez-toc-page-1 ez-toc-heading-level-2'><a class=\"ez-toc-link ez-toc-heading-18\" href=\"https:\/\/www.dr-mfo.com\/tr\/ffs-hairline-lowering-consultation-questions-uk\/#What_are_the_potential_risks_and_complications_associated_with_hairline_lowering\" >Sa\u00e7 \u00e7izgisinin d\u00fc\u015f\u00fcr\u00fclmesiyle ili\u015fkili potansiyel riskler ve komplikasyonlar nelerdir?<\/a><ul class='ez-toc-list-level-3' ><li class='ez-toc-heading-level-3'><a class=\"ez-toc-link ez-toc-heading-19\" href=\"https:\/\/www.dr-mfo.com\/tr\/ffs-hairline-lowering-consultation-questions-uk\/#Potential_Risks_and_Complications\" >Potansiyel Riskler ve Komplikasyonlar:<\/a><\/li><\/ul><\/li><li class='ez-toc-page-1 ez-toc-heading-level-2'><a class=\"ez-toc-link ez-toc-heading-20\" href=\"https:\/\/www.dr-mfo.com\/tr\/ffs-hairline-lowering-consultation-questions-uk\/#How_do_you_minimise_these_risks\" >Bu riskleri nas\u0131l en aza indirirsiniz?<\/a><ul class='ez-toc-list-level-3' ><li class='ez-toc-heading-level-3'><a class=\"ez-toc-link ez-toc-heading-21\" href=\"https:\/\/www.dr-mfo.com\/tr\/ffs-hairline-lowering-consultation-questions-uk\/#Risk_Mitigation_Strategies\" >Risk Azaltma Stratejileri:<\/a><\/li><\/ul><\/li><li class='ez-toc-page-1 ez-toc-heading-level-2'><a class=\"ez-toc-link ez-toc-heading-22\" href=\"https:\/\/www.dr-mfo.com\/tr\/ffs-hairline-lowering-consultation-questions-uk\/#What_is_your_experience_with_hairline_lowering_surgery\" >Sa\u00e7 \u00e7izgisi d\u00fc\u015f\u00fcrme ameliyat\u0131 ile ilgili deneyiminiz nedir?<\/a><ul class='ez-toc-list-level-3' ><li class='ez-toc-heading-level-3'><a class=\"ez-toc-link ez-toc-heading-23\" href=\"https:\/\/www.dr-mfo.com\/tr\/ffs-hairline-lowering-consultation-questions-uk\/#Assessing_Your_Surgeons_Experience\" >Cerrah\u0131n\u0131z\u0131n Deneyimini De\u011ferlendirme:<\/a><\/li><\/ul><\/li><li class='ez-toc-page-1 ez-toc-heading-level-2'><a class=\"ez-toc-link ez-toc-heading-24\" href=\"https:\/\/www.dr-mfo.com\/tr\/ffs-hairline-lowering-consultation-questions-uk\/#What_happens_on_the_day_of_surgery\" >Ameliyat g\u00fcn\u00fc neler ya\u015fan\u0131r?<\/a><ul class='ez-toc-list-level-3' ><li class='ez-toc-heading-level-3'><a class=\"ez-toc-link ez-toc-heading-25\" href=\"https:\/\/www.dr-mfo.com\/tr\/ffs-hairline-lowering-consultation-questions-uk\/#The_Surgical_Day_Process\" >Ameliyat G\u00fcn\u00fc S\u00fcreci:<\/a><\/li><\/ul><\/li><li class='ez-toc-page-1 ez-toc-heading-level-2'><a class=\"ez-toc-link ez-toc-heading-26\" href=\"https:\/\/www.dr-mfo.com\/tr\/ffs-hairline-lowering-consultation-questions-uk\/#What_is_the_recovery_like_after_hairline_lowering\" >Sa\u00e7 \u00e7izgisi d\u00fc\u015f\u00fcrme ameliyat\u0131 sonras\u0131 iyile\u015fme s\u00fcreci nas\u0131ld\u0131r?<\/a><ul class='ez-toc-list-level-3' ><li class='ez-toc-heading-level-3'><a class=\"ez-toc-link ez-toc-heading-27\" href=\"https:\/\/www.dr-mfo.com\/tr\/ffs-hairline-lowering-consultation-questions-uk\/#Immediate_Post-operative_Period_First_few_days_to_a_week\" >Ameliyattan Hemen Sonraki D\u00f6nem (\u0130lk birka\u00e7 g\u00fcn ile bir hafta aras\u0131):<\/a><\/li><li class='ez-toc-page-1 ez-toc-heading-level-3'><a class=\"ez-toc-link ez-toc-heading-28\" href=\"https:\/\/www.dr-mfo.com\/tr\/ffs-hairline-lowering-consultation-questions-uk\/#Early_Recovery_1_to_3_weeks\" >Erken \u0130yile\u015fme (1 ila 3 hafta):<\/a><\/li><li class='ez-toc-page-1 ez-toc-heading-level-3'><a class=\"ez-toc-link ez-toc-heading-29\" href=\"https:\/\/www.dr-mfo.com\/tr\/ffs-hairline-lowering-consultation-questions-uk\/#Mid-Term_Recovery_1_to_3_months\" >Orta Vadeli Kurtarma (1 ila 3 ay):<\/a><\/li><li class='ez-toc-page-1 ez-toc-heading-level-3'><a class=\"ez-toc-link ez-toc-heading-30\" href=\"https:\/\/www.dr-mfo.com\/tr\/ffs-hairline-lowering-consultation-questions-uk\/#Long-Term_Recovery_3_months_and_beyond\" >Uzun Vadeli \u0130yile\u015fme (3 ay ve \u00fczeri):<\/a><\/li><\/ul><\/li><li class='ez-toc-page-1 ez-toc-heading-level-2'><a class=\"ez-toc-link ez-toc-heading-31\" href=\"https:\/\/www.dr-mfo.com\/tr\/ffs-hairline-lowering-consultation-questions-uk\/#When_can_I_return_to_work_and_normal_activities\" >Ne zaman i\u015fe ve normal aktivitelerime d\u00f6nebilirim?<\/a><ul class='ez-toc-list-level-3' ><li class='ez-toc-heading-level-3'><a class=\"ez-toc-link ez-toc-heading-32\" href=\"https:\/\/www.dr-mfo.com\/tr\/ffs-hairline-lowering-consultation-questions-uk\/#General_Guidelines\" >Genel Kurallar:<\/a><\/li><\/ul><\/li><li class='ez-toc-page-1 ez-toc-heading-level-2'><a class=\"ez-toc-link ez-toc-heading-33\" href=\"https:\/\/www.dr-mfo.com\/tr\/ffs-hairline-lowering-consultation-questions-uk\/#How_do_I_care_for_the_incision_site_during_recovery\" >\u0130yile\u015fme d\u00f6neminde kesi yerinin bak\u0131m\u0131n\u0131 nas\u0131l yapmal\u0131y\u0131m?<\/a><ul class='ez-toc-list-level-3' ><li class='ez-toc-heading-level-3'><a class=\"ez-toc-link ez-toc-heading-34\" href=\"https:\/\/www.dr-mfo.com\/tr\/ffs-hairline-lowering-consultation-questions-uk\/#Incision_Care_Instructions\" >Kesi Bak\u0131m Talimatlar\u0131:<\/a><\/li><\/ul><\/li><li class='ez-toc-page-1 ez-toc-heading-level-2'><a class=\"ez-toc-link ez-toc-heading-35\" href=\"https:\/\/www.dr-mfo.com\/tr\/ffs-hairline-lowering-consultation-questions-uk\/#When_will_I_see_the_final_results_of_the_hairline_lowering\" >Sa\u00e7 \u00e7izgisinin a\u015fa\u011f\u0131 indirilmesinin nihai sonu\u00e7lar\u0131n\u0131 ne zaman g\u00f6rebilirim?<\/a><ul class='ez-toc-list-level-3' ><li class='ez-toc-heading-level-3'><a class=\"ez-toc-link ez-toc-heading-36\" href=\"https:\/\/www.dr-mfo.com\/tr\/ffs-hairline-lowering-consultation-questions-uk\/#Timeline_for_Seeing_Results\" >Sonu\u00e7lar\u0131 G\u00f6rmek \u0130\u00e7in Zaman \u00c7izelgesi:<\/a><\/li><\/ul><\/li><li class='ez-toc-page-1 ez-toc-heading-level-2'><a class=\"ez-toc-link ez-toc-heading-37\" href=\"https:\/\/www.dr-mfo.com\/tr\/ffs-hairline-lowering-consultation-questions-uk\/#What_results_can_I_realistically_expect_from_hairline_lowering\" >Sa\u00e7 \u00e7izgisinin a\u015fa\u011f\u0131 indirilmesinden ger\u00e7ek\u00e7i olarak hangi sonu\u00e7lar\u0131 bekleyebilirim?<\/a><ul class='ez-toc-list-level-3' ><li class='ez-toc-heading-level-3'><a class=\"ez-toc-link ez-toc-heading-38\" href=\"https:\/\/www.dr-mfo.com\/tr\/ffs-hairline-lowering-consultation-questions-uk\/#Realistic_Expectations\" >Ger\u00e7ek\u00e7i Beklentiler:<\/a><\/li><\/ul><\/li><li class='ez-toc-page-1 ez-toc-heading-level-2'><a class=\"ez-toc-link ez-toc-heading-39\" href=\"https:\/\/www.dr-mfo.com\/tr\/ffs-hairline-lowering-consultation-questions-uk\/#Will_I_need_any_follow-up_procedures_after_hairline_lowering\" >Sa\u00e7 \u00e7izgisi d\u00fc\u015f\u00fcrme i\u015fleminden sonra herhangi bir ek i\u015fleme ihtiyac\u0131m olacak m\u0131?<\/a><ul class='ez-toc-list-level-3' ><li class='ez-toc-heading-level-3'><a class=\"ez-toc-link ez-toc-heading-40\" href=\"https:\/\/www.dr-mfo.com\/tr\/ffs-hairline-lowering-consultation-questions-uk\/#Potential_Follow-up_Procedures\" >Olas\u0131 Takip Prosed\u00fcrleri:<\/a><\/li><\/ul><\/li><li class='ez-toc-page-1 ez-toc-heading-level-2'><a class=\"ez-toc-link ez-toc-heading-41\" href=\"https:\/\/www.dr-mfo.com\/tr\/ffs-hairline-lowering-consultation-questions-uk\/#Can_I_see_before_and_after_photos_of_your_previous_hairline_lowering_patients\" >Daha \u00f6nce sa\u00e7 \u00e7izgisi d\u00fc\u015f\u00fcrme operasyonu ge\u00e7iren hastalar\u0131n\u0131z\u0131n \u00f6ncesi ve sonras\u0131 foto\u011fraflar\u0131n\u0131 g\u00f6rebilir miyim?<\/a><ul class='ez-toc-list-level-3' ><li class='ez-toc-heading-level-3'><a class=\"ez-toc-link ez-toc-heading-42\" href=\"https:\/\/www.dr-mfo.com\/tr\/ffs-hairline-lowering-consultation-questions-uk\/#What_to_Look_for_in_Before_and_After_Photos\" >\u00d6ncesi ve Sonras\u0131 Foto\u011fraflar\u0131nda Nelere Dikkat Edilmeli:<\/a><\/li><\/ul><\/li><li class='ez-toc-page-1 ez-toc-heading-level-2'><a class=\"ez-toc-link ez-toc-heading-43\" href=\"https:\/\/www.dr-mfo.com\/tr\/ffs-hairline-lowering-consultation-questions-uk\/#What_is_the_total_cost_of_the_hairline_lowering_surgery\" >Sa\u00e7 \u00e7izgisi d\u00fc\u015f\u00fcrme ameliyat\u0131n\u0131n toplam maliyeti nedir?<\/a><ul class='ez-toc-list-level-3' ><li class='ez-toc-heading-level-3'><a class=\"ez-toc-link ez-toc-heading-44\" href=\"https:\/\/www.dr-mfo.com\/tr\/ffs-hairline-lowering-consultation-questions-uk\/#Factors_Influencing_Cost\" >Maliyeti Etkileyen Fakt\u00f6rler:<\/a><\/li><\/ul><\/li><li class='ez-toc-page-1 ez-toc-heading-level-2'><a class=\"ez-toc-link ez-toc-heading-45\" href=\"https:\/\/www.dr-mfo.com\/tr\/ffs-hairline-lowering-consultation-questions-uk\/#What_is_included_in_the_surgical_fee\" >Ameliyat \u00fccretine neler dahildir?<\/a><ul class='ez-toc-list-level-3' ><li class='ez-toc-heading-level-3'><a class=\"ez-toc-link ez-toc-heading-46\" href=\"https:\/\/www.dr-mfo.com\/tr\/ffs-hairline-lowering-consultation-questions-uk\/#Typical_Inclusions\" >Tipik Kapsamalar:<\/a><\/li><li class='ez-toc-page-1 ez-toc-heading-level-3'><a class=\"ez-toc-link ez-toc-heading-47\" href=\"https:\/\/www.dr-mfo.com\/tr\/ffs-hairline-lowering-consultation-questions-uk\/#Potential_Exclusions\" >Olas\u0131 \u0130stisnalar:<\/a><\/li><\/ul><\/li><li class='ez-toc-page-1 ez-toc-heading-level-2'><a class=\"ez-toc-link ez-toc-heading-48\" href=\"https:\/\/www.dr-mfo.com\/tr\/ffs-hairline-lowering-consultation-questions-uk\/#What_is_your_policy_on_revisions_or_touch-up_procedures\" >Revizyon veya r\u00f6tu\u015f prosed\u00fcrlerine ili\u015fkin politikan\u0131z nedir?<\/a><ul class='ez-toc-list-level-3' ><li class='ez-toc-heading-level-3'><a class=\"ez-toc-link ez-toc-heading-49\" href=\"https:\/\/www.dr-mfo.com\/tr\/ffs-hairline-lowering-consultation-questions-uk\/#Revision_Policy_Considerations\" >Revizyon Politikas\u0131 Hususlar\u0131:<\/a><\/li><\/ul><\/li><li class='ez-toc-page-1 ez-toc-heading-level-2'><a class=\"ez-toc-link ez-toc-heading-50\" href=\"https:\/\/www.dr-mfo.com\/tr\/ffs-hairline-lowering-consultation-questions-uk\/#What_is_your_cancellation_or_rescheduling_policy\" >\u0130ptal veya yeniden planlama politikan\u0131z nedir?<\/a><ul class='ez-toc-list-level-3' ><li class='ez-toc-heading-level-3'><a class=\"ez-toc-link ez-toc-heading-51\" href=\"https:\/\/www.dr-mfo.com\/tr\/ffs-hairline-lowering-consultation-questions-uk\/#Policy_Details\" >Politika Detaylar\u0131:<\/a><\/li><\/ul><\/li><\/ul><\/li><li class='ez-toc-page-1 ez-toc-heading-level-1'><a class=\"ez-toc-link ez-toc-heading-52\" href=\"https:\/\/www.dr-mfo.com\/tr\/ffs-hairline-lowering-consultation-questions-uk\/#Beyond_the_Consultation_Making_a_Decision_and_Preparing_for_Surgery\" >Dan\u0131\u015fmanl\u0131\u011f\u0131n \u00d6tesinde: Karar Verme ve Ameliyata Haz\u0131rlanma<\/a><ul class='ez-toc-list-level-3' ><li class='ez-toc-heading-level-3'><ul class='ez-toc-list-level-3' ><li class='ez-toc-heading-level-3'><a class=\"ez-toc-link ez-toc-heading-53\" href=\"https:\/\/www.dr-mfo.com\/tr\/ffs-hairline-lowering-consultation-questions-uk\/#Making_Your_Decision\" >Karar\u0131n\u0131z\u0131 Vermek:<\/a><\/li><li class='ez-toc-page-1 ez-toc-heading-level-3'><a class=\"ez-toc-link ez-toc-heading-54\" href=\"https:\/\/www.dr-mfo.com\/tr\/ffs-hairline-lowering-consultation-questions-uk\/#Preparing_for_Surgery\" >Ameliyata Haz\u0131rl\u0131k:<\/a><\/li><\/ul><\/li><\/ul><\/li><li class='ez-toc-page-1 ez-toc-heading-level-1'><a class=\"ez-toc-link ez-toc-heading-55\" href=\"https:\/\/www.dr-mfo.com\/tr\/ffs-hairline-lowering-consultation-questions-uk\/#Conclusion\" >\u00c7\u00f6z\u00fcm<\/a><\/li><\/ul><\/nav><\/div>\n<h1 class=\"wp-block-heading\"><span class=\"ez-toc-section\" id=\"Understanding_Hairline_Lowering_in_FFS\"><\/span>FFS&#039;de Sa\u00e7 \u00c7izgisinin D\u00fc\u015fmesini Anlamak<span class=\"ez-toc-section-end\"><\/span><\/h1>\n\n\n\n<p>Sa\u00e7 \u00e7izgisinin al\u00e7alt\u0131lmas\u0131, t\u0131bbi olarak pretrikial olarak adland\u0131r\u0131l\u0131r <a href=\"https:\/\/www.dr-mfo.com\/tr\/forehead-reduction-hairline-advancement\/\">al\u0131n k\u00fc\u00e7\u00fcltme<\/a> veya kafa derisi ilerletme, aln\u0131n dikey y\u00fcksekli\u011fini azaltmay\u0131 ama\u00e7layan cerrahi bir i\u015flemdir. Bu, kafa derisinin cerrahi olarak \u00f6ne ilerletilmesiyle elde edilir, sa\u00e7 \u00e7izgisi etkili bir \u015fekilde daha estetik ve genellikle daha feminen bir konuma d\u00fc\u015f\u00fcr\u00fcl\u00fcr.<\/p>\n\n\n\n<h3 class=\"wp-block-heading\"><span class=\"ez-toc-section\" id=\"Why_is_Hairline_Lowering_Considered_in_FFS\"><\/span>FFS&#039;de Sa\u00e7 \u00c7izgisinin Al\u00e7alt\u0131lmas\u0131 Neden D\u00fc\u015f\u00fcn\u00fcl\u00fcr?<span class=\"ez-toc-section-end\"><\/span><\/h3>\n\n\n\n<p>Y\u00fcz feminizasyon ameliyat\u0131 (FFS) ba\u011flam\u0131nda, daha y\u00fcksek veya geleneksel olarak daha erkeksi bir sa\u00e7 \u00e7izgisi, daha b\u00fcy\u00fck g\u00f6r\u00fcnen bir al\u0131na katk\u0131da bulunabilir ve bu da erkeksi bir \u00f6zellik olarak alg\u0131lanabilir. Sa\u00e7 \u00e7izgisini a\u015fa\u011f\u0131 indirerek, daha k\u0131sa, daha yuvarlak bir al\u0131n olu\u015fturmay\u0131 ve b\u00f6ylece genel y\u00fcz uyumuna ve daha kad\u0131ns\u0131 bir esteti\u011fe katk\u0131da bulunmay\u0131 ama\u00e7l\u0131yoruz. Bu i\u015flem genellikle di\u011fer FFS prosed\u00fcrleriyle birlikte yap\u0131l\u0131r, \u00f6rne\u011fin... <a href=\"https:\/\/www.dr-mfo.com\/tr\/forehead-contouring\/\">al\u0131n \u015fekillendirme<\/a> (ka\u015f kemi\u011fi k\u00fc\u00e7\u00fcltme), ka\u015f kald\u0131rma ve <a href=\"https:\/\/www.dr-mfo.com\/tr\/nose-job-rhinoplasty\/\">burun esteti\u011fi<\/a>, \u00fcst y\u00fcze kapsaml\u0131 bir \u015fekilde hitap etmek.<\/p>\n\n\n\n<p>Sa\u00e7 \u00e7izgisi al\u00e7altmay\u0131 FFS plan\u0131n\u0131za dahil etme karar\u0131, mevcut sa\u00e7 \u00e7izgisi konumunuz, aln\u0131n\u0131z\u0131n y\u00fcksekli\u011fi, sa\u00e7 derisi gev\u015fekli\u011fi (kafa derisi dokular\u0131n\u0131z\u0131n esnekli\u011fi ve gerginli\u011fi) ve ki\u015fisel estetik hedefleriniz dahil olmak \u00fczere \u00e7e\u015fitli fakt\u00f6rlere ba\u011fl\u0131d\u0131r. Kons\u00fcltasyonunuz s\u0131ras\u0131nda, sa\u00e7 \u00e7izgisi al\u00e7altman\u0131n sizin i\u00e7in en uygun yakla\u015f\u0131m olup olmad\u0131\u011f\u0131n\u0131 belirlemek i\u00e7in bu fakt\u00f6rleri dikkatlice de\u011ferlendirece\u011fiz.<\/p>\n\n\n\n<h1 class=\"wp-block-heading\"><span class=\"ez-toc-section\" id=\"The_Initial_FFS_Consultation_Setting_the_Stage\"><\/span>\u0130lk FFS Dan\u0131\u015fmanl\u0131\u011f\u0131: Sahneyi Haz\u0131rlamak<span class=\"ez-toc-section-end\"><\/span><\/h1>\n\n\n\n<p>\u0130lk kons\u00fcltasyonunuz kritik bir ilk ad\u0131md\u0131r. T\u0131bbi ge\u00e7mi\u015finizi tart\u0131\u015fmak, FFS&#039;yi takip etme motivasyonlar\u0131n\u0131z\u0131 anlamak ve kapsaml\u0131 bir fiziksel muayene yapmak i\u00e7in ayr\u0131lm\u0131\u015f bir zamand\u0131r. \u00d6zellikle sa\u00e7 \u00e7izgisinin al\u00e7alt\u0131lmas\u0131 i\u00e7in, sa\u00e7 \u00e7izginizin \u015feklini ve konumunu de\u011ferlendirece\u011fim, sa\u00e7 derinizin elastikiyetini de\u011ferlendirece\u011fim ve istedi\u011finiz sonucu tart\u0131\u015faca\u011f\u0131m.<\/p>\n\n\n\n<p>Bu dan\u0131\u015fmanl\u0131k iki y\u00f6nl\u00fc bir yoldur. Uzman de\u011ferlendirmesi ve \u00f6nerilerde bulunaca\u011f\u0131m, ancak sizin de sorularla haz\u0131rl\u0131kl\u0131 gelmeniz e\u015fit derecede \u00f6nemlidir. Sordu\u011funuz sorular kat\u0131l\u0131m\u0131n\u0131z\u0131 g\u00f6sterecek ve t\u00fcm endi\u015felerinizin ele al\u0131nmas\u0131n\u0131 sa\u011flayacakt\u0131r. Ayr\u0131ca deneyimimi ve yakla\u015f\u0131m\u0131m\u0131 \u00f6l\u00e7menize yard\u0131mc\u0131 olacaklar<\/p>\n\n\n\n<figure class=\"wp-block-image size-large\"><img decoding=\"async\" width=\"1024\" height=\"559\" src=\"https:\/\/www.dr-mfo.com\/wp-content\/uploads\/2025\/05\/image-46-1024x559.png\" alt=\"\" class=\"wp-image-12482\" srcset=\"https:\/\/www.dr-mfo.com\/wp-content\/uploads\/2025\/05\/image-46-1024x559.png 1024w, https:\/\/www.dr-mfo.com\/wp-content\/uploads\/2025\/05\/image-46-300x164.png 300w, https:\/\/www.dr-mfo.com\/wp-content\/uploads\/2025\/05\/image-46-768x419.png 768w, https:\/\/www.dr-mfo.com\/wp-content\/uploads\/2025\/05\/image-46-18x10.png 18w, https:\/\/www.dr-mfo.com\/wp-content\/uploads\/2025\/05\/image-46.png 1408w\" sizes=\"(max-width: 1024px) 100vw, 1024px\" \/><\/figure>\n\n\n\n<h1 class=\"wp-block-heading\"><span class=\"ez-toc-section\" id=\"Crucial_Questions_to_Ask_Your_Surgeon_About_Hairline_Lowering\"><\/span>Cerrah\u0131n\u0131za Sa\u00e7 \u00c7izgisini Al\u00e7altma Hakk\u0131nda Sorman\u0131z Gereken \u00d6nemli Sorular<span class=\"ez-toc-section-end\"><\/span><\/h1>\n\n\n\n<p>\u0130\u015fte ilk FFS (Y\u00fcz Feminizasyon Ameliyat\u0131) g\u00f6r\u00fc\u015fmeniz s\u0131ras\u0131nda sa\u00e7 \u00e7izgisini d\u00fc\u015f\u00fcrme konusunda sorman\u0131z gereken en \u00f6nemli sorulardan baz\u0131lar\u0131. Her bir soruyu ayr\u0131nt\u0131l\u0131 olarak ele alacak, t\u0131bbi ba\u011flam\u0131 a\u00e7\u0131klayacak ve cerrah\u0131n\u0131z olarak benden ne beklemeniz gerekti\u011fini anlataca\u011f\u0131m.<\/p>\n\n\n\n<h2 class=\"wp-block-heading\"><span class=\"ez-toc-section\" id=\"Am_I_a_suitable_candidate_for_hairline_lowering\"><\/span>Sa\u00e7 \u00e7izgisinin d\u00fc\u015f\u00fcr\u00fclmesi i\u00e7in uygun bir aday m\u0131y\u0131m?<span class=\"ez-toc-section-end\"><\/span><\/h2>\n\n\n\n<p>Bu tart\u0131\u015fmas\u0131z en temel sorudur. Sa\u00e7 \u00e7izgisinin d\u00fc\u015f\u00fcr\u00fclmesi i\u00e7in uygunlu\u011funuz \u00e7e\u015fitli anatomik ve fizyolojik fakt\u00f6rlere ba\u011fl\u0131d\u0131r.<\/p>\n\n\n\n<h3 class=\"wp-block-heading\"><span class=\"ez-toc-section\" id=\"Anatomical_Considerations\"><\/span>Anatomik Hususlar:<span class=\"ez-toc-section-end\"><\/span><\/h3>\n\n\n\n<ul class=\"wp-block-list\">\n<li><strong>Al\u0131n Y\u00fcksekli\u011fi:<\/strong> Glabelladan (ka\u015flar\u0131n\u0131z\u0131n aras\u0131ndaki d\u00fcz alan) mevcut sa\u00e7 \u00e7izginize kadar olan dikey mesafeyi \u00f6l\u00e7ece\u011fiz. Yakla\u015f\u0131k 5,5 ila 6 santimetreyi a\u015fan bir al\u0131n y\u00fcksekli\u011fi genellikle azaltmaya uygun kabul edilir.<\/li>\n\n\n\n<li><strong>Sa\u00e7 Derisi Gev\u015fekli\u011fi:<\/strong> Bu \u00f6nemli bir fakt\u00f6rd\u00fcr. Sa\u00e7 derisi gev\u015fekli\u011fi, sa\u00e7 derisinin ne kadar \u00f6ne do\u011fru uzat\u0131labilece\u011fini ifade eder. Sa\u00e7 derinizin elastikiyetini belirlemek i\u00e7in fiziksel bir de\u011ferlendirme yapaca\u011f\u0131m. Sa\u00e7 deriniz gev\u015fekse, tek bir i\u015flemde daha fazla sa\u00e7 \u00e7izgisi al\u00e7altma elde edebiliriz. S\u0131n\u0131rl\u0131 sa\u00e7 derisi gev\u015fekli\u011fi, yaln\u0131zca m\u00fctevaz\u0131 bir azalma elde edebilece\u011fimiz veya doku geni\u015fleticileri i\u00e7eren iki a\u015famal\u0131 bir yakla\u015f\u0131m gerektirebilece\u011fi anlam\u0131na gelebilir.\n<ul class=\"wp-block-list\">\n<li><em>Basit a\u00e7\u0131klama:<\/em> Sa\u00e7 derinizi bir kuma\u015f par\u00e7as\u0131 gibi d\u00fc\u015f\u00fcn\u00fcn. \u00c7ok esnekse, onu a\u015fa\u011f\u0131 do\u011fru epeyce \u00e7ekebiliriz. S\u0131k\u0131ysa, onu yaln\u0131zca biraz hareket ettirebiliriz.<\/li>\n<\/ul>\n<\/li>\n\n\n\n<li><strong>Sa\u00e7 Yo\u011funlu\u011fu ve Kalitesi:<\/strong> \u00d6nerilen kesi hatt\u0131 boyunca sa\u00e7\u0131n\u0131z\u0131n yo\u011funlu\u011fu ve kalitesi \u00f6nemlidir. Yo\u011fun, sa\u011fl\u0131kl\u0131 bir sa\u00e7 \u00e7izgisi yara izini etkili bir \u015fekilde kamufle etmeye yard\u0131mc\u0131 olur.<\/li>\n\n\n\n<li><strong>Sa\u00e7 \u00c7izgisi \u015eekli:<\/strong> Mevcut sa\u00e7 \u00e7izginizin \u015feklini (\u00f6rne\u011fin M \u015feklinde, d\u00fcz, yuvarlak) ve bunu daha kad\u0131ns\u0131 bir konturla nas\u0131l yeniden \u015fekillendirebilece\u011fimizi tart\u0131\u015faca\u011f\u0131z.<\/li>\n<\/ul>\n\n\n\n<h3 class=\"wp-block-heading\"><span class=\"ez-toc-section\" id=\"Physiological_Considerations\"><\/span>Fizyolojik Hususlar:<span class=\"ez-toc-section-end\"><\/span><\/h3>\n\n\n\n<ul class=\"wp-block-list\">\n<li><strong>T\u0131bbi ge\u00e7mi\u015f:<\/strong> Mevcut t\u0131bbi rahats\u0131zl\u0131klar\u0131n\u0131z, alerjileriniz ve ald\u0131\u011f\u0131n\u0131z ila\u00e7lar dahil olmak \u00fczere genel sa\u011fl\u0131k durumunuzu g\u00f6zden ge\u00e7irece\u011fiz. Baz\u0131 rahats\u0131zl\u0131klar yara iyile\u015fmesini etkileyebilir ve cerrahi riskleri art\u0131rabilir.<\/li>\n\n\n\n<li><strong>Sigara Durumu:<\/strong> Sigara i\u00e7mek yara iyile\u015fmesini \u00f6nemli \u00f6l\u00e7\u00fcde bozar ve zay\u0131f yara iyile\u015fmesi ve cilt nekrozu (doku \u00f6l\u00fcm\u00fc) gibi komplikasyon riskini art\u0131r\u0131r. Ameliyattan \u00e7ok \u00f6nce sigaray\u0131 b\u0131rakman\u0131z\u0131 \u015fiddetle tavsiye edece\u011fim.<\/li>\n\n\n\n<li><strong>Sa\u00e7 D\u00f6k\u00fclmesinin Tarih\u00e7esi:<\/strong> \u00d6zellikle androjenik alopesi (kal\u0131p kellik) olmak \u00fczere ilerleyici sa\u00e7 d\u00f6k\u00fclmesi \u00f6yk\u00fcs\u00fcn\u00fcn dikkatli bir \u015fekilde de\u011ferlendirilmesi gerekir. Sa\u00e7 \u00e7izgisinin d\u00fc\u015f\u00fcr\u00fclmesi, sa\u00e7 d\u00f6k\u00fclmesi \u00f6yk\u00fcs\u00fc olan ki\u015filerde yap\u0131labilirken, ameliyattan sonra \u00f6nemli bir gerileme yara izini a\u00e7\u0131\u011fa \u00e7\u0131karabilece\u011finden, gelecekte sa\u00e7 d\u00f6k\u00fclmesi riskinizi de\u011ferlendirmemiz gerekir. Bu gibi durumlarda, sa\u00e7 \u00e7izgisinin d\u00fc\u015f\u00fcr\u00fclmesinin sa\u00e7 ekimiyle birle\u015ftirilmesi tart\u0131\u015f\u0131labilir.<\/li>\n<\/ul>\n\n\n\n<p>Bu soruya verece\u011fim cevap, bu fakt\u00f6rlerin detayl\u0131 bir de\u011ferlendirmesini ve neden uygun bir aday olup olmad\u0131\u011f\u0131n\u0131z\u0131n a\u00e7\u0131k bir \u015fekilde a\u00e7\u0131klanmas\u0131n\u0131, olas\u0131 s\u0131n\u0131rlamalar\u0131n veya alternatif stratejilerin belirtilmesini i\u00e7erecektir.<\/p>\n\n\n\n<h2 class=\"wp-block-heading\"><span class=\"ez-toc-section\" id=\"What_specific_technique_will_you_use_for_my_hairline_lowering\"><\/span>Sa\u00e7 \u00e7izgimi a\u015fa\u011f\u0131 indirmek i\u00e7in hangi \u00f6zel tekni\u011fi kullanacaks\u0131n\u0131z?<span class=\"ez-toc-section-end\"><\/span><\/h2>\n\n\n\n<p>Sa\u00e7 \u00e7izgisinin al\u00e7alt\u0131lmas\u0131 i\u00e7in birincil teknik pretrikial kesi y\u00f6ntemidir. Bu, al\u0131n derisinin sa\u00e7l\u0131 deriyle birle\u015fti\u011fi s\u0131n\u0131rda tam olarak cerrahi bir kesi yap\u0131lmas\u0131n\u0131 i\u00e7erir.<\/p>\n\n\n\n<h3 class=\"wp-block-heading\"><span class=\"ez-toc-section\" id=\"The_Pretrichial_Incision\"><\/span>Pretrikial Kesi:<span class=\"ez-toc-section-end\"><\/span><\/h3>\n\n\n\n<ul class=\"wp-block-list\">\n<li><strong>Kesi Yerle\u015fimi:<\/strong> Kesi, sa\u00e7 \u00e7izginizin do\u011fal dalgalanmalar\u0131n\u0131 takip edecek \u015fekilde titizlikle tasarlanm\u0131\u015ft\u0131r. Kesi iyile\u015firken, sa\u00e7 k\u00f6klerinin yaran\u0131n i\u00e7inden veya etraf\u0131ndan b\u00fcy\u00fcyebilmesi ve onu kamufle etmesine yard\u0131mc\u0131 olabilmesi i\u00e7in stratejik olarak yerle\u015ftirilmi\u015ftir.\n<ul class=\"wp-block-list\">\n<li><em>Basit a\u00e7\u0131klama:<\/em> Kesimi sa\u00e7\u0131n\u0131z\u0131n ba\u015flad\u0131\u011f\u0131 yerden, do\u011fal kenar\u0131 takip ederek yap\u0131yoruz, b\u00f6ylece sa\u00e7 iyile\u015fti\u011finde \u00e7izgiyi gizlemeye yard\u0131mc\u0131 oluyor.<\/li>\n<\/ul>\n<\/li>\n\n\n\n<li><strong>Al\u0131n Derisi Eksizyonu:<\/strong> Daha sonra, \u00f6nceden belirlenmi\u015f miktarda sa\u00e7s\u0131z al\u0131n derisi, kesi \u00e7izgisinin hemen alt\u0131ndan dikkatlice \u00e7\u0131kar\u0131l\u0131r. \u00c7\u0131kar\u0131lan deri miktar\u0131, sa\u00e7 \u00e7izgisinin ne kadar al\u00e7alt\u0131laca\u011f\u0131n\u0131 belirler.<\/li>\n\n\n\n<li><strong>Sa\u00e7 Derisi Geli\u015fimi:<\/strong> Kesinin ard\u0131ndan art\u0131k hareketli olan kafa derisi, yava\u015f\u00e7a \u00f6ne ve a\u015fa\u011f\u0131ya do\u011fru yeni, alt pozisyonuna do\u011fru ilerletilir.<\/li>\n\n\n\n<li><strong>Kapan\u0131\u015f:<\/strong> Daha sonra kesi, diki\u015fler (diki\u015fler) ve bazen z\u0131mbalar kullan\u0131larak katmanlar halinde titizlikle kapat\u0131l\u0131r. Ama\u00e7, en iyi iyile\u015fmeyi desteklemek ve yara izinin geni\u015flemesini en aza indirmek i\u00e7in kesiyi minimum gerginlikle kapatmakt\u0131r.<\/li>\n<\/ul>\n\n\n\n<h3 class=\"wp-block-heading\"><span class=\"ez-toc-section\" id=\"Variations_and_Considerations\"><\/span>Varyasyonlar ve Dikkat Edilmesi Gerekenler:<span class=\"ez-toc-section-end\"><\/span><\/h3>\n\n\n\n<ul class=\"wp-block-list\">\n<li><strong>Kesi Deseni:<\/strong> Nispeten d\u00fcz bir pretrichial kesi yayg\u0131n olsa da, baz\u0131 cerrahlar hafif dalgal\u0131 veya &quot;zikzak&quot; desen kullanabilir. Zikzak kesisinin arkas\u0131ndaki mant\u0131k, iyile\u015firken daha az do\u011frusal ve dolay\u0131s\u0131yla daha az fark edilir bir yara izine yol a\u00e7abilmesidir. Bireysel sa\u00e7 \u00e7izginize ve cilt \u00f6zelliklerinize dayanarak tercih etti\u011fim belirli kesi desenini ve nedenini a\u00e7\u0131klayaca\u011f\u0131m.<\/li>\n\n\n\n<li><strong>Endoskopik Yard\u0131m:<\/strong> Baz\u0131 durumlarda, \u00f6zellikle ka\u015f kald\u0131rma da yap\u0131l\u0131yorsa, dokular\u0131 serbest b\u0131rakmak ve sa\u00e7 derisinin ilerlemesini kolayla\u015ft\u0131rmak i\u00e7in bir endoskop (k\u00fc\u00e7\u00fck bir kamera) kullan\u0131labilir. Bu, sa\u00e7 \u00e7izgisinin kendi kendine al\u00e7alt\u0131lmas\u0131 i\u00e7in ayr\u0131 bir teknik de\u011fil, prosed\u00fcre yard\u0131mc\u0131 olabilecek bir ara\u00e7t\u0131r.<\/li>\n\n\n\n<li><strong>Doku Geni\u015fleticiler:<\/strong> Daha \u00f6nce de belirtildi\u011fi gibi, kafa derisi gev\u015fekli\u011fi s\u0131n\u0131rl\u0131ysa ve \u00f6nemli miktarda al\u00e7altma isteniyorsa, doku geni\u015fleticileri i\u00e7eren iki a\u015famal\u0131 bir prosed\u00fcr gerekebilir. \u0130lk a\u015famada, balon benzeri bir cihaz (doku geni\u015fletici) cerrahi olarak kafa derisinin alt\u0131na yerle\u015ftirilir. Birka\u00e7 hafta veya ay boyunca, geni\u015fleticiye kademeli olarak tuzlu su \u00e7\u00f6zeltisi enjekte edilerek kafa derisi dokusu gerilir. Yeterli gev\u015feklik sa\u011fland\u0131ktan sonra, geni\u015fleticiyi \u00e7\u0131karmak ve sa\u00e7 \u00e7izgisi al\u00e7almas\u0131n\u0131 ger\u00e7ekle\u015ftirmek i\u00e7in ikinci bir prosed\u00fcr ger\u00e7ekle\u015ftirilir. Bunun sizin durumunuzda dikkate al\u0131nmas\u0131 gereken bir husus olup olmad\u0131\u011f\u0131n\u0131 tart\u0131\u015faca\u011f\u0131m.<\/li>\n<\/ul>\n\n\n\n<p>Kullanmay\u0131 planlad\u0131\u011f\u0131m tekni\u011fin belirli ad\u0131mlar\u0131n\u0131 a\u00e7\u0131klayaca\u011f\u0131m <em>senin<\/em> Ameliyat\u0131, anatominize ve hedeflerinize ili\u015fkin de\u011ferlendirmeme dayanarak neden en uygun yakla\u015f\u0131m oldu\u011funu a\u00e7\u0131klayarak yap\u0131yorum.<\/p>\n\n\n\n<h2 class=\"wp-block-heading\"><span class=\"ez-toc-section\" id=\"Where_will_the_scar_be_located_and_how_will_it_be_managed\"><\/span>Yara izi nerede olacak ve nas\u0131l y\u00f6netilecek?<span class=\"ez-toc-section-end\"><\/span><\/h2>\n\n\n\n<p>Sa\u00e7 \u00e7izgisi d\u00fc\u015f\u00fcrme ameliyat\u0131ndan kaynaklanan birincil yara izi tam olarak yeni sa\u00e7 \u00e7izgisi boyunca yer al\u0131r. Ama\u00e7, kesiyi yerle\u015ftirmek ve iyile\u015fme s\u00fcrecini, ortaya \u00e7\u0131kan yara izinin m\u00fcmk\u00fcn oldu\u011funca g\u00f6ze \u00e7arpmayaca\u011f\u0131, ideal olarak sa\u00e7l\u0131 deri i\u00e7inde gizlenece\u011fi \u015fekilde y\u00f6netmektir.<\/p>\n\n\n\n<h3 class=\"wp-block-heading\"><span class=\"ez-toc-section\" id=\"Scar_Location_and_Appearance\"><\/span>Yara \u0130zi Yeri ve G\u00f6r\u00fcn\u00fcm\u00fc:<span class=\"ez-toc-section-end\"><\/span><\/h3>\n\n\n\n<ul class=\"wp-block-list\">\n<li><strong>Pretrikial Yara \u0130zi:<\/strong> Yara izi yeni sa\u00e7 \u00e7izginizin konturunu takip edecektir. Ameliyattan hemen sonra, kesi hatt\u0131 g\u00f6r\u00fcn\u00fcr olacak ve k\u0131rm\u0131z\u0131 veya kabar\u0131k g\u00f6r\u00fcnebilir.<\/li>\n\n\n\n<li><strong>Olgunla\u015fma S\u00fcreci:<\/strong> Yara izleri birka\u00e7 ay ve bazen bir y\u0131l veya daha fazla s\u00fcren bir olgunla\u015fma s\u00fcrecinden ge\u00e7er. Ba\u015flang\u0131\u00e7ta yara izi daha belirgin olabilir, ancak genellikle zamanla yumu\u015far, d\u00fczle\u015fir ve rengi solar.\n<ul class=\"wp-block-list\">\n<li><em>Basit a\u00e7\u0131klama:<\/em> Yara izlerinin yerle\u015fmesi ve daha az fark edilir hale gelmesi, t\u0131pk\u0131 yeni bir kesik gibi zamanla kaybolur.<\/li>\n<\/ul>\n<\/li>\n\n\n\n<li><strong>Sa\u00e7 Kamuflaj\u0131:<\/strong> Pretrichial kesinin \u00f6nemli bir avantaj\u0131, kesiye biti\u015fik sa\u00e7 k\u00f6klerinin yara iyile\u015firken i\u00e7inden veya etraf\u0131ndan b\u00fcy\u00fcme potansiyelidir. Bu do\u011fal sa\u00e7 b\u00fcy\u00fcmesi yara izini kamufle etmeye \u00f6nemli \u00f6l\u00e7\u00fcde yard\u0131mc\u0131 olur.<\/li>\n<\/ul>\n\n\n\n<h3 class=\"wp-block-heading\"><span class=\"ez-toc-section\" id=\"Scar_Management\"><\/span>Skar Y\u00f6netimi:<span class=\"ez-toc-section-end\"><\/span><\/h3>\n\n\n\n<ul class=\"wp-block-list\">\n<li><strong>Cerrahi Tekni\u011fi:<\/strong> Hassas kesi yerle\u015fimi ve minimum gerginlikle dikkatli kapatmay\u0131 i\u00e7eren titiz cerrahi teknik, g\u00fczel ve iyi iyile\u015fmi\u015f bir yara izi elde etmek i\u00e7in son derece \u00f6nemlidir.<\/li>\n\n\n\n<li><strong>Ameliyat sonras\u0131 bak\u0131m:<\/strong> \u0130yile\u015fme d\u00f6neminde kesi\u011finize nas\u0131l bakaca\u011f\u0131n\u0131za dair \u00f6zel talimatlar alacaks\u0131n\u0131z. Bu genellikle nazik bir temizlik ve b\u00f6lgeyi kuru tutmay\u0131 i\u00e7erir.<\/li>\n\n\n\n<li><strong>Yara Masaj\u0131 ve Topikal Tedaviler:<\/strong> Kesi iyile\u015ftikten sonra, genellikle ameliyattan birka\u00e7 hafta sonra, yara izi masaj\u0131 ve\/veya silikon bazl\u0131 jeller veya tabakalar gibi topikal yara izi tedavileri \u00f6nerebilirim. Bunlar yara izini yumu\u015fatmaya ve d\u00fczle\u015ftirmeye yard\u0131mc\u0131 olabilir.\n<ul class=\"wp-block-list\">\n<li><em>Basit a\u00e7\u0131klama:<\/em> Yaran\u0131n daha d\u00fczg\u00fcn iyile\u015fmesi ve daha iyi kaybolmas\u0131 i\u00e7in yaray\u0131 nazik\u00e7e ovman\u0131z\u0131 veya \u00f6zel kremler veya yamalar kullanman\u0131z\u0131 \u00f6nerebiliriz.<\/li>\n<\/ul>\n<\/li>\n\n\n\n<li><strong>G\u00fcne\u015f korumas\u0131:<\/strong> Yara izini en az bir y\u0131l boyunca g\u00fcne\u015ften korumak \u00e7ok \u00f6nemlidir, \u00e7\u00fcnk\u00fc UV \u0131\u015f\u0131nlar\u0131 yara izinin koyula\u015fmas\u0131na ve daha belirgin hale gelmesine neden olabilir.<\/li>\n\n\n\n<li><strong>Yara \u0130zi Sorunlar\u0131n\u0131n Giderilmesi:<\/strong> Optimal bir yara izi elde etmek i\u00e7in her t\u00fcrl\u00fc \u00e7aba g\u00f6sterilse de, bazen yara izleri hipertrofik (y\u00fckselen ve kal\u0131nla\u015fan) veya keloid (orijinal kesi s\u0131n\u0131rlar\u0131n\u0131n \u00f6tesine b\u00fcy\u00fcyen) hale gelebilir. Bunlar sa\u00e7 \u00e7izgisi kesilerinde daha az yayg\u0131nd\u0131r ancak meydana gelebilir. Bu olursa, silikon tedavileri, steroid enjeksiyonlar\u0131 ve baz\u0131 durumlarda revizyon cerrahisi dahil olmak \u00fczere \u00e7e\u015fitli tedavi se\u00e7enekleri vard\u0131r.<\/li>\n<\/ul>\n\n\n\n<p>Kesinin aln\u0131n\u0131zda nereye yap\u0131laca\u011f\u0131n\u0131 g\u00f6sterece\u011fim ve yara izinin zaman i\u00e7inde beklenen g\u00f6r\u00fcn\u00fcm\u00fcn\u00fc, ayr\u0131ca yara izinin iyile\u015fmesini optimize etmek i\u00e7in ameliyat sonras\u0131 bak\u0131m ve y\u00f6netim stratejilerini a\u00e7\u0131klayaca\u011f\u0131m.<\/p>\n\n\n\n<h2 class=\"wp-block-heading\"><span class=\"ez-toc-section\" id=\"How_much_can_my_hairline_be_lowered\"><\/span>Sa\u00e7 \u00e7izgim ne kadar a\u015fa\u011f\u0131ya indirilebilir?<span class=\"ez-toc-section-end\"><\/span><\/h2>\n\n\n\n<p>Sa\u00e7 \u00e7izginizin tek bir i\u015flemde ne kadar a\u015fa\u011f\u0131ya indirilebilece\u011fi \u00f6ncelikle sa\u00e7 derinizin gev\u015fekli\u011fine ba\u011fl\u0131d\u0131r.<\/p>\n\n\n\n<ul class=\"wp-block-list\">\n<li><strong>Sa\u00e7 Derisi Gev\u015fekli\u011fi S\u0131n\u0131rlay\u0131c\u0131 Fakt\u00f6r Olarak:<\/strong> Daha \u00f6nce tart\u0131\u015f\u0131ld\u0131\u011f\u0131 gibi, sa\u00e7 deriniz ne kadar esnek ve gerilebilirse, al\u0131n derisinin \u00e7\u0131kar\u0131labilece\u011fi ve sa\u00e7 derisinin ilerletilebilece\u011fi miktar o kadar fazla olur. Sa\u00e7 derisi gev\u015fekli\u011fi iyi olan ki\u015filerde, sa\u00e7 \u00e7izgisini 2 ila 5 santimetre, bazen daha da fazla a\u015fa\u011f\u0131 indirmek m\u00fcmk\u00fcn olabilir. Ancak bu, ki\u015fiden ki\u015fiye \u00f6nemli \u00f6l\u00e7\u00fcde de\u011fi\u015fir.<\/li>\n\n\n\n<li><strong>\u0130stenilen Estetik Sonu\u00e7:<\/strong> Sa\u00e7 derisi gev\u015fekli\u011fi fiziksel s\u0131n\u0131r\u0131 belirlerken, estetik hedefleriniz de rol oynar. \u0130stedi\u011finiz sa\u00e7 \u00e7izgisi pozisyonunu ve ne kadar al\u00e7almay\u0131 umdu\u011funuzu tart\u0131\u015faca\u011f\u0131z ve anatominiz g\u00f6z \u00f6n\u00fcne al\u0131nd\u0131\u011f\u0131nda ger\u00e7ek\u00e7i olarak m\u00fcmk\u00fcn olanla uyumlu olmas\u0131n\u0131 sa\u011flayaca\u011f\u0131z.<\/li>\n\n\n\n<li><strong>Dan\u0131\u015fma S\u0131ras\u0131nda De\u011ferlendirme:<\/strong> Kons\u00fcltasyon s\u0131ras\u0131nda, kafa derinizi nazik\u00e7e manip\u00fcle ederek kafa derinizin gev\u015fekli\u011fini fiziksel olarak de\u011ferlendirece\u011fim. Bu, sizin durumunuzda g\u00fcvenli ve etkili bir \u015fekilde elde edilebilecek al\u00e7altma miktar\u0131n\u0131 tahmin etmeme yard\u0131mc\u0131 olur.<\/li>\n\n\n\n<li><strong>\u0130ki A\u015famal\u0131 Prosed\u00fcr\u00fcn Potansiyeli:<\/strong> Sa\u00e7 derinizdeki gev\u015feklik s\u0131n\u0131rl\u0131ysa ancak \u00f6nemli miktarda al\u00e7altma istiyorsan\u0131z, son sa\u00e7 \u00e7izgisi al\u00e7altma ameliyat\u0131ndan \u00f6nce, zaman i\u00e7inde sa\u00e7 derisini kademeli olarak germek i\u00e7in doku geni\u015fleticiler kullanan iki a\u015famal\u0131 bir prosed\u00fcr olas\u0131l\u0131\u011f\u0131n\u0131 tart\u0131\u015faca\u011f\u0131m.<\/li>\n<\/ul>\n\n\n\n<p>Sa\u00e7 derinizdeki gev\u015fekli\u011fe ili\u015fkin de\u011ferlendirmeme dayanarak sa\u00e7 \u00e7izginizin ne kadar a\u015fa\u011f\u0131ya indirilebilece\u011fine dair ger\u00e7ek\u00e7i bir tahminde bulunaca\u011f\u0131m ve hedeflerinize ula\u015fmak i\u00e7in tek a\u015famal\u0131 veya iki a\u015famal\u0131 bir yakla\u015f\u0131m\u0131n gerekli olup olmad\u0131\u011f\u0131n\u0131 tart\u0131\u015faca\u011f\u0131m.<\/p>\n\n\n\n<h2 class=\"wp-block-heading\"><span class=\"ez-toc-section\" id=\"Will_this_procedure_affect_future_hair_growth\"><\/span>Bu i\u015flem ilerideki sa\u00e7 uzamas\u0131n\u0131 etkiler mi?<span class=\"ez-toc-section-end\"><\/span><\/h2>\n\n\n\n<p>Pretrikial kesi, kesi hatt\u0131 boyunca sa\u00e7 folik\u00fcllerini m\u00fcmk\u00fcn oldu\u011funca korumak i\u00e7in tasarlanm\u0131\u015ft\u0131r. Ancak, sa\u00e7 b\u00fcy\u00fcmesi \u00fczerinde tart\u0131\u015fmam\u0131z gereken potansiyel etkiler vard\u0131r.<\/p>\n\n\n\n<h3 class=\"wp-block-heading\"><span class=\"ez-toc-section\" id=\"Potential_Impacts_on_Hair_Growth\"><\/span>Sa\u00e7 Uzamas\u0131 \u00dczerindeki Potansiyel Etkiler:<span class=\"ez-toc-section-end\"><\/span><\/h3>\n\n\n\n<ul class=\"wp-block-list\">\n<li><strong>Ge\u00e7ici \u015eok Kayb\u0131:<\/strong> Ameliyattan sonraki haftalar ila aylar i\u00e7inde kesi hatt\u0131 boyunca ge\u00e7ici sa\u00e7 incelmesi veya d\u00f6k\u00fclmesi ya\u015fanmas\u0131 yayg\u0131nd\u0131r. Buna &quot;\u015fok kayb\u0131&quot; denir ve genellikle ge\u00e7icidir, sa\u00e7 b\u00fcy\u00fcmesi genellikle birka\u00e7 ay i\u00e7inde yeniden ba\u015flar.\n<ul class=\"wp-block-list\">\n<li><em>Basit a\u00e7\u0131klama:<\/em> Bazen kesilen b\u00f6lgedeki sa\u00e7lar biraz strese girip ge\u00e7ici olarak d\u00f6k\u00fclebilir, ama genelde tekrar uzar.<\/li>\n<\/ul>\n<\/li>\n\n\n\n<li><strong>Folik\u00fcllerin Hasar G\u00f6rmesi:<\/strong> Folik\u00fcllerin korunmas\u0131na \u00f6zen g\u00f6sterilse de, kesi ve doku i\u015fleme s\u0131ras\u0131nda baz\u0131 sa\u00e7 folik\u00fcllerinin hasar g\u00f6rme riski vard\u0131r. Bu, yara izi \u00e7izgisi boyunca kal\u0131c\u0131 bir incelmeye neden olabilir.<\/li>\n\n\n\n<li><strong>Yara \u0130zi Alopesisi:<\/strong> Nadir durumlarda, zay\u0131f yara iyile\u015fmesi veya kesideki a\u015f\u0131r\u0131 gerginlik, do\u011frudan yara boyunca alopesiye (sa\u00e7 d\u00f6k\u00fclmesi) yol a\u00e7abilir. Bu, yara izini daha g\u00f6r\u00fcn\u00fcr hale getirir.\n<ul class=\"wp-block-list\">\n<li><em>Basit a\u00e7\u0131klama:<\/em> E\u011fer yara izi tam olarak iyile\u015fmezse veya ciltte \u00e7ok fazla \u00e7ekme olursa, yara izinin hemen \u00fczerinde bir miktar sa\u00e7 kayb\u0131 ya\u015fayabilirsiniz.<\/li>\n<\/ul>\n<\/li>\n<\/ul>\n\n\n\n<h3 class=\"wp-block-heading\"><span class=\"ez-toc-section\" id=\"Mitigating_Factors\"><\/span>Hafifletici Fakt\u00f6rler:<span class=\"ez-toc-section-end\"><\/span><\/h3>\n\n\n\n<ul class=\"wp-block-list\">\n<li><strong>Cerrahi Tekni\u011fi:<\/strong> Deneyimli bir cerrah, i\u015flem s\u0131ras\u0131nda sa\u00e7 k\u00f6klerine verilen travmay\u0131 en aza indiren teknikler kullan\u0131r. Sa\u00e7 \u00e7izgisi boyunca deriyi e\u011fimli (a\u00e7\u0131l\u0131) kesmek, daha fazla sa\u00e7 k\u00f6k\u00fcn\u00fcn korunmas\u0131na yard\u0131mc\u0131 olabilir.<\/li>\n\n\n\n<li><strong>Gerginli\u011fi En Aza \u0130ndirmek:<\/strong> Kesinin dikkatli ve minimum gerginlikle kapat\u0131lmas\u0131, optimum yara iyile\u015fmesi ve yara izi alopesisi riskini azaltmak i\u00e7in \u00e7ok \u00f6nemlidir.<\/li>\n\n\n\n<li><strong>Gelecekteki Sa\u00e7 D\u00f6k\u00fclmesinin Giderilmesi:<\/strong> Ailenizde ilerleyici sa\u00e7 d\u00f6k\u00fclmesi \u00f6yk\u00fcs\u00fc veya risk fakt\u00f6rleri varsa, sa\u00e7 d\u00f6k\u00fclmesini y\u00f6netmeye y\u00f6nelik stratejileri tart\u0131\u015faca\u011f\u0131z. Bunlara, sa\u00e7 d\u00f6k\u00fclmesine y\u00f6nelik t\u0131bbi tedaviler veya al\u00e7alt\u0131lm\u0131\u015f sa\u00e7 \u00e7izgisi \u00e7evresinde yo\u011funlu\u011fu korumak i\u00e7in gelecekte sa\u00e7 ekimi dahil olabilir.<\/li>\n<\/ul>\n\n\n\n<p>Sa\u00e7 b\u00fcy\u00fcmesi \u00fczerindeki potansiyel etkiyi, ge\u00e7ici \u015fok kayb\u0131 olas\u0131l\u0131\u011f\u0131n\u0131 ve yara izi boyunca kal\u0131c\u0131 sa\u00e7 kayb\u0131 riskini en aza indirmek i\u00e7in kulland\u0131\u011f\u0131m stratejileri a\u00e7\u0131klayaca\u011f\u0131m. Ayr\u0131ca gelecekteki sa\u00e7 d\u00f6k\u00fclmesi i\u00e7in bireysel risk fakt\u00f6rlerinizi de tart\u0131\u015faca\u011f\u0131z.<\/p>\n\n\n\n<h2 class=\"wp-block-heading\"><span class=\"ez-toc-section\" id=\"What_are_the_potential_risks_and_complications_associated_with_hairline_lowering\"><\/span>Sa\u00e7 \u00e7izgisinin d\u00fc\u015f\u00fcr\u00fclmesiyle ili\u015fkili potansiyel riskler ve komplikasyonlar nelerdir?<span class=\"ez-toc-section-end\"><\/span><\/h2>\n\n\n\n<p>Herhangi bir cerrahi prosed\u00fcr gibi, sa\u00e7 \u00e7izgisinin d\u00fc\u015f\u00fcr\u00fclmesi de potansiyel riskler ve komplikasyonlar ta\u015f\u0131r. Karar vermeden \u00f6nce bunlar hakk\u0131nda tam olarak bilgi sahibi olman\u0131z \u00f6nemlidir. Ciddi komplikasyonlar nadir olsa da, bunlar\u0131n fark\u0131nda olmak \u00f6nemlidir.<\/p>\n\n\n\n<h3 class=\"wp-block-heading\"><span class=\"ez-toc-section\" id=\"Potential_Risks_and_Complications\"><\/span>Potansiyel Riskler ve Komplikasyonlar:<span class=\"ez-toc-section-end\"><\/span><\/h3>\n\n\n\n<ul class=\"wp-block-list\">\n<li><strong>A\u011fr\u0131 ve Rahats\u0131zl\u0131k:<\/strong> Ameliyattan sonra aln\u0131n\u0131zda ve sa\u00e7 derinizde bir miktar a\u011fr\u0131 ve rahats\u0131zl\u0131k hissedebilirsiniz; bu durum re\u00e7eteli a\u011fr\u0131 kesicilerle kontrol alt\u0131na al\u0131nabilir.<\/li>\n\n\n\n<li><strong>\u015ei\u015flik (\u00d6dem) ve Morarma (Ekimoz):<\/strong> Ameliyattan sonra \u015fi\u015flik ve morarma beklenir ve bunlar genellikle birka\u00e7 hafta i\u00e7inde azal\u0131r.\n<ul class=\"wp-block-list\">\n<li><em>Basit a\u00e7\u0131klama:<\/em> Ameliyattan sonra aln\u0131n\u0131zda \u015fi\u015flik ve morluklar (siyah ve mavi izler) olacakt\u0131r.<\/li>\n<\/ul>\n<\/li>\n\n\n\n<li><strong>Uyu\u015fma (Parestezi\/Disestezi):<\/strong> Sa\u00e7 \u00e7izgisinin a\u015fa\u011f\u0131 indirilmesinden sonra al\u0131n ve kafa derisinde uyu\u015fma veya kar\u0131ncalanma (parestezi) veya bazen ho\u015f olmayan veya a\u011fr\u0131l\u0131 bir his (dizastezi) gibi de\u011fi\u015fen hisler ya\u015famak \u00e7ok yayg\u0131nd\u0131r. Bunun nedeni, i\u015flem s\u0131ras\u0131nda duyusal sinirlerin gerilmesi veya ge\u00e7ici olarak bozulmas\u0131d\u0131r. Hisler genellikle birka\u00e7 ay i\u00e7inde kademeli olarak geri d\u00f6ner, ancak bir y\u0131l veya daha uzun s\u00fcrebilir ve baz\u0131 durumlarda, bir miktar kal\u0131c\u0131 uyu\u015fma veya de\u011fi\u015fen his devam edebilir.\n<ul class=\"wp-block-list\">\n<li><em>Basit a\u00e7\u0131klama:<\/em> Ameliyat s\u0131ras\u0131nda k\u00fc\u00e7\u00fck his sinirleri gerildi\u011fi veya \u00e7arp\u0131ld\u0131\u011f\u0131 i\u00e7in aln\u0131n\u0131z uyu\u015fuk, kar\u0131ncalanm\u0131\u015f veya sadece garip hissedebilir. Bu durum genellikle zamanla d\u00fczelir.<\/li>\n<\/ul>\n<\/li>\n\n\n\n<li><strong>Yara \u0130zi Sorunlar\u0131:<\/strong> Daha \u00f6nce de de\u011findi\u011fimiz gibi geni\u015f veya hipertrofik skarlar veya skar alopesisi gibi sorunlar potansiyel komplikasyonlard\u0131r.<\/li>\n\n\n\n<li><strong>Enfeksiyon:<\/strong> Nadir g\u00f6r\u00fclse de, kesi yerinde enfeksiyon her ameliyatta bir risktir. Enfeksiyon belirtileri aras\u0131nda artan a\u011fr\u0131, k\u0131zar\u0131kl\u0131k, \u015fi\u015flik, s\u0131cakl\u0131k ve irin bulunur. Antibiyotik gerekebilir.<\/li>\n\n\n\n<li><strong>Kanama (Hematom):<\/strong> Cilt alt\u0131nda kan birikmesi (hematom) meydana gelebilir ve baz\u0131 durumlarda drenaj gerekebilir.<\/li>\n\n\n\n<li><strong>K\u00f6t\u00fc Yara \u0130yile\u015fmesi:<\/strong> Sigara kullan\u0131m\u0131, k\u00f6t\u00fc beslenme veya altta yatan t\u0131bbi durumlar gibi fakt\u00f6rler yara iyile\u015fmesini olumsuz etkileyebilir.<\/li>\n\n\n\n<li><strong>Sinir hasar\u0131:<\/strong> Nadiren de olsa, al\u0131n ve ka\u015f hareketini kontrol eden y\u00fcz sinirinin \u00f6n dal\u0131n\u0131n hasar g\u00f6rme riski vard\u0131r. Bu sinirin hasar g\u00f6rmesi, al\u0131n kaslar\u0131n\u0131n ge\u00e7ici veya \u00e7ok nadiren kal\u0131c\u0131 olarak zay\u0131fl\u0131\u011f\u0131na veya felcine neden olarak ka\u015flar\u0131n asimetrisine yol a\u00e7abilir.\n<ul class=\"wp-block-list\">\n<li><em>Basit a\u00e7\u0131klama:<\/em> Ka\u015f\u0131n\u0131z\u0131 kald\u0131rman\u0131za yard\u0131mc\u0131 olan sinirin etkilenmesi ve aln\u0131n\u0131z\u0131n bir taraf\u0131n\u0131 hareket ettirmenizin zorla\u015fmas\u0131 ihtimali vard\u0131r.<\/li>\n<\/ul>\n<\/li>\n\n\n\n<li><strong>Asimetri:<\/strong> Herhangi bir y\u00fcz cerrahisinde m\u00fckemmel simetri elde etmek zor olabilir. Sa\u00e7 \u00e7izgisi pozisyonunda veya konturunda k\u00fc\u00e7\u00fck asimetriler m\u00fcmk\u00fcnd\u00fcr.<\/li>\n\n\n\n<li><strong>Cilt Nekrozu:<\/strong> \u00c7ok nadir durumlarda, deri flebine giden kan ak\u0131\u015f\u0131n\u0131n bozulmas\u0131 deri nekrozuna yol a\u00e7abilir ve ek tedavi gerektirebilir.\n<ul class=\"wp-block-list\">\n<li><em>Basit a\u00e7\u0131klama:<\/em> \u00c7ok nadir durumlarda, derinin bir k\u0131sm\u0131 yeterli kan alamayabilir ve \u00f6lebilir.<\/li>\n<\/ul>\n<\/li>\n\n\n\n<li><strong>Anestezi Riskleri:<\/strong> Genel anestezinin de riskleri vard\u0131r ancak bunlar sa\u011fl\u0131kl\u0131 bireylerde nadirdir.<\/li>\n<\/ul>\n\n\n\n<p>Bu riskleri ayr\u0131nt\u0131l\u0131 olarak ele alaca\u011f\u0131m, bunlar\u0131n olas\u0131l\u0131\u011f\u0131n\u0131 ve bunlar\u0131 en aza indirmek i\u00e7in nas\u0131l \u00f6nlemler ald\u0131\u011f\u0131m\u0131 a\u00e7\u0131klayaca\u011f\u0131m. Bu olas\u0131 komplikasyonlar hakk\u0131nda ger\u00e7ek\u00e7i bir anlay\u0131\u015fa sahip olman\u0131z \u00f6nemlidir.<\/p>\n\n\n\n<h2 class=\"wp-block-heading\"><span class=\"ez-toc-section\" id=\"How_do_you_minimise_these_risks\"><\/span>Bu riskleri nas\u0131l en aza indirirsiniz?<span class=\"ez-toc-section-end\"><\/span><\/h2>\n\n\n\n<p>Riskleri en aza indirmek cerrahi prati\u011fimin ayr\u0131lmaz bir par\u00e7as\u0131d\u0131r. Hasta g\u00fcvenli\u011fini art\u0131rmak ve sonu\u00e7lar\u0131 optimize etmek i\u00e7in \u00e7e\u015fitli stratejiler kullan\u0131lmaktad\u0131r.<\/p>\n\n\n\n<h3 class=\"wp-block-heading\"><span class=\"ez-toc-section\" id=\"Risk_Mitigation_Strategies\"><\/span>Risk Azaltma Stratejileri:<span class=\"ez-toc-section-end\"><\/span><\/h3>\n\n\n\n<ul class=\"wp-block-list\">\n<li><strong>Ameliyat \u00d6ncesi Kapsaml\u0131 De\u011ferlendirme:<\/strong> T\u0131bbi ge\u00e7mi\u015finizin, ila\u00e7lar\u0131n\u0131z\u0131n ve ya\u015fam tarz\u0131n\u0131z\u0131n (sigara i\u00e7me durumu dahil) kapsaml\u0131 bir incelemesi, riskleri art\u0131rabilecek herhangi bir fakt\u00f6r\u00fcn belirlenmesine yard\u0131mc\u0131 olur. Gerekirse daha fazla test veya di\u011fer uzmanlarla kons\u00fcltasyon talep edebilirim.<\/li>\n\n\n\n<li><strong>Dikkatli Hasta Se\u00e7imi:<\/strong> Anatominiz, sa\u011fl\u0131k durumunuz ve ger\u00e7ek\u00e7i beklentileriniz g\u00f6z \u00f6n\u00fcne al\u0131nd\u0131\u011f\u0131nda prosed\u00fcr i\u00e7in uygun bir aday oldu\u011funuzdan emin olmak, risk azaltmada ilk ad\u0131md\u0131r.<\/li>\n\n\n\n<li><strong>Detayl\u0131 Cerrahi Planlama:<\/strong> Kesi hatt\u0131n\u0131n, \u00e7\u0131kar\u0131lacak deri miktar\u0131n\u0131n ve sa\u00e7 derisinin ilerletilme y\u00f6n\u00fcn\u00fcn titizlikle planlanmas\u0131 \u00e7ok \u00f6nemlidir.<\/li>\n\n\n\n<li><strong>Hassas Cerrahi Tekni\u011fi:<\/strong> Dikkatli diseksiyon, m\u00fcmk\u00fcn oldu\u011funca kan damarlar\u0131 ve sinirlerin korunmas\u0131 ve titiz kapatma gibi rafine cerrahi tekniklerinin kullan\u0131lmas\u0131, komplikasyonlar\u0131n en aza indirilmesine yard\u0131mc\u0131 olur.<\/li>\n\n\n\n<li><strong>Aseptik Tekni\u011fin Korunmas\u0131:<\/strong> Ameliyat boyunca steril prosed\u00fcrlere s\u0131k\u0131 s\u0131k\u0131ya uyulmas\u0131 enfeksiyon riskini azalt\u0131r.<\/li>\n\n\n\n<li><strong>A\u015f\u0131r\u0131 Gerginlikten Ka\u00e7\u0131nmak:<\/strong> Kesinin a\u015f\u0131r\u0131 gerginlik yaratmadan kapat\u0131lmas\u0131, iyi bir yara iyile\u015fmesi ve yara izi alopesisi ve cilt nekrozu gibi komplikasyonlar\u0131n \u00f6nlenmesi a\u00e7\u0131s\u0131ndan kritik \u00f6neme sahiptir.<\/li>\n\n\n\n<li><strong>Ameliyat Sonras\u0131 Takip ve Bak\u0131m:<\/strong> Ameliyat sonras\u0131 d\u00f6nemde yak\u0131n takip ve yara bak\u0131m\u0131, aktivite k\u0131s\u0131tlamalar\u0131 ve semptom y\u00f6netimi konusunda net talimatlar verilmesi, komplikasyonlar\u0131n \u00f6nlenmesine yard\u0131mc\u0131 olur ve sorunlar ortaya \u00e7\u0131kt\u0131\u011f\u0131nda zaman\u0131nda m\u00fcdahale edilmesini sa\u011flar.<\/li>\n\n\n\n<li><strong>Deneyimli Anestezi Ekibi:<\/strong> \u0130\u015flem, ameliyat boyunca sizi takip edecek deneyimli bir anestezist dan\u0131\u015fman\u0131n\u0131n verdi\u011fi genel anestezi alt\u0131nda ger\u00e7ekle\u015ftirilir.<\/li>\n<\/ul>\n\n\n\n<p>Tart\u0131\u015f\u0131lan potansiyel risklerin her birini en aza indirmek i\u00e7in ald\u0131\u011f\u0131m \u00f6zel \u00f6nlemleri a\u00e7\u0131klayarak hasta g\u00fcvenli\u011fine olan ba\u011fl\u0131l\u0131\u011f\u0131m\u0131 g\u00f6sterece\u011fim.<\/p>\n\n\n\n<h2 class=\"wp-block-heading\"><span class=\"ez-toc-section\" id=\"What_is_your_experience_with_hairline_lowering_surgery\"><\/span>Sa\u00e7 \u00e7izgisi d\u00fc\u015f\u00fcrme ameliyat\u0131 ile ilgili deneyiminiz nedir?<span class=\"ez-toc-section-end\"><\/span><\/h2>\n\n\n\n<p>Bu, d\u00fc\u015f\u00fcnd\u00fc\u011f\u00fcn\u00fcz herhangi bir cerraha sorulmas\u0131 gereken \u00e7ok \u00f6nemli bir sorudur. FFS&#039;nin bir par\u00e7as\u0131 olarak sa\u00e7 \u00e7izgisinin d\u00fc\u015f\u00fcr\u00fclmesi gibi karma\u015f\u0131k cerrahi prosed\u00fcrlerde deneyim \u00f6nemlidir.<\/p>\n\n\n\n<h3 class=\"wp-block-heading\"><span class=\"ez-toc-section\" id=\"Assessing_Your_Surgeons_Experience\"><\/span>Cerrah\u0131n\u0131z\u0131n Deneyimini De\u011ferlendirme:<span class=\"ez-toc-section-end\"><\/span><\/h3>\n\n\n\n<ul class=\"wp-block-list\">\n<li><strong>\u0130\u015flem Hacmi:<\/strong> Cerrah\u0131n y\u0131lda ka\u00e7 tane sa\u00e7 \u00e7izgisi d\u00fc\u015f\u00fcrme prosed\u00fcr\u00fc ger\u00e7ekle\u015ftirdi\u011fini ve toplamda ka\u00e7 tane ger\u00e7ekle\u015ftirdi\u011fini sorun. Bu prosed\u00fcr\u00fc d\u00fczenli olarak ger\u00e7ekle\u015ftiren bir cerrah\u0131n daha rafine bir tekni\u011fi ve olas\u0131 zorluklar ve bunlar\u0131n nas\u0131l y\u00f6netilece\u011fi konusunda daha iyi bir anlay\u0131\u015f\u0131 olmas\u0131 muhtemeldir.<\/li>\n\n\n\n<li><strong>FFS&#039;de Uzmanla\u015fma:<\/strong> Sa\u00e7 \u00e7izgisinin d\u00fc\u015f\u00fcr\u00fclmesi i\u015flemini bir\u00e7ok plastik cerrah ger\u00e7ekle\u015ftirebilirken, FFS&#039;ye odaklanan bir cerrah, transgender hastalarla ilgili spesifik estetik hedefler ve anatomik hususlar hakk\u0131nda daha derin bir anlay\u0131\u015fa sahip olacakt\u0131r.<\/li>\n\n\n\n<li><strong>Sonu\u00e7lar ve Hasta Memnuniyeti:<\/strong> Bir cerrah kesin sonu\u00e7lar\u0131 garanti edemese de, tipik sonu\u00e7lar\u0131 ve hasta memnuniyetini nas\u0131l \u00f6l\u00e7t\u00fcklerini sorabilirsiniz.<\/li>\n\n\n\n<li><strong>\u00d6ncesi ve Sonras\u0131 Foto\u011fraflar\u0131:<\/strong> Bir cerrah\u0131n \u00f6nceki sa\u00e7 \u00e7izgisi al\u00e7altma hastalar\u0131n\u0131n \u00f6ncesi ve sonras\u0131 foto\u011fraflar\u0131ndan olu\u015fan portf\u00f6y\u00fcn\u00fc incelemek \u00e7ok \u00f6nemlidir. Kendi estetik hedeflerinizle uyumlu sonu\u00e7lar\u0131 aray\u0131n ve yara izi kalitesini ve sa\u00e7 \u00e7izgisi konturunu g\u00f6zlemleyin. Sizinkine benzer al\u0131n y\u00fcksekli\u011fi ve sa\u00e7 \u00e7izgisi \u00f6zelliklerine sahip hastalara dikkat edin.<\/li>\n<\/ul>\n\n\n\n<p>Deneyimim, ger\u00e7ekle\u015ftirdi\u011fim sa\u00e7 \u00e7izgisi d\u00fc\u015f\u00fcrme prosed\u00fcrlerinin say\u0131s\u0131 ve FFS ba\u011flam\u0131nda do\u011fal g\u00f6r\u00fcn\u00fcml\u00fc ve tatmin edici sonu\u00e7lar elde etme yakla\u015f\u0131m\u0131m konusunda \u015feffaf olaca\u011f\u0131m.<\/p>\n\n\n\n<h2 class=\"wp-block-heading\"><span class=\"ez-toc-section\" id=\"What_happens_on_the_day_of_surgery\"><\/span>Ameliyat g\u00fcn\u00fc neler ya\u015fan\u0131r?<span class=\"ez-toc-section-end\"><\/span><\/h2>\n\n\n\n<p>Ameliyat s\u00fcrecini anlamak kayg\u0131y\u0131 hafifletmeye yard\u0131mc\u0131 olabilir. Sa\u00e7 \u00e7izgisi d\u00fc\u015f\u00fcrme ameliyat\u0131n\u0131z\u0131n oldu\u011fu g\u00fcn sizi neler bekledi\u011fini anlataca\u011f\u0131m.<\/p>\n\n\n\n<h3 class=\"wp-block-heading\"><span class=\"ez-toc-section\" id=\"The_Surgical_Day_Process\"><\/span>Ameliyat G\u00fcn\u00fc S\u00fcreci:<span class=\"ez-toc-section-end\"><\/span><\/h3>\n\n\n\n<ul class=\"wp-block-list\">\n<li><strong>Var\u0131\u015f ve Kabul:<\/strong> Planlanan saatte hastaneye veya cerrahi merkeze varacak ve gerekli kabul prosed\u00fcrlerini tamamlayacaks\u0131n\u0131z.<\/li>\n\n\n\n<li><strong>Cerrahi Ekiple Tan\u0131\u015fma:<\/strong> Hem\u015fire personeli, anestezist ve benimle g\u00f6r\u00fc\u015feceksiniz. Bu, son dakika sorular\u0131n\u0131z\u0131 sormak i\u00e7in ba\u015fka bir f\u0131rsat.<\/li>\n\n\n\n<li><strong>Ameliyat \u00d6ncesi \u0130\u015faretleme:<\/strong> Planlanan kesi hatt\u0131n\u0131 ve \u00e7\u0131kar\u0131lacak deri miktar\u0131n\u0131 belirlemek i\u00e7in aln\u0131n\u0131za ve sa\u00e7 derinize i\u015faretler koyaca\u011f\u0131m. Bu, ameliyat \u00f6ncesi planlamam\u0131za dayanan hassas bir i\u015flemdir.<\/li>\n\n\n\n<li><strong>Anestezi:<\/strong> FFS i\u00e7in sa\u00e7 \u00e7izgisi d\u00fc\u015f\u00fcrme ameliyat\u0131 genellikle genel anestezi alt\u0131nda yap\u0131l\u0131r. Bu, prosed\u00fcr boyunca uyuyaca\u011f\u0131n\u0131z ve a\u011fr\u0131s\u0131z olaca\u011f\u0131n\u0131z anlam\u0131na gelir. Anestezist anestezi s\u00fcrecini tart\u0131\u015facak ve sahip oldu\u011funuz endi\u015feleri giderecektir.\n<ul class=\"wp-block-list\">\n<li><em>Basit a\u00e7\u0131klama:<\/em> Ameliyat s\u0131ras\u0131nda tamamen uyuyor olacaks\u0131n\u0131z, bu y\u00fczden hi\u00e7bir \u015fey hissetmeyeceksiniz.<\/li>\n<\/ul>\n<\/li>\n\n\n\n<li><strong>Cerrahi \u0130\u015flem:<\/strong> Anestezi alt\u0131na girdikten sonra, cerrahi ekip cerrahi alan\u0131 haz\u0131rlayacakt\u0131r. Daha sonra, kesiyi yapmay\u0131, fazla al\u0131n derisini \u00e7\u0131karmay\u0131, kafa derisini ilerletmeyi ve kesiyi titizlikle kapatmay\u0131 i\u00e7eren sa\u00e7 \u00e7izgisi al\u00e7altma prosed\u00fcr\u00fcn\u00fc planland\u0131\u011f\u0131 gibi ger\u00e7ekle\u015ftirece\u011fim.<\/li>\n\n\n\n<li><strong>Ameliyat S\u00fcresi:<\/strong> Ameliyat\u0131n s\u00fcresi, sa\u00e7 \u00e7izgisinin al\u00e7alt\u0131lmas\u0131n\u0131n tek ba\u015f\u0131na bir prosed\u00fcr olarak m\u0131 yoksa di\u011fer FFS prosed\u00fcrleriyle birlikte mi ger\u00e7ekle\u015ftirilece\u011fine ba\u011fl\u0131 olacakt\u0131r. Sa\u00e7 \u00e7izgisinin al\u00e7alt\u0131lmas\u0131 tek ba\u015f\u0131na genellikle 1,5 ila 3 saat aras\u0131nda s\u00fcrer.<\/li>\n\n\n\n<li><strong>Ameliyathane Odas\u0131 (Anestezi Sonras\u0131 Bak\u0131m \u00dcnitesi \u2013 PACU):<\/strong> Ameliyat tamamland\u0131ktan sonra anesteziden uyanana kadar yak\u0131ndan izlenece\u011finiz derlenme odas\u0131na al\u0131nacaks\u0131n\u0131z.<\/li>\n\n\n\n<li><strong>Ko\u011fu\u015fa Nakil:<\/strong> Durumunuz stabil hale gelip tamamen uyand\u0131\u011f\u0131n\u0131zda, gece boyunca g\u00f6zlem alt\u0131nda tutulmak \u00fczere bir hastane ko\u011fu\u015funa transfer edileceksiniz veya baz\u0131 durumlarda, g\u00fcn\u00fcbirlik bir vaka ise ve g\u00fcvenli oldu\u011funa karar verilirse taburcu edileceksiniz.<\/li>\n<\/ul>\n\n\n\n<p>Ameliyat g\u00fcn\u00fc s\u00fcreci hakk\u0131nda detayl\u0131 bir a\u00e7\u0131klama yaparak, geldi\u011finiz andan iyile\u015fene veya servise transfer edilene kadar neler beklemeniz gerekti\u011fini bilmenizi sa\u011flayaca\u011f\u0131m.<\/p>\n\n\n\n<h2 class=\"wp-block-heading\"><span class=\"ez-toc-section\" id=\"What_is_the_recovery_like_after_hairline_lowering\"><\/span>Sa\u00e7 \u00e7izgisi d\u00fc\u015f\u00fcrme ameliyat\u0131 sonras\u0131 iyile\u015fme s\u00fcreci nas\u0131ld\u0131r?<span class=\"ez-toc-section-end\"><\/span><\/h2>\n\n\n\n<p>Kurtarma s\u00fcrecini anlamak, planlama ve ger\u00e7ek\u00e7i beklentiler belirlemek i\u00e7in \u00e7ok \u00f6nemlidir. Sa\u00e7 \u00e7izgisinin d\u00fc\u015fmesinden kurtulma s\u00fcreci birka\u00e7 a\u015famay\u0131 i\u00e7erir ve ilk d\u00f6nem en fazla \u00f6zen ve dinlenmeyi gerektirir.<\/p>\n\n\n\n<h3 class=\"wp-block-heading\"><span class=\"ez-toc-section\" id=\"Immediate_Post-operative_Period_First_few_days_to_a_week\"><\/span>Ameliyattan Hemen Sonraki D\u00f6nem (\u0130lk birka\u00e7 g\u00fcn ile bir hafta aras\u0131):<span class=\"ez-toc-section-end\"><\/span><\/h3>\n\n\n\n<ul class=\"wp-block-list\">\n<li><strong>A\u011fr\u0131 ve Rahats\u0131zl\u0131k:<\/strong> Re\u00e7eteli a\u011fr\u0131 kesicilerle kontrol alt\u0131na al\u0131nacak a\u011fr\u0131 ve rahats\u0131zl\u0131k ya\u015fayacaks\u0131n\u0131z.<\/li>\n\n\n\n<li><strong>\u015ei\u015flik ve Morarma:<\/strong> Al\u0131nda ve g\u00f6z \u00e7evresinde belirgin \u015fi\u015flik ve morarma beklenir. Talimatlara g\u00f6re so\u011fuk kompres uygulamak \u015fi\u015fli\u011fi azaltmaya yard\u0131mc\u0131 olabilir.<\/li>\n\n\n\n<li><strong>Uyu\u015fma:<\/strong> Sinir gerilmesine ba\u011fl\u0131 olarak al\u0131n ve sa\u00e7l\u0131 deride uyu\u015fukluk meydana gelir.<\/li>\n\n\n\n<li><strong>Ba\u015f\u00f6rt\u00fcs\u00fc\/Sarg\u0131lar:<\/strong> \u015ei\u015fli\u011fi azaltmaya ve cerrahi b\u00f6lgeyi desteklemeye yard\u0131mc\u0131 olmak i\u00e7in muhtemelen ba\u015f\u0131n\u0131zda bir bandaj veya pansuman olacakt\u0131r.<\/li>\n\n\n\n<li><strong>Drenajlar (e\u011fer kullan\u0131l\u0131yorsa):<\/strong> Baz\u0131 durumlarda, fazla s\u0131v\u0131y\u0131 toplamak i\u00e7in cildin alt\u0131na k\u00fc\u00e7\u00fck drenler yerle\u015ftirilebilir. Bunlar genellikle bir veya iki g\u00fcn i\u00e7inde \u00e7\u0131kar\u0131l\u0131r.<\/li>\n\n\n\n<li><strong>Etkinlik K\u0131s\u0131tlamalar\u0131:<\/strong> Dinlenmeniz ve yorucu aktivitelerden, e\u011filmekten ve kald\u0131rmaktan ka\u00e7\u0131nman\u0131z gerekecektir. \u015ei\u015fli\u011fi azaltmaya yard\u0131mc\u0131 olmak i\u00e7in ba\u015f\u0131n\u0131z\u0131 y\u00fcksekte tutun.<\/li>\n\n\n\n<li><strong>Yara Bak\u0131m\u0131:<\/strong> Kesi yerinize nas\u0131l bak\u0131m yapaca\u011f\u0131n\u0131za dair \u00f6zel talimatlar alacaks\u0131n\u0131z; bu talimatlar aras\u0131nda nazik temizlik de yer alabilir.<\/li>\n<\/ul>\n\n\n\n<h3 class=\"wp-block-heading\"><span class=\"ez-toc-section\" id=\"Early_Recovery_1_to_3_weeks\"><\/span>Erken \u0130yile\u015fme (1 ila 3 hafta):<span class=\"ez-toc-section-end\"><\/span><\/h3>\n\n\n\n<ul class=\"wp-block-list\">\n<li><strong>\u015ei\u015flik ve Morarma Azal\u0131r:<\/strong> \u015ei\u015flik ve morarma zamanla azalacakt\u0131r, ancak baz\u0131 \u015fi\u015flikler birka\u00e7 hafta boyunca kalabilir.<\/li>\n\n\n\n<li><strong>Duygu Geri D\u00f6nmeye Ba\u015fl\u0131yor:<\/strong> Al\u0131n ve sa\u00e7l\u0131 deride his yava\u015f yava\u015f geri d\u00f6nmeye ba\u015flayabilir, buna kar\u0131ncalanma veya ka\u015f\u0131nt\u0131 da e\u015flik edebilir.<\/li>\n\n\n\n<li><strong>I\u015f\u0131\u011fa D\u00f6n\u00fc\u015f Etkinlikleri:<\/strong> Aktivite seviyenizi kademeli olarak art\u0131rabilirsiniz ancak kalp at\u0131\u015f h\u0131z\u0131n\u0131z\u0131 veya kan bas\u0131nc\u0131n\u0131z\u0131 \u00f6nemli \u00f6l\u00e7\u00fcde art\u0131racak her \u015feyden ka\u00e7\u0131n\u0131n.<\/li>\n\n\n\n<li><strong>Diki\u015f\/Z\u0131mba \u00c7\u0131karma:<\/strong> Diki\u015fler veya z\u0131mbalar genellikle ameliyattan yakla\u015f\u0131k 7 ila 14 g\u00fcn sonra al\u0131n\u0131r.<\/li>\n<\/ul>\n\n\n\n<h3 class=\"wp-block-heading\"><span class=\"ez-toc-section\" id=\"Mid-Term_Recovery_1_to_3_months\"><\/span>Orta Vadeli Kurtarma (1 ila 3 ay):<span class=\"ez-toc-section-end\"><\/span><\/h3>\n\n\n\n<ul class=\"wp-block-list\">\n<li><strong>G\u00f6r\u00fcn\u00fcmde \u00d6nemli \u0130yile\u015fme:<\/strong> \u015ei\u015flik ve morluklar\u0131n \u00e7o\u011fu inmi\u015f olacak ve yeni sa\u00e7 \u00e7izginizin pozisyonuna dair iyi belirtiler g\u00f6rmeye ba\u015flayacaks\u0131n\u0131z.<\/li>\n\n\n\n<li><strong>Yara Olgunla\u015fmas\u0131 Ba\u015fl\u0131yor:<\/strong> Yara izi hala g\u00f6r\u00fcn\u00fcr olacak ancak yumu\u015famaya ve solmaya ba\u015flayacakt\u0131r.<\/li>\n\n\n\n<li><strong>Duygu \u0130yile\u015fmeye Devam Ediyor:<\/strong> Hissiyat geri d\u00f6nmeye devam edecektir, ancak tam geri d\u00f6n\u00fc\u015f daha uzun s\u00fcrebilir.<\/li>\n\n\n\n<li><strong>\u00c7o\u011fu Aktiviteye Geri D\u00f6n:<\/strong> Egzersiz de dahil olmak \u00fczere \u00e7o\u011fu normal aktiviteye geri d\u00f6nebilirsiniz, ancak zorlu aktivitelere yine de kademeli olarak yakla\u015fman\u0131z gerekebilir.<\/li>\n<\/ul>\n\n\n\n<h3 class=\"wp-block-heading\"><span class=\"ez-toc-section\" id=\"Long-Term_Recovery_3_months_and_beyond\"><\/span>Uzun Vadeli \u0130yile\u015fme (3 ay ve \u00fczeri):<span class=\"ez-toc-section-end\"><\/span><\/h3>\n\n\n\n<ul class=\"wp-block-list\">\n<li><strong>Yara Olgunla\u015fmas\u0131 Devam Ediyor:<\/strong> Yara izi birka\u00e7 ay i\u00e7inde incelmeye ve solmaya devam edecektir.<\/li>\n\n\n\n<li><strong>Sa\u00e7 Yeniden Uzamas\u0131:<\/strong> E\u011fer ge\u00e7ici \u015fok d\u00f6k\u00fclme ya\u015fad\u0131ysan\u0131z, kesi hatt\u0131 boyunca sa\u00e7 uzamas\u0131 \u00e7oktan ba\u015flam\u0131\u015f olmal\u0131d\u0131r.<\/li>\n\n\n\n<li><strong>Sonu\u00e7lar A\u00e7\u0131kland\u0131:<\/strong> Sa\u00e7 \u00e7izginizin a\u015fa\u011f\u0131 indirilmesinin nihai estetik sonu\u00e7lar\u0131, \u015fi\u015flik tamamen \u00e7\u00f6z\u00fcld\u00fck\u00e7e ve yara izi olgunla\u015ft\u0131k\u00e7a daha belirgin hale gelecektir.<\/li>\n<\/ul>\n\n\n\n<p>Size her a\u015famada ne beklemeniz gerekti\u011fini, semptomlar\u0131n nas\u0131l y\u00f6netilece\u011fini ve normal aktivitelerinize ne zaman kademeli olarak d\u00f6nebilece\u011finizi ana hatlar\u0131yla a\u00e7\u0131klayan ayr\u0131nt\u0131l\u0131 bir iyile\u015fme takvimi sunaca\u011f\u0131m.<\/p>\n\n\n\n<h2 class=\"wp-block-heading\"><span class=\"ez-toc-section\" id=\"When_can_I_return_to_work_and_normal_activities\"><\/span>Ne zaman i\u015fe ve normal aktivitelerime d\u00f6nebilirim?<span class=\"ez-toc-section-end\"><\/span><\/h2>\n\n\n\n<p>\u0130\u015fe ve normal aktivitelere d\u00f6n\u00fc\u015f s\u00fcreci, bireye, ameliyat\u0131n kapsam\u0131na (sa\u00e7 \u00e7izgisinin d\u00fc\u015f\u00fcr\u00fclmesinin tek ba\u015f\u0131na m\u0131 yoksa di\u011fer prosed\u00fcrlerle birlikte mi yap\u0131ld\u0131\u011f\u0131) ve i\u015finizin veya aktivitelerinizin niteli\u011fine ba\u011fl\u0131 olarak de\u011fi\u015fir.<\/p>\n\n\n\n<h3 class=\"wp-block-heading\"><span class=\"ez-toc-section\" id=\"General_Guidelines\"><\/span>Genel Kurallar:<span class=\"ez-toc-section-end\"><\/span><\/h3>\n\n\n\n<ul class=\"wp-block-list\">\n<li><strong>Hafif\/Hareketsiz \u00c7al\u0131\u015fma:<\/strong> E\u011fer i\u015finiz hareketsiz ise ve fiziksel efor gerektirmiyorsa, kendinizi iyi ve rahat hissetmeniz ko\u015fuluyla, ameliyattan sonra 1-2 hafta i\u00e7inde i\u015fe d\u00f6nebilirsiniz.<\/li>\n\n\n\n<li><strong>Fiziksel Olarak Zorlu \u0130\u015fler:<\/strong> E\u011fer i\u015finiz fiziksel emek, a\u011f\u0131r kald\u0131rma veya yorucu aktiviteler gerektiriyorsa, muhtemelen 3 ila 4 hafta veya daha fazla s\u00fcrecek daha uzun bir iyile\u015fme s\u00fcrecine ihtiyac\u0131n\u0131z olacakt\u0131r.<\/li>\n\n\n\n<li><strong>Zorlu Egzersiz:<\/strong> Ameliyattan sonra en az 4 ila 6 hafta boyunca a\u011f\u0131r kald\u0131rma ve y\u00fcksek etkili aktiviteler dahil olmak \u00fczere yorucu egzersizlerden ka\u00e7\u0131n\u0131n. Tolere edilebildi\u011fi \u00f6l\u00e7\u00fcde egzersize kademeli olarak yeniden ba\u015flay\u0131n.<\/li>\n\n\n\n<li><strong>Sosyal Aktiviteler:<\/strong> 2-3 hafta i\u00e7inde sosyal aktivitelerinize rahatl\u0131kla d\u00f6nebilirsiniz, ancak yine de baz\u0131 \u015fi\u015flik ve morluklar kalabilir.<\/li>\n<\/ul>\n\n\n\n<p>\u0130yile\u015fme s\u0131ras\u0131nda v\u00fccudunuzu dinlemek ve aktivitelere \u00e7ok erken geri d\u00f6nmemek \u00f6nemlidir, \u00e7\u00fcnk\u00fc bu iyile\u015fmeyi tehlikeye atabilir ve komplikasyon riskini art\u0131rabilir. Size i\u015fe d\u00f6nmeniz i\u00e7in g\u00fcvenli zaman ve bireysel ko\u015fullar\u0131n\u0131za g\u00f6re belirli aktiviteler konusunda ki\u015fiselle\u015ftirilmi\u015f rehberlik sa\u011flayaca\u011f\u0131m.<\/p>\n\n\n\n<h2 class=\"wp-block-heading\"><span class=\"ez-toc-section\" id=\"How_do_I_care_for_the_incision_site_during_recovery\"><\/span>\u0130yile\u015fme d\u00f6neminde kesi yerinin bak\u0131m\u0131n\u0131 nas\u0131l yapmal\u0131y\u0131m?<span class=\"ez-toc-section-end\"><\/span><\/h2>\n\n\n\n<p>Enfeksiyonu \u00f6nlemek, optimum iyile\u015fmeyi desteklemek ve yara izinin g\u00f6r\u00fcn\u00fcrl\u00fc\u011f\u00fcn\u00fc en aza indirmek i\u00e7in kesi yerinin uygun \u015fekilde bak\u0131m\u0131 kritik \u00f6neme sahiptir.<\/p>\n\n\n\n<h3 class=\"wp-block-heading\"><span class=\"ez-toc-section\" id=\"Incision_Care_Instructions\"><\/span>Kesi Bak\u0131m Talimatlar\u0131:<span class=\"ez-toc-section-end\"><\/span><\/h3>\n\n\n\n<ul class=\"wp-block-list\">\n<li><strong>Alan\u0131n Temiz ve Kuru Tutulmas\u0131:<\/strong> Kesi alan\u0131n\u0131 nazik\u00e7e nas\u0131l temizleyece\u011finize dair \u00f6zel talimatlar alacaks\u0131n\u0131z. Bu, hafif bir sabun veya tuzlu su sol\u00fcsyonu kullanmay\u0131 i\u00e7erebilir. \u00d6zellikle ameliyattan sonraki ilk g\u00fcnlerde kesiyi kuru tutmak \u00f6nemlidir.<\/li>\n\n\n\n<li><strong>Koparmaktan veya \u00c7izmekten Ka\u00e7\u0131nmak:<\/strong> Kesi hatt\u0131 boyunca olu\u015fan kabuklar\u0131 koparma iste\u011fine direnin, \u00e7\u00fcnk\u00fc bu iyile\u015fmeyi bozabilir ve yara izini daha da k\u00f6t\u00fcle\u015ftirebilir.<\/li>\n\n\n\n<li><strong>Ka\u015f\u0131nt\u0131n\u0131n Y\u00f6netimi:<\/strong> Sinirler iyile\u015firken kesi boyunca ka\u015f\u0131nt\u0131 yayg\u0131nd\u0131r. Ka\u015f\u0131maktan ka\u00e7\u0131n\u0131n. Ka\u015f\u0131nt\u0131y\u0131 y\u00f6netmeye yard\u0131mc\u0131 olmak i\u00e7in re\u00e7etesiz veya re\u00e7eteli kremler \u00f6nerebilirim.<\/li>\n\n\n\n<li><strong>Sa\u00e7 Y\u0131kama:<\/strong> Ameliyattan sonra sa\u00e7\u0131n\u0131z\u0131 ne zaman ve nas\u0131l g\u00fcvenli bir \u015fekilde y\u0131kayaca\u011f\u0131n\u0131z konusunda tavsiyelerde bulunulacakt\u0131r. Bu genellikle nazik bir \u015fampuan kullanmay\u0131 ve kesi \u00e7evresinde dikkatli olmay\u0131 i\u00e7erir.<\/li>\n\n\n\n<li><strong>Takip Randevular\u0131:<\/strong> \u0130yile\u015fme s\u00fcrecinizi takip edebilmem, diki\u015fleri veya z\u0131mbalar\u0131 \u00e7\u0131karabilmem ve endi\u015felerinizi giderebilmem i\u00e7in takip randevular\u0131n\u0131z planlanacakt\u0131r.<\/li>\n<\/ul>\n\n\n\n<p>Kesi\u011finizin bak\u0131m\u0131 i\u00e7in detayl\u0131 yaz\u0131l\u0131 talimatlar verece\u011fim, gerekirse temizleme ve pansuman de\u011fi\u015ftirme tekniklerini g\u00f6sterece\u011fim.<\/p>\n\n\n\n<h2 class=\"wp-block-heading\"><span class=\"ez-toc-section\" id=\"When_will_I_see_the_final_results_of_the_hairline_lowering\"><\/span>Sa\u00e7 \u00e7izgisinin a\u015fa\u011f\u0131 indirilmesinin nihai sonu\u00e7lar\u0131n\u0131 ne zaman g\u00f6rebilirim?<span class=\"ez-toc-section-end\"><\/span><\/h2>\n\n\n\n<p>Sa\u00e7 \u00e7izgisinin d\u00fc\u015f\u00fcr\u00fclmesinin sonu\u00e7lar\u0131n\u0131n, \u00e7o\u011fu cerrahi prosed\u00fcr gibi, zamanla de\u011fi\u015fti\u011fini anlamak \u00f6nemlidir. Ameliyattan sonra sa\u00e7 \u00e7izginizin pozisyonunda hemen bir de\u011fi\u015fiklik g\u00f6recek olsan\u0131z da, nihai estetik sonucun tamamen belirgin hale gelmesi birka\u00e7 ay s\u00fcrecektir.<\/p>\n\n\n\n<h3 class=\"wp-block-heading\"><span class=\"ez-toc-section\" id=\"Timeline_for_Seeing_Results\"><\/span>Sonu\u00e7lar\u0131 G\u00f6rmek \u0130\u00e7in Zaman \u00c7izelgesi:<span class=\"ez-toc-section-end\"><\/span><\/h3>\n\n\n\n<ul class=\"wp-block-list\">\n<li><strong>Ameliyattan Hemen Sonra:<\/strong> Ameliyattan hemen sonra sa\u00e7 \u00e7izgisinin al\u00e7alt\u0131lm\u0131\u015f halini g\u00f6receksiniz, ancak \u015fi\u015flik ve morarma nedeniyle nihai kontur ge\u00e7ici olarak belirsizle\u015fecektir.<\/li>\n\n\n\n<li><strong>\u0130lk Haftalar:<\/strong> \u0130lk birka\u00e7 hafta i\u00e7inde \u015fi\u015flik ve morarma azald\u0131k\u00e7a yeni sa\u00e7 \u00e7izgisi daha belirgin hale gelecektir.<\/li>\n\n\n\n<li><strong>Birka\u00e7 Ay:<\/strong> \u00d6n\u00fcm\u00fczdeki birka\u00e7 ay i\u00e7erisinde yara izi olgunla\u015fmaya ve solmaya ba\u015flayacak, ge\u00e7ici \u015fok d\u00f6k\u00fclme ise yeni sa\u00e7 \u00e7\u0131k\u0131\u015f\u0131yla d\u00fczelmeye ba\u015flayacakt\u0131r.<\/li>\n\n\n\n<li><strong>Alt\u0131 Aydan Bir Y\u0131la Kadar:<\/strong> Son sonu\u00e7lar genellikle ameliyattan yakla\u015f\u0131k alt\u0131 ay ila bir y\u0131l sonra de\u011ferlendirilir. Bu zamana kadar yara izi \u00f6nemli \u00f6l\u00e7\u00fcde olgunla\u015fm\u0131\u015f olmal\u0131 ve kesi boyunca sa\u00e7 yeniden b\u00fcy\u00fcmesi iyi bir \u015fekilde yerle\u015fmi\u015f olmal\u0131, yara izini kamufle etmeye yard\u0131mc\u0131 olmal\u0131d\u0131r. Dokular yerle\u015fmi\u015f olacak ve son sa\u00e7 \u00e7izgisi konturu belirginle\u015fecektir.<\/li>\n<\/ul>\n\n\n\n<p>\u0130yile\u015fme s\u00fcrecinde sab\u0131rl\u0131 olmak ve ilk g\u00f6r\u00fcn\u00fcm\u00fcn nihai sonu\u00e7 olmad\u0131\u011f\u0131n\u0131 anlamak \u00e7ok \u00f6nemlidir. Nihai sonucu g\u00f6rme zaman \u00e7izelgesine ili\u015fkin beklentilerinizi y\u00f6netece\u011fim ve iyile\u015fmenin a\u015famalar\u0131n\u0131 a\u00e7\u0131klayaca\u011f\u0131m.<\/p>\n\n\n\n<h2 class=\"wp-block-heading\"><span class=\"ez-toc-section\" id=\"What_results_can_I_realistically_expect_from_hairline_lowering\"><\/span>Sa\u00e7 \u00e7izgisinin a\u015fa\u011f\u0131 indirilmesinden ger\u00e7ek\u00e7i olarak hangi sonu\u00e7lar\u0131 bekleyebilirim?<span class=\"ez-toc-section-end\"><\/span><\/h2>\n\n\n\n<p>Beklentileri y\u00f6netmek, dan\u0131\u015fma s\u00fcrecinin hayati bir par\u00e7as\u0131d\u0131r. Sa\u00e7 \u00e7izgisinin d\u00fc\u015f\u00fcr\u00fclmesi, y\u00fcksek bir aln\u0131n g\u00f6r\u00fcn\u00fcm\u00fcn\u00fc \u00f6nemli \u00f6l\u00e7\u00fcde iyile\u015ftirebilir ve daha kad\u0131ns\u0131 bir y\u00fcz esteti\u011fine \u00f6nemli \u00f6l\u00e7\u00fcde katk\u0131da bulunabilirken, elde edilebilecek d\u00fc\u015f\u00fcrme derecesi, yara izinin g\u00f6r\u00fcn\u00fcm\u00fc ve genel sonu\u00e7 hakk\u0131nda ger\u00e7ek\u00e7i beklentilere sahip olmak \u00f6nemlidir.<\/p>\n\n\n\n<h3 class=\"wp-block-heading\"><span class=\"ez-toc-section\" id=\"Realistic_Expectations\"><\/span>Ger\u00e7ek\u00e7i Beklentiler:<span class=\"ez-toc-section-end\"><\/span><\/h3>\n\n\n\n<ul class=\"wp-block-list\">\n<li><strong>D\u00fc\u015f\u00fcrme Derecesi:<\/strong> Tart\u0131\u015f\u0131ld\u0131\u011f\u0131 \u00fczere, al\u00e7altma miktar\u0131 kafa derisi gev\u015fekli\u011fiyle s\u0131n\u0131rl\u0131d\u0131r. \u00d6nemli bir azalma genellikle m\u00fcmk\u00fcn olsa da, bireysel anatominiz i\u00e7in ger\u00e7ek\u00e7i aral\u0131\u011f\u0131 anlamak \u00f6nemlidir.<\/li>\n\n\n\n<li><strong>Yara \u0130zi G\u00f6r\u00fcn\u00fcrl\u00fc\u011f\u00fc:<\/strong> Ama\u00e7 iyi kamufle edilmi\u015f bir yara izi elde etmek olsa da, yeni sa\u00e7 \u00e7izgisi boyunca bir yara izi \u00e7izgisi mevcut olacakt\u0131r. \u00c7o\u011fu durumda, yara izi g\u00f6ze \u00e7arpmaz ve sa\u00e7 taraf\u0131ndan kolayca gizlenir, ancak g\u00f6r\u00fcn\u00fcrl\u00fc\u011f\u00fc bireysel iyile\u015fmeye, sa\u00e7 yo\u011funlu\u011funa ve yara izinin olgunla\u015fmas\u0131na ba\u011fl\u0131 olarak de\u011fi\u015febilir.<\/li>\n\n\n\n<li><strong>Sa\u00e7 \u00c7izgisi \u015eekli:<\/strong> Sa\u00e7 \u00e7izgisini, geleneksel olarak erkeksi olan M \u015feklinin aksine, daha yuvarlak veya oval bir \u015fekil gibi daha kad\u0131ns\u0131 bir kontur olu\u015fturmak i\u00e7in yeniden \u015fekillendirebiliriz.<\/li>\n\n\n\n<li><strong>Genel Y\u00fcz Uyumu:<\/strong> Sa\u00e7 \u00e7izgisinin al\u00e7alt\u0131lmas\u0131 genellikle daha geni\u015f bir FFS plan\u0131n\u0131n par\u00e7as\u0131 olarak ger\u00e7ekle\u015ftirilir. En iyi sonu\u00e7lar, sa\u00e7 \u00e7izgisinin al\u00e7alt\u0131lmas\u0131n\u0131n genel y\u00fcz dengesi ve feminizasyon yaratmak i\u00e7in di\u011fer prosed\u00fcrlerle uyumlu bir \u015fekilde entegre edilmesiyle elde edilir.<\/li>\n\n\n\n<li><strong>Sa\u00e7 D\u00f6k\u00fclmesinin Tedavisi De\u011fildir:<\/strong> Sa\u00e7 \u00e7izgisinin d\u00fc\u015f\u00fcr\u00fclmesi gelecekteki sa\u00e7 d\u00f6k\u00fclmesini engellemez. E\u011fer desen kellik e\u011filiminiz varsa, bunu y\u00f6netmek i\u00e7in stratejileri tart\u0131\u015fmam\u0131z gerekecektir.<\/li>\n<\/ul>\n\n\n\n<p>Hangi sonu\u00e7lar\u0131n ger\u00e7ek\u00e7i bir \u015fekilde elde edilebilece\u011fini tart\u0131\u015faca\u011f\u0131m <em>Sen<\/em> anatominize ili\u015fkin de\u011ferlendirmeme dayanarak, olas\u0131 sonu\u00e7lar\u0131n g\u00f6rsel bir temsilini sunmak i\u00e7in benzer \u00f6zelliklere sahip hastalar\u0131n \u00f6ncesi ve sonras\u0131 foto\u011fraflar\u0131n\u0131 g\u00f6sterece\u011fim. Ayr\u0131ca, sa\u00e7 \u00e7izgisinin al\u00e7alt\u0131lmas\u0131n\u0131 genel FFS hedeflerinize entegre etmenin \u00f6nemini tart\u0131\u015faca\u011f\u0131z.<\/p>\n\n\n\n<h2 class=\"wp-block-heading\"><span class=\"ez-toc-section\" id=\"Will_I_need_any_follow-up_procedures_after_hairline_lowering\"><\/span>Sa\u00e7 \u00e7izgisi d\u00fc\u015f\u00fcrme i\u015fleminden sonra herhangi bir ek i\u015fleme ihtiyac\u0131m olacak m\u0131?<span class=\"ez-toc-section-end\"><\/span><\/h2>\n\n\n\n<p>\u00c7o\u011fu durumda, tek bir sa\u00e7 \u00e7izgisi d\u00fc\u015f\u00fcrme prosed\u00fcr\u00fc istenen sonucu elde eder. Ancak baz\u0131 durumlarda, takip prosed\u00fcrleri d\u00fc\u015f\u00fcn\u00fclebilir.<\/p>\n\n\n\n<h3 class=\"wp-block-heading\"><span class=\"ez-toc-section\" id=\"Potential_Follow-up_Procedures\"><\/span>Olas\u0131 Takip Prosed\u00fcrleri:<span class=\"ez-toc-section-end\"><\/span><\/h3>\n\n\n\n<ul class=\"wp-block-list\">\n<li><strong>Revizyon Cerrahisi:<\/strong> Nadiren de olsa, yara iyile\u015fmesiyle ilgili sorunlar varsa (\u00f6rne\u011fin, \u00f6nemli \u00f6l\u00e7\u00fcde geni\u015fleme veya hipertrofi) veya sa\u00e7 \u00e7izgisi konturunda k\u00fc\u00e7\u00fck ayarlamalar gerekiyorsa, yara tamamen olgunla\u015ft\u0131\u011f\u0131nda yara revizyonu prosed\u00fcr\u00fc d\u00fc\u015f\u00fcn\u00fclebilir.<\/li>\n\n\n\n<li><strong>Sa\u00e7 Ekimi:<\/strong> Sa\u00e7 \u00e7izginiz boyunca do\u011fal olarak ince sa\u00e7lar\u0131n\u0131z varsa veya \u00f6nemli yara izi alopesisi ya\u015f\u0131yorsan\u0131z, sa\u00e7 yo\u011funlu\u011funu art\u0131rmak ve yara izini daha fazla kamufle etmek i\u00e7in sa\u00e7 ekimi yap\u0131labilir. Sa\u00e7 ekimi, sa\u00e7 \u00e7izgisinin d\u00fc\u015f\u00fcr\u00fclmesinden sonra ikincil bir prosed\u00fcr olarak yap\u0131labilir.<\/li>\n\n\n\n<li><strong>Doku Geni\u015fletme (e\u011fer ba\u015flang\u0131\u00e7ta yap\u0131lmad\u0131ysa):<\/strong> E\u011fer ba\u015flang\u0131\u00e7ta sa\u00e7 derinizdeki gev\u015feklik s\u0131n\u0131rl\u0131ysa ve daha fazla al\u00e7altma istiyorsan\u0131z, doku geni\u015fletmeyi i\u00e7eren ikinci bir a\u015fama ve ard\u0131ndan sa\u00e7 \u00e7izgisinin al\u00e7alt\u0131lmas\u0131 yap\u0131labilir.<\/li>\n<\/ul>\n\n\n\n<p>\u0130lk de\u011ferlendirmem ve hedeflerinize dayanarak, \u00f6zel durumunuzda herhangi bir takip prosed\u00fcr\u00fcne ihtiya\u00e7 duyulmas\u0131 olas\u0131l\u0131\u011f\u0131n\u0131 tart\u0131\u015faca\u011f\u0131m.<\/p>\n\n\n\n<h2 class=\"wp-block-heading\"><span class=\"ez-toc-section\" id=\"Can_I_see_before_and_after_photos_of_your_previous_hairline_lowering_patients\"><\/span>Daha \u00f6nce sa\u00e7 \u00e7izgisi d\u00fc\u015f\u00fcrme operasyonu ge\u00e7iren hastalar\u0131n\u0131z\u0131n \u00f6ncesi ve sonras\u0131 foto\u011fraflar\u0131n\u0131 g\u00f6rebilir miyim?<span class=\"ez-toc-section-end\"><\/span><\/h2>\n\n\n\n<p>\u00d6ncesi ve sonras\u0131 foto\u011fraflar\u0131n\u0131 incelemek, kons\u00fcltasyon s\u00fcrecinin \u00f6nemli bir par\u00e7as\u0131d\u0131r. Cerrah\u0131n estetik tarz\u0131n\u0131, sonu\u00e7lar\u0131n\u0131n kalitesini ve sizinle benzer \u00f6zelliklere sahip hastalarda yara izinin g\u00f6r\u00fcn\u00fcm\u00fcn\u00fc de\u011ferlendirmenize olanak tan\u0131r.<\/p>\n\n\n\n<h3 class=\"wp-block-heading\"><span class=\"ez-toc-section\" id=\"What_to_Look_for_in_Before_and_After_Photos\"><\/span>\u00d6ncesi ve Sonras\u0131 Foto\u011fraflar\u0131nda Nelere Dikkat Edilmeli:<span class=\"ez-toc-section-end\"><\/span><\/h3>\n\n\n\n<ul class=\"wp-block-list\">\n<li><strong>Sonu\u00e7lar\u0131n Tutarl\u0131l\u0131\u011f\u0131:<\/strong> Farkl\u0131 hastalarda tutarl\u0131 bir iyi sonu\u00e7 \u00f6r\u00fcnt\u00fcs\u00fc aray\u0131n.<\/li>\n\n\n\n<li><strong>Yara \u0130zi Kalitesi:<\/strong> Sonraki foto\u011fraflarda sa\u00e7 \u00e7izgisi boyunca yara izinin g\u00f6r\u00fcn\u00fcm\u00fcne dikkat edin. Sa\u00e7 taraf\u0131ndan ne kadar iyi kamufle edildi\u011fine bak\u0131n.<\/li>\n\n\n\n<li><strong>Sa\u00e7 \u00c7izgisi Konturu:<\/strong> Al\u00e7alt\u0131lm\u0131\u015f sa\u00e7 \u00e7izgisinin \u015feklini ve do\u011fall\u0131\u011f\u0131n\u0131 de\u011ferlendirin.<\/li>\n\n\n\n<li><strong>Genel Y\u00fcz Uyumu:<\/strong> Sa\u00e7 \u00e7izgisinin d\u00fc\u015f\u00fcr\u00fclmesi daha geni\u015f bir FFS&#039;nin par\u00e7as\u0131 olarak ger\u00e7ekle\u015ftirildiyse, prosed\u00fcr\u00fcn genel uyum ve feminizasyon yaratmak i\u00e7in di\u011fer y\u00fcz hatlar\u0131yla nas\u0131l b\u00fct\u00fcnle\u015fti\u011fine bak\u0131n.<\/li>\n\n\n\n<li><strong>Hasta \u00c7e\u015fitlili\u011fi:<\/strong> \u0130deal olarak portf\u00f6yde, farkl\u0131 al\u0131n y\u00fckseklikleri, sa\u00e7 yo\u011funluklar\u0131 ve ya\u015flardaki hastalar\u0131n foto\u011fraflar\u0131 yer almal\u0131d\u0131r.<\/li>\n<\/ul>\n\n\n\n<p>Sa\u00e7 \u00e7izgisi al\u00e7altma hastalar\u0131m\u0131n \u00f6ncesi ve sonras\u0131 foto\u011fraflar\u0131ndan olu\u015fan bir se\u00e7kiyi payla\u015faca\u011f\u0131m, her vaka i\u00e7in ba\u011flam sa\u011flayacak ve elde edilen belirli sonu\u00e7lar\u0131 vurgulayaca\u011f\u0131m. Bu foto\u011fraflar ger\u00e7ek\u00e7i beklentiler belirlemek ve olas\u0131 sonu\u00e7lar\u0131 g\u00f6rselle\u015ftirmek i\u00e7in de\u011ferli bir ara\u00e7t\u0131r.<\/p>\n\n\n\n<h2 class=\"wp-block-heading\"><span class=\"ez-toc-section\" id=\"What_is_the_total_cost_of_the_hairline_lowering_surgery\"><\/span>Sa\u00e7 \u00e7izgisi d\u00fc\u015f\u00fcrme ameliyat\u0131n\u0131n toplam maliyeti nedir?<span class=\"ez-toc-section-end\"><\/span><\/h2>\n\n\n\n<p>Ameliyat\u0131n mali y\u00f6nlerini anlamak \u00e7ok \u00f6nemlidir. \u0130ngiltere&#039;de sa\u00e7 \u00e7izgisi d\u00fc\u015f\u00fcrme ameliyat\u0131n\u0131n maliyeti \u00e7e\u015fitli fakt\u00f6rlere ba\u011fl\u0131 olarak de\u011fi\u015febilir.<\/p>\n\n\n\n<h3 class=\"wp-block-heading\"><span class=\"ez-toc-section\" id=\"Factors_Influencing_Cost\"><\/span>Maliyeti Etkileyen Fakt\u00f6rler:<span class=\"ez-toc-section-end\"><\/span><\/h3>\n\n\n\n<ul class=\"wp-block-list\">\n<li><strong>Cerrah \u00dccreti:<\/strong> Bu, cerrah\u0131n uzmanl\u0131\u011f\u0131 ve zaman\u0131 i\u00e7in \u00fccrettir. Cerrah\u0131n deneyimine, itibar\u0131na ve vakan\u0131n karma\u015f\u0131kl\u0131\u011f\u0131na g\u00f6re de\u011fi\u015fir.<\/li>\n\n\n\n<li><strong>Hastane\/Tesis \u00dccreti:<\/strong> Bu \u00fccret, hastane veya cerrahi merkezindeki ameliyathane, ekipman ve hem\u015fire personelinin kullan\u0131m\u0131n\u0131 kapsar.<\/li>\n\n\n\n<li><strong>Anestezi \u00dccreti:<\/strong> Bu \u00fccrete dan\u0131\u015fman anestezist hizmeti dahildir.<\/li>\n\n\n\n<li><strong>Ameliyat \u00d6ncesi Testler:<\/strong> Ameliyat \u00f6ncesi baz\u0131 kan testleri veya di\u011fer tetkiklere ihtiyac\u0131n\u0131z olabilir ve bunlar\u0131n da maliyeti olacakt\u0131r.<\/li>\n\n\n\n<li><strong>Ameliyat sonras\u0131 bak\u0131m:<\/strong> Takip randevular\u0131 genellikle toplam \u00fccrete dahildir, ancak bunu a\u00e7\u0131kl\u0131\u011fa kavu\u015fturmak \u00f6nemlidir. Yara bak\u0131m\u0131 i\u00e7in ila\u00e7lar ve malzemeler ek bir maliyet olacakt\u0131r.<\/li>\n\n\n\n<li><strong>Revizyon Potansiyeli:<\/strong> Gerekti\u011finde olas\u0131 revizyon ameliyat\u0131n\u0131n maliyetine ili\u015fkin cerrah\u0131n politikas\u0131n\u0131 anlamak \u00f6nemlidir.<\/li>\n<\/ul>\n\n\n\n<p>Sa\u00e7 \u00e7izgisi d\u00fc\u015f\u00fcrme ameliyat\u0131n\u0131zla ili\u015fkili tahmini maliyetlerin, t\u00fcm beklenen \u00fccretler dahil, ayr\u0131nt\u0131l\u0131 bir d\u00f6k\u00fcm\u00fcn\u00fc size sunaca\u011f\u0131m. Ayr\u0131ca teklif edilen fiyata nelerin dahil oldu\u011funu da a\u00e7\u0131klayaca\u011f\u0131m.<\/p>\n\n\n\n<h2 class=\"wp-block-heading\"><span class=\"ez-toc-section\" id=\"What_is_included_in_the_surgical_fee\"><\/span>Ameliyat \u00fccretine neler dahildir?<span class=\"ez-toc-section-end\"><\/span><\/h2>\n\n\n\n<p>\u00dccrete nelerin dahil oldu\u011funun netle\u015ftirilmesi, daha sonra beklenmeyen maliyetlerin \u00f6nlenmesine yard\u0131mc\u0131 olur.<\/p>\n\n\n\n<h3 class=\"wp-block-heading\"><span class=\"ez-toc-section\" id=\"Typical_Inclusions\"><\/span>Tipik Kapsamalar:<span class=\"ez-toc-section-end\"><\/span><\/h3>\n\n\n\n<ul class=\"wp-block-list\">\n<li><strong>Cerrah \u00dccreti:<\/strong> Cerrah\u0131n ameliyat\u0131 ger\u00e7ekle\u015ftirmesi kar\u015f\u0131l\u0131\u011f\u0131nda \u00f6dedi\u011fi \u00fccret.<\/li>\n\n\n\n<li><strong>Anestezi \u00dccreti:<\/strong> Ameliyat s\u0131ras\u0131nda anestezistin verdi\u011fi hizmetlerin bedeli.<\/li>\n\n\n\n<li><strong>Hastane\/Tesis \u00dccreti:<\/strong> Ameliyat s\u00fcresince ameliyathane ve ilgili tesislerin kullan\u0131m\u0131n\u0131 kapsar.<\/li>\n\n\n\n<li><strong>Standart Ameliyat Sonras\u0131 Randevular:<\/strong> \u00c7o\u011fu cerrah, toplam \u00fccrete belirli say\u0131da ameliyat sonras\u0131 takip randevusunu da dahil eder.<\/li>\n<\/ul>\n\n\n\n<h3 class=\"wp-block-heading\"><span class=\"ez-toc-section\" id=\"Potential_Exclusions\"><\/span>Olas\u0131 \u0130stisnalar:<span class=\"ez-toc-section-end\"><\/span><\/h3>\n\n\n\n<ul class=\"wp-block-list\">\n<li><strong>Ameliyat \u00d6ncesi Testler:<\/strong> Ameliyat \u00f6ncesi kan tahlilleri veya di\u011fer gerekli testlerin masraflar\u0131.<\/li>\n\n\n\n<li><strong>\u0130la\u00e7lar:<\/strong> Ameliyattan sonra ihtiya\u00e7 duyulacak a\u011fr\u0131 kesici, antibiyotik veya di\u011fer ila\u00e7lar\u0131n re\u00e7eteleri.<\/li>\n\n\n\n<li><strong>Cerrahi Giysiler veya Sarf Malzemeleri:<\/strong> \u0130yile\u015fme d\u00f6neminde yara bak\u0131m\u0131 i\u00e7in \u00f6zel pansumanlar veya malzemeler.<\/li>\n\n\n\n<li><strong>Komplikasyonlar\u0131n Tedavisi:<\/strong> Olas\u0131 komplikasyonlar\u0131n tedavisiyle ili\u015fkili maliyetler, ancak bu cerrah\u0131n politikas\u0131na ve sigortan\u0131za ba\u011fl\u0131 olarak de\u011fi\u015febilir.<\/li>\n\n\n\n<li><strong>Revizyon Cerrahisi:<\/strong> Sonu\u00e7lar\u0131n revize edilmesi i\u00e7in gereken sonraki prosed\u00fcrlerin maliyeti.<\/li>\n<\/ul>\n\n\n\n<p>Ameliyat \u00fccretine dahil olan her \u015feyin a\u00e7\u0131k ve kapsaml\u0131 bir d\u00f6k\u00fcm\u00fcn\u00fc ve ayr\u0131ca \u00f6ng\u00f6rmeniz gereken olas\u0131 ek maliyetlerin bir listesini sunaca\u011f\u0131m.<\/p>\n\n\n\n<h2 class=\"wp-block-heading\"><span class=\"ez-toc-section\" id=\"What_is_your_policy_on_revisions_or_touch-up_procedures\"><\/span>Revizyon veya r\u00f6tu\u015f prosed\u00fcrlerine ili\u015fkin politikan\u0131z nedir?<span class=\"ez-toc-section-end\"><\/span><\/h2>\n\n\n\n<p>Cerrah\u0131n revizyonlara ili\u015fkin politikas\u0131n\u0131 anlamak \u00f6nemlidir, ancak ama\u00e7 her zaman ilk ameliyatta istenilen sonucu elde etmektir.<\/p>\n\n\n\n<h3 class=\"wp-block-heading\"><span class=\"ez-toc-section\" id=\"Revision_Policy_Considerations\"><\/span>Revizyon Politikas\u0131 Hususlar\u0131:<span class=\"ez-toc-section-end\"><\/span><\/h3>\n\n\n\n<ul class=\"wp-block-list\">\n<li><strong>Revizyon \u0130\u00e7in Ko\u015fullar:<\/strong> Hangi durumlarda revizyon prosed\u00fcr\u00fcn\u00fcn d\u00fc\u015f\u00fcn\u00fclece\u011fini a\u00e7\u0131kl\u0131\u011fa kavu\u015fturun (\u00f6rne\u011fin, belirgin asimetri, tatmin edici olmayan yara iyile\u015fmesi).<\/li>\n\n\n\n<li><strong>Revizyon Maliyeti:<\/strong> Revizyon ameliyat\u0131 i\u00e7in bir \u00fccret olup olmad\u0131\u011f\u0131n\u0131 ve bu \u00fccretin neleri kapsad\u0131\u011f\u0131n\u0131 (\u00f6rne\u011fin, cerrah \u00fccreti, tesis \u00fccreti, anestezi \u00fccreti) anlay\u0131n. Baz\u0131 cerrahlar, revizyon ihtiyac\u0131 ilk ameliyat\u0131n sonucuyla ilgiliyse, belirli bir zaman dilimi i\u00e7inde revizyon ameliyat\u0131n\u0131 indirimli bir \u00fccretle veya cerrah \u00fccreti olmadan sunabilir.<\/li>\n\n\n\n<li><strong>Revizyon Zaman \u00c7izelgesi:<\/strong> \u0130lk prosed\u00fcrden sonra revizyon cerrahisinin d\u00fc\u015f\u00fcn\u00fclece\u011fi tipik zaman \u00e7er\u00e7evesini tart\u0131\u015f\u0131n. \u00d6rne\u011fin, yara olgunla\u015fmas\u0131 zaman al\u0131r, bu nedenle yara g\u00f6r\u00fcn\u00fcm\u00fc i\u00e7in revizyonlar genellikle birka\u00e7 ay boyunca ger\u00e7ekle\u015ftirilmez.<\/li>\n<\/ul>\n\n\n\n<p>Revizyon cerrahisine ili\u015fkin politikam\u0131 a\u00e7\u0131klayaca\u011f\u0131m, bunun hangi ko\u015fullar alt\u0131nda de\u011ferlendirilece\u011fini ve ilgili maliyetleri ana hatlar\u0131yla belirtece\u011fim.<\/p>\n\n\n\n<h2 class=\"wp-block-heading\"><span class=\"ez-toc-section\" id=\"What_is_your_cancellation_or_rescheduling_policy\"><\/span>\u0130ptal veya yeniden planlama politikan\u0131z nedir?<span class=\"ez-toc-section-end\"><\/span><\/h2>\n\n\n\n<p>Beklenmeyen durumlar ortaya \u00e7\u0131kabilir, bu nedenle klini\u011fin iptal veya yeniden planlama konusundaki politikas\u0131n\u0131 bilmeniz faydal\u0131 olacakt\u0131r.<\/p>\n\n\n\n<h3 class=\"wp-block-heading\"><span class=\"ez-toc-section\" id=\"Policy_Details\"><\/span>Politika Detaylar\u0131:<span class=\"ez-toc-section-end\"><\/span><\/h3>\n\n\n\n<ul class=\"wp-block-list\">\n<li><strong>Bildirim S\u00fcresi:<\/strong> Ameliyat\u0131n\u0131z\u0131 iptal etmek veya yeniden planlamak i\u00e7in gereken bildirim s\u00fcresini, ceza \u00f6demeden \u00f6\u011frenin.<\/li>\n\n\n\n<li><strong>\u00dccretler:<\/strong> Belirtilen bildirim s\u00fcresi d\u0131\u015f\u0131nda yap\u0131lan iptaller veya yeniden planlamalarla ilgili \u00fccretleri \u00f6\u011frenin.<\/li>\n\n\n\n<li><strong>Depozito Politikas\u0131:<\/strong> Ameliyat tarihinizi garanti alt\u0131na almak i\u00e7in \u00f6denen herhangi bir depozitonun iade edilmeyen niteli\u011fine ili\u015fkin politikay\u0131 a\u00e7\u0131kl\u0131\u011fa kavu\u015fturun.<\/li>\n<\/ul>\n\n\n\n<p>Klini\u011fin iptal ve yeniden planlama politikas\u0131 hakk\u0131nda size net bilgi verece\u011fim.<\/p>\n\n\n\n<h1 class=\"wp-block-heading\"><span class=\"ez-toc-section\" id=\"Beyond_the_Consultation_Making_a_Decision_and_Preparing_for_Surgery\"><\/span>Dan\u0131\u015fmanl\u0131\u011f\u0131n \u00d6tesinde: Karar Verme ve Ameliyata Haz\u0131rlanma<span class=\"ez-toc-section-end\"><\/span><\/h1>\n\n\n\n<p>Kons\u00fcltasyonunuzdan sonra, verilen bilgileri i\u015flemek i\u00e7in zaman ay\u0131r\u0131n. Daha fazla sorunuz varsa veya herhangi bir noktada a\u00e7\u0131kl\u0131\u011fa kavu\u015fturulmaya ihtiyac\u0131n\u0131z varsa ikinci bir kons\u00fcltasyon planlamak tamamen kabul edilebilirdir. FFS i\u00e7in bir cerrah se\u00e7mek \u00f6nemli bir karard\u0131r ve se\u00e7iminizden dolay\u0131 kendinizi rahat ve emin hissetmelisiniz.<\/p>\n\n\n\n<h3 class=\"wp-block-heading\"><span class=\"ez-toc-section\" id=\"Making_Your_Decision\"><\/span>Karar\u0131n\u0131z\u0131 Vermek:<span class=\"ez-toc-section-end\"><\/span><\/h3>\n\n\n\n<ul class=\"wp-block-list\">\n<li><strong>Notlar\u0131n\u0131z\u0131 \u0130nceleyin:<\/strong> Dan\u0131\u015fma s\u0131ras\u0131nda toplad\u0131\u011f\u0131n\u0131z bilgileri g\u00f6zden ge\u00e7irin.<\/li>\n\n\n\n<li><strong>Cerrahlar\u0131 Kar\u015f\u0131la\u015ft\u0131r\u0131n (birden fazlas\u0131na dan\u0131\u015ft\u0131ysan\u0131z):<\/strong> Cerrah\u0131n deneyimini, yakla\u015f\u0131m\u0131n\u0131, a\u00e7\u0131klamalar\u0131n\u0131n netli\u011fini ve onlarla olan rahatl\u0131k seviyenizi g\u00f6z \u00f6n\u00fcnde bulundurun.<\/li>\n\n\n\n<li><strong>\u00d6ncesi ve Sonras\u0131 Foto\u011fraflar\u0131n\u0131 \u0130nceleyin:<\/strong> Sonu\u00e7lar\u0131n estetik hedeflerinizle uyumlu oldu\u011fundan emin olmak i\u00e7in sonu\u00e7lar\u0131 tekrar inceleyin.<\/li>\n\n\n\n<li><strong>Eski Hastalarla Konu\u015fun (m\u00fcmk\u00fcnse):<\/strong> Baz\u0131 klinikler, deneyimlerini payla\u015fmaya istekli eski hastalarla sizi tan\u0131\u015ft\u0131rabilir.<\/li>\n\n\n\n<li><strong>\u0130\u00e7g\u00fcd\u00fclerinize g\u00fcvenin:<\/strong> Sonu\u00e7 olarak, kendinizi en rahat ve g\u00fcvende hissedece\u011finiz cerrah\u0131 se\u00e7in.<\/li>\n<\/ul>\n\n\n\n<h3 class=\"wp-block-heading\"><span class=\"ez-toc-section\" id=\"Preparing_for_Surgery\"><\/span>Ameliyata Haz\u0131rl\u0131k:<span class=\"ez-toc-section-end\"><\/span><\/h3>\n\n\n\n<p>Sa\u00e7 \u00e7izgisinin d\u00fc\u015f\u00fcr\u00fclmesine karar verdi\u011finizde, ameliyat\u0131n\u0131za nas\u0131l haz\u0131rlanaca\u011f\u0131n\u0131za dair ayr\u0131nt\u0131l\u0131 talimatlar alacaks\u0131n\u0131z. Bunlar genellikle \u015funlar\u0131 i\u00e7erir:<\/p>\n\n\n\n<ul class=\"wp-block-list\">\n<li><strong>T\u0131bbi \u0130zinler:<\/strong> Ameliyat \u00f6ncesi gerekli t\u00fcm t\u0131bbi testleri yapt\u0131rmak veya aile hekiminizden veya uzmanlar\u0131n\u0131zdan onay almak.<\/li>\n\n\n\n<li><strong>\u0130la\u00e7 D\u00fczenlemeleri:<\/strong> Ameliyattan \u00f6nce hangi ila\u00e7lar\u0131n, \u00f6zellikle kan suland\u0131r\u0131c\u0131lar\u0131n kesilmesi veya ayarlanmas\u0131 gerekti\u011fi konusunda rehberlik.<\/li>\n\n\n\n<li><strong>Sigara b\u0131rakma:<\/strong> E\u011fer sigara i\u00e7iyorsan\u0131z, ameliyattan \u00e7ok \u00f6nce sigaray\u0131 b\u0131rakman\u0131z\u0131n \u00f6nemini bir kez daha vurgulayal\u0131m.<\/li>\n\n\n\n<li><strong>Destek D\u00fczenlemesi:<\/strong> Ameliyattan sonra sizi alacak ve ilk 24-48 saat boyunca yan\u0131n\u0131zda kalacak birinin olmas\u0131n\u0131 planlay\u0131n.<\/li>\n\n\n\n<li><strong>Evinizi Haz\u0131rlamak:<\/strong> Evde rahat bir iyile\u015fme alan\u0131 kurun ve ihtiyac\u0131n\u0131z olan her \u015feye kolayca eri\u015fin.<\/li>\n\n\n\n<li><strong>Oru\u00e7 Talimatlar\u0131:<\/strong> Ameliyattan \u00f6nce ne zaman yemek ve i\u00e7meyi kesece\u011finize dair \u00f6zel talimatlara uyun.<\/li>\n<\/ul>\n\n\n\n<p>Sa\u00e7 \u00e7izgisi d\u00fc\u015f\u00fcrme ameliyat\u0131n\u0131za iyi bir \u015fekilde haz\u0131rlanman\u0131z\u0131 sa\u011flamak i\u00e7in size kapsaml\u0131 ameliyat \u00f6ncesi talimatlar verece\u011fim.<\/p>\n\n\n\n<h1 class=\"wp-block-heading\"><span class=\"ez-toc-section\" id=\"Conclusion\"><\/span>\u00c7\u00f6z\u00fcm<span class=\"ez-toc-section-end\"><\/span><\/h1>\n\n\n\n<p>Sa\u00e7 \u00e7izgisinin d\u00fc\u015f\u00fcr\u00fclmesi, \u00fcst y\u00fcz\u00fcn kad\u0131ns\u0131 g\u00f6r\u00fcn\u00fcm\u00fcn\u00fc \u00f6nemli \u00f6l\u00e7\u00fcde art\u0131rabilen g\u00fc\u00e7l\u00fc bir i\u015flemdir. \u0130ngiltere&#039;deki ilk FFS kons\u00fcltasyonunuza i\u00e7g\u00f6r\u00fcl\u00fc sorularla gelerek, bak\u0131m\u0131n\u0131z hakk\u0131nda bilin\u00e7li kararlar alma g\u00fcc\u00fc kazan\u0131rs\u0131n\u0131z. Cerrah\u0131n\u0131z olarak, hem t\u0131bbi uzmanl\u0131k hem de basit a\u00e7\u0131klamalar kullanarak, i\u015flemi, olas\u0131 sonu\u00e7lar\u0131n\u0131 ve ili\u015fkili riskleri tam olarak anlaman\u0131z\u0131 sa\u011flamak i\u00e7in size net, d\u00fcr\u00fcst ve kapsaml\u0131 bilgiler sunmaya kararl\u0131y\u0131m.<\/p>\n\n\n\n<p>Yolculu\u011funuz benzersizdir ve dan\u0131\u015fmanl\u0131\u011f\u0131n\u0131z bunu yans\u0131tmal\u0131d\u0131r. Sizin i\u00e7in en \u00f6nemli olan sorular\u0131 sorun ve anlamad\u0131\u011f\u0131n\u0131z herhangi bir \u015fey hakk\u0131nda a\u00e7\u0131klama istemekten \u00e7ekinmeyin. Birlikte \u00e7al\u0131\u015farak, hedeflerinizle uyumlu ve arzulad\u0131\u011f\u0131n\u0131z uyumlu ve feminen y\u00fcz hatlar\u0131na ula\u015fman\u0131za yard\u0131mc\u0131 olan bir cerrahi plan geli\u015ftirebiliriz. FFS&#039;ye giden yol bir d\u00f6n\u00fc\u015f\u00fcm yoludur ve bilgili bir dan\u0131\u015fmanl\u0131k sizin i\u00e7in olmazsa olmaz ilk ad\u0131md\u0131r.<\/p>\n\n\n\n<p>Ziyaret etmek&nbsp;<a href=\"https:\/\/www.instagram.com\/dr_mfo\/\" target=\"_blank\" rel=\"noreferrer noopener nofollow\">Dr.MFO Instagram profili<\/a>&nbsp;ger\u00e7ek hasta d\u00f6n\u00fc\u015f\u00fcmlerini g\u00f6rmek i\u00e7in! Y\u00fcz bak\u0131m\u0131yla elde edilen inan\u0131lmaz sonu\u00e7lara bir g\u00f6z at\u0131n&nbsp;<a href=\"https:\/\/www.dr-mfo.com\/tr\/ffs-yuz-feminizasyon-ameliyati\/\">feminizasyon ameliyat\u0131<\/a>&nbsp;ve di\u011fer prosed\u00fcrler. Profilde \u00f6ne \u00e7\u0131kan \u00f6ncesi ve sonras\u0131 foto\u011fraflar\u0131 sergileniyor&nbsp;<a href=\"https:\/\/www.dr-mfo.com\/tr\/drmfo\/\">Dr.MFO<\/a>&#039;nin do\u011fal g\u00f6r\u00fcn\u00fcml\u00fc, g\u00fczel sonu\u00e7lar yaratma konusundaki uzmanl\u0131\u011f\u0131 ve sanatsal vizyonu.<\/p>\n\n\n\n<p>Yolculu\u011funuzda bir sonraki ad\u0131m\u0131 atmaya haz\u0131r m\u0131s\u0131n\u0131z? Planlay\u0131n&nbsp;<a href=\"https:\/\/www.dr-mfo.com\/tr\/detayli-bilgi-al\/\">\u00fccretsiz dan\u0131\u015fmanl\u0131k<\/a>&nbsp;ile&nbsp;<a href=\"https:\/\/www.dr-mfo.com\/tr\/drmfo-kimdir\/\">Dr.MFO<\/a>&nbsp;(&nbsp;<a href=\"https:\/\/www.instagram.com\/dr_mfo\/\" rel=\"noreferrer noopener nofollow\" target=\"_blank\">En \u0130yi Y\u00fcz Feminizasyon Cerrah\u0131<\/a>&nbsp;Sizin i\u00e7in) bug\u00fcn. Dan\u0131\u015fmanl\u0131k s\u0131ras\u0131nda hedeflerinizi tart\u0131\u015fabilir, akl\u0131n\u0131za tak\u0131lan sorular\u0131 sorabilir ve nas\u0131l yapaca\u011f\u0131n\u0131z hakk\u0131nda daha fazla bilgi edinebilirsiniz.&nbsp;<a href=\"https:\/\/www.dr-mfo.com\/tr\/drmfo\/\">Dr.MFO<\/a>&nbsp;\u0130stedi\u011finiz g\u00f6r\u00fcn\u00fcme ula\u015fman\u0131za yard\u0131mc\u0131 olabilir. Se\u00e7eneklerinizi ke\u015ffetmek ve olup olmad\u0131\u011f\u0131n\u0131 g\u00f6rmek i\u00e7in bu \u00fccretsiz f\u0131rsattan yararlanmaktan \u00e7ekinmeyin.&nbsp;<a href=\"https:\/\/www.dr-mfo.com\/tr\/drmfo-kimdir\/\">Dr.MFO<\/a>&nbsp;sizin i\u00e7in do\u011fru se\u00e7imdir.<\/p>","protected":false},"excerpt":{"rendered":"<p>Navigating the journey of facial feminization surgery (FFS) is a significant undertaking, marked by careful consideration, research, and, crucially, informed conversations with your surgical team. As a surgeon specializing in FFS, I understand the profound impact these procedures can have on an individual&#8217;s life and sense of self. My goal is always to empower my [&hellip;]<\/p>\n","protected":false},"author":2,"featured_media":12480,"comment_status":"closed","ping_status":"closed","sticky":false,"template":"","format":"standard","meta":{"_acf_changed":false,"footnotes":""},"categories":[169],"tags":[],"class_list":["post-12479","post","type-post","status-publish","format-standard","has-post-thumbnail","hentry","category-facial-feminization"],"acf":[],"_links":{"self":[{"href":"https:\/\/www.dr-mfo.com\/tr\/wp-json\/wp\/v2\/posts\/12479","targetHints":{"allow":["GET"]}}],"collection":[{"href":"https:\/\/www.dr-mfo.com\/tr\/wp-json\/wp\/v2\/posts"}],"about":[{"href":"https:\/\/www.dr-mfo.com\/tr\/wp-json\/wp\/v2\/types\/post"}],"author":[{"embeddable":true,"href":"https:\/\/www.dr-mfo.com\/tr\/wp-json\/wp\/v2\/users\/2"}],"replies":[{"embeddable":true,"href":"https:\/\/www.dr-mfo.com\/tr\/wp-json\/wp\/v2\/comments?post=12479"}],"version-history":[{"count":0,"href":"https:\/\/www.dr-mfo.com\/tr\/wp-json\/wp\/v2\/posts\/12479\/revisions"}],"wp:featuredmedia":[{"embeddable":true,"href":"https:\/\/www.dr-mfo.com\/tr\/wp-json\/wp\/v2\/media\/12480"}],"wp:attachment":[{"href":"https:\/\/www.dr-mfo.com\/tr\/wp-json\/wp\/v2\/media?parent=12479"}],"wp:term":[{"taxonomy":"category","embeddable":true,"href":"https:\/\/www.dr-mfo.com\/tr\/wp-json\/wp\/v2\/categories?post=12479"},{"taxonomy":"post_tag","embeddable":true,"href":"https:\/\/www.dr-mfo.com\/tr\/wp-json\/wp\/v2\/tags?post=12479"}],"curies":[{"name":"wp","href":"https:\/\/api.w.org\/{rel}","templated":true}]}}