{"id":12606,"date":"2025-06-03T15:41:08","date_gmt":"2025-06-03T14:41:08","guid":{"rendered":"https:\/\/www.dr-mfo.com\/?p=12606"},"modified":"2026-02-21T19:05:35","modified_gmt":"2026-02-21T19:05:35","slug":"smas-yuz-germe-dogal-sonuclar","status":"publish","type":"post","link":"https:\/\/www.dr-mfo.com\/tr\/smas-facelift-natural-results\/","title":{"rendered":"SMAS Y\u00fcz Germe: Do\u011fal G\u00f6r\u00fcn\u00fcml\u00fc Sonu\u00e7lar \u0130\u00e7in Alt\u0131n Standart"},"content":{"rendered":"<hr class=\"wp-block-separator has-alpha-channel-opacity\" \/>\n\n\n\n<p>Gen\u00e7 ve tazelenmi\u015f bir g\u00f6r\u00fcn\u00fcm aray\u0131\u015f\u0131 zamans\u0131z bir \u00e7abad\u0131r. Ya\u015fland\u0131k\u00e7a cildimiz do\u011fal olarak elastikiyetini kaybeder ve yer \u00e7ekimi etkisini g\u00f6stermeye ba\u015flar, bu da sark\u0131k cilt, derin k\u0131r\u0131\u015f\u0131kl\u0131klar ve yanak sarkmas\u0131 gibi g\u00f6zle g\u00f6r\u00fcl\u00fcr ya\u015flanma belirtilerine yol a\u00e7ar. Cerrahi olmayan se\u00e7enekler ge\u00e7ici iyile\u015ftirmeler sunarken, \u00e7o\u011fu ki\u015fi i\u00e7in <strong>ritidektomi<\/strong>, yayg\u0131n olarak bilinen ad\u0131yla <a href=\"https:\/\/www.dr-mfo.com\/tr\/facelift-surgery\/\">y\u00fcz germe<\/a>, \u00c7e\u015fitli y\u00fcz germe teknikleri aras\u0131nda, en etkili ve uzun s\u00fcreli \u00e7\u00f6z\u00fcm olmaya devam etmektedir. <strong>SMAS y\u00fcz germe<\/strong> Ola\u011fan\u00fcst\u00fc do\u011fal g\u00f6r\u00fcn\u00fcml\u00fc ve kal\u0131c\u0131 sonu\u00e7lar sunmas\u0131yla tan\u0131nan alt\u0131n standart olarak \u00f6ne \u00e7\u0131k\u0131yor.<\/p>\n\n\n\n<p>Bu kapsaml\u0131 rehber, SMAS y\u00fcz germenin inceliklerini, avantajlar\u0131n\u0131, ideal aday\u0131, prosed\u00fcr s\u0131ras\u0131nda ne beklenmesi gerekti\u011fini ve iyile\u015fme yolculu\u011funu inceleyecektir. Amac\u0131m\u0131z, bu \u00f6nemli ancak d\u00f6n\u00fc\u015ft\u00fcr\u00fcc\u00fc cerrahi yat\u0131r\u0131m\u0131 d\u00fc\u015f\u00fcnen bireylere derinlemesine bir anlay\u0131\u015f sa\u011flamakt\u0131r.<\/p>\n\n\n\n<figure class=\"wp-block-image size-large\"><img fetchpriority=\"high\" decoding=\"async\" width=\"1024\" height=\"559\" src=\"https:\/\/www.dr-mfo.com\/wp-content\/uploads\/2025\/06\/image-3-1024x559.png\" alt=\"\" class=\"wp-image-12609\" srcset=\"https:\/\/www.dr-mfo.com\/wp-content\/uploads\/2025\/06\/image-3-1024x559.png 1024w, https:\/\/www.dr-mfo.com\/wp-content\/uploads\/2025\/06\/image-3-300x164.png 300w, https:\/\/www.dr-mfo.com\/wp-content\/uploads\/2025\/06\/image-3-768x419.png 768w, https:\/\/www.dr-mfo.com\/wp-content\/uploads\/2025\/06\/image-3-18x10.png 18w, https:\/\/www.dr-mfo.com\/wp-content\/uploads\/2025\/06\/image-3.png 1408w\" sizes=\"(max-width: 1024px) 100vw, 1024px\" \/><\/figure>\n\n\n\n<div id=\"ez-toc-container\" class=\"ez-toc-v2_0_82_2 counter-hierarchy ez-toc-counter ez-toc-transparent ez-toc-container-direction\">\n<div class=\"ez-toc-title-container\">\n<p class=\"ez-toc-title\" style=\"cursor:inherit\">\u0130\u00e7indekiler<\/p>\n<span class=\"ez-toc-title-toggle\"><\/span><\/div>\n<nav><ul class='ez-toc-list ez-toc-list-level-1' ><li class='ez-toc-page-1 ez-toc-heading-level-2'><a class=\"ez-toc-link ez-toc-heading-1\" href=\"https:\/\/www.dr-mfo.com\/tr\/smas-facelift-natural-results\/#Understanding_the_Aging_Face_Beyond_Surface_Wrinkles\" >Ya\u015flanan Y\u00fcz\u00fc Anlamak: Y\u00fczeysel K\u0131r\u0131\u015f\u0131kl\u0131klar\u0131n \u00d6tesinde<\/a><\/li><li class='ez-toc-page-1 ez-toc-heading-level-2'><a class=\"ez-toc-link ez-toc-heading-2\" href=\"https:\/\/www.dr-mfo.com\/tr\/smas-facelift-natural-results\/#What_is_a_SMAS_Facelift\" >SMAS Y\u00fcz Germe Nedir?<\/a><ul class='ez-toc-list-level-3' ><li class='ez-toc-heading-level-3'><a class=\"ez-toc-link ez-toc-heading-3\" href=\"https:\/\/www.dr-mfo.com\/tr\/smas-facelift-natural-results\/#The_Evolution_of_Facelift_Techniques\" >Y\u00fcz Germe Tekniklerinin Evrimi<\/a><\/li><li class='ez-toc-page-1 ez-toc-heading-level-3'><a class=\"ez-toc-link ez-toc-heading-4\" href=\"https:\/\/www.dr-mfo.com\/tr\/smas-facelift-natural-results\/#How_a_SMAS_Facelift_Works\" >SMAS Y\u00fcz Germe Nas\u0131l \u00c7al\u0131\u015f\u0131r?<\/a><\/li><\/ul><\/li><li class='ez-toc-page-1 ez-toc-heading-level-2'><a class=\"ez-toc-link ez-toc-heading-5\" href=\"https:\/\/www.dr-mfo.com\/tr\/smas-facelift-natural-results\/#Why_the_SMAS_Facelift_is_Considered_the_Gold_Standard\" >SMAS Facelift&#039;in Neden Alt\u0131n Standart Olarak Kabul Edildi\u011fi<\/a><\/li><li class='ez-toc-page-1 ez-toc-heading-level-2'><a class=\"ez-toc-link ez-toc-heading-6\" href=\"https:\/\/www.dr-mfo.com\/tr\/smas-facelift-natural-results\/#Is_a_SMAS_Facelift_Right_for_You_The_Ideal_Candidate\" >SMAS Y\u00fcz Germe Sizin \u0130\u00e7in Uygun mu? \u0130deal Aday<\/a><ul class='ez-toc-list-level-3' ><li class='ez-toc-heading-level-3'><a class=\"ez-toc-link ez-toc-heading-7\" href=\"https:\/\/www.dr-mfo.com\/tr\/smas-facelift-natural-results\/#Demographics\" >Demografi<\/a><\/li><li class='ez-toc-page-1 ez-toc-heading-level-3'><a class=\"ez-toc-link ez-toc-heading-8\" href=\"https:\/\/www.dr-mfo.com\/tr\/smas-facelift-natural-results\/#Psychographics\" >Psikografik<\/a><\/li><li class='ez-toc-page-1 ez-toc-heading-level-3'><a class=\"ez-toc-link ez-toc-heading-9\" href=\"https:\/\/www.dr-mfo.com\/tr\/smas-facelift-natural-results\/#Behavioral_Traits\" >Davran\u0131\u015fsal \u00d6zellikler<\/a><\/li><\/ul><\/li><li class='ez-toc-page-1 ez-toc-heading-level-2'><a class=\"ez-toc-link ez-toc-heading-10\" href=\"https:\/\/www.dr-mfo.com\/tr\/smas-facelift-natural-results\/#The_SMAS_Facelift_Journey_From_Consultation_to_Recovery\" >SMAS Y\u00fcz Germe Yolculu\u011fu: Dan\u0131\u015fmanl\u0131ktan \u0130yile\u015fmeye<\/a><ul class='ez-toc-list-level-3' ><li class='ez-toc-heading-level-3'><a class=\"ez-toc-link ez-toc-heading-11\" href=\"https:\/\/www.dr-mfo.com\/tr\/smas-facelift-natural-results\/#The_Initial_Consultation\" >\u0130lk Dan\u0131\u015fma<\/a><\/li><li class='ez-toc-page-1 ez-toc-heading-level-3'><a class=\"ez-toc-link ez-toc-heading-12\" href=\"https:\/\/www.dr-mfo.com\/tr\/smas-facelift-natural-results\/#Preparing_for_Surgery\" >Ameliyata Haz\u0131rlanmak<\/a><\/li><li class='ez-toc-page-1 ez-toc-heading-level-3'><a class=\"ez-toc-link ez-toc-heading-13\" href=\"https:\/\/www.dr-mfo.com\/tr\/smas-facelift-natural-results\/#The_Surgical_Procedure\" >Cerrahi Prosed\u00fcr<\/a><\/li><li class='ez-toc-page-1 ez-toc-heading-level-3'><a class=\"ez-toc-link ez-toc-heading-14\" href=\"https:\/\/www.dr-mfo.com\/tr\/smas-facelift-natural-results\/#Recovery_and_Aftercare\" >\u0130yile\u015fme ve Sonras\u0131 Bak\u0131m<\/a><\/li><li class='ez-toc-page-1 ez-toc-heading-level-3'><a class=\"ez-toc-link ez-toc-heading-15\" href=\"https:\/\/www.dr-mfo.com\/tr\/smas-facelift-natural-results\/#Important_Recovery_Tips\" >\u00d6nemli Kurtarma \u0130pu\u00e7lar\u0131<\/a><\/li><\/ul><\/li><li class='ez-toc-page-1 ez-toc-heading-level-2'><a class=\"ez-toc-link ez-toc-heading-16\" href=\"https:\/\/www.dr-mfo.com\/tr\/smas-facelift-natural-results\/#Risks_and_Considerations\" >Riskler ve Hususlar<\/a><\/li><li class='ez-toc-page-1 ez-toc-heading-level-2'><a class=\"ez-toc-link ez-toc-heading-17\" href=\"https:\/\/www.dr-mfo.com\/tr\/smas-facelift-natural-results\/#Maintaining_Your_Refreshed_Look_Beyond_the_Surgery\" >Yenilenmi\u015f G\u00f6r\u00fcn\u00fcm\u00fcn\u00fcz\u00fc Korumak: Ameliyattan Sonra<\/a><\/li><li class='ez-toc-page-1 ez-toc-heading-level-2'><a class=\"ez-toc-link ez-toc-heading-18\" href=\"https:\/\/www.dr-mfo.com\/tr\/smas-facelift-natural-results\/#Conclusion_Investing_in_Your_Confidence_and_Well-being\" >Sonu\u00e7: Kendinize G\u00fcveninize ve Refah\u0131n\u0131za Yat\u0131r\u0131m Yap\u0131n<\/a><\/li><\/ul><\/nav><\/div>\n<h2 class=\"wp-block-heading\"><span class=\"ez-toc-section\" id=\"Understanding_the_Aging_Face_Beyond_Surface_Wrinkles\"><\/span>Ya\u015flanan Y\u00fcz\u00fc Anlamak: Y\u00fczeysel K\u0131r\u0131\u015f\u0131kl\u0131klar\u0131n \u00d6tesinde<span class=\"ez-toc-section-end\"><\/span><\/h2>\n\n\n\n<p>SMAS y\u00fcz germeyi ger\u00e7ekten takdir etmek i\u00e7in, y\u00fcz\u00fcn nas\u0131l ya\u015fland\u0131\u011f\u0131n\u0131 anlamak \u00e7ok \u00f6nemlidir. Sadece y\u00fczeydeki k\u0131r\u0131\u015f\u0131kl\u0131klardan ibaret de\u011fildir. Ya\u015flanma s\u00fcreci birden fazla katman\u0131 etkiler:<\/p>\n\n\n\n<ul class=\"wp-block-list\">\n<li><strong>Deri:<\/strong> Kolajen ve elastin \u00fcretimi azal\u0131r, bu da cildin incelip elastikiyetinin azalmas\u0131na, ince \u00e7izgilerin ve k\u0131r\u0131\u015f\u0131kl\u0131klar\u0131n olu\u015fmas\u0131na neden olur.<\/li>\n\n\n\n<li><strong>Ya\u011f:<\/strong> Y\u00fcze gen\u00e7lik hacmini veren ya\u011f yast\u0131k\u00e7\u0131klar\u0131 azalabilir, yer de\u011fi\u015ftirebilir ve a\u015fa\u011f\u0131 inebilir, bu da \u00e7\u00f6k\u00fckl\u00fc\u011fe ve sark\u0131k g\u0131d\u0131ya neden olabilir.<\/li>\n\n\n\n<li><strong>Kaslar:<\/strong> Altta yatan y\u00fcz kaslar\u0131 zay\u0131flayabilir ve esneyebilir.<\/li>\n\n\n\n<li><strong>SMAS Katman\u0131:<\/strong> Bu, belki de y\u00fcz germe ba\u011flam\u0131nda en kritik katmand\u0131r. <strong>Y\u00fczeysel Muskuloaponevrotik Sistem (SMAS)<\/strong> cilt ve ya\u011f\u0131n alt\u0131nda bulunan s\u00fcrekli bir kas ve lifli doku tabakas\u0131d\u0131r. Boyundan al\u0131na do\u011fru uzan\u0131r, platysma kas\u0131n\u0131 (boyundaki) temporalis ve orbicularis oculi kaslar\u0131na (g\u00f6zlerin etraf\u0131ndaki) ba\u011flar. Ya\u015fla birlikte SMAS tabakas\u0131 gev\u015fer ve sarkar, \u00fcstteki cildi ve ya\u011f\u0131 a\u015fa\u011f\u0131 \u00e7ekerek g\u0131d\u0131, derin nazolabial k\u0131vr\u0131mlar (burundan a\u011fza do\u011fru uzanan \u00e7izgiler) ve gev\u015fek bir boyun olu\u015fturur.<\/li>\n<\/ul>\n\n\n\n<p>Geleneksel y\u00fcz germe i\u015flemleri genellikle \u00f6ncelikli olarak cildi s\u0131k\u0131la\u015ft\u0131rmaya odaklan\u0131r ve bu da alttaki yap\u0131lar yeterince ele al\u0131nmad\u0131\u011f\u0131 i\u00e7in &quot;\u00e7ekilmi\u015f&quot; veya &quot;r\u00fczgarda savrulmu\u015f&quot; bir g\u00f6r\u00fcn\u00fcme neden olabilir. Ancak SMAS y\u00fcz germe i\u015flemi do\u011frudan bu \u00f6nemli temel katman\u0131 hedef al\u0131r.<\/p>\n\n\n\n<hr class=\"wp-block-separator has-alpha-channel-opacity\" \/>\n\n\n\n<h2 class=\"wp-block-heading\"><span class=\"ez-toc-section\" id=\"What_is_a_SMAS_Facelift\"><\/span>SMAS Y\u00fcz Germe Nedir?<span class=\"ez-toc-section-end\"><\/span><\/h2>\n\n\n\n<p>The <strong>SMAS y\u00fcz germe<\/strong> sadece cildi de\u011fil, ayn\u0131 zamanda alttaki SMAS tabakas\u0131n\u0131 da kald\u0131rmay\u0131 ve yeniden konumland\u0131rmay\u0131 i\u00e7eren bir cerrahi tekniktir. SMAS&#039;\u0131 s\u0131k\u0131la\u015ft\u0131rarak ve ask\u0131ya alarak, <a href=\"https:\/\/www.dr-mfo.com\/tr\/\">Cerrah<\/a> Y\u00fczdeki sarkmalar\u0131n temel nedenini ortadan kald\u0131rarak, y\u00fcz\u00fcn orta k\u0131sm\u0131na, \u00e7ene hatt\u0131na ve boyuna daha gen\u00e7 bir hat kazand\u0131rabilir.<\/p>\n\n\n\n<h3 class=\"wp-block-heading\"><span class=\"ez-toc-section\" id=\"The_Evolution_of_Facelift_Techniques\"><\/span>Y\u00fcz Germe Tekniklerinin Evrimi<span class=\"ez-toc-section-end\"><\/span><\/h3>\n\n\n\n<p>Erken y\u00fcz germe teknikleri esas olarak fazla deriyi \u00e7ekip \u00e7\u0131karmay\u0131 i\u00e7eriyordu. Bu, bir miktar iyile\u015fme sa\u011flasa da, genellikle uzun \u00f6m\u00fcrl\u00fc de\u011fildi ve do\u011fal olmayan bir g\u00f6r\u00fcn\u00fcme neden olabiliyordu. 1970&#039;lerde ilk kez ayr\u0131nt\u0131l\u0131 olarak a\u00e7\u0131klanan SMAS katman\u0131n\u0131n anla\u015f\u0131lmas\u0131, y\u00fcz germe cerrahisinde devrim yaratt\u0131. Cerrahlar, bu daha derin katmana hitap ederek daha kal\u0131c\u0131 ve do\u011fal g\u00f6r\u00fcn\u00fcml\u00fc sonu\u00e7lar elde edebileceklerini fark ettiler. SMAS y\u00fcz germe, yaln\u0131zca deriden olu\u015fan bir germeden \u00e7ok katmanl\u0131 bir yakla\u015f\u0131ma ge\u00e7erek \u00f6nemli bir s\u0131\u00e7ramay\u0131 temsil ediyordu.<\/p>\n\n\n\n<h3 class=\"wp-block-heading\"><span class=\"ez-toc-section\" id=\"How_a_SMAS_Facelift_Works\"><\/span>SMAS Y\u00fcz Germe Nas\u0131l \u00c7al\u0131\u015f\u0131r?<span class=\"ez-toc-section-end\"><\/span><\/h3>\n\n\n\n<p>SMAS y\u00fcz germe s\u0131ras\u0131nda cerrah, genellikle sa\u00e7 \u00e7izgisi boyunca gizlenen, kula\u011f\u0131n etraf\u0131na uzanan ve alt kafa derisinde sonlanan kesiler yapar. Bu kesiler arac\u0131l\u0131\u011f\u0131yla deri, alttaki SMAS katman\u0131ndan dikkatlice ayr\u0131l\u0131r. Cerrah daha sonra SMAS katman\u0131n\u0131n kendisini titizlikle kald\u0131r\u0131r, yeniden konumland\u0131r\u0131r ve genellikle s\u0131k\u0131la\u015ft\u0131r\u0131r veya daralt\u0131r (k\u0131vr\u0131mlar ve diki\u015fler). Daha derin dokular\u0131n bu stratejik manip\u00fclasyonu, sark\u0131k g\u0131d\u0131lar\u0131 etkili bir \u015fekilde kald\u0131r\u0131r, \u00e7ene hatt\u0131n\u0131 d\u00fczeltir ve boynun g\u00f6r\u00fcn\u00fcm\u00fcn\u00fc iyile\u015ftirir. Daha sonra fazla deri kesilir ve kalan deri, titizlikle dikilmeden \u00f6nce a\u015f\u0131r\u0131 gerginlik olmadan yeni konturlanm\u0131\u015f daha derin dokular\u0131n \u00fczerine d\u00fczg\u00fcn bir \u015fekilde yeniden \u00f6rt\u00fcl\u00fcr.<\/p>\n\n\n\n<p>SMAS makyaj\u0131n\u0131n ba\u015far\u0131s\u0131n\u0131n anahtar\u0131, <strong>do\u011fal gen\u00e7lik hatlar\u0131n\u0131 yeniden yarat\u0131n<\/strong> Cildi basit\u00e7e germek yerine, altta yatan yap\u0131sal gev\u015fekli\u011fi ele alarak. Bu, yaln\u0131zca daha do\u011fal de\u011fil, ayn\u0131 zamanda daha kal\u0131c\u0131 sonu\u00e7lara yol a\u00e7ar.<\/p>\n\n\n\n<hr class=\"wp-block-separator has-alpha-channel-opacity\" \/>\n\n\n\n<h2 class=\"wp-block-heading\"><span class=\"ez-toc-section\" id=\"Why_the_SMAS_Facelift_is_Considered_the_Gold_Standard\"><\/span>SMAS Facelift&#039;in Neden Alt\u0131n Standart Olarak Kabul Edildi\u011fi<span class=\"ez-toc-section-end\"><\/span><\/h2>\n\n\n\n<p>SMAS y\u00fcz germenin y\u00fcz gen\u00e7le\u015ftirmede \u201calt\u0131n standart\u201d olarak \u00fcnlenmesine katk\u0131da bulunan birka\u00e7 fakt\u00f6r vard\u0131r:<\/p>\n\n\n\n<ul class=\"wp-block-list\">\n<li><strong>Do\u011fal G\u00f6r\u00fcn\u00fcml\u00fc Sonu\u00e7lar:<\/strong> Daha derin SMAS katman\u0131na hitap ederek, kald\u0131rma i\u00e7eriden gelir ve genellikle eski y\u00fcz germe teknikleriyle ili\u015fkilendirilen &quot;\u00e7ekilmi\u015f&quot; veya &quot;gerilmi\u015f&quot; g\u00f6r\u00fcn\u00fcmden ka\u00e7\u0131n\u0131l\u0131r. Sonu\u00e7lar inceliklidir ve g\u00f6r\u00fcn\u00fcm\u00fcn\u00fcz\u00fc k\u00f6kten de\u011fi\u015ftirmeden do\u011fal g\u00fczelli\u011finizi art\u0131r\u0131r. Hastalar genellikle kendilerinin &quot;yenilenmi\u015f&quot; veya &quot;iyi dinlenmi\u015f&quot; bir versiyonu gibi g\u00f6r\u00fcnd\u00fcklerini bildirirler.<\/li>\n\n\n\n<li><strong>Uzun S\u00fcreli Sonu\u00e7lar:<\/strong> Alttaki temel dokular yeniden konumland\u0131r\u0131ld\u0131\u011f\u0131 ve sabitlendi\u011fi i\u00e7in, SMAS y\u00fcz germenin sonu\u00e7lar\u0131 yaln\u0131zca deriden yap\u0131lan kald\u0131rmalardan \u00f6nemli \u00f6l\u00e7\u00fcde daha dayan\u0131kl\u0131d\u0131r. Hi\u00e7bir y\u00fcz germe ya\u015flanma s\u00fcrecini tamamen durduramazken, iyile\u015ftirmeler genellikle 10-15 y\u0131l veya daha uzun s\u00fcre devam eder.<\/li>\n\n\n\n<li><strong>Kapsaml\u0131 Gen\u00e7le\u015fme:<\/strong> SMAS y\u00fcz germe i\u015flemi, a\u015fa\u011f\u0131dakiler de dahil olmak \u00fczere \u00e7ok \u00e7e\u015fitli ya\u015flanma sorunlar\u0131n\u0131 etkili bir \u015fekilde \u00e7\u00f6zer:\n<ul class=\"wp-block-list\">\n<li>Y\u00fcz\u00fcn ortas\u0131nda sarkma<\/li>\n\n\n\n<li>Derin nazolabial k\u0131vr\u0131mlar<\/li>\n\n\n\n<li>Yanaklar\u0131n olu\u015fumu<\/li>\n\n\n\n<li>Boyunda gev\u015fek deri ve bantlanma<\/li>\n\n\n\n<li>Belirgin bir \u00e7ene hatt\u0131n\u0131n kayb\u0131<\/li>\n<\/ul>\n<\/li>\n\n\n\n<li><strong>Geli\u015fmi\u015f \u00c7ene Hatt\u0131 ve Boyun Konturu:<\/strong> G\u00fc\u00e7l\u00fc, belirgin bir \u00e7ene hatt\u0131 ve p\u00fcr\u00fczs\u00fcz bir boyun gen\u00e7li\u011fin ay\u0131rt edici \u00f6zellikleridir. SMAS y\u00fcz germe, bu alanlar\u0131 iyile\u015ftirmede m\u00fckemmeldir ve genel y\u00fcz uyumunda \u00f6nemli bir iyile\u015fme sa\u011flar.<\/li>\n\n\n\n<li><strong>Ciltteki Gerginli\u011fin Azalt\u0131lmas\u0131:<\/strong> Kald\u0131rma i\u015flemi \u00f6ncelikle SMAS&#039;\u0131 manip\u00fcle ederek ger\u00e7ekle\u015ftirildi\u011finden, cilt kesilerine daha az gerginlik uygulan\u0131r. Bu, daha az g\u00f6r\u00fcn\u00fcr yara izi ve daha do\u011fal bir iyile\u015fme s\u00fcreci sa\u011flayabilir.<\/li>\n<\/ul>\n\n\n\n<hr class=\"wp-block-separator has-alpha-channel-opacity\" \/>\n\n\n\n<h2 class=\"wp-block-heading\"><span class=\"ez-toc-section\" id=\"Is_a_SMAS_Facelift_Right_for_You_The_Ideal_Candidate\"><\/span>SMAS Y\u00fcz Germe Sizin \u0130\u00e7in Uygun mu? \u0130deal Aday<span class=\"ez-toc-section-end\"><\/span><\/h2>\n\n\n\n<p>SMAS y\u00fcz germe ameliyat\u0131na girme karar\u0131 ki\u015fisel bir karard\u0131r ve ideal aday genellikle \u015fu \u00f6zellikleri payla\u015f\u0131r:<\/p>\n\n\n\n<h3 class=\"wp-block-heading\"><span class=\"ez-toc-section\" id=\"Demographics\"><\/span>Demografi<span class=\"ez-toc-section-end\"><\/span><\/h3>\n\n\n\n<ul class=\"wp-block-list\">\n<li><strong>Ya\u015f:<\/strong> \u00d6ncelikle bireyler kendi <strong>40&#039;l\u0131 ya\u015flar\u0131n sonu ile 60&#039;l\u0131 ya\u015flar\u0131n sonu<\/strong>. Bu ya\u015f aral\u0131\u011f\u0131 genellikle cerrahi olmayan y\u00f6ntemlerin art\u0131k yeterli olmayabilece\u011fi, ancak cildin hala bir miktar elastikiyetini korudu\u011fu daha belirgin ya\u015flanma belirtileriyle ortaya \u00e7\u0131kar ve bu, optimum cerrahi sonu\u00e7lar i\u00e7in \u00e7ok \u00f6nemlidir. Daha gen\u00e7 hastalar (30&#039;lu ya\u015flar) veya daha ya\u015fl\u0131 hastalar (70&#039;li ya\u015flar ve \u00fczeri) da bireysel cilt kalitelerine, genel sa\u011fl\u0131klar\u0131na ve belirli estetik hedeflerine ba\u011fl\u0131 olarak aday olabilir.<\/li>\n\n\n\n<li><strong>Cinsiyet:<\/strong> Hem erkekler hem de kad\u0131nlar y\u00fcz germe ameliyat\u0131 ge\u00e7irirken, <strong>kad\u0131nlar daha yayg\u0131n hastalard\u0131r<\/strong>Ancak giderek daha fazla say\u0131da erkek y\u00fcz gen\u00e7le\u015ftirme i\u015flemine ba\u015fvuruyor.<\/li>\n\n\n\n<li><strong>Sosyoekonomik Durum:<\/strong> Genellikle bireyler <strong>orta ila \u00fcst gelir grubu<\/strong>\u00c7\u00fcnk\u00fc y\u00fcz germe ameliyat\u0131 genellikle sigorta taraf\u0131ndan kar\u015f\u0131lanmayan \u00f6nemli bir finansal yat\u0131r\u0131md\u0131r.<\/li>\n\n\n\n<li><strong>Co\u011frafi konum:<\/strong> Bu b\u00f6lgelerde ikamet eden veya bu b\u00f6lgelere seyahat etmek isteyen ki\u015filer <strong>sayg\u0131n estetik cerrahi merkezleri ve deneyimli, kurul onayl\u0131 cerrahlar<\/strong>.<\/li>\n<\/ul>\n\n\n\n<h3 class=\"wp-block-heading\"><span class=\"ez-toc-section\" id=\"Psychographics\"><\/span>Psikografik<span class=\"ez-toc-section-end\"><\/span><\/h3>\n\n\n\n<ul class=\"wp-block-list\">\n<li><strong>Motivasyon:<\/strong> Bir arzuyla y\u00f6nlendirilen <strong>kendilerini hissettikleri kadar iyi g\u00f6r\u00fcn\u00fcyorlar<\/strong>, sark\u0131k cilt, derin k\u0131r\u0131\u015f\u0131kl\u0131klar, yanak sarkmas\u0131 ve yorgun g\u00f6r\u00fcn\u00fcm gibi endi\u015feleri ele al\u0131r. K\u00f6kten de\u011fi\u015fmi\u015f bir g\u00f6r\u00fcn\u00fcm yerine daha tazelenmi\u015f, dinlenmi\u015f ve do\u011fal olarak gen\u00e7 bir g\u00f6r\u00fcn\u00fcm ararlar. Motivasyonlar\u0131, d\u0131\u015f g\u00f6r\u00fcn\u00fcmlerini i\u00e7sel canl\u0131l\u0131klar\u0131yla uyumlu hale getirme arzusundan kaynaklan\u0131r.<\/li>\n\n\n\n<li><strong>\u00d6z Alg\u0131 ve G\u00fcven:<\/strong> Ya\u015flanman\u0131n g\u00f6zle g\u00f6r\u00fcl\u00fcr belirtilerinin oldu\u011funa inan\u0131n <strong>\u00f6z g\u00fcvenlerini olumsuz y\u00f6nde etkiliyor<\/strong> veya ba\u015fkalar\u0131 taraf\u0131ndan nas\u0131l alg\u0131land\u0131klar\u0131 (\u00f6rne\u011fin, kendilerini hissettiklerinden daha ya\u015fl\u0131 veya daha yorgun g\u00f6r\u00fcnmeleri). Genellikle y\u00fczlerinin art\u0131k i\u00e7 enerjilerini veya ki\u015filiklerini yans\u0131tmad\u0131\u011f\u0131n\u0131 hissederler.<\/li>\n\n\n\n<li><strong>Ger\u00e7ek\u00e7i Beklentiler:<\/strong> Bir tane var <strong>net ve ger\u00e7ek\u00e7i anlay\u0131\u015f<\/strong> Y\u00fcz germenin neleri ba\u015farabilece\u011fini ve ba\u015faramayaca\u011f\u0131n\u0131 bilirler. Bunun g\u00f6r\u00fcn\u00fcmlerini tamamen de\u011fi\u015ftirmeyece\u011fini, gen\u00e7le\u015ftirece\u011fini anlarlar ve iyile\u015fme s\u00fcreci ve potansiyel risklerin fark\u0131ndad\u0131rlar. M\u00fckemmellik de\u011fil, \u00f6nemli, do\u011fal bir iyile\u015fme ararlar.<\/li>\n\n\n\n<li><strong>Merakl\u0131 ve Bilgili:<\/strong> Tipik olarak <strong>iyi ara\u015ft\u0131r\u0131lm\u0131\u015f<\/strong> prosed\u00fcr, farkl\u0131 y\u00fcz germe teknikleri, potansiyel cerrahlar, iyile\u015fme zaman \u00e7izelgeleri ve beklenen sonu\u00e7lar hakk\u0131nda. D\u00fc\u015f\u00fcnceli sorular sorarlar ve dan\u0131\u015fma s\u00fcrecine aktif olarak kat\u0131l\u0131rlar.<\/li>\n\n\n\n<li><strong>Psikolojik Olarak Sa\u011flam:<\/strong> Elinde bulundurmak <strong>iyi ruh sa\u011fl\u0131\u011f\u0131<\/strong>, ameliyat\u0131n ve iyile\u015fmenin duygusal y\u00f6nleriyle ba\u015fa \u00e7\u0131kabilen ve v\u00fccut dismorfik bozuklu\u011fu veya benzeri rahats\u0131zl\u0131klardan muzdarip olmayan. Sorunsuz bir cerrahi yolculuk i\u00e7in istikrarl\u0131 bir duygusal durum \u00e7ok \u00f6nemlidir.<\/li>\n<\/ul>\n\n\n\n<h3 class=\"wp-block-heading\"><span class=\"ez-toc-section\" id=\"Behavioral_Traits\"><\/span>Davran\u0131\u015fsal \u00d6zellikler<span class=\"ez-toc-section-end\"><\/span><\/h3>\n\n\n\n<ul class=\"wp-block-list\">\n<li><strong>\u00d6nceki Estetik Deneyiminiz:<\/strong> Genellikle daha \u00f6nce denenmi\u015f <strong>invaziv olmayan estetik tedaviler<\/strong> Botoks, dolgu maddeleri veya lazer terapileri gibi, ancak art\u0131k bu y\u00f6ntemlerin istedikleri d\u00fczeltme seviyesi i\u00e7in yeterli sonu\u00e7lar sa\u011flamad\u0131\u011f\u0131n\u0131 hissediyorlar. Bu, estetik yolculuklar\u0131nda bir ilerleme oldu\u011funu g\u00f6steriyor.<\/li>\n\n\n\n<li><strong>Sa\u011fl\u0131k Bilincine Sahip:<\/strong> Genellikle <strong>genel olarak iyi fiziksel sa\u011fl\u0131k<\/strong> cerrahi riskleri \u00f6nemli \u00f6l\u00e7\u00fcde art\u0131racak altta yatan t\u0131bbi rahats\u0131zl\u0131klar\u0131 olmayanlar. Genellikle sigara i\u00e7meyenler veya ameliyattan \u00e7ok \u00f6nce sigaray\u0131 b\u0131rakmaya istekli olanlar, \u00e7\u00fcnk\u00fc sigara iyile\u015fmeyi olumsuz etkileyebilir. Kendi refahlar\u0131n\u0131 \u00f6nceliklendirirler.<\/li>\n\n\n\n<li><strong>\u0130yile\u015fmeye Ba\u011fl\u0131l\u0131k:<\/strong> \u0130stekli olmak <strong>Ameliyat sonras\u0131 talimatlara kesinlikle uyun<\/strong>, optimum iyile\u015fme ve sonu\u00e7lar i\u00e7in duru\u015f s\u00fcresi, aktivite k\u0131s\u0131tlamalar\u0131 ve takip randevular\u0131 dahil. \u0130yile\u015fme d\u00f6neminin genel ba\u015far\u0131n\u0131n kritik bir bile\u015feni oldu\u011funu anl\u0131yorlar.<\/li>\n\n\n\n<li><strong>Uzun Vadeli G\u00f6r\u00fcn\u00fcm:<\/strong> De\u011fer ver <strong>cerrahi sonu\u00e7lar\u0131n uzun \u00f6m\u00fcrl\u00fcl\u00fc\u011f\u00fc<\/strong> ve g\u00fcne\u015ften korunma ve iyi cilt bak\u0131m\u0131 gibi sa\u011fl\u0131kl\u0131 bir ya\u015fam tarz\u0131n\u0131 s\u00fcrd\u00fcrmeye kararl\u0131d\u0131rlar, b\u00f6ylece \u00f6n\u00fcm\u00fczdeki y\u0131llarda yenilenmi\u015f g\u00f6r\u00fcn\u00fcmlerini korurlar. Y\u00fcz germeyi uzun vadeli refahlar\u0131na ve g\u00f6r\u00fcn\u00fcmlerine bir yat\u0131r\u0131m olarak g\u00f6r\u00fcrler.<\/li>\n<\/ul>\n\n\n\n<hr class=\"wp-block-separator has-alpha-channel-opacity\" \/>\n\n\n\n<h2 class=\"wp-block-heading\"><span class=\"ez-toc-section\" id=\"The_SMAS_Facelift_Journey_From_Consultation_to_Recovery\"><\/span>SMAS Y\u00fcz Germe Yolculu\u011fu: Dan\u0131\u015fmanl\u0131ktan \u0130yile\u015fmeye<span class=\"ez-toc-section-end\"><\/span><\/h2>\n\n\n\n<p>SMAS y\u00fcz germe operasyonu ge\u00e7irmek \u00f6nemli bir karard\u0131r ve t\u00fcm s\u00fcreci anlamak endi\u015feleri azaltman\u0131za ve ger\u00e7ek\u00e7i beklentiler olu\u015fturman\u0131za yard\u0131mc\u0131 olabilir.<\/p>\n\n\n\n<h3 class=\"wp-block-heading\"><span class=\"ez-toc-section\" id=\"The_Initial_Consultation\"><\/span>\u0130lk Dan\u0131\u015fma<span class=\"ez-toc-section-end\"><\/span><\/h3>\n\n\n\n<p>Yolculu\u011funuz, kurul onayl\u0131 bir plastik cerrahla kapsaml\u0131 bir kons\u00fcltasyonla ba\u015flar. Bu kritik toplant\u0131 s\u0131ras\u0131nda cerrah\u0131n\u0131z:<\/p>\n\n\n\n<ul class=\"wp-block-list\">\n<li><strong>Y\u00fcz anatomisini de\u011ferlendirin:<\/strong> Bunlara cildinizin elastikiyeti, kemik yap\u0131n\u0131z, sark\u0131kl\u0131k dereceniz ve ya\u011f da\u011f\u0131l\u0131m\u0131n\u0131z de\u011ferlendirilir.<\/li>\n\n\n\n<li><strong>Estetik hedeflerinizi tart\u0131\u015f\u0131n:<\/strong> G\u00f6r\u00fcn\u00fc\u015f\u00fcn\u00fczde sizi rahats\u0131z eden \u015feyin ne oldu\u011funu ve ne elde etmeyi umdu\u011funuzu a\u00e7\u0131k\u00e7a ifade etmeniz \u00f6nemlidir.<\/li>\n\n\n\n<li><strong>T\u0131bbi ge\u00e7mi\u015finizi inceleyin:<\/strong> Bunlara \u00f6nceden var olan durumlar, ila\u00e7lar, alerjiler ve \u00f6nceki ameliyatlar dahildir. Sigara i\u00e7ip i\u00e7medi\u011finizi veya kan suland\u0131r\u0131c\u0131 kullan\u0131p kullanmad\u0131\u011f\u0131n\u0131z\u0131 a\u00e7\u0131klaman\u0131z gerekecektir.<\/li>\n\n\n\n<li><strong>SMAS y\u00fcz germe prosed\u00fcr\u00fcn\u00fc a\u00e7\u0131klay\u0131n:<\/strong> Cerrah, cerrahi tekni\u011fi, kesi yerle\u015fimini ve ameliyat s\u0131ras\u0131nda ve sonras\u0131nda neler beklenmesi gerekti\u011fini ayr\u0131nt\u0131l\u0131 olarak a\u00e7\u0131klayacakt\u0131r.<\/li>\n\n\n\n<li><strong>Olas\u0131 riskleri ve komplikasyonlar\u0131 tart\u0131\u015f\u0131n:<\/strong> Ciddi komplikasyonlar nadir g\u00f6r\u00fclse de t\u00fcm olas\u0131l\u0131klar\u0131n fark\u0131nda olmak \u00f6nemlidir.<\/li>\n\n\n\n<li><strong>\u00d6ncesi ve sonras\u0131 foto\u011fraflar\u0131n\u0131 g\u00f6ster:<\/strong> Bu, olas\u0131 sonu\u00e7lar hakk\u0131nda ger\u00e7ek\u00e7i bir fikir verebilir.<\/li>\n\n\n\n<li><strong>T\u00fcm soru ve endi\u015felerinize yan\u0131t veriyoruz.<\/strong><\/li>\n<\/ul>\n\n\n\n<p>Bu kons\u00fcltasyon iki y\u00f6nl\u00fcd\u00fcr; cerrah\u0131n uzmanl\u0131\u011f\u0131n\u0131, ileti\u015fim tarz\u0131n\u0131 ve bak\u0131m\u0131 konusunda kendinizi rahat ve g\u00fcvende hissedip hissetmedi\u011finizi de\u011ferlendirme f\u0131rsat\u0131n\u0131zd\u0131r.<\/p>\n\n\n\n<h3 class=\"wp-block-heading\"><span class=\"ez-toc-section\" id=\"Preparing_for_Surgery\"><\/span>Ameliyata Haz\u0131rlanmak<span class=\"ez-toc-section-end\"><\/span><\/h3>\n\n\n\n<p>SMAS y\u00fcz germe i\u015flemine devam etmeye karar verdi\u011finizde, ayr\u0131nt\u0131l\u0131 ameliyat \u00f6ncesi talimatlar alacaks\u0131n\u0131z. Bunlar genellikle \u015funlar\u0131 i\u00e7erir:<\/p>\n\n\n\n<ul class=\"wp-block-list\">\n<li><strong>T\u0131bbi De\u011ferlendirme:<\/strong> Ameliyat i\u00e7in uygun bir aday olup olmad\u0131\u011f\u0131n\u0131z\u0131 belirlemek i\u00e7in kan testleri, EKG ve fiziksel muayene yapt\u0131rman\u0131z gerekebilir.<\/li>\n\n\n\n<li><strong>\u0130la\u00e7 D\u00fczenlemeleri:<\/strong> Kanama riskini en aza indirmek i\u00e7in ameliyattan haftalar \u00f6nce kan suland\u0131r\u0131c\u0131 ila\u00e7lar (aspirin, ibuprofen) ve bitkisel takviyeler gibi baz\u0131 ila\u00e7lar\u0131 kesmeniz \u00f6nerilebilir.<\/li>\n\n\n\n<li><strong>Sigara b\u0131rakma:<\/strong> E\u011fer sigara i\u00e7iyorsan\u0131z, ameliyattan birka\u00e7 hafta \u00f6nce b\u0131rakman\u0131z gerekecektir; \u00e7\u00fcnk\u00fc sigara iyile\u015fmeyi \u00f6nemli \u00f6l\u00e7\u00fcde olumsuz etkiler ve komplikasyon riskini art\u0131r\u0131r.<\/li>\n\n\n\n<li><strong>Alkol K\u0131s\u0131tlamas\u0131:<\/strong> Ameliyattan \u00f6nceki g\u00fcnlerde alkol t\u00fcketiminden ka\u00e7\u0131n\u0131n.<\/li>\n\n\n\n<li><strong>Destek D\u00fczenlemesi:<\/strong> Ameliyattan sonra sizi eve g\u00f6t\u00fcrecek ve ilk iyile\u015fme d\u00f6neminde size yard\u0131mc\u0131 olacak birini ayarlay\u0131n.<\/li>\n\n\n\n<li><strong>Rahat Giyim:<\/strong> Ameliyat g\u00fcn\u00fc bol, rahat k\u0131yafetler giymeyi planlay\u0131n.<\/li>\n<\/ul>\n\n\n\n<h3 class=\"wp-block-heading\"><span class=\"ez-toc-section\" id=\"The_Surgical_Procedure\"><\/span>Cerrahi Prosed\u00fcr<span class=\"ez-toc-section-end\"><\/span><\/h3>\n\n\n\n<p>SMAS y\u00fcz germe genellikle \u015fu \u015fekilde ger\u00e7ekle\u015ftirilir: <strong>genel anestezi<\/strong> veya <strong>sedasyonlu lokal anestezi<\/strong>\u0130\u015flem genellikle \u015fu kadar s\u00fcrer: <strong>2 ila 4 saat<\/strong>, Bu durum, gereken d\u00fczeltmenin kapsam\u0131na ve e\u015f zamanl\u0131 olarak ba\u015fka i\u015flemlerin (boyun germe veya g\u00f6z kapa\u011f\u0131 ameliyat\u0131 gibi) yap\u0131l\u0131p yap\u0131lmamas\u0131na ba\u011fl\u0131d\u0131r.<\/p>\n\n\n\n<p>Ad\u0131mlar genellikle \u015funlar\u0131 i\u00e7erir:<\/p>\n\n\n\n<ol class=\"wp-block-list\">\n<li><strong>Anestezi:<\/strong> Uzman anestezist taraf\u0131ndan uygulan\u0131r.<\/li>\n\n\n\n<li><strong>Kesiler:<\/strong> Genellikle \u015fakaklardaki sa\u00e7 \u00e7izgisinden ba\u015flay\u0131p kula\u011f\u0131n \u00f6n\u00fcnden a\u015fa\u011f\u0131 do\u011fru, kulak memesi etraf\u0131ndan ve ard\u0131ndan kula\u011f\u0131n arkas\u0131ndan alt kafa derisine do\u011fru uzanan hassas bir \u015fekilde yerle\u015ftirilmi\u015f kesiler. Bunlar m\u00fcmk\u00fcn oldu\u011funca g\u00f6ze \u00e7arpmayacak \u015fekilde stratejik olarak yerle\u015ftirilmi\u015ftir.<\/li>\n\n\n\n<li><strong>Cilt ve SMAS Y\u00fckselmesi:<\/strong> Deri ve deri alt\u0131 ya\u011f dokusu dikkatlice kald\u0131r\u0131larak alttaki SMAS tabakas\u0131 ortaya \u00e7\u0131kar\u0131l\u0131r.<\/li>\n\n\n\n<li><strong>SMAS Manip\u00fclasyonu:<\/strong> SMAS tabakas\u0131 s\u0131k\u0131la\u015ft\u0131r\u0131l\u0131r, kald\u0131r\u0131l\u0131r ve genellikle daha gen\u00e7, y\u00fckseltilmi\u015f bir pozisyona dikilir. Bu, SMAS y\u00fcz germenin \u00f6z\u00fcd\u00fcr ve kal\u0131c\u0131, do\u011fal g\u00f6r\u00fcn\u00fcml\u00fc bir kald\u0131rma sa\u011flar. Plikasyon (SMAS&#039;\u0131 katlama ve dikme) veya imbrikasyon (\u00fcst \u00fcste bindirme ve dikme) gibi farkl\u0131 teknikler kullan\u0131labilir.<\/li>\n\n\n\n<li><strong>Cilt Yenileme:<\/strong> Y\u00fckseltilmi\u015f deri daha sonra yeniden konumland\u0131r\u0131lm\u0131\u015f SMAS ve alttaki dokular\u0131n \u00fczerine d\u00fczg\u00fcn bir \u015fekilde yeniden \u00f6rt\u00fcl\u00fcr. Fazla deri titizlikle kesilir.<\/li>\n\n\n\n<li><strong>Diki\u015f Kapatma:<\/strong> Kesiler ince diki\u015flerle kapat\u0131l\u0131r, bazen kafa derisi b\u00f6lgesinde cerrahi z\u0131mbalarla birle\u015ftirilir. Herhangi bir s\u0131v\u0131y\u0131 toplamak i\u00e7in ge\u00e7ici olarak k\u00fc\u00e7\u00fck drenler yerle\u015ftirilebilir ve bunlar genellikle 24-48 saat i\u00e7inde \u00e7\u0131kar\u0131l\u0131r.<\/li>\n\n\n\n<li><strong>Pansuman Uygulamas\u0131:<\/strong> \u015ei\u015fli\u011fi en aza indirmek ve iyile\u015fen dokular\u0131 desteklemek i\u00e7in yumu\u015fak bir pansuman veya kompresyon giysisi uygulan\u0131r.<\/li>\n<\/ol>\n\n\n\n<h3 class=\"wp-block-heading\"><span class=\"ez-toc-section\" id=\"Recovery_and_Aftercare\"><\/span>\u0130yile\u015fme ve Sonras\u0131 Bak\u0131m<span class=\"ez-toc-section-end\"><\/span><\/h3>\n\n\n\n<p>\u0130yile\u015fme s\u00fcreci, nihai sonu\u00e7lar\u0131 do\u011frudan etkileyen kritik bir a\u015famad\u0131r. Bireysel iyile\u015fme s\u00fcreleri de\u011fi\u015fse de, genel bir zaman \u00e7izelgesi \u015f\u00f6yledir:<\/p>\n\n\n\n<ul class=\"wp-block-list\">\n<li><strong>Ameliyattan Hemen Sonra:<\/strong> Biraz \u015fi\u015flik, morarma ve rahats\u0131zl\u0131k ya\u015fayacaks\u0131n\u0131z. Herhangi bir a\u011fr\u0131y\u0131 y\u00f6netmek i\u00e7in a\u011fr\u0131 kesici ila\u00e7 re\u00e7ete edilecektir. \u015ei\u015fli\u011fi azaltmak i\u00e7in bir kompresyon giysisi giyilecektir.<\/li>\n\n\n\n<li><strong>\u0130lk hafta:<\/strong> \u00d6nemli \u015fi\u015flik ve morarma yayg\u0131nd\u0131r. Dinlenmelisiniz ve yorucu aktivitelerden ka\u00e7\u0131nmal\u0131s\u0131n\u0131z. Uyurken bile ba\u015f\u0131n\u0131z\u0131 y\u00fcksekte tutmak \u015fi\u015fli\u011fi azaltmaya yard\u0131mc\u0131 olacakt\u0131r. Drenler, e\u011fer kullan\u0131l\u0131yorsa, genellikle ilk birka\u00e7 g\u00fcn i\u00e7inde \u00e7\u0131kar\u0131l\u0131r.<\/li>\n\n\n\n<li><strong>\u0130kinci Hafta:<\/strong> Morarma ve \u015fi\u015flik \u00f6nemli \u00f6l\u00e7\u00fcde azalmaya ba\u015flayacakt\u0131r. \u00c7o\u011fu diki\u015f genellikle bu hafta i\u00e7erisinde al\u0131n\u0131r. Kendinizi daha rahat hissetmeye ba\u015flayabilir ve hafif, yorucu olmayan aktivitelere geri d\u00f6nebilirsiniz.<\/li>\n\n\n\n<li><strong>3-4. Haftalar:<\/strong> G\u00f6r\u00fcn\u00fcr morluklar\u0131n \u00e7o\u011fu kaybolacak ve b\u00fcy\u00fck \u015fi\u015flikler \u00e7\u00f6z\u00fclecektir. Yava\u015f yava\u015f \u00e7o\u011fu normal aktiviteye d\u00f6nebilirsiniz, ancak yine de yorucu egzersizlerden ka\u00e7\u0131n\u0131lmal\u0131d\u0131r.<\/li>\n\n\n\n<li><strong>1-6. Aylar:<\/strong> Kalan \u015fi\u015flik, \u00f6zellikle hafif \u015fi\u015flik, birka\u00e7 ay boyunca devam edebilir. Y\u00fcz germe i\u015fleminizin nihai sonu\u00e7lar\u0131, \u015fi\u015flik tamamen \u00e7\u00f6z\u00fcld\u00fck\u00e7e ve dokular yerle\u015ftik\u00e7e giderek daha belirgin hale gelecektir. Y\u00fcz\u00fcn baz\u0131 b\u00f6lgelerinde uyu\u015fma veya his de\u011fi\u015fikli\u011fi yayg\u0131nd\u0131r ve genellikle birka\u00e7 ay i\u00e7inde d\u00fczelir.<\/li>\n\n\n\n<li><strong>Uzun Vadeli:<\/strong> Sonu\u00e7lar\u0131n\u0131z\u0131 korumak i\u00e7in cildinizi g\u00fcne\u015fe maruz kalmaktan korumaya devam edin ve iyi bir cilt bak\u0131m\u0131 rejimi uygulay\u0131n. Y\u00fcz germe i\u015flemi saati \u00f6nemli \u00f6l\u00e7\u00fcde geri alsa da, do\u011fal ya\u015flanma s\u00fcreci daha gen\u00e7 bir ba\u015flang\u0131\u00e7 noktas\u0131ndan da olsa devam edecektir.<\/li>\n<\/ul>\n\n\n\n<h3 class=\"wp-block-heading\"><span class=\"ez-toc-section\" id=\"Important_Recovery_Tips\"><\/span>\u00d6nemli Kurtarma \u0130pu\u00e7lar\u0131<span class=\"ez-toc-section-end\"><\/span><\/h3>\n\n\n\n<ul class=\"wp-block-list\">\n<li><strong>Ameliyat sonras\u0131 t\u00fcm talimatlara titizlikle uyun.<\/strong><\/li>\n\n\n\n<li><strong>Re\u00e7eteli ila\u00e7lar\u0131 talimatlara uygun \u015fekilde kullan\u0131n.<\/strong><\/li>\n\n\n\n<li><strong>Uyurken bile ba\u015f\u0131n\u0131z\u0131 y\u00fcksekte tutun.<\/strong><\/li>\n\n\n\n<li><strong>\u015ei\u015fli\u011fi azaltmak i\u00e7in so\u011fuk kompres uygulay\u0131n (cerrah\u0131n\u0131z\u0131n \u00f6nerdi\u011fi \u015fekilde).<\/strong><\/li>\n\n\n\n<li><strong>Yorucu aktivitelerden, a\u011f\u0131r kald\u0131rmaktan ve e\u011filmekten ka\u00e7\u0131n\u0131n.<\/strong><\/li>\n\n\n\n<li><strong>\u0130yile\u015fme s\u00fcrecinde sigara i\u00e7meyin.<\/strong><\/li>\n\n\n\n<li><strong>\u0130yile\u015fmeyi desteklemek i\u00e7in sa\u011fl\u0131kl\u0131 ve dengeli beslenin.<\/strong><\/li>\n\n\n\n<li><strong>T\u00fcm takip randevular\u0131n\u0131za kat\u0131l\u0131n.<\/strong><\/li>\n\n\n\n<li><strong>Sab\u0131rl\u0131 ol.<\/strong> \u015ei\u015flik ve morluklar\u0131n ge\u00e7mesi zaman al\u0131r ve nihai sonu\u00e7 yava\u015f yava\u015f ortaya \u00e7\u0131kar.<\/li>\n<\/ul>\n\n\n\n<hr class=\"wp-block-separator has-alpha-channel-opacity\" \/>\n\n\n\n<h2 class=\"wp-block-heading\"><span class=\"ez-toc-section\" id=\"Risks_and_Considerations\"><\/span>Riskler ve Hususlar<span class=\"ez-toc-section-end\"><\/span><\/h2>\n\n\n\n<p>Herhangi bir cerrahi prosed\u00fcr gibi, SMAS y\u00fcz germe de potansiyel riskler ta\u015f\u0131r, ancak ciddi komplikasyonlar nadirdir. Bunlar \u015funlar\u0131 i\u00e7erebilir:<\/p>\n\n\n\n<ul class=\"wp-block-list\">\n<li><strong>Kanama:<\/strong> Hematom (cilt alt\u0131nda kan toplanmas\u0131) en s\u0131k g\u00f6r\u00fclen komplikasyondur ve s\u0131kl\u0131kla drenaj gerektirir.<\/li>\n\n\n\n<li><strong>Enfeksiyon:<\/strong> Nadir de olsa, bunu \u00f6nlemek i\u00e7in s\u0131kl\u0131kla antibiyotikler re\u00e7ete edilir.<\/li>\n\n\n\n<li><strong>Sinir Yaralanmas\u0131:<\/strong> Y\u00fcz kaslar\u0131nda g\u00fc\u00e7s\u00fczl\u00fc\u011fe veya felce neden olabilen ge\u00e7ici veya \u00e7ok nadir durumlarda kal\u0131c\u0131 y\u00fcz siniri hasar\u0131.<\/li>\n\n\n\n<li><strong>Uyu\u015fma:<\/strong> Cilt hissiyat\u0131nda ge\u00e7ici veya kal\u0131c\u0131 de\u011fi\u015fiklikler.<\/li>\n\n\n\n<li><strong>Yara izi:<\/strong> Kesiler g\u00f6ze \u00e7arpmayacak \u015fekilde yerle\u015ftirilse de, g\u00f6r\u00fcn\u00fcr yara izi kalma olas\u0131l\u0131\u011f\u0131 vard\u0131r.<\/li>\n\n\n\n<li><strong>Sa\u00e7 D\u00f6k\u00fclmesi:<\/strong> Kesi yerlerinin \u00e7evresinde ge\u00e7ici veya kal\u0131c\u0131 sa\u00e7 d\u00f6k\u00fclmesi.<\/li>\n\n\n\n<li><strong>Asimetri:<\/strong> Y\u00fcz\u00fcn iki taraf\u0131 aras\u0131nda hafif farkl\u0131l\u0131klar var.<\/li>\n\n\n\n<li><strong>Tatmin Edici Olmayan Estetik Sonu\u00e7:<\/strong> Sonu\u00e7lar\u0131n hastan\u0131n beklentilerini kar\u015f\u0131lamama olas\u0131l\u0131\u011f\u0131.<\/li>\n<\/ul>\n\n\n\n<p>Birini se\u00e7mek <strong>kurul onayl\u0131 plastik cerrah<\/strong> SMAS y\u00fcz germe konusunda kapsaml\u0131 deneyime sahip olmak, riskleri en aza indirmek ve m\u00fcmk\u00fcn olan en iyi sonucu elde etmek i\u00e7in \u00e7ok \u00f6nemlidir. Yetenekli bir cerrah kapsaml\u0131 bir de\u011ferlendirme yapacak, t\u00fcm olas\u0131 riskleri tart\u0131\u015facak ve ortaya \u00e7\u0131kabilecek herhangi bir komplikasyonu y\u00f6netme konusunda uzmanl\u0131\u011fa sahip olacakt\u0131r.<\/p>\n\n\n\n<hr class=\"wp-block-separator has-alpha-channel-opacity\" \/>\n\n\n\n<h2 class=\"wp-block-heading\"><span class=\"ez-toc-section\" id=\"Maintaining_Your_Refreshed_Look_Beyond_the_Surgery\"><\/span>Yenilenmi\u015f G\u00f6r\u00fcn\u00fcm\u00fcn\u00fcz\u00fc Korumak: Ameliyattan Sonra<span class=\"ez-toc-section-end\"><\/span><\/h2>\n\n\n\n<p>SMAS y\u00fcz germe i\u015flemi dikkat \u00e7ekici ve uzun s\u00fcreli bir iyile\u015fme sa\u011flar, ancak ya\u015flanma s\u00fcrecini durdurmaz. Yenilenmi\u015f g\u00f6r\u00fcn\u00fcm\u00fcn\u00fcz\u00fc m\u00fcmk\u00fcn oldu\u011funca uzun s\u00fcre korumak i\u00e7in \u015fu uygulamalar\u0131 d\u00fczenli olarak yapmay\u0131 d\u00fc\u015f\u00fcn\u00fcn:<\/p>\n\n\n\n<ul class=\"wp-block-list\">\n<li><strong>G\u00fcne\u015f korumas\u0131:<\/strong> Cildinizi g\u00fcne\u015fin neden oldu\u011fu ve ya\u015flanmay\u0131 h\u0131zland\u0131ran hasarlardan korumak i\u00e7in geni\u015f spektrumlu g\u00fcne\u015f koruyucuyu her g\u00fcn kullanmak \u00e7ok \u00f6nemlidir.<\/li>\n\n\n\n<li><strong>Sa\u011fl\u0131kl\u0131 Ya\u015fam Tarz\u0131:<\/strong> Dengeli beslenme, d\u00fczenli egzersiz ve yeterli uyku genel cilt sa\u011fl\u0131\u011f\u0131n\u0131za ve canl\u0131l\u0131\u011f\u0131n\u0131za katk\u0131da bulunur.<\/li>\n\n\n\n<li><strong>Cilt Bak\u0131m Rejimi:<\/strong> Cilt sa\u011fl\u0131\u011f\u0131n\u0131 ve kolajen \u00fcretimini desteklemek i\u00e7in antioksidanlar, retinoidler (uygunsa) ve nemlendiriciler i\u00e7eren y\u00fcksek kaliteli bir cilt bak\u0131m rutinine yat\u0131r\u0131m yap\u0131n.<\/li>\n\n\n\n<li><strong>\u0130nvaziv Olmayan Tedaviler:<\/strong> Y\u0131llar ge\u00e7tik\u00e7e, ortaya \u00e7\u0131kan yeni ince \u00e7izgileri, hacim kayb\u0131n\u0131 veya cilt dokusu sorunlar\u0131n\u0131 gidermek i\u00e7in ara s\u0131ra Botox, dolgu maddeleri veya lazer tedavileri gibi invaziv olmayan tedavileri d\u00fc\u015f\u00fcnebilirsiniz. Bunlar y\u00fcz germe sonu\u00e7lar\u0131n\u0131z\u0131 tamamlayabilir ve faydalar\u0131n\u0131 uzatabilir.<\/li>\n\n\n\n<li><strong>Cerrah\u0131n\u0131zla Takip:<\/strong> Plastik cerrah\u0131n\u0131zla yapaca\u011f\u0131n\u0131z d\u00fczenli kontroller sonu\u00e7lar\u0131n\u0131z\u0131 takip etmenize ve yeni endi\u015felerinizi gidermenize yard\u0131mc\u0131 olabilir.<\/li>\n<\/ul>\n\n\n\n<hr class=\"wp-block-separator has-alpha-channel-opacity\" \/>\n\n\n\n<h2 class=\"wp-block-heading\"><span class=\"ez-toc-section\" id=\"Conclusion_Investing_in_Your_Confidence_and_Well-being\"><\/span>Sonu\u00e7: Kendinize G\u00fcveninize ve Refah\u0131n\u0131za Yat\u0131r\u0131m Yap\u0131n<span class=\"ez-toc-section-end\"><\/span><\/h2>\n\n\n\n<p>Bir ameliyata girme karar\u0131 <strong>SMAS y\u00fcz germe<\/strong> \u00f6nemli bir yat\u0131r\u0131md\u0131r - sadece finansal olarak de\u011fil, ayn\u0131 zamanda iyile\u015fmeye zaman ve ba\u011fl\u0131l\u0131k a\u00e7\u0131s\u0131ndan da. Ancak, ideal aday i\u00e7in, \u00f6z g\u00fcveni \u00f6nemli \u00f6l\u00e7\u00fcde art\u0131rabilen ve genel ya\u015fam kalitesini iyile\u015ftirebilen do\u011fal g\u00f6r\u00fcn\u00fcml\u00fc ve uzun s\u00fcreli sonu\u00e7lar sunarak son derece \u00f6d\u00fcllendirici bir deneyim sunar.<\/p>\n\n\n\n<p>Y\u00fcz ya\u015flanmas\u0131n\u0131n alt\u0131nda yatan yap\u0131sal bile\u015fenlere do\u011frudan hitap ederek, SMAS y\u00fcz germe i\u015flemi kendini \u015fu \u015fekilde farkl\u0131la\u015ft\u0131r\u0131r: <strong>alt\u0131n standart<\/strong> Kapsaml\u0131 y\u00fcz gen\u00e7le\u015ftirme i\u00e7in. \u0130\u00e7inizde ne kadar iyi hissetti\u011finizi ger\u00e7ekten yans\u0131tan daha uyumlu, gen\u00e7 ve tazelenmi\u015f bir g\u00f6r\u00fcn\u00fcm sa\u011flar. Ya\u015flanman\u0131n g\u00f6r\u00fcn\u00fcr belirtilerine kal\u0131c\u0131 bir \u00e7\u00f6z\u00fcm ar\u0131yorsan\u0131z ve ideal aday\u0131n \u00f6zellikleriyle rezonansa giriyorsan\u0131z, deneyimli, kurul onayl\u0131 bir plastik cerrahla g\u00f6r\u00fc\u015fmeniz, canlanm\u0131\u015f bir benli\u011fe giden yolculu\u011funuzdaki kritik ilk ad\u0131md\u0131r.<\/p>\n\n\n\n<p>Ziyaret etmek&nbsp;<a href=\"https:\/\/www.instagram.com\/dr_mfo\/\" target=\"_blank\" rel=\"noreferrer noopener nofollow\">Dr.MFO Instagram profili<\/a>&nbsp;ger\u00e7ek hasta d\u00f6n\u00fc\u015f\u00fcmlerini g\u00f6rmek i\u00e7in! Y\u00fcz bak\u0131m\u0131yla elde edilen inan\u0131lmaz sonu\u00e7lara bir g\u00f6z at\u0131n&nbsp;<a href=\"https:\/\/www.dr-mfo.com\/tr\/ffs-yuz-feminizasyon-ameliyati\/\">feminizasyon ameliyat\u0131<\/a>&nbsp;ve di\u011fer prosed\u00fcrler. Profilde \u00f6ne \u00e7\u0131kan \u00f6ncesi ve sonras\u0131 foto\u011fraflar\u0131 sergileniyor&nbsp;<a href=\"https:\/\/www.dr-mfo.com\/tr\/drmfo\/\">Dr.MFO<\/a>&#039;nin do\u011fal g\u00f6r\u00fcn\u00fcml\u00fc, g\u00fczel sonu\u00e7lar yaratma konusundaki uzmanl\u0131\u011f\u0131 ve sanatsal vizyonu.<\/p>\n\n\n\n<p>Yolculu\u011funuzda bir sonraki ad\u0131m\u0131 atmaya haz\u0131r m\u0131s\u0131n\u0131z? Planlay\u0131n&nbsp;<a href=\"https:\/\/www.dr-mfo.com\/tr\/detayli-bilgi-al\/\">\u00fccretsiz dan\u0131\u015fmanl\u0131k<\/a>&nbsp;ile&nbsp;<a href=\"https:\/\/www.dr-mfo.com\/tr\/drmfo-kimdir\/\">Dr.MFO<\/a>&nbsp;(&nbsp;<a href=\"https:\/\/www.instagram.com\/dr_mfo\/\" rel=\"noreferrer noopener nofollow\" target=\"_blank\">En \u0130yi Y\u00fcz Feminizasyon Cerrah\u0131<\/a>&nbsp;Sizin i\u00e7in) bug\u00fcn. Dan\u0131\u015fmanl\u0131k s\u0131ras\u0131nda hedeflerinizi tart\u0131\u015fabilir, akl\u0131n\u0131za tak\u0131lan sorular\u0131 sorabilir ve nas\u0131l yapaca\u011f\u0131n\u0131z hakk\u0131nda daha fazla bilgi edinebilirsiniz.&nbsp;<a href=\"https:\/\/www.dr-mfo.com\/tr\/drmfo\/\">Dr.MFO<\/a>&nbsp;\u0130stedi\u011finiz g\u00f6r\u00fcn\u00fcme ula\u015fman\u0131za yard\u0131mc\u0131 olabilir. Se\u00e7eneklerinizi ke\u015ffetmek ve olup olmad\u0131\u011f\u0131n\u0131 g\u00f6rmek i\u00e7in bu \u00fccretsiz f\u0131rsattan yararlanmaktan \u00e7ekinmeyin.&nbsp;<a href=\"https:\/\/www.dr-mfo.com\/tr\/drmfo-kimdir\/\">Dr.MFO<\/a>&nbsp;sizin i\u00e7in do\u011fru se\u00e7imdir.<\/p>","protected":false},"excerpt":{"rendered":"<p>The pursuit of a youthful and refreshed appearance is a timeless endeavor. As we age, our skin naturally loses its elasticity, and gravity begins to take its toll, leading to visible signs of aging like sagging skin, deep wrinkles, and jowls. While non-surgical options offer temporary improvements, for many, the rhytidectomy, commonly known as a [&hellip;]<\/p>\n","protected":false},"author":2,"featured_media":12608,"comment_status":"closed","ping_status":"closed","sticky":false,"template":"","format":"standard","meta":{"_acf_changed":false,"footnotes":""},"categories":[189],"tags":[],"class_list":["post-12606","post","type-post","status-publish","format-standard","has-post-thumbnail","hentry","category-facelift"],"acf":[],"_links":{"self":[{"href":"https:\/\/www.dr-mfo.com\/tr\/wp-json\/wp\/v2\/posts\/12606","targetHints":{"allow":["GET"]}}],"collection":[{"href":"https:\/\/www.dr-mfo.com\/tr\/wp-json\/wp\/v2\/posts"}],"about":[{"href":"https:\/\/www.dr-mfo.com\/tr\/wp-json\/wp\/v2\/types\/post"}],"author":[{"embeddable":true,"href":"https:\/\/www.dr-mfo.com\/tr\/wp-json\/wp\/v2\/users\/2"}],"replies":[{"embeddable":true,"href":"https:\/\/www.dr-mfo.com\/tr\/wp-json\/wp\/v2\/comments?post=12606"}],"version-history":[{"count":0,"href":"https:\/\/www.dr-mfo.com\/tr\/wp-json\/wp\/v2\/posts\/12606\/revisions"}],"wp:featuredmedia":[{"embeddable":true,"href":"https:\/\/www.dr-mfo.com\/tr\/wp-json\/wp\/v2\/media\/12608"}],"wp:attachment":[{"href":"https:\/\/www.dr-mfo.com\/tr\/wp-json\/wp\/v2\/media?parent=12606"}],"wp:term":[{"taxonomy":"category","embeddable":true,"href":"https:\/\/www.dr-mfo.com\/tr\/wp-json\/wp\/v2\/categories?post=12606"},{"taxonomy":"post_tag","embeddable":true,"href":"https:\/\/www.dr-mfo.com\/tr\/wp-json\/wp\/v2\/tags?post=12606"}],"curies":[{"name":"wp","href":"https:\/\/api.w.org\/{rel}","templated":true}]}}