{"id":12617,"date":"2025-06-05T16:40:42","date_gmt":"2025-06-05T15:40:42","guid":{"rendered":"https:\/\/www.dr-mfo.com\/?p=12617"},"modified":"2026-02-21T19:03:35","modified_gmt":"2026-02-21T19:03:35","slug":"ritidektomi-yuz-germe-izleri","status":"publish","type":"post","link":"https:\/\/www.dr-mfo.com\/tr\/rhytidectomy-facelift-scars\/","title":{"rendered":"Kesi Sanat\u0131: Y\u00fcz Germe \u0130zlerinin Gizlendi\u011fi Yer"},"content":{"rendered":"<hr class=\"wp-block-separator has-alpha-channel-opacity\" \/>\n\n\n\n<p>Ritidektomi, daha yayg\u0131n olarak bilinen ad\u0131yla <strong><a href=\"https:\/\/www.dr-mfo.com\/tr\/facelift-surgery\/\">y\u00fcz germe<\/a><\/strong>, ya\u015flanman\u0131n g\u00f6r\u00fcn\u00fcr belirtilerini ele almak ve daha gen\u00e7 ve tazelenmi\u015f bir g\u00f6r\u00fcn\u00fcm sunmak i\u00e7in tasarlanm\u0131\u015f d\u00f6n\u00fc\u015ft\u00fcr\u00fcc\u00fc bir cerrahi prosed\u00fcrd\u00fcr. Bu \u00f6nemli ad\u0131m\u0131 d\u00fc\u015f\u00fcnen bir\u00e7ok ki\u015fi i\u00e7in en acil endi\u015felerden biri sadece sonu\u00e7 de\u011fil, \u00f6zellikle &quot;sanat&quot;\u0131n oldu\u011fu s\u00fcre\u00e7tir. <a href=\"https:\/\/www.dr-mfo.com\/tr\/\">Cerrah<\/a> ger\u00e7ekten devreye giriyor: gizli <strong>kesiler<\/strong> ve ortaya \u00e7\u0131kan <strong>yara izleri<\/strong>. G\u00f6r\u00fcn\u00fcr yara izi korkusu genellikle bireyleri cayd\u0131r\u0131r, ancak modern y\u00fcz germe teknikleri gizlili\u011fe \u00f6ncelik vererek kesileri stratejik, g\u00f6ze \u00e7arpmayan yerlere yerle\u015ftirir. Bu kapsaml\u0131 k\u0131lavuz, bu kesilerin ustaca yerle\u015ftirilmesini inceleyerek, daha gen\u00e7 bir g\u00f6r\u00fcn\u00fcme giden yolculu\u011funuzda yaln\u0131zca ince, kolayca gizlenebilen izler b\u0131rakman\u0131z\u0131 sa\u011flar.<\/p>\n\n\n\n<hr class=\"wp-block-separator has-alpha-channel-opacity\" \/>\n\n\n\n<figure class=\"wp-block-image size-large\"><img fetchpriority=\"high\" decoding=\"async\" width=\"1024\" height=\"559\" src=\"https:\/\/www.dr-mfo.com\/wp-content\/uploads\/2025\/06\/image-8-1024x559.png\" alt=\"\" class=\"wp-image-12620\" srcset=\"https:\/\/www.dr-mfo.com\/wp-content\/uploads\/2025\/06\/image-8-1024x559.png 1024w, https:\/\/www.dr-mfo.com\/wp-content\/uploads\/2025\/06\/image-8-300x164.png 300w, https:\/\/www.dr-mfo.com\/wp-content\/uploads\/2025\/06\/image-8-768x419.png 768w, https:\/\/www.dr-mfo.com\/wp-content\/uploads\/2025\/06\/image-8-18x10.png 18w, https:\/\/www.dr-mfo.com\/wp-content\/uploads\/2025\/06\/image-8.png 1408w\" sizes=\"(max-width: 1024px) 100vw, 1024px\" \/><\/figure>\n\n\n\n<div id=\"ez-toc-container\" class=\"ez-toc-v2_0_82_2 counter-hierarchy ez-toc-counter ez-toc-transparent ez-toc-container-direction\">\n<div class=\"ez-toc-title-container\">\n<p class=\"ez-toc-title\" style=\"cursor:inherit\">\u0130\u00e7indekiler<\/p>\n<span class=\"ez-toc-title-toggle\"><\/span><\/div>\n<nav><ul class='ez-toc-list ez-toc-list-level-1' ><li class='ez-toc-page-1 ez-toc-heading-level-2'><a class=\"ez-toc-link ez-toc-heading-1\" href=\"https:\/\/www.dr-mfo.com\/tr\/rhytidectomy-facelift-scars\/#Understanding_the_Facelift_More_Than_Just_Skin_Deep\" >Y\u00fcz Germe \u0130\u015flemini Anlamak: Sadece Cilt Derinli\u011finden Daha Fazlas\u0131<\/a><\/li><li class='ez-toc-page-1 ez-toc-heading-level-2'><a class=\"ez-toc-link ez-toc-heading-2\" href=\"https:\/\/www.dr-mfo.com\/tr\/rhytidectomy-facelift-scars\/#The_Strategic_Placement_of_Incisions_The_Surgeons_Canvas\" >Kesilerin Stratejik Yerle\u015fimi: Cerrah\u0131n Tuvali<\/a><ul class='ez-toc-list-level-3' ><li class='ez-toc-heading-level-3'><a class=\"ez-toc-link ez-toc-heading-3\" href=\"https:\/\/www.dr-mfo.com\/tr\/rhytidectomy-facelift-scars\/#1_The_Hairline_and_Temples_A_Natural_Disguise\" >1. Sa\u00e7 \u00c7izgisi ve \u015eakaklar: Do\u011fal Bir Gizleme<\/a><\/li><li class='ez-toc-page-1 ez-toc-heading-level-3'><a class=\"ez-toc-link ez-toc-heading-4\" href=\"https:\/\/www.dr-mfo.com\/tr\/rhytidectomy-facelift-scars\/#2_Around_the_Ear_Embracing_Natural_Contours\" >2. Kulak \u00c7evresi: Do\u011fal Konturlar\u0131 Benimsemek<\/a><\/li><li class='ez-toc-page-1 ez-toc-heading-level-3'><a class=\"ez-toc-link ez-toc-heading-5\" href=\"https:\/\/www.dr-mfo.com\/tr\/rhytidectomy-facelift-scars\/#3_Under_the_Chin_The_Submental_Incision\" >3. \u00c7ene Alt\u0131: Submental Kesi<\/a><\/li><\/ul><\/li><li class='ez-toc-page-1 ez-toc-heading-level-2'><a class=\"ez-toc-link ez-toc-heading-6\" href=\"https:\/\/www.dr-mfo.com\/tr\/rhytidectomy-facelift-scars\/#Minimally_Invasive_Facelift_Techniques_The_Evolution_of_Discretion\" >Minimal \u0130nvaziv Y\u00fcz Germe Teknikleri: Gizlili\u011fin Evrimi<\/a><\/li><li class='ez-toc-page-1 ez-toc-heading-level-2'><a class=\"ez-toc-link ez-toc-heading-7\" href=\"https:\/\/www.dr-mfo.com\/tr\/rhytidectomy-facelift-scars\/#The_Healing_Process_From_Incision_to_Invisibility\" >\u0130yile\u015fme S\u00fcreci: Kesiden G\u00f6r\u00fcnmezli\u011fe<\/a><ul class='ez-toc-list-level-3' ><li class='ez-toc-heading-level-3'><a class=\"ez-toc-link ez-toc-heading-8\" href=\"https:\/\/www.dr-mfo.com\/tr\/rhytidectomy-facelift-scars\/#Tips_for_Optimal_Scar_Healing\" >En \u0130yi Yara \u0130yile\u015fmesi \u0130\u00e7in \u0130pu\u00e7lar\u0131:<\/a><\/li><\/ul><\/li><li class='ez-toc-page-1 ez-toc-heading-level-2'><a class=\"ez-toc-link ez-toc-heading-9\" href=\"https:\/\/www.dr-mfo.com\/tr\/rhytidectomy-facelift-scars\/#Choosing_Your_Surgeon_The_Artist_Behind_the_Incisions\" >Cerrah\u0131n\u0131z\u0131 Se\u00e7mek: Kesilerin Arkas\u0131ndaki Sanat\u00e7\u0131<\/a><\/li><li class='ez-toc-page-1 ez-toc-heading-level-2'><a class=\"ez-toc-link ez-toc-heading-10\" href=\"https:\/\/www.dr-mfo.com\/tr\/rhytidectomy-facelift-scars\/#The_Confidence_That_Comes_with_a_Hidden_Transformation\" >Gizli Bir D\u00f6n\u00fc\u015f\u00fcmle Gelen G\u00fcven<\/a><\/li><li class='ez-toc-page-1 ez-toc-heading-level-2'><a class=\"ez-toc-link ez-toc-heading-11\" href=\"https:\/\/www.dr-mfo.com\/tr\/rhytidectomy-facelift-scars\/#Frequently_Asked_Questions_About_Facelift_Scars\" >Y\u00fcz Germe \u0130zleri Hakk\u0131nda S\u0131k\u00e7a Sorulan Sorular<\/a><ul class='ez-toc-list-level-3' ><li class='ez-toc-heading-level-3'><a class=\"ez-toc-link ez-toc-heading-12\" href=\"https:\/\/www.dr-mfo.com\/tr\/rhytidectomy-facelift-scars\/#How_long_do_facelift_scars_take_to_fade_completely\" >Y\u00fcz germe ameliyat\u0131 izleri ne kadar s\u00fcrede tamamen kaybolur?<\/a><\/li><li class='ez-toc-page-1 ez-toc-heading-level-3'><a class=\"ez-toc-link ez-toc-heading-13\" href=\"https:\/\/www.dr-mfo.com\/tr\/rhytidectomy-facelift-scars\/#Can_facelift_scars_be_revised_if_they_are_noticeable\" >Y\u00fcz germe ameliyat\u0131 izleri belirgin ise d\u00fczeltilebilir mi?<\/a><\/li><li class='ez-toc-page-1 ez-toc-heading-level-3'><a class=\"ez-toc-link ez-toc-heading-14\" href=\"https:\/\/www.dr-mfo.com\/tr\/rhytidectomy-facelift-scars\/#Is_it_possible_to_have_a_facelift_without_any_scars\" >Hi\u00e7 iz kalmadan y\u00fcz germe yapt\u0131rmak m\u00fcmk\u00fcn m\u00fcd\u00fcr?<\/a><\/li><li class='ez-toc-page-1 ez-toc-heading-level-3'><a class=\"ez-toc-link ez-toc-heading-15\" href=\"https:\/\/www.dr-mfo.com\/tr\/rhytidectomy-facelift-scars\/#Does_hair_grow_back_through_the_incisions\" >Kesi yerlerinden tekrar sa\u00e7 \u00e7\u0131kar m\u0131?<\/a><\/li><li class='ez-toc-page-1 ez-toc-heading-level-3'><a class=\"ez-toc-link ez-toc-heading-16\" href=\"https:\/\/www.dr-mfo.com\/tr\/rhytidectomy-facelift-scars\/#Can_sun_exposure_worsen_facelift_scars\" >G\u00fcne\u015fe maruz kalmak y\u00fcz germe ameliyat izlerini k\u00f6t\u00fcle\u015ftirebilir mi?<\/a><\/li><\/ul><\/li><\/ul><\/nav><\/div>\n<h2 class=\"wp-block-heading\"><span class=\"ez-toc-section\" id=\"Understanding_the_Facelift_More_Than_Just_Skin_Deep\"><\/span>Y\u00fcz Germe \u0130\u015flemini Anlamak: Sadece Cilt Derinli\u011finden Daha Fazlas\u0131<span class=\"ez-toc-section-end\"><\/span><\/h2>\n\n\n\n<p>Ritidektomi sadece gev\u015fek cildi s\u0131k\u0131la\u015ft\u0131rmakla ilgili de\u011fildir. Altta yatan kas ve doku (SMAS \u2013 Y\u00fczeysel Muskuloapon\u00f6rotik Sistem) dahil olmak \u00fczere y\u00fcz\u00fcn birden fazla katman\u0131n\u0131 ele alan karma\u015f\u0131k bir i\u015flemdir. Ya\u015fland\u0131k\u00e7a, yer \u00e7ekimi, g\u00fcne\u015fe maruz kalma ve do\u011fal kolajen ve elastin kayb\u0131 sark\u0131k cilde, derin k\u0131r\u0131\u015f\u0131kl\u0131klara, yanaklara ve yorgun bir g\u00f6r\u00fcn\u00fcme yol a\u00e7ar. Y\u00fcz germe bu etkileri \u015fu \u015fekilde ortadan kald\u0131r\u0131r:<\/p>\n\n\n\n<ul class=\"wp-block-list\">\n<li><strong>Daha derin y\u00fcz dokular\u0131n\u0131n kald\u0131r\u0131lmas\u0131 ve yeniden konumland\u0131r\u0131lmas\u0131:<\/strong> Bu daha do\u011fal ve uzun s\u00fcreli bir lifting sa\u011flar.<\/li>\n\n\n\n<li><strong>Fazla derinin al\u0131nmas\u0131:<\/strong> Daha d\u00fczg\u00fcn bir kontur olu\u015fturmak i\u00e7in fazla deri dikkatlice kesilir.<\/li>\n\n\n\n<li><strong>\u00c7ene hatt\u0131n\u0131n ve boynun yeniden tan\u0131mlanmas\u0131:<\/strong> G\u0131d\u0131y\u0131 yok etmek ve boyun derisini s\u0131k\u0131la\u015ft\u0131rmak.<\/li>\n<\/ul>\n\n\n\n<p>Nihai hedef, k\u00f6kten de\u011fi\u015fmi\u015f veya &quot;\u00e7ekilmi\u015f&quot; bir g\u00f6r\u00fcn\u00fcmden ziyade, i\u00e7inizdeki hisle uyumlu, yenilenmi\u015f, dinlenmi\u015f ve do\u011fal olarak gen\u00e7 bir g\u00f6r\u00fcn\u00fcmd\u00fcr. Bu n\u00fcans \u00e7ok \u00f6nemlidir, \u00e7\u00fcnk\u00fc en iyi y\u00fcz germe i\u015flemleri m\u00fcdahaleyi duyurmadan saati gizlice geri \u00e7evirenlerdir.<\/p>\n\n\n\n<hr class=\"wp-block-separator has-alpha-channel-opacity\" \/>\n\n\n\n<h2 class=\"wp-block-heading\"><span class=\"ez-toc-section\" id=\"The_Strategic_Placement_of_Incisions_The_Surgeons_Canvas\"><\/span>Kesilerin Stratejik Yerle\u015fimi: Cerrah\u0131n Tuvali<span class=\"ez-toc-section-end\"><\/span><\/h2>\n\n\n\n<p>Neredeyse g\u00f6r\u00fcnmez bir y\u00fcz germenin b\u00fcy\u00fcs\u00fc, kesi yerle\u015fiminin titizlikle planlanmas\u0131 ve uygulanmas\u0131nda yatar. Yetenekli plastik cerrahlar, y\u00fcz ve boynun karma\u015f\u0131k anatomisini ve en \u00f6nemlisi, do\u011fal k\u0131vr\u0131mlar\u0131 ve sa\u00e7 \u00e7izgilerini kendi avantajlar\u0131na nas\u0131l kullanacaklar\u0131n\u0131 anlarlar. \u0130\u015fte ritidektomi kesilerinin genellikle nerede sakland\u0131\u011f\u0131na dair ayr\u0131nt\u0131l\u0131 bir bak\u0131\u015f:<\/p>\n\n\n\n<h3 class=\"wp-block-heading\"><span class=\"ez-toc-section\" id=\"1_The_Hairline_and_Temples_A_Natural_Disguise\"><\/span>1. Sa\u00e7 \u00c7izgisi ve \u015eakaklar: Do\u011fal Bir Gizleme<span class=\"ez-toc-section-end\"><\/span><\/h3>\n\n\n\n<p>Kesiler i\u00e7in birincil alanlardan biri, <strong>sa\u00e7 \u00e7izgisi<\/strong>, tap\u0131naklara kadar uzan\u0131r. Bu alan birka\u00e7 nedenden dolay\u0131 idealdir:<\/p>\n\n\n\n<ul class=\"wp-block-list\">\n<li><strong>Sa\u00e7 do\u011fal bir kapat\u0131c\u0131l\u0131k sa\u011flar:<\/strong> Sa\u00e7 k\u00f6kleri, iyile\u015firken kesi hatt\u0131ndan d\u0131\u015far\u0131 do\u011fru b\u00fcy\u00fcr ve bu sayede, hafif bir yara izi etkili bir \u015fekilde kamufle edilir.<\/li>\n\n\n\n<li><strong>\u00dcst y\u00fcz\u00fcn kald\u0131r\u0131lmas\u0131:<\/strong> Buradaki kesiler cerrah\u0131n \u00fcst y\u00fcz ve al\u0131ndaki deri ve dokular\u0131 kald\u0131r\u0131p s\u0131k\u0131la\u015ft\u0131rmas\u0131na, sark\u0131k ka\u015flar\u0131 d\u00fczeltmesine ve al\u0131ndaki k\u0131r\u0131\u015f\u0131kl\u0131klar\u0131 yumu\u015fatmas\u0131na olanak tan\u0131r.<\/li>\n\n\n\n<li><strong>Stratejik t\u00fcylenme:<\/strong> Deneyimli cerrahlar kesiyi sa\u00e7 \u00e7izgisi boyunca ilerleterek d\u00fcz bir \u00e7izgiden ziyade, kusursuz bir \u015fekilde harmanlanan d\u00fczensiz, do\u011fal g\u00f6r\u00fcn\u00fcml\u00fc bir e\u011fri olu\u015ftururlar.<\/li>\n<\/ul>\n\n\n\n<p>Kesi, \u015fakak b\u00f6lgesinden ba\u015flay\u0131p kula\u011f\u0131n do\u011fal k\u0131vr\u0131m\u0131n\u0131 takip ederek kula\u011f\u0131n arkas\u0131ndan alt kafa derisine do\u011fru uzanabilir.<\/p>\n\n\n\n<h3 class=\"wp-block-heading\"><span class=\"ez-toc-section\" id=\"2_Around_the_Ear_Embracing_Natural_Contours\"><\/span>2. Kulak \u00c7evresi: Do\u011fal Konturlar\u0131 Benimsemek<span class=\"ez-toc-section-end\"><\/span><\/h3>\n\n\n\n<p>Alan <strong>kulak \u00e7evresinde<\/strong> belki de gizli y\u00fcz germe kesileri i\u00e7in en kritik olan\u0131d\u0131r. Bu b\u00f6lge, yara izlerini etkili bir \u015fekilde gizleyebilen \u00e7ok say\u0131da do\u011fal k\u0131vr\u0131m ve g\u00f6lge sunar:<\/p>\n\n\n\n<ul class=\"wp-block-list\">\n<li><strong>Preaurik\u00fcler Kesi (Kula\u011f\u0131n \u00d6n K\u0131sm\u0131ndan):<\/strong> Bu kesi tipik olarak temporal k\u0131llarda ba\u015flar, kulak k\u0131k\u0131rda\u011f\u0131n\u0131n (tragus) y\u00fczle birle\u015fti\u011fi do\u011fal e\u011friyi takip eder ve sonra kulak memesinin arkas\u0131na do\u011fru uzan\u0131r. Kula\u011f\u0131n do\u011fal e\u011frilerini ve k\u0131vr\u0131mlar\u0131n\u0131 sararak, kesinin bu k\u0131sm\u0131 iyile\u015ftikten sonra neredeyse fark edilmez hale gelir. \u00d6zellikle tragus, do\u011fal \u00e7\u0131k\u0131nt\u0131s\u0131 kesiyi gizleyen bir g\u00f6lge olu\u015fturdu\u011fu i\u00e7in tercih edilen bir noktad\u0131r.<\/li>\n\n\n\n<li><strong>Postaurik\u00fcler Kesi (Kulak Arkas\u0131):<\/strong> Kulak memesinden itibaren kesi kula\u011f\u0131n arkas\u0131na do\u011fru devam eder ve genellikle kula\u011f\u0131n ba\u015fa ba\u011fland\u0131\u011f\u0131 k\u0131vr\u0131m\u0131 izler. Bu, cerrah\u0131n boyundaki gev\u015fek deri ve bantla\u015fmay\u0131 ele almas\u0131n\u0131 sa\u011flar.<\/li>\n\n\n\n<li><strong>Oksipital Sa\u00e7 \u00c7izgisi (kulak arkas\u0131ndan kafa derisine do\u011fru):<\/strong> Daha kapsaml\u0131 boyun germe i\u00e7in, kesi kula\u011f\u0131n arkas\u0131ndaki sa\u00e7l\u0131 deriye do\u011fru daha da uzanabilir. Yine, sa\u00e7 bu segmentler i\u00e7in m\u00fckemmel bir \u00f6rt\u00fc sa\u011flar.<\/li>\n<\/ul>\n\n\n\n<p>Burada \u00f6nemli olan, cerrah\u0131n kesiyi do\u011fal hatlar ve k\u0131vr\u0131mlar i\u00e7erisinde yapabilmesi ve s\u0131radan bir g\u00f6zlemcinin bunu fark etmesini zorla\u015ft\u0131rmas\u0131d\u0131r.<\/p>\n\n\n\n<h3 class=\"wp-block-heading\"><span class=\"ez-toc-section\" id=\"3_Under_the_Chin_The_Submental_Incision\"><\/span>3. \u00c7ene Alt\u0131: Submental Kesi<span class=\"ez-toc-section-end\"><\/span><\/h3>\n\n\n\n<p>Her y\u00fcz germe i\u015fleminin bir par\u00e7as\u0131 olmasa da, k\u00fc\u00e7\u00fck bir kesi <strong>\u00e7enenin alt\u0131nda<\/strong> (submental kesi) s\u0131kl\u0131kla yap\u0131l\u0131r, \u00f6zellikle hastan\u0131n boynunda \u00f6nemli bantlanma veya a\u015f\u0131r\u0131 ya\u011f varsa. Bu kesi genellikle \u00e7ok k\u0131sad\u0131r, s\u0131kl\u0131kla bir in\u00e7ten azd\u0131r ve orada bulunan do\u011fal k\u0131vr\u0131ma yerle\u015ftirilir.<\/p>\n\n\n\n<ul class=\"wp-block-list\">\n<li><strong>Boynuna hitaben:<\/strong> Bu kesi, cerrah\u0131n platysma kas\u0131na (boyun bantlar\u0131) do\u011frudan eri\u015fmesine ve s\u0131k\u0131la\u015ft\u0131rmas\u0131na, ayr\u0131ca b\u00f6lgesel ya\u011flar\u0131 (liposuction) alarak daha p\u00fcr\u00fczs\u00fcz ve belirgin bir \u00e7ene hatt\u0131 ve boyun olu\u015fturmas\u0131na olanak tan\u0131r.<\/li>\n\n\n\n<li><strong>Do\u011fal saklanma yeri:<\/strong> Bu yara izi do\u011fal bir g\u00f6lge ve k\u0131vr\u0131mda yer ald\u0131\u011f\u0131 i\u00e7in nadiren fark edilir.<\/li>\n<\/ul>\n\n\n\n<hr class=\"wp-block-separator has-alpha-channel-opacity\" \/>\n\n\n\n<h2 class=\"wp-block-heading\"><span class=\"ez-toc-section\" id=\"Minimally_Invasive_Facelift_Techniques_The_Evolution_of_Discretion\"><\/span>Minimal \u0130nvaziv Y\u00fcz Germe Teknikleri: Gizlili\u011fin Evrimi<span class=\"ez-toc-section-end\"><\/span><\/h2>\n\n\n\n<p>Cerrahi tekniklerdeki ilerlemeler, daha az invaziv, daha incelikli y\u00fcz germe se\u00e7eneklerine yol a\u00e7m\u0131\u015f olup, daha az belirgin izlerle bile etkileyici sonu\u00e7lar sunmaktad\u0131r.<\/p>\n\n\n\n<ul class=\"wp-block-list\">\n<li><strong>K\u0131sa \u0130zli Y\u00fcz Germe (Mini Y\u00fcz Germe):<\/strong> Bu teknikler, genellikle sa\u00e7 \u00e7izgisi ve kulak \u00e7evresiyle s\u0131n\u0131rl\u0131, ancak kafa derisine kadar uzanmayan daha k\u0131sa kesiler kullan\u0131r. Bunlar, \u00f6zellikle yanak ve orta y\u00fcze odaklanarak, erken ya\u015flanma belirtileri g\u00f6steren ki\u015filer i\u00e7in idealdir. \u0130yile\u015fme s\u00fcresi genellikle daha k\u0131sad\u0131r ve yara izi daha da az kapsaml\u0131d\u0131r.<\/li>\n\n\n\n<li><strong>Derin Plan Y\u00fcz Germe:<\/strong> Daha kapsaml\u0131 bir diseksiyon i\u00e7ermesine ra\u011fmen, derin plan y\u00fcz germe, daha derin y\u00fcz yap\u0131lar\u0131n\u0131 tek bir birim olarak kald\u0131rmaya odaklan\u0131r. Kesiler hala stratejik olarak yerle\u015ftirilir ve kald\u0131rma daha derin bir seviyede elde edildi\u011finden, ciltte daha az gerginlik olur ve bu da daha ince, daha az fark edilir izlere yol a\u00e7abilir.<\/li>\n<\/ul>\n\n\n\n<hr class=\"wp-block-separator has-alpha-channel-opacity\" \/>\n\n\n\n<h2 class=\"wp-block-heading\"><span class=\"ez-toc-section\" id=\"The_Healing_Process_From_Incision_to_Invisibility\"><\/span>\u0130yile\u015fme S\u00fcreci: Kesiden G\u00f6r\u00fcnmezli\u011fe<span class=\"ez-toc-section-end\"><\/span><\/h2>\n\n\n\n<p>Beklentileri y\u00f6netmek ve optimum yara izi sonu\u00e7lar\u0131n\u0131 sa\u011flamak i\u00e7in iyile\u015fme s\u00fcrecini anlamak \u00e7ok \u00f6nemlidir.<\/p>\n\n\n\n<ul class=\"wp-block-list\">\n<li><strong>Ba\u015flang\u0131\u00e7 A\u015famas\u0131 (G\u00fcnlerden Haftalara):<\/strong> Ameliyattan hemen sonra, kesiler k\u0131rm\u0131z\u0131 ve muhtemelen hafif \u015fi\u015f olacakt\u0131r. Cerrah\u0131n\u0131z, b\u00f6lgeyi temiz tutmay\u0131 ve topikal merhemler uygulamay\u0131 i\u00e7erebilecek yara bak\u0131m\u0131 hakk\u0131nda ayr\u0131nt\u0131l\u0131 talimatlar verecektir.<\/li>\n\n\n\n<li><strong>Erken \u0130yile\u015fme (Haftalar ila Aylar):<\/strong> \u00d6n\u00fcm\u00fczdeki birka\u00e7 hafta ve ay boyunca, yara izleri giderek yumu\u015fayacak ve d\u00fczle\u015fecektir. Renkleri genellikle k\u0131rm\u0131z\u0131dan pembeye ve ard\u0131ndan soluk, ten rengi bir renge d\u00f6n\u00fc\u015fecektir. Bu s\u00fcre zarf\u0131nda kesileri do\u011frudan g\u00fcne\u015f \u0131\u015f\u0131\u011f\u0131ndan korumak \u00f6nemlidir, \u00e7\u00fcnk\u00fc UV \u0131\u015f\u0131nlar\u0131 hiperpigmentasyona neden olarak yara izlerini daha belirgin hale getirebilir.<\/li>\n\n\n\n<li><strong>Olgunla\u015fma (Aylar, Bir Y\u0131l veya Daha Fazlas\u0131):<\/strong> Yara izleri bir y\u0131la kadar veya daha uzun s\u00fcre olgunla\u015fmaya ve solmaya devam eder. Daha yumu\u015fak, daha d\u00fcz hale gelir ve \u00e7evredeki cilt ile daha kusursuz bir \u015fekilde b\u00fct\u00fcnle\u015fir. Bir yara izinin son g\u00f6r\u00fcn\u00fcm\u00fc, bireysel iyile\u015fme yetenekleri, genetik yatk\u0131nl\u0131k ve ameliyat sonras\u0131 bak\u0131ma uyum gibi \u00e7e\u015fitli fakt\u00f6rlere ba\u011fl\u0131d\u0131r.<\/li>\n<\/ul>\n\n\n\n<h3 class=\"wp-block-heading\"><span class=\"ez-toc-section\" id=\"Tips_for_Optimal_Scar_Healing\"><\/span>En \u0130yi Yara \u0130yile\u015fmesi \u0130\u00e7in \u0130pu\u00e7lar\u0131:<span class=\"ez-toc-section-end\"><\/span><\/h3>\n\n\n\n<ul class=\"wp-block-list\">\n<li><strong>Ameliyat Sonras\u0131 Talimatlar\u0131 Takip Edin:<\/strong> Bu \u00e7ok \u00f6nemlidir. Cerrah\u0131n\u0131z\u0131n yara bak\u0131m\u0131, aktivite k\u0131s\u0131tlamalar\u0131 ve takip randevular\u0131 konusundaki tavsiyelerine uymak, optimum iyile\u015fme i\u00e7in kritik \u00f6neme sahiptir.<\/li>\n\n\n\n<li><strong>G\u00fcne\u015f korumas\u0131:<\/strong> \u0130yile\u015fmekte olan yara izlerini y\u00fcksek fakt\u00f6rl\u00fc g\u00fcne\u015f kremi kullanarak veya \u00fczerini kapatarak g\u00fcne\u015ften koruyun.<\/li>\n\n\n\n<li><strong>Sigara \u0130\u00e7mekten Ka\u00e7\u0131n\u0131n:<\/strong> Sigara i\u00e7mek yara iyile\u015fmesini \u00f6nemli \u00f6l\u00e7\u00fcde bozar ve daha az olumlu yara izi sonu\u00e7lar\u0131na yol a\u00e7abilir.<\/li>\n\n\n\n<li><strong>Sa\u011fl\u0131kl\u0131 Bir Ya\u015fam Tarz\u0131n\u0131 S\u00fcrd\u00fcr\u00fcn:<\/strong> \u0130yi beslenme ve s\u0131v\u0131 al\u0131m\u0131 v\u00fccudun do\u011fal iyile\u015fme s\u00fcre\u00e7lerini destekler.<\/li>\n\n\n\n<li><strong>Yara \u0130zi Masaj\u0131 ve Silikon \u00dcr\u00fcnleri:<\/strong> Cerrah\u0131n\u0131z\u0131n onay\u0131 al\u0131nd\u0131ktan sonra, nazik yara masaj\u0131 veya silikon tabakalar\u0131n\/jellerin kullan\u0131m\u0131, dokuyu yumu\u015fak ve esnek tutarak yara g\u00f6r\u00fcn\u00fcm\u00fcn\u00fcn iyile\u015ftirilmesine yard\u0131mc\u0131 olabilir.<\/li>\n<\/ul>\n\n\n\n<hr class=\"wp-block-separator has-alpha-channel-opacity\" \/>\n\n\n\n<h2 class=\"wp-block-heading\"><span class=\"ez-toc-section\" id=\"Choosing_Your_Surgeon_The_Artist_Behind_the_Incisions\"><\/span>Cerrah\u0131n\u0131z\u0131 Se\u00e7mek: Kesilerin Arkas\u0131ndaki Sanat\u00e7\u0131<span class=\"ez-toc-section-end\"><\/span><\/h2>\n\n\n\n<p>Plastik cerrah\u0131n\u0131z\u0131n becerisi ve deneyimi, do\u011fal g\u00f6r\u00fcn\u00fcml\u00fc ve g\u00f6ze \u00e7arpmayan izlerle sonu\u00e7lanan bir y\u00fcz germe ameliyat\u0131 elde etmede en kritik fakt\u00f6rlerdir. Y\u00fcz germe ameliyat\u0131n\u0131z i\u00e7in cerrah se\u00e7erken \u015funlar\u0131 g\u00f6z \u00f6n\u00fcnde bulundurun:<\/p>\n\n\n\n<ul class=\"wp-block-list\">\n<li><strong>Y\u00f6netim Kurulu Sertifikas\u0131:<\/strong> Cerrah\u0131n\u0131z\u0131n plastik cerrahide kurul onayl\u0131 oldu\u011fundan emin olun. Bu, s\u0131k\u0131 e\u011fitim, uzmanl\u0131k ve etik davran\u0131\u015f standartlar\u0131n\u0131 kar\u015f\u0131lad\u0131klar\u0131 anlam\u0131na gelir.<\/li>\n\n\n\n<li><strong>Y\u00fcz Germe Deneyimi:<\/strong> Y\u00fcz germe operasyonlar\u0131n\u0131 yo\u011fun olarak ger\u00e7ekle\u015ftiren ve y\u00fcz esteti\u011fi konusunda uzmanla\u015fm\u0131\u015f bir cerrah aray\u0131n.<\/li>\n\n\n\n<li><strong>\u00d6ncesi ve Sonras\u0131 Foto\u011fraflar\u0131:<\/strong> \u00d6ncesi ve sonras\u0131 foto\u011fraflar\u0131ndan olu\u015fan portf\u00f6ylerini inceleyin ve &quot;sonras\u0131&quot; sonu\u00e7lar\u0131ndaki yara izlerine dikkat edin. Yara izleri gizli ve iyi gizlenmi\u015f g\u00f6r\u00fcn\u00fcyor mu?<\/li>\n\n\n\n<li><strong>Hasta G\u00f6r\u00fc\u015fleri ve Yorumlar\u0131:<\/strong> Di\u011fer hastalar\u0131n cerrahla ilgili deneyimleri ve sonu\u00e7lar\u0131 hakk\u0131nda neler s\u00f6ylediklerini okuyun.<\/li>\n\n\n\n<li><strong>\u0130leti\u015fim Tarz\u0131:<\/strong> Endi\u015felerinizi rahat\u00e7a tart\u0131\u015fabilece\u011finiz ve prosed\u00fcr\u00fc, olas\u0131 riskleri ve beklenen sonu\u00e7lar\u0131 a\u00e7\u0131k\u00e7a a\u00e7\u0131klayan bir cerrah se\u00e7in. Ayr\u0131ca, bir y\u00fcz germenin neyi ba\u015farabilece\u011fi ve ba\u015faramayaca\u011f\u0131 konusunda ger\u00e7ek\u00e7i bir anlay\u0131\u015fa sahip olmal\u0131d\u0131rlar.<\/li>\n<\/ul>\n\n\n\n<p>Ritidektomi i\u00e7in ideal aday genellikle 40&#039;l\u0131 ya\u015flar\u0131n sonu ile 60&#039;l\u0131 ya\u015flar\u0131n sonu aras\u0131nda olan ve sark\u0131k cilt, derin k\u0131r\u0131\u015f\u0131kl\u0131klar, yanak sarkmas\u0131 ve yorgun g\u00f6r\u00fcn\u00fcm gibi g\u00f6zle g\u00f6r\u00fcl\u00fcr ya\u015flanma belirtilerini gidermek isteyen ki\u015filerdir. Genellikle kad\u0131nlard\u0131r ve finansal yat\u0131r\u0131m nedeniyle genellikle orta ila \u00fcst gelir grubundad\u0131rlar. Psikolojik olarak, kendilerini hissettikleri kadar iyi g\u00f6r\u00fcnme arzusuyla motive olurlar, sonu\u00e7 hakk\u0131nda ger\u00e7ek\u00e7i beklentilere sahiptirler, iyi ara\u015ft\u0131rm\u0131\u015flard\u0131r ve psikolojik olarak sa\u011flamd\u0131rlar. Davran\u0131\u015fsal olarak, invaziv olmayan estetik tedavilerle ilgili daha \u00f6nce deneyimleri olabilir, sa\u011fl\u0131k bilincine sahiptirler, iyile\u015fme s\u00fcrecine ba\u011fl\u0131d\u0131rlar ve sonu\u00e7lar\u0131n uzun vadeli g\u00f6r\u00fcn\u00fcm\u00fcne de\u011fer verirler.<\/p>\n\n\n\n<hr class=\"wp-block-separator has-alpha-channel-opacity\" \/>\n\n\n\n<h2 class=\"wp-block-heading\"><span class=\"ez-toc-section\" id=\"The_Confidence_That_Comes_with_a_Hidden_Transformation\"><\/span>Gizli Bir D\u00f6n\u00fc\u015f\u00fcmle Gelen G\u00fcven<span class=\"ez-toc-section-end\"><\/span><\/h2>\n\n\n\n<p>\u00c7evredeki endi\u015fe <strong>y\u00fcz germe izleri<\/strong> tamamen anla\u015f\u0131labilir. Ancak, modern cerrahi teknikleri ve yetenekli bir plastik cerrah\u0131n uzmanl\u0131\u011f\u0131yla, ama\u00e7 her zaman bunlar\u0131 yapmakt\u0131r <strong>kesiler<\/strong> m\u00fcmk\u00fcn oldu\u011funca g\u00f6ze \u00e7arpmayan. Bunlar\u0131 stratejik olarak yerle\u015ftirerek <strong>sa\u00e7 \u00e7izgisi<\/strong>, etraf\u0131nda <strong>kula\u011f\u0131n do\u011fal k\u0131vr\u0131mlar\u0131<\/strong>ve i\u00e7inde <strong>\u00e7enenin alt\u0131ndaki g\u00f6lgeler<\/strong>, ortaya \u00e7\u0131kan yara izleri kusursuz bir \u015fekilde harmanlanacak \u015fekilde tasarlanm\u0131\u015ft\u0131r, b\u00f6ylece yenilenmi\u015f ve gen\u00e7le\u015fmi\u015f sonu\u00e7lar\u0131n keyfini yeni kazan\u0131lm\u0131\u015f \u00f6zg\u00fcvenle \u00e7\u0131karabilirsiniz. Y\u00fcz germe, do\u011fal g\u00fczelli\u011finizi art\u0131rmal\u0131, ona ula\u015fmak i\u00e7in izledi\u011finiz yolu ortaya \u00e7\u0131karmamal\u0131d\u0131r.<\/p>\n\n\n\n<hr class=\"wp-block-separator has-alpha-channel-opacity\" \/>\n\n\n\n<h2 class=\"wp-block-heading\"><span class=\"ez-toc-section\" id=\"Frequently_Asked_Questions_About_Facelift_Scars\"><\/span>Y\u00fcz Germe \u0130zleri Hakk\u0131nda S\u0131k\u00e7a Sorulan Sorular<span class=\"ez-toc-section-end\"><\/span><\/h2>\n\n\n\n<h3 class=\"wp-block-heading\"><span class=\"ez-toc-section\" id=\"How_long_do_facelift_scars_take_to_fade_completely\"><\/span>Y\u00fcz germe ameliyat\u0131 izleri ne kadar s\u00fcrede tamamen kaybolur?<span class=\"ez-toc-section-end\"><\/span><\/h3>\n\n\n\n<p>\u0130lk birka\u00e7 ay i\u00e7inde \u00f6nemli bir solma meydana gelirken, y\u00fcz germe izlerinin tamamen olgunla\u015fmas\u0131 ve m\u00fcmk\u00fcn oldu\u011funca g\u00f6ze \u00e7arpmamas\u0131 bir y\u0131l veya daha uzun s\u00fcrebilir. Bireysel iyile\u015fme de\u011fi\u015fir.<\/p>\n\n\n\n<h3 class=\"wp-block-heading\"><span class=\"ez-toc-section\" id=\"Can_facelift_scars_be_revised_if_they_are_noticeable\"><\/span>Y\u00fcz germe ameliyat\u0131 izleri belirgin ise d\u00fczeltilebilir mi?<span class=\"ez-toc-section-end\"><\/span><\/h3>\n\n\n\n<p>Nadir durumlarda, yara izleri istenenden daha belirgin oldu\u011funda, revizyon prosed\u00fcrleri d\u00fc\u015f\u00fcn\u00fclebilir. Bunlar, yara izinin do\u011fas\u0131na ba\u011fl\u0131 olarak cerrahi yara izi revizyonu, lazer tedavileri veya mikroi\u011fneleme i\u00e7erebilir.<\/p>\n\n\n\n<h3 class=\"wp-block-heading\"><span class=\"ez-toc-section\" id=\"Is_it_possible_to_have_a_facelift_without_any_scars\"><\/span>Hi\u00e7 iz kalmadan y\u00fcz germe yapt\u0131rmak m\u00fcmk\u00fcn m\u00fcd\u00fcr?<span class=\"ez-toc-section-end\"><\/span><\/h3>\n\n\n\n<p>Hay\u0131r, kesi i\u00e7eren herhangi bir cerrahi prosed\u00fcr bir yara iziyle sonu\u00e7lanacakt\u0131r. Ancak, ritidektomide ama\u00e7, bu kesileri do\u011fal olarak gizlendikleri ve iyile\u015ftikten sonra tespit edilmesi \u00e7ok zor olan b\u00f6lgelere yerle\u015ftirmektir.<\/p>\n\n\n\n<h3 class=\"wp-block-heading\"><span class=\"ez-toc-section\" id=\"Does_hair_grow_back_through_the_incisions\"><\/span>Kesi yerlerinden tekrar sa\u00e7 \u00e7\u0131kar m\u0131?<span class=\"ez-toc-section-end\"><\/span><\/h3>\n\n\n\n<p>Evet, sa\u00e7l\u0131 deri i\u00e7inde kesi yap\u0131lan b\u00f6lgelerde, sa\u00e7 k\u00f6kleri s\u0131kl\u0131kla korunur veya nakledilir, b\u00f6ylece sa\u00e7\u0131n kesi hatt\u0131 boyunca veya etraf\u0131nda uzamas\u0131 sa\u011flan\u0131r ve bu da gizlenmeye yard\u0131mc\u0131 olur.<\/p>\n\n\n\n<h3 class=\"wp-block-heading\"><span class=\"ez-toc-section\" id=\"Can_sun_exposure_worsen_facelift_scars\"><\/span>G\u00fcne\u015fe maruz kalmak y\u00fcz germe ameliyat izlerini k\u00f6t\u00fcle\u015ftirebilir mi?<span class=\"ez-toc-section-end\"><\/span><\/h3>\n\n\n\n<p>Kesinlikle. \u0130yile\u015fen yara izlerinin g\u00fcne\u015fe maruz kalmas\u0131, hiperpigmentasyona (koyula\u015fmaya) ve daha belirgin hale gelmesine neden olabilir. Yara izlerini do\u011frudan g\u00fcne\u015f \u0131\u015f\u0131\u011f\u0131ndan korumak i\u00e7in g\u00fcne\u015f kremi kullanmak veya ameliyattan sonra en az bir y\u0131l boyunca kapal\u0131 tutmak \u00e7ok \u00f6nemlidir.<\/p>\n\n\n\n<p>Ziyaret etmek&nbsp;<a href=\"https:\/\/www.instagram.com\/dr_mfo\/\" target=\"_blank\" rel=\"noreferrer noopener nofollow\">Dr.MFO Instagram profili<\/a>&nbsp;ger\u00e7ek hasta d\u00f6n\u00fc\u015f\u00fcmlerini g\u00f6rmek i\u00e7in! Y\u00fcz bak\u0131m\u0131yla elde edilen inan\u0131lmaz sonu\u00e7lara bir g\u00f6z at\u0131n&nbsp;<a href=\"https:\/\/www.dr-mfo.com\/tr\/ffs-yuz-feminizasyon-ameliyati\/\">feminizasyon ameliyat\u0131<\/a>&nbsp;ve di\u011fer prosed\u00fcrler. Profilde \u00f6ne \u00e7\u0131kan \u00f6ncesi ve sonras\u0131 foto\u011fraflar\u0131 sergileniyor&nbsp;<a href=\"https:\/\/www.dr-mfo.com\/tr\/drmfo\/\">Dr.MFO<\/a>&#039;nin do\u011fal g\u00f6r\u00fcn\u00fcml\u00fc, g\u00fczel sonu\u00e7lar yaratma konusundaki uzmanl\u0131\u011f\u0131 ve sanatsal vizyonu.<\/p>\n\n\n\n<p>Yolculu\u011funuzda bir sonraki ad\u0131m\u0131 atmaya haz\u0131r m\u0131s\u0131n\u0131z? Planlay\u0131n&nbsp;<a href=\"https:\/\/www.dr-mfo.com\/tr\/detayli-bilgi-al\/\">\u00fccretsiz dan\u0131\u015fmanl\u0131k<\/a>&nbsp;ile&nbsp;<a href=\"https:\/\/www.dr-mfo.com\/tr\/drmfo-kimdir\/\">Dr.MFO<\/a>&nbsp;(&nbsp;<a href=\"https:\/\/www.instagram.com\/dr_mfo\/\" rel=\"noreferrer noopener nofollow\" target=\"_blank\">En \u0130yi Y\u00fcz Feminizasyon Cerrah\u0131<\/a>&nbsp;Sizin i\u00e7in) bug\u00fcn. Dan\u0131\u015fmanl\u0131k s\u0131ras\u0131nda hedeflerinizi tart\u0131\u015fabilir, akl\u0131n\u0131za tak\u0131lan sorular\u0131 sorabilir ve nas\u0131l yapaca\u011f\u0131n\u0131z hakk\u0131nda daha fazla bilgi edinebilirsiniz.&nbsp;<a href=\"https:\/\/www.dr-mfo.com\/tr\/drmfo\/\">Dr.MFO<\/a>&nbsp;\u0130stedi\u011finiz g\u00f6r\u00fcn\u00fcme ula\u015fman\u0131za yard\u0131mc\u0131 olabilir. Se\u00e7eneklerinizi ke\u015ffetmek ve olup olmad\u0131\u011f\u0131n\u0131 g\u00f6rmek i\u00e7in bu \u00fccretsiz f\u0131rsattan yararlanmaktan \u00e7ekinmeyin.&nbsp;<a href=\"https:\/\/www.dr-mfo.com\/tr\/drmfo-kimdir\/\">Dr.MFO<\/a>&nbsp;sizin i\u00e7in do\u011fru se\u00e7imdir.<\/p>","protected":false},"excerpt":{"rendered":"<p>Rhytidectomy, more commonly known as a facelift, is a transformative surgical procedure designed to address the visible signs of aging, offering a more youthful and refreshed appearance. For many considering this significant step, one of the most pressing concerns isn&#8217;t just the outcome, but the process, particularly where the &#8220;art&#8221; of the surgeon truly comes [&hellip;]<\/p>\n","protected":false},"author":2,"featured_media":12619,"comment_status":"closed","ping_status":"closed","sticky":false,"template":"","format":"standard","meta":{"_acf_changed":false,"footnotes":""},"categories":[189],"tags":[],"class_list":["post-12617","post","type-post","status-publish","format-standard","has-post-thumbnail","hentry","category-facelift"],"acf":[],"_links":{"self":[{"href":"https:\/\/www.dr-mfo.com\/tr\/wp-json\/wp\/v2\/posts\/12617","targetHints":{"allow":["GET"]}}],"collection":[{"href":"https:\/\/www.dr-mfo.com\/tr\/wp-json\/wp\/v2\/posts"}],"about":[{"href":"https:\/\/www.dr-mfo.com\/tr\/wp-json\/wp\/v2\/types\/post"}],"author":[{"embeddable":true,"href":"https:\/\/www.dr-mfo.com\/tr\/wp-json\/wp\/v2\/users\/2"}],"replies":[{"embeddable":true,"href":"https:\/\/www.dr-mfo.com\/tr\/wp-json\/wp\/v2\/comments?post=12617"}],"version-history":[{"count":0,"href":"https:\/\/www.dr-mfo.com\/tr\/wp-json\/wp\/v2\/posts\/12617\/revisions"}],"wp:featuredmedia":[{"embeddable":true,"href":"https:\/\/www.dr-mfo.com\/tr\/wp-json\/wp\/v2\/media\/12619"}],"wp:attachment":[{"href":"https:\/\/www.dr-mfo.com\/tr\/wp-json\/wp\/v2\/media?parent=12617"}],"wp:term":[{"taxonomy":"category","embeddable":true,"href":"https:\/\/www.dr-mfo.com\/tr\/wp-json\/wp\/v2\/categories?post=12617"},{"taxonomy":"post_tag","embeddable":true,"href":"https:\/\/www.dr-mfo.com\/tr\/wp-json\/wp\/v2\/tags?post=12617"}],"curies":[{"name":"wp","href":"https:\/\/api.w.org\/{rel}","templated":true}]}}