{"id":13336,"date":"2025-08-10T14:38:08","date_gmt":"2025-08-10T13:38:08","guid":{"rendered":"https:\/\/www.dr-mfo.com\/?p=13336"},"modified":"2026-02-21T17:58:35","modified_gmt":"2026-02-21T17:58:35","slug":"alin-germe-ameliyati-iyilesme-zaman-cizelgesi","status":"publish","type":"post","link":"https:\/\/www.dr-mfo.com\/tr\/forehead-lift-surgery-recovery-timeline\/","title":{"rendered":"Al\u0131n Germe Ameliyat\u0131 Sonras\u0131 \u0130yile\u015fme S\u00fcreci: Zaman \u00c7izelgesi, \u0130pu\u00e7lar\u0131 ve Beklentiler"},"content":{"rendered":"<p>Bir <strong>al\u0131n germe ameliyat\u0131<\/strong> \u0130ster kozmetik iyile\u015ftirme ister fonksiyonel iyile\u015ftirme olsun, \u00f6nemli bir karard\u0131r. Hastalar\u0131n en acil sorular\u0131ndan biri \u015fudur: &quot;<strong>Al\u0131n germe ameliyat\u0131ndan sonra iyile\u015fme s\u00fcreci ne kadar s\u00fcrer ve bu s\u00fcre\u00e7te neler bekleyebilirim?<\/strong>\u201c<\/p>\n\n\n\n<p>Bu kapsaml\u0131 rehber, size \u015funlar\u0131 sa\u011flamak i\u00e7in tasarlanm\u0131\u015ft\u0131r: <strong>detayl\u0131 iyile\u015fme zaman \u00e7izelgesi<\/strong>, daha sorunsuz bir iyile\u015fme s\u00fcreci i\u00e7in pratik ipu\u00e7lar\u0131 ve her a\u015famada neler bekleyebilece\u011finize dair bilgiler. Y\u00fcz cerrahisi alan\u0131nda kurul onayl\u0131 bir uzman olarak, y\u00fczlerce hastan\u0131n minimum iyile\u015fme s\u00fcresiyle optimum sonu\u00e7lara ula\u015fmas\u0131na yard\u0131mc\u0131 oldum. \u0130yile\u015fme yolculu\u011funuza tamamen haz\u0131r olman\u0131z\u0131 sa\u011flamak i\u00e7in ayr\u0131nt\u0131lara inelim.<\/p>\n\n\n\n<figure class=\"wp-block-image size-large\"><img fetchpriority=\"high\" decoding=\"async\" width=\"1024\" height=\"559\" src=\"https:\/\/www.dr-mfo.com\/wp-content\/uploads\/2025\/08\/image-27-1024x559.png\" alt=\"\" class=\"wp-image-13444\" srcset=\"https:\/\/www.dr-mfo.com\/wp-content\/uploads\/2025\/08\/image-27-1024x559.png 1024w, https:\/\/www.dr-mfo.com\/wp-content\/uploads\/2025\/08\/image-27-300x164.png 300w, https:\/\/www.dr-mfo.com\/wp-content\/uploads\/2025\/08\/image-27-768x419.png 768w, https:\/\/www.dr-mfo.com\/wp-content\/uploads\/2025\/08\/image-27-18x10.png 18w, https:\/\/www.dr-mfo.com\/wp-content\/uploads\/2025\/08\/image-27.png 1408w\" sizes=\"(max-width: 1024px) 100vw, 1024px\" \/><\/figure>\n\n\n\n<div id=\"ez-toc-container\" class=\"ez-toc-v2_0_82_2 counter-hierarchy ez-toc-counter ez-toc-transparent ez-toc-container-direction\">\n<div class=\"ez-toc-title-container\">\n<p class=\"ez-toc-title\" style=\"cursor:inherit\">\u0130\u00e7indekiler<\/p>\n<span class=\"ez-toc-title-toggle\"><\/span><\/div>\n<nav><ul class='ez-toc-list ez-toc-list-level-1' ><li class='ez-toc-page-1 ez-toc-heading-level-2'><a class=\"ez-toc-link ez-toc-heading-1\" href=\"https:\/\/www.dr-mfo.com\/tr\/forehead-lift-surgery-recovery-timeline\/#Understanding_Forehead_Lift_Surgery_A_Brief_Overview\" >Al\u0131n Germe Ameliyat\u0131n\u0131 Anlamak: K\u0131sa Bir Bak\u0131\u015f<\/a><\/li><li class='ez-toc-page-1 ez-toc-heading-level-2'><a class=\"ez-toc-link ez-toc-heading-2\" href=\"https:\/\/www.dr-mfo.com\/tr\/forehead-lift-surgery-recovery-timeline\/#The_Forehead_Lift_Recovery_Timeline_What_to_Expect_Week_by_Week\" >Al\u0131n Germe Ameliyat\u0131 Sonras\u0131 \u0130yile\u015fme S\u00fcreci: Hafta Hafta Neler Beklemelisiniz?<\/a><\/li><li class='ez-toc-page-1 ez-toc-heading-level-2'><a class=\"ez-toc-link ez-toc-heading-3\" href=\"https:\/\/www.dr-mfo.com\/tr\/forehead-lift-surgery-recovery-timeline\/#Managing_Discomfort_and_Potential_Complications\" >Rahats\u0131zl\u0131k ve Olas\u0131 Komplikasyonlar\u0131n Y\u00f6netimi<\/a><\/li><li class='ez-toc-page-1 ez-toc-heading-level-2'><a class=\"ez-toc-link ez-toc-heading-4\" href=\"https:\/\/www.dr-mfo.com\/tr\/forehead-lift-surgery-recovery-timeline\/#Tips_for_a_Smooth_and_Speedy_Recovery\" >Sorunsuz ve H\u0131zl\u0131 Bir \u0130yile\u015fme \u0130\u00e7in \u0130pu\u00e7lar\u0131<\/a><\/li><li class='ez-toc-page-1 ez-toc-heading-level-2'><a class=\"ez-toc-link ez-toc-heading-5\" href=\"https:\/\/www.dr-mfo.com\/tr\/forehead-lift-surgery-recovery-timeline\/#Conclusion_Your_Path_to_a_Successful_Recovery\" >Sonu\u00e7: Ba\u015far\u0131l\u0131 Bir \u0130yile\u015fmeye Giden Yolunuz<\/a><ul class='ez-toc-list-level-3' ><li class='ez-toc-heading-level-3'><a class=\"ez-toc-link ez-toc-heading-6\" href=\"https:\/\/www.dr-mfo.com\/tr\/forehead-lift-surgery-recovery-timeline\/#Key_Takeaways\" >\u00d6nemli \u00c7\u0131kar\u0131mlar<\/a><\/li><li class='ez-toc-page-1 ez-toc-heading-level-3'><a class=\"ez-toc-link ez-toc-heading-7\" href=\"https:\/\/www.dr-mfo.com\/tr\/forehead-lift-surgery-recovery-timeline\/#Next_Steps\" >Sonraki Ad\u0131mlar<\/a><\/li><\/ul><\/li><li class='ez-toc-page-1 ez-toc-heading-level-2'><a class=\"ez-toc-link ez-toc-heading-8\" href=\"https:\/\/www.dr-mfo.com\/tr\/forehead-lift-surgery-recovery-timeline\/#Frequently_Asked_Questions_FAQs\" >S\u0131k\u00e7a Sorulan Sorular (SSS)<\/a><ul class='ez-toc-list-level-3' ><li class='ez-toc-heading-level-3'><a class=\"ez-toc-link ez-toc-heading-9\" href=\"https:\/\/www.dr-mfo.com\/tr\/forehead-lift-surgery-recovery-timeline\/#How_long_does_it_take_to_recover_from_a_forehead_lift_surgery\" >Al\u0131n germe ameliyat\u0131ndan sonra iyile\u015fme s\u00fcreci ne kadar s\u00fcrer?<\/a><\/li><li class='ez-toc-page-1 ez-toc-heading-level-3'><a class=\"ez-toc-link ez-toc-heading-10\" href=\"https:\/\/www.dr-mfo.com\/tr\/forehead-lift-surgery-recovery-timeline\/#What_can_I_expect_during_the_first_week_after_surgery\" >Ameliyattan sonraki ilk haftada neler bekleyebilirim?<\/a><\/li><li class='ez-toc-page-1 ez-toc-heading-level-3'><a class=\"ez-toc-link ez-toc-heading-11\" href=\"https:\/\/www.dr-mfo.com\/tr\/forehead-lift-surgery-recovery-timeline\/#When_can_I_return_to_work_after_a_forehead_lift\" >Al\u0131n germe ameliyat\u0131ndan sonra ne zaman i\u015fe d\u00f6nebilirim?<\/a><\/li><li class='ez-toc-page-1 ez-toc-heading-level-3'><a class=\"ez-toc-link ez-toc-heading-12\" href=\"https:\/\/www.dr-mfo.com\/tr\/forehead-lift-surgery-recovery-timeline\/#Are_there_any_risks_or_complications_associated_with_forehead_lift_surgery\" >Al\u0131n germe ameliyat\u0131n\u0131n herhangi bir riski veya komplikasyonu var m\u0131d\u0131r?<\/a><\/li><li class='ez-toc-page-1 ez-toc-heading-level-3'><a class=\"ez-toc-link ez-toc-heading-13\" href=\"https:\/\/www.dr-mfo.com\/tr\/forehead-lift-surgery-recovery-timeline\/#How_can_I_minimize_scarring_after_a_forehead_lift\" >Al\u0131n germe ameliyat\u0131ndan sonra yara izini nas\u0131l en aza indirebilirim?<\/a><\/li><li class='ez-toc-page-1 ez-toc-heading-level-3'><a class=\"ez-toc-link ez-toc-heading-14\" href=\"https:\/\/www.dr-mfo.com\/tr\/forehead-lift-surgery-recovery-timeline\/#Will_I_have_visible_scars_after_a_forehead_lift\" >Al\u0131n germe ameliyat\u0131ndan sonra g\u00f6r\u00fcn\u00fcr izler kal\u0131r m\u0131?<\/a><\/li><li class='ez-toc-page-1 ez-toc-heading-level-3'><a class=\"ez-toc-link ez-toc-heading-15\" href=\"https:\/\/www.dr-mfo.com\/tr\/forehead-lift-surgery-recovery-timeline\/#Can_I_wear_makeup_after_a_forehead_lift\" >Al\u0131n germe ameliyat\u0131ndan sonra makyaj yapabilir miyim?<\/a><\/li><li class='ez-toc-page-1 ez-toc-heading-level-3'><a class=\"ez-toc-link ez-toc-heading-16\" href=\"https:\/\/www.dr-mfo.com\/tr\/forehead-lift-surgery-recovery-timeline\/#What_should_I_avoid_during_the_recovery_period\" >\u0130yile\u015fme s\u00fcrecinde nelerden ka\u00e7\u0131nmal\u0131y\u0131m?<\/a><\/li><\/ul><\/li><\/ul><\/nav><\/div>\n<h2 class=\"wp-block-heading\"><span class=\"ez-toc-section\" id=\"Understanding_Forehead_Lift_Surgery_A_Brief_Overview\"><\/span>Al\u0131n Germe Ameliyat\u0131n\u0131 Anlamak: K\u0131sa Bir Bak\u0131\u015f<span class=\"ez-toc-section-end\"><\/span><\/h2>\n\n\n\n<p>Al\u0131n germe, ka\u015f kald\u0131rma olarak da bilinir, y\u00fcz\u00fcn \u00fcst k\u0131sm\u0131n\u0131 gen\u00e7le\u015ftirmeyi ama\u00e7layan cerrahi bir i\u015flemdir. A\u015fa\u011f\u0131daki gibi sorunlar\u0131 giderir:<\/p>\n\n\n\n<ul class=\"wp-block-list\">\n<li>D\u00fc\u015f\u00fck ka\u015flar<\/li>\n\n\n\n<li>Al\u0131n k\u0131r\u0131\u015f\u0131kl\u0131klar\u0131 ve \u00e7izgileri<\/li>\n\n\n\n<li>Ka\u015flar aras\u0131ndaki ka\u015f \u00e7atma \u00e7izgileri<\/li>\n<\/ul>\n\n\n\n<p>Bu i\u015flem, a\u015fa\u011f\u0131dakiler de dahil olmak \u00fczere farkl\u0131 teknikler kullan\u0131larak ger\u00e7ekle\u015ftirilebilir:<\/p>\n\n\n\n<ul class=\"wp-block-list\">\n<li><strong>Endoskopik al\u0131n germe:<\/strong> Minimal invaziv, k\u00fc\u00e7\u00fck kesiler ve endoskop kullan\u0131larak.<\/li>\n\n\n\n<li><strong>Koronal al\u0131n germe:<\/strong> Genellikle sa\u00e7 \u00e7izgisinin i\u00e7inde gizlenen, ba\u015f\u0131n \u00fcst k\u0131sm\u0131nda bir kesi yap\u0131l\u0131r.<\/li>\n\n\n\n<li><strong>Sa\u00e7 \u00e7izgisi al\u0131n germe:<\/strong> Sa\u00e7 \u00e7izgisi y\u00fcksek olan hastalar i\u00e7in idealdir, \u00e7\u00fcnk\u00fc kesi sa\u00e7 \u00e7izgisi boyunca yap\u0131l\u0131r.<\/li>\n<\/ul>\n\n\n\n<p>Cerrahi teknikler hakk\u0131nda daha fazla bilgi edinmek i\u00e7in k\u0131lavuzumuzu inceleyebilirsiniz. <a href=\"https:\/\/www.dr-mfo.com\/tr\/ffsde-kas-kaldirma-ve-alin-rekonstruksiyonu\/\">FFS&#039;de Ka\u015f Kald\u0131rma ve Al\u0131n Rekonstr\u00fcksiyonu<\/a>.<\/p>\n\n\n\n<h2 class=\"wp-block-heading\"><span class=\"ez-toc-section\" id=\"The_Forehead_Lift_Recovery_Timeline_What_to_Expect_Week_by_Week\"><\/span>Al\u0131n Germe Ameliyat\u0131 Sonras\u0131 \u0130yile\u015fme S\u00fcreci: Hafta Hafta Neler Beklemelisiniz?<span class=\"ez-toc-section-end\"><\/span><\/h2>\n\n\n\n<p>Al\u0131n germe ameliyat\u0131ndan sonra iyile\u015fme s\u00fcreci kademeli bir s\u00fcre\u00e7tir. A\u015fa\u011f\u0131da <strong>haftal\u0131k d\u00f6k\u00fcm<\/strong> neler bekleyebilece\u011finizi:<\/p>\n\n\n\n<figure class=\"wp-block-table\"><table class=\"has-fixed-layout\"><thead><tr><th>Hafta<\/th><th>Ne Beklemelisiniz<\/th><th>Sorunsuz Bir \u0130yile\u015fme \u0130\u00e7in \u0130pu\u00e7lar\u0131<\/th><\/tr><\/thead><tbody><tr><td><strong>1. Hafta<\/strong><\/td><td>Al\u0131n ve g\u00f6z \u00e7evresinde \u015fi\u015flik ve morarma. Hafif ila orta \u015fiddette rahats\u0131zl\u0131k, re\u00e7eteli a\u011fr\u0131 kesicilerle kontrol alt\u0131na al\u0131nabilir. Sa\u00e7l\u0131 deride uyu\u015fma veya kar\u0131ncalanma hissi olabilir.<\/td><td>\u015ei\u015fli\u011fi azaltmak i\u00e7in dinlenirken ba\u015f\u0131n\u0131z\u0131 y\u00fcksekte tutun. Etkilenen b\u00f6lgelere nazik\u00e7e so\u011fuk kompres uygulay\u0131n. Yorucu aktivitelerden ve a\u011f\u0131r kald\u0131rmaktan ka\u00e7\u0131n\u0131n.<\/td><\/tr><tr><td><strong>2. Hafta<\/strong><\/td><td>\u015ei\u015flik ve morluklar inmeye ba\u015flar. Diki\u015fler veya z\u0131mbalar genellikle bu haftan\u0131n sonunda al\u0131n\u0131r. Kendinizi daha rahat hissetmeye ba\u015flayabilir ve hafif aktivitelere d\u00f6nebilirsiniz.<\/td><td>Yara bak\u0131m\u0131 i\u00e7in cerrah\u0131n\u0131z\u0131n talimatlar\u0131na uyun. Do\u011frudan g\u00fcne\u015f \u0131\u015f\u0131\u011f\u0131ndan ka\u00e7\u0131n\u0131n ve d\u0131\u015far\u0131dayken \u015fapka tak\u0131n. A\u011f\u0131r egzersizlerden veya kan bas\u0131nc\u0131n\u0131 y\u00fckselten aktivitelerden ka\u00e7\u0131nmaya devam edin.<\/td><\/tr><tr><td><strong>3-4. Hafta<\/strong><\/td><td>\u015ei\u015flik ve morluklar\u0131n \u00e7o\u011fu ge\u00e7ti. \u0130\u015f de dahil olmak \u00fczere normal aktivitelerinize kademeli olarak d\u00f6nebilirsiniz. Bir miktar uyu\u015fukluk kalabilir, ancak zamanla d\u00fczelecektir.<\/td><td>\u0130yile\u015fen cildi UV hasar\u0131ndan korumak i\u00e7in g\u00fcne\u015f kremi kullan\u0131n. Kan dola\u015f\u0131m\u0131n\u0131 iyile\u015ftirmek ve sertli\u011fi azaltmak i\u00e7in aln\u0131n\u0131za nazik\u00e7e masaj yap\u0131n. <a href=\"https:\/\/www.dr-mfo.com\/tr\/\">Cerrah<\/a> ilerleme kontrol\u00fc i\u00e7in.<\/td><\/tr><tr><td><strong>2-3. Ay<\/strong><\/td><td>Kalan \u015fi\u015flik azald\u0131k\u00e7a nihai sonu\u00e7lar daha belirgin hale gelir. Sa\u00e7 derisindeki his geri d\u00f6ner. Yo\u011fun egzersizler de dahil olmak \u00fczere t\u00fcm normal aktivitelerinize d\u00f6nebilirsiniz.<\/td><td>Sonu\u00e7lar\u0131 korumak i\u00e7in sa\u011fl\u0131kl\u0131 bir cilt bak\u0131m rutini uygulay\u0131n. \u0130yile\u015fmeyi desteklemek i\u00e7in bol su i\u00e7in ve dengeli beslenin. Sonu\u00e7lar\u0131 de\u011ferlendirmek i\u00e7in cerrah\u0131n\u0131zla son bir kontrol randevusu planlay\u0131n.<\/td><\/tr><\/tbody><\/table><\/figure>\n\n\n\n<h2 class=\"wp-block-heading\"><span class=\"ez-toc-section\" id=\"Managing_Discomfort_and_Potential_Complications\"><\/span>Rahats\u0131zl\u0131k ve Olas\u0131 Komplikasyonlar\u0131n Y\u00f6netimi<span class=\"ez-toc-section-end\"><\/span><\/h2>\n\n\n\n<p>Al\u0131n germe ameliyat\u0131 genellikle g\u00fcvenli olsa da, baz\u0131 hususlar\u0131n fark\u0131nda olmak \u00f6nemlidir. <strong>potansiyel komplikasyonlar<\/strong> ve bunlar\u0131 nas\u0131l y\u00f6netebiliriz:<\/p>\n\n\n\n<figure class=\"wp-block-table\"><table class=\"has-fixed-layout\"><thead><tr><th>Potansiyel Komplikasyon<\/th><th>Belirtiler<\/th><th>Y\u00f6netmek<\/th><\/tr><\/thead><tbody><tr><td><strong>Enfeksiyon<\/strong><\/td><td>Artan a\u011fr\u0131, k\u0131zar\u0131kl\u0131k veya \u015fi\u015flik Ate\u015f veya titreme Kesi yerinden irin veya k\u00f6t\u00fc koku<\/td><td>Enfeksiyondan \u015f\u00fcpheleniyorsan\u0131z derhal cerrah\u0131n\u0131za ba\u015fvurun. Gerekirse re\u00e7ete edilen antibiyotik tedavisini uygulay\u0131n.<\/td><\/tr><tr><td><strong>Hematom<\/strong><\/td><td>Ani \u015fi\u015flik veya morarma Al\u0131nda a\u011fr\u0131 veya bas\u0131n\u00e7<\/td><td>Hemen t\u0131bbi yard\u0131m al\u0131n. Bas\u0131nc\u0131 azaltmak i\u00e7in drenaj gerekebilir.<\/td><\/tr><tr><td><strong>Yara izi<\/strong><\/td><td>Kesi hatt\u0131 boyunca g\u00f6r\u00fcn\u00fcr veya kabar\u0131k yara izleri<\/td><td>Yara izini en aza indirmek i\u00e7in silikon jel veya tabakalar kullan\u0131n. Yara izi y\u00f6netimi teknikleri konusunda cerrah\u0131n\u0131z\u0131n tavsiyelerine uyun.<\/td><\/tr><tr><td><strong>Sinir hasar\u0131<\/strong><\/td><td>Al\u0131nda veya kafa derisinde uyu\u015fma veya g\u00fc\u00e7s\u00fczl\u00fck Ka\u015flar\u0131 kald\u0131rmada zorluk<\/td><td>Sinir sorunlar\u0131n\u0131n \u00e7o\u011fu birka\u00e7 ay i\u00e7inde kendili\u011finden d\u00fczelir. Nadir durumlarda fizik tedavi veya sinir stim\u00fclasyonu \u00f6nerilebilir.<\/td><\/tr><\/tbody><\/table><\/figure>\n\n\n\n<p>Olas\u0131 komplikasyonlar hakk\u0131nda daha fazla bilgi i\u00e7in makalemize bak\u0131n <a href=\"https:\/\/www.dr-mfo.com\/tr\/ffsde-kas-kaldirma-ve-alin-rekonstruksiyonu\/\">FFS Cerrahisi Komplikasyonlar\u0131<\/a>.<\/p>\n\n\n\n<h2 class=\"wp-block-heading\"><span class=\"ez-toc-section\" id=\"Tips_for_a_Smooth_and_Speedy_Recovery\"><\/span>Sorunsuz ve H\u0131zl\u0131 Bir \u0130yile\u015fme \u0130\u00e7in \u0130pu\u00e7lar\u0131<span class=\"ez-toc-section-end\"><\/span><\/h2>\n\n\n\n<p>Sorunsuz bir iyile\u015fme sa\u011flamak i\u00e7in \u015funlar\u0131 izleyin: <strong>uzmanlar\u0131n \u00f6nerdi\u011fi ipu\u00e7lar\u0131<\/strong>:<\/p>\n\n\n\n<ul class=\"wp-block-list\">\n<li><strong>Ameliyat Sonras\u0131 Talimatlar\u0131 Takip Edin:<\/strong> Yara bak\u0131m\u0131, ila\u00e7 kullan\u0131m\u0131 ve aktivite k\u0131s\u0131tlamalar\u0131 konusunda cerrah\u0131n\u0131z\u0131n talimatlar\u0131na uyun.<\/li>\n\n\n\n<li><strong>Bol Su \u0130\u00e7in ve Besleyici Beslenin:<\/strong> Yeterli s\u0131v\u0131 al\u0131m\u0131 ve vitamin ve mineral a\u00e7\u0131s\u0131ndan zengin dengeli bir beslenme iyile\u015fmeyi destekler.<\/li>\n\n\n\n<li><strong>Sigara ve Alkolden Uzak Durun:<\/strong> Her ikisi de iyile\u015fmeyi olumsuz etkileyebilir ve komplikasyon riskini art\u0131rabilir.<\/li>\n\n\n\n<li><strong>So\u011fuk Kompres Kullan\u0131n:<\/strong> \u0130lk 48 saat \u015fi\u015fli\u011fi azaltmak i\u00e7in so\u011fuk kompres uygulay\u0131n.<\/li>\n\n\n\n<li><strong>Ba\u015f\u0131n\u0131z\u0131 Y\u00fcksekte Tutun:<\/strong> \u015ei\u015fli\u011fi en aza indirmek i\u00e7in ba\u015f\u0131n\u0131z y\u00fcksekte olacak \u015fekilde uyuyun.<\/li>\n\n\n\n<li><strong>Bol Giysiler Giyin:<\/strong> Kesi yerlerini tahri\u015f edebilecek dar giysilerden ve aksesuarlardan ka\u00e7\u0131n\u0131n.<\/li>\n\n\n\n<li><strong>Takip Randevular\u0131na Kat\u0131l\u0131n:<\/strong> Cerrah\u0131n\u0131zla d\u00fczenli kontroller, iyile\u015fmenizin yolunda gitmesini sa\u011flar.<\/li>\n<\/ul>\n\n\n\n<figure class=\"wp-block-image size-large\"><img decoding=\"async\" width=\"1024\" height=\"559\" src=\"https:\/\/www.dr-mfo.com\/wp-content\/uploads\/2025\/08\/image-29-1024x559.png\" alt=\"\" class=\"wp-image-13447\" srcset=\"https:\/\/www.dr-mfo.com\/wp-content\/uploads\/2025\/08\/image-29-1024x559.png 1024w, https:\/\/www.dr-mfo.com\/wp-content\/uploads\/2025\/08\/image-29-300x164.png 300w, https:\/\/www.dr-mfo.com\/wp-content\/uploads\/2025\/08\/image-29-768x419.png 768w, https:\/\/www.dr-mfo.com\/wp-content\/uploads\/2025\/08\/image-29-18x10.png 18w, https:\/\/www.dr-mfo.com\/wp-content\/uploads\/2025\/08\/image-29.png 1408w\" sizes=\"(max-width: 1024px) 100vw, 1024px\" \/><\/figure>\n\n\n\n<h2 class=\"wp-block-heading\"><span class=\"ez-toc-section\" id=\"Conclusion_Your_Path_to_a_Successful_Recovery\"><\/span>Sonu\u00e7: Ba\u015far\u0131l\u0131 Bir \u0130yile\u015fmeye Giden Yolunuz<span class=\"ez-toc-section-end\"><\/span><\/h2>\n\n\n\n<h3 class=\"wp-block-heading\"><span class=\"ez-toc-section\" id=\"Key_Takeaways\"><\/span>\u00d6nemli \u00c7\u0131kar\u0131mlar<span class=\"ez-toc-section-end\"><\/span><\/h3>\n\n\n\n<ul class=\"wp-block-list\">\n<li><strong>Kurtarma Zaman \u00c7izelgesi:<\/strong> Hastalar\u0131n \u00e7o\u011fu 2-3 hafta i\u00e7inde normal aktivitelerine d\u00f6nerken, tam iyile\u015fme 3 ay\u0131 bulabilir.<\/li>\n\n\n\n<li><strong>Rahats\u0131zl\u0131\u011f\u0131 Y\u00f6netmek:<\/strong> Komplikasyonlar\u0131 en aza indirmek i\u00e7in a\u011fr\u0131 y\u00f6netimi ve yara bak\u0131m\u0131 konusunda cerrah\u0131n\u0131z\u0131n talimatlar\u0131n\u0131 izleyin.<\/li>\n\n\n\n<li><strong>Uzun Vadeli Sonu\u00e7lar:<\/strong> Sonu\u00e7 \u015fi\u015fliklerin inmesiyle ortaya \u00e7\u0131kar ve daha gen\u00e7 ve tazelenmi\u015f bir g\u00f6r\u00fcn\u00fcm ortaya \u00e7\u0131kar.<\/li>\n<\/ul>\n\n\n\n<h3 class=\"wp-block-heading\"><span class=\"ez-toc-section\" id=\"Next_Steps\"><\/span>Sonraki Ad\u0131mlar<span class=\"ez-toc-section-end\"><\/span><\/h3>\n\n\n\n<p>Al\u0131n germe ameliyat\u0131 d\u00fc\u015f\u00fcn\u00fcyorsan\u0131z veya yak\u0131n zamanda bu ameliyat\u0131 ge\u00e7irdiyseniz, <strong>bir kons\u00fcltasyon planlay\u0131n<\/strong> \u0130yile\u015fme plan\u0131n\u0131z\u0131 g\u00f6r\u00fc\u015fmek \u00fczere kurul onayl\u0131 bir cerrahla g\u00f6r\u00fc\u015f\u00fcn. Y\u00fcz cerrahisi hakk\u0131nda daha fazla bilgi edinmek i\u00e7in kaynaklar\u0131m\u0131z\u0131 inceleyin. <a href=\"https:\/\/www.dr-mfo.com\/tr\/ffsde-kas-kaldirma-ve-alin-rekonstruksiyonu\/\">al\u0131n rekonstr\u00fcksiyonu<\/a> Ve <a href=\"https:\/\/www.dr-mfo.com\/tr\/everything-about-forehead-reduction-hairline-shaping\/\">al\u0131n k\u00fc\u00e7\u00fcltme<\/a>.<\/p>\n\n\n\n<h2 class=\"wp-block-heading\"><span class=\"ez-toc-section\" id=\"Frequently_Asked_Questions_FAQs\"><\/span>S\u0131k\u00e7a Sorulan Sorular (SSS)<span class=\"ez-toc-section-end\"><\/span><\/h2>\n\n\n\n<h3 class=\"wp-block-heading\"><span class=\"ez-toc-section\" id=\"How_long_does_it_take_to_recover_from_a_forehead_lift_surgery\"><\/span>Al\u0131n germe ameliyat\u0131ndan sonra iyile\u015fme s\u00fcreci ne kadar s\u00fcrer?<span class=\"ez-toc-section-end\"><\/span><\/h3>\n\n\n\n<p>\u00c7o\u011fu hasta normal aktivitelerine 10 g\u00fcn i\u00e7inde d\u00f6ner. <strong>2-3 hafta<\/strong>ancak tam iyile\u015fmenin ger\u00e7ekle\u015fmesi yakla\u015f\u0131k 20 dakika s\u00fcrebilir. <strong>3 ay<\/strong> Kalan \u015fi\u015flikler indik\u00e7e ve nihai sonu\u00e7lar ortaya \u00e7\u0131kt\u0131k\u00e7a.<\/p>\n\n\n\n<h3 class=\"wp-block-heading\"><span class=\"ez-toc-section\" id=\"What_can_I_expect_during_the_first_week_after_surgery\"><\/span>Ameliyattan sonraki ilk haftada neler bekleyebilirim?<span class=\"ez-toc-section-end\"><\/span><\/h3>\n\n\n\n<p>\u0130lk hafta boyunca \u015funlar\u0131 bekleyebilirsiniz: <strong>\u015fi\u015flik, morarma ve hafif rahats\u0131zl\u0131k<\/strong>Re\u00e7eteli a\u011fr\u0131 kesicilerle kontrol alt\u0131na al\u0131nabilen bir durumdur. Ba\u015f\u0131n\u0131z\u0131 y\u00fcksekte tutmak ve so\u011fuk kompres uygulamak \u015fi\u015fli\u011fi azaltmaya yard\u0131mc\u0131 olabilir.<\/p>\n\n\n\n<h3 class=\"wp-block-heading\"><span class=\"ez-toc-section\" id=\"When_can_I_return_to_work_after_a_forehead_lift\"><\/span>Al\u0131n germe ameliyat\u0131ndan sonra ne zaman i\u015fe d\u00f6nebilirim?<span class=\"ez-toc-section-end\"><\/span><\/h3>\n\n\n\n<p>\u00c7o\u011fu hasta 10 g\u00fcn i\u00e7inde i\u015fe d\u00f6nebilir <strong>10-14 g\u00fcn<\/strong>, i\u015flerinin niteli\u011fine ve bireysel iyile\u015fme s\u00fcre\u00e7lerine ba\u011fl\u0131 olarak.<\/p>\n\n\n\n<h3 class=\"wp-block-heading\"><span class=\"ez-toc-section\" id=\"Are_there_any_risks_or_complications_associated_with_forehead_lift_surgery\"><\/span>Al\u0131n germe ameliyat\u0131n\u0131n herhangi bir riski veya komplikasyonu var m\u0131d\u0131r?<span class=\"ez-toc-section-end\"><\/span><\/h3>\n\n\n\n<p>Komplikasyonlar nadir olmakla birlikte \u015funlar\u0131 i\u00e7erebilir: <strong>enfeksiyon, hematom, yara izi ve sinir hasar\u0131<\/strong>Cerrah\u0131n\u0131z\u0131n ameliyat sonras\u0131 talimatlar\u0131na uyman\u0131z bu riskleri en aza indirebilir.<\/p>\n\n\n\n<h3 class=\"wp-block-heading\"><span class=\"ez-toc-section\" id=\"How_can_I_minimize_scarring_after_a_forehead_lift\"><\/span>Al\u0131n germe ameliyat\u0131ndan sonra yara izini nas\u0131l en aza indirebilirim?<span class=\"ez-toc-section-end\"><\/span><\/h3>\n\n\n\n<p>Yara izini en aza indirmek i\u00e7in \u015funu kullan\u0131n: <strong>silikon jel veya tabakalar<\/strong> Cerrah\u0131n\u0131z\u0131n \u00f6nerdi\u011fi \u015fekilde. Ayr\u0131ca, do\u011frudan g\u00fcne\u015f \u0131\u015f\u0131\u011f\u0131ndan ka\u00e7\u0131n\u0131n ve iyile\u015fmeyi desteklemek i\u00e7in uygun bir cilt bak\u0131m\u0131 rutini uygulay\u0131n.<\/p>\n\n\n\n<h3 class=\"wp-block-heading\"><span class=\"ez-toc-section\" id=\"Will_I_have_visible_scars_after_a_forehead_lift\"><\/span>Al\u0131n germe ameliyat\u0131ndan sonra g\u00f6r\u00fcn\u00fcr izler kal\u0131r m\u0131?<span class=\"ez-toc-section-end\"><\/span><\/h3>\n\n\n\n<p>Yara izleri genellikle <strong>sa\u00e7 \u00e7izgisinin veya do\u011fal k\u0131r\u0131\u015f\u0131kl\u0131klar\u0131n i\u00e7inde gizli<\/strong> Aln\u0131nda. Zamanla solar ve daha az fark edilir hale gelirler.<\/p>\n\n\n\n<h3 class=\"wp-block-heading\"><span class=\"ez-toc-section\" id=\"Can_I_wear_makeup_after_a_forehead_lift\"><\/span>Al\u0131n germe ameliyat\u0131ndan sonra makyaj yapabilir miyim?<span class=\"ez-toc-section-end\"><\/span><\/h3>\n\n\n\n<p>Genellikle makyaj yapmaya devam edebilirsiniz <strong>1-2 hafta sonra<\/strong>Kesileriniz yeterince iyile\u015ftikten sonra. Ki\u015fiselle\u015ftirilmi\u015f tavsiyeler i\u00e7in cerrah\u0131n\u0131za dan\u0131\u015f\u0131n.<\/p>\n\n\n\n<h3 class=\"wp-block-heading\"><span class=\"ez-toc-section\" id=\"What_should_I_avoid_during_the_recovery_period\"><\/span>\u0130yile\u015fme s\u00fcrecinde nelerden ka\u00e7\u0131nmal\u0131y\u0131m?<span class=\"ez-toc-section-end\"><\/span><\/h3>\n\n\n\n<p>\u0130yile\u015fme s\u0131ras\u0131nda \u015funlardan ka\u00e7\u0131n\u0131n: <strong>yorucu aktiviteler, a\u011f\u0131r kald\u0131rma, sigara, alkol ve do\u011frudan g\u00fcne\u015f \u0131\u015f\u0131\u011f\u0131<\/strong>Bunlar iyile\u015fmeyi engelleyebilir ve komplikasyon riskini art\u0131rabilir.<\/p>\n\n\n\n<p>Ziyaret etmek&nbsp;<a href=\"https:\/\/www.instagram.com\/dr_mfo\/\" target=\"_blank\" rel=\"noreferrer noopener nofollow\">Dr.MFO Instagram profili<\/a>&nbsp;ger\u00e7ek hasta d\u00f6n\u00fc\u015f\u00fcmlerini g\u00f6rmek i\u00e7in! Y\u00fcz bak\u0131m\u0131yla elde edilen inan\u0131lmaz sonu\u00e7lara bir g\u00f6z at\u0131n&nbsp;<a href=\"https:\/\/www.dr-mfo.com\/tr\/ffs-yuz-feminizasyon-ameliyati\/\">feminizasyon ameliyat\u0131<\/a>&nbsp;ve di\u011fer prosed\u00fcrler. Profilde \u00f6ne \u00e7\u0131kan \u00f6ncesi ve sonras\u0131 foto\u011fraflar\u0131 sergileniyor&nbsp;<a href=\"https:\/\/www.dr-mfo.com\/tr\/drmfo\/\">Dr.MFO<\/a>&#039;nin do\u011fal g\u00f6r\u00fcn\u00fcml\u00fc, g\u00fczel sonu\u00e7lar yaratma konusundaki uzmanl\u0131\u011f\u0131 ve sanatsal vizyonu.<\/p>\n\n\n\n<p>Yolculu\u011funuzda bir sonraki ad\u0131m\u0131 atmaya haz\u0131r m\u0131s\u0131n\u0131z? Planlay\u0131n&nbsp;<a href=\"https:\/\/www.dr-mfo.com\/tr\/detayli-bilgi-al\/\">\u00fccretsiz dan\u0131\u015fmanl\u0131k<\/a>&nbsp;ile&nbsp;<a href=\"https:\/\/www.dr-mfo.com\/tr\/drmfo-kimdir\/\">Dr.MFO<\/a>&nbsp;(&nbsp;<a href=\"https:\/\/www.instagram.com\/dr_mfo\/\" target=\"_blank\" rel=\"noreferrer noopener nofollow\">En \u0130yi Y\u00fcz Feminizasyon Cerrah\u0131<\/a>&nbsp;Sizin i\u00e7in) bug\u00fcn. Dan\u0131\u015fmanl\u0131k s\u0131ras\u0131nda hedeflerinizi tart\u0131\u015fabilir, akl\u0131n\u0131za tak\u0131lan sorular\u0131 sorabilir ve nas\u0131l yapaca\u011f\u0131n\u0131z hakk\u0131nda daha fazla bilgi edinebilirsiniz.&nbsp;<a href=\"https:\/\/www.dr-mfo.com\/tr\/drmfo\/\">Dr.MFO<\/a>&nbsp;\u0130stedi\u011finiz g\u00f6r\u00fcn\u00fcme ula\u015fman\u0131za yard\u0131mc\u0131 olabilir. Se\u00e7eneklerinizi ke\u015ffetmek ve olup olmad\u0131\u011f\u0131n\u0131 g\u00f6rmek i\u00e7in bu \u00fccretsiz f\u0131rsattan yararlanmaktan \u00e7ekinmeyin.&nbsp;<a href=\"https:\/\/www.dr-mfo.com\/tr\/drmfo-kimdir\/\">Dr.MFO<\/a>&nbsp;sizin i\u00e7in do\u011fru se\u00e7imdir.<\/p>","protected":false},"excerpt":{"rendered":"<p>Undergoing a forehead lift surgery is a significant decision, whether for cosmetic enhancement or functional improvement. One of the most pressing questions patients have is: &#8220;How long does the recovery process take after a forehead lift surgery, and what can I expect during this period?&#8220; This comprehensive guide is designed to provide you with a [&hellip;]<\/p>\n","protected":false},"author":2,"featured_media":13446,"comment_status":"closed","ping_status":"closed","sticky":false,"template":"","format":"standard","meta":{"_acf_changed":false,"footnotes":""},"categories":[169,190],"tags":[],"class_list":["post-13336","post","type-post","status-publish","format-standard","has-post-thumbnail","hentry","category-facial-feminization","category-forehead-reduction"],"acf":[],"_links":{"self":[{"href":"https:\/\/www.dr-mfo.com\/tr\/wp-json\/wp\/v2\/posts\/13336","targetHints":{"allow":["GET"]}}],"collection":[{"href":"https:\/\/www.dr-mfo.com\/tr\/wp-json\/wp\/v2\/posts"}],"about":[{"href":"https:\/\/www.dr-mfo.com\/tr\/wp-json\/wp\/v2\/types\/post"}],"author":[{"embeddable":true,"href":"https:\/\/www.dr-mfo.com\/tr\/wp-json\/wp\/v2\/users\/2"}],"replies":[{"embeddable":true,"href":"https:\/\/www.dr-mfo.com\/tr\/wp-json\/wp\/v2\/comments?post=13336"}],"version-history":[{"count":0,"href":"https:\/\/www.dr-mfo.com\/tr\/wp-json\/wp\/v2\/posts\/13336\/revisions"}],"wp:featuredmedia":[{"embeddable":true,"href":"https:\/\/www.dr-mfo.com\/tr\/wp-json\/wp\/v2\/media\/13446"}],"wp:attachment":[{"href":"https:\/\/www.dr-mfo.com\/tr\/wp-json\/wp\/v2\/media?parent=13336"}],"wp:term":[{"taxonomy":"category","embeddable":true,"href":"https:\/\/www.dr-mfo.com\/tr\/wp-json\/wp\/v2\/categories?post=13336"},{"taxonomy":"post_tag","embeddable":true,"href":"https:\/\/www.dr-mfo.com\/tr\/wp-json\/wp\/v2\/tags?post=13336"}],"curies":[{"name":"wp","href":"https:\/\/api.w.org\/{rel}","templated":true}]}}