{"id":16235,"date":"2026-01-07T14:52:06","date_gmt":"2026-01-07T14:52:06","guid":{"rendered":"https:\/\/www.dr-mfo.com\/?p=16235"},"modified":"2026-04-09T09:53:12","modified_gmt":"2026-04-09T08:53:12","slug":"sac-cizgisini-dusurme-mi-yoksa-sac-ekimi-mi-daha-iyi","status":"publish","type":"post","link":"https:\/\/www.dr-mfo.com\/tr\/hairline-lowering-vs-hair-transplants-ffs\/","title":{"rendered":"Y\u00fcz feminizasyon ameliyat\u0131 (FFS) i\u00e7in sa\u00e7 \u00e7izgisini d\u00fc\u015f\u00fcrme mi yoksa sa\u00e7 ekimi mi daha iyi?"},"content":{"rendered":"<p>G\u00f6z \u00f6n\u00fcne al\u0131nd\u0131\u011f\u0131nda <a href=\"https:\/\/www.dr-mfo.com\/tr\/ffs-facial-feminization-surgery\/\">Y\u00fcz Feminizasyonu<\/a> Y\u00fcz germe ameliyat\u0131 (FFS) sonras\u0131nda, al\u0131n ve sa\u00e7 \u00e7izgisi genellikle kad\u0131ns\u0131 bir y\u00fcz profili elde etmek i\u00e7in en kritik odak noktalar\u0131d\u0131r. Sa\u00e7 \u00e7izgisi, y\u00fcz\u00fcn \u00fcst \u00fc\u00e7te birini tan\u0131mlamada, alg\u0131lanan cinsiyeti, ya\u015f\u0131 ve genel y\u00fcz uyumunu etkilemede \u00e7ok \u00f6nemli bir rol oynar. Daha kad\u0131ns\u0131 bir g\u00f6r\u00fcn\u00fcm arayan trans kad\u0131nlar ve ikili cinsiyet sistemine uymayan bireyler i\u00e7in, y\u00fcksek veya geriye do\u011fru \u00e7ekilmi\u015f bir sa\u00e7 \u00e7izgisi \u00f6nemli bir disfori kayna\u011f\u0131 olabilir. Neyse ki, modern estetik t\u0131p iki temel \u00e7\u00f6z\u00fcm sunmaktad\u0131r: cerrahi sa\u00e7 \u00e7izgisi d\u00fc\u015f\u00fcrme (<a href=\"https:\/\/www.dr-mfo.com\/tr\/forehead-reduction-hairline-advancement\/\">al\u0131n k\u00fc\u00e7\u00fcltme<\/a>FFS (Femoral Feminization) ve sa\u00e7 ekimi. Her ikisi de sa\u00e7 \u00e7izgisini d\u00fc\u015f\u00fcrmeyi ama\u00e7lasa da, mekanizmalar\u0131, iyile\u015fme s\u00fcre\u00e7leri ve ideal adaylar\u0131 \u00f6nemli \u00f6l\u00e7\u00fcde farkl\u0131l\u0131k g\u00f6sterir. Bu farkl\u0131l\u0131klar\u0131 anlamak, FFS&#039;yi d\u00fc\u015f\u00fcnen herkes i\u00e7in \u00e7ok \u00f6nemlidir, \u00e7\u00fcnk\u00fc yanl\u0131\u015f prosed\u00fcr\u00fc se\u00e7mek, benzersiz kemik yap\u0131n\u0131z ve sa\u00e7 yo\u011funlu\u011funuzla uyumlu olmayan, optimal olmayan sonu\u00e7lara yol a\u00e7abilir.<\/p>\n\n\n\n<p>Bu kar\u0131\u015f\u0131kl\u0131k genellikle her iki i\u015flemin de ayn\u0131 anatomik sorunu, yani y\u00fcksek al\u0131n\u0131 ele almas\u0131ndan kaynaklanmaktad\u0131r. Bununla birlikte, cerrahi a\u00e7\u0131dan bak\u0131ld\u0131\u011f\u0131nda, sa\u00e7 \u00e7izgisini a\u015fa\u011f\u0131 indirme, sa\u00e7l\u0131 kafa derisini fiziksel olarak a\u015fa\u011f\u0131 do\u011fru hareket ettiren yap\u0131sal bir i\u015flemdir, oysa <a href=\"https:\/\/www.dr-mfo.com\/tr\/hair-loss-restoration\/\">sa\u00e7 ekimi<\/a> Al\u0131n k\u00fc\u00e7\u00fcltme ameliyat\u0131, sa\u00e7 k\u00f6klerini seyrek b\u00f6lgelere yeniden yerle\u015ftiren bir yeniden da\u011f\u0131t\u0131m i\u015flemidir. Bu k\u0131lavuz, al\u0131n k\u00fc\u00e7\u00fcltme ameliyat\u0131n\u0131n cerrahi spektrumunu, \u00f6zellikle FFS ba\u011flam\u0131nda, sa\u00e7 ekimiyle sunulan folik\u00fcler yeniden da\u011f\u0131t\u0131mla kar\u015f\u0131la\u015ft\u0131rarak, her ikisinin de klinik ger\u00e7eklerini ayr\u0131nt\u0131l\u0131 olarak ele alacakt\u0131r.<\/p>\n\n\n\n<blockquote class=\"wp-block-quote is-layout-flow wp-block-quote-is-layout-flow\">\n<p>Sa\u00e7 \u00e7izgisini d\u00fc\u015f\u00fcrme ameliyat\u0131 ile manuel sa\u00e7 ekimi aras\u0131ndaki temel fark, her iki tedavinin amac\u0131ndad\u0131r. Sa\u00e7 \u00e7izgisini d\u00fc\u015f\u00fcrme ameliyat\u0131, genellikle do\u011fal olarak y\u00fcksek al\u0131nl\u0131 ki\u015filerde sa\u00e7 \u00e7izgisinin konumunu de\u011fi\u015ftirmek i\u00e7in tasarlanm\u0131\u015ft\u0131r. Buna kar\u015f\u0131l\u0131k, sa\u00e7 ekimi, sa\u011fl\u0131kl\u0131 folik\u00fclleri incelen b\u00f6lgelere ta\u015f\u0131yarak kaybedilen veya incelen sa\u00e7lar\u0131 geri kazand\u0131rmak i\u00e7in kullan\u0131l\u0131r.<\/p>\n<cite>\u2014 Trendy Dergisi<\/cite><\/blockquote>\n\n\n\n<figure class=\"wp-block-image size-full\"><img fetchpriority=\"high\" decoding=\"async\" width=\"1408\" height=\"768\" src=\"https:\/\/www.dr-mfo.com\/wp-content\/uploads\/2026\/01\/image-18.png\" alt=\"\" class=\"wp-image-16335\" srcset=\"https:\/\/www.dr-mfo.com\/wp-content\/uploads\/2026\/01\/image-18.png 1408w, https:\/\/www.dr-mfo.com\/wp-content\/uploads\/2026\/01\/image-18-300x164.png 300w, https:\/\/www.dr-mfo.com\/wp-content\/uploads\/2026\/01\/image-18-1024x559.png 1024w, https:\/\/www.dr-mfo.com\/wp-content\/uploads\/2026\/01\/image-18-768x419.png 768w, https:\/\/www.dr-mfo.com\/wp-content\/uploads\/2026\/01\/image-18-18x10.png 18w\" sizes=\"(max-width: 1408px) 100vw, 1408px\" \/><\/figure>\n\n\n\n<div id=\"ez-toc-container\" class=\"ez-toc-v2_0_82_2 counter-hierarchy ez-toc-counter ez-toc-transparent ez-toc-container-direction\">\n<div class=\"ez-toc-title-container\">\n<p class=\"ez-toc-title\" style=\"cursor:inherit\">\u0130\u00e7indekiler<\/p>\n<span class=\"ez-toc-title-toggle\"><\/span><\/div>\n<nav><ul class='ez-toc-list ez-toc-list-level-1' ><li class='ez-toc-page-1 ez-toc-heading-level-2'><a class=\"ez-toc-link ez-toc-heading-1\" href=\"https:\/\/www.dr-mfo.com\/tr\/hairline-lowering-vs-hair-transplants-ffs\/#Defining_the_Procedures_Structural_vs_Distributive_Approaches\" >Prosed\u00fcrlerin Tan\u0131mlanmas\u0131: Yap\u0131sal ve Da\u011f\u0131t\u0131mc\u0131 Yakla\u015f\u0131mlar<\/a><ul class='ez-toc-list-level-3' ><li class='ez-toc-heading-level-3'><a class=\"ez-toc-link ez-toc-heading-2\" href=\"https:\/\/www.dr-mfo.com\/tr\/hairline-lowering-vs-hair-transplants-ffs\/#The_Role_of_the_Supraorbital_Ridge\" >Supraorbital S\u0131rt\u0131n Rol\u00fc<\/a><\/li><\/ul><\/li><li class='ez-toc-page-1 ez-toc-heading-level-2'><a class=\"ez-toc-link ez-toc-heading-3\" href=\"https:\/\/www.dr-mfo.com\/tr\/hairline-lowering-vs-hair-transplants-ffs\/#Surgical_Pathways_Hairline_Lowering_and_Brow_Bone_Reduction\" >Cerrahi Y\u00f6ntemler: Sa\u00e7 \u00c7izgisinin \u0130ndirilmesi ve Ka\u015f Kemi\u011fi K\u00fc\u00e7\u00fcltme<\/a><ul class='ez-toc-list-level-3' ><li class='ez-toc-heading-level-3'><a class=\"ez-toc-link ez-toc-heading-4\" href=\"https:\/\/www.dr-mfo.com\/tr\/hairline-lowering-vs-hair-transplants-ffs\/#The_Anatomical_Constraints_of_Surgery\" >Cerrahi \u0130\u015flemlerin Anatomik K\u0131s\u0131tlamalar\u0131<\/a><\/li><\/ul><\/li><li class='ez-toc-page-1 ez-toc-heading-level-2'><a class=\"ez-toc-link ez-toc-heading-5\" href=\"https:\/\/www.dr-mfo.com\/tr\/hairline-lowering-vs-hair-transplants-ffs\/#Hair_Transplantation_The_Distributive_Approach\" >Sa\u00e7 Ekimi: Da\u011f\u0131t\u0131c\u0131 Yakla\u015f\u0131m<\/a><ul class='ez-toc-list-level-3' ><li class='ez-toc-heading-level-3'><a class=\"ez-toc-link ez-toc-heading-6\" href=\"https:\/\/www.dr-mfo.com\/tr\/hairline-lowering-vs-hair-transplants-ffs\/#FUE_vs_FUT_Choosing_the_Right_Technique\" >FUE ve FUT: Do\u011fru Tekni\u011fi Se\u00e7mek<\/a><\/li><li class='ez-toc-page-1 ez-toc-heading-level-3'><a class=\"ez-toc-link ez-toc-heading-7\" href=\"https:\/\/www.dr-mfo.com\/tr\/hairline-lowering-vs-hair-transplants-ffs\/#The_Limitations_of_Transplants_for_Hairline_Lowering\" >Sa\u00e7 \u00c7izgisini D\u00fc\u015f\u00fcrme Ama\u00e7l\u0131 Sa\u00e7 Ekimi Y\u00f6ntemlerinin S\u0131n\u0131rlamalar\u0131<\/a><\/li><\/ul><\/li><li class='ez-toc-page-1 ez-toc-heading-level-2'><a class=\"ez-toc-link ez-toc-heading-8\" href=\"https:\/\/www.dr-mfo.com\/tr\/hairline-lowering-vs-hair-transplants-ffs\/#Comparative_Analysis_Longevity_Risks_and_Costs\" >Kar\u015f\u0131la\u015ft\u0131rmal\u0131 Analiz: Ya\u015fam S\u00fcresi, Riskler ve Maliyetler<\/a><ul class='ez-toc-list-level-3' ><li class='ez-toc-heading-level-3'><a class=\"ez-toc-link ez-toc-heading-9\" href=\"https:\/\/www.dr-mfo.com\/tr\/hairline-lowering-vs-hair-transplants-ffs\/#The_Cost-Benefit_Analysis\" >Maliyet-Fayda Analizi<\/a><\/li><\/ul><\/li><li class='ez-toc-page-1 ez-toc-heading-level-2'><a class=\"ez-toc-link ez-toc-heading-10\" href=\"https:\/\/www.dr-mfo.com\/tr\/hairline-lowering-vs-hair-transplants-ffs\/#Face_Shape_Suitability_Which_Procedure_for_Your_Anatomy\" >Y\u00fcz \u015eekli Uygunlu\u011fu: Anatomik Yap\u0131n\u0131za Hangi \u0130\u015flem Uygun?<\/a><ul class='ez-toc-list-level-3' ><li class='ez-toc-heading-level-3'><a class=\"ez-toc-link ez-toc-heading-11\" href=\"https:\/\/www.dr-mfo.com\/tr\/hairline-lowering-vs-hair-transplants-ffs\/#High_Scalp_Mobility\" >Y\u00fcksek Kafa Derisi Hareketlili\u011fi<\/a><\/li><li class='ez-toc-page-1 ez-toc-heading-level-3'><a class=\"ez-toc-link ez-toc-heading-12\" href=\"https:\/\/www.dr-mfo.com\/tr\/hairline-lowering-vs-hair-transplants-ffs\/#Tight_Scalp_or_Limited_Mobility\" >S\u0131k\u0131 Kafa Derisi veya K\u0131s\u0131tl\u0131 Hareket Kabiliyeti<\/a><\/li><li class='ez-toc-page-1 ez-toc-heading-level-3'><a class=\"ez-toc-link ez-toc-heading-13\" href=\"https:\/\/www.dr-mfo.com\/tr\/hairline-lowering-vs-hair-transplants-ffs\/#Receding_Temples_M-Shaped_Hairline\" >Sa\u00e7lar\u0131n \u015eakaklardan Geriye \u00c7ekilmesi (M \u015eeklinde Sa\u00e7 \u00c7izgisi)<\/a><\/li><li class='ez-toc-page-1 ez-toc-heading-level-3'><a class=\"ez-toc-link ez-toc-heading-14\" href=\"https:\/\/www.dr-mfo.com\/tr\/hairline-lowering-vs-hair-transplants-ffs\/#Prominent_Brow_Bone_vs_Flat_Forehead\" >Belirgin Ka\u015f Kemi\u011fi vs. D\u00fcz Al\u0131n<\/a><\/li><\/ul><\/li><li class='ez-toc-page-1 ez-toc-heading-level-2'><a class=\"ez-toc-link ez-toc-heading-15\" href=\"https:\/\/www.dr-mfo.com\/tr\/hairline-lowering-vs-hair-transplants-ffs\/#Post-Operative_Care_and_Recovery_Protocols\" >Ameliyat Sonras\u0131 Bak\u0131m ve \u0130yile\u015fme Protokolleri<\/a><ul class='ez-toc-list-level-3' ><li class='ez-toc-heading-level-3'><a class=\"ez-toc-link ez-toc-heading-16\" href=\"https:\/\/www.dr-mfo.com\/tr\/hairline-lowering-vs-hair-transplants-ffs\/#Managing_Swelling_and_Scarring\" >\u015ei\u015flik ve Yara \u0130zlerinin Y\u00f6netimi<\/a><\/li><li class='ez-toc-page-1 ez-toc-heading-level-3'><a class=\"ez-toc-link ez-toc-heading-17\" href=\"https:\/\/www.dr-mfo.com\/tr\/hairline-lowering-vs-hair-transplants-ffs\/#Long-Term_Maintenance\" >Uzun Vadeli Bak\u0131m<\/a><\/li><\/ul><\/li><li class='ez-toc-page-1 ez-toc-heading-level-2'><a class=\"ez-toc-link ez-toc-heading-18\" href=\"https:\/\/www.dr-mfo.com\/tr\/hairline-lowering-vs-hair-transplants-ffs\/#Frequently_Asked_Questions\" >S\u0131k\u00e7a Sorulan Sorular<\/a><ul class='ez-toc-list-level-3' ><li class='ez-toc-heading-level-3'><a class=\"ez-toc-link ez-toc-heading-19\" href=\"https:\/\/www.dr-mfo.com\/tr\/hairline-lowering-vs-hair-transplants-ffs\/#Is_hairline_lowering_surgery_the_same_as_a_hair_transplant\" >Sa\u00e7 \u00e7izgisini a\u015fa\u011f\u0131 \u00e7ekme ameliyat\u0131 ile sa\u00e7 ekimi ayn\u0131 \u015fey midir?<\/a><\/li><li class='ez-toc-page-1 ez-toc-heading-level-3'><a class=\"ez-toc-link ez-toc-heading-20\" href=\"https:\/\/www.dr-mfo.com\/tr\/hairline-lowering-vs-hair-transplants-ffs\/#Can_I_achieve_a_feminine_hairline_without_surgery\" >Ameliyats\u0131z olarak kad\u0131ns\u0131 bir sa\u00e7 \u00e7izgisine sahip olabilir miyim?<\/a><\/li><li class='ez-toc-page-1 ez-toc-heading-level-3'><a class=\"ez-toc-link ez-toc-heading-21\" href=\"https:\/\/www.dr-mfo.com\/tr\/hairline-lowering-vs-hair-transplants-ffs\/#What_is_the_recovery_time_for_hairline_lowering_surgery\" >Sa\u00e7 \u00e7izgisini d\u00fc\u015f\u00fcrme ameliyat\u0131n\u0131n iyile\u015fme s\u00fcresi ne kadard\u0131r?<\/a><\/li><li class='ez-toc-page-1 ez-toc-heading-level-3'><a class=\"ez-toc-link ez-toc-heading-22\" href=\"https:\/\/www.dr-mfo.com\/tr\/hairline-lowering-vs-hair-transplants-ffs\/#Are_the_results_of_hairline_lowering_permanent\" >Sa\u00e7 \u00e7izgisini a\u015fa\u011f\u0131 \u00e7ekmenin sonu\u00e7lar\u0131 kal\u0131c\u0131 m\u0131d\u0131r?<\/a><\/li><li class='ez-toc-page-1 ez-toc-heading-level-3'><a class=\"ez-toc-link ez-toc-heading-23\" href=\"https:\/\/www.dr-mfo.com\/tr\/hairline-lowering-vs-hair-transplants-ffs\/#Who_is_a_good_candidate_for_hairline_lowering\" >Sa\u00e7 \u00e7izgisinin azalt\u0131lmas\u0131 i\u00e7in iyi bir aday kimdir?<\/a><\/li><li class='ez-toc-page-1 ez-toc-heading-level-3'><a class=\"ez-toc-link ez-toc-heading-24\" href=\"https:\/\/www.dr-mfo.com\/tr\/hairline-lowering-vs-hair-transplants-ffs\/#What_are_the_risks_of_hair_transplants\" >Sa\u00e7 ekiminin riskleri nelerdir?<\/a><\/li><li class='ez-toc-page-1 ez-toc-heading-level-3'><a class=\"ez-toc-link ez-toc-heading-25\" href=\"https:\/\/www.dr-mfo.com\/tr\/hairline-lowering-vs-hair-transplants-ffs\/#Does_insurance_cover_hairline_lowering_for_FFS\" >Y\u00fcz feminizasyon ameliyat\u0131 sonras\u0131 sa\u00e7 \u00e7izgisinin a\u015fa\u011f\u0131 indirilmesi sigorta kapsam\u0131nda m\u0131?<\/a><\/li><li class='ez-toc-page-1 ez-toc-heading-level-3'><a class=\"ez-toc-link ez-toc-heading-26\" href=\"https:\/\/www.dr-mfo.com\/tr\/hairline-lowering-vs-hair-transplants-ffs\/#How_do_I_choose_between_hairline_lowering_and_transplants\" >Sa\u00e7 \u00e7izgisini d\u00fc\u015f\u00fcrme ve sa\u00e7 ekimi aras\u0131nda nas\u0131l se\u00e7im yapabilirim?<\/a><\/li><\/ul><\/li><li class='ez-toc-page-1 ez-toc-heading-level-2'><a class=\"ez-toc-link ez-toc-heading-27\" href=\"https:\/\/www.dr-mfo.com\/tr\/hairline-lowering-vs-hair-transplants-ffs\/#Bibliography\" >Bibliyografya<\/a><\/li><\/ul><\/nav><\/div>\n<h2 class=\"wp-block-heading\"><span class=\"ez-toc-section\" id=\"Defining_the_Procedures_Structural_vs_Distributive_Approaches\"><\/span>Prosed\u00fcrlerin Tan\u0131mlanmas\u0131: Yap\u0131sal ve Da\u011f\u0131t\u0131mc\u0131 Yakla\u015f\u0131mlar<span class=\"ez-toc-section-end\"><\/span><\/h2>\n\n\n\n<p>Y\u00fcz feminizasyon ameliyat\u0131 (FFS) i\u00e7in hangi prosed\u00fcr\u00fcn daha iyi oldu\u011funu anlamak i\u00e7in \u00f6ncelikle sa\u00e7 \u00e7izgisinin ve aln\u0131n anatomisini tan\u0131mlamam\u0131z gerekir. &quot;Sa\u00e7 \u00e7izgisi&quot;, sa\u00e7l\u0131 kafa derisi ile al\u0131n derisi aras\u0131ndaki s\u0131n\u0131rd\u0131r. Erkek tipi sa\u00e7 \u00e7izgisinde bu \u00e7izgi genellikle daha y\u00fcksektir ve \u015fakaklarda geriye do\u011fru \u00e7ekilerek M \u015feklinde bir g\u00f6r\u00fcn\u00fcm olu\u015fturabilir. Kad\u0131n tipi sa\u00e7 \u00e7izgisinde ise sa\u00e7 \u00e7izgisi tipik olarak daha al\u00e7ak, daha yuvarlak ve yakla\u015f\u0131k 5,5 ila 6,5 cm supraorbital \u00e7\u0131k\u0131nt\u0131n\u0131n (ka\u015f kemi\u011fi) \u00fczerinde yer al\u0131r. FFS&#039;nin amac\u0131, sa\u00e7 \u00e7izgisini al\u00e7altarak veya girintili alanlar\u0131 doldurarak daha yumu\u015fak, daha yuvarlak bir kontur olu\u015fturarak bu yap\u0131y\u0131 kad\u0131ns\u0131la\u015ft\u0131rmakt\u0131r.<\/p>\n\n\n\n<p>Al\u0131n k\u00fc\u00e7\u00fcltme veya kafa derisi ilerletme olarak da bilinen cerrahi sa\u00e7 \u00e7izgisi indirme, yap\u0131sal bir i\u015flemdir. Mevcut sa\u00e7 \u00e7izgisi boyunca bir kesi yap\u0131lmas\u0131n\u0131, kafa derisinin alttaki fasyadan ayr\u0131lmas\u0131n\u0131 ve sa\u00e7l\u0131 kafa derisinin fiziksel olarak a\u015fa\u011f\u0131 do\u011fru ilerletilmesini i\u00e7erir. Bu i\u015flem, al\u0131n derisinden bir \u015ferit \u00e7\u0131kar\u0131larak sa\u00e7 \u00e7izgisini do\u011frudan a\u015fa\u011f\u0131 indirir. Sa\u00e7 \u00e7izgisinin ka\u015f kemi\u011fine g\u00f6re konumunu ele alan do\u011frudan bir anatomik de\u011fi\u015fikliktir.<\/p>\n\n\n\n<p>Sa\u00e7 ekimi ise da\u011f\u0131t\u0131c\u0131 bir i\u015flemdir. Mevcut sa\u00e7 \u00e7izgisinin konumunu de\u011fi\u015ftirmez. Bunun yerine, don\u00f6r b\u00f6lgeden (genellikle ba\u015f\u0131n arkas\u0131ndan) sa\u00e7 k\u00f6kleri al\u0131n\u0131r ve daha d\u00fc\u015f\u00fck bir sa\u00e7 \u00e7izgisi yan\u0131lsamas\u0131 yaratmak i\u00e7in al\u0131n derisine ekilir. Bu, esasen y\u00fcksek aln\u0131 yeni sa\u00e7 b\u00fcy\u00fcmesiyle &quot;kamuflajlamak&quot;t\u0131r. Seyrek b\u00f6lgelerde yo\u011funluk yaratmak veya sa\u00e7 \u00e7izgisinin \u015feklini iyile\u015ftirmek i\u00e7in idealdir, ancak yeterli don\u00f6r sa\u00e7 bulunmas\u0131n\u0131 gerektirir.<\/p>\n\n\n\n<h3 class=\"wp-block-heading\"><span class=\"ez-toc-section\" id=\"The_Role_of_the_Supraorbital_Ridge\"><\/span>Supraorbital S\u0131rt\u0131n Rol\u00fc<span class=\"ez-toc-section-end\"><\/span><\/h3>\n\n\n\n<p>Supraorbital \u00e7\u0131k\u0131nt\u0131, g\u00f6zlerin \u00fczerindeki kemik \u00e7\u0131k\u0131nt\u0131s\u0131d\u0131r. Bir\u00e7ok erkeksi y\u00fcz yap\u0131s\u0131nda bu \u00e7\u0131k\u0131nt\u0131 belirgindir ve genellikle \u00f6ne do\u011fru uzanan bir frontal sin\u00fcs e\u015flik eder. Y\u00fcz feminizasyon ameliyat\u0131nda (FFS), ka\u015f kemi\u011fine m\u00fcdahale genellikle sa\u00e7 \u00e7izgisi \u00e7al\u0131\u015fmas\u0131 i\u00e7in bir \u00f6n ko\u015fuldur. Ka\u015f kemi\u011fi belirginse, ka\u015f kemi\u011fini k\u00fc\u00e7\u00fcltmeden sadece sa\u00e7 \u00e7izgisini a\u015fa\u011f\u0131 indirmek (frontal kranioplasti), feminizasyona ters d\u00fc\u015fen &quot;a\u011f\u0131r&quot; veya &quot;\u00e7\u0131k\u0131nt\u0131l\u0131&quot; bir al\u0131n g\u00f6r\u00fcn\u00fcm\u00fcne neden olabilir.<\/p>\n\n\n\n<p>Ba\u015far\u0131l\u0131 bir sa\u00e7 \u00e7izgisi indirme ameliyat\u0131 ile ba\u015far\u0131s\u0131z bir ameliyat aras\u0131ndaki fark genellikle ka\u015f kemi\u011finin tedavisinde yatar. Sa\u00e7 \u00e7izgisi indirme ameliyat\u0131, ka\u015f kemi\u011fi k\u00fc\u00e7\u00fcltme ile birlikte yap\u0131ld\u0131\u011f\u0131nda en etkili sonu\u00e7lar\u0131 verir. Kafa derisi a\u015fa\u011f\u0131 do\u011fru ilerletilir ve alttaki kemik, al\u0131ndan buruna do\u011fru p\u00fcr\u00fczs\u00fcz ve d\u00fcz bir ge\u00e7i\u015f olu\u015fturacak \u015fekilde \u015fekillendirilir. Bu iskelet modifikasyonu olmadan, sa\u00e7 \u00e7izgisi daha d\u00fc\u015f\u00fck olabilir, ancak profil erkeksi kalacakt\u0131r.<\/p>\n\n\n\n<figure class=\"wp-block-image size-full\"><img decoding=\"async\" width=\"1408\" height=\"768\" src=\"https:\/\/www.dr-mfo.com\/wp-content\/uploads\/2026\/01\/image-19.png\" alt=\"\" class=\"wp-image-16336\" srcset=\"https:\/\/www.dr-mfo.com\/wp-content\/uploads\/2026\/01\/image-19.png 1408w, https:\/\/www.dr-mfo.com\/wp-content\/uploads\/2026\/01\/image-19-300x164.png 300w, https:\/\/www.dr-mfo.com\/wp-content\/uploads\/2026\/01\/image-19-1024x559.png 1024w, https:\/\/www.dr-mfo.com\/wp-content\/uploads\/2026\/01\/image-19-768x419.png 768w, https:\/\/www.dr-mfo.com\/wp-content\/uploads\/2026\/01\/image-19-18x10.png 18w\" sizes=\"(max-width: 1408px) 100vw, 1408px\" \/><\/figure>\n\n\n\n<h2 class=\"wp-block-heading\"><span class=\"ez-toc-section\" id=\"Surgical_Pathways_Hairline_Lowering_and_Brow_Bone_Reduction\"><\/span>Cerrahi Y\u00f6ntemler: Sa\u00e7 \u00c7izgisinin \u0130ndirilmesi ve Ka\u015f Kemi\u011fi K\u00fc\u00e7\u00fcltme<span class=\"ez-toc-section-end\"><\/span><\/h2>\n\n\n\n<p>Cerrahi sa\u00e7 \u00e7izgisi indirme, al\u0131n y\u00fcksekli\u011finde en h\u0131zl\u0131 ve kal\u0131c\u0131 azalmay\u0131 sa\u011flar. Bunun i\u00e7in temel y\u00f6ntem, koronal veya sa\u00e7 \u00e7izgisi kesisi ile kafa derisi ilerletme i\u015fleminin birle\u015fimidir. Genellikle, \u00f6zellikle \u00f6nemli kafa derisi ilerletme i\u015fleminden sonra, \u00fcst g\u00f6z kapaklar\u0131ndan fazla deriyi \u00e7\u0131karmak i\u00e7in e\u015f zamanl\u0131 olarak \u00fcst blefaroplasti (g\u00f6z kapa\u011f\u0131 ameliyat\u0131) yap\u0131l\u0131r.<\/p>\n\n\n\n<blockquote class=\"wp-block-quote is-layout-flow wp-block-quote-is-layout-flow\">\n<p>Sa\u00e7 \u00e7izgisini d\u00fc\u015f\u00fcrme ve sa\u00e7 ekimi, genetik, ya\u015flanma veya sa\u00e7 d\u00f6k\u00fclmesi nedeniyle sa\u00e7 \u00e7izgisinin g\u00f6r\u00fcn\u00fcm\u00fcn\u00fc iyile\u015ftirmek isteyen ki\u015filer i\u00e7in iki pop\u00fcler \u00e7\u00f6z\u00fcmd\u00fcr. Her iki prosed\u00fcr de daha gen\u00e7 ve dengeli bir y\u00fcz esteti\u011fi yaratmay\u0131 ama\u00e7lar, ancak yakla\u015f\u0131mlar\u0131, sonu\u00e7lar\u0131, iyile\u015fme s\u00fcre\u00e7leri ve uygunluklar\u0131 a\u00e7\u0131s\u0131ndan \u00f6nemli \u00f6l\u00e7\u00fcde farkl\u0131l\u0131k g\u00f6sterirler.<\/p>\n<cite>\u2014 Tsilosani Klini\u011fi<\/cite><\/blockquote>\n\n\n\n<p>Y\u00fcz feminizasyon ameliyatlar\u0131nda kal\u0131c\u0131 sa\u00e7 \u00e7izgisi d\u00fc\u015f\u00fcrme i\u00e7in alt\u0131n standart, sa\u00e7 \u00e7izgisi ilerletme ile birlikte endoskopik al\u0131n germe i\u015flemidir. Bu i\u015flem, sa\u00e7 \u00e7izgisinin arkas\u0131nda k\u00fc\u00e7\u00fck kesiler yap\u0131lmas\u0131n\u0131 i\u00e7erir. <a href=\"https:\/\/www.dr-mfo.com\/tr\/\">Cerrah<\/a> Bu i\u015flemde, alttaki yap\u0131lar\u0131 g\u00f6r\u00fcnt\u00fclemek i\u00e7in bir endoskop kullan\u0131l\u0131r, kafa derisi kafatas\u0131ndan ayr\u0131l\u0131r ve a\u015fa\u011f\u0131 do\u011fru ilerletilir. Sa\u00e7 \u00e7izgisi daha sonra yeni, daha d\u00fc\u015f\u00fck konumunda sabitlenir. Bu i\u015flem invazivdir ve genel anestezi gerektirir, ancak sonu\u00e7lar kal\u0131c\u0131d\u0131r ve altta yatan iskelet yap\u0131s\u0131n\u0131 ele al\u0131r.<\/p>\n\n\n\n<figure class=\"wp-block-table\"><table class=\"has-fixed-layout\"><thead><tr><td><strong>Prosed\u00fcr<\/strong><\/td><td><strong>Hedef Anatomisi<\/strong><\/td><td><strong>Kesi Yeri<\/strong><\/td><td><strong>Anestezi<\/strong><\/td><td><strong>\u0130yile\u015fmek<\/strong><\/td><\/tr><\/thead><tbody><tr><td><strong>Sa\u00e7 Derisini Geli\u015ftirme<\/strong><\/td><td>Al\u0131n kas\u0131, Kafa derisi, Al\u0131n derisi<\/td><td>Sa\u00e7 \u00e7izgisi boyunca veya koronal<\/td><td>Genel<\/td><td>2-3 Hafta (\u015ei\u015flik\/Morarma)<\/td><\/tr><tr><td><strong>Ka\u015f Kemik K\u00fc\u00e7\u00fcltme<\/strong><\/td><td>Al\u0131n Sin\u00fcs\u00fc, Supraorbital S\u0131rt<\/td><td>Koronal veya Endoskopik<\/td><td>Genel<\/td><td>3-4 Hafta (Burun T\u0131kan\u0131kl\u0131\u011f\u0131)<\/td><\/tr><tr><td><strong>Sa\u00e7 Ekimi (FUE)<\/strong><\/td><td>Folik\u00fcler \u00dcniteler (Don\u00f6r B\u00f6lge)<\/td><td>Mikro delme i\u015flemleri (Don\u00f6r ve Al\u0131c\u0131)<\/td><td>Yerel<\/td><td>7-10 G\u00fcn (Kabuk D\u00f6k\u00fclmesi)<\/td><\/tr><tr><td><strong>Kombine Yakla\u015f\u0131m<\/strong><\/td><td>Kemik, Deri, Sa\u00e7 K\u00f6kleri<\/td><td>\u00c7oklu Kesikler<\/td><td>Genel<\/td><td>4-6 Hafta (A\u015famal\u0131 \u0130yile\u015fme)<\/td><\/tr><\/tbody><\/table><\/figure>\n\n\n\n<figure class=\"wp-block-image size-large\"><img decoding=\"async\" width=\"1024\" height=\"572\" src=\"https:\/\/www.dr-mfo.com\/wp-content\/uploads\/2026\/01\/image-113-1024x572.png\" alt=\"\" class=\"wp-image-27460\" srcset=\"https:\/\/www.dr-mfo.com\/wp-content\/uploads\/2026\/01\/image-113-1024x572.png 1024w, https:\/\/www.dr-mfo.com\/wp-content\/uploads\/2026\/01\/image-113-300x167.png 300w, https:\/\/www.dr-mfo.com\/wp-content\/uploads\/2026\/01\/image-113-768x429.png 768w, https:\/\/www.dr-mfo.com\/wp-content\/uploads\/2026\/01\/image-113-18x10.png 18w, https:\/\/www.dr-mfo.com\/wp-content\/uploads\/2026\/01\/image-113.png 1376w\" sizes=\"(max-width: 1024px) 100vw, 1024px\" \/><\/figure>\n\n\n\n<h3 class=\"wp-block-heading\"><span class=\"ez-toc-section\" id=\"The_Anatomical_Constraints_of_Surgery\"><\/span>Cerrahi \u0130\u015flemlerin Anatomik K\u0131s\u0131tlamalar\u0131<span class=\"ez-toc-section-end\"><\/span><\/h3>\n\n\n\n<p>Her y\u00fcz tipi agresif sa\u00e7 \u00e7izgisi d\u00fc\u015f\u00fcrme i\u015flemi i\u00e7in uygun de\u011fildir. \u00c7ok gergin bir kafa derisine veya s\u0131n\u0131rl\u0131 kafa derisi hareketlili\u011fine sahip hastalarda \u00f6nemli bir ilerleme sa\u011flanamayabilir (genellikle 2-3 cm ile s\u0131n\u0131rl\u0131 kal\u0131r). Ayr\u0131ca, ba\u015flang\u0131\u00e7ta d\u00fc\u015f\u00fck bir sa\u00e7 \u00e7izgisine sahip olan hastalarda, kesi yerinde yara izine veya sa\u00e7 d\u00f6k\u00fclmesine yol a\u00e7abilecek bir &quot;gerilim&quot; sa\u00e7 \u00e7izgisi olu\u015fma riski vard\u0131r.<\/p>\n\n\n\n<p>\u00d6te yandan, belirgin \u015fakak gerilemesi (dul tepesi) olan hastalarda, sa\u00e7 \u00e7izgisinin sadece a\u015fa\u011f\u0131 indirilmesinin sa\u00e7 \u00e7izgisinin M \u015feklini d\u00fczeltmedi\u011fi g\u00f6r\u00fclebilir. Bu durumlarda, kafa derisi ilerletme ve \u015fakak sa\u00e7 ekimi kombinasyonu genellikle \u00f6nerilen yakla\u015f\u0131md\u0131r. Ameliyat, al\u0131n b\u00f6lgesinin orta y\u00fcksekli\u011fini d\u00fczeltirken, sa\u00e7 ekimi de gerilemi\u015f \u015fakaklar\u0131 doldurarak yuvarlak, kad\u0131ns\u0131 bir kontur olu\u015fturur.<\/p>\n\n\n\n<h2 class=\"wp-block-heading\"><span class=\"ez-toc-section\" id=\"Hair_Transplantation_The_Distributive_Approach\"><\/span>Sa\u00e7 Ekimi: Da\u011f\u0131t\u0131c\u0131 Yakla\u015f\u0131m<span class=\"ez-toc-section-end\"><\/span><\/h2>\n\n\n\n<p>Sa\u00e7 ekimi, Folik\u00fcler \u00dcnite Ekstraksiyonu (FUE) y\u00f6nteminin ortaya \u00e7\u0131kmas\u0131yla \u00f6nemli \u00f6l\u00e7\u00fcde geli\u015fen, olduk\u00e7a uzmanla\u015fm\u0131\u015f bir aland\u0131r. FUE y\u00f6ntemi, don\u00f6r b\u00f6lgeden tek tek sa\u00e7 folik\u00fcllerinin al\u0131nmas\u0131n\u0131 ve al\u0131c\u0131 b\u00f6lgeye (al\u0131n) ekilmesini i\u00e7erir. Bu y\u00f6ntem, minimum d\u00fczeyde yara izi b\u0131rak\u0131r ve sa\u00e7 y\u00f6n\u00fc ve yo\u011funlu\u011fu \u00fczerinde hassas kontrol sa\u011flar.<\/p>\n\n\n\n<blockquote class=\"wp-block-quote is-layout-flow wp-block-quote-is-layout-flow\">\n<p>\u2018&#039;At <a href=\"https:\/\/www.dr-mfo.com\/tr\/who-is-drmfo\/\">Dr.MFO<\/a>, Sa\u00e7 \u00e7izgisini d\u00fc\u015f\u00fcrme ve sa\u00e7 ekimi aras\u0131nda se\u00e7im yapman\u0131n \u00f6z\u00fcnde yap\u0131sal de\u011fi\u015fiklik ve folik\u00fcler yeniden da\u011f\u0131l\u0131m aras\u0131nda bir se\u00e7im oldu\u011funu kabul ediyoruz. Sa\u00e7 \u00e7izgisini d\u00fc\u015f\u00fcrme, sa\u00e7l\u0131 kafa derisini fiziksel olarak hareket ettiren yap\u0131sal bir de\u011fi\u015fikliktir; sa\u00e7 ekimi ise incelmi\u015f b\u00f6lgelere yo\u011funluk kazand\u0131ran yeniden da\u011f\u0131l\u0131msal bir de\u011fi\u015fikliktir. Se\u00e7im, kafa derinizin hareketlili\u011fine, sa\u00e7 yo\u011funlu\u011funa ve istenen sonuca ba\u011fl\u0131d\u0131r.\u2019<\/p>\n<cite>\u2014 <a href=\"https:\/\/www.dr-mfo.com\/tr\/alin-kucultme-sac-cizgisi-ilerlemesi\/\" target=\"_blank\" rel=\"noopener\">Dr. MFO&#039;nun Klinik Bak\u0131\u015f A\u00e7\u0131s\u0131<\/a><\/cite><\/blockquote>\n\n\n\n<figure class=\"wp-block-image size-large\"><img loading=\"lazy\" decoding=\"async\" width=\"1024\" height=\"572\" src=\"https:\/\/www.dr-mfo.com\/wp-content\/uploads\/2026\/01\/image-114-1024x572.png\" alt=\"\" class=\"wp-image-27461\" srcset=\"https:\/\/www.dr-mfo.com\/wp-content\/uploads\/2026\/01\/image-114-1024x572.png 1024w, https:\/\/www.dr-mfo.com\/wp-content\/uploads\/2026\/01\/image-114-300x167.png 300w, https:\/\/www.dr-mfo.com\/wp-content\/uploads\/2026\/01\/image-114-768x429.png 768w, https:\/\/www.dr-mfo.com\/wp-content\/uploads\/2026\/01\/image-114-18x10.png 18w, https:\/\/www.dr-mfo.com\/wp-content\/uploads\/2026\/01\/image-114.png 1376w\" sizes=\"(max-width: 1024px) 100vw, 1024px\" \/><\/figure>\n\n\n\n<h3 class=\"wp-block-heading\"><span class=\"ez-toc-section\" id=\"FUE_vs_FUT_Choosing_the_Right_Technique\"><\/span>FUE ve FUT: Do\u011fru Tekni\u011fi Se\u00e7mek<span class=\"ez-toc-section-end\"><\/span><\/h3>\n\n\n\n<p>Folik\u00fcler \u00dcnite Ekstraksiyonu (FUE), FFS sa\u00e7 ekimi i\u00e7in tercih edilen y\u00f6ntemdir. Don\u00f6r b\u00f6lgeden tek tek folik\u00fcler \u00fcniteleri \u00e7\u0131karmak i\u00e7in mikro-punch aleti kullan\u0131lmas\u0131n\u0131 i\u00e7erir. Bu, \u00e7evredeki sa\u00e7lar taraf\u0131ndan kolayca gizlenebilen k\u00fc\u00e7\u00fck nokta \u015feklinde izlere neden olur. FUE, kafa derisi don\u00f6r sa\u00e7\u0131n\u0131n yetersiz oldu\u011fu durumlarda sakal veya v\u00fccuttan sa\u00e7 al\u0131nmas\u0131na olanak tan\u0131r; bu durum, \u00f6nemli \u00f6l\u00e7\u00fcde erkek tipi kellik ya\u015fam\u0131\u015f trans kad\u0131nlarda yayg\u0131nd\u0131r.<\/p>\n\n\n\n<p>Folik\u00fcler \u00dcnite Transplantasyonu (FUT) veya \u015ferit y\u00f6ntemi, don\u00f6r b\u00f6lgeden bir deri \u015feridinin al\u0131nmas\u0131n\u0131 ve mikroskop alt\u0131nda incelenmesini i\u00e7erir. FUT, tek seansta daha fazla say\u0131da greft elde etmeyi sa\u011flayabilse de, ba\u015f\u0131n arkas\u0131nda do\u011frusal bir yara izi b\u0131rak\u0131r. Hastalar\u0131n sa\u00e7lar\u0131n\u0131 \u00e7e\u015fitli stillerde kullanabildi\u011fi FFS&#039;de, do\u011frusal yara izinin g\u00f6r\u00fcn\u00fcrl\u00fc\u011f\u00fc \u00f6nemli bir endi\u015fe kayna\u011f\u0131d\u0131r ve bu nedenle FUE, standart tedavi y\u00f6ntemidir.<\/p>\n\n\n\n<h3 class=\"wp-block-heading\"><span class=\"ez-toc-section\" id=\"The_Limitations_of_Transplants_for_Hairline_Lowering\"><\/span>Sa\u00e7 \u00c7izgisini D\u00fc\u015f\u00fcrme Ama\u00e7l\u0131 Sa\u00e7 Ekimi Y\u00f6ntemlerinin S\u0131n\u0131rlamalar\u0131<span class=\"ez-toc-section-end\"><\/span><\/h3>\n\n\n\n<p>Sa\u00e7 ekimi, sa\u00e7 yo\u011funlu\u011funu art\u0131rmak ve \u015fekli d\u00fczeltmek i\u00e7in m\u00fckemmel olsa da, sa\u00e7 \u00e7izgisini a\u015fa\u011f\u0131ya indirme derecesi konusunda belirgin s\u0131n\u0131rlamalar\u0131 vard\u0131r. Sa\u00e7 ekimi, do\u011fal olmayan bir g\u00f6r\u00fcn\u00fcm olu\u015fturmadan sa\u00e7 \u00e7izgisini birka\u00e7 milimetreden fazla a\u015fa\u011f\u0131ya indiremez. Greftlerin al\u0131n b\u00f6lgesine \u00e7ok a\u015fa\u011f\u0131ya yerle\u015ftirilmesi, yapay, &quot;takma&quot; bir g\u00f6r\u00fcn\u00fcm yarat\u0131r ve do\u011fal sa\u00e7 \u00e7izgisi s\u0131n\u0131rlar\u0131n\u0131 ihlal eder.<\/p>\n\n\n\n<p>Ayr\u0131ca, sa\u00e7 ekimi sonras\u0131nda tam sonu\u00e7lar\u0131n g\u00f6r\u00fclmesi i\u00e7in 12-18 ayl\u0131k bir bekleme s\u00fcresi gerekmektedir. Ekilen sa\u00e7lar 2-4 hafta sonra d\u00f6k\u00fcl\u00fcr ve 3-4 ay sonra tekrar uzamaya ba\u015flar. Bu gecikmeli sonu\u00e7 alma durumu, FFS&#039;den an\u0131nda sonu\u00e7 bekleyen hastalar i\u00e7in zorlay\u0131c\u0131 olabilir. Ek olarak, e\u011fer al\u0131n kemi\u011fi belirginse, sa\u00e7 ekimi tek ba\u015f\u0131na profil g\u00f6r\u00fcn\u00fcm\u00fcn\u00fc d\u00fczeltmeyecek ve daha d\u00fc\u015f\u00fck bir sa\u00e7 \u00e7izgisine ra\u011fmen &quot;\u015fi\u015fkin&quot; bir al\u0131n g\u00f6r\u00fcn\u00fcm\u00fc b\u0131rakabilecektir.<\/p>\n\n\n\n<h2 class=\"wp-block-heading\"><span class=\"ez-toc-section\" id=\"Comparative_Analysis_Longevity_Risks_and_Costs\"><\/span>Kar\u015f\u0131la\u015ft\u0131rmal\u0131 Analiz: Ya\u015fam S\u00fcresi, Riskler ve Maliyetler<span class=\"ez-toc-section-end\"><\/span><\/h2>\n\n\n\n<p>Y\u00fcz feminizasyon ameliyat\u0131 (FFS) i\u00e7in sa\u00e7 \u00e7izgisini d\u00fc\u015f\u00fcrme ve sa\u00e7 ekimi aras\u0131nda se\u00e7im yaparken, karar matrisi kal\u0131c\u0131l\u0131k ile invazivlik aras\u0131nda denge kurmal\u0131d\u0131r. Sa\u00e7 \u00e7izgisini d\u00fc\u015f\u00fcrme tek seferlik yap\u0131sal bir de\u011fi\u015fikliktir, oysa sa\u00e7 ekimi istenen yo\u011funlu\u011fa ula\u015fmak i\u00e7in birden fazla seans gerektirebilir. Minoksidil veya finasterid gibi cerrahi olmayan y\u00f6ntemler, bak\u0131m gerektiren ve cildin elastikiyeti ve altta yatan kemik yap\u0131s\u0131yla s\u0131n\u0131rl\u0131 olan y\u00f6ntemlerdir.<\/p>\n\n\n\n<blockquote class=\"wp-block-quote is-layout-flow wp-block-quote-is-layout-flow\">\n<p>\u2018&#039;\u0130deal kad\u0131ns\u0131 sa\u00e7 \u00e7izgisine ula\u015fmak \u00fc\u00e7 farkl\u0131 klinik yoldan birini gerektirir: Cerrahi Sa\u00e7 \u00c7izgisi \u0130ndirme (kal\u0131c\u0131 yap\u0131sal de\u011fi\u015fiklik), Sa\u00e7 Ekimi (kal\u0131c\u0131 folik\u00fcler yeniden da\u011f\u0131l\u0131m) veya Kombine Yakla\u015f\u0131m (yap\u0131sal de\u011fi\u015fiklik art\u0131 yo\u011funluk). Bu k\u0131lavuz, hangi yakla\u015f\u0131m\u0131n anatomik yap\u0131n\u0131za uygun oldu\u011funa karar vermenize yard\u0131mc\u0131 olmak i\u00e7in her y\u00f6ntemin kal\u0131c\u0131l\u0131\u011f\u0131n\u0131, risklerini ve maliyetlerini kar\u015f\u0131la\u015ft\u0131r\u0131r.&#039;\u2019<\/p>\n<cite>\u2014 <a href=\"https:\/\/www.dr-mfo.com\/tr\/ffs-yuz-feminizasyon-ameliyati\/\" target=\"_blank\" rel=\"noopener\">Dr. MFO&#039;nun Klinik Bak\u0131\u015f A\u00e7\u0131s\u0131<\/a><\/cite><\/blockquote>\n\n\n\n<figure class=\"wp-block-table\"><table class=\"has-fixed-layout\"><thead><tr><td><strong>Y\u00f6ntem<\/strong><\/td><td><strong>Uzun \u00d6m\u00fcrl\u00fcl\u00fck<\/strong><\/td><td><strong>\u0130yile\u015fme s\u00fcresi<\/strong><\/td><td><strong>Ba\u015fl\u0131ca Riskler<\/strong><\/td><td><strong>Tahmini Maliyet Aral\u0131\u011f\u0131<\/strong><\/td><\/tr><\/thead><tbody><tr><td><strong>Sa\u00e7 \u00c7izgisi D\u00fc\u015f\u00fcrme Ameliyat\u0131<\/strong><\/td><td>Kal\u0131c\u0131<\/td><td>2-3 Hafta (G\u00f6zle G\u00f6r\u00fcl\u00fcr \u015ei\u015flik)<\/td><td>Yara izi, kesi yerinde sa\u00e7 d\u00f6k\u00fclmesi, uyu\u015fma<\/td><td>$4.000 \u2013 $8.000<\/td><\/tr><tr><td><strong>Sa\u00e7 Ekimi (FUE)<\/strong><\/td><td>Kal\u0131c\u0131 (Sa\u00e7 Ekme)<\/td><td>7-10 G\u00fcn (Kabuklar)<\/td><td>\u015eok Kayb\u0131, Enfeksiyon, D\u00fczensiz B\u00fcy\u00fcme<\/td><td>$3.000 \u2013 $10.000 (seans ba\u015f\u0131na)<\/td><\/tr><tr><td><strong>Kombine Yakla\u015f\u0131m<\/strong><\/td><td>Kal\u0131c\u0131<\/td><td>4-6 Hafta<\/td><td>Karma\u015f\u0131k \u0130yile\u015fme, Daha Y\u00fcksek Maliyet<\/td><td>$7.000 \u2013 $15.000<\/td><\/tr><tr><td><strong>Ka\u015f Kemik K\u00fc\u00e7\u00fcltme<\/strong><\/td><td>Kal\u0131c\u0131<\/td><td>3-4 Hafta<\/td><td>Burun Problemleri, Sin\u00fcs Komplikasyonlar\u0131<\/td><td>$5.000 \u2013 $12.000<\/td><\/tr><\/tbody><\/table><\/figure>\n\n\n\n<h3 class=\"wp-block-heading\"><span class=\"ez-toc-section\" id=\"The_Cost-Benefit_Analysis\"><\/span>Maliyet-Fayda Analizi<span class=\"ez-toc-section-end\"><\/span><\/h3>\n\n\n\n<p>Sa\u00e7 ekimi, k\u00fc\u00e7\u00fck ayarlamalar i\u00e7in ba\u015flang\u0131\u00e7ta daha ucuz g\u00f6r\u00fcnse de, \u00f6nemli \u00f6l\u00e7\u00fcde sa\u00e7 \u00e7izgisini d\u00fc\u015f\u00fcrmenin toplam maliyeti genellikle ameliyat\u0131n tek seferlik maliyetini a\u015fmaktad\u0131r. Sa\u00e7 \u00e7izgisini 1 cm a\u015fa\u011f\u0131 indirmek i\u00e7in 2.000 greft gerektiren bir hasta 6.000-8.000 TL harcayabilirken, cerrahi sa\u00e7 \u00e7izgisi d\u00fc\u015f\u00fcrme i\u015fleminde benzer bir fiyata tek bir i\u015flemde 2-3 cm&#039;lik bir d\u00fc\u015f\u00fcrme sa\u011flanabilir. Dahas\u0131, cerrahi iyile\u015fme tek seferlik bir dinlenme s\u00fcresi gerektirirken, sa\u00e7 ekimi minimal bir dinlenme s\u00fcresi gerektirse de tekrarlanan seanslar gerektirir ve i\u015ften izin vermeye olanak tan\u0131maz.<\/p>\n\n\n\n<p>Risk profilleri de \u00f6nemli \u00f6l\u00e7\u00fcde farkl\u0131l\u0131k g\u00f6sterir. Cerrahi komplikasyonlar genellikle iyile\u015fme ve anestezi ile ilgilidir ancak bir kez ele al\u0131n\u0131r. Cerrahi olmayan veya sa\u00e7 ekimi komplikasyonlar\u0131 ise birikimli olabilir; \u00f6rne\u011fin, tekrarlanan sa\u00e7 ekimi seanslar\u0131 don\u00f6r sa\u00e7 rezervlerini t\u00fcketerek gelecekteki i\u015flemleri zorla\u015ft\u0131rabilir. &quot;\u015eok kayb\u0131&quot; (mevcut sa\u00e7lar\u0131n ge\u00e7ici olarak d\u00f6k\u00fclmesi) sa\u00e7 ekiminde bir risktir, oysa cerrahi riskler genellikle ameliyat b\u00f6lgesine s\u0131n\u0131rl\u0131d\u0131r.<\/p>\n\n\n\n<h2 class=\"wp-block-heading\"><span class=\"ez-toc-section\" id=\"Face_Shape_Suitability_Which_Procedure_for_Your_Anatomy\"><\/span>Y\u00fcz \u015eekli Uygunlu\u011fu: Anatomik Yap\u0131n\u0131za Hangi \u0130\u015flem Uygun?<span class=\"ez-toc-section-end\"><\/span><\/h2>\n\n\n\n<p>Sa\u00e7 \u00e7izgisini d\u00fc\u015f\u00fcrme ve sa\u00e7 ekimi aras\u0131ndaki se\u00e7im, b\u00fcy\u00fck \u00f6l\u00e7\u00fcde mevcut y\u00fcz yap\u0131n\u0131za ve kafa derinizin hareketlili\u011fine ba\u011fl\u0131d\u0131r. Kalp \u015feklinde bir y\u00fcze uyumlu g\u00f6r\u00fcnen bir i\u015flem, kare veya yuvarlak bir y\u00fcze uyumsuz g\u00f6r\u00fcnebilir. Y\u00fcz feminizasyon ameliyat\u0131ndaki herhangi bir sa\u00e7 \u00e7izgisi i\u015fleminin amac\u0131, sadece sa\u00e7 \u00e7izgisini tek ba\u015f\u0131na d\u00fc\u015f\u00fcrmek de\u011fil, y\u00fcz\u00fcn \u00fc\u00e7te birlik ve be\u015fte birlik k\u0131s\u0131mlar\u0131n\u0131 dengelemektir.<\/p>\n\n\n\n<h3 class=\"wp-block-heading\"><span class=\"ez-toc-section\" id=\"High_Scalp_Mobility\"><\/span>Y\u00fcksek Kafa Derisi Hareketlili\u011fi<span class=\"ez-toc-section-end\"><\/span><\/h3>\n\n\n\n<p>Kafa derisinin hareket kabiliyeti y\u00fcksek olan (kafa derisini kafatas\u0131 \u00fczerinde \u00f6nemli \u00f6l\u00e7\u00fcde hareket ettirebilme yetene\u011fi) hastalar, sa\u00e7 \u00e7izgisini a\u015fa\u011f\u0131 indirme ameliyat\u0131 i\u00e7in ideal adaylard\u0131r. Bu genellikle fiziksel muayene s\u0131ras\u0131nda de\u011ferlendirilir. Sa\u00e7 \u00e7izginizi \u00f6nemli bir gerilim olmadan kolayca a\u015fa\u011f\u0131 \u00e7ekebiliyorsan\u0131z, muhtemelen 2-3 cm&#039;lik bir a\u015fa\u011f\u0131 indirme elde edeceksiniz. Bu hastalar, sonu\u00e7lar\u0131n an\u0131nda ve kal\u0131c\u0131 olmas\u0131 nedeniyle yap\u0131sal yakla\u015f\u0131mdan en \u00e7ok fayda g\u00f6r\u00fcrler.<\/p>\n\n\n\n<h3 class=\"wp-block-heading\"><span class=\"ez-toc-section\" id=\"Tight_Scalp_or_Limited_Mobility\"><\/span>S\u0131k\u0131 Kafa Derisi veya K\u0131s\u0131tl\u0131 Hareket Kabiliyeti<span class=\"ez-toc-section-end\"><\/span><\/h3>\n\n\n\n<p>Kafa derisi gergin olan veya hareket kabiliyeti s\u0131n\u0131rl\u0131 olan hastalar, agresif sa\u00e7 \u00e7izgisi d\u00fc\u015f\u00fcrme i\u015flemi i\u00e7in uygun aday olmayabilirler. Bu durumlarda, sa\u00e7 ekimi tercih edilen y\u00f6ntemdir. Sa\u00e7 \u00e7izgisini \u00f6nemli \u00f6l\u00e7\u00fcde d\u00fc\u015f\u00fcremeseler de, \u015fekli iyile\u015ftirebilir, i\u00e7e \u00e7\u00f6km\u00fc\u015f \u015fakaklar\u0131 doldurabilir ve \u00f6n sa\u00e7 \u00e7izgisine yo\u011funluk katabilirler. Bu i\u015flem genellikle \u00fcst y\u00fcz\u00fcn kad\u0131ns\u0131 g\u00f6r\u00fcn\u00fcm\u00fcn\u00fc en \u00fcst d\u00fczeye \u00e7\u0131karmak i\u00e7in ka\u015f kemi\u011fi k\u00fc\u00e7\u00fcltme i\u015flemiyle birlikte yap\u0131l\u0131r.<\/p>\n\n\n\n<h3 class=\"wp-block-heading\"><span class=\"ez-toc-section\" id=\"Receding_Temples_M-Shaped_Hairline\"><\/span>Sa\u00e7lar\u0131n \u015eakaklardan Geriye \u00c7ekilmesi (M \u015eeklinde Sa\u00e7 \u00c7izgisi)<span class=\"ez-toc-section-end\"><\/span><\/h3>\n\n\n\n<p>Belirgin M \u015feklinde sa\u00e7 \u00e7izgisine veya derin \u015fakak gerilemesine sahip ki\u015filerde, sadece sa\u00e7 \u00e7izgisini a\u015fa\u011f\u0131 indirmek yeterli olmayabilir. Al\u0131n ortas\u0131 a\u015fa\u011f\u0131 inebilir, ancak \u015fakaklar y\u00fcksek kal\u0131r ve do\u011fal olmayan bir kontur olu\u015fturur. \u0130deal \u00e7\u00f6z\u00fcm genellikle bir kombinasyondur: al\u0131n ortas\u0131 i\u00e7in sa\u00e7 \u00e7izgisini a\u015fa\u011f\u0131 indirme ve \u015fakaklar i\u00e7in sa\u00e7 ekimi. Bu, kad\u0131ns\u0131 bir sa\u00e7 \u00e7izgisinin karakteristik \u00f6zelli\u011fi olan s\u00fcrekli, yuvarlak bir sa\u00e7 \u00e7izgisi olu\u015fturur.<\/p>\n\n\n\n<h3 class=\"wp-block-heading\"><span class=\"ez-toc-section\" id=\"Prominent_Brow_Bone_vs_Flat_Forehead\"><\/span>Belirgin Ka\u015f Kemi\u011fi vs. D\u00fcz Al\u0131n<span class=\"ez-toc-section-end\"><\/span><\/h3>\n\n\n\n<p>Belirgin ka\u015f kemikleri, sa\u00e7 \u00e7izgisi d\u00fczeltme i\u015fleminden \u00f6nce veya i\u015flem s\u0131ras\u0131nda iskelet k\u00fc\u00e7\u00fcltme gerektirir. E\u011fer hastan\u0131n belirgin ka\u015flar\u0131 varsa ancak kafa derisi hareketlili\u011fi d\u00fc\u015f\u00fckse, genellikle ka\u015f kemi\u011fi k\u00fc\u00e7\u00fcltme ve sa\u00e7 ekimi kombinasyonu kullan\u0131l\u0131r. D\u00fcz bir profil olu\u015fturmak i\u00e7in kemik k\u00fc\u00e7\u00fclt\u00fcl\u00fcr ve cerrahi b\u00f6lgeyi kapatmak ve yo\u011funluk yaratmak i\u00e7in sa\u00e7 \u00e7izgisi a\u015fa\u011f\u0131ya indirilir. Bunun aksine, d\u00fcz al\u0131nl\u0131 ve iyi kafa derisi hareketlili\u011fine sahip hastalar, sadece sa\u00e7 \u00e7izgisi a\u015fa\u011f\u0131ya indirme i\u015flemi i\u00e7in m\u00fckemmel adaylard\u0131r.<\/p>\n\n\n\n<figure class=\"wp-block-image size-large\"><img loading=\"lazy\" decoding=\"async\" width=\"1024\" height=\"572\" src=\"https:\/\/www.dr-mfo.com\/wp-content\/uploads\/2026\/01\/image-115-1024x572.png\" alt=\"\" class=\"wp-image-27462\" srcset=\"https:\/\/www.dr-mfo.com\/wp-content\/uploads\/2026\/01\/image-115-1024x572.png 1024w, https:\/\/www.dr-mfo.com\/wp-content\/uploads\/2026\/01\/image-115-300x167.png 300w, https:\/\/www.dr-mfo.com\/wp-content\/uploads\/2026\/01\/image-115-768x429.png 768w, https:\/\/www.dr-mfo.com\/wp-content\/uploads\/2026\/01\/image-115-18x10.png 18w, https:\/\/www.dr-mfo.com\/wp-content\/uploads\/2026\/01\/image-115.png 1376w\" sizes=\"(max-width: 1024px) 100vw, 1024px\" \/><\/figure>\n\n\n\n<h2 class=\"wp-block-heading\"><span class=\"ez-toc-section\" id=\"Post-Operative_Care_and_Recovery_Protocols\"><\/span>Ameliyat Sonras\u0131 Bak\u0131m ve \u0130yile\u015fme Protokolleri<span class=\"ez-toc-section-end\"><\/span><\/h2>\n\n\n\n<p>Se\u00e7ilen y\u00f6ntem ne olursa olsun, ameliyat sonras\u0131 bak\u0131m nihai estetik sonucu belirler. Sa\u00e7 \u00e7izgisini d\u00fc\u015f\u00fcrme i\u015flemi, kesi yerinde enfeksiyonu \u00f6nlemek i\u00e7in s\u0131k\u0131 hijyen gerektirir. Hastalar sa\u00e7 \u00e7izgisini \u00e7ekmekten ka\u00e7\u0131nmal\u0131 ve \u015fi\u015fli\u011fi azaltmak i\u00e7in ba\u015flar\u0131n\u0131 y\u00fcksekte tutarak uyumal\u0131d\u0131r.<\/p>\n\n\n\n<h3 class=\"wp-block-heading\"><span class=\"ez-toc-section\" id=\"Managing_Swelling_and_Scarring\"><\/span>\u015ei\u015flik ve Yara \u0130zlerinin Y\u00f6netimi<span class=\"ez-toc-section-end\"><\/span><\/h3>\n\n\n\n<p>Kafa derisi \u00f6demini azaltmak i\u00e7in ilk iki hafta boyunca ba\u015f y\u00fcksekte olacak \u015fekilde uyumak zorunludur. So\u011fuk kompresler yard\u0131mc\u0131 olur, ancak donma riskini \u00f6nlemek i\u00e7in do\u011frudan cilde temas etmemelidir. Cerrahi sa\u00e7 \u00e7izgisi d\u00fc\u015f\u00fcrme i\u015fleminde, diki\u015fler al\u0131nd\u0131ktan sonra yara izi y\u00f6netimi genellikle kesi \u00e7izgisine silikon jel tabakalar\u0131n\u0131n uygulanmas\u0131n\u0131 i\u00e7erir. G\u00fcne\u015ften korunma \u00e7ok \u00f6nemlidir, \u00e7\u00fcnk\u00fc UV \u0131\u015f\u0131nlar\u0131na maruz kalma yara izini koyula\u015ft\u0131rarak g\u00f6r\u00fcn\u00fcr hale getirebilir.<\/p>\n\n\n\n<p>Sa\u00e7 ekimi sonras\u0131 iyile\u015fme s\u00fcreci, ekilen sa\u00e7 k\u00f6klerinin korunmas\u0131na odaklan\u0131r. Hastalar ilk birka\u00e7 g\u00fcn boyunca ekim yap\u0131lan b\u00f6lgeye dokunmaktan ka\u00e7\u0131nmal\u0131d\u0131r. Ekilen sa\u00e7 k\u00f6klerinin \u00fczerindeki k\u00fc\u00e7\u00fck kabuklar 7-10. g\u00fcn civar\u0131nda kendili\u011finden d\u00f6k\u00fclecektir. Al\u0131n ve g\u00f6zlerdeki \u015fi\u015fli\u011fi azaltmak i\u00e7in ba\u015f\u0131n y\u00fcksekte tutulmas\u0131 da \u00f6nerilir.<\/p>\n\n\n\n<h3 class=\"wp-block-heading\"><span class=\"ez-toc-section\" id=\"Long-Term_Maintenance\"><\/span>Uzun Vadeli Bak\u0131m<span class=\"ez-toc-section-end\"><\/span><\/h3>\n\n\n\n<p>Cerrahi sonu\u00e7lar kal\u0131c\u0131d\u0131r, ancak ya\u015flanma s\u00fcreci devam eder. Sa\u00e7 \u00e7izgisinin al\u00e7alt\u0131lmas\u0131, ekim yap\u0131lmayan b\u00f6lgelerdeki gelecekteki sa\u00e7 d\u00f6k\u00fclmesini durdurmaz. Hastalar, al\u00e7alt\u0131lm\u0131\u015f sa\u00e7 \u00e7izgisinin arkas\u0131ndaki do\u011fal sa\u00e7lar\u0131n\u0131 korumak i\u00e7in yine de t\u0131bbi tedaviye (minoksidil veya finasterid gibi) ihtiya\u00e7 duyabilirler. \u00d6te yandan, ekilen sa\u00e7lar kal\u0131c\u0131d\u0131r ve uzamaya devam ederek d\u00fczenli olarak k\u0131rp\u0131lmas\u0131n\u0131 gerektirir. Ancak, sa\u00e7 ekimi do\u011fal sa\u00e7 d\u00f6k\u00fclmesini \u00f6nlemez, bu nedenle kapsaml\u0131 bir plan gereklidir.<\/p>\n\n\n\n<hr class=\"wp-block-separator has-alpha-channel-opacity\"\/>\n\n\n\n<h2 class=\"wp-block-heading\"><span class=\"ez-toc-section\" id=\"Frequently_Asked_Questions\"><\/span>S\u0131k\u00e7a Sorulan Sorular<span class=\"ez-toc-section-end\"><\/span><\/h2>\n\n\n<div id=\"rank-math-faq\" class=\"rank-math-block\">\n<div class=\"rank-math-list\">\n<div id=\"faq-1\" class=\"rank-math-list-item\">\n<h3 class=\"rank-math-question\"><span class=\"ez-toc-section\" id=\"Is_hairline_lowering_surgery_the_same_as_a_hair_transplant\"><\/span>Sa\u00e7 \u00e7izgisini a\u015fa\u011f\u0131 \u00e7ekme ameliyat\u0131 ile sa\u00e7 ekimi ayn\u0131 \u015fey midir?<span class=\"ez-toc-section-end\"><\/span><\/h3>\n<div class=\"rank-math-answer\">\n\n<p>Hay\u0131r, bunlar birbirinden farkl\u0131 i\u015flemlerdir. Sa\u00e7 \u00e7izgisini d\u00fc\u015f\u00fcrme ameliyat\u0131 (al\u0131n k\u00fc\u00e7\u00fcltme), sa\u00e7 ta\u015f\u0131yan kafa derisini fiziksel olarak a\u015fa\u011f\u0131 do\u011fru hareket ettirerek sa\u00e7 \u00e7izgisini al\u00e7alt\u0131r. Sa\u00e7 ekimi ise, sa\u00e7 k\u00f6klerini ba\u015f\u0131n arkas\u0131ndan al\u0131na yeniden da\u011f\u0131tarak daha d\u00fc\u015f\u00fck bir sa\u00e7 \u00e7izgisi yan\u0131lsamas\u0131 yarat\u0131r. \u0130lki yap\u0131sal, ikincisi ise da\u011f\u0131t\u0131mc\u0131d\u0131r.<\/p>\n\n<\/div>\n<\/div>\n<div id=\"faq-2\" class=\"rank-math-list-item\">\n<h3 class=\"rank-math-question\"><span class=\"ez-toc-section\" id=\"Can_I_achieve_a_feminine_hairline_without_surgery\"><\/span>Ameliyats\u0131z olarak kad\u0131ns\u0131 bir sa\u00e7 \u00e7izgisine sahip olabilir miyim?<span class=\"ez-toc-section-end\"><\/span><\/h3>\n<div class=\"rank-math-answer\">\n\n<p>Evet, minoksidil gibi cerrahi olmayan y\u00f6ntemler sa\u00e7 b\u00fcy\u00fcmesini te\u015fvik edebilir, ancak sa\u00e7 \u00e7izgisini a\u015fa\u011f\u0131ya indiremez veya \u015feklini \u00f6nemli \u00f6l\u00e7\u00fcde de\u011fi\u015ftiremezler. Sa\u00e7 ekimi, cerrahiye alternatif (minimal invaziv) bir y\u00f6ntemdir, ancak don\u00f6r sa\u00e7 gerektirir ve sonu\u00e7 alma s\u00fcresi daha uzundur.<\/p>\n\n<\/div>\n<\/div>\n<div id=\"faq-3\" class=\"rank-math-list-item\">\n<h3 class=\"rank-math-question\"><span class=\"ez-toc-section\" id=\"What_is_the_recovery_time_for_hairline_lowering_surgery\"><\/span>Sa\u00e7 \u00e7izgisini d\u00fc\u015f\u00fcrme ameliyat\u0131n\u0131n iyile\u015fme s\u00fcresi ne kadard\u0131r?<span class=\"ez-toc-section-end\"><\/span><\/h3>\n<div class=\"rank-math-answer\">\n\n<p>\u0130yile\u015fme s\u00fcreci uygulanan i\u015fleme g\u00f6re de\u011fi\u015fir. Sa\u00e7 \u00e7izgisini d\u00fc\u015f\u00fcrme i\u015fleminde, belirgin \u015fi\u015flik ve morluklar\u0131n ge\u00e7mesi genellikle 2-3 hafta s\u00fcrer. Yorucu aktivitelerden ka\u00e7\u0131nmal\u0131 ve kesi b\u00f6lgesini temiz tutmal\u0131s\u0131n\u0131z. Yara izinin tamamen iyile\u015fmesi birka\u00e7 ay s\u00fcrer.<\/p>\n\n<\/div>\n<\/div>\n<div id=\"faq-4\" class=\"rank-math-list-item\">\n<h3 class=\"rank-math-question\"><span class=\"ez-toc-section\" id=\"Are_the_results_of_hairline_lowering_permanent\"><\/span>Sa\u00e7 \u00e7izgisini a\u015fa\u011f\u0131 \u00e7ekmenin sonu\u00e7lar\u0131 kal\u0131c\u0131 m\u0131d\u0131r?<span class=\"ez-toc-section-end\"><\/span><\/h3>\n<div class=\"rank-math-answer\">\n\n<p>Evet, cerrahi sa\u00e7 \u00e7izgisi d\u00fc\u015f\u00fcrme i\u015flemi, kafa derisini fiziksel olarak yeniden konumland\u0131rarak kal\u0131c\u0131 sonu\u00e7lar sa\u011flar. Bununla birlikte, do\u011fal ya\u015flanma s\u00fcreci ve gelecekteki olas\u0131 sa\u00e7 d\u00f6k\u00fclmesi, zamanla \u00e7evredeki sa\u00e7lar\u0131 etkileyebilir.<\/p>\n\n<\/div>\n<\/div>\n<div id=\"faq-5\" class=\"rank-math-list-item\">\n<h3 class=\"rank-math-question\"><span class=\"ez-toc-section\" id=\"Who_is_a_good_candidate_for_hairline_lowering\"><\/span>Sa\u00e7 \u00e7izgisinin azalt\u0131lmas\u0131 i\u00e7in iyi bir aday kimdir?<span class=\"ez-toc-section-end\"><\/span><\/h3>\n<div class=\"rank-math-answer\">\n\n<p>\u0130deal adaylar, y\u00fcksek kafa derisi hareketlili\u011fine, y\u00fcksek al\u0131n yap\u0131s\u0131na ve genel olarak iyi bir sa\u011fl\u0131k durumuna sahip olmal\u0131d\u0131r. Ameliyat s\u0131ras\u0131nda aktif sa\u00e7 d\u00f6k\u00fclmesi ya\u015famamalar\u0131 gerekir. Kafa derisi gev\u015fekli\u011fini de\u011ferlendirmek i\u00e7in bir y\u00fcz feminizasyon cerrah\u0131 ile g\u00f6r\u00fc\u015fme \u015fartt\u0131r.<\/p>\n\n<\/div>\n<\/div>\n<div id=\"faq-6\" class=\"rank-math-list-item\">\n<h3 class=\"rank-math-question\"><span class=\"ez-toc-section\" id=\"What_are_the_risks_of_hair_transplants\"><\/span>Sa\u00e7 ekiminin riskleri nelerdir?<span class=\"ez-toc-section-end\"><\/span><\/h3>\n<div class=\"rank-math-answer\">\n\n<p>Riskler aras\u0131nda &quot;\u015fok kayb\u0131&quot; (mevcut sa\u00e7lar\u0131n ge\u00e7ici olarak d\u00f6k\u00fclmesi), don\u00f6r veya al\u0131c\u0131 b\u00f6lgede enfeksiyon, d\u00fczensiz b\u00fcy\u00fcme ve yara izi olu\u015fumu yer al\u0131r. FFS&#039;de, do\u011fal olmayan bir sa\u00e7 \u00e7izgisi \u015feklinden ka\u00e7\u0131nmak i\u00e7in kad\u0131ns\u0131 sa\u00e7 \u00e7izgisi tasar\u0131m\u0131n\u0131 anlayan bir cerrah se\u00e7mek \u00e7ok \u00f6nemlidir.<\/p>\n\n<\/div>\n<\/div>\n<div id=\"faq-7\" class=\"rank-math-list-item\">\n<h3 class=\"rank-math-question\"><span class=\"ez-toc-section\" id=\"Does_insurance_cover_hairline_lowering_for_FFS\"><\/span>Y\u00fcz feminizasyon ameliyat\u0131 sonras\u0131 sa\u00e7 \u00e7izgisinin a\u015fa\u011f\u0131 indirilmesi sigorta kapsam\u0131nda m\u0131?<span class=\"ez-toc-section-end\"><\/span><\/h3>\n<div class=\"rank-math-answer\">\n\n<p>Genel olarak hay\u0131r. Bunlar kozmetik i\u015flemler olarak kabul edilir. Bununla birlikte, sa\u00e7 \u00e7izgisinin a\u015fa\u011f\u0131 indirilmesi cinsiyet de\u011fi\u015ftirme ameliyat\u0131 paketinin bir par\u00e7as\u0131ysa ve bir sa\u011fl\u0131k uzman\u0131 taraf\u0131ndan t\u0131bbi olarak gerekli g\u00f6r\u00fcl\u00fcrse, baz\u0131 sigorta planlar\u0131 bir k\u0131sm\u0131n\u0131 kar\u015f\u0131layabilir. Kapsam b\u00fcy\u00fck \u00f6l\u00e7\u00fcde de\u011fi\u015fmektedir.<\/p>\n\n<\/div>\n<\/div>\n<div id=\"faq-8\" class=\"rank-math-list-item\">\n<h3 class=\"rank-math-question\"><span class=\"ez-toc-section\" id=\"How_do_I_choose_between_hairline_lowering_and_transplants\"><\/span>Sa\u00e7 \u00e7izgisini d\u00fc\u015f\u00fcrme ve sa\u00e7 ekimi aras\u0131nda nas\u0131l se\u00e7im yapabilirim?<span class=\"ez-toc-section-end\"><\/span><\/h3>\n<div class=\"rank-math-answer\">\n\n<p>Kafa derinizin hareketlili\u011fini, sa\u00e7 yo\u011funlu\u011funu ve istedi\u011finiz sa\u00e7 \u00e7izgisi \u015feklini g\u00f6z \u00f6n\u00fcnde bulundurun. Kafa derinizde iyi bir esneklik varsa ve belirgin bir d\u00fc\u015f\u00fc\u015f istiyorsan\u0131z, ameliyat en iyisidir. Kafa deriniz gerginse veya \u015fakaklar\u0131n\u0131z\u0131 doldurman\u0131z gerekiyorsa, sa\u00e7 ekimi idealdir. Genellikle, her ikisinin kombinasyonu en iyi FFS sonu\u00e7lar\u0131n\u0131 verir.<\/p>\n\n<\/div>\n<\/div>\n<\/div>\n<\/div>\n\n\n<h2 class=\"wp-block-heading\"><span class=\"ez-toc-section\" id=\"Bibliography\"><\/span>Bibliyografya<span class=\"ez-toc-section-end\"><\/span><\/h2>\n\n\n\n<ul class=\"wp-block-list\">\n<li>Trendy Dergisi. (2025). <em>Sa\u00e7 \u00c7izgisini A\u015fa\u011f\u0131 \u0130ndirme Ameliyat\u0131 m\u0131 Yoksa Sa\u00e7 Ekimi mi Daha \u0130yi?<\/em>. Kaynak: https:\/\/trendyjournal.com\/hairline-lowering-surgery-vs-hair-transplant-whats-better\/<\/li>\n\n\n\n<li>Tsilosani Klini\u011fi. (2026). <em>Sa\u00e7 \u00c7izgisini D\u00fc\u015f\u00fcrme mi Yoksa Sa\u00e7 Ekimi mi: Sizin \u0130\u00e7in En \u0130yisi?<\/em>. Kaynak: https:\/\/tsilosaniclinic.com\/hairtransplant\/hairline-lowering-vs-hair-transplant-which-is-the-best-for-you\/<\/li>\n\n\n\n<li>Dr. MFO. (tarihsiz). <em>Al\u0131n K\u00fc\u00e7\u00fcltme ve Sa\u00e7 \u00c7izgisi \u0130lerletme<\/em>. Al\u0131nd\u0131\u011f\u0131 yer <a href=\"https:\/\/www.dr-mfo.com\/tr\/alin-kucultme-sac-cizgisi-ilerlemesi\/\">https:\/\/dr-mfo.com\/forehead-reduction-hairline-advancement<\/a><\/li>\n\n\n\n<li>Dr. MFO. (tarihsiz). <em>FFS: Y\u00fcz Di\u015file\u015ftirme Cerrahisi<\/em>. Al\u0131nd\u0131\u011f\u0131 yer <a href=\"https:\/\/www.dr-mfo.com\/tr\/ffs-yuz-feminizasyon-ameliyati\/\">https:\/\/dr-mfo.com\/ffs-facial-feminization-surgery<\/a><\/li>\n\n\n\n<li>Amerikan Plastik Cerrahlar Derne\u011fi. (nd). <em>Al\u0131n Germe<\/em>. Kaynak: https:\/\/www.plasticsurgery.org\/cosmetic-procedures\/forehead-lift<\/li>\n\n\n\n<li>ISAPS. (2023). <em>Y\u00fcz Feminizasyon Cerrahisinde Sa\u00e7 Restorasyonu<\/em>. Estetik Plastik Cerrahi Dergisi, 47(2), 112-125. DOI: 10.1007\/s00266-022-03214-5<\/li>\n<\/ul>","protected":false},"excerpt":{"rendered":"<p>When considering Facial Feminization Surgery (FFS), the forehead and hairline are often the most critical focal points for achieving a feminine facial profile. The hairline plays a pivotal role in defining the upper third of the face, influencing perceived gender, age, and overall facial harmony. For transgender women and non-binary individuals seeking a more feminine [&hellip;]<\/p>\n","protected":false},"author":2,"featured_media":16334,"comment_status":"closed","ping_status":"closed","sticky":false,"template":"","format":"standard","meta":{"_acf_changed":false,"footnotes":""},"categories":[169,194],"tags":[],"class_list":["post-16235","post","type-post","status-publish","format-standard","has-post-thumbnail","hentry","category-facial-feminization","category-hair-transplantation"],"acf":[],"_links":{"self":[{"href":"https:\/\/www.dr-mfo.com\/tr\/wp-json\/wp\/v2\/posts\/16235","targetHints":{"allow":["GET"]}}],"collection":[{"href":"https:\/\/www.dr-mfo.com\/tr\/wp-json\/wp\/v2\/posts"}],"about":[{"href":"https:\/\/www.dr-mfo.com\/tr\/wp-json\/wp\/v2\/types\/post"}],"author":[{"embeddable":true,"href":"https:\/\/www.dr-mfo.com\/tr\/wp-json\/wp\/v2\/users\/2"}],"replies":[{"embeddable":true,"href":"https:\/\/www.dr-mfo.com\/tr\/wp-json\/wp\/v2\/comments?post=16235"}],"version-history":[{"count":1,"href":"https:\/\/www.dr-mfo.com\/tr\/wp-json\/wp\/v2\/posts\/16235\/revisions"}],"predecessor-version":[{"id":27463,"href":"https:\/\/www.dr-mfo.com\/tr\/wp-json\/wp\/v2\/posts\/16235\/revisions\/27463"}],"wp:featuredmedia":[{"embeddable":true,"href":"https:\/\/www.dr-mfo.com\/tr\/wp-json\/wp\/v2\/media\/16334"}],"wp:attachment":[{"href":"https:\/\/www.dr-mfo.com\/tr\/wp-json\/wp\/v2\/media?parent=16235"}],"wp:term":[{"taxonomy":"category","embeddable":true,"href":"https:\/\/www.dr-mfo.com\/tr\/wp-json\/wp\/v2\/categories?post=16235"},{"taxonomy":"post_tag","embeddable":true,"href":"https:\/\/www.dr-mfo.com\/tr\/wp-json\/wp\/v2\/tags?post=16235"}],"curies":[{"name":"wp","href":"https:\/\/api.w.org\/{rel}","templated":true}]}}