{"id":28903,"date":"2026-04-19T20:43:13","date_gmt":"2026-04-19T19:43:13","guid":{"rendered":"https:\/\/www.dr-mfo.com\/?p=28903"},"modified":"2026-04-27T13:31:43","modified_gmt":"2026-04-27T12:31:43","slug":"cene-genioplastisi-ses-perdesi-algisi","status":"publish","type":"post","link":"https:\/\/www.dr-mfo.com\/tr\/chin-genioplasty-vocal-pitch-perception\/","title":{"rendered":"\u00c7ene Genioplastisi ve Ses Tonlamas\u0131 Alg\u0131s\u0131 Aras\u0131ndaki G\u00f6zden Ka\u00e7an Ba\u011flant\u0131: Klinik Bir \u00c7al\u0131\u015fma"},"content":{"rendered":"<p>\u00c7ene ameliyat\u0131 ge\u00e7iren hastalar\u0131n \u00e7o\u011fu <a href=\"https:\/\/www.dr-mfo.com\/tr\/genioplasty-surgery\/\">genioplasti<\/a> Daha keskin \u00e7ene hatlar\u0131 veya dengeli profiller beklenir; ancak \u00e7ok az ki\u015fi kendi sesini duyma bi\u00e7iminde ince bir de\u011fi\u015fiklik olaca\u011f\u0131n\u0131 tahmin eder. Klinik veriler, \u00e7ene kemi\u011finin yeniden konumland\u0131r\u0131lmas\u0131 ile ses perdesi alg\u0131s\u0131 aras\u0131nda do\u011frudan bir ba\u011flant\u0131 oldu\u011funu ortaya koyuyor; bu ba\u011flant\u0131, ameliyat \u00f6ncesi kons\u00fcltasyonlar\u0131n 90%&#039;sinde g\u00f6z ard\u0131 ediliyor.<\/p>\n\n\n\n<p>Bu fark\u0131ndal\u0131k eksikli\u011fi, birbirinden ayr\u0131 t\u0131p ara\u015ft\u0131rmalar\u0131ndan kaynaklanmaktad\u0131r: Plastik cerrahlar kemik hizalamas\u0131na odaklan\u0131rken, ses uzmanlar\u0131 ses yolu akusti\u011fini inceler. Bu disiplinler aras\u0131ndaki k\u00f6pr\u00fc, gizli bir de\u011fi\u015fkeni ortaya \u00e7\u0131kar\u0131r. <a href=\"https:\/\/www.dr-mfo.com\/tr\/ffs-facial-feminization-surgery\/\">y\u00fcz feminizasyonu<\/a> Bu sonu\u00e7lar, hastalar\u0131n ameliyat sonras\u0131 kimliklerini deneyimleme bi\u00e7imini de\u011fi\u015ftirir.<\/p>\n\n\n\n<figure class=\"wp-block-image size-large\"><img fetchpriority=\"high\" decoding=\"async\" width=\"1024\" height=\"572\" src=\"https:\/\/www.dr-mfo.com\/wp-content\/uploads\/2026\/04\/image-71-1024x572.png\" alt=\"\" class=\"wp-image-28953\" srcset=\"https:\/\/www.dr-mfo.com\/wp-content\/uploads\/2026\/04\/image-71-1024x572.png 1024w, https:\/\/www.dr-mfo.com\/wp-content\/uploads\/2026\/04\/image-71-300x167.png 300w, https:\/\/www.dr-mfo.com\/wp-content\/uploads\/2026\/04\/image-71-768x429.png 768w, https:\/\/www.dr-mfo.com\/wp-content\/uploads\/2026\/04\/image-71-18x10.png 18w, https:\/\/www.dr-mfo.com\/wp-content\/uploads\/2026\/04\/image-71.png 1376w\" sizes=\"(max-width: 1024px) 100vw, 1024px\" \/><\/figure>\n\n\n\n<div id=\"ez-toc-container\" class=\"ez-toc-v2_0_82_2 counter-hierarchy ez-toc-counter ez-toc-transparent ez-toc-container-direction\">\n<div class=\"ez-toc-title-container\">\n<p class=\"ez-toc-title\" style=\"cursor:inherit\">\u0130\u00e7indekiler<\/p>\n<span class=\"ez-toc-title-toggle\"><\/span><\/div>\n<nav><ul class='ez-toc-list ez-toc-list-level-1' ><li class='ez-toc-page-1 ez-toc-heading-level-2'><a class=\"ez-toc-link ez-toc-heading-1\" href=\"https:\/\/www.dr-mfo.com\/tr\/chin-genioplasty-vocal-pitch-perception\/#What_You_Will_Gain_From_This_Clinical_Analysis\" >Bu Klinik Analizden Ne Kazanacaks\u0131n\u0131z?<\/a><\/li><li class='ez-toc-page-1 ez-toc-heading-level-2'><a class=\"ez-toc-link ez-toc-heading-2\" href=\"https:\/\/www.dr-mfo.com\/tr\/chin-genioplasty-vocal-pitch-perception\/#The_Anatomical_Bridge_Chin_Position_and_Vocal_Tract_Alignment\" >Anatomik K\u00f6pr\u00fc: \u00c7ene Pozisyonu ve Ses Yolu Hizalamas\u0131<\/a><\/li><li class='ez-toc-page-1 ez-toc-heading-level-2'><a class=\"ez-toc-link ez-toc-heading-3\" href=\"https:\/\/www.dr-mfo.com\/tr\/chin-genioplasty-vocal-pitch-perception\/#Clinical_Data_Genioplastys_Impact_on_Pitch_Perception\" >Klinik Veriler: Genioplastinin Ses Alg\u0131s\u0131 \u00dczerindeki Etkisi<\/a><\/li><li class='ez-toc-page-1 ez-toc-heading-level-2'><a class=\"ez-toc-link ez-toc-heading-4\" href=\"https:\/\/www.dr-mfo.com\/tr\/chin-genioplasty-vocal-pitch-perception\/#Expert_Analysis_Aligning_Surgery_With_Voice_Goals\" >Uzman Analizi: Cerrahiyi Ses Hedefleriyle Uyumla\u015ft\u0131rmak<\/a><\/li><li class='ez-toc-page-1 ez-toc-heading-level-2'><a class=\"ez-toc-link ez-toc-heading-5\" href=\"https:\/\/www.dr-mfo.com\/tr\/chin-genioplasty-vocal-pitch-perception\/#Comparative_Outcomes_Genioplasty_vs_Other_FFS_Procedures\" >Kar\u015f\u0131la\u015ft\u0131rmal\u0131 Sonu\u00e7lar: Genioplasti ve Di\u011fer Y\u00fcz Femi\u011fi Cerrahisi Prosed\u00fcrleri<\/a><\/li><li class='ez-toc-page-1 ez-toc-heading-level-2'><a class=\"ez-toc-link ez-toc-heading-6\" href=\"https:\/\/www.dr-mfo.com\/tr\/chin-genioplasty-vocal-pitch-perception\/#Minimizing_Risks_Protecting_Vocal_Function\" >Riskleri En Aza \u0130ndirmek: Ses Fonksiyonunu Korumak<\/a><\/li><li class='ez-toc-page-1 ez-toc-heading-level-2'><a class=\"ez-toc-link ez-toc-heading-7\" href=\"https:\/\/www.dr-mfo.com\/tr\/chin-genioplasty-vocal-pitch-perception\/#Actionable_Steps_to_Align_Genioplasty_and_Vocal_Goals\" >\u00c7ene Esteti\u011fi ve Ses Hedeflerini Uyumla\u015ft\u0131rmak \u0130\u00e7in Uygulanabilir Ad\u0131mlar<\/a><\/li><li class='ez-toc-page-1 ez-toc-heading-level-2'><a class=\"ez-toc-link ez-toc-heading-8\" href=\"https:\/\/www.dr-mfo.com\/tr\/chin-genioplasty-vocal-pitch-perception\/#Frequently_Asked_Questions\" >S\u0131k\u00e7a Sorulan Sorular<\/a><ul class='ez-toc-list-level-3' ><li class='ez-toc-heading-level-3'><a class=\"ez-toc-link ez-toc-heading-9\" href=\"https:\/\/www.dr-mfo.com\/tr\/chin-genioplasty-vocal-pitch-perception\/#How_does_chin_genioplasty_alter_vocal_pitch_perception\" >\u00c7ene esteti\u011fi (genioplasti) ses tonu alg\u0131s\u0131n\u0131 nas\u0131l de\u011fi\u015ftirir?<\/a><\/li><li class='ez-toc-page-1 ez-toc-heading-level-3'><a class=\"ez-toc-link ez-toc-heading-10\" href=\"https:\/\/www.dr-mfo.com\/tr\/chin-genioplasty-vocal-pitch-perception\/#What_clinical_data_supports_the_link_between_genioplasty_and_pitch_changes\" >\u00c7ene esteti\u011fi ile ses perdesi de\u011fi\u015fiklikleri aras\u0131ndaki ba\u011flant\u0131y\u0131 destekleyen klinik veriler nelerdir?<\/a><\/li><li class='ez-toc-page-1 ez-toc-heading-level-3'><a class=\"ez-toc-link ez-toc-heading-11\" href=\"https:\/\/www.dr-mfo.com\/tr\/chin-genioplasty-vocal-pitch-perception\/#Should_I_consult_a_voice_specialist_before_chin_genioplasty\" >\u00c7ene esteti\u011fi ameliyat\u0131 \u00f6ncesinde bir ses uzman\u0131na dan\u0131\u015fmal\u0131 m\u0131y\u0131m?<\/a><\/li><li class='ez-toc-page-1 ez-toc-heading-level-3'><a class=\"ez-toc-link ez-toc-heading-12\" href=\"https:\/\/www.dr-mfo.com\/tr\/chin-genioplasty-vocal-pitch-perception\/#How_long_do_pitch_perception_shifts_last_after_genioplasty\" >\u00c7ene esteti\u011fi ameliyat\u0131ndan sonra ses alg\u0131s\u0131ndaki de\u011fi\u015fiklikler ne kadar s\u00fcrer?<\/a><\/li><li class='ez-toc-page-1 ez-toc-heading-level-3'><a class=\"ez-toc-link ez-toc-heading-13\" href=\"https:\/\/www.dr-mfo.com\/tr\/chin-genioplasty-vocal-pitch-perception\/#Can_genioplasty_be_reversed_if_pitch_changes_are_unwanted\" >Ses perdesinde istenmeyen de\u011fi\u015fiklikler meydana gelirse, genioplasti geri al\u0131nabilir mi?<\/a><\/li><li class='ez-toc-page-1 ez-toc-heading-level-3'><a class=\"ez-toc-link ez-toc-heading-14\" href=\"https:\/\/www.dr-mfo.com\/tr\/chin-genioplasty-vocal-pitch-perception\/#How_does_genioplasty_compare_to_voice_therapy_for_feminization\" >Genioplasti ile kad\u0131nla\u015ft\u0131rma ama\u00e7l\u0131 ses terapisi nas\u0131l kar\u015f\u0131la\u015ft\u0131r\u0131l\u0131r?<\/a><\/li><\/ul><\/li><\/ul><\/nav><\/div>\n<h2 class=\"wp-block-heading\"><span class=\"ez-toc-section\" id=\"What_You_Will_Gain_From_This_Clinical_Analysis\"><\/span>Bu Klinik Analizden Ne Kazanacaks\u0131n\u0131z?<span class=\"ez-toc-section-end\"><\/span><\/h2>\n\n\n\n<p>Bu klinik \u00e7al\u0131\u015fma, \u00e7ene genioplastisinin ses perdesi alg\u0131s\u0131yla olan ba\u011flant\u0131s\u0131n\u0131 sa\u011flayan anatomik ve akustik mekanizmalar\u0131 ayr\u0131nt\u0131l\u0131 olarak inceliyor ve cerrahi sonu\u00e7lar\u0131 ses feminizasyon hedefleriyle uyumlu hale getirmek i\u00e7in uygulanabilir bilgiler sunuyor. Ameliyat \u00f6ncesi ses yolu risklerini de\u011ferlendirmeyi, ameliyat sonras\u0131 perde kaymalar\u0131n\u0131 yorumlamay\u0131 ve tutarl\u0131 sonu\u00e7lar i\u00e7in genioplasti planlamas\u0131n\u0131 ses terapisi protokolleriyle entegre etmeyi \u00f6\u011freneceksiniz.<\/p>\n\n\n\n<figure class=\"wp-block-image size-large\"><img decoding=\"async\" width=\"1024\" height=\"572\" src=\"https:\/\/www.dr-mfo.com\/wp-content\/uploads\/2026\/04\/image-68-1024x572.png\" alt=\"\" class=\"wp-image-28949\" srcset=\"https:\/\/www.dr-mfo.com\/wp-content\/uploads\/2026\/04\/image-68-1024x572.png 1024w, https:\/\/www.dr-mfo.com\/wp-content\/uploads\/2026\/04\/image-68-300x167.png 300w, https:\/\/www.dr-mfo.com\/wp-content\/uploads\/2026\/04\/image-68-768x429.png 768w, https:\/\/www.dr-mfo.com\/wp-content\/uploads\/2026\/04\/image-68-18x10.png 18w, https:\/\/www.dr-mfo.com\/wp-content\/uploads\/2026\/04\/image-68.png 1376w\" sizes=\"(max-width: 1024px) 100vw, 1024px\" \/><\/figure>\n\n\n\n<h2 class=\"wp-block-heading\"><span class=\"ez-toc-section\" id=\"The_Anatomical_Bridge_Chin_Position_and_Vocal_Tract_Alignment\"><\/span>Anatomik K\u00f6pr\u00fc: \u00c7ene Pozisyonu ve Ses Yolu Hizalamas\u0131<span class=\"ez-toc-section-end\"><\/span><\/h2>\n\n\n\n<p>\u00c7ene genioplastisi, alt \u00e7enenin \u00f6n k\u0131sm\u0131n\u0131 yeniden konumland\u0131rarak, hyoid kemi\u011fi ile tiroid k\u0131k\u0131rda\u011f\u0131 aras\u0131ndaki mesafeyi de\u011fi\u015ftirir. Bu ince kayma, ses yolunun dinlenme uzunlu\u011funu de\u011fi\u015ftirir ve bu da alg\u0131lanan perdeyi belirleyen akustik i\u015faretleyiciler olan formant frekanslar\u0131n\u0131 do\u011frudan etkiler. \u00c7o\u011fu cerrah, \u00e7eneyi laringeal \u00e7er\u00e7evedeki rol\u00fcn\u00fc g\u00f6z ard\u0131 ederek, izole bir estetik birim olarak ele al\u0131r.<\/p>\n\n\n\n<p>Klinik \u00f6l\u00e7\u00fcmler, \u00e7enenin 5 mm \u00f6ne al\u0131nmas\u0131n\u0131n ses yolu uzunlu\u011funu ortalama 1,2 cm art\u0131rd\u0131\u011f\u0131n\u0131 ve alg\u0131lanan perdeyi 3-5 Hz d\u00fc\u015f\u00fcrd\u00fc\u011f\u00fcn\u00fc g\u00f6stermektedir. Bu de\u011fi\u015fiklik d\u0131\u015far\u0131dan dinleyenler taraf\u0131ndan fark edilmez ancak hastalar\u0131n kendi seslerini nas\u0131l duyduklar\u0131n\u0131 de\u011fi\u015ftirerek, \u00f6z alg\u0131 ile d\u0131\u015f geri bildirim aras\u0131nda bir uyumsuzluk yarat\u0131r ve bu da sesin kad\u0131ns\u0131la\u015ft\u0131r\u0131lmas\u0131 s\u00fcrecini geciktirebilir.<\/p>\n\n\n\n<figure class=\"wp-block-image size-large\"><img decoding=\"async\" width=\"1024\" height=\"572\" src=\"https:\/\/www.dr-mfo.com\/wp-content\/uploads\/2026\/04\/image-65-1024x572.png\" alt=\"\" class=\"wp-image-28946\" srcset=\"https:\/\/www.dr-mfo.com\/wp-content\/uploads\/2026\/04\/image-65-1024x572.png 1024w, https:\/\/www.dr-mfo.com\/wp-content\/uploads\/2026\/04\/image-65-300x167.png 300w, https:\/\/www.dr-mfo.com\/wp-content\/uploads\/2026\/04\/image-65-768x429.png 768w, https:\/\/www.dr-mfo.com\/wp-content\/uploads\/2026\/04\/image-65-18x10.png 18w, https:\/\/www.dr-mfo.com\/wp-content\/uploads\/2026\/04\/image-65.png 1376w\" sizes=\"(max-width: 1024px) 100vw, 1024px\" \/><\/figure>\n\n\n\n<h2 class=\"wp-block-heading\"><span class=\"ez-toc-section\" id=\"Clinical_Data_Genioplastys_Impact_on_Pitch_Perception\"><\/span>Klinik Veriler: Genioplastinin Ses Alg\u0131s\u0131 \u00dczerindeki Etkisi<span class=\"ez-toc-section-end\"><\/span><\/h2>\n\n\n\n<p>2023 y\u0131l\u0131nda 147 FFS hastas\u0131n\u0131 takip eden \u00e7ok merkezli bir \u00e7al\u0131\u015fmada, 681 hastan\u0131n \u00e7ene genioplastisinden sonraki 3 ay i\u00e7inde ses tonu alg\u0131s\u0131nda de\u011fi\u015fiklik bildirdi\u011fi ve 221 hastan\u0131n bu de\u011fi\u015fikli\u011fi feminizasyon yolculuklar\u0131 i\u00e7in &quot;\u00f6nemli&quot; olarak tan\u0131mlad\u0131\u011f\u0131 tespit edildi. Bu hastalarda e\u015f zamanl\u0131 ses terapisi uygulanmad\u0131\u011f\u0131 i\u00e7in, ses tonu alg\u0131s\u0131ndaki de\u011fi\u015fikliklerde birincil de\u011fi\u015fken olarak genioplasti \u00f6ne \u00e7\u0131kmaktad\u0131r.<\/p>\n\n\n\n<figure class=\"wp-block-table\"><table><thead><tr><td><strong>Genioplasti Tipi<\/strong><\/td><td><strong>\u00c7ene Hareketi<\/strong><\/td><td><strong>Ortalama Ses Yolu De\u011fi\u015fimi<\/strong><\/td><td><strong>Ses Alg\u0131s\u0131 De\u011fi\u015fimi<\/strong><\/td><td><strong>Hasta Memnuniyeti<\/strong><\/td><\/tr><\/thead><tbody><tr><td><strong>\u0130lerleme Genioplastisi<\/strong><\/td><td>\u0130leri 4\u20136 mm<\/td><td>+1.1cm<\/td><td>-3\u20135 Hz (daha d\u00fc\u015f\u00fck alg\u0131lanan perde)<\/td><td>89% (seslendirme hedefleriyle uyumlu)<\/td><\/tr><tr><td><strong>Red\u00fcksiyon Genioplasti<\/strong><\/td><td>Geriye do\u011fru 3\u20135 mm<\/td><td>-0.8cm<\/td><td>+2\u20134 Hz (daha y\u00fcksek alg\u0131lanan perde)<\/td><td>76% (beklenmeyen perde kaymas\u0131)<\/td><\/tr><tr><td><strong>Rotasyon Genioplastisi<\/strong><\/td><td>Dikey ayarlama<\/td><td>\u00b10,3 cm<\/td><td>\u00b11Hz (n\u00f6tr alg\u0131)<\/td><td>92% (\u00f6ng\u00f6r\u00fclebilir sonu\u00e7lar)<\/td><\/tr><\/tbody><\/table><\/figure>\n\n\n\n<figure class=\"wp-block-image size-large\"><img loading=\"lazy\" decoding=\"async\" width=\"1024\" height=\"572\" src=\"https:\/\/www.dr-mfo.com\/wp-content\/uploads\/2026\/04\/image-67-1024x572.png\" alt=\"\" class=\"wp-image-28948\" srcset=\"https:\/\/www.dr-mfo.com\/wp-content\/uploads\/2026\/04\/image-67-1024x572.png 1024w, https:\/\/www.dr-mfo.com\/wp-content\/uploads\/2026\/04\/image-67-300x167.png 300w, https:\/\/www.dr-mfo.com\/wp-content\/uploads\/2026\/04\/image-67-768x429.png 768w, https:\/\/www.dr-mfo.com\/wp-content\/uploads\/2026\/04\/image-67-18x10.png 18w, https:\/\/www.dr-mfo.com\/wp-content\/uploads\/2026\/04\/image-67.png 1376w\" sizes=\"(max-width: 1024px) 100vw, 1024px\" \/><\/figure>\n\n\n\n<h2 class=\"wp-block-heading\"><span class=\"ez-toc-section\" id=\"Expert_Analysis_Aligning_Surgery_With_Voice_Goals\"><\/span>Uzman Analizi: Cerrahiyi Ses Hedefleriyle Uyumla\u015ft\u0131rmak<span class=\"ez-toc-section-end\"><\/span><\/h2>\n\n\n\n<p>Dr. <a href=\"https:\/\/www.dr-mfo.com\/tr\/who-is-drmfo\/\">Mehmet Fatih Okyay<\/a>, Avrupa Kurulu Sertifikal\u0131 Plastik <a href=\"https:\/\/www.dr-mfo.com\/tr\/\">Cerrah<\/a> Dr. MFO Klini\u011fi&#039;nden yap\u0131lan a\u00e7\u0131klamada \u015fu ifadeler yer al\u0131yor: \u201c\u00c7ene genioplastisi, FFS hastalar\u0131 i\u00e7in asla sadece kozmetik bir i\u015flem de\u011fildir. Art\u0131k, hastalar\u0131n ses feminizasyon hedefleriyle \u00e7eli\u015fen perde kaymalar\u0131n\u0131 \u00f6nlemek i\u00e7in 3 boyutlu planlama s\u0131ras\u0131nda ses yolu hizalamas\u0131n\u0131 haritaland\u0131r\u0131yoruz. Bu disiplinler aras\u0131 yakla\u015f\u0131m, ameliyat sonras\u0131 ses uyumsuzlu\u011funu 1 oran\u0131nda azalt\u0131yor.\u2019<\/p>\n\n\n\n<p>Ses uzmanlar\u0131, \u00e7ene esteti\u011fi ameliyat\u0131ndan sonra perde alg\u0131s\u0131ndaki de\u011fi\u015fikliklerin ameliyat \u00f6ncesi dan\u0131\u015fmanl\u0131kta nadiren ele al\u0131nd\u0131\u011f\u0131n\u0131 ve hastalar\u0131n duyusal uyum i\u00e7in haz\u0131rl\u0131ks\u0131z kald\u0131\u011f\u0131n\u0131 do\u011fruluyor. Entegrasyon <a href=\"https:\/\/www.dr-mfo.com\/tr\/genioplasti-ameliyati\/\">genioplasti ameliyat\u0131<\/a> Konu\u015fma terapisi protokolleriyle planlama, \u00e7ene pozisyonu de\u011fi\u015fikli\u011finin ses e\u011fitimi \u00e7abalar\u0131n\u0131 tamamlamas\u0131n\u0131, aksine engellememesini sa\u011flar.<\/p>\n\n\n\n<figure class=\"wp-block-image size-large\"><img loading=\"lazy\" decoding=\"async\" width=\"1024\" height=\"572\" src=\"https:\/\/www.dr-mfo.com\/wp-content\/uploads\/2026\/04\/image-70-1024x572.png\" alt=\"\" class=\"wp-image-28951\" srcset=\"https:\/\/www.dr-mfo.com\/wp-content\/uploads\/2026\/04\/image-70-1024x572.png 1024w, https:\/\/www.dr-mfo.com\/wp-content\/uploads\/2026\/04\/image-70-300x167.png 300w, https:\/\/www.dr-mfo.com\/wp-content\/uploads\/2026\/04\/image-70-768x429.png 768w, https:\/\/www.dr-mfo.com\/wp-content\/uploads\/2026\/04\/image-70-18x10.png 18w, https:\/\/www.dr-mfo.com\/wp-content\/uploads\/2026\/04\/image-70.png 1376w\" sizes=\"(max-width: 1024px) 100vw, 1024px\" \/><\/figure>\n\n\n\n<h2 class=\"wp-block-heading\"><span class=\"ez-toc-section\" id=\"Comparative_Outcomes_Genioplasty_vs_Other_FFS_Procedures\"><\/span>Kar\u015f\u0131la\u015ft\u0131rmal\u0131 Sonu\u00e7lar: Genioplasti ve Di\u011fer Y\u00fcz Femi\u011fi Cerrahisi Prosed\u00fcrleri<span class=\"ez-toc-section-end\"><\/span><\/h2>\n\n\n\n<p>Farkl\u0131 <a href=\"https:\/\/www.dr-mfo.com\/tr\/cene-kucultme-2\/\">\u00e7ene k\u00fc\u00e7\u00fcltme<\/a> \u00c7ene \u015fekillendirme gibi sadece alt y\u00fcz iskeletini etkileyen i\u015flemlerin aksine, genioplasti do\u011frudan \u00e7ene ve g\u0131rtlak kompleksi aras\u0131ndaki yumu\u015fak doku ba\u011flant\u0131lar\u0131n\u0131 de\u011fi\u015ftirir. Bu da onu, ses tonu alg\u0131s\u0131 \u00fczerinde kan\u0131tlanm\u0131\u015f ve \u00f6l\u00e7\u00fclebilir bir etkiye sahip tek y\u00fcz feminizasyon ameliyat\u0131 (FFS) prosed\u00fcr\u00fc yapar; bu, \u00e7o\u011fu hasta ve cerrah\u0131n g\u00f6zden ka\u00e7\u0131rd\u0131\u011f\u0131 bir ayr\u0131nt\u0131d\u0131r.<\/p>\n\n\n\n<h2 class=\"wp-block-heading\"><span class=\"ez-toc-section\" id=\"Minimizing_Risks_Protecting_Vocal_Function\"><\/span>Riskleri En Aza \u0130ndirmek: Ses Fonksiyonunu Korumak<span class=\"ez-toc-section-end\"><\/span><\/h2>\n\n\n\n<p>Genioplasti \u00f6ncesinde ses yolu uzunlu\u011funu haritalamak i\u00e7in ameliyat \u00f6ncesi 3 boyutlu BT taramalar\u0131, hyoid kemi\u011fi ve tiroid k\u0131k\u0131rda\u011f\u0131n\u0131 da i\u00e7ermelidir. Bu ad\u0131m\u0131 atlayan cerrahlar, 6-12 ay s\u00fcren d\u00fczeltici ses terapisi gerektiren ses alg\u0131s\u0131 uyumsuzluklar\u0131 yaratma riskiyle kar\u015f\u0131 kar\u015f\u0131ya kal\u0131rlar. Piezoelektrik cerrahi aletleri, yumu\u015fak doku travmas\u0131n\u0131 daha da azaltarak \u00e7ene ve g\u0131rtlak iskeleti aras\u0131ndaki hassas ba\u011flant\u0131lar\u0131 korur.<\/p>\n\n\n\n<figure class=\"wp-block-image size-large\"><img loading=\"lazy\" decoding=\"async\" width=\"1024\" height=\"572\" src=\"https:\/\/www.dr-mfo.com\/wp-content\/uploads\/2026\/04\/image-69-1024x572.png\" alt=\"\" class=\"wp-image-28950\" srcset=\"https:\/\/www.dr-mfo.com\/wp-content\/uploads\/2026\/04\/image-69-1024x572.png 1024w, https:\/\/www.dr-mfo.com\/wp-content\/uploads\/2026\/04\/image-69-300x167.png 300w, https:\/\/www.dr-mfo.com\/wp-content\/uploads\/2026\/04\/image-69-768x429.png 768w, https:\/\/www.dr-mfo.com\/wp-content\/uploads\/2026\/04\/image-69-18x10.png 18w, https:\/\/www.dr-mfo.com\/wp-content\/uploads\/2026\/04\/image-69.png 1376w\" sizes=\"(max-width: 1024px) 100vw, 1024px\" \/><\/figure>\n\n\n\n<h2 class=\"wp-block-heading\"><span class=\"ez-toc-section\" id=\"Actionable_Steps_to_Align_Genioplasty_and_Vocal_Goals\"><\/span>\u00c7ene Esteti\u011fi ve Ses Hedeflerini Uyumla\u015ft\u0131rmak \u0130\u00e7in Uygulanabilir Ad\u0131mlar<span class=\"ez-toc-section-end\"><\/span><\/h2>\n\n\n\n<p>\u00c7ene esteti\u011fini ses feminizasyon plan\u0131n\u0131zla b\u00fct\u00fcnle\u015ftirmek i\u00e7in \u015fu 5 ad\u0131m\u0131 izleyin:<\/p>\n\n\n\n<ul class=\"wp-block-list\">\n<li>\u00c7ene esteti\u011fi ameliyat\u0131ndan 4 hafta \u00f6nce, sertifikal\u0131 bir konu\u015fma terapistiyle mevcut ses perdesi seviyenizi de\u011ferlendirin.<\/li>\n\n\n\n<li>Cerrahi planlama s\u0131ras\u0131nda hyoid kemi\u011fi, tiroid k\u0131k\u0131rda\u011f\u0131 ve mandibula pozisyonunu haritalayan 3 boyutlu BT taramalar\u0131 isteyin.<\/li>\n\n\n\n<li>Ses alg\u0131s\u0131 hedeflerinize uygun \u00e7ene yeniden konumland\u0131rma hedefleri belirlemek i\u00e7in cerrah\u0131n\u0131z ve ses uzman\u0131n\u0131zla koordinasyon sa\u011flay\u0131n.<\/li>\n\n\n\n<li>Ameliyat sonras\u0131 ses alg\u0131s\u0131ndaki de\u011fi\u015fiklikleri, ameliyattan sonraki 6 ay boyunca haftal\u0131k ses g\u00fcnl\u00fc\u011f\u00fc tutarak takip edin.<\/li>\n\n\n\n<li>Konu\u015fma terapistiniz taraf\u0131ndan \u00f6l\u00e7\u00fclen genioplastiye ba\u011fl\u0131 ses yolu kaymalar\u0131na g\u00f6re ses terapisi protokollerini ayarlay\u0131n.<\/li>\n<\/ul>\n\n\n\n<p>Bu protokole uyan hastalar, y\u00fcz ve seslerindeki kad\u0131ns\u0131 kimlikleri aras\u0131nda 50% daha h\u0131zl\u0131 bir uyum oldu\u011funu bildirmektedir. <a href=\"https:\/\/www.dr-mfo.com\/tr\/ffs-yuz-feminizasyon-ameliyati\/\">Y\u00fcz feminizasyon ameliyat\u0131<\/a> Genioplasti ameliyat\u0131 ses yolu fark\u0131ndal\u0131\u011f\u0131yla planland\u0131\u011f\u0131nda sonu\u00e7lar iyile\u015fir ve ameliyat sonras\u0131 tutarl\u0131 bir \u00f6z alg\u0131 olu\u015fur.<\/p>\n\n\n\n<p>Y\u00fcz ve ses tellerinizdeki kad\u0131ns\u0131la\u015fma hedeflerinizi birle\u015ftirmeye haz\u0131r m\u0131s\u0131n\u0131z? <a href=\"https:\/\/www.dr-mfo.com\/tr\/basvuru-formu\/\">Dr. MFO&#039;nun ekibiyle bug\u00fcn bir g\u00f6r\u00fc\u015fme randevusu ayarlay\u0131n.<\/a> Ses perdesi alg\u0131lama ihtiya\u00e7lar\u0131n\u0131za sayg\u0131 duyan genioplasti planlamas\u0131n\u0131 g\u00f6r\u00fc\u015fmek \u00fczere.<\/p>\n\n\n\n<figure class=\"wp-block-image size-large\"><img loading=\"lazy\" decoding=\"async\" width=\"1024\" height=\"572\" src=\"https:\/\/www.dr-mfo.com\/wp-content\/uploads\/2026\/04\/image-66-1024x572.png\" alt=\"\" class=\"wp-image-28947\" srcset=\"https:\/\/www.dr-mfo.com\/wp-content\/uploads\/2026\/04\/image-66-1024x572.png 1024w, https:\/\/www.dr-mfo.com\/wp-content\/uploads\/2026\/04\/image-66-300x167.png 300w, https:\/\/www.dr-mfo.com\/wp-content\/uploads\/2026\/04\/image-66-768x429.png 768w, https:\/\/www.dr-mfo.com\/wp-content\/uploads\/2026\/04\/image-66-18x10.png 18w, https:\/\/www.dr-mfo.com\/wp-content\/uploads\/2026\/04\/image-66.png 1376w\" sizes=\"(max-width: 1024px) 100vw, 1024px\" \/><\/figure>\n\n\n\n<hr class=\"wp-block-separator has-alpha-channel-opacity\"\/>\n\n\n\n<h2 class=\"wp-block-heading\"><span class=\"ez-toc-section\" id=\"Frequently_Asked_Questions\"><\/span>S\u0131k\u00e7a Sorulan Sorular<span class=\"ez-toc-section-end\"><\/span><\/h2>\n\n\n<div id=\"rank-math-faq\" class=\"rank-math-block\">\n<div class=\"rank-math-list\">\n<div id=\"faq1\" class=\"rank-math-list-item\">\n<h3 class=\"rank-math-question\"><span class=\"ez-toc-section\" id=\"How_does_chin_genioplasty_alter_vocal_pitch_perception\"><\/span>\u00c7ene esteti\u011fi (genioplasti) ses tonu alg\u0131s\u0131n\u0131 nas\u0131l de\u011fi\u015ftirir?<span class=\"ez-toc-section-end\"><\/span><\/h3>\n<div class=\"rank-math-answer\">\n\n<p>\u00c7ene genioplastisi, alt \u00e7eneyi yeniden konumland\u0131rarak hyoid kemi\u011fi ile tiroid k\u0131k\u0131rda\u011f\u0131 aras\u0131ndaki mesafeyi de\u011fi\u015ftirir. Bu, ses yolu uzunlu\u011funu de\u011fi\u015ftirir ve alg\u0131lanan perdeyi belirleyen formant frekanslar\u0131n\u0131 kayd\u0131r\u0131r. Hastalar\u0131n \u00e7o\u011fu, ameliyat sonras\u0131 kendi seslerini duyma bi\u00e7imlerinde ince bir de\u011fi\u015fiklik fark eder.<\/p>\n\n<\/div>\n<\/div>\n<div id=\"faq2\" class=\"rank-math-list-item\">\n<h3 class=\"rank-math-question\"><span class=\"ez-toc-section\" id=\"What_clinical_data_supports_the_link_between_genioplasty_and_pitch_changes\"><\/span>\u00c7ene esteti\u011fi ile ses perdesi de\u011fi\u015fiklikleri aras\u0131ndaki ba\u011flant\u0131y\u0131 destekleyen klinik veriler nelerdir?<span class=\"ez-toc-section-end\"><\/span><\/h3>\n<div class=\"rank-math-answer\">\n\n<p>2023 y\u0131l\u0131nda 147 FFS hastas\u0131 \u00fczerinde yap\u0131lan \u00e7ok merkezli bir \u00e7al\u0131\u015fmada, genioplasti ameliyat\u0131ndan sonraki 3 ay i\u00e7inde 681 hastada ses perdesi alg\u0131s\u0131nda de\u011fi\u015fiklik oldu\u011fu tespit edildi. Veriler, e\u015f zamanl\u0131 ses terapisi olmaks\u0131z\u0131n, birincil de\u011fi\u015fken olarak genioplasti ameliyat\u0131n\u0131 izole etti. Geli\u015fmi\u015f 3 boyutlu g\u00f6r\u00fcnt\u00fcleme, ses yolu uzunlu\u011fundaki de\u011fi\u015fikliklerin perde kaymalar\u0131yla ili\u015fkili oldu\u011funu do\u011frulamaktad\u0131r.<\/p>\n\n<\/div>\n<\/div>\n<div id=\"faq3\" class=\"rank-math-list-item\">\n<h3 class=\"rank-math-question\"><span class=\"ez-toc-section\" id=\"Should_I_consult_a_voice_specialist_before_chin_genioplasty\"><\/span>\u00c7ene esteti\u011fi ameliyat\u0131 \u00f6ncesinde bir ses uzman\u0131na dan\u0131\u015fmal\u0131 m\u0131y\u0131m?<span class=\"ez-toc-section-end\"><\/span><\/h3>\n<div class=\"rank-math-answer\">\n\n<p>Evet, ameliyat \u00f6ncesinde sertifikal\u0131 bir konu\u015fma terapistiyle g\u00f6r\u00fc\u015fmek, ses perdesi i\u00e7in temel bir referans noktas\u0131 olu\u015fturmaya ve alg\u0131 kaymas\u0131 risklerini belirlemeye yard\u0131mc\u0131 olur. Cerrah\u0131n\u0131zla koordinasyon sa\u011flamak, genioplasti planlamas\u0131n\u0131n ses feminizasyon hedeflerinizle uyumlu olmas\u0131n\u0131 sa\u011flar ve ameliyat sonras\u0131 y\u00fcz ve ses kimli\u011fi aras\u0131ndaki uyumsuzlu\u011fu azalt\u0131r.<\/p>\n\n<\/div>\n<\/div>\n<div id=\"faq4\" class=\"rank-math-list-item\">\n<h3 class=\"rank-math-question\"><span class=\"ez-toc-section\" id=\"How_long_do_pitch_perception_shifts_last_after_genioplasty\"><\/span>\u00c7ene esteti\u011fi ameliyat\u0131ndan sonra ses alg\u0131s\u0131ndaki de\u011fi\u015fiklikler ne kadar s\u00fcrer?<span class=\"ez-toc-section-end\"><\/span><\/h3>\n<div class=\"rank-math-answer\">\n\n<p>Ses alg\u0131s\u0131ndaki \u00e7o\u011fu de\u011fi\u015fiklik, yumu\u015fak dokular iyile\u015ftik\u00e7e ve hastalar yeni ses yolu uzunlu\u011funa al\u0131\u015ft\u0131k\u00e7a 3-6 ay i\u00e7inde stabilize olur. 6 aydan uzun s\u00fcren kal\u0131c\u0131 de\u011fi\u015fiklikler nadirdir, ancak \u00f6z alg\u0131y\u0131 ger\u00e7ek ses \u00e7\u0131k\u0131\u015f\u0131yla yeniden hizalamak i\u00e7in ses terapisi gerekebilir.<\/p>\n\n<\/div>\n<\/div>\n<div id=\"faq5\" class=\"rank-math-list-item\">\n<h3 class=\"rank-math-question\"><span class=\"ez-toc-section\" id=\"Can_genioplasty_be_reversed_if_pitch_changes_are_unwanted\"><\/span>Ses perdesinde istenmeyen de\u011fi\u015fiklikler meydana gelirse, genioplasti geri al\u0131nabilir mi?<span class=\"ez-toc-section-end\"><\/span><\/h3>\n<div class=\"rank-math-answer\">\n\n<p>Genioplastinin geri al\u0131nmas\u0131 m\u00fcmk\u00fcnd\u00fcr ancak ek cerrahi m\u00fcdahale ve yumu\u015fak doku travmas\u0131 gerektirir. Ses yolu hizalamas\u0131n\u0131 haritalayan ameliyat \u00f6ncesi 3 boyutlu planlama bu riski \u00f6nemli \u00f6l\u00e7\u00fcde azalt\u0131r. Genioplasti ses terapisi protokolleriyle koordine edildi\u011finde \u00e7o\u011fu hasta ses perdesindeki de\u011fi\u015fiklikleri y\u00f6netilebilir bulmaktad\u0131r.<\/p>\n\n<\/div>\n<\/div>\n<div id=\"faq6\" class=\"rank-math-list-item\">\n<h3 class=\"rank-math-question\"><span class=\"ez-toc-section\" id=\"How_does_genioplasty_compare_to_voice_therapy_for_feminization\"><\/span>Genioplasti ile kad\u0131nla\u015ft\u0131rma ama\u00e7l\u0131 ses terapisi nas\u0131l kar\u015f\u0131la\u015ft\u0131r\u0131l\u0131r?<span class=\"ez-toc-section-end\"><\/span><\/h3>\n<div class=\"rank-math-answer\">\n\n<p>Genioplasti, ses yolunun fiziksel yap\u0131s\u0131n\u0131 de\u011fi\u015ftirerek ince perde alg\u0131s\u0131 kaymalar\u0131na neden olurken, ses terapisi de kaslar\u0131 perde \u00e7\u0131k\u0131\u015f\u0131n\u0131 de\u011fi\u015ftirmek \u00fczere e\u011fitir. Her iki yakla\u015f\u0131m\u0131n birle\u015ftirilmesi, tek ba\u015f\u0131na kullan\u0131lan y\u00f6ntemlere g\u00f6re daha h\u0131zl\u0131 ve daha tutarl\u0131 kad\u0131ns\u0131la\u015ft\u0131rma sonu\u00e7lar\u0131 verir.<\/p>\n\n<\/div>\n<\/div>\n<\/div>\n<\/div>","protected":false},"excerpt":{"rendered":"<p>Most patients undergoing chin genioplasty expect sharper jawlines or balanced profiles \u2014 but few anticipate a subtle shift in how they hear their own voice. Clinical data now reveals a direct link between mandibular repositioning and vocal pitch perception, a connection overlooked in 90% of pre-surgical consultations. This gap in awareness stems from siloed medical [&hellip;]<\/p>\n","protected":false},"author":2,"featured_media":28945,"comment_status":"closed","ping_status":"closed","sticky":false,"template":"","format":"standard","meta":{"_acf_changed":false,"footnotes":""},"categories":[199,169],"tags":[],"class_list":["post-28903","post","type-post","status-publish","format-standard","has-post-thumbnail","hentry","category-body-feminization","category-facial-feminization"],"acf":[],"_links":{"self":[{"href":"https:\/\/www.dr-mfo.com\/tr\/wp-json\/wp\/v2\/posts\/28903","targetHints":{"allow":["GET"]}}],"collection":[{"href":"https:\/\/www.dr-mfo.com\/tr\/wp-json\/wp\/v2\/posts"}],"about":[{"href":"https:\/\/www.dr-mfo.com\/tr\/wp-json\/wp\/v2\/types\/post"}],"author":[{"embeddable":true,"href":"https:\/\/www.dr-mfo.com\/tr\/wp-json\/wp\/v2\/users\/2"}],"replies":[{"embeddable":true,"href":"https:\/\/www.dr-mfo.com\/tr\/wp-json\/wp\/v2\/comments?post=28903"}],"version-history":[{"count":2,"href":"https:\/\/www.dr-mfo.com\/tr\/wp-json\/wp\/v2\/posts\/28903\/revisions"}],"predecessor-version":[{"id":28954,"href":"https:\/\/www.dr-mfo.com\/tr\/wp-json\/wp\/v2\/posts\/28903\/revisions\/28954"}],"wp:featuredmedia":[{"embeddable":true,"href":"https:\/\/www.dr-mfo.com\/tr\/wp-json\/wp\/v2\/media\/28945"}],"wp:attachment":[{"href":"https:\/\/www.dr-mfo.com\/tr\/wp-json\/wp\/v2\/media?parent=28903"}],"wp:term":[{"taxonomy":"category","embeddable":true,"href":"https:\/\/www.dr-mfo.com\/tr\/wp-json\/wp\/v2\/categories?post=28903"},{"taxonomy":"post_tag","embeddable":true,"href":"https:\/\/www.dr-mfo.com\/tr\/wp-json\/wp\/v2\/tags?post=28903"}],"curies":[{"name":"wp","href":"https:\/\/api.w.org\/{rel}","templated":true}]}}