{"id":28904,"date":"2026-04-20T13:35:34","date_gmt":"2026-04-20T12:35:34","guid":{"rendered":"https:\/\/www.dr-mfo.com\/?p=28904"},"modified":"2026-04-27T16:43:24","modified_gmt":"2026-04-27T15:43:24","slug":"supraorbital-kenar-tiraslama-vokal-rezonans","status":"publish","type":"post","link":"https:\/\/www.dr-mfo.com\/tr\/supraorbital-rim-shaving-vocal-resonance\/","title":{"rendered":"G\u00f6z \u00dcst\u00fc B\u00f6lgesi T\u0131ra\u015f\u0131: Al\u0131n Esteti\u011fi Ameliyat\u0131 Sesi Nas\u0131l De\u011fi\u015ftiriyor?"},"content":{"rendered":"<p>\u0130nsan sesi sadece g\u0131rtla\u011f\u0131n bir \u00fcr\u00fcn\u00fc de\u011fildir; kemik yap\u0131lar\u0131 ve hava odac\u0131klar\u0131n\u0131n bir senfonisidir. \u00c7o\u011fu MTF hastas\u0131 ses e\u011fitimi yoluyla perde ve t\u0131n\u0131ya odaklan\u0131rken, genellikle g\u00f6zden ka\u00e7an sessiz bir fakt\u00f6r vard\u0131r: kafatas\u0131. Son klinik g\u00f6zlemler \u015funu g\u00f6stermektedir ki <strong>supraorbital kenar t\u0131ra\u015f\u0131<\/strong>, Tip 3 al\u0131n kranioplastisinin temel ta\u015flar\u0131ndan biri olan bu y\u00f6ntem, ses dalgalar\u0131n\u0131n kranial bo\u015flukta yay\u0131lma bi\u00e7imini ince bir \u015fekilde de\u011fi\u015ftirebilir ve bu da ses rezonans\u0131nda alg\u0131lanan bir de\u011fi\u015fikli\u011fe yol a\u00e7abilir.<\/p>\n\n\n\n<p>Bu sadece estetikle ilgili de\u011fil. Belirgin ka\u015f kemi\u011fi k\u00fc\u00e7\u00fclt\u00fcld\u00fc\u011f\u00fcnde, kafatas\u0131n\u0131n akustik \u00f6zellikleri de\u011fi\u015fir. Foniyatristler ilgin\u00e7 bir olguya dikkat \u00e7ekmi\u015ftir: Hastalar, ses tellerine do\u011frudan m\u00fcdahale edilmemesine ra\u011fmen, ameliyat sonras\u0131 s\u0131kl\u0131kla &quot;daha hafif&quot; veya &quot;daha yumu\u015fak&quot; bir sese sahip olduklar\u0131n\u0131 bildirmektedirler. Bu makale, kemik yo\u011funlu\u011fu, ses yay\u0131l\u0131m\u0131 ve ses alg\u0131s\u0131 aras\u0131ndaki ba\u011flant\u0131y\u0131 ele alan biyomekanik \u00e7al\u0131\u015fmalara derinlemesine bir bak\u0131\u015f sunmaktad\u0131r; bu bak\u0131\u015f a\u00e7\u0131s\u0131 standart FFS literat\u00fcr\u00fcnde nadiren tart\u0131\u015f\u0131lmaktad\u0131r.<\/p>\n\n\n\n<figure class=\"wp-block-image size-large\"><img fetchpriority=\"high\" decoding=\"async\" width=\"1024\" height=\"572\" src=\"https:\/\/www.dr-mfo.com\/wp-content\/uploads\/2026\/04\/image-75-1024x572.png\" alt=\"\" class=\"wp-image-28959\" srcset=\"https:\/\/www.dr-mfo.com\/wp-content\/uploads\/2026\/04\/image-75-1024x572.png 1024w, https:\/\/www.dr-mfo.com\/wp-content\/uploads\/2026\/04\/image-75-300x167.png 300w, https:\/\/www.dr-mfo.com\/wp-content\/uploads\/2026\/04\/image-75-768x429.png 768w, https:\/\/www.dr-mfo.com\/wp-content\/uploads\/2026\/04\/image-75-18x10.png 18w, https:\/\/www.dr-mfo.com\/wp-content\/uploads\/2026\/04\/image-75.png 1376w\" sizes=\"(max-width: 1024px) 100vw, 1024px\" \/><\/figure>\n\n\n\n<div id=\"ez-toc-container\" class=\"ez-toc-v2_0_82_2 counter-hierarchy ez-toc-counter ez-toc-transparent ez-toc-container-direction\">\n<div class=\"ez-toc-title-container\">\n<p class=\"ez-toc-title\" style=\"cursor:inherit\">\u0130\u00e7indekiler<\/p>\n<span class=\"ez-toc-title-toggle\"><\/span><\/div>\n<nav><ul class='ez-toc-list ez-toc-list-level-1' ><li class='ez-toc-page-1 ez-toc-heading-level-2'><a class=\"ez-toc-link ez-toc-heading-1\" href=\"https:\/\/www.dr-mfo.com\/tr\/supraorbital-rim-shaving-vocal-resonance\/#The_Skull_as_a_Resonant_Chamber_Beyond_the_Larynx\" >Kafatas\u0131 Bir Rezonans Odas\u0131 Olarak: G\u0131rtla\u011f\u0131n \u00d6tesinde<\/a><\/li><li class='ez-toc-page-1 ez-toc-heading-level-2'><a class=\"ez-toc-link ez-toc-heading-2\" href=\"https:\/\/www.dr-mfo.com\/tr\/supraorbital-rim-shaving-vocal-resonance\/#Type_3_Forehead_Cranioplasty_and_Acoustic_Shifts\" >Tip 3 Al\u0131n Kranioplastisi ve Akustik Kaymalar<\/a><ul class='ez-toc-list-level-3' ><li class='ez-toc-heading-level-3'><a class=\"ez-toc-link ez-toc-heading-3\" href=\"https:\/\/www.dr-mfo.com\/tr\/supraorbital-rim-shaving-vocal-resonance\/#Bone_Density_and_Sound_Propagation_Mechanics\" >Kemik Yo\u011funlu\u011fu ve Ses Yay\u0131l\u0131m Mekani\u011fi<\/a><\/li><\/ul><\/li><li class='ez-toc-page-1 ez-toc-heading-level-2'><a class=\"ez-toc-link ez-toc-heading-4\" href=\"https:\/\/www.dr-mfo.com\/tr\/supraorbital-rim-shaving-vocal-resonance\/#Phoniatrician_Observations_The_%E2%80%9CLighter_Voice%E2%80%9D_Phenomenon\" >Foniyatri Uzman\u0131n\u0131n G\u00f6zlemleri: &quot;Daha Hafif Ses&quot; Fenomeni<\/a><ul class='ez-toc-list-level-3' ><li class='ez-toc-heading-level-3'><a class=\"ez-toc-link ez-toc-heading-5\" href=\"https:\/\/www.dr-mfo.com\/tr\/supraorbital-rim-shaving-vocal-resonance\/#Pitch_Perception_vs_Vocal_Timbre\" >Ses Perdesi Alg\u0131s\u0131 ve Ses T\u0131n\u0131s\u0131 Aras\u0131ndaki Fark<\/a><\/li><\/ul><\/li><li class='ez-toc-page-1 ez-toc-heading-level-2'><a class=\"ez-toc-link ez-toc-heading-6\" href=\"https:\/\/www.dr-mfo.com\/tr\/supraorbital-rim-shaving-vocal-resonance\/#Voice_Therapy_Adaptation_Post-Surgery\" >Ameliyat Sonras\u0131 Ses Terapisi Adaptasyonu<\/a><\/li><li class='ez-toc-page-1 ez-toc-heading-level-2'><a class=\"ez-toc-link ez-toc-heading-7\" href=\"https:\/\/www.dr-mfo.com\/tr\/supraorbital-rim-shaving-vocal-resonance\/#Frequently_Asked_Questions\" >S\u0131k\u00e7a Sorulan Sorular<\/a><ul class='ez-toc-list-level-3' ><li class='ez-toc-heading-level-3'><a class=\"ez-toc-link ez-toc-heading-8\" href=\"https:\/\/www.dr-mfo.com\/tr\/supraorbital-rim-shaving-vocal-resonance\/#How_does_supraorbital_rim_shaving_affect_vocal_resonance\" >G\u00f6z \u00e7ukuru kenar\u0131n\u0131n t\u0131ra\u015flanmas\u0131 ses rezonans\u0131n\u0131 nas\u0131l etkiler?<\/a><\/li><li class='ez-toc-page-1 ez-toc-heading-level-3'><a class=\"ez-toc-link ez-toc-heading-9\" href=\"https:\/\/www.dr-mfo.com\/tr\/supraorbital-rim-shaving-vocal-resonance\/#Is_the_change_in_voice_permanent_after_Type_3_cranioplasty\" >Tip 3 kranioplasti sonras\u0131 ses de\u011fi\u015fikli\u011fi kal\u0131c\u0131 m\u0131d\u0131r?<\/a><\/li><li class='ez-toc-page-1 ez-toc-heading-level-3'><a class=\"ez-toc-link ez-toc-heading-10\" href=\"https:\/\/www.dr-mfo.com\/tr\/supraorbital-rim-shaving-vocal-resonance\/#Do_I_still_need_voice_therapy_if_my_forehead_change_alters_my_voice\" >Al\u0131n b\u00f6lgemdeki de\u011fi\u015fiklik sesimi etkilerse yine de ses terapisi almam gerekir mi?<\/a><\/li><li class='ez-toc-page-1 ez-toc-heading-level-3'><a class=\"ez-toc-link ez-toc-heading-11\" href=\"https:\/\/www.dr-mfo.com\/tr\/supraorbital-rim-shaving-vocal-resonance\/#What_is_the_connection_between_bone_density_and_sound_propagation\" >Kemik yo\u011funlu\u011fu ile ses yay\u0131l\u0131m\u0131 aras\u0131nda nas\u0131l bir ba\u011flant\u0131 vard\u0131r?<\/a><\/li><li class='ez-toc-page-1 ez-toc-heading-level-3'><a class=\"ez-toc-link ez-toc-heading-12\" href=\"https:\/\/www.dr-mfo.com\/tr\/supraorbital-rim-shaving-vocal-resonance\/#Can_phoniatricians_measure_the_acoustic_changes_post-FFS\" >Foniyatristler FFS sonras\u0131 akustik de\u011fi\u015fiklikleri \u00f6l\u00e7ebilir mi?<\/a><\/li><li class='ez-toc-page-1 ez-toc-heading-level-3'><a class=\"ez-toc-link ez-toc-heading-13\" href=\"https:\/\/www.dr-mfo.com\/tr\/supraorbital-rim-shaving-vocal-resonance\/#Why_do_some_MTF_patients_report_a_lighter_voice_after_FFS\" >Baz\u0131 trans kad\u0131nlar y\u00fcz feminizasyon ameliyat\u0131ndan sonra neden seslerinin daha a\u00e7\u0131k renkli oldu\u011funu bildiriyor?<\/a><\/li><\/ul><\/li><\/ul><\/nav><\/div>\n<h2 class=\"wp-block-heading\"><span class=\"ez-toc-section\" id=\"The_Skull_as_a_Resonant_Chamber_Beyond_the_Larynx\"><\/span>Kafatas\u0131 Bir Rezonans Odas\u0131 Olarak: G\u0131rtla\u011f\u0131n \u00d6tesinde<span class=\"ez-toc-section-end\"><\/span><\/h2>\n\n\n\n<p>Geleneksel ses terapisi, ses tellerini ve nefes deste\u011fini hedef al\u0131rken, kafatas\u0131n\u0131n geli\u015fmi\u015f bir amplifikat\u00f6r g\u00f6revi g\u00f6rd\u00fc\u011f\u00fc ger\u00e7e\u011fini g\u00f6z ard\u0131 eder. Kafatas\u0131 kemiklerinin yo\u011funlu\u011fu ve \u015fekli, ses dalgalar\u0131n\u0131n nas\u0131l yans\u0131d\u0131\u011f\u0131n\u0131 ve da\u011f\u0131ld\u0131\u011f\u0131n\u0131 belirler. Supraorbital kenar gibi daha kal\u0131n kemik, p\u00fcr\u00fczs\u00fcz, kad\u0131ns\u0131 bir kontura g\u00f6re farkl\u0131 bir akustik ortam yarat\u0131r. Kemik k\u00fctlesini azaltt\u0131\u011f\u0131n\u0131zda, kafan\u0131n i\u00e7indeki &quot;yank\u0131lanma&quot; s\u00fcresini de\u011fi\u015ftirirsiniz; bu da kendi sesinizi nas\u0131l duydu\u011funuzu ve ba\u015fkalar\u0131n\u0131n ses tonunuzu nas\u0131l alg\u0131lad\u0131\u011f\u0131n\u0131 do\u011frudan etkiler.<\/p>\n\n\n\n<p>\u00c7ello ve keman \u00f6rne\u011fini ele alal\u0131m. Ah\u015fap yo\u011funlu\u011fu ve g\u00f6vde \u015fekli, enstr\u00fcman\u0131n sesini belirler. Benzer \u015fekilde, aln\u0131n\u0131z sadece bir y\u00fcz \u00f6zelli\u011fi de\u011fil; ses enstr\u00fcman\u0131n\u0131z\u0131n bir par\u00e7as\u0131d\u0131r. Biyomekanik alan\u0131ndaki \u00e7al\u0131\u015fmalar, ses dalgalar\u0131n\u0131n daha yo\u011fun kemiklerden daha h\u0131zl\u0131 ge\u00e7ti\u011fini g\u00f6stermektedir. Cerrahlar, supraorbital kenar\u0131 k\u00fc\u00e7\u00fclterek, bu dalgalar\u0131n h\u0131z\u0131n\u0131 ve yans\u0131ma modelini istemeden de\u011fi\u015ftirir ve tek bir ses egzersizi yapmadan alg\u0131lanan perdeyi y\u00fckseltebilirler.<\/p>\n\n\n\n<figure class=\"wp-block-image size-large\"><img decoding=\"async\" width=\"1024\" height=\"572\" src=\"https:\/\/www.dr-mfo.com\/wp-content\/uploads\/2026\/04\/image-73-1024x572.png\" alt=\"\" class=\"wp-image-28957\" srcset=\"https:\/\/www.dr-mfo.com\/wp-content\/uploads\/2026\/04\/image-73-1024x572.png 1024w, https:\/\/www.dr-mfo.com\/wp-content\/uploads\/2026\/04\/image-73-300x167.png 300w, https:\/\/www.dr-mfo.com\/wp-content\/uploads\/2026\/04\/image-73-768x429.png 768w, https:\/\/www.dr-mfo.com\/wp-content\/uploads\/2026\/04\/image-73-18x10.png 18w, https:\/\/www.dr-mfo.com\/wp-content\/uploads\/2026\/04\/image-73.png 1376w\" sizes=\"(max-width: 1024px) 100vw, 1024px\" \/><\/figure>\n\n\n\n<h2 class=\"wp-block-heading\"><span class=\"ez-toc-section\" id=\"Type_3_Forehead_Cranioplasty_and_Acoustic_Shifts\"><\/span>Tip 3 Al\u0131n Kranioplastisi ve Akustik Kaymalar<span class=\"ez-toc-section-end\"><\/span><\/h2>\n\n\n\n<p>Tip 3 al\u0131n kranioplastisi, daha p\u00fcr\u00fczs\u00fcz, daha kad\u0131ns\u0131 bir sa\u00e7 \u00e7izgisi ve ka\u015f olu\u015fturmak i\u00e7in frontal kemi\u011fin ve orbital kenarlar\u0131n k\u00fc\u00e7\u00fclt\u00fclmesini i\u00e7erir. Bu i\u015flem, hastan\u0131n akustik imzas\u0131n\u0131n on y\u0131llard\u0131r kal\u0131c\u0131 bir par\u00e7as\u0131 olan kemi\u011fin \u00e7\u0131kar\u0131lmas\u0131n\u0131 veya yeniden \u015fekillendirilmesini gerektirir. Bu ameliyat\u0131n &quot;hayalet&quot; etkisi, a\u015fa\u011f\u0131daki de\u011fi\u015fikliktir: <a href=\"https:\/\/www.dr-mfo.com\/tr\/alin-sekillendirme\/\">al\u0131n \u015fekillendirme<\/a> Hastalar\u0131n sadece g\u00f6rsel olarak de\u011fil, i\u015fitsel olarak da tan\u0131mlad\u0131\u011f\u0131 sonu\u00e7lar.<\/p>\n\n\n\n<p>Dr. <a href=\"https:\/\/www.dr-mfo.com\/tr\/who-is-drmfo\/\">Mehmet Fatih Okyay<\/a> \u00c7ene ve y\u00fcz cerrahisi alan\u0131ndaki di\u011fer uzmanlar, g\u00f6z \u00e7ukuru kenar\u0131n\u0131n k\u00fc\u00e7\u00fclt\u00fclmesinin frontal kemi\u011fin genel k\u00fctlesini azaltt\u0131\u011f\u0131n\u0131 g\u00f6zlemlemi\u015ftir. Bu k\u00fc\u00e7\u00fclme, genellikle erkeksi ses profilleriyle ili\u015fkilendirilen &quot;a\u011f\u0131r&quot; ton kalitesini en aza indirir. Bu, psikolojik d\u00f6n\u00fc\u015f\u00fcmden \u00f6nce gelen fiziksel bir d\u00f6n\u00fc\u015f\u00fcmd\u00fcr; ses daha hafif gelir \u00e7\u00fcnk\u00fc kafatas\u0131 farkl\u0131 \u015fekilde rezonansa girer ve bu da vokal feminizasyon terapisi g\u00f6renlere bir ba\u015flang\u0131\u00e7 avantaj\u0131 sa\u011flar.<\/p>\n\n\n\n<figure class=\"wp-block-image size-large\"><img decoding=\"async\" width=\"1024\" height=\"572\" src=\"https:\/\/www.dr-mfo.com\/wp-content\/uploads\/2026\/04\/image-76-1024x572.png\" alt=\"\" class=\"wp-image-28960\" srcset=\"https:\/\/www.dr-mfo.com\/wp-content\/uploads\/2026\/04\/image-76-1024x572.png 1024w, https:\/\/www.dr-mfo.com\/wp-content\/uploads\/2026\/04\/image-76-300x167.png 300w, https:\/\/www.dr-mfo.com\/wp-content\/uploads\/2026\/04\/image-76-768x429.png 768w, https:\/\/www.dr-mfo.com\/wp-content\/uploads\/2026\/04\/image-76-18x10.png 18w, https:\/\/www.dr-mfo.com\/wp-content\/uploads\/2026\/04\/image-76.png 1376w\" sizes=\"(max-width: 1024px) 100vw, 1024px\" \/><\/figure>\n\n\n\n<h3 class=\"wp-block-heading\"><span class=\"ez-toc-section\" id=\"Bone_Density_and_Sound_Propagation_Mechanics\"><\/span>Kemik Yo\u011funlu\u011fu ve Ses Yay\u0131l\u0131m Mekani\u011fi<span class=\"ez-toc-section-end\"><\/span><\/h3>\n\n\n\n<p>\u0130nsan v\u00fccudunda sesin yay\u0131lmas\u0131, sesin ge\u00e7ti\u011fi ortama b\u00fcy\u00fck \u00f6l\u00e7\u00fcde ba\u011fl\u0131d\u0131r. Kemik m\u00fckemmel bir iletkendir. Yo\u011fun ve \u00e7\u0131k\u0131nt\u0131l\u0131 bir yap\u0131 olan supraorbital kenar t\u0131ra\u015fland\u0131\u011f\u0131nda, ses tellerinden i\u00e7 kula\u011fa giden ses dalgalar\u0131n\u0131n yolu de\u011fi\u015fir. Dalgalar \u00f6n b\u00f6lgede daha az diren\u00e7 ve daha az yans\u0131t\u0131c\u0131 y\u00fczeyle kar\u015f\u0131la\u015f\u0131r, bu da daha net, daha az &quot;bo\u011fuk&quot; bir sese yol a\u00e7ar. Bu nedenle baz\u0131 hastalar FFS sonras\u0131 seslerinin &quot;netlik&quot; kazand\u0131\u011f\u0131n\u0131 hissederler.<\/p>\n\n\n\n<figure class=\"wp-block-table\"><table><thead><tr><td><strong>Anatomik \u00d6zellik<\/strong><\/td><td><strong>Akustik \u00d6zellik<\/strong><\/td><td><strong>T\u0131ra\u015f Sonras\u0131 Etki<\/strong><\/td><\/tr><\/thead><tbody><tr><td><strong>G\u00f6z \u00dcst\u00fc Kenar\u0131 (Kal\u0131n)<\/strong><\/td><td>Y\u00fcksek yo\u011funluk, ses dalgalar\u0131n\u0131n yans\u0131mas\u0131na ve emilmesine neden olur.<\/td><td>\u0130ndirgeme, ses t\u0131n\u0131s\u0131nda daha az &quot;a\u011f\u0131rl\u0131k&quot; olu\u015fmas\u0131na yol a\u00e7ar.<\/td><\/tr><tr><td><strong>\u00d6n Sin\u00fcs<\/strong><\/td><td>Rezonans frekans\u0131n\u0131 etkileyen hava bo\u015flu\u011fu<\/td><td>Kafatas\u0131na iletilen titre\u015fimin de\u011fi\u015fimi<\/td><\/tr><tr><td><strong>Orbital Kenar Konturu<\/strong><\/td><td>Kafatas\u0131 \u015feklini ve yank\u0131 dinamiklerini belirler.<\/td><td>Daha d\u00fczg\u00fcn kontur, daha &quot;hafif&quot; bir perde alg\u0131s\u0131 yarat\u0131r.<\/td><\/tr><\/tbody><\/table><\/figure>\n\n\n\n<figure class=\"wp-block-image size-large\"><img loading=\"lazy\" decoding=\"async\" width=\"1024\" height=\"572\" src=\"https:\/\/www.dr-mfo.com\/wp-content\/uploads\/2026\/04\/image-74-1024x572.png\" alt=\"\" class=\"wp-image-28958\" srcset=\"https:\/\/www.dr-mfo.com\/wp-content\/uploads\/2026\/04\/image-74-1024x572.png 1024w, https:\/\/www.dr-mfo.com\/wp-content\/uploads\/2026\/04\/image-74-300x167.png 300w, https:\/\/www.dr-mfo.com\/wp-content\/uploads\/2026\/04\/image-74-768x429.png 768w, https:\/\/www.dr-mfo.com\/wp-content\/uploads\/2026\/04\/image-74-18x10.png 18w, https:\/\/www.dr-mfo.com\/wp-content\/uploads\/2026\/04\/image-74.png 1376w\" sizes=\"(max-width: 1024px) 100vw, 1024px\" \/><\/figure>\n\n\n\n<h2 class=\"wp-block-heading\"><span class=\"ez-toc-section\" id=\"Phoniatrician_Observations_The_%E2%80%9CLighter_Voice%E2%80%9D_Phenomenon\"><\/span>Foniyatri Uzman\u0131n\u0131n G\u00f6zlemleri: &quot;Daha Hafif Ses&quot; Fenomeni<span class=\"ez-toc-section-end\"><\/span><\/h2>\n\n\n\n<p>Ses bozukluklar\u0131yla ilgilenen t\u0131p dal\u0131 olan foniyatri, bu teorinin klinik temelini olu\u015fturmaktad\u0131r. Uzmanlar, ses tedavisi g\u00f6ren hastalarda g\u00f6r\u00fclen vakalar\u0131 belgelemi\u015ftir. <a href=\"https:\/\/www.dr-mfo.com\/tr\/ffs-yuz-feminizasyon-ameliyati\/\">y\u00fcz feminizasyon ameliyat\u0131<\/a> \u0130\u015flemden sonraki haftalar i\u00e7inde ses alg\u0131s\u0131nda bir de\u011fi\u015fiklik oldu\u011fu bildirildi. Bu hastalar hen\u00fcz ses terapisine ba\u015flamam\u0131\u015flard\u0131, bu da davran\u0131\u015fsal de\u011fi\u015fikliklerin tek neden olmad\u0131\u011f\u0131n\u0131 g\u00f6steriyordu.<\/p>\n\n\n\n<p>Klinik g\u00f6zlemlerden birinde, kemik \u00e7\u0131k\u0131nt\u0131s\u0131n\u0131n azalt\u0131lmas\u0131n\u0131n y\u00fcksek frekansl\u0131 iletimi iyile\u015ftirdi\u011fi belirtilmektedir. \u0130nsan kula\u011f\u0131 bu frekanslar\u0131 &quot;parlakl\u0131k&quot; veya &quot;a\u00e7\u0131kl\u0131k&quot; olarak alg\u0131lar. Bu nedenle, ameliyat pasif bir akustik d\u00fczenleyici g\u00f6revi g\u00f6r\u00fcr. Bu, FFS&#039;nin gizli bir faydas\u0131d\u0131r; fiziksel g\u00f6r\u00fcn\u00fcm ile i\u015fitsel kimlik aras\u0131ndaki bo\u015flu\u011fu doldurarak, trans bireyler i\u00e7in ge\u00e7i\u015fi daha b\u00fct\u00fcnc\u00fcl hale getirir.<\/p>\n\n\n\n<figure class=\"wp-block-image size-large\"><img loading=\"lazy\" decoding=\"async\" width=\"1024\" height=\"572\" src=\"https:\/\/www.dr-mfo.com\/wp-content\/uploads\/2026\/04\/image-78-1024x572.png\" alt=\"Supraorbital Kenar T\u0131ra\u015f\u0131\" class=\"wp-image-28962\" srcset=\"https:\/\/www.dr-mfo.com\/wp-content\/uploads\/2026\/04\/image-78-1024x572.png 1024w, https:\/\/www.dr-mfo.com\/wp-content\/uploads\/2026\/04\/image-78-300x167.png 300w, https:\/\/www.dr-mfo.com\/wp-content\/uploads\/2026\/04\/image-78-768x429.png 768w, https:\/\/www.dr-mfo.com\/wp-content\/uploads\/2026\/04\/image-78-18x10.png 18w, https:\/\/www.dr-mfo.com\/wp-content\/uploads\/2026\/04\/image-78.png 1376w\" sizes=\"(max-width: 1024px) 100vw, 1024px\" \/><\/figure>\n\n\n\n<h3 class=\"wp-block-heading\"><span class=\"ez-toc-section\" id=\"Pitch_Perception_vs_Vocal_Timbre\"><\/span>Ses Perdesi Alg\u0131s\u0131 ve Ses T\u0131n\u0131s\u0131 Aras\u0131ndaki Fark<span class=\"ez-toc-section-end\"><\/span><\/h3>\n\n\n\n<p>Ses perdesi (frekans) ve t\u0131n\u0131 (ton kalitesi) aras\u0131nda ayr\u0131m yapmak \u00e7ok \u00f6nemlidir. G\u00f6z \u00fcst\u00fc kenar\u0131 t\u0131ra\u015flama i\u015flemi, ses tellerinin frekans\u0131n\u0131 do\u011frudan de\u011fi\u015ftirmez. Bunun yerine, t\u0131n\u0131y\u0131 de\u011fi\u015ftirir. Ancak, t\u0131n\u0131 perde alg\u0131s\u0131n\u0131 etkiledi\u011fi i\u00e7in, &quot;daha hafif&quot; bir t\u0131n\u0131, belirli bir perdenin dinleyici taraf\u0131ndan daha y\u00fcksek duyulmas\u0131n\u0131 sa\u011flayabilir. Bu, baz\u0131 hastalar\u0131n al\u0131n b\u00f6lgesinden yap\u0131lan i\u015flemden sonra seslerinin nihayet kimlikleriyle &quot;e\u015fle\u015fti\u011fini&quot; hissetmelerinin ard\u0131ndaki s\u0131rd\u0131r.<\/p>\n\n\n\n<figure class=\"wp-block-image size-large\"><img loading=\"lazy\" decoding=\"async\" width=\"1024\" height=\"572\" src=\"https:\/\/www.dr-mfo.com\/wp-content\/uploads\/2026\/04\/image-77-1024x572.png\" alt=\"\" class=\"wp-image-28961\" srcset=\"https:\/\/www.dr-mfo.com\/wp-content\/uploads\/2026\/04\/image-77-1024x572.png 1024w, https:\/\/www.dr-mfo.com\/wp-content\/uploads\/2026\/04\/image-77-300x167.png 300w, https:\/\/www.dr-mfo.com\/wp-content\/uploads\/2026\/04\/image-77-768x429.png 768w, https:\/\/www.dr-mfo.com\/wp-content\/uploads\/2026\/04\/image-77-18x10.png 18w, https:\/\/www.dr-mfo.com\/wp-content\/uploads\/2026\/04\/image-77.png 1376w\" sizes=\"(max-width: 1024px) 100vw, 1024px\" \/><\/figure>\n\n\n\n<h2 class=\"wp-block-heading\"><span class=\"ez-toc-section\" id=\"Voice_Therapy_Adaptation_Post-Surgery\"><\/span>Ameliyat Sonras\u0131 Ses Terapisi Adaptasyonu<span class=\"ez-toc-section-end\"><\/span><\/h2>\n\n\n\n<p>Ses terapistleri, bu anatomik de\u011fi\u015fiklikleri hesaba katmak i\u00e7in egzersizlerini uyarlamal\u0131d\u0131r. Y\u00fcz maskesindeki rezonans yerle\u015fimine odaklanan geleneksel egzersizlerin yeniden kalibre edilmesi gerekebilir. Kemik yap\u0131s\u0131 de\u011fi\u015fti\u011fi i\u00e7in, rezonans\u0131n eski &quot;hissi&quot; farkl\u0131 olacakt\u0131r. Terapistler, hastalar\u0131, kafataslar\u0131n\u0131n yeni akustik \u00f6zelliklerini kullanarak duyusal geri bildirimlerini yeniden haritalamaya ve daha verimli bir \u015fekilde kad\u0131ns\u0131 bir ses elde etmeye te\u015fvik etmelidir.<\/p>\n\n\n\n<p>Bilginin b\u00fct\u00fcnle\u015ftirilmesi <a href=\"https:\/\/www.dr-mfo.com\/tr\/alin-kucultme-sac-cizgisi-ilerlemesi\/\">al\u0131n k\u00fc\u00e7\u00fcltme<\/a> Terapi seanslar\u0131na entegre edilmesi, ge\u00e7i\u015f s\u00fcrecine b\u00fct\u00fcnc\u00fcl bir yakla\u015f\u0131m sa\u011flar. Hastalara, cerrahi yolculuklar\u0131n\u0131n ses hedeflerini destekledi\u011fi konusunda bilgi verilmelidir. Maksillofasiyal cerrahi ve foniyatri aras\u0131ndaki bu sinerji, transseks\u00fcel sa\u011fl\u0131k hizmetlerinde yeni bir ufuk a\u00e7arak, sesin ve y\u00fcz\u00fcn ayn\u0131 hikayeyi anlatmas\u0131n\u0131 sa\u011flar.<\/p>\n\n\n\n<h2 class=\"wp-block-heading\"><span class=\"ez-toc-section\" id=\"Frequently_Asked_Questions\"><\/span>S\u0131k\u00e7a Sorulan Sorular<span class=\"ez-toc-section-end\"><\/span><\/h2>\n\n\n<div id=\"rank-math-faq\" class=\"rank-math-block\">\n<div class=\"rank-math-list\">\n<div id=\"faq1\" class=\"rank-math-list-item\">\n<h3 class=\"rank-math-question\"><span class=\"ez-toc-section\" id=\"How_does_supraorbital_rim_shaving_affect_vocal_resonance\"><\/span>G\u00f6z \u00e7ukuru kenar\u0131n\u0131n t\u0131ra\u015flanmas\u0131 ses rezonans\u0131n\u0131 nas\u0131l etkiler?<span class=\"ez-toc-section-end\"><\/span><\/h3>\n<div class=\"rank-math-answer\">\n\n<p>G\u00f6z \u00fcst\u00fc kemi\u011finin t\u00f6rp\u00fclenmesi, al\u0131n kemi\u011finin yo\u011funlu\u011funu ve \u015feklini de\u011fi\u015ftirerek ses dalgalar\u0131n\u0131n kafatas\u0131 i\u00e7inden yay\u0131lma bi\u00e7imini de\u011fi\u015ftirir. Bu durum, kranial bo\u015flu\u011fun akustik \u00f6zelliklerinin daha y\u00fcksek frekans iletimini destekleyecek \u015fekilde de\u011fi\u015ftirilmesiyle daha hafif veya daha net bir ses alg\u0131s\u0131na yol a\u00e7abilir.<\/p>\n\n<\/div>\n<\/div>\n<div id=\"faq2\" class=\"rank-math-list-item\">\n<h3 class=\"rank-math-question\"><span class=\"ez-toc-section\" id=\"Is_the_change_in_voice_permanent_after_Type_3_cranioplasty\"><\/span>Tip 3 kranioplasti sonras\u0131 ses de\u011fi\u015fikli\u011fi kal\u0131c\u0131 m\u0131d\u0131r?<span class=\"ez-toc-section-end\"><\/span><\/h3>\n<div class=\"rank-math-answer\">\n\n<p>Kemik k\u00fc\u00e7\u00fcltme i\u015fleminden kaynaklanan anatomik de\u011fi\u015fiklikler kal\u0131c\u0131d\u0131r; yani kafatas\u0131n\u0131n akustik ortam\u0131 kal\u0131c\u0131 olarak de\u011fi\u015fir. Beynin yeni rezonansa uyum sa\u011flamas\u0131 zaman alabilirken, ses t\u0131n\u0131s\u0131ndaki de\u011fi\u015fimin fiziksel temeli ameliyat\u0131n kal\u0131c\u0131 bir etkisi olarak kal\u0131r.<\/p>\n\n<\/div>\n<\/div>\n<div id=\"faq3\" class=\"rank-math-list-item\">\n<h3 class=\"rank-math-question\"><span class=\"ez-toc-section\" id=\"Do_I_still_need_voice_therapy_if_my_forehead_change_alters_my_voice\"><\/span>Al\u0131n b\u00f6lgemdeki de\u011fi\u015fiklik sesimi etkilerse yine de ses terapisi almam gerekir mi?<span class=\"ez-toc-section-end\"><\/span><\/h3>\n<div class=\"rank-math-answer\">\n\n<p>Evet, ses terapisi h\u00e2l\u00e2 \u00e7ok \u00f6nemli. Ameliyat pasif bir akustik de\u011fi\u015fim sa\u011flarken, terapi perde, rezonans ve artik\u00fclasyon \u00fczerinde aktif kontrol \u00f6\u011fretir. Cerrahi de\u011fi\u015fiklikleri profesyonel rehberlikle birle\u015ftirmek, en otantik ve s\u00fcrd\u00fcr\u00fclebilir kad\u0131n sesini ortaya \u00e7\u0131kar\u0131r.<\/p>\n\n<\/div>\n<\/div>\n<div id=\"faq4\" class=\"rank-math-list-item\">\n<h3 class=\"rank-math-question\"><span class=\"ez-toc-section\" id=\"What_is_the_connection_between_bone_density_and_sound_propagation\"><\/span>Kemik yo\u011funlu\u011fu ile ses yay\u0131l\u0131m\u0131 aras\u0131nda nas\u0131l bir ba\u011flant\u0131 vard\u0131r?<span class=\"ez-toc-section-end\"><\/span><\/h3>\n<div class=\"rank-math-answer\">\n\n<p>Kemik, sesi son derece etkili bir \u015fekilde iletir. Yo\u011fun kemikler, \u00f6rne\u011fin indirgenmemi\u015f supraorbital kenar, daha fazla ses dalgas\u0131n\u0131 yans\u0131t\u0131r ve emer, bu da daha a\u011f\u0131r bir t\u0131n\u0131 yarat\u0131r. Bu kemik k\u00fctlesinin azalt\u0131lmas\u0131, ses dalgalar\u0131n\u0131n daha serbest\u00e7e hareket etmesini sa\u011flar ve bu da ses parlakl\u0131\u011f\u0131nda alg\u0131lanan bir art\u0131\u015fa yol a\u00e7ar.<\/p>\n\n<\/div>\n<\/div>\n<div id=\"faq5\" class=\"rank-math-list-item\">\n<h3 class=\"rank-math-question\"><span class=\"ez-toc-section\" id=\"Can_phoniatricians_measure_the_acoustic_changes_post-FFS\"><\/span>Foniyatristler FFS sonras\u0131 akustik de\u011fi\u015fiklikleri \u00f6l\u00e7ebilir mi?<span class=\"ez-toc-section-end\"><\/span><\/h3>\n<div class=\"rank-math-answer\">\n\n<p>Foniyatristler, ses t\u0131n\u0131s\u0131n\u0131 ve rezonans frekanslar\u0131n\u0131 analiz etmek i\u00e7in \u00f6zel ekipmanlar kullan\u0131rlar. Spektrografi ve akustik analiz yoluyla, hastalar\u0131n al\u0131n feminizasyonundan sonra bildirdikleri ses kalitesindeki ince de\u011fi\u015fimleri tespit edebilir ve kemik yap\u0131s\u0131 ile ses aras\u0131ndaki ba\u011flant\u0131y\u0131 do\u011frulayabilirler.<\/p>\n\n<\/div>\n<\/div>\n<div id=\"faq6\" class=\"rank-math-list-item\">\n<h3 class=\"rank-math-question\"><span class=\"ez-toc-section\" id=\"Why_do_some_MTF_patients_report_a_lighter_voice_after_FFS\"><\/span>Baz\u0131 trans kad\u0131nlar y\u00fcz feminizasyon ameliyat\u0131ndan sonra neden seslerinin daha a\u00e7\u0131k renkli oldu\u011funu bildiriyor?<span class=\"ez-toc-section-end\"><\/span><\/h3>\n<div class=\"rank-math-answer\">\n\n<p>Hastalar genellikle seslerinin daha hafif oldu\u011funu bildirirler \u00e7\u00fcnk\u00fc supraorbital kenar\u0131n k\u00fc\u00e7\u00fclmesi kafatas\u0131n\u0131n rezonans odas\u0131n\u0131 de\u011fi\u015ftirir. Y\u00fcksek frekanslar\u0131 emen kemik yo\u011funlu\u011funun azalmas\u0131yla ses, daha parlak ve net bir nitelik kazan\u0131r ve kad\u0131n ses profilleriyle daha yak\u0131ndan \u00f6rt\u00fc\u015f\u00fcr.<\/p>\n\n<\/div>\n<\/div>\n<\/div>\n<\/div>","protected":false},"excerpt":{"rendered":"<p>The human voice is not merely a product of the larynx; it is a symphony of bony structures and air chambers. While most MTF patients focus on pitch and timbre through vocal training, a silent factor often goes unnoticed: the skull itself. Recent clinical observations suggest that supraorbital rim shaving, a cornerstone of Type 3 [&hellip;]<\/p>\n","protected":false},"author":2,"featured_media":28956,"comment_status":"closed","ping_status":"closed","sticky":false,"template":"","format":"standard","meta":{"_acf_changed":false,"footnotes":""},"categories":[169],"tags":[],"class_list":["post-28904","post","type-post","status-publish","format-standard","has-post-thumbnail","hentry","category-facial-feminization"],"acf":[],"_links":{"self":[{"href":"https:\/\/www.dr-mfo.com\/tr\/wp-json\/wp\/v2\/posts\/28904","targetHints":{"allow":["GET"]}}],"collection":[{"href":"https:\/\/www.dr-mfo.com\/tr\/wp-json\/wp\/v2\/posts"}],"about":[{"href":"https:\/\/www.dr-mfo.com\/tr\/wp-json\/wp\/v2\/types\/post"}],"author":[{"embeddable":true,"href":"https:\/\/www.dr-mfo.com\/tr\/wp-json\/wp\/v2\/users\/2"}],"replies":[{"embeddable":true,"href":"https:\/\/www.dr-mfo.com\/tr\/wp-json\/wp\/v2\/comments?post=28904"}],"version-history":[{"count":2,"href":"https:\/\/www.dr-mfo.com\/tr\/wp-json\/wp\/v2\/posts\/28904\/revisions"}],"predecessor-version":[{"id":28963,"href":"https:\/\/www.dr-mfo.com\/tr\/wp-json\/wp\/v2\/posts\/28904\/revisions\/28963"}],"wp:featuredmedia":[{"embeddable":true,"href":"https:\/\/www.dr-mfo.com\/tr\/wp-json\/wp\/v2\/media\/28956"}],"wp:attachment":[{"href":"https:\/\/www.dr-mfo.com\/tr\/wp-json\/wp\/v2\/media?parent=28904"}],"wp:term":[{"taxonomy":"category","embeddable":true,"href":"https:\/\/www.dr-mfo.com\/tr\/wp-json\/wp\/v2\/categories?post=28904"},{"taxonomy":"post_tag","embeddable":true,"href":"https:\/\/www.dr-mfo.com\/tr\/wp-json\/wp\/v2\/tags?post=28904"}],"curies":[{"name":"wp","href":"https:\/\/api.w.org\/{rel}","templated":true}]}}