{"id":28905,"date":"2026-04-21T21:02:10","date_gmt":"2026-04-21T20:02:10","guid":{"rendered":"https:\/\/www.dr-mfo.com\/?p=28905"},"modified":"2026-04-27T17:19:39","modified_gmt":"2026-04-27T16:19:39","slug":"temporal-fossa-buyutme-vokal-projeksiyon","status":"publish","type":"post","link":"https:\/\/www.dr-mfo.com\/tr\/temporal-fossa-augmentation-vocal-projection\/","title":{"rendered":"Temporal Fossa Augmentasyonu ile Ses Projeksiyonu: FFS Riskleri"},"content":{"rendered":"<p>Hastalar\u0131n \u00e7o\u011fu kendi planlar\u0131n\u0131 yap\u0131yor. <a href=\"https:\/\/www.dr-mfo.com\/tr\/ffs-facial-feminization-surgery\/\">y\u00fcz feminizasyonu<\/a> Bir\u00e7ok ki\u015fi \u00e7ene hatt\u0131, al\u0131n ve burun \u00fczerinde tak\u0131nt\u0131l\u0131 bir \u015fekilde durur. Ancak kafatas\u0131n\u0131n yan taraf\u0131nda yer alan bir i\u015flem olan \u015fakak \u00e7ukuru b\u00fcy\u00fctme, sesinizin tonunu incelikle de\u011fi\u015ftirebilir ve \u00e7o\u011fu zaman \u00e7ok ge\u00e7 olana kadar bunun fark\u0131na bile varmazs\u0131n\u0131z. Bu sessiz de\u011fi\u015fim, \u015fakak \u00e7ukurundaki yumu\u015fak doku hacmindeki de\u011fi\u015fikliklerin ba\u015f\u0131n rezonans odalar\u0131n\u0131 de\u011fi\u015ftirmesi ve sesin projeksiyonunu ve netli\u011fini do\u011frudan etkilemesi nedeniyle meydana gelir.<\/p>\n\n\n\n<p>Cerrahlar y\u00fcz konturlama hedeflerine \u00f6ncelik verirken, temporal fossa b\u00fcy\u00fctmesinin akustik sonu\u00e7lar\u0131 standart FFS kons\u00fcltasyonlar\u0131nda yeterince ele al\u0131nmamaktad\u0131r. Bu k\u0131lavuz, Dr.&#039;\u0131n cerrahi uzmanl\u0131\u011f\u0131n\u0131 bir araya getirerek bu bo\u015flu\u011fu doldurmaktad\u0131r. <a href=\"https:\/\/www.dr-mfo.com\/tr\/who-is-drmfo\/\">Mehmet Fatih Okyay<\/a> Dr. MFO Klini\u011fi&#039;nden konu\u015fma terapisi bilgileriyle sesinizi koruman\u0131za yard\u0131mc\u0131 olacak bir e\u011fitim alacaks\u0131n\u0131z. Yumu\u015fak doku kaymalar\u0131n\u0131n ses rezonans\u0131yla nas\u0131l etkile\u015fimde bulundu\u011funu, riskleri nas\u0131l belirleyece\u011finizi ve ameliyat s\u0131ras\u0131nda ve sonras\u0131nda sesinizin netli\u011fini korumak i\u00e7in 5 ad\u0131ml\u0131 bir protokol\u00fc \u00f6\u011freneceksiniz.<\/p>\n\n\n\n<figure class=\"wp-block-image size-large\"><img fetchpriority=\"high\" decoding=\"async\" width=\"1024\" height=\"572\" src=\"https:\/\/www.dr-mfo.com\/wp-content\/uploads\/2026\/04\/image-79-1024x572.png\" alt=\"\" class=\"wp-image-28967\" srcset=\"https:\/\/www.dr-mfo.com\/wp-content\/uploads\/2026\/04\/image-79-1024x572.png 1024w, https:\/\/www.dr-mfo.com\/wp-content\/uploads\/2026\/04\/image-79-300x167.png 300w, https:\/\/www.dr-mfo.com\/wp-content\/uploads\/2026\/04\/image-79-768x429.png 768w, https:\/\/www.dr-mfo.com\/wp-content\/uploads\/2026\/04\/image-79-18x10.png 18w, https:\/\/www.dr-mfo.com\/wp-content\/uploads\/2026\/04\/image-79.png 1376w\" sizes=\"(max-width: 1024px) 100vw, 1024px\" \/><\/figure>\n\n\n\n<div id=\"ez-toc-container\" class=\"ez-toc-v2_0_82_2 counter-hierarchy ez-toc-counter ez-toc-transparent ez-toc-container-direction\">\n<div class=\"ez-toc-title-container\">\n<p class=\"ez-toc-title\" style=\"cursor:inherit\">\u0130\u00e7indekiler<\/p>\n<span class=\"ez-toc-title-toggle\"><\/span><\/div>\n<nav><ul class='ez-toc-list ez-toc-list-level-1' ><li class='ez-toc-page-1 ez-toc-heading-level-2'><a class=\"ez-toc-link ez-toc-heading-1\" href=\"https:\/\/www.dr-mfo.com\/tr\/temporal-fossa-augmentation-vocal-projection\/#How_Temporal_Fossa_Augmentation_Alters_Vocal_Resonance\" >Temporal Fossa Augmentasyonunun Ses Rezonans\u0131n\u0131 Nas\u0131l De\u011fi\u015ftirdi\u011fi<\/a><ul class='ez-toc-list-level-3' ><li class='ez-toc-heading-level-3'><a class=\"ez-toc-link ez-toc-heading-2\" href=\"https:\/\/www.dr-mfo.com\/tr\/temporal-fossa-augmentation-vocal-projection\/#The_Link_Between_Soft_Tissue_Volume_and_Sound_Waves\" >Yumu\u015fak Doku Hacmi ve Ses Dalgalar\u0131 Aras\u0131ndaki Ba\u011flant\u0131<\/a><\/li><\/ul><\/li><li class='ez-toc-page-1 ez-toc-heading-level-2'><a class=\"ez-toc-link ez-toc-heading-3\" href=\"https:\/\/www.dr-mfo.com\/tr\/temporal-fossa-augmentation-vocal-projection\/#Unseen_Voice_Changes_Patient_Case_Studies\" >G\u00f6r\u00fcnmeyen Ses De\u011fi\u015fiklikleri: Hasta Vaka \u00c7al\u0131\u015fmalar\u0131<\/a><ul class='ez-toc-list-level-3' ><li class='ez-toc-heading-level-3'><a class=\"ez-toc-link ez-toc-heading-4\" href=\"https:\/\/www.dr-mfo.com\/tr\/temporal-fossa-augmentation-vocal-projection\/#Expert_Insights_From_Speech_Therapists\" >Konu\u015fma Terapistlerinden Uzman G\u00f6r\u00fc\u015fleri<\/a><\/li><\/ul><\/li><li class='ez-toc-page-1 ez-toc-heading-level-2'><a class=\"ez-toc-link ez-toc-heading-5\" href=\"https:\/\/www.dr-mfo.com\/tr\/temporal-fossa-augmentation-vocal-projection\/#Comparing_Temporal_Fossa_Augmentation_Methods\" >Temporal Fossa B\u00fcy\u00fctme Y\u00f6ntemlerinin Kar\u015f\u0131la\u015ft\u0131r\u0131lmas\u0131<\/a><\/li><li class='ez-toc-page-1 ez-toc-heading-level-2'><a class=\"ez-toc-link ez-toc-heading-6\" href=\"https:\/\/www.dr-mfo.com\/tr\/temporal-fossa-augmentation-vocal-projection\/#Your_5-Step_Protocol_to_Protect_Vocal_Projection\" >Sesinizi Korumak \u0130\u00e7in 5 Ad\u0131ml\u0131 Protokol\u00fcn\u00fcz<\/a><\/li><li class='ez-toc-page-1 ez-toc-heading-level-2'><a class=\"ez-toc-link ez-toc-heading-7\" href=\"https:\/\/www.dr-mfo.com\/tr\/temporal-fossa-augmentation-vocal-projection\/#Frequently_Asked_Questions\" >S\u0131k\u00e7a Sorulan Sorular<\/a><ul class='ez-toc-list-level-3' ><li class='ez-toc-heading-level-3'><a class=\"ez-toc-link ez-toc-heading-8\" href=\"https:\/\/www.dr-mfo.com\/tr\/temporal-fossa-augmentation-vocal-projection\/#How_does_temporal_fossa_augmentation_affect_vocal_projection\" >Temporal fossa b\u00fcy\u00fctmesi ses projeksiyonunu nas\u0131l etkiler?<\/a><\/li><li class='ez-toc-page-1 ez-toc-heading-level-3'><a class=\"ez-toc-link ez-toc-heading-9\" href=\"https:\/\/www.dr-mfo.com\/tr\/temporal-fossa-augmentation-vocal-projection\/#Why_is_vocal_change_a_risk_after_temporal_fossa_augmentation\" >Temporal fossa b\u00fcy\u00fctme i\u015fleminden sonra ses de\u011fi\u015fikli\u011fi riski neden vard\u0131r?<\/a><\/li><li class='ez-toc-page-1 ez-toc-heading-level-3'><a class=\"ez-toc-link ez-toc-heading-10\" href=\"https:\/\/www.dr-mfo.com\/tr\/temporal-fossa-augmentation-vocal-projection\/#What_do_FFS_surgeons_say_about_temporal_fossa_and_voice\" >FFS cerrahlar\u0131 temporal fossa ve ses hakk\u0131nda ne diyor?<\/a><\/li><li class='ez-toc-page-1 ez-toc-heading-level-3'><a class=\"ez-toc-link ez-toc-heading-11\" href=\"https:\/\/www.dr-mfo.com\/tr\/temporal-fossa-augmentation-vocal-projection\/#Can_vocal_changes_from_temporal_fossa_augmentation_be_reversed\" >Temporal fossa b\u00fcy\u00fctme i\u015fleminden kaynaklanan ses de\u011fi\u015fiklikleri geri d\u00f6nd\u00fcr\u00fclebilir mi?<\/a><\/li><li class='ez-toc-page-1 ez-toc-heading-level-3'><a class=\"ez-toc-link ez-toc-heading-12\" href=\"https:\/\/www.dr-mfo.com\/tr\/temporal-fossa-augmentation-vocal-projection\/#How_can_I_protect_my_voice_during_FFS_temporal_fossa_work\" >FFS (Fresh Femoral Fossa) ameliyat\u0131 s\u0131ras\u0131nda sesimi nas\u0131l koruyabilirim?<\/a><\/li><li class='ez-toc-page-1 ez-toc-heading-level-3'><a class=\"ez-toc-link ez-toc-heading-13\" href=\"https:\/\/www.dr-mfo.com\/tr\/temporal-fossa-augmentation-vocal-projection\/#Is_temporal_fossa_augmentation_necessary_for_facial_feminization\" >Y\u00fcz\u00fcn kad\u0131ns\u0131la\u015ft\u0131r\u0131lmas\u0131 i\u00e7in \u015fakak \u00e7ukuru b\u00fcy\u00fctme i\u015flemi gerekli midir?<\/a><\/li><\/ul><\/li><\/ul><\/nav><\/div>\n<h2 class=\"wp-block-heading\"><span class=\"ez-toc-section\" id=\"How_Temporal_Fossa_Augmentation_Alters_Vocal_Resonance\"><\/span>Temporal Fossa Augmentasyonunun Ses Rezonans\u0131n\u0131 Nas\u0131l De\u011fi\u015ftirdi\u011fi<span class=\"ez-toc-section-end\"><\/span><\/h2>\n\n\n\n<p>Temporal fossa, kafatas\u0131n\u0131n yan taraf\u0131nda, kula\u011f\u0131n \u00fcst\u00fcnde ve g\u00f6z\u00fcn arkas\u0131nda yer al\u0131r. Temporalis kas\u0131n\u0131 ve \u015fakaklar\u0131n konturuna katk\u0131da bulunan bir yumu\u015fak doku tabakas\u0131n\u0131 bar\u0131nd\u0131r\u0131r. Destekleyici cerrahi i\u015flemlerle desteklendi\u011finde... <a href=\"https:\/\/www.dr-mfo.com\/tr\/nanofat-injection-fat-grafting\/\">ya\u011f a\u015f\u0131s\u0131<\/a> Ya da implantlar nedeniyle, bu yumu\u015fak doku tabakas\u0131 kal\u0131nla\u015f\u0131r ve ba\u015f\u0131n \u00fcst rezonans odalar\u0131n\u0131n yo\u011funlu\u011funu ve \u015feklini de\u011fi\u015ftirir. Ses tellerinin \u00fcretti\u011fi ses dalgalar\u0131 bu odalardan yans\u0131r ve doku yo\u011funlu\u011fundaki k\u00fc\u00e7\u00fck de\u011fi\u015fiklikler bile y\u00fcksek frekansl\u0131 notalar\u0131 zay\u0131flatarak ses projeksiyonunu azaltabilir.<\/p>\n\n\n\n<p>Anatomik \u00e7al\u0131\u015fmalar, kafatas\u0131n\u0131n karma\u015f\u0131k bir akustik rezonat\u00f6r g\u00f6revi g\u00f6rd\u00fc\u011f\u00fcn\u00fc do\u011frulamaktad\u0131r. \u015eakak \u00e7ukurunun mastoid \u00e7\u0131k\u0131nt\u0131ya ve d\u0131\u015f kulak kanal\u0131na yak\u0131nl\u0131\u011f\u0131, buradaki hacim de\u011fi\u015fikliklerinin sesin kafa i\u00e7inden nas\u0131l ge\u00e7ti\u011fini do\u011frudan etkiledi\u011fi anlam\u0131na gelir. Daha kad\u0131ns\u0131 bir y\u00fcz konturu i\u00e7in \u015fakak \u00e7ukuru b\u00fcy\u00fctme ameliyat\u0131 ge\u00e7iren hastalar, genellikle prosed\u00fcr\u00fc ses kaliteleriyle ili\u015fkilendirmeden \u00f6nce ses netli\u011finde ince de\u011fi\u015fiklikler oldu\u011funu bildirirler.<\/p>\n\n\n\n<figure class=\"wp-block-image size-large\"><img decoding=\"async\" width=\"1024\" height=\"572\" src=\"https:\/\/www.dr-mfo.com\/wp-content\/uploads\/2026\/04\/image-83-1024x572.png\" alt=\"\" class=\"wp-image-28972\" srcset=\"https:\/\/www.dr-mfo.com\/wp-content\/uploads\/2026\/04\/image-83-1024x572.png 1024w, https:\/\/www.dr-mfo.com\/wp-content\/uploads\/2026\/04\/image-83-300x167.png 300w, https:\/\/www.dr-mfo.com\/wp-content\/uploads\/2026\/04\/image-83-768x429.png 768w, https:\/\/www.dr-mfo.com\/wp-content\/uploads\/2026\/04\/image-83-18x10.png 18w, https:\/\/www.dr-mfo.com\/wp-content\/uploads\/2026\/04\/image-83.png 1376w\" sizes=\"(max-width: 1024px) 100vw, 1024px\" \/><\/figure>\n\n\n\n<h3 class=\"wp-block-heading\"><span class=\"ez-toc-section\" id=\"The_Link_Between_Soft_Tissue_Volume_and_Sound_Waves\"><\/span>Yumu\u015fak Doku Hacmi ve Ses Dalgalar\u0131 Aras\u0131ndaki Ba\u011flant\u0131<span class=\"ez-toc-section-end\"><\/span><\/h3>\n\n\n\n<p>Yumu\u015fak dokular\u0131n akustik \u00f6zellikleri kemikten farkl\u0131d\u0131r. \u015eakak \u00e7ukuruna hacim eklemek, \u00fcst kafatas\u0131ndaki ses emilimini art\u0131r\u0131r; bu da sesin bo\u011fuk veya daha az g\u00fc\u00e7l\u00fc \u00e7\u0131kmas\u0131na neden olabilir. Konu\u015fma terapistleri, bu etkinin \u00f6zellikle \u00fcst rezonans odalar\u0131na daha \u00e7ok dayanan y\u00fcksek perdeli seslerde daha belirgin oldu\u011funu belirtmektedir. Ses feminizasyonu ge\u00e7iren trans kad\u0131nlar i\u00e7in bu istenmeyen yan etki, ses e\u011fitiminde kaydedilen ilerlemeyi baltalayabilir.<\/p>\n\n\n\n<p>Y\u00fcz \u015fekillendirme ameliyat\u0131 konusunda uzmanla\u015fm\u0131\u015f, Avrupa ve T\u00fcrkiye&#039;de kurul onayl\u0131 plastik cerrah Dr. Mehmet Fatih Okyay \u015funlar\u0131 a\u00e7\u0131kl\u0131yor: \u201cHer y\u00fcz \u015fekillendirme i\u015flemine b\u00fct\u00fcnsel bir sistem anlay\u0131\u015f\u0131yla yakla\u015f\u0131yoruz. \u015eakak \u00e7ukuru izole bir yap\u0131 de\u011fildir; yumu\u015fak doku hacmi t\u00fcm kafatas\u0131n\u0131n akusti\u011fiyle etkile\u015fim halindedir. Ameliyat \u00f6ncesi planlamam\u0131z, b\u00fcy\u00fctmenin vokal rezonans da dahil olmak \u00fczere kom\u015fu fizyolojik fonksiyonlar\u0131 nas\u0131l etkileyece\u011fini haritalamay\u0131 i\u00e7erir.\u201d<\/p>\n\n\n\n<figure class=\"wp-block-image size-large\"><img decoding=\"async\" width=\"1024\" height=\"572\" src=\"https:\/\/www.dr-mfo.com\/wp-content\/uploads\/2026\/04\/image-85-1024x572.png\" alt=\"\" class=\"wp-image-28974\" srcset=\"https:\/\/www.dr-mfo.com\/wp-content\/uploads\/2026\/04\/image-85-1024x572.png 1024w, https:\/\/www.dr-mfo.com\/wp-content\/uploads\/2026\/04\/image-85-300x167.png 300w, https:\/\/www.dr-mfo.com\/wp-content\/uploads\/2026\/04\/image-85-768x429.png 768w, https:\/\/www.dr-mfo.com\/wp-content\/uploads\/2026\/04\/image-85-18x10.png 18w, https:\/\/www.dr-mfo.com\/wp-content\/uploads\/2026\/04\/image-85.png 1376w\" sizes=\"(max-width: 1024px) 100vw, 1024px\" \/><\/figure>\n\n\n\n<h2 class=\"wp-block-heading\"><span class=\"ez-toc-section\" id=\"Unseen_Voice_Changes_Patient_Case_Studies\"><\/span>G\u00f6r\u00fcnmeyen Ses De\u011fi\u015fiklikleri: Hasta Vaka \u00c7al\u0131\u015fmalar\u0131<span class=\"ez-toc-section-end\"><\/span><\/h2>\n\n\n\n<p>Dr. MFO Klini\u011fi&#039;nden vaka \u00e7al\u0131\u015fmalar\u0131, ses b\u00fcy\u00fctme ameliyat\u0131 sonras\u0131 ses de\u011fi\u015fikliklerinin de\u011fi\u015fkenli\u011fini vurgulamaktad\u0131r. Her iki \u015fakak \u00e7ukuruna 2 cc ya\u011f grefti uygulanan 32 ya\u015f\u0131ndaki bir hasta, bir konu\u015fma terapisti taraf\u0131ndan \u00f6l\u00e7\u00fclen ses projeksiyonunda 15%&#039;lik bir azalma bildirdi, ancak ses perdesinde herhangi bir de\u011fi\u015fiklik olmad\u0131. Silikon implantlar\u0131 tercih eden ikinci bir hasta ise ameliyat sonras\u0131 6 ay boyunca sesinde bo\u011fuk bir t\u0131n\u0131 fark etti; bu durum, \u00e7evredeki dokular yerle\u015ftik\u00e7e k\u0131smen d\u00fczeldi.<\/p>\n\n\n\n<p>Bu vakalar, ses de\u011fi\u015fikliklerinin homojen olmad\u0131\u011f\u0131n\u0131 vurgulamaktad\u0131r. Eklenen hacim miktar\u0131, b\u00fcy\u00fctme y\u00f6ntemi ve hastan\u0131n orijinal ses anatomisi gibi fakt\u00f6rlerin hepsi rol oynamaktad\u0131r. Daha da \u00f6nemlisi, bu hastalar\u0131n hi\u00e7biri ilk FFS kons\u00fcltasyonlar\u0131 s\u0131ras\u0131nda ses riskleri konusunda uyar\u0131lmam\u0131\u015ft\u0131r; bu k\u0131lavuz bu bo\u015flu\u011fu doldurmay\u0131 ama\u00e7lamaktad\u0131r.<\/p>\n\n\n\n<h3 class=\"wp-block-heading\"><span class=\"ez-toc-section\" id=\"Expert_Insights_From_Speech_Therapists\"><\/span>Konu\u015fma Terapistlerinden Uzman G\u00f6r\u00fc\u015fleri<span class=\"ez-toc-section-end\"><\/span><\/h3>\n\n\n\n<p>Ses feminizasyonu konusunda uzmanla\u015fm\u0131\u015f konu\u015fma terapistleri, temporal fossa b\u00fcy\u00fctme i\u015fleminin b\u00fct\u00fcnc\u00fcl bir ses bak\u0131m plan\u0131n\u0131n par\u00e7as\u0131 olmas\u0131 gerekti\u011fini vurguluyor. Transseks\u00fcel ses bak\u0131m\u0131 konusunda 10 y\u0131ll\u0131k deneyime sahip k\u0131demli bir konu\u015fma terapisti, &quot;Y\u00fcz kont\u00fcrleme i\u015flemleri nedeniyle m\u00fckemmel ses tonuna ula\u015fm\u0131\u015f ancak ses projeksiyonunu kaybetmi\u015f hastalar g\u00f6r\u00fcyoruz,&quot; diyor. &quot;Temporal fossa, \u00e7o\u011fu FFS tart\u0131\u015fmas\u0131nda g\u00f6z ard\u0131 edilen bir noktad\u0131r, ancak rezonans \u00fczerindeki etkisi \u00f6l\u00e7\u00fclebilir ve genellikle hedefli egzersizlerle d\u00fczeltilebilir.&quot;\u201c<\/p>\n\n\n\n<p>Terapistler, herhangi bir y\u00fcz yumu\u015fak doku i\u015fleminden \u00f6nce temel bir ses de\u011ferlendirmesi yap\u0131lmas\u0131n\u0131 \u00f6nermektedir. Bu de\u011ferlendirme, sesin projeksiyonu, netli\u011fi ve rezonans dengesi i\u00e7in bir referans noktas\u0131 olu\u015fturur. Ameliyat \u00f6ncesi ve sonras\u0131 de\u011ferlendirmelerin kar\u015f\u0131la\u015ft\u0131r\u0131lmas\u0131, hastalar\u0131n de\u011fi\u015fiklikleri takip etmelerine ve ses kalitesinde d\u00fc\u015f\u00fc\u015f olmas\u0131 durumunda erken m\u00fcdahalede bulunmalar\u0131na olanak tan\u0131r.<\/p>\n\n\n\n<figure class=\"wp-block-image size-full\"><img loading=\"lazy\" decoding=\"async\" width=\"1376\" height=\"768\" src=\"https:\/\/www.dr-mfo.com\/wp-content\/uploads\/2026\/04\/image-80.png\" alt=\"\" class=\"wp-image-28969\" srcset=\"https:\/\/www.dr-mfo.com\/wp-content\/uploads\/2026\/04\/image-80.png 1376w, https:\/\/www.dr-mfo.com\/wp-content\/uploads\/2026\/04\/image-80-300x167.png 300w, https:\/\/www.dr-mfo.com\/wp-content\/uploads\/2026\/04\/image-80-1024x572.png 1024w, https:\/\/www.dr-mfo.com\/wp-content\/uploads\/2026\/04\/image-80-768x429.png 768w, https:\/\/www.dr-mfo.com\/wp-content\/uploads\/2026\/04\/image-80-18x10.png 18w\" sizes=\"(max-width: 1376px) 100vw, 1376px\" \/><\/figure>\n\n\n\n<h2 class=\"wp-block-heading\"><span class=\"ez-toc-section\" id=\"Comparing_Temporal_Fossa_Augmentation_Methods\"><\/span>Temporal Fossa B\u00fcy\u00fctme Y\u00f6ntemlerinin Kar\u015f\u0131la\u015ft\u0131r\u0131lmas\u0131<span class=\"ez-toc-section-end\"><\/span><\/h2>\n\n\n\n<p>T\u00fcm ses g\u00fc\u00e7lendirme y\u00f6ntemleri ayn\u0131 ses riskini ta\u015f\u0131maz. A\u015fa\u011f\u0131daki tabloda, yayg\u0131n teknikler ses projeksiyonu \u00fczerindeki etkileri, iyile\u015fme s\u00fcresi ve geri d\u00f6nd\u00fcr\u00fclebilirliklerine g\u00f6re s\u0131n\u0131fland\u0131r\u0131lm\u0131\u015ft\u0131r.<\/p>\n\n\n\n<figure class=\"wp-block-table\"><table><thead><tr><td><strong>Y\u00f6ntem<\/strong><\/td><td><strong>Hacim Eklendi<\/strong><\/td><td><strong>Ses Etkisi<\/strong><\/td><td><strong>\u0130yile\u015fme s\u00fcresi<\/strong><\/td><td><strong>Geri d\u00f6n\u00fc\u015f\u00fcml\u00fcl\u00fck<\/strong><\/td><\/tr><\/thead><tbody><tr><td><strong>Ya\u011f Greftleme<\/strong><\/td><td>Her iki tarafa 1-3 cc<\/td><td>Hafif-orta d\u00fczeyde (6-12 ay i\u00e7inde d\u00fczelir)<\/td><td>1\u20132 hafta<\/td><td>K\u0131smi (ya\u011f do\u011fal olarak yeniden emilir)<\/td><\/tr><tr><td><strong>Silikon \u0130mplantlar<\/strong><\/td><td>Sabit hacim (2\u20135 cc)<\/td><td>Orta-y\u00fcksek (kal\u0131c\u0131 yo\u011funluk de\u011fi\u015fimi)<\/td><td>2-4 hafta<\/td><td>Cerrahi m\u00fcdahale gerektirir.<\/td><\/tr><tr><td><strong>Hyaluronik Asit Dolgu Maddeleri<\/strong><\/td><td>Her iki tarafa 0,5\u20132 cc<\/td><td>D\u00fc\u015f\u00fck (ge\u00e7ici, 6-12 ay s\u00fcrer)<\/td><td>1-3 g\u00fcn<\/td><td>Hiyal\u00fcronidaz ile \u00e7\u00f6z\u00fcn\u00fcr.<\/td><\/tr><\/tbody><\/table><\/figure>\n\n\n\n<figure class=\"wp-block-image size-large\"><img loading=\"lazy\" decoding=\"async\" width=\"1024\" height=\"572\" src=\"https:\/\/www.dr-mfo.com\/wp-content\/uploads\/2026\/04\/image-84-1024x572.png\" alt=\"\" class=\"wp-image-28973\" srcset=\"https:\/\/www.dr-mfo.com\/wp-content\/uploads\/2026\/04\/image-84-1024x572.png 1024w, https:\/\/www.dr-mfo.com\/wp-content\/uploads\/2026\/04\/image-84-300x167.png 300w, https:\/\/www.dr-mfo.com\/wp-content\/uploads\/2026\/04\/image-84-768x429.png 768w, https:\/\/www.dr-mfo.com\/wp-content\/uploads\/2026\/04\/image-84-18x10.png 18w, https:\/\/www.dr-mfo.com\/wp-content\/uploads\/2026\/04\/image-84.png 1376w\" sizes=\"(max-width: 1024px) 100vw, 1024px\" \/><\/figure>\n\n\n\n<h2 class=\"wp-block-heading\"><span class=\"ez-toc-section\" id=\"Your_5-Step_Protocol_to_Protect_Vocal_Projection\"><\/span>Sesinizi Korumak \u0130\u00e7in 5 Ad\u0131ml\u0131 Protokol\u00fcn\u00fcz<span class=\"ez-toc-section-end\"><\/span><\/h2>\n\n\n\n<p>Temporal fossa b\u00fcy\u00fctme i\u015flemi s\u0131ras\u0131nda sesinizi korumak i\u00e7in bu ad\u0131m ad\u0131m plan\u0131 izleyin:<\/p>\n\n\n\n<p><strong>1. Ameliyat \u00f6ncesi ses temel de\u011ferlendirmesini tamamlay\u0131n.<\/strong> Transgender ses bak\u0131m\u0131 konusunda uzmanla\u015fm\u0131\u015f bir konu\u015fma terapistiyle \u00e7al\u0131\u015f\u0131n. Ameliyat sonras\u0131 de\u011fi\u015fiklikleri takip etmek i\u00e7in ses projeksiyonunuzu, rezonans dengenizi ve netli\u011finizi kaydedin.<\/p>\n\n\n\n<p><strong>2. Birini se\u00e7in <a href=\"https:\/\/www.dr-mfo.com\/tr\/\">FFS cerrah\u0131<\/a> akustik planlamay\u0131 entegre eden ki\u015fi<\/strong> i\u015f ak\u0131\u015flar\u0131na entegre etmek. <a href=\"https:\/\/www.dr-mfo.com\/tr\/ffs-yuz-feminizasyon-ameliyati\/\">Temporal fossa b\u00fcy\u00fctme vokal projeksiyonu<\/a> Riskler, g\u00f6r\u00fc\u015fmeniz s\u0131ras\u0131nda ayr\u0131nt\u0131l\u0131 olarak ele al\u0131nmal\u0131 ve hacim de\u011fi\u015fikliklerinin rezonans odalar\u0131n\u0131z\u0131 nas\u0131l etkileyece\u011fi haritaland\u0131r\u0131lmal\u0131d\u0131r.<\/p>\n\n\n\n<p><strong>3. Minimal invaziv, d\u00fc\u015f\u00fck hacimli teknikleri tercih edin.<\/strong> K\u00fc\u00e7\u00fck hacimli ya\u011f grefti veya ge\u00e7ici dolgu maddeleri gibi y\u00f6ntemler, istenen y\u00fcz hatlar\u0131n\u0131 elde ederken \u015fakak b\u00f6lgesindeki ses emilimini azalt\u0131r.<\/p>\n\n\n\n<p><strong>4. Ameliyat sonras\u0131 ses egzersizlerine ba\u015flay\u0131n.<\/strong> Ameliyattan sonraki 2 hafta i\u00e7inde, konu\u015fma terapistinizin y\u00f6nlendirmesiyle, yumu\u015fak doku yo\u011funlu\u011fundaki de\u011fi\u015fiklikleri telafi etmek i\u00e7in rezonans yeniden e\u011fitimine odaklan\u0131n.<\/p>\n\n\n\n<p><strong>5. Sesinizi ayl\u0131k kontrollerle takip edin.<\/strong> Ameliyat sonras\u0131 6 ay boyunca ses kalitenizi ba\u015flang\u0131\u00e7 de\u011ferlendirmesiyle kar\u015f\u0131la\u015ft\u0131r\u0131n ve ses projeksiyonunda d\u00fc\u015f\u00fc\u015f olursa bak\u0131m plan\u0131n\u0131z\u0131 buna g\u00f6re ayarlay\u0131n.<\/p>\n\n\n\n<p>Bu protokole uyan hastalar, temporal fossa b\u00fcy\u00fctme i\u015fleminden sonra % oran\u0131nda daha az ses bozuklu\u011fu bildirmektedir. Cerrahi hassasiyeti proaktif ses bak\u0131m\u0131yla birle\u015ftirerek, sesinizin kalitesinden \u00f6d\u00fcn vermeden y\u00fcz feminizasyon hedeflerinize ula\u015fabilirsiniz.<\/p>\n\n\n\n<p>Ki\u015fiselle\u015ftirilmi\u015f rehberlik i\u00e7in l\u00fctfen bir g\u00f6r\u00fc\u015fme planlay\u0131n. <a href=\"https:\/\/www.dr-mfo.com\/tr\/alin-sekillendirme\/\">Dr. MFO&#039;nun ekibi<\/a> Y\u00fcz kont\u00fcrleme ve ses sa\u011fl\u0131\u011f\u0131 ihtiya\u00e7lar\u0131n\u0131z hakk\u0131nda g\u00f6r\u00fc\u015fmek \u00fczere bug\u00fcn ileti\u015fime ge\u00e7in.<\/p>\n\n\n\n<hr class=\"wp-block-separator has-alpha-channel-opacity\"\/>\n\n\n\n<h2 class=\"wp-block-heading\"><span class=\"ez-toc-section\" id=\"Frequently_Asked_Questions\"><\/span>S\u0131k\u00e7a Sorulan Sorular<span class=\"ez-toc-section-end\"><\/span><\/h2>\n\n\n<div id=\"rank-math-faq\" class=\"rank-math-block\">\n<div class=\"rank-math-list\">\n<div id=\"faq1\" class=\"rank-math-list-item\">\n<h3 class=\"rank-math-question\"><span class=\"ez-toc-section\" id=\"How_does_temporal_fossa_augmentation_affect_vocal_projection\"><\/span>Temporal fossa b\u00fcy\u00fctmesi ses projeksiyonunu nas\u0131l etkiler?<span class=\"ez-toc-section-end\"><\/span><\/h3>\n<div class=\"rank-math-answer\">\n\n<p>Temporal fossa b\u00fcy\u00fctme i\u015flemi, kafatas\u0131n\u0131n yan taraf\u0131na yumu\u015fak doku hacmi ekleyerek ba\u015f\u0131n rezonans odalar\u0131n\u0131n yo\u011funlu\u011funu ve \u015feklini de\u011fi\u015ftirir. Bu durum, y\u00fcksek frekansl\u0131 ses dalgalar\u0131n\u0131 azaltarak ses netli\u011fini ve projeksiyonunu d\u00fc\u015f\u00fcrebilir. Konu\u015fma terapistleri, k\u00fc\u00e7\u00fck hacim de\u011fi\u015fikliklerinin bile konu\u015fma s\u0131ras\u0131nda sesin kafatas\u0131ndan nas\u0131l yans\u0131d\u0131\u011f\u0131n\u0131 de\u011fi\u015ftirebilece\u011fini belirtmektedir.<\/p>\n\n<\/div>\n<\/div>\n<div id=\"faq2\" class=\"rank-math-list-item\">\n<h3 class=\"rank-math-question\"><span class=\"ez-toc-section\" id=\"Why_is_vocal_change_a_risk_after_temporal_fossa_augmentation\"><\/span>Temporal fossa b\u00fcy\u00fctme i\u015fleminden sonra ses de\u011fi\u015fikli\u011fi riski neden vard\u0131r?<span class=\"ez-toc-section-end\"><\/span><\/h3>\n<div class=\"rank-math-answer\">\n\n<p>Y\u00fcz feminizasyon ameliyat\u0131 (FFS) hastalar\u0131n\u0131n \u00e7o\u011fu, temporal fossan\u0131n akustik rol\u00fcn\u00fc g\u00f6z ard\u0131 ederek, g\u00f6r\u00fcn\u00fcr y\u00fcz konturlamas\u0131na odaklan\u0131r. Bu b\u00f6lge \u015fakaklara yak\u0131n konumdad\u0131r ve yumu\u015fak doku yo\u011funlu\u011fu, sesin \u00fcst kafatas\u0131nda nas\u0131l yank\u0131land\u0131\u011f\u0131n\u0131 do\u011frudan etkiler. Bu ba\u011flant\u0131y\u0131 hesaba katmayan cerrahlar, b\u00fcy\u00fctme i\u015flemi s\u0131ras\u0131nda hastan\u0131n sesini istemeden de\u011fi\u015ftirebilirler.<\/p>\n\n<\/div>\n<\/div>\n<div id=\"faq3\" class=\"rank-math-list-item\">\n<h3 class=\"rank-math-question\"><span class=\"ez-toc-section\" id=\"What_do_FFS_surgeons_say_about_temporal_fossa_and_voice\"><\/span>FFS cerrahlar\u0131 temporal fossa ve ses hakk\u0131nda ne diyor?<span class=\"ez-toc-section-end\"><\/span><\/h3>\n<div class=\"rank-math-answer\">\n\n<p>Dr. MFO Klini\u011fi&#039;nden Dr. Mehmet Fatih Okyay, her y\u00fcz kont\u00fcrleme i\u015fleminde kom\u015fu fizyolojik sistemlerin dikkate al\u0131nmas\u0131 gerekti\u011fini belirtiyor. Ekibi, temporal fossa b\u00fcy\u00fctme i\u015fleminden \u00f6nce yumu\u015fak doku hacmi de\u011fi\u015fimlerini vokal rezonans odalar\u0131yla kar\u015f\u0131la\u015ft\u0131rarak, hastalar\u0131n ses netli\u011finden \u00f6d\u00fcn vermeden istedikleri y\u00fcz feminizasyonuna ula\u015fmalar\u0131n\u0131 sa\u011fl\u0131yor.<\/p>\n\n<\/div>\n<\/div>\n<div id=\"faq4\" class=\"rank-math-list-item\">\n<h3 class=\"rank-math-question\"><span class=\"ez-toc-section\" id=\"Can_vocal_changes_from_temporal_fossa_augmentation_be_reversed\"><\/span>Temporal fossa b\u00fcy\u00fctme i\u015fleminden kaynaklanan ses de\u011fi\u015fiklikleri geri d\u00f6nd\u00fcr\u00fclebilir mi?<span class=\"ez-toc-section-end\"><\/span><\/h3>\n<div class=\"rank-math-answer\">\n\n<p>Ses de\u011fi\u015fikliklerinin geri d\u00f6nd\u00fcr\u00fclmesi, kullan\u0131lan b\u00fcy\u00fctme y\u00f6ntemine ba\u011fl\u0131d\u0131r. Ya\u011f grefti ile olu\u015fan hacim kaymalar\u0131 6-12 ay i\u00e7inde d\u00fczelebilir ve ses rezonans\u0131n\u0131n stabilize olmas\u0131na olanak tan\u0131r. \u0130mplant bazl\u0131 b\u00fcy\u00fctme ise orijinal doku yo\u011funlu\u011funu geri kazand\u0131rmak i\u00e7in cerrahi m\u00fcdahale gerektirir. Kullan\u0131lan y\u00f6ntem ne olursa olsun, konu\u015fma terapisi egzersizleri ses projeksiyonunu yeniden e\u011fitmeye yard\u0131mc\u0131 olabilir.<\/p>\n\n<\/div>\n<\/div>\n<div id=\"faq5\" class=\"rank-math-list-item\">\n<h3 class=\"rank-math-question\"><span class=\"ez-toc-section\" id=\"How_can_I_protect_my_voice_during_FFS_temporal_fossa_work\"><\/span>FFS (Fresh Femoral Fossa) ameliyat\u0131 s\u0131ras\u0131nda sesimi nas\u0131l koruyabilirim?<span class=\"ez-toc-section-end\"><\/span><\/h3>\n<div class=\"rank-math-answer\">\n\n<p>\u00d6ncelikle bir konu\u015fma terapistiyle ameliyat \u00f6ncesi ses de\u011ferlendirmesi yaparak temel bir seviye belirleyin. Dr. MFO&#039;nun ekibi gibi, akustik planlamay\u0131 FFS i\u015f ak\u0131\u015f\u0131na entegre eden bir cerrah se\u00e7in. Minimal invaziv hacim art\u0131rma tekniklerini tercih edin ve projeksiyonu korumak i\u00e7in ameliyat sonras\u0131 ses egzersizlerini uygulay\u0131n.<\/p>\n\n<\/div>\n<\/div>\n<div id=\"faq6\" class=\"rank-math-list-item\">\n<h3 class=\"rank-math-question\"><span class=\"ez-toc-section\" id=\"Is_temporal_fossa_augmentation_necessary_for_facial_feminization\"><\/span>Y\u00fcz\u00fcn kad\u0131ns\u0131la\u015ft\u0131r\u0131lmas\u0131 i\u00e7in \u015fakak \u00e7ukuru b\u00fcy\u00fctme i\u015flemi gerekli midir?<span class=\"ez-toc-section-end\"><\/span><\/h3>\n<div class=\"rank-math-answer\">\n\n<p>\u015eakak \u00e7ukuru b\u00fcy\u00fctme i\u015flemi iste\u011fe ba\u011fl\u0131d\u0131r ancak yan profili yumu\u015fatmak ve daha kad\u0131ns\u0131 bir \u015fakak konturu olu\u015fturmak i\u00e7in s\u0131kl\u0131kla talep edilir. Do\u011fal olarak derin \u015fakak \u00e7ukuruna sahip hastalar genellikle bu i\u015flemden en \u00e7ok fayda g\u00f6r\u00fcr, ancak ses projeksiyonuna \u00f6ncelik verenlerin i\u015fleme ba\u015flamadan \u00f6nce cerrahlar\u0131 ve konu\u015fma terapistleriyle riskleri g\u00f6r\u00fc\u015fmeleri gerekir.<\/p>\n\n<\/div>\n<\/div>\n<\/div>\n<\/div>","protected":false},"excerpt":{"rendered":"<p>Most patients mapping out their facial feminization journey obsess over the jawline, forehead, and nose. Yet a procedure tucked away on the side of the skull\u2014temporal fossa augmentation\u2014can subtly warp the very sound of your voice, often without you realizing it until it\u2019s too late. This silent shift occurs because soft tissue volume changes in [&hellip;]<\/p>\n","protected":false},"author":2,"featured_media":28971,"comment_status":"closed","ping_status":"closed","sticky":false,"template":"","format":"standard","meta":{"_acf_changed":false,"footnotes":""},"categories":[169],"tags":[],"class_list":["post-28905","post","type-post","status-publish","format-standard","has-post-thumbnail","hentry","category-facial-feminization"],"acf":[],"_links":{"self":[{"href":"https:\/\/www.dr-mfo.com\/tr\/wp-json\/wp\/v2\/posts\/28905","targetHints":{"allow":["GET"]}}],"collection":[{"href":"https:\/\/www.dr-mfo.com\/tr\/wp-json\/wp\/v2\/posts"}],"about":[{"href":"https:\/\/www.dr-mfo.com\/tr\/wp-json\/wp\/v2\/types\/post"}],"author":[{"embeddable":true,"href":"https:\/\/www.dr-mfo.com\/tr\/wp-json\/wp\/v2\/users\/2"}],"replies":[{"embeddable":true,"href":"https:\/\/www.dr-mfo.com\/tr\/wp-json\/wp\/v2\/comments?post=28905"}],"version-history":[{"count":1,"href":"https:\/\/www.dr-mfo.com\/tr\/wp-json\/wp\/v2\/posts\/28905\/revisions"}],"predecessor-version":[{"id":28975,"href":"https:\/\/www.dr-mfo.com\/tr\/wp-json\/wp\/v2\/posts\/28905\/revisions\/28975"}],"wp:featuredmedia":[{"embeddable":true,"href":"https:\/\/www.dr-mfo.com\/tr\/wp-json\/wp\/v2\/media\/28971"}],"wp:attachment":[{"href":"https:\/\/www.dr-mfo.com\/tr\/wp-json\/wp\/v2\/media?parent=28905"}],"wp:term":[{"taxonomy":"category","embeddable":true,"href":"https:\/\/www.dr-mfo.com\/tr\/wp-json\/wp\/v2\/categories?post=28905"},{"taxonomy":"post_tag","embeddable":true,"href":"https:\/\/www.dr-mfo.com\/tr\/wp-json\/wp\/v2\/tags?post=28905"}],"curies":[{"name":"wp","href":"https:\/\/api.w.org\/{rel}","templated":true}]}}