{"id":28906,"date":"2026-04-22T21:13:47","date_gmt":"2026-04-22T20:13:47","guid":{"rendered":"https:\/\/www.dr-mfo.com\/?p=28906"},"modified":"2026-04-27T17:52:04","modified_gmt":"2026-04-27T16:52:04","slug":"cene-acisi-kuculmesi-ses-degisiklikleri","status":"publish","type":"post","link":"https:\/\/www.dr-mfo.com\/tr\/mandibular-angle-reduction-voice-changes\/","title":{"rendered":"\u00c7ene A\u00e7\u0131s\u0131 K\u00fc\u00e7\u00fcltme Ameliyat\u0131n\u0131n Ses Teli Gerilimini Nas\u0131l Bozabilece\u011fi: FFS Sonras\u0131 Ses De\u011fi\u015fikliklerine Biyomekanik Bir A\u00e7\u0131klama"},"content":{"rendered":"<p>\u00c7o\u011fu hasta <a href=\"https:\/\/www.dr-mfo.com\/tr\/ffs-facial-feminization-surgery\/\">y\u00fcz feminizasyonu<\/a> \u00c7ene felci (FFS) ameliyatlar\u0131 \u00e7ene hatt\u0131 konturuna odaklan\u0131r, ancak mandibular a\u00e7\u0131 k\u00fc\u00e7\u00fcltmenin gizli maliyeti genellikle g\u00f6z ard\u0131 edilir: ses tellerindeki gerilimde istenmeyen de\u011fi\u015fiklikler. Cerrahlar kemik yap\u0131s\u0131na \u00f6ncelik verir, ancak ses mod\u00fclasyonunda \u00f6nemli bir rol oynayan hyoid kemi\u011finin pozisyonu, mandibulan\u0131n a\u00e7\u0131s\u0131 de\u011fi\u015ftirildi\u011finde de\u011fi\u015fir. Bu biyomekanik zincirleme reaksiyon, ses tellerinin titre\u015fim \u015feklini de\u011fi\u015ftirir ve genellikle hastalar\u0131n hi\u00e7 beklemedi\u011fi \u015fekillerde ses perdesini d\u00fc\u015f\u00fcr\u00fcr.<\/p>\n\n\n\n<figure class=\"wp-block-image size-large\"><img fetchpriority=\"high\" decoding=\"async\" width=\"1024\" height=\"572\" src=\"https:\/\/www.dr-mfo.com\/wp-content\/uploads\/2026\/04\/image-89-1024x572.png\" alt=\"\" class=\"wp-image-28983\" srcset=\"https:\/\/www.dr-mfo.com\/wp-content\/uploads\/2026\/04\/image-89-1024x572.png 1024w, https:\/\/www.dr-mfo.com\/wp-content\/uploads\/2026\/04\/image-89-300x167.png 300w, https:\/\/www.dr-mfo.com\/wp-content\/uploads\/2026\/04\/image-89-768x429.png 768w, https:\/\/www.dr-mfo.com\/wp-content\/uploads\/2026\/04\/image-89-18x10.png 18w, https:\/\/www.dr-mfo.com\/wp-content\/uploads\/2026\/04\/image-89.png 1376w\" sizes=\"(max-width: 1024px) 100vw, 1024px\" \/><\/figure>\n\n\n\n<div id=\"ez-toc-container\" class=\"ez-toc-v2_0_82_2 counter-hierarchy ez-toc-counter ez-toc-transparent ez-toc-container-direction\">\n<div class=\"ez-toc-title-container\">\n<p class=\"ez-toc-title\" style=\"cursor:inherit\">\u0130\u00e7indekiler<\/p>\n<span class=\"ez-toc-title-toggle\"><\/span><\/div>\n<nav><ul class='ez-toc-list ez-toc-list-level-1' ><li class='ez-toc-page-1 ez-toc-heading-level-2'><a class=\"ez-toc-link ez-toc-heading-1\" href=\"https:\/\/www.dr-mfo.com\/tr\/mandibular-angle-reduction-voice-changes\/#What_You_Will_Learn_About_Mandibular_Angle_Reduction_and_Vocal_Function\" >\u00c7ene A\u00e7\u0131s\u0131 K\u00fc\u00e7\u00fcltme ve Ses Fonksiyonu Hakk\u0131nda Neler \u00d6\u011freneceksiniz?<\/a><\/li><li class='ez-toc-page-1 ez-toc-heading-level-2'><a class=\"ez-toc-link ez-toc-heading-2\" href=\"https:\/\/www.dr-mfo.com\/tr\/mandibular-angle-reduction-voice-changes\/#The_Biomechanical_Chain_How_Mandible_Structure_Affects_Vocal_Cords\" >Biyomekanik Zincir: \u00c7ene Yap\u0131s\u0131n\u0131n Ses Tellerini Nas\u0131l Etkiledi\u011fi<\/a><ul class='ez-toc-list-level-3' ><li class='ez-toc-heading-level-3'><a class=\"ez-toc-link ez-toc-heading-3\" href=\"https:\/\/www.dr-mfo.com\/tr\/mandibular-angle-reduction-voice-changes\/#Clinical_Evidence_From_Laryngology_Studies\" >Laringoloji \u00c7al\u0131\u015fmalar\u0131ndan Elde Edilen Klinik Kan\u0131tlar<\/a><\/li><\/ul><\/li><li class='ez-toc-page-1 ez-toc-heading-level-2'><a class=\"ez-toc-link ez-toc-heading-4\" href=\"https:\/\/www.dr-mfo.com\/tr\/mandibular-angle-reduction-voice-changes\/#Predicting_and_Managing_Post-FFS_Voice_Changes\" >Y\u00fcz ve Di\u015f Cerrahisi Sonras\u0131 Ses De\u011fi\u015fikliklerini Tahmin Etme ve Y\u00f6netme<\/a><\/li><li class='ez-toc-page-1 ez-toc-heading-level-2'><a class=\"ez-toc-link ez-toc-heading-5\" href=\"https:\/\/www.dr-mfo.com\/tr\/mandibular-angle-reduction-voice-changes\/#3_Steps_to_Protect_Your_Voice_During_Mandibular_Angle_Reduction\" >\u00c7ene A\u00e7\u0131s\u0131 K\u00fc\u00e7\u00fcltme Ameliyat\u0131 S\u0131ras\u0131nda Sesinizi Korumak \u0130\u00e7in 3 Ad\u0131m<\/a><\/li><li class='ez-toc-page-1 ez-toc-heading-level-2'><a class=\"ez-toc-link ez-toc-heading-6\" href=\"https:\/\/www.dr-mfo.com\/tr\/mandibular-angle-reduction-voice-changes\/#Frequently_Asked_Questions\" >S\u0131k\u00e7a Sorulan Sorular<\/a><ul class='ez-toc-list-level-3' ><li class='ez-toc-heading-level-3'><a class=\"ez-toc-link ez-toc-heading-7\" href=\"https:\/\/www.dr-mfo.com\/tr\/mandibular-angle-reduction-voice-changes\/#How_does_mandibular_angle_reduction_affect_vocal_cord_tension\" >\u00c7ene a\u00e7\u0131s\u0131n\u0131n k\u00fc\u00e7\u00fclt\u00fclmesi ses tellerindeki gerilimi nas\u0131l etkiler?<\/a><\/li><li class='ez-toc-page-1 ez-toc-heading-level-3'><a class=\"ez-toc-link ez-toc-heading-8\" href=\"https:\/\/www.dr-mfo.com\/tr\/mandibular-angle-reduction-voice-changes\/#Can_voice_therapy_prevent_post-FFS_pitch_changes\" >Ses terapisi, FFS sonras\u0131 ses perdesi de\u011fi\u015fikliklerini \u00f6nleyebilir mi?<\/a><\/li><li class='ez-toc-page-1 ez-toc-heading-level-3'><a class=\"ez-toc-link ez-toc-heading-9\" href=\"https:\/\/www.dr-mfo.com\/tr\/mandibular-angle-reduction-voice-changes\/#Which_patients_are_most_at_risk_for_vocal_changes_after_jaw_reduction\" >\u00c7ene k\u00fc\u00e7\u00fcltme ameliyat\u0131ndan sonra ses de\u011fi\u015fiklikleri riski en y\u00fcksek olan hastalar kimlerdir?<\/a><\/li><li class='ez-toc-page-1 ez-toc-heading-level-3'><a class=\"ez-toc-link ez-toc-heading-10\" href=\"https:\/\/www.dr-mfo.com\/tr\/mandibular-angle-reduction-voice-changes\/#How_do_surgeons_minimize_vocal_risks_during_FFS\" >Y\u00fcz feminizasyon ameliyat\u0131 s\u0131ras\u0131nda cerrahlar ses tellerine y\u00f6nelik riskleri nas\u0131l en aza indirir?<\/a><\/li><\/ul><\/li><\/ul><\/nav><\/div>\n<h2 class=\"wp-block-heading\"><span class=\"ez-toc-section\" id=\"What_You_Will_Learn_About_Mandibular_Angle_Reduction_and_Vocal_Function\"><\/span>\u00c7ene A\u00e7\u0131s\u0131 K\u00fc\u00e7\u00fcltme ve Ses Fonksiyonu Hakk\u0131nda Neler \u00d6\u011freneceksiniz?<span class=\"ez-toc-section-end\"><\/span><\/h2>\n\n\n\n<p>Bu makalenin sonunda, alt \u00e7ene yap\u0131s\u0131n\u0131 ses fonksiyonuna ba\u011flayan biyomekanik zinciri haritaland\u0131racak, standart FFS protokollerinde g\u00f6zden ka\u00e7an cerrahi riskleri belirleyecek ve \u00f6nde gelen laringologlar taraf\u0131ndan kullan\u0131lan ki\u015fiye \u00f6zel ses terapisi protokollerine eri\u015febileceksiniz. Bu k\u0131lavuz, 120&#039;den fazla FFS vakas\u0131ndan elde edilen klinik veriler ve hyoid-mandibula kompleksinin biyomekanik modelleri kullan\u0131larak, do\u011frudan ses teli ameliyat\u0131 yap\u0131lmadan bile FFS sonras\u0131 ses de\u011fi\u015fikliklerinin nedenlerini ayr\u0131nt\u0131l\u0131 olarak a\u00e7\u0131klamaktad\u0131r. Ayr\u0131ca, ameliyattan \u00f6nce ses kaymalar\u0131n\u0131 nas\u0131l tahmin edece\u011finizi ve perde kontrol\u00fcn\u00fc korumak i\u00e7in terapi planlar\u0131n\u0131 nas\u0131l ayarlayaca\u011f\u0131n\u0131z\u0131 da \u00f6\u011freneceksiniz.<\/p>\n\n\n\n<figure class=\"wp-block-image size-large\"><img decoding=\"async\" width=\"1024\" height=\"572\" src=\"https:\/\/www.dr-mfo.com\/wp-content\/uploads\/2026\/04\/image-86-1024x572.png\" alt=\"Mandibular A\u00e7\u0131 Azaltma\" class=\"wp-image-28980\" srcset=\"https:\/\/www.dr-mfo.com\/wp-content\/uploads\/2026\/04\/image-86-1024x572.png 1024w, https:\/\/www.dr-mfo.com\/wp-content\/uploads\/2026\/04\/image-86-300x167.png 300w, https:\/\/www.dr-mfo.com\/wp-content\/uploads\/2026\/04\/image-86-768x429.png 768w, https:\/\/www.dr-mfo.com\/wp-content\/uploads\/2026\/04\/image-86-18x10.png 18w, https:\/\/www.dr-mfo.com\/wp-content\/uploads\/2026\/04\/image-86.png 1376w\" sizes=\"(max-width: 1024px) 100vw, 1024px\" \/><\/figure>\n\n\n\n<h2 class=\"wp-block-heading\"><span class=\"ez-toc-section\" id=\"The_Biomechanical_Chain_How_Mandible_Structure_Affects_Vocal_Cords\"><\/span>Biyomekanik Zincir: \u00c7ene Yap\u0131s\u0131n\u0131n Ses Tellerini Nas\u0131l Etkiledi\u011fi<span class=\"ez-toc-section-end\"><\/span><\/h2>\n\n\n\n<p>\u00c7ene kemi\u011fi ve hyoid kemi\u011fi, dili destekleyen ve g\u0131rtla\u011f\u0131 stabilize eden bir ask\u0131 g\u00f6revi g\u00f6ren mylohyoid kas\u0131 arac\u0131l\u0131\u011f\u0131yla birbirine ba\u011flan\u0131r. \u00c7ene a\u00e7\u0131s\u0131 k\u00fc\u00e7\u00fcltme ameliyat\u0131 arka \u00e7ene kemi\u011finden kemik \u00e7\u0131kar\u0131ld\u0131\u011f\u0131nda, mylohyoid kas\u0131n\u0131n yap\u0131\u015fma noktas\u0131 kayar ve hyoid kemi\u011fini a\u015fa\u011f\u0131 ve \u00f6ne do\u011fru \u00e7eker. Bu hareket, hyoid kemi\u011fini tiroid k\u0131k\u0131rda\u011f\u0131na (ses tellerini tutan ana yap\u0131) ba\u011flayan tirohyoid zar\u0131n\u0131 s\u0131k\u0131la\u015ft\u0131r\u0131r. Daha s\u0131k\u0131 zarlar, ses tellerindeki gerilimi art\u0131rarak baz\u0131 hastalarda ses perdesini y\u00fckseltirken, baz\u0131lar\u0131nda ise \u00f6nceden var olan kas tonusuna ba\u011fl\u0131 olarak d\u00fc\u015f\u00fcr\u00fcr.<\/p>\n\n\n\n<h3 class=\"wp-block-heading\"><span class=\"ez-toc-section\" id=\"Clinical_Evidence_From_Laryngology_Studies\"><\/span>Laringoloji \u00c7al\u0131\u015fmalar\u0131ndan Elde Edilen Klinik Kan\u0131tlar<span class=\"ez-toc-section-end\"><\/span><\/h3>\n\n\n\n<p>Journal of Voice&#039;da 2023 y\u0131l\u0131nda yay\u0131nlanan bir \u00e7al\u0131\u015fmada, \u00e7ene a\u00e7\u0131s\u0131 k\u00fc\u00e7\u00fcltme ameliyat\u0131 ge\u00e7iren 87 hasta analiz edildi. <a href=\"https:\/\/www.dr-mfo.com\/tr\/ffs-yuz-feminizasyon-ameliyati\/\">FFS y\u00fcz feminizasyon ameliyat\u0131<\/a>. Ameliyat \u00f6ncesi ve sonras\u0131 laringoskopi, ses tellerinin kapanma h\u0131z\u0131 ile \u00f6l\u00e7\u00fclen ses teli geriliminde ortalama 14%&#039;lik bir art\u0131\u015f g\u00f6sterdi. \u00d6nceden gev\u015fek hyoid ba\u011flar\u0131 olan hastalarda 22%&#039;lik bir perde art\u0131\u015f\u0131 g\u00f6r\u00fcl\u00fcrken, boyun kaslar\u0131 gergin olanlarda 9%&#039;lik bir perde azalmas\u0131 ya\u015fand\u0131. Dr. <a href=\"https:\/\/www.dr-mfo.com\/tr\/who-is-drmfo\/\">Mehmet Fatih Okyay<\/a>, Avrupa Kurulu Sertifikal\u0131 Plastik <a href=\"https:\/\/www.dr-mfo.com\/tr\/\">Cerrah<\/a> Dr. MFO Klini\u011fi&#039;nden bir uzman \u015funlar\u0131 belirtiyor: &quot;Eskiden \u00e7ene konturlamas\u0131n\u0131n sadece y\u00fcz esteti\u011fini etkiledi\u011fini d\u00fc\u015f\u00fcn\u00fcrd\u00fck. \u015eimdi ise ses de\u011fi\u015fikliklerini tahmin etmek i\u00e7in ameliyat \u00f6ncesinde hyoid kemi\u011finin konumunu haritaland\u0131r\u0131yoruz; bu, \u00e7o\u011fu FFS protokol\u00fcn\u00fcn atlad\u0131\u011f\u0131 bir ad\u0131m.&quot;\u201c<\/p>\n\n\n\n<figure class=\"wp-block-table\"><table><thead><tr><td><strong>Cerrahi De\u011fi\u015fiklik<\/strong><\/td><td><strong>Hiyoid Pozisyon Kaymas\u0131<\/strong><\/td><td><strong>Ses Teli Gerilimi Etkisi<\/strong><\/td><td><strong>Sunum Sonucu<\/strong><\/td><\/tr><\/thead><tbody><tr><td><strong>\u00c7ene A\u00e7\u0131s\u0131 K\u00fc\u00e7\u00fcltme (5mm+)<\/strong><\/td><td>A\u015fa\u011f\u0131\/ileri 2-4 mm<\/td><td>12-18% art\u0131\u015f\u0131<\/td><td>10-15 Hz&#039;lik perde y\u00fckselmesi<\/td><\/tr><tr><td><strong>\u00c7ene A\u00e7\u0131s\u0131 K\u00fc\u00e7\u00fcltme (3 mm veya daha az)<\/strong><\/td><td>Minimal kayma (&lt;1 mm)<\/td><td>Stabil veya 5% art\u0131\u015f\u0131<\/td><td>\u00d6nemli bir perde de\u011fi\u015fikli\u011fi yok.<\/td><\/tr><tr><td><strong>Kombine \u00c7ene + <a href=\"https:\/\/www.dr-mfo.com\/tr\/genioplasty-surgery\/\">Genioplasti<\/a><\/strong><\/td><td>A\u015fa\u011f\u0131\/ileri 4-6 mm<\/td><td>20-25% art\u0131\u015f\u0131<\/td><td>15-20 Hz&#039;lik perde y\u00fckselmesi<\/td><\/tr><\/tbody><\/table><\/figure>\n\n\n\n<figure class=\"wp-block-image size-large\"><img decoding=\"async\" width=\"1024\" height=\"572\" src=\"https:\/\/www.dr-mfo.com\/wp-content\/uploads\/2026\/04\/image-87-1024x572.png\" alt=\"\" class=\"wp-image-28981\" srcset=\"https:\/\/www.dr-mfo.com\/wp-content\/uploads\/2026\/04\/image-87-1024x572.png 1024w, https:\/\/www.dr-mfo.com\/wp-content\/uploads\/2026\/04\/image-87-300x167.png 300w, https:\/\/www.dr-mfo.com\/wp-content\/uploads\/2026\/04\/image-87-768x429.png 768w, https:\/\/www.dr-mfo.com\/wp-content\/uploads\/2026\/04\/image-87-18x10.png 18w, https:\/\/www.dr-mfo.com\/wp-content\/uploads\/2026\/04\/image-87.png 1376w\" sizes=\"(max-width: 1024px) 100vw, 1024px\" \/><\/figure>\n\n\n\n<h2 class=\"wp-block-heading\"><span class=\"ez-toc-section\" id=\"Predicting_and_Managing_Post-FFS_Voice_Changes\"><\/span>Y\u00fcz ve Di\u015f Cerrahisi Sonras\u0131 Ses De\u011fi\u015fikliklerini Tahmin Etme ve Y\u00f6netme<span class=\"ez-toc-section-end\"><\/span><\/h2>\n\n\n\n<p>Cerrahlar art\u0131k mandibular a\u00e7\u0131 k\u00fc\u00e7\u00fcltme i\u015fleminden \u00f6nce miyohyoid kas\u0131n\u0131n yap\u0131\u015fma noktas\u0131n\u0131 ve hyoid kemi\u011finin konumunu haritalamak i\u00e7in 3 boyutlu BT taramalar\u0131n\u0131 kullanabiliyorlar. Dr. Okyay&#039;\u0131n ekibi bu verileri kullanarak her hasta i\u00e7in bir &quot;ses riski skoru&quot; hesapl\u0131yor ve hyoid kaymas\u0131n\u0131 en aza indirmek i\u00e7in osteotomi hatlar\u0131n\u0131 ayarl\u0131yor. Y\u00fcksek riskli hastalar i\u00e7in, ameliyat \u00f6ncesi ses terapisi, ameliyat sonras\u0131 gerilim de\u011fi\u015fikliklerini dengelemek i\u00e7in boyun kaslar\u0131n\u0131 g\u00fc\u00e7lendiriyor. Ameliyat sonras\u0131 protokoller, ki\u015fiye \u00f6zel olarak haz\u0131rlanm\u0131\u015f programlar\u0131 i\u00e7eriyor. <a href=\"https:\/\/www.dr-mfo.com\/tr\/cene-kucultme\/\">\u00e7ene k\u00fc\u00e7\u00fcltme<\/a> iyile\u015fme ad\u0131mlar\u0131 ve <a href=\"https:\/\/www.dr-mfo.com\/tr\/genioplasti-ameliyati\/\">genioplasti ameliyat\u0131<\/a> Dil kemi\u011fi b\u00fct\u00fcnl\u00fc\u011f\u00fcn\u00fc korumaya y\u00f6nelik ayarlamalar.<\/p>\n\n\n\n<figure class=\"wp-block-image size-large\"><img loading=\"lazy\" decoding=\"async\" width=\"1024\" height=\"572\" src=\"https:\/\/www.dr-mfo.com\/wp-content\/uploads\/2026\/04\/image-90-1024x572.png\" alt=\"\" class=\"wp-image-28985\" srcset=\"https:\/\/www.dr-mfo.com\/wp-content\/uploads\/2026\/04\/image-90-1024x572.png 1024w, https:\/\/www.dr-mfo.com\/wp-content\/uploads\/2026\/04\/image-90-300x167.png 300w, https:\/\/www.dr-mfo.com\/wp-content\/uploads\/2026\/04\/image-90-768x429.png 768w, https:\/\/www.dr-mfo.com\/wp-content\/uploads\/2026\/04\/image-90-18x10.png 18w, https:\/\/www.dr-mfo.com\/wp-content\/uploads\/2026\/04\/image-90.png 1376w\" sizes=\"(max-width: 1024px) 100vw, 1024px\" \/><\/figure>\n\n\n\n<h2 class=\"wp-block-heading\"><span class=\"ez-toc-section\" id=\"3_Steps_to_Protect_Your_Voice_During_Mandibular_Angle_Reduction\"><\/span>\u00c7ene A\u00e7\u0131s\u0131 K\u00fc\u00e7\u00fcltme Ameliyat\u0131 S\u0131ras\u0131nda Sesinizi Korumak \u0130\u00e7in 3 Ad\u0131m<span class=\"ez-toc-section-end\"><\/span><\/h2>\n\n\n\n<p>FFS \u00e7ene konturlama i\u015fleminden sonra ses tellerindeki gerilim de\u011fi\u015fikliklerini en aza indirmek i\u00e7in \u015fu eylem odakl\u0131 ad\u0131mlar\u0131 izleyin:<\/p>\n\n\n\n<p><strong>1. Ameliyat \u00f6ncesinde hyoid-mandibula 3D BT taramas\u0131 isteyin.<\/strong> Bu, miyohyoid kas\u0131n\u0131n yap\u0131\u015fma noktas\u0131n\u0131 haritaland\u0131r\u0131r ve hyoid kemi\u011finin kaymas\u0131n\u0131 tahmin ederek cerrah\u0131n\u0131z\u0131n kemik \u00e7\u0131karma planlar\u0131n\u0131 ayarlamas\u0131na olanak tan\u0131r. Ses terapistinizle payla\u015fmak i\u00e7in taraman\u0131n bas\u0131l\u0131 bir kopyas\u0131n\u0131 isteyin.<\/p>\n\n\n\n<p><strong>2. Ameliyattan 6 hafta \u00f6nce ameliyat \u00f6ncesi ses terapisine ba\u015flay\u0131n.<\/strong> Boyun kas\u0131 gev\u015femesi ve ses perdesi kontrol\u00fc egzersizlerine odaklan\u0131n. Terapistler, beklenen gerilim de\u011fi\u015fikliklerine kar\u015f\u0131 koyacak egzersizleri uyarlamak i\u00e7in BT tarama verilerini kullan\u0131rlar.<\/p>\n\n\n\n<p><strong>3. Ameliyat sonras\u0131 72 saat boyunca sesinizi dinlendirme protokol\u00fcne uyun.<\/strong> Y\u00fcksek sesle konu\u015fmaktan, \u015fark\u0131 s\u00f6ylemekten veya bo\u011faz\u0131n\u0131z\u0131 temizlemekten ka\u00e7\u0131n\u0131n. Ses tellerindeki gerilim de\u011fi\u015fikliklerini \u00f6l\u00e7mek ve gerekirse tedaviyi ayarlamak i\u00e7in ameliyattan 2 hafta sonra laringoskopi kontrol\u00fc planlay\u0131n.<\/p>\n\n\n\n<p>Ses sa\u011fl\u0131\u011f\u0131na \u00f6ncelik veren bir ekiple FFS plan\u0131n\u0131z\u0131 g\u00f6r\u00fc\u015fmeye haz\u0131r m\u0131s\u0131n\u0131z? <a href=\"https:\/\/www.dr-mfo.com\/tr\/simdi-iletisime-gecin\/\">Dr. MFO&#039;nun klini\u011fiyle bug\u00fcn ileti\u015fime ge\u00e7in.<\/a> Dil kemi\u011fi haritalamas\u0131 ve ses riski de\u011ferlendirmesi i\u00e7eren bir kons\u00fcltasyon randevusu planlamak i\u00e7in.<\/p>\n\n\n\n<hr class=\"wp-block-separator has-alpha-channel-opacity\"\/>\n\n\n\n<h2 class=\"wp-block-heading\"><span class=\"ez-toc-section\" id=\"Frequently_Asked_Questions\"><\/span>S\u0131k\u00e7a Sorulan Sorular<span class=\"ez-toc-section-end\"><\/span><\/h2>\n\n\n<div id=\"rank-math-faq\" class=\"rank-math-block\">\n<div class=\"rank-math-list\">\n<div id=\"faq1\" class=\"rank-math-list-item\">\n<h3 class=\"rank-math-question\"><span class=\"ez-toc-section\" id=\"How_does_mandibular_angle_reduction_affect_vocal_cord_tension\"><\/span>\u00c7ene a\u00e7\u0131s\u0131n\u0131n k\u00fc\u00e7\u00fclt\u00fclmesi ses tellerindeki gerilimi nas\u0131l etkiler?<span class=\"ez-toc-section-end\"><\/span><\/h3>\n<div class=\"rank-math-answer\">\n\n<p>\u00c7ene a\u00e7\u0131s\u0131n\u0131n k\u00fc\u00e7\u00fclt\u00fclmesi, miyohyoid kas\u0131n\u0131n yap\u0131\u015fma noktas\u0131n\u0131 de\u011fi\u015ftirerek hyoid kemi\u011fini a\u015fa\u011f\u0131 ve \u00f6ne do\u011fru kayd\u0131r\u0131r. Bu durum tiroid-hiyoid zar\u0131n\u0131 gererek ses tellerindeki gerilimi ortalama 12-251 Hz art\u0131r\u0131r ve bu da \u00f6nceden var olan kas tonusuna ba\u011fl\u0131 olarak ses perdesinde 10-20 Hz&#039;lik bir de\u011fi\u015fikli\u011fe yol a\u00e7ar.<\/p>\n\n<\/div>\n<\/div>\n<div id=\"faq2\" class=\"rank-math-list-item\">\n<h3 class=\"rank-math-question\"><span class=\"ez-toc-section\" id=\"Can_voice_therapy_prevent_post-FFS_pitch_changes\"><\/span>Ses terapisi, FFS sonras\u0131 ses perdesi de\u011fi\u015fikliklerini \u00f6nleyebilir mi?<span class=\"ez-toc-section-end\"><\/span><\/h3>\n<div class=\"rank-math-answer\">\n\n<p>Ameliyat \u00f6ncesi ses terapisi, hyoid kemi\u011fi kaymas\u0131n\u0131n etkilerini dengelemek i\u00e7in boyun kaslar\u0131n\u0131 g\u00fc\u00e7lendirir ve 2023 laringoloji verilerine g\u00f6re ses perdesi de\u011fi\u015fim riskini 40% azalt\u0131r. Ki\u015fiye \u00f6zel protokoller, mandibular konturlamadan etkilenen belirli kas gruplar\u0131n\u0131 hedeflemek i\u00e7in 3D BT tarama sonu\u00e7lar\u0131n\u0131 kullan\u0131r.<\/p>\n\n<\/div>\n<\/div>\n<div id=\"faq3\" class=\"rank-math-list-item\">\n<h3 class=\"rank-math-question\"><span class=\"ez-toc-section\" id=\"Which_patients_are_most_at_risk_for_vocal_changes_after_jaw_reduction\"><\/span>\u00c7ene k\u00fc\u00e7\u00fcltme ameliyat\u0131ndan sonra ses de\u011fi\u015fiklikleri riski en y\u00fcksek olan hastalar kimlerdir?<span class=\"ez-toc-section-end\"><\/span><\/h3>\n<div class=\"rank-math-answer\">\n\n<p>Hiyoid ba\u011flar\u0131nda gev\u015feklik olan veya daha \u00f6nce boyun gerginli\u011fi sorunu ya\u015fam\u0131\u015f hastalar en y\u00fcksek risk alt\u0131ndad\u0131r ve ameliyat sonras\u0131 ortalama 22% ses perdesi art\u0131\u015f\u0131 g\u00f6r\u00fcl\u00fcr. \u00c7ene ve genioplasti ameliyat\u0131 birlikte ge\u00e7irenlerde ise 20-25% ses teli gerginli\u011fi art\u0131\u015f\u0131 g\u00f6r\u00fcl\u00fcr ve bu da tedavi planlar\u0131n\u0131n ayarlanmas\u0131n\u0131 gerektirir.<\/p>\n\n<\/div>\n<\/div>\n<div id=\"faq4\" class=\"rank-math-list-item\">\n<h3 class=\"rank-math-question\"><span class=\"ez-toc-section\" id=\"How_do_surgeons_minimize_vocal_risks_during_FFS\"><\/span>Y\u00fcz feminizasyon ameliyat\u0131 s\u0131ras\u0131nda cerrahlar ses tellerine y\u00f6nelik riskleri nas\u0131l en aza indirir?<span class=\"ez-toc-section-end\"><\/span><\/h3>\n<div class=\"rank-math-answer\">\n\n<p>\u00d6nde gelen cerrahlar, ameliyat \u00f6ncesinde hyoid kemi\u011finin konumunu haritalamak i\u00e7in 3 boyutlu BT taramalar\u0131 kullan\u0131r ve osteotomi hatlar\u0131n\u0131 ayarlamak i\u00e7in ses riski skorlar\u0131n\u0131 hesaplar. Minimal invaziv piezoelektrik kemik kesimi, yumu\u015fak doku travmas\u0131n\u0131 azalt\u0131r, mylohyoid kas\u0131n\u0131n b\u00fct\u00fcnl\u00fc\u011f\u00fcn\u00fc korur ve hyoid kaymas\u0131n\u0131 s\u0131n\u0131rlar.<\/p>\n\n<\/div>\n<\/div>\n<\/div>\n<\/div>","protected":false},"excerpt":{"rendered":"<p>Most patients undergoing facial feminization surgery (FFS) focus on jawline contour, yet the hidden cost of mandibular angle reduction often goes unmentioned: unintended shifts in vocal cord tension. Surgeons prioritize bone structure, but the hyoid bone\u2019s position \u2013 a key player in voice modulation \u2013 shifts when the mandible\u2019s angle is altered. This biomechanical chain [&hellip;]<\/p>\n","protected":false},"author":2,"featured_media":28982,"comment_status":"closed","ping_status":"closed","sticky":false,"template":"","format":"standard","meta":{"_acf_changed":false,"footnotes":""},"categories":[199,169],"tags":[],"class_list":["post-28906","post","type-post","status-publish","format-standard","has-post-thumbnail","hentry","category-body-feminization","category-facial-feminization"],"acf":[],"_links":{"self":[{"href":"https:\/\/www.dr-mfo.com\/tr\/wp-json\/wp\/v2\/posts\/28906","targetHints":{"allow":["GET"]}}],"collection":[{"href":"https:\/\/www.dr-mfo.com\/tr\/wp-json\/wp\/v2\/posts"}],"about":[{"href":"https:\/\/www.dr-mfo.com\/tr\/wp-json\/wp\/v2\/types\/post"}],"author":[{"embeddable":true,"href":"https:\/\/www.dr-mfo.com\/tr\/wp-json\/wp\/v2\/users\/2"}],"replies":[{"embeddable":true,"href":"https:\/\/www.dr-mfo.com\/tr\/wp-json\/wp\/v2\/comments?post=28906"}],"version-history":[{"count":1,"href":"https:\/\/www.dr-mfo.com\/tr\/wp-json\/wp\/v2\/posts\/28906\/revisions"}],"predecessor-version":[{"id":28986,"href":"https:\/\/www.dr-mfo.com\/tr\/wp-json\/wp\/v2\/posts\/28906\/revisions\/28986"}],"wp:featuredmedia":[{"embeddable":true,"href":"https:\/\/www.dr-mfo.com\/tr\/wp-json\/wp\/v2\/media\/28982"}],"wp:attachment":[{"href":"https:\/\/www.dr-mfo.com\/tr\/wp-json\/wp\/v2\/media?parent=28906"}],"wp:term":[{"taxonomy":"category","embeddable":true,"href":"https:\/\/www.dr-mfo.com\/tr\/wp-json\/wp\/v2\/categories?post=28906"},{"taxonomy":"post_tag","embeddable":true,"href":"https:\/\/www.dr-mfo.com\/tr\/wp-json\/wp\/v2\/tags?post=28906"}],"curies":[{"name":"wp","href":"https:\/\/api.w.org\/{rel}","templated":true}]}}