{"id":28911,"date":"2026-04-27T22:02:16","date_gmt":"2026-04-27T21:02:16","guid":{"rendered":"https:\/\/www.dr-mfo.com\/?p=28911"},"modified":"2026-04-30T19:49:10","modified_gmt":"2026-04-30T18:49:10","slug":"agiz-ici-yag-alma-ses-tellerinin-feminizasyonu","status":"publish","type":"post","link":"https:\/\/www.dr-mfo.com\/tr\/buccal-fat-removal-vocal-feminization\/","title":{"rendered":"Yanak Ya\u011f Al\u0131m\u0131 ve Ses Feminizasyonu: Gizli Ses Etkisi"},"content":{"rendered":"<p>\u00c7o\u011fu hasta <a href=\"https:\/\/www.dr-mfo.com\/tr\/ffs-facial-feminization-surgery\/\">y\u00fcz feminizasyonu<\/a> Y\u00fcz feminizasyon cerrahisi (FFS) yapt\u0131rmak isteyen hastalar\u0131n \u00e7o\u011fu, yanak ya\u011f\u0131n\u0131n al\u0131nmas\u0131n\u0131 yaln\u0131zca y\u00fcz\u00fcn orta k\u0131sm\u0131n\u0131 inceltmek ve y\u00fcz hatlar\u0131n\u0131 iyile\u015ftirmek i\u00e7in yap\u0131lan estetik bir tercih olarak g\u00f6r\u00fcr. Bu i\u015flemin a\u011f\u0131z ve burun rezonans odalar\u0131n\u0131n fiziksel boyutlar\u0131n\u0131 de\u011fi\u015ftirdi\u011fini ve ses kalitesini ve feminizasyon s\u00fcrecini do\u011frudan etkiledi\u011fini \u00e7ok az ki\u015fi fark eder. Y\u00fcz orta k\u0131sm\u0131ndaki hacim kayb\u0131 ile ses rezonans\u0131 aras\u0131ndaki bu gizli etkile\u015fim, \u00e7o\u011fu FFS kons\u00fcltasyonunda g\u00f6z ard\u0131 edilir ve hastalar\u0131 beklenmedik ses de\u011fi\u015fimlerine haz\u0131rl\u0131ks\u0131z b\u0131rak\u0131r.<\/p>\n\n\n\n<figure class=\"wp-block-image size-large\"><img fetchpriority=\"high\" decoding=\"async\" width=\"1024\" height=\"572\" src=\"https:\/\/www.dr-mfo.com\/wp-content\/uploads\/2026\/04\/image-115-1024x572.png\" alt=\"\" class=\"wp-image-29106\" srcset=\"https:\/\/www.dr-mfo.com\/wp-content\/uploads\/2026\/04\/image-115-1024x572.png 1024w, https:\/\/www.dr-mfo.com\/wp-content\/uploads\/2026\/04\/image-115-300x167.png 300w, https:\/\/www.dr-mfo.com\/wp-content\/uploads\/2026\/04\/image-115-768x429.png 768w, https:\/\/www.dr-mfo.com\/wp-content\/uploads\/2026\/04\/image-115-18x10.png 18w, https:\/\/www.dr-mfo.com\/wp-content\/uploads\/2026\/04\/image-115.png 1376w\" sizes=\"(max-width: 1024px) 100vw, 1024px\" \/><\/figure>\n\n\n\n<div id=\"ez-toc-container\" class=\"ez-toc-v2_0_82_2 counter-hierarchy ez-toc-counter ez-toc-transparent ez-toc-container-direction\">\n<div class=\"ez-toc-title-container\">\n<p class=\"ez-toc-title\" style=\"cursor:inherit\">\u0130\u00e7indekiler<\/p>\n<span class=\"ez-toc-title-toggle\"><\/span><\/div>\n<nav><ul class='ez-toc-list ez-toc-list-level-1' ><li class='ez-toc-page-1 ez-toc-heading-level-2'><a class=\"ez-toc-link ez-toc-heading-1\" href=\"https:\/\/www.dr-mfo.com\/tr\/buccal-fat-removal-vocal-feminization\/#What_You_Will_Gain_From_This_Guide\" >Bu K\u0131lavuzdan Ne Kazanacaks\u0131n\u0131z?<\/a><\/li><li class='ez-toc-page-1 ez-toc-heading-level-2'><a class=\"ez-toc-link ez-toc-heading-2\" href=\"https:\/\/www.dr-mfo.com\/tr\/buccal-fat-removal-vocal-feminization\/#The_Physiology_of_Midface_Volume_and_Vocal_Resonance\" >Orta Y\u00fcz Hacmi ve Ses Rezonans\u0131n\u0131n Fizyolojisi<\/a><ul class='ez-toc-list-level-3' ><li class='ez-toc-heading-level-3'><a class=\"ez-toc-link ez-toc-heading-3\" href=\"https:\/\/www.dr-mfo.com\/tr\/buccal-fat-removal-vocal-feminization\/#Sound_Wave_Propagation_and_Chamber_Dimensions\" >Ses Dalgalar\u0131n\u0131n Yay\u0131l\u0131m\u0131 ve Oda Boyutlar\u0131<\/a><\/li><\/ul><\/li><li class='ez-toc-page-1 ez-toc-heading-level-2'><a class=\"ez-toc-link ez-toc-heading-4\" href=\"https:\/\/www.dr-mfo.com\/tr\/buccal-fat-removal-vocal-feminization\/#Clinical_Insights_From_FFS_Surgeons_and_Speech_Therapists\" >FFS Cerrahlar\u0131ndan ve Konu\u015fma Terapistlerinden Klinik Bilgiler<\/a><ul class='ez-toc-list-level-3' ><li class='ez-toc-heading-level-3'><a class=\"ez-toc-link ez-toc-heading-5\" href=\"https:\/\/www.dr-mfo.com\/tr\/buccal-fat-removal-vocal-feminization\/#Case_Study_Aligned_Facial_and_Vocal_Outcomes\" >Vaka \u0130ncelemesi: Y\u00fcz ve Ses Sonu\u00e7lar\u0131nda Uyum<\/a><\/li><\/ul><\/li><li class='ez-toc-page-1 ez-toc-heading-level-2'><a class=\"ez-toc-link ez-toc-heading-6\" href=\"https:\/\/www.dr-mfo.com\/tr\/buccal-fat-removal-vocal-feminization\/#Voice_Therapy_Protocols_for_Post-Buccal_Fat_Removal\" >Yanak Ya\u011f Al\u0131m\u0131 Sonras\u0131 Ses Terapisi Protokolleri<\/a><ul class='ez-toc-list-level-3' ><li class='ez-toc-heading-level-3'><a class=\"ez-toc-link ez-toc-heading-7\" href=\"https:\/\/www.dr-mfo.com\/tr\/buccal-fat-removal-vocal-feminization\/#Core_Therapy_Components\" >Temel Terapi Bile\u015fenleri<\/a><\/li><\/ul><\/li><li class='ez-toc-page-1 ez-toc-heading-level-2'><a class=\"ez-toc-link ez-toc-heading-8\" href=\"https:\/\/www.dr-mfo.com\/tr\/buccal-fat-removal-vocal-feminization\/#Actionable_Steps_for_Aligned_Facial_and_Vocal_Feminization\" >Y\u00fcz ve Sesin Kad\u0131ns\u0131la\u015ft\u0131r\u0131lmas\u0131 \u0130\u00e7in Uygulanabilir Ad\u0131mlar<\/a><\/li><li class='ez-toc-page-1 ez-toc-heading-level-2'><a class=\"ez-toc-link ez-toc-heading-9\" href=\"https:\/\/www.dr-mfo.com\/tr\/buccal-fat-removal-vocal-feminization\/#Frequently_Asked_Questions\" >S\u0131k\u00e7a Sorulan Sorular<\/a><ul class='ez-toc-list-level-3' ><li class='ez-toc-heading-level-3'><a class=\"ez-toc-link ez-toc-heading-10\" href=\"https:\/\/www.dr-mfo.com\/tr\/buccal-fat-removal-vocal-feminization\/#How_does_buccal_fat_removal_alter_vocal_resonance\" >Yanak ya\u011f\u0131n\u0131n al\u0131nmas\u0131 ses tellerinin rezonans\u0131n\u0131 nas\u0131l de\u011fi\u015ftirir?<\/a><\/li><li class='ez-toc-page-1 ez-toc-heading-level-3'><a class=\"ez-toc-link ez-toc-heading-11\" href=\"https:\/\/www.dr-mfo.com\/tr\/buccal-fat-removal-vocal-feminization\/#Why_is_midface_volume_critical_for_vocal_feminization\" >Y\u00fcz orta k\u0131sm\u0131ndaki hacim, ses tellerinin kad\u0131ns\u0131la\u015ft\u0131r\u0131lmas\u0131 i\u00e7in neden kritik \u00f6neme sahiptir?<\/a><\/li><li class='ez-toc-page-1 ez-toc-heading-level-3'><a class=\"ez-toc-link ez-toc-heading-12\" href=\"https:\/\/www.dr-mfo.com\/tr\/buccal-fat-removal-vocal-feminization\/#What_voice_therapy_protocols_help_after_buccal_fat_removal\" >Yanak ya\u011flar\u0131n\u0131n al\u0131nmas\u0131ndan sonra hangi ses terapisi protokolleri yard\u0131mc\u0131 olur?<\/a><\/li><li class='ez-toc-page-1 ez-toc-heading-level-3'><a class=\"ez-toc-link ez-toc-heading-13\" href=\"https:\/\/www.dr-mfo.com\/tr\/buccal-fat-removal-vocal-feminization\/#How_do_FFS_surgeons_anticipate_vocal_changes_from_midface_volume_loss\" >Y\u00fcz feminizasyon ameliyat\u0131 (FFS) uzmanlar\u0131, orta y\u00fcz b\u00f6lgesindeki hacim kayb\u0131ndan kaynaklanacak ses de\u011fi\u015fikliklerini nas\u0131l \u00f6ng\u00f6r\u00fcyorlar?<\/a><\/li><li class='ez-toc-page-1 ez-toc-heading-level-3'><a class=\"ez-toc-link ez-toc-heading-14\" href=\"https:\/\/www.dr-mfo.com\/tr\/buccal-fat-removal-vocal-feminization\/#Can_buccal_fat_removal_hinder_vocal_feminization_progress\" >Yanak ya\u011f\u0131n\u0131n al\u0131nmas\u0131 ses tellerinin feminizasyon s\u00fcrecini engelleyebilir mi?<\/a><\/li><li class='ez-toc-page-1 ez-toc-heading-level-3'><a class=\"ez-toc-link ez-toc-heading-15\" href=\"https:\/\/www.dr-mfo.com\/tr\/buccal-fat-removal-vocal-feminization\/#How_long_do_vocal_changes_from_buccal_fat_removal_last\" >Yanak ya\u011f\u0131n\u0131n al\u0131nmas\u0131ndan sonra ses tellerindeki de\u011fi\u015fiklikler ne kadar s\u00fcrer?<\/a><\/li><\/ul><\/li><\/ul><\/nav><\/div>\n<h2 class=\"wp-block-heading\"><span class=\"ez-toc-section\" id=\"What_You_Will_Gain_From_This_Guide\"><\/span>Bu K\u0131lavuzdan Ne Kazanacaks\u0131n\u0131z?<span class=\"ez-toc-section-end\"><\/span><\/h2>\n\n\n\n<p>Bu makalenin sonunda, yanak ya\u011f\u0131n\u0131n al\u0131nmas\u0131n\u0131n ses rezonans\u0131ndaki de\u011fi\u015fikliklerle olan fizyolojik ba\u011flant\u0131 mekanizmalar\u0131n\u0131 anlayacak, alan\u0131nda uzman FFS cerrahlar\u0131 ve konu\u015fma terapistlerinden bilgiler edinecek ve ameliyat sonras\u0131 bak\u0131m i\u00e7in size \u00f6zel ses terapisi protokolleri alacaks\u0131n\u0131z. Bu b\u00fct\u00fcnle\u015fik yakla\u015f\u0131m, y\u00fcz ve ses feminizasyon hedeflerinizin uyumlu olmas\u0131n\u0131 sa\u011flayarak, ge\u00e7i\u015f yolculu\u011funuzda beklenmedik aksakl\u0131klar\u0131n \u00f6n\u00fcne ge\u00e7er.<\/p>\n\n\n\n<h2 class=\"wp-block-heading\"><span class=\"ez-toc-section\" id=\"The_Physiology_of_Midface_Volume_and_Vocal_Resonance\"><\/span>Orta Y\u00fcz Hacmi ve Ses Rezonans\u0131n\u0131n Fizyolojisi<span class=\"ez-toc-section-end\"><\/span><\/h2>\n\n\n\n<p>Ses rezonans\u0131, g\u0131rtlaktan gelen ses dalgalar\u0131n\u0131n yay\u0131ld\u0131\u011f\u0131 ve y\u00fckseltildi\u011fi a\u011f\u0131z ve burun bo\u015fluklar\u0131n\u0131n b\u00fcy\u00fckl\u00fc\u011f\u00fcne, \u015fekline ve yap\u0131s\u0131na ba\u011fl\u0131d\u0131r. Elmac\u0131k kemi\u011fi ile \u00e7ene aras\u0131nda, y\u00fcz\u00fcn orta k\u0131sm\u0131nda bulunan yanak ya\u011f yast\u0131\u011f\u0131, a\u011f\u0131z rezonans bo\u015flu\u011funun d\u0131\u015f duvarlar\u0131n\u0131 destekleyerek y\u00fcz\u00fcn orta k\u0131sm\u0131n\u0131n hacmine \u00f6nemli \u00f6l\u00e7\u00fcde katk\u0131da bulunur. Bu ya\u011f \u00e7\u0131kar\u0131ld\u0131\u011f\u0131nda, a\u011f\u0131z bo\u015flu\u011fu daral\u0131r, ses dalgas\u0131 yans\u0131ma modellerini de\u011fi\u015ftirir ve dinleyicilerin kad\u0131ns\u0131 ses kalitesiyle ili\u015fkilendirdi\u011fi formant frekanslar\u0131n\u0131 (F1 ve F2) y\u00fckseltir.<\/p>\n\n\n\n<p>Akustik fonetik alan\u0131ndaki ara\u015ft\u0131rmalar, daha k\u00fc\u00e7\u00fck a\u011f\u0131z bo\u015fluklar\u0131n\u0131n, alg\u0131lanan ses cinsiyetinin temel g\u00f6stergeleri olan daha y\u00fcksek formantlar \u00fcretti\u011fini do\u011frulamaktad\u0131r. Bununla birlikte, a\u015f\u0131r\u0131 orta y\u00fcz hacmi kayb\u0131, formantlar\u0131 do\u011fal kad\u0131ns\u0131 aral\u0131klar\u0131n \u00f6tesine itebilir ve bu da d\u00fczeltme gerektirebilecek ince, tiz bir ses kalitesine yol a\u00e7abilir. Estetik orta y\u00fcz inceltme ile ses rezonans\u0131 stabilitesi aras\u0131ndaki bu denge, yanak ya\u011f\u0131n\u0131n al\u0131nmas\u0131n\u0131n sesin kad\u0131ns\u0131la\u015ft\u0131r\u0131lmas\u0131nda oynad\u0131\u011f\u0131 gizli rol\u00fcn \u00f6z\u00fcn\u00fc olu\u015fturmaktad\u0131r.<\/p>\n\n\n\n<h3 class=\"wp-block-heading\"><span class=\"ez-toc-section\" id=\"Sound_Wave_Propagation_and_Chamber_Dimensions\"><\/span>Ses Dalgalar\u0131n\u0131n Yay\u0131l\u0131m\u0131 ve Oda Boyutlar\u0131<span class=\"ez-toc-section-end\"><\/span><\/h3>\n\n\n\n<p>Ses dalgalar\u0131 ses yolundan ge\u00e7erken, yumu\u015fak ve sert dokulardan yans\u0131yarak benzersiz rezonans profilleri olu\u015fturur. Yanak ya\u011f yast\u0131\u011f\u0131, a\u011f\u0131z bo\u015flu\u011funun geni\u015fli\u011fini koruyan bir yast\u0131k g\u00f6revi g\u00f6r\u00fcr; bu yast\u0131\u011f\u0131n \u00e7\u0131kar\u0131lmas\u0131, i\u00e7 yanak duvarlar\u0131 aras\u0131ndaki mesafeyi azaltarak ses dalgalar\u0131n\u0131n izledi\u011fi yolu k\u0131salt\u0131r. Bu de\u011fi\u015fiklik, y\u00fcksek frekansl\u0131 armonikleri art\u0131rarak, do\u011fru \u015fekilde ayarland\u0131\u011f\u0131nda kad\u0131n sesi hedefleriyle uyumlu, daha parlak ve hafif bir ses tonuna katk\u0131da bulunur.<\/p>\n\n\n\n<figure class=\"wp-block-table\"><table><thead><tr><td><strong>Orta Y\u00fcz Hacim Seviyesi<\/strong><\/td><td><strong>A\u011f\u0131z bo\u015flu\u011fu boyutu<\/strong><\/td><td><strong>Formant Frekans\u0131 Trendi<\/strong><\/td><td><strong>Ses Feminizasyonunun Etkisi<\/strong><\/td><\/tr><\/thead><tbody><tr><td><strong>Normal<\/strong><\/td><td>Standart geni\u015flik<\/td><td>Ortalama kad\u0131n aral\u0131\u011f\u0131<\/td><td>Tarafs\u0131z ba\u015flang\u0131\u00e7 noktas\u0131<\/td><\/tr><tr><td><strong>Orta Derecede Kilo Kayb\u0131 (Yanak Ya\u011f Al\u0131m\u0131)<\/strong><\/td><td>Daralt\u0131lm\u0131\u015f<\/td><td>Y\u00fcksek, kad\u0131ns\u0131 aral\u0131kta<\/td><td>Kad\u0131nla\u015fma hedeflerini destekler.<\/td><\/tr><tr><td><strong>A\u015f\u0131r\u0131 Kay\u0131p<\/strong><\/td><td>\u00d6nemli \u00f6l\u00e7\u00fcde daralt\u0131ld\u0131<\/td><td>A\u015f\u0131r\u0131 y\u00fcksek, do\u011fal olmayan<\/td><td>Ses terapisi d\u00fczeltmesi gerektirir.<\/td><\/tr><\/tbody><\/table><\/figure>\n\n\n\n<figure class=\"wp-block-image size-large\"><img decoding=\"async\" width=\"1024\" height=\"572\" src=\"https:\/\/www.dr-mfo.com\/wp-content\/uploads\/2026\/04\/image-114-1024x572.png\" alt=\"\" class=\"wp-image-29105\" srcset=\"https:\/\/www.dr-mfo.com\/wp-content\/uploads\/2026\/04\/image-114-1024x572.png 1024w, https:\/\/www.dr-mfo.com\/wp-content\/uploads\/2026\/04\/image-114-300x167.png 300w, https:\/\/www.dr-mfo.com\/wp-content\/uploads\/2026\/04\/image-114-768x429.png 768w, https:\/\/www.dr-mfo.com\/wp-content\/uploads\/2026\/04\/image-114-18x10.png 18w, https:\/\/www.dr-mfo.com\/wp-content\/uploads\/2026\/04\/image-114.png 1376w\" sizes=\"(max-width: 1024px) 100vw, 1024px\" \/><\/figure>\n\n\n\n<h2 class=\"wp-block-heading\"><span class=\"ez-toc-section\" id=\"Clinical_Insights_From_FFS_Surgeons_and_Speech_Therapists\"><\/span>FFS Cerrahlar\u0131ndan ve Konu\u015fma Terapistlerinden Klinik Bilgiler<span class=\"ez-toc-section-end\"><\/span><\/h2>\n\n\n\n<p>Dr. <a href=\"https:\/\/www.dr-mfo.com\/tr\/who-is-drmfo\/\">Mehmet Fatih Okyay<\/a>, Avrupa ve T\u00fcrkiye&#039;de kurul onayl\u0131 plastik cerrah <a href=\"https:\/\/www.dr-mfo.com\/tr\/drmfo-klinigi\/\">Dr. MFO Klini\u011fi<\/a> i\u00e7inde <a href=\"https:\/\/www.dr-mfo.com\/tr\/hidden-paradise-antalya-and-touristic-feautures\/\">antalya<\/a>Antalya&#039;da bulunan bir uzman \u015f\u00f6yle a\u00e7\u0131kl\u0131yor: &quot;Art\u0131k yanak ya\u011f ald\u0131rma kons\u00fcltasyonlar\u0131m\u0131za ses tellerine y\u00f6nelik etki de\u011ferlendirmelerini de entegre ediyoruz. Bu i\u015flemi yapt\u0131rmak isteyen hastalar...&quot; <a href=\"https:\/\/www.dr-mfo.com\/tr\/ffs-yuz-feminizasyon-ameliyati\/\">FFS&#039;de yanak ya\u011f\u0131n\u0131n al\u0131nmas\u0131<\/a> Orta y\u00fcz b\u00f6lgesindeki hacim kayb\u0131n\u0131n, ya\u011f alma i\u015fleminin kapsam\u0131na ba\u011fl\u0131 olarak, ses hedeflerini destekleyebilece\u011fini veya ek terapi gerektirebilece\u011fini anlamalar\u0131 gerekiyor.&quot;\u201d<\/p>\n\n\n\n<p>Transgender ses e\u011fitimi konusunda uzmanla\u015fm\u0131\u015f konu\u015fma ve dil patolo\u011fu Elena Marchetti \u015funlar\u0131 belirtiyor: \u201cYanak i\u00e7i ya\u011f al\u0131nmas\u0131, ses dalgalar\u0131n\u0131n i\u00e7 yanaklardan ve damaktan yans\u0131ma \u015feklini de\u011fi\u015ftirir. \u00d6zellikle daha b\u00fcy\u00fck miktarda ya\u011f al\u0131nd\u0131\u011f\u0131nda, hastalar\u0131n istedikleri kad\u0131ns\u0131 ses kalitesini korumak i\u00e7in ameliyat sonras\u0131 3-6 ay boyunca hedefli formant ayarlama terapisine ihtiya\u00e7 duyduklar\u0131n\u0131 g\u00f6rd\u00fcm.\u201d<\/p>\n\n\n\n<h3 class=\"wp-block-heading\"><span class=\"ez-toc-section\" id=\"Case_Study_Aligned_Facial_and_Vocal_Outcomes\"><\/span>Vaka \u0130ncelemesi: Y\u00fcz ve Ses Sonu\u00e7lar\u0131nda Uyum<span class=\"ez-toc-section-end\"><\/span><\/h3>\n\n\n\n<p>32 ya\u015f\u0131nda trans bir kad\u0131n, y\u00fcz feminizasyon ameliyat\u0131n\u0131n bir par\u00e7as\u0131 olarak yanak ya\u011f dokusu ald\u0131rma i\u015flemine tabi tutuldu; ameliyat \u00f6ncesi kons\u00fcltasyona bir konu\u015fma terapisti de dahildi. Cerrahi ekip, yeterli orta y\u00fcz hacmini koruyarak yanak ya\u011f dokusundan 30% ald\u0131. Ameliyat sonras\u0131, a\u011f\u0131z bo\u015flu\u011fu hafif\u00e7e darald\u0131 ve F2 formant\u0131 12% y\u00fckseldi; bu da ses e\u011fitimi hedefleriyle uyumlu oldu. Sadece 4 haftal\u0131k idame tedavisine ihtiya\u00e7 duydu ve y\u00fcz ve ses feminizasyonunda tutarl\u0131 bir sonu\u00e7 elde etti.<\/p>\n\n\n\n<h2 class=\"wp-block-heading\"><span class=\"ez-toc-section\" id=\"Voice_Therapy_Protocols_for_Post-Buccal_Fat_Removal\"><\/span>Yanak Ya\u011f Al\u0131m\u0131 Sonras\u0131 Ses Terapisi Protokolleri<span class=\"ez-toc-section-end\"><\/span><\/h2>\n\n\n\n<p>Ki\u015fiye \u00f6zel ses terapisi protokolleri, orta y\u00fcz b\u00f6lgesindeki hacim kayb\u0131ndan kaynaklanan rezonans de\u011fi\u015fikliklerini ele alarak \u00fc\u00e7 temel alana odaklan\u0131r: formant kalibrasyonu, a\u011f\u0131z duru\u015fu ayarlamas\u0131 ve burun rezonans\u0131n\u0131n dengelenmesi. Ameliyat \u00f6ncesi de\u011ferlendirmeler, temel formant frekanslar\u0131n\u0131 belirleyerek terapistlerin ameliyat sonras\u0131 de\u011fi\u015fiklikleri tahmin etmelerine ve proaktif egzersizler tasarlamalar\u0131na olanak tan\u0131r.<\/p>\n\n\n\n<h3 class=\"wp-block-heading\"><span class=\"ez-toc-section\" id=\"Core_Therapy_Components\"><\/span>Temel Terapi Bile\u015fenleri<span class=\"ez-toc-section-end\"><\/span><\/h3>\n\n\n\n<p>Formant kalibrasyon egzersizleri, daha dar a\u011f\u0131z bo\u015fluklar\u0131n\u0131 telafi etmek i\u00e7in perde ve rezonans yerle\u015fimini ayarlamak amac\u0131yla s\u00fcrekli sesli harf sesleri kullan\u0131r. A\u011f\u0131z duru\u015fu e\u011fitimi, optimum a\u011f\u0131z bo\u015flu\u011fu \u015feklini korumak i\u00e7in yanak ve damak kaslar\u0131n\u0131 g\u00fc\u00e7lendirirken, burun rezonans\u0131 dengelemesi ses dalgalar\u0131n\u0131n a\u011f\u0131z ve burun bo\u015fluklar\u0131 aras\u0131nda e\u015fit olarak da\u011f\u0131lmas\u0131n\u0131 sa\u011flar. \u00c7o\u011fu hasta 8-12 haftal\u0131k bir terapi s\u00fcrecini tamamlar ve ses stabilitesi sa\u011fland\u0131k\u00e7a seanslar azalt\u0131l\u0131r.<\/p>\n\n\n\n<p>Ameliyat ge\u00e7iren hastalar <a href=\"https:\/\/www.dr-mfo.com\/tr\/yanak-buyutme\/\">orta y\u00fcz b\u00f6lgesinde hacim kayb\u0131<\/a> Ameliyat sonras\u0131 ilk \u015fi\u015flik ge\u00e7tikten sonra, 2 hafta i\u00e7inde terapiye ba\u015flanmas\u0131 \u00f6nerilir. Hem cerrahi ekiple hem de konu\u015fma terapistiyle d\u00fczenli kontroller, estetik iyile\u015fme ile ses geli\u015fimi aras\u0131nda uyum sa\u011flayarak uzun vadeli rezonans sorunlar\u0131n\u0131 \u00f6nler.<\/p>\n\n\n\n<figure class=\"wp-block-image size-large\"><img decoding=\"async\" width=\"1024\" height=\"572\" src=\"https:\/\/www.dr-mfo.com\/wp-content\/uploads\/2026\/04\/image-113-1024x572.png\" alt=\"\" class=\"wp-image-29104\" srcset=\"https:\/\/www.dr-mfo.com\/wp-content\/uploads\/2026\/04\/image-113-1024x572.png 1024w, https:\/\/www.dr-mfo.com\/wp-content\/uploads\/2026\/04\/image-113-300x167.png 300w, https:\/\/www.dr-mfo.com\/wp-content\/uploads\/2026\/04\/image-113-768x429.png 768w, https:\/\/www.dr-mfo.com\/wp-content\/uploads\/2026\/04\/image-113-18x10.png 18w, https:\/\/www.dr-mfo.com\/wp-content\/uploads\/2026\/04\/image-113.png 1376w\" sizes=\"(max-width: 1024px) 100vw, 1024px\" \/><\/figure>\n\n\n\n<h2 class=\"wp-block-heading\"><span class=\"ez-toc-section\" id=\"Actionable_Steps_for_Aligned_Facial_and_Vocal_Feminization\"><\/span>Y\u00fcz ve Sesin Kad\u0131ns\u0131la\u015ft\u0131r\u0131lmas\u0131 \u0130\u00e7in Uygulanabilir Ad\u0131mlar<span class=\"ez-toc-section-end\"><\/span><\/h2>\n\n\n\n<p>Yanak ya\u011flar\u0131n\u0131n al\u0131nmas\u0131 ve ses tellerinin feminizasyonu hedeflerinizi uyumlu hale getirmek ve tutarl\u0131 ge\u00e7i\u015f sonu\u00e7lar\u0131 elde etmek i\u00e7in \u015fu 5 ad\u0131m\u0131 izleyin:<\/p>\n\n\n\n<ul class=\"wp-block-list\">\n<li>Konu\u015fma terapistiyle mevcut ses rezonans\u0131n\u0131z\u0131 ve orta y\u00fcz hacminizi de\u011ferlendirin ve <a href=\"https:\/\/www.dr-mfo.com\/tr\/\">FFS cerrah\u0131<\/a> Ameliyat \u00f6ncesi.<\/li>\n\n\n\n<li>Sesinizde elde etmek istedi\u011finiz sonu\u00e7lar\u0131 cerrah\u0131n\u0131zla g\u00f6r\u00fc\u015ferek yanak ya\u011f\u0131n\u0131n al\u0131nma miktar\u0131n\u0131 uygun \u015fekilde ayarlay\u0131n.<\/li>\n\n\n\n<li>Ameliyat \u00f6ncesi ses terapisi planlayarak temel formant frekanslar\u0131n\u0131 belirleyin ve ameliyat sonras\u0131 de\u011fi\u015fiklikleri tahmin edin.<\/li>\n\n\n\n<li>Ameliyattan 2 hafta sonra, ki\u015fiye \u00f6zel bir protokole g\u00f6re 8-12 hafta s\u00fcrecek ameliyat sonras\u0131 tedaviye ba\u015flanmal\u0131d\u0131r.<\/li>\n\n\n\n<li>Ameliyat sonras\u0131 6 ay boyunca konu\u015fma terapistinizle birlikte ses rezonans stabilitesini takip edin ve egzersizleri gerekti\u011fi gibi ayarlay\u0131n.<\/li>\n<\/ul>\n\n\n\n<p>Y\u00fcz ve ses tellerini feminize etme hedeflerinizi birle\u015ftirmeye haz\u0131r m\u0131s\u0131n\u0131z? Yanak ya\u011f ald\u0131rma i\u015fleminin hem estetik hem de ses sonu\u00e7lar\u0131n\u0131 ele alan bir kons\u00fcltasyon randevusu almak i\u00e7in bug\u00fcn Dr. MFO Klini\u011fi ile ileti\u015fime ge\u00e7in.<\/p>\n\n\n\n<hr class=\"wp-block-separator has-alpha-channel-opacity\"\/>\n\n\n\n<h2 class=\"wp-block-heading\"><span class=\"ez-toc-section\" id=\"Frequently_Asked_Questions\"><\/span>S\u0131k\u00e7a Sorulan Sorular<span class=\"ez-toc-section-end\"><\/span><\/h2>\n\n\n<div id=\"rank-math-faq\" class=\"rank-math-block\">\n<div class=\"rank-math-list\">\n<div id=\"faq1\" class=\"rank-math-list-item\">\n<h3 class=\"rank-math-question\"><span class=\"ez-toc-section\" id=\"How_does_buccal_fat_removal_alter_vocal_resonance\"><\/span>Yanak ya\u011f\u0131n\u0131n al\u0131nmas\u0131 ses tellerinin rezonans\u0131n\u0131 nas\u0131l de\u011fi\u015ftirir?<span class=\"ez-toc-section-end\"><\/span><\/h3>\n<div class=\"rank-math-answer\">\n\n<p>Yanak ya\u011f\u0131n\u0131n al\u0131nmas\u0131, orta y\u00fcz hacmini azaltarak a\u011f\u0131z i\u00e7i rezonans odas\u0131n\u0131 k\u00fc\u00e7\u00fclt\u00fcr. Bu, ses dalgalar\u0131n\u0131n yay\u0131lma \u015feklini de\u011fi\u015ftirerek, kad\u0131ns\u0131 ses alg\u0131s\u0131yla ba\u011flant\u0131l\u0131 formant frekanslar\u0131n\u0131 y\u00fckseltir. Hastalar i\u015flem sonras\u0131 daha hafif, daha parlak bir ses kalitesi fark edebilirler; bu da ses e\u011fitimiyle birlikte uyguland\u0131\u011f\u0131nda kad\u0131nla\u015fma hedeflerini destekleyebilir.<\/p>\n\n<\/div>\n<\/div>\n<div id=\"faq2\" class=\"rank-math-list-item\">\n<h3 class=\"rank-math-question\"><span class=\"ez-toc-section\" id=\"Why_is_midface_volume_critical_for_vocal_feminization\"><\/span>Y\u00fcz orta k\u0131sm\u0131ndaki hacim, ses tellerinin kad\u0131ns\u0131la\u015ft\u0131r\u0131lmas\u0131 i\u00e7in neden kritik \u00f6neme sahiptir?<span class=\"ez-toc-section-end\"><\/span><\/h3>\n<div class=\"rank-math-answer\">\n\n<p>Orta y\u00fcz hacmi, ses rezonans\u0131n\u0131 \u015fekillendiren a\u011f\u0131z ve burun bo\u015fluklar\u0131n\u0131n yap\u0131s\u0131n\u0131 destekler. Yeterli hacim, dengeli formant frekanslar\u0131n\u0131 korurken, a\u015f\u0131r\u0131 kay\u0131p sesin ince veya do\u011fal olmayan bir \u015fekilde \u00e7\u0131kmas\u0131na neden olabilir. Optimal orta y\u00fcz hacminin korunmas\u0131, vokal sonu\u00e7lar\u0131n\u0131n kad\u0131ns\u0131 perde ve ton hedefleriyle uyumlu olmas\u0131n\u0131 sa\u011flar.<\/p>\n\n<\/div>\n<\/div>\n<div id=\"faq3\" class=\"rank-math-list-item\">\n<h3 class=\"rank-math-question\"><span class=\"ez-toc-section\" id=\"What_voice_therapy_protocols_help_after_buccal_fat_removal\"><\/span>Yanak ya\u011flar\u0131n\u0131n al\u0131nmas\u0131ndan sonra hangi ses terapisi protokolleri yard\u0131mc\u0131 olur?<span class=\"ez-toc-section-end\"><\/span><\/h3>\n<div class=\"rank-math-answer\">\n\n<p>Ameliyat sonras\u0131 ses terapisi, daha k\u00fc\u00e7\u00fck a\u011f\u0131z bo\u015fluklar\u0131n\u0131 telafi etmek i\u00e7in artik\u00fclasyon ve rezonans yerle\u015fimini ayarlamaya odaklan\u0131r. Protokoller aras\u0131nda formant y\u00fckseltme egzersizleri, a\u011f\u0131z duru\u015fu e\u011fitimi ve burun rezonans\u0131 dengelemesi yer al\u0131r. Hastalar\u0131n \u00e7o\u011fu, istedikleri kad\u0131ns\u0131 ses kalitesini stabilize etmek i\u00e7in 8-12 haftal\u0131k bir terapi s\u00fcrecini tamamlar.<\/p>\n\n<\/div>\n<\/div>\n<div id=\"faq4\" class=\"rank-math-list-item\">\n<h3 class=\"rank-math-question\"><span class=\"ez-toc-section\" id=\"How_do_FFS_surgeons_anticipate_vocal_changes_from_midface_volume_loss\"><\/span>Y\u00fcz feminizasyon ameliyat\u0131 (FFS) uzmanlar\u0131, orta y\u00fcz b\u00f6lgesindeki hacim kayb\u0131ndan kaynaklanacak ses de\u011fi\u015fikliklerini nas\u0131l \u00f6ng\u00f6r\u00fcyorlar?<span class=\"ez-toc-section-end\"><\/span><\/h3>\n<div class=\"rank-math-answer\">\n\n<p>Deneyimli FFS cerrahlar\u0131, orta y\u00fcz hacmini haritalamak ve rezonans de\u011fi\u015fikliklerini tahmin etmek i\u00e7in 3 boyutlu g\u00f6r\u00fcnt\u00fcleme kullan\u0131rlar. Hastan\u0131n vokal hedeflerine g\u00f6re yanak ya\u011f\u0131n\u0131n \u00e7\u0131kar\u0131lma derecesini ayarlarlar ve genellikle ameliyat \u00f6ncesinde konu\u015fma terapistlerine dan\u0131\u015f\u0131rlar. Bu b\u00fct\u00fcnle\u015fik yakla\u015f\u0131m, beklenmedik vokal de\u011fi\u015fimlerini en aza indirir ve estetik ve fonksiyonel sonu\u00e7lar\u0131 uyumlu hale getirir.<\/p>\n\n<\/div>\n<\/div>\n<div id=\"faq5\" class=\"rank-math-list-item\">\n<h3 class=\"rank-math-question\"><span class=\"ez-toc-section\" id=\"Can_buccal_fat_removal_hinder_vocal_feminization_progress\"><\/span>Yanak ya\u011f\u0131n\u0131n al\u0131nmas\u0131 ses tellerinin feminizasyon s\u00fcrecini engelleyebilir mi?<span class=\"ez-toc-section-end\"><\/span><\/h3>\n<div class=\"rank-math-answer\">\n\n<p>Evet, a\u015f\u0131r\u0131 ya\u011f al\u0131nd\u0131\u011f\u0131nda a\u011f\u0131z bo\u015flu\u011fu \u00e7ok k\u00fc\u00e7\u00fcl\u00fcr ve bu da do\u011fal olmayan, a\u015f\u0131r\u0131 y\u00fcksek formantlara neden olur. Bu durumun d\u00fczeltilmesi i\u00e7in yo\u011fun ses terapisi gerekebilir. Ses feminizasyonu isteyen hastalar, istenen ses sonu\u00e7lar\u0131n\u0131 cerrahlar\u0131yla g\u00f6r\u00fc\u015ferek ya\u011f alma miktar\u0131n\u0131 uygun \u015fekilde ayarlamal\u0131d\u0131r.<\/p>\n\n<\/div>\n<\/div>\n<div id=\"faq6\" class=\"rank-math-list-item\">\n<h3 class=\"rank-math-question\"><span class=\"ez-toc-section\" id=\"How_long_do_vocal_changes_from_buccal_fat_removal_last\"><\/span>Yanak ya\u011f\u0131n\u0131n al\u0131nmas\u0131ndan sonra ses tellerindeki de\u011fi\u015fiklikler ne kadar s\u00fcrer?<span class=\"ez-toc-section-end\"><\/span><\/h3>\n<div class=\"rank-math-answer\">\n\n<p>Ses de\u011fi\u015fiklikleri kal\u0131c\u0131d\u0131r, \u00e7\u00fcnk\u00fc yanak ya\u011f yast\u0131klar\u0131 yeniden olu\u015fmaz. Ba\u015flang\u0131\u00e7taki \u015fi\u015flik, rezonans\u0131 ge\u00e7ici olarak de\u011fi\u015ftirebilir, ancak nihai ses kalitesi ameliyattan 3-6 ay sonra stabilize olur. Bir konu\u015fma terapisti ile uzun vadeli izleme, kalan ayarlamalar\u0131n derhal ele al\u0131nmas\u0131n\u0131 sa\u011flar.<\/p>\n\n<\/div>\n<\/div>\n<\/div>\n<\/div>","protected":false},"excerpt":{"rendered":"<p>Most patients pursuing facial feminization surgery (FFS) view buccal fat removal as a purely aesthetic choice to slim the midface and enhance facial contours. Few realize this procedure alters the physical dimensions of oral and nasal resonance chambers, directly impacting vocal quality and feminization progress. This hidden interaction between midface volume loss and voice resonance [&hellip;]<\/p>\n","protected":false},"author":2,"featured_media":29103,"comment_status":"closed","ping_status":"closed","sticky":false,"template":"","format":"standard","meta":{"_acf_changed":false,"footnotes":""},"categories":[169],"tags":[],"class_list":["post-28911","post","type-post","status-publish","format-standard","has-post-thumbnail","hentry","category-facial-feminization"],"acf":[],"_links":{"self":[{"href":"https:\/\/www.dr-mfo.com\/tr\/wp-json\/wp\/v2\/posts\/28911","targetHints":{"allow":["GET"]}}],"collection":[{"href":"https:\/\/www.dr-mfo.com\/tr\/wp-json\/wp\/v2\/posts"}],"about":[{"href":"https:\/\/www.dr-mfo.com\/tr\/wp-json\/wp\/v2\/types\/post"}],"author":[{"embeddable":true,"href":"https:\/\/www.dr-mfo.com\/tr\/wp-json\/wp\/v2\/users\/2"}],"replies":[{"embeddable":true,"href":"https:\/\/www.dr-mfo.com\/tr\/wp-json\/wp\/v2\/comments?post=28911"}],"version-history":[{"count":1,"href":"https:\/\/www.dr-mfo.com\/tr\/wp-json\/wp\/v2\/posts\/28911\/revisions"}],"predecessor-version":[{"id":29107,"href":"https:\/\/www.dr-mfo.com\/tr\/wp-json\/wp\/v2\/posts\/28911\/revisions\/29107"}],"wp:featuredmedia":[{"embeddable":true,"href":"https:\/\/www.dr-mfo.com\/tr\/wp-json\/wp\/v2\/media\/29103"}],"wp:attachment":[{"href":"https:\/\/www.dr-mfo.com\/tr\/wp-json\/wp\/v2\/media?parent=28911"}],"wp:term":[{"taxonomy":"category","embeddable":true,"href":"https:\/\/www.dr-mfo.com\/tr\/wp-json\/wp\/v2\/categories?post=28911"},{"taxonomy":"post_tag","embeddable":true,"href":"https:\/\/www.dr-mfo.com\/tr\/wp-json\/wp\/v2\/tags?post=28911"}],"curies":[{"name":"wp","href":"https:\/\/api.w.org\/{rel}","templated":true}]}}