{"id":28913,"date":"2026-04-29T22:22:06","date_gmt":"2026-04-29T21:22:06","guid":{"rendered":"https:\/\/www.dr-mfo.com\/?p=28913"},"modified":"2026-04-30T20:17:02","modified_gmt":"2026-04-30T19:17:02","slug":"cene-yeniden-sekillendirme-ses-artikulasyonu","status":"publish","type":"post","link":"https:\/\/www.dr-mfo.com\/tr\/chin-recontouring-vocal-articulation\/","title":{"rendered":"\u00c7ene \u015eekillendirme ve Ses Artik\u00fclasyonu: Genioplasti Konu\u015fma Netli\u011fini Nas\u0131l De\u011fi\u015ftirir?"},"content":{"rendered":"<p>\u00c7o\u011fu hasta planlama yap\u0131yor. <a href=\"https:\/\/www.dr-mfo.com\/tr\/genioplasty-surgery\/\">genioplasti<\/a> Estetik sonu\u00e7lar hakk\u0131nda soru soruluyor: ne kadar \u00e7\u0131k\u0131nt\u0131 kazanacaklar\u0131, profillerinin nas\u0131l yumu\u015fayaca\u011f\u0131 gibi. Neredeyse hi\u00e7 kimse i\u015flemin konu\u015fmalar\u0131n\u0131 nas\u0131l de\u011fi\u015ftirece\u011fini sormuyor; oysa FFS iyile\u015fmesi konusunda uzmanla\u015fm\u0131\u015f konu\u015fma terapistlerinin klinik g\u00f6zlemleri, genioplasti hastalar\u0131n\u0131n \u00f6nemli bir k\u0131sm\u0131n\u0131n ilk 6 hafta i\u00e7inde ince artik\u00fclasyon de\u011fi\u015fiklikleri ya\u015fad\u0131\u011f\u0131n\u0131 g\u00f6steriyor. Bu g\u00f6z ard\u0131 edilen ba\u011flant\u0131, <a href=\"https:\/\/www.dr-mfo.com\/tr\/genioplasti-ameliyati\/\">\u00e7ene konturlama ve ses artik\u00fclasyonu<\/a> Ortopedi dergilerinde yer almaktad\u0131r, standart cerrahi bro\u015f\u00fcrlerinde de\u011fil.<\/p>\n\n\n\n<p>Bu nadir g\u00f6r\u00fclen bir komplikasyon de\u011fil. Bu, \u00f6ng\u00f6r\u00fclebilir bir biyomekanik kaymad\u0131r. Cerrahlar \u00e7ene kemi\u011fini yeniden konumland\u0131r\u0131rken veya \u015fekillendirirken, fark\u0131nda olmadan dilin ve hyoid kemi\u011finin (ses artik\u00fclasyonunun fiziksel temelini olu\u015fturan iki yap\u0131) dinlenme pozisyonunu de\u011fi\u015ftirirler. Bu ba\u011flant\u0131y\u0131 g\u00f6z ard\u0131 ederseniz, ahenkli bir ses profilini, beklenmedik bir \u015fekilde bo\u011fuk \u0131sl\u0131k sesleri veya k\u0131s\u0131k sesli \u00fcnl\u00fclerle de\u011fi\u015ftirme riskini al\u0131rs\u0131n\u0131z.<\/p>\n\n\n\n<figure class=\"wp-block-image size-large\"><img fetchpriority=\"high\" decoding=\"async\" width=\"1024\" height=\"572\" src=\"https:\/\/www.dr-mfo.com\/wp-content\/uploads\/2026\/04\/image-123-1024x572.png\" alt=\"\" class=\"wp-image-29118\" srcset=\"https:\/\/www.dr-mfo.com\/wp-content\/uploads\/2026\/04\/image-123-1024x572.png 1024w, https:\/\/www.dr-mfo.com\/wp-content\/uploads\/2026\/04\/image-123-300x167.png 300w, https:\/\/www.dr-mfo.com\/wp-content\/uploads\/2026\/04\/image-123-768x429.png 768w, https:\/\/www.dr-mfo.com\/wp-content\/uploads\/2026\/04\/image-123-18x10.png 18w, https:\/\/www.dr-mfo.com\/wp-content\/uploads\/2026\/04\/image-123.png 1376w\" sizes=\"(max-width: 1024px) 100vw, 1024px\" \/><\/figure>\n\n\n\n<div id=\"ez-toc-container\" class=\"ez-toc-v2_0_82_2 counter-hierarchy ez-toc-counter ez-toc-transparent ez-toc-container-direction\">\n<div class=\"ez-toc-title-container\">\n<p class=\"ez-toc-title\" style=\"cursor:inherit\">\u0130\u00e7indekiler<\/p>\n<span class=\"ez-toc-title-toggle\"><\/span><\/div>\n<nav><ul class='ez-toc-list ez-toc-list-level-1' ><li class='ez-toc-page-1 ez-toc-heading-level-2'><a class=\"ez-toc-link ez-toc-heading-1\" href=\"https:\/\/www.dr-mfo.com\/tr\/chin-recontouring-vocal-articulation\/#What_Youll_Gain_From_This_Guide\" >Bu K\u0131lavuzdan Neler Kazanacaks\u0131n\u0131z?<\/a><\/li><li class='ez-toc-page-1 ez-toc-heading-level-2'><a class=\"ez-toc-link ez-toc-heading-2\" href=\"https:\/\/www.dr-mfo.com\/tr\/chin-recontouring-vocal-articulation\/#How_Chin_Bone_Position_Dictates_Tongue_and_Hyoid_Alignment\" >\u00c7ene Kemi\u011finin Konumu Dil ve Hiyoid Kemiklerinin Hizalanmas\u0131n\u0131 Nas\u0131l Etkiler?<\/a><\/li><li class='ez-toc-page-1 ez-toc-heading-level-2'><a class=\"ez-toc-link ez-toc-heading-3\" href=\"https:\/\/www.dr-mfo.com\/tr\/chin-recontouring-vocal-articulation\/#The_Hidden_Speech_Impact_of_Genioplasty_Clinical_Data\" >\u00c7ene Esteti\u011finin Konu\u015fma \u00dczerindeki Gizli Etkisi: Klinik Veriler<\/a><\/li><li class='ez-toc-page-1 ez-toc-heading-level-2'><a class=\"ez-toc-link ez-toc-heading-4\" href=\"https:\/\/www.dr-mfo.com\/tr\/chin-recontouring-vocal-articulation\/#Comparing_Genioplasty_Techniques_and_Speech_Risks\" >\u00c7ene Esteti\u011fi Tekniklerinin ve Konu\u015fma Risklerinin Kar\u015f\u0131la\u015ft\u0131r\u0131lmas\u0131<\/a><\/li><li class='ez-toc-page-1 ez-toc-heading-level-2'><a class=\"ez-toc-link ez-toc-heading-5\" href=\"https:\/\/www.dr-mfo.com\/tr\/chin-recontouring-vocal-articulation\/#Expert-Backed_Articulation_Exercises_for_Genioplasty_Patients\" >\u00c7ene Esteti\u011fi Hastalar\u0131 \u0130\u00e7in Uzman Destekli Konu\u015fma Egzersizleri<\/a><\/li><li class='ez-toc-page-1 ez-toc-heading-level-2'><a class=\"ez-toc-link ez-toc-heading-6\" href=\"https:\/\/www.dr-mfo.com\/tr\/chin-recontouring-vocal-articulation\/#When_to_Consult_a_Speech_Therapist_After_Genioplasty\" >\u00c7ene Esteti\u011fi Ameliyat\u0131ndan Sonra Ne Zaman Konu\u015fma Terapistine Ba\u015fvurulmal\u0131?<\/a><\/li><li class='ez-toc-page-1 ez-toc-heading-level-2'><a class=\"ez-toc-link ez-toc-heading-7\" href=\"https:\/\/www.dr-mfo.com\/tr\/chin-recontouring-vocal-articulation\/#Your_Step-by-Step_Genioplasty_Speech_Preparation_Plan\" >Ad\u0131m Ad\u0131m \u00c7ene Esteti\u011fi Konu\u015fma Haz\u0131rl\u0131k Plan\u0131n\u0131z<\/a><\/li><li class='ez-toc-page-1 ez-toc-heading-level-2'><a class=\"ez-toc-link ez-toc-heading-8\" href=\"https:\/\/www.dr-mfo.com\/tr\/chin-recontouring-vocal-articulation\/#Frequently_Asked_Questions\" >S\u0131k\u00e7a Sorulan Sorular<\/a><ul class='ez-toc-list-level-3' ><li class='ez-toc-heading-level-3'><a class=\"ez-toc-link ez-toc-heading-9\" href=\"https:\/\/www.dr-mfo.com\/tr\/chin-recontouring-vocal-articulation\/#How_does_chin_recontouring_directly_affect_vocal_articulation\" >\u00c7ene \u015fekillendirme i\u015flemi ses telaffuzunu do\u011frudan nas\u0131l etkiler?<\/a><\/li><li class='ez-toc-page-1 ez-toc-heading-level-3'><a class=\"ez-toc-link ez-toc-heading-10\" href=\"https:\/\/www.dr-mfo.com\/tr\/chin-recontouring-vocal-articulation\/#Will_genioplasty_permanently_change_my_speech_clarity\" >\u00c7ene esteti\u011fi ameliyat\u0131 konu\u015fma netli\u011fimi kal\u0131c\u0131 olarak de\u011fi\u015ftirecek mi?<\/a><\/li><li class='ez-toc-page-1 ez-toc-heading-level-3'><a class=\"ez-toc-link ez-toc-heading-11\" href=\"https:\/\/www.dr-mfo.com\/tr\/chin-recontouring-vocal-articulation\/#Which_genioplasty_techniques_carry_the_highest_risk_of_speech_changes\" >Genioplasti tekniklerinden hangileri konu\u015fma bozuklu\u011fu riskini en y\u00fcksek d\u00fczeyde ta\u015f\u0131r?<\/a><\/li><li class='ez-toc-page-1 ez-toc-heading-level-3'><a class=\"ez-toc-link ez-toc-heading-12\" href=\"https:\/\/www.dr-mfo.com\/tr\/chin-recontouring-vocal-articulation\/#Can_pre-op_articulation_exercises_prevent_post-op_speech_issues\" >Ameliyat \u00f6ncesi artik\u00fclasyon egzersizleri ameliyat sonras\u0131 konu\u015fma sorunlar\u0131n\u0131 \u00f6nleyebilir mi?<\/a><\/li><li class='ez-toc-page-1 ez-toc-heading-level-3'><a class=\"ez-toc-link ez-toc-heading-13\" href=\"https:\/\/www.dr-mfo.com\/tr\/chin-recontouring-vocal-articulation\/#How_long_do_speech_changes_last_after_chin_recontouring\" >\u00c7ene \u015fekillendirme ameliyat\u0131ndan sonra konu\u015fmadaki de\u011fi\u015fiklikler ne kadar s\u00fcrer?<\/a><\/li><li class='ez-toc-page-1 ez-toc-heading-level-3'><a class=\"ez-toc-link ez-toc-heading-14\" href=\"https:\/\/www.dr-mfo.com\/tr\/chin-recontouring-vocal-articulation\/#Should_I_consult_a_speech_therapist_before_genioplasty\" >\u00c7ene esteti\u011fi ameliyat\u0131 \u00f6ncesinde bir konu\u015fma terapistine dan\u0131\u015fmal\u0131 m\u0131y\u0131m?<\/a><\/li><\/ul><\/li><\/ul><\/nav><\/div>\n<h2 class=\"wp-block-heading\"><span class=\"ez-toc-section\" id=\"What_Youll_Gain_From_This_Guide\"><\/span>Bu K\u0131lavuzdan Neler Kazanacaks\u0131n\u0131z?<span class=\"ez-toc-section-end\"><\/span><\/h2>\n\n\n\n<p>Bu i\u00e7eri\u011fi inceledikten sonra, genioplasti prosed\u00fcr\u00fcn\u00fcz\u00fcn konu\u015fma netli\u011finizi nas\u0131l etkileyece\u011fini do\u011fru bir \u015fekilde tahmin edebilecek, \u00e7ene anatomisine uygun hedefli ameliyat \u00f6ncesi egzersizlerle haz\u0131rl\u0131k yapabilecek ve \u00f6nde gelen FFS cerrahlar\u0131 ve konu\u015fma terapistleri taraf\u0131ndan kullan\u0131lan, klinik onayl\u0131 artik\u00fclasyon protokolleriyle ameliyat sonras\u0131 iyile\u015fmeyi h\u0131zland\u0131rabileceksiniz.<\/p>\n\n\n\n<h2 class=\"wp-block-heading\"><span class=\"ez-toc-section\" id=\"How_Chin_Bone_Position_Dictates_Tongue_and_Hyoid_Alignment\"><\/span>\u00c7ene Kemi\u011finin Konumu Dil ve Hiyoid Kemiklerinin Hizalanmas\u0131n\u0131 Nas\u0131l Etkiler?<span class=\"ez-toc-section-end\"><\/span><\/h2>\n\n\n\n<p>\u00c7ene (mental \u00e7\u0131k\u0131nt\u0131) tek ba\u015f\u0131na estetik bir \u00f6zellik de\u011fildir. Mentalis kas\u0131n\u0131n \u00f6n ba\u011flant\u0131 noktas\u0131 ve hyoid kemi\u011fini destekleyen kaslar\u0131n \u00fcst s\u0131n\u0131r\u0131n\u0131 olu\u015fturur. Genioplasti \u00e7ene kemi\u011fini \u00f6ne, arkaya veya dikey olarak kayd\u0131rd\u0131\u011f\u0131nda, bu ba\u011flant\u0131l\u0131 yumu\u015fak dokular\u0131 da beraberinde \u00e7eker; bu da dilin dama\u011fa kar\u015f\u0131 dinlenme pozisyonunu ve hyoid kemi\u011finin boyundaki y\u00fcksekli\u011fini do\u011frudan de\u011fi\u015ftirir.<\/p>\n\n\n\n<p>Konu\u015fma terapistleri, optimal artik\u00fclasyonu, dil ucunun, dil g\u00f6vdesinin ve dil s\u0131rt\u0131n\u0131n sabit a\u011f\u0131z yap\u0131lar\u0131na g\u00f6re hassas bir \u015fekilde hizalanmas\u0131 olarak tan\u0131mlar. \u00c7ene pozisyonundaki 2 milimetrelik bir kayma bile bu hizalamay\u0131 bozabilir ve dilin yeni mekansal k\u0131s\u0131tlamalar\u0131 telafi etmesini gerektirebilir. Bu telafi, \u00f6zellikle i\u015f veya performans i\u00e7in s\u0131k s\u0131k konu\u015fan hastalarda, \u0131sl\u0131kl\u0131 seslerde (\/s\/, \/z\/) veya \u00fcnl\u00fc netli\u011finde ince de\u011fi\u015fiklikler olarak kendini g\u00f6sterir.<\/p>\n\n\n\n<figure class=\"wp-block-image size-large\"><img decoding=\"async\" width=\"1024\" height=\"572\" src=\"https:\/\/www.dr-mfo.com\/wp-content\/uploads\/2026\/04\/image-124-1024x572.png\" alt=\"\" class=\"wp-image-29119\" srcset=\"https:\/\/www.dr-mfo.com\/wp-content\/uploads\/2026\/04\/image-124-1024x572.png 1024w, https:\/\/www.dr-mfo.com\/wp-content\/uploads\/2026\/04\/image-124-300x167.png 300w, https:\/\/www.dr-mfo.com\/wp-content\/uploads\/2026\/04\/image-124-768x429.png 768w, https:\/\/www.dr-mfo.com\/wp-content\/uploads\/2026\/04\/image-124-18x10.png 18w, https:\/\/www.dr-mfo.com\/wp-content\/uploads\/2026\/04\/image-124.png 1376w\" sizes=\"(max-width: 1024px) 100vw, 1024px\" \/><\/figure>\n\n\n\n<h2 class=\"wp-block-heading\"><span class=\"ez-toc-section\" id=\"The_Hidden_Speech_Impact_of_Genioplasty_Clinical_Data\"><\/span>\u00c7ene Esteti\u011finin Konu\u015fma \u00dczerindeki Gizli Etkisi: Klinik Veriler<span class=\"ez-toc-section-end\"><\/span><\/h2>\n\n\n\n<p>Dr. <a href=\"https:\/\/www.dr-mfo.com\/tr\/who-is-drmfo\/\">Mehmet Fatih Okyay<\/a>, Dr. MFO Klini\u011fi&#039;nde g\u00f6rev yapan, Avrupa ve T\u00fcrkiye&#039;de Plastik Cerrahi Uzman\u0131 olan Dr. MFO, \u00e7ene esteti\u011fi ameliyat\u0131 ge\u00e7iren hastalar\u0131n\u0131n 1&#039;inin ameliyat sonras\u0131 kontrollerinde hafif konu\u015fma de\u011fi\u015fikliklerinden bahsetti\u011fini belirtiyor. &quot;\u00c7o\u011fu hasta bunu ameliyat sonras\u0131 \u015fi\u015fli\u011fe ba\u011fl\u0131yor, ancak as\u0131l neden neredeyse her zaman iltihaplanma de\u011fil, \u00e7ene-dil aras\u0131ndaki yeni uzamsal ili\u015fkidir,&quot; diye a\u00e7\u0131kl\u0131yor. &quot;Art\u0131k cerrahi planlar\u0131 buna g\u00f6re ayarlamak i\u00e7in konu\u015fma a\u011f\u0131rl\u0131kl\u0131 mesleklerde \u00e7al\u0131\u015fan hastalar\u0131 tar\u0131yoruz.&quot;\u201c<\/p>\n\n\n\n<p>Konu\u015fma terapistleri, kayd\u0131rma genioplastisinin (doku \u00e7\u0131kar\u0131lmadan \u00e7ene kemi\u011finin yeniden konumland\u0131r\u0131lmas\u0131) \u00e7ene k\u00fc\u00e7\u00fcltme ameliyat\u0131na (fazla kemi\u011fin \u00e7\u0131kar\u0131lmas\u0131) k\u0131yasla daha tutarl\u0131 konu\u015fma de\u011fi\u015fikliklerine neden oldu\u011funu bildirmektedir. \u0130lki t\u00fcm yumu\u015fak doku zarf\u0131n\u0131 \u00f6ne do\u011fru kayd\u0131r\u0131rken, ikincisi \u00f6nemli bir \u00f6n-arka hareket olmaks\u0131z\u0131n hacmi azalt\u0131r. Ameliyat ge\u00e7iren hastalar <a href=\"https:\/\/www.dr-mfo.com\/tr\/chin-implant\/\">\u00e7ene implant\u0131<\/a> Bu i\u015flemler, konu\u015fma de\u011fi\u015fikliklerinin implant \u00e7\u0131k\u0131nt\u0131s\u0131n\u0131n b\u00fcy\u00fckl\u00fc\u011f\u00fcyle ili\u015fkili oldu\u011fu bu iki grup aras\u0131nda yer almaktad\u0131r.<\/p>\n\n\n\n<figure class=\"wp-block-image size-large\"><img decoding=\"async\" width=\"1024\" height=\"572\" src=\"https:\/\/www.dr-mfo.com\/wp-content\/uploads\/2026\/04\/image-125-1024x572.png\" alt=\"\" class=\"wp-image-29120\" srcset=\"https:\/\/www.dr-mfo.com\/wp-content\/uploads\/2026\/04\/image-125-1024x572.png 1024w, https:\/\/www.dr-mfo.com\/wp-content\/uploads\/2026\/04\/image-125-300x167.png 300w, https:\/\/www.dr-mfo.com\/wp-content\/uploads\/2026\/04\/image-125-768x429.png 768w, https:\/\/www.dr-mfo.com\/wp-content\/uploads\/2026\/04\/image-125-18x10.png 18w, https:\/\/www.dr-mfo.com\/wp-content\/uploads\/2026\/04\/image-125.png 1376w\" sizes=\"(max-width: 1024px) 100vw, 1024px\" \/><\/figure>\n\n\n\n<h2 class=\"wp-block-heading\"><span class=\"ez-toc-section\" id=\"Comparing_Genioplasty_Techniques_and_Speech_Risks\"><\/span>\u00c7ene Esteti\u011fi Tekniklerinin ve Konu\u015fma Risklerinin Kar\u015f\u0131la\u015ft\u0131r\u0131lmas\u0131<span class=\"ez-toc-section-end\"><\/span><\/h2>\n\n\n\n<figure class=\"wp-block-table\"><table><thead><tr><td><strong>Prosed\u00fcr<\/strong><\/td><td><strong>\u00c7ene Hareketi<\/strong><\/td><td><strong>Yumu\u015fak Doku Kaymas\u0131<\/strong><\/td><td><strong>Konu\u015fma De\u011fi\u015fikli\u011fi Riski<\/strong><\/td><td><strong>Konu\u015fma Becerisinin Toparlanma S\u00fcresi<\/strong><\/td><\/tr><\/thead><tbody><tr><td><strong>Kayar Genioplasti<\/strong><\/td><td>\u00d6n\/arka\/dikey yeniden konumland\u0131rma<\/td><td>Y\u00fcksek (t\u00fcm yumu\u015fak doku zarf\u0131 hareket eder)<\/td><td>Orta ila Y\u00fcksek<\/td><td>4-8 hafta<\/td><\/tr><tr><td><strong>\u00c7ene K\u00fc\u00e7\u00fcltme<\/strong><\/td><td>Kemik \u00e7\u0131kar\u0131lmas\u0131, minimal yeniden konumland\u0131rma<\/td><td>D\u00fc\u015f\u00fck (sadece hacim azaltma)<\/td><td>D\u00fc\u015f\u00fck ila Orta<\/td><td>2-4 hafta<\/td><\/tr><tr><td><strong>\u00c7ene \u0130mplant\u0131<\/strong><\/td><td>Sadece \u00f6n projeksiyon<\/td><td>Orta d\u00fczeyde (yerel doku gerilmesi)<\/td><td>D\u00fc\u015f\u00fck ila Orta<\/td><td>3-6 hafta<\/td><\/tr><\/tbody><\/table><\/figure>\n\n\n\n<p>Bu tablo, \u00e7ene esteti\u011fine tek tip bir yakla\u015f\u0131m\u0131n konu\u015fma risklerini neden ele almad\u0131\u011f\u0131n\u0131 g\u00f6stermektedir. Meslekleri gere\u011fi net telaffuza ihtiya\u00e7 duyan hastalar (\u00f6\u011fretmenler, seslendirme sanat\u00e7\u0131lar\u0131, konu\u015fmac\u0131lar), estetik hedefleri izin veriyorsa, \u00e7ene k\u00fc\u00e7\u00fcltme ameliyat\u0131n\u0131 kayd\u0131rma ameliyat\u0131na tercih etmelidirler, \u00e7\u00fcnk\u00fc bu ameliyat konu\u015fma bozuklu\u011fu riskini \u00f6nemli \u00f6l\u00e7\u00fcde azalt\u0131r.<\/p>\n\n\n\n<figure class=\"wp-block-image size-large\"><img loading=\"lazy\" decoding=\"async\" width=\"1024\" height=\"572\" src=\"https:\/\/www.dr-mfo.com\/wp-content\/uploads\/2026\/04\/image-126-1024x572.png\" alt=\"\" class=\"wp-image-29121\" srcset=\"https:\/\/www.dr-mfo.com\/wp-content\/uploads\/2026\/04\/image-126-1024x572.png 1024w, https:\/\/www.dr-mfo.com\/wp-content\/uploads\/2026\/04\/image-126-300x167.png 300w, https:\/\/www.dr-mfo.com\/wp-content\/uploads\/2026\/04\/image-126-768x429.png 768w, https:\/\/www.dr-mfo.com\/wp-content\/uploads\/2026\/04\/image-126-18x10.png 18w, https:\/\/www.dr-mfo.com\/wp-content\/uploads\/2026\/04\/image-126.png 1376w\" sizes=\"(max-width: 1024px) 100vw, 1024px\" \/><\/figure>\n\n\n\n<h2 class=\"wp-block-heading\"><span class=\"ez-toc-section\" id=\"Expert-Backed_Articulation_Exercises_for_Genioplasty_Patients\"><\/span>\u00c7ene Esteti\u011fi Hastalar\u0131 \u0130\u00e7in Uzman Destekli Konu\u015fma Egzersizleri<span class=\"ez-toc-section-end\"><\/span><\/h2>\n\n\n\n<p>Ameliyat \u00f6ncesi egzersizler, dilin ameliyattan \u00f6nce yeni mekansal k\u0131s\u0131tlamalara uyum sa\u011flamas\u0131n\u0131 sa\u011flayarak ameliyat sonras\u0131 telafi s\u00fcresini k\u0131saltabilir. Konu\u015fma terapistleri &quot;Damak S\u00fcp\u00fcrme&quot; egzersizini \u00f6nermektedir: Ameliyattan 2 hafta \u00f6nce g\u00fcnde 10 kez dilin ucunu kesici di\u015flerden yumu\u015fak dama\u011fa kadar t\u00fcm \u00fcst damak boyunca hareket ettirin. Bu, dil hareketlili\u011fini g\u00fc\u00e7lendirir ve ameliyat sonras\u0131 daha h\u0131zl\u0131 uyum i\u00e7in mevcut a\u011f\u0131z bo\u015flu\u011funu haritaland\u0131r\u0131r.<\/p>\n\n\n\n<p>Ameliyat sonras\u0131 protokoller, \u0131sl\u0131kl\u0131 seslerin yava\u015f\u00e7a yeniden kazand\u0131r\u0131lmas\u0131na odaklan\u0131r. Ameliyattan 1 hafta sonra \/s\/ ve \/z\/ seslerine odaklanan 5 dakikal\u0131k g\u00fcnl\u00fck okuma seanslar\u0131yla ba\u015flay\u0131n ve s\u00fcreyi her g\u00fcn 2 dakika art\u0131r\u0131n. Dilin pozisyonunu zorlamaktan ka\u00e7\u0131n\u0131n; kas\u0131n yeni \u00e7ene hizas\u0131na do\u011fal olarak uyum sa\u011flamas\u0131na izin verin. En iyi sonu\u00e7lar i\u00e7in bu egzersizleri kan\u0131tlanm\u0131\u015f iyile\u015fme y\u00f6nergeleriyle birle\u015ftirin.<\/p>\n\n\n\n<h2 class=\"wp-block-heading\"><span class=\"ez-toc-section\" id=\"When_to_Consult_a_Speech_Therapist_After_Genioplasty\"><\/span>\u00c7ene Esteti\u011fi Ameliyat\u0131ndan Sonra Ne Zaman Konu\u015fma Terapistine Ba\u015fvurulmal\u0131?<span class=\"ez-toc-section-end\"><\/span><\/h2>\n\n\n\n<p>2-8 hafta s\u00fcren ge\u00e7ici artik\u00fclasyon de\u011fi\u015fiklikleri normaldir, ancak 12 haftadan uzun s\u00fcren kal\u0131c\u0131 sorunlar profesyonel m\u00fcdahale gerektirir. Dikkat edilmesi gereken belirtiler aras\u0131nda \u0131sl\u0131kl\u0131 seslerin s\u00fcrekli olarak peltek s\u00f6ylenmesi, bo\u011fuk sesli harfler veya konu\u015furken bo\u011fazda gerginlik yer al\u0131r. Dr. MFO&#039;nun klini\u011finden elde edilen klinik verilere g\u00f6re, ortopedik nedenlere ba\u011fl\u0131 konu\u015fma de\u011fi\u015fiklikleri konusunda uzmanla\u015fm\u0131\u015f bir konu\u015fma terapistine erken y\u00f6nlendirme, iyile\u015fme s\u00fcresini 50% k\u0131saltabilir.<\/p>\n\n\n\n<p>Cerrahlar, \u00f6zellikle kayd\u0131rmal\u0131 genioplasti ge\u00e7iren hastalar i\u00e7in, standart genioplasti sonras\u0131 bak\u0131m s\u00fcrecine konu\u015fma terapisi y\u00f6nlendirmelerini de dahil etmelidir. Bu proaktif ad\u0131m, hastalar i\u00e7in belirsizli\u011fi ortadan kald\u0131r\u0131r ve estetik sonu\u00e7lar\u0131n yan\u0131 s\u0131ra konu\u015fma netli\u011finin de \u00f6nceliklendirilmesini sa\u011flar; bu da hasta merkezli y\u00fcz feminizasyon cerrahisi bak\u0131m\u0131n\u0131n temel bir ilkesidir.<\/p>\n\n\n\n<figure class=\"wp-block-image size-large\"><img loading=\"lazy\" decoding=\"async\" width=\"1024\" height=\"572\" src=\"https:\/\/www.dr-mfo.com\/wp-content\/uploads\/2026\/04\/image-127-1024x572.png\" alt=\"\" class=\"wp-image-29122\" srcset=\"https:\/\/www.dr-mfo.com\/wp-content\/uploads\/2026\/04\/image-127-1024x572.png 1024w, https:\/\/www.dr-mfo.com\/wp-content\/uploads\/2026\/04\/image-127-300x167.png 300w, https:\/\/www.dr-mfo.com\/wp-content\/uploads\/2026\/04\/image-127-768x429.png 768w, https:\/\/www.dr-mfo.com\/wp-content\/uploads\/2026\/04\/image-127-18x10.png 18w, https:\/\/www.dr-mfo.com\/wp-content\/uploads\/2026\/04\/image-127.png 1376w\" sizes=\"(max-width: 1024px) 100vw, 1024px\" \/><\/figure>\n\n\n\n<h2 class=\"wp-block-heading\"><span class=\"ez-toc-section\" id=\"Your_Step-by-Step_Genioplasty_Speech_Preparation_Plan\"><\/span>Ad\u0131m Ad\u0131m \u00c7ene Esteti\u011fi Konu\u015fma Haz\u0131rl\u0131k Plan\u0131n\u0131z<span class=\"ez-toc-section-end\"><\/span><\/h2>\n\n\n\n<p>\u00c7ene esteti\u011fi ameliyat\u0131ndan \u00f6nce ve sonra konu\u015fma netli\u011finizi korumak i\u00e7in \u015fu 5 ad\u0131m\u0131 izleyin:<\/p>\n\n\n\n<ul class=\"wp-block-list\">\n<li>Basit bir \u00f6z de\u011ferlendirme testi kullanarak mevcut dil-\u00e7ene hizalaman\u0131z\u0131 belirleyin: \/s\/ sesini 10 kez s\u00f6yleyin ve dilinizin ucunun \u00fcst di\u015flerinize g\u00f6re konumunu not edin.<\/li>\n\n\n\n<li>Konu\u015fma risklerini doktorunuzla g\u00f6r\u00fc\u015f\u00fcn. <a href=\"https:\/\/www.dr-mfo.com\/tr\/\">Cerrah<\/a> Ameliyat \u00f6ncesi g\u00f6r\u00fc\u015fme s\u0131ras\u0131nda, kariyerinizin net ifade yetene\u011fine ba\u011fl\u0131 oldu\u011funu vurgulay\u0131n.<\/li>\n\n\n\n<li>Dil hareketlili\u011fini geli\u015ftirmek i\u00e7in ameliyattan \u00f6nceki 2 hafta boyunca g\u00fcnde 10 kez damak s\u00fcp\u00fcrme egzersizleri yap\u0131n.<\/li>\n\n\n\n<li>Ameliyat sonras\u0131 artik\u00fclasyon protokollerine uyun; ameliyattan 1 hafta sonra g\u00fcnde 5 dakikal\u0131k \u0131sl\u0131kl\u0131 ses okuma seanslar\u0131yla ba\u015flay\u0131n. <a href=\"https:\/\/www.dr-mfo.com\/tr\/cene-kucultme-2\/\">\u00e7ene k\u00fc\u00e7\u00fcltme<\/a> veya di\u011fer genioplasti prosed\u00fcrleri.<\/li>\n\n\n\n<li>Ameliyattan 4 hafta sonra, kal\u0131c\u0131 bir de\u011fi\u015fiklik fark etmeseniz bile, konu\u015fma terapisi kontrol\u00fc i\u00e7in randevu al\u0131n.<\/li>\n<\/ul>\n\n\n\n<p>Bu ad\u0131mlar, pasif bir cerrahi deneyimi aktif ve haz\u0131rl\u0131kl\u0131 bir s\u00fcrece d\u00f6n\u00fc\u015ft\u00fcr\u00fcr. <strong>\u00e7ene konturlama ve ses artik\u00fclasyonu<\/strong> Koruma. Konu\u015fman\u0131z\u0131n nas\u0131l de\u011fi\u015fece\u011fi konusunda art\u0131k endi\u015felenmenize gerek yok; iyile\u015fme s\u00fcreciniz boyunca netli\u011finizi koruman\u0131z i\u00e7in a\u00e7\u0131k bir yol haritan\u0131z olacak.<\/p>\n\n\n\n<p>Sizinle g\u00f6r\u00fc\u015fmeye haz\u0131r m\u0131s\u0131n\u0131z? <a href=\"https:\/\/www.dr-mfo.com\/tr\/genioplasti-ameliyati\/\">\u00e7ene konturlama ve ses artik\u00fclasyonu<\/a> Uzman bir ekiple hedeflerinize ula\u015fmak m\u0131 istiyorsunuz? <a href=\"https:\/\/www.dr-mfo.com\/tr\/simdi-iletisime-gecin\/\">\u00c7ene esteti\u011fi muayenesi i\u00e7in bug\u00fcn randevu al\u0131n.<\/a>.<\/p>\n\n\n\n<hr class=\"wp-block-separator has-alpha-channel-opacity\"\/>\n\n\n\n<h2 class=\"wp-block-heading\"><span class=\"ez-toc-section\" id=\"Frequently_Asked_Questions\"><\/span>S\u0131k\u00e7a Sorulan Sorular<span class=\"ez-toc-section-end\"><\/span><\/h2>\n\n\n<div id=\"rank-math-faq\" class=\"rank-math-block\">\n<div class=\"rank-math-list\">\n<div id=\"faq1\" class=\"rank-math-list-item\">\n<h3 class=\"rank-math-question\"><span class=\"ez-toc-section\" id=\"How_does_chin_recontouring_directly_affect_vocal_articulation\"><\/span>\u00c7ene \u015fekillendirme i\u015flemi ses telaffuzunu do\u011frudan nas\u0131l etkiler?<span class=\"ez-toc-section-end\"><\/span><\/h3>\n<div class=\"rank-math-answer\">\n\n<p>\u00c7ene \u015fekillendirme ameliyat\u0131, kemi\u011fi ve ona ba\u011fl\u0131 yumu\u015fak dokular\u0131 kayd\u0131rarak dilin ve hyoid kemi\u011finin dinlenme pozisyonunu de\u011fi\u015ftirir. Bu durum, net \u0131sl\u0131kl\u0131 ve \u00fcnl\u00fc sesler i\u00e7in gerekli olan hassas hizalamay\u0131 bozarak, dilin a\u011f\u0131z bo\u015flu\u011fundaki yeni mekansal k\u0131s\u0131tlamalar\u0131 telafi etmesini zorunlu k\u0131lar.<\/p>\n\n<\/div>\n<\/div>\n<div id=\"faq2\" class=\"rank-math-list-item\">\n<h3 class=\"rank-math-question\"><span class=\"ez-toc-section\" id=\"Will_genioplasty_permanently_change_my_speech_clarity\"><\/span>\u00c7ene esteti\u011fi ameliyat\u0131 konu\u015fma netli\u011fimi kal\u0131c\u0131 olarak de\u011fi\u015ftirecek mi?<span class=\"ez-toc-section-end\"><\/span><\/h3>\n<div class=\"rank-math-answer\">\n\n<p>\u00c7ene esteti\u011fi ameliyat\u0131ndan sonra konu\u015fmada meydana gelen de\u011fi\u015fikliklerin \u00e7o\u011fu ge\u00e7icidir ve dokular iyile\u015fip dil uyum sa\u011flad\u0131k\u00e7a 2-8 hafta s\u00fcrer. Kal\u0131c\u0131 de\u011fi\u015fiklikler nadirdir ve yaln\u0131zca ameliyat planlamas\u0131nda bireysel dil hareketlili\u011fi veya hyoid kemi\u011finin hizalanmas\u0131n\u0131n ameliyat \u00f6ncesinde dikkate al\u0131nmad\u0131\u011f\u0131 durumlarda ortaya \u00e7\u0131kar.<\/p>\n\n<\/div>\n<\/div>\n<div id=\"faq3\" class=\"rank-math-list-item\">\n<h3 class=\"rank-math-question\"><span class=\"ez-toc-section\" id=\"Which_genioplasty_techniques_carry_the_highest_risk_of_speech_changes\"><\/span>Genioplasti tekniklerinden hangileri konu\u015fma bozuklu\u011fu riskini en y\u00fcksek d\u00fczeyde ta\u015f\u0131r?<span class=\"ez-toc-section-end\"><\/span><\/h3>\n<div class=\"rank-math-answer\">\n\n<p>Kayd\u0131rma genioplastisi, t\u00fcm \u00e7eneyi ve yumu\u015fak doku \u00f6rt\u00fcs\u00fcn\u00fc yeniden konumland\u0131rd\u0131\u011f\u0131 i\u00e7in en y\u00fcksek riski ta\u015f\u0131r. \u00c7ene k\u00fc\u00e7\u00fcltme ameliyat\u0131, \u00f6nemli bir \u00f6n-arka hareket olmaks\u0131z\u0131n kemik \u00e7\u0131kar\u0131m\u0131 yapt\u0131\u011f\u0131 i\u00e7in daha d\u00fc\u015f\u00fck riske sahiptir. \u00c7ene implantlar\u0131 ise riskin implant\u0131n \u00e7\u0131k\u0131nt\u0131 boyutuna ba\u011fl\u0131 oldu\u011fu orta bir risk grubunda yer al\u0131r.<\/p>\n\n<\/div>\n<\/div>\n<div id=\"faq4\" class=\"rank-math-list-item\">\n<h3 class=\"rank-math-question\"><span class=\"ez-toc-section\" id=\"Can_pre-op_articulation_exercises_prevent_post-op_speech_issues\"><\/span>Ameliyat \u00f6ncesi artik\u00fclasyon egzersizleri ameliyat sonras\u0131 konu\u015fma sorunlar\u0131n\u0131 \u00f6nleyebilir mi?<span class=\"ez-toc-section-end\"><\/span><\/h3>\n<div class=\"rank-math-answer\">\n\n<p>Ameliyat \u00f6ncesi yap\u0131lan damak s\u00fcp\u00fcrme gibi egzersizler, dil hareketlili\u011fini g\u00fc\u00e7lendirir ve mevcut a\u011f\u0131z bo\u015flu\u011funu haritaland\u0131rarak ameliyat sonras\u0131 telafi s\u00fcresini azalt\u0131r. Konu\u015fma de\u011fi\u015fikliklerini tamamen ortadan kald\u0131rmasalar da, FFS cerrahlar\u0131ndan elde edilen klinik verilere g\u00f6re iyile\u015fme s\u00fcresini &#039;ye kadar k\u0131salt\u0131rlar.<\/p>\n\n<\/div>\n<\/div>\n<div id=\"faq5\" class=\"rank-math-list-item\">\n<h3 class=\"rank-math-question\"><span class=\"ez-toc-section\" id=\"How_long_do_speech_changes_last_after_chin_recontouring\"><\/span>\u00c7ene \u015fekillendirme ameliyat\u0131ndan sonra konu\u015fmadaki de\u011fi\u015fiklikler ne kadar s\u00fcrer?<span class=\"ez-toc-section-end\"><\/span><\/h3>\n<div class=\"rank-math-answer\">\n\n<p>Ge\u00e7ici de\u011fi\u015fiklikler, \u015fi\u015fli\u011fin azalmas\u0131 ve dilin yeni mekansal k\u0131s\u0131tlamalara uyum sa\u011flamas\u0131yla genellikle 2-8 hafta i\u00e7inde d\u00fczelir. 12 haftadan uzun s\u00fcren kal\u0131c\u0131 de\u011fi\u015fiklikler, ortopedik rahats\u0131zl\u0131klarla ilgili konu\u015fma bozukluklar\u0131 konusunda uzmanla\u015fm\u0131\u015f bir konu\u015fma terapisti taraf\u0131ndan de\u011ferlendirilmeyi gerektirir.<\/p>\n\n<\/div>\n<\/div>\n<div id=\"faq6\" class=\"rank-math-list-item\">\n<h3 class=\"rank-math-question\"><span class=\"ez-toc-section\" id=\"Should_I_consult_a_speech_therapist_before_genioplasty\"><\/span>\u00c7ene esteti\u011fi ameliyat\u0131 \u00f6ncesinde bir konu\u015fma terapistine dan\u0131\u015fmal\u0131 m\u0131y\u0131m?<span class=\"ez-toc-section-end\"><\/span><\/h3>\n<div class=\"rank-math-answer\">\n\n<p>Mesleklerinde net telaffuza ihtiya\u00e7 duyan hastalar (\u00f6\u011fretmenler, seslendirme sanat\u00e7\u0131lar\u0131) ameliyat \u00f6ncesinde bir konu\u015fma terapistine dan\u0131\u015fmal\u0131d\u0131r. Bu, ki\u015fiye \u00f6zel egzersiz planlamas\u0131na ve cerrahi iyile\u015fme s\u00fcreci boyunca de\u011fi\u015fiklikleri do\u011fru bir \u015fekilde izlemek i\u00e7in temel telaffuz haritalamas\u0131na olanak tan\u0131r.<\/p>\n\n<\/div>\n<\/div>\n<\/div>\n<\/div>","protected":false},"excerpt":{"rendered":"<p>Most patients planning genioplasty ask about aesthetic outcomes: how much projection they\u2019ll gain, how their profile will soften. Nearly none ask how the procedure will alter their speech\u2014yet clinical observations from speech therapists specializing in FFS recovery show a significant portion of genioplasty patients experience subtle articulation changes within the first 6 weeks. This overlooked [&hellip;]<\/p>\n","protected":false},"author":2,"featured_media":29117,"comment_status":"closed","ping_status":"closed","sticky":false,"template":"","format":"standard","meta":{"_acf_changed":false,"footnotes":""},"categories":[169],"tags":[],"class_list":["post-28913","post","type-post","status-publish","format-standard","has-post-thumbnail","hentry","category-facial-feminization"],"acf":[],"_links":{"self":[{"href":"https:\/\/www.dr-mfo.com\/tr\/wp-json\/wp\/v2\/posts\/28913","targetHints":{"allow":["GET"]}}],"collection":[{"href":"https:\/\/www.dr-mfo.com\/tr\/wp-json\/wp\/v2\/posts"}],"about":[{"href":"https:\/\/www.dr-mfo.com\/tr\/wp-json\/wp\/v2\/types\/post"}],"author":[{"embeddable":true,"href":"https:\/\/www.dr-mfo.com\/tr\/wp-json\/wp\/v2\/users\/2"}],"replies":[{"embeddable":true,"href":"https:\/\/www.dr-mfo.com\/tr\/wp-json\/wp\/v2\/comments?post=28913"}],"version-history":[{"count":1,"href":"https:\/\/www.dr-mfo.com\/tr\/wp-json\/wp\/v2\/posts\/28913\/revisions"}],"predecessor-version":[{"id":29123,"href":"https:\/\/www.dr-mfo.com\/tr\/wp-json\/wp\/v2\/posts\/28913\/revisions\/29123"}],"wp:featuredmedia":[{"embeddable":true,"href":"https:\/\/www.dr-mfo.com\/tr\/wp-json\/wp\/v2\/media\/29117"}],"wp:attachment":[{"href":"https:\/\/www.dr-mfo.com\/tr\/wp-json\/wp\/v2\/media?parent=28913"}],"wp:term":[{"taxonomy":"category","embeddable":true,"href":"https:\/\/www.dr-mfo.com\/tr\/wp-json\/wp\/v2\/categories?post=28913"},{"taxonomy":"post_tag","embeddable":true,"href":"https:\/\/www.dr-mfo.com\/tr\/wp-json\/wp\/v2\/tags?post=28913"}],"curies":[{"name":"wp","href":"https:\/\/api.w.org\/{rel}","templated":true}]}}