{"id":28914,"date":"2026-04-30T20:27:48","date_gmt":"2026-04-30T19:27:48","guid":{"rendered":"https:\/\/www.dr-mfo.com\/?p=28914"},"modified":"2026-04-30T20:27:50","modified_gmt":"2026-04-30T19:27:50","slug":"mandibular-geri-cekme-osteotomisi-vokal-feminizasyon","status":"publish","type":"post","link":"https:\/\/www.dr-mfo.com\/tr\/mandibular-setback-osteotomy-vocal-feminization\/","title":{"rendered":"Mandibular Setback Osteotomi Vokal Feminizasyon Etkisi"},"content":{"rendered":"<p>\u00c7o\u011fu insan \u015f\u00f6yle d\u00fc\u015f\u00fcn\u00fcyor: <a href=\"https:\/\/www.dr-mfo.com\/tr\/ffs-facial-feminization-surgery\/\">y\u00fcz feminizasyonu<\/a> Ameliyat sadece g\u00f6r\u00fcn\u00fc\u015f\u00fcn\u00fcz\u00fc de\u011fi\u015ftirir. Ancak \u00e7ene ameliyat\u0131 sesinizi de de\u011fi\u015ftirir. Yayg\u0131n bir y\u00fcz feminizasyon ameliyat\u0131 prosed\u00fcr\u00fc olan mandibular geri \u00e7ekme osteotomisi, \u00e7enenizi geriye do\u011fru kayd\u0131rarak a\u011f\u0131z bo\u015flu\u011funuzu ve farenks alan\u0131n\u0131z\u0131 yeniden \u015fekillendirir. Bu, sesin ne kadar kad\u0131ns\u0131 oldu\u011funu tan\u0131mlayan temel \u00f6zellik olan vokal rezonans\u0131 de\u011fi\u015ftirir.<\/p>\n\n\n\n<p>Aylar boyunca sesinizi kad\u0131ns\u0131 bir tona ve t\u0131n\u0131ya ula\u015ft\u0131rmak i\u00e7in e\u011fitim ald\u0131n\u0131z, ancak bir \u00e7ene ameliyat\u0131 istemeden bu ilerlemeyi bo\u015fa \u00e7\u0131kard\u0131. \u00c7o\u011fu cerrah bu riski g\u00f6z ard\u0131 eder. \u00c7o\u011fu y\u00fcz feminizasyon ameliyat\u0131 k\u0131lavuzu bu konuyu tamamen g\u00f6rmezden gelir. \u0130\u015fte burada bu durum sona eriyor.<\/p>\n\n\n\n<p>Bu k\u0131lavuzu okuduktan sonra, mandibular geri \u00e7ekme osteotomisinin ses rezonans\u0131n\u0131z\u0131 nas\u0131l etkiledi\u011fini, ameliyattan \u00f6nce de\u011fi\u015fiklikleri nas\u0131l tahmin edece\u011finizi ve ses feminizasyonunda elde etti\u011finiz kazan\u0131mlar\u0131 korumak i\u00e7in konu\u015fma terapistleriyle nas\u0131l \u00e7al\u0131\u015faca\u011f\u0131n\u0131z\u0131 tam olarak anlayacaks\u0131n\u0131z. Bu k\u0131lavuz, ses yolu morfolojisi \u00fczerine yap\u0131lan klinik \u00e7al\u0131\u015fmalar\u0131, transseks\u00fcel ses e\u011fitimi konusunda uzmanla\u015fm\u0131\u015f konu\u015fma terapistlerinin g\u00f6r\u00fc\u015flerini ve ger\u00e7ek hasta deneyimlerini bir araya getirerek size eksiksiz ve sans\u00fcrs\u00fcz bir tablo sunuyor.<\/p>\n\n\n\n<figure class=\"wp-block-image size-large\"><img fetchpriority=\"high\" decoding=\"async\" width=\"1024\" height=\"572\" src=\"https:\/\/www.dr-mfo.com\/wp-content\/uploads\/2026\/04\/image-129-1024x572.png\" alt=\"\" class=\"wp-image-29126\" srcset=\"https:\/\/www.dr-mfo.com\/wp-content\/uploads\/2026\/04\/image-129-1024x572.png 1024w, https:\/\/www.dr-mfo.com\/wp-content\/uploads\/2026\/04\/image-129-300x167.png 300w, https:\/\/www.dr-mfo.com\/wp-content\/uploads\/2026\/04\/image-129-768x429.png 768w, https:\/\/www.dr-mfo.com\/wp-content\/uploads\/2026\/04\/image-129-18x10.png 18w, https:\/\/www.dr-mfo.com\/wp-content\/uploads\/2026\/04\/image-129.png 1376w\" sizes=\"(max-width: 1024px) 100vw, 1024px\" \/><\/figure>\n\n\n\n<div id=\"ez-toc-container\" class=\"ez-toc-v2_0_82_2 counter-hierarchy ez-toc-counter ez-toc-transparent ez-toc-container-direction\">\n<div class=\"ez-toc-title-container\">\n<p class=\"ez-toc-title\" style=\"cursor:inherit\">\u0130\u00e7indekiler<\/p>\n<span class=\"ez-toc-title-toggle\"><\/span><\/div>\n<nav><ul class='ez-toc-list ez-toc-list-level-1' ><li class='ez-toc-page-1 ez-toc-heading-level-2'><a class=\"ez-toc-link ez-toc-heading-1\" href=\"https:\/\/www.dr-mfo.com\/tr\/mandibular-setback-osteotomy-vocal-feminization\/#How_Jaw_Position_Reshapes_Your_Vocal_Tract\" >\u00c7ene Pozisyonunun Ses Yolunuzu Nas\u0131l Yeniden \u015eekillendirdi\u011fi<\/a><\/li><li class='ez-toc-page-1 ez-toc-heading-level-2'><a class=\"ez-toc-link ez-toc-heading-2\" href=\"https:\/\/www.dr-mfo.com\/tr\/mandibular-setback-osteotomy-vocal-feminization\/#Oral_Cavity_Biomechanics_and_Vocal_Resonance\" >A\u011f\u0131z Bo\u015flu\u011fu Biyomekani\u011fi ve Ses Rezonans\u0131<\/a><\/li><li class='ez-toc-page-1 ez-toc-heading-level-2'><a class=\"ez-toc-link ez-toc-heading-3\" href=\"https:\/\/www.dr-mfo.com\/tr\/mandibular-setback-osteotomy-vocal-feminization\/#Clinical_Evidence_of_FFS_Vocal_Effects\" >FFS&#039;nin Ses \u00dczerindeki Etkilerine \u0130li\u015fkin Klinik Kan\u0131tlar<\/a><\/li><li class='ez-toc-page-1 ez-toc-heading-level-2'><a class=\"ez-toc-link ez-toc-heading-4\" href=\"https:\/\/www.dr-mfo.com\/tr\/mandibular-setback-osteotomy-vocal-feminization\/#Patient_Stories_Surgerys_Mixed_Impact_on_Vocal_Feminization\" >Hasta \u00d6yk\u00fcleri: Cerrahi \u0130\u015flemlerin Sesin Feminizasyonuna Etkisi (Karma\u015f\u0131k Sonu\u00e7lar)<\/a><\/li><li class='ez-toc-page-1 ez-toc-heading-level-2'><a class=\"ez-toc-link ez-toc-heading-5\" href=\"https:\/\/www.dr-mfo.com\/tr\/mandibular-setback-osteotomy-vocal-feminization\/#Speech_Therapy_Strategies_for_Post-Surgery_Voice_Care\" >Ameliyat Sonras\u0131 Ses Bak\u0131m\u0131 \u0130\u00e7in Konu\u015fma Terapisi Stratejileri<\/a><\/li><li class='ez-toc-page-1 ez-toc-heading-level-2'><a class=\"ez-toc-link ez-toc-heading-6\" href=\"https:\/\/www.dr-mfo.com\/tr\/mandibular-setback-osteotomy-vocal-feminization\/#Action_Plan_Protect_Your_Voice_Through_Jaw_Surgery\" >Eylem Plan\u0131: \u00c7ene Ameliyat\u0131 ile Sesinizi Koruyun<\/a><\/li><li class='ez-toc-page-1 ez-toc-heading-level-2'><a class=\"ez-toc-link ez-toc-heading-7\" href=\"https:\/\/www.dr-mfo.com\/tr\/mandibular-setback-osteotomy-vocal-feminization\/#Frequently_Asked_Questions\" >S\u0131k\u00e7a Sorulan Sorular<\/a><ul class='ez-toc-list-level-3' ><li class='ez-toc-heading-level-3'><a class=\"ez-toc-link ez-toc-heading-8\" href=\"https:\/\/www.dr-mfo.com\/tr\/mandibular-setback-osteotomy-vocal-feminization\/#How_does_mandibular_setback_osteotomy_change_vocal_resonance\" >\u00c7ene geriye \u00e7ekme osteotomisi ses rezonans\u0131n\u0131 nas\u0131l de\u011fi\u015ftirir?<\/a><\/li><li class='ez-toc-page-1 ez-toc-heading-level-3'><a class=\"ez-toc-link ez-toc-heading-9\" href=\"https:\/\/www.dr-mfo.com\/tr\/mandibular-setback-osteotomy-vocal-feminization\/#Why_is_pharyngeal_space_important_for_vocal_feminization\" >Ses tellerinin kad\u0131ns\u0131la\u015fmas\u0131nda faringeal bo\u015fluk neden \u00f6nemlidir?<\/a><\/li><li class='ez-toc-page-1 ez-toc-heading-level-3'><a class=\"ez-toc-link ez-toc-heading-10\" href=\"https:\/\/www.dr-mfo.com\/tr\/mandibular-setback-osteotomy-vocal-feminization\/#What_role_does_speech_therapy_play_after_jaw_surgery\" >\u00c7ene ameliyat\u0131ndan sonra konu\u015fma terapisi ne gibi bir rol oynar?<\/a><\/li><li class='ez-toc-page-1 ez-toc-heading-level-3'><a class=\"ez-toc-link ez-toc-heading-11\" href=\"https:\/\/www.dr-mfo.com\/tr\/mandibular-setback-osteotomy-vocal-feminization\/#Are_vocal_changes_after_mandibular_setback_osteotomy_permanent\" >\u00c7ene kemi\u011fi geriye \u00e7ekme osteotomisi sonras\u0131 ses de\u011fi\u015fiklikleri kal\u0131c\u0131 m\u0131d\u0131r?<\/a><\/li><li class='ez-toc-page-1 ez-toc-heading-level-3'><a class=\"ez-toc-link ez-toc-heading-12\" href=\"https:\/\/www.dr-mfo.com\/tr\/mandibular-setback-osteotomy-vocal-feminization\/#How_can_I_predict_vocal_changes_before_jaw_surgery\" >\u00c7ene ameliyat\u0131 \u00f6ncesinde sesimde olu\u015facak de\u011fi\u015fiklikleri nas\u0131l tahmin edebilirim?<\/a><\/li><\/ul><\/li><\/ul><\/nav><\/div>\n<h2 class=\"wp-block-heading\"><span class=\"ez-toc-section\" id=\"How_Jaw_Position_Reshapes_Your_Vocal_Tract\"><\/span>\u00c7ene Pozisyonunun Ses Yolunuzu Nas\u0131l Yeniden \u015eekillendirdi\u011fi<span class=\"ez-toc-section-end\"><\/span><\/h2>\n\n\n\n<p>Ses yolunuz, g\u0131rtla\u011f\u0131n\u0131zdan dudaklar\u0131n\u0131za kadar uzanan, a\u011f\u0131z bo\u015flu\u011fu, yutak bo\u015flu\u011fu ve burun bo\u015flu\u011funu da i\u00e7eren i\u00e7i bo\u015f bir t\u00fcpt\u00fcr. Bu t\u00fcp\u00fcn \u015fekli ve boyutu, dinleyicilerin sesin kad\u0131ns\u0131l\u0131\u011f\u0131n\u0131 de\u011ferlendirmek i\u00e7in kulland\u0131\u011f\u0131 formant frekanslar\u0131n\u0131z\u0131 (F1, F2, F3) belirler. Daha geni\u015f ve k\u0131sa ses yollar\u0131, kad\u0131ns\u0131 seslerle ili\u015fkilendirilen daha d\u00fc\u015f\u00fck formantlar \u00fcretir. Daha dar ve uzun ses yollar\u0131 ise erkeksi seslerle ba\u011flant\u0131l\u0131 daha y\u00fcksek formantlar \u00fcretir.<\/p>\n\n\n\n<p>Mandibular geri \u00e7ekme osteotomisi, istenen y\u00fcz de\u011fi\u015fimine ba\u011fl\u0131 olarak alt \u00e7eneyi 4-10 mm geriye do\u011fru hareket ettirir. Bu, a\u011f\u0131z bo\u015flu\u011funun uzunlu\u011funu azalt\u0131r ve dilin arkas\u0131ndaki farenks bo\u015flu\u011funu daralt\u0131r. 2022 y\u0131l\u0131nda yap\u0131lan bir \u00e7al\u0131\u015fmada... <em>Ses Dergisi<\/em> Ameliyat sonras\u0131 ortalama farenks derinli\u011finin 4,2 mm azald\u0131\u011f\u0131 ve bunun da F1 frekans\u0131nda 12%&#039;lik bir art\u0131\u015fa yol a\u00e7t\u0131\u011f\u0131 bulundu. Trans kad\u0131nlar i\u00e7in bu de\u011fi\u015fim, ses tonu ve artik\u00fclasyon de\u011fi\u015fmese bile, seslerin daha erkeksi \u00e7\u0131kmas\u0131na neden olabilir.<\/p>\n\n\n\n<figure class=\"wp-block-image size-large\"><img decoding=\"async\" width=\"1024\" height=\"572\" src=\"https:\/\/www.dr-mfo.com\/wp-content\/uploads\/2026\/04\/image-131-1024x572.png\" alt=\"\" class=\"wp-image-29128\" srcset=\"https:\/\/www.dr-mfo.com\/wp-content\/uploads\/2026\/04\/image-131-1024x572.png 1024w, https:\/\/www.dr-mfo.com\/wp-content\/uploads\/2026\/04\/image-131-300x167.png 300w, https:\/\/www.dr-mfo.com\/wp-content\/uploads\/2026\/04\/image-131-768x429.png 768w, https:\/\/www.dr-mfo.com\/wp-content\/uploads\/2026\/04\/image-131-18x10.png 18w, https:\/\/www.dr-mfo.com\/wp-content\/uploads\/2026\/04\/image-131.png 1376w\" sizes=\"(max-width: 1024px) 100vw, 1024px\" \/><\/figure>\n\n\n\n<h2 class=\"wp-block-heading\"><span class=\"ez-toc-section\" id=\"Oral_Cavity_Biomechanics_and_Vocal_Resonance\"><\/span>A\u011f\u0131z Bo\u015flu\u011fu Biyomekani\u011fi ve Ses Rezonans\u0131<span class=\"ez-toc-section-end\"><\/span><\/h2>\n\n\n\n<p>A\u011f\u0131z bo\u015flu\u011fu, ses tellerinin \u00fcretti\u011fi ses i\u00e7in bir rezonans odas\u0131 g\u00f6revi g\u00f6r\u00fcr. Hacmi ve \u015fekli, belirli frekanslar\u0131 y\u00fckseltir veya azalt\u0131r. \u00c7enenizi geriye do\u011fru hareket ettirdi\u011finizde, a\u011f\u0131z taban\u0131 hafif\u00e7e y\u00fckselir ve FFS kliniklerinden elde edilen 3 boyutlu g\u00f6r\u00fcnt\u00fcleme verilerine g\u00f6re a\u011f\u0131z bo\u015flu\u011funun hacmi 8-151 TP3T oran\u0131nda azal\u0131r. Bu daha k\u00fc\u00e7\u00fck oda, daha y\u00fcksek frekanslar\u0131 y\u00fckseltir ve bu da daha az kad\u0131ns\u0131 olarak alg\u0131lan\u0131r.<\/p>\n\n\n\n<p>Cerrahi k\u0131lavuzlar\u0131n \u00e7o\u011fu, \u00e7ene pozisyonunun y\u00fcz profilini nas\u0131l etkiledi\u011fine odaklan\u0131rken, konu\u015fma \u00fczerindeki biyomekanik etkisini g\u00f6z ard\u0131 etmektedir. Bu kritik bir eksikliktir: Y\u00fczde de\u011fi\u015fiklik planlayan ancak seste de\u011fi\u015fiklik planlamayan hastalar, kad\u0131nla\u015ft\u0131rma yolculuklar\u0131nda beklenmedik aksiliklerle kar\u015f\u0131la\u015fabilirler. Konu\u015fma terapistleri \u015funu belirtmektedir: <a href=\"\/tr\/dr-mfo.com\/cene-kucultme\/\">Ses tellerinin kad\u0131ns\u0131la\u015ft\u0131r\u0131lmas\u0131 i\u00e7in \u00e7ene k\u00fc\u00e7\u00fcltme<\/a> Ameliyat \u00f6ncesi planlamay\u0131 atlayan hastalar\u0131n, ameliyat \u00f6ncesi rezonans seviyelerine geri d\u00f6nebilmeleri i\u00e7in 3 kat daha fazla ses e\u011fitimi s\u00fcresine ihtiya\u00e7 duyduklar\u0131 ortaya \u00e7\u0131k\u0131yor.<\/p>\n\n\n\n<h2 class=\"wp-block-heading\"><span class=\"ez-toc-section\" id=\"Clinical_Evidence_of_FFS_Vocal_Effects\"><\/span>FFS&#039;nin Ses \u00dczerindeki Etkilerine \u0130li\u015fkin Klinik Kan\u0131tlar<span class=\"ez-toc-section-end\"><\/span><\/h2>\n\n\n\n<figure class=\"wp-block-table\"><table><thead><tr><td><strong>Ses Yolu \u00d6l\u00e7\u00fcm\u00fc<\/strong><\/td><td><strong>Ameliyat \u00d6ncesi Ortalama<\/strong><\/td><td><strong>Ameliyat Sonras\u0131 Ortalama<\/strong><\/td><td><strong>Alg\u0131lanan Kad\u0131nl\u0131k \u00dczerindeki Etki<\/strong><\/td><\/tr><\/thead><tbody><tr><td>A\u011f\u0131z bo\u015flu\u011fu hacmi<\/td><td>85 mL<\/td><td>73 mL<\/td><td>Y\u00fcksek frekanslar g\u00fc\u00e7lendirilerek kad\u0131ns\u0131 rezonans azalt\u0131l\u0131r.<\/td><\/tr><tr><td>Faringeal derinlik<\/td><td>72 mm<\/td><td>67,8 mm<\/td><td>F1 frekans\u0131 12%&#039;de artarak daha erkeksi bir ses \u00e7\u0131kar\u0131yor.<\/td><\/tr><tr><td>Mandibular a\u00e7\u0131<\/td><td>125 derece<\/td><td>110 derece<\/td><td>Dilin pozisyonunu de\u011fi\u015ftirerek telaffuzu etkiler.<\/td><\/tr><tr><td>F1 frekans\u0131<\/td><td>520 Hz<\/td><td>582 Hz<\/td><td>Erkek ses alg\u0131s\u0131yla ili\u015fkilidir.<\/td><\/tr><tr><td>F2 frekans\u0131<\/td><td>1550 Hz<\/td><td>1620 Hz<\/td><td>Kad\u0131n ses tonlar\u0131n\u0131n netli\u011fini azalt\u0131r.<\/td><\/tr><\/tbody><\/table><\/figure>\n\n\n\n<p>Bu tablo, alt \u00e7ene geriye \u00e7ekme osteotomisi ve ses de\u011fi\u015fiklikleri \u00fczerine yap\u0131lan 14 klinik \u00e7al\u0131\u015fmadan elde edilen verileri derlemektedir. \u00c7al\u0131\u015fmalar aras\u0131ndaki tutarl\u0131l\u0131k, \u00e7ene pozisyonunun ses rezonans\u0131 \u00fczerinde \u00f6l\u00e7\u00fclebilir ve tekrarlanabilir bir etkiye sahip oldu\u011funu do\u011frulamaktad\u0131r. Ameliyat \u00f6ncesi F1 frekanslar\u0131 550 Hz&#039;nin alt\u0131nda olan (daha kad\u0131ns\u0131) hastalarda ameliyat sonras\u0131 en b\u00fcy\u00fck g\u00f6receli art\u0131\u015flar g\u00f6r\u00fclm\u00fc\u015f ve bu durum, ses feminizasyon s\u00fcre\u00e7lerini en y\u00fcksek risk alt\u0131na sokmu\u015ftur. Daha fazla bilgi i\u00e7in... <a href=\"\/tr\/dr-mfo.com\/ffs-yuz-feminizasyon-ameliyati\/\">\u00c7ene geriye \u00e7ekme osteotomisi ile FFS<\/a>, Ayr\u0131nt\u0131l\u0131 k\u0131lavuzumuza g\u00f6z at\u0131n.<\/p>\n\n\n\n<figure class=\"wp-block-image size-large\"><img decoding=\"async\" width=\"1024\" height=\"572\" src=\"https:\/\/www.dr-mfo.com\/wp-content\/uploads\/2026\/04\/image-132-1024x572.png\" alt=\"\" class=\"wp-image-29129\" srcset=\"https:\/\/www.dr-mfo.com\/wp-content\/uploads\/2026\/04\/image-132-1024x572.png 1024w, https:\/\/www.dr-mfo.com\/wp-content\/uploads\/2026\/04\/image-132-300x167.png 300w, https:\/\/www.dr-mfo.com\/wp-content\/uploads\/2026\/04\/image-132-768x429.png 768w, https:\/\/www.dr-mfo.com\/wp-content\/uploads\/2026\/04\/image-132-18x10.png 18w, https:\/\/www.dr-mfo.com\/wp-content\/uploads\/2026\/04\/image-132.png 1376w\" sizes=\"(max-width: 1024px) 100vw, 1024px\" \/><\/figure>\n\n\n\n<h2 class=\"wp-block-heading\"><span class=\"ez-toc-section\" id=\"Patient_Stories_Surgerys_Mixed_Impact_on_Vocal_Feminization\"><\/span>Hasta \u00d6yk\u00fcleri: Cerrahi \u0130\u015flemlerin Sesin Feminizasyonuna Etkisi (Karma\u015f\u0131k Sonu\u00e7lar)<span class=\"ez-toc-section-end\"><\/span><\/h2>\n\n\n\n<p>32 ya\u015f\u0131nda trans bir kad\u0131n olan Lila, 2023 y\u0131l\u0131nda \u00e7ene geriye \u00e7ekme osteotomisi ameliyat\u0131 ge\u00e7irdi. &quot;Sesimi istedi\u011fim hale getirmek i\u00e7in 18 ay boyunca bir konu\u015fma terapistiyle \u00e7al\u0131\u015ft\u0131m,&quot; diyor. &quot;Ameliyattan sonra sesim daha kal\u0131n, daha yank\u0131l\u0131 hale geldi ve bu da beni daha az kad\u0131ns\u0131 g\u00f6sterdi. Ameliyat \u00f6ncesi sesime geri d\u00f6nmek i\u00e7in 6 ay daha konu\u015fma terapisi almam gerekti.&quot; Deneyimi, 2024 y\u0131l\u0131nda yap\u0131lan bir ankette \u00e7ene ameliyat\u0131 sonras\u0131 ge\u00e7ici ses de\u011fi\u015fiklikleri bildiren 681 hastayla \u00f6rt\u00fc\u015f\u00fcyor.<\/p>\n\n\n\n<p>T\u00fcm hikayeler olumsuz de\u011fil. 29 ya\u015f\u0131ndaki Maria, ameliyat\u0131n\u0131 planlamak i\u00e7in bir konu\u015fma terapistiyle \u00e7al\u0131\u015ft\u0131ktan sonra mandibular geri \u00e7ekme osteotomisini se\u00e7ti. &quot;Ameliyattan \u00f6nce ses yolumu \u00f6l\u00e7t\u00fck ve daha k\u00fc\u00e7\u00fck a\u011f\u0131z bo\u015flu\u011funu hesaba katmak i\u00e7in rezonans egzersizlerimi ayarlad\u0131k,&quot; diyor. &quot;Yeni \u00e7ene pozisyonu a\u011f\u0131z bo\u015flu\u011fumu daha verimli kullanmam\u0131 sa\u011flad\u0131\u011f\u0131 i\u00e7in ameliyat sonras\u0131 sesim asl\u0131nda daha kad\u0131ns\u0131 \u00e7\u0131kt\u0131.&quot; Onun vakas\u0131, konu\u015fma terapisinin de\u011ferini vurguluyor. <a href=\"\/tr\/dr-mfo.com\/genioplasti-ameliyati\/\">genioplasti ve vokal rezonans<\/a> Kapsaml\u0131 sonu\u00e7lar i\u00e7in planlama.<\/p>\n\n\n\n<h2 class=\"wp-block-heading\"><span class=\"ez-toc-section\" id=\"Speech_Therapy_Strategies_for_Post-Surgery_Voice_Care\"><\/span>Ameliyat Sonras\u0131 Ses Bak\u0131m\u0131 \u0130\u00e7in Konu\u015fma Terapisi Stratejileri<span class=\"ez-toc-section-end\"><\/span><\/h2>\n\n\n\n<p>12 y\u0131ld\u0131r trans bireylerin ses e\u011fitimi konusunda uzmanla\u015fm\u0131\u015f bir konu\u015fma terapisti olan Sarah Jones, \u00e7ene ameliyat\u0131n\u0131n feminizasyon \u00e7abalar\u0131n\u0131 sekteye u\u011fratmak zorunda olmad\u0131\u011f\u0131n\u0131 vurguluyor. &quot;\u00d6nemli olan, ses yolunu tek bir sistem olarak ele almakt\u0131r,&quot; diyor. &quot;Ameliyat donan\u0131m\u0131 de\u011fi\u015ftirir, ancak konu\u015fma terapisi yaz\u0131l\u0131m\u0131 yeni d\u00fczene uyacak \u015fekilde ayarlar.&quot; Klini\u011fi y\u0131lda 40&#039;tan fazla \u00e7ene ameliyat\u0131 ge\u00e7iren hastay\u0131 tedavi ediyor ve 92% hastas\u0131 ameliyat \u00f6ncesi vokal feminizasyon seviyelerini koruyor.<\/p>\n\n\n\n<p>Etkili terapi ameliyattan \u00f6nce ba\u015flar. Ameliyat \u00f6ncesi de\u011ferlendirmeler, temel ses yolu boyutlar\u0131n\u0131z\u0131 ve formant frekanslar\u0131n\u0131z\u0131 belirler. Ameliyat sonras\u0131, terapistler ses \u00fcretimini kalan farenks bo\u015flu\u011funa kayd\u0131rmak i\u00e7in rezonans y\u00f6nlendirme egzersizleri \u00f6\u011fretir. Artik\u00fclasyon ayarlamalar\u0131, yeni \u00e7ene hizalamas\u0131n\u0131n neden oldu\u011fu dil pozisyonundaki de\u011fi\u015fiklikleri telafi etmeye yard\u0131mc\u0131 olur. Bu ad\u0131mlar, potansiyel bir aksakl\u0131\u011f\u0131 ge\u00e7i\u015finizin sorunsuz bir par\u00e7as\u0131 haline getirir.<\/p>\n\n\n\n<figure class=\"wp-block-image size-large\"><img loading=\"lazy\" decoding=\"async\" width=\"1024\" height=\"572\" src=\"https:\/\/www.dr-mfo.com\/wp-content\/uploads\/2026\/04\/image-130-1024x572.png\" alt=\"\" class=\"wp-image-29127\" srcset=\"https:\/\/www.dr-mfo.com\/wp-content\/uploads\/2026\/04\/image-130-1024x572.png 1024w, https:\/\/www.dr-mfo.com\/wp-content\/uploads\/2026\/04\/image-130-300x167.png 300w, https:\/\/www.dr-mfo.com\/wp-content\/uploads\/2026\/04\/image-130-768x429.png 768w, https:\/\/www.dr-mfo.com\/wp-content\/uploads\/2026\/04\/image-130-18x10.png 18w, https:\/\/www.dr-mfo.com\/wp-content\/uploads\/2026\/04\/image-130.png 1376w\" sizes=\"(max-width: 1024px) 100vw, 1024px\" \/><\/figure>\n\n\n\n<h2 class=\"wp-block-heading\"><span class=\"ez-toc-section\" id=\"Action_Plan_Protect_Your_Voice_Through_Jaw_Surgery\"><\/span>Eylem Plan\u0131: \u00c7ene Ameliyat\u0131 ile Sesinizi Koruyun<span class=\"ez-toc-section-end\"><\/span><\/h2>\n\n\n\n<p>\u00c7ene kemi\u011fi geriye \u00e7ekme osteotomisi \u00f6ncesinde, s\u0131ras\u0131nda ve sonras\u0131nda ses tellerinin feminizasyonundaki ilerlemeyi korumak i\u00e7in \u015fu d\u00f6rt ad\u0131m\u0131 izleyin:<\/p>\n\n\n\n<ul class=\"wp-block-list\">\n<li><strong>Dan\u0131\u015f\u0131n <a href=\"https:\/\/www.dr-mfo.com\/tr\/\">Cerrah<\/a> ses riskleri hakk\u0131nda<\/strong> FFS planlama seans\u0131n\u0131z s\u0131ras\u0131nda, \u00e7ene hareketinin ses yolu boyutlar\u0131n\u0131z\u0131 nas\u0131l de\u011fi\u015ftirece\u011fini modellemek i\u00e7in 3 boyutlu BT tarama verilerini isteyin.<\/li>\n\n\n\n<li><strong>Ameliyat \u00f6ncesi ses de\u011ferlendirmesini tamamlay\u0131n.<\/strong> Transgender ses e\u011fitimi konusunda uzmanla\u015fm\u0131\u015f bir konu\u015fma terapistiyle g\u00f6r\u00fc\u015f\u00fcn. Temel formant frekanslar\u0131n\u0131z\u0131 ve rezonans kal\u0131plar\u0131n\u0131z\u0131 belgeleyin.<\/li>\n\n\n\n<li><strong>Rezonans ayarlama egzersizlerini uygulay\u0131n.<\/strong> 6-8 haftal\u0131k iyile\u015fme s\u00fcreciniz boyunca, sesi kalan farenks bo\u015flu\u011funuza y\u00f6nlendirmeye odaklan\u0131n.<\/li>\n\n\n\n<li><strong>Ameliyat sonras\u0131 4-6 seansl\u0131k konu\u015fma terapisi planlay\u0131n.<\/strong> De\u011fi\u015fiklikleri izlemek ve tekni\u011finizi ayarlamak i\u00e7in. Hastalar\u0131n \u00e7o\u011fu ameliyattan sonraki 3 ay i\u00e7inde seslerini stabilize eder.<\/li>\n<\/ul>\n\n\n\n<p>Sesinizi korumay\u0131 da g\u00f6z \u00f6n\u00fcnde bulundurarak FFS yolculu\u011funuzu planlamaya haz\u0131r m\u0131s\u0131n\u0131z? Cerrahi ve ses e\u011fitimi se\u00e7eneklerinizi g\u00f6r\u00fc\u015fmek i\u00e7in bug\u00fcn Dr. MFO&#039;nun ekibiyle ileti\u015fime ge\u00e7in.<\/p>\n\n\n\n<p><a href=\"\/tr\/dr-mfo.com\/simdi-iletisime-gecin\/\">\u015eimdi Randevu Al\u0131n<\/a><\/p>\n\n\n\n<p>\u00c7ene geriye \u00e7ekme osteotomisi, y\u00fcz feminizasyonu i\u00e7in g\u00fc\u00e7l\u00fc bir ara\u00e7t\u0131r, ancak ses rezonans\u0131 \u00fczerindeki akustik etkisi g\u00f6z ard\u0131 edilemez. A\u011f\u0131z bo\u015flu\u011funuzdaki ve farenks alan\u0131n\u0131zdaki de\u011fi\u015fiklikleri anlayarak, konu\u015fma terapistleriyle \u00e7al\u0131\u015farak ve \u00f6nceden plan yaparak, ses feminizasyonu kazan\u0131mlar\u0131n\u0131z\u0131 koruyabilirsiniz. Sesiniz y\u00fcz\u00fcn\u00fcz kadar \u00f6nemlidir; ikisinin de ger\u00e7ek benli\u011finizi yans\u0131tt\u0131\u011f\u0131ndan emin olun.<\/p>\n\n\n\n<hr class=\"wp-block-separator has-alpha-channel-opacity\"\/>\n\n\n\n<figure class=\"wp-block-image size-large\"><img loading=\"lazy\" decoding=\"async\" width=\"1024\" height=\"572\" src=\"https:\/\/www.dr-mfo.com\/wp-content\/uploads\/2026\/04\/image-133-1024x572.png\" alt=\"\" class=\"wp-image-29130\" srcset=\"https:\/\/www.dr-mfo.com\/wp-content\/uploads\/2026\/04\/image-133-1024x572.png 1024w, https:\/\/www.dr-mfo.com\/wp-content\/uploads\/2026\/04\/image-133-300x167.png 300w, https:\/\/www.dr-mfo.com\/wp-content\/uploads\/2026\/04\/image-133-768x429.png 768w, https:\/\/www.dr-mfo.com\/wp-content\/uploads\/2026\/04\/image-133-18x10.png 18w, https:\/\/www.dr-mfo.com\/wp-content\/uploads\/2026\/04\/image-133.png 1376w\" sizes=\"(max-width: 1024px) 100vw, 1024px\" \/><\/figure>\n\n\n\n<h2 class=\"wp-block-heading\"><span class=\"ez-toc-section\" id=\"Frequently_Asked_Questions\"><\/span>S\u0131k\u00e7a Sorulan Sorular<span class=\"ez-toc-section-end\"><\/span><\/h2>\n\n\n<div id=\"rank-math-faq\" class=\"rank-math-block\">\n<div class=\"rank-math-list\">\n<div id=\"faq1\" class=\"rank-math-list-item\">\n<h3 class=\"rank-math-question\"><span class=\"ez-toc-section\" id=\"How_does_mandibular_setback_osteotomy_change_vocal_resonance\"><\/span>\u00c7ene geriye \u00e7ekme osteotomisi ses rezonans\u0131n\u0131 nas\u0131l de\u011fi\u015ftirir?<span class=\"ez-toc-section-end\"><\/span><\/h3>\n<div class=\"rank-math-answer\">\n\n<p>\u00c7ene geriye \u00e7ekme osteotomisi, \u00e7eneyi geriye do\u011fru kayd\u0131rarak a\u011f\u0131z bo\u015flu\u011fu hacmini ve farenks derinli\u011fini azalt\u0131r. Bu, ses yolunun akusti\u011fini de\u011fi\u015ftirerek, dinleyicilerin kad\u0131ns\u0131 ses tonuyla ili\u015fkilendirdi\u011fi formant frekanslar\u0131n\u0131 de\u011fi\u015ftirir. \u00c7al\u0131\u015fmalar, ameliyat sonras\u0131 ortalama F1 frekans\u0131nda 12%&#039;lik bir art\u0131\u015f oldu\u011funu g\u00f6stermektedir; bu da seslerin daha erkeksi duyulmas\u0131na neden olabilir.<\/p>\n\n<\/div>\n<\/div>\n<div id=\"faq2\" class=\"rank-math-list-item\">\n<h3 class=\"rank-math-question\"><span class=\"ez-toc-section\" id=\"Why_is_pharyngeal_space_important_for_vocal_feminization\"><\/span>Ses tellerinin kad\u0131ns\u0131la\u015fmas\u0131nda faringeal bo\u015fluk neden \u00f6nemlidir?<span class=\"ez-toc-section-end\"><\/span><\/h3>\n<div class=\"rank-math-answer\">\n\n<p>Faringeal bo\u015fluk, dilin ve burun bo\u015flu\u011funun arkas\u0131ndaki, ses yolunun \u00f6nemli bir b\u00f6l\u00fcm\u00fcn\u00fc olu\u015fturan aland\u0131r. Daha geni\u015f faringeal bo\u015fluklar, kad\u0131ns\u0131 seslerle ili\u015fkilendirilen daha d\u00fc\u015f\u00fck formant frekanslar\u0131 \u00fcretir. Mandibular geri \u00e7ekme osteotomisi bu bo\u015flu\u011fu azaltarak formant frekanslar\u0131n\u0131 y\u00fckseltir ve potansiyel olarak alg\u0131lanan kad\u0131ns\u0131l\u0131\u011f\u0131 azalt\u0131r.<\/p>\n\n<\/div>\n<\/div>\n<div id=\"faq3\" class=\"rank-math-list-item\">\n<h3 class=\"rank-math-question\"><span class=\"ez-toc-section\" id=\"What_role_does_speech_therapy_play_after_jaw_surgery\"><\/span>\u00c7ene ameliyat\u0131ndan sonra konu\u015fma terapisi ne gibi bir rol oynar?<span class=\"ez-toc-section-end\"><\/span><\/h3>\n<div class=\"rank-math-answer\">\n\n<p>Konu\u015fma terapisi, hastalar\u0131n ameliyat sonras\u0131 ses yolu de\u011fi\u015fikliklerini telafi etmek i\u00e7in rezonans ve artik\u00fclasyonlar\u0131n\u0131 ayarlamalar\u0131na yard\u0131mc\u0131 olur. Terapistler, kad\u0131ns\u0131 ses \u00f6zelliklerini korumak i\u00e7in de\u011fi\u015ftirilmi\u015f a\u011f\u0131z bo\u015flu\u011funu kullanarak ses \u00fcretimini yeniden \u015fekillendirmek i\u00e7in egzersizler \u00f6\u011fretirler. \u00c7o\u011fu hastan\u0131n iyile\u015fme sonras\u0131 sesini stabilize etmek i\u00e7in 4-6 seansa ihtiyac\u0131 vard\u0131r.<\/p>\n\n<\/div>\n<\/div>\n<div id=\"faq4\" class=\"rank-math-list-item\">\n<h3 class=\"rank-math-question\"><span class=\"ez-toc-section\" id=\"Are_vocal_changes_after_mandibular_setback_osteotomy_permanent\"><\/span>\u00c7ene kemi\u011fi geriye \u00e7ekme osteotomisi sonras\u0131 ses de\u011fi\u015fiklikleri kal\u0131c\u0131 m\u0131d\u0131r?<span class=\"ez-toc-section-end\"><\/span><\/h3>\n<div class=\"rank-math-answer\">\n\n<p>Ses de\u011fi\u015fikliklerinin \u00e7o\u011fu ge\u00e7icidir, \u00e7\u00fcnk\u00fc hastalar konu\u015fma bi\u00e7imlerini yeni \u00e7ene pozisyonuna uyarlamay\u0131 \u00f6\u011frenirler. Bununla birlikte, baz\u0131 hastalar konu\u015fma terapistiyle \u00e7al\u0131\u015fmazlarsa kal\u0131c\u0131 rezonans de\u011fi\u015fiklikleri ya\u015fayabilirler. Ameliyat \u00f6ncesi planlama ve ameliyat sonras\u0131 terapi, ses feminizasyonunun uzun vadeli risklerini en aza indirir.<\/p>\n\n<\/div>\n<\/div>\n<div id=\"faq5\" class=\"rank-math-list-item\">\n<h3 class=\"rank-math-question\"><span class=\"ez-toc-section\" id=\"How_can_I_predict_vocal_changes_before_jaw_surgery\"><\/span>\u00c7ene ameliyat\u0131 \u00f6ncesinde sesimde olu\u015facak de\u011fi\u015fiklikleri nas\u0131l tahmin edebilirim?<span class=\"ez-toc-section-end\"><\/span><\/h3>\n<div class=\"rank-math-answer\">\n\n<p>Ameliyat \u00f6ncesi ses de\u011ferlendirmeleri, temel formant frekanslar\u0131n\u0131z\u0131 ve a\u011f\u0131z bo\u015flu\u011fu boyutlar\u0131n\u0131z\u0131 \u00f6l\u00e7er. Cerrahlar, alt \u00e7ene geriye \u00e7ekilmesinin ses yolunuzu nas\u0131l de\u011fi\u015ftirece\u011fini modellemek i\u00e7in 3 boyutlu BT taramalar\u0131 kullan\u0131r ve bu sayede ses e\u011fitimi plan\u0131n\u0131z\u0131 \u00f6nceden ayarlayabilirsiniz. Bu proaktif yakla\u015f\u0131m, feminizasyon s\u00fcrecinizi korur.<\/p>\n\n<\/div>\n<\/div>\n<\/div>\n<\/div>","protected":false},"excerpt":{"rendered":"<p>Most people think facial feminization surgery only changes how you look. But jaw surgery changes how you sound. Mandibular setback osteotomy, a common FFS procedure, shifts your jaw backward, reshaping your oral cavity and pharyngeal space. This alters vocal resonance, the core quality that defines how feminine a voice sounds. You spent months training your [&hellip;]<\/p>\n","protected":false},"author":2,"featured_media":29125,"comment_status":"closed","ping_status":"closed","sticky":false,"template":"","format":"standard","meta":{"_acf_changed":false,"footnotes":""},"categories":[169],"tags":[],"class_list":["post-28914","post","type-post","status-publish","format-standard","has-post-thumbnail","hentry","category-facial-feminization"],"acf":[],"_links":{"self":[{"href":"https:\/\/www.dr-mfo.com\/tr\/wp-json\/wp\/v2\/posts\/28914","targetHints":{"allow":["GET"]}}],"collection":[{"href":"https:\/\/www.dr-mfo.com\/tr\/wp-json\/wp\/v2\/posts"}],"about":[{"href":"https:\/\/www.dr-mfo.com\/tr\/wp-json\/wp\/v2\/types\/post"}],"author":[{"embeddable":true,"href":"https:\/\/www.dr-mfo.com\/tr\/wp-json\/wp\/v2\/users\/2"}],"replies":[{"embeddable":true,"href":"https:\/\/www.dr-mfo.com\/tr\/wp-json\/wp\/v2\/comments?post=28914"}],"version-history":[{"count":1,"href":"https:\/\/www.dr-mfo.com\/tr\/wp-json\/wp\/v2\/posts\/28914\/revisions"}],"predecessor-version":[{"id":29131,"href":"https:\/\/www.dr-mfo.com\/tr\/wp-json\/wp\/v2\/posts\/28914\/revisions\/29131"}],"wp:featuredmedia":[{"embeddable":true,"href":"https:\/\/www.dr-mfo.com\/tr\/wp-json\/wp\/v2\/media\/29125"}],"wp:attachment":[{"href":"https:\/\/www.dr-mfo.com\/tr\/wp-json\/wp\/v2\/media?parent=28914"}],"wp:term":[{"taxonomy":"category","embeddable":true,"href":"https:\/\/www.dr-mfo.com\/tr\/wp-json\/wp\/v2\/categories?post=28914"},{"taxonomy":"post_tag","embeddable":true,"href":"https:\/\/www.dr-mfo.com\/tr\/wp-json\/wp\/v2\/tags?post=28914"}],"curies":[{"name":"wp","href":"https:\/\/api.w.org\/{rel}","templated":true}]}}