{"id":7218,"date":"2023-08-23T22:35:51","date_gmt":"2023-08-23T21:35:51","guid":{"rendered":"https:\/\/www.dr-mfo.com\/?p=7218"},"modified":"2026-02-22T05:12:35","modified_gmt":"2026-02-22T05:12:35","slug":"sac-cizgisinin-dusurulmesi","status":"publish","type":"post","link":"https:\/\/www.dr-mfo.com\/tr\/hairline-lowering\/","title":{"rendered":"Sa\u00e7 \u00c7izgisini Azaltma: Al\u0131n K\u00fc\u00e7\u00fcltme Ameliyat\u0131 Rehberi"},"content":{"rendered":"<div data-elementor-type=\"wp-post\" data-elementor-id=\"7218\" class=\"elementor elementor-7218\">\n\t\t\t\t\t\t<section class=\"elementor-section elementor-top-section elementor-element elementor-element-3e63274 elementor-section-boxed elementor-section-height-default elementor-section-height-default\" data-id=\"3e63274\" data-element_type=\"section\" data-e-type=\"section\">\n\t\t\t\t\t\t<div class=\"elementor-container elementor-column-gap-default\">\n\t\t\t\t\t<div class=\"elementor-column elementor-col-100 elementor-top-column elementor-element elementor-element-2306ef93\" data-id=\"2306ef93\" data-element_type=\"column\" data-e-type=\"column\">\n\t\t\t<div class=\"elementor-widget-wrap elementor-element-populated\">\n\t\t\t\t\t\t<div class=\"elementor-element elementor-element-5ee0eff1 elementor-widget elementor-widget-text-editor\" data-id=\"5ee0eff1\" data-element_type=\"widget\" data-e-type=\"widget\" data-widget_type=\"text-editor.default\">\n\t\t\t\t\t\t\t\t\t\n<p>Geni\u015f bir aln\u0131na ya da y\u00fcksek sa\u00e7 \u00e7izgisine sahip olma konusunda \u00e7ekingen hissediyor musun? Daha dengeli ve uyumlu bir y\u00fcz g\u00f6r\u00fcn\u00fcm\u00fcne sahip olmak ister miydiniz? E\u011fer \u00f6yleyse, aln\u0131n\u0131z\u0131n y\u00fcksekli\u011fini azaltabilen ve sa\u00e7 \u00e7izginizi ka\u015flar\u0131n\u0131za yakla\u015ft\u0131rabilen bir kozmetik prosed\u00fcr olan sa\u00e7 \u00e7izgisinin azalt\u0131lmas\u0131yla ilgilenebilirsiniz.<\/p>\n\n\n\n<p>Sa\u00e7 \u00e7izgisinin d\u00fc\u015f\u00fcr\u00fclmesi olarak da bilinir <a href=\"https:\/\/www.dr-mfo.com\/tr\/forehead-reduction-hairline-advancement\/\">al\u0131n k\u00fc\u00e7\u00fcltme<\/a> veya kafa derisi ilerletme, aln\u0131n \u00fcst k\u0131sm\u0131ndan bir deri \u015feridinin \u00e7\u0131kar\u0131lmas\u0131n\u0131 ve daha d\u00fc\u015f\u00fck bir sa\u00e7 \u00e7izgisi olu\u015fturmak i\u00e7in kafa derisinin a\u015fa\u011f\u0131 \u00e7ekilmesini i\u00e7eren cerrahi bir tekniktir. Bu prosed\u00fcr y\u00fcz\u00fcn\u00fcz\u00fcn oranlar\u0131n\u0131 iyile\u015ftirebilir ve size daha gen\u00e7 ve kad\u0131ns\u0131 bir g\u00f6r\u00fcn\u00fcm kazand\u0131rabilir.<\/p>\n\n\n\n<p>Bu yaz\u0131da a\u015fa\u011f\u0131dakiler de dahil olmak \u00fczere sa\u00e7 \u00e7izgisinin azalt\u0131lmas\u0131 hakk\u0131nda bilmeniz gereken her \u015feyi a\u00e7\u0131klayaca\u011f\u0131z:<\/p>\n\n\n\n<ul class=\"wp-block-list\">\n<li>Sa\u00e7 \u00e7izgisini azaltman\u0131n yararlar\u0131 ve riskleri nelerdir?<\/li>\n\n\n\n<li>Sa\u00e7 \u00e7izgisinin azalt\u0131lmas\u0131 i\u00e7in iyi bir aday kimdir?<\/li>\n\n\n\n<li>Sa\u00e7 \u00e7izgisi d\u00fc\u015f\u00fcrme i\u015flemi nas\u0131l yap\u0131l\u0131r?<\/li>\n\n\n\n<li>Sa\u00e7 \u00e7izgisi azalmas\u0131 sonras\u0131 iyile\u015fme s\u00fcreci nas\u0131ld\u0131r?<\/li>\n\n\n\n<li>Sa\u00e7 \u00e7izgisini azaltman\u0131n maliyeti ne kadar?<\/li>\n\n\n\n<li>Sa\u00e7 \u00e7izgisini azaltman\u0131n baz\u0131 alternatifleri nelerdir?<\/li>\n<\/ul>\n\n\n\n<p>Bu makalenin sonunda sa\u00e7 \u00e7izgisinin d\u00fc\u015f\u00fcr\u00fclmesinin sizin i\u00e7in neler yapabilece\u011fini ve estetik hedefleriniz i\u00e7in do\u011fru se\u00e7enek olup olmad\u0131\u011f\u0131n\u0131 daha iyi anlayacaks\u0131n\u0131z.<\/p>\n\n\n\n<figure class=\"wp-block-image size-large\"><img fetchpriority=\"high\" decoding=\"async\" width=\"1024\" height=\"768\" src=\"https:\/\/www.dr-mfo.com\/wp-content\/uploads\/2023\/02\/foreheadreduction-1024x768.jpg\" alt=\"al\u0131n k\u00fc\u00e7\u00fcltme\" class=\"wp-image-4943\" srcset=\"https:\/\/www.dr-mfo.com\/wp-content\/uploads\/2023\/02\/foreheadreduction-1024x768.jpg 1024w, https:\/\/www.dr-mfo.com\/wp-content\/uploads\/2023\/02\/foreheadreduction-300x225.jpg 300w, https:\/\/www.dr-mfo.com\/wp-content\/uploads\/2023\/02\/foreheadreduction-768x576.jpg 768w, https:\/\/www.dr-mfo.com\/wp-content\/uploads\/2023\/02\/foreheadreduction-1536x1152.jpg 1536w, https:\/\/www.dr-mfo.com\/wp-content\/uploads\/2023\/02\/foreheadreduction.jpg 1920w\" sizes=\"(max-width: 1024px) 100vw, 1024px\" \/><\/figure>\n\n\n\n<div id=\"ez-toc-container\" class=\"ez-toc-v2_0_82_2 counter-hierarchy ez-toc-counter ez-toc-transparent ez-toc-container-direction\">\n<div class=\"ez-toc-title-container\">\n<p class=\"ez-toc-title\" style=\"cursor:inherit\">\u0130\u00e7indekiler<\/p>\n<span class=\"ez-toc-title-toggle\"><\/span><\/div>\n<nav><ul class='ez-toc-list ez-toc-list-level-1' ><li class='ez-toc-page-1 ez-toc-heading-level-2'><a class=\"ez-toc-link ez-toc-heading-1\" href=\"https:\/\/www.dr-mfo.com\/tr\/hairline-lowering\/#Benefits_and_Risks_of_Hairline_Lowering\" >Sa\u00e7 \u00c7izgisini Azaltma Faydalar\u0131 ve Riskleri<\/a><\/li><li class='ez-toc-page-1 ez-toc-heading-level-2'><a class=\"ez-toc-link ez-toc-heading-2\" href=\"https:\/\/www.dr-mfo.com\/tr\/hairline-lowering\/#Candidacy_for_Hairline_Lowering\" >Sa\u00e7 \u00c7izgisi D\u00fc\u015f\u00fcrme Adayl\u0131\u011f\u0131<\/a><\/li><li class='ez-toc-page-1 ez-toc-heading-level-2'><a class=\"ez-toc-link ez-toc-heading-3\" href=\"https:\/\/www.dr-mfo.com\/tr\/hairline-lowering\/#Procedure_for_Hairline_Lowering\" >Sa\u00e7 \u00c7izgisini Azaltma Prosed\u00fcr\u00fc<\/a><\/li><li class='ez-toc-page-1 ez-toc-heading-level-2'><a class=\"ez-toc-link ez-toc-heading-4\" href=\"https:\/\/www.dr-mfo.com\/tr\/hairline-lowering\/#Recovery_After_Hairline_Lowering\" >Sa\u00e7 \u00c7izgisi D\u00fc\u015f\u00fcrme Sonras\u0131 \u0130yile\u015fme<\/a><\/li><li class='ez-toc-page-1 ez-toc-heading-level-2'><a class=\"ez-toc-link ez-toc-heading-5\" href=\"https:\/\/www.dr-mfo.com\/tr\/hairline-lowering\/#Cost_of_Hairline_Lowering\" >Sa\u00e7 \u00c7izgisini Azaltma Maliyeti<\/a><\/li><li class='ez-toc-page-1 ez-toc-heading-level-2'><a class=\"ez-toc-link ez-toc-heading-6\" href=\"https:\/\/www.dr-mfo.com\/tr\/hairline-lowering\/#Alternatives_to_Hairline_Lowering\" >Sa\u00e7 \u00c7izgisini Azaltma Alternatifleri<\/a><\/li><li class='ez-toc-page-1 ez-toc-heading-level-2'><a class=\"ez-toc-link ez-toc-heading-7\" href=\"https:\/\/www.dr-mfo.com\/tr\/hairline-lowering\/#Conclusion\" >\u00c7\u00f6z\u00fcm<\/a><\/li><li class='ez-toc-page-1 ez-toc-heading-level-2'><a class=\"ez-toc-link ez-toc-heading-8\" href=\"https:\/\/www.dr-mfo.com\/tr\/hairline-lowering\/#FAQs\" >SSS<\/a><\/li><li class='ez-toc-page-1 ez-toc-heading-level-2'><a class=\"ez-toc-link ez-toc-heading-9\" href=\"https:\/\/www.dr-mfo.com\/tr\/hairline-lowering\/#Free_Consultation\" >\u00dccretsiz Dan\u0131\u015fmanl\u0131k<\/a><\/li><\/ul><\/nav><\/div>\n<h2 class=\"wp-block-heading\"><span class=\"ez-toc-section\" id=\"Benefits_and_Risks_of_Hairline_Lowering\"><\/span>Sa\u00e7 \u00c7izgisini Azaltma Faydalar\u0131 ve Riskleri<span class=\"ez-toc-section-end\"><\/span><\/h2>\n\n\n\n<p>Sa\u00e7 \u00e7izgisinin d\u00fc\u015f\u00fcr\u00fclmesi, geni\u015f al\u0131nlar\u0131ndan veya y\u00fcksek sa\u00e7 \u00e7izgisinden memnun olmayan ki\u015filer i\u00e7in \u00e7e\u015fitli faydalar sa\u011flayabilir. Bu faydalardan baz\u0131lar\u0131 \u015funlard\u0131r:<\/p>\n\n\n\n<ul class=\"wp-block-list\">\n<li>Sa\u00e7 derinizin gev\u015fekli\u011fine ve sa\u00e7 yo\u011funlu\u011funuza ba\u011fl\u0131 olarak tek seansta sa\u00e7 \u00e7izginizi 3 cm&#039;ye (1,2 in\u00e7) kadar azaltabilir.<\/li>\n\n\n\n<li>Daha simetrik ve orant\u0131l\u0131 bir y\u00fcz g\u00f6r\u00fcn\u00fcm\u00fc yaratarak genel \u00e7ekicili\u011finizi ve \u00f6zg\u00fcveninizi art\u0131rabilir.<\/li>\n\n\n\n<li>Dul tepelerin, kaportalar\u0131n veya uzakla\u015fan \u015fakaklar\u0131n g\u00f6r\u00fcn\u00fcm\u00fcn\u00fc ortadan kald\u0131rabilir veya azaltabilir, size daha d\u00fczg\u00fcn ve do\u011fal g\u00f6r\u00fcn\u00fcml\u00fc bir sa\u00e7 \u00e7izgisi verebilir.<\/li>\n\n\n\n<li>Sa\u00e7 ekimi veya ila\u00e7 tedavisi gibi di\u011fer y\u00f6ntemlerden farkl\u0131 olarak an\u0131nda ve kal\u0131c\u0131 sonu\u00e7lar verebilmektedir.<\/li>\n\n\n\n<li>Mevcut sa\u00e7 k\u00f6klerinizi ve sinirlerinizi koruyarak tedavi edilen b\u00f6lgede sa\u00e7 d\u00f6k\u00fclmesini veya uyu\u015fuklu\u011fu \u00f6nleyebilir.<\/li>\n\n\n\n<li>Sa\u00e7 \u00e7izginizdeki yara izini gizleyebilir, iyile\u015ftikten sonra neredeyse g\u00f6r\u00fcnmez hale getirebilir.<\/li>\n<\/ul>\n\n\n\n<p>Ancak her cerrahi i\u015flemde oldu\u011fu gibi sa\u00e7 \u00e7izgisinin d\u00fc\u015f\u00fcr\u00fclmesi de baz\u0131 riskler ve olas\u0131 komplikasyonlar\u0131 ta\u015f\u0131r. Bu risklerden baz\u0131lar\u0131 \u015funlard\u0131r:<\/p>\n\n\n\n<ul class=\"wp-block-list\">\n<li>Kesi yerinde enfeksiyon, kanama, \u015fi\u015flik, morarma veya a\u011fr\u0131<\/li>\n\n\n\n<li>Yara izi, keloid olu\u015fumu veya zay\u0131f yara iyile\u015fmesi<\/li>\n\n\n\n<li>Kesi hatt\u0131 boyunca veya \u00e7evresinde sa\u00e7 d\u00f6k\u00fclmesi veya incelmesi<\/li>\n\n\n\n<li>Sa\u00e7 \u00e7izgisinin asimetrisi, d\u00fczensizli\u011fi veya do\u011fal olmayan g\u00f6r\u00fcn\u00fcm\u00fc<\/li>\n\n\n\n<li>Al\u0131n veya kafa derisinde sinir hasar\u0131, uyu\u015fukluk veya kar\u0131ncalanma<\/li>\n\n\n\n<li>Gerilim ba\u015f a\u011fr\u0131s\u0131, migren veya kafa derisi gerginli\u011fi<\/li>\n\n\n\n<li>Revizyon ameliyat\u0131 veya ek prosed\u00fcrlere ihtiya\u00e7 duyulmas\u0131<\/li>\n<\/ul>\n\n\n\n<p>Bu riskleri en aza indirmek i\u00e7in nitelikli ve deneyimli bir plastik se\u00e7imi \u00f6nemlidir. <a href=\"https:\/\/www.dr-mfo.com\/tr\/\">Cerrah<\/a> sa\u00e7 \u00e7izgisinin azalt\u0131lmas\u0131 konusunda uzman olan ki\u015fi. Ayr\u0131ca cerrah\u0131n\u0131z\u0131n ameliyat \u00f6ncesi ve sonras\u0131 talimatlar\u0131n\u0131 dikkatle takip etmeli ve herhangi bir enfeksiyon veya komplikasyon belirtisini derhal bildirmelisiniz.<\/p>\n\n\n\n<figure class=\"wp-block-image size-large\"><img decoding=\"async\" width=\"683\" height=\"1024\" src=\"https:\/\/www.dr-mfo.com\/wp-content\/uploads\/2023\/08\/7608086-683x1024.jpg\" alt=\"Parmaklar\u0131 Aln\u0131nda, Sa\u00e7 \u00c7izgisi D\u00fc\u015fen Bir Kad\u0131n\" class=\"wp-image-7221\" srcset=\"https:\/\/www.dr-mfo.com\/wp-content\/uploads\/2023\/08\/7608086-683x1024.jpg 683w, https:\/\/www.dr-mfo.com\/wp-content\/uploads\/2023\/08\/7608086-200x300.jpg 200w, https:\/\/www.dr-mfo.com\/wp-content\/uploads\/2023\/08\/7608086-768x1152.jpg 768w, https:\/\/www.dr-mfo.com\/wp-content\/uploads\/2023\/08\/7608086-8x12.jpg 8w, https:\/\/www.dr-mfo.com\/wp-content\/uploads\/2023\/08\/7608086.jpg 800w\" sizes=\"(max-width: 683px) 100vw, 683px\" \/><\/figure>\n\n\n\n<h2 class=\"wp-block-heading\"><span class=\"ez-toc-section\" id=\"Candidacy_for_Hairline_Lowering\"><\/span>Sa\u00e7 \u00c7izgisi D\u00fc\u015f\u00fcrme Adayl\u0131\u011f\u0131<span class=\"ez-toc-section-end\"><\/span><\/h2>\n\n\n\n<p>Sa\u00e7 \u00e7izgisinin d\u00fc\u015f\u00fcr\u00fclmesi, geni\u015f bir aln\u0131na veya y\u00fcksek sa\u00e7 \u00e7izgisine sahip olan ve g\u00f6r\u00fcn\u00fcmleri konusunda kendilerini g\u00fcvensiz hissetmelerine neden olan hem erkek hem de kad\u0131nlar i\u00e7in uygundur. Ancak herkes bu prosed\u00fcr i\u00e7in iyi bir aday de\u011fildir. Sa\u00e7 \u00e7izgisinin azalt\u0131lmas\u0131na uygunlu\u011funuzu etkileyebilecek baz\u0131 fakt\u00f6rler \u015funlard\u0131r:<\/p>\n\n\n\n<ul class=\"wp-block-list\">\n<li>Sa\u00e7 derinizin gev\u015fekli\u011fi: Bu, sa\u00e7 derinizin ne kadar esnek ve esnek oldu\u011funu ifade eder. Ne kadar gev\u015fek olursan\u0131z, sa\u00e7 deriniz \u00e7ok fazla gerginlik veya \u00e7arp\u0131kl\u0131k yaratmadan o kadar a\u015fa\u011f\u0131 do\u011fru hareket ettirilebilir. \u0130deal olarak, herhangi bir rahats\u0131zl\u0131k hissetmeden sa\u00e7 derinizi en az 2 cm (0,8 in\u00e7) a\u015fa\u011f\u0131 \u00e7ekebilmelisiniz.<\/li>\n\n\n\n<li>Sa\u00e7 yo\u011funlu\u011funuz: Bu, sa\u00e7\u0131n\u0131z\u0131n ne kadar kal\u0131n ve dolgun oldu\u011funu ifade eder. Ne kadar yo\u011funlu\u011fa sahipseniz, sonu\u00e7lar\u0131n\u0131z o kadar iyi olur. Yo\u011fun bir sa\u00e7 \u00e7izgisi, yara izini gizlemeye ve aln\u0131n\u0131zla sa\u00e7 deriniz aras\u0131nda do\u011fal g\u00f6r\u00fcn\u00fcml\u00fc bir ge\u00e7i\u015f yaratmaya yard\u0131mc\u0131 olacakt\u0131r. E\u011fer sa\u00e7lar\u0131n\u0131zda seyrelme veya kellik varsa sa\u00e7 \u00e7izgisinin d\u00fc\u015f\u00fcr\u00fclmesiyle en iyi sonu\u00e7lar\u0131 elde edemeyebilirsiniz.<\/li>\n\n\n\n<li>Ya\u015f\u0131n\u0131z: Bu, ka\u00e7 ya\u015f\u0131nda oldu\u011funuzu ve gelecekte daha fazla sa\u00e7 d\u00f6k\u00fclmesi ya\u015fama olas\u0131l\u0131\u011f\u0131n\u0131z\u0131n ne kadar oldu\u011funu ifade eder. Sa\u00e7 \u00e7izgisinin d\u00fc\u015f\u00fcr\u00fclmesi en iyi \u015fekilde, istikrarl\u0131 sa\u00e7 b\u00fcy\u00fcme d\u00fczenine sahip ve minimum ya\u015flanma belirtileri olan gen\u00e7 hastalarda ger\u00e7ekle\u015ftirilir. E\u011fer daha ya\u015fl\u0131ysan\u0131z veya ailenizde kellik \u00f6yk\u00fcs\u00fc varsa sa\u00e7 ekimi veya ila\u00e7 tedavisi gibi di\u011fer se\u00e7enekleri de\u011ferlendirmek isteyebilirsiniz.<\/li>\n\n\n\n<li>Beklentileriniz: \u0130\u015flemin sonucuna ili\u015fkin hedeflerinizin ne kadar ger\u00e7ek\u00e7i ve makul oldu\u011funu ifade eder. Sa\u00e7 \u00e7izgisinin d\u00fc\u015f\u00fcr\u00fclmesi y\u00fcz uyumunuzu ve \u00f6zg\u00fcveninizi \u00f6nemli \u00f6l\u00e7\u00fcde art\u0131rabilir, ancak t\u00fcm g\u00f6r\u00fcn\u00fcm\u00fcn\u00fcz\u00fc veya ki\u015fili\u011finizi de\u011fi\u015ftiremez. Neyi ba\u015farmak istedi\u011finiz konusunda net bir fikriniz olmal\u0131 ve ameliyata girmeden \u00f6nce bunu cerrah\u0131n\u0131zla tart\u0131\u015fmal\u0131s\u0131n\u0131z.<\/li>\n<\/ul>\n\n\n\n<p>Sa\u00e7 \u00e7izgisinin azalt\u0131lmas\u0131 i\u00e7in iyi bir aday olup olmad\u0131\u011f\u0131n\u0131z\u0131 belirlemek i\u00e7in, bu prosed\u00fcrde geni\u015f deneyime sahip, kurul onayl\u0131 bir plastik cerrahla g\u00f6r\u00fc\u015fmelisiniz. Cerrah\u0131n\u0131z t\u0131bbi ge\u00e7mi\u015finizi de\u011ferlendirecek, sa\u00e7 derinizi ve aln\u0131n\u0131z\u0131 inceleyecek, aln\u0131n\u0131z\u0131n y\u00fcksekli\u011fini ve geni\u015fli\u011fini \u00f6l\u00e7ecek, sa\u00e7 derinizin gev\u015fekli\u011fini ve sa\u00e7 yo\u011funlu\u011funu de\u011ferlendirecek ve sizin i\u00e7in en iyi hareket tarz\u0131n\u0131 \u00f6nerecektir.<\/p>\n\n\n\n<h2 class=\"wp-block-heading\"><span class=\"ez-toc-section\" id=\"Procedure_for_Hairline_Lowering\"><\/span>Sa\u00e7 \u00c7izgisini Azaltma Prosed\u00fcr\u00fc<span class=\"ez-toc-section-end\"><\/span><\/h2>\n\n\n\n<p>Sa\u00e7 \u00e7izgisinin d\u00fc\u015f\u00fcr\u00fclmesi genellikle genel anestezi alt\u0131nda veya sedasyonlu lokal anestezi alt\u0131nda ayakta tedavi prosed\u00fcr\u00fc olarak ger\u00e7ekle\u015ftirilir. Ameliyat genellikle d\u00fczeltmenin kapsam\u0131na ve kullan\u0131lan tekni\u011fe ba\u011fl\u0131 olarak yakla\u015f\u0131k 1 ila 2 saat s\u00fcrer. Sa\u00e7 \u00e7izgisini d\u00fc\u015f\u00fcrmek i\u00e7in en yayg\u0131n teknik, do\u011fal sa\u00e7 \u00e7izgisi boyunca kavisli bir kesi yap\u0131lmas\u0131n\u0131 ve aln\u0131n \u00fcst k\u0131sm\u0131ndan bir deri \u015feridinin \u00e7\u0131kar\u0131lmas\u0131n\u0131 i\u00e7eren pretrichial kesidir. Bu tekni\u011fin ad\u0131mlar\u0131 \u015funlard\u0131r:<\/p>\n\n\n\n<ul class=\"wp-block-list\">\n<li>Cerrah, y\u00fcz oranlar\u0131n\u0131z\u0131, sa\u00e7 \u00e7izgisi \u015feklini ve istenen sonu\u00e7lar\u0131 dikkate alarak kesi hatt\u0131n\u0131 ve aln\u0131n\u0131zdaki \u00e7\u0131kar\u0131lacak deri miktar\u0131n\u0131 i\u015faretler.<\/li>\n\n\n\n<li>Cerrah anesteziyi uygular ve aln\u0131n\u0131z\u0131 ve sa\u00e7 derinizi lokal anestezik enjeksiyonuyla uyu\u015fturur.<\/li>\n\n\n\n<li>Cerrah, aln\u0131n\u0131z\u0131n do\u011fal hatlar\u0131n\u0131 takip ederek sa\u00e7 \u00e7izginiz boyunca pretrikyal bir kesi yapar. Kesi, sa\u00e7 k\u00f6klerinizi ve sinirlerinizi korumak ve sa\u00e7\u0131n\u0131z\u0131n gizleyece\u011fi ince bir yara izi olu\u015fturmak i\u00e7in tasarlanm\u0131\u015ft\u0131r.<\/li>\n\n\n\n<li>Cerrah, deriyi alttaki dokulardan dikkatlice kald\u0131r\u0131r ve fazla deriyi aln\u0131n \u00fcst k\u0131sm\u0131ndan keserek \u00e7\u0131kar\u0131r. Cerrah ayr\u0131ca daha p\u00fcr\u00fczs\u00fcz bir g\u00f6r\u00fcn\u00fcm olu\u015fturmak i\u00e7in al\u0131ndan bir miktar ya\u011f veya kas alabilir.<\/li>\n\n\n\n<li>Cerrah sa\u00e7 derisini a\u015fa\u011f\u0131 \u00e7eker ve kesi\u011fin alt kenar\u0131 ile hizalayarak bo\u015flu\u011fu kapat\u0131r ve sa\u00e7 \u00e7izginizi d\u00fc\u015f\u00fcr\u00fcr. Cerrah, kafa derisini yerine sabitlemek i\u00e7in diki\u015fler, z\u0131mbalar veya klipler kullanabilir.<\/li>\n\n\n\n<li>Cerrah kesiyi emilebilir veya emilmeyen diki\u015flerle kapatarak sa\u00e7 \u00e7izginizle b\u00fct\u00fcnle\u015fecek zikzak bir desen olu\u015fturur. Cerrah ayr\u0131ca yaray\u0131 korumak ve iyile\u015fmeyi h\u0131zland\u0131rmak i\u00e7in cerrahi yap\u0131\u015ft\u0131r\u0131c\u0131 veya bant da uygulayabilir.<\/li>\n\n\n\n<li>Cerrah kesiyi steril bir pansumanla kapat\u0131r ve \u015fi\u015fli\u011fi ve kanamay\u0131 azaltmak i\u00e7in ba\u015f\u0131n\u0131z\u0131 bir bandajla sarar.<\/li>\n<\/ul>\n\n\n\n<h2 class=\"wp-block-heading\"><span class=\"ez-toc-section\" id=\"Recovery_After_Hairline_Lowering\"><\/span>Sa\u00e7 \u00c7izgisi D\u00fc\u015f\u00fcrme Sonras\u0131 \u0130yile\u015fme<span class=\"ez-toc-section-end\"><\/span><\/h2>\n\n\n\n<p>Sa\u00e7 \u00e7izgisi d\u00fc\u015f\u00fcrme ameliyat\u0131ndan sonra eve taburcu edilmeden \u00f6nce birka\u00e7 saat boyunca bir derlenme odas\u0131nda izleneceksiniz. Sizi eve g\u00f6t\u00fcrecek ve ilk gece yan\u0131n\u0131zda kalacak birine ihtiyac\u0131n\u0131z olacak. Ayr\u0131ca cerrah\u0131n\u0131zdan kesi\u011finizin bak\u0131m\u0131n\u0131 nas\u0131l yapaca\u011f\u0131n\u0131z, a\u011fr\u0131n\u0131z\u0131 nas\u0131l y\u00f6netece\u011finiz, enfeksiyonu nas\u0131l \u00f6nleyece\u011finiz ve normal faaliyetlerinize nas\u0131l devam edece\u011finiz konusunda \u00f6zel talimatlar alacaks\u0131n\u0131z. \u0130yile\u015fmeye y\u00f6nelik baz\u0131 genel kurallar \u015funlard\u0131r:<\/p>\n\n\n\n<ul class=\"wp-block-list\">\n<li>Ameliyattan sonraki ilk birka\u00e7 g\u00fcn ba\u015f\u0131n\u0131z\u0131 y\u00fcksekte tutun ve e\u011filmekten veya zorlanmaktan ka\u00e7\u0131n\u0131n. Bu, kafa derinizdeki \u015fi\u015fli\u011fi, kanamay\u0131 ve bask\u0131y\u0131 azaltmaya yard\u0131mc\u0131 olacakt\u0131r.<\/li>\n\n\n\n<li>Ameliyattan sonraki ilk 48 saat boyunca aln\u0131n\u0131za ve sa\u00e7 derinize g\u00fcnde birka\u00e7 kez 10 ila 15 dakika boyunca so\u011fuk kompres veya buz paketleri uygulay\u0131n. Bu a\u011fr\u0131y\u0131, iltihab\u0131 ve morarmay\u0131 hafifletmeye yard\u0131mc\u0131 olacakt\u0131r.<\/li>\n\n\n\n<li>A\u011fr\u0131 kesicileri cerrah\u0131n\u0131z\u0131n \u00f6nerdi\u011fi \u015fekilde veya asetaminofen veya ibuprofen gibi re\u00e7etesiz sat\u0131lan ila\u00e7lar\u0131 al\u0131n. Kanamay\u0131 art\u0131rabilecek veya iyile\u015fmeyi engelleyebilecek aspirin veya di\u011fer kan suland\u0131r\u0131c\u0131lardan ka\u00e7\u0131n\u0131n.<\/li>\n\n\n\n<li>Cerrah\u0131n\u0131z\u0131n talimat\u0131na g\u00f6re kesi yerinizi g\u00fcnde bir veya iki kez yumu\u015fak sabun ve suyla nazik\u00e7e temizleyin. Temiz bir havluyla kurulay\u0131n ve cerrah\u0131n\u0131z taraf\u0131ndan tavsiye edilirse antibiyotikli bir merhem s\u00fcr\u00fcn.<\/li>\n\n\n\n<li>Ameliyattan sonra en az 3 g\u00fcn sa\u00e7lar\u0131n\u0131z\u0131 y\u0131kamaktan veya \u015fekillendirmekten ka\u00e7\u0131n\u0131n. Sa\u00e7\u0131n\u0131z\u0131 y\u0131karken hafif bir \u015fampuan ve sa\u00e7 kremi kullan\u0131n ve \u0131l\u0131k suyla iyice durulay\u0131n. Sa\u00e7 derinize veya sa\u00e7\u0131n\u0131za zarar verebilecek s\u0131cak su, f\u00f6n makinesi, sa\u00e7 ma\u015fas\u0131 veya di\u011fer \u0131s\u0131 kaynaklar\u0131n\u0131 kullanmaktan ka\u00e7\u0131n\u0131n.<\/li>\n\n\n\n<li>Ameliyattan sonra en az 2 hafta boyunca kesi\u011finize s\u00fcrtebilecek veya kafa derinize bask\u0131 uygulayabilecek \u015fapka, sa\u00e7 band\u0131, kask veya di\u011fer s\u0131k\u0131 oturan aksesuarlar\u0131 kullanmaktan ka\u00e7\u0131n\u0131n.<\/li>\n\n\n\n<li>Ameliyattan sonra en az 6 ay boyunca insizyonunuzu do\u011frudan g\u00fcne\u015f \u0131\u015f\u0131\u011f\u0131na, bronzla\u015fma yataklar\u0131na veya di\u011fer ultraviyole radyasyon kaynaklar\u0131na maruz b\u0131rakmaktan ka\u00e7\u0131n\u0131n. SPF 30 veya daha y\u00fcksek g\u00fcne\u015f koruyucu kullan\u0131n ve d\u0131\u015far\u0131 \u00e7\u0131karken \u015fapka veya atk\u0131 tak\u0131n. Bu, yara izinin hiperpigmentasyonunu veya hipopigmentasyonunu \u00f6nlemeye yard\u0131mc\u0131 olacakt\u0131r.<\/li>\n\n\n\n<li>Ameliyattan sonra en az 4 hafta boyunca sigara i\u00e7mekten, alkol almaktan veya iyile\u015fmenizi bozabilecek veya komplikasyon riskinizi art\u0131rabilecek ila\u00e7lar\u0131 kullanmaktan ka\u00e7\u0131n\u0131n.<\/li>\n\n\n\n<li>\u0130yile\u015fmenizi ve ba\u011f\u0131\u015f\u0131kl\u0131k sisteminizi destekleyecek protein, vitamin, mineral ve antioksidanlar a\u00e7\u0131s\u0131ndan zengin sa\u011fl\u0131kl\u0131 bir diyet uygulay\u0131n. Susuz kalmamak ve v\u00fccudunuzdaki toksinleri atmak i\u00e7in bol su i\u00e7irin.<\/li>\n\n\n\n<li>Kendinizi rahat hissetti\u011finizde ve cerrah\u0131n\u0131z\u0131n \u00f6nerdi\u011fi \u015fekilde normal aktivitelerinize kademeli olarak devam edin. \u0130\u015finizin veya e\u011fitiminizin niteli\u011fine ba\u011fl\u0131 olarak, ameliyattan sonraki bir hafta i\u00e7inde i\u015finize veya okula d\u00f6nebilmelisiniz. Ameliyattan sonra en az 4 hafta boyunca yorucu egzersiz veya spordan ka\u00e7\u0131nmal\u0131s\u0131n\u0131z.<\/li>\n<\/ul>\n\n\n\n<p>Ameliyattan sonra d\u00fczenli aral\u0131klarla takip randevular\u0131 i\u00e7in cerrah\u0131n\u0131z\u0131 ziyaret etmeniz gerekecektir. Cerrah\u0131n\u0131z kesi\u011finizi kontrol edecek, gerekirse diki\u015fleri veya z\u0131mbalar\u0131 \u00e7\u0131karacak, iyile\u015fme s\u00fcrecinizi izleyecek ve olas\u0131 endi\u015felerinizi giderecektir. Ayr\u0131ca herhangi bir enfeksiyon, kanama, anormal \u015fi\u015flik, \u015fiddetli a\u011fr\u0131, uyu\u015fukluk, kar\u0131ncalanma veya sa\u00e7 d\u00f6k\u00fclmesi belirtilerini derhal cerrah\u0131n\u0131za bildirmelisiniz.<\/p>\n\n\n\n<h2 class=\"wp-block-heading\"><span class=\"ez-toc-section\" id=\"Cost_of_Hairline_Lowering\"><\/span>Sa\u00e7 \u00c7izgisini Azaltma Maliyeti<span class=\"ez-toc-section-end\"><\/span><\/h2>\n\n\n\n<p>Birden fazla fakt\u00f6r ortalama maliyetleri etkileyebilir. Bunlar \u015funlar olabilir:<\/p>\n\n\n\n<ul class=\"wp-block-list\">\n<li>Cerrah\u0131n deneyimi ve itibar\u0131: Daha yetenekli ve tan\u0131nm\u0131\u015f bir cerrah, hizmetleri i\u00e7in daha fazla \u00fccret alabilir, ancak ayn\u0131 zamanda daha iyi sonu\u00e7lar ve daha d\u00fc\u015f\u00fck komplikasyon riski de sunabilir.<\/li>\n\n\n\n<li>Co\u011frafi konum: Ya\u015fam maliyeti ve estetik cerrahiye olan talep, farkl\u0131 b\u00f6lge veya \u00fclkelerde sa\u00e7 \u00e7izgisi d\u00fc\u015f\u00fcrme fiyat\u0131n\u0131 etkileyebilir.<\/li>\n\n\n\n<li>D\u00fczeltmenin kapsam\u0131: \u00c7\u0131kar\u0131lacak derinin miktar\u0131 ve kafa derisinin ilerleme derecesi ameliyat\u0131n karma\u015f\u0131kl\u0131\u011f\u0131n\u0131 ve s\u00fcresini etkileyebilir, bu da maliyeti etkileyebilir.<\/li>\n\n\n\n<li>Kullan\u0131lan teknik: Pretrichial kesi, sa\u00e7 \u00e7izgisinin d\u00fc\u015f\u00fcr\u00fclmesi i\u00e7in en yayg\u0131n tekniktir, ancak trikofitik kesi, sa\u00e7 grefti tekni\u011fi veya doku geni\u015fletici tekni\u011fi gibi farkl\u0131 maliyet ve sonu\u00e7lara sahip olabilecek ba\u015fka se\u00e7enekler de vard\u0131r.<\/li>\n\n\n\n<li>Anestezi t\u00fcr\u00fc: Genel anestezi veya sedasyonlu lokal anestezinin farkl\u0131 maliyet ve riskleri olabilir.<\/li>\n\n\n\n<li>Ek prosed\u00fcrler: Baz\u0131 hastalar sa\u00e7 \u00e7izgisinin azalt\u0131lmas\u0131n\u0131 ka\u015f kald\u0131rma, g\u00f6z kapa\u011f\u0131 ameliyat\u0131 gibi di\u011fer kozmetik prosed\u00fcrlerle birle\u015ftirmeyi tercih edebilir. <a href=\"https:\/\/www.dr-mfo.com\/tr\/facelift-surgery\/\">y\u00fcz germe<\/a>Bu da ameliyat\u0131n toplam maliyetini art\u0131rabilir.<\/li>\n<\/ul>\n\n\n\n<p>Kozmetik prosed\u00fcrler hakk\u0131nda bilgi ve incelemeler sunan bir web sitesi olan RealSelf&#039;e g\u00f6re, Amerika Birle\u015fik Devletleri&#039;nde sa\u00e7 \u00e7izgisi azaltman\u0131n ortalama maliyeti $7.900 olup, $3.000 ile $15.000 aras\u0131nda de\u011fi\u015fmektedir. Ancak bu yaln\u0131zca kullan\u0131c\u0131lar\u0131n kendileri taraf\u0131ndan bildirilen verilere dayanan bir tahmindir ve kons\u00fcltasyon \u00fccretleri, anestezi \u00fccretleri, tesis \u00fccretleri, ila\u00e7 maliyetleri veya ameliyat sonras\u0131 bak\u0131m maliyetleri gibi di\u011fer masraflar\u0131 i\u00e7ermez. Bu nedenle, sa\u00e7 \u00e7izgisinin azalt\u0131lmas\u0131n\u0131n ger\u00e7ek maliyeti, bireysel durumunuza ve cerrah\u0131n\u0131z\u0131n \u00fccretlerine ba\u011fl\u0131 olarak \u00f6nemli \u00f6l\u00e7\u00fcde de\u011fi\u015febilir.<\/p>\n\n\n\n<p>Sa\u00e7 \u00e7izgisinin azalt\u0131lmas\u0131 i\u00e7in daha do\u011fru bir fiyat teklifi almak i\u00e7in bu prosed\u00fcrde uzmanla\u015fm\u0131\u015f, kurul onayl\u0131 bir plastik cerrahla g\u00f6r\u00fc\u015fmelisiniz. Cerrah\u0131n\u0131z size ki\u015fiselle\u015ftirilmi\u015f bir tedavi plan\u0131 ve ilgili maliyetlerin ayr\u0131nt\u0131l\u0131 bir d\u00f6k\u00fcm\u00fcn\u00fc sunacakt\u0131r. Ayr\u0131ca cerrah\u0131n\u0131za sunduklar\u0131 veya kabul ettikleri finansman se\u00e7eneklerini ve \u00f6deme planlar\u0131n\u0131 da sormal\u0131s\u0131n\u0131z.<\/p>\n\n\n\n<h2 class=\"wp-block-heading\"><span class=\"ez-toc-section\" id=\"Alternatives_to_Hairline_Lowering\"><\/span>Sa\u00e7 \u00c7izgisini Azaltma Alternatifleri<span class=\"ez-toc-section-end\"><\/span><\/h2>\n\n\n\n<p>Al\u0131n boyutunu k\u00fc\u00e7\u00fcltmek veya sa\u00e7 \u00e7izgisini azaltmak isteyen ki\u015filer i\u00e7in sa\u00e7 \u00e7izgisinin d\u00fc\u015f\u00fcr\u00fclmesi tek se\u00e7enek de\u011fildir. Baz\u0131 hastalar\u0131n tercihlerine, hedeflerine ve ko\u015fullar\u0131na g\u00f6re daha uygun olabilecek alternatifler vard\u0131r. Bu alternatiflerden baz\u0131lar\u0131 \u015funlard\u0131r:<\/p>\n\n\n\n<ul class=\"wp-block-list\">\n<li>Sa\u00e7 ekimi: Sa\u00e7 derisinin bir k\u0131sm\u0131ndan (genellikle arka veya yanlardan) sa\u00e7 k\u00f6klerinin al\u0131n\u0131p ba\u015fka bir k\u0131sma (genellikle \u00f6n veya \u00fcst) nakledilmesini i\u00e7eren bir i\u015flemdir. Bu, al\u0131n b\u00f6lgesine daha fazla yo\u011funluk ve kaplama ekleyerek daha dolgun ve daha d\u00fc\u015f\u00fck bir sa\u00e7 \u00e7izgisi olu\u015fturabilir. Sa\u00e7 ekimi folik\u00fcler \u00fcnite ekstraksiyonu gibi farkl\u0131 teknikler kullan\u0131larak yap\u0131labilmektedir (<a href=\"https:\/\/www.dr-mfo.com\/tr\/hair-loss-restoration\/\">FUE<\/a>) veya folik\u00fcler \u00fcnite transplantasyonu (FUT), farkl\u0131 avantaj ve dezavantajlara sahiptir. Sa\u00e7 ekimi, en iyi sonu\u00e7lar\u0131 elde etmek i\u00e7in sa\u00e7 \u00e7izgisinin d\u00fc\u015f\u00fcr\u00fclmesiyle birle\u015ftirilebilir.<\/li>\n\n\n\n<li>\u0130la\u00e7 tedavisi: Bu, sa\u00e7 b\u00fcy\u00fcmesini te\u015fvik edebilecek veya sa\u00e7 d\u00f6k\u00fclmesini \u00f6nleyebilecek oral veya topikal ila\u00e7lar\u0131n al\u0131nmas\u0131n\u0131 i\u00e7eren cerrahi olmayan bir se\u00e7enektir. Bu ila\u00e7lar\u0131n baz\u0131 \u00f6rnekleri minoksidil (Rogaine), finasterid (Propecia) veya dutasteriddir (Avodart). Bu ila\u00e7lar sa\u00e7 yo\u011funlu\u011funuzu art\u0131rarak ve sa\u00e7 \u00e7ekilmenizi yava\u015flatarak sa\u00e7 \u00e7izginizi d\u00fc\u015f\u00fcrmenize yard\u0131mc\u0131 olabilir. Ancak bu ila\u00e7lar\u0131n kafa derisi tahri\u015fi, cinsel i\u015flev bozuklu\u011fu veya hormonal dengesizlik gibi yan etkileri olabilir. Ayr\u0131ca etkilerini s\u00fcrd\u00fcrebilmeleri i\u00e7in s\u00fcrekli kullan\u0131m gerektirirler.<\/li>\n\n\n\n<li>Makyaj: Bu, daha d\u00fc\u015f\u00fck bir sa\u00e7 \u00e7izgisi yan\u0131lsamas\u0131 yaratmak i\u00e7in g\u00f6z far\u0131, g\u00f6z kalemi veya kapat\u0131c\u0131 gibi kozmetik \u00fcr\u00fcnlerin kullan\u0131lmas\u0131n\u0131 i\u00e7eren, ge\u00e7ici ve invaziv olmayan bir se\u00e7enektir. Bu, bo\u015fluklar\u0131 doldurarak veya sa\u00e7 \u00e7izginiz boyunca g\u00f6lgeler olu\u015fturarak geni\u015f aln\u0131n\u0131z\u0131 veya y\u00fcksek sa\u00e7 \u00e7izginizi kamufle etmenize yard\u0131mc\u0131 olabilir. \u0130stedi\u011finiz g\u00f6r\u00fcn\u00fcme ve beceri d\u00fczeyinize g\u00f6re makyaj farkl\u0131 \u015fekillerde uygulanabilir. Ancak makyaj ter, su veya ya\u011fdan kolayl\u0131kla y\u0131kanabilir veya lekelenebilir. Ayr\u0131ca cilt tahri\u015fini veya enfeksiyonunu \u00f6nlemek i\u00e7in s\u0131k s\u0131k uygulanmas\u0131 ve \u00e7\u0131kar\u0131lmas\u0131 gerekir.<\/li>\n<\/ul>\n\n\n\n<h2 class=\"wp-block-heading\"><span class=\"ez-toc-section\" id=\"Conclusion\"><\/span>\u00c7\u00f6z\u00fcm<span class=\"ez-toc-section-end\"><\/span><\/h2>\n\n\n\n<p>Sa\u00e7 \u00e7izgisinin d\u00fc\u015f\u00fcr\u00fclmesi, al\u0131n\u0131n\u0131z\u0131n y\u00fcksekli\u011fini azaltabilen ve aln\u0131n \u00fcst k\u0131sm\u0131ndan bir deri \u015feridini \u00e7\u0131kararak ve sa\u00e7 derisini a\u015fa\u011f\u0131 \u00e7ekerek sa\u00e7 \u00e7izginizi azaltabilen kozmetik bir i\u015flemdir. Bu, y\u00fcz oranlar\u0131n\u0131z\u0131 ve uyumunuzu geli\u015ftirebilir, \u00f6zg\u00fcveninizi ve \u00e7ekicili\u011finizi art\u0131rabilir. Sa\u00e7 \u00e7izgisinin d\u00fc\u015f\u00fcr\u00fclmesi, an\u0131nda ve kal\u0131c\u0131 sonu\u00e7lar, sa\u00e7 k\u00f6klerinin ve sinirlerin korunmas\u0131 ve yara izlerinin gizlenmesi gibi \u00e7e\u015fitli faydalar sa\u011flayabilir. Ancak enfeksiyon, kanama, yara izi, sinir hasar\u0131, ba\u015f a\u011fr\u0131s\u0131 veya revizyon ameliyat\u0131 gerektirme gibi baz\u0131 riskleri de ta\u015f\u0131r.<\/p>\n\n\n\n<p>Sa\u00e7 \u00e7izgisinin azalt\u0131lmas\u0131 i\u00e7in iyi bir aday olup olmad\u0131\u011f\u0131n\u0131z\u0131 belirlemek i\u00e7in, bu prosed\u00fcrde geni\u015f deneyime sahip, kurul onayl\u0131 bir plastik cerrahla g\u00f6r\u00fc\u015fmelisiniz. Cerrah\u0131n\u0131z sa\u00e7 derinizin gev\u015fekli\u011fini, sa\u00e7 yo\u011funlu\u011funu, ya\u015f\u0131n\u0131z\u0131, beklentilerinizi ve uygunlu\u011funuzu ve sonucunuzu etkileyebilecek di\u011fer fakt\u00f6rleri de\u011ferlendirecektir. Cerrah\u0131n\u0131z ayr\u0131ca i\u015flemin ayr\u0131nt\u0131lar\u0131n\u0131, iyile\u015fme s\u00fcrecini, maliyet fakt\u00f6rlerini ve sizin i\u00e7in mevcut olan alternatif se\u00e7enekleri de a\u00e7\u0131klayacakt\u0131r.<\/p>\n\n\n\n<p>Al\u0131n boyutunu veya \u015feklini de\u011fi\u015ftirmek isteyen ki\u015filer i\u00e7in sa\u00e7 \u00e7izgisinin d\u00fc\u015f\u00fcr\u00fclmesi tek se\u00e7enek de\u011fildir. Sa\u00e7 ekimi, ila\u00e7 tedavisi, makyaj gibi baz\u0131 hastalara daha uygun olabilecek alternatifler mevcuttur. Her se\u00e7ene\u011fin art\u0131lar\u0131n\u0131 ve eksilerini tartmal\u0131 ve ihtiya\u00e7lar\u0131n\u0131z\u0131 ve hedeflerinizi en iyi kar\u015f\u0131layan\u0131 se\u00e7melisiniz.<\/p>\n\n\n\n<h2 class=\"wp-block-heading\"><span class=\"ez-toc-section\" id=\"FAQs\"><\/span>SSS<span class=\"ez-toc-section-end\"><\/span><\/h2>\n\n\n\n<p>Sa\u00e7 \u00e7izgisinin azalt\u0131lmas\u0131yla ilgili s\u0131k sorulan baz\u0131 sorular:<\/p>\n\n\n\n<ul class=\"wp-block-list\">\n<li>S: Sa\u00e7 \u00e7izgisi azaltman\u0131n nihai sonu\u00e7lar\u0131n\u0131 g\u00f6rmek ne kadar s\u00fcrer?<\/li>\n\n\n\n<li>C: Sa\u00e7 \u00e7izgisinin azalt\u0131lmas\u0131ndan sonra sa\u00e7 \u00e7izgisi konumunuzda ve al\u0131n boyutunuzda an\u0131nda bir iyile\u015fme g\u00f6receksiniz. Ancak \u015fi\u015flik, morarma ve yara izinin ge\u00e7mesi ve sa\u00e7 \u00e7izgisinin son \u015feklini almas\u0131 birka\u00e7 ay\u0131 bulabilir. Sa\u00e7 \u00e7izgisinin azalt\u0131lmas\u0131n\u0131n nihai sonu\u00e7lar\u0131n\u0131 ameliyattan sonraki 6 ila 12 ay i\u00e7inde g\u00f6rmeyi beklemelisiniz.<\/li>\n\n\n\n<li>S: Sa\u00e7 \u00e7izgisinin d\u00fc\u015fmesinden kaynaklanan yara izi ne kadar s\u00fcrer?<\/li>\n\n\n\n<li>C: Sa\u00e7 \u00e7izgisinin azalmas\u0131ndan kaynaklanan yara izi genellikle \u00e7ok incedir ve sa\u00e7 \u00e7izginizin i\u00e7inde iyice gizlenmi\u015ftir. Ancak yara izinin g\u00f6r\u00fcn\u00fcrl\u00fc\u011f\u00fc ve s\u00fcresi cilt tipinize, iyile\u015fme kabiliyetinize, k\u0131l yo\u011funlu\u011funuza ve sa\u00e7 stilinize g\u00f6re de\u011fi\u015fiklik g\u00f6sterebilir. Uygun bak\u0131m ve g\u00fcne\u015ften korunma ile yara izi zamanla solabilir ancak hi\u00e7bir zaman tamamen kaybolmayabilir. Baz\u0131 hastalar, yara izinin g\u00f6r\u00fcn\u00fcm\u00fcn\u00fc iyile\u015ftirmek i\u00e7in lazer tedavisi, mikropigmentasyon veya mikroblading gibi yara izi revizyonu veya kamuflaj tekniklerinden yararlanabilir.<\/li>\n\n\n\n<li>S: Sa\u00e7 \u00e7izgisini indirdikten sonra k\u00e2k\u00fcl veya kak\u00fcl takabilir miyim?<\/li>\n\n\n\n<li>C: Evet, sa\u00e7 \u00e7izgisini indirdikten sonra k\u00e2k\u00fcl veya kak\u00fcl kullanabilirsiniz. Asl\u0131nda baz\u0131 hastalar iyile\u015fme s\u00fcrecinde kesi veya yara izlerini kapatmak i\u00e7in kak\u00fcl veya sa\u00e7ak kullanmay\u0131 tercih edebilirler. Ancak kak\u00fcllerinizi veya kak\u00fcllerinizi \u00e7ok k\u0131sa veya \u00e7ok s\u0131k\u0131 kesmekten veya \u015fekillendirmekten ka\u00e7\u0131nmal\u0131s\u0131n\u0131z; \u00e7\u00fcnk\u00fc bu, sa\u00e7 derinizi \u00e7ekebilir veya kesi\u011finizi veya yara izinizi ortaya \u00e7\u0131karabilir. Ayr\u0131ca sa\u00e7 derinize veya sa\u00e7\u0131n\u0131za zarar verebilece\u011fi i\u00e7in kak\u00fcllerinize veya kak\u00fcllerinize sert kimyasallar veya \u0131s\u0131 aletleri kullanmaktan da ka\u00e7\u0131nmal\u0131s\u0131n\u0131z.<\/li>\n\n\n\n<li>Soru: Sa\u00e7 \u00e7izgisi a\u00e7\u0131ld\u0131ktan sonra sa\u00e7\u0131m\u0131 boyayabilir miyim?<\/li>\n\n\n\n<li>C: Evet, sa\u00e7 \u00e7izginizi d\u00fc\u015f\u00fcrd\u00fckten sonra sa\u00e7\u0131n\u0131z\u0131 boyayabilirsiniz. Ancak ameliyattan sonra sa\u00e7\u0131n\u0131z\u0131 boyamadan \u00f6nce en az 4 hafta beklemelisiniz, \u00e7\u00fcnk\u00fc bu kesi yerinizin d\u00fczg\u00fcn bir \u015fekilde iyile\u015fmesini sa\u011flayacak ve enfeksiyon veya tahri\u015fi \u00f6nleyecektir. Ayr\u0131ca amonyak, peroksit veya sa\u00e7 derinize veya sa\u00e7\u0131n\u0131za zarar verebilecek di\u011fer sert maddeleri i\u00e7ermeyen yumu\u015fak ve do\u011fal bir boya kullanmal\u0131s\u0131n\u0131z.<\/li>\n\n\n\n<li>Soru: \u0130lkinden memnun kalmazsam ikinci kez sa\u00e7 \u00e7izgisi d\u00fc\u015f\u00fcrme ameliyat\u0131 yapt\u0131rabilir miyim?<\/li>\n\n\n\n<li>C: Evet, e\u011fer ilkinden memnun kalmazsan\u0131z ikinci kez sa\u00e7 \u00e7izgisi d\u00fc\u015f\u00fcrme ameliyat\u0131 olabilirsiniz. Ancak ikinci ameliyata ge\u00e7meden \u00f6nce ilk ameliyattan sonra en az 6 ay beklemeniz gerekir, \u00e7\u00fcnk\u00fc bu, sa\u00e7 derinizin tamamen iyile\u015fmesini, eski esnekli\u011fini ve gev\u015fekli\u011fini yeniden kazanmas\u0131n\u0131 sa\u011flayacakt\u0131r. Ayr\u0131ca beklentilerinizi ve hedeflerinizi cerrah\u0131n\u0131zla konu\u015fmal\u0131 ve ikinci bir ameliyat olman\u0131n s\u0131n\u0131rlamalar\u0131n\u0131 ve risklerini anlamal\u0131s\u0131n\u0131z.<\/li>\n<\/ul>\n\t\t\t\t\t\t\t\t<\/div>\n\t\t\t\t\t<\/div>\n\t\t<\/div>\n\t\t\t\t\t<\/div>\n\t\t<\/section>\n\t\t\t\t<section class=\"elementor-section elementor-inner-section elementor-element elementor-element-43595fc5 elementor-section-boxed elementor-section-height-default elementor-section-height-default\" data-id=\"43595fc5\" data-element_type=\"section\" data-e-type=\"section\" data-settings=\"{&quot;background_background&quot;:&quot;classic&quot;}\">\n\t\t\t\t\t\t\t<div class=\"elementor-background-overlay\"><\/div>\n\t\t\t\t\t\t\t<div class=\"elementor-container elementor-column-gap-default\">\n\t\t\t\t\t<div class=\"elementor-column elementor-col-50 elementor-inner-column elementor-element elementor-element-344f338b\" data-id=\"344f338b\" data-element_type=\"column\" data-e-type=\"column\">\n\t\t\t<div class=\"elementor-widget-wrap elementor-element-populated\">\n\t\t\t\t\t\t<div class=\"elementor-element elementor-element-1410ace6 elementor-widget elementor-widget-video\" data-id=\"1410ace6\" data-element_type=\"widget\" data-e-type=\"widget\" data-settings=\"{&quot;youtube_url&quot;:&quot;https:\\\/\\\/www.youtube.com\\\/watch?v=SlTL4a1lgDQ&quot;,&quot;video_type&quot;:&quot;youtube&quot;,&quot;controls&quot;:&quot;yes&quot;}\" data-widget_type=\"video.default\">\n\t\t\t\t\t\t\t<div class=\"elementor-wrapper elementor-open-inline\">\n\t\t\t<div class=\"elementor-video\"><\/div>\t\t<\/div>\n\t\t\t\t\t\t<\/div>\n\t\t\t\t\t<\/div>\n\t\t<\/div>\n\t\t\t\t<div class=\"elementor-column elementor-col-50 elementor-inner-column elementor-element elementor-element-23c9b920\" data-id=\"23c9b920\" data-element_type=\"column\" data-e-type=\"column\">\n\t\t\t<div class=\"elementor-widget-wrap elementor-element-populated\">\n\t\t\t\t\t\t<div class=\"elementor-element elementor-element-25243945 elementor-widget elementor-widget-heading\" data-id=\"25243945\" data-element_type=\"widget\" data-e-type=\"widget\" data-widget_type=\"heading.default\">\n\t\t\t\t\t<h2 class=\"elementor-heading-title elementor-size-default\"><span class=\"ez-toc-section\" id=\"Free_Consultation\"><\/span>\u00dccretsiz Dan\u0131\u015fmanl\u0131k<span class=\"ez-toc-section-end\"><\/span><\/h2>\t\t\t\t<\/div>\n\t\t\t\t<div class=\"elementor-element elementor-element-25672eac elementor-widget elementor-widget-text-editor\" data-id=\"25672eac\" data-element_type=\"widget\" data-e-type=\"widget\" data-widget_type=\"text-editor.default\">\n\t\t\t\t\t\t\t\t\t\u015eimdi \u00fccretsiz dan\u0131\u015fmanl\u0131k al\u0131n veya ziyaret edin <a style=\"color:#61CE70;  font-weight: bold;\" href=\"https:\/\/www.instagram.com\/dr_mfo\/\" rel=\"nofollow noopener\" target=\"_blank\">Dr.MFO&#039;nun instagram\u0131<\/a> Daha ba\u015far\u0131l\u0131 plastik cerrahi sonu\u00e7lar\u0131n\u0131 g\u00f6rmek i\u00e7in\t\t\t\t\t\t\t\t<\/div>\n\t\t\t\t<div class=\"elementor-element elementor-element-7f35b4fd elementor-widget elementor-widget-button\" data-id=\"7f35b4fd\" data-element_type=\"widget\" data-e-type=\"widget\" data-widget_type=\"button.default\">\n\t\t\t\t\t\t\t\t\t\t<a class=\"elementor-button elementor-button-link elementor-size-sm\" href=\"https:\/\/www.dr-mfo.com\/tr\/detayli-bilgi-al\/\">\n\t\t\t\t\t\t<span class=\"elementor-button-content-wrapper\">\n\t\t\t\t\t\t\t\t\t<span class=\"elementor-button-text\">Ba\u015flamak<\/span>\n\t\t\t\t\t<\/span>\n\t\t\t\t\t<\/a>\n\t\t\t\t\t\t\t\t<\/div>\n\t\t\t\t\t<\/div>\n\t\t<\/div>\n\t\t\t\t\t<\/div>\n\t\t<\/section>\n\t\t\t\t<\/div>","protected":false},"excerpt":{"rendered":"<p>Do you feel self-conscious about having a large forehead or a high hairline? Do you wish you could have a more balanced and harmonious facial appearance? If so, you might be interested in hairline lowering, a cosmetic procedure that can reduce the height of your forehead and bring your hairline closer to your eyebrows. Hairline [&hellip;]<\/p>\n","protected":false},"author":2,"featured_media":7220,"comment_status":"closed","ping_status":"closed","sticky":false,"template":"","format":"standard","meta":{"_acf_changed":false,"footnotes":""},"categories":[169,190],"tags":[],"class_list":["post-7218","post","type-post","status-publish","format-standard","has-post-thumbnail","hentry","category-facial-feminization","category-forehead-reduction"],"acf":[],"_links":{"self":[{"href":"https:\/\/www.dr-mfo.com\/tr\/wp-json\/wp\/v2\/posts\/7218","targetHints":{"allow":["GET"]}}],"collection":[{"href":"https:\/\/www.dr-mfo.com\/tr\/wp-json\/wp\/v2\/posts"}],"about":[{"href":"https:\/\/www.dr-mfo.com\/tr\/wp-json\/wp\/v2\/types\/post"}],"author":[{"embeddable":true,"href":"https:\/\/www.dr-mfo.com\/tr\/wp-json\/wp\/v2\/users\/2"}],"replies":[{"embeddable":true,"href":"https:\/\/www.dr-mfo.com\/tr\/wp-json\/wp\/v2\/comments?post=7218"}],"version-history":[{"count":0,"href":"https:\/\/www.dr-mfo.com\/tr\/wp-json\/wp\/v2\/posts\/7218\/revisions"}],"wp:featuredmedia":[{"embeddable":true,"href":"https:\/\/www.dr-mfo.com\/tr\/wp-json\/wp\/v2\/media\/7220"}],"wp:attachment":[{"href":"https:\/\/www.dr-mfo.com\/tr\/wp-json\/wp\/v2\/media?parent=7218"}],"wp:term":[{"taxonomy":"category","embeddable":true,"href":"https:\/\/www.dr-mfo.com\/tr\/wp-json\/wp\/v2\/categories?post=7218"},{"taxonomy":"post_tag","embeddable":true,"href":"https:\/\/www.dr-mfo.com\/tr\/wp-json\/wp\/v2\/tags?post=7218"}],"curies":[{"name":"wp","href":"https:\/\/api.w.org\/{rel}","templated":true}]}}