{"id":7299,"date":"2023-08-25T23:32:12","date_gmt":"2023-08-25T22:32:12","guid":{"rendered":"https:\/\/www.dr-mfo.com\/?p=7299"},"modified":"2026-02-22T05:05:35","modified_gmt":"2026-02-22T05:05:35","slug":"yuz-germe-rehberi","status":"publish","type":"post","link":"https:\/\/www.dr-mfo.com\/tr\/facelift-guide\/","title":{"rendered":"Facelift: G\u00f6r\u00fcn\u00fcm\u00fcn\u00fcz\u00fc Gen\u00e7le\u015ftirme Rehberi"},"content":{"rendered":"<div data-elementor-type=\"wp-post\" data-elementor-id=\"7299\" class=\"elementor elementor-7299\">\n\t\t\t\t\t\t<section class=\"elementor-section elementor-top-section elementor-element elementor-element-5215048a elementor-section-boxed elementor-section-height-default elementor-section-height-default\" data-id=\"5215048a\" data-element_type=\"section\" data-e-type=\"section\">\n\t\t\t\t\t\t<div class=\"elementor-container elementor-column-gap-default\">\n\t\t\t\t\t<div class=\"elementor-column elementor-col-100 elementor-top-column elementor-element elementor-element-5828930d\" data-id=\"5828930d\" data-element_type=\"column\" data-e-type=\"column\">\n\t\t\t<div class=\"elementor-widget-wrap elementor-element-populated\">\n\t\t\t\t\t\t<div class=\"elementor-element elementor-element-404c63d5 elementor-widget elementor-widget-text-editor\" data-id=\"404c63d5\" data-element_type=\"widget\" data-e-type=\"widget\" data-widget_type=\"text-editor.default\">\n\t\t\t\t\t\t\t\t\t\n<p>Y\u00fcz\u00fcn\u00fczdeki ya\u015flanma belirtilerinden memnun de\u011fil misiniz? Daha gen\u00e7 ve tazelenmi\u015f bir g\u00f6r\u00fcn\u00fcme kavu\u015fmay\u0131 ister misiniz? E\u011fer \u00f6yleyse, ilginizi \u00e7ekebilir <a href=\"https:\/\/www.dr-mfo.com\/tr\/facelift-surgery\/\">y\u00fcz germe<\/a>Y\u00fcz\u00fcn\u00fcz\u00fcn ve boynunuzun g\u00f6r\u00fcn\u00fcm\u00fcn\u00fc iyile\u015ftirebilecek bir kozmetik cerrahi prosed\u00fcr\u00fcd\u00fcr.<\/p>\n\n\n\n<p>Ritidektomi olarak da bilinen y\u00fcz germe, y\u00fcz\u00fcn ve boynun derisini ve alt\u0131ndaki dokular\u0131 kald\u0131ran ve s\u0131k\u0131la\u015ft\u0131ran cerrahi bir i\u015flemdir. Sarkmay\u0131, k\u0131r\u0131\u015f\u0131kl\u0131klar\u0131, g\u0131d\u0131lar\u0131 ve di\u011fer g\u00f6zle g\u00f6r\u00fcl\u00fcr ya\u015flanma belirtilerini azaltabilir. Y\u00fcz germe ayn\u0131 zamanda y\u00fcz hatlar\u0131n\u0131z\u0131 iyile\u015ftirebilir ve y\u00fcz \u00f6zelliklerinizi dengeleyebilir.<\/p>\n\n\n\n<p>Y\u00fcz germe tek boyutlu bir prosed\u00fcr de\u011fildir. Farkl\u0131 b\u00f6lgelere ve ya\u015flanma derecelerine hitap edebilen farkl\u0131 y\u00fcz germe t\u00fcrleri vard\u0131r. En yayg\u0131n y\u00fcz germe t\u00fcrlerinden baz\u0131lar\u0131 \u015funlard\u0131r:<\/p>\n\n\n\n<ul class=\"wp-block-list\">\n<li>Tam y\u00fcz germe: Y\u00fcz\u00fcn ve boynun tamam\u0131n\u0131 hedef alan en kapsaml\u0131 y\u00fcz germe t\u00fcr\u00fcd\u00fcr. Sa\u00e7 \u00e7izgisi boyunca, kulak \u00e7evresinde ve \u00e7ene alt\u0131nda kesiler yap\u0131l\u0131r. Daha p\u00fcr\u00fczs\u00fcz ve daha s\u0131k\u0131 bir g\u00f6r\u00fcn\u00fcm olu\u015fturmak i\u00e7in cilt ve alttaki dokular kald\u0131r\u0131l\u0131r, yeniden konumland\u0131r\u0131l\u0131r ve \u015fekillendirilir.<\/li>\n\n\n\n<li>Mini y\u00fcz germe: Bu, y\u00fcz\u00fcn alt \u00fc\u00e7te birlik k\u0131sm\u0131n\u0131, \u00f6zellikle de yanaklar\u0131 ve \u00e7ene hatt\u0131n\u0131 hedef alan daha az invazif bir y\u00fcz germe t\u00fcr\u00fcd\u00fcr. Kulak \u00e7evresinde ve bazen \u00e7ene alt\u0131nda daha k\u00fc\u00e7\u00fck kesiler yap\u0131l\u0131r. Daha belirgin ve gen\u00e7 bir g\u00f6r\u00fcn\u00fcm yaratmak i\u00e7in cilt ve alttaki dokular s\u0131k\u0131la\u015ft\u0131r\u0131l\u0131r ve yeniden konumland\u0131r\u0131l\u0131r.<\/li>\n\n\n\n<li>Orta y\u00fcz germe: Bu, y\u00fcz\u00fcn orta \u00fc\u00e7te birlik k\u0131sm\u0131n\u0131, \u00f6zellikle de yanaklar\u0131 ve alt g\u00f6z kapaklar\u0131n\u0131 hedef alan bir y\u00fcz germe t\u00fcr\u00fcd\u00fcr. Kulaklar\u0131n \u00fcst\u00fcndeki sa\u00e7 \u00e7izgisinde, bazen de a\u011f\u0131z i\u00e7inde veya alt g\u00f6z kapaklar\u0131nda kesiler yap\u0131l\u0131r. Daha hacimli ve gen\u00e7le\u015fmi\u015f bir g\u00f6r\u00fcn\u00fcm yaratmak i\u00e7in cilt ve alttaki dokular kald\u0131r\u0131l\u0131r ve yeniden konumland\u0131r\u0131l\u0131r.<\/li>\n\n\n\n<li>Boyun germe: Bu, boyun b\u00f6lgesini, \u00f6zellikle de \u00e7ene alt\u0131ndaki ve \u00e7ene \u00e7izgisi boyunca fazla deri ve ya\u011flar\u0131 hedef alan bir y\u00fcz germe t\u00fcr\u00fcd\u00fcr. Kulak arkas\u0131 ve \u00e7ene alt\u0131ndan yap\u0131lan kesileri i\u00e7erir. Cilt ve alttaki dokular s\u0131k\u0131la\u015ft\u0131r\u0131l\u0131r ve yeniden konumland\u0131r\u0131larak daha \u015fekilli ve zarif bir g\u00f6r\u00fcn\u00fcm elde edilir.<\/li>\n<\/ul>\n\n\n\n<figure class=\"wp-block-image size-large\"><img fetchpriority=\"high\" decoding=\"async\" width=\"683\" height=\"1024\" src=\"https:\/\/www.dr-mfo.com\/wp-content\/uploads\/2023\/08\/7581578-683x1024.jpg\" alt=\"Yatan Kad\u0131na Al\u0131n Botoksu Yap\u0131l\u0131yor, Y\u00fcz Gerdiriliyor\" class=\"wp-image-7302\" srcset=\"https:\/\/www.dr-mfo.com\/wp-content\/uploads\/2023\/08\/7581578-683x1024.jpg 683w, https:\/\/www.dr-mfo.com\/wp-content\/uploads\/2023\/08\/7581578-200x300.jpg 200w, https:\/\/www.dr-mfo.com\/wp-content\/uploads\/2023\/08\/7581578-768x1152.jpg 768w, https:\/\/www.dr-mfo.com\/wp-content\/uploads\/2023\/08\/7581578-8x12.jpg 8w, https:\/\/www.dr-mfo.com\/wp-content\/uploads\/2023\/08\/7581578.jpg 800w\" sizes=\"(max-width: 683px) 100vw, 683px\" \/><\/figure>\n\n\n\n<div id=\"ez-toc-container\" class=\"ez-toc-v2_0_82_2 counter-hierarchy ez-toc-counter ez-toc-transparent ez-toc-container-direction\">\n<div class=\"ez-toc-title-container\">\n<p class=\"ez-toc-title\" style=\"cursor:inherit\">\u0130\u00e7indekiler<\/p>\n<span class=\"ez-toc-title-toggle\"><\/span><\/div>\n<nav><ul class='ez-toc-list ez-toc-list-level-1' ><li class='ez-toc-page-1 ez-toc-heading-level-2'><a class=\"ez-toc-link ez-toc-heading-1\" href=\"https:\/\/www.dr-mfo.com\/tr\/facelift-guide\/#Benefits_of_Facelift\" >Y\u00fcz Gerdirmenin Faydalar\u0131<\/a><\/li><li class='ez-toc-page-1 ez-toc-heading-level-2'><a class=\"ez-toc-link ez-toc-heading-2\" href=\"https:\/\/www.dr-mfo.com\/tr\/facelift-guide\/#Risks_of_Facelift\" >Y\u00fcz Gerdirmenin Riskleri<\/a><\/li><li class='ez-toc-page-1 ez-toc-heading-level-2'><a class=\"ez-toc-link ez-toc-heading-3\" href=\"https:\/\/www.dr-mfo.com\/tr\/facelift-guide\/#Candidates_for_Facelift\" >Y\u00fcz Germe Adaylar\u0131<\/a><\/li><li class='ez-toc-page-1 ez-toc-heading-level-2'><a class=\"ez-toc-link ez-toc-heading-4\" href=\"https:\/\/www.dr-mfo.com\/tr\/facelift-guide\/#Preparation_for_Facelift\" >Y\u00fcz Gerdirmeye Haz\u0131rl\u0131k<\/a><\/li><li class='ez-toc-page-1 ez-toc-heading-level-2'><a class=\"ez-toc-link ez-toc-heading-5\" href=\"https:\/\/www.dr-mfo.com\/tr\/facelift-guide\/#Procedure_for_Facelift\" >Y\u00fcz Germe Prosed\u00fcr\u00fc<\/a><\/li><li class='ez-toc-page-1 ez-toc-heading-level-2'><a class=\"ez-toc-link ez-toc-heading-6\" href=\"https:\/\/www.dr-mfo.com\/tr\/facelift-guide\/#Recovery_from_Facelift\" >Facelift&#039;ten iyile\u015fme<\/a><\/li><li class='ez-toc-page-1 ez-toc-heading-level-2'><a class=\"ez-toc-link ez-toc-heading-7\" href=\"https:\/\/www.dr-mfo.com\/tr\/facelift-guide\/#Results_of_Facelift\" >Y\u00fcz Germe Sonu\u00e7lar\u0131<\/a><\/li><li class='ez-toc-page-1 ez-toc-heading-level-2'><a class=\"ez-toc-link ez-toc-heading-8\" href=\"https:\/\/www.dr-mfo.com\/tr\/facelift-guide\/#FAQs_about_Facelift\" >Facelift hakk\u0131nda SSS<\/a><\/li><li class='ez-toc-page-1 ez-toc-heading-level-2'><a class=\"ez-toc-link ez-toc-heading-9\" href=\"https:\/\/www.dr-mfo.com\/tr\/facelift-guide\/#Conclusion\" >\u00c7\u00f6z\u00fcm<\/a><\/li><li class='ez-toc-page-1 ez-toc-heading-level-2'><a class=\"ez-toc-link ez-toc-heading-10\" href=\"https:\/\/www.dr-mfo.com\/tr\/facelift-guide\/#Free_Consultation\" >\u00dccretsiz Dan\u0131\u015fmanl\u0131k<\/a><\/li><\/ul><\/nav><\/div>\n<h2 class=\"wp-block-heading\"><span class=\"ez-toc-section\" id=\"Benefits_of_Facelift\"><\/span>Y\u00fcz Gerdirmenin Faydalar\u0131<span class=\"ez-toc-section-end\"><\/span><\/h2>\n\n\n\n<p>Y\u00fcz gerdirme, y\u00fcz g\u00f6r\u00fcn\u00fcm\u00fcn\u00fc iyile\u015ftirmek ve \u00f6zg\u00fcvenini art\u0131rmak isteyen ki\u015filere bir\u00e7ok fayda sa\u011flayabilir. Y\u00fcz germenin faydalar\u0131ndan baz\u0131lar\u0131 \u015funlard\u0131r:<\/p>\n\n\n\n<ul class=\"wp-block-list\">\n<li>Y\u00fcz\u00fcn\u00fczde ve boynunuzdaki sarkmalar\u0131, k\u0131r\u0131\u015f\u0131kl\u0131klar\u0131, g\u0131d\u0131lar\u0131 ve di\u011fer ya\u015flanma belirtilerini azaltarak daha gen\u00e7 ve daha taze g\u00f6r\u00fcnmenizi sa\u011flayabilir.<\/li>\n\n\n\n<li>Cildinizi ve alttaki dokular\u0131 kald\u0131r\u0131p yeniden konumland\u0131rarak y\u00fcz hatlar\u0131n\u0131z\u0131 geli\u015ftirebilir ve y\u00fcz \u00f6zelliklerinizi dengeleyebilir.<\/li>\n\n\n\n<li>Fazla cildi \u00e7\u0131kararak ve kolajen \u00fcretimini uyararak cilt kalitenizi ve dokunuzu iyile\u015ftirebilir.<\/li>\n\n\n\n<li>Ya\u015fam tarz\u0131n\u0131za, geneti\u011finize ve cilt bak\u0131m rutininize ba\u011fl\u0131 olarak uzun y\u0131llar s\u00fcrebilir.<\/li>\n\n\n\n<li>Daha uyumlu ve do\u011fal g\u00f6r\u00fcn\u00fcml\u00fc bir sonu\u00e7 elde etmek i\u00e7in g\u00f6z kapa\u011f\u0131 ameliyat\u0131, ka\u015f kald\u0131rma, burnun yeniden \u015fekillendirilmesi veya ya\u011f transferi gibi di\u011fer kozmetik i\u015flemlerle birle\u015ftirilebilir.<\/li>\n<\/ul>\n\n\n\n<figure class=\"wp-block-image size-large\"><img decoding=\"async\" width=\"1024\" height=\"683\" src=\"https:\/\/www.dr-mfo.com\/wp-content\/uploads\/2023\/08\/3punmeekxgo-1024x683.jpg\" alt=\"eli y\u00fcz\u00fcnde olan bir kad\u0131n, y\u00fcz germe, botoks\" class=\"wp-image-7304\" srcset=\"https:\/\/www.dr-mfo.com\/wp-content\/uploads\/2023\/08\/3punmeekxgo-1024x683.jpg 1024w, https:\/\/www.dr-mfo.com\/wp-content\/uploads\/2023\/08\/3punmeekxgo-300x200.jpg 300w, https:\/\/www.dr-mfo.com\/wp-content\/uploads\/2023\/08\/3punmeekxgo-768x512.jpg 768w, https:\/\/www.dr-mfo.com\/wp-content\/uploads\/2023\/08\/3punmeekxgo-1536x1024.jpg 1536w, https:\/\/www.dr-mfo.com\/wp-content\/uploads\/2023\/08\/3punmeekxgo-18x12.jpg 18w, https:\/\/www.dr-mfo.com\/wp-content\/uploads\/2023\/08\/3punmeekxgo.jpg 1600w\" sizes=\"(max-width: 1024px) 100vw, 1024px\" \/><\/figure>\n\n\n\n<h2 class=\"wp-block-heading\"><span class=\"ez-toc-section\" id=\"Risks_of_Facelift\"><\/span>Y\u00fcz Gerdirmenin Riskleri<span class=\"ez-toc-section-end\"><\/span><\/h2>\n\n\n\n<p>Di\u011fer herhangi bir cerrahi prosed\u00fcr gibi, y\u00fcz germe de baz\u0131 riskler ve potansiyel komplikasyonlar ta\u015f\u0131r. Y\u00fcz germe i\u015fleminin risklerinden baz\u0131lar\u0131 \u015funlard\u0131r:<\/p>\n\n\n\n<ul class=\"wp-block-list\">\n<li>Kanama: Ameliyat s\u0131ras\u0131nda veya sonras\u0131nda ek m\u00fcdahale veya transf\u00fczyon gerektirebilecek kanama riski vard\u0131r.<\/li>\n\n\n\n<li>Enfeksiyon: Kesi yerlerinde veya derin dokularda antibiyotik veya drenaj gerektirebilecek enfeksiyon riski vard\u0131r.<\/li>\n\n\n\n<li>Yara izi: Kesi \u00e7izgileri boyunca veya y\u00fcz\u00fcn veya boynun di\u011fer b\u00f6lgelerinde g\u00f6r\u00fclebilen veya y\u00fcz hareketlerinizi etkileyebilecek yara izi kalma riski vard\u0131r.<\/li>\n\n\n\n<li>Sinir yaralanmas\u0131: Ameliyat s\u0131ras\u0131nda duyular\u0131n\u0131z\u0131 veya y\u00fcz\u00fcn\u00fczdeki veya boynunuzdaki kas fonksiyonunuzu etkileyebilecek sinir yaralanmas\u0131 riski vard\u0131r. Bu etki ge\u00e7ici veya kal\u0131c\u0131 olabilir.<\/li>\n\n\n\n<li>Sa\u00e7 d\u00f6k\u00fclmesi: Kesi yerlerinin yak\u0131n\u0131nda veya kafa derisinin di\u011fer b\u00f6lgelerinde ge\u00e7ici veya kal\u0131c\u0131 sa\u00e7 d\u00f6k\u00fclmesi riski vard\u0131r.<\/li>\n\n\n\n<li>Cilt kayb\u0131: Y\u00fcz\u00fcn veya boynun baz\u0131 b\u00f6lgelerinde kan ak\u0131\u015f\u0131n\u0131n azalmas\u0131 veya enfeksiyon nedeniyle ek ameliyat veya a\u015f\u0131lama gerektirebilecek cilt kayb\u0131 riski vard\u0131r.<\/li>\n\n\n\n<li>Asimetri: Y\u00fcz\u00fcn\u00fcz\u00fcn veya boynunuzun iki taraf\u0131 aras\u0131nda \u015fi\u015flik, morarma, yara izi veya d\u00fczensiz iyile\u015fme nedeniyle asimetri riski vard\u0131r.<\/li>\n\n\n\n<li>Memnuniyetsizlik: Ger\u00e7ek\u00e7i olmayan beklentiler, komplikasyonlar veya zaman i\u00e7inde meydana gelen de\u011fi\u015fiklikler nedeniyle ameliyat\u0131n\u0131z\u0131n sonucundan memnun kalmama riski vard\u0131r.<\/li>\n<\/ul>\n\n\n\n<h2 class=\"wp-block-heading\"><span class=\"ez-toc-section\" id=\"Candidates_for_Facelift\"><\/span>Y\u00fcz Germe Adaylar\u0131<span class=\"ez-toc-section-end\"><\/span><\/h2>\n\n\n\n<p>Y\u00fcz germe herkese uygun de\u011fildir. Y\u00fcz gerdirmeye iyi bir aday olmak i\u00e7in \u015funlar\u0131 yapmal\u0131s\u0131n\u0131z:<\/p>\n\n\n\n<ul class=\"wp-block-list\">\n<li>Genel sa\u011fl\u0131k durumunuzun iyi olmas\u0131 ve iyile\u015fmenizi olumsuz etkileyebilecek veya komplikasyon riskinizi art\u0131rabilecek herhangi bir t\u0131bbi durumunuzun bulunmamas\u0131<\/li>\n\n\n\n<li>Sigara i\u00e7miyor olun veya ameliyat\u0131n\u0131zdan en az alt\u0131 hafta \u00f6nce ve sonra sigaray\u0131 b\u0131rakmaya istekli olun<\/li>\n\n\n\n<li>Y\u00fcz gerdirmenin sizin i\u00e7in neler ba\u015farabilece\u011fi konusunda ger\u00e7ek\u00e7i beklentileriniz olsun<\/li>\n\n\n\n<li>Y\u00fcz\u00fcn\u00fczde ve boynunuzda sizi rahats\u0131z eden orta ila \u015fiddetli ya\u015flanma belirtileri varsa<\/li>\n\n\n\n<li>Ameliyat\u0131n yapt\u0131\u011f\u0131 de\u011fi\u015fiklikleri destekleyecek yeterli cilt elastikiyetine ve kemik yap\u0131s\u0131na sahip olmak<\/li>\n\n\n\n<li>Doktorunuzun ameliyat \u00f6ncesi ve ameliyat sonras\u0131 talimatlar\u0131na uymaya istekli olun. <a href=\"https:\/\/www.dr-mfo.com\/tr\/\">Cerrah<\/a><\/li>\n<\/ul>\n\n\n\n<h2 class=\"wp-block-heading\"><span class=\"ez-toc-section\" id=\"Preparation_for_Facelift\"><\/span>Y\u00fcz Gerdirmeye Haz\u0131rl\u0131k<span class=\"ez-toc-section-end\"><\/span><\/h2>\n\n\n\n<p>Y\u00fcz germe ameliyat\u0131ndan \u00f6nce yapman\u0131z gerekenler:<\/p>\n\n\n\n<ul class=\"wp-block-list\">\n<li>Cerrah\u0131n\u0131za dan\u0131\u015f\u0131n ve hedeflerinizi, beklentilerinizi, t\u0131bbi ge\u00e7mi\u015finizi ve olas\u0131 sorular\u0131n\u0131z\u0131 veya endi\u015felerinizi tart\u0131\u015f\u0131n<\/li>\n\n\n\n<li>Sa\u011fl\u0131\u011f\u0131n\u0131z\u0131 ve ameliyata uygunlu\u011funuzu de\u011ferlendirmek i\u00e7in fizik muayene ve baz\u0131 kan testleri yapt\u0131r\u0131n<\/li>\n\n\n\n<li>Planlama ve kar\u015f\u0131la\u015ft\u0131rma amac\u0131yla y\u00fcz\u00fcn\u00fcz\u00fcn ve boynunuzun birka\u00e7 foto\u011fraf\u0131n\u0131 \u00e7ekin<\/li>\n\n\n\n<li>Aspirin, ibuprofen, E vitamini veya bitkisel ila\u00e7lar gibi ameliyat\u0131n\u0131za m\u00fcdahale edebilecek veya kanama riskinizi art\u0131rabilecek herhangi bir ila\u00e7 veya takviyeyi almay\u0131 b\u0131rak\u0131n.<\/li>\n\n\n\n<li>Ameliyat\u0131n\u0131zdan en az alt\u0131 hafta \u00f6nce ve sonra alkol ve t\u00fct\u00fcnden ka\u00e7\u0131n\u0131n<\/li>\n\n\n\n<li>Sizi evinize b\u0131rakacak ve ameliyattan sonraki ilk gece yan\u0131n\u0131zda kalacak birini ayarlay\u0131n<\/li>\n\n\n\n<li>\u0130htiyac\u0131n\u0131z olabilecek t\u00fcm malzeme ve ila\u00e7lar\u0131n bulundu\u011fu, evde rahat ve temiz bir iyile\u015fme alan\u0131 haz\u0131rlay\u0131n<\/li>\n<\/ul>\n\n\n\n<h2 class=\"wp-block-heading\"><span class=\"ez-toc-section\" id=\"Procedure_for_Facelift\"><\/span>Y\u00fcz Germe Prosed\u00fcr\u00fc<span class=\"ez-toc-section-end\"><\/span><\/h2>\n\n\n\n<p>Y\u00fcz germe operasyonu genellikle genel anestezi veya sedasyonlu lokal anestezi alt\u0131nda yap\u0131l\u0131r. Prosed\u00fcr, yapt\u0131\u011f\u0131n\u0131z y\u00fcz germe i\u015fleminin t\u00fcr\u00fcne ve kapsam\u0131na ba\u011fl\u0131 olarak iki ila alt\u0131 saat aras\u0131nda s\u00fcrebilir. Y\u00fcz gerdirmenin genel ad\u0131mlar\u0131 \u015funlard\u0131r:<\/p>\n\n\n\n<ul class=\"wp-block-list\">\n<li>Cerrah\u0131n\u0131z, yapt\u0131rd\u0131\u011f\u0131n\u0131z y\u00fcz germe ameliyat\u0131n\u0131n t\u00fcr\u00fcne ba\u011fl\u0131 olarak sa\u00e7 \u00e7izginiz boyunca, kulaklar\u0131n\u0131z\u0131n \u00e7evresinde ve \u00e7enenizin alt\u0131nda kesiler yapacakt\u0131r. Kesiler cildinizin veya sa\u00e7\u0131n\u0131z\u0131n do\u011fal k\u0131vr\u0131mlar\u0131nda gizlenecektir.<\/li>\n\n\n\n<li>Cerrah\u0131n\u0131z cildi kald\u0131racak ve y\u00fcz\u00fcn\u00fcz\u00fcn ve boynunuzun alt\u0131ndaki dokulardan ay\u0131racakt\u0131r. Daha sonra daha gen\u00e7 ve do\u011fal g\u00f6r\u00fcn\u00fcml\u00fc bir \u015fekil olu\u015fturmak i\u00e7in kaslar\u0131, ya\u011flar\u0131 ve ba\u011f dokular\u0131n\u0131 s\u0131k\u0131la\u015ft\u0131racak ve yeniden konumland\u0131racaklar.<\/li>\n\n\n\n<li>Cerrah\u0131n\u0131z fazla deriyi kesip y\u00fcz\u00fcn\u00fcz\u00fcn ve boynunuzun yeni hatlar\u0131na yeniden saracakt\u0131r. Daha sonra kesileri diki\u015flerle, z\u0131mbalarla veya cilt yap\u0131\u015ft\u0131r\u0131c\u0131s\u0131yla kapatacaklar.<\/li>\n\n\n\n<li>Cerrah\u0131n\u0131z kesileri korumak ve \u015fi\u015fli\u011fi azaltmak i\u00e7in bandaj ve pansuman uygulayacakt\u0131r. Ayr\u0131ca fazla s\u0131v\u0131y\u0131 veya kan\u0131 \u00e7\u0131karmak i\u00e7in drenaj t\u00fcpleri de yerle\u015ftirebilirler.<\/li>\n<\/ul>\n\n\n\n<h2 class=\"wp-block-heading\"><span class=\"ez-toc-section\" id=\"Recovery_from_Facelift\"><\/span>Facelift&#039;ten iyile\u015fme<span class=\"ez-toc-section-end\"><\/span><\/h2>\n\n\n\n<p>Y\u00fcz germe ameliyat\u0131ndan sonra yapman\u0131z gerekenler:<\/p>\n\n\n\n<ul class=\"wp-block-list\">\n<li>Durumunuza ve anestezi t\u00fcr\u00fcne ba\u011fl\u0131 olarak birka\u00e7 saat veya gece boyunca hastanede veya klinikte kal\u0131n<\/li>\n\n\n\n<li>Kesilerinizin, bandajlar\u0131n\u0131z\u0131n, drenajlar\u0131n\u0131z\u0131n, ila\u00e7lar\u0131n\u0131z\u0131n ve aktivitelerinizin bak\u0131m\u0131 konusunda cerrah\u0131n\u0131z\u0131n verdi\u011fi talimatlar\u0131 izleyin.<\/li>\n\n\n\n<li>Ameliyattan sonraki ilk birka\u00e7 g\u00fcn ba\u015f\u0131n\u0131z\u0131 y\u00fcksekte tutun ve boynunuzu b\u00fckmekten veya d\u00f6nd\u00fcrmekten ka\u00e7\u0131n\u0131n.<\/li>\n\n\n\n<li>\u015ei\u015fli\u011fi ve morarmay\u0131 azaltmak i\u00e7in so\u011fuk kompres veya buz paketleri uygulay\u0131n.<\/li>\n\n\n\n<li>D\u0131\u015far\u0131ya \u00e7\u0131karken g\u00fcne\u015fe maruz kalmaktan ka\u00e7\u0131n\u0131n ve g\u00fcne\u015f kremi ve koruyucu giysiler giyin<\/li>\n\n\n\n<li>Ameliyattan sonra en az alt\u0131 hafta boyunca yorucu aktivitelerden, egzersizden, alkolden, t\u00fct\u00fcnden ve s\u0131cak du\u015flardan ka\u00e7\u0131n\u0131n.<\/li>\n\n\n\n<li>\u0130yile\u015fmenizi izlemek ve diki\u015fleri veya drenajlar\u0131 \u00e7\u0131karmak i\u00e7in d\u00fczenli takip randevular\u0131 i\u00e7in cerrah\u0131n\u0131z\u0131 ziyaret edin<\/li>\n<\/ul>\n\n\n\n<h2 class=\"wp-block-heading\"><span class=\"ez-toc-section\" id=\"Results_of_Facelift\"><\/span>Y\u00fcz Germe Sonu\u00e7lar\u0131<span class=\"ez-toc-section-end\"><\/span><\/h2>\n\n\n\n<p>Ameliyattan hemen sonra y\u00fcz g\u00f6r\u00fcn\u00fcm\u00fcn\u00fczde bir miktar iyile\u015fme fark edeceksiniz. Ancak \u015fi\u015flik ve morluklar\u0131n tamamen ge\u00e7mesi ve y\u00fcz germe i\u015fleminin nihai sonu\u00e7lar\u0131n\u0131n ortaya \u00e7\u0131kmas\u0131 birka\u00e7 hafta veya ay s\u00fcrebilir. Y\u00fcz germe operasyonundan sonra daha gen\u00e7, daha tazelenmi\u015f ve daha \u00f6zg\u00fcvenli g\u00f6r\u00fcnmeyi bekleyebilirsiniz. Ancak y\u00fcz germe i\u015fleminin ya\u015flanma s\u00fcrecini durduramayaca\u011f\u0131n\u0131 veya temel y\u00fcz \u00f6zelliklerinizi de\u011fi\u015ftiremeyece\u011fini de unutmamal\u0131s\u0131n\u0131z. Y\u00fcz germe i\u015fleminin sonu\u00e7lar\u0131n\u0131 korumak i\u00e7in yine de sa\u011fl\u0131kl\u0131 bir ya\u015fam tarz\u0131 ve cilt bak\u0131m\u0131 rutini s\u00fcrd\u00fcrmeniz gerekecektir. Geneti\u011finize, ya\u015fam tarz\u0131n\u0131za ve cilt kalitenize ba\u011fl\u0131 olarak y\u00fcz germe i\u015flemi uzun y\u0131llar s\u00fcrebilir. Ancak baz\u0131 ki\u015filer, sonu\u00e7lar\u0131n\u0131 iyile\u015ftirmek veya s\u00fcrd\u00fcrmek i\u00e7in gelecekte ek prosed\u00fcrler veya tedaviler yapt\u0131rmay\u0131 tercih edebilir.<\/p>\n\n\n\n<h2 class=\"wp-block-heading\"><span class=\"ez-toc-section\" id=\"FAQs_about_Facelift\"><\/span>Facelift hakk\u0131nda SSS<span class=\"ez-toc-section-end\"><\/span><\/h2>\n\n\n\n<p>\u0130\u015fte y\u00fcz germe hakk\u0131nda s\u0131k sorulan baz\u0131 sorular:<\/p>\n\n\n\n<p>S: Y\u00fcz germe ameliyat\u0131n\u0131n maliyeti ne kadard\u0131r?<\/p>\n\n\n\n<p>C: Y\u00fcz germe i\u015fleminin maliyeti, yapt\u0131\u011f\u0131n\u0131z y\u00fcz germe i\u015fleminin t\u00fcr\u00fc, cerrah\u0131n deneyimi ve itibar\u0131, klini\u011fin veya hastanenin konumu ve ihtiya\u00e7 duyabilece\u011finiz ek prosed\u00fcrler veya tedaviler gibi \u00e7e\u015fitli fakt\u00f6rlere ba\u011fl\u0131 olarak de\u011fi\u015febilir. Buna g\u00f6re <a href=\"https:\/\/istanbeautiful.com\/top-clinics-surgeons-for-facelift-necklift-in-istanbul-turkey\/\" target=\"_blank\" rel=\"noreferrer noopener nofollow\">Amerikan Plastik Cerrahi Derne\u011fi<\/a>2020 y\u0131l\u0131nda bir makyaj\u0131n ortalama maliyeti $7.467 idi. Ancak buna anestezi \u00fccretleri, ameliyathane \u00fccretleri, t\u0131bbi testler, re\u00e7eteler veya di\u011fer masraflar dahil de\u011fildir.<\/p>\n\n\n\n<p>S: Y\u00fcz germe ameliyat\u0131m i\u00e7in iyi bir cerrah\u0131 nas\u0131l se\u00e7erim?<\/p>\n\n\n\n<p>C: \u0130yi bir cerrah se\u00e7mek, y\u00fcz germe operasyonu d\u00fc\u015f\u00fcn\u00fcrken verece\u011finiz en \u00f6nemli kararlardan biridir. Y\u00fcz estetik cerrahisinde geni\u015f deneyime ve e\u011fitime sahip, kurul onayl\u0131 bir plastik cerrah aramal\u0131s\u0131n\u0131z. Ayr\u0131ca kimlik bilgilerini, incelemelerini, \u00f6ncesi-sonras\u0131 foto\u011fraflar\u0131n\u0131 ve hasta referanslar\u0131n\u0131 da kontrol etmelisiniz. Ayr\u0131ca son se\u00e7iminizi yapmadan \u00f6nce birka\u00e7 cerrahla g\u00f6r\u00fc\u015fmelisiniz. \u0130leti\u015fim tarzlar\u0131ndan, profesyonelliklerinden, d\u00fcr\u00fcstl\u00fcklerinden ve sanatsal vizyonlar\u0131ndan kendinizi rahat hissetmelisiniz.<\/p>\n\n\n\n<p>Soru: Y\u00fcz gerdirmenin alternatifleri nelerdir?<\/p>\n\n\n\n<p>C: Y\u00fcz germe operasyonuna haz\u0131r veya uygun de\u011filseniz, ameliyat olmadan y\u00fcz g\u00f6r\u00fcn\u00fcm\u00fcn\u00fcz\u00fc iyile\u015ftirmenize yard\u0131mc\u0131 olabilecek baz\u0131 alternatifler vard\u0131r. Y\u00fcz gerdirmeye alternatiflerden baz\u0131lar\u0131 \u015funlard\u0131r:<\/p>\n\n\n\n<ul class=\"wp-block-list\">\n<li>Ameliyats\u0131z cilt s\u0131k\u0131la\u015ft\u0131rma: Cildinizdeki kollajen ve elastin liflerini \u0131s\u0131tmak ve uyarmak i\u00e7in ultrason, radyofrekans veya lazer gibi \u00e7e\u015fitli enerji bazl\u0131 cihazlar\u0131n kullan\u0131ld\u0131\u011f\u0131 bir tedavi t\u00fcr\u00fcd\u00fcr. Bu, daha s\u0131k\u0131 ve p\u00fcr\u00fczs\u00fcz bir cilt dokusuna neden olabilir ve hafif ila orta dereceli sarkma ve k\u0131r\u0131\u015f\u0131kl\u0131klar\u0131 azaltabilir. Al\u0131n, yanaklar, \u00e7ene \u00e7izgisi veya \u00e7ene gibi y\u00fcz\u00fcn ve boynun farkl\u0131 b\u00f6lgelerine ameliyats\u0131z cilt s\u0131k\u0131la\u015ft\u0131rma i\u015flemi yap\u0131labilmektedir. Ancak sonu\u00e7lar genellikle y\u00fcz gerdirmeye g\u00f6re daha az dramatik ve daha az kal\u0131c\u0131d\u0131r.<\/li>\n\n\n\n<li>Dermal dolgu maddeleri: Bunlar y\u00fcz\u00fcn\u00fcze hacim ve dolgunluk kazand\u0131rabilen, k\u0131r\u0131\u015f\u0131kl\u0131klar\u0131 ve k\u0131vr\u0131mlar\u0131 d\u00fczeltebilen enjekte edilebilir maddelerdir. Dermal dolgu maddeleri hyaluronik asit, kalsiyum hidroksilapatit veya poli-L-laktik asit gibi do\u011fal veya sentetik malzemelerden yap\u0131labilir. Dermal dolgu maddeleri dudaklar, yanaklar, \u015fakaklar veya nazolabial k\u0131vr\u0131mlar gibi \u00e7e\u015fitli y\u00fcz \u00f6zelliklerini geli\u015ftirmek i\u00e7in kullan\u0131labilir. Ancak sonu\u00e7lar genellikle ge\u00e7icidir ve d\u00fczenli bak\u0131m gerektirir.<\/li>\n\n\n\n<li>Botulinum toksini enjeksiyonlar\u0131: Bunlar, y\u00fcz\u00fcn\u00fczde dinamik k\u0131r\u0131\u015f\u0131kl\u0131klara neden olan kaslar\u0131 ge\u00e7ici olarak gev\u015fetebilen safla\u015ft\u0131r\u0131lm\u0131\u015f bir protein enjeksiyonudur. Botulinum toksini enjeksiyonlar\u0131 al\u0131n \u00e7izgileri, ka\u015f \u00e7atma \u00e7izgileri, kaz ayaklar\u0131 veya tav\u015fan \u00e7izgileri gibi \u00e7e\u015fitli y\u00fcz ifadesi \u00e7izgilerini tedavi etmek i\u00e7in kullan\u0131labilir. Ancak sonu\u00e7lar genellikle k\u0131sa \u00f6m\u00fcrl\u00fcd\u00fcr ve sarkma veya fazla deriye \u00e7\u00f6z\u00fcm getirmez.<\/li>\n\n\n\n<li>Kimyasal peeling: Bunlar, cildinizin d\u0131\u015f katmanlar\u0131n\u0131 eksfoliye etmek ve \u00e7\u0131karmak i\u00e7in asidik sol\u00fcsyonlar kullanan tedavilerdir. Kimyasal peelingler pigmentasyonu, g\u00fcne\u015f hasar\u0131n\u0131, yara izlerini veya ince \u00e7izgileri azaltarak cildinizin g\u00f6r\u00fcn\u00fcm\u00fcn\u00fc iyile\u015ftirebilir. Kimyasal peelingler cildinizin durumuna ve istenilen sonuca g\u00f6re y\u00fczeyselden derine kadar farkl\u0131 derinliklerde yap\u0131labilir. Bununla birlikte, kimyasal peelingler sarkma veya fazla deriyi gidermez ve bir miktar kesinti ve i\u015flem sonras\u0131 bak\u0131m gerektirebilir.<\/li>\n<\/ul>\n\n\n\n<h2 class=\"wp-block-heading\"><span class=\"ez-toc-section\" id=\"Conclusion\"><\/span>\u00c7\u00f6z\u00fcm<span class=\"ez-toc-section-end\"><\/span><\/h2>\n\n\n\n<p>Y\u00fcz germe, cildi ve alttaki dokular\u0131 kald\u0131r\u0131p s\u0131k\u0131la\u015ft\u0131rarak y\u00fcz\u00fcn\u00fcz\u00fcn ve boynunuzun g\u00f6r\u00fcn\u00fcm\u00fcn\u00fc iyile\u015ftirebilen bir kozmetik cerrahi i\u015flemidir. Y\u00fcz germe operasyonu, daha gen\u00e7 ve daha tazelenmi\u015f g\u00f6r\u00fcnmek isteyen ki\u015filere bir\u00e7ok fayda sa\u011flayabilir. Ancak y\u00fcz germe ayn\u0131 zamanda bilmeniz gereken baz\u0131 riskler ve olas\u0131 komplikasyonlar\u0131 da ta\u015f\u0131r. Y\u00fcz germe herkes i\u00e7in uygun de\u011fildir ve dikkatli bir haz\u0131rl\u0131k ve iyile\u015fme gerektirir. Y\u00fcz germe kal\u0131c\u0131 bir \u00e7\u00f6z\u00fcm de\u011fildir ve gelecekte sonu\u00e7lar\u0131 korumak veya geli\u015ftirmek i\u00e7in ek prosed\u00fcrlere veya tedavilere ihtiya\u00e7 duyabilir.<\/p>\n\n\n\n<p>Y\u00fcz germe veya ba\u015fka bir y\u00fcz esteti\u011fi ameliyat\u0131yla ilgileniyorsan\u0131z, durumunuzu de\u011ferlendirebilecek ve sizin i\u00e7in en iyi se\u00e7ene\u011fi \u00f6nerebilecek kalifiye ve deneyimli bir plastik cerrahla g\u00f6r\u00fc\u015fmelisiniz. Ayr\u0131ca kendi ara\u015ft\u0131rman\u0131z\u0131 yapmal\u0131 ve y\u00fcz gerdirmenin sizin i\u00e7in neler ba\u015farabilece\u011fi konusunda ger\u00e7ek\u00e7i beklentilere sahip olmal\u0131s\u0131n\u0131z.<\/p>\n\t\t\t\t\t\t\t\t<\/div>\n\t\t\t\t\t<\/div>\n\t\t<\/div>\n\t\t\t\t\t<\/div>\n\t\t<\/section>\n\t\t\t\t<section class=\"elementor-section elementor-inner-section elementor-element elementor-element-377743f4 elementor-section-boxed elementor-section-height-default elementor-section-height-default\" data-id=\"377743f4\" data-element_type=\"section\" data-e-type=\"section\" data-settings=\"{&quot;background_background&quot;:&quot;classic&quot;}\">\n\t\t\t\t\t\t\t<div class=\"elementor-background-overlay\"><\/div>\n\t\t\t\t\t\t\t<div class=\"elementor-container elementor-column-gap-default\">\n\t\t\t\t\t<div class=\"elementor-column elementor-col-50 elementor-inner-column elementor-element elementor-element-58f2a10d\" data-id=\"58f2a10d\" data-element_type=\"column\" data-e-type=\"column\">\n\t\t\t<div class=\"elementor-widget-wrap elementor-element-populated\">\n\t\t\t\t\t\t<div class=\"elementor-element elementor-element-1d05cae3 elementor-widget elementor-widget-video\" data-id=\"1d05cae3\" data-element_type=\"widget\" data-e-type=\"widget\" data-settings=\"{&quot;youtube_url&quot;:&quot;https:\\\/\\\/www.youtube.com\\\/watch?v=SlTL4a1lgDQ&quot;,&quot;video_type&quot;:&quot;youtube&quot;,&quot;controls&quot;:&quot;yes&quot;}\" data-widget_type=\"video.default\">\n\t\t\t\t\t\t\t<div class=\"elementor-wrapper elementor-open-inline\">\n\t\t\t<div class=\"elementor-video\"><\/div>\t\t<\/div>\n\t\t\t\t\t\t<\/div>\n\t\t\t\t\t<\/div>\n\t\t<\/div>\n\t\t\t\t<div class=\"elementor-column elementor-col-50 elementor-inner-column elementor-element elementor-element-1b3816a4\" data-id=\"1b3816a4\" data-element_type=\"column\" data-e-type=\"column\">\n\t\t\t<div class=\"elementor-widget-wrap elementor-element-populated\">\n\t\t\t\t\t\t<div class=\"elementor-element elementor-element-4baed114 elementor-widget elementor-widget-heading\" data-id=\"4baed114\" data-element_type=\"widget\" data-e-type=\"widget\" data-widget_type=\"heading.default\">\n\t\t\t\t\t<h2 class=\"elementor-heading-title elementor-size-default\"><span class=\"ez-toc-section\" id=\"Free_Consultation\"><\/span>\u00dccretsiz Dan\u0131\u015fmanl\u0131k<span class=\"ez-toc-section-end\"><\/span><\/h2>\t\t\t\t<\/div>\n\t\t\t\t<div class=\"elementor-element elementor-element-19d0e2d9 elementor-widget elementor-widget-text-editor\" data-id=\"19d0e2d9\" data-element_type=\"widget\" data-e-type=\"widget\" data-widget_type=\"text-editor.default\">\n\t\t\t\t\t\t\t\t\t\u015eimdi \u00fccretsiz dan\u0131\u015fmanl\u0131k al\u0131n veya ziyaret edin <a style=\"color:#61CE70;  font-weight: bold;\" href=\"https:\/\/www.instagram.com\/dr_mfo\/\" rel=\"nofollow noopener\" target=\"_blank\">Dr.MFO&#039;nun instagram\u0131<\/a> Daha ba\u015far\u0131l\u0131 plastik cerrahi sonu\u00e7lar\u0131n\u0131 g\u00f6rmek i\u00e7in\t\t\t\t\t\t\t\t<\/div>\n\t\t\t\t<div class=\"elementor-element elementor-element-73ebad5d elementor-widget elementor-widget-button\" data-id=\"73ebad5d\" data-element_type=\"widget\" data-e-type=\"widget\" data-widget_type=\"button.default\">\n\t\t\t\t\t\t\t\t\t\t<a class=\"elementor-button elementor-button-link elementor-size-sm\" href=\"https:\/\/www.dr-mfo.com\/tr\/detayli-bilgi-al\/\">\n\t\t\t\t\t\t<span class=\"elementor-button-content-wrapper\">\n\t\t\t\t\t\t\t\t\t<span class=\"elementor-button-text\">Ba\u015flamak<\/span>\n\t\t\t\t\t<\/span>\n\t\t\t\t\t<\/a>\n\t\t\t\t\t\t\t\t<\/div>\n\t\t\t\t\t<\/div>\n\t\t<\/div>\n\t\t\t\t\t<\/div>\n\t\t<\/section>\n\t\t\t\t<\/div>","protected":false},"excerpt":{"rendered":"<p>Are you unhappy with the signs of aging on your face? Do you wish you could restore a more youthful and refreshed look? If so, you might be interested in a facelift, a cosmetic surgery procedure that can improve the appearance of your face and neck. A facelift, also known as a rhytidectomy, is a [&hellip;]<\/p>\n","protected":false},"author":2,"featured_media":7301,"comment_status":"closed","ping_status":"closed","sticky":false,"template":"","format":"standard","meta":{"_acf_changed":false,"footnotes":""},"categories":[189],"tags":[],"class_list":["post-7299","post","type-post","status-publish","format-standard","has-post-thumbnail","hentry","category-facelift"],"acf":[],"_links":{"self":[{"href":"https:\/\/www.dr-mfo.com\/tr\/wp-json\/wp\/v2\/posts\/7299","targetHints":{"allow":["GET"]}}],"collection":[{"href":"https:\/\/www.dr-mfo.com\/tr\/wp-json\/wp\/v2\/posts"}],"about":[{"href":"https:\/\/www.dr-mfo.com\/tr\/wp-json\/wp\/v2\/types\/post"}],"author":[{"embeddable":true,"href":"https:\/\/www.dr-mfo.com\/tr\/wp-json\/wp\/v2\/users\/2"}],"replies":[{"embeddable":true,"href":"https:\/\/www.dr-mfo.com\/tr\/wp-json\/wp\/v2\/comments?post=7299"}],"version-history":[{"count":0,"href":"https:\/\/www.dr-mfo.com\/tr\/wp-json\/wp\/v2\/posts\/7299\/revisions"}],"wp:featuredmedia":[{"embeddable":true,"href":"https:\/\/www.dr-mfo.com\/tr\/wp-json\/wp\/v2\/media\/7301"}],"wp:attachment":[{"href":"https:\/\/www.dr-mfo.com\/tr\/wp-json\/wp\/v2\/media?parent=7299"}],"wp:term":[{"taxonomy":"category","embeddable":true,"href":"https:\/\/www.dr-mfo.com\/tr\/wp-json\/wp\/v2\/categories?post=7299"},{"taxonomy":"post_tag","embeddable":true,"href":"https:\/\/www.dr-mfo.com\/tr\/wp-json\/wp\/v2\/tags?post=7299"}],"curies":[{"name":"wp","href":"https:\/\/api.w.org\/{rel}","templated":true}]}}