{"id":7309,"date":"2023-08-25T23:56:19","date_gmt":"2023-08-25T22:56:19","guid":{"rendered":"https:\/\/www.dr-mfo.com\/?p=7309"},"modified":"2026-02-22T05:04:35","modified_gmt":"2026-02-22T05:04:35","slug":"mini-facelift-maliyeti","status":"publish","type":"post","link":"https:\/\/www.dr-mfo.com\/tr\/mini-facelift-cost\/","title":{"rendered":"Mini Y\u00fcz Gerdirmenin Maliyeti Ne Kadard\u0131r?"},"content":{"rendered":"<div data-elementor-type=\"wp-post\" data-elementor-id=\"7309\" class=\"elementor elementor-7309\">\n\t\t\t\t\t\t<section class=\"elementor-section elementor-top-section elementor-element elementor-element-60cca26f elementor-section-boxed elementor-section-height-default elementor-section-height-default\" data-id=\"60cca26f\" data-element_type=\"section\" data-e-type=\"section\">\n\t\t\t\t\t\t<div class=\"elementor-container elementor-column-gap-default\">\n\t\t\t\t\t<div class=\"elementor-column elementor-col-100 elementor-top-column elementor-element elementor-element-2b896468\" data-id=\"2b896468\" data-element_type=\"column\" data-e-type=\"column\">\n\t\t\t<div class=\"elementor-widget-wrap elementor-element-populated\">\n\t\t\t\t\t\t<div class=\"elementor-element elementor-element-599c1d5a elementor-widget elementor-widget-text-editor\" data-id=\"599c1d5a\" data-element_type=\"widget\" data-e-type=\"widget\" data-widget_type=\"text-editor.default\">\n\t\t\t\t\t\t\t\t\t\n<p>Bir mini <a href=\"https:\/\/www.dr-mfo.com\/tr\/facelift-surgery\/\">y\u00fcz germe<\/a> Mini y\u00fcz germe, y\u00fcz\u00fcn alt \u00fc\u00e7te birlik k\u0131sm\u0131n\u0131, \u00f6zellikle yanaklar\u0131, \u00e7ene hatt\u0131n\u0131 ve boynu gen\u00e7le\u015ftirmeyi ama\u00e7layan bir estetik cerrahi i\u015flemidir. Y\u00fcz\u00fcn tamam\u0131na hitap eden ve daha kapsaml\u0131 kesiler ve iyile\u015fme s\u00fcresi gerektiren tam y\u00fcz germe ameliyat\u0131na g\u00f6re daha az invaziv ve daha ucuz bir alternatiftir. Mini y\u00fcz germe, sarkan cildin, \u00e7ene \u00e7izgilerinin, kukla \u00e7izgilerinin ve nazolabial k\u0131vr\u0131mlar\u0131n g\u00f6r\u00fcn\u00fcm\u00fcn\u00fc iyile\u015ftirmeye yard\u0131mc\u0131 olarak size daha gen\u00e7 ve tazelenmi\u015f bir g\u00f6r\u00fcn\u00fcm kazand\u0131rabilir.<\/p>\n\n\n\n<p>Peki mini y\u00fcz germenin maliyeti ne kadar? Peki bu prosed\u00fcr\u00fcn fiyat\u0131n\u0131 hangi fakt\u00f6rler etkiler? Bu yaz\u0131m\u0131zda bu sorular\u0131 cevaplayaca\u011f\u0131z ve mini y\u00fcz germenin sizin i\u00e7in uygun olup olmad\u0131\u011f\u0131na karar vermenize yard\u0131mc\u0131 olacak baz\u0131 yararl\u0131 bilgiler sunaca\u011f\u0131z.<\/p>\n\n\n\n<figure class=\"wp-block-image size-large\"><img fetchpriority=\"high\" decoding=\"async\" width=\"683\" height=\"1024\" src=\"https:\/\/www.dr-mfo.com\/wp-content\/uploads\/2023\/08\/egvccebwodm-683x1024.jpg\" alt=\"kad\u0131n\u0131n y\u00fcz\u00fc, mini y\u00fcz germe\" class=\"wp-image-7312\" srcset=\"https:\/\/www.dr-mfo.com\/wp-content\/uploads\/2023\/08\/egvccebwodm-683x1024.jpg 683w, https:\/\/www.dr-mfo.com\/wp-content\/uploads\/2023\/08\/egvccebwodm-200x300.jpg 200w, https:\/\/www.dr-mfo.com\/wp-content\/uploads\/2023\/08\/egvccebwodm-768x1152.jpg 768w, https:\/\/www.dr-mfo.com\/wp-content\/uploads\/2023\/08\/egvccebwodm-8x12.jpg 8w, https:\/\/www.dr-mfo.com\/wp-content\/uploads\/2023\/08\/egvccebwodm.jpg 800w\" sizes=\"(max-width: 683px) 100vw, 683px\" \/><\/figure>\n\n\n\n<div id=\"ez-toc-container\" class=\"ez-toc-v2_0_82_2 counter-hierarchy ez-toc-counter ez-toc-transparent ez-toc-container-direction\">\n<div class=\"ez-toc-title-container\">\n<p class=\"ez-toc-title\" style=\"cursor:inherit\">\u0130\u00e7indekiler<\/p>\n<span class=\"ez-toc-title-toggle\"><\/span><\/div>\n<nav><ul class='ez-toc-list ez-toc-list-level-1' ><li class='ez-toc-page-1 ez-toc-heading-level-2'><a class=\"ez-toc-link ez-toc-heading-1\" href=\"https:\/\/www.dr-mfo.com\/tr\/mini-facelift-cost\/#What_is_the_average_cost_of_a_mini_facelift\" >Mini y\u00fcz germenin ortalama maliyeti nedir?<\/a><\/li><li class='ez-toc-page-1 ez-toc-heading-level-2'><a class=\"ez-toc-link ez-toc-heading-2\" href=\"https:\/\/www.dr-mfo.com\/tr\/mini-facelift-cost\/#What_factors_affect_the_cost_of_a_mini_facelift\" >Mini y\u00fcz germenin maliyetini hangi fakt\u00f6rler etkiler?<\/a><\/li><li class='ez-toc-page-1 ez-toc-heading-level-2'><a class=\"ez-toc-link ez-toc-heading-3\" href=\"https:\/\/www.dr-mfo.com\/tr\/mini-facelift-cost\/#How_can_you_finance_your_mini_facelift\" >Mini y\u00fcz gerdirmenizi nas\u0131l finanse edebilirsiniz?<\/a><\/li><li class='ez-toc-page-1 ez-toc-heading-level-2'><a class=\"ez-toc-link ez-toc-heading-4\" href=\"https:\/\/www.dr-mfo.com\/tr\/mini-facelift-cost\/#Conclusion\" >\u00c7\u00f6z\u00fcm<\/a><\/li><li class='ez-toc-page-1 ez-toc-heading-level-2'><a class=\"ez-toc-link ez-toc-heading-5\" href=\"https:\/\/www.dr-mfo.com\/tr\/mini-facelift-cost\/#FAQs\" >SSS<\/a><\/li><li class='ez-toc-page-1 ez-toc-heading-level-2'><a class=\"ez-toc-link ez-toc-heading-6\" href=\"https:\/\/www.dr-mfo.com\/tr\/mini-facelift-cost\/#Free_Consultation\" >\u00dccretsiz Dan\u0131\u015fmanl\u0131k<\/a><\/li><\/ul><\/nav><\/div>\n<h2 class=\"wp-block-heading\"><span class=\"ez-toc-section\" id=\"What_is_the_average_cost_of_a_mini_facelift\"><\/span>Mini y\u00fcz germenin ortalama maliyeti nedir?<span class=\"ez-toc-section-end\"><\/span><\/h2>\n\n\n\n<p><a href=\"https:\/\/www.whatclinic.com\/cosmetic-plastic-surgery\/turkey\/mini-facelift\" target=\"_blank\" rel=\"noreferrer noopener nofollow\">Amerikan Plastik Cerrahlar Derne\u011fi&#039;ne (ASPS) g\u00f6re, 2020&#039;de mini y\u00fcz germenin ortalama maliyeti $5.174 oldu<\/a><a href=\"https:\/\/www.whatclinic.com\/cosmetic-plastic-surgery\/turkey\/mini-facelift\" target=\"_blank\" rel=\"noreferrer noopener nofollow\"><sup>1<\/sup><\/a>. <a href=\"https:\/\/www.whatclinic.com\/cosmetic-plastic-surgery\/turkey\/mini-facelift\" target=\"_blank\" rel=\"noreferrer noopener nofollow\">Bu, tam y\u00fcz germenin ortalama maliyeti olan $8.123&#039;ten \u00f6nemli \u00f6l\u00e7\u00fcde daha d\u00fc\u015f\u00fckt\u00fcr.<\/a><a href=\"https:\/\/www.whatclinic.com\/cosmetic-plastic-surgery\/turkey\/mini-facelift\" target=\"_blank\" rel=\"noreferrer noopener nofollow\"><sup>1<\/sup><\/a>. Ancak bu rakam yaln\u0131zca cerrah\u0131n \u00fccretini temsil eder ve anestezi, tesis \u00fccretleri, t\u0131bbi testler, re\u00e7eteler ve ameliyat sonras\u0131 bak\u0131m gibi di\u011fer masraflar\u0131 i\u00e7ermez. Bunlar topland\u0131\u011f\u0131nda, mini y\u00fcz germe i\u015fleminin toplam maliyeti 6.000 ile 12.000 aras\u0131nda de\u011fi\u015febilir.<sup>2<\/sup>.<\/p>\n\n\n\n<h2 class=\"wp-block-heading\"><span class=\"ez-toc-section\" id=\"What_factors_affect_the_cost_of_a_mini_facelift\"><\/span>Mini y\u00fcz germenin maliyetini hangi fakt\u00f6rler etkiler?<span class=\"ez-toc-section-end\"><\/span><\/h2>\n\n\n\n<p>Mini y\u00fcz germenin maliyeti a\u015fa\u011f\u0131dakiler gibi \u00e7e\u015fitli fakt\u00f6rlere ba\u011fl\u0131 olarak de\u011fi\u015febilir:<\/p>\n\n\n\n<ul class=\"wp-block-list\">\n<li><strong>Cerrah\u0131n deneyimi ve itibar\u0131.<\/strong> Kurul onayl\u0131 plastik <a href=\"https:\/\/www.dr-mfo.com\/tr\/\">Cerrah<\/a> Mini y\u00fcz germe konusunda kapsaml\u0131 e\u011fitim ve deneyime sahip bir cerrah, daha az nitelikli veya daha az deneyimli bir cerraha g\u00f6re daha y\u00fcksek \u00fccret talep edebilir. Bununla birlikte, sayg\u0131n bir cerrah se\u00e7mek, daha iyi sonu\u00e7lar ve daha d\u00fc\u015f\u00fck komplikasyon riski de sa\u011flayabilir.<\/li>\n\n\n\n<li><strong>Co\u011frafi konum.<\/strong> Ya\u015fam maliyeti ve farkl\u0131 b\u00f6lgelerdeki estetik ameliyatlara olan talep, mini y\u00fcz germe fiyat\u0131n\u0131 etkileyebilir. \u00d6rne\u011fin, mini bir y\u00fcz germe, New York veya Los Angeles gibi b\u00fcy\u00fck metropol b\u00f6lgelerde, k\u00fc\u00e7\u00fck \u015fehirlere veya k\u0131rsal b\u00f6lgelere g\u00f6re daha pahal\u0131 olabilir.<\/li>\n\n\n\n<li><strong>Prosed\u00fcr\u00fcn kapsam\u0131 ve karma\u015f\u0131kl\u0131\u011f\u0131.<\/strong> Mini y\u00fcz germe, \u00f6zel endi\u015felerinize ve hedeflerinize hitap edecek \u015fekilde \u00f6zelle\u015ftirilebilir. Ne kadar deri ve dokunun \u00e7\u0131kar\u0131lmas\u0131 veya yeniden konumland\u0131r\u0131lmas\u0131 gerekti\u011fine ba\u011fl\u0131 olarak prosed\u00fcr daha uzun s\u00fcrebilir ve cerrah\u0131n daha fazla beceri ve hassasiyetini gerektirebilir. Bu, ameliyat\u0131n maliyetini, anestezi ve tesis \u00fccretlerini etkileyebilir.<\/li>\n\n\n\n<li><strong>Anestezinin t\u00fcr\u00fc ve kalitesi.<\/strong> Mini y\u00fcz germe, sedasyonla lokal anestezi veya genel anestezi alt\u0131nda yap\u0131labilir. Anestezi se\u00e7imi tercihinize, sa\u011fl\u0131k durumunuza ve cerrah\u0131n tavsiyesine ba\u011fl\u0131d\u0131r. Sedasyonlu lokal anestezi genellikle genel anesteziye g\u00f6re daha ucuzdur ancak herkes i\u00e7in uygun olmayabilir. Anestezinin kalitesi ve g\u00fcvenli\u011fi ayn\u0131 zamanda anesteziyi uygulayan anestezi uzman\u0131n\u0131n veya anestezi hem\u015firesinin yetkinli\u011fine ve deneyimine de ba\u011fl\u0131d\u0131r.<\/li>\n\n\n\n<li><strong>Cerrahi tesisin t\u00fcr\u00fc ve kalitesi.<\/strong> Mini y\u00fcz germe bir hastanede, akredite bir cerrahi merkezde veya ofis bazl\u0131 bir ameliyathanede yap\u0131labilir. Bu tesisleri kullanman\u0131n maliyeti lokasyona, donan\u0131ma, personele ve akreditasyon durumuna g\u00f6re de\u011fi\u015febilmektedir. Akredite tesislerin, daha iyi sonu\u00e7lar sa\u011flayabilecek ve enfeksiyon veya komplikasyon risklerini azaltabilecek belirli g\u00fcvenlik ve kalite standartlar\u0131n\u0131 kar\u015f\u0131lamas\u0131 gerekir.<\/li>\n\n\n\n<li><strong>Ek prosed\u00fcrler veya tedaviler.<\/strong> Baz\u0131 ki\u015filer, sonu\u00e7lar\u0131n\u0131 iyile\u015ftirmek veya di\u011fer endi\u015fe duyulan alanlara \u00e7\u00f6z\u00fcm bulmak i\u00e7in mini y\u00fcz gerdirmeyi di\u011fer kozmetik prosed\u00fcrler veya tedavilerle birle\u015ftirmeyi tercih edebilir. \u00d6rne\u011fin ka\u015f kald\u0131rma, g\u00f6z kapa\u011f\u0131 ameliyat\u0131 gibi i\u015flemleri tercih edebilirsiniz. <a href=\"https:\/\/www.dr-mfo.com\/tr\/nose-job-rhinoplasty\/\">burun esteti\u011fi<\/a>, chin augmentation, liposuction, fat transfer, dermal fillers, or Botox injections along with your mini facelift. These additional procedures or treatments will increase the overall cost of your surgery as well as the recovery time.<\/li>\n<\/ul>\n\n\n\n<figure class=\"wp-block-image size-large\"><img decoding=\"async\" width=\"1024\" height=\"683\" src=\"https:\/\/www.dr-mfo.com\/wp-content\/uploads\/2023\/06\/mini-face-lift-turkey-price-7-1024x683.jpg\" alt=\"\" class=\"wp-image-6673\" srcset=\"https:\/\/www.dr-mfo.com\/wp-content\/uploads\/2023\/06\/mini-face-lift-turkey-price-7-1024x683.jpg 1024w, https:\/\/www.dr-mfo.com\/wp-content\/uploads\/2023\/06\/mini-face-lift-turkey-price-7-300x200.jpg 300w, https:\/\/www.dr-mfo.com\/wp-content\/uploads\/2023\/06\/mini-face-lift-turkey-price-7-768x512.jpg 768w, https:\/\/www.dr-mfo.com\/wp-content\/uploads\/2023\/06\/mini-face-lift-turkey-price-7-1536x1025.jpg 1536w, https:\/\/www.dr-mfo.com\/wp-content\/uploads\/2023\/06\/mini-face-lift-turkey-price-7-18x12.jpg 18w, https:\/\/www.dr-mfo.com\/wp-content\/uploads\/2023\/06\/mini-face-lift-turkey-price-7.jpg 1920w\" sizes=\"(max-width: 1024px) 100vw, 1024px\" \/><figcaption class=\"wp-element-caption\">Beyaz arka planda y\u00fcz germe ameliyat\u0131 ge\u00e7iren gen\u00e7 kad\u0131n\u0131n portresi<\/figcaption><\/figure>\n\n\n\n<h2 class=\"wp-block-heading\"><span class=\"ez-toc-section\" id=\"How_can_you_finance_your_mini_facelift\"><\/span>Mini y\u00fcz gerdirmenizi nas\u0131l finanse edebilirsiniz?<span class=\"ez-toc-section-end\"><\/span><\/h2>\n\n\n\n<p>Mini y\u00fcz germe, sa\u011fl\u0131k sigortas\u0131 kapsam\u0131na girmeyen iste\u011fe ba\u011fl\u0131 bir kozmetik prosed\u00fcr olarak kabul edilir. Bu nedenle \u00fccretini kendi cebinizden \u00f6demek zorunda kalacaks\u0131n\u0131z. Ancak, e\u011fer \u00f6n \u00f6demeyi kar\u015f\u0131layam\u0131yorsan\u0131z, mini y\u00fcz gerdirme i\u015fleminizi finanse etmenin baz\u0131 yollar\u0131 vard\u0131r. Bu se\u00e7eneklerden baz\u0131lar\u0131 \u015funlard\u0131r:<\/p>\n\n\n\n<ul class=\"wp-block-list\">\n<li><strong>Tasarruf ediyorum.<\/strong> Mini y\u00fcz germe operasyonu i\u00e7in \u00f6deme yapman\u0131n en kolay yolu, ameliyat\u0131n\u0131z\u0131 planlamadan \u00f6nce yeterli miktarda para biriktirmektir. Ameliyat\u0131n\u0131z\u0131n finansman\u0131 i\u00e7in her ay belli bir miktar para ay\u0131rabilir veya vergi iadenizi, ikramiyenizi veya miras\u0131n\u0131z\u0131 kullanabilirsiniz. Bu \u015fekilde di\u011fer finansman se\u00e7enekleriyle birlikte gelen faiz veya \u00fccretleri \u00f6demekten kurtulabilirsiniz.<\/li>\n\n\n\n<li><strong>Kredi kart\u0131 kullanma.<\/strong> Mini y\u00fcz germe i\u015fleminiz i\u00e7in mevcut kredi kart\u0131n\u0131z\u0131 kullanabilir veya d\u00fc\u015f\u00fck faizli yeni bir kredi kart\u0131na ya da kampanyal\u0131 kampanyaya ba\u015fvurabilirsiniz. Ancak kredi limitinizi a\u015fmamaya veya \u00f6demelerinizi ka\u00e7\u0131rmamaya dikkat etmelisiniz \u00e7\u00fcnk\u00fc bu durum kredi puan\u0131n\u0131z\u0131 olumsuz etkileyebilir ve ek masraflara neden olabilir. Ayr\u0131ca farkl\u0131 kredi kartlar\u0131n\u0131n faiz oran\u0131 ve \u00fccretlerini kar\u015f\u0131la\u015ft\u0131r\u0131p b\u00fct\u00e7enize ve geri \u00f6deme plan\u0131n\u0131za uygun olan\u0131 se\u00e7melisiniz.<\/li>\n\n\n\n<li><strong>Bireysel kredi almak.<\/strong> Mini y\u00fcz germe i\u015fleminizin bedelini \u00f6demek i\u00e7in bir bankadan, kredi birli\u011finden veya \u00e7evrimi\u00e7i bor\u00e7 verenden ki\u015fisel kredi ba\u015fvurusunda bulunabilirsiniz. Bireysel kredi, herhangi bir teminat veya kefil gerektirmeyen teminats\u0131z bir kredidir. Ancak uygun faiz oran\u0131 ve geri \u00f6deme s\u00fcresine sahip bireysel krediye hak kazanmak i\u00e7in iyi bir kredi notuna ve istikrarl\u0131 bir gelire sahip olman\u0131z gerekecektir. Ayr\u0131ca ara\u015ft\u0131rma yap\u0131p farkl\u0131 bireysel kredilerin faiz oran\u0131n\u0131, \u00fccretlerini ve ko\u015fullar\u0131n\u0131 kar\u015f\u0131la\u015ft\u0131rmal\u0131 ve ihtiya\u00e7 ve beklentilerinizi kar\u015f\u0131layan\u0131 se\u00e7melisiniz.<\/li>\n\n\n\n<li><strong>Bir t\u0131bbi finansman \u015firketi kullanmak.<\/strong> CareCredit, Alphaeon Credit veya Prosper Healthcare Lending gibi t\u0131bbi prosed\u00fcrler i\u00e7in finansman sa\u011flama konusunda uzmanla\u015fm\u0131\u015f baz\u0131 \u015firketler var. Bu \u015firketler nitelikli hastalar i\u00e7in esnek \u00f6deme planlar\u0131 ve d\u00fc\u015f\u00fck veya s\u0131f\u0131r faiz oranlar\u0131 sunuyor. Ancak, finansmana ba\u015fvurmadan \u00f6nce uygunluk kriterlerini kar\u015f\u0131laman\u0131z ve \u015fart ve ko\u015fullar\u0131n\u0131 kabul etmeniz gerekecektir. Ayr\u0131ca ayr\u0131nt\u0131l\u0131 bilgileri okumal\u0131 ve hizmetlerini kullanman\u0131n risklerini ve faydalar\u0131n\u0131 anlamal\u0131s\u0131n\u0131z.<\/li>\n<\/ul>\n\n\n\n<figure class=\"wp-block-image size-large\"><img decoding=\"async\" width=\"1024\" height=\"683\" src=\"https:\/\/www.dr-mfo.com\/wp-content\/uploads\/2023\/04\/mini-facelift-1024x683.jpg\" alt=\"mini y\u00fcz germe\" class=\"wp-image-5516\" srcset=\"https:\/\/www.dr-mfo.com\/wp-content\/uploads\/2023\/04\/mini-facelift-1024x683.jpg 1024w, https:\/\/www.dr-mfo.com\/wp-content\/uploads\/2023\/04\/mini-facelift-300x200.jpg 300w, https:\/\/www.dr-mfo.com\/wp-content\/uploads\/2023\/04\/mini-facelift-768x512.jpg 768w, https:\/\/www.dr-mfo.com\/wp-content\/uploads\/2023\/04\/mini-facelift-1536x1024.jpg 1536w, https:\/\/www.dr-mfo.com\/wp-content\/uploads\/2023\/04\/mini-facelift-2048x1365.jpg 2048w, https:\/\/www.dr-mfo.com\/wp-content\/uploads\/2023\/04\/mini-facelift-scaled.jpg 1920w\" sizes=\"(max-width: 1024px) 100vw, 1024px\" \/><figcaption class=\"wp-element-caption\">doktor estetik ameliyattan \u00f6nce orta ya\u015fl\u0131 kad\u0131n\u0131n cildini inceliyor<\/figcaption><\/figure>\n\n\n\n<h2 class=\"wp-block-heading\"><span class=\"ez-toc-section\" id=\"Conclusion\"><\/span>\u00c7\u00f6z\u00fcm<span class=\"ez-toc-section-end\"><\/span><\/h2>\n\n\n\n<p>Mini y\u00fcz germe, y\u00fcz\u00fcn\u00fcz\u00fcn alt \u00fc\u00e7te birlik k\u0131sm\u0131n\u0131n g\u00f6r\u00fcn\u00fcm\u00fcn\u00fc iyile\u015ftirmeye yard\u0131mc\u0131 olabilecek, tam y\u00fcz germeye g\u00f6re daha az invaziv ve daha ucuz bir alternatiftir. Mini y\u00fcz germenin ortalama maliyeti $5.174&#039;t\u00fcr ancak cerrah\u0131n deneyimi, co\u011frafi konum, i\u015flemin kapsam\u0131, anestezi t\u00fcr\u00fc, tesisin t\u00fcr\u00fc ve ek olanaklar gibi \u00e7e\u015fitli fakt\u00f6rlere ba\u011fl\u0131 olarak de\u011fi\u015febilir. prosed\u00fcrler veya tedaviler. Mini y\u00fcz germe, sa\u011fl\u0131k sigortas\u0131 kapsam\u0131nda de\u011fildir ancak bunu finanse etmenin, tasarruf etmek, kredi kart\u0131 kullanmak, ki\u015fisel kredi almak veya t\u0131bbi finansman \u015firketi kullanmak gibi baz\u0131 yollar\u0131 vard\u0131r. Mini y\u00fcz germe ameliyat\u0131na karar vermeden \u00f6nce, durumunuzu de\u011ferlendirebilecek, hedeflerinizi ve beklentilerinizi tart\u0131\u015fabilecek, i\u015flemin risklerini ve faydalar\u0131n\u0131 a\u00e7\u0131klayabilecek ve size maliyet konusunda do\u011fru bir tahmin sunabilecek, kurul onayl\u0131 bir plastik cerrahla g\u00f6r\u00fc\u015fmelisiniz.<\/p>\n\n\n\n<h2 class=\"wp-block-heading\"><span class=\"ez-toc-section\" id=\"FAQs\"><\/span>SSS<span class=\"ez-toc-section-end\"><\/span><\/h2>\n\n\n\n<ul class=\"wp-block-list\">\n<li><strong>Mini y\u00fcz germenin faydalar\u0131 nelerdir?<\/strong>\n<ul class=\"wp-block-list\">\n<li>Mini y\u00fcz germe, a\u015fa\u011f\u0131dakiler gibi \u00e7e\u015fitli faydalar sa\u011flayabilir:\n<ul class=\"wp-block-list\">\n<li>Yanaklar\u0131n, \u00e7ene hatt\u0131n\u0131n ve boynun derisini ve kaslar\u0131n\u0131 kald\u0131rabilir ve s\u0131k\u0131la\u015ft\u0131rabilir.<\/li>\n\n\n\n<li>G\u0131d\u0131, kukla \u00e7izgileri, nazolabial k\u0131vr\u0131mlar ve g\u0131d\u0131 g\u00f6r\u00fcn\u00fcm\u00fcn\u00fc azaltabilir.<\/li>\n\n\n\n<li>Y\u00fcz\u00fcn alt \u00fc\u00e7te birlik k\u0131sm\u0131na daha gen\u00e7 ve taze bir g\u00f6r\u00fcn\u00fcm kazand\u0131r\u0131labilir.<\/li>\n\n\n\n<li>Kendinize olan g\u00fcveninizi ve \u00f6zsayg\u0131n\u0131z\u0131 art\u0131rabilir.<\/li>\n\n\n\n<li>Lokal anestezi alt\u0131nda sedasyonla ya da genel anesteziyle yap\u0131labilir.<\/li>\n\n\n\n<li>Tam y\u00fcz germeye g\u00f6re daha k\u00fc\u00e7\u00fck kesiler ve daha az yara izi gerektirir.<\/li>\n\n\n\n<li>Tam y\u00fcz germeye g\u00f6re iyile\u015fme s\u00fcresi daha k\u0131sad\u0131r ve komplikasyon riski daha d\u00fc\u015f\u00fckt\u00fcr.<\/li>\n<\/ul>\n<\/li>\n<\/ul>\n<\/li>\n\n\n\n<li><strong>Mini y\u00fcz germenin dezavantajlar\u0131 nelerdir?<\/strong>\n<ul class=\"wp-block-list\">\n<li>Mini y\u00fcz germenin baz\u0131 dezavantajlar\u0131 da vard\u0131r:\n<ul class=\"wp-block-list\">\n<li>Al\u0131n, ka\u015flar, g\u00f6z kapaklar\u0131 veya burun gibi y\u00fcz\u00fcn \u00fcst \u00fc\u00e7te birlik k\u0131sm\u0131na hitap etmez.<\/li>\n\n\n\n<li>Y\u00fcz\u00fcn alt k\u0131sm\u0131nda veya boynunda ciddi cilt gev\u015fekli\u011fi veya sarkmas\u0131 olan ki\u015filer i\u00e7in uygun olmayabilir.<\/li>\n\n\n\n<li>Tam y\u00fcz germe kadar dramatik veya uzun s\u00fcreli sonu\u00e7lar vermeyebilir.<\/li>\n\n\n\n<li>Sonu\u00e7lar\u0131 korumak veya geli\u015ftirmek i\u00e7in tekrarlanmas\u0131 veya di\u011fer prosed\u00fcrler veya tedavilerle birle\u015ftirilmesi gerekebilir.<\/li>\n\n\n\n<li>Halen cerrahi, anestezi, kesi, diki\u015f, \u015fi\u015flik, morarma, a\u011fr\u0131, enfeksiyon, kanama, hematom, sinir hasar\u0131, uyu\u015fukluk, yara izi, asimetri, sonu\u00e7tan memnuniyetsizlik veya revizyon ameliyat\u0131 ihtiyac\u0131n\u0131 i\u00e7eren invazif bir i\u015flemdir.<\/li>\n<\/ul>\n<\/li>\n<\/ul>\n<\/li>\n\n\n\n<li><strong>Mini y\u00fcz germe ne kadar s\u00fcrer?<\/strong>\n<ul class=\"wp-block-list\">\n<li>Mini y\u00fcz germe i\u015fleminin kal\u0131c\u0131l\u0131\u011f\u0131, ya\u015f\u0131n\u0131z, cilt kaliteniz, ya\u015fam tarz\u0131 al\u0131\u015fkanl\u0131klar\u0131n\u0131z, g\u00fcne\u015fe maruz kalma, genetik yap\u0131n\u0131z ve bak\u0131m tedavileriniz gibi \u00e7e\u015fitli fakt\u00f6rlere ba\u011fl\u0131d\u0131r. Genel olarak, mini y\u00fcz germe i\u015fleminin etkisi 5 ila 10 y\u0131l aras\u0131nda s\u00fcrebilir.<sup>3<\/sup>. Ancak do\u011fal ya\u015flanma s\u00fcrecini durduramaz veya y\u00fcz g\u00f6r\u00fcn\u00fcm\u00fcn\u00fczdeki daha fazla de\u011fi\u015fikli\u011fi engelleyemez. <a href=\"https:\/\/www.healthline.com\/health\/mini-face-lift\" target=\"_blank\" rel=\"noreferrer noopener nofollow\">Mini y\u00fcz germe operasyonunuzun sonu\u00e7lar\u0131n\u0131n daha uzun s\u00fcre dayanmas\u0131 i\u00e7in cerrah\u0131n\u0131z\u0131n ameliyat sonras\u0131 talimatlar\u0131na uymal\u0131, sigara ve a\u015f\u0131r\u0131 alkol t\u00fcketiminden uzak durmal\u0131s\u0131n\u0131z.<sup>4<\/sup><\/a>, cildinizi g\u00fcne\u015fin zararlar\u0131ndan koruyun<sup>5<\/sup><a href=\"https:\/\/www.westlakedermatology.com\/blog\/mini-facelift-pros-and-cons\/\" target=\"_blank\" rel=\"noreferrer noopener nofollow\">Ya\u015flanma kar\u015f\u0131t\u0131 cilt bak\u0131m \u00fcr\u00fcnleri kullan\u0131n<sup>6<\/sup><\/a>ve gerekti\u011finde r\u00f6tu\u015f prosed\u00fcrlerini veya tedavilerini yapt\u0131rmay\u0131 d\u00fc\u015f\u00fcn\u00fcn.<\/li>\n<\/ul>\n<\/li>\n\n\n\n<li><strong>Mini y\u00fcz germe ameliyat\u0131m i\u00e7in cerrah\u0131 nas\u0131l se\u00e7erim?<\/strong>\n<ul class=\"wp-block-list\">\n<li>Mini y\u00fcz germe i\u015fleminiz i\u00e7in cerrah se\u00e7mek, i\u015fleminizle ilgili verece\u011finiz en \u00f6nemli kararlardan biridir. Mini y\u00fcz germe ve di\u011fer y\u00fcz estetik ameliyatlar\u0131n\u0131 ger\u00e7ekle\u015ftirme konusunda kapsaml\u0131 e\u011fitim ve deneyime sahip, kurul onayl\u0131 bir plastik cerrah aramal\u0131s\u0131n\u0131z. Kimlik bilgilerini de kontrol etmelisiniz<a href=\"https:\/\/aedit.com\/procedure\/minifacelift\" target=\"_blank\" rel=\"noreferrer noopener nofollow\"><sup>7<\/sup><\/a>, \u00f6ncesi-sonras\u0131 foto\u011fraflar\u0131<sup>8<\/sup><a href=\"https:\/\/www.newbeauty.com\/facelift-alternatives\/\" target=\"_blank\" rel=\"noreferrer noopener nofollow\">, incelemeler<sup>9<\/sup><\/a>, derecelendirmeler<sup>10<\/sup><a href=\"about:blank#\">,<\/a> referanslar<sup>11<\/sup>ve \u00f6nceki hastalar\u0131n y\u00f6nlendirmeleri<\/li>\n\n\n\n<li>Ayr\u0131ca potansiyel cerrah\u0131n\u0131za, nitelikleri, deneyimleri, teknikleri, yakla\u015f\u0131mlar\u0131, sonu\u00e7lar\u0131, riskleri, komplikasyonlar\u0131, iyile\u015fmesi, maliyeti ve finansman se\u00e7enekleri hakk\u0131nda sorular sorabilece\u011finiz bir dan\u0131\u015fma oturumu s\u0131ras\u0131nda da dan\u0131\u015fmal\u0131s\u0131n\u0131z. Cerrah\u0131n\u0131z ve ekibinin yan\u0131nda kendinizi rahat ve g\u00fcvende hissetmeli ve mini y\u00fcz germe sonucunuz hakk\u0131nda ger\u00e7ek\u00e7i beklentilere sahip olmal\u0131s\u0131n\u0131z.<\/li>\n<\/ul>\n<\/li>\n\n\n\n<li><strong>Mini y\u00fcz germe ameliyat\u0131ma nas\u0131l haz\u0131rlanaca\u011f\u0131m?<\/strong>\n<ul class=\"wp-block-list\">\n<li>Mini y\u00fcz germe i\u015fleminden \u00f6nce sa\u011fl\u0131kl\u0131 ve ameliyata uygun oldu\u011funuzdan emin olmak i\u00e7in baz\u0131 t\u0131bbi testlerden ve de\u011ferlendirmelerden ge\u00e7meniz gerekecektir. Ayr\u0131ca cerrah\u0131n\u0131z\u0131n ameliyat \u00f6ncesi talimatlar\u0131na da uyman\u0131z gerekecektir; bunlar \u015funlar\u0131 i\u00e7erebilir:\n<ul class=\"wp-block-list\">\n<li>Ameliyattan en az iki hafta \u00f6nce sigara ve alkol\u00fcn b\u0131rak\u0131lmas\u0131.<\/li>\n\n\n\n<li>Aspirin, antiinflamatuar ila\u00e7lar, bitkisel takviyeler ve kanamay\u0131 art\u0131rabilecek veya anesteziyi etkileyebilecek di\u011fer ila\u00e7lardan ka\u00e7\u0131nmak.<\/li>\n\n\n\n<li>Sizi ameliyathaneye g\u00f6t\u00fcr\u00fcp getirecek ve ameliyattan sonraki ilk veya iki gece yan\u0131n\u0131zda kalacak birini ayarlamak.<\/li>\n\n\n\n<li>Ameliyat sonras\u0131 ihtiya\u00e7 duyaca\u011f\u0131n\u0131z a\u011fr\u0131 kesici, antibiyotik ve di\u011fer ila\u00e7lar\u0131n re\u00e7etelerini doldurmak.<\/li>\n\n\n\n<li>Yast\u0131k, buz torbas\u0131, bandaj, gazl\u0131 bez ve di\u011fer malzemelerle evde rahat ve temiz bir iyile\u015fme alan\u0131 haz\u0131rlamak.<\/li>\n\n\n\n<li>Ameliyattan \u00f6nceki gece ve sabah sa\u00e7\u0131n\u0131z\u0131 ve y\u00fcz\u00fcn\u00fcz\u00fc yumu\u015fak bir sabunla y\u0131kamak.<\/li>\n\n\n\n<li>Ameliyattan \u00f6nceki gece gece yar\u0131s\u0131ndan sonra hi\u00e7bir \u015fey yiyip i\u00e7memek.<\/li>\n<\/ul>\n<\/li>\n<\/ul>\n<\/li>\n\n\n\n<li><strong>Mini y\u00fcz germe operasyonu s\u0131ras\u0131nda ve sonras\u0131nda neler bekleyebilirim?<\/strong>\n<ul class=\"wp-block-list\">\n<li>Mini y\u00fcz germe i\u015fleminiz s\u0131ras\u0131nda a\u011fr\u0131n\u0131z\u0131 dindirmek ve rahat etmenizi sa\u011flamak i\u00e7in size anestezi verilecektir. Cerrah\u0131n\u0131z sa\u00e7 \u00e7izginiz boyunca, kulaklar\u0131n\u0131z\u0131n \u00f6n\u00fcnde ve kulaklar\u0131n\u0131z\u0131n arkas\u0131nda k\u00fc\u00e7\u00fck kesiler yapacakt\u0131r. Daha sonra alt y\u00fcz\u00fcn\u00fcz\u00fcn ve boynunuzun derisini ve kaslar\u0131n\u0131 kald\u0131r\u0131p s\u0131k\u0131la\u015ft\u0131racak ve fazla deriyi veya ya\u011f\u0131 \u00e7\u0131karacaklar. Daha sonra kesileri diki\u015flerle veya z\u0131mbalarla kapatacaklar ve yaralar\u0131 korumak i\u00e7in bandaj veya pansuman uygulayacaklar. Prosed\u00fcr\u00fcn tamamlanmas\u0131 genellikle bir ila iki saat s\u00fcrer.<\/li>\n\n\n\n<li>Mini y\u00fcz germe operasyonundan sonra herhangi bir komplikasyon belirtisi a\u00e7\u0131s\u0131ndan izlenece\u011finiz bir iyile\u015fme odas\u0131na g\u00f6t\u00fcr\u00fcleceksiniz. Y\u00fcz\u00fcn\u00fczde ve boynunuzda bir miktar a\u011fr\u0131, rahats\u0131zl\u0131k, \u015fi\u015flik, morarma, uyu\u015fma veya gerginlik hissedebilirsiniz. Cerrah\u0131n\u0131z size bu semptomlar\u0131 hafifletmek ve enfeksiyon veya iltihab\u0131 \u00f6nlemek i\u00e7in baz\u0131 ila\u00e7lar yazacakt\u0131r. Ayr\u0131ca kesilerinizin, bandajlar\u0131n\u0131z\u0131n, drenajlar\u0131n\u0131z\u0131n ve diki\u015flerinizin bak\u0131m\u0131n\u0131 nas\u0131l yapaca\u011f\u0131n\u0131za dair baz\u0131 talimatlar da verilecektir. Durumunuza ve cerrah\u0131n\u0131z\u0131n tavsiyesine g\u00f6re ameliyattan sonra ayn\u0131 g\u00fcn veya ertesi g\u00fcn evinize gidebilirsiniz.<\/li>\n\n\n\n<li>Mini y\u00fcz germe operasyonundan sonra yakla\u015f\u0131k bir ila iki hafta dinlenmeniz ve iyile\u015fmeniz gerekecektir. Y\u00fcz\u00fcn\u00fcze veya boynunuza bask\u0131 uygulayabilecek yorucu faaliyetlerden, a\u011f\u0131r kald\u0131rmaktan, e\u011filmekten veya b\u00fck\u00fclmekten ka\u00e7\u0131nmal\u0131s\u0131n\u0131z. Ayr\u0131ca g\u00fcne\u015fe maruz kalmaktan, sigara i\u00e7mekten, alkolden, makyajdan, sa\u00e7 \u00fcr\u00fcnlerinden veya cildinizi tahri\u015f edebilecek veya iyile\u015fmenizi engelleyebilecek herhangi bir \u015feyden de ka\u00e7\u0131nmal\u0131s\u0131n\u0131z. \u015ei\u015fli\u011fi ve morlu\u011fu azaltmak i\u00e7in ba\u015f\u0131n\u0131z\u0131 y\u00fcksekte tutmal\u0131 ve buz paketleri kullanmal\u0131s\u0131n\u0131z. \u0130yile\u015fmeyi ve s\u0131v\u0131 al\u0131m\u0131n\u0131 desteklemek i\u00e7in sa\u011fl\u0131kl\u0131 bir diyet izlemeli ve bol miktarda s\u0131v\u0131 i\u00e7melisiniz. Ayr\u0131ca cerrah\u0131n\u0131zla ileti\u015fim halinde olmal\u0131 ve ilerlemenizi kontrol etmek ve diki\u015flerinizi veya drenajlar\u0131n\u0131z\u0131 almak i\u00e7in takip randevular\u0131n\u0131za kat\u0131lmal\u0131s\u0131n\u0131z.<\/li>\n\n\n\n<li>Mini y\u00fcz gerdirmenizin sonu\u00e7lar\u0131n\u0131, \u015fi\u015flik ve morluklar\u0131n \u00e7o\u011funun azald\u0131\u011f\u0131 ameliyattan yakla\u015f\u0131k iki ila d\u00f6rt hafta sonra g\u00f6rmeyi bekleyebilirsiniz. Alt y\u00fcz\u00fcn\u00fcz\u00fcn ve boynunuzun daha p\u00fcr\u00fczs\u00fcz, daha s\u0131k\u0131 ve daha belirgin g\u00f6r\u00fcnd\u00fc\u011f\u00fcn\u00fc fark edeceksiniz. Ayr\u0131ca g\u00f6r\u00fcn\u00fc\u015f\u00fcn\u00fczden daha emin ve memnun hissedeceksiniz. Ancak mini y\u00fcz germe operasyonunuzun sonu\u00e7lar\u0131n\u0131n kal\u0131c\u0131 olmad\u0131\u011f\u0131n\u0131, zamanla ya\u015flanma, yer \u00e7ekimi, kilo dalgalanmalar\u0131 veya \u00e7evresel fakt\u00f6rlere ba\u011fl\u0131 olarak de\u011fi\u015febilece\u011fini unutmamal\u0131s\u0131n\u0131z. Sonu\u00e7lar\u0131n\u0131z\u0131 korumak veya geli\u015ftirmek i\u00e7in gelecekte ek prosed\u00fcrlere veya tedavilere ihtiyac\u0131n\u0131z olabilir.<\/li>\n<\/ul>\n<\/li>\n<\/ul>\n\n\n\n<p><\/p>\n\t\t\t\t\t\t\t\t<\/div>\n\t\t\t\t\t<\/div>\n\t\t<\/div>\n\t\t\t\t\t<\/div>\n\t\t<\/section>\n\t\t\t\t<section class=\"elementor-section elementor-inner-section elementor-element elementor-element-28d76e46 elementor-section-boxed elementor-section-height-default elementor-section-height-default\" data-id=\"28d76e46\" data-element_type=\"section\" data-e-type=\"section\" data-settings=\"{&quot;background_background&quot;:&quot;classic&quot;}\">\n\t\t\t\t\t\t\t<div class=\"elementor-background-overlay\"><\/div>\n\t\t\t\t\t\t\t<div class=\"elementor-container elementor-column-gap-default\">\n\t\t\t\t\t<div class=\"elementor-column elementor-col-50 elementor-inner-column elementor-element elementor-element-5fd39951\" data-id=\"5fd39951\" data-element_type=\"column\" data-e-type=\"column\">\n\t\t\t<div class=\"elementor-widget-wrap elementor-element-populated\">\n\t\t\t\t\t\t<div class=\"elementor-element elementor-element-3d8a5d83 elementor-widget elementor-widget-video\" data-id=\"3d8a5d83\" data-element_type=\"widget\" data-e-type=\"widget\" data-settings=\"{&quot;youtube_url&quot;:&quot;https:\\\/\\\/www.youtube.com\\\/watch?v=SlTL4a1lgDQ&quot;,&quot;video_type&quot;:&quot;youtube&quot;,&quot;controls&quot;:&quot;yes&quot;}\" data-widget_type=\"video.default\">\n\t\t\t\t\t\t\t<div class=\"elementor-wrapper elementor-open-inline\">\n\t\t\t<div class=\"elementor-video\"><\/div>\t\t<\/div>\n\t\t\t\t\t\t<\/div>\n\t\t\t\t\t<\/div>\n\t\t<\/div>\n\t\t\t\t<div class=\"elementor-column elementor-col-50 elementor-inner-column elementor-element elementor-element-3ca6f7b\" data-id=\"3ca6f7b\" data-element_type=\"column\" data-e-type=\"column\">\n\t\t\t<div class=\"elementor-widget-wrap elementor-element-populated\">\n\t\t\t\t\t\t<div class=\"elementor-element elementor-element-1bb8e778 elementor-widget elementor-widget-heading\" data-id=\"1bb8e778\" data-element_type=\"widget\" data-e-type=\"widget\" data-widget_type=\"heading.default\">\n\t\t\t\t\t<h2 class=\"elementor-heading-title elementor-size-default\"><span class=\"ez-toc-section\" id=\"Free_Consultation\"><\/span>\u00dccretsiz Dan\u0131\u015fmanl\u0131k<span class=\"ez-toc-section-end\"><\/span><\/h2>\t\t\t\t<\/div>\n\t\t\t\t<div class=\"elementor-element elementor-element-34020765 elementor-widget elementor-widget-text-editor\" data-id=\"34020765\" data-element_type=\"widget\" data-e-type=\"widget\" data-widget_type=\"text-editor.default\">\n\t\t\t\t\t\t\t\t\t\u015eimdi \u00fccretsiz dan\u0131\u015fmanl\u0131k al\u0131n veya ziyaret edin <a style=\"color:#61CE70;  font-weight: bold;\" href=\"https:\/\/www.instagram.com\/dr_mfo\/\" rel=\"nofollow noopener\" target=\"_blank\">Dr.MFO&#039;nun instagram\u0131<\/a> Daha ba\u015far\u0131l\u0131 plastik cerrahi sonu\u00e7lar\u0131n\u0131 g\u00f6rmek i\u00e7in\t\t\t\t\t\t\t\t<\/div>\n\t\t\t\t<div class=\"elementor-element elementor-element-1475586c elementor-widget elementor-widget-button\" data-id=\"1475586c\" data-element_type=\"widget\" data-e-type=\"widget\" data-widget_type=\"button.default\">\n\t\t\t\t\t\t\t\t\t\t<a class=\"elementor-button elementor-button-link elementor-size-sm\" href=\"https:\/\/www.dr-mfo.com\/tr\/detayli-bilgi-al\/\">\n\t\t\t\t\t\t<span class=\"elementor-button-content-wrapper\">\n\t\t\t\t\t\t\t\t\t<span class=\"elementor-button-text\">Ba\u015flamak<\/span>\n\t\t\t\t\t<\/span>\n\t\t\t\t\t<\/a>\n\t\t\t\t\t\t\t\t<\/div>\n\t\t\t\t\t<\/div>\n\t\t<\/div>\n\t\t\t\t\t<\/div>\n\t\t<\/section>\n\t\t\t\t<\/div>","protected":false},"excerpt":{"rendered":"<p>A mini facelift is a cosmetic surgery procedure that aims to rejuvenate the lower third of the face, especially the cheeks, jawline, and neck. It is a less invasive and less expensive alternative to a full facelift, which addresses the entire face and requires more extensive incisions and recovery time. A mini facelift can help [&hellip;]<\/p>\n","protected":false},"author":2,"featured_media":7311,"comment_status":"closed","ping_status":"closed","sticky":false,"template":"","format":"standard","meta":{"_acf_changed":false,"footnotes":""},"categories":[189],"tags":[],"class_list":["post-7309","post","type-post","status-publish","format-standard","has-post-thumbnail","hentry","category-facelift"],"acf":[],"_links":{"self":[{"href":"https:\/\/www.dr-mfo.com\/tr\/wp-json\/wp\/v2\/posts\/7309","targetHints":{"allow":["GET"]}}],"collection":[{"href":"https:\/\/www.dr-mfo.com\/tr\/wp-json\/wp\/v2\/posts"}],"about":[{"href":"https:\/\/www.dr-mfo.com\/tr\/wp-json\/wp\/v2\/types\/post"}],"author":[{"embeddable":true,"href":"https:\/\/www.dr-mfo.com\/tr\/wp-json\/wp\/v2\/users\/2"}],"replies":[{"embeddable":true,"href":"https:\/\/www.dr-mfo.com\/tr\/wp-json\/wp\/v2\/comments?post=7309"}],"version-history":[{"count":0,"href":"https:\/\/www.dr-mfo.com\/tr\/wp-json\/wp\/v2\/posts\/7309\/revisions"}],"wp:featuredmedia":[{"embeddable":true,"href":"https:\/\/www.dr-mfo.com\/tr\/wp-json\/wp\/v2\/media\/7311"}],"wp:attachment":[{"href":"https:\/\/www.dr-mfo.com\/tr\/wp-json\/wp\/v2\/media?parent=7309"}],"wp:term":[{"taxonomy":"category","embeddable":true,"href":"https:\/\/www.dr-mfo.com\/tr\/wp-json\/wp\/v2\/categories?post=7309"},{"taxonomy":"post_tag","embeddable":true,"href":"https:\/\/www.dr-mfo.com\/tr\/wp-json\/wp\/v2\/tags?post=7309"}],"curies":[{"name":"wp","href":"https:\/\/api.w.org\/{rel}","templated":true}]}}